{"id":56,"name":"Lola Callej\u00f3n Aci\u00e9n","url":"https:\/\/www.lolacallejonacien.es\/","description":"Es licenciada en Ciencias Biol\u00f3gicas. M\u00e1ster en Educaci\u00f3n Ambiental y Desarrollo Sostenible y Especialista Universitaria en Educaci\u00f3n Ambiental y Globalizaci\u00f3n: Educar para un Desarrollo Sostenible Global y Local. Actualmente es profesora en Granada, en centro p\u00fablico de la Junta de Andaluc\u00eda. Especialidad: Interpretaci\u00f3n y Educaci\u00f3n Ambiental. Ha publicado numerosos poemarios, as\u00ed como diversos libros y trabajos de investigaci\u00f3n medioambientales. Ha participado en diferentes encuentros y recitales po\u00e9ticos, entre los que destacamos: Quej\u00edo. Grito de mujer. C\u00f3rdoba. D\u00eda Mundial de la Poes\u00eda. Granada Ciudad de Literatura Unesco. Amanecer en la Alcazaba. Almer\u00eda. Voces del Extremo. Moguer (Huelva).","link":"https:\/\/hojassueltas.es\/?author=56","slug":"lola-callejon","avatar_urls":{"24":"https:\/\/secure.gravatar.com\/avatar\/29b0daca5c2947c607f3c7ca5cd754b19a19051043510515d75ec90a23a31f96?s=24&r=g","48":"https:\/\/secure.gravatar.com\/avatar\/29b0daca5c2947c607f3c7ca5cd754b19a19051043510515d75ec90a23a31f96?s=48&r=g","96":"https:\/\/secure.gravatar.com\/avatar\/29b0daca5c2947c607f3c7ca5cd754b19a19051043510515d75ec90a23a31f96?s=96&r=g"},"meta":[],"yoast_head":"<!-- This site is optimized with the Yoast SEO plugin v27.4 - https:\/\/yoast.com\/product\/yoast-seo-wordpress\/ -->\n<title>Lola Callej\u00f3n Aci\u00e9n, autor en HOJAS SUELTAS Peri\u00f3dico Cultural<\/title>\n<meta name=\"robots\" content=\"index, follow, max-snippet:-1, max-image-preview:large, max-video-preview:-1\" \/>\n<link rel=\"canonical\" href=\"https:\/\/hojassueltas.es\/?author=56\" \/>\n<meta property=\"og:locale\" content=\"es_ES\" \/>\n<meta property=\"og:type\" content=\"profile\" \/>\n<meta property=\"og:title\" content=\"Lola Callej\u00f3n Aci\u00e9n, autor en HOJAS SUELTAS Peri\u00f3dico Cultural\" \/>\n<meta property=\"og:url\" content=\"https:\/\/hojassueltas.es\/?author=56\" \/>\n<meta property=\"og:site_name\" content=\"HOJAS SUELTAS Peri\u00f3dico Cultural\" \/>\n<meta property=\"og:image\" content=\"https:\/\/hojassueltas.es\/wp-content\/uploads\/2023\/10\/Lola-callejon_web.jpg\" \/>\n\t<meta property=\"og:image:width\" content=\"300\" \/>\n\t<meta property=\"og:image:height\" content=\"300\" \/>\n\t<meta property=\"og:image:type\" content=\"image\/jpeg\" \/>\n<meta name=\"twitter:card\" content=\"summary_large_image\" \/>\n<meta name=\"twitter:site\" content=\"@HOJASSUELTAS22\" \/>\n<script type=\"application\/ld+json\" class=\"yoast-schema-graph\">{\"@context\":\"https:\\\/\\\/schema.org\",\"@graph\":[{\"@type\":\"ProfilePage\",\"@id\":\"https:\\\/\\\/hojassueltas.es\\\/?author=56\",\"url\":\"https:\\\/\\\/hojassueltas.es\\\/?author=56\",\"name\":\"Lola Callej\u00f3n Aci\u00e9n, autor en HOJAS SUELTAS Peri\u00f3dico Cultural\",\"isPartOf\":{\"@id\":\"https:\\\/\\\/hojassueltas.es\\\/#website\"},\"breadcrumb\":{\"@id\":\"https:\\\/\\\/hojassueltas.es\\\/?author=56#breadcrumb\"},\"inLanguage\":\"es\",\"potentialAction\":[{\"@type\":\"ReadAction\",\"target\":[\"https:\\\/\\\/hojassueltas.es\\\/?author=56\"]}]},{\"@type\":\"BreadcrumbList\",\"@id\":\"https:\\\/\\\/hojassueltas.es\\\/?author=56#breadcrumb\",\"itemListElement\":[{\"@type\":\"ListItem\",\"position\":1,\"name\":\"Portada\",\"item\":\"https:\\\/\\\/hojassueltas.es\\\/\"},{\"@type\":\"ListItem\",\"position\":2,\"name\":\"Archivo de Lola Callej\u00f3n Aci\u00e9n\"}]},{\"@type\":\"WebSite\",\"@id\":\"https:\\\/\\\/hojassueltas.es\\\/#website\",\"url\":\"https:\\\/\\\/hojassueltas.es\\\/\",\"name\":\"HojasSueltas.es\",\"description\":\"GRANADA - Peri\u00f3dico Cultural\",\"publisher\":{\"@id\":\"https:\\\/\\\/hojassueltas.es\\\/#organization\"},\"alternateName\":\"H.S. Periodico Cultural\",\"potentialAction\":[{\"@type\":\"SearchAction\",\"target\":{\"@type\":\"EntryPoint\",\"urlTemplate\":\"https:\\\/\\\/hojassueltas.es\\\/?s={search_term_string}\"},\"query-input\":{\"@type\":\"PropertyValueSpecification\",\"valueRequired\":true,\"valueName\":\"search_term_string\"}}],\"inLanguage\":\"es\"},{\"@type\":\"Organization\",\"@id\":\"https:\\\/\\\/hojassueltas.es\\\/#organization\",\"name\":\"HOJAS SUELTAS - Peri\u00f3dico Cultural\",\"alternateName\":\"HS - HOJAS SUELTAS Peri\u00f3dico Cultural\",\"url\":\"https:\\\/\\\/hojassueltas.es\\\/\",\"logo\":{\"@type\":\"ImageObject\",\"inLanguage\":\"es\",\"@id\":\"https:\\\/\\\/hojassueltas.es\\\/#\\\/schema\\\/logo\\\/image\\\/\",\"url\":\"https:\\\/\\\/hojassueltas.es\\\/wp-content\\\/uploads\\\/2025\\\/08\\\/Icono-HS_2.png\",\"contentUrl\":\"https:\\\/\\\/hojassueltas.es\\\/wp-content\\\/uploads\\\/2025\\\/08\\\/Icono-HS_2.png\",\"width\":500,\"height\":500,\"caption\":\"HOJAS SUELTAS - Peri\u00f3dico Cultural\"},\"image\":{\"@id\":\"https:\\\/\\\/hojassueltas.es\\\/#\\\/schema\\\/logo\\\/image\\\/\"},\"sameAs\":[\"https:\\\/\\\/x.com\\\/HOJASSUELTAS22\"]},{\"@type\":\"Person\",\"@id\":\"https:\\\/\\\/hojassueltas.es\\\/#\\\/schema\\\/person\\\/4be183267eaebfdeee39ba9280459766\",\"name\":\"Lola Callej\u00f3n Aci\u00e9n\",\"image\":{\"@type\":\"ImageObject\",\"inLanguage\":\"es\",\"@id\":\"https:\\\/\\\/hojassueltas.es\\\/wp-content\\\/uploads\\\/2023\\\/10\\\/Lola-callejon_web-96x96.jpg\",\"url\":\"https:\\\/\\\/hojassueltas.es\\\/wp-content\\\/uploads\\\/2023\\\/10\\\/Lola-callejon_web-96x96.jpg\",\"contentUrl\":\"https:\\\/\\\/hojassueltas.es\\\/wp-content\\\/uploads\\\/2023\\\/10\\\/Lola-callejon_web-96x96.jpg\",\"caption\":\"Lola Callej\u00f3n Aci\u00e9n\"},\"description\":\"Es licenciada en Ciencias Biol\u00f3gicas. M\u00e1ster en Educaci\u00f3n Ambiental y Desarrollo Sostenible y Especialista Universitaria en Educaci\u00f3n Ambiental y Globalizaci\u00f3n: Educar para un Desarrollo Sostenible Global y Local. Actualmente es profesora en Granada, en centro p\u00fablico de la Junta de Andaluc\u00eda. Especialidad: Interpretaci\u00f3n y Educaci\u00f3n Ambiental. Ha publicado numerosos poemarios, as\u00ed como diversos libros y trabajos de investigaci\u00f3n medioambientales. Ha participado en diferentes encuentros y recitales po\u00e9ticos, entre los que destacamos: Quej\u00edo. Grito de mujer. C\u00f3rdoba. D\u00eda Mundial de la Poes\u00eda. Granada Ciudad de Literatura Unesco. Amanecer en la Alcazaba. Almer\u00eda. Voces del Extremo. Moguer (Huelva).\",\"sameAs\":[\"https:\\\/\\\/www.lolacallejonacien.es\\\/\"],\"mainEntityOfPage\":{\"@id\":\"https:\\\/\\\/hojassueltas.es\\\/?author=56\"}}]}<\/script>\n<!-- \/ Yoast SEO plugin. -->","yoast_head_json":{"title":"Lola Callej\u00f3n Aci\u00e9n, autor en HOJAS SUELTAS Peri\u00f3dico Cultural","robots":{"index":"index","follow":"follow","max-snippet":"max-snippet:-1","max-image-preview":"max-image-preview:large","max-video-preview":"max-video-preview:-1"},"canonical":"https:\/\/hojassueltas.es\/?author=56","og_locale":"es_ES","og_type":"profile","og_title":"Lola Callej\u00f3n Aci\u00e9n, autor en HOJAS SUELTAS Peri\u00f3dico Cultural","og_url":"https:\/\/hojassueltas.es\/?author=56","og_site_name":"HOJAS SUELTAS Peri\u00f3dico Cultural","og_image":[{"width":300,"height":300,"url":"https:\/\/hojassueltas.es\/wp-content\/uploads\/2023\/10\/Lola-callejon_web.jpg","type":"image\/jpeg"}],"twitter_card":"summary_large_image","twitter_site":"@HOJASSUELTAS22","schema":{"@context":"https:\/\/schema.org","@graph":[{"@type":"ProfilePage","@id":"https:\/\/hojassueltas.es\/?author=56","url":"https:\/\/hojassueltas.es\/?author=56","name":"Lola Callej\u00f3n Aci\u00e9n, autor en HOJAS SUELTAS Peri\u00f3dico Cultural","isPartOf":{"@id":"https:\/\/hojassueltas.es\/#website"},"breadcrumb":{"@id":"https:\/\/hojassueltas.es\/?author=56#breadcrumb"},"inLanguage":"es","potentialAction":[{"@type":"ReadAction","target":["https:\/\/hojassueltas.es\/?author=56"]}]},{"@type":"BreadcrumbList","@id":"https:\/\/hojassueltas.es\/?author=56#breadcrumb","itemListElement":[{"@type":"ListItem","position":1,"name":"Portada","item":"https:\/\/hojassueltas.es\/"},{"@type":"ListItem","position":2,"name":"Archivo de Lola Callej\u00f3n Aci\u00e9n"}]},{"@type":"WebSite","@id":"https:\/\/hojassueltas.es\/#website","url":"https:\/\/hojassueltas.es\/","name":"HojasSueltas.es","description":"GRANADA - Peri\u00f3dico Cultural","publisher":{"@id":"https:\/\/hojassueltas.es\/#organization"},"alternateName":"H.S. Periodico Cultural","potentialAction":[{"@type":"SearchAction","target":{"@type":"EntryPoint","urlTemplate":"https:\/\/hojassueltas.es\/?s={search_term_string}"},"query-input":{"@type":"PropertyValueSpecification","valueRequired":true,"valueName":"search_term_string"}}],"inLanguage":"es"},{"@type":"Organization","@id":"https:\/\/hojassueltas.es\/#organization","name":"HOJAS SUELTAS - Peri\u00f3dico Cultural","alternateName":"HS - HOJAS SUELTAS Peri\u00f3dico Cultural","url":"https:\/\/hojassueltas.es\/","logo":{"@type":"ImageObject","inLanguage":"es","@id":"https:\/\/hojassueltas.es\/#\/schema\/logo\/image\/","url":"https:\/\/hojassueltas.es\/wp-content\/uploads\/2025\/08\/Icono-HS_2.png","contentUrl":"https:\/\/hojassueltas.es\/wp-content\/uploads\/2025\/08\/Icono-HS_2.png","width":500,"height":500,"caption":"HOJAS SUELTAS - Peri\u00f3dico Cultural"},"image":{"@id":"https:\/\/hojassueltas.es\/#\/schema\/logo\/image\/"},"sameAs":["https:\/\/x.com\/HOJASSUELTAS22"]},{"@type":"Person","@id":"https:\/\/hojassueltas.es\/#\/schema\/person\/4be183267eaebfdeee39ba9280459766","name":"Lola Callej\u00f3n Aci\u00e9n","image":{"@type":"ImageObject","inLanguage":"es","@id":"https:\/\/hojassueltas.es\/wp-content\/uploads\/2023\/10\/Lola-callejon_web-96x96.jpg","url":"https:\/\/hojassueltas.es\/wp-content\/uploads\/2023\/10\/Lola-callejon_web-96x96.jpg","contentUrl":"https:\/\/hojassueltas.es\/wp-content\/uploads\/2023\/10\/Lola-callejon_web-96x96.jpg","caption":"Lola Callej\u00f3n Aci\u00e9n"},"description":"Es licenciada en Ciencias Biol\u00f3gicas. M\u00e1ster en Educaci\u00f3n Ambiental y Desarrollo Sostenible y Especialista Universitaria en Educaci\u00f3n Ambiental y Globalizaci\u00f3n: Educar para un Desarrollo Sostenible Global y Local. Actualmente es profesora en Granada, en centro p\u00fablico de la Junta de Andaluc\u00eda. Especialidad: Interpretaci\u00f3n y Educaci\u00f3n Ambiental. Ha publicado numerosos poemarios, as\u00ed como diversos libros y trabajos de investigaci\u00f3n medioambientales. Ha participado en diferentes encuentros y recitales po\u00e9ticos, entre los que destacamos: Quej\u00edo. Grito de mujer. C\u00f3rdoba. D\u00eda Mundial de la Poes\u00eda. Granada Ciudad de Literatura Unesco. Amanecer en la Alcazaba. Almer\u00eda. Voces del Extremo. Moguer (Huelva).","sameAs":["https:\/\/www.lolacallejonacien.es\/"],"mainEntityOfPage":{"@id":"https:\/\/hojassueltas.es\/?author=56"}}]}},"mpp_avatar":{"24":"https:\/\/hojassueltas.es\/wp-content\/uploads\/2023\/10\/Lola-callejon_web-24x24.jpg","48":"https:\/\/hojassueltas.es\/wp-content\/uploads\/2023\/10\/Lola-callejon_web-48x48.jpg","96":"https:\/\/hojassueltas.es\/wp-content\/uploads\/2023\/10\/Lola-callejon_web-96x96.jpg","150":"https:\/\/hojassueltas.es\/wp-content\/uploads\/2023\/10\/Lola-callejon_web-150x150.jpg","300":"https:\/\/hojassueltas.es\/wp-content\/uploads\/2023\/10\/Lola-callejon_web.jpg","full":"https:\/\/hojassueltas.es\/wp-content\/uploads\/2023\/10\/Lola-callejon_web.jpg"},"_links":{"self":[{"href":"https:\/\/hojassueltas.es\/index.php?rest_route=\/wp\/v2\/users\/56","targetHints":{"allow":["GET"]}}],"collection":[{"href":"https:\/\/hojassueltas.es\/index.php?rest_route=\/wp\/v2\/users"}]}}