{"id":9839,"date":"2024-03-08T00:00:57","date_gmt":"2024-03-07T22:00:57","guid":{"rendered":"https:\/\/hojassueltas.es\/?p=9839"},"modified":"2025-10-18T11:08:10","modified_gmt":"2025-10-18T09:08:10","slug":"los-futuros-del-espanol-jose-antonio-alonso","status":"publish","type":"post","link":"https:\/\/hojassueltas.es\/?p=9839","title":{"rendered":"Los futuros del espa\u00f1ol &#8211; Jos\u00e9 Antonio Alonso"},"content":{"rendered":"<p style=\"text-align: justify;\">\u00bfQu\u00e9 futuro le espera al espa\u00f1ol como lengua internacional? Esta obra ofrece respuesta a ese interrogante desde un cuidadoso manejo de la informaci\u00f3n estad\u00edstica y con un creativo enfoque para explorar las dimensiones econ\u00f3micas que encierra una lengua. Como segundo idioma internacional por el n\u00famero de quienes lo tienen como dominio nativo y el cuarto por el total de quienes lo hablan, el espa\u00f1ol aporta no solo una poderosa se\u00f1a de identidad colectiva, sino tambi\u00e9n uno de los intangibles m\u00e1s valiosos para la comunidad de sus hablantes. Ante el imparable desarrollo de los mercados globales y las tecnolog\u00edas de la comunicaci\u00f3n, es hora de explorar los posibles futuros que le aguardan a nuestro idioma e identificar las pol\u00edticas para hacer realidad el escenario m\u00e1s promisorio. A tal empe\u00f1o se dedican los autores de este volumen, que retoman, de una manera original y brillante, la l\u00ednea de investigaci\u00f3n que pusieron en marcha, en su d\u00eda, con el proyecto \u00abValor econ\u00f3mico del espa\u00f1ol\u00bb.<\/p>\n<p style=\"text-align: justify;\">Autores: <strong>JOS\u00c9 ANTONIO ALONSO<\/strong>, catedr\u00e1tico de Econom\u00eda Aplicada en la Universidad Complutense, est\u00e1 especializado en econom\u00eda internacional y desarrollo. Con una amplia obra en revistas especializadas, ha sido miembro del Comit\u00e9 de Pol\u00edticas para el Desarrollo de Naciones Unidas. Su \u00faltimo libro es \u00abEl futuro que habita entre nosotros. Pobreza infantil y desarrollo\u00bb.<\/p>\n<p><span style=\"font-family: impact, sans-serif;\">\u00a9 Alianza Editorial. Marzo 2024<\/span><\/p>\n","protected":false},"excerpt":{"rendered":"<p>\u00bfQu\u00e9 futuro le espera al espa\u00f1ol como lengua internacional? Esta obra ofrece respuesta a ese interrogante desde un cuidadoso manejo de la informaci\u00f3n estad\u00edstica y con un creativo enfoque para explorar las dimensiones econ\u00f3micas que encierra una lengua. Como segundo idioma internacional por el n\u00famero de quienes lo tienen como dominio nativo y el cuarto [&hellip;]<\/p>\n","protected":false},"author":1,"featured_media":9888,"comment_status":"open","ping_status":"closed","sticky":false,"template":"","format":"standard","meta":{"footnotes":""},"categories":[1124],"tags":[1349],"class_list":{"0":"post-9839","1":"post","2":"type-post","3":"status-publish","4":"format-standard","5":"has-post-thumbnail","7":"category-por-que-leer","8":"tag-jose-antonio-alonso"},"yoast_head":"<!-- This site is optimized with the Yoast SEO plugin v27.4 - https:\/\/yoast.com\/product\/yoast-seo-wordpress\/ -->\n<title>Los futuros del espa\u00f1ol - Jos\u00e9 Antonio Alonso | HOJAS SUELTAS Peri\u00f3dico Cultural<\/title>\n<meta name=\"description\" content=\"Ante el imparable desarrollo de los mercados globales y las tecnolog\u00edas de la comunicaci\u00f3n, es hora de explorar los posibles futuros que le aguardan a nuestro idioma\" \/>\n<meta name=\"robots\" content=\"index, follow, max-snippet:-1, max-image-preview:large, max-video-preview:-1\" \/>\n<link rel=\"canonical\" href=\"https:\/\/hojassueltas.es\/?p=9839\" \/>\n<meta property=\"og:locale\" content=\"es_ES\" \/>\n<meta property=\"og:type\" content=\"article\" \/>\n<meta property=\"og:title\" content=\"Los futuros del espa\u00f1ol - Jos\u00e9 Antonio Alonso | HOJAS SUELTAS Peri\u00f3dico Cultural\" \/>\n<meta property=\"og:description\" content=\"Ante el imparable desarrollo de los mercados globales y las tecnolog\u00edas de la comunicaci\u00f3n, es hora de explorar los posibles futuros que le aguardan a nuestro idioma\" \/>\n<meta property=\"og:url\" content=\"https:\/\/hojassueltas.es\/?p=9839\" \/>\n<meta property=\"og:site_name\" content=\"HOJAS SUELTAS Peri\u00f3dico Cultural\" \/>\n<meta property=\"article:published_time\" content=\"2024-03-07T22:00:57+00:00\" \/>\n<meta property=\"article:modified_time\" content=\"2025-10-18T09:08:10+00:00\" \/>\n<meta property=\"og:image\" content=\"https:\/\/hojassueltas.es\/wp-content\/uploads\/2024\/03\/Los-futuros-del-espanol_3-web.png\" \/>\n\t<meta property=\"og:image:width\" content=\"540\" \/>\n\t<meta property=\"og:image:height\" content=\"810\" \/>\n\t<meta property=\"og:image:type\" content=\"image\/png\" \/>\n<meta name=\"author\" content=\"Redacci\u00f3n\" \/>\n<meta name=\"twitter:card\" content=\"summary_large_image\" \/>\n<meta name=\"twitter:creator\" content=\"@HOJASSUELTAS22\" \/>\n<meta name=\"twitter:site\" content=\"@HOJASSUELTAS22\" \/>\n<meta name=\"twitter:label1\" content=\"Escrito por\" \/>\n\t<meta name=\"twitter:data1\" content=\"Redacci\u00f3n\" \/>\n\t<meta name=\"twitter:label2\" content=\"Tiempo de lectura\" \/>\n\t<meta name=\"twitter:data2\" content=\"2 minutos\" \/>\n<script type=\"application\/ld+json\" class=\"yoast-schema-graph\">{\"@context\":\"https:\\\/\\\/schema.org\",\"@graph\":[{\"@type\":[\"Article\",\"BlogPosting\"],\"@id\":\"https:\\\/\\\/hojassueltas.es\\\/?p=9839#article\",\"isPartOf\":{\"@id\":\"https:\\\/\\\/hojassueltas.es\\\/?p=9839\"},\"author\":{\"name\":\"Redacci\u00f3n\",\"@id\":\"https:\\\/\\\/hojassueltas.es\\\/#\\\/schema\\\/person\\\/f232bbdb834c61c90aff2245daa401c0\"},\"headline\":\"Los futuros del espa\u00f1ol &#8211; Jos\u00e9 Antonio Alonso\",\"datePublished\":\"2024-03-07T22:00:57+00:00\",\"dateModified\":\"2025-10-18T09:08:10+00:00\",\"mainEntityOfPage\":{\"@id\":\"https:\\\/\\\/hojassueltas.es\\\/?p=9839\"},\"wordCount\":249,\"commentCount\":0,\"publisher\":{\"@id\":\"https:\\\/\\\/hojassueltas.es\\\/#organization\"},\"image\":{\"@id\":\"https:\\\/\\\/hojassueltas.es\\\/?p=9839#primaryimage\"},\"thumbnailUrl\":\"https:\\\/\\\/hojassueltas.es\\\/wp-content\\\/uploads\\\/2024\\\/03\\\/Los-futuros-del-espanol_3-web.png\",\"keywords\":[\"JOS\u00c9 ANTONIO ALONSO\"],\"articleSection\":[\"POR QU\u00c9 LEER...\"],\"inLanguage\":\"es\",\"potentialAction\":[{\"@type\":\"CommentAction\",\"name\":\"Comment\",\"target\":[\"https:\\\/\\\/hojassueltas.es\\\/?p=9839#respond\"]}]},{\"@type\":\"WebPage\",\"@id\":\"https:\\\/\\\/hojassueltas.es\\\/?p=9839\",\"url\":\"https:\\\/\\\/hojassueltas.es\\\/?p=9839\",\"name\":\"Los futuros del espa\u00f1ol - Jos\u00e9 Antonio Alonso | HOJAS SUELTAS Peri\u00f3dico Cultural\",\"isPartOf\":{\"@id\":\"https:\\\/\\\/hojassueltas.es\\\/#website\"},\"primaryImageOfPage\":{\"@id\":\"https:\\\/\\\/hojassueltas.es\\\/?p=9839#primaryimage\"},\"image\":{\"@id\":\"https:\\\/\\\/hojassueltas.es\\\/?p=9839#primaryimage\"},\"thumbnailUrl\":\"https:\\\/\\\/hojassueltas.es\\\/wp-content\\\/uploads\\\/2024\\\/03\\\/Los-futuros-del-espanol_3-web.png\",\"datePublished\":\"2024-03-07T22:00:57+00:00\",\"dateModified\":\"2025-10-18T09:08:10+00:00\",\"description\":\"Ante el imparable desarrollo de los mercados globales y las tecnolog\u00edas de la comunicaci\u00f3n, es hora de explorar los posibles futuros que le aguardan a nuestro idioma\",\"breadcrumb\":{\"@id\":\"https:\\\/\\\/hojassueltas.es\\\/?p=9839#breadcrumb\"},\"inLanguage\":\"es\",\"potentialAction\":[{\"@type\":\"ReadAction\",\"target\":[\"https:\\\/\\\/hojassueltas.es\\\/?p=9839\"]}]},{\"@type\":\"ImageObject\",\"inLanguage\":\"es\",\"@id\":\"https:\\\/\\\/hojassueltas.es\\\/?p=9839#primaryimage\",\"url\":\"https:\\\/\\\/hojassueltas.es\\\/wp-content\\\/uploads\\\/2024\\\/03\\\/Los-futuros-del-espanol_3-web.png\",\"contentUrl\":\"https:\\\/\\\/hojassueltas.es\\\/wp-content\\\/uploads\\\/2024\\\/03\\\/Los-futuros-del-espanol_3-web.png\",\"width\":540,\"height\":810},{\"@type\":\"BreadcrumbList\",\"@id\":\"https:\\\/\\\/hojassueltas.es\\\/?p=9839#breadcrumb\",\"itemListElement\":[{\"@type\":\"ListItem\",\"position\":1,\"name\":\"Portada\",\"item\":\"https:\\\/\\\/hojassueltas.es\\\/\"},{\"@type\":\"ListItem\",\"position\":2,\"name\":\"Los futuros del espa\u00f1ol &#8211; Jos\u00e9 Antonio Alonso\"}]},{\"@type\":\"WebSite\",\"@id\":\"https:\\\/\\\/hojassueltas.es\\\/#website\",\"url\":\"https:\\\/\\\/hojassueltas.es\\\/\",\"name\":\"HojasSueltas.es\",\"description\":\"GRANADA - Peri\u00f3dico Cultural\",\"publisher\":{\"@id\":\"https:\\\/\\\/hojassueltas.es\\\/#organization\"},\"alternateName\":\"H.S. Periodico Cultural\",\"potentialAction\":[{\"@type\":\"SearchAction\",\"target\":{\"@type\":\"EntryPoint\",\"urlTemplate\":\"https:\\\/\\\/hojassueltas.es\\\/?s={search_term_string}\"},\"query-input\":{\"@type\":\"PropertyValueSpecification\",\"valueRequired\":true,\"valueName\":\"search_term_string\"}}],\"inLanguage\":\"es\"},{\"@type\":\"Organization\",\"@id\":\"https:\\\/\\\/hojassueltas.es\\\/#organization\",\"name\":\"HOJAS SUELTAS - Peri\u00f3dico Cultural\",\"alternateName\":\"HS - HOJAS SUELTAS Peri\u00f3dico Cultural\",\"url\":\"https:\\\/\\\/hojassueltas.es\\\/\",\"logo\":{\"@type\":\"ImageObject\",\"inLanguage\":\"es\",\"@id\":\"https:\\\/\\\/hojassueltas.es\\\/#\\\/schema\\\/logo\\\/image\\\/\",\"url\":\"https:\\\/\\\/hojassueltas.es\\\/wp-content\\\/uploads\\\/2025\\\/08\\\/Icono-HS_2.png\",\"contentUrl\":\"https:\\\/\\\/hojassueltas.es\\\/wp-content\\\/uploads\\\/2025\\\/08\\\/Icono-HS_2.png\",\"width\":500,\"height\":500,\"caption\":\"HOJAS SUELTAS - Peri\u00f3dico Cultural\"},\"image\":{\"@id\":\"https:\\\/\\\/hojassueltas.es\\\/#\\\/schema\\\/logo\\\/image\\\/\"},\"sameAs\":[\"https:\\\/\\\/x.com\\\/HOJASSUELTAS22\"]},{\"@type\":\"Person\",\"@id\":\"https:\\\/\\\/hojassueltas.es\\\/#\\\/schema\\\/person\\\/f232bbdb834c61c90aff2245daa401c0\",\"name\":\"Redacci\u00f3n\",\"image\":{\"@type\":\"ImageObject\",\"inLanguage\":\"es\",\"@id\":\"https:\\\/\\\/hojassueltas.es\\\/wp-content\\\/uploads\\\/2026\\\/02\\\/Redaccion-2-96x96.png\",\"url\":\"https:\\\/\\\/hojassueltas.es\\\/wp-content\\\/uploads\\\/2026\\\/02\\\/Redaccion-2-96x96.png\",\"contentUrl\":\"https:\\\/\\\/hojassueltas.es\\\/wp-content\\\/uploads\\\/2026\\\/02\\\/Redaccion-2-96x96.png\",\"caption\":\"Redacci\u00f3n\"},\"description\":\"Redacci\u00f3n de HOJAS SUELTAS\",\"url\":\"https:\\\/\\\/hojassueltas.es\\\/?author=1\"}]}<\/script>\n<!-- \/ Yoast SEO plugin. -->","yoast_head_json":{"title":"Los futuros del espa\u00f1ol - Jos\u00e9 Antonio Alonso | HOJAS SUELTAS Peri\u00f3dico Cultural","description":"Ante el imparable desarrollo de los mercados globales y las tecnolog\u00edas de la comunicaci\u00f3n, es hora de explorar los posibles futuros que le aguardan a nuestro idioma","robots":{"index":"index","follow":"follow","max-snippet":"max-snippet:-1","max-image-preview":"max-image-preview:large","max-video-preview":"max-video-preview:-1"},"canonical":"https:\/\/hojassueltas.es\/?p=9839","og_locale":"es_ES","og_type":"article","og_title":"Los futuros del espa\u00f1ol - Jos\u00e9 Antonio Alonso | HOJAS SUELTAS Peri\u00f3dico Cultural","og_description":"Ante el imparable desarrollo de los mercados globales y las tecnolog\u00edas de la comunicaci\u00f3n, es hora de explorar los posibles futuros que le aguardan a nuestro idioma","og_url":"https:\/\/hojassueltas.es\/?p=9839","og_site_name":"HOJAS SUELTAS Peri\u00f3dico Cultural","article_published_time":"2024-03-07T22:00:57+00:00","article_modified_time":"2025-10-18T09:08:10+00:00","og_image":[{"width":540,"height":810,"url":"https:\/\/hojassueltas.es\/wp-content\/uploads\/2024\/03\/Los-futuros-del-espanol_3-web.png","type":"image\/png"}],"author":"Redacci\u00f3n","twitter_card":"summary_large_image","twitter_creator":"@HOJASSUELTAS22","twitter_site":"@HOJASSUELTAS22","twitter_misc":{"Escrito por":"Redacci\u00f3n","Tiempo de lectura":"2 minutos"},"schema":{"@context":"https:\/\/schema.org","@graph":[{"@type":["Article","BlogPosting"],"@id":"https:\/\/hojassueltas.es\/?p=9839#article","isPartOf":{"@id":"https:\/\/hojassueltas.es\/?p=9839"},"author":{"name":"Redacci\u00f3n","@id":"https:\/\/hojassueltas.es\/#\/schema\/person\/f232bbdb834c61c90aff2245daa401c0"},"headline":"Los futuros del espa\u00f1ol &#8211; Jos\u00e9 Antonio Alonso","datePublished":"2024-03-07T22:00:57+00:00","dateModified":"2025-10-18T09:08:10+00:00","mainEntityOfPage":{"@id":"https:\/\/hojassueltas.es\/?p=9839"},"wordCount":249,"commentCount":0,"publisher":{"@id":"https:\/\/hojassueltas.es\/#organization"},"image":{"@id":"https:\/\/hojassueltas.es\/?p=9839#primaryimage"},"thumbnailUrl":"https:\/\/hojassueltas.es\/wp-content\/uploads\/2024\/03\/Los-futuros-del-espanol_3-web.png","keywords":["JOS\u00c9 ANTONIO ALONSO"],"articleSection":["POR QU\u00c9 LEER..."],"inLanguage":"es","potentialAction":[{"@type":"CommentAction","name":"Comment","target":["https:\/\/hojassueltas.es\/?p=9839#respond"]}]},{"@type":"WebPage","@id":"https:\/\/hojassueltas.es\/?p=9839","url":"https:\/\/hojassueltas.es\/?p=9839","name":"Los futuros del espa\u00f1ol - Jos\u00e9 Antonio Alonso | HOJAS SUELTAS Peri\u00f3dico Cultural","isPartOf":{"@id":"https:\/\/hojassueltas.es\/#website"},"primaryImageOfPage":{"@id":"https:\/\/hojassueltas.es\/?p=9839#primaryimage"},"image":{"@id":"https:\/\/hojassueltas.es\/?p=9839#primaryimage"},"thumbnailUrl":"https:\/\/hojassueltas.es\/wp-content\/uploads\/2024\/03\/Los-futuros-del-espanol_3-web.png","datePublished":"2024-03-07T22:00:57+00:00","dateModified":"2025-10-18T09:08:10+00:00","description":"Ante el imparable desarrollo de los mercados globales y las tecnolog\u00edas de la comunicaci\u00f3n, es hora de explorar los posibles futuros que le aguardan a nuestro idioma","breadcrumb":{"@id":"https:\/\/hojassueltas.es\/?p=9839#breadcrumb"},"inLanguage":"es","potentialAction":[{"@type":"ReadAction","target":["https:\/\/hojassueltas.es\/?p=9839"]}]},{"@type":"ImageObject","inLanguage":"es","@id":"https:\/\/hojassueltas.es\/?p=9839#primaryimage","url":"https:\/\/hojassueltas.es\/wp-content\/uploads\/2024\/03\/Los-futuros-del-espanol_3-web.png","contentUrl":"https:\/\/hojassueltas.es\/wp-content\/uploads\/2024\/03\/Los-futuros-del-espanol_3-web.png","width":540,"height":810},{"@type":"BreadcrumbList","@id":"https:\/\/hojassueltas.es\/?p=9839#breadcrumb","itemListElement":[{"@type":"ListItem","position":1,"name":"Portada","item":"https:\/\/hojassueltas.es\/"},{"@type":"ListItem","position":2,"name":"Los futuros del espa\u00f1ol &#8211; Jos\u00e9 Antonio Alonso"}]},{"@type":"WebSite","@id":"https:\/\/hojassueltas.es\/#website","url":"https:\/\/hojassueltas.es\/","name":"HojasSueltas.es","description":"GRANADA - Peri\u00f3dico Cultural","publisher":{"@id":"https:\/\/hojassueltas.es\/#organization"},"alternateName":"H.S. Periodico Cultural","potentialAction":[{"@type":"SearchAction","target":{"@type":"EntryPoint","urlTemplate":"https:\/\/hojassueltas.es\/?s={search_term_string}"},"query-input":{"@type":"PropertyValueSpecification","valueRequired":true,"valueName":"search_term_string"}}],"inLanguage":"es"},{"@type":"Organization","@id":"https:\/\/hojassueltas.es\/#organization","name":"HOJAS SUELTAS - Peri\u00f3dico Cultural","alternateName":"HS - HOJAS SUELTAS Peri\u00f3dico Cultural","url":"https:\/\/hojassueltas.es\/","logo":{"@type":"ImageObject","inLanguage":"es","@id":"https:\/\/hojassueltas.es\/#\/schema\/logo\/image\/","url":"https:\/\/hojassueltas.es\/wp-content\/uploads\/2025\/08\/Icono-HS_2.png","contentUrl":"https:\/\/hojassueltas.es\/wp-content\/uploads\/2025\/08\/Icono-HS_2.png","width":500,"height":500,"caption":"HOJAS SUELTAS - Peri\u00f3dico Cultural"},"image":{"@id":"https:\/\/hojassueltas.es\/#\/schema\/logo\/image\/"},"sameAs":["https:\/\/x.com\/HOJASSUELTAS22"]},{"@type":"Person","@id":"https:\/\/hojassueltas.es\/#\/schema\/person\/f232bbdb834c61c90aff2245daa401c0","name":"Redacci\u00f3n","image":{"@type":"ImageObject","inLanguage":"es","@id":"https:\/\/hojassueltas.es\/wp-content\/uploads\/2026\/02\/Redaccion-2-96x96.png","url":"https:\/\/hojassueltas.es\/wp-content\/uploads\/2026\/02\/Redaccion-2-96x96.png","contentUrl":"https:\/\/hojassueltas.es\/wp-content\/uploads\/2026\/02\/Redaccion-2-96x96.png","caption":"Redacci\u00f3n"},"description":"Redacci\u00f3n de HOJAS SUELTAS","url":"https:\/\/hojassueltas.es\/?author=1"}]}},"_links":{"self":[{"href":"https:\/\/hojassueltas.es\/index.php?rest_route=\/wp\/v2\/posts\/9839","targetHints":{"allow":["GET"]}}],"collection":[{"href":"https:\/\/hojassueltas.es\/index.php?rest_route=\/wp\/v2\/posts"}],"about":[{"href":"https:\/\/hojassueltas.es\/index.php?rest_route=\/wp\/v2\/types\/post"}],"author":[{"embeddable":true,"href":"https:\/\/hojassueltas.es\/index.php?rest_route=\/wp\/v2\/users\/1"}],"replies":[{"embeddable":true,"href":"https:\/\/hojassueltas.es\/index.php?rest_route=%2Fwp%2Fv2%2Fcomments&post=9839"}],"version-history":[{"count":1,"href":"https:\/\/hojassueltas.es\/index.php?rest_route=\/wp\/v2\/posts\/9839\/revisions"}],"predecessor-version":[{"id":9841,"href":"https:\/\/hojassueltas.es\/index.php?rest_route=\/wp\/v2\/posts\/9839\/revisions\/9841"}],"wp:featuredmedia":[{"embeddable":true,"href":"https:\/\/hojassueltas.es\/index.php?rest_route=\/wp\/v2\/media\/9888"}],"wp:attachment":[{"href":"https:\/\/hojassueltas.es\/index.php?rest_route=%2Fwp%2Fv2%2Fmedia&parent=9839"}],"wp:term":[{"taxonomy":"category","embeddable":true,"href":"https:\/\/hojassueltas.es\/index.php?rest_route=%2Fwp%2Fv2%2Fcategories&post=9839"},{"taxonomy":"post_tag","embeddable":true,"href":"https:\/\/hojassueltas.es\/index.php?rest_route=%2Fwp%2Fv2%2Ftags&post=9839"}],"curies":[{"name":"wp","href":"https:\/\/api.w.org\/{rel}","templated":true}]}}