{"id":9779,"date":"2024-03-02T00:00:33","date_gmt":"2024-03-01T22:00:33","guid":{"rendered":"https:\/\/hojassueltas.es\/?p=9779"},"modified":"2025-07-12T13:49:55","modified_gmt":"2025-07-12T12:49:55","slug":"la-novela-negra-en-euskadi","status":"publish","type":"post","link":"https:\/\/hojassueltas.es\/?p=9779","title":{"rendered":"La novela negra en&#8230; EUSKADI"},"content":{"rendered":"<p style=\"text-align: justify;\">El noir vasco, un subg\u00e9nero de la novela negra, se ha enraizado profundamente en la rica textura hist\u00f3rica, cultural y pol\u00edtica de Euskadi. Se distingue por su fuerte identidad, lengua propia (euskera), y un paisaje social y pol\u00edtico \u00fanico que ha influido significativamente en su literatura.<\/p>\n<p style=\"text-align: justify;\">Euskadi, con su historia marcada por conflictos pol\u00edticos, luchas identitarias y un fuerte sentido de comunidad, proporciona un tel\u00f3n de fondo fascinante para la literatura. La novela negra vasca, en particular, se nutre de este contexto para explorar temas profundos que van m\u00e1s all\u00e1 de los cr\u00edmenes y misterios superficiales. La regi\u00f3n ha experimentado desde tensiones sociopol\u00edticas hasta esfuerzos significativos por preservar su lengua y cultura, elementos que se reflejan en las narrativas del g\u00e9nero.<\/p>\n<p style=\"text-align: justify;\">La singularidad de Euskadi, con sus paisajes tanto urbanos como rurales, ofrece escenarios variados para las tramas de novela negra. Estos elementos no solo enriquecen las descripciones y atm\u00f3sferas de las historias, sino que tambi\u00e9n permiten a los autores explorar conflictos entre la tradici\u00f3n y la modernidad, la autonom\u00eda regional frente a las pol\u00edticas estatales, y la b\u00fasqueda de la identidad personal y colectiva.<\/p>\n<p style=\"text-align: justify;\">La novela negra vasca se define por su capacidad para tejer estos elementos \u00fanicos de Euskadi dentro de sus narrativas, diferenci\u00e1ndose as\u00ed de otras tradiciones del noir. Mientras que el g\u00e9nero en general se centra en la intriga, el misterio y la cr\u00edtica social, el noir vasco profundiza en las peculiaridades locales, ofreciendo una visi\u00f3n introspectiva de la sociedad vasca. Si bien es un fen\u00f3meno relativamente reciente en comparaci\u00f3n con otras tradiciones literarias, ha logrado forjar una identidad propia y distintiva. Sus or\u00edgenes y evoluci\u00f3n est\u00e1n intr\u00ednsecamente ligados al contexto sociopol\u00edtico de la regi\u00f3n, as\u00ed como a la influencia de pioneros que han definido y enriquecido el g\u00e9nero.<\/p>\n<p style=\"text-align: justify;\">Los cimientos de la novela negra vasca fueron establecidos por un grupo selecto de autores que se atrevieron a explorar las complejidades de su entorno a trav\u00e9s del prisma del g\u00e9nero noir. Aunque dif\u00edcil de precisar un inicio exacto, la consolidaci\u00f3n del g\u00e9nero en Euskadi puede rastrearse a las \u00faltimas d\u00e9cadas del siglo XX, cuando escritores comenzaron a publicar obras que reflejaban las tensiones y la idiosincrasia de la regi\u00f3n.<\/p>\n<p style=\"text-align: justify;\">Entre estos pioneros, destacan figuras como: Jon Arretxe y Dolores Redondo. Por supuesto hay muchos m\u00e1s, que como autores consagrados o inici\u00e1ticos, daremos cuenta m\u00e1s adelante.<\/p>\n<p style=\"text-align: justify;\">La evoluci\u00f3n de la novela negra vasca se caracteriza por una creciente diversificaci\u00f3n en temas y estilos, reflejando los cambios en la sociedad vasca y sus preocupaciones. Desde sus inicios hasta la actualidad, el g\u00e9nero ha pasado por varias fases. Inicialmente centrada en cr\u00edmenes y misterios con fuertes lazos pol\u00edticos y sociales, la novela negra vasca ha ampliado su espectro para incluir una variedad de temas como la corrupci\u00f3n, los conflictos familiares, la memoria hist\u00f3rica, y m\u00e1s recientemente, cuestiones de g\u00e9nero y ambientales. Aunque manteniendo la tensi\u00f3n y el suspense propios del g\u00e9nero, los autores han experimentado con nuevas formas narrativas, incluyendo la mezcla de g\u00e9neros, la utilizaci\u00f3n de la historia y el folklore local, y la exploraci\u00f3n de nuevas perspectivas narrativas. La novela negra vasca ha trascendido fronteras, ganando lectores a nivel internacional y siendo traducida a m\u00faltiples idiomas. Esto no solo ha aumentado su visibilidad sino que tambi\u00e9n ha enriquecido el g\u00e9nero con nuevas influencias y di\u00e1logos interculturales.<\/p>\n<p>La novela negra vasca cuenta con una rica variedad de autores que han contribuido con sus singulares voces a la consolidaci\u00f3n y expansi\u00f3n del g\u00e9nero. A continuaci\u00f3n, se destacan algunos de estos escritores y sus obras m\u00e1s representativas, enfatizando c\u00f3mo cada uno refleja la sociedad vasca a trav\u00e9s de sus narrativas.<\/p>\n<h4><strong>Jose Javier Abasolo<\/strong><\/h4>\n<p style=\"text-align: justify;\"><strong>\u00abMientras los dem\u00e1s bailan\u00bb.<\/strong> Abasolo es reconocido por entrelazar el suspense con cr\u00edticas sociales y pol\u00edticas, ofreciendo una mirada introspectiva a la realidad vasca. Su fallecimiento en 2022 marc\u00f3 el fin de una era importante para el noir vasca.<\/p>\n<h4><strong>Ibon Martin<\/strong><\/h4>\n<p style=\"text-align: justify;\"><strong>\u00abLa danza de los tulipanes\u00bb. <\/strong>Martin se distingue por sus detalladas descripciones del paisaje vasco y su habilidad para crear atm\u00f3sferas envolventes que sirven como tel\u00f3n de fondo para sus complejos misterios.<\/p>\n<h4><strong>Mikel Santiago<\/strong><\/h4>\n<p style=\"text-align: justify;\"><strong>\u00abEl \u00faltimo akelarre\u00bb<\/strong> Conocido por sus tramas intensas y giros inesperados, Santiago explora la tensi\u00f3n entre el pasado y el presente, integrando elementos del thriller psicol\u00f3gico con el noir.<\/p>\n<h4><strong>Dolores Redondo<\/strong><\/h4>\n<p style=\"text-align: justify;\"><strong>\u00abEl guardi\u00e1n invisible\u00bb<\/strong> (Trilog\u00eda del Bazt\u00e1n). Redondo ha alcanzado fama internacional con su trilog\u00eda, combinando mitolog\u00eda vasca, elementos sobrenaturales, y crimen, lo que ha revitalizado el g\u00e9nero con una nueva dimensi\u00f3n cultural y espiritual.<\/p>\n<h4><strong>Eva Garc\u00eda S\u00e1enz de Urturi<\/strong><\/h4>\n<p style=\"text-align: justify;\"><strong>\u00abEl silencio de la ciudad blanca\u00bb.\u00a0<\/strong>S\u00e1enz de Urturi captura la esencia de la ciudad de Vitoria y sus alrededores con un misterio que se entrelaza con la historia y arqueolog\u00eda local, ofreciendo un thriller que es tambi\u00e9n una celebraci\u00f3n de la herencia vasca.<\/p>\n<h4><strong>Fernando Aramburu<\/strong><\/h4>\n<p style=\"text-align: justify;\"><strong>\u00abPatria\u00bb<\/strong> Aunque no es una novela negra en el sentido tradicional, su exploraci\u00f3n del conflicto vasco y sus repercusiones en la sociedad y familias ofrece un contexto profundo para el g\u00e9nero, proporcionando una mirada cr\u00edtica y emp\u00e1tica a las divisiones internas de Euskadi.<\/p>\n<h4><strong>Jon Arretxe\u00a0<\/strong><\/h4>\n<p style=\"text-align: justify;\"><strong>\u00ab19 c\u00e1maras\u00bb\u00a0<\/strong>Arretxe es notable por su protagonista Tour\u00e9, a trav\u00e9s del cual explora temas de inmigraci\u00f3n, marginalidad y justicia social, aportando una perspectiva \u00fanica y diversa al noir vasco.<br \/>\nAmplia informaci\u00f3n en la secci\u00f3n \u00abEsencias\u00bb <em><span style=\"color: #993300;\"><strong><a style=\"color: #993300;\" href=\"https:\/\/hojassueltas.es\/?p=9015\" target=\"_blank\" rel=\"noopener\">Jon Arretxe. Perseverancia y \u00e9xito<\/a><\/strong><\/span><\/em><\/p>\n<h4><strong>Javier Diez Carmona. <\/strong>Trilog\u00eda \u00abJusticia\u00bb<\/h4>\n<h4><strong>Peru C\u00e1mara<\/strong>. Galerna<\/h4>\n<h4><strong>Noelia Lorenzo Pino<\/strong>. Pura Sangre<\/h4>\n<h4><strong>Beatriz Artaza Lar\u00eda<\/strong>. Una puerta en el mar<\/h4>\n<h4><strong>Felix G. Modro\u00f1o. <\/strong>La ciudad de la piel de plata<\/h4>\n<h4><strong>Xabier Guti\u00e9rrez.\u00a0<\/strong>El bouquet del miedo<\/h4>\n<h4><strong>Javier Sagastiberri. <\/strong>\u00a0Muerte en el Carlton<\/h4>\n<h4><strong>Juan Infante. <\/strong>El G\u00e1ngster de Olabeaga<\/h4>\n<h4><strong>Mercedes Garc\u00eda Sieira. <\/strong>Una mil\u00e9sima de segundo<\/h4>\n<h4><strong>Ricardo Al\u00eda. <\/strong>El pe\u00f3n envenenado<\/h4>\n<h4><strong>Marta Extramiana.\u00a0<\/strong>El caso de la patulea y un viaje a Par\u00eds<\/h4>\n<h4><strong>Elena Fern\u00e1ndez<\/strong>. Cerezas amargas<\/h4>\n<h4><strong>Aritza Bergara<\/strong>. Jentiles. El mundo subterr\u00e1neao<\/h4>\n<h4><strong>Ant\u00f3n Arriola<\/strong>. El ruido de entonces<\/h4>\n<h4><strong>Amaia Manzisidor.<\/strong> Urdaibai sangriento.<\/h4>\n<p style=\"text-align: justify;\">Euskadi, con su rica tradici\u00f3n en la novela negra, es hogar de varios festivales que celebran y promueven este g\u00e9nero, atrayendo tanto a autores consagrados como a nuevos talentos, y ofreciendo una plataforma para el debate, la creatividad y el intercambio cultural. Estos eventos no solo destacan la importancia del noir vasco en el panorama literario, sino que tambi\u00e9n fomentan el inter\u00e9s y la apreciaci\u00f3n por la literatura de misterio y suspense.<\/p>\n<hr \/>\n<p style=\"text-align: justify;\">As\u00ed pues, el noir vasco se ha establecido firmemente no solo como una ventana a la idiosincrasia de Euskadi, sino tambi\u00e9n como un espejo de las preocupaciones universales que afectan a la sociedad moderna. A trav\u00e9s de sus narrativas, ha explorado temas como la identidad, el conflicto, la memoria hist\u00f3rica y la justicia social, convirti\u00e9ndose en un veh\u00edculo para la reflexi\u00f3n y el cuestionamiento cr\u00edtico.<\/p>\n<p style=\"text-align: justify;\">La diversidad y riqueza de autores y obras destacadas en este g\u00e9nero hablan de un vibrante ecosistema literario que no solo celebra la tradici\u00f3n y la historia, sino que tambi\u00e9n se atreve a mirar hacia el futuro, experimentando con nuevas formas y tem\u00e1ticas. La inclusi\u00f3n de perspectivas diversas, desde la mirada introspectiva de Dolores Redondo hasta la cr\u00edtica social de Fernando Aramburu, muestra la capacidad del noir vasco para adaptarse y responder a los cambios sociales y culturales.<\/p>\n<p style=\"text-align: justify;\">El noir vasco, m\u00e1s all\u00e1 de ser un mero entretenimiento, act\u00faa como un catalizador para el di\u00e1logo y la comprensi\u00f3n, ofreciendo una lente a trav\u00e9s de la cual podemos examinar los matices de la condici\u00f3n humana. Al situar sus tramas en un contexto tan singular como Euskadi, el g\u00e9nero no solo enriquece su propia narrativa, sino que tambi\u00e9n contribuye al panorama literario global, ofreciendo historias que son a la vez particularmente locales y resonantemente universales.<\/p>\n<p style=\"text-align: justify;\">Los festivales y eventos literarios dedicados al g\u00e9nero demuestran su creciente popularidad y la importancia de un espacio para la discusi\u00f3n, la cr\u00edtica y el reconocimiento de este tipo de literatura. Estos encuentros no solo celebran el \u00e9xito del noir vasco, sino que tambi\u00e9n aseguran su evoluci\u00f3n continua, fomentando el intercambio de ideas y la inspiraci\u00f3n entre autores y lectores.<\/p>\n<p>En conclusi\u00f3n, el noir vasco se ha consolidado como un testimonio de la capacidad del arte para cruzar fronteras, conectar culturas y provocar reflexiones profundas. A medida que el g\u00e9nero contin\u00faa desarroll\u00e1ndose y expandi\u00e9ndose, queda claro que su legado y su impacto se extender\u00e1n mucho m\u00e1s all\u00e1 de las fronteras de Euskadi.<\/p>\n<p><span style=\"font-family: impact, sans-serif;\">\u00a9 Hojas Sueltas. Redaccion. Anxo do Rego. Marzo 2024<\/span><\/p>\n","protected":false},"excerpt":{"rendered":"<p>El noir vasco, un subg\u00e9nero de la novela negra, se ha enraizado profundamente en la rica textura hist\u00f3rica, cultural y pol\u00edtica de Euskadi. Se distingue por su fuerte identidad, lengua propia (euskera), y un paisaje social y pol\u00edtico \u00fanico que ha influido significativamente en su literatura. Euskadi, con su historia marcada por conflictos pol\u00edticos, luchas [&hellip;]<\/p>\n","protected":false},"author":1,"featured_media":9785,"comment_status":"open","ping_status":"closed","sticky":false,"template":"","format":"standard","meta":{"footnotes":""},"categories":[2298],"tags":[1344,1343,230,1342,1334,1182,1341,401,737,1013,1329,1331,1336,604,1337,1340,1338,1330,1333,1332,1339,1335],"class_list":{"0":"post-9779","1":"post","2":"type-post","3":"status-publish","4":"format-standard","5":"has-post-thumbnail","7":"category-colaboradores","8":"tag-amaia-manzisidor","9":"tag-anton-arriola","10":"tag-anxo-do-rego","11":"tag-aritza-bergara","12":"tag-beatriz-artaza-laria","13":"tag-dolores-redondo","14":"tag-elena-fernandez","15":"tag-eva-garcia-saenz-de-urturi","16":"tag-felix-g-modrono","17":"tag-fernando-aramburu","18":"tag-ibon-martin","19":"tag-javier-diez-carmona","20":"tag-javier-sagastiberri","21":"tag-jon-arretxe","22":"tag-juan-infante","23":"tag-marta-extramiana","24":"tag-mercedes-garcia-sieira","25":"tag-mikel-santiago","26":"tag-noelia-lorenzo-pino","27":"tag-peru-camara","28":"tag-ricardo-alia","29":"tag-xabier-gutierrez"},"yoast_head":"<!-- This site is optimized with the Yoast SEO plugin v27.5 - https:\/\/yoast.com\/product\/yoast-seo-wordpress\/ -->\n<title>La novela negra en... EUSKADI | HOJAS SUELTAS Peri\u00f3dico Cultural<\/title>\n<meta name=\"description\" content=\"Art\u00edculo sobre la novela negra en Euskadi, resaltando su influencia en el contexto global del g\u00e9nero en Espa\u00f1a\" \/>\n<meta name=\"robots\" content=\"index, follow, max-snippet:-1, max-image-preview:large, max-video-preview:-1\" \/>\n<link rel=\"canonical\" href=\"https:\/\/hojassueltas.es\/?p=9779\" \/>\n<meta property=\"og:locale\" content=\"es_ES\" \/>\n<meta property=\"og:type\" content=\"article\" \/>\n<meta property=\"og:title\" content=\"La novela negra en... EUSKADI | HOJAS SUELTAS Peri\u00f3dico Cultural\" \/>\n<meta property=\"og:description\" content=\"Art\u00edculo sobre la novela negra en Euskadi, resaltando su influencia en el contexto global del g\u00e9nero en Espa\u00f1a\" \/>\n<meta property=\"og:url\" content=\"https:\/\/hojassueltas.es\/?p=9779\" \/>\n<meta property=\"og:site_name\" content=\"HOJAS SUELTAS Peri\u00f3dico Cultural\" \/>\n<meta property=\"article:published_time\" content=\"2024-03-01T22:00:33+00:00\" \/>\n<meta property=\"article:modified_time\" content=\"2025-07-12T12:49:55+00:00\" \/>\n<meta property=\"og:image\" content=\"https:\/\/hojassueltas.es\/wp-content\/uploads\/2024\/03\/lA-NOVELA-NEGRA-en.Euiskadi-web.png\" \/>\n\t<meta property=\"og:image:width\" content=\"1050\" \/>\n\t<meta property=\"og:image:height\" content=\"610\" \/>\n\t<meta property=\"og:image:type\" content=\"image\/png\" \/>\n<meta name=\"author\" content=\"Redacci\u00f3n\" \/>\n<meta name=\"twitter:card\" content=\"summary_large_image\" \/>\n<meta name=\"twitter:creator\" content=\"@HOJASSUELTAS22\" \/>\n<meta name=\"twitter:site\" content=\"@HOJASSUELTAS22\" \/>\n<meta name=\"twitter:label1\" content=\"Escrito por\" \/>\n\t<meta name=\"twitter:data1\" content=\"Redacci\u00f3n\" \/>\n\t<meta name=\"twitter:label2\" content=\"Tiempo de lectura\" \/>\n\t<meta name=\"twitter:data2\" content=\"7 minutos\" \/>\n<script type=\"application\/ld+json\" class=\"yoast-schema-graph\">{\"@context\":\"https:\\\/\\\/schema.org\",\"@graph\":[{\"@type\":[\"Article\",\"BlogPosting\"],\"@id\":\"https:\\\/\\\/hojassueltas.es\\\/?p=9779#article\",\"isPartOf\":{\"@id\":\"https:\\\/\\\/hojassueltas.es\\\/?p=9779\"},\"author\":{\"name\":\"Redacci\u00f3n\",\"@id\":\"https:\\\/\\\/hojassueltas.es\\\/#\\\/schema\\\/person\\\/f232bbdb834c61c90aff2245daa401c0\"},\"headline\":\"La novela negra en&#8230; EUSKADI\",\"datePublished\":\"2024-03-01T22:00:33+00:00\",\"dateModified\":\"2025-07-12T12:49:55+00:00\",\"mainEntityOfPage\":{\"@id\":\"https:\\\/\\\/hojassueltas.es\\\/?p=9779\"},\"wordCount\":1532,\"commentCount\":0,\"publisher\":{\"@id\":\"https:\\\/\\\/hojassueltas.es\\\/#organization\"},\"image\":{\"@id\":\"https:\\\/\\\/hojassueltas.es\\\/?p=9779#primaryimage\"},\"thumbnailUrl\":\"https:\\\/\\\/hojassueltas.es\\\/wp-content\\\/uploads\\\/2024\\\/03\\\/lA-NOVELA-NEGRA-en.Euiskadi-web.png\",\"keywords\":[\"Amaia Manzisidor\",\"Ant\u00f3n Arriola\",\"Anxo do Rego\",\"Aritza Bergara\",\"Beatriz Artaza Lar\u00eda\",\"Dolores Redondo\",\"Elena Fern\u00e1ndez\",\"Eva Garc\u00eda S\u00e1enz de Urturi\",\"F\u00e9lix G. Modro\u00f1o\",\"Fernando Aramburu\",\"Ibon Mart\u00edn\",\"Javier Di\u00e9z Carmona\",\"Javier Sagastiberri\",\"Jon Arretxe\",\"Juan Infante\",\"Marta Extramiana\",\"Mercedes Garc\u00eda Sieira\",\"Mikel Santiago\",\"Noelia Lorenzo Pino\",\"Peru C\u00e1mara\",\"Ricardo Al\u00eda\",\"Xabier Guti\u00e9rrez\"],\"articleSection\":[\"Colaboradores\"],\"inLanguage\":\"es\",\"potentialAction\":[{\"@type\":\"CommentAction\",\"name\":\"Comment\",\"target\":[\"https:\\\/\\\/hojassueltas.es\\\/?p=9779#respond\"]}]},{\"@type\":\"WebPage\",\"@id\":\"https:\\\/\\\/hojassueltas.es\\\/?p=9779\",\"url\":\"https:\\\/\\\/hojassueltas.es\\\/?p=9779\",\"name\":\"La novela negra en... EUSKADI | HOJAS SUELTAS Peri\u00f3dico Cultural\",\"isPartOf\":{\"@id\":\"https:\\\/\\\/hojassueltas.es\\\/#website\"},\"primaryImageOfPage\":{\"@id\":\"https:\\\/\\\/hojassueltas.es\\\/?p=9779#primaryimage\"},\"image\":{\"@id\":\"https:\\\/\\\/hojassueltas.es\\\/?p=9779#primaryimage\"},\"thumbnailUrl\":\"https:\\\/\\\/hojassueltas.es\\\/wp-content\\\/uploads\\\/2024\\\/03\\\/lA-NOVELA-NEGRA-en.Euiskadi-web.png\",\"datePublished\":\"2024-03-01T22:00:33+00:00\",\"dateModified\":\"2025-07-12T12:49:55+00:00\",\"description\":\"Art\u00edculo sobre la novela negra en Euskadi, resaltando su influencia en el contexto global del g\u00e9nero en Espa\u00f1a\",\"breadcrumb\":{\"@id\":\"https:\\\/\\\/hojassueltas.es\\\/?p=9779#breadcrumb\"},\"inLanguage\":\"es\",\"potentialAction\":[{\"@type\":\"ReadAction\",\"target\":[\"https:\\\/\\\/hojassueltas.es\\\/?p=9779\"]}]},{\"@type\":\"ImageObject\",\"inLanguage\":\"es\",\"@id\":\"https:\\\/\\\/hojassueltas.es\\\/?p=9779#primaryimage\",\"url\":\"https:\\\/\\\/hojassueltas.es\\\/wp-content\\\/uploads\\\/2024\\\/03\\\/lA-NOVELA-NEGRA-en.Euiskadi-web.png\",\"contentUrl\":\"https:\\\/\\\/hojassueltas.es\\\/wp-content\\\/uploads\\\/2024\\\/03\\\/lA-NOVELA-NEGRA-en.Euiskadi-web.png\",\"width\":1050,\"height\":610},{\"@type\":\"BreadcrumbList\",\"@id\":\"https:\\\/\\\/hojassueltas.es\\\/?p=9779#breadcrumb\",\"itemListElement\":[{\"@type\":\"ListItem\",\"position\":1,\"name\":\"Portada\",\"item\":\"https:\\\/\\\/hojassueltas.es\\\/\"},{\"@type\":\"ListItem\",\"position\":2,\"name\":\"La novela negra en&#8230; EUSKADI\"}]},{\"@type\":\"WebSite\",\"@id\":\"https:\\\/\\\/hojassueltas.es\\\/#website\",\"url\":\"https:\\\/\\\/hojassueltas.es\\\/\",\"name\":\"HojasSueltas.es\",\"description\":\"GRANADA - Peri\u00f3dico Cultural\",\"publisher\":{\"@id\":\"https:\\\/\\\/hojassueltas.es\\\/#organization\"},\"alternateName\":\"H.S. Periodico Cultural\",\"potentialAction\":[{\"@type\":\"SearchAction\",\"target\":{\"@type\":\"EntryPoint\",\"urlTemplate\":\"https:\\\/\\\/hojassueltas.es\\\/?s={search_term_string}\"},\"query-input\":{\"@type\":\"PropertyValueSpecification\",\"valueRequired\":true,\"valueName\":\"search_term_string\"}}],\"inLanguage\":\"es\"},{\"@type\":\"Organization\",\"@id\":\"https:\\\/\\\/hojassueltas.es\\\/#organization\",\"name\":\"HOJAS SUELTAS - Peri\u00f3dico Cultural\",\"alternateName\":\"HS - HOJAS SUELTAS Peri\u00f3dico Cultural\",\"url\":\"https:\\\/\\\/hojassueltas.es\\\/\",\"logo\":{\"@type\":\"ImageObject\",\"inLanguage\":\"es\",\"@id\":\"https:\\\/\\\/hojassueltas.es\\\/#\\\/schema\\\/logo\\\/image\\\/\",\"url\":\"https:\\\/\\\/hojassueltas.es\\\/wp-content\\\/uploads\\\/2025\\\/08\\\/Icono-HS_2.png\",\"contentUrl\":\"https:\\\/\\\/hojassueltas.es\\\/wp-content\\\/uploads\\\/2025\\\/08\\\/Icono-HS_2.png\",\"width\":500,\"height\":500,\"caption\":\"HOJAS SUELTAS - Peri\u00f3dico Cultural\"},\"image\":{\"@id\":\"https:\\\/\\\/hojassueltas.es\\\/#\\\/schema\\\/logo\\\/image\\\/\"},\"sameAs\":[\"https:\\\/\\\/x.com\\\/HOJASSUELTAS22\"]},{\"@type\":\"Person\",\"@id\":\"https:\\\/\\\/hojassueltas.es\\\/#\\\/schema\\\/person\\\/f232bbdb834c61c90aff2245daa401c0\",\"name\":\"Redacci\u00f3n\",\"image\":{\"@type\":\"ImageObject\",\"inLanguage\":\"es\",\"@id\":\"https:\\\/\\\/hojassueltas.es\\\/wp-content\\\/uploads\\\/2026\\\/02\\\/Redaccion-2-96x96.png\",\"url\":\"https:\\\/\\\/hojassueltas.es\\\/wp-content\\\/uploads\\\/2026\\\/02\\\/Redaccion-2-96x96.png\",\"contentUrl\":\"https:\\\/\\\/hojassueltas.es\\\/wp-content\\\/uploads\\\/2026\\\/02\\\/Redaccion-2-96x96.png\",\"caption\":\"Redacci\u00f3n\"},\"description\":\"Redacci\u00f3n de HOJAS SUELTAS\",\"url\":\"https:\\\/\\\/hojassueltas.es\\\/?author=1\"}]}<\/script>\n<!-- \/ Yoast SEO plugin. -->","yoast_head_json":{"title":"La novela negra en... EUSKADI | HOJAS SUELTAS Peri\u00f3dico Cultural","description":"Art\u00edculo sobre la novela negra en Euskadi, resaltando su influencia en el contexto global del g\u00e9nero en Espa\u00f1a","robots":{"index":"index","follow":"follow","max-snippet":"max-snippet:-1","max-image-preview":"max-image-preview:large","max-video-preview":"max-video-preview:-1"},"canonical":"https:\/\/hojassueltas.es\/?p=9779","og_locale":"es_ES","og_type":"article","og_title":"La novela negra en... EUSKADI | HOJAS SUELTAS Peri\u00f3dico Cultural","og_description":"Art\u00edculo sobre la novela negra en Euskadi, resaltando su influencia en el contexto global del g\u00e9nero en Espa\u00f1a","og_url":"https:\/\/hojassueltas.es\/?p=9779","og_site_name":"HOJAS SUELTAS Peri\u00f3dico Cultural","article_published_time":"2024-03-01T22:00:33+00:00","article_modified_time":"2025-07-12T12:49:55+00:00","og_image":[{"width":1050,"height":610,"url":"https:\/\/hojassueltas.es\/wp-content\/uploads\/2024\/03\/lA-NOVELA-NEGRA-en.Euiskadi-web.png","type":"image\/png"}],"author":"Redacci\u00f3n","twitter_card":"summary_large_image","twitter_creator":"@HOJASSUELTAS22","twitter_site":"@HOJASSUELTAS22","twitter_misc":{"Escrito por":"Redacci\u00f3n","Tiempo de lectura":"7 minutos"},"schema":{"@context":"https:\/\/schema.org","@graph":[{"@type":["Article","BlogPosting"],"@id":"https:\/\/hojassueltas.es\/?p=9779#article","isPartOf":{"@id":"https:\/\/hojassueltas.es\/?p=9779"},"author":{"name":"Redacci\u00f3n","@id":"https:\/\/hojassueltas.es\/#\/schema\/person\/f232bbdb834c61c90aff2245daa401c0"},"headline":"La novela negra en&#8230; EUSKADI","datePublished":"2024-03-01T22:00:33+00:00","dateModified":"2025-07-12T12:49:55+00:00","mainEntityOfPage":{"@id":"https:\/\/hojassueltas.es\/?p=9779"},"wordCount":1532,"commentCount":0,"publisher":{"@id":"https:\/\/hojassueltas.es\/#organization"},"image":{"@id":"https:\/\/hojassueltas.es\/?p=9779#primaryimage"},"thumbnailUrl":"https:\/\/hojassueltas.es\/wp-content\/uploads\/2024\/03\/lA-NOVELA-NEGRA-en.Euiskadi-web.png","keywords":["Amaia Manzisidor","Ant\u00f3n Arriola","Anxo do Rego","Aritza Bergara","Beatriz Artaza Lar\u00eda","Dolores Redondo","Elena Fern\u00e1ndez","Eva Garc\u00eda S\u00e1enz de Urturi","F\u00e9lix G. Modro\u00f1o","Fernando Aramburu","Ibon Mart\u00edn","Javier Di\u00e9z Carmona","Javier Sagastiberri","Jon Arretxe","Juan Infante","Marta Extramiana","Mercedes Garc\u00eda Sieira","Mikel Santiago","Noelia Lorenzo Pino","Peru C\u00e1mara","Ricardo Al\u00eda","Xabier Guti\u00e9rrez"],"articleSection":["Colaboradores"],"inLanguage":"es","potentialAction":[{"@type":"CommentAction","name":"Comment","target":["https:\/\/hojassueltas.es\/?p=9779#respond"]}]},{"@type":"WebPage","@id":"https:\/\/hojassueltas.es\/?p=9779","url":"https:\/\/hojassueltas.es\/?p=9779","name":"La novela negra en... EUSKADI | HOJAS SUELTAS Peri\u00f3dico Cultural","isPartOf":{"@id":"https:\/\/hojassueltas.es\/#website"},"primaryImageOfPage":{"@id":"https:\/\/hojassueltas.es\/?p=9779#primaryimage"},"image":{"@id":"https:\/\/hojassueltas.es\/?p=9779#primaryimage"},"thumbnailUrl":"https:\/\/hojassueltas.es\/wp-content\/uploads\/2024\/03\/lA-NOVELA-NEGRA-en.Euiskadi-web.png","datePublished":"2024-03-01T22:00:33+00:00","dateModified":"2025-07-12T12:49:55+00:00","description":"Art\u00edculo sobre la novela negra en Euskadi, resaltando su influencia en el contexto global del g\u00e9nero en Espa\u00f1a","breadcrumb":{"@id":"https:\/\/hojassueltas.es\/?p=9779#breadcrumb"},"inLanguage":"es","potentialAction":[{"@type":"ReadAction","target":["https:\/\/hojassueltas.es\/?p=9779"]}]},{"@type":"ImageObject","inLanguage":"es","@id":"https:\/\/hojassueltas.es\/?p=9779#primaryimage","url":"https:\/\/hojassueltas.es\/wp-content\/uploads\/2024\/03\/lA-NOVELA-NEGRA-en.Euiskadi-web.png","contentUrl":"https:\/\/hojassueltas.es\/wp-content\/uploads\/2024\/03\/lA-NOVELA-NEGRA-en.Euiskadi-web.png","width":1050,"height":610},{"@type":"BreadcrumbList","@id":"https:\/\/hojassueltas.es\/?p=9779#breadcrumb","itemListElement":[{"@type":"ListItem","position":1,"name":"Portada","item":"https:\/\/hojassueltas.es\/"},{"@type":"ListItem","position":2,"name":"La novela negra en&#8230; EUSKADI"}]},{"@type":"WebSite","@id":"https:\/\/hojassueltas.es\/#website","url":"https:\/\/hojassueltas.es\/","name":"HojasSueltas.es","description":"GRANADA - Peri\u00f3dico Cultural","publisher":{"@id":"https:\/\/hojassueltas.es\/#organization"},"alternateName":"H.S. Periodico Cultural","potentialAction":[{"@type":"SearchAction","target":{"@type":"EntryPoint","urlTemplate":"https:\/\/hojassueltas.es\/?s={search_term_string}"},"query-input":{"@type":"PropertyValueSpecification","valueRequired":true,"valueName":"search_term_string"}}],"inLanguage":"es"},{"@type":"Organization","@id":"https:\/\/hojassueltas.es\/#organization","name":"HOJAS SUELTAS - Peri\u00f3dico Cultural","alternateName":"HS - HOJAS SUELTAS Peri\u00f3dico Cultural","url":"https:\/\/hojassueltas.es\/","logo":{"@type":"ImageObject","inLanguage":"es","@id":"https:\/\/hojassueltas.es\/#\/schema\/logo\/image\/","url":"https:\/\/hojassueltas.es\/wp-content\/uploads\/2025\/08\/Icono-HS_2.png","contentUrl":"https:\/\/hojassueltas.es\/wp-content\/uploads\/2025\/08\/Icono-HS_2.png","width":500,"height":500,"caption":"HOJAS SUELTAS - Peri\u00f3dico Cultural"},"image":{"@id":"https:\/\/hojassueltas.es\/#\/schema\/logo\/image\/"},"sameAs":["https:\/\/x.com\/HOJASSUELTAS22"]},{"@type":"Person","@id":"https:\/\/hojassueltas.es\/#\/schema\/person\/f232bbdb834c61c90aff2245daa401c0","name":"Redacci\u00f3n","image":{"@type":"ImageObject","inLanguage":"es","@id":"https:\/\/hojassueltas.es\/wp-content\/uploads\/2026\/02\/Redaccion-2-96x96.png","url":"https:\/\/hojassueltas.es\/wp-content\/uploads\/2026\/02\/Redaccion-2-96x96.png","contentUrl":"https:\/\/hojassueltas.es\/wp-content\/uploads\/2026\/02\/Redaccion-2-96x96.png","caption":"Redacci\u00f3n"},"description":"Redacci\u00f3n de HOJAS SUELTAS","url":"https:\/\/hojassueltas.es\/?author=1"}]}},"_links":{"self":[{"href":"https:\/\/hojassueltas.es\/index.php?rest_route=\/wp\/v2\/posts\/9779","targetHints":{"allow":["GET"]}}],"collection":[{"href":"https:\/\/hojassueltas.es\/index.php?rest_route=\/wp\/v2\/posts"}],"about":[{"href":"https:\/\/hojassueltas.es\/index.php?rest_route=\/wp\/v2\/types\/post"}],"author":[{"embeddable":true,"href":"https:\/\/hojassueltas.es\/index.php?rest_route=\/wp\/v2\/users\/1"}],"replies":[{"embeddable":true,"href":"https:\/\/hojassueltas.es\/index.php?rest_route=%2Fwp%2Fv2%2Fcomments&post=9779"}],"version-history":[{"count":7,"href":"https:\/\/hojassueltas.es\/index.php?rest_route=\/wp\/v2\/posts\/9779\/revisions"}],"predecessor-version":[{"id":9989,"href":"https:\/\/hojassueltas.es\/index.php?rest_route=\/wp\/v2\/posts\/9779\/revisions\/9989"}],"wp:featuredmedia":[{"embeddable":true,"href":"https:\/\/hojassueltas.es\/index.php?rest_route=\/wp\/v2\/media\/9785"}],"wp:attachment":[{"href":"https:\/\/hojassueltas.es\/index.php?rest_route=%2Fwp%2Fv2%2Fmedia&parent=9779"}],"wp:term":[{"taxonomy":"category","embeddable":true,"href":"https:\/\/hojassueltas.es\/index.php?rest_route=%2Fwp%2Fv2%2Fcategories&post=9779"},{"taxonomy":"post_tag","embeddable":true,"href":"https:\/\/hojassueltas.es\/index.php?rest_route=%2Fwp%2Fv2%2Ftags&post=9779"}],"curies":[{"name":"wp","href":"https:\/\/api.w.org\/{rel}","templated":true}]}}