{"id":9438,"date":"2024-02-14T00:00:07","date_gmt":"2024-02-13T22:00:07","guid":{"rendered":"https:\/\/hojassueltas.es\/?p=9438"},"modified":"2025-12-05T13:36:40","modified_gmt":"2025-12-05T11:36:40","slug":"a-m-a-r","status":"publish","type":"post","link":"https:\/\/hojassueltas.es\/?p=9438","title":{"rendered":"A.M.A.R"},"content":{"rendered":"<p><strong>A<\/strong>prender<br \/>\n<strong>M<\/strong>irar<br \/>\n<strong>A<\/strong>ceptar<br \/>\n<strong>R<\/strong>espetar<\/p>\n<p>Son los 4 pilares del amor.<\/p>\n<p style=\"text-align: justify;\">Amar deber\u00eda ser el verbo m\u00e1s sencillo para poner en pr\u00e1ctica, pues es nuestra naturaleza, y sin embargo, es el m\u00e1s complicado, pues los acontecimientos de la vida nos van endureciendo el coraz\u00f3n.<\/p>\n<p style=\"text-align: justify;\">Honrar y amar todas tus partes, como acto para poder proyectar este amor como un foco de luz que ilumina todo a su alrededor.<\/p>\n<p style=\"text-align: justify;\">Aprender de la relaci\u00f3n, pues mi pareja me muestra partes de m\u00ed que a\u00fan no puedo ver, para integrarlas a trav\u00e9s de \u00e9l\/ella.<\/p>\n<p style=\"text-align: justify;\">Mirar al otro, no como me gustar\u00eda que fuera, sino como realmente es, pues la imperfecci\u00f3n tambi\u00e9n es bella.<\/p>\n<p style=\"text-align: justify;\">Aceptarme y aceptar, sin la necesidad de cambiar lo que hay, viendo al otro tal y como es.<\/p>\n<p style=\"text-align: justify;\">Respetarme para respetar, entendiendo que mis l\u00edmites son las fronteras que establezco, al igual que las que me establecen, y eso da lugar a generar un espacio seguro y sagrado.<\/p>\n<p style=\"text-align: justify;\">Hay muchas formas de amar y ser amada, pero la m\u00e1s nutritiva, es aquella en la que ambos os pod\u00e9is expresar tal y como sois. Donde puedas ser plenamente, sin m\u00e1scara, sin adornos, y puedas mostrar tu vulnerabilidad sin miedo a ser da\u00f1ada:\u00a0ah\u00ed, ah\u00ed es.<\/p>\n<p><span style=\"font-family: impact, sans-serif;\">\u00a9 Maria del Mar Garc\u00eda.Febrero 2024<\/span><\/p>\n","protected":false},"excerpt":{"rendered":"<p>Aprender Mirar Aceptar Respetar Son los 4 pilares del amor. Amar deber\u00eda ser el verbo m\u00e1s sencillo para poner en pr\u00e1ctica, pues es nuestra naturaleza, y sin embargo, es el m\u00e1s complicado, pues los acontecimientos de la vida nos van endureciendo el coraz\u00f3n. Honrar y amar todas tus partes, como acto para poder proyectar este [&hellip;]<\/p>\n","protected":false},"author":6,"featured_media":9439,"comment_status":"open","ping_status":"closed","sticky":false,"template":"","format":"standard","meta":{"footnotes":""},"categories":[2766,1185],"tags":[97],"class_list":{"0":"post-9438","1":"post","2":"type-post","3":"status-publish","4":"format-standard","5":"has-post-thumbnail","7":"category-reflexiones-colaboraciones","8":"category-san-valentin","9":"tag-m-mar-garcia"},"yoast_head":"<!-- This site is optimized with the Yoast SEO plugin v27.4 - https:\/\/yoast.com\/product\/yoast-seo-wordpress\/ -->\n<title>A.M.A.R | HOJAS SUELTAS Peri\u00f3dico Cultural<\/title>\n<meta name=\"description\" content=\"Reflexiones de M\u00aa del Mar Garcia,de su \u00c1gora Alma y Tierra conmemorando la festividad de San Valent\u00edn\" \/>\n<meta name=\"robots\" content=\"index, follow, max-snippet:-1, max-image-preview:large, max-video-preview:-1\" \/>\n<link rel=\"canonical\" href=\"https:\/\/hojassueltas.es\/?p=9438\" \/>\n<meta property=\"og:locale\" content=\"es_ES\" \/>\n<meta property=\"og:type\" content=\"article\" \/>\n<meta property=\"og:title\" content=\"A.M.A.R | HOJAS SUELTAS Peri\u00f3dico Cultural\" \/>\n<meta property=\"og:description\" content=\"Reflexiones de M\u00aa del Mar Garcia,de su \u00c1gora Alma y Tierra conmemorando la festividad de San Valent\u00edn\" \/>\n<meta property=\"og:url\" content=\"https:\/\/hojassueltas.es\/?p=9438\" \/>\n<meta property=\"og:site_name\" content=\"HOJAS SUELTAS Peri\u00f3dico Cultural\" \/>\n<meta property=\"article:published_time\" content=\"2024-02-13T22:00:07+00:00\" \/>\n<meta property=\"article:modified_time\" content=\"2025-12-05T11:36:40+00:00\" \/>\n<meta property=\"og:image\" content=\"https:\/\/hojassueltas.es\/wp-content\/uploads\/2024\/02\/Amar-web.png\" \/>\n\t<meta property=\"og:image:width\" content=\"1050\" \/>\n\t<meta property=\"og:image:height\" content=\"610\" \/>\n\t<meta property=\"og:image:type\" content=\"image\/png\" \/>\n<meta name=\"author\" content=\"Mar\u00eda del Mar Garc\u00eda\" \/>\n<meta name=\"twitter:card\" content=\"summary_large_image\" \/>\n<meta name=\"twitter:creator\" content=\"@HOJASSUELTAS22\" \/>\n<meta name=\"twitter:site\" content=\"@HOJASSUELTAS22\" \/>\n<meta name=\"twitter:label1\" content=\"Escrito por\" \/>\n\t<meta name=\"twitter:data1\" content=\"Mar\u00eda del Mar Garc\u00eda\" \/>\n\t<meta name=\"twitter:label2\" content=\"Tiempo de lectura\" \/>\n\t<meta name=\"twitter:data2\" content=\"2 minutos\" \/>\n<script type=\"application\/ld+json\" class=\"yoast-schema-graph\">{\"@context\":\"https:\\\/\\\/schema.org\",\"@graph\":[{\"@type\":[\"Article\",\"BlogPosting\"],\"@id\":\"https:\\\/\\\/hojassueltas.es\\\/?p=9438#article\",\"isPartOf\":{\"@id\":\"https:\\\/\\\/hojassueltas.es\\\/?p=9438\"},\"author\":{\"name\":\"Mar\u00eda del Mar Garc\u00eda\",\"@id\":\"https:\\\/\\\/hojassueltas.es\\\/#\\\/schema\\\/person\\\/3bebed251cd272aebc76053ab7cc7147\"},\"headline\":\"A.M.A.R\",\"datePublished\":\"2024-02-13T22:00:07+00:00\",\"dateModified\":\"2025-12-05T11:36:40+00:00\",\"mainEntityOfPage\":{\"@id\":\"https:\\\/\\\/hojassueltas.es\\\/?p=9438\"},\"wordCount\":229,\"commentCount\":0,\"publisher\":{\"@id\":\"https:\\\/\\\/hojassueltas.es\\\/#organization\"},\"image\":{\"@id\":\"https:\\\/\\\/hojassueltas.es\\\/?p=9438#primaryimage\"},\"thumbnailUrl\":\"https:\\\/\\\/hojassueltas.es\\\/wp-content\\\/uploads\\\/2024\\\/02\\\/Amar-web.png\",\"keywords\":[\"Mar\u00eda del Mar Garcia\"],\"articleSection\":[\"REFLEXIONES\",\"San Valent\u00edn 2023\"],\"inLanguage\":\"es\",\"potentialAction\":[{\"@type\":\"CommentAction\",\"name\":\"Comment\",\"target\":[\"https:\\\/\\\/hojassueltas.es\\\/?p=9438#respond\"]}]},{\"@type\":\"WebPage\",\"@id\":\"https:\\\/\\\/hojassueltas.es\\\/?p=9438\",\"url\":\"https:\\\/\\\/hojassueltas.es\\\/?p=9438\",\"name\":\"A.M.A.R | HOJAS SUELTAS Peri\u00f3dico Cultural\",\"isPartOf\":{\"@id\":\"https:\\\/\\\/hojassueltas.es\\\/#website\"},\"primaryImageOfPage\":{\"@id\":\"https:\\\/\\\/hojassueltas.es\\\/?p=9438#primaryimage\"},\"image\":{\"@id\":\"https:\\\/\\\/hojassueltas.es\\\/?p=9438#primaryimage\"},\"thumbnailUrl\":\"https:\\\/\\\/hojassueltas.es\\\/wp-content\\\/uploads\\\/2024\\\/02\\\/Amar-web.png\",\"datePublished\":\"2024-02-13T22:00:07+00:00\",\"dateModified\":\"2025-12-05T11:36:40+00:00\",\"description\":\"Reflexiones de M\u00aa del Mar Garcia,de su \u00c1gora Alma y Tierra conmemorando la festividad de San Valent\u00edn\",\"breadcrumb\":{\"@id\":\"https:\\\/\\\/hojassueltas.es\\\/?p=9438#breadcrumb\"},\"inLanguage\":\"es\",\"potentialAction\":[{\"@type\":\"ReadAction\",\"target\":[\"https:\\\/\\\/hojassueltas.es\\\/?p=9438\"]}]},{\"@type\":\"ImageObject\",\"inLanguage\":\"es\",\"@id\":\"https:\\\/\\\/hojassueltas.es\\\/?p=9438#primaryimage\",\"url\":\"https:\\\/\\\/hojassueltas.es\\\/wp-content\\\/uploads\\\/2024\\\/02\\\/Amar-web.png\",\"contentUrl\":\"https:\\\/\\\/hojassueltas.es\\\/wp-content\\\/uploads\\\/2024\\\/02\\\/Amar-web.png\",\"width\":1050,\"height\":610},{\"@type\":\"BreadcrumbList\",\"@id\":\"https:\\\/\\\/hojassueltas.es\\\/?p=9438#breadcrumb\",\"itemListElement\":[{\"@type\":\"ListItem\",\"position\":1,\"name\":\"Portada\",\"item\":\"https:\\\/\\\/hojassueltas.es\\\/\"},{\"@type\":\"ListItem\",\"position\":2,\"name\":\"A.M.A.R\"}]},{\"@type\":\"WebSite\",\"@id\":\"https:\\\/\\\/hojassueltas.es\\\/#website\",\"url\":\"https:\\\/\\\/hojassueltas.es\\\/\",\"name\":\"HojasSueltas.es\",\"description\":\"GRANADA - Peri\u00f3dico Cultural\",\"publisher\":{\"@id\":\"https:\\\/\\\/hojassueltas.es\\\/#organization\"},\"alternateName\":\"H.S. Periodico Cultural\",\"potentialAction\":[{\"@type\":\"SearchAction\",\"target\":{\"@type\":\"EntryPoint\",\"urlTemplate\":\"https:\\\/\\\/hojassueltas.es\\\/?s={search_term_string}\"},\"query-input\":{\"@type\":\"PropertyValueSpecification\",\"valueRequired\":true,\"valueName\":\"search_term_string\"}}],\"inLanguage\":\"es\"},{\"@type\":\"Organization\",\"@id\":\"https:\\\/\\\/hojassueltas.es\\\/#organization\",\"name\":\"HOJAS SUELTAS - Peri\u00f3dico Cultural\",\"alternateName\":\"HS - HOJAS SUELTAS Peri\u00f3dico Cultural\",\"url\":\"https:\\\/\\\/hojassueltas.es\\\/\",\"logo\":{\"@type\":\"ImageObject\",\"inLanguage\":\"es\",\"@id\":\"https:\\\/\\\/hojassueltas.es\\\/#\\\/schema\\\/logo\\\/image\\\/\",\"url\":\"https:\\\/\\\/hojassueltas.es\\\/wp-content\\\/uploads\\\/2025\\\/08\\\/Icono-HS_2.png\",\"contentUrl\":\"https:\\\/\\\/hojassueltas.es\\\/wp-content\\\/uploads\\\/2025\\\/08\\\/Icono-HS_2.png\",\"width\":500,\"height\":500,\"caption\":\"HOJAS SUELTAS - Peri\u00f3dico Cultural\"},\"image\":{\"@id\":\"https:\\\/\\\/hojassueltas.es\\\/#\\\/schema\\\/logo\\\/image\\\/\"},\"sameAs\":[\"https:\\\/\\\/x.com\\\/HOJASSUELTAS22\"]},{\"@type\":\"Person\",\"@id\":\"https:\\\/\\\/hojassueltas.es\\\/#\\\/schema\\\/person\\\/3bebed251cd272aebc76053ab7cc7147\",\"name\":\"Mar\u00eda del Mar Garc\u00eda\",\"image\":{\"@type\":\"ImageObject\",\"inLanguage\":\"es\",\"@id\":\"https:\\\/\\\/hojassueltas.es\\\/wp-content\\\/uploads\\\/2022\\\/12\\\/Maria-del-Mar-96x96.jpeg\",\"url\":\"https:\\\/\\\/hojassueltas.es\\\/wp-content\\\/uploads\\\/2022\\\/12\\\/Maria-del-Mar-96x96.jpeg\",\"contentUrl\":\"https:\\\/\\\/hojassueltas.es\\\/wp-content\\\/uploads\\\/2022\\\/12\\\/Maria-del-Mar-96x96.jpeg\",\"caption\":\"Mar\u00eda del Mar Garc\u00eda\"},\"description\":\"Licenciada en Filolog\u00eda Inglesa. \u00c1vida lectora y eterna estudiante, apasionada del ser humano y la espiritualidad. Actualmente es Coach, especializada en lo transpersonal, sist\u00e9mico y energ\u00e9tico. Imparte formaciones, cursos de crecimiento personal, sesiones individuales y retiros. Regenta \\\"Alma y Tierra\\\", un Centro para el desarrollo humano. Mujer, so\u00f1adora y amante de la naturaleza .\",\"url\":\"https:\\\/\\\/hojassueltas.es\\\/?author=6\"}]}<\/script>\n<!-- \/ Yoast SEO plugin. -->","yoast_head_json":{"title":"A.M.A.R | HOJAS SUELTAS Peri\u00f3dico Cultural","description":"Reflexiones de M\u00aa del Mar Garcia,de su \u00c1gora Alma y Tierra conmemorando la festividad de San Valent\u00edn","robots":{"index":"index","follow":"follow","max-snippet":"max-snippet:-1","max-image-preview":"max-image-preview:large","max-video-preview":"max-video-preview:-1"},"canonical":"https:\/\/hojassueltas.es\/?p=9438","og_locale":"es_ES","og_type":"article","og_title":"A.M.A.R | HOJAS SUELTAS Peri\u00f3dico Cultural","og_description":"Reflexiones de M\u00aa del Mar Garcia,de su \u00c1gora Alma y Tierra conmemorando la festividad de San Valent\u00edn","og_url":"https:\/\/hojassueltas.es\/?p=9438","og_site_name":"HOJAS SUELTAS Peri\u00f3dico Cultural","article_published_time":"2024-02-13T22:00:07+00:00","article_modified_time":"2025-12-05T11:36:40+00:00","og_image":[{"width":1050,"height":610,"url":"https:\/\/hojassueltas.es\/wp-content\/uploads\/2024\/02\/Amar-web.png","type":"image\/png"}],"author":"Mar\u00eda del Mar Garc\u00eda","twitter_card":"summary_large_image","twitter_creator":"@HOJASSUELTAS22","twitter_site":"@HOJASSUELTAS22","twitter_misc":{"Escrito por":"Mar\u00eda del Mar Garc\u00eda","Tiempo de lectura":"2 minutos"},"schema":{"@context":"https:\/\/schema.org","@graph":[{"@type":["Article","BlogPosting"],"@id":"https:\/\/hojassueltas.es\/?p=9438#article","isPartOf":{"@id":"https:\/\/hojassueltas.es\/?p=9438"},"author":{"name":"Mar\u00eda del Mar Garc\u00eda","@id":"https:\/\/hojassueltas.es\/#\/schema\/person\/3bebed251cd272aebc76053ab7cc7147"},"headline":"A.M.A.R","datePublished":"2024-02-13T22:00:07+00:00","dateModified":"2025-12-05T11:36:40+00:00","mainEntityOfPage":{"@id":"https:\/\/hojassueltas.es\/?p=9438"},"wordCount":229,"commentCount":0,"publisher":{"@id":"https:\/\/hojassueltas.es\/#organization"},"image":{"@id":"https:\/\/hojassueltas.es\/?p=9438#primaryimage"},"thumbnailUrl":"https:\/\/hojassueltas.es\/wp-content\/uploads\/2024\/02\/Amar-web.png","keywords":["Mar\u00eda del Mar Garcia"],"articleSection":["REFLEXIONES","San Valent\u00edn 2023"],"inLanguage":"es","potentialAction":[{"@type":"CommentAction","name":"Comment","target":["https:\/\/hojassueltas.es\/?p=9438#respond"]}]},{"@type":"WebPage","@id":"https:\/\/hojassueltas.es\/?p=9438","url":"https:\/\/hojassueltas.es\/?p=9438","name":"A.M.A.R | HOJAS SUELTAS Peri\u00f3dico Cultural","isPartOf":{"@id":"https:\/\/hojassueltas.es\/#website"},"primaryImageOfPage":{"@id":"https:\/\/hojassueltas.es\/?p=9438#primaryimage"},"image":{"@id":"https:\/\/hojassueltas.es\/?p=9438#primaryimage"},"thumbnailUrl":"https:\/\/hojassueltas.es\/wp-content\/uploads\/2024\/02\/Amar-web.png","datePublished":"2024-02-13T22:00:07+00:00","dateModified":"2025-12-05T11:36:40+00:00","description":"Reflexiones de M\u00aa del Mar Garcia,de su \u00c1gora Alma y Tierra conmemorando la festividad de San Valent\u00edn","breadcrumb":{"@id":"https:\/\/hojassueltas.es\/?p=9438#breadcrumb"},"inLanguage":"es","potentialAction":[{"@type":"ReadAction","target":["https:\/\/hojassueltas.es\/?p=9438"]}]},{"@type":"ImageObject","inLanguage":"es","@id":"https:\/\/hojassueltas.es\/?p=9438#primaryimage","url":"https:\/\/hojassueltas.es\/wp-content\/uploads\/2024\/02\/Amar-web.png","contentUrl":"https:\/\/hojassueltas.es\/wp-content\/uploads\/2024\/02\/Amar-web.png","width":1050,"height":610},{"@type":"BreadcrumbList","@id":"https:\/\/hojassueltas.es\/?p=9438#breadcrumb","itemListElement":[{"@type":"ListItem","position":1,"name":"Portada","item":"https:\/\/hojassueltas.es\/"},{"@type":"ListItem","position":2,"name":"A.M.A.R"}]},{"@type":"WebSite","@id":"https:\/\/hojassueltas.es\/#website","url":"https:\/\/hojassueltas.es\/","name":"HojasSueltas.es","description":"GRANADA - Peri\u00f3dico Cultural","publisher":{"@id":"https:\/\/hojassueltas.es\/#organization"},"alternateName":"H.S. Periodico Cultural","potentialAction":[{"@type":"SearchAction","target":{"@type":"EntryPoint","urlTemplate":"https:\/\/hojassueltas.es\/?s={search_term_string}"},"query-input":{"@type":"PropertyValueSpecification","valueRequired":true,"valueName":"search_term_string"}}],"inLanguage":"es"},{"@type":"Organization","@id":"https:\/\/hojassueltas.es\/#organization","name":"HOJAS SUELTAS - Peri\u00f3dico Cultural","alternateName":"HS - HOJAS SUELTAS Peri\u00f3dico Cultural","url":"https:\/\/hojassueltas.es\/","logo":{"@type":"ImageObject","inLanguage":"es","@id":"https:\/\/hojassueltas.es\/#\/schema\/logo\/image\/","url":"https:\/\/hojassueltas.es\/wp-content\/uploads\/2025\/08\/Icono-HS_2.png","contentUrl":"https:\/\/hojassueltas.es\/wp-content\/uploads\/2025\/08\/Icono-HS_2.png","width":500,"height":500,"caption":"HOJAS SUELTAS - Peri\u00f3dico Cultural"},"image":{"@id":"https:\/\/hojassueltas.es\/#\/schema\/logo\/image\/"},"sameAs":["https:\/\/x.com\/HOJASSUELTAS22"]},{"@type":"Person","@id":"https:\/\/hojassueltas.es\/#\/schema\/person\/3bebed251cd272aebc76053ab7cc7147","name":"Mar\u00eda del Mar Garc\u00eda","image":{"@type":"ImageObject","inLanguage":"es","@id":"https:\/\/hojassueltas.es\/wp-content\/uploads\/2022\/12\/Maria-del-Mar-96x96.jpeg","url":"https:\/\/hojassueltas.es\/wp-content\/uploads\/2022\/12\/Maria-del-Mar-96x96.jpeg","contentUrl":"https:\/\/hojassueltas.es\/wp-content\/uploads\/2022\/12\/Maria-del-Mar-96x96.jpeg","caption":"Mar\u00eda del Mar Garc\u00eda"},"description":"Licenciada en Filolog\u00eda Inglesa. \u00c1vida lectora y eterna estudiante, apasionada del ser humano y la espiritualidad. Actualmente es Coach, especializada en lo transpersonal, sist\u00e9mico y energ\u00e9tico. Imparte formaciones, cursos de crecimiento personal, sesiones individuales y retiros. Regenta \"Alma y Tierra\", un Centro para el desarrollo humano. Mujer, so\u00f1adora y amante de la naturaleza .","url":"https:\/\/hojassueltas.es\/?author=6"}]}},"_links":{"self":[{"href":"https:\/\/hojassueltas.es\/index.php?rest_route=\/wp\/v2\/posts\/9438","targetHints":{"allow":["GET"]}}],"collection":[{"href":"https:\/\/hojassueltas.es\/index.php?rest_route=\/wp\/v2\/posts"}],"about":[{"href":"https:\/\/hojassueltas.es\/index.php?rest_route=\/wp\/v2\/types\/post"}],"author":[{"embeddable":true,"href":"https:\/\/hojassueltas.es\/index.php?rest_route=\/wp\/v2\/users\/6"}],"replies":[{"embeddable":true,"href":"https:\/\/hojassueltas.es\/index.php?rest_route=%2Fwp%2Fv2%2Fcomments&post=9438"}],"version-history":[{"count":1,"href":"https:\/\/hojassueltas.es\/index.php?rest_route=\/wp\/v2\/posts\/9438\/revisions"}],"predecessor-version":[{"id":9440,"href":"https:\/\/hojassueltas.es\/index.php?rest_route=\/wp\/v2\/posts\/9438\/revisions\/9440"}],"wp:featuredmedia":[{"embeddable":true,"href":"https:\/\/hojassueltas.es\/index.php?rest_route=\/wp\/v2\/media\/9439"}],"wp:attachment":[{"href":"https:\/\/hojassueltas.es\/index.php?rest_route=%2Fwp%2Fv2%2Fmedia&parent=9438"}],"wp:term":[{"taxonomy":"category","embeddable":true,"href":"https:\/\/hojassueltas.es\/index.php?rest_route=%2Fwp%2Fv2%2Fcategories&post=9438"},{"taxonomy":"post_tag","embeddable":true,"href":"https:\/\/hojassueltas.es\/index.php?rest_route=%2Fwp%2Fv2%2Ftags&post=9438"}],"curies":[{"name":"wp","href":"https:\/\/api.w.org\/{rel}","templated":true}]}}