{"id":9413,"date":"2024-02-19T00:00:35","date_gmt":"2024-02-18T22:00:35","guid":{"rendered":"https:\/\/hojassueltas.es\/?p=9413"},"modified":"2025-03-13T09:06:59","modified_gmt":"2025-03-13T08:06:59","slug":"la-novela-negra-en-principado-de-asturias","status":"publish","type":"post","link":"https:\/\/hojassueltas.es\/?p=9413","title":{"rendered":"La novela negra en&#8230; Principado de Asturias"},"content":{"rendered":"<p style=\"text-align: justify;\">En el contexto hist\u00f3rico y cultural del Principado de Asturias, con su pasado industrial y minero y su resistencia durante la Guerra Civil Espa\u00f1ola, ofrece un rico y complejo tel\u00f3n de fondo al g\u00e9nero negro. Una regi\u00f3n cuyos paisajes sombr\u00edos y climas lluviosos proporcionan el mejor escenario para narrativas cargadas de misterio y conflictos internos. Se distingue asimismo por su capacidad para incorporar elementos locales en la narrativa, desde descripciones de sus espacios naturales y urbanos hasta la idiosincrasia de sus gentes. La complejidad de sus personajes, a menudo marcada por la historia de la regi\u00f3n, enriquece sus tramas con una apreciable profundidad emocional.<\/p>\n<p style=\"text-align: justify;\">Comparado con otras regiones, Asturias ha aportado una voz \u00fanica al g\u00e9nero negro espa\u00f1ol, que ha combinado lo cl\u00e1sico en lo que al misterio se refiere, con la condiciones sociales y pol\u00edticas propias a un contexto como el asturiano. Ignacio del Valle y su serie protagonizada por Arturo Andrade son un buen ejemplo de c\u00f3mo el g\u00e9nero negro asturiano ha enriquecido la literatura espa\u00f1ola.<\/p>\n<p style=\"text-align: justify;\">A nivel internacional, el g\u00e9nero negro asturiano empieza a abrirse paso, gracias tanto a las traducciones como a la creciente popularidad de g\u00e9nero en festivales literarios y clubes de lectura. Su capacidad para hablar de lo local a una audiencia global destaca la vigencia de su relevancia y universalidad.<\/p>\n<p>Destacar\u00e9 algunas de las plumas m\u00e1s significativas.<\/p>\n<p style=\"text-align: justify;\"><strong>Ignacio del Valle<\/strong> naci\u00f3 en Oviedo, y desde joven mostr\u00f3 un profundo inter\u00e9s por la literatura y la historia, lo que eventualmente moldear\u00eda su carrera literaria. Tras completar su formaci\u00f3n acad\u00e9mica, se dedic\u00f3 plenamente a la escritura, campo en el cual ha logrado un notable reconocimiento.<br \/>\nIgnacio del Valle se ha destacado por su habilidad para tejer narrativas complejas que a menudo exploran las sombras de la historia y la condici\u00f3n humana. Su carrera literaria abarca una diversidad de g\u00e9neros, pero es en el g\u00e9nero negro donde ha dejado una marca indeleble, gracias a su capacidad para fusionar la intriga con profundos an\u00e1lisis psicol\u00f3gicos y sociales.<br \/>\nEl g\u00e9nero negro ha sido un veh\u00edculo para que Ignacio del Valle explore temas de justicia, moralidad, y la naturaleza oscura del ser humano. A trav\u00e9s de sus obras, ha logrado no solo entretener, sino tambi\u00e9n provocar reflexi\u00f3n sobre aspectos cr\u00edticos de nuestra sociedad.<br \/>\nSus obras m\u00e1s destacadas en el g\u00e9nero negro:<\/p>\n<p style=\"text-align: justify;\"><img loading=\"lazy\" decoding=\"async\" class=\" wp-image-9415 alignleft\" src=\"https:\/\/hojassueltas.es\/wp-content\/uploads\/2024\/02\/9788420419725-188x300.jpg\" alt=\"\" width=\"120\" height=\"192\" srcset=\"https:\/\/hojassueltas.es\/wp-content\/uploads\/2024\/02\/9788420419725-188x300.jpg 188w, https:\/\/hojassueltas.es\/wp-content\/uploads\/2024\/02\/9788420419725-381x610.jpg 381w, https:\/\/hojassueltas.es\/wp-content\/uploads\/2024\/02\/9788420419725-150x240.jpg 150w, https:\/\/hojassueltas.es\/wp-content\/uploads\/2024\/02\/9788420419725-300x480.jpg 300w, https:\/\/hojassueltas.es\/wp-content\/uploads\/2024\/02\/9788420419725.jpg 552w\" sizes=\"auto, (max-width: 120px) 100vw, 120px\" \/><em>\u00abLos demonios de Berl\u00edn\u00bb<\/em>: Ambientada en la posguerra de la Segunda Guerra Mundial, esta obra sigue a Arturo Andrade, quien investiga un misterio que lo lleva a enfrentarse con los horrores del nazismo y las cicatrices que dej\u00f3 en Europa. La novela es un ejemplo perfecto de c\u00f3mo utiliza el g\u00e9nero negro para explorar la historia y la psicolog\u00eda humana.<img loading=\"lazy\" decoding=\"async\" class=\" wp-image-9416 alignright\" src=\"https:\/\/hojassueltas.es\/wp-content\/uploads\/2024\/02\/Soles-negros-188x300.jpg\" alt=\"\" width=\"135\" height=\"215\" srcset=\"https:\/\/hojassueltas.es\/wp-content\/uploads\/2024\/02\/Soles-negros-188x300.jpg 188w, https:\/\/hojassueltas.es\/wp-content\/uploads\/2024\/02\/Soles-negros-381x610.jpg 381w, https:\/\/hojassueltas.es\/wp-content\/uploads\/2024\/02\/Soles-negros-150x240.jpg 150w, https:\/\/hojassueltas.es\/wp-content\/uploads\/2024\/02\/Soles-negros-300x480.jpg 300w, https:\/\/hojassueltas.es\/wp-content\/uploads\/2024\/02\/Soles-negros.jpg 552w\" sizes=\"auto, (max-width: 135px) 100vw, 135px\" \/><\/p>\n<p style=\"text-align: justify;\"><em>\u00abSoles negros\u00bb<\/em>. Continuando con el personaje de Arturo Andrade, esta obra profundiza a\u00fan m\u00e1s en los conflictos internos y externos, explorando las tensiones de la posguerra y la Guerra Fr\u00eda. El libro ha sido alabado por su rigor hist\u00f3rico, su complejidad narrativa y su intensa atm\u00f3sfera.<\/p>\n<p style=\"text-align: justify;\"><strong>Leticia Sierra,<\/strong> nacida en Pola de Siero, Asturias, en 1972, ha forjado una notable carrera como autora y periodista espa\u00f1ola. Tras estudiar Periodismo en la Universidad Pontificia de Salamanca, Sierra comenz\u00f3 su trayectoria profesional colaborando con medios destacados como La Nueva Espa\u00f1a, La Voz de Asturias, El Comercio, y Tribuna de Salamanca, adem\u00e1s de trabajar con COPE Salamanca y Cadena SER en Madrid. Aunque actualmente reside en Nore\u00f1a, Asturias, con su marido y se ha alejado del periodismo, su transici\u00f3n a la literatura ha sido impactante, marcando su debut en el mundo literario en 2020 con la publicaci\u00f3n de \u00abAnimal\u00bb, una novela negra ambientada en una tranquila localidad asturiana\u200b\u200b\u200b\u200b.<br \/>\n<img loading=\"lazy\" decoding=\"async\" class=\" wp-image-9418 alignleft\" src=\"https:\/\/hojassueltas.es\/wp-content\/uploads\/2024\/02\/Animal.jpg\" alt=\"\" width=\"132\" height=\"200\" srcset=\"https:\/\/hojassueltas.es\/wp-content\/uploads\/2024\/02\/Animal.jpg 195w, https:\/\/hojassueltas.es\/wp-content\/uploads\/2024\/02\/Animal-150x228.jpg 150w\" sizes=\"auto, (max-width: 132px) 100vw, 132px\" \/>Sus incursiones en el g\u00e9nero negro a trav\u00e9s de obras como \u00abAnimal\u00bb y \u00abMaldad\u00bb, destac\u00e1ndose por su capacidad para tejer tramas complejas que exploran las profundidades del alma humana. \u00a0En <em>\u00abAnimal\u00bb<\/em>, su primera novela, Sierra nos lleva a una regi\u00f3n rural de Asturias donde el hallazgo de un cad\u00e1ver sacude a la comunidad local. La novela se adentra en los secretos oscuros de una comunidad aparentemente tranquila, mostrando la habilidad de Sierra para crear <img loading=\"lazy\" decoding=\"async\" class=\" wp-image-9419 alignright\" src=\"https:\/\/hojassueltas.es\/wp-content\/uploads\/2024\/02\/Maldad-198x300.jpg\" alt=\"\" width=\"147\" height=\"223\" srcset=\"https:\/\/hojassueltas.es\/wp-content\/uploads\/2024\/02\/Maldad-198x300.jpg 198w, https:\/\/hojassueltas.es\/wp-content\/uploads\/2024\/02\/Maldad-150x228.jpg 150w, https:\/\/hojassueltas.es\/wp-content\/uploads\/2024\/02\/Maldad.jpg 280w\" sizes=\"auto, (max-width: 147px) 100vw, 147px\" \/>suspense y mantener a los lectores al filo del asiento.<br \/>\n<em>\u00abMaldad\u00bb<\/em>, su obra sucesora, sigue la misma l\u00ednea de exploraci\u00f3n de temas oscuros y complejos, donde Sierra profundiza en los abismos de la naturaleza humana. A trav\u00e9s de estas narrativas, la autora aborda temas como el acoso, la venganza, y las consecuencias de los actos humanos, siempre manteniendo un tono cr\u00edtico y reflexivo que invita a la introspecci\u00f3n.<br \/>\nLa recepci\u00f3n cr\u00edtica de sus obras destaca la habilidad de Sierra para combinar elementos de thriller policiaco con una profunda exploraci\u00f3n psicol\u00f3gica y social, elementos caracter\u00edsticos del g\u00e9nero negro.<br \/>\nLeticia Sierra, con su trasfondo en periodismo y su h\u00e1bil narrativa, ha logrado captar la esencia del g\u00e9nero negro, ofreciendo a los lectores historias que son tanto intrigantes como reveladoras de las complejidades humanas. Su contribuci\u00f3n al g\u00e9nero negro es notable, marcando su presencia con historias que reflejan la realidad social a trav\u00e9s del prisma de la ficci\u00f3n literaria.<\/p>\n<p><strong>Ana Lena Rivera<\/strong><\/p>\n<p style=\"text-align: justify;\">Nacida en Oviedo en 1972. Tras licenciarse en Derecho y Administraci\u00f3n de Empresas por ICADE en Madrid, Rivera dedic\u00f3 cerca de dos d\u00e9cadas a una exitosa carrera en recursos humanos antes de virar hacia su verdadera pasi\u00f3n: la escritura. Su incursi\u00f3n en la literatura no solo marc\u00f3 un cambio de rumbo profesional, sino que tambi\u00e9n la estableci\u00f3 como una voz prominente en la narrativa contempor\u00e1nea espa\u00f1ola\u200b\u200b.<br \/>\nDebut\u00f3 en el \u00e1mbito literario con \u00ab<em>Lo que callan los muertos<\/em>\u00ab, una obra que recibi\u00f3 el Premio Torrente Ballester de Novela y qued\u00f3 finalista del Premio Fernando Lara 2017. Esta novela introdujo a los lectores a Gracia San Sebasti\u00e1n, investigadora y protagonista recurrente en la serie de Rivera. La autora continu\u00f3 explorando misterios complejos en t\u00edtulos como \u00ab<em>Un asesino en tu sombra<\/em>\u00ab, \u00ab<em>Los muertos no saben nadar\u00bb,<\/em> y <em>\u00abLas herederas de la Singer<\/em>\u00ab, expandiendo su universo narrativo y consolidando su reputaci\u00f3n como una escritora capaz de tejer intrincadas tramas con profundidad emocional y social\u200b\u200b.<\/p>\n<table style=\"border-collapse: collapse; width: 100%;\">\n<tbody>\n<tr>\n<td style=\"width: 25%;\"><img loading=\"lazy\" decoding=\"async\" class=\"size-full wp-image-9421 aligncenter\" src=\"https:\/\/hojassueltas.es\/wp-content\/uploads\/2024\/02\/Loque-callanlos-muertos.jpg\" alt=\"\" width=\"195\" height=\"260\" srcset=\"https:\/\/hojassueltas.es\/wp-content\/uploads\/2024\/02\/Loque-callanlos-muertos.jpg 195w, https:\/\/hojassueltas.es\/wp-content\/uploads\/2024\/02\/Loque-callanlos-muertos-150x200.jpg 150w\" sizes=\"auto, (max-width: 195px) 100vw, 195px\" \/><\/td>\n<td style=\"width: 25%;\"><img loading=\"lazy\" decoding=\"async\" class=\"wp-image-9422 aligncenter\" src=\"https:\/\/hojassueltas.es\/wp-content\/uploads\/2024\/02\/Un-asesino.jpg\" alt=\"\" width=\"141\" height=\"213\" srcset=\"https:\/\/hojassueltas.es\/wp-content\/uploads\/2024\/02\/Un-asesino.jpg 195w, https:\/\/hojassueltas.es\/wp-content\/uploads\/2024\/02\/Un-asesino-150x227.jpg 150w\" sizes=\"auto, (max-width: 141px) 100vw, 141px\" \/><\/td>\n<td style=\"width: 25%;\"><img loading=\"lazy\" decoding=\"async\" class=\"wp-image-9423 aligncenter\" src=\"https:\/\/hojassueltas.es\/wp-content\/uploads\/2024\/02\/Los-muertos-no-saben-nadar.jpg\" alt=\"\" width=\"140\" height=\"212\" srcset=\"https:\/\/hojassueltas.es\/wp-content\/uploads\/2024\/02\/Los-muertos-no-saben-nadar.jpg 195w, https:\/\/hojassueltas.es\/wp-content\/uploads\/2024\/02\/Los-muertos-no-saben-nadar-150x227.jpg 150w\" sizes=\"auto, (max-width: 140px) 100vw, 140px\" \/><\/td>\n<td style=\"width: 25%;\"><img loading=\"lazy\" decoding=\"async\" class=\" wp-image-9424 aligncenter\" src=\"https:\/\/hojassueltas.es\/wp-content\/uploads\/2024\/02\/Lasherederas-de-198x300.jpg\" alt=\"\" width=\"137\" height=\"207\" srcset=\"https:\/\/hojassueltas.es\/wp-content\/uploads\/2024\/02\/Lasherederas-de-198x300.jpg 198w, https:\/\/hojassueltas.es\/wp-content\/uploads\/2024\/02\/Lasherederas-de-150x228.jpg 150w, https:\/\/hojassueltas.es\/wp-content\/uploads\/2024\/02\/Lasherederas-de.jpg 293w\" sizes=\"auto, (max-width: 137px) 100vw, 137px\" \/><\/td>\n<\/tr>\n<\/tbody>\n<\/table>\n<p style=\"text-align: justify;\">Las novelas de Rivera se caracterizan por su habilidad para entrelazar misterios polic\u00edacos con exploraciones profundas de temas sociales y humanos. \u00abLas herederas de la Singer\u00bb, por ejemplo, no solo es un relato de misterio sino tambi\u00e9n una reflexi\u00f3n sobre el papel de la mujer en la sociedad, utilizando el simbolismo de una m\u00e1quina de coser que pasa de generaci\u00f3n en generaci\u00f3n dentro de una familia. Este enfoque tem\u00e1tico resalta su capacidad para abordar asuntos de relevancia social a trav\u00e9s de la lente del g\u00e9nero negro, convirti\u00e9ndola en una autora que trasciende los l\u00edmites de la simple narrativa de suspense para tocar fibras m\u00e1s profundas relacionadas con la condici\u00f3n humana y la justicia\u200b\u200b.<\/p>\n<p><strong>Pilar S\u00e1nchez Vicente<\/strong><\/p>\n<p style=\"text-align: justify;\">Nacida el 11 de noviembre de 1961 en Gij\u00f3n, es una reconocida historiadora, documentalista y escritora con una extensa trayectoria profesional. Licenciada en Geograf\u00eda e Historia, ha desempe\u00f1ado roles como guionista y presentadora en TVE Asturias y el canal internacional de TVE, adem\u00e1s de ejercer como archivera del Tribunal Superior de Justicia del Principado de Asturias\u200b\u200b\u200b\u200b. Adem\u00e1s de su labor en televisi\u00f3n, ha sido presidenta de la Asociaci\u00f3n Asturiana de Archiveros, Documentalistas y Muse\u00f3logos, de la Asociaci\u00f3n Profesional de Especialistas en Informaci\u00f3n y de la Asociaci\u00f3n Asturiana de Escritores. Ha publicado su primera novela, \u00abComadres\u00bb, en 2001, seguida de otras obras que abarcan tanto el g\u00e9nero hist\u00f3rico como el negro, destacando por su enfoque en la figura de la mujer a lo largo de la historia\u200b\u200b.<br \/>\nSus novelas del g\u00e9nero negro m\u00e1s destacadas: \u00a0\u00ab<em>Operaci\u00f3n Dr\u00e1cula<\/em>\u00bb en 2010, una obra que marca un cambio en su narrativa al centrarse en las mafias rumanas y el mundo de la prostituci\u00f3n. Esta novela fue seguida por \u00ab<em>La muerte es m\u00eda<\/em>\u00bb en 2020, una obra que se desarrolla en un tanatorio y que la autora escribi\u00f3 como terapia tras ser testigo en el Caso Marea. En 2021, public\u00f3 \u00ab<em>Sangre en la Cuenca<\/em>\u00ab, la segunda novela negra protagonizada por la inspectora Sara Oca\u00f1a, que comienza con la muerte por sobredosis del Fiscal Antidroga de Asturias\u200b\u200b.<br \/>\nSus obras del g\u00e9nero negro son apreciadas por su capacidad para tejer tramas complejas como la corrupci\u00f3n, el crimen organizado y la lucha por la justicia. A trav\u00e9s de sus personajes, especialmente las figuras femeninas fuertes y complejas, S\u00e1nchez Vicente explora las diversas facetas de la sociedad, destacando por su compromiso con temas de actualidad y su habilidad para dar voz a las historias ocultas de las mujeres.<br \/>\nA lo largo de su carrera, Pilar S\u00e1nchez Vicente ha recibido varios premios, como el Premio Adolfo Posada a las Iniciativas Innovadoras en la Administraci\u00f3n, el Premio \u201c8 de Marzo\u201d por la promoci\u00f3n de las mujeres y su trayectoria personal, profesional y humana, y el Premio Tim\u00f3n a escritores asturianos en castellano en reconocimiento a toda su obra\u200b\u200b.<\/p>\n<table style=\"border-collapse: collapse; width: 100%;\">\n<tbody>\n<tr>\n<td style=\"width: 33.3333%;\"><img loading=\"lazy\" decoding=\"async\" class=\"aligncenter wp-image-9428\" src=\"https:\/\/hojassueltas.es\/wp-content\/uploads\/2024\/02\/Operacion-dracula-201x300.jpg\" alt=\"\" width=\"180\" height=\"268\" srcset=\"https:\/\/hojassueltas.es\/wp-content\/uploads\/2024\/02\/Operacion-dracula-201x300.jpg 201w, https:\/\/hojassueltas.es\/wp-content\/uploads\/2024\/02\/Operacion-dracula-409x610.jpg 409w, https:\/\/hojassueltas.es\/wp-content\/uploads\/2024\/02\/Operacion-dracula-150x224.jpg 150w, https:\/\/hojassueltas.es\/wp-content\/uploads\/2024\/02\/Operacion-dracula-300x448.jpg 300w, https:\/\/hojassueltas.es\/wp-content\/uploads\/2024\/02\/Operacion-dracula.jpg 552w\" sizes=\"auto, (max-width: 180px) 100vw, 180px\" \/><\/td>\n<td style=\"width: 33.3333%;\"><img loading=\"lazy\" decoding=\"async\" class=\"wp-image-9429 aligncenter\" src=\"https:\/\/hojassueltas.es\/wp-content\/uploads\/2024\/02\/La-muerte-es-mia-196x300.jpg\" alt=\"\" width=\"177\" height=\"271\" srcset=\"https:\/\/hojassueltas.es\/wp-content\/uploads\/2024\/02\/La-muerte-es-mia-196x300.jpg 196w, https:\/\/hojassueltas.es\/wp-content\/uploads\/2024\/02\/La-muerte-es-mia-399x610.jpg 399w, https:\/\/hojassueltas.es\/wp-content\/uploads\/2024\/02\/La-muerte-es-mia-150x229.jpg 150w, https:\/\/hojassueltas.es\/wp-content\/uploads\/2024\/02\/La-muerte-es-mia-300x458.jpg 300w, https:\/\/hojassueltas.es\/wp-content\/uploads\/2024\/02\/La-muerte-es-mia.jpg 552w\" sizes=\"auto, (max-width: 177px) 100vw, 177px\" \/><\/td>\n<td style=\"width: 33.3333%;\"><img loading=\"lazy\" decoding=\"async\" class=\"wp-image-9430 aligncenter\" src=\"https:\/\/hojassueltas.es\/wp-content\/uploads\/2024\/02\/Sangre-en-lacuenca-200x300.jpg\" alt=\"\" width=\"176\" height=\"263\" srcset=\"https:\/\/hojassueltas.es\/wp-content\/uploads\/2024\/02\/Sangre-en-lacuenca-200x300.jpg 200w, https:\/\/hojassueltas.es\/wp-content\/uploads\/2024\/02\/Sangre-en-lacuenca-407x610.jpg 407w, https:\/\/hojassueltas.es\/wp-content\/uploads\/2024\/02\/Sangre-en-lacuenca-150x225.jpg 150w, https:\/\/hojassueltas.es\/wp-content\/uploads\/2024\/02\/Sangre-en-lacuenca-300x450.jpg 300w, https:\/\/hojassueltas.es\/wp-content\/uploads\/2024\/02\/Sangre-en-lacuenca.jpg 552w\" sizes=\"auto, (max-width: 176px) 100vw, 176px\" \/><\/td>\n<\/tr>\n<\/tbody>\n<\/table>\n<p>&nbsp;<\/p>\n<p style=\"text-align: justify;\"><strong>Carlota Su\u00e1rez Garc\u00eda<\/strong>, nacida el 20 de septiembre de 1977 en Gij\u00f3n, Asturias, autora destacada autora de novela negra. Originalmente higienista dental de profesi\u00f3n, ha logrado una notable transici\u00f3n hacia el mundo literario, donde se ha establecido firmemente con su contribuci\u00f3n al g\u00e9nero negro. Adem\u00e1s de su labor como escritora, colabora en el programa de radio \u00abLa buena tarde\u00bb de RPA y ha participado en diversas antolog\u00edas junto a otros autores\u200b\u200b.<\/p>\n<p style=\"text-align: justify;\"><em><img loading=\"lazy\" decoding=\"async\" class=\" wp-image-9506 alignleft\" src=\"https:\/\/hojassueltas.es\/wp-content\/uploads\/2024\/02\/Tinta-200x300.jpg\" alt=\"\" width=\"165\" height=\"248\" srcset=\"https:\/\/hojassueltas.es\/wp-content\/uploads\/2024\/02\/Tinta-200x300.jpg 200w, https:\/\/hojassueltas.es\/wp-content\/uploads\/2024\/02\/Tinta-150x225.jpg 150w, https:\/\/hojassueltas.es\/wp-content\/uploads\/2024\/02\/Tinta.jpg 283w\" sizes=\"auto, (max-width: 165px) 100vw, 165px\" \/>Tinta, una muerte inexplicable<\/em> (2017)\u00a0Esta obra marca su debut en el g\u00e9nero negro, ambientada en su ciudad natal, Gij\u00f3n. La trama gira en torno a una m\u00e9dica de urgencias con una frustrada vocaci\u00f3n por la escritura. Esta novela recibi\u00f3 una excelente acogida por parte del p\u00fablico, convirti\u00e9ndose en uno de los libros m\u00e1s vendidos en Asturias tras su publicaci\u00f3n. La protagonista se ve envuelta en una muerte misteriosa, tejiendo una historia que mezcla la intriga y el suspense con toques autobiogr\u00e1ficos\u200b\u200b\u200b\u200b.<\/p>\n<p style=\"text-align: right;\"><img loading=\"lazy\" decoding=\"async\" class=\" wp-image-9507 alignright\" src=\"https:\/\/hojassueltas.es\/wp-content\/uploads\/2024\/02\/La-tumbadel-rey-200x300.jpg\" alt=\"\" width=\"123\" height=\"185\" srcset=\"https:\/\/hojassueltas.es\/wp-content\/uploads\/2024\/02\/La-tumbadel-rey-200x300.jpg 200w, https:\/\/hojassueltas.es\/wp-content\/uploads\/2024\/02\/La-tumbadel-rey-407x610.jpg 407w, https:\/\/hojassueltas.es\/wp-content\/uploads\/2024\/02\/La-tumbadel-rey-150x225.jpg 150w, https:\/\/hojassueltas.es\/wp-content\/uploads\/2024\/02\/La-tumbadel-rey-300x450.jpg 300w, https:\/\/hojassueltas.es\/wp-content\/uploads\/2024\/02\/La-tumbadel-rey.jpg 552w\" sizes=\"auto, (max-width: 123px) 100vw, 123px\" \/>La tumba del rey (2019)<\/p>\n<p style=\"text-align: justify;\">Su segunda novela, La tumba del rey, se ambienta en la isla de Gran Canaria y rescata a dos personajes de su obra anterior, consolidando a Su\u00e1rez Garc\u00eda dentro del g\u00e9nero negro. Esta obra ha captado la atenci\u00f3n de medios y lectores, alcanzando varias ediciones en menos de un a\u00f1o. El libro ofrece una trama envolvente donde el pasado y el presente se entrelazan en un misterio que debe ser resuelto\u200b\u200b\u200b\u200b.<\/p>\n<p><img loading=\"lazy\" decoding=\"async\" class=\" wp-image-9508 alignleft\" src=\"https:\/\/hojassueltas.es\/wp-content\/uploads\/2024\/02\/Muerte-en-el-meridiano-205x300.jpg\" alt=\"\" width=\"143\" height=\"209\" srcset=\"https:\/\/hojassueltas.es\/wp-content\/uploads\/2024\/02\/Muerte-en-el-meridiano-205x300.jpg 205w, https:\/\/hojassueltas.es\/wp-content\/uploads\/2024\/02\/Muerte-en-el-meridiano-150x219.jpg 150w, https:\/\/hojassueltas.es\/wp-content\/uploads\/2024\/02\/Muerte-en-el-meridiano.jpg 229w\" sizes=\"auto, (max-width: 143px) 100vw, 143px\" \/><em>Muerte en el meridiano<\/em> (2024)<\/p>\n<p style=\"text-align: justify;\">Publicada con HarperCollins Ib\u00e9rica, esta novela representa su obra m\u00e1s reciente, continuando su exploraci\u00f3n del g\u00e9nero negro. Aunque los detalles espec\u00edficos de la trama no est\u00e1n disponibles, la publicaci\u00f3n de esta obra refuerza su trayectoria como una voz significativa en la literatura de misterio y suspense en Espa\u00f1a\u200b\u200b.<\/p>\n<p style=\"text-align: justify;\">Carlota Su\u00e1rez Garc\u00eda se destaca por su capacidad para crear historias que capturan la esencia del g\u00e9nero negro, utilizando su conocimiento y experiencias personales para enriquecer sus narrativas. Su obra demuestra una mezcla \u00fanica de intriga, profundidad emocional y un fuerte sentido de lugar, elementos que sin duda han contribuido a su \u00e9xito y reconocimiento en el panorama literario espa\u00f1ol.<\/p>\n<p style=\"text-align: justify;\"><strong>Ignacio (Nacho) Guirado<\/strong>, nacido en Oviedo en 1973, es un escritor asturiano que combina su profesi\u00f3n como fisioterapeuta y oste\u00f3pata con su pasi\u00f3n por la literatura, enfoc\u00e1ndose especialmente en la novela negra. Su trayectoria literaria se ha destacado por recibir reconocimientos significativos, como ser finalista del premio de novela Crist\u00f3bal Zaragoza con <em>El beso que no di<\/em>, y ganar el premio Asturias de novela con <em>La lista de los catorce<\/em>, una obra que explora las vivencias de su abuelo durante la Guerra Civil Espa\u00f1ola\u200b\u200b.<\/p>\n<p>Sus obras destacadas del g\u00e9nero negro<\/p>\n<p style=\"text-align: justify;\"><em>La lista de los catorce<\/em> (2009, 2010)\u00a0Esta novela, que le vali\u00f3 el premio Asturias de novela, sumerge al lector en una narrativa que desentra\u00f1a las experiencias del abuelo del autor durante la Guerra Civil, combinando elementos hist\u00f3ricos con el suspense caracter\u00edstico del g\u00e9nero negro\u200b\u200b\u200b\u200b.<\/p>\n<p style=\"text-align: justify;\">No siempre ganan los buenos (2008, 2021) Galardonada con el Premio de Narrativa de la Diputaci\u00f3n de Guadalajara en 2005, esta obra se reedit\u00f3 en 2021, lo que refleja su relevancia y aceptaci\u00f3n dentro del g\u00e9nero. La narrativa construye una trama intensa y cautivadora, fiel al estilo de Guirado\u200b\u200b.<\/p>\n<p style=\"text-align: justify;\">Mu\u00e9rete en mis ojos (2007, 2021)\u00a0Reconocida con el Talento Fnac en 2007, esta novela fue reeditada en 2021, demostrando la perdurable atracci\u00f3n y el inter\u00e9s que suscita entre los lectores. La obra es un claro ejemplo del manejo excepcional del suspense y la intriga por parte del autor\u200b\u200b.<\/p>\n<table style=\"border-collapse: collapse; width: 100%;\">\n<tbody>\n<tr>\n<td style=\"width: 33.3333%;\"><img loading=\"lazy\" decoding=\"async\" class=\" wp-image-9510 aligncenter\" src=\"https:\/\/hojassueltas.es\/wp-content\/uploads\/2024\/02\/La-lista-de-los-catorce-200x300.jpg\" alt=\"\" width=\"170\" height=\"255\" srcset=\"https:\/\/hojassueltas.es\/wp-content\/uploads\/2024\/02\/La-lista-de-los-catorce-200x300.jpg 200w, https:\/\/hojassueltas.es\/wp-content\/uploads\/2024\/02\/La-lista-de-los-catorce-150x225.jpg 150w, https:\/\/hojassueltas.es\/wp-content\/uploads\/2024\/02\/La-lista-de-los-catorce.jpg 229w\" sizes=\"auto, (max-width: 170px) 100vw, 170px\" \/><\/td>\n<td style=\"width: 33.3333%;\"><img loading=\"lazy\" decoding=\"async\" class=\" wp-image-9511 aligncenter\" src=\"https:\/\/hojassueltas.es\/wp-content\/uploads\/2024\/02\/No-siempre-ganan-los-buenos-197x300.jpg\" alt=\"\" width=\"174\" height=\"265\" srcset=\"https:\/\/hojassueltas.es\/wp-content\/uploads\/2024\/02\/No-siempre-ganan-los-buenos-197x300.jpg 197w, https:\/\/hojassueltas.es\/wp-content\/uploads\/2024\/02\/No-siempre-ganan-los-buenos-400x610.jpg 400w, https:\/\/hojassueltas.es\/wp-content\/uploads\/2024\/02\/No-siempre-ganan-los-buenos-150x229.jpg 150w, https:\/\/hojassueltas.es\/wp-content\/uploads\/2024\/02\/No-siempre-ganan-los-buenos-300x458.jpg 300w, https:\/\/hojassueltas.es\/wp-content\/uploads\/2024\/02\/No-siempre-ganan-los-buenos.jpg 552w\" sizes=\"auto, (max-width: 174px) 100vw, 174px\" \/><\/td>\n<td style=\"width: 33.3333%;\"><img loading=\"lazy\" decoding=\"async\" class=\" wp-image-9512 aligncenter\" src=\"https:\/\/hojassueltas.es\/wp-content\/uploads\/2024\/02\/Muerte-en-mis-ojos-197x300.jpg\" alt=\"\" width=\"172\" height=\"262\" srcset=\"https:\/\/hojassueltas.es\/wp-content\/uploads\/2024\/02\/Muerte-en-mis-ojos-197x300.jpg 197w, https:\/\/hojassueltas.es\/wp-content\/uploads\/2024\/02\/Muerte-en-mis-ojos-400x610.jpg 400w, https:\/\/hojassueltas.es\/wp-content\/uploads\/2024\/02\/Muerte-en-mis-ojos-150x229.jpg 150w, https:\/\/hojassueltas.es\/wp-content\/uploads\/2024\/02\/Muerte-en-mis-ojos-300x458.jpg 300w, https:\/\/hojassueltas.es\/wp-content\/uploads\/2024\/02\/Muerte-en-mis-ojos.jpg 552w\" sizes=\"auto, (max-width: 172px) 100vw, 172px\" \/><\/td>\n<\/tr>\n<\/tbody>\n<\/table>\n<p style=\"text-align: justify;\">Nacho Guirado se destaca por su habilidad para entrelazar la historia y la ficci\u00f3n, creando narrativas ricas en detalles y emociones. Su obra no solo refleja un profundo conocimiento del g\u00e9nero negro sino que tambi\u00e9n ofrece una ventana a los conflictos y dramas humanos, enmarcados en contextos hist\u00f3ricos de gran trascendencia.<\/p>\n<p style=\"text-align: justify;\"><strong>\u00c1lex Cuesta<\/strong>, naci\u00f3 en Oviedo en 1985 y posee una formaci\u00f3n acad\u00e9mica en Periodismo y Comunicaci\u00f3n, completando su educaci\u00f3n con un m\u00e1ster en Periodismo Multimedia Interactivo en ingl\u00e9s en Eurosport. Ha trabajado en diversos medios y como redactor freelance, cubriendo eventos como la Eurocopa de 2008 y los Juegos Ol\u00edmpicos de Pek\u00edn. Aunque ha estado involucrado en la producci\u00f3n de contenido multimedia y escritura, \u00c1lex se identifica como escritor y periodista, con un enfoque en el crecimiento personal y la salud mental. En su sitio web, comparte reflexiones sobre su proceso de escritura y sus proyectos, incluyendo libros como \u00abCrimen en Moniello\u00bb y \u00abAsesinatos en Luanco\u00bb\u200b\u200b\u200b\u200b\u200b\u200b.<\/p>\n<table style=\"border-collapse: collapse; width: 100%;\">\n<tbody>\n<tr>\n<td style=\"width: 25%;\"><\/td>\n<td style=\"width: 25%;\"><img loading=\"lazy\" decoding=\"async\" class=\" wp-image-9513 aligncenter\" src=\"https:\/\/hojassueltas.es\/wp-content\/uploads\/2024\/02\/Crimen-en-Moniello-214x300.jpg\" alt=\"\" width=\"188\" height=\"263\" srcset=\"https:\/\/hojassueltas.es\/wp-content\/uploads\/2024\/02\/Crimen-en-Moniello-214x300.jpg 214w, https:\/\/hojassueltas.es\/wp-content\/uploads\/2024\/02\/Crimen-en-Moniello-150x210.jpg 150w, https:\/\/hojassueltas.es\/wp-content\/uploads\/2024\/02\/Crimen-en-Moniello.jpg 229w\" sizes=\"auto, (max-width: 188px) 100vw, 188px\" \/><\/td>\n<td style=\"width: 25%;\"><img loading=\"lazy\" decoding=\"async\" class=\"alignnone wp-image-9514\" style=\"text-align: center;\" src=\"https:\/\/hojassueltas.es\/wp-content\/uploads\/2024\/02\/Asesinatos-enLuanco-215x300.jpg\" alt=\"\" width=\"186\" height=\"260\" srcset=\"https:\/\/hojassueltas.es\/wp-content\/uploads\/2024\/02\/Asesinatos-enLuanco-215x300.jpg 215w, https:\/\/hojassueltas.es\/wp-content\/uploads\/2024\/02\/Asesinatos-enLuanco-150x210.jpg 150w, https:\/\/hojassueltas.es\/wp-content\/uploads\/2024\/02\/Asesinatos-enLuanco-300x419.jpg 300w, https:\/\/hojassueltas.es\/wp-content\/uploads\/2024\/02\/Asesinatos-enLuanco.jpg 304w\" sizes=\"auto, (max-width: 186px) 100vw, 186px\" \/><\/td>\n<td style=\"width: 25%;\"><\/td>\n<\/tr>\n<\/tbody>\n<\/table>\n<p>&nbsp;<\/p>\n<p style=\"text-align: justify;\">El g\u00e9nero negro asturiano tiende a sumergirse m\u00e1s en la historia y en los contrastes entre lo rural y lo urbano. Este art\u00edculo\u00a0 revela c\u00f3mo el entorno y la historia regional influyen en las tem\u00e1ticas y el desarrollo de personajes dentro del g\u00e9nero negro. Destaca la Semana Negra de Gijon que representa un evento cultural de primer orden en el panorama literario espa\u00f1ol y tiene un impacto significativo en la promoci\u00f3n y reconocimiento del g\u00e9nero negro, tanto a nivel nacional como internacional. Este festival, considerado el decano de los festivales literarios dedicados al g\u00e9nero negro en Espa\u00f1a, ofrece una plataforma \u00fanica para autores, lectores y profesionales del sector.<\/p>\n<p style=\"text-align: justify;\">La Semana Negra de Gij\u00f3n fue inaugurada en 1988, concebida no solo como una feria del libro especializada en literatura polic\u00edaca, sino tambi\u00e9n como un encuentro cultural que abarcara debates, m\u00fasica, cine y otras formas de arte. Su objetivo: promover la literatura de g\u00e9nero, especialmente el negro-criminal, ofreciendo un espacio de di\u00e1logo y encuentro entre autores, lectores y cr\u00edticos.\u00a0El festival ha contribuido enormemente a la difusi\u00f3n del g\u00e9nero negro en Espa\u00f1a, facilitando un espacio donde este tipo de literatura ocupa el centro del escenario. Ha servido de trampol\u00edn para muchos autores y ha contribuido a la consolidaci\u00f3n del g\u00e9nero negro y policiaco como un segmento literario respetado y popular.<br \/>\nLa Semana Negra ha sido cuna de lanzamientos importantes y ha servido para consagrar a autores dentro del panorama literario. La interacci\u00f3n directa entre autores y lectores, adem\u00e1s de la oportunidad de presentar obras a un p\u00fablico entusiasta, ha impulsado carreras y ha favorecido la publicaci\u00f3n de numerosas obras que, posiblemente, no habr\u00edan tenido el mismo impacto sin este escenario.<br \/>\nCon el paso de los a\u00f1os, La Semana Negra ha logrado atraer a autores, editores y lectores de todo el mundo, convirti\u00e9ndose en un evento de relevancia internacional. Esto no solo ha enriquecido el festival con perspectivas globales sino que tambi\u00e9n ha expuesto la literatura espa\u00f1ola y asturiana a un p\u00fablico m\u00e1s amplio.<br \/>\nAfrontar los retos de la digitalizaci\u00f3n, la renovaci\u00f3n generacional de lectores y la competencia de otros formatos de entretenimiento son algunos de los desaf\u00edos que enfrenta La Semana Negra. Sin embargo, su capacidad de adaptaci\u00f3n y la lealtad de su p\u00fablico sugieren un futuro prometedor.<\/p>\n<p style=\"text-align: justify;\">Como conclusi\u00f3n dir\u00eda que la singularidad del g\u00e9nero negro asturiano reside en su habilidad para conjugar lo local con lo universal, lo \u00edntimo con lo social, ofreciendo una mirada cr\u00edtica y profunda que enriquece el panorama literario de Espa\u00f1a y lo abre a nuevas dimensiones de entendimiento y apreciaci\u00f3n a nivel mundial. En definitiva, el g\u00e9nero negro asturiano no es solo un segmento literario; es una ventana abierta a las m\u00faltiples capas de la sociedad espa\u00f1ola, un espejo que refleja sus luces y sus sombras, y un puente que conecta a Asturias con el mundo.<\/p>\n<p><span style=\"font-family: impact, sans-serif;\">\u00a9 Anxo do Rego. Redacci\u00f3n. Febrero 2024. Todos los derechos reservados.<\/span><\/p>\n","protected":false},"excerpt":{"rendered":"<p>En el contexto hist\u00f3rico y cultural del Principado de Asturias, con su pasado industrial y minero y su resistencia durante la Guerra Civil Espa\u00f1ola, ofrece un rico y complejo tel\u00f3n de fondo al g\u00e9nero negro. Una regi\u00f3n cuyos paisajes sombr\u00edos y climas lluviosos proporcionan el mejor escenario para narrativas cargadas de misterio y conflictos internos. [&hellip;]<\/p>\n","protected":false},"author":62,"featured_media":9515,"comment_status":"open","ping_status":"closed","sticky":false,"template":"","format":"standard","meta":{"footnotes":""},"categories":[2298],"tags":[1290,608,1289,1276,1277,607,1278,411],"class_list":{"0":"post-9413","1":"post","2":"type-post","3":"status-publish","4":"format-standard","5":"has-post-thumbnail","7":"category-colaboradores","8":"tag-alex-cuesta","9":"tag-ana-lena-rivera","10":"tag-carlota-suarez-garcia","11":"tag-ignacio-del-valle","12":"tag-leticia-sierra","13":"tag-nacho-guirado","14":"tag-pilar-sanchez-vicente","15":"tag-semana-negra-de-gijon"},"yoast_head":"<!-- This site is optimized with the Yoast SEO plugin v27.5 - https:\/\/yoast.com\/product\/yoast-seo-wordpress\/ -->\n<title>La novela negra en... Principado de Asturias | HOJAS SUELTAS Peri\u00f3dico Cultural<\/title>\n<meta name=\"robots\" content=\"index, follow, max-snippet:-1, max-image-preview:large, max-video-preview:-1\" \/>\n<link rel=\"canonical\" href=\"https:\/\/hojassueltas.es\/?p=9413\" \/>\n<meta property=\"og:locale\" content=\"es_ES\" \/>\n<meta property=\"og:type\" content=\"article\" \/>\n<meta property=\"og:title\" content=\"La novela negra en... Principado de Asturias | HOJAS SUELTAS Peri\u00f3dico Cultural\" \/>\n<meta property=\"og:description\" content=\"En el contexto hist\u00f3rico y cultural del Principado de Asturias, con su pasado industrial y minero y su resistencia durante la Guerra Civil Espa\u00f1ola, ofrece un rico y complejo tel\u00f3n de fondo al g\u00e9nero negro. Una regi\u00f3n cuyos paisajes sombr\u00edos y climas lluviosos proporcionan el mejor escenario para narrativas cargadas de misterio y conflictos internos. [&hellip;]\" \/>\n<meta property=\"og:url\" content=\"https:\/\/hojassueltas.es\/?p=9413\" \/>\n<meta property=\"og:site_name\" content=\"HOJAS SUELTAS Peri\u00f3dico Cultural\" \/>\n<meta property=\"article:published_time\" content=\"2024-02-18T22:00:35+00:00\" \/>\n<meta property=\"article:modified_time\" content=\"2025-03-13T08:06:59+00:00\" \/>\n<meta property=\"og:image\" content=\"https:\/\/hojassueltas.es\/wp-content\/uploads\/2024\/02\/lA-NOVELA-NEGRA-en.Asturias-web.png\" \/>\n\t<meta property=\"og:image:width\" content=\"1050\" \/>\n\t<meta property=\"og:image:height\" content=\"610\" \/>\n\t<meta property=\"og:image:type\" content=\"image\/png\" \/>\n<meta name=\"author\" content=\"Valent\u00edn Castro\" \/>\n<meta name=\"twitter:card\" content=\"summary_large_image\" \/>\n<meta name=\"twitter:creator\" content=\"@HOJASSUELTAS22\" \/>\n<meta name=\"twitter:site\" content=\"@HOJASSUELTAS22\" \/>\n<meta name=\"twitter:label1\" content=\"Escrito por\" \/>\n\t<meta name=\"twitter:data1\" content=\"Valent\u00edn Castro\" \/>\n\t<meta name=\"twitter:label2\" content=\"Tiempo de lectura\" \/>\n\t<meta name=\"twitter:data2\" content=\"17 minutos\" \/>\n<script type=\"application\/ld+json\" class=\"yoast-schema-graph\">{\"@context\":\"https:\\\/\\\/schema.org\",\"@graph\":[{\"@type\":[\"Article\",\"BlogPosting\"],\"@id\":\"https:\\\/\\\/hojassueltas.es\\\/?p=9413#article\",\"isPartOf\":{\"@id\":\"https:\\\/\\\/hojassueltas.es\\\/?p=9413\"},\"author\":{\"name\":\"Valent\u00edn Castro\",\"@id\":\"https:\\\/\\\/hojassueltas.es\\\/#\\\/schema\\\/person\\\/69b100dc9b45a00e61d055b63d4278e9\"},\"headline\":\"La novela negra en&#8230; Principado de Asturias\",\"datePublished\":\"2024-02-18T22:00:35+00:00\",\"dateModified\":\"2025-03-13T08:06:59+00:00\",\"mainEntityOfPage\":{\"@id\":\"https:\\\/\\\/hojassueltas.es\\\/?p=9413\"},\"wordCount\":2881,\"commentCount\":1,\"publisher\":{\"@id\":\"https:\\\/\\\/hojassueltas.es\\\/#organization\"},\"image\":{\"@id\":\"https:\\\/\\\/hojassueltas.es\\\/?p=9413#primaryimage\"},\"thumbnailUrl\":\"https:\\\/\\\/hojassueltas.es\\\/wp-content\\\/uploads\\\/2024\\\/02\\\/lA-NOVELA-NEGRA-en.Asturias-web.png\",\"keywords\":[\"Alex Cuesta\",\"Ana Lena Rivera\",\"Carlota Su\u00e1rez Garc\u00eda\",\"Ignacio del Valle\",\"Leticia Sierra\",\"Nacho Guirado\",\"Pilar S\u00e1nchez Vicente\",\"Semana Negra de Gij\u00f3n\"],\"articleSection\":[\"Colaboradores\"],\"inLanguage\":\"es\",\"potentialAction\":[{\"@type\":\"CommentAction\",\"name\":\"Comment\",\"target\":[\"https:\\\/\\\/hojassueltas.es\\\/?p=9413#respond\"]}]},{\"@type\":\"WebPage\",\"@id\":\"https:\\\/\\\/hojassueltas.es\\\/?p=9413\",\"url\":\"https:\\\/\\\/hojassueltas.es\\\/?p=9413\",\"name\":\"La novela negra en... Principado de Asturias | HOJAS SUELTAS Peri\u00f3dico Cultural\",\"isPartOf\":{\"@id\":\"https:\\\/\\\/hojassueltas.es\\\/#website\"},\"primaryImageOfPage\":{\"@id\":\"https:\\\/\\\/hojassueltas.es\\\/?p=9413#primaryimage\"},\"image\":{\"@id\":\"https:\\\/\\\/hojassueltas.es\\\/?p=9413#primaryimage\"},\"thumbnailUrl\":\"https:\\\/\\\/hojassueltas.es\\\/wp-content\\\/uploads\\\/2024\\\/02\\\/lA-NOVELA-NEGRA-en.Asturias-web.png\",\"datePublished\":\"2024-02-18T22:00:35+00:00\",\"dateModified\":\"2025-03-13T08:06:59+00:00\",\"breadcrumb\":{\"@id\":\"https:\\\/\\\/hojassueltas.es\\\/?p=9413#breadcrumb\"},\"inLanguage\":\"es\",\"potentialAction\":[{\"@type\":\"ReadAction\",\"target\":[\"https:\\\/\\\/hojassueltas.es\\\/?p=9413\"]}]},{\"@type\":\"ImageObject\",\"inLanguage\":\"es\",\"@id\":\"https:\\\/\\\/hojassueltas.es\\\/?p=9413#primaryimage\",\"url\":\"https:\\\/\\\/hojassueltas.es\\\/wp-content\\\/uploads\\\/2024\\\/02\\\/lA-NOVELA-NEGRA-en.Asturias-web.png\",\"contentUrl\":\"https:\\\/\\\/hojassueltas.es\\\/wp-content\\\/uploads\\\/2024\\\/02\\\/lA-NOVELA-NEGRA-en.Asturias-web.png\",\"width\":1050,\"height\":610},{\"@type\":\"BreadcrumbList\",\"@id\":\"https:\\\/\\\/hojassueltas.es\\\/?p=9413#breadcrumb\",\"itemListElement\":[{\"@type\":\"ListItem\",\"position\":1,\"name\":\"Portada\",\"item\":\"https:\\\/\\\/hojassueltas.es\\\/\"},{\"@type\":\"ListItem\",\"position\":2,\"name\":\"La novela negra en&#8230; Principado de Asturias\"}]},{\"@type\":\"WebSite\",\"@id\":\"https:\\\/\\\/hojassueltas.es\\\/#website\",\"url\":\"https:\\\/\\\/hojassueltas.es\\\/\",\"name\":\"HojasSueltas.es\",\"description\":\"GRANADA - Peri\u00f3dico Cultural\",\"publisher\":{\"@id\":\"https:\\\/\\\/hojassueltas.es\\\/#organization\"},\"alternateName\":\"H.S. Periodico Cultural\",\"potentialAction\":[{\"@type\":\"SearchAction\",\"target\":{\"@type\":\"EntryPoint\",\"urlTemplate\":\"https:\\\/\\\/hojassueltas.es\\\/?s={search_term_string}\"},\"query-input\":{\"@type\":\"PropertyValueSpecification\",\"valueRequired\":true,\"valueName\":\"search_term_string\"}}],\"inLanguage\":\"es\"},{\"@type\":\"Organization\",\"@id\":\"https:\\\/\\\/hojassueltas.es\\\/#organization\",\"name\":\"HOJAS SUELTAS - Peri\u00f3dico Cultural\",\"alternateName\":\"HS - HOJAS SUELTAS Peri\u00f3dico Cultural\",\"url\":\"https:\\\/\\\/hojassueltas.es\\\/\",\"logo\":{\"@type\":\"ImageObject\",\"inLanguage\":\"es\",\"@id\":\"https:\\\/\\\/hojassueltas.es\\\/#\\\/schema\\\/logo\\\/image\\\/\",\"url\":\"https:\\\/\\\/hojassueltas.es\\\/wp-content\\\/uploads\\\/2025\\\/08\\\/Icono-HS_2.png\",\"contentUrl\":\"https:\\\/\\\/hojassueltas.es\\\/wp-content\\\/uploads\\\/2025\\\/08\\\/Icono-HS_2.png\",\"width\":500,\"height\":500,\"caption\":\"HOJAS SUELTAS - Peri\u00f3dico Cultural\"},\"image\":{\"@id\":\"https:\\\/\\\/hojassueltas.es\\\/#\\\/schema\\\/logo\\\/image\\\/\"},\"sameAs\":[\"https:\\\/\\\/x.com\\\/HOJASSUELTAS22\"]},{\"@type\":\"Person\",\"@id\":\"https:\\\/\\\/hojassueltas.es\\\/#\\\/schema\\\/person\\\/69b100dc9b45a00e61d055b63d4278e9\",\"name\":\"Valent\u00edn Castro\",\"image\":{\"@type\":\"ImageObject\",\"inLanguage\":\"es\",\"@id\":\"https:\\\/\\\/hojassueltas.es\\\/wp-content\\\/uploads\\\/2025\\\/11\\\/Valentin-Castro-2025-96x96.png\",\"url\":\"https:\\\/\\\/hojassueltas.es\\\/wp-content\\\/uploads\\\/2025\\\/11\\\/Valentin-Castro-2025-96x96.png\",\"contentUrl\":\"https:\\\/\\\/hojassueltas.es\\\/wp-content\\\/uploads\\\/2025\\\/11\\\/Valentin-Castro-2025-96x96.png\",\"caption\":\"Valent\u00edn Castro\"},\"description\":\"Naci\u00f3 en una aldea de A Coru\u00f1a. Emigra con sus padres a M\u00e9jico. Licenciado en Comunicaci\u00f3n y Periodismo por la Universidad Nacional Aut\u00f3noma de M\u00e9xico. Licenciado en Geograf\u00eda e Historia por la Universidad Complutense de Madrid. Vive en Madrid, publica art\u00edculos y ensayos en diversos medios de comunicaci\u00f3n mejicanos y espa\u00f1oles bajo varios seud\u00f3nimos. Actualmente prepara una saga con personajes nacidos durante la ocupaci\u00f3n de M\u00e9xico por Hern\u00e1n Cort\u00e9s. Sus art\u00edculos y ensayos son efectistas, en ocasiones c\u00e1ustico, y muy cr\u00edtico. ES Redactor Jefe de Hojas Sueltas, dedicando su tiempo libre a escribir art\u00edculos con especial dedicaci\u00f3n a la literatura y la historia.\",\"url\":\"https:\\\/\\\/hojassueltas.es\\\/?author=62\"}]}<\/script>\n<!-- \/ Yoast SEO plugin. -->","yoast_head_json":{"title":"La novela negra en... Principado de Asturias | HOJAS SUELTAS Peri\u00f3dico Cultural","robots":{"index":"index","follow":"follow","max-snippet":"max-snippet:-1","max-image-preview":"max-image-preview:large","max-video-preview":"max-video-preview:-1"},"canonical":"https:\/\/hojassueltas.es\/?p=9413","og_locale":"es_ES","og_type":"article","og_title":"La novela negra en... Principado de Asturias | HOJAS SUELTAS Peri\u00f3dico Cultural","og_description":"En el contexto hist\u00f3rico y cultural del Principado de Asturias, con su pasado industrial y minero y su resistencia durante la Guerra Civil Espa\u00f1ola, ofrece un rico y complejo tel\u00f3n de fondo al g\u00e9nero negro. Una regi\u00f3n cuyos paisajes sombr\u00edos y climas lluviosos proporcionan el mejor escenario para narrativas cargadas de misterio y conflictos internos. [&hellip;]","og_url":"https:\/\/hojassueltas.es\/?p=9413","og_site_name":"HOJAS SUELTAS Peri\u00f3dico Cultural","article_published_time":"2024-02-18T22:00:35+00:00","article_modified_time":"2025-03-13T08:06:59+00:00","og_image":[{"width":1050,"height":610,"url":"https:\/\/hojassueltas.es\/wp-content\/uploads\/2024\/02\/lA-NOVELA-NEGRA-en.Asturias-web.png","type":"image\/png"}],"author":"Valent\u00edn Castro","twitter_card":"summary_large_image","twitter_creator":"@HOJASSUELTAS22","twitter_site":"@HOJASSUELTAS22","twitter_misc":{"Escrito por":"Valent\u00edn Castro","Tiempo de lectura":"17 minutos"},"schema":{"@context":"https:\/\/schema.org","@graph":[{"@type":["Article","BlogPosting"],"@id":"https:\/\/hojassueltas.es\/?p=9413#article","isPartOf":{"@id":"https:\/\/hojassueltas.es\/?p=9413"},"author":{"name":"Valent\u00edn Castro","@id":"https:\/\/hojassueltas.es\/#\/schema\/person\/69b100dc9b45a00e61d055b63d4278e9"},"headline":"La novela negra en&#8230; Principado de Asturias","datePublished":"2024-02-18T22:00:35+00:00","dateModified":"2025-03-13T08:06:59+00:00","mainEntityOfPage":{"@id":"https:\/\/hojassueltas.es\/?p=9413"},"wordCount":2881,"commentCount":1,"publisher":{"@id":"https:\/\/hojassueltas.es\/#organization"},"image":{"@id":"https:\/\/hojassueltas.es\/?p=9413#primaryimage"},"thumbnailUrl":"https:\/\/hojassueltas.es\/wp-content\/uploads\/2024\/02\/lA-NOVELA-NEGRA-en.Asturias-web.png","keywords":["Alex Cuesta","Ana Lena Rivera","Carlota Su\u00e1rez Garc\u00eda","Ignacio del Valle","Leticia Sierra","Nacho Guirado","Pilar S\u00e1nchez Vicente","Semana Negra de Gij\u00f3n"],"articleSection":["Colaboradores"],"inLanguage":"es","potentialAction":[{"@type":"CommentAction","name":"Comment","target":["https:\/\/hojassueltas.es\/?p=9413#respond"]}]},{"@type":"WebPage","@id":"https:\/\/hojassueltas.es\/?p=9413","url":"https:\/\/hojassueltas.es\/?p=9413","name":"La novela negra en... Principado de Asturias | HOJAS SUELTAS Peri\u00f3dico Cultural","isPartOf":{"@id":"https:\/\/hojassueltas.es\/#website"},"primaryImageOfPage":{"@id":"https:\/\/hojassueltas.es\/?p=9413#primaryimage"},"image":{"@id":"https:\/\/hojassueltas.es\/?p=9413#primaryimage"},"thumbnailUrl":"https:\/\/hojassueltas.es\/wp-content\/uploads\/2024\/02\/lA-NOVELA-NEGRA-en.Asturias-web.png","datePublished":"2024-02-18T22:00:35+00:00","dateModified":"2025-03-13T08:06:59+00:00","breadcrumb":{"@id":"https:\/\/hojassueltas.es\/?p=9413#breadcrumb"},"inLanguage":"es","potentialAction":[{"@type":"ReadAction","target":["https:\/\/hojassueltas.es\/?p=9413"]}]},{"@type":"ImageObject","inLanguage":"es","@id":"https:\/\/hojassueltas.es\/?p=9413#primaryimage","url":"https:\/\/hojassueltas.es\/wp-content\/uploads\/2024\/02\/lA-NOVELA-NEGRA-en.Asturias-web.png","contentUrl":"https:\/\/hojassueltas.es\/wp-content\/uploads\/2024\/02\/lA-NOVELA-NEGRA-en.Asturias-web.png","width":1050,"height":610},{"@type":"BreadcrumbList","@id":"https:\/\/hojassueltas.es\/?p=9413#breadcrumb","itemListElement":[{"@type":"ListItem","position":1,"name":"Portada","item":"https:\/\/hojassueltas.es\/"},{"@type":"ListItem","position":2,"name":"La novela negra en&#8230; Principado de Asturias"}]},{"@type":"WebSite","@id":"https:\/\/hojassueltas.es\/#website","url":"https:\/\/hojassueltas.es\/","name":"HojasSueltas.es","description":"GRANADA - Peri\u00f3dico Cultural","publisher":{"@id":"https:\/\/hojassueltas.es\/#organization"},"alternateName":"H.S. Periodico Cultural","potentialAction":[{"@type":"SearchAction","target":{"@type":"EntryPoint","urlTemplate":"https:\/\/hojassueltas.es\/?s={search_term_string}"},"query-input":{"@type":"PropertyValueSpecification","valueRequired":true,"valueName":"search_term_string"}}],"inLanguage":"es"},{"@type":"Organization","@id":"https:\/\/hojassueltas.es\/#organization","name":"HOJAS SUELTAS - Peri\u00f3dico Cultural","alternateName":"HS - HOJAS SUELTAS Peri\u00f3dico Cultural","url":"https:\/\/hojassueltas.es\/","logo":{"@type":"ImageObject","inLanguage":"es","@id":"https:\/\/hojassueltas.es\/#\/schema\/logo\/image\/","url":"https:\/\/hojassueltas.es\/wp-content\/uploads\/2025\/08\/Icono-HS_2.png","contentUrl":"https:\/\/hojassueltas.es\/wp-content\/uploads\/2025\/08\/Icono-HS_2.png","width":500,"height":500,"caption":"HOJAS SUELTAS - Peri\u00f3dico Cultural"},"image":{"@id":"https:\/\/hojassueltas.es\/#\/schema\/logo\/image\/"},"sameAs":["https:\/\/x.com\/HOJASSUELTAS22"]},{"@type":"Person","@id":"https:\/\/hojassueltas.es\/#\/schema\/person\/69b100dc9b45a00e61d055b63d4278e9","name":"Valent\u00edn Castro","image":{"@type":"ImageObject","inLanguage":"es","@id":"https:\/\/hojassueltas.es\/wp-content\/uploads\/2025\/11\/Valentin-Castro-2025-96x96.png","url":"https:\/\/hojassueltas.es\/wp-content\/uploads\/2025\/11\/Valentin-Castro-2025-96x96.png","contentUrl":"https:\/\/hojassueltas.es\/wp-content\/uploads\/2025\/11\/Valentin-Castro-2025-96x96.png","caption":"Valent\u00edn Castro"},"description":"Naci\u00f3 en una aldea de A Coru\u00f1a. Emigra con sus padres a M\u00e9jico. Licenciado en Comunicaci\u00f3n y Periodismo por la Universidad Nacional Aut\u00f3noma de M\u00e9xico. Licenciado en Geograf\u00eda e Historia por la Universidad Complutense de Madrid. Vive en Madrid, publica art\u00edculos y ensayos en diversos medios de comunicaci\u00f3n mejicanos y espa\u00f1oles bajo varios seud\u00f3nimos. Actualmente prepara una saga con personajes nacidos durante la ocupaci\u00f3n de M\u00e9xico por Hern\u00e1n Cort\u00e9s. Sus art\u00edculos y ensayos son efectistas, en ocasiones c\u00e1ustico, y muy cr\u00edtico. ES Redactor Jefe de Hojas Sueltas, dedicando su tiempo libre a escribir art\u00edculos con especial dedicaci\u00f3n a la literatura y la historia.","url":"https:\/\/hojassueltas.es\/?author=62"}]}},"_links":{"self":[{"href":"https:\/\/hojassueltas.es\/index.php?rest_route=\/wp\/v2\/posts\/9413","targetHints":{"allow":["GET"]}}],"collection":[{"href":"https:\/\/hojassueltas.es\/index.php?rest_route=\/wp\/v2\/posts"}],"about":[{"href":"https:\/\/hojassueltas.es\/index.php?rest_route=\/wp\/v2\/types\/post"}],"author":[{"embeddable":true,"href":"https:\/\/hojassueltas.es\/index.php?rest_route=\/wp\/v2\/users\/62"}],"replies":[{"embeddable":true,"href":"https:\/\/hojassueltas.es\/index.php?rest_route=%2Fwp%2Fv2%2Fcomments&post=9413"}],"version-history":[{"count":9,"href":"https:\/\/hojassueltas.es\/index.php?rest_route=\/wp\/v2\/posts\/9413\/revisions"}],"predecessor-version":[{"id":9516,"href":"https:\/\/hojassueltas.es\/index.php?rest_route=\/wp\/v2\/posts\/9413\/revisions\/9516"}],"wp:featuredmedia":[{"embeddable":true,"href":"https:\/\/hojassueltas.es\/index.php?rest_route=\/wp\/v2\/media\/9515"}],"wp:attachment":[{"href":"https:\/\/hojassueltas.es\/index.php?rest_route=%2Fwp%2Fv2%2Fmedia&parent=9413"}],"wp:term":[{"taxonomy":"category","embeddable":true,"href":"https:\/\/hojassueltas.es\/index.php?rest_route=%2Fwp%2Fv2%2Fcategories&post=9413"},{"taxonomy":"post_tag","embeddable":true,"href":"https:\/\/hojassueltas.es\/index.php?rest_route=%2Fwp%2Fv2%2Ftags&post=9413"}],"curies":[{"name":"wp","href":"https:\/\/api.w.org\/{rel}","templated":true}]}}