{"id":9139,"date":"2024-02-02T00:00:39","date_gmt":"2024-02-01T22:00:39","guid":{"rendered":"https:\/\/hojassueltas.es\/?p=9139"},"modified":"2025-03-15T10:57:35","modified_gmt":"2025-03-15T09:57:35","slug":"la-novela-negra-en-galicia","status":"publish","type":"post","link":"https:\/\/hojassueltas.es\/?p=9139","title":{"rendered":"La novela negra en Galicia."},"content":{"rendered":"<p style=\"text-align: justify;\">La novela negra en Galicia, al igual que en otras partes del mundo, se caracteriza por su enfoque en cr\u00edmenes, la investigaci\u00f3n que conllevan y, frecuentemente, una cr\u00edtica social subyacente. Aunque este g\u00e9nero literario tiene sus ra\u00edces en obras internacionales, en Galicia ha encontrado una voz \u00fanica, mezclando elementos de la cultura, historia y paisajes gallegos con las convenciones cl\u00e1sicas del g\u00e9nero.<\/p>\n<p style=\"text-align: justify;\">Destacar\u00e9 algunos autores.<\/p>\n<p style=\"text-align: justify;\">En primer lugar y como homenaje al desaparecido <strong>Domingo Villar<\/strong>. Aunque naci\u00f3 en Vigo y es m\u00e1s conocido por sus obras en castellano, fue un autor fundamental en el panorama de la novela negra en Galicia. Sus novelas protagonizadas por el inspector Leo Caldas, ambientadas entre la ciudad de Vigo y la R\u00eda de Arousa, combinan misterio con profundos retratos humanos y culturales de Galicia. Sus t\u00edtulos esenciales son: \u00abOjos de agua\u00bb (2006); \u00abLa playa de los ahogados\u00bb (2009);\u00bbEl \u00faltimo barco\u00bb (2019) entre otros.<\/p>\n<p style=\"text-align: justify;\"><span style=\"font-size: 10px;\"><em><img loading=\"lazy\" decoding=\"async\" class=\"size-medium wp-image-9140 alignleft\" src=\"https:\/\/hojassueltas.es\/wp-content\/uploads\/2024\/01\/El-ultimo-barco-193x300.jpg\" alt=\"\" width=\"193\" height=\"300\" srcset=\"https:\/\/hojassueltas.es\/wp-content\/uploads\/2024\/01\/El-ultimo-barco-193x300.jpg 193w, https:\/\/hojassueltas.es\/wp-content\/uploads\/2024\/01\/El-ultimo-barco-393x610.jpg 393w, https:\/\/hojassueltas.es\/wp-content\/uploads\/2024\/01\/El-ultimo-barco-150x233.jpg 150w, https:\/\/hojassueltas.es\/wp-content\/uploads\/2024\/01\/El-ultimo-barco-300x465.jpg 300w, https:\/\/hojassueltas.es\/wp-content\/uploads\/2024\/01\/El-ultimo-barco.jpg 552w\" sizes=\"auto, (max-width: 193px) 100vw, 193px\" \/><span style=\"font-family: 'courier new', courier, monospace; font-size: 14px;\">La hija del doctor Andrade vive en una casa pintada de azul, en un lugar donde las playas de olas mansas contrastan con el bullicio de la otra orilla. All\u00ed las mariscadoras rastrillan la arena, los marineros lanzan sus aparejos al agua y quienes van a trabajar a la ciudad esperan en el muelle la llegada del barco que cruza cada media hora la r\u00eda de Vigo.<\/span><\/em><\/span><\/p>\n<p style=\"text-align: justify;\"><span style=\"font-size: 14px; font-family: 'courier new', courier, monospace;\"><em>Una ma\u00f1ana de oto\u00f1o, mientras la costa gallega se recupera de los estragos de un temporal, el inspector Caldas recibe la visita de un hombre alarmado por la ausencia de su hija, que no se present\u00f3 a una comida familiar el fin de semana ni acudi\u00f3 el lunes a impartir su clase de cer\u00e1mica en la Escuela de Artes y Oficios.<\/em><\/span><\/p>\n<p style=\"text-align: justify;\"><span style=\"font-size: 14px; font-family: 'courier new', courier, monospace;\"><em>Y aunque nada parezca haber alterado la casa ni la vida de M\u00f3nica Andrade, Leo Caldas pronto comprobar\u00e1 que, en la vida como en el mar, la m\u00e1s apacible de las superficies puede ocultar un fondo oscuro de devastadoras corrientes.<\/em><\/span><\/p>\n<p><strong>Manuel Rivas.- <\/strong>M\u00e1s conocido por su obra literaria variada, que abarca desde el periodismo hasta la poes\u00eda, Manuel Rivas ha incursionado tambi\u00e9n en la novela negra con una mirada muy particular, integrando elementos de cr\u00edtica social y pol\u00edtica. Su obra \u00abTodo es silencio\u00bb (2010) sumerge al lector en el mundo del narcotr\u00e1fico en las costas gallegas.<\/p>\n<p style=\"text-align: justify;\"><img loading=\"lazy\" decoding=\"async\" class=\"size-medium wp-image-9142 alignleft\" src=\"https:\/\/hojassueltas.es\/wp-content\/uploads\/2024\/02\/Todo-es-silencio-189x300.jpg\" alt=\"\" width=\"189\" height=\"300\" srcset=\"https:\/\/hojassueltas.es\/wp-content\/uploads\/2024\/02\/Todo-es-silencio-189x300.jpg 189w, https:\/\/hojassueltas.es\/wp-content\/uploads\/2024\/02\/Todo-es-silencio-385x610.jpg 385w, https:\/\/hojassueltas.es\/wp-content\/uploads\/2024\/02\/Todo-es-silencio-150x238.jpg 150w, https:\/\/hojassueltas.es\/wp-content\/uploads\/2024\/02\/Todo-es-silencio-300x476.jpg 300w, https:\/\/hojassueltas.es\/wp-content\/uploads\/2024\/02\/Todo-es-silencio.jpg 552w\" sizes=\"auto, (max-width: 189px) 100vw, 189px\" \/><span style=\"font-family: 'courier new', courier, monospace;\">En Noiti\u00e1, en la costa atl#ntica, hubo un tiempo en que las redes del contrabando, reconvertidas al narco\u00e1fico, alcanzaron tanta influencia que estuvieron muy cerca de controlarlo todo: el poder social, las instituciones, la vida de sus gentes.<\/span><\/p>\n<p style=\"text-align: justify;\"><span style=\"font-family: 'courier new', courier, monospace;\">Fins, Leda y Brinco exploran la costa a la b\u00fasqueda de lo que el mar arroja tras alg#n naufragio, el mar es para ellos un espacio de continuo descubrimiento. El destino de estos j\u00f3venes estar\u00e1 marcado por la sombra odiosa y fascinante a un tiempo del omnipresente Mariscal, due\u00f1o de casi todo en Noiti\u00e1.<\/span><\/p>\n<p style=\"text-align: justify;\"><span style=\"font-family: 'courier new', courier, monospace;\">Manuel Rivas, con una prosa incisiva que tan pronto es mar en calma como embravecido, da forma a un universo fronterizo en el que los silencios van moldeando a cada uno de los protagonistas.<\/span><\/p>\n<p style=\"text-align: justify;\"><strong>Rosa Aneiros.-<\/strong> Menos conocida fuera de Galicia, Rosa Aneiros es una voz importante en la literatura gallega contempor\u00e1nea. Su novela \u00abResistencia\u00bb (2002) es un ejemplo de c\u00f3mo el g\u00e9nero puede servir para explorar temas de memoria hist\u00f3rica y resistencia social.<\/p>\n<p style=\"text-align: justify;\"><span style=\"font-family: 'courier new', courier, monospace;\"><img loading=\"lazy\" decoding=\"async\" class=\"size-medium wp-image-9143 alignleft\" src=\"https:\/\/hojassueltas.es\/wp-content\/uploads\/2024\/02\/Resistencia-191x300.jpg\" alt=\"\" width=\"191\" height=\"300\" srcset=\"https:\/\/hojassueltas.es\/wp-content\/uploads\/2024\/02\/Resistencia-191x300.jpg 191w, https:\/\/hojassueltas.es\/wp-content\/uploads\/2024\/02\/Resistencia-388x610.jpg 388w, https:\/\/hojassueltas.es\/wp-content\/uploads\/2024\/02\/Resistencia-150x236.jpg 150w, https:\/\/hojassueltas.es\/wp-content\/uploads\/2024\/02\/Resistencia-300x472.jpg 300w, https:\/\/hojassueltas.es\/wp-content\/uploads\/2024\/02\/Resistencia.jpg 552w\" sizes=\"auto, (max-width: 191px) 100vw, 191px\" \/>Resistencia, a obra que constit\u00fae o debut de Rosa Aneiros en Xerais Narrativa, percorre a historia pol\u00edtica e social de Portugal, a trav\u00e9s da vida de personaxes pertencentes a varias xeraci\u00f3ns, desde os anos vinte ata os anos noventa do s\u00e9culo XX. Merc\u00e9 ao relato, a trav\u00e9s dunha voz narrativa omnisciente, preferentemente presentada en terceira persoa, que protagonizan os personaxes principais -Din\u00eds e Filipa- art\u00e9llase un percorrido centrado na represi\u00f3n exercida en Portugal durante as dictaduras de Salazar e Marcelo Caetano e na actividade da resistencia clandestina antifascista; un pano de fondo fundamental entretecido co relato dun bo n\u00famero de historias de amor, entre as que salientan a de Din\u00eds -un obreiro da f\u00e1brica de vidro Irm\u00e1ns Stephen- e Filipa -filla dun rico comerciante de Coimbra-. Din\u00eds e Filipa namoran perdidamente sen calibrar as consecuencias. O Pinhal do Rei, no oeste portugu\u00e9s, converteuse no testemu\u00f1o da vida. Pero ningu\u00e9n pode escapar \u00f3s designios do tempo e a vida dos amantes viuse marcada polas adversas circunstancias pol\u00edticas que desangraron Portugal ata a Revoluci\u00f3n dos Caraveis. Para os protagonistas a militancia pol\u00edtica non foi unha opci\u00f3n sen\u00f3n unha esixencia e tiveron que pelexar contra a miseria e contra os seus propios sentimentos. E loitaron desesperadamente coa \u00fanica arma da que dispu\u00f1an: a resistencia. Resistencia \u00e9 unha novela de amores afastados na que todo o move o amor, que case sempre nace inocente e que axi\u00f1a se vai tornando complexo \u00e9 dif\u00edcil. Unha novela memorable que se move entre a exaltaci\u00f3n da resistencia pol\u00edtica exercida por alg\u00fans personaxes e o amor entendido como algo cruel que converte as persoas en escravas. Novela apaixonante, escrita co \u00edmpeto da vida, dif\u00edcil de esquecer; Resistencia \u00e9, pois, toda unha singradura a trav\u00e9s da historia portuguesa da man de d\u00faas familias maldicidas pola escravitude do amor, a morte e o silencio.<br \/>\n<\/span><\/p>\n<p><strong>Carlos G. Reigosa<\/strong>.- Considerado uno de los pioneros de la novela negra en Galicia, sus obras suelen entrelazar el misterio con la cr\u00edtica social y pol\u00edtica. Destacan t\u00edtulos como:\u00a0\u00abCr\u00f3nica de sombras\u00bb (1999)\u00a0\u00abCrimen en Compostela\u00bb (2000)<\/p>\n<p style=\"text-align: justify;\"><span style=\"font-family: 'courier new', courier, monospace;\"><img loading=\"lazy\" decoding=\"async\" class=\"size-medium wp-image-9144 alignleft\" src=\"https:\/\/hojassueltas.es\/wp-content\/uploads\/2024\/02\/Crimen-en-Compostela-230x300.jpg\" alt=\"\" width=\"230\" height=\"300\" srcset=\"https:\/\/hojassueltas.es\/wp-content\/uploads\/2024\/02\/Crimen-en-Compostela-230x300.jpg 230w, https:\/\/hojassueltas.es\/wp-content\/uploads\/2024\/02\/Crimen-en-Compostela-468x610.jpg 468w, https:\/\/hojassueltas.es\/wp-content\/uploads\/2024\/02\/Crimen-en-Compostela-150x195.jpg 150w, https:\/\/hojassueltas.es\/wp-content\/uploads\/2024\/02\/Crimen-en-Compostela-300x391.jpg 300w, https:\/\/hojassueltas.es\/wp-content\/uploads\/2024\/02\/Crimen-en-Compostela.jpg 552w\" sizes=\"auto, (max-width: 230px) 100vw, 230px\" \/>El detective Nivardo Castro y el periodista Carlos Conde investigan el asesinato de un conocido y millonario constructor en el centro hist\u00f3rico de Santiago de Compostela. Sus indagaciones revelar\u00e1n una trama en la que el sexo, el dinero y la codicia han marcado las turbulentas relaciones de sus protagonistas. Y todo ello sin dar la espalda a la ciudad milenaria, que se convierte en un hermoso a la vez que cruel escenario, vibrante de historia y misterio.<\/span><\/p>\n<p><span style=\"font-family: 'courier new', courier, monospace;\">Galardonada con el I Premio Xearis, Crimen en Compostela est\u00e1 considerada como la obra fundacional de la novela negra gallega, con m\u00e1s de cien mil ejemplares vendidos.<\/span><\/p>\n<p style=\"text-align: justify;\"><strong>Miguel Anxo Fern\u00e1ndez.-<\/strong>\u00a0Este autor ha contribuido significativamente al g\u00e9nero con varias obras que mezclan el suspense con elementos culturales y sociales gallegos. Algunas de sus novelas m\u00e1s destacadas son:\u00a0\u00abA l\u00faa non \u00e9 dos amantes\u00bb 2002)\u00a0\u00abO enigma de Filgueira Valverde\u00bb (2004) B\u00edcame, Frank (2019)<\/p>\n<p style=\"text-align: justify;\"><span style=\"font-family: 'courier new', courier, monospace;\"><img loading=\"lazy\" decoding=\"async\" class=\"size-medium wp-image-9145 alignleft\" src=\"https:\/\/hojassueltas.es\/wp-content\/uploads\/2024\/02\/Bicame-Frank-195x300.jpg\" alt=\"\" width=\"195\" height=\"300\" srcset=\"https:\/\/hojassueltas.es\/wp-content\/uploads\/2024\/02\/Bicame-Frank-195x300.jpg 195w, https:\/\/hojassueltas.es\/wp-content\/uploads\/2024\/02\/Bicame-Frank-396x610.jpg 396w, https:\/\/hojassueltas.es\/wp-content\/uploads\/2024\/02\/Bicame-Frank-150x231.jpg 150w, https:\/\/hojassueltas.es\/wp-content\/uploads\/2024\/02\/Bicame-Frank-300x463.jpg 300w, https:\/\/hojassueltas.es\/wp-content\/uploads\/2024\/02\/Bicame-Frank.jpg 552w\" sizes=\"auto, (max-width: 195px) 100vw, 195px\" \/>Frank Soutelo contin\u00faa en Galicia e agora est\u00e1 indignado.<\/span><br \/>\n<span style=\"font-family: 'courier new', courier, monospace;\">Todo comeza co roubo do manuscrito de \u00abVento mareiro\u00bb, de Cabanillas, e despois co dun valioso papiro exipcio vinculado \u00e1s revoltas da primavera \u00e1rabe. Demasiada xente quere o papiro, ao prezo que sexa&#8230; Soutelo sospeita que todo ten que ver coa aparici\u00f3n dun cad\u00e1ver sen mans na praia da Lanzada. Coa s\u00faa retranca caracter\u00edstica. Miguel Anxo Fern\u00e1ndez bota unha ollada aceda sobre a actualidade do pa\u00eds nunha novela que consolida a Soutelo como o detective m\u00e1is activo do panorama literario galego.<\/span><\/p>\n<p>&nbsp;<\/p>\n<p>&nbsp;<\/p>\n<p style=\"text-align: justify;\"><strong>Diego Ameixeiras<\/strong>.- Conocido por su estilo directo y por tratar temas contempor\u00e1neos con una mirada cr\u00edtica, Ameixeiras es otro nombre importante en la novela negra gallega. Entre sus obras m\u00e1s relevantes se encuentran: \u00abAsesinato no Consello Nacional\u00bb (2004)\u00a0\u00abDime algo sucio\u00bb (2011)<\/p>\n<p style=\"text-align: justify;\"><span style=\"font-family: 'courier new', courier, monospace;\"><img loading=\"lazy\" decoding=\"async\" class=\"size-medium wp-image-9146 alignleft\" src=\"https:\/\/hojassueltas.es\/wp-content\/uploads\/2024\/02\/dime-algosucio-181x300.jpg\" alt=\"\" width=\"181\" height=\"300\" srcset=\"https:\/\/hojassueltas.es\/wp-content\/uploads\/2024\/02\/dime-algosucio-181x300.jpg 181w, https:\/\/hojassueltas.es\/wp-content\/uploads\/2024\/02\/dime-algosucio-368x610.jpg 368w, https:\/\/hojassueltas.es\/wp-content\/uploads\/2024\/02\/dime-algosucio-150x249.jpg 150w, https:\/\/hojassueltas.es\/wp-content\/uploads\/2024\/02\/dime-algosucio-300x497.jpg 300w, https:\/\/hojassueltas.es\/wp-content\/uploads\/2024\/02\/dime-algosucio.jpg 552w\" sizes=\"auto, (max-width: 181px) 100vw, 181px\" \/>La ciudad de Ourense, llamada aqu\u00ed Oreg\u00f3n, es la protagonista de esta novela de Diego Ameixeiras. En sus calles encontramos fragmentos de vidas desgastadas, y sin salida posible. En esta historia criminal escrita con una prosa \u00e1gil y ligera, Ameixeiras forma una totalidad reuniendo estos fragmentos de sombra para sacar a la luz las partes m\u00e1s oscuras del alma humana.<\/span><\/p>\n<p>&nbsp;<\/p>\n<p>&nbsp;<\/p>\n<p>&nbsp;<\/p>\n<p><strong>Teresa Moure<\/strong>.- Aunque m\u00e1s conocida por su labor en otros g\u00e9neros, Teresa Moure ha explorado tambi\u00e9n la novela negra, ofreciendo perspectivas \u00fanicas en obras como:\u00a0\u00abHerba moura\u00bb (2005), aunque m\u00e1s cercana a la novela hist\u00f3rica, incorpora elementos de misterio.<\/p>\n<p style=\"text-align: justify;\"><span style=\"font-family: 'courier new', courier, monospace;\"><img loading=\"lazy\" decoding=\"async\" class=\"size-medium wp-image-9147 alignleft\" src=\"https:\/\/hojassueltas.es\/wp-content\/uploads\/2024\/02\/Herba-moura-198x300.jpg\" alt=\"\" width=\"198\" height=\"300\" srcset=\"https:\/\/hojassueltas.es\/wp-content\/uploads\/2024\/02\/Herba-moura-198x300.jpg 198w, https:\/\/hojassueltas.es\/wp-content\/uploads\/2024\/02\/Herba-moura-402x610.jpg 402w, https:\/\/hojassueltas.es\/wp-content\/uploads\/2024\/02\/Herba-moura-150x228.jpg 150w, https:\/\/hojassueltas.es\/wp-content\/uploads\/2024\/02\/Herba-moura-300x455.jpg 300w, https:\/\/hojassueltas.es\/wp-content\/uploads\/2024\/02\/Herba-moura.jpg 552w\" sizes=\"auto, (max-width: 198px) 100vw, 198px\" \/>\u00abHerba Moura\u00bb de Teresa Moure, novela ga\u00f1adora do Premio Xerais 2005, trasl\u00e1danos, da man dun personaxe contempor\u00e1neo chamado Ein\u00e9s Andrade, ao s\u00e9culo XVII, onde nos atopamos coa figura dun Descartes humano e fr\u00e1xil -nunha perspectiva in\u00e9dita do fil\u00f3sofo- e, sobre todo, coa figura de d\u00faas mulleres: a ra\u00ed\u00f1a Christina de Suecia e H\u00e9l\u00e8ne Jans, unha entra\u00f1able meiga residente en Amsterdam. A trav\u00e9s dunha miscel\u00e1nea de textos (cartas, poemas, recetarios, herbarios) a autora, coma se fose un compendio de estilos literarios e botando man de recursos tan dispares como a ep\u00edstola, o diario, o ensaio, a poes\u00eda, o estilo directo, etc, constr\u00fae unha novela estilisticamente deslumbrante, sen caer nunca no lirismo gratu\u00edto nin no sentimentalismo, chamada a situar \u00e1 narrativa galega nun novo contexto. \u00abHerba Moura\u00bb \u00e9 un canto \u00e1s paix\u00f3ns: \u00e1 paix\u00f3n amorosa, dende logo, mais tam\u00e9n a outras paix\u00f3ns deostadas como a do amor polo co\u00f1ecemento, a da amizade, a da maternidade, a da lectura e a da palabra. Unha novela que deita unha ollada cr\u00edtica sobre o devir das mulleres na historia, d\u00e1ndolles voz e recuper\u00e1ndoa para elas.<\/span><\/p>\n<p style=\"text-align: justify;\"><strong>Xabier Quiroga.<\/strong>&#8211; Sus obras a menudo se centran en la memoria hist\u00f3rica, mezcl\u00e1ndola con elementos de suspense y crimen. Algunas novelas destacadas son:\u00a0\u00abOs fillos do mar\u00bb (2006)\u00a0\u00abL\u00faa de Senegal\u00bb (2008) Izan o da saca (2015)<\/p>\n<p style=\"text-align: justify;\"><span style=\"font-family: 'courier new', courier, monospace;\"><img loading=\"lazy\" decoding=\"async\" class=\"size-medium wp-image-9148 alignleft\" src=\"https:\/\/hojassueltas.es\/wp-content\/uploads\/2024\/02\/Izan-o-da-saca-198x300.jpg\" alt=\"\" width=\"198\" height=\"300\" srcset=\"https:\/\/hojassueltas.es\/wp-content\/uploads\/2024\/02\/Izan-o-da-saca-198x300.jpg 198w, https:\/\/hojassueltas.es\/wp-content\/uploads\/2024\/02\/Izan-o-da-saca-402x610.jpg 402w, https:\/\/hojassueltas.es\/wp-content\/uploads\/2024\/02\/Izan-o-da-saca-150x227.jpg 150w, https:\/\/hojassueltas.es\/wp-content\/uploads\/2024\/02\/Izan-o-da-saca-300x455.jpg 300w, https:\/\/hojassueltas.es\/wp-content\/uploads\/2024\/02\/Izan-o-da-saca.jpg 552w\" sizes=\"auto, (max-width: 198px) 100vw, 198px\" \/>O Fiscal Superior de Xustiza recibe do seu editor un paquete que cont\u00e9n, ademais dun cartafol con noticias de varias mortes sen relaci\u00f3n aparente, unha novela. Nela, un taxista con \u00ednfulas investigadoras e lector empedernido acepta o delicado encargo dun co\u00f1ecido pol\u00edtico e empresario galego: desentra\u00f1ar un suposto pasado nazi co que os seus inimigos poden relacionalo. Comeza as\u00ed, ademais dunha engaiolante procura pola xeograf\u00eda f\u00edsica e humana deste pa\u00eds, unha perigosa pescuda sobre un dos feitos hist\u00f3ricos m\u00e1is intrigantes da posguerra: a misteriosa \u00abRuta das ratas\u00bb ao seu paso polo noroeste da pen\u00ednsula Ib\u00e9rica e cara ao refuxio nazi en Am\u00e9rica do Sur. Mesturando realidade e ficci\u00f3n, coa mestr\u00eda da madurez narrativa e facendo encaixar as m\u00faltiples pezas desta novela negra nun ins\u00f3lito final, Xabier Quiroga atr\u00e1panos nunha trama que, da man do Reini\u00f1a, o seu protagonista, remexe no escuro duns feitos agochados no pasado pero que, sen remedio, salpican o presente.<\/span><\/p>\n<p style=\"text-align: justify;\">Una caracter\u00edstica notable de la novela negra gallega es el uso de su paisaje no solo como tel\u00f3n de fondo, sino como un personaje m\u00e1s de la trama. Los escenarios naturales, las ciudades y los pueblos de Galicia aportan una atm\u00f3sfera \u00fanica que enriquece el misterio y a\u00f1ade profundidad a las historias.\u00a0La inclusi\u00f3n de elementos culturales, desde la gastronom\u00eda hasta las festividades y el idioma, dota a estas novelas de un sabor local muy marcado, diferenci\u00e1ndolas de otras obras del g\u00e9nero.\u00a0Frecuentemente, las novelas negras gallegas abordan temas de relevancia social y pol\u00edtica, utilizando el crimen y la investigaci\u00f3n como veh\u00edculos para explorar conflictos y desaf\u00edos contempor\u00e1neos de la sociedad gallega.<\/p>\n<p style=\"text-align: justify;\">Es importante destacar la diversidad de tem\u00e1ticas y enfoques dentro de la novela negra gallega. Los autores gallegos no solo se concentran en el crimen y la investigaci\u00f3n, sino que tambi\u00e9n exploran:\u00a0La memoria hist\u00f3rica y los conflictos socio-pol\u00edticos.\u00a0La emigraci\u00f3n y sus consecuencias en la sociedad gallega.El narcotr\u00e1fico y sus impactos en las comunidades costeras.La identidad gallega, a trav\u00e9s de la lengua, la cultura y la historia.<\/p>\n<p style=\"text-align: justify;\">La novela negra gallega ha ganado reconocimiento no solo a nivel regional, sino tambi\u00e9n en el \u00e1mbito nacional e internacional. Esto se debe, en parte, a la calidad de sus narrativas, la profundidad de sus personajes y la habilidad para entrelazar cr\u00edticas sociales y culturales con historias de suspense envolventes. Los autores gallegos han contribuido a renovar y enriquecer el g\u00e9nero, ofreciendo miradas \u00fanicas que trascienden las fronteras geogr\u00e1ficas y culturales. Se caracteriza por su diversidad y riqueza, reflejando la complejidad de la sociedad de la que emerge. La combinaci\u00f3n de misterio, cr\u00edtica social, y la profunda conexi\u00f3n con el paisaje y la cultura gallega, hacen de este g\u00e9nero un campo f\u00e9rtil para la exploraci\u00f3n literaria. Los autores mencionados, junto con sus obras, son testimonio de la vitalidad y la importancia de la novela negra en el panorama literario gallego, ofreciendo lecturas que son a la vez entretenidas y provocadoras, cada uno aportando su voz \u00fanica y enriqueciendo el panorama literario.<\/p>\n<p style=\"text-align: justify;\">Concluyo se\u00f1alando que la novela negra en Galicia es un reflejo vibrante de su sociedad, cultura e historia, ofreciendo no solo entretenimiento a trav\u00e9s de sus intrigantes misterios, sino tambi\u00e9n una perspectiva cr\u00edtica y profunda de la realidad gallega.<\/p>\n<p><span style=\"font-family: impact, sans-serif;\">\u00a9 Anxo do Rego. Febrero 2024. Todos los derechos reservados.\u00a0<\/span><\/p>\n","protected":false},"excerpt":{"rendered":"<p>La novela negra en Galicia, al igual que en otras partes del mundo, se caracteriza por su enfoque en cr\u00edmenes, la investigaci\u00f3n que conllevan y, frecuentemente, una cr\u00edtica social subyacente. Aunque este g\u00e9nero literario tiene sus ra\u00edces en obras internacionales, en Galicia ha encontrado una voz \u00fanica, mezclando elementos de la cultura, historia y paisajes [&hellip;]<\/p>\n","protected":false},"author":18,"featured_media":9151,"comment_status":"open","ping_status":"closed","sticky":false,"template":"","format":"standard","meta":{"footnotes":""},"categories":[2300],"tags":[230,1244,585,779,1242,1245,1243,1246,1247],"class_list":{"0":"post-9139","1":"post","2":"type-post","3":"status-publish","4":"format-standard","5":"has-post-thumbnail","7":"category-redactores","8":"tag-anxo-do-rego","9":"tag-carlos-g-reigosa","10":"tag-diego-ameixeiras","11":"tag-domingo-villar","12":"tag-manuel-rivas","13":"tag-miguel-anxo-fernandez","14":"tag-rosa-aneiros","15":"tag-teresa-moure","16":"tag-xabier-quiroga"},"yoast_head":"<!-- This site is optimized with the Yoast SEO plugin v27.5 - https:\/\/yoast.com\/product\/yoast-seo-wordpress\/ -->\n<title>La novela negra en Galicia. | HOJAS SUELTAS Peri\u00f3dico Cultural<\/title>\n<meta name=\"description\" content=\"Un viaje a traves de los m\u00e1s destacados autores de novela negra en Galicia resaltando algunas sus obras\" \/>\n<meta name=\"robots\" content=\"index, follow, max-snippet:-1, max-image-preview:large, max-video-preview:-1\" \/>\n<link rel=\"canonical\" href=\"https:\/\/hojassueltas.es\/?p=9139\" \/>\n<meta property=\"og:locale\" content=\"es_ES\" \/>\n<meta property=\"og:type\" content=\"article\" \/>\n<meta property=\"og:title\" content=\"La novela negra en Galicia. | HOJAS SUELTAS Peri\u00f3dico Cultural\" \/>\n<meta property=\"og:description\" content=\"Un viaje a traves de los m\u00e1s destacados autores de novela negra en Galicia resaltando algunas sus obras\" \/>\n<meta property=\"og:url\" content=\"https:\/\/hojassueltas.es\/?p=9139\" \/>\n<meta property=\"og:site_name\" content=\"HOJAS SUELTAS Peri\u00f3dico Cultural\" \/>\n<meta property=\"article:author\" content=\"https:\/\/www.facebook.com\/anxodoregoescritor\/\" \/>\n<meta property=\"article:published_time\" content=\"2024-02-01T22:00:39+00:00\" \/>\n<meta property=\"article:modified_time\" content=\"2025-03-15T09:57:35+00:00\" \/>\n<meta property=\"og:image\" content=\"https:\/\/hojassueltas.es\/wp-content\/uploads\/2024\/02\/lA-NOVELA-NEGRA-EN-Galicia_web.png\" \/>\n\t<meta property=\"og:image:width\" content=\"1050\" \/>\n\t<meta property=\"og:image:height\" content=\"610\" \/>\n\t<meta property=\"og:image:type\" content=\"image\/png\" \/>\n<meta name=\"author\" content=\"Anxo do Rego\" \/>\n<meta name=\"twitter:card\" content=\"summary_large_image\" \/>\n<meta name=\"twitter:creator\" content=\"@HOJASSUELTAS22\" \/>\n<meta name=\"twitter:site\" content=\"@HOJASSUELTAS22\" \/>\n<meta name=\"twitter:label1\" content=\"Escrito por\" \/>\n\t<meta name=\"twitter:data1\" content=\"Anxo do Rego\" \/>\n\t<meta name=\"twitter:label2\" content=\"Tiempo de lectura\" \/>\n\t<meta name=\"twitter:data2\" content=\"12 minutos\" \/>\n<script type=\"application\/ld+json\" class=\"yoast-schema-graph\">{\"@context\":\"https:\\\/\\\/schema.org\",\"@graph\":[{\"@type\":[\"Article\",\"BlogPosting\"],\"@id\":\"https:\\\/\\\/hojassueltas.es\\\/?p=9139#article\",\"isPartOf\":{\"@id\":\"https:\\\/\\\/hojassueltas.es\\\/?p=9139\"},\"author\":{\"name\":\"Anxo do Rego\",\"@id\":\"https:\\\/\\\/hojassueltas.es\\\/#\\\/schema\\\/person\\\/cc93a1a1f7825a6e1d2c9bddd471a87c\"},\"headline\":\"La novela negra en Galicia.\",\"datePublished\":\"2024-02-01T22:00:39+00:00\",\"dateModified\":\"2025-03-15T09:57:35+00:00\",\"mainEntityOfPage\":{\"@id\":\"https:\\\/\\\/hojassueltas.es\\\/?p=9139\"},\"wordCount\":2193,\"commentCount\":2,\"publisher\":{\"@id\":\"https:\\\/\\\/hojassueltas.es\\\/#organization\"},\"image\":{\"@id\":\"https:\\\/\\\/hojassueltas.es\\\/?p=9139#primaryimage\"},\"thumbnailUrl\":\"https:\\\/\\\/hojassueltas.es\\\/wp-content\\\/uploads\\\/2024\\\/02\\\/lA-NOVELA-NEGRA-EN-Galicia_web.png\",\"keywords\":[\"Anxo do Rego\",\"Carlos G. Reigosa\",\"Diego Ameixeiras\",\"Domingo Villar\",\"Manuel Rivas\",\"Miguel Anxo Fern\u00e1ndez\",\"Rosa Aneiros\",\"Teresa Moure\",\"Xabier Quiroga\"],\"articleSection\":[\"Redactores\"],\"inLanguage\":\"es\",\"potentialAction\":[{\"@type\":\"CommentAction\",\"name\":\"Comment\",\"target\":[\"https:\\\/\\\/hojassueltas.es\\\/?p=9139#respond\"]}]},{\"@type\":\"WebPage\",\"@id\":\"https:\\\/\\\/hojassueltas.es\\\/?p=9139\",\"url\":\"https:\\\/\\\/hojassueltas.es\\\/?p=9139\",\"name\":\"La novela negra en Galicia. | HOJAS SUELTAS Peri\u00f3dico Cultural\",\"isPartOf\":{\"@id\":\"https:\\\/\\\/hojassueltas.es\\\/#website\"},\"primaryImageOfPage\":{\"@id\":\"https:\\\/\\\/hojassueltas.es\\\/?p=9139#primaryimage\"},\"image\":{\"@id\":\"https:\\\/\\\/hojassueltas.es\\\/?p=9139#primaryimage\"},\"thumbnailUrl\":\"https:\\\/\\\/hojassueltas.es\\\/wp-content\\\/uploads\\\/2024\\\/02\\\/lA-NOVELA-NEGRA-EN-Galicia_web.png\",\"datePublished\":\"2024-02-01T22:00:39+00:00\",\"dateModified\":\"2025-03-15T09:57:35+00:00\",\"description\":\"Un viaje a traves de los m\u00e1s destacados autores de novela negra en Galicia resaltando algunas sus obras\",\"breadcrumb\":{\"@id\":\"https:\\\/\\\/hojassueltas.es\\\/?p=9139#breadcrumb\"},\"inLanguage\":\"es\",\"potentialAction\":[{\"@type\":\"ReadAction\",\"target\":[\"https:\\\/\\\/hojassueltas.es\\\/?p=9139\"]}]},{\"@type\":\"ImageObject\",\"inLanguage\":\"es\",\"@id\":\"https:\\\/\\\/hojassueltas.es\\\/?p=9139#primaryimage\",\"url\":\"https:\\\/\\\/hojassueltas.es\\\/wp-content\\\/uploads\\\/2024\\\/02\\\/lA-NOVELA-NEGRA-EN-Galicia_web.png\",\"contentUrl\":\"https:\\\/\\\/hojassueltas.es\\\/wp-content\\\/uploads\\\/2024\\\/02\\\/lA-NOVELA-NEGRA-EN-Galicia_web.png\",\"width\":1050,\"height\":610},{\"@type\":\"BreadcrumbList\",\"@id\":\"https:\\\/\\\/hojassueltas.es\\\/?p=9139#breadcrumb\",\"itemListElement\":[{\"@type\":\"ListItem\",\"position\":1,\"name\":\"Portada\",\"item\":\"https:\\\/\\\/hojassueltas.es\\\/\"},{\"@type\":\"ListItem\",\"position\":2,\"name\":\"La novela negra en Galicia.\"}]},{\"@type\":\"WebSite\",\"@id\":\"https:\\\/\\\/hojassueltas.es\\\/#website\",\"url\":\"https:\\\/\\\/hojassueltas.es\\\/\",\"name\":\"HojasSueltas.es\",\"description\":\"GRANADA - Peri\u00f3dico Cultural\",\"publisher\":{\"@id\":\"https:\\\/\\\/hojassueltas.es\\\/#organization\"},\"alternateName\":\"H.S. Periodico Cultural\",\"potentialAction\":[{\"@type\":\"SearchAction\",\"target\":{\"@type\":\"EntryPoint\",\"urlTemplate\":\"https:\\\/\\\/hojassueltas.es\\\/?s={search_term_string}\"},\"query-input\":{\"@type\":\"PropertyValueSpecification\",\"valueRequired\":true,\"valueName\":\"search_term_string\"}}],\"inLanguage\":\"es\"},{\"@type\":\"Organization\",\"@id\":\"https:\\\/\\\/hojassueltas.es\\\/#organization\",\"name\":\"HOJAS SUELTAS - Peri\u00f3dico Cultural\",\"alternateName\":\"HS - HOJAS SUELTAS Peri\u00f3dico Cultural\",\"url\":\"https:\\\/\\\/hojassueltas.es\\\/\",\"logo\":{\"@type\":\"ImageObject\",\"inLanguage\":\"es\",\"@id\":\"https:\\\/\\\/hojassueltas.es\\\/#\\\/schema\\\/logo\\\/image\\\/\",\"url\":\"https:\\\/\\\/hojassueltas.es\\\/wp-content\\\/uploads\\\/2025\\\/08\\\/Icono-HS_2.png\",\"contentUrl\":\"https:\\\/\\\/hojassueltas.es\\\/wp-content\\\/uploads\\\/2025\\\/08\\\/Icono-HS_2.png\",\"width\":500,\"height\":500,\"caption\":\"HOJAS SUELTAS - Peri\u00f3dico Cultural\"},\"image\":{\"@id\":\"https:\\\/\\\/hojassueltas.es\\\/#\\\/schema\\\/logo\\\/image\\\/\"},\"sameAs\":[\"https:\\\/\\\/x.com\\\/HOJASSUELTAS22\"]},{\"@type\":\"Person\",\"@id\":\"https:\\\/\\\/hojassueltas.es\\\/#\\\/schema\\\/person\\\/cc93a1a1f7825a6e1d2c9bddd471a87c\",\"name\":\"Anxo do Rego\",\"image\":{\"@type\":\"ImageObject\",\"inLanguage\":\"es\",\"@id\":\"https:\\\/\\\/hojassueltas.es\\\/wp-content\\\/uploads\\\/2025\\\/02\\\/Anxo-do-Rego_2025-96x96.jpg\",\"url\":\"https:\\\/\\\/hojassueltas.es\\\/wp-content\\\/uploads\\\/2025\\\/02\\\/Anxo-do-Rego_2025-96x96.jpg\",\"contentUrl\":\"https:\\\/\\\/hojassueltas.es\\\/wp-content\\\/uploads\\\/2025\\\/02\\\/Anxo-do-Rego_2025-96x96.jpg\",\"caption\":\"Anxo do Rego\"},\"description\":\"Narrador. Fundador, director y editor de la extinta editorial PG Ediciones. Actualmente asesora y colabora en las editoriales: Editorial Skytale y Aldo Ediciones, del Grupo Editorial Regina Exlibris. Director y redactor del diario cultural Hojas Sueltas. Fundador en 2014 de una de las primeras revistas digitales del g\u00e9nero negro y policial \u00abSolo Novela Negra\u00bb. Participa en numerosas instituciones culturales. Su narrativa se sustenta principalmente en la novela polic\u00edaca con diecis\u00e9is t\u00edtulos del comisario del CNP, Roberto H.C. como protagonista, aunque realiza incursiones en otros g\u00e9neros literarios, tales como la ficci\u00f3n hist\u00f3rica, ciencia ficci\u00f3n, suspense y sentimentales. Mantiene su creatividad literaria con novelas, relatos, art\u00edculos, rese\u00f1as literarias y ensayos.\",\"sameAs\":[\"https:\\\/\\\/anxodorego.com\\\/\",\"https:\\\/\\\/www.facebook.com\\\/anxodoregoescritor\\\/\"],\"url\":\"https:\\\/\\\/hojassueltas.es\\\/?author=18\"}]}<\/script>\n<!-- \/ Yoast SEO plugin. -->","yoast_head_json":{"title":"La novela negra en Galicia. | HOJAS SUELTAS Peri\u00f3dico Cultural","description":"Un viaje a traves de los m\u00e1s destacados autores de novela negra en Galicia resaltando algunas sus obras","robots":{"index":"index","follow":"follow","max-snippet":"max-snippet:-1","max-image-preview":"max-image-preview:large","max-video-preview":"max-video-preview:-1"},"canonical":"https:\/\/hojassueltas.es\/?p=9139","og_locale":"es_ES","og_type":"article","og_title":"La novela negra en Galicia. | HOJAS SUELTAS Peri\u00f3dico Cultural","og_description":"Un viaje a traves de los m\u00e1s destacados autores de novela negra en Galicia resaltando algunas sus obras","og_url":"https:\/\/hojassueltas.es\/?p=9139","og_site_name":"HOJAS SUELTAS Peri\u00f3dico Cultural","article_author":"https:\/\/www.facebook.com\/anxodoregoescritor\/","article_published_time":"2024-02-01T22:00:39+00:00","article_modified_time":"2025-03-15T09:57:35+00:00","og_image":[{"width":1050,"height":610,"url":"https:\/\/hojassueltas.es\/wp-content\/uploads\/2024\/02\/lA-NOVELA-NEGRA-EN-Galicia_web.png","type":"image\/png"}],"author":"Anxo do Rego","twitter_card":"summary_large_image","twitter_creator":"@HOJASSUELTAS22","twitter_site":"@HOJASSUELTAS22","twitter_misc":{"Escrito por":"Anxo do Rego","Tiempo de lectura":"12 minutos"},"schema":{"@context":"https:\/\/schema.org","@graph":[{"@type":["Article","BlogPosting"],"@id":"https:\/\/hojassueltas.es\/?p=9139#article","isPartOf":{"@id":"https:\/\/hojassueltas.es\/?p=9139"},"author":{"name":"Anxo do Rego","@id":"https:\/\/hojassueltas.es\/#\/schema\/person\/cc93a1a1f7825a6e1d2c9bddd471a87c"},"headline":"La novela negra en Galicia.","datePublished":"2024-02-01T22:00:39+00:00","dateModified":"2025-03-15T09:57:35+00:00","mainEntityOfPage":{"@id":"https:\/\/hojassueltas.es\/?p=9139"},"wordCount":2193,"commentCount":2,"publisher":{"@id":"https:\/\/hojassueltas.es\/#organization"},"image":{"@id":"https:\/\/hojassueltas.es\/?p=9139#primaryimage"},"thumbnailUrl":"https:\/\/hojassueltas.es\/wp-content\/uploads\/2024\/02\/lA-NOVELA-NEGRA-EN-Galicia_web.png","keywords":["Anxo do Rego","Carlos G. Reigosa","Diego Ameixeiras","Domingo Villar","Manuel Rivas","Miguel Anxo Fern\u00e1ndez","Rosa Aneiros","Teresa Moure","Xabier Quiroga"],"articleSection":["Redactores"],"inLanguage":"es","potentialAction":[{"@type":"CommentAction","name":"Comment","target":["https:\/\/hojassueltas.es\/?p=9139#respond"]}]},{"@type":"WebPage","@id":"https:\/\/hojassueltas.es\/?p=9139","url":"https:\/\/hojassueltas.es\/?p=9139","name":"La novela negra en Galicia. | HOJAS SUELTAS Peri\u00f3dico Cultural","isPartOf":{"@id":"https:\/\/hojassueltas.es\/#website"},"primaryImageOfPage":{"@id":"https:\/\/hojassueltas.es\/?p=9139#primaryimage"},"image":{"@id":"https:\/\/hojassueltas.es\/?p=9139#primaryimage"},"thumbnailUrl":"https:\/\/hojassueltas.es\/wp-content\/uploads\/2024\/02\/lA-NOVELA-NEGRA-EN-Galicia_web.png","datePublished":"2024-02-01T22:00:39+00:00","dateModified":"2025-03-15T09:57:35+00:00","description":"Un viaje a traves de los m\u00e1s destacados autores de novela negra en Galicia resaltando algunas sus obras","breadcrumb":{"@id":"https:\/\/hojassueltas.es\/?p=9139#breadcrumb"},"inLanguage":"es","potentialAction":[{"@type":"ReadAction","target":["https:\/\/hojassueltas.es\/?p=9139"]}]},{"@type":"ImageObject","inLanguage":"es","@id":"https:\/\/hojassueltas.es\/?p=9139#primaryimage","url":"https:\/\/hojassueltas.es\/wp-content\/uploads\/2024\/02\/lA-NOVELA-NEGRA-EN-Galicia_web.png","contentUrl":"https:\/\/hojassueltas.es\/wp-content\/uploads\/2024\/02\/lA-NOVELA-NEGRA-EN-Galicia_web.png","width":1050,"height":610},{"@type":"BreadcrumbList","@id":"https:\/\/hojassueltas.es\/?p=9139#breadcrumb","itemListElement":[{"@type":"ListItem","position":1,"name":"Portada","item":"https:\/\/hojassueltas.es\/"},{"@type":"ListItem","position":2,"name":"La novela negra en Galicia."}]},{"@type":"WebSite","@id":"https:\/\/hojassueltas.es\/#website","url":"https:\/\/hojassueltas.es\/","name":"HojasSueltas.es","description":"GRANADA - Peri\u00f3dico Cultural","publisher":{"@id":"https:\/\/hojassueltas.es\/#organization"},"alternateName":"H.S. Periodico Cultural","potentialAction":[{"@type":"SearchAction","target":{"@type":"EntryPoint","urlTemplate":"https:\/\/hojassueltas.es\/?s={search_term_string}"},"query-input":{"@type":"PropertyValueSpecification","valueRequired":true,"valueName":"search_term_string"}}],"inLanguage":"es"},{"@type":"Organization","@id":"https:\/\/hojassueltas.es\/#organization","name":"HOJAS SUELTAS - Peri\u00f3dico Cultural","alternateName":"HS - HOJAS SUELTAS Peri\u00f3dico Cultural","url":"https:\/\/hojassueltas.es\/","logo":{"@type":"ImageObject","inLanguage":"es","@id":"https:\/\/hojassueltas.es\/#\/schema\/logo\/image\/","url":"https:\/\/hojassueltas.es\/wp-content\/uploads\/2025\/08\/Icono-HS_2.png","contentUrl":"https:\/\/hojassueltas.es\/wp-content\/uploads\/2025\/08\/Icono-HS_2.png","width":500,"height":500,"caption":"HOJAS SUELTAS - Peri\u00f3dico Cultural"},"image":{"@id":"https:\/\/hojassueltas.es\/#\/schema\/logo\/image\/"},"sameAs":["https:\/\/x.com\/HOJASSUELTAS22"]},{"@type":"Person","@id":"https:\/\/hojassueltas.es\/#\/schema\/person\/cc93a1a1f7825a6e1d2c9bddd471a87c","name":"Anxo do Rego","image":{"@type":"ImageObject","inLanguage":"es","@id":"https:\/\/hojassueltas.es\/wp-content\/uploads\/2025\/02\/Anxo-do-Rego_2025-96x96.jpg","url":"https:\/\/hojassueltas.es\/wp-content\/uploads\/2025\/02\/Anxo-do-Rego_2025-96x96.jpg","contentUrl":"https:\/\/hojassueltas.es\/wp-content\/uploads\/2025\/02\/Anxo-do-Rego_2025-96x96.jpg","caption":"Anxo do Rego"},"description":"Narrador. Fundador, director y editor de la extinta editorial PG Ediciones. Actualmente asesora y colabora en las editoriales: Editorial Skytale y Aldo Ediciones, del Grupo Editorial Regina Exlibris. Director y redactor del diario cultural Hojas Sueltas. Fundador en 2014 de una de las primeras revistas digitales del g\u00e9nero negro y policial \u00abSolo Novela Negra\u00bb. Participa en numerosas instituciones culturales. Su narrativa se sustenta principalmente en la novela polic\u00edaca con diecis\u00e9is t\u00edtulos del comisario del CNP, Roberto H.C. como protagonista, aunque realiza incursiones en otros g\u00e9neros literarios, tales como la ficci\u00f3n hist\u00f3rica, ciencia ficci\u00f3n, suspense y sentimentales. Mantiene su creatividad literaria con novelas, relatos, art\u00edculos, rese\u00f1as literarias y ensayos.","sameAs":["https:\/\/anxodorego.com\/","https:\/\/www.facebook.com\/anxodoregoescritor\/"],"url":"https:\/\/hojassueltas.es\/?author=18"}]}},"_links":{"self":[{"href":"https:\/\/hojassueltas.es\/index.php?rest_route=\/wp\/v2\/posts\/9139","targetHints":{"allow":["GET"]}}],"collection":[{"href":"https:\/\/hojassueltas.es\/index.php?rest_route=\/wp\/v2\/posts"}],"about":[{"href":"https:\/\/hojassueltas.es\/index.php?rest_route=\/wp\/v2\/types\/post"}],"author":[{"embeddable":true,"href":"https:\/\/hojassueltas.es\/index.php?rest_route=\/wp\/v2\/users\/18"}],"replies":[{"embeddable":true,"href":"https:\/\/hojassueltas.es\/index.php?rest_route=%2Fwp%2Fv2%2Fcomments&post=9139"}],"version-history":[{"count":6,"href":"https:\/\/hojassueltas.es\/index.php?rest_route=\/wp\/v2\/posts\/9139\/revisions"}],"predecessor-version":[{"id":9154,"href":"https:\/\/hojassueltas.es\/index.php?rest_route=\/wp\/v2\/posts\/9139\/revisions\/9154"}],"wp:featuredmedia":[{"embeddable":true,"href":"https:\/\/hojassueltas.es\/index.php?rest_route=\/wp\/v2\/media\/9151"}],"wp:attachment":[{"href":"https:\/\/hojassueltas.es\/index.php?rest_route=%2Fwp%2Fv2%2Fmedia&parent=9139"}],"wp:term":[{"taxonomy":"category","embeddable":true,"href":"https:\/\/hojassueltas.es\/index.php?rest_route=%2Fwp%2Fv2%2Fcategories&post=9139"},{"taxonomy":"post_tag","embeddable":true,"href":"https:\/\/hojassueltas.es\/index.php?rest_route=%2Fwp%2Fv2%2Ftags&post=9139"}],"curies":[{"name":"wp","href":"https:\/\/api.w.org\/{rel}","templated":true}]}}