{"id":9133,"date":"2024-01-31T00:00:27","date_gmt":"2024-01-30T22:00:27","guid":{"rendered":"https:\/\/hojassueltas.es\/?p=9133"},"modified":"2025-12-01T12:37:17","modified_gmt":"2025-12-01T10:37:17","slug":"la-sombra-que-se-extiende-la-novela-negra-en-el-corazon-de-espana","status":"publish","type":"post","link":"https:\/\/hojassueltas.es\/?p=9133","title":{"rendered":"La sombra que se extiende. La novela negra en el coraz\u00f3n de Espa\u00f1a"},"content":{"rendered":"<p style=\"text-align: justify;\">En el vasto panorama literario espa\u00f1ol, la novela negra ha encontrado un terreno f\u00e9rtil y oscuro donde echar ra\u00edces profundas, creciendo en complejidad y matiz hasta convertirse en uno de los g\u00e9neros m\u00e1s prol\u00edficos y apreciados por los lectores. Desde las brumosas calles de Barcelona hasta los secos paisajes andaluces, cada rinc\u00f3n de Espa\u00f1a ha sido escenario de cr\u00edmenes, misterios y dramas humanos, narrados con una maestr\u00eda que trasciende las meras historias de detectives. La novela negra espa\u00f1ola es un espejo donde se reflejan las inquietudes sociales, pol\u00edticas y culturales de una naci\u00f3n rica en historia y diversidad.<\/p>\n<p style=\"text-align: justify;\">Este g\u00e9nero, marcado por su cr\u00edtica social, su exploraci\u00f3n de la psique humana y su inquebrantable compromiso con la realidad, ha dado voz a autores que, con sus obras, han dibujado un mapa del crimen que es tambi\u00e9n un mapa del alma humana y de la sociedad. Desde pioneros como Manuel V\u00e1zquez Montalb\u00e1n, con su ic\u00f3nico detective Pepe Carvalho, hasta la nueva ola de escritores que han sabido reinventar y adaptar el g\u00e9nero a los tiempos modernos, la novela negra en Espa\u00f1a es un testimonio de la capacidad del arte para indagar en las sombras.<\/p>\n<p style=\"text-align: justify;\">La importancia de la novela negra en Espa\u00f1a no solo radica en su popularidad o en su capacidad para entretener y cautivar. Su verdadera incidencia se encuentra en c\u00f3mo ha sabido narrar las transformaciones de un pa\u00eds, enfrentando temas dif\u00edciles como la corrupci\u00f3n, el terrorismo, la crisis econ\u00f3mica y la lucha de clases, todo ello mientras mantiene al lector en vilo con tramas ingeniosas y personajes inolvidables.<\/p>\n<p style=\"text-align: justify;\">Iniciar un recorrido por las Comunidades Aut\u00f3nomas a trav\u00e9s de la lente de la novela negra es, por tanto, embarcarse en un viaje literario que promete no solo descubrimientos geogr\u00e1ficos, sino tambi\u00e9n emocionales y sociales. Cada comunidad, con su idiosincrasia y peculiaridades, ofrece un lienzo \u00fanico sobre el cual la novela negra pinta historias que, aunque nacidas de la ficci\u00f3n, palpitan con la verdad de la vida misma.<\/p>\n<p style=\"text-align: justify;\">A trav\u00e9s de esta serie de art\u00edculos, exploraremos c\u00f3mo cada regi\u00f3n ha contribuido con sus voces a este g\u00e9nero, destacando a aquellos autores que, con sus obras, han marcado un antes y un despu\u00e9s en la literatura negra espa\u00f1ola. Nos sumergiremos en las aguas a veces turbulentas, a veces serenas, de la novela negra, para emerger con una comprensi\u00f3n m\u00e1s profunda de este fascinante pa\u00eds y su gente.<\/p>\n<p>Bienvenidos al oscuro, pero irresistiblemente atractivo mundo de la novela negra espa\u00f1ola que se podr\u00e1 leer cada semana.<\/p>\n<p><span style=\"font-family: impact, sans-serif;\">\u00a9 Anxo do Rego. Redacci\u00f3n. Febrero 2024<\/span><\/p>\n","protected":false},"excerpt":{"rendered":"<p>En el vasto panorama literario espa\u00f1ol, la novela negra ha encontrado un terreno f\u00e9rtil y oscuro donde echar ra\u00edces profundas, creciendo en complejidad y matiz hasta convertirse en uno de los g\u00e9neros m\u00e1s prol\u00edficos y apreciados por los lectores. Desde las brumosas calles de Barcelona hasta los secos paisajes andaluces, cada rinc\u00f3n de Espa\u00f1a ha [&hellip;]<\/p>\n","protected":false},"author":18,"featured_media":9135,"comment_status":"open","ping_status":"closed","sticky":false,"template":"","format":"standard","meta":{"footnotes":""},"categories":[1],"tags":[230],"class_list":{"0":"post-9133","1":"post","2":"type-post","3":"status-publish","4":"format-standard","5":"has-post-thumbnail","7":"category-sin-categoria","8":"tag-anxo-do-rego"},"yoast_head":"<!-- This site is optimized with the Yoast SEO plugin v27.5 - https:\/\/yoast.com\/product\/yoast-seo-wordpress\/ -->\n<title>La sombra que se extiende. La novela negra en el coraz\u00f3n de Espa\u00f1a | HOJAS SUELTAS Peri\u00f3dico Cultural<\/title>\n<meta name=\"description\" content=\"Un recorrido por las Comunidades Aut\u00f3nomas a trav\u00e9s de la lente de la novela negra, sus autores y t\u00edtulos m\u00e1s destacados.\" \/>\n<meta name=\"robots\" content=\"index, follow, max-snippet:-1, max-image-preview:large, max-video-preview:-1\" \/>\n<link rel=\"canonical\" href=\"https:\/\/hojassueltas.es\/?p=9133\" \/>\n<meta property=\"og:locale\" content=\"es_ES\" \/>\n<meta property=\"og:type\" content=\"article\" \/>\n<meta property=\"og:title\" content=\"La sombra que se extiende. La novela negra en el coraz\u00f3n de Espa\u00f1a | HOJAS SUELTAS Peri\u00f3dico Cultural\" \/>\n<meta property=\"og:description\" content=\"Un recorrido por las Comunidades Aut\u00f3nomas a trav\u00e9s de la lente de la novela negra, sus autores y t\u00edtulos m\u00e1s destacados.\" \/>\n<meta property=\"og:url\" content=\"https:\/\/hojassueltas.es\/?p=9133\" \/>\n<meta property=\"og:site_name\" content=\"HOJAS SUELTAS Peri\u00f3dico Cultural\" \/>\n<meta property=\"article:author\" content=\"https:\/\/www.facebook.com\/anxodoregoescritor\/\" \/>\n<meta property=\"article:published_time\" content=\"2024-01-30T22:00:27+00:00\" \/>\n<meta property=\"article:modified_time\" content=\"2025-12-01T10:37:17+00:00\" \/>\n<meta property=\"og:image\" content=\"https:\/\/hojassueltas.es\/wp-content\/uploads\/2024\/01\/lA-NOVELA-NEGRA-EN-eSPANA_web.png\" \/>\n\t<meta property=\"og:image:width\" content=\"1050\" \/>\n\t<meta property=\"og:image:height\" content=\"610\" \/>\n\t<meta property=\"og:image:type\" content=\"image\/png\" \/>\n<meta name=\"author\" content=\"Anxo do Rego\" \/>\n<meta name=\"twitter:card\" content=\"summary_large_image\" \/>\n<meta name=\"twitter:creator\" content=\"@HOJASSUELTAS22\" \/>\n<meta name=\"twitter:site\" content=\"@HOJASSUELTAS22\" \/>\n<meta name=\"twitter:label1\" content=\"Escrito por\" \/>\n\t<meta name=\"twitter:data1\" content=\"Anxo do Rego\" \/>\n\t<meta name=\"twitter:label2\" content=\"Tiempo de lectura\" \/>\n\t<meta name=\"twitter:data2\" content=\"3 minutos\" \/>\n<script type=\"application\/ld+json\" class=\"yoast-schema-graph\">{\"@context\":\"https:\\\/\\\/schema.org\",\"@graph\":[{\"@type\":[\"Article\",\"BlogPosting\"],\"@id\":\"https:\\\/\\\/hojassueltas.es\\\/?p=9133#article\",\"isPartOf\":{\"@id\":\"https:\\\/\\\/hojassueltas.es\\\/?p=9133\"},\"author\":{\"name\":\"Anxo do Rego\",\"@id\":\"https:\\\/\\\/hojassueltas.es\\\/#\\\/schema\\\/person\\\/cc93a1a1f7825a6e1d2c9bddd471a87c\"},\"headline\":\"La sombra que se extiende. La novela negra en el coraz\u00f3n de Espa\u00f1a\",\"datePublished\":\"2024-01-30T22:00:27+00:00\",\"dateModified\":\"2025-12-01T10:37:17+00:00\",\"mainEntityOfPage\":{\"@id\":\"https:\\\/\\\/hojassueltas.es\\\/?p=9133\"},\"wordCount\":479,\"commentCount\":0,\"publisher\":{\"@id\":\"https:\\\/\\\/hojassueltas.es\\\/#organization\"},\"image\":{\"@id\":\"https:\\\/\\\/hojassueltas.es\\\/?p=9133#primaryimage\"},\"thumbnailUrl\":\"https:\\\/\\\/hojassueltas.es\\\/wp-content\\\/uploads\\\/2024\\\/01\\\/lA-NOVELA-NEGRA-EN-eSPANA_web.png\",\"keywords\":[\"Anxo do Rego\"],\"articleSection\":[\"SIN CATEGOR\u00cdA\"],\"inLanguage\":\"es\",\"potentialAction\":[{\"@type\":\"CommentAction\",\"name\":\"Comment\",\"target\":[\"https:\\\/\\\/hojassueltas.es\\\/?p=9133#respond\"]}]},{\"@type\":\"WebPage\",\"@id\":\"https:\\\/\\\/hojassueltas.es\\\/?p=9133\",\"url\":\"https:\\\/\\\/hojassueltas.es\\\/?p=9133\",\"name\":\"La sombra que se extiende. La novela negra en el coraz\u00f3n de Espa\u00f1a | HOJAS SUELTAS Peri\u00f3dico Cultural\",\"isPartOf\":{\"@id\":\"https:\\\/\\\/hojassueltas.es\\\/#website\"},\"primaryImageOfPage\":{\"@id\":\"https:\\\/\\\/hojassueltas.es\\\/?p=9133#primaryimage\"},\"image\":{\"@id\":\"https:\\\/\\\/hojassueltas.es\\\/?p=9133#primaryimage\"},\"thumbnailUrl\":\"https:\\\/\\\/hojassueltas.es\\\/wp-content\\\/uploads\\\/2024\\\/01\\\/lA-NOVELA-NEGRA-EN-eSPANA_web.png\",\"datePublished\":\"2024-01-30T22:00:27+00:00\",\"dateModified\":\"2025-12-01T10:37:17+00:00\",\"description\":\"Un recorrido por las Comunidades Aut\u00f3nomas a trav\u00e9s de la lente de la novela negra, sus autores y t\u00edtulos m\u00e1s destacados.\",\"breadcrumb\":{\"@id\":\"https:\\\/\\\/hojassueltas.es\\\/?p=9133#breadcrumb\"},\"inLanguage\":\"es\",\"potentialAction\":[{\"@type\":\"ReadAction\",\"target\":[\"https:\\\/\\\/hojassueltas.es\\\/?p=9133\"]}]},{\"@type\":\"ImageObject\",\"inLanguage\":\"es\",\"@id\":\"https:\\\/\\\/hojassueltas.es\\\/?p=9133#primaryimage\",\"url\":\"https:\\\/\\\/hojassueltas.es\\\/wp-content\\\/uploads\\\/2024\\\/01\\\/lA-NOVELA-NEGRA-EN-eSPANA_web.png\",\"contentUrl\":\"https:\\\/\\\/hojassueltas.es\\\/wp-content\\\/uploads\\\/2024\\\/01\\\/lA-NOVELA-NEGRA-EN-eSPANA_web.png\",\"width\":1050,\"height\":610},{\"@type\":\"BreadcrumbList\",\"@id\":\"https:\\\/\\\/hojassueltas.es\\\/?p=9133#breadcrumb\",\"itemListElement\":[{\"@type\":\"ListItem\",\"position\":1,\"name\":\"Portada\",\"item\":\"https:\\\/\\\/hojassueltas.es\\\/\"},{\"@type\":\"ListItem\",\"position\":2,\"name\":\"La sombra que se extiende. La novela negra en el coraz\u00f3n de Espa\u00f1a\"}]},{\"@type\":\"WebSite\",\"@id\":\"https:\\\/\\\/hojassueltas.es\\\/#website\",\"url\":\"https:\\\/\\\/hojassueltas.es\\\/\",\"name\":\"HojasSueltas.es\",\"description\":\"GRANADA - Peri\u00f3dico Cultural\",\"publisher\":{\"@id\":\"https:\\\/\\\/hojassueltas.es\\\/#organization\"},\"alternateName\":\"H.S. Periodico Cultural\",\"potentialAction\":[{\"@type\":\"SearchAction\",\"target\":{\"@type\":\"EntryPoint\",\"urlTemplate\":\"https:\\\/\\\/hojassueltas.es\\\/?s={search_term_string}\"},\"query-input\":{\"@type\":\"PropertyValueSpecification\",\"valueRequired\":true,\"valueName\":\"search_term_string\"}}],\"inLanguage\":\"es\"},{\"@type\":\"Organization\",\"@id\":\"https:\\\/\\\/hojassueltas.es\\\/#organization\",\"name\":\"HOJAS SUELTAS - Peri\u00f3dico Cultural\",\"alternateName\":\"HS - HOJAS SUELTAS Peri\u00f3dico Cultural\",\"url\":\"https:\\\/\\\/hojassueltas.es\\\/\",\"logo\":{\"@type\":\"ImageObject\",\"inLanguage\":\"es\",\"@id\":\"https:\\\/\\\/hojassueltas.es\\\/#\\\/schema\\\/logo\\\/image\\\/\",\"url\":\"https:\\\/\\\/hojassueltas.es\\\/wp-content\\\/uploads\\\/2025\\\/08\\\/Icono-HS_2.png\",\"contentUrl\":\"https:\\\/\\\/hojassueltas.es\\\/wp-content\\\/uploads\\\/2025\\\/08\\\/Icono-HS_2.png\",\"width\":500,\"height\":500,\"caption\":\"HOJAS SUELTAS - Peri\u00f3dico Cultural\"},\"image\":{\"@id\":\"https:\\\/\\\/hojassueltas.es\\\/#\\\/schema\\\/logo\\\/image\\\/\"},\"sameAs\":[\"https:\\\/\\\/x.com\\\/HOJASSUELTAS22\"]},{\"@type\":\"Person\",\"@id\":\"https:\\\/\\\/hojassueltas.es\\\/#\\\/schema\\\/person\\\/cc93a1a1f7825a6e1d2c9bddd471a87c\",\"name\":\"Anxo do Rego\",\"image\":{\"@type\":\"ImageObject\",\"inLanguage\":\"es\",\"@id\":\"https:\\\/\\\/hojassueltas.es\\\/wp-content\\\/uploads\\\/2025\\\/02\\\/Anxo-do-Rego_2025-96x96.jpg\",\"url\":\"https:\\\/\\\/hojassueltas.es\\\/wp-content\\\/uploads\\\/2025\\\/02\\\/Anxo-do-Rego_2025-96x96.jpg\",\"contentUrl\":\"https:\\\/\\\/hojassueltas.es\\\/wp-content\\\/uploads\\\/2025\\\/02\\\/Anxo-do-Rego_2025-96x96.jpg\",\"caption\":\"Anxo do Rego\"},\"description\":\"Narrador. Fundador, director y editor de la extinta editorial PG Ediciones. Actualmente asesora y colabora en las editoriales: Editorial Skytale y Aldo Ediciones, del Grupo Editorial Regina Exlibris. Director y redactor del diario cultural Hojas Sueltas. Fundador en 2014 de una de las primeras revistas digitales del g\u00e9nero negro y policial \u00abSolo Novela Negra\u00bb. Participa en numerosas instituciones culturales. Su narrativa se sustenta principalmente en la novela polic\u00edaca con diecis\u00e9is t\u00edtulos del comisario del CNP, Roberto H.C. como protagonista, aunque realiza incursiones en otros g\u00e9neros literarios, tales como la ficci\u00f3n hist\u00f3rica, ciencia ficci\u00f3n, suspense y sentimentales. Mantiene su creatividad literaria con novelas, relatos, art\u00edculos, rese\u00f1as literarias y ensayos.\",\"sameAs\":[\"https:\\\/\\\/anxodorego.com\\\/\",\"https:\\\/\\\/www.facebook.com\\\/anxodoregoescritor\\\/\"],\"url\":\"https:\\\/\\\/hojassueltas.es\\\/?author=18\"}]}<\/script>\n<!-- \/ Yoast SEO plugin. -->","yoast_head_json":{"title":"La sombra que se extiende. La novela negra en el coraz\u00f3n de Espa\u00f1a | HOJAS SUELTAS Peri\u00f3dico Cultural","description":"Un recorrido por las Comunidades Aut\u00f3nomas a trav\u00e9s de la lente de la novela negra, sus autores y t\u00edtulos m\u00e1s destacados.","robots":{"index":"index","follow":"follow","max-snippet":"max-snippet:-1","max-image-preview":"max-image-preview:large","max-video-preview":"max-video-preview:-1"},"canonical":"https:\/\/hojassueltas.es\/?p=9133","og_locale":"es_ES","og_type":"article","og_title":"La sombra que se extiende. La novela negra en el coraz\u00f3n de Espa\u00f1a | HOJAS SUELTAS Peri\u00f3dico Cultural","og_description":"Un recorrido por las Comunidades Aut\u00f3nomas a trav\u00e9s de la lente de la novela negra, sus autores y t\u00edtulos m\u00e1s destacados.","og_url":"https:\/\/hojassueltas.es\/?p=9133","og_site_name":"HOJAS SUELTAS Peri\u00f3dico Cultural","article_author":"https:\/\/www.facebook.com\/anxodoregoescritor\/","article_published_time":"2024-01-30T22:00:27+00:00","article_modified_time":"2025-12-01T10:37:17+00:00","og_image":[{"width":1050,"height":610,"url":"https:\/\/hojassueltas.es\/wp-content\/uploads\/2024\/01\/lA-NOVELA-NEGRA-EN-eSPANA_web.png","type":"image\/png"}],"author":"Anxo do Rego","twitter_card":"summary_large_image","twitter_creator":"@HOJASSUELTAS22","twitter_site":"@HOJASSUELTAS22","twitter_misc":{"Escrito por":"Anxo do Rego","Tiempo de lectura":"3 minutos"},"schema":{"@context":"https:\/\/schema.org","@graph":[{"@type":["Article","BlogPosting"],"@id":"https:\/\/hojassueltas.es\/?p=9133#article","isPartOf":{"@id":"https:\/\/hojassueltas.es\/?p=9133"},"author":{"name":"Anxo do Rego","@id":"https:\/\/hojassueltas.es\/#\/schema\/person\/cc93a1a1f7825a6e1d2c9bddd471a87c"},"headline":"La sombra que se extiende. La novela negra en el coraz\u00f3n de Espa\u00f1a","datePublished":"2024-01-30T22:00:27+00:00","dateModified":"2025-12-01T10:37:17+00:00","mainEntityOfPage":{"@id":"https:\/\/hojassueltas.es\/?p=9133"},"wordCount":479,"commentCount":0,"publisher":{"@id":"https:\/\/hojassueltas.es\/#organization"},"image":{"@id":"https:\/\/hojassueltas.es\/?p=9133#primaryimage"},"thumbnailUrl":"https:\/\/hojassueltas.es\/wp-content\/uploads\/2024\/01\/lA-NOVELA-NEGRA-EN-eSPANA_web.png","keywords":["Anxo do Rego"],"articleSection":["SIN CATEGOR\u00cdA"],"inLanguage":"es","potentialAction":[{"@type":"CommentAction","name":"Comment","target":["https:\/\/hojassueltas.es\/?p=9133#respond"]}]},{"@type":"WebPage","@id":"https:\/\/hojassueltas.es\/?p=9133","url":"https:\/\/hojassueltas.es\/?p=9133","name":"La sombra que se extiende. La novela negra en el coraz\u00f3n de Espa\u00f1a | HOJAS SUELTAS Peri\u00f3dico Cultural","isPartOf":{"@id":"https:\/\/hojassueltas.es\/#website"},"primaryImageOfPage":{"@id":"https:\/\/hojassueltas.es\/?p=9133#primaryimage"},"image":{"@id":"https:\/\/hojassueltas.es\/?p=9133#primaryimage"},"thumbnailUrl":"https:\/\/hojassueltas.es\/wp-content\/uploads\/2024\/01\/lA-NOVELA-NEGRA-EN-eSPANA_web.png","datePublished":"2024-01-30T22:00:27+00:00","dateModified":"2025-12-01T10:37:17+00:00","description":"Un recorrido por las Comunidades Aut\u00f3nomas a trav\u00e9s de la lente de la novela negra, sus autores y t\u00edtulos m\u00e1s destacados.","breadcrumb":{"@id":"https:\/\/hojassueltas.es\/?p=9133#breadcrumb"},"inLanguage":"es","potentialAction":[{"@type":"ReadAction","target":["https:\/\/hojassueltas.es\/?p=9133"]}]},{"@type":"ImageObject","inLanguage":"es","@id":"https:\/\/hojassueltas.es\/?p=9133#primaryimage","url":"https:\/\/hojassueltas.es\/wp-content\/uploads\/2024\/01\/lA-NOVELA-NEGRA-EN-eSPANA_web.png","contentUrl":"https:\/\/hojassueltas.es\/wp-content\/uploads\/2024\/01\/lA-NOVELA-NEGRA-EN-eSPANA_web.png","width":1050,"height":610},{"@type":"BreadcrumbList","@id":"https:\/\/hojassueltas.es\/?p=9133#breadcrumb","itemListElement":[{"@type":"ListItem","position":1,"name":"Portada","item":"https:\/\/hojassueltas.es\/"},{"@type":"ListItem","position":2,"name":"La sombra que se extiende. La novela negra en el coraz\u00f3n de Espa\u00f1a"}]},{"@type":"WebSite","@id":"https:\/\/hojassueltas.es\/#website","url":"https:\/\/hojassueltas.es\/","name":"HojasSueltas.es","description":"GRANADA - Peri\u00f3dico Cultural","publisher":{"@id":"https:\/\/hojassueltas.es\/#organization"},"alternateName":"H.S. Periodico Cultural","potentialAction":[{"@type":"SearchAction","target":{"@type":"EntryPoint","urlTemplate":"https:\/\/hojassueltas.es\/?s={search_term_string}"},"query-input":{"@type":"PropertyValueSpecification","valueRequired":true,"valueName":"search_term_string"}}],"inLanguage":"es"},{"@type":"Organization","@id":"https:\/\/hojassueltas.es\/#organization","name":"HOJAS SUELTAS - Peri\u00f3dico Cultural","alternateName":"HS - HOJAS SUELTAS Peri\u00f3dico Cultural","url":"https:\/\/hojassueltas.es\/","logo":{"@type":"ImageObject","inLanguage":"es","@id":"https:\/\/hojassueltas.es\/#\/schema\/logo\/image\/","url":"https:\/\/hojassueltas.es\/wp-content\/uploads\/2025\/08\/Icono-HS_2.png","contentUrl":"https:\/\/hojassueltas.es\/wp-content\/uploads\/2025\/08\/Icono-HS_2.png","width":500,"height":500,"caption":"HOJAS SUELTAS - Peri\u00f3dico Cultural"},"image":{"@id":"https:\/\/hojassueltas.es\/#\/schema\/logo\/image\/"},"sameAs":["https:\/\/x.com\/HOJASSUELTAS22"]},{"@type":"Person","@id":"https:\/\/hojassueltas.es\/#\/schema\/person\/cc93a1a1f7825a6e1d2c9bddd471a87c","name":"Anxo do Rego","image":{"@type":"ImageObject","inLanguage":"es","@id":"https:\/\/hojassueltas.es\/wp-content\/uploads\/2025\/02\/Anxo-do-Rego_2025-96x96.jpg","url":"https:\/\/hojassueltas.es\/wp-content\/uploads\/2025\/02\/Anxo-do-Rego_2025-96x96.jpg","contentUrl":"https:\/\/hojassueltas.es\/wp-content\/uploads\/2025\/02\/Anxo-do-Rego_2025-96x96.jpg","caption":"Anxo do Rego"},"description":"Narrador. Fundador, director y editor de la extinta editorial PG Ediciones. Actualmente asesora y colabora en las editoriales: Editorial Skytale y Aldo Ediciones, del Grupo Editorial Regina Exlibris. Director y redactor del diario cultural Hojas Sueltas. Fundador en 2014 de una de las primeras revistas digitales del g\u00e9nero negro y policial \u00abSolo Novela Negra\u00bb. Participa en numerosas instituciones culturales. Su narrativa se sustenta principalmente en la novela polic\u00edaca con diecis\u00e9is t\u00edtulos del comisario del CNP, Roberto H.C. como protagonista, aunque realiza incursiones en otros g\u00e9neros literarios, tales como la ficci\u00f3n hist\u00f3rica, ciencia ficci\u00f3n, suspense y sentimentales. Mantiene su creatividad literaria con novelas, relatos, art\u00edculos, rese\u00f1as literarias y ensayos.","sameAs":["https:\/\/anxodorego.com\/","https:\/\/www.facebook.com\/anxodoregoescritor\/"],"url":"https:\/\/hojassueltas.es\/?author=18"}]}},"_links":{"self":[{"href":"https:\/\/hojassueltas.es\/index.php?rest_route=\/wp\/v2\/posts\/9133","targetHints":{"allow":["GET"]}}],"collection":[{"href":"https:\/\/hojassueltas.es\/index.php?rest_route=\/wp\/v2\/posts"}],"about":[{"href":"https:\/\/hojassueltas.es\/index.php?rest_route=\/wp\/v2\/types\/post"}],"author":[{"embeddable":true,"href":"https:\/\/hojassueltas.es\/index.php?rest_route=\/wp\/v2\/users\/18"}],"replies":[{"embeddable":true,"href":"https:\/\/hojassueltas.es\/index.php?rest_route=%2Fwp%2Fv2%2Fcomments&post=9133"}],"version-history":[{"count":3,"href":"https:\/\/hojassueltas.es\/index.php?rest_route=\/wp\/v2\/posts\/9133\/revisions"}],"predecessor-version":[{"id":9138,"href":"https:\/\/hojassueltas.es\/index.php?rest_route=\/wp\/v2\/posts\/9133\/revisions\/9138"}],"wp:featuredmedia":[{"embeddable":true,"href":"https:\/\/hojassueltas.es\/index.php?rest_route=\/wp\/v2\/media\/9135"}],"wp:attachment":[{"href":"https:\/\/hojassueltas.es\/index.php?rest_route=%2Fwp%2Fv2%2Fmedia&parent=9133"}],"wp:term":[{"taxonomy":"category","embeddable":true,"href":"https:\/\/hojassueltas.es\/index.php?rest_route=%2Fwp%2Fv2%2Fcategories&post=9133"},{"taxonomy":"post_tag","embeddable":true,"href":"https:\/\/hojassueltas.es\/index.php?rest_route=%2Fwp%2Fv2%2Ftags&post=9133"}],"curies":[{"name":"wp","href":"https:\/\/api.w.org\/{rel}","templated":true}]}}