{"id":8888,"date":"2024-01-16T00:00:42","date_gmt":"2024-01-15T22:00:42","guid":{"rendered":"https:\/\/hojassueltas.es\/?p=8888"},"modified":"2025-10-18T11:09:26","modified_gmt":"2025-10-18T09:09:26","slug":"la-novela-historica-actual-en-espana-un-viaje-por-el-tiempo-y-la-memoria","status":"publish","type":"post","link":"https:\/\/hojassueltas.es\/?p=8888","title":{"rendered":"La novela hist\u00f3rica actual en Espa\u00f1a: Un viaje por el tiempo y la memoria"},"content":{"rendered":"<p style=\"text-align: justify;\">En las p\u00e1ginas de la literatura espa\u00f1ola, la novela hist\u00f3rica ha florecido con un vigor renovado, dibujando un paisaje narrativo tan rico como diverso. Este g\u00e9nero, que entrelaza ficci\u00f3n y hechos reales, ha encontrado en la Espa\u00f1a contempor\u00e1nea un terreno f\u00e9rtil para explorar su pasado con una mirada cr\u00edtica y creativa.<\/p>\n<p style=\"text-align: justify;\">En su esencia, teje historias de ficci\u00f3n en el tapiz de eventos y personajes reales, diferenci\u00e1ndose de las novelas de ambientaci\u00f3n hist\u00f3rica, que inventan sus personajes y tramas en escenarios del pasado. Esta distinci\u00f3n es crucial para entender c\u00f3mo los autores actuales abordan el g\u00e9nero.<\/p>\n<p style=\"text-align: justify;\">El siglo XIX, con Walter Scott a la cabeza, vio nacer la novela hist\u00f3rica en su forma moderna. En Espa\u00f1a, este g\u00e9nero ha evolucionado significativamente, reflejando las transformaciones culturales y pol\u00edticas del pa\u00eds.<\/p>\n<p style=\"text-align: justify;\">En las \u00faltimas d\u00e9cadas, hemos sido testigos de un resurgimiento apasionante en este \u00e1mbito. Autores contempor\u00e1neos han abordado con maestr\u00eda periodos clave de la historia espa\u00f1ola, ofreciendo una reinterpretaci\u00f3n de eventos pasados que resuena con los lectores de hoy.<\/p>\n<p style=\"text-align: justify;\">Profundicemos en algunos autores contempor\u00e1neos de la novela hist\u00f3rica en Espa\u00f1a y exploremos las obras que han marcado un antes y un despu\u00e9s en este g\u00e9nero literario.<\/p>\n<p style=\"text-align: justify;\"><strong>Javier Cercas<\/strong> &#8211; \u00abSoldados de Salamina\u00bb: Esta obra es un hito en la narrativa contempor\u00e1nea espa\u00f1ola. Cercas combina la ficci\u00f3n con la investigaci\u00f3n hist\u00f3rica para explorar un episodio de la Guerra Civil Espa\u00f1ola. La novela desdibuja las l\u00edneas entre el periodismo y la ficci\u00f3n literaria, invitando a los lectores a reflexionar sobre los temas de la memoria, la verdad y la moralidad en la historia. La relevancia de \u00abSoldados de Salamina\u00bb radica en su capacidad para humanizar un periodo hist\u00f3rico complejo, presentando personajes con una profunda carga emocional y \u00e9tica.<\/p>\n<p style=\"text-align: justify;\"><strong>Arturo P\u00e9rez-Reverte<\/strong> &#8211; Serie \u00abEl capit\u00e1n Alatriste\u00bb: P\u00e9rez-Reverte es, sin duda, uno de los pilares de la novela hist\u00f3rica en Espa\u00f1a. La serie \u00abEl capit\u00e1n Alatriste\u00bb se sumerge en el Siglo de Oro espa\u00f1ol, un periodo de gran importancia cultural y pol\u00edtica. A trav\u00e9s de las aventuras de Diego Alatriste, un soldado veterano, la serie pinta un retrato v\u00edvido de la sociedad espa\u00f1ola de la \u00e9poca. Estas novelas no solo destacan por su rigor hist\u00f3rico, sino tambi\u00e9n por su cr\u00edtica a la corrupci\u00f3n y el poder, temas atemporales y universales.<\/p>\n<p style=\"text-align: justify;\"><strong>Ildefonso Falcones<\/strong> &#8211; \u00abLa catedral del mar\u00bb: Ambientada en la Barcelona del siglo XIV, esta novela es una magn\u00edfica representaci\u00f3n de la vida en la Edad Media. A trav\u00e9s de la construcci\u00f3n de la iglesia de Santa Mar\u00eda del Mar, Falcones teje una historia de lucha, amor, justicia y fe. Su detallada descripci\u00f3n de la sociedad feudal, junto con la construcci\u00f3n de personajes complejos y emotivos, ofrece una perspectiva \u00fanica de este periodo hist\u00f3rico.<\/p>\n<p style=\"text-align: justify;\"><strong>Almudena Grandes<\/strong> &#8211; \u00abEpisodios de una Guerra Interminable\u00bb: Esta serie de novelas es un ambicioso proyecto que explora la Espa\u00f1a posterior a la Guerra Civil. A trav\u00e9s de diferentes historias y personajes, Grandes desentra\u00f1a las heridas, los secretos y las luchas de un pa\u00eds dividido. Su obra es una mezcla de ficci\u00f3n y realidad que pone de manifiesto la importancia de la memoria hist\u00f3rica en la construcci\u00f3n de la identidad nacional.<\/p>\n<p style=\"text-align: justify;\"><strong>Mar\u00eda Due\u00f1as<\/strong> &#8211; \u00abEl tiempo entre costuras\u00bb: Esta novela, que combina elementos de espionaje, romance y aventura, est\u00e1 ambientada durante la Guerra Civil Espa\u00f1ola y la Segunda Guerra Mundial. A trav\u00e9s de la historia de su protagonista, Sira Quiroga, una costurera que se convierte en esp\u00eda, Due\u00f1as ofrece una perspectiva fresca y original de estos conflictos. La habilidad de Due\u00f1as para crear una atm\u00f3sfera evocadora y su atenci\u00f3n al detalle hist\u00f3rico han hecho de esta novela un bestseller internacional.<\/p>\n<p style=\"text-align: justify;\">Estos autores y sus obras representan un espectro amplio de la novela hist\u00f3rica espa\u00f1ola contempor\u00e1nea. Cada uno aporta una visi\u00f3n \u00fanica del pasado, utilizando la ficci\u00f3n para explorar temas complejos y ofrecer nuevas perspectivas sobre la historia de Espa\u00f1a. Sus novelas no son solo entretenimiento; son tambi\u00e9n un medio para entender y reflexionar sobre el pasado, un pasado que sigue influyendo en el presente y el futuro de Espa\u00f1a y del mundo. Junto con muchos otros, contin\u00faan enriqueciendo el panorama literario espa\u00f1ol con sus narrativas hist\u00f3ricas. Se adentran en \u00e9pocas como la Reconquista, la Inquisici\u00f3n, o incluso periodos m\u00e1s recientes como la Transici\u00f3n, aportando nuevas perspectivas y profundizando en la complejidad de la identidad espa\u00f1ola.<\/p>\n<p style=\"text-align: justify;\">Adem\u00e1s de las novelas, el c\u00f3mic hist\u00f3rico ha ganado terreno en Espa\u00f1a, ofreciendo visiones alternativas de la historia. Ejemplos como \u00abEl Jabato\u00bb, que explora la Hispania romana, demuestran la versatilidad del g\u00e9nero y su capacidad para atraer a un p\u00fablico diverso.<\/p>\n<p style=\"text-align: justify;\"><img loading=\"lazy\" decoding=\"async\" class=\"alignnone wp-image-8890 size-full\" src=\"https:\/\/hojassueltas.es\/wp-content\/uploads\/2024\/01\/Novelahistorica_2-web.png\" alt=\"\" width=\"1050\" height=\"610\" srcset=\"https:\/\/hojassueltas.es\/wp-content\/uploads\/2024\/01\/Novelahistorica_2-web.png 1050w, https:\/\/hojassueltas.es\/wp-content\/uploads\/2024\/01\/Novelahistorica_2-web-300x174.png 300w, https:\/\/hojassueltas.es\/wp-content\/uploads\/2024\/01\/Novelahistorica_2-web-768x446.png 768w, https:\/\/hojassueltas.es\/wp-content\/uploads\/2024\/01\/Novelahistorica_2-web-150x87.png 150w, https:\/\/hojassueltas.es\/wp-content\/uploads\/2024\/01\/Novelahistorica_2-web-696x404.png 696w\" sizes=\"auto, (max-width: 1050px) 100vw, 1050px\" \/>La novela hist\u00f3rica en Espa\u00f1a no solo entretiene, sino que tambi\u00e9n educa e invita a la reflexi\u00f3n. A trav\u00e9s de sus p\u00e1ginas, los lectores viajan en el tiempo, enfrent\u00e1ndose a las preguntas eternas sobre la naturaleza humana, la moral y la memoria colectiva. En un mundo cada vez m\u00e1s globalizado y cambiante, estas novelas ofrecen un espejo donde contemplar nuestro pasado, entendiendo mejor el presente y vislumbrando el futuro.<\/p>\n<p style=\"text-align: justify;\">Este art\u00edculo es una muestra de c\u00f3mo el g\u00e9nero de la novela hist\u00f3rica en Espa\u00f1a sigue evolucionando, manteniendo viva la historia a trav\u00e9s de relatos que capturan la imaginaci\u00f3n y despiertan la conciencia.<\/p>\n<p><span style=\"font-family: impact, sans-serif;\">\u00a9 Anxo do Rego. Redacci\u00f3n. Enero 2024. Todos los derechos reservados.\u00a0<\/span><\/p>\n","protected":false},"excerpt":{"rendered":"<p>En las p\u00e1ginas de la literatura espa\u00f1ola, la novela hist\u00f3rica ha florecido con un vigor renovado, dibujando un paisaje narrativo tan rico como diverso. Este g\u00e9nero, que entrelaza ficci\u00f3n y hechos reales, ha encontrado en la Espa\u00f1a contempor\u00e1nea un terreno f\u00e9rtil para explorar su pasado con una mirada cr\u00edtica y creativa. En su esencia, teje [&hellip;]<\/p>\n","protected":false},"author":18,"featured_media":0,"comment_status":"open","ping_status":"closed","sticky":false,"template":"","format":"standard","meta":{"footnotes":""},"categories":[73,1124,2366],"tags":[1204,230,724,1203,366,1205],"class_list":{"0":"post-8888","1":"post","2":"type-post","3":"status-publish","4":"format-standard","6":"category-opinion","7":"category-por-que-leer","8":"category-reflexiones-sobre-generos","9":"tag-almudena-grandes","10":"tag-anxo-do-rego","11":"tag-arturo-perez-reverte","12":"tag-ildefonso-falcones","13":"tag-javier-cercas","14":"tag-maria-duenas"},"yoast_head":"<!-- This site is optimized with the Yoast SEO plugin v27.5 - https:\/\/yoast.com\/product\/yoast-seo-wordpress\/ -->\n<title>La novela hist\u00f3rica actual en Espa\u00f1a: Un viaje por el tiempo y la memoria | OPINI\u00d3N Grupo | HOJAS SUELTAS Peri\u00f3dico Cultural<\/title>\n<meta name=\"robots\" content=\"index, follow, max-snippet:-1, max-image-preview:large, max-video-preview:-1\" \/>\n<link rel=\"canonical\" href=\"https:\/\/hojassueltas.es\/?p=8888\" \/>\n<meta property=\"og:locale\" content=\"es_ES\" \/>\n<meta property=\"og:type\" content=\"article\" \/>\n<meta property=\"og:title\" content=\"La novela hist\u00f3rica actual en Espa\u00f1a: Un viaje por el tiempo y la memoria | OPINI\u00d3N Grupo | HOJAS SUELTAS Peri\u00f3dico Cultural\" \/>\n<meta property=\"og:description\" content=\"En las p\u00e1ginas de la literatura espa\u00f1ola, la novela hist\u00f3rica ha florecido con un vigor renovado, dibujando un paisaje narrativo tan rico como diverso. Este g\u00e9nero, que entrelaza ficci\u00f3n y hechos reales, ha encontrado en la Espa\u00f1a contempor\u00e1nea un terreno f\u00e9rtil para explorar su pasado con una mirada cr\u00edtica y creativa. En su esencia, teje [&hellip;]\" \/>\n<meta property=\"og:url\" content=\"https:\/\/hojassueltas.es\/?p=8888\" \/>\n<meta property=\"og:site_name\" content=\"HOJAS SUELTAS Peri\u00f3dico Cultural\" \/>\n<meta property=\"article:author\" content=\"https:\/\/www.facebook.com\/anxodoregoescritor\/\" \/>\n<meta property=\"article:published_time\" content=\"2024-01-15T22:00:42+00:00\" \/>\n<meta property=\"article:modified_time\" content=\"2025-10-18T09:09:26+00:00\" \/>\n<meta property=\"og:image\" content=\"https:\/\/hojassueltas.es\/wp-content\/uploads\/2024\/01\/Novelahistorica_2-web.png\" \/>\n\t<meta property=\"og:image:width\" content=\"1050\" \/>\n\t<meta property=\"og:image:height\" content=\"610\" \/>\n\t<meta property=\"og:image:type\" content=\"image\/png\" \/>\n<meta name=\"author\" content=\"Anxo do Rego\" \/>\n<meta name=\"twitter:card\" content=\"summary_large_image\" \/>\n<meta name=\"twitter:creator\" content=\"@HOJASSUELTAS22\" \/>\n<meta name=\"twitter:site\" content=\"@HOJASSUELTAS22\" \/>\n<meta name=\"twitter:label1\" content=\"Escrito por\" \/>\n\t<meta name=\"twitter:data1\" content=\"Anxo do Rego\" \/>\n\t<meta name=\"twitter:label2\" content=\"Tiempo de lectura\" \/>\n\t<meta name=\"twitter:data2\" content=\"5 minutos\" \/>\n<script type=\"application\/ld+json\" class=\"yoast-schema-graph\">{\"@context\":\"https:\\\/\\\/schema.org\",\"@graph\":[{\"@type\":[\"Article\",\"BlogPosting\"],\"@id\":\"https:\\\/\\\/hojassueltas.es\\\/?p=8888#article\",\"isPartOf\":{\"@id\":\"https:\\\/\\\/hojassueltas.es\\\/?p=8888\"},\"author\":{\"name\":\"Anxo do Rego\",\"@id\":\"https:\\\/\\\/hojassueltas.es\\\/#\\\/schema\\\/person\\\/cc93a1a1f7825a6e1d2c9bddd471a87c\"},\"headline\":\"La novela hist\u00f3rica actual en Espa\u00f1a: Un viaje por el tiempo y la memoria\",\"datePublished\":\"2024-01-15T22:00:42+00:00\",\"dateModified\":\"2025-10-18T09:09:26+00:00\",\"mainEntityOfPage\":{\"@id\":\"https:\\\/\\\/hojassueltas.es\\\/?p=8888\"},\"wordCount\":999,\"commentCount\":1,\"publisher\":{\"@id\":\"https:\\\/\\\/hojassueltas.es\\\/#organization\"},\"image\":{\"@id\":\"https:\\\/\\\/hojassueltas.es\\\/?p=8888#primaryimage\"},\"thumbnailUrl\":\"https:\\\/\\\/hojassueltas.es\\\/wp-content\\\/uploads\\\/2024\\\/01\\\/Novelahistorica_2-web.png\",\"keywords\":[\"Almudena Grandes\",\"Anxo do Rego\",\"Arturo P\u00e9rez Reverte\",\"Ildefonso Falcones\",\"Javier Cercas\",\"Mar\u00eda Due\u00f1as\"],\"articleSection\":[\"OPINI\u00d3N Grupo\",\"POR QU\u00c9 LEER...\",\"Reflexiones sobre g\u00e9neros\"],\"inLanguage\":\"es\",\"potentialAction\":[{\"@type\":\"CommentAction\",\"name\":\"Comment\",\"target\":[\"https:\\\/\\\/hojassueltas.es\\\/?p=8888#respond\"]}]},{\"@type\":\"WebPage\",\"@id\":\"https:\\\/\\\/hojassueltas.es\\\/?p=8888\",\"url\":\"https:\\\/\\\/hojassueltas.es\\\/?p=8888\",\"name\":\"La novela hist\u00f3rica actual en Espa\u00f1a: Un viaje por el tiempo y la memoria | OPINI\u00d3N Grupo | HOJAS SUELTAS Peri\u00f3dico Cultural\",\"isPartOf\":{\"@id\":\"https:\\\/\\\/hojassueltas.es\\\/#website\"},\"primaryImageOfPage\":{\"@id\":\"https:\\\/\\\/hojassueltas.es\\\/?p=8888#primaryimage\"},\"image\":{\"@id\":\"https:\\\/\\\/hojassueltas.es\\\/?p=8888#primaryimage\"},\"thumbnailUrl\":\"https:\\\/\\\/hojassueltas.es\\\/wp-content\\\/uploads\\\/2024\\\/01\\\/Novelahistorica_2-web.png\",\"datePublished\":\"2024-01-15T22:00:42+00:00\",\"dateModified\":\"2025-10-18T09:09:26+00:00\",\"breadcrumb\":{\"@id\":\"https:\\\/\\\/hojassueltas.es\\\/?p=8888#breadcrumb\"},\"inLanguage\":\"es\",\"potentialAction\":[{\"@type\":\"ReadAction\",\"target\":[\"https:\\\/\\\/hojassueltas.es\\\/?p=8888\"]}]},{\"@type\":\"ImageObject\",\"inLanguage\":\"es\",\"@id\":\"https:\\\/\\\/hojassueltas.es\\\/?p=8888#primaryimage\",\"url\":\"https:\\\/\\\/hojassueltas.es\\\/wp-content\\\/uploads\\\/2024\\\/01\\\/Novelahistorica_2-web.png\",\"contentUrl\":\"https:\\\/\\\/hojassueltas.es\\\/wp-content\\\/uploads\\\/2024\\\/01\\\/Novelahistorica_2-web.png\",\"width\":1050,\"height\":610},{\"@type\":\"BreadcrumbList\",\"@id\":\"https:\\\/\\\/hojassueltas.es\\\/?p=8888#breadcrumb\",\"itemListElement\":[{\"@type\":\"ListItem\",\"position\":1,\"name\":\"Portada\",\"item\":\"https:\\\/\\\/hojassueltas.es\\\/\"},{\"@type\":\"ListItem\",\"position\":2,\"name\":\"La novela hist\u00f3rica actual en Espa\u00f1a: Un viaje por el tiempo y la memoria\"}]},{\"@type\":\"WebSite\",\"@id\":\"https:\\\/\\\/hojassueltas.es\\\/#website\",\"url\":\"https:\\\/\\\/hojassueltas.es\\\/\",\"name\":\"HojasSueltas.es\",\"description\":\"GRANADA - Peri\u00f3dico Cultural\",\"publisher\":{\"@id\":\"https:\\\/\\\/hojassueltas.es\\\/#organization\"},\"alternateName\":\"H.S. Periodico Cultural\",\"potentialAction\":[{\"@type\":\"SearchAction\",\"target\":{\"@type\":\"EntryPoint\",\"urlTemplate\":\"https:\\\/\\\/hojassueltas.es\\\/?s={search_term_string}\"},\"query-input\":{\"@type\":\"PropertyValueSpecification\",\"valueRequired\":true,\"valueName\":\"search_term_string\"}}],\"inLanguage\":\"es\"},{\"@type\":\"Organization\",\"@id\":\"https:\\\/\\\/hojassueltas.es\\\/#organization\",\"name\":\"HOJAS SUELTAS - Peri\u00f3dico Cultural\",\"alternateName\":\"HS - HOJAS SUELTAS Peri\u00f3dico Cultural\",\"url\":\"https:\\\/\\\/hojassueltas.es\\\/\",\"logo\":{\"@type\":\"ImageObject\",\"inLanguage\":\"es\",\"@id\":\"https:\\\/\\\/hojassueltas.es\\\/#\\\/schema\\\/logo\\\/image\\\/\",\"url\":\"https:\\\/\\\/hojassueltas.es\\\/wp-content\\\/uploads\\\/2025\\\/08\\\/Icono-HS_2.png\",\"contentUrl\":\"https:\\\/\\\/hojassueltas.es\\\/wp-content\\\/uploads\\\/2025\\\/08\\\/Icono-HS_2.png\",\"width\":500,\"height\":500,\"caption\":\"HOJAS SUELTAS - Peri\u00f3dico Cultural\"},\"image\":{\"@id\":\"https:\\\/\\\/hojassueltas.es\\\/#\\\/schema\\\/logo\\\/image\\\/\"},\"sameAs\":[\"https:\\\/\\\/x.com\\\/HOJASSUELTAS22\"]},{\"@type\":\"Person\",\"@id\":\"https:\\\/\\\/hojassueltas.es\\\/#\\\/schema\\\/person\\\/cc93a1a1f7825a6e1d2c9bddd471a87c\",\"name\":\"Anxo do Rego\",\"image\":{\"@type\":\"ImageObject\",\"inLanguage\":\"es\",\"@id\":\"https:\\\/\\\/hojassueltas.es\\\/wp-content\\\/uploads\\\/2025\\\/02\\\/Anxo-do-Rego_2025-96x96.jpg\",\"url\":\"https:\\\/\\\/hojassueltas.es\\\/wp-content\\\/uploads\\\/2025\\\/02\\\/Anxo-do-Rego_2025-96x96.jpg\",\"contentUrl\":\"https:\\\/\\\/hojassueltas.es\\\/wp-content\\\/uploads\\\/2025\\\/02\\\/Anxo-do-Rego_2025-96x96.jpg\",\"caption\":\"Anxo do Rego\"},\"description\":\"Narrador. Fundador, director y editor de la extinta editorial PG Ediciones. Actualmente asesora y colabora en las editoriales: Editorial Skytale y Aldo Ediciones, del Grupo Editorial Regina Exlibris. Director y redactor del diario cultural Hojas Sueltas. Fundador en 2014 de una de las primeras revistas digitales del g\u00e9nero negro y policial \u00abSolo Novela Negra\u00bb. Participa en numerosas instituciones culturales. Su narrativa se sustenta principalmente en la novela polic\u00edaca con diecis\u00e9is t\u00edtulos del comisario del CNP, Roberto H.C. como protagonista, aunque realiza incursiones en otros g\u00e9neros literarios, tales como la ficci\u00f3n hist\u00f3rica, ciencia ficci\u00f3n, suspense y sentimentales. Mantiene su creatividad literaria con novelas, relatos, art\u00edculos, rese\u00f1as literarias y ensayos.\",\"sameAs\":[\"https:\\\/\\\/anxodorego.com\\\/\",\"https:\\\/\\\/www.facebook.com\\\/anxodoregoescritor\\\/\"],\"url\":\"https:\\\/\\\/hojassueltas.es\\\/?author=18\"}]}<\/script>\n<!-- \/ Yoast SEO plugin. -->","yoast_head_json":{"title":"La novela hist\u00f3rica actual en Espa\u00f1a: Un viaje por el tiempo y la memoria | OPINI\u00d3N Grupo | HOJAS SUELTAS Peri\u00f3dico Cultural","robots":{"index":"index","follow":"follow","max-snippet":"max-snippet:-1","max-image-preview":"max-image-preview:large","max-video-preview":"max-video-preview:-1"},"canonical":"https:\/\/hojassueltas.es\/?p=8888","og_locale":"es_ES","og_type":"article","og_title":"La novela hist\u00f3rica actual en Espa\u00f1a: Un viaje por el tiempo y la memoria | OPINI\u00d3N Grupo | HOJAS SUELTAS Peri\u00f3dico Cultural","og_description":"En las p\u00e1ginas de la literatura espa\u00f1ola, la novela hist\u00f3rica ha florecido con un vigor renovado, dibujando un paisaje narrativo tan rico como diverso. Este g\u00e9nero, que entrelaza ficci\u00f3n y hechos reales, ha encontrado en la Espa\u00f1a contempor\u00e1nea un terreno f\u00e9rtil para explorar su pasado con una mirada cr\u00edtica y creativa. En su esencia, teje [&hellip;]","og_url":"https:\/\/hojassueltas.es\/?p=8888","og_site_name":"HOJAS SUELTAS Peri\u00f3dico Cultural","article_author":"https:\/\/www.facebook.com\/anxodoregoescritor\/","article_published_time":"2024-01-15T22:00:42+00:00","article_modified_time":"2025-10-18T09:09:26+00:00","og_image":[{"width":1050,"height":610,"url":"https:\/\/hojassueltas.es\/wp-content\/uploads\/2024\/01\/Novelahistorica_2-web.png","type":"image\/png"}],"author":"Anxo do Rego","twitter_card":"summary_large_image","twitter_creator":"@HOJASSUELTAS22","twitter_site":"@HOJASSUELTAS22","twitter_misc":{"Escrito por":"Anxo do Rego","Tiempo de lectura":"5 minutos"},"schema":{"@context":"https:\/\/schema.org","@graph":[{"@type":["Article","BlogPosting"],"@id":"https:\/\/hojassueltas.es\/?p=8888#article","isPartOf":{"@id":"https:\/\/hojassueltas.es\/?p=8888"},"author":{"name":"Anxo do Rego","@id":"https:\/\/hojassueltas.es\/#\/schema\/person\/cc93a1a1f7825a6e1d2c9bddd471a87c"},"headline":"La novela hist\u00f3rica actual en Espa\u00f1a: Un viaje por el tiempo y la memoria","datePublished":"2024-01-15T22:00:42+00:00","dateModified":"2025-10-18T09:09:26+00:00","mainEntityOfPage":{"@id":"https:\/\/hojassueltas.es\/?p=8888"},"wordCount":999,"commentCount":1,"publisher":{"@id":"https:\/\/hojassueltas.es\/#organization"},"image":{"@id":"https:\/\/hojassueltas.es\/?p=8888#primaryimage"},"thumbnailUrl":"https:\/\/hojassueltas.es\/wp-content\/uploads\/2024\/01\/Novelahistorica_2-web.png","keywords":["Almudena Grandes","Anxo do Rego","Arturo P\u00e9rez Reverte","Ildefonso Falcones","Javier Cercas","Mar\u00eda Due\u00f1as"],"articleSection":["OPINI\u00d3N Grupo","POR QU\u00c9 LEER...","Reflexiones sobre g\u00e9neros"],"inLanguage":"es","potentialAction":[{"@type":"CommentAction","name":"Comment","target":["https:\/\/hojassueltas.es\/?p=8888#respond"]}]},{"@type":"WebPage","@id":"https:\/\/hojassueltas.es\/?p=8888","url":"https:\/\/hojassueltas.es\/?p=8888","name":"La novela hist\u00f3rica actual en Espa\u00f1a: Un viaje por el tiempo y la memoria | OPINI\u00d3N Grupo | HOJAS SUELTAS Peri\u00f3dico Cultural","isPartOf":{"@id":"https:\/\/hojassueltas.es\/#website"},"primaryImageOfPage":{"@id":"https:\/\/hojassueltas.es\/?p=8888#primaryimage"},"image":{"@id":"https:\/\/hojassueltas.es\/?p=8888#primaryimage"},"thumbnailUrl":"https:\/\/hojassueltas.es\/wp-content\/uploads\/2024\/01\/Novelahistorica_2-web.png","datePublished":"2024-01-15T22:00:42+00:00","dateModified":"2025-10-18T09:09:26+00:00","breadcrumb":{"@id":"https:\/\/hojassueltas.es\/?p=8888#breadcrumb"},"inLanguage":"es","potentialAction":[{"@type":"ReadAction","target":["https:\/\/hojassueltas.es\/?p=8888"]}]},{"@type":"ImageObject","inLanguage":"es","@id":"https:\/\/hojassueltas.es\/?p=8888#primaryimage","url":"https:\/\/hojassueltas.es\/wp-content\/uploads\/2024\/01\/Novelahistorica_2-web.png","contentUrl":"https:\/\/hojassueltas.es\/wp-content\/uploads\/2024\/01\/Novelahistorica_2-web.png","width":1050,"height":610},{"@type":"BreadcrumbList","@id":"https:\/\/hojassueltas.es\/?p=8888#breadcrumb","itemListElement":[{"@type":"ListItem","position":1,"name":"Portada","item":"https:\/\/hojassueltas.es\/"},{"@type":"ListItem","position":2,"name":"La novela hist\u00f3rica actual en Espa\u00f1a: Un viaje por el tiempo y la memoria"}]},{"@type":"WebSite","@id":"https:\/\/hojassueltas.es\/#website","url":"https:\/\/hojassueltas.es\/","name":"HojasSueltas.es","description":"GRANADA - Peri\u00f3dico Cultural","publisher":{"@id":"https:\/\/hojassueltas.es\/#organization"},"alternateName":"H.S. Periodico Cultural","potentialAction":[{"@type":"SearchAction","target":{"@type":"EntryPoint","urlTemplate":"https:\/\/hojassueltas.es\/?s={search_term_string}"},"query-input":{"@type":"PropertyValueSpecification","valueRequired":true,"valueName":"search_term_string"}}],"inLanguage":"es"},{"@type":"Organization","@id":"https:\/\/hojassueltas.es\/#organization","name":"HOJAS SUELTAS - Peri\u00f3dico Cultural","alternateName":"HS - HOJAS SUELTAS Peri\u00f3dico Cultural","url":"https:\/\/hojassueltas.es\/","logo":{"@type":"ImageObject","inLanguage":"es","@id":"https:\/\/hojassueltas.es\/#\/schema\/logo\/image\/","url":"https:\/\/hojassueltas.es\/wp-content\/uploads\/2025\/08\/Icono-HS_2.png","contentUrl":"https:\/\/hojassueltas.es\/wp-content\/uploads\/2025\/08\/Icono-HS_2.png","width":500,"height":500,"caption":"HOJAS SUELTAS - Peri\u00f3dico Cultural"},"image":{"@id":"https:\/\/hojassueltas.es\/#\/schema\/logo\/image\/"},"sameAs":["https:\/\/x.com\/HOJASSUELTAS22"]},{"@type":"Person","@id":"https:\/\/hojassueltas.es\/#\/schema\/person\/cc93a1a1f7825a6e1d2c9bddd471a87c","name":"Anxo do Rego","image":{"@type":"ImageObject","inLanguage":"es","@id":"https:\/\/hojassueltas.es\/wp-content\/uploads\/2025\/02\/Anxo-do-Rego_2025-96x96.jpg","url":"https:\/\/hojassueltas.es\/wp-content\/uploads\/2025\/02\/Anxo-do-Rego_2025-96x96.jpg","contentUrl":"https:\/\/hojassueltas.es\/wp-content\/uploads\/2025\/02\/Anxo-do-Rego_2025-96x96.jpg","caption":"Anxo do Rego"},"description":"Narrador. Fundador, director y editor de la extinta editorial PG Ediciones. Actualmente asesora y colabora en las editoriales: Editorial Skytale y Aldo Ediciones, del Grupo Editorial Regina Exlibris. Director y redactor del diario cultural Hojas Sueltas. Fundador en 2014 de una de las primeras revistas digitales del g\u00e9nero negro y policial \u00abSolo Novela Negra\u00bb. Participa en numerosas instituciones culturales. Su narrativa se sustenta principalmente en la novela polic\u00edaca con diecis\u00e9is t\u00edtulos del comisario del CNP, Roberto H.C. como protagonista, aunque realiza incursiones en otros g\u00e9neros literarios, tales como la ficci\u00f3n hist\u00f3rica, ciencia ficci\u00f3n, suspense y sentimentales. Mantiene su creatividad literaria con novelas, relatos, art\u00edculos, rese\u00f1as literarias y ensayos.","sameAs":["https:\/\/anxodorego.com\/","https:\/\/www.facebook.com\/anxodoregoescritor\/"],"url":"https:\/\/hojassueltas.es\/?author=18"}]}},"_links":{"self":[{"href":"https:\/\/hojassueltas.es\/index.php?rest_route=\/wp\/v2\/posts\/8888","targetHints":{"allow":["GET"]}}],"collection":[{"href":"https:\/\/hojassueltas.es\/index.php?rest_route=\/wp\/v2\/posts"}],"about":[{"href":"https:\/\/hojassueltas.es\/index.php?rest_route=\/wp\/v2\/types\/post"}],"author":[{"embeddable":true,"href":"https:\/\/hojassueltas.es\/index.php?rest_route=\/wp\/v2\/users\/18"}],"replies":[{"embeddable":true,"href":"https:\/\/hojassueltas.es\/index.php?rest_route=%2Fwp%2Fv2%2Fcomments&post=8888"}],"version-history":[{"count":2,"href":"https:\/\/hojassueltas.es\/index.php?rest_route=\/wp\/v2\/posts\/8888\/revisions"}],"predecessor-version":[{"id":8892,"href":"https:\/\/hojassueltas.es\/index.php?rest_route=\/wp\/v2\/posts\/8888\/revisions\/8892"}],"wp:attachment":[{"href":"https:\/\/hojassueltas.es\/index.php?rest_route=%2Fwp%2Fv2%2Fmedia&parent=8888"}],"wp:term":[{"taxonomy":"category","embeddable":true,"href":"https:\/\/hojassueltas.es\/index.php?rest_route=%2Fwp%2Fv2%2Fcategories&post=8888"},{"taxonomy":"post_tag","embeddable":true,"href":"https:\/\/hojassueltas.es\/index.php?rest_route=%2Fwp%2Fv2%2Ftags&post=8888"}],"curies":[{"name":"wp","href":"https:\/\/api.w.org\/{rel}","templated":true}]}}