{"id":8346,"date":"2023-12-20T00:00:31","date_gmt":"2023-12-19T22:00:31","guid":{"rendered":"https:\/\/hojassueltas.es\/?p=8346"},"modified":"2025-12-05T13:24:32","modified_gmt":"2025-12-05T11:24:32","slug":"el-confidente","status":"publish","type":"post","link":"https:\/\/hojassueltas.es\/?p=8346","title":{"rendered":"El confidente"},"content":{"rendered":"<p style=\"text-align: justify;\">Fueron muchas horas de charla en la celda hasta que apagaban las luces. Era el momento m\u00e1s ilusionante del d\u00eda, aunque no puedo calificarlo como de sinceridad, en realidad era debido a la falta de comunicaci\u00f3n, soledad u otras situaciones individuales. Siempre me pareci\u00f3 necesaria la intercomunicaci\u00f3n con otras personas. Mis principios en ocasiones, tuve que someterlos a la necesidad de hacer part\u00edcipe a alguien de mis problemas, situaciones o simples disquisiciones mentales. El resto de los presos se burlaban, nos se\u00f1alaban como \u00abLos amantes de Sevilla\u00bb.<\/p>\n<p style=\"text-align: justify;\">Me hizo prometer que cuanto me dijera, jam\u00e1s lo comentar\u00eda con alguien, y a\u00fan menos con la polic\u00eda; ten\u00eda demasiadas cuestiones pendientes con ella en las diferentes ciudades por las que pas\u00f3 en su dilatada vida. Hoy me liber\u00e9 de la promesa. \u00c9l falleci\u00f3 en prisi\u00f3n, faltaban tres meses para disfrutar de su especial libertad; yo, d\u00edas despu\u00e9s sal\u00ed de ella, hace ya m\u00e1s de un a\u00f1o cumpl\u00ed con la sociedad, aunque la dificultad, o mejor, el estigma de haber estado preso limita, y en ocasiones cercena, la posibilidad de encontrar un buen trabajo remunerado. Es la raz\u00f3n por la que decid\u00ed escribir una novela, bajo la etiqueta de \u00abTrue Crimen\u00bb que ciertos autores, tambi\u00e9n editoriales, consideran como g\u00e9nero negro.<\/p>\n<p style=\"text-align: justify;\">Se preguntar\u00e1n, dado que no me conocen, c\u00f3mo me atrevo a escribir siendo una actividad tan compleja y dif\u00edcil. Sencillo, necesito comer cada d\u00eda, es mi \u00fanica raz\u00f3n. Las puertas de mi antigua empresa se cerraron cuando me vi envuelto en ciertos problemas, siguiendo las directrices de mis superiores, que a su vez recibieron de los miembros del consejo de administraci\u00f3n. Una discusi\u00f3n seguida de amenazas y actos violentos me llevaron a lo que consider\u00e9 como defensa propia, no as\u00ed la justicia. \u00a1Ya est\u00e1! Lo dije, pese a que no era mi intenci\u00f3n. Ser\u00e9 conciso, solo comentar\u00e9 algunos aspectos de mi compa\u00f1ero de celda, al menos es la recomendaci\u00f3n de mi editor. Creo que sigo alejado de la reciprocidad, me utilizan descaradamente, sin contemplaciones. Estoy convencido, mi cerebro ha sufrido alguna fragmentaci\u00f3n, me sit\u00fao alejado de una buena base de relaciones. Seg\u00fan Francis, mi editor, es preciso alg\u00fan motivo atractivo para vender ejemplares cuando lance la novela. No me importa. Me pidi\u00f3 escribiera unos relatos cortos y publicara en alguna revista del g\u00e9nero, para una vez visto el resultado de cr\u00edticas y en todo caso de aceptaci\u00f3n, ocuparse m\u00e1s adelante para incluirlo en el marketing como apoyo previo al lanzamiento de la novela.<\/p>\n<p style=\"text-align: justify;\">\u00a1Qu\u00e9 cosas! Cre\u00ed que mi trabajo como economista en la empresa, era el \u00fanico que manipulaba cifras y componendas para satisfacer, primero al consejo de administraci\u00f3n y a los accionistas. Sin embargo, dedicarse a estos menesteres como autor, sin alharaca alguna, solo demuestra el inmenso tiempo que debo dedicar para llevar los cap\u00edtulos escritos a Francis. Suerte que tengo buena memoria. Supongo ha llegado el momento de comenzar a contarles alguna de las vivencias relatadas por Mat\u00edas en la celda com\u00fan.<\/p>\n<p style=\"text-align: justify;\">Era el menor de una familia modesta. Sus hermanos, Sergio y Matilde no tuvieron tanta suerte como \u00e9l, pero esa historia no pienso abordarla ahora. No se llev\u00f3 nunca bien con ellos, seg\u00fan mis observaciones, Mat\u00edas, desde su infancia y a la vista de sus extra\u00f1os comportamientos, estaba preparando los cimientos para formar parte de ese grupo de esquizofr\u00e9nicos paranoides que suelen desembocar en asesinos m\u00faltiples.<\/p>\n<p style=\"text-align: justify;\">Ciertamente no soy profesional en la materia, sin embargo, los an\u00e1lisis posteriores que realic\u00e9 al preparar la narraci\u00f3n me abrieron la mente e indicaron que los s\u00edntomas de Mat\u00edas, por su maldad, denunciaban sus trastornos psic\u00f3ticos. Lean\u2026<\/p>\n<p style=\"text-align: justify;\"><em>Aquel verano reci\u00e9n cumplidos quince a\u00f1os, toda la familia viajamos a un pueblo del interior. Sol de agosto, costumbres pueblerinas, grupos de ac\u00e9milas con serones en ambos lados cargados con sacos de trigo, o qu\u00e9 s\u00e9 yo el tipo de cereal. Mi padre alquil\u00f3 una casa. Mi hermano Sergio y yo ocupamos un cuarto, mi hermana otro, y ellos en la parte superior. Suelos de barro cocido, muebles de madera antiguos, descoloridos por el paso del tiempo. Por las ma\u00f1anas sal\u00edamos a pasear cerca del rio, incluso llegamos a ba\u00f1arnos pese a la prohibici\u00f3n lanzada por la gruesa voz de mi padre. Una tarde, Matilde regres\u00f3 de su paseo con otras ni\u00f1as, portando en sus brazos un cachorro de perro. Pese a las discusiones originadas, mis padres claudicaron y aceptaron tenerlo hasta volver a la ciudad. \u00a1Pero cu\u00eddalo t\u00fa! Rezong\u00f3 mi padre y aplaudi\u00f3 mi madre. <\/em><\/p>\n<p style=\"text-align: justify;\"><em>El perro le bautiz\u00f3 con el nombre \u00abValor\u00bb. Acud\u00eda a las llamadas de mi hermana, no obstante, se met\u00eda por todos lados, mord\u00eda mis sandalias y mis dedos. No me gustaba en absoluto. Cansado de sus impertinencias de cachorro, aprovech\u00e9 una tarde en que mi hermana sali\u00f3 y urd\u00ed mi venganza. La ventana de su habitaci\u00f3n daba al campo, debajo, un grupo tupido y denso de plantas desconocidas entre los que hab\u00eda cardos puntiagudos, que cubr\u00edan una ampl\u00eda \u00e1rea hasta perderse en el horizonte. Debajo del poyato de la ventana, puse una banqueta, suficientemente atractiva para que \u2018Valor\u2019 pudiera subir. Me sigui\u00f3 como hac\u00eda siempre. Tras abandonar la habitaci\u00f3n segu\u00ed observando desde la rendija de la puerta. Subi\u00f3 a la banqueta despu\u00e9s de tres intentos, otro esfuerzo y alcanz\u00f3 el alfeizar de la ventana, que dej\u00e9 abierta a prop\u00f3sito. Solo tuve que sujetar un trozo de carne y mostr\u00e1rsela al perro. Intent\u00f3 alcanzarla al tiempo que alargaba mi mano para que no lo lograra. Intent\u00f3 arrebat\u00e1rmela y le procur\u00e9 un salto al vac\u00edo. Cay\u00f3 entre los cardos y comenz\u00f3 a lanzar ladridos lastimosos. No pod\u00eda moverse. Abandon\u00e9 el cuarto de mi hermana.<\/em><\/p>\n<p style=\"text-align: justify;\"><em>Cuando regres\u00f3 Matilde la observ\u00e9 buscando por toda la casa a su \u2018Valor\u2019. No lo encontr\u00f3, tampoco oy\u00f3 sus ladridos de auxilio. Debi\u00f3 morir despu\u00e9s de tantas horas bajo el sol, sin agua y herido. No le dije nada, estaba contento con su desaparici\u00f3n, me hab\u00eda desprendido de sus mordiscos. Qued\u00f3 convencida de su huida. Al cabo de tres d\u00edas le pregunt\u00e9 si sol\u00eda dejar la ventana abierta y la banqueta bajo ella, \u2014es posible, dijo compungida\u2014. Fue el momento para decirle que tal vez pudo caerse. Llor\u00f3 amargamente y nos ofreci\u00f3 a todos su sentimiento de culpa. Mi padre sentenci\u00f3: \u00abEn esta casa no volver\u00e1 a entrar un animal, \u00a1Me hab\u00e9is o\u00eddo!\u00bb<\/em><\/p>\n<p style=\"text-align: justify;\"><em>\u00a0<\/em>Tuve la sensaci\u00f3n de escuchar a un ser sin sentimiento alguno, sin duda un psic\u00f3pata. Cruel no solo con los animales, tambi\u00e9n con su familia, seg\u00fan los muchos relatos que le escuch\u00e9. D\u00eda tras d\u00eda atend\u00ed con atenci\u00f3n y temor escondido, cada uno de los actos que le llevaron a prisi\u00f3n.<\/p>\n<p style=\"text-align: justify;\">Me relat\u00f3 con profusi\u00f3n de datos, la extra\u00f1a sensaci\u00f3n de bienestar y tranquilidad que aparec\u00eda despu\u00e9s de matar. M\u00e1s de diez, seg\u00fan puedo recordar. Seg\u00fan a\u00f1ad\u00eda, al principio era odio, retenido durante mucho tiempo, emociones que dorm\u00edan para reaparecer y obligarle a desear acabar con la vida de alguien. Tuve miedo a preguntar si en su infancia y pubertad sufri\u00f3 desavenencias con sus padres, compa\u00f1eros o amigos. No quiso responder, de inmediato abord\u00f3 la narraci\u00f3n de sus cr\u00edmenes.<\/p>\n<p style=\"text-align: justify;\"><em>A los dos meses de marcharme de casa de mis padres, logr\u00e9 llegar a la ciudad, encontrar un trabajo y una casa donde vivir. La portera, una se\u00f1ora mayor, cotilla y metementodo, sol\u00eda rega\u00f1arme si me ve\u00eda salir temprano, lo mismo que si lo hac\u00eda tarde. \u00bfA ella que le importaba? Me enervaba. Le dije en numerosas ocasiones \u00abolv\u00eddeme, de lo contrario un d\u00eda de estos me enfadar\u00e9 con usted y sufrir\u00e1 las consecuencias\u00bb. As\u00ed fue. La noche de un viernes, fin de semana continuado de festivo en martes, la mayor\u00eda de los vecinos salieron a disfrutar de puente, yo no pude, tuve trabajo. Al salir nos fuimos de copas y llegu\u00e9 cerca de la una de la madrugada. Al pasar por la porter\u00eda, la insomne mujer se par\u00f3 para recordarme que un joven no deb\u00eda beber m\u00e1s de la cuenta, y s\u00ed recogerse pronto. No le hice caso, sub\u00ed a mi casa, cog\u00ed un cuchillo de la cocina y baj\u00e9 a la porter\u00eda. Llam\u00e9 en dos ocasiones, abri\u00f3 la puerta y sin mediar palabra le clav\u00e9 el cuchillo en el pecho. No le dio tiempo a reprenderme m\u00e1s. Sub\u00ed, me duch\u00e9, dorm\u00ed unas horas y me march\u00e9 a trabajar. La puerta se mantuvo cerrada y supongo que su cuerpo, permanecer\u00eda inm\u00f3vil bajo un charco de sangre. A mi regreso vi un coche de polic\u00eda en la puerta y varios agentes hablando con los \u00fanicos vecinos, que, como yo, no salieron de vacaciones.<\/em><\/p>\n<p style=\"text-align: justify;\">Como esta historia, me refiri\u00f3 muchas m\u00e1s, pero no quiero seguir relat\u00e1ndoselas, tendr\u00e1n que verlas publicadas en la novela, cuyo t\u00edtulo, elegido por mi editor, ser\u00e1 \u00abEl confidente\u00bb.<\/p>\n<p style=\"text-align: justify;\">Ahora debo llevar este relato a mi editor, para revisar su contenido, y seg\u00fan dice, para que suscite inter\u00e9s en comprar y leer la novela.<\/p>\n<p style=\"text-align: justify;\">\u2014Si\u00e9ntate Mat\u00edas debemos hablar \u2014me pidi\u00f3 Francis, mi editor.<\/p>\n<p style=\"text-align: justify;\">\u2014Tu dir\u00e1s.<\/p>\n<p style=\"text-align: justify;\">\u2014Necesito que nos proporciones un n\u00famero de cuenta bancaria para ingresarte la cifra que convinimos en el contrato de cesi\u00f3n de los derechos de tu novela.<\/p>\n<p style=\"text-align: justify;\">\u2014Preferir\u00eda que me pagaras en met\u00e1lico.<\/p>\n<p style=\"text-align: justify;\">\u2014No va a ser posible, el contable me lo exige, lo siento.<\/p>\n<p style=\"text-align: justify;\">\u2014Ver\u00e9 lo que puedo hacer. Te avisar\u00e9 en cuanto lo tenga resuelto.<\/p>\n<p style=\"text-align: justify;\">\u2014De acuerdo con este tema.<\/p>\n<p style=\"text-align: justify;\">\u2014\u00bfHay m\u00e1s asuntos?<\/p>\n<p style=\"text-align: justify;\">\u2014Temo que s\u00ed.<\/p>\n<p style=\"text-align: justify;\">\u2014Pues cu\u00e9ntame.<\/p>\n<p style=\"text-align: justify;\">\u2014Hemos tenido problemas al confrontar los datos biogr\u00e1ficos que nos aportaste.<\/p>\n<p style=\"text-align: justify;\">\u2014No entiendo.<\/p>\n<p style=\"text-align: justify;\">\u2014Marketing me propuso realizar un v\u00eddeo promocional. Con su equipo fue al pueblo donde nos comentaste que viviste, despu\u00e9s a tus diferentes domicilios para entrevistar a tus vecinos, familia y amigos, seg\u00fan el guion previsto.<\/p>\n<p>\u2014\u00bfY qu\u00e9 pas\u00f3?<\/p>\n<p>\u2014Con quienes habl\u00f3 no te conoc\u00edan. En realidad, al preguntar por tu nombre asent\u00edan, pero al mostrarles una imagen tuya negaban conocerte. \u00bfTuviste o tienes alg\u00fan problema con todos ellos?<\/p>\n<p>\u2014Que yo sepa no, pero lo arreglar\u00e9 enseguida.<\/p>\n<p>\u2014No es preciso Mat\u00edas, no publicar\u00e9 tu novela, es m\u00e1s, en esta carta damos por cancelado el contrato que firmamos.<\/p>\n<p style=\"text-align: justify;\">\u2014No comprendo.<\/p>\n<p style=\"text-align: justify;\">\u2014Nosotros tampoco, pero mucho me temo que algo no concuerda en ti.<\/p>\n<p style=\"text-align: justify;\">\u2014\u00bfA qu\u00e9 te refieres?<\/p>\n<p style=\"text-align: justify;\">\u2014Mat\u00edas P\u00e9rez Casta\u00f1o \u00bfSon esos tus verdaderos nombre y apellidos?<\/p>\n<p style=\"text-align: justify;\">\u2014Son los que figuran en mi DNI.<\/p>\n<p style=\"text-align: justify;\">\u2014Eso no responde a mi pregunta.<\/p>\n<p style=\"text-align: justify;\">\u2014Pues claro que s\u00ed.<\/p>\n<p style=\"text-align: justify;\">\u2014Lo lamento mucho, pero Mat\u00edas P\u00e9rez Casta\u00f1o, muri\u00f3 envenenado en su celda de la c\u00e1rcel de Sevilla, hace exactamente 390 d\u00edas, dos antes de tu puesta en libertad. Ahora dime por favor cu\u00e1les son los verdaderos.<\/p>\n<p style=\"text-align: justify;\">\u2014Como bien has dicho, ahora cancelaremos nuestra relaci\u00f3n.<\/p>\n<p style=\"text-align: justify;\">\u2014Cuidado con lo que intentas.<\/p>\n<p style=\"text-align: justify;\">\u2014T\u00fa eres quien debes tener cuidado. No me gusta la gente como t\u00fa, interfieres mi vida y no puedo permit\u00edrtelo.<\/p>\n<p style=\"text-align: justify;\">\u2014No te muevas Nicasio Fuentes Prim, ese es tu nombre \u00bfverdad?<\/p>\n<p style=\"text-align: justify;\">\u2014Tal vez, pero no debes decirlo a nadie. Mejor me ocupar\u00e9 personalmente<\/p>\n<p style=\"text-align: justify;\">\u2014\u00a1Quieto! No mueva las manos. P\u00f3ngalas detr\u00e1s de la cabeza, polic\u00eda \u2014solicit\u00f3 una voz ronca\u2014. Queda detenido.<\/p>\n<p style=\"text-align: justify;\">\n<p style=\"text-align: justify;\">Mientras Nicasio Fuentes sal\u00eda esposado del despacho, la misma voz ronca dec\u00eda al editor.<\/p>\n<p style=\"text-align: justify;\">\u2014En el primer crimen el asesino se da cuenta que puede ser lo que siempre dese\u00f3 ser. Esto le genera una especie de adicci\u00f3n, para de esa manera volver a sentir ese poder y placer. Cada nuevo cad\u00e1ver, cada vez que vuelve a matar, es una nueva conquista para el asesino. Siempre me pregunto si es posible reconocer a un asesino m\u00faltiple, justamente por lo aparentemente adaptados que se muestran. Suelen ser inteligentes y disponen de medios para ocultarse. Algunos, incluso son encantadores. Es muy dif\u00edcil identificar a un asesino m\u00faltiple a simple vista, pueden estar en cualquier lugar, mezclados por la calle o en distintos lugares sin parecer extra\u00f1os. Al elegir v\u00edctimas desconocidas, cualquiera de nosotros podr\u00eda ser una de ellas. En muchos de los asesinos no existe un trastorno psicol\u00f3gico, matan porque sienten goce con el sufrimiento del otro. Son perversos, tienen como objetivo angustiar, someter al otro. Nicasio asumi\u00f3 la personalidad de Mat\u00edas para pasar desapercibido. Gracias por ayudarnos a detenerlo, Francis.<\/p>\n<p style=\"text-align: justify;\"><span style=\"font-family: impact, sans-serif;\">\u00a9 Anxo do Rego. Diciembre 2023. Todos los derechos reservados\u00a0 \u00a0 \u00a0<\/span><\/p>\n<p style=\"text-align: justify;\">\n<p>&nbsp;<\/p>\n","protected":false},"excerpt":{"rendered":"<p>Fueron muchas horas de charla en la celda hasta que apagaban las luces. Era el momento m\u00e1s ilusionante del d\u00eda, aunque no puedo calificarlo como de sinceridad, en realidad era debido a la falta de comunicaci\u00f3n, soledad u otras situaciones individuales. Siempre me pareci\u00f3 necesaria la intercomunicaci\u00f3n con otras personas. Mis principios en ocasiones, tuve [&hellip;]<\/p>\n","protected":false},"author":18,"featured_media":8348,"comment_status":"open","ping_status":"closed","sticky":false,"template":"","format":"standard","meta":{"footnotes":""},"categories":[40],"tags":[230],"class_list":{"0":"post-8346","1":"post","2":"type-post","3":"status-publish","4":"format-standard","5":"has-post-thumbnail","7":"category-relatos","8":"tag-anxo-do-rego"},"yoast_head":"<!-- This site is optimized with the Yoast SEO plugin v27.5 - https:\/\/yoast.com\/product\/yoast-seo-wordpress\/ -->\n<title>El confidente | HOJAS SUELTAS Peri\u00f3dico Cultural<\/title>\n<meta name=\"robots\" content=\"index, follow, max-snippet:-1, max-image-preview:large, max-video-preview:-1\" \/>\n<link rel=\"canonical\" href=\"https:\/\/hojassueltas.es\/?p=8346\" \/>\n<meta property=\"og:locale\" content=\"es_ES\" \/>\n<meta property=\"og:type\" content=\"article\" \/>\n<meta property=\"og:title\" content=\"El confidente | HOJAS SUELTAS Peri\u00f3dico Cultural\" \/>\n<meta property=\"og:description\" content=\"Fueron muchas horas de charla en la celda hasta que apagaban las luces. Era el momento m\u00e1s ilusionante del d\u00eda, aunque no puedo calificarlo como de sinceridad, en realidad era debido a la falta de comunicaci\u00f3n, soledad u otras situaciones individuales. Siempre me pareci\u00f3 necesaria la intercomunicaci\u00f3n con otras personas. Mis principios en ocasiones, tuve [&hellip;]\" \/>\n<meta property=\"og:url\" content=\"https:\/\/hojassueltas.es\/?p=8346\" \/>\n<meta property=\"og:site_name\" content=\"HOJAS SUELTAS Peri\u00f3dico Cultural\" \/>\n<meta property=\"article:author\" content=\"https:\/\/www.facebook.com\/anxodoregoescritor\/\" \/>\n<meta property=\"article:published_time\" content=\"2023-12-19T22:00:31+00:00\" \/>\n<meta property=\"article:modified_time\" content=\"2025-12-05T11:24:32+00:00\" \/>\n<meta property=\"og:image\" content=\"https:\/\/hojassueltas.es\/wp-content\/uploads\/2023\/12\/Elconfidente-web.png\" \/>\n\t<meta property=\"og:image:width\" content=\"1050\" \/>\n\t<meta property=\"og:image:height\" content=\"610\" \/>\n\t<meta property=\"og:image:type\" content=\"image\/png\" \/>\n<meta name=\"author\" content=\"Anxo do Rego\" \/>\n<meta name=\"twitter:card\" content=\"summary_large_image\" \/>\n<meta name=\"twitter:creator\" content=\"@HOJASSUELTAS22\" \/>\n<meta name=\"twitter:site\" content=\"@HOJASSUELTAS22\" \/>\n<meta name=\"twitter:label1\" content=\"Escrito por\" \/>\n\t<meta name=\"twitter:data1\" content=\"Anxo do Rego\" \/>\n\t<meta name=\"twitter:label2\" content=\"Tiempo de lectura\" \/>\n\t<meta name=\"twitter:data2\" content=\"10 minutos\" \/>\n<script type=\"application\/ld+json\" class=\"yoast-schema-graph\">{\"@context\":\"https:\\\/\\\/schema.org\",\"@graph\":[{\"@type\":[\"Article\",\"BlogPosting\"],\"@id\":\"https:\\\/\\\/hojassueltas.es\\\/?p=8346#article\",\"isPartOf\":{\"@id\":\"https:\\\/\\\/hojassueltas.es\\\/?p=8346\"},\"author\":{\"name\":\"Anxo do Rego\",\"@id\":\"https:\\\/\\\/hojassueltas.es\\\/#\\\/schema\\\/person\\\/cc93a1a1f7825a6e1d2c9bddd471a87c\"},\"headline\":\"El confidente\",\"datePublished\":\"2023-12-19T22:00:31+00:00\",\"dateModified\":\"2025-12-05T11:24:32+00:00\",\"mainEntityOfPage\":{\"@id\":\"https:\\\/\\\/hojassueltas.es\\\/?p=8346\"},\"wordCount\":2172,\"commentCount\":0,\"publisher\":{\"@id\":\"https:\\\/\\\/hojassueltas.es\\\/#organization\"},\"image\":{\"@id\":\"https:\\\/\\\/hojassueltas.es\\\/?p=8346#primaryimage\"},\"thumbnailUrl\":\"https:\\\/\\\/hojassueltas.es\\\/wp-content\\\/uploads\\\/2023\\\/12\\\/Elconfidente-web.png\",\"keywords\":[\"Anxo do Rego\"],\"articleSection\":[\"RELATOS\"],\"inLanguage\":\"es\",\"potentialAction\":[{\"@type\":\"CommentAction\",\"name\":\"Comment\",\"target\":[\"https:\\\/\\\/hojassueltas.es\\\/?p=8346#respond\"]}]},{\"@type\":\"WebPage\",\"@id\":\"https:\\\/\\\/hojassueltas.es\\\/?p=8346\",\"url\":\"https:\\\/\\\/hojassueltas.es\\\/?p=8346\",\"name\":\"El confidente | HOJAS SUELTAS Peri\u00f3dico Cultural\",\"isPartOf\":{\"@id\":\"https:\\\/\\\/hojassueltas.es\\\/#website\"},\"primaryImageOfPage\":{\"@id\":\"https:\\\/\\\/hojassueltas.es\\\/?p=8346#primaryimage\"},\"image\":{\"@id\":\"https:\\\/\\\/hojassueltas.es\\\/?p=8346#primaryimage\"},\"thumbnailUrl\":\"https:\\\/\\\/hojassueltas.es\\\/wp-content\\\/uploads\\\/2023\\\/12\\\/Elconfidente-web.png\",\"datePublished\":\"2023-12-19T22:00:31+00:00\",\"dateModified\":\"2025-12-05T11:24:32+00:00\",\"breadcrumb\":{\"@id\":\"https:\\\/\\\/hojassueltas.es\\\/?p=8346#breadcrumb\"},\"inLanguage\":\"es\",\"potentialAction\":[{\"@type\":\"ReadAction\",\"target\":[\"https:\\\/\\\/hojassueltas.es\\\/?p=8346\"]}]},{\"@type\":\"ImageObject\",\"inLanguage\":\"es\",\"@id\":\"https:\\\/\\\/hojassueltas.es\\\/?p=8346#primaryimage\",\"url\":\"https:\\\/\\\/hojassueltas.es\\\/wp-content\\\/uploads\\\/2023\\\/12\\\/Elconfidente-web.png\",\"contentUrl\":\"https:\\\/\\\/hojassueltas.es\\\/wp-content\\\/uploads\\\/2023\\\/12\\\/Elconfidente-web.png\",\"width\":1050,\"height\":610},{\"@type\":\"BreadcrumbList\",\"@id\":\"https:\\\/\\\/hojassueltas.es\\\/?p=8346#breadcrumb\",\"itemListElement\":[{\"@type\":\"ListItem\",\"position\":1,\"name\":\"Portada\",\"item\":\"https:\\\/\\\/hojassueltas.es\\\/\"},{\"@type\":\"ListItem\",\"position\":2,\"name\":\"El confidente\"}]},{\"@type\":\"WebSite\",\"@id\":\"https:\\\/\\\/hojassueltas.es\\\/#website\",\"url\":\"https:\\\/\\\/hojassueltas.es\\\/\",\"name\":\"HojasSueltas.es\",\"description\":\"GRANADA - Peri\u00f3dico Cultural\",\"publisher\":{\"@id\":\"https:\\\/\\\/hojassueltas.es\\\/#organization\"},\"alternateName\":\"H.S. Periodico Cultural\",\"potentialAction\":[{\"@type\":\"SearchAction\",\"target\":{\"@type\":\"EntryPoint\",\"urlTemplate\":\"https:\\\/\\\/hojassueltas.es\\\/?s={search_term_string}\"},\"query-input\":{\"@type\":\"PropertyValueSpecification\",\"valueRequired\":true,\"valueName\":\"search_term_string\"}}],\"inLanguage\":\"es\"},{\"@type\":\"Organization\",\"@id\":\"https:\\\/\\\/hojassueltas.es\\\/#organization\",\"name\":\"HOJAS SUELTAS - Peri\u00f3dico Cultural\",\"alternateName\":\"HS - HOJAS SUELTAS Peri\u00f3dico Cultural\",\"url\":\"https:\\\/\\\/hojassueltas.es\\\/\",\"logo\":{\"@type\":\"ImageObject\",\"inLanguage\":\"es\",\"@id\":\"https:\\\/\\\/hojassueltas.es\\\/#\\\/schema\\\/logo\\\/image\\\/\",\"url\":\"https:\\\/\\\/hojassueltas.es\\\/wp-content\\\/uploads\\\/2025\\\/08\\\/Icono-HS_2.png\",\"contentUrl\":\"https:\\\/\\\/hojassueltas.es\\\/wp-content\\\/uploads\\\/2025\\\/08\\\/Icono-HS_2.png\",\"width\":500,\"height\":500,\"caption\":\"HOJAS SUELTAS - Peri\u00f3dico Cultural\"},\"image\":{\"@id\":\"https:\\\/\\\/hojassueltas.es\\\/#\\\/schema\\\/logo\\\/image\\\/\"},\"sameAs\":[\"https:\\\/\\\/x.com\\\/HOJASSUELTAS22\"]},{\"@type\":\"Person\",\"@id\":\"https:\\\/\\\/hojassueltas.es\\\/#\\\/schema\\\/person\\\/cc93a1a1f7825a6e1d2c9bddd471a87c\",\"name\":\"Anxo do Rego\",\"image\":{\"@type\":\"ImageObject\",\"inLanguage\":\"es\",\"@id\":\"https:\\\/\\\/hojassueltas.es\\\/wp-content\\\/uploads\\\/2025\\\/02\\\/Anxo-do-Rego_2025-96x96.jpg\",\"url\":\"https:\\\/\\\/hojassueltas.es\\\/wp-content\\\/uploads\\\/2025\\\/02\\\/Anxo-do-Rego_2025-96x96.jpg\",\"contentUrl\":\"https:\\\/\\\/hojassueltas.es\\\/wp-content\\\/uploads\\\/2025\\\/02\\\/Anxo-do-Rego_2025-96x96.jpg\",\"caption\":\"Anxo do Rego\"},\"description\":\"Narrador. Fundador, director y editor de la extinta editorial PG Ediciones. Actualmente asesora y colabora en las editoriales: Editorial Skytale y Aldo Ediciones, del Grupo Editorial Regina Exlibris. Director y redactor del diario cultural Hojas Sueltas. Fundador en 2014 de una de las primeras revistas digitales del g\u00e9nero negro y policial \u00abSolo Novela Negra\u00bb. Participa en numerosas instituciones culturales. Su narrativa se sustenta principalmente en la novela polic\u00edaca con diecis\u00e9is t\u00edtulos del comisario del CNP, Roberto H.C. como protagonista, aunque realiza incursiones en otros g\u00e9neros literarios, tales como la ficci\u00f3n hist\u00f3rica, ciencia ficci\u00f3n, suspense y sentimentales. Mantiene su creatividad literaria con novelas, relatos, art\u00edculos, rese\u00f1as literarias y ensayos.\",\"sameAs\":[\"https:\\\/\\\/anxodorego.com\\\/\",\"https:\\\/\\\/www.facebook.com\\\/anxodoregoescritor\\\/\"],\"url\":\"https:\\\/\\\/hojassueltas.es\\\/?author=18\"}]}<\/script>\n<!-- \/ Yoast SEO plugin. -->","yoast_head_json":{"title":"El confidente | HOJAS SUELTAS Peri\u00f3dico Cultural","robots":{"index":"index","follow":"follow","max-snippet":"max-snippet:-1","max-image-preview":"max-image-preview:large","max-video-preview":"max-video-preview:-1"},"canonical":"https:\/\/hojassueltas.es\/?p=8346","og_locale":"es_ES","og_type":"article","og_title":"El confidente | HOJAS SUELTAS Peri\u00f3dico Cultural","og_description":"Fueron muchas horas de charla en la celda hasta que apagaban las luces. Era el momento m\u00e1s ilusionante del d\u00eda, aunque no puedo calificarlo como de sinceridad, en realidad era debido a la falta de comunicaci\u00f3n, soledad u otras situaciones individuales. Siempre me pareci\u00f3 necesaria la intercomunicaci\u00f3n con otras personas. Mis principios en ocasiones, tuve [&hellip;]","og_url":"https:\/\/hojassueltas.es\/?p=8346","og_site_name":"HOJAS SUELTAS Peri\u00f3dico Cultural","article_author":"https:\/\/www.facebook.com\/anxodoregoescritor\/","article_published_time":"2023-12-19T22:00:31+00:00","article_modified_time":"2025-12-05T11:24:32+00:00","og_image":[{"width":1050,"height":610,"url":"https:\/\/hojassueltas.es\/wp-content\/uploads\/2023\/12\/Elconfidente-web.png","type":"image\/png"}],"author":"Anxo do Rego","twitter_card":"summary_large_image","twitter_creator":"@HOJASSUELTAS22","twitter_site":"@HOJASSUELTAS22","twitter_misc":{"Escrito por":"Anxo do Rego","Tiempo de lectura":"10 minutos"},"schema":{"@context":"https:\/\/schema.org","@graph":[{"@type":["Article","BlogPosting"],"@id":"https:\/\/hojassueltas.es\/?p=8346#article","isPartOf":{"@id":"https:\/\/hojassueltas.es\/?p=8346"},"author":{"name":"Anxo do Rego","@id":"https:\/\/hojassueltas.es\/#\/schema\/person\/cc93a1a1f7825a6e1d2c9bddd471a87c"},"headline":"El confidente","datePublished":"2023-12-19T22:00:31+00:00","dateModified":"2025-12-05T11:24:32+00:00","mainEntityOfPage":{"@id":"https:\/\/hojassueltas.es\/?p=8346"},"wordCount":2172,"commentCount":0,"publisher":{"@id":"https:\/\/hojassueltas.es\/#organization"},"image":{"@id":"https:\/\/hojassueltas.es\/?p=8346#primaryimage"},"thumbnailUrl":"https:\/\/hojassueltas.es\/wp-content\/uploads\/2023\/12\/Elconfidente-web.png","keywords":["Anxo do Rego"],"articleSection":["RELATOS"],"inLanguage":"es","potentialAction":[{"@type":"CommentAction","name":"Comment","target":["https:\/\/hojassueltas.es\/?p=8346#respond"]}]},{"@type":"WebPage","@id":"https:\/\/hojassueltas.es\/?p=8346","url":"https:\/\/hojassueltas.es\/?p=8346","name":"El confidente | HOJAS SUELTAS Peri\u00f3dico Cultural","isPartOf":{"@id":"https:\/\/hojassueltas.es\/#website"},"primaryImageOfPage":{"@id":"https:\/\/hojassueltas.es\/?p=8346#primaryimage"},"image":{"@id":"https:\/\/hojassueltas.es\/?p=8346#primaryimage"},"thumbnailUrl":"https:\/\/hojassueltas.es\/wp-content\/uploads\/2023\/12\/Elconfidente-web.png","datePublished":"2023-12-19T22:00:31+00:00","dateModified":"2025-12-05T11:24:32+00:00","breadcrumb":{"@id":"https:\/\/hojassueltas.es\/?p=8346#breadcrumb"},"inLanguage":"es","potentialAction":[{"@type":"ReadAction","target":["https:\/\/hojassueltas.es\/?p=8346"]}]},{"@type":"ImageObject","inLanguage":"es","@id":"https:\/\/hojassueltas.es\/?p=8346#primaryimage","url":"https:\/\/hojassueltas.es\/wp-content\/uploads\/2023\/12\/Elconfidente-web.png","contentUrl":"https:\/\/hojassueltas.es\/wp-content\/uploads\/2023\/12\/Elconfidente-web.png","width":1050,"height":610},{"@type":"BreadcrumbList","@id":"https:\/\/hojassueltas.es\/?p=8346#breadcrumb","itemListElement":[{"@type":"ListItem","position":1,"name":"Portada","item":"https:\/\/hojassueltas.es\/"},{"@type":"ListItem","position":2,"name":"El confidente"}]},{"@type":"WebSite","@id":"https:\/\/hojassueltas.es\/#website","url":"https:\/\/hojassueltas.es\/","name":"HojasSueltas.es","description":"GRANADA - Peri\u00f3dico Cultural","publisher":{"@id":"https:\/\/hojassueltas.es\/#organization"},"alternateName":"H.S. Periodico Cultural","potentialAction":[{"@type":"SearchAction","target":{"@type":"EntryPoint","urlTemplate":"https:\/\/hojassueltas.es\/?s={search_term_string}"},"query-input":{"@type":"PropertyValueSpecification","valueRequired":true,"valueName":"search_term_string"}}],"inLanguage":"es"},{"@type":"Organization","@id":"https:\/\/hojassueltas.es\/#organization","name":"HOJAS SUELTAS - Peri\u00f3dico Cultural","alternateName":"HS - HOJAS SUELTAS Peri\u00f3dico Cultural","url":"https:\/\/hojassueltas.es\/","logo":{"@type":"ImageObject","inLanguage":"es","@id":"https:\/\/hojassueltas.es\/#\/schema\/logo\/image\/","url":"https:\/\/hojassueltas.es\/wp-content\/uploads\/2025\/08\/Icono-HS_2.png","contentUrl":"https:\/\/hojassueltas.es\/wp-content\/uploads\/2025\/08\/Icono-HS_2.png","width":500,"height":500,"caption":"HOJAS SUELTAS - Peri\u00f3dico Cultural"},"image":{"@id":"https:\/\/hojassueltas.es\/#\/schema\/logo\/image\/"},"sameAs":["https:\/\/x.com\/HOJASSUELTAS22"]},{"@type":"Person","@id":"https:\/\/hojassueltas.es\/#\/schema\/person\/cc93a1a1f7825a6e1d2c9bddd471a87c","name":"Anxo do Rego","image":{"@type":"ImageObject","inLanguage":"es","@id":"https:\/\/hojassueltas.es\/wp-content\/uploads\/2025\/02\/Anxo-do-Rego_2025-96x96.jpg","url":"https:\/\/hojassueltas.es\/wp-content\/uploads\/2025\/02\/Anxo-do-Rego_2025-96x96.jpg","contentUrl":"https:\/\/hojassueltas.es\/wp-content\/uploads\/2025\/02\/Anxo-do-Rego_2025-96x96.jpg","caption":"Anxo do Rego"},"description":"Narrador. Fundador, director y editor de la extinta editorial PG Ediciones. Actualmente asesora y colabora en las editoriales: Editorial Skytale y Aldo Ediciones, del Grupo Editorial Regina Exlibris. Director y redactor del diario cultural Hojas Sueltas. Fundador en 2014 de una de las primeras revistas digitales del g\u00e9nero negro y policial \u00abSolo Novela Negra\u00bb. Participa en numerosas instituciones culturales. Su narrativa se sustenta principalmente en la novela polic\u00edaca con diecis\u00e9is t\u00edtulos del comisario del CNP, Roberto H.C. como protagonista, aunque realiza incursiones en otros g\u00e9neros literarios, tales como la ficci\u00f3n hist\u00f3rica, ciencia ficci\u00f3n, suspense y sentimentales. Mantiene su creatividad literaria con novelas, relatos, art\u00edculos, rese\u00f1as literarias y ensayos.","sameAs":["https:\/\/anxodorego.com\/","https:\/\/www.facebook.com\/anxodoregoescritor\/"],"url":"https:\/\/hojassueltas.es\/?author=18"}]}},"_links":{"self":[{"href":"https:\/\/hojassueltas.es\/index.php?rest_route=\/wp\/v2\/posts\/8346","targetHints":{"allow":["GET"]}}],"collection":[{"href":"https:\/\/hojassueltas.es\/index.php?rest_route=\/wp\/v2\/posts"}],"about":[{"href":"https:\/\/hojassueltas.es\/index.php?rest_route=\/wp\/v2\/types\/post"}],"author":[{"embeddable":true,"href":"https:\/\/hojassueltas.es\/index.php?rest_route=\/wp\/v2\/users\/18"}],"replies":[{"embeddable":true,"href":"https:\/\/hojassueltas.es\/index.php?rest_route=%2Fwp%2Fv2%2Fcomments&post=8346"}],"version-history":[{"count":1,"href":"https:\/\/hojassueltas.es\/index.php?rest_route=\/wp\/v2\/posts\/8346\/revisions"}],"predecessor-version":[{"id":8349,"href":"https:\/\/hojassueltas.es\/index.php?rest_route=\/wp\/v2\/posts\/8346\/revisions\/8349"}],"wp:featuredmedia":[{"embeddable":true,"href":"https:\/\/hojassueltas.es\/index.php?rest_route=\/wp\/v2\/media\/8348"}],"wp:attachment":[{"href":"https:\/\/hojassueltas.es\/index.php?rest_route=%2Fwp%2Fv2%2Fmedia&parent=8346"}],"wp:term":[{"taxonomy":"category","embeddable":true,"href":"https:\/\/hojassueltas.es\/index.php?rest_route=%2Fwp%2Fv2%2Fcategories&post=8346"},{"taxonomy":"post_tag","embeddable":true,"href":"https:\/\/hojassueltas.es\/index.php?rest_route=%2Fwp%2Fv2%2Ftags&post=8346"}],"curies":[{"name":"wp","href":"https:\/\/api.w.org\/{rel}","templated":true}]}}