{"id":8129,"date":"2023-12-11T00:00:57","date_gmt":"2023-12-10T22:00:57","guid":{"rendered":"https:\/\/hojassueltas.es\/?p=8129"},"modified":"2025-12-05T13:36:40","modified_gmt":"2025-12-05T11:36:40","slug":"el-despertar","status":"publish","type":"post","link":"https:\/\/hojassueltas.es\/?p=8129","title":{"rendered":"El despertar"},"content":{"rendered":"<h4 style=\"text-align: justify;\">Inici\u00e9 lo que llam\u00e9 \u00abEl despertar\u00bb, identific\u00e1ndome con esa etiqueta por un tiempo. Sin embargo, observ\u00e9 c\u00f3mo tendemos a etiquetar cada experiencia. Al despojarme de la etiqueta \u00abdespierta\u00bb, busco superar la separaci\u00f3n, reconociendo mi conexi\u00f3n con todos y la verdadera comprensi\u00f3n radica en dejar de buscar etiquetas que nos diferencien y descubrir lo que nos une a los dem\u00e1s.<\/h4>\n<hr \/>\n<p style=\"text-align: justify;\">Hace ya varios a\u00f1os, cuando en una parte de mi caminar sent\u00eda el caos alrededor, decid\u00ed que era el momento de mirar qu\u00e9 estaba pasando adentro, pues esto que ve\u00eda afuera, no era m\u00e1s que un reflejo de lo que estaba sintiendo en mi interior.<\/p>\n<p style=\"text-align: justify;\">Al empezar en este proceso, vi que se le denominaba \u201cEl despertar\u201d y, durante bastante tiempo, me identifiqu\u00e9 con esta etiqueta. Nosotros, los humanos, parece que no sabemos, o no podemos, parar de etiquetar todo lo que nos sucede y sentimos.<\/p>\n<p style=\"text-align: justify;\">Sent\u00eda que estaba en un camino que era el despertar, aunque me parec\u00eda toda una iron\u00eda, pues cuando estamos durmiendo es cuando despertamos y conectamos, y cuando despertamos de ese sue\u00f1o, y vivimos, es cuando realmente estamos dormidos. Puede que esto te suene a trabalenguas, pero su comprensi\u00f3n, no es desde la mente.<\/p>\n<p style=\"text-align: justify;\">Y aqu\u00ed, dentro de esta etiqueta, me sent\u00ed c\u00f3moda durante un tiempo, con esa falsa seguridad que nos da, el sentir que pertenecemos a un grupo; aunque como animales, instintivamente, necesitamos sentir, que hay un lugar, o unas personas, donde encajamos.<\/p>\n<p style=\"text-align: justify;\">Hasta que un d\u00eda, escuch\u00e9 a alguien hablar de \u201clos dormidos\u201d, y la piel se me eriz\u00f3; de nuevo, volv\u00edamos al enfrentamiento, a la oposici\u00f3n. Sin darnos cuenta, hab\u00edamos vuelto a caer: despiertos y dormidos, buenos y malos, t\u00fa, separado de m\u00ed.\u00a0 Y es que esta realidad en la que vivimos, de la cual todos somos part\u00edcipes, no hace m\u00e1s que invitarnos a separarnos, a rivalizar los unos con los otros, y a definirnos, que no es m\u00e1s, que una forma encajar.<\/p>\n<p style=\"text-align: justify;\">Y, en ese momento, me quit\u00e9 la etiqueta de \u201cdespierta\u201d, pues quiero dejar de sentirme separada del resto, y puedo ver el reflejo m\u00edo en cada ser. Y de esto se trata, de dejar de buscar m\u00e1s razones, o etiquetas que nos separen, y empezar a encontrar todo lo que nos une a los dem\u00e1s.<\/p>\n<p><span style=\"font-family: impact, sans-serif;\">\u00a9 Maria del Mar Garc\u00eda. Diciembre 2023.<\/span><\/p>\n","protected":false},"excerpt":{"rendered":"<p>Inici\u00e9 lo que llam\u00e9 \u00abEl despertar\u00bb, identific\u00e1ndome con esa etiqueta por un tiempo. Sin embargo, observ\u00e9 c\u00f3mo tendemos a etiquetar cada experiencia. Al despojarme de la etiqueta \u00abdespierta\u00bb, busco superar la separaci\u00f3n, reconociendo mi conexi\u00f3n con todos y la verdadera comprensi\u00f3n radica en dejar de buscar etiquetas que nos diferencien y descubrir lo que nos [&hellip;]<\/p>\n","protected":false},"author":6,"featured_media":8130,"comment_status":"open","ping_status":"closed","sticky":false,"template":"","format":"standard","meta":{"footnotes":""},"categories":[2766],"tags":[97],"class_list":{"0":"post-8129","1":"post","2":"type-post","3":"status-publish","4":"format-standard","5":"has-post-thumbnail","7":"category-reflexiones-colaboraciones","8":"tag-m-mar-garcia"},"yoast_head":"<!-- This site is optimized with the Yoast SEO plugin v27.5 - https:\/\/yoast.com\/product\/yoast-seo-wordpress\/ -->\n<title>El despertar | HOJAS SUELTAS Peri\u00f3dico Cultural<\/title>\n<meta name=\"robots\" content=\"index, follow, max-snippet:-1, max-image-preview:large, max-video-preview:-1\" \/>\n<link rel=\"canonical\" href=\"https:\/\/hojassueltas.es\/?p=8129\" \/>\n<meta property=\"og:locale\" content=\"es_ES\" \/>\n<meta property=\"og:type\" content=\"article\" \/>\n<meta property=\"og:title\" content=\"El despertar | HOJAS SUELTAS Peri\u00f3dico Cultural\" \/>\n<meta property=\"og:description\" content=\"Inici\u00e9 lo que llam\u00e9 \u00abEl despertar\u00bb, identific\u00e1ndome con esa etiqueta por un tiempo. Sin embargo, observ\u00e9 c\u00f3mo tendemos a etiquetar cada experiencia. Al despojarme de la etiqueta \u00abdespierta\u00bb, busco superar la separaci\u00f3n, reconociendo mi conexi\u00f3n con todos y la verdadera comprensi\u00f3n radica en dejar de buscar etiquetas que nos diferencien y descubrir lo que nos [&hellip;]\" \/>\n<meta property=\"og:url\" content=\"https:\/\/hojassueltas.es\/?p=8129\" \/>\n<meta property=\"og:site_name\" content=\"HOJAS SUELTAS Peri\u00f3dico Cultural\" \/>\n<meta property=\"article:published_time\" content=\"2023-12-10T22:00:57+00:00\" \/>\n<meta property=\"article:modified_time\" content=\"2025-12-05T11:36:40+00:00\" \/>\n<meta property=\"og:image\" content=\"https:\/\/hojassueltas.es\/wp-content\/uploads\/2023\/12\/El-despestar_web.png\" \/>\n\t<meta property=\"og:image:width\" content=\"750\" \/>\n\t<meta property=\"og:image:height\" content=\"750\" \/>\n\t<meta property=\"og:image:type\" content=\"image\/png\" \/>\n<meta name=\"author\" content=\"Mar\u00eda del Mar Garc\u00eda\" \/>\n<meta name=\"twitter:card\" content=\"summary_large_image\" \/>\n<meta name=\"twitter:creator\" content=\"@HOJASSUELTAS22\" \/>\n<meta name=\"twitter:site\" content=\"@HOJASSUELTAS22\" \/>\n<meta name=\"twitter:label1\" content=\"Escrito por\" \/>\n\t<meta name=\"twitter:data1\" content=\"Mar\u00eda del Mar Garc\u00eda\" \/>\n\t<meta name=\"twitter:label2\" content=\"Tiempo de lectura\" \/>\n\t<meta name=\"twitter:data2\" content=\"2 minutos\" \/>\n<script type=\"application\/ld+json\" class=\"yoast-schema-graph\">{\"@context\":\"https:\\\/\\\/schema.org\",\"@graph\":[{\"@type\":[\"Article\",\"BlogPosting\"],\"@id\":\"https:\\\/\\\/hojassueltas.es\\\/?p=8129#article\",\"isPartOf\":{\"@id\":\"https:\\\/\\\/hojassueltas.es\\\/?p=8129\"},\"author\":{\"name\":\"Mar\u00eda del Mar Garc\u00eda\",\"@id\":\"https:\\\/\\\/hojassueltas.es\\\/#\\\/schema\\\/person\\\/3bebed251cd272aebc76053ab7cc7147\"},\"headline\":\"El despertar\",\"datePublished\":\"2023-12-10T22:00:57+00:00\",\"dateModified\":\"2025-12-05T11:36:40+00:00\",\"mainEntityOfPage\":{\"@id\":\"https:\\\/\\\/hojassueltas.es\\\/?p=8129\"},\"wordCount\":410,\"commentCount\":2,\"publisher\":{\"@id\":\"https:\\\/\\\/hojassueltas.es\\\/#organization\"},\"image\":{\"@id\":\"https:\\\/\\\/hojassueltas.es\\\/?p=8129#primaryimage\"},\"thumbnailUrl\":\"https:\\\/\\\/hojassueltas.es\\\/wp-content\\\/uploads\\\/2023\\\/12\\\/El-despestar_web.png\",\"keywords\":[\"Mar\u00eda del Mar Garcia\"],\"articleSection\":[\"REFLEXIONES\"],\"inLanguage\":\"es\",\"potentialAction\":[{\"@type\":\"CommentAction\",\"name\":\"Comment\",\"target\":[\"https:\\\/\\\/hojassueltas.es\\\/?p=8129#respond\"]}]},{\"@type\":\"WebPage\",\"@id\":\"https:\\\/\\\/hojassueltas.es\\\/?p=8129\",\"url\":\"https:\\\/\\\/hojassueltas.es\\\/?p=8129\",\"name\":\"El despertar | HOJAS SUELTAS Peri\u00f3dico Cultural\",\"isPartOf\":{\"@id\":\"https:\\\/\\\/hojassueltas.es\\\/#website\"},\"primaryImageOfPage\":{\"@id\":\"https:\\\/\\\/hojassueltas.es\\\/?p=8129#primaryimage\"},\"image\":{\"@id\":\"https:\\\/\\\/hojassueltas.es\\\/?p=8129#primaryimage\"},\"thumbnailUrl\":\"https:\\\/\\\/hojassueltas.es\\\/wp-content\\\/uploads\\\/2023\\\/12\\\/El-despestar_web.png\",\"datePublished\":\"2023-12-10T22:00:57+00:00\",\"dateModified\":\"2025-12-05T11:36:40+00:00\",\"breadcrumb\":{\"@id\":\"https:\\\/\\\/hojassueltas.es\\\/?p=8129#breadcrumb\"},\"inLanguage\":\"es\",\"potentialAction\":[{\"@type\":\"ReadAction\",\"target\":[\"https:\\\/\\\/hojassueltas.es\\\/?p=8129\"]}]},{\"@type\":\"ImageObject\",\"inLanguage\":\"es\",\"@id\":\"https:\\\/\\\/hojassueltas.es\\\/?p=8129#primaryimage\",\"url\":\"https:\\\/\\\/hojassueltas.es\\\/wp-content\\\/uploads\\\/2023\\\/12\\\/El-despestar_web.png\",\"contentUrl\":\"https:\\\/\\\/hojassueltas.es\\\/wp-content\\\/uploads\\\/2023\\\/12\\\/El-despestar_web.png\",\"width\":750,\"height\":750},{\"@type\":\"BreadcrumbList\",\"@id\":\"https:\\\/\\\/hojassueltas.es\\\/?p=8129#breadcrumb\",\"itemListElement\":[{\"@type\":\"ListItem\",\"position\":1,\"name\":\"Portada\",\"item\":\"https:\\\/\\\/hojassueltas.es\\\/\"},{\"@type\":\"ListItem\",\"position\":2,\"name\":\"El despertar\"}]},{\"@type\":\"WebSite\",\"@id\":\"https:\\\/\\\/hojassueltas.es\\\/#website\",\"url\":\"https:\\\/\\\/hojassueltas.es\\\/\",\"name\":\"HojasSueltas.es\",\"description\":\"GRANADA - Peri\u00f3dico Cultural\",\"publisher\":{\"@id\":\"https:\\\/\\\/hojassueltas.es\\\/#organization\"},\"alternateName\":\"H.S. Periodico Cultural\",\"potentialAction\":[{\"@type\":\"SearchAction\",\"target\":{\"@type\":\"EntryPoint\",\"urlTemplate\":\"https:\\\/\\\/hojassueltas.es\\\/?s={search_term_string}\"},\"query-input\":{\"@type\":\"PropertyValueSpecification\",\"valueRequired\":true,\"valueName\":\"search_term_string\"}}],\"inLanguage\":\"es\"},{\"@type\":\"Organization\",\"@id\":\"https:\\\/\\\/hojassueltas.es\\\/#organization\",\"name\":\"HOJAS SUELTAS - Peri\u00f3dico Cultural\",\"alternateName\":\"HS - HOJAS SUELTAS Peri\u00f3dico Cultural\",\"url\":\"https:\\\/\\\/hojassueltas.es\\\/\",\"logo\":{\"@type\":\"ImageObject\",\"inLanguage\":\"es\",\"@id\":\"https:\\\/\\\/hojassueltas.es\\\/#\\\/schema\\\/logo\\\/image\\\/\",\"url\":\"https:\\\/\\\/hojassueltas.es\\\/wp-content\\\/uploads\\\/2025\\\/08\\\/Icono-HS_2.png\",\"contentUrl\":\"https:\\\/\\\/hojassueltas.es\\\/wp-content\\\/uploads\\\/2025\\\/08\\\/Icono-HS_2.png\",\"width\":500,\"height\":500,\"caption\":\"HOJAS SUELTAS - Peri\u00f3dico Cultural\"},\"image\":{\"@id\":\"https:\\\/\\\/hojassueltas.es\\\/#\\\/schema\\\/logo\\\/image\\\/\"},\"sameAs\":[\"https:\\\/\\\/x.com\\\/HOJASSUELTAS22\"]},{\"@type\":\"Person\",\"@id\":\"https:\\\/\\\/hojassueltas.es\\\/#\\\/schema\\\/person\\\/3bebed251cd272aebc76053ab7cc7147\",\"name\":\"Mar\u00eda del Mar Garc\u00eda\",\"image\":{\"@type\":\"ImageObject\",\"inLanguage\":\"es\",\"@id\":\"https:\\\/\\\/hojassueltas.es\\\/wp-content\\\/uploads\\\/2022\\\/12\\\/Maria-del-Mar-96x96.jpeg\",\"url\":\"https:\\\/\\\/hojassueltas.es\\\/wp-content\\\/uploads\\\/2022\\\/12\\\/Maria-del-Mar-96x96.jpeg\",\"contentUrl\":\"https:\\\/\\\/hojassueltas.es\\\/wp-content\\\/uploads\\\/2022\\\/12\\\/Maria-del-Mar-96x96.jpeg\",\"caption\":\"Mar\u00eda del Mar Garc\u00eda\"},\"description\":\"Licenciada en Filolog\u00eda Inglesa. \u00c1vida lectora y eterna estudiante, apasionada del ser humano y la espiritualidad. Actualmente es Coach, especializada en lo transpersonal, sist\u00e9mico y energ\u00e9tico. Imparte formaciones, cursos de crecimiento personal, sesiones individuales y retiros. Regenta \\\"Alma y Tierra\\\", un Centro para el desarrollo humano. Mujer, so\u00f1adora y amante de la naturaleza .\",\"url\":\"https:\\\/\\\/hojassueltas.es\\\/?author=6\"}]}<\/script>\n<!-- \/ Yoast SEO plugin. -->","yoast_head_json":{"title":"El despertar | HOJAS SUELTAS Peri\u00f3dico Cultural","robots":{"index":"index","follow":"follow","max-snippet":"max-snippet:-1","max-image-preview":"max-image-preview:large","max-video-preview":"max-video-preview:-1"},"canonical":"https:\/\/hojassueltas.es\/?p=8129","og_locale":"es_ES","og_type":"article","og_title":"El despertar | HOJAS SUELTAS Peri\u00f3dico Cultural","og_description":"Inici\u00e9 lo que llam\u00e9 \u00abEl despertar\u00bb, identific\u00e1ndome con esa etiqueta por un tiempo. Sin embargo, observ\u00e9 c\u00f3mo tendemos a etiquetar cada experiencia. Al despojarme de la etiqueta \u00abdespierta\u00bb, busco superar la separaci\u00f3n, reconociendo mi conexi\u00f3n con todos y la verdadera comprensi\u00f3n radica en dejar de buscar etiquetas que nos diferencien y descubrir lo que nos [&hellip;]","og_url":"https:\/\/hojassueltas.es\/?p=8129","og_site_name":"HOJAS SUELTAS Peri\u00f3dico Cultural","article_published_time":"2023-12-10T22:00:57+00:00","article_modified_time":"2025-12-05T11:36:40+00:00","og_image":[{"width":750,"height":750,"url":"https:\/\/hojassueltas.es\/wp-content\/uploads\/2023\/12\/El-despestar_web.png","type":"image\/png"}],"author":"Mar\u00eda del Mar Garc\u00eda","twitter_card":"summary_large_image","twitter_creator":"@HOJASSUELTAS22","twitter_site":"@HOJASSUELTAS22","twitter_misc":{"Escrito por":"Mar\u00eda del Mar Garc\u00eda","Tiempo de lectura":"2 minutos"},"schema":{"@context":"https:\/\/schema.org","@graph":[{"@type":["Article","BlogPosting"],"@id":"https:\/\/hojassueltas.es\/?p=8129#article","isPartOf":{"@id":"https:\/\/hojassueltas.es\/?p=8129"},"author":{"name":"Mar\u00eda del Mar Garc\u00eda","@id":"https:\/\/hojassueltas.es\/#\/schema\/person\/3bebed251cd272aebc76053ab7cc7147"},"headline":"El despertar","datePublished":"2023-12-10T22:00:57+00:00","dateModified":"2025-12-05T11:36:40+00:00","mainEntityOfPage":{"@id":"https:\/\/hojassueltas.es\/?p=8129"},"wordCount":410,"commentCount":2,"publisher":{"@id":"https:\/\/hojassueltas.es\/#organization"},"image":{"@id":"https:\/\/hojassueltas.es\/?p=8129#primaryimage"},"thumbnailUrl":"https:\/\/hojassueltas.es\/wp-content\/uploads\/2023\/12\/El-despestar_web.png","keywords":["Mar\u00eda del Mar Garcia"],"articleSection":["REFLEXIONES"],"inLanguage":"es","potentialAction":[{"@type":"CommentAction","name":"Comment","target":["https:\/\/hojassueltas.es\/?p=8129#respond"]}]},{"@type":"WebPage","@id":"https:\/\/hojassueltas.es\/?p=8129","url":"https:\/\/hojassueltas.es\/?p=8129","name":"El despertar | HOJAS SUELTAS Peri\u00f3dico Cultural","isPartOf":{"@id":"https:\/\/hojassueltas.es\/#website"},"primaryImageOfPage":{"@id":"https:\/\/hojassueltas.es\/?p=8129#primaryimage"},"image":{"@id":"https:\/\/hojassueltas.es\/?p=8129#primaryimage"},"thumbnailUrl":"https:\/\/hojassueltas.es\/wp-content\/uploads\/2023\/12\/El-despestar_web.png","datePublished":"2023-12-10T22:00:57+00:00","dateModified":"2025-12-05T11:36:40+00:00","breadcrumb":{"@id":"https:\/\/hojassueltas.es\/?p=8129#breadcrumb"},"inLanguage":"es","potentialAction":[{"@type":"ReadAction","target":["https:\/\/hojassueltas.es\/?p=8129"]}]},{"@type":"ImageObject","inLanguage":"es","@id":"https:\/\/hojassueltas.es\/?p=8129#primaryimage","url":"https:\/\/hojassueltas.es\/wp-content\/uploads\/2023\/12\/El-despestar_web.png","contentUrl":"https:\/\/hojassueltas.es\/wp-content\/uploads\/2023\/12\/El-despestar_web.png","width":750,"height":750},{"@type":"BreadcrumbList","@id":"https:\/\/hojassueltas.es\/?p=8129#breadcrumb","itemListElement":[{"@type":"ListItem","position":1,"name":"Portada","item":"https:\/\/hojassueltas.es\/"},{"@type":"ListItem","position":2,"name":"El despertar"}]},{"@type":"WebSite","@id":"https:\/\/hojassueltas.es\/#website","url":"https:\/\/hojassueltas.es\/","name":"HojasSueltas.es","description":"GRANADA - Peri\u00f3dico Cultural","publisher":{"@id":"https:\/\/hojassueltas.es\/#organization"},"alternateName":"H.S. Periodico Cultural","potentialAction":[{"@type":"SearchAction","target":{"@type":"EntryPoint","urlTemplate":"https:\/\/hojassueltas.es\/?s={search_term_string}"},"query-input":{"@type":"PropertyValueSpecification","valueRequired":true,"valueName":"search_term_string"}}],"inLanguage":"es"},{"@type":"Organization","@id":"https:\/\/hojassueltas.es\/#organization","name":"HOJAS SUELTAS - Peri\u00f3dico Cultural","alternateName":"HS - HOJAS SUELTAS Peri\u00f3dico Cultural","url":"https:\/\/hojassueltas.es\/","logo":{"@type":"ImageObject","inLanguage":"es","@id":"https:\/\/hojassueltas.es\/#\/schema\/logo\/image\/","url":"https:\/\/hojassueltas.es\/wp-content\/uploads\/2025\/08\/Icono-HS_2.png","contentUrl":"https:\/\/hojassueltas.es\/wp-content\/uploads\/2025\/08\/Icono-HS_2.png","width":500,"height":500,"caption":"HOJAS SUELTAS - Peri\u00f3dico Cultural"},"image":{"@id":"https:\/\/hojassueltas.es\/#\/schema\/logo\/image\/"},"sameAs":["https:\/\/x.com\/HOJASSUELTAS22"]},{"@type":"Person","@id":"https:\/\/hojassueltas.es\/#\/schema\/person\/3bebed251cd272aebc76053ab7cc7147","name":"Mar\u00eda del Mar Garc\u00eda","image":{"@type":"ImageObject","inLanguage":"es","@id":"https:\/\/hojassueltas.es\/wp-content\/uploads\/2022\/12\/Maria-del-Mar-96x96.jpeg","url":"https:\/\/hojassueltas.es\/wp-content\/uploads\/2022\/12\/Maria-del-Mar-96x96.jpeg","contentUrl":"https:\/\/hojassueltas.es\/wp-content\/uploads\/2022\/12\/Maria-del-Mar-96x96.jpeg","caption":"Mar\u00eda del Mar Garc\u00eda"},"description":"Licenciada en Filolog\u00eda Inglesa. \u00c1vida lectora y eterna estudiante, apasionada del ser humano y la espiritualidad. Actualmente es Coach, especializada en lo transpersonal, sist\u00e9mico y energ\u00e9tico. Imparte formaciones, cursos de crecimiento personal, sesiones individuales y retiros. Regenta \"Alma y Tierra\", un Centro para el desarrollo humano. Mujer, so\u00f1adora y amante de la naturaleza .","url":"https:\/\/hojassueltas.es\/?author=6"}]}},"_links":{"self":[{"href":"https:\/\/hojassueltas.es\/index.php?rest_route=\/wp\/v2\/posts\/8129","targetHints":{"allow":["GET"]}}],"collection":[{"href":"https:\/\/hojassueltas.es\/index.php?rest_route=\/wp\/v2\/posts"}],"about":[{"href":"https:\/\/hojassueltas.es\/index.php?rest_route=\/wp\/v2\/types\/post"}],"author":[{"embeddable":true,"href":"https:\/\/hojassueltas.es\/index.php?rest_route=\/wp\/v2\/users\/6"}],"replies":[{"embeddable":true,"href":"https:\/\/hojassueltas.es\/index.php?rest_route=%2Fwp%2Fv2%2Fcomments&post=8129"}],"version-history":[{"count":3,"href":"https:\/\/hojassueltas.es\/index.php?rest_route=\/wp\/v2\/posts\/8129\/revisions"}],"predecessor-version":[{"id":8147,"href":"https:\/\/hojassueltas.es\/index.php?rest_route=\/wp\/v2\/posts\/8129\/revisions\/8147"}],"wp:featuredmedia":[{"embeddable":true,"href":"https:\/\/hojassueltas.es\/index.php?rest_route=\/wp\/v2\/media\/8130"}],"wp:attachment":[{"href":"https:\/\/hojassueltas.es\/index.php?rest_route=%2Fwp%2Fv2%2Fmedia&parent=8129"}],"wp:term":[{"taxonomy":"category","embeddable":true,"href":"https:\/\/hojassueltas.es\/index.php?rest_route=%2Fwp%2Fv2%2Fcategories&post=8129"},{"taxonomy":"post_tag","embeddable":true,"href":"https:\/\/hojassueltas.es\/index.php?rest_route=%2Fwp%2Fv2%2Ftags&post=8129"}],"curies":[{"name":"wp","href":"https:\/\/api.w.org\/{rel}","templated":true}]}}