{"id":7509,"date":"2023-11-03T00:00:28","date_gmt":"2023-11-02T22:00:28","guid":{"rendered":"https:\/\/hojassueltas.es\/?p=7509"},"modified":"2025-12-11T17:14:53","modified_gmt":"2025-12-11T15:14:53","slug":"entrevista-a-marina-tapia","status":"publish","type":"post","link":"https:\/\/hojassueltas.es\/?p=7509","title":{"rendered":"MARINA TAPIA"},"content":{"rendered":"<p><strong>Entrevista a Marina Tapia<\/strong><\/p>\n<p style=\"text-align: justify;\">La poeta y artista pl\u00e1stica Marina Tapia ha publicado <em>Un kilim de<\/em> <em>palabras<\/em>, <em>Bosque y silencio<\/em>, <em>Islario<\/em> y <em>Corteza<\/em>, entre otras obras, adem\u00e1s de haber coordinado y participado en numerosas antolog\u00edas de poes\u00eda y tambi\u00e9n de relato. Entre sus premios literarios destacan Paco Moll\u00e1 2017, Ciudad de Baena 2018, Joaqu\u00edn Lobato 2019, \u00c1guila de Poes\u00eda 2022 y 8 de marzo por la Igualdad de La Zubia 2023. Ahora ha obtenido la Residencia Literaria en \u00d3bidos, Portugal, concedida por Granada Ciudad de Literatura UNESCO. Aprovechamos su estancia en la mencionada villa cercana a Lisboa, para entrevistar a la autora.<\/p>\n<p><img loading=\"lazy\" decoding=\"async\" class=\"aligncenter wp-image-7512 size-large\" src=\"https:\/\/hojassueltas.es\/wp-content\/uploads\/2023\/10\/foto-Obido-1_B-768x1024.jpg\" alt=\"\" width=\"696\" height=\"928\" srcset=\"https:\/\/hojassueltas.es\/wp-content\/uploads\/2023\/10\/foto-Obido-1_B-768x1023.jpg 768w, https:\/\/hojassueltas.es\/wp-content\/uploads\/2023\/10\/foto-Obido-1_B-225x300.jpg 225w, https:\/\/hojassueltas.es\/wp-content\/uploads\/2023\/10\/foto-Obido-1_B-150x200.jpg 150w, https:\/\/hojassueltas.es\/wp-content\/uploads\/2023\/10\/foto-Obido-1_B-300x400.jpg 300w, https:\/\/hojassueltas.es\/wp-content\/uploads\/2023\/10\/foto-Obido-1_B-696x928.jpg 696w, https:\/\/hojassueltas.es\/wp-content\/uploads\/2023\/10\/foto-Obido-1_B.jpg 938w\" sizes=\"auto, (max-width: 696px) 100vw, 696px\" \/><\/p>\n<p><strong>\u00bfPor qu\u00e9 un libro infantil y por qu\u00e9 ahora?<\/strong><\/p>\n<p style=\"text-align: justify;\">Era un proyecto que ten\u00eda empezado desde antes de la pandemia, pero que no hab\u00eda podido terminar ya que se fueron cruzando otros libros, clases, actividades, etc. Pero en este mes de octubre en el que he estado viviendo en \u00d3bidos, he encontrado la tranquilidad necesaria para acabar mi proyecto enfocado a las ni\u00f1as y ni\u00f1os, no s\u00f3lo para ampliar el libro y corregir sus poemas, sino tambi\u00e9n para realizar una serie de ilustraciones que me gustar\u00eda que lo acompa\u00f1aran. Creo que ese gusto que siempre he tenido por los neologismos, por los juegos de palabras y por la invenci\u00f3n de algunos t\u00e9rminos nuevos y chistosos, con los que he mareado a mi familia y a mi pareja, jeje, ha calentado los motores de este poemario, que quiere transmitir lo l\u00fadico a la par que lo tierno, que busca cantar a la imaginaci\u00f3n, tan presente en la primera etapa de nuestras vidas.<\/p>\n<p><strong>\u00bfCrees que es importante fomentar la lectura infantil?<\/strong><\/p>\n<p style=\"text-align: justify;\">S\u00ed, por supuesto. La lectura aguza nuestros sentidos y hace que desarrollemos la capacidad de observaci\u00f3n, tambi\u00e9n ayuda a mantener despierta la creatividad. Tiene tantos beneficios: desarrolla la capacidad de concentraci\u00f3n, nuestro esp\u00edritu cr\u00edtico, nos ayuda a aumentar el vocabulario, en fin, m\u00faltiples provechos; podr\u00eda resumirse en que hace m\u00e1s amplio al mundo, m\u00e1s rico y colorido. Es totalmente recomendable. Y cada etapa de nuestro desarrollo posee sus libros adecuados a ella. Yo fui tan feliz cuando era peque\u00f1a, leyendo las poes\u00edas que Gabriela Mistral escribi\u00f3 para ni\u00f1os (y no tan ni\u00f1os), las bell\u00edsimas rondas de \u201cTernura\u201d. Tambi\u00e9n dediqu\u00e9 tardes enteras a leer y memorizar poemas de una excelente antolog\u00eda que realiz\u00f3 Mar\u00eda Romero, una periodista chilena que leg\u00f3 esta compilaci\u00f3n fabulosa de poemas, de los cuales hemos disfrutado varias generaciones de chilenos. Por eso deseaba transmitir esa alegr\u00eda y enso\u00f1aci\u00f3n que me otorg\u00f3 la poes\u00eda infantil, escribiendo mi propio poemario para los que comienzan esta andadura de la lectura (uy, me sali\u00f3 en verso).<\/p>\n<p><strong><img loading=\"lazy\" decoding=\"async\" class=\"wp-image-7513 size-medium alignleft\" src=\"https:\/\/hojassueltas.es\/wp-content\/uploads\/2023\/10\/foto-Obido-2_B-219x300.jpg\" alt=\"\" width=\"219\" height=\"300\" srcset=\"https:\/\/hojassueltas.es\/wp-content\/uploads\/2023\/10\/foto-Obido-2_B-219x300.jpg 219w, https:\/\/hojassueltas.es\/wp-content\/uploads\/2023\/10\/foto-Obido-2_B-746x1024.jpg 746w, https:\/\/hojassueltas.es\/wp-content\/uploads\/2023\/10\/foto-Obido-2_B-768x1054.jpg 768w, https:\/\/hojassueltas.es\/wp-content\/uploads\/2023\/10\/foto-Obido-2_B-150x206.jpg 150w, https:\/\/hojassueltas.es\/wp-content\/uploads\/2023\/10\/foto-Obido-2_B-300x412.jpg 300w, https:\/\/hojassueltas.es\/wp-content\/uploads\/2023\/10\/foto-Obido-2_B-696x955.jpg 696w, https:\/\/hojassueltas.es\/wp-content\/uploads\/2023\/10\/foto-Obido-2_B.jpg 911w\" sizes=\"auto, (max-width: 219px) 100vw, 219px\" \/>\u00bfC\u00f3mo y cu\u00e1ndo gestaste la idea?<\/strong><\/p>\n<p style=\"text-align: justify;\">La verdad es que la idea se gest\u00f3 hace mucho tiempo. Los primeros poemas del libro se los escrib\u00ed a mi hija Camila cuando era peque\u00f1a\u2026 y hoy tiene 29 a\u00f1os. Como ves, han pasado bastantes a\u00f1os. Ahora tengo una sobrina, Minagua, a ella le he dedicado el libro ya que con su llegada he sentido la motivaci\u00f3n de terminar este conjunto. Adem\u00e1s, en algunas actuaciones que he realizado en colegios e institutos, he utilizado muchos de estos poemas, por as\u00ed decirlo, los he puesto en marcha, los he ido probando. El mundo de la infancia siempre me ha atra\u00eddo, y no he dejado de estar en contacto con \u00e9l, ya que he desarrollado el arte de los t\u00edteres -como t\u00fa sabes, Ana-, desde su confecci\u00f3n hasta su representaci\u00f3n; un mundo donde la poes\u00eda, la infancia y la pl\u00e1stica se entrelazan.<\/p>\n<p><strong>\u00bf\u00d3bidos es el lugar ideal? \u00bfC\u00f3mo est\u00e1 influyendo en tu estilo y tem\u00e1ticas?<\/strong><\/p>\n<p style=\"text-align: justify;\">El silencio que reina en la calle donde vivo es ideal. Tambi\u00e9n ayuda mucho el encontrarme en una villa en la que no suelen entrar apenas coches, as\u00ed que te libras un poco del estr\u00e9s del tr\u00e1fico tan habitual en las ciudades. Literalmente vivo dentro de un castillo, en un lugar donde el tiempo pasa m\u00e1s despacio, donde la gente es muy cort\u00e9s (nunca dejan de saludar y agradecer, \u00a1es incre\u00edble!). Y, esa suave luz, esos colores vibrantes que te llenan de entusiasmo, y el tener todo el tiempo por delante para crear, sin casi ninguna distracci\u00f3n me ha venido estupendamente.<\/p>\n<p style=\"text-align: justify;\">Este espacio ha influido de muchas maneras, por ejemplo, he utilizado el color azul que abunda aqu\u00ed tanto en sus casas como en sus azulejos, m\u00e1s concretamente, el azul cobalto, para pintar las ilustraciones de mi libro infantil. He escrito una serie larga de poemas inspirados en \u00d3bidos y su paisaje, tambi\u00e9n otros que reflexionan sobre los objetos y el paso del tiempo, sobre las traves\u00edas y viajes. Creo que todos estos temas tienen un esp\u00edritu portugu\u00e9s. Y aqu\u00ed tambi\u00e9n he desarrollado dos proyectos m\u00e1s: uno de <em>collages <\/em>po\u00e9ticos y otro de poes\u00eda concreta (poes\u00eda visual). En ambos hay referencias, por ejemplo en el primero est\u00e1 muy presenta \u201cla piedra\u201d, la muralla; y, en el otro, vuelve a aparecer el azul como color unificador.<\/p>\n<p><strong>\u00bfDe qu\u00e9 tradici\u00f3n literaria has partido o qu\u00e9 autores son tus referentes?<\/strong><\/p>\n<p style=\"text-align: justify;\">En mi proyecto de poes\u00eda infantil siempre he tenido presentes a las autoras y los autores que han trabajado con el elemento l\u00fadico e ir\u00f3nico del lenguaje, como Gloria Fuertes, Ram\u00f3n G\u00f3mez de la Serna, Pablo Neruda, Rafael Pombo; y otros en los que la musicalidad del poema es esencial, v\u00e9ase Rub\u00e9n Dar\u00edo, Julio Barrenechea, Diego Dubl\u00e9 Urrutia, Carlos Pezoa V\u00e9liz, etc. Creo que en mi primera etapa de lectora, como es natural al vivir en Chile, me marcaron m\u00e1s los autores latinoamericanos, y despu\u00e9s mis referentes se fueron ampliando. En Espa\u00f1a he conocido autoras formidables que lamentablemente no se conocen tanto al otro lado del charco, como Mar\u00eda Victoria Atencia, Clara Jan\u00e9s o Juana Castro. Acostumbro a volver a su obra y a su mirada para consolidar cada proyecto.<\/p>\n<p><strong>\u00bfC\u00f3mo invitar\u00edas a los ni\u00f1os y sus familias a leer tu libro?<\/strong>\u00a0(Aspectos positivos de la lectura quiero decir)<\/p>\n<p style=\"text-align: justify;\">La lectura de poes\u00eda en voz alta siempre es gustosa. De esta forma nos conecta con el origen de la lengua, a trav\u00e9s de la oralidad. As\u00ed que yo invitar\u00eda a que las madres y los padres leyeran en voz alta muchos de los poemas. En el libro hay textos para varias edades, tambi\u00e9n podr\u00e1n acercarse los mayores con alma de ni\u00f1os. Muchas de las composiciones se centran en las letras del abecedario, en los animales y en todo el imaginario que suele estar presente en la infancia. Adem\u00e1s hay un poema dedicado a Lorca, al cual le tengo un cari\u00f1o especial, ya que la mayor parte del poemario ha sido escrito en Granada. Adem\u00e1s, espero que los dibujos que he hecho para este libro puedan ser tambi\u00e9n un peque\u00f1o aliciente.<\/p>\n<figure id=\"attachment_7514\" aria-describedby=\"caption-attachment-7514\" style=\"width: 696px\" class=\"wp-caption alignnone\"><img loading=\"lazy\" decoding=\"async\" class=\"wp-image-7514 size-large\" src=\"https:\/\/hojassueltas.es\/wp-content\/uploads\/2023\/10\/foto-Obido-3_B-797x1024.jpg\" alt=\"\" width=\"696\" height=\"894\" srcset=\"https:\/\/hojassueltas.es\/wp-content\/uploads\/2023\/10\/foto-Obido-3_B-797x1024.jpg 797w, https:\/\/hojassueltas.es\/wp-content\/uploads\/2023\/10\/foto-Obido-3_B-234x300.jpg 234w, https:\/\/hojassueltas.es\/wp-content\/uploads\/2023\/10\/foto-Obido-3_B-768x987.jpg 768w, https:\/\/hojassueltas.es\/wp-content\/uploads\/2023\/10\/foto-Obido-3_B-150x193.jpg 150w, https:\/\/hojassueltas.es\/wp-content\/uploads\/2023\/10\/foto-Obido-3_B-300x385.jpg 300w, https:\/\/hojassueltas.es\/wp-content\/uploads\/2023\/10\/foto-Obido-3_B-696x894.jpg 696w, https:\/\/hojassueltas.es\/wp-content\/uploads\/2023\/10\/foto-Obido-3_B.jpg 973w\" sizes=\"auto, (max-width: 696px) 100vw, 696px\" \/><figcaption id=\"caption-attachment-7514\" class=\"wp-caption-text\">OLYMPUS DIGITAL CAMERA<\/figcaption><\/figure>\n<p><strong>\u00bfPara cu\u00e1ndo y d\u00f3nde la publicaci\u00f3n? \u00bfTienes ya editor?<\/strong><\/p>\n<p style=\"text-align: justify;\">Estoy envi\u00e1ndolo a algunos premios de poes\u00eda infantil. No existen muchos. Espero tener suerte. De todas maneras, nunca hay que tener prisa por publicar, est\u00e1 bien esperar un poco si logra salir despu\u00e9s publicado de una forma primorosa y atractiva. Para m\u00ed lo importante es cerrar bien los trabajos, pulirlos al m\u00e1ximo, quedar satisfecha dentro de lo posible. Y siento que, de alguna manera, el libro ya est\u00e1 concluido.<\/p>\n<p><strong>\u00bfEn qu\u00e9 nuevos proyectos trabajas?<\/strong><\/p>\n<p style=\"text-align: justify;\">Como te coment\u00e9, en \u00d3bidos he desarrollado una propuesta personal relacionada con la poes\u00eda concreta, que es otra variedad, por as\u00ed decirlo, de la poes\u00eda visual. En mi caso me he centrado en lo metapo\u00e9tico: deseaba reflexionar, a trav\u00e9s de la imagen y la palabra, acerca del papel de la poes\u00eda en la sociedad contempor\u00e1nea. La verdad es que estoy contenta con este trabajo porque hay bastante cavilaci\u00f3n en \u00e9l, he tratado de condensar muchas ideas que me rondaban, de resumir \u201ca golpe de imagen\u201d un discurso, una postura. As\u00ed contado suena a algo denso, pero no, creo que he puesto \u201ctoda la letra en el asador\u201d para que sean divertidos, para que est\u00e9n empapados de iron\u00eda y humor. Estar\u00eda genial que se publicara un librillo con ellos. Claro, aqu\u00ed mis referentes han dejado la vara muy alta: Joan Brossa, Vicente Huidobro, Nicanor Parra\u2026 A ver si he pillado en parte algo de su esp\u00edritu.<\/p>\n<p style=\"text-align: justify;\">Pero, Ana, si te dijera que hay m\u00e1s proyectos te reir\u00edas, jeje, tengo otros libros que van perfil\u00e1ndose poquito a poco. Mi mente siempre est\u00e1 muy activa, quiz\u00e1s sea mi forma de resistir a esta realidad tan dura que tenemos ahora en el mundo.<\/p>\n<p><em><strong>\u00a9 Ana Morilla. Noviembre 2023. Todos los derechos reservados.<\/strong><\/em><\/p>\n<p>&nbsp;<\/p>\n","protected":false},"excerpt":{"rendered":"<p>Entrevista a Marina Tapia La poeta y artista pl\u00e1stica Marina Tapia ha publicado Un kilim de palabras, Bosque y silencio, Islario y Corteza, entre otras obras, adem\u00e1s de haber coordinado y participado en numerosas antolog\u00edas de poes\u00eda y tambi\u00e9n de relato. Entre sus premios literarios destacan Paco Moll\u00e1 2017, Ciudad de Baena 2018, Joaqu\u00edn Lobato [&hellip;]<\/p>\n","protected":false},"author":19,"featured_media":7510,"comment_status":"open","ping_status":"closed","sticky":false,"template":"","format":"standard","meta":{"footnotes":""},"categories":[1099,1760],"tags":[284,986],"class_list":{"0":"post-7509","1":"post","2":"type-post","3":"status-publish","4":"format-standard","5":"has-post-thumbnail","7":"category-autores","8":"category-entrevistas-autores","9":"tag-ana-morilla","10":"tag-marina-tapia"},"yoast_head":"<!-- This site is optimized with the Yoast SEO plugin v27.5 - https:\/\/yoast.com\/product\/yoast-seo-wordpress\/ -->\n<title>MARINA TAPIA | HOJAS SUELTAS Peri\u00f3dico Cultural<\/title>\n<meta name=\"robots\" content=\"index, follow, max-snippet:-1, max-image-preview:large, max-video-preview:-1\" \/>\n<link rel=\"canonical\" href=\"https:\/\/hojassueltas.es\/?p=7509\" \/>\n<meta property=\"og:locale\" content=\"es_ES\" \/>\n<meta property=\"og:type\" content=\"article\" \/>\n<meta property=\"og:title\" content=\"MARINA TAPIA | HOJAS SUELTAS Peri\u00f3dico Cultural\" \/>\n<meta property=\"og:description\" content=\"Entrevista a Marina Tapia La poeta y artista pl\u00e1stica Marina Tapia ha publicado Un kilim de palabras, Bosque y silencio, Islario y Corteza, entre otras obras, adem\u00e1s de haber coordinado y participado en numerosas antolog\u00edas de poes\u00eda y tambi\u00e9n de relato. Entre sus premios literarios destacan Paco Moll\u00e1 2017, Ciudad de Baena 2018, Joaqu\u00edn Lobato [&hellip;]\" \/>\n<meta property=\"og:url\" content=\"https:\/\/hojassueltas.es\/?p=7509\" \/>\n<meta property=\"og:site_name\" content=\"HOJAS SUELTAS Peri\u00f3dico Cultural\" \/>\n<meta property=\"article:published_time\" content=\"2023-11-02T22:00:28+00:00\" \/>\n<meta property=\"article:modified_time\" content=\"2025-12-11T15:14:53+00:00\" \/>\n<meta property=\"og:image\" content=\"https:\/\/hojassueltas.es\/wp-content\/uploads\/2023\/10\/MARINA-TAPIA_web.png\" \/>\n\t<meta property=\"og:image:width\" content=\"1050\" \/>\n\t<meta property=\"og:image:height\" content=\"610\" \/>\n\t<meta property=\"og:image:type\" content=\"image\/png\" \/>\n<meta name=\"author\" content=\"Ana Morilla Palacios\" \/>\n<meta name=\"twitter:card\" content=\"summary_large_image\" \/>\n<meta name=\"twitter:creator\" content=\"@HOJASSUELTAS22\" \/>\n<meta name=\"twitter:site\" content=\"@HOJASSUELTAS22\" \/>\n<meta name=\"twitter:label1\" content=\"Escrito por\" \/>\n\t<meta name=\"twitter:data1\" content=\"Ana Morilla Palacios\" \/>\n\t<meta name=\"twitter:label2\" content=\"Tiempo de lectura\" \/>\n\t<meta name=\"twitter:data2\" content=\"8 minutos\" \/>\n<script type=\"application\/ld+json\" class=\"yoast-schema-graph\">{\"@context\":\"https:\\\/\\\/schema.org\",\"@graph\":[{\"@type\":[\"Article\",\"BlogPosting\"],\"@id\":\"https:\\\/\\\/hojassueltas.es\\\/?p=7509#article\",\"isPartOf\":{\"@id\":\"https:\\\/\\\/hojassueltas.es\\\/?p=7509\"},\"author\":{\"name\":\"Ana Morilla Palacios\",\"@id\":\"https:\\\/\\\/hojassueltas.es\\\/#\\\/schema\\\/person\\\/0389067b4326cb39a47134847eb55133\"},\"headline\":\"MARINA TAPIA\",\"datePublished\":\"2023-11-02T22:00:28+00:00\",\"dateModified\":\"2025-12-11T15:14:53+00:00\",\"mainEntityOfPage\":{\"@id\":\"https:\\\/\\\/hojassueltas.es\\\/?p=7509\"},\"wordCount\":1532,\"commentCount\":3,\"publisher\":{\"@id\":\"https:\\\/\\\/hojassueltas.es\\\/#organization\"},\"image\":{\"@id\":\"https:\\\/\\\/hojassueltas.es\\\/?p=7509#primaryimage\"},\"thumbnailUrl\":\"https:\\\/\\\/hojassueltas.es\\\/wp-content\\\/uploads\\\/2023\\\/10\\\/MARINA-TAPIA_web.png\",\"keywords\":[\"Ana Morilla\",\"Marina Tapia\"],\"articleSection\":[\"AUTORES Grupo\",\"Entrevistas\"],\"inLanguage\":\"es\",\"potentialAction\":[{\"@type\":\"CommentAction\",\"name\":\"Comment\",\"target\":[\"https:\\\/\\\/hojassueltas.es\\\/?p=7509#respond\"]}]},{\"@type\":\"WebPage\",\"@id\":\"https:\\\/\\\/hojassueltas.es\\\/?p=7509\",\"url\":\"https:\\\/\\\/hojassueltas.es\\\/?p=7509\",\"name\":\"MARINA TAPIA | HOJAS SUELTAS Peri\u00f3dico Cultural\",\"isPartOf\":{\"@id\":\"https:\\\/\\\/hojassueltas.es\\\/#website\"},\"primaryImageOfPage\":{\"@id\":\"https:\\\/\\\/hojassueltas.es\\\/?p=7509#primaryimage\"},\"image\":{\"@id\":\"https:\\\/\\\/hojassueltas.es\\\/?p=7509#primaryimage\"},\"thumbnailUrl\":\"https:\\\/\\\/hojassueltas.es\\\/wp-content\\\/uploads\\\/2023\\\/10\\\/MARINA-TAPIA_web.png\",\"datePublished\":\"2023-11-02T22:00:28+00:00\",\"dateModified\":\"2025-12-11T15:14:53+00:00\",\"breadcrumb\":{\"@id\":\"https:\\\/\\\/hojassueltas.es\\\/?p=7509#breadcrumb\"},\"inLanguage\":\"es\",\"potentialAction\":[{\"@type\":\"ReadAction\",\"target\":[\"https:\\\/\\\/hojassueltas.es\\\/?p=7509\"]}]},{\"@type\":\"ImageObject\",\"inLanguage\":\"es\",\"@id\":\"https:\\\/\\\/hojassueltas.es\\\/?p=7509#primaryimage\",\"url\":\"https:\\\/\\\/hojassueltas.es\\\/wp-content\\\/uploads\\\/2023\\\/10\\\/MARINA-TAPIA_web.png\",\"contentUrl\":\"https:\\\/\\\/hojassueltas.es\\\/wp-content\\\/uploads\\\/2023\\\/10\\\/MARINA-TAPIA_web.png\",\"width\":1050,\"height\":610},{\"@type\":\"BreadcrumbList\",\"@id\":\"https:\\\/\\\/hojassueltas.es\\\/?p=7509#breadcrumb\",\"itemListElement\":[{\"@type\":\"ListItem\",\"position\":1,\"name\":\"Portada\",\"item\":\"https:\\\/\\\/hojassueltas.es\\\/\"},{\"@type\":\"ListItem\",\"position\":2,\"name\":\"MARINA TAPIA\"}]},{\"@type\":\"WebSite\",\"@id\":\"https:\\\/\\\/hojassueltas.es\\\/#website\",\"url\":\"https:\\\/\\\/hojassueltas.es\\\/\",\"name\":\"HojasSueltas.es\",\"description\":\"GRANADA - Peri\u00f3dico Cultural\",\"publisher\":{\"@id\":\"https:\\\/\\\/hojassueltas.es\\\/#organization\"},\"alternateName\":\"H.S. Periodico Cultural\",\"potentialAction\":[{\"@type\":\"SearchAction\",\"target\":{\"@type\":\"EntryPoint\",\"urlTemplate\":\"https:\\\/\\\/hojassueltas.es\\\/?s={search_term_string}\"},\"query-input\":{\"@type\":\"PropertyValueSpecification\",\"valueRequired\":true,\"valueName\":\"search_term_string\"}}],\"inLanguage\":\"es\"},{\"@type\":\"Organization\",\"@id\":\"https:\\\/\\\/hojassueltas.es\\\/#organization\",\"name\":\"HOJAS SUELTAS - Peri\u00f3dico Cultural\",\"alternateName\":\"HS - HOJAS SUELTAS Peri\u00f3dico Cultural\",\"url\":\"https:\\\/\\\/hojassueltas.es\\\/\",\"logo\":{\"@type\":\"ImageObject\",\"inLanguage\":\"es\",\"@id\":\"https:\\\/\\\/hojassueltas.es\\\/#\\\/schema\\\/logo\\\/image\\\/\",\"url\":\"https:\\\/\\\/hojassueltas.es\\\/wp-content\\\/uploads\\\/2025\\\/08\\\/Icono-HS_2.png\",\"contentUrl\":\"https:\\\/\\\/hojassueltas.es\\\/wp-content\\\/uploads\\\/2025\\\/08\\\/Icono-HS_2.png\",\"width\":500,\"height\":500,\"caption\":\"HOJAS SUELTAS - Peri\u00f3dico Cultural\"},\"image\":{\"@id\":\"https:\\\/\\\/hojassueltas.es\\\/#\\\/schema\\\/logo\\\/image\\\/\"},\"sameAs\":[\"https:\\\/\\\/x.com\\\/HOJASSUELTAS22\"]},{\"@type\":\"Person\",\"@id\":\"https:\\\/\\\/hojassueltas.es\\\/#\\\/schema\\\/person\\\/0389067b4326cb39a47134847eb55133\",\"name\":\"Ana Morilla Palacios\",\"image\":{\"@type\":\"ImageObject\",\"inLanguage\":\"es\",\"@id\":\"https:\\\/\\\/hojassueltas.es\\\/wp-content\\\/uploads\\\/2023\\\/02\\\/Ana-Morilla_web-96x96.jpg\",\"url\":\"https:\\\/\\\/hojassueltas.es\\\/wp-content\\\/uploads\\\/2023\\\/02\\\/Ana-Morilla_web-96x96.jpg\",\"contentUrl\":\"https:\\\/\\\/hojassueltas.es\\\/wp-content\\\/uploads\\\/2023\\\/02\\\/Ana-Morilla_web-96x96.jpg\",\"caption\":\"Ana Morilla Palacios\"},\"description\":\"Doctora en Teor\u00eda de la Literatura y del Arte y Literatura Comparada; m\u00e1ster en Estudios Literarios y Teatrales; DEA en Literatura Hispanoamericana y licenciada en Filolog\u00eda Hisp\u00e1nica. Dirigi\u00f3 la editorial Artificios y fue lectora y correctora para la editorial Traspi\u00e9s. Realiz\u00f3 un proyecto en el sello Dorothy (junto a la ilustradora Sabina Morante). Tambi\u00e9n es coach literario y profesora de talleres de escritura creativa.\",\"url\":\"https:\\\/\\\/hojassueltas.es\\\/?author=19\"}]}<\/script>\n<!-- \/ Yoast SEO plugin. -->","yoast_head_json":{"title":"MARINA TAPIA | HOJAS SUELTAS Peri\u00f3dico Cultural","robots":{"index":"index","follow":"follow","max-snippet":"max-snippet:-1","max-image-preview":"max-image-preview:large","max-video-preview":"max-video-preview:-1"},"canonical":"https:\/\/hojassueltas.es\/?p=7509","og_locale":"es_ES","og_type":"article","og_title":"MARINA TAPIA | HOJAS SUELTAS Peri\u00f3dico Cultural","og_description":"Entrevista a Marina Tapia La poeta y artista pl\u00e1stica Marina Tapia ha publicado Un kilim de palabras, Bosque y silencio, Islario y Corteza, entre otras obras, adem\u00e1s de haber coordinado y participado en numerosas antolog\u00edas de poes\u00eda y tambi\u00e9n de relato. Entre sus premios literarios destacan Paco Moll\u00e1 2017, Ciudad de Baena 2018, Joaqu\u00edn Lobato [&hellip;]","og_url":"https:\/\/hojassueltas.es\/?p=7509","og_site_name":"HOJAS SUELTAS Peri\u00f3dico Cultural","article_published_time":"2023-11-02T22:00:28+00:00","article_modified_time":"2025-12-11T15:14:53+00:00","og_image":[{"width":1050,"height":610,"url":"https:\/\/hojassueltas.es\/wp-content\/uploads\/2023\/10\/MARINA-TAPIA_web.png","type":"image\/png"}],"author":"Ana Morilla Palacios","twitter_card":"summary_large_image","twitter_creator":"@HOJASSUELTAS22","twitter_site":"@HOJASSUELTAS22","twitter_misc":{"Escrito por":"Ana Morilla Palacios","Tiempo de lectura":"8 minutos"},"schema":{"@context":"https:\/\/schema.org","@graph":[{"@type":["Article","BlogPosting"],"@id":"https:\/\/hojassueltas.es\/?p=7509#article","isPartOf":{"@id":"https:\/\/hojassueltas.es\/?p=7509"},"author":{"name":"Ana Morilla Palacios","@id":"https:\/\/hojassueltas.es\/#\/schema\/person\/0389067b4326cb39a47134847eb55133"},"headline":"MARINA TAPIA","datePublished":"2023-11-02T22:00:28+00:00","dateModified":"2025-12-11T15:14:53+00:00","mainEntityOfPage":{"@id":"https:\/\/hojassueltas.es\/?p=7509"},"wordCount":1532,"commentCount":3,"publisher":{"@id":"https:\/\/hojassueltas.es\/#organization"},"image":{"@id":"https:\/\/hojassueltas.es\/?p=7509#primaryimage"},"thumbnailUrl":"https:\/\/hojassueltas.es\/wp-content\/uploads\/2023\/10\/MARINA-TAPIA_web.png","keywords":["Ana Morilla","Marina Tapia"],"articleSection":["AUTORES Grupo","Entrevistas"],"inLanguage":"es","potentialAction":[{"@type":"CommentAction","name":"Comment","target":["https:\/\/hojassueltas.es\/?p=7509#respond"]}]},{"@type":"WebPage","@id":"https:\/\/hojassueltas.es\/?p=7509","url":"https:\/\/hojassueltas.es\/?p=7509","name":"MARINA TAPIA | HOJAS SUELTAS Peri\u00f3dico Cultural","isPartOf":{"@id":"https:\/\/hojassueltas.es\/#website"},"primaryImageOfPage":{"@id":"https:\/\/hojassueltas.es\/?p=7509#primaryimage"},"image":{"@id":"https:\/\/hojassueltas.es\/?p=7509#primaryimage"},"thumbnailUrl":"https:\/\/hojassueltas.es\/wp-content\/uploads\/2023\/10\/MARINA-TAPIA_web.png","datePublished":"2023-11-02T22:00:28+00:00","dateModified":"2025-12-11T15:14:53+00:00","breadcrumb":{"@id":"https:\/\/hojassueltas.es\/?p=7509#breadcrumb"},"inLanguage":"es","potentialAction":[{"@type":"ReadAction","target":["https:\/\/hojassueltas.es\/?p=7509"]}]},{"@type":"ImageObject","inLanguage":"es","@id":"https:\/\/hojassueltas.es\/?p=7509#primaryimage","url":"https:\/\/hojassueltas.es\/wp-content\/uploads\/2023\/10\/MARINA-TAPIA_web.png","contentUrl":"https:\/\/hojassueltas.es\/wp-content\/uploads\/2023\/10\/MARINA-TAPIA_web.png","width":1050,"height":610},{"@type":"BreadcrumbList","@id":"https:\/\/hojassueltas.es\/?p=7509#breadcrumb","itemListElement":[{"@type":"ListItem","position":1,"name":"Portada","item":"https:\/\/hojassueltas.es\/"},{"@type":"ListItem","position":2,"name":"MARINA TAPIA"}]},{"@type":"WebSite","@id":"https:\/\/hojassueltas.es\/#website","url":"https:\/\/hojassueltas.es\/","name":"HojasSueltas.es","description":"GRANADA - Peri\u00f3dico Cultural","publisher":{"@id":"https:\/\/hojassueltas.es\/#organization"},"alternateName":"H.S. Periodico Cultural","potentialAction":[{"@type":"SearchAction","target":{"@type":"EntryPoint","urlTemplate":"https:\/\/hojassueltas.es\/?s={search_term_string}"},"query-input":{"@type":"PropertyValueSpecification","valueRequired":true,"valueName":"search_term_string"}}],"inLanguage":"es"},{"@type":"Organization","@id":"https:\/\/hojassueltas.es\/#organization","name":"HOJAS SUELTAS - Peri\u00f3dico Cultural","alternateName":"HS - HOJAS SUELTAS Peri\u00f3dico Cultural","url":"https:\/\/hojassueltas.es\/","logo":{"@type":"ImageObject","inLanguage":"es","@id":"https:\/\/hojassueltas.es\/#\/schema\/logo\/image\/","url":"https:\/\/hojassueltas.es\/wp-content\/uploads\/2025\/08\/Icono-HS_2.png","contentUrl":"https:\/\/hojassueltas.es\/wp-content\/uploads\/2025\/08\/Icono-HS_2.png","width":500,"height":500,"caption":"HOJAS SUELTAS - Peri\u00f3dico Cultural"},"image":{"@id":"https:\/\/hojassueltas.es\/#\/schema\/logo\/image\/"},"sameAs":["https:\/\/x.com\/HOJASSUELTAS22"]},{"@type":"Person","@id":"https:\/\/hojassueltas.es\/#\/schema\/person\/0389067b4326cb39a47134847eb55133","name":"Ana Morilla Palacios","image":{"@type":"ImageObject","inLanguage":"es","@id":"https:\/\/hojassueltas.es\/wp-content\/uploads\/2023\/02\/Ana-Morilla_web-96x96.jpg","url":"https:\/\/hojassueltas.es\/wp-content\/uploads\/2023\/02\/Ana-Morilla_web-96x96.jpg","contentUrl":"https:\/\/hojassueltas.es\/wp-content\/uploads\/2023\/02\/Ana-Morilla_web-96x96.jpg","caption":"Ana Morilla Palacios"},"description":"Doctora en Teor\u00eda de la Literatura y del Arte y Literatura Comparada; m\u00e1ster en Estudios Literarios y Teatrales; DEA en Literatura Hispanoamericana y licenciada en Filolog\u00eda Hisp\u00e1nica. Dirigi\u00f3 la editorial Artificios y fue lectora y correctora para la editorial Traspi\u00e9s. Realiz\u00f3 un proyecto en el sello Dorothy (junto a la ilustradora Sabina Morante). Tambi\u00e9n es coach literario y profesora de talleres de escritura creativa.","url":"https:\/\/hojassueltas.es\/?author=19"}]}},"_links":{"self":[{"href":"https:\/\/hojassueltas.es\/index.php?rest_route=\/wp\/v2\/posts\/7509","targetHints":{"allow":["GET"]}}],"collection":[{"href":"https:\/\/hojassueltas.es\/index.php?rest_route=\/wp\/v2\/posts"}],"about":[{"href":"https:\/\/hojassueltas.es\/index.php?rest_route=\/wp\/v2\/types\/post"}],"author":[{"embeddable":true,"href":"https:\/\/hojassueltas.es\/index.php?rest_route=\/wp\/v2\/users\/19"}],"replies":[{"embeddable":true,"href":"https:\/\/hojassueltas.es\/index.php?rest_route=%2Fwp%2Fv2%2Fcomments&post=7509"}],"version-history":[{"count":2,"href":"https:\/\/hojassueltas.es\/index.php?rest_route=\/wp\/v2\/posts\/7509\/revisions"}],"predecessor-version":[{"id":17828,"href":"https:\/\/hojassueltas.es\/index.php?rest_route=\/wp\/v2\/posts\/7509\/revisions\/17828"}],"wp:featuredmedia":[{"embeddable":true,"href":"https:\/\/hojassueltas.es\/index.php?rest_route=\/wp\/v2\/media\/7510"}],"wp:attachment":[{"href":"https:\/\/hojassueltas.es\/index.php?rest_route=%2Fwp%2Fv2%2Fmedia&parent=7509"}],"wp:term":[{"taxonomy":"category","embeddable":true,"href":"https:\/\/hojassueltas.es\/index.php?rest_route=%2Fwp%2Fv2%2Fcategories&post=7509"},{"taxonomy":"post_tag","embeddable":true,"href":"https:\/\/hojassueltas.es\/index.php?rest_route=%2Fwp%2Fv2%2Ftags&post=7509"}],"curies":[{"name":"wp","href":"https:\/\/api.w.org\/{rel}","templated":true}]}}