{"id":7402,"date":"2023-11-08T00:00:18","date_gmt":"2023-11-07T22:00:18","guid":{"rendered":"https:\/\/hojassueltas.es\/?p=7402"},"modified":"2025-03-13T09:13:16","modified_gmt":"2025-03-13T08:13:16","slug":"por-no-hablarlo","status":"publish","type":"post","link":"https:\/\/hojassueltas.es\/?p=7402","title":{"rendered":"Por-no hablarlo"},"content":{"rendered":"<h5 class=\"title-heading-center\" style=\"text-align: justify;\">REPORTAJE GANADOR DEL I PREMIO DE PERIODISMO LUC\u00cdA MART\u00cdNEZ ODRIOLOZA<\/h5>\n<p>Texto: <strong>\u00a9 Ana Mar\u00eda Bosch Pla<\/strong><\/p>\n<hr \/>\n<h3 style=\"text-align: justify;\">La pornograf\u00eda mainstream, que apuntala la masculinidad hegem\u00f3nica, se ha convertido en el acceso m\u00e1s sencillo de la juventud al sexo ante la falta de educaci\u00f3n sexual.<\/h3>\n<p style=\"text-align: justify;\">Saber si ser\u00e1n capaces de cumplir con las expectativas, les doler\u00e1 o si conseguir\u00e1n satisfacer a la otra persona son algunas de las dudas que tienen miles de j\u00f3venes al enfrentarse a su primera relaci\u00f3n sexual.\u00a0<strong>Mar\u00eda<\/strong>\u00a0(nombre ficticio, al igual que el resto de los adolescentes citados) tiene 15 a\u00f1os y necesita acudir al porno para encontrar respuestas. No es la \u00fanica.<\/p>\n<p style=\"text-align: justify;\">Mar\u00eda forma parte del 25,5 por ciento de personas que han accedido a la pornograf\u00eda para aprender sobre sexo. Una realidad convertida en problem\u00e1tica porque el 36,8 por ciento de quienes lo consumen durante la adolescencia asegura no distinguir entre la ficci\u00f3n y sus propias experiencias sexuales, y el 17,1 por ciento no sabe responder. En adolescentes de g\u00e9nero no binario es m\u00e1s evidente: se observa que es menos probable que la f\u00e1bula audiovisual cumpla sus expectativas.<strong>\u00a0\u201cEl contenido pornogr\u00e1fico est\u00e1 hecho para hombres cis heterosexuales por lo que otras identidades y orientaciones quedan fuera y no est\u00e1n representadas\u201d<\/strong>, justifica\u00a0<strong>Roberto Sanz<\/strong>, psic\u00f3logo de la fundaci\u00f3n Sexpol, referente en sexolog\u00eda a escala nacional.<\/p>\n<p style=\"text-align: justify;\">La curiosidad que gira en torno al sexo entre los ocho y 11 a\u00f1os o la excitaci\u00f3n que provoca el porno gratuito, comercial y accesible, ya entrada la adolescencia, son algunos de los motivos que justifican el acceso seg\u00fan\u00a0<strong>Teresa Rinc\u00f3n<\/strong>. Esta sex\u00f3loga y t\u00e9cnica de la asociaci\u00f3n Dessex califica el porno convencional como \u201cmuy violento\u201d. Para Rinc\u00f3n es importante no relacionar el sexo con violencia porque a pesar de que hay gente que prefiere pr\u00e1cticas m\u00e1s \u201cbruscas\u201d, \u201cen ning\u00fan caso son violencia porque hay consentimiento\u201d.<\/p>\n<p style=\"text-align: justify;\">Los datos expuestos los ofrece el informe\u00a0\u2018(Des) informaci\u00f3n sexual: Pornograf\u00eda y adolescencia\u2019 editado en junio de 2020 por Save the children. Recoge, entre otras cosas, que tienen el primer contacto con el porno es a los 8 a\u00f1os, a pesar de que la media de consumo habitual est\u00e1 en los 12 a\u00f1os. Existe un factor diferenciador seg\u00fan el g\u00e9nero: para los chicos, el primer acceso es intencionado ya que supone \u201cun rito de iniciaci\u00f3n a la madurez, al deseo sexual y a la socializaci\u00f3n masculina\u201d, y las chicas lo encuentran de manera accidental y est\u00e1n m\u00e1s expuestas a recibir el contenido por parte de desconocidos. Las personas no binarias, por su parte, hacen una b\u00fasqueda activa por la necesidad de encontrar informaci\u00f3n sobre sexualidad&#8230; <a href=\"https:\/\/www.pikaramagazine.com\/2023\/10\/por-no-hablarlo\/\" target=\"_blank\" rel=\"noopener\"><span style=\"color: #993300;\"><strong>SEGUIR LEYENDO en P\u00edkara Magazine<\/strong><\/span><\/a><\/p>\n<p><em><strong>\u00a9 P\u00edkara Magazine. Noviembre 2023. Todos los derechos reservados.\u00a0<\/strong><\/em><\/p>\n","protected":false},"excerpt":{"rendered":"<p>REPORTAJE GANADOR DEL I PREMIO DE PERIODISMO LUC\u00cdA MART\u00cdNEZ ODRIOLOZA Texto: \u00a9 Ana Mar\u00eda Bosch Pla La pornograf\u00eda mainstream, que apuntala la masculinidad hegem\u00f3nica, se ha convertido en el acceso m\u00e1s sencillo de la juventud al sexo ante la falta de educaci\u00f3n sexual. Saber si ser\u00e1n capaces de cumplir con las expectativas, les doler\u00e1 o [&hellip;]<\/p>\n","protected":false},"author":55,"featured_media":7403,"comment_status":"open","ping_status":"closed","sticky":false,"template":"","format":"standard","meta":{"footnotes":""},"categories":[2298],"tags":[971,969],"class_list":{"0":"post-7402","1":"post","2":"type-post","3":"status-publish","4":"format-standard","5":"has-post-thumbnail","7":"category-colaboradores","8":"tag-ana-maria-bosch-pla","9":"tag-pikara-magazine"},"yoast_head":"<!-- This site is optimized with the Yoast SEO plugin v27.5 - https:\/\/yoast.com\/product\/yoast-seo-wordpress\/ -->\n<title>Por-no hablarlo | HOJAS SUELTAS Peri\u00f3dico Cultural<\/title>\n<meta name=\"robots\" content=\"index, follow, max-snippet:-1, max-image-preview:large, max-video-preview:-1\" \/>\n<link rel=\"canonical\" href=\"https:\/\/hojassueltas.es\/?p=7402\" \/>\n<meta property=\"og:locale\" content=\"es_ES\" \/>\n<meta property=\"og:type\" content=\"article\" \/>\n<meta property=\"og:title\" content=\"Por-no hablarlo | HOJAS SUELTAS Peri\u00f3dico Cultural\" \/>\n<meta property=\"og:description\" content=\"REPORTAJE GANADOR DEL I PREMIO DE PERIODISMO LUC\u00cdA MART\u00cdNEZ ODRIOLOZA Texto: \u00a9 Ana Mar\u00eda Bosch Pla La pornograf\u00eda mainstream, que apuntala la masculinidad hegem\u00f3nica, se ha convertido en el acceso m\u00e1s sencillo de la juventud al sexo ante la falta de educaci\u00f3n sexual. Saber si ser\u00e1n capaces de cumplir con las expectativas, les doler\u00e1 o [&hellip;]\" \/>\n<meta property=\"og:url\" content=\"https:\/\/hojassueltas.es\/?p=7402\" \/>\n<meta property=\"og:site_name\" content=\"HOJAS SUELTAS Peri\u00f3dico Cultural\" \/>\n<meta property=\"article:published_time\" content=\"2023-11-07T22:00:18+00:00\" \/>\n<meta property=\"article:modified_time\" content=\"2025-03-13T08:13:16+00:00\" \/>\n<meta property=\"og:image\" content=\"https:\/\/hojassueltas.es\/wp-content\/uploads\/2023\/10\/POR-.NO_web.png\" \/>\n\t<meta property=\"og:image:width\" content=\"1050\" \/>\n\t<meta property=\"og:image:height\" content=\"610\" \/>\n\t<meta property=\"og:image:type\" content=\"image\/png\" \/>\n<meta name=\"author\" content=\"P\u00edkara Magazine\" \/>\n<meta name=\"twitter:card\" content=\"summary_large_image\" \/>\n<meta name=\"twitter:creator\" content=\"@HOJASSUELTAS22\" \/>\n<meta name=\"twitter:site\" content=\"@HOJASSUELTAS22\" \/>\n<meta name=\"twitter:label1\" content=\"Escrito por\" \/>\n\t<meta name=\"twitter:data1\" content=\"P\u00edkara Magazine\" \/>\n\t<meta name=\"twitter:label2\" content=\"Tiempo de lectura\" \/>\n\t<meta name=\"twitter:data2\" content=\"3 minutos\" \/>\n<script type=\"application\/ld+json\" class=\"yoast-schema-graph\">{\"@context\":\"https:\\\/\\\/schema.org\",\"@graph\":[{\"@type\":[\"Article\",\"BlogPosting\"],\"@id\":\"https:\\\/\\\/hojassueltas.es\\\/?p=7402#article\",\"isPartOf\":{\"@id\":\"https:\\\/\\\/hojassueltas.es\\\/?p=7402\"},\"author\":{\"name\":\"P\u00edkara Magazine\",\"@id\":\"https:\\\/\\\/hojassueltas.es\\\/#\\\/schema\\\/person\\\/ff4f83fed3ececa1ee0637f172db765f\"},\"headline\":\"Por-no hablarlo\",\"datePublished\":\"2023-11-07T22:00:18+00:00\",\"dateModified\":\"2025-03-13T08:13:16+00:00\",\"mainEntityOfPage\":{\"@id\":\"https:\\\/\\\/hojassueltas.es\\\/?p=7402\"},\"wordCount\":485,\"commentCount\":0,\"publisher\":{\"@id\":\"https:\\\/\\\/hojassueltas.es\\\/#organization\"},\"image\":{\"@id\":\"https:\\\/\\\/hojassueltas.es\\\/?p=7402#primaryimage\"},\"thumbnailUrl\":\"https:\\\/\\\/hojassueltas.es\\\/wp-content\\\/uploads\\\/2023\\\/10\\\/POR-.NO_web.png\",\"keywords\":[\"Ana Mar\u00eda Bosch Pla\",\"Pikara Magazine\"],\"articleSection\":[\"Colaboradores\"],\"inLanguage\":\"es\",\"potentialAction\":[{\"@type\":\"CommentAction\",\"name\":\"Comment\",\"target\":[\"https:\\\/\\\/hojassueltas.es\\\/?p=7402#respond\"]}]},{\"@type\":\"WebPage\",\"@id\":\"https:\\\/\\\/hojassueltas.es\\\/?p=7402\",\"url\":\"https:\\\/\\\/hojassueltas.es\\\/?p=7402\",\"name\":\"Por-no hablarlo | HOJAS SUELTAS Peri\u00f3dico Cultural\",\"isPartOf\":{\"@id\":\"https:\\\/\\\/hojassueltas.es\\\/#website\"},\"primaryImageOfPage\":{\"@id\":\"https:\\\/\\\/hojassueltas.es\\\/?p=7402#primaryimage\"},\"image\":{\"@id\":\"https:\\\/\\\/hojassueltas.es\\\/?p=7402#primaryimage\"},\"thumbnailUrl\":\"https:\\\/\\\/hojassueltas.es\\\/wp-content\\\/uploads\\\/2023\\\/10\\\/POR-.NO_web.png\",\"datePublished\":\"2023-11-07T22:00:18+00:00\",\"dateModified\":\"2025-03-13T08:13:16+00:00\",\"breadcrumb\":{\"@id\":\"https:\\\/\\\/hojassueltas.es\\\/?p=7402#breadcrumb\"},\"inLanguage\":\"es\",\"potentialAction\":[{\"@type\":\"ReadAction\",\"target\":[\"https:\\\/\\\/hojassueltas.es\\\/?p=7402\"]}]},{\"@type\":\"ImageObject\",\"inLanguage\":\"es\",\"@id\":\"https:\\\/\\\/hojassueltas.es\\\/?p=7402#primaryimage\",\"url\":\"https:\\\/\\\/hojassueltas.es\\\/wp-content\\\/uploads\\\/2023\\\/10\\\/POR-.NO_web.png\",\"contentUrl\":\"https:\\\/\\\/hojassueltas.es\\\/wp-content\\\/uploads\\\/2023\\\/10\\\/POR-.NO_web.png\",\"width\":1050,\"height\":610},{\"@type\":\"BreadcrumbList\",\"@id\":\"https:\\\/\\\/hojassueltas.es\\\/?p=7402#breadcrumb\",\"itemListElement\":[{\"@type\":\"ListItem\",\"position\":1,\"name\":\"Portada\",\"item\":\"https:\\\/\\\/hojassueltas.es\\\/\"},{\"@type\":\"ListItem\",\"position\":2,\"name\":\"Por-no hablarlo\"}]},{\"@type\":\"WebSite\",\"@id\":\"https:\\\/\\\/hojassueltas.es\\\/#website\",\"url\":\"https:\\\/\\\/hojassueltas.es\\\/\",\"name\":\"HojasSueltas.es\",\"description\":\"GRANADA - Peri\u00f3dico Cultural\",\"publisher\":{\"@id\":\"https:\\\/\\\/hojassueltas.es\\\/#organization\"},\"alternateName\":\"H.S. Periodico Cultural\",\"potentialAction\":[{\"@type\":\"SearchAction\",\"target\":{\"@type\":\"EntryPoint\",\"urlTemplate\":\"https:\\\/\\\/hojassueltas.es\\\/?s={search_term_string}\"},\"query-input\":{\"@type\":\"PropertyValueSpecification\",\"valueRequired\":true,\"valueName\":\"search_term_string\"}}],\"inLanguage\":\"es\"},{\"@type\":\"Organization\",\"@id\":\"https:\\\/\\\/hojassueltas.es\\\/#organization\",\"name\":\"HOJAS SUELTAS - Peri\u00f3dico Cultural\",\"alternateName\":\"HS - HOJAS SUELTAS Peri\u00f3dico Cultural\",\"url\":\"https:\\\/\\\/hojassueltas.es\\\/\",\"logo\":{\"@type\":\"ImageObject\",\"inLanguage\":\"es\",\"@id\":\"https:\\\/\\\/hojassueltas.es\\\/#\\\/schema\\\/logo\\\/image\\\/\",\"url\":\"https:\\\/\\\/hojassueltas.es\\\/wp-content\\\/uploads\\\/2025\\\/08\\\/Icono-HS_2.png\",\"contentUrl\":\"https:\\\/\\\/hojassueltas.es\\\/wp-content\\\/uploads\\\/2025\\\/08\\\/Icono-HS_2.png\",\"width\":500,\"height\":500,\"caption\":\"HOJAS SUELTAS - Peri\u00f3dico Cultural\"},\"image\":{\"@id\":\"https:\\\/\\\/hojassueltas.es\\\/#\\\/schema\\\/logo\\\/image\\\/\"},\"sameAs\":[\"https:\\\/\\\/x.com\\\/HOJASSUELTAS22\"]},{\"@type\":\"Person\",\"@id\":\"https:\\\/\\\/hojassueltas.es\\\/#\\\/schema\\\/person\\\/ff4f83fed3ececa1ee0637f172db765f\",\"name\":\"P\u00edkara Magazine\",\"image\":{\"@type\":\"ImageObject\",\"inLanguage\":\"es\",\"@id\":\"https:\\\/\\\/secure.gravatar.com\\\/avatar\\\/fb705c42e3ba8ec543fdb2a76c8b682ba100de5d01a2464c81102b6820bdcbf2?s=96&r=g\",\"url\":\"https:\\\/\\\/secure.gravatar.com\\\/avatar\\\/fb705c42e3ba8ec543fdb2a76c8b682ba100de5d01a2464c81102b6820bdcbf2?s=96&r=g\",\"contentUrl\":\"https:\\\/\\\/secure.gravatar.com\\\/avatar\\\/fb705c42e3ba8ec543fdb2a76c8b682ba100de5d01a2464c81102b6820bdcbf2?s=96&r=g\",\"caption\":\"P\u00edkara Magazine\"},\"description\":\"Revista de pluralidad ideol\u00f3gica bajo una perspectiva feminista interseccional como movimiento social y escuela de pensamiento, cuyo objetivo es contribuir al pensamiento cr\u00edtico y el debate constructivo que propicia el di\u00e1logo y el crecimiento.\",\"sameAs\":[\"https:\\\/\\\/www.pikaramagazine.com\\\/\"],\"url\":\"https:\\\/\\\/hojassueltas.es\\\/?author=55\"}]}<\/script>\n<!-- \/ Yoast SEO plugin. -->","yoast_head_json":{"title":"Por-no hablarlo | HOJAS SUELTAS Peri\u00f3dico Cultural","robots":{"index":"index","follow":"follow","max-snippet":"max-snippet:-1","max-image-preview":"max-image-preview:large","max-video-preview":"max-video-preview:-1"},"canonical":"https:\/\/hojassueltas.es\/?p=7402","og_locale":"es_ES","og_type":"article","og_title":"Por-no hablarlo | HOJAS SUELTAS Peri\u00f3dico Cultural","og_description":"REPORTAJE GANADOR DEL I PREMIO DE PERIODISMO LUC\u00cdA MART\u00cdNEZ ODRIOLOZA Texto: \u00a9 Ana Mar\u00eda Bosch Pla La pornograf\u00eda mainstream, que apuntala la masculinidad hegem\u00f3nica, se ha convertido en el acceso m\u00e1s sencillo de la juventud al sexo ante la falta de educaci\u00f3n sexual. Saber si ser\u00e1n capaces de cumplir con las expectativas, les doler\u00e1 o [&hellip;]","og_url":"https:\/\/hojassueltas.es\/?p=7402","og_site_name":"HOJAS SUELTAS Peri\u00f3dico Cultural","article_published_time":"2023-11-07T22:00:18+00:00","article_modified_time":"2025-03-13T08:13:16+00:00","og_image":[{"width":1050,"height":610,"url":"https:\/\/hojassueltas.es\/wp-content\/uploads\/2023\/10\/POR-.NO_web.png","type":"image\/png"}],"author":"P\u00edkara Magazine","twitter_card":"summary_large_image","twitter_creator":"@HOJASSUELTAS22","twitter_site":"@HOJASSUELTAS22","twitter_misc":{"Escrito por":"P\u00edkara Magazine","Tiempo de lectura":"3 minutos"},"schema":{"@context":"https:\/\/schema.org","@graph":[{"@type":["Article","BlogPosting"],"@id":"https:\/\/hojassueltas.es\/?p=7402#article","isPartOf":{"@id":"https:\/\/hojassueltas.es\/?p=7402"},"author":{"name":"P\u00edkara Magazine","@id":"https:\/\/hojassueltas.es\/#\/schema\/person\/ff4f83fed3ececa1ee0637f172db765f"},"headline":"Por-no hablarlo","datePublished":"2023-11-07T22:00:18+00:00","dateModified":"2025-03-13T08:13:16+00:00","mainEntityOfPage":{"@id":"https:\/\/hojassueltas.es\/?p=7402"},"wordCount":485,"commentCount":0,"publisher":{"@id":"https:\/\/hojassueltas.es\/#organization"},"image":{"@id":"https:\/\/hojassueltas.es\/?p=7402#primaryimage"},"thumbnailUrl":"https:\/\/hojassueltas.es\/wp-content\/uploads\/2023\/10\/POR-.NO_web.png","keywords":["Ana Mar\u00eda Bosch Pla","Pikara Magazine"],"articleSection":["Colaboradores"],"inLanguage":"es","potentialAction":[{"@type":"CommentAction","name":"Comment","target":["https:\/\/hojassueltas.es\/?p=7402#respond"]}]},{"@type":"WebPage","@id":"https:\/\/hojassueltas.es\/?p=7402","url":"https:\/\/hojassueltas.es\/?p=7402","name":"Por-no hablarlo | HOJAS SUELTAS Peri\u00f3dico Cultural","isPartOf":{"@id":"https:\/\/hojassueltas.es\/#website"},"primaryImageOfPage":{"@id":"https:\/\/hojassueltas.es\/?p=7402#primaryimage"},"image":{"@id":"https:\/\/hojassueltas.es\/?p=7402#primaryimage"},"thumbnailUrl":"https:\/\/hojassueltas.es\/wp-content\/uploads\/2023\/10\/POR-.NO_web.png","datePublished":"2023-11-07T22:00:18+00:00","dateModified":"2025-03-13T08:13:16+00:00","breadcrumb":{"@id":"https:\/\/hojassueltas.es\/?p=7402#breadcrumb"},"inLanguage":"es","potentialAction":[{"@type":"ReadAction","target":["https:\/\/hojassueltas.es\/?p=7402"]}]},{"@type":"ImageObject","inLanguage":"es","@id":"https:\/\/hojassueltas.es\/?p=7402#primaryimage","url":"https:\/\/hojassueltas.es\/wp-content\/uploads\/2023\/10\/POR-.NO_web.png","contentUrl":"https:\/\/hojassueltas.es\/wp-content\/uploads\/2023\/10\/POR-.NO_web.png","width":1050,"height":610},{"@type":"BreadcrumbList","@id":"https:\/\/hojassueltas.es\/?p=7402#breadcrumb","itemListElement":[{"@type":"ListItem","position":1,"name":"Portada","item":"https:\/\/hojassueltas.es\/"},{"@type":"ListItem","position":2,"name":"Por-no hablarlo"}]},{"@type":"WebSite","@id":"https:\/\/hojassueltas.es\/#website","url":"https:\/\/hojassueltas.es\/","name":"HojasSueltas.es","description":"GRANADA - Peri\u00f3dico Cultural","publisher":{"@id":"https:\/\/hojassueltas.es\/#organization"},"alternateName":"H.S. Periodico Cultural","potentialAction":[{"@type":"SearchAction","target":{"@type":"EntryPoint","urlTemplate":"https:\/\/hojassueltas.es\/?s={search_term_string}"},"query-input":{"@type":"PropertyValueSpecification","valueRequired":true,"valueName":"search_term_string"}}],"inLanguage":"es"},{"@type":"Organization","@id":"https:\/\/hojassueltas.es\/#organization","name":"HOJAS SUELTAS - Peri\u00f3dico Cultural","alternateName":"HS - HOJAS SUELTAS Peri\u00f3dico Cultural","url":"https:\/\/hojassueltas.es\/","logo":{"@type":"ImageObject","inLanguage":"es","@id":"https:\/\/hojassueltas.es\/#\/schema\/logo\/image\/","url":"https:\/\/hojassueltas.es\/wp-content\/uploads\/2025\/08\/Icono-HS_2.png","contentUrl":"https:\/\/hojassueltas.es\/wp-content\/uploads\/2025\/08\/Icono-HS_2.png","width":500,"height":500,"caption":"HOJAS SUELTAS - Peri\u00f3dico Cultural"},"image":{"@id":"https:\/\/hojassueltas.es\/#\/schema\/logo\/image\/"},"sameAs":["https:\/\/x.com\/HOJASSUELTAS22"]},{"@type":"Person","@id":"https:\/\/hojassueltas.es\/#\/schema\/person\/ff4f83fed3ececa1ee0637f172db765f","name":"P\u00edkara Magazine","image":{"@type":"ImageObject","inLanguage":"es","@id":"https:\/\/secure.gravatar.com\/avatar\/fb705c42e3ba8ec543fdb2a76c8b682ba100de5d01a2464c81102b6820bdcbf2?s=96&r=g","url":"https:\/\/secure.gravatar.com\/avatar\/fb705c42e3ba8ec543fdb2a76c8b682ba100de5d01a2464c81102b6820bdcbf2?s=96&r=g","contentUrl":"https:\/\/secure.gravatar.com\/avatar\/fb705c42e3ba8ec543fdb2a76c8b682ba100de5d01a2464c81102b6820bdcbf2?s=96&r=g","caption":"P\u00edkara Magazine"},"description":"Revista de pluralidad ideol\u00f3gica bajo una perspectiva feminista interseccional como movimiento social y escuela de pensamiento, cuyo objetivo es contribuir al pensamiento cr\u00edtico y el debate constructivo que propicia el di\u00e1logo y el crecimiento.","sameAs":["https:\/\/www.pikaramagazine.com\/"],"url":"https:\/\/hojassueltas.es\/?author=55"}]}},"_links":{"self":[{"href":"https:\/\/hojassueltas.es\/index.php?rest_route=\/wp\/v2\/posts\/7402","targetHints":{"allow":["GET"]}}],"collection":[{"href":"https:\/\/hojassueltas.es\/index.php?rest_route=\/wp\/v2\/posts"}],"about":[{"href":"https:\/\/hojassueltas.es\/index.php?rest_route=\/wp\/v2\/types\/post"}],"author":[{"embeddable":true,"href":"https:\/\/hojassueltas.es\/index.php?rest_route=\/wp\/v2\/users\/55"}],"replies":[{"embeddable":true,"href":"https:\/\/hojassueltas.es\/index.php?rest_route=%2Fwp%2Fv2%2Fcomments&post=7402"}],"version-history":[{"count":1,"href":"https:\/\/hojassueltas.es\/index.php?rest_route=\/wp\/v2\/posts\/7402\/revisions"}],"predecessor-version":[{"id":7404,"href":"https:\/\/hojassueltas.es\/index.php?rest_route=\/wp\/v2\/posts\/7402\/revisions\/7404"}],"wp:featuredmedia":[{"embeddable":true,"href":"https:\/\/hojassueltas.es\/index.php?rest_route=\/wp\/v2\/media\/7403"}],"wp:attachment":[{"href":"https:\/\/hojassueltas.es\/index.php?rest_route=%2Fwp%2Fv2%2Fmedia&parent=7402"}],"wp:term":[{"taxonomy":"category","embeddable":true,"href":"https:\/\/hojassueltas.es\/index.php?rest_route=%2Fwp%2Fv2%2Fcategories&post=7402"},{"taxonomy":"post_tag","embeddable":true,"href":"https:\/\/hojassueltas.es\/index.php?rest_route=%2Fwp%2Fv2%2Ftags&post=7402"}],"curies":[{"name":"wp","href":"https:\/\/api.w.org\/{rel}","templated":true}]}}