{"id":7294,"date":"2023-10-30T00:00:45","date_gmt":"2023-10-29T22:00:45","guid":{"rendered":"https:\/\/hojassueltas.es\/?p=7294"},"modified":"2025-03-12T17:27:45","modified_gmt":"2025-03-12T16:27:45","slug":"lola-callejon-acien","status":"publish","type":"post","link":"https:\/\/hojassueltas.es\/?p=7294","title":{"rendered":"LOLA CALLEJ\u00d3N ACI\u00c9N"},"content":{"rendered":"<p>Dal\u00edas (Almer\u00eda, 1960).<\/p>\n<p style=\"text-align: justify;\">Es licenciada en Ciencias Biol\u00f3gicas. M\u00e1ster en Educaci\u00f3n Ambiental y Desarrollo Sostenible y Especialista Universitaria en Educaci\u00f3n Ambiental y Globalizaci\u00f3n: Educar para un Desarrollo Sostenible Global y Local. Actualmente es profesora en Granada, en centro p\u00fablico de la Junta de Andaluc\u00eda. Especialidad: Interpretaci\u00f3n y Educaci\u00f3n Ambiental.<\/p>\n<p style=\"text-align: justify;\">Ha publicado los siguientes libros de poemas: El tiempo como prueba (2016), Tinta Verde (2017) y la Unidad Did\u00e1ctica asociada al mismo poemario: Tinta Verde . \u00abExplorando los puntos calientes de biodiversidad a trav\u00e9s de la poes\u00eda\u00bb (2017 ). Ha sido incluida en diversas antolog\u00edas po\u00e9ticas, entre otras: El texto otro (2016); M\u00e1s all\u00e1 del Sur, Poetas desde Almer\u00eda (2017); Versos que abrazan, Poes\u00eda y arte contra la violencia de g\u00e9nero. Diputaci\u00f3n de Almer\u00eda. Ayuntamiento de Almer\u00eda y Fundaci\u00f3n de Arte Ib\u00e1\u00f1ez Cosentino (2017); Un mundo bajo sus alas, Junta de Andaluc\u00eda (2021); Libro de Educaci\u00f3n Ambiental para dar a conocer las aves a trav\u00e9s de la literatura. Poes\u00eda y Econom\u00eda. Voces del Extremo (2021). Ha publicado diversos art\u00edculos de opini\u00f3n en revistas (Andaluc\u00eda Educativa y Laboral, Bolet\u00edn de la Asociaci\u00f3n para la Interpretaci\u00f3n del Patrimonio, Menos Lobos\u2026), abordando la tem\u00e1tica feminista en general (ecofeminismo, coeducaci\u00f3n, identidades y diversidad\u2026) o la ambiental (con una proyecci\u00f3n en el territorio andaluz). Ha sido ponente en diversas jornadas feministas y de coeducaci\u00f3n y coorganizadora de las Jornadas Feministas Estatales: Granada, treinta a\u00f1os despu\u00e9s, aqu\u00ed y ahora, celebradas en Granada en 2009. En el \u00e1mbito espec\u00edfico de la Educaci\u00f3n Ambiental ha publicado, entre otros, los siguientes libros y trabajos de investigaci\u00f3n: Descubriendo el entorno inmediato. Actividades de Educaci\u00f3n Ambiental para adultos. Consejer\u00eda de Medio Ambiente, Junta de Andaluc\u00eda (2004); Nuevas tendencias en investigaciones en Educaci\u00f3n Ambiental. VV.AA. Naturaleza y Parques Nacionales. Serie Educaci\u00f3n Ambiental. Organismo Aut\u00f3nomo de Parques Nacionales. Ministerio de Medio Ambiente (2007); Una apuesta por Andaluc\u00eda. VV. AA. Ed. Talasa, 1998. Ha participado en diferentes encuentros y recitales po\u00e9ticos, entre los que destacamos: Quej\u00edo. Grito de mujer. C\u00f3rdoba. D\u00eda Mundial de la Poes\u00eda. Granada Ciudad de Literatura Unesco. Amanecer en la Alcazaba. Almer\u00eda. Voces del Extremo. Moguer (Huelva).<\/p>\n","protected":false},"excerpt":{"rendered":"<p>Dal\u00edas (Almer\u00eda, 1960). Es licenciada en Ciencias Biol\u00f3gicas. M\u00e1ster en Educaci\u00f3n Ambiental y Desarrollo Sostenible y Especialista Universitaria en Educaci\u00f3n Ambiental y Globalizaci\u00f3n: Educar para un Desarrollo Sostenible Global y Local. Actualmente es profesora en Granada, en centro p\u00fablico de la Junta de Andaluc\u00eda. Especialidad: Interpretaci\u00f3n y Educaci\u00f3n Ambiental. Ha publicado los siguientes libros de [&hellip;]<\/p>\n","protected":false},"author":1,"featured_media":7296,"comment_status":"open","ping_status":"closed","sticky":false,"template":"","format":"standard","meta":{"footnotes":""},"categories":[2296],"tags":[955],"class_list":{"0":"post-7294","1":"post","2":"type-post","3":"status-publish","4":"format-standard","5":"has-post-thumbnail","7":"category-fichas-biobibliograficas","8":"tag-lola-callejon"},"yoast_head":"<!-- This site is optimized with the Yoast SEO plugin v27.4 - https:\/\/yoast.com\/product\/yoast-seo-wordpress\/ -->\n<title>LOLA CALLEJ\u00d3N ACI\u00c9N | HOJAS SUELTAS Peri\u00f3dico Cultural<\/title>\n<meta name=\"robots\" content=\"index, follow, max-snippet:-1, max-image-preview:large, max-video-preview:-1\" \/>\n<link rel=\"canonical\" href=\"https:\/\/hojassueltas.es\/?p=7294\" \/>\n<meta property=\"og:locale\" content=\"es_ES\" \/>\n<meta property=\"og:type\" content=\"article\" \/>\n<meta property=\"og:title\" content=\"LOLA CALLEJ\u00d3N ACI\u00c9N | HOJAS SUELTAS Peri\u00f3dico Cultural\" \/>\n<meta property=\"og:description\" content=\"Dal\u00edas (Almer\u00eda, 1960). Es licenciada en Ciencias Biol\u00f3gicas. M\u00e1ster en Educaci\u00f3n Ambiental y Desarrollo Sostenible y Especialista Universitaria en Educaci\u00f3n Ambiental y Globalizaci\u00f3n: Educar para un Desarrollo Sostenible Global y Local. Actualmente es profesora en Granada, en centro p\u00fablico de la Junta de Andaluc\u00eda. Especialidad: Interpretaci\u00f3n y Educaci\u00f3n Ambiental. Ha publicado los siguientes libros de [&hellip;]\" \/>\n<meta property=\"og:url\" content=\"https:\/\/hojassueltas.es\/?p=7294\" \/>\n<meta property=\"og:site_name\" content=\"HOJAS SUELTAS Peri\u00f3dico Cultural\" \/>\n<meta property=\"article:published_time\" content=\"2023-10-29T22:00:45+00:00\" \/>\n<meta property=\"article:modified_time\" content=\"2025-03-12T16:27:45+00:00\" \/>\n<meta property=\"og:image\" content=\"https:\/\/hojassueltas.es\/wp-content\/uploads\/2023\/10\/Lolacallejon_web.png\" \/>\n\t<meta property=\"og:image:width\" content=\"1050\" \/>\n\t<meta property=\"og:image:height\" content=\"610\" \/>\n\t<meta property=\"og:image:type\" content=\"image\/png\" \/>\n<meta name=\"author\" content=\"Redacci\u00f3n\" \/>\n<meta name=\"twitter:card\" content=\"summary_large_image\" \/>\n<meta name=\"twitter:creator\" content=\"@HOJASSUELTAS22\" \/>\n<meta name=\"twitter:site\" content=\"@HOJASSUELTAS22\" \/>\n<meta name=\"twitter:label1\" content=\"Escrito por\" \/>\n\t<meta name=\"twitter:data1\" content=\"Redacci\u00f3n\" \/>\n\t<meta name=\"twitter:label2\" content=\"Tiempo de lectura\" \/>\n\t<meta name=\"twitter:data2\" content=\"2 minutos\" \/>\n<script type=\"application\/ld+json\" class=\"yoast-schema-graph\">{\"@context\":\"https:\\\/\\\/schema.org\",\"@graph\":[{\"@type\":[\"Article\",\"BlogPosting\"],\"@id\":\"https:\\\/\\\/hojassueltas.es\\\/?p=7294#article\",\"isPartOf\":{\"@id\":\"https:\\\/\\\/hojassueltas.es\\\/?p=7294\"},\"author\":{\"name\":\"Redacci\u00f3n\",\"@id\":\"https:\\\/\\\/hojassueltas.es\\\/#\\\/schema\\\/person\\\/f232bbdb834c61c90aff2245daa401c0\"},\"headline\":\"LOLA CALLEJ\u00d3N ACI\u00c9N\",\"datePublished\":\"2023-10-29T22:00:45+00:00\",\"dateModified\":\"2025-03-12T16:27:45+00:00\",\"mainEntityOfPage\":{\"@id\":\"https:\\\/\\\/hojassueltas.es\\\/?p=7294\"},\"wordCount\":394,\"commentCount\":0,\"publisher\":{\"@id\":\"https:\\\/\\\/hojassueltas.es\\\/#organization\"},\"image\":{\"@id\":\"https:\\\/\\\/hojassueltas.es\\\/?p=7294#primaryimage\"},\"thumbnailUrl\":\"https:\\\/\\\/hojassueltas.es\\\/wp-content\\\/uploads\\\/2023\\\/10\\\/Lolacallejon_web.png\",\"keywords\":[\"Lola Callej\u00f3n\"],\"articleSection\":[\"Fichas biobibliogr\u00e1ficas\"],\"inLanguage\":\"es\",\"potentialAction\":[{\"@type\":\"CommentAction\",\"name\":\"Comment\",\"target\":[\"https:\\\/\\\/hojassueltas.es\\\/?p=7294#respond\"]}]},{\"@type\":\"WebPage\",\"@id\":\"https:\\\/\\\/hojassueltas.es\\\/?p=7294\",\"url\":\"https:\\\/\\\/hojassueltas.es\\\/?p=7294\",\"name\":\"LOLA CALLEJ\u00d3N ACI\u00c9N | HOJAS SUELTAS Peri\u00f3dico Cultural\",\"isPartOf\":{\"@id\":\"https:\\\/\\\/hojassueltas.es\\\/#website\"},\"primaryImageOfPage\":{\"@id\":\"https:\\\/\\\/hojassueltas.es\\\/?p=7294#primaryimage\"},\"image\":{\"@id\":\"https:\\\/\\\/hojassueltas.es\\\/?p=7294#primaryimage\"},\"thumbnailUrl\":\"https:\\\/\\\/hojassueltas.es\\\/wp-content\\\/uploads\\\/2023\\\/10\\\/Lolacallejon_web.png\",\"datePublished\":\"2023-10-29T22:00:45+00:00\",\"dateModified\":\"2025-03-12T16:27:45+00:00\",\"breadcrumb\":{\"@id\":\"https:\\\/\\\/hojassueltas.es\\\/?p=7294#breadcrumb\"},\"inLanguage\":\"es\",\"potentialAction\":[{\"@type\":\"ReadAction\",\"target\":[\"https:\\\/\\\/hojassueltas.es\\\/?p=7294\"]}]},{\"@type\":\"ImageObject\",\"inLanguage\":\"es\",\"@id\":\"https:\\\/\\\/hojassueltas.es\\\/?p=7294#primaryimage\",\"url\":\"https:\\\/\\\/hojassueltas.es\\\/wp-content\\\/uploads\\\/2023\\\/10\\\/Lolacallejon_web.png\",\"contentUrl\":\"https:\\\/\\\/hojassueltas.es\\\/wp-content\\\/uploads\\\/2023\\\/10\\\/Lolacallejon_web.png\",\"width\":1050,\"height\":610},{\"@type\":\"BreadcrumbList\",\"@id\":\"https:\\\/\\\/hojassueltas.es\\\/?p=7294#breadcrumb\",\"itemListElement\":[{\"@type\":\"ListItem\",\"position\":1,\"name\":\"Portada\",\"item\":\"https:\\\/\\\/hojassueltas.es\\\/\"},{\"@type\":\"ListItem\",\"position\":2,\"name\":\"LOLA CALLEJ\u00d3N ACI\u00c9N\"}]},{\"@type\":\"WebSite\",\"@id\":\"https:\\\/\\\/hojassueltas.es\\\/#website\",\"url\":\"https:\\\/\\\/hojassueltas.es\\\/\",\"name\":\"HojasSueltas.es\",\"description\":\"GRANADA - Peri\u00f3dico Cultural\",\"publisher\":{\"@id\":\"https:\\\/\\\/hojassueltas.es\\\/#organization\"},\"alternateName\":\"H.S. Periodico Cultural\",\"potentialAction\":[{\"@type\":\"SearchAction\",\"target\":{\"@type\":\"EntryPoint\",\"urlTemplate\":\"https:\\\/\\\/hojassueltas.es\\\/?s={search_term_string}\"},\"query-input\":{\"@type\":\"PropertyValueSpecification\",\"valueRequired\":true,\"valueName\":\"search_term_string\"}}],\"inLanguage\":\"es\"},{\"@type\":\"Organization\",\"@id\":\"https:\\\/\\\/hojassueltas.es\\\/#organization\",\"name\":\"HOJAS SUELTAS - Peri\u00f3dico Cultural\",\"alternateName\":\"HS - HOJAS SUELTAS Peri\u00f3dico Cultural\",\"url\":\"https:\\\/\\\/hojassueltas.es\\\/\",\"logo\":{\"@type\":\"ImageObject\",\"inLanguage\":\"es\",\"@id\":\"https:\\\/\\\/hojassueltas.es\\\/#\\\/schema\\\/logo\\\/image\\\/\",\"url\":\"https:\\\/\\\/hojassueltas.es\\\/wp-content\\\/uploads\\\/2025\\\/08\\\/Icono-HS_2.png\",\"contentUrl\":\"https:\\\/\\\/hojassueltas.es\\\/wp-content\\\/uploads\\\/2025\\\/08\\\/Icono-HS_2.png\",\"width\":500,\"height\":500,\"caption\":\"HOJAS SUELTAS - Peri\u00f3dico Cultural\"},\"image\":{\"@id\":\"https:\\\/\\\/hojassueltas.es\\\/#\\\/schema\\\/logo\\\/image\\\/\"},\"sameAs\":[\"https:\\\/\\\/x.com\\\/HOJASSUELTAS22\"]},{\"@type\":\"Person\",\"@id\":\"https:\\\/\\\/hojassueltas.es\\\/#\\\/schema\\\/person\\\/f232bbdb834c61c90aff2245daa401c0\",\"name\":\"Redacci\u00f3n\",\"image\":{\"@type\":\"ImageObject\",\"inLanguage\":\"es\",\"@id\":\"https:\\\/\\\/hojassueltas.es\\\/wp-content\\\/uploads\\\/2026\\\/02\\\/Redaccion-2-96x96.png\",\"url\":\"https:\\\/\\\/hojassueltas.es\\\/wp-content\\\/uploads\\\/2026\\\/02\\\/Redaccion-2-96x96.png\",\"contentUrl\":\"https:\\\/\\\/hojassueltas.es\\\/wp-content\\\/uploads\\\/2026\\\/02\\\/Redaccion-2-96x96.png\",\"caption\":\"Redacci\u00f3n\"},\"description\":\"Redacci\u00f3n de HOJAS SUELTAS\",\"url\":\"https:\\\/\\\/hojassueltas.es\\\/?author=1\"}]}<\/script>\n<!-- \/ Yoast SEO plugin. -->","yoast_head_json":{"title":"LOLA CALLEJ\u00d3N ACI\u00c9N | HOJAS SUELTAS Peri\u00f3dico Cultural","robots":{"index":"index","follow":"follow","max-snippet":"max-snippet:-1","max-image-preview":"max-image-preview:large","max-video-preview":"max-video-preview:-1"},"canonical":"https:\/\/hojassueltas.es\/?p=7294","og_locale":"es_ES","og_type":"article","og_title":"LOLA CALLEJ\u00d3N ACI\u00c9N | HOJAS SUELTAS Peri\u00f3dico Cultural","og_description":"Dal\u00edas (Almer\u00eda, 1960). Es licenciada en Ciencias Biol\u00f3gicas. M\u00e1ster en Educaci\u00f3n Ambiental y Desarrollo Sostenible y Especialista Universitaria en Educaci\u00f3n Ambiental y Globalizaci\u00f3n: Educar para un Desarrollo Sostenible Global y Local. Actualmente es profesora en Granada, en centro p\u00fablico de la Junta de Andaluc\u00eda. Especialidad: Interpretaci\u00f3n y Educaci\u00f3n Ambiental. Ha publicado los siguientes libros de [&hellip;]","og_url":"https:\/\/hojassueltas.es\/?p=7294","og_site_name":"HOJAS SUELTAS Peri\u00f3dico Cultural","article_published_time":"2023-10-29T22:00:45+00:00","article_modified_time":"2025-03-12T16:27:45+00:00","og_image":[{"width":1050,"height":610,"url":"https:\/\/hojassueltas.es\/wp-content\/uploads\/2023\/10\/Lolacallejon_web.png","type":"image\/png"}],"author":"Redacci\u00f3n","twitter_card":"summary_large_image","twitter_creator":"@HOJASSUELTAS22","twitter_site":"@HOJASSUELTAS22","twitter_misc":{"Escrito por":"Redacci\u00f3n","Tiempo de lectura":"2 minutos"},"schema":{"@context":"https:\/\/schema.org","@graph":[{"@type":["Article","BlogPosting"],"@id":"https:\/\/hojassueltas.es\/?p=7294#article","isPartOf":{"@id":"https:\/\/hojassueltas.es\/?p=7294"},"author":{"name":"Redacci\u00f3n","@id":"https:\/\/hojassueltas.es\/#\/schema\/person\/f232bbdb834c61c90aff2245daa401c0"},"headline":"LOLA CALLEJ\u00d3N ACI\u00c9N","datePublished":"2023-10-29T22:00:45+00:00","dateModified":"2025-03-12T16:27:45+00:00","mainEntityOfPage":{"@id":"https:\/\/hojassueltas.es\/?p=7294"},"wordCount":394,"commentCount":0,"publisher":{"@id":"https:\/\/hojassueltas.es\/#organization"},"image":{"@id":"https:\/\/hojassueltas.es\/?p=7294#primaryimage"},"thumbnailUrl":"https:\/\/hojassueltas.es\/wp-content\/uploads\/2023\/10\/Lolacallejon_web.png","keywords":["Lola Callej\u00f3n"],"articleSection":["Fichas biobibliogr\u00e1ficas"],"inLanguage":"es","potentialAction":[{"@type":"CommentAction","name":"Comment","target":["https:\/\/hojassueltas.es\/?p=7294#respond"]}]},{"@type":"WebPage","@id":"https:\/\/hojassueltas.es\/?p=7294","url":"https:\/\/hojassueltas.es\/?p=7294","name":"LOLA CALLEJ\u00d3N ACI\u00c9N | HOJAS SUELTAS Peri\u00f3dico Cultural","isPartOf":{"@id":"https:\/\/hojassueltas.es\/#website"},"primaryImageOfPage":{"@id":"https:\/\/hojassueltas.es\/?p=7294#primaryimage"},"image":{"@id":"https:\/\/hojassueltas.es\/?p=7294#primaryimage"},"thumbnailUrl":"https:\/\/hojassueltas.es\/wp-content\/uploads\/2023\/10\/Lolacallejon_web.png","datePublished":"2023-10-29T22:00:45+00:00","dateModified":"2025-03-12T16:27:45+00:00","breadcrumb":{"@id":"https:\/\/hojassueltas.es\/?p=7294#breadcrumb"},"inLanguage":"es","potentialAction":[{"@type":"ReadAction","target":["https:\/\/hojassueltas.es\/?p=7294"]}]},{"@type":"ImageObject","inLanguage":"es","@id":"https:\/\/hojassueltas.es\/?p=7294#primaryimage","url":"https:\/\/hojassueltas.es\/wp-content\/uploads\/2023\/10\/Lolacallejon_web.png","contentUrl":"https:\/\/hojassueltas.es\/wp-content\/uploads\/2023\/10\/Lolacallejon_web.png","width":1050,"height":610},{"@type":"BreadcrumbList","@id":"https:\/\/hojassueltas.es\/?p=7294#breadcrumb","itemListElement":[{"@type":"ListItem","position":1,"name":"Portada","item":"https:\/\/hojassueltas.es\/"},{"@type":"ListItem","position":2,"name":"LOLA CALLEJ\u00d3N ACI\u00c9N"}]},{"@type":"WebSite","@id":"https:\/\/hojassueltas.es\/#website","url":"https:\/\/hojassueltas.es\/","name":"HojasSueltas.es","description":"GRANADA - Peri\u00f3dico Cultural","publisher":{"@id":"https:\/\/hojassueltas.es\/#organization"},"alternateName":"H.S. Periodico Cultural","potentialAction":[{"@type":"SearchAction","target":{"@type":"EntryPoint","urlTemplate":"https:\/\/hojassueltas.es\/?s={search_term_string}"},"query-input":{"@type":"PropertyValueSpecification","valueRequired":true,"valueName":"search_term_string"}}],"inLanguage":"es"},{"@type":"Organization","@id":"https:\/\/hojassueltas.es\/#organization","name":"HOJAS SUELTAS - Peri\u00f3dico Cultural","alternateName":"HS - HOJAS SUELTAS Peri\u00f3dico Cultural","url":"https:\/\/hojassueltas.es\/","logo":{"@type":"ImageObject","inLanguage":"es","@id":"https:\/\/hojassueltas.es\/#\/schema\/logo\/image\/","url":"https:\/\/hojassueltas.es\/wp-content\/uploads\/2025\/08\/Icono-HS_2.png","contentUrl":"https:\/\/hojassueltas.es\/wp-content\/uploads\/2025\/08\/Icono-HS_2.png","width":500,"height":500,"caption":"HOJAS SUELTAS - Peri\u00f3dico Cultural"},"image":{"@id":"https:\/\/hojassueltas.es\/#\/schema\/logo\/image\/"},"sameAs":["https:\/\/x.com\/HOJASSUELTAS22"]},{"@type":"Person","@id":"https:\/\/hojassueltas.es\/#\/schema\/person\/f232bbdb834c61c90aff2245daa401c0","name":"Redacci\u00f3n","image":{"@type":"ImageObject","inLanguage":"es","@id":"https:\/\/hojassueltas.es\/wp-content\/uploads\/2026\/02\/Redaccion-2-96x96.png","url":"https:\/\/hojassueltas.es\/wp-content\/uploads\/2026\/02\/Redaccion-2-96x96.png","contentUrl":"https:\/\/hojassueltas.es\/wp-content\/uploads\/2026\/02\/Redaccion-2-96x96.png","caption":"Redacci\u00f3n"},"description":"Redacci\u00f3n de HOJAS SUELTAS","url":"https:\/\/hojassueltas.es\/?author=1"}]}},"_links":{"self":[{"href":"https:\/\/hojassueltas.es\/index.php?rest_route=\/wp\/v2\/posts\/7294","targetHints":{"allow":["GET"]}}],"collection":[{"href":"https:\/\/hojassueltas.es\/index.php?rest_route=\/wp\/v2\/posts"}],"about":[{"href":"https:\/\/hojassueltas.es\/index.php?rest_route=\/wp\/v2\/types\/post"}],"author":[{"embeddable":true,"href":"https:\/\/hojassueltas.es\/index.php?rest_route=\/wp\/v2\/users\/1"}],"replies":[{"embeddable":true,"href":"https:\/\/hojassueltas.es\/index.php?rest_route=%2Fwp%2Fv2%2Fcomments&post=7294"}],"version-history":[{"count":1,"href":"https:\/\/hojassueltas.es\/index.php?rest_route=\/wp\/v2\/posts\/7294\/revisions"}],"predecessor-version":[{"id":7295,"href":"https:\/\/hojassueltas.es\/index.php?rest_route=\/wp\/v2\/posts\/7294\/revisions\/7295"}],"wp:featuredmedia":[{"embeddable":true,"href":"https:\/\/hojassueltas.es\/index.php?rest_route=\/wp\/v2\/media\/7296"}],"wp:attachment":[{"href":"https:\/\/hojassueltas.es\/index.php?rest_route=%2Fwp%2Fv2%2Fmedia&parent=7294"}],"wp:term":[{"taxonomy":"category","embeddable":true,"href":"https:\/\/hojassueltas.es\/index.php?rest_route=%2Fwp%2Fv2%2Fcategories&post=7294"},{"taxonomy":"post_tag","embeddable":true,"href":"https:\/\/hojassueltas.es\/index.php?rest_route=%2Fwp%2Fv2%2Ftags&post=7294"}],"curies":[{"name":"wp","href":"https:\/\/api.w.org\/{rel}","templated":true}]}}