{"id":6992,"date":"2023-10-10T00:00:42","date_gmt":"2023-10-09T22:00:42","guid":{"rendered":"https:\/\/hojassueltas.es\/?p=6992"},"modified":"2025-12-11T17:14:53","modified_gmt":"2025-12-11T15:14:53","slug":"ivonne-sanchez-barea-2","status":"publish","type":"post","link":"https:\/\/hojassueltas.es\/?p=6992","title":{"rendered":"IVONNE S\u00c1NCHEZ-BAREA"},"content":{"rendered":"<h2 class=\"Cuerpo\" style=\"margin-bottom: 0cm; text-align: justify; text-justify: inter-ideograph; line-height: 200%; tab-stops: 205.55pt;\"><span class=\"Ninguno\"><span lang=\"ES-TRAD\">Ivonne S\u00e1nchez Barea: <em>\u201cDejar el resultado del sentir, pensar y trabajar desde la creatividad, es un deber como poeta, mujer y pensadora\u201d<\/em><\/span><\/span><\/h2>\n<p>&nbsp;<\/p>\n<p style=\"text-align: justify;\">Con motivo de la donaci\u00f3n de sus libros al Centro Art\u00edstico, Literario y Cient\u00edfico de Granada, hablamos con la poeta y artista <strong>Ivonne S\u00e1nchez Barea<\/strong>. El acto ha tenido lugar el 9 de octubre y el presidente, <strong>Joaqu\u00edn Alfredo Abr\u00e1s<\/strong>, invitaba a los granadinos al mismo. Nos referimos a la entrega de unas veintisiete obras literarias publicadas por ella desde los a\u00f1os 80 del siglo XX hasta la actualidad. Por extensa, es imposible reproducir la trayectoria de la autora, que despliega una intensa actividad: exposiciones, encuentros, festivales, conferencias, recitales, etc. De la misma forma ha representado a diversas organizaciones y asociaciones literarias internacionales en Espa\u00f1a y Am\u00e9rica. Ha recibido numerosos premios dentro y fuera de nuestro pa\u00eds. Ha publicado poes\u00eda, novela, ensayo; tambi\u00e9n ha participado en multitud de antolog\u00edas. Entre otras muchas obras ha publicado <em>Celajes y ventanas<\/em> (2023), <em>Ungida<\/em> (2022), <em>Senderos: v\u00edrgulas de confinamiento<\/em> (2021), <em>Pan de M\u00eda<\/em> (2020), <em>111 Signos: Huellas de una arquera <\/em>(2019), <em>C\u00f3dices del viento<\/em> (2018) <em>L\u00e1pidas del sue\u00f1o<\/em> (2017), <em>El nido<\/em> <em>(2016), Granada, mi zambra: canto a la ciudad de Granada (2015), Entrop\u00eda: memoria del \u00e9ter <\/em>(2013), <em>Cosmos cu\u00e1ntico: campos ak\u00e1sicos <\/em>(2012)<em>, Palpar piel abierta <\/em>(2011), <em>Poemas Hilvanados<\/em> (2010), <em>Un todo<\/em> (2006), <em>Lo que las f<\/em><em>lores confiesan <\/em>(1994), <em>Umbrales<\/em> (1984)\u2026<\/p>\n<figure id=\"attachment_7000\" aria-describedby=\"caption-attachment-7000\" style=\"width: 696px\" class=\"wp-caption alignnone\"><img loading=\"lazy\" decoding=\"async\" class=\"wp-image-7000 size-large\" src=\"https:\/\/hojassueltas.es\/wp-content\/uploads\/2023\/10\/Ivonne_07-1024x576.jpg\" alt=\"\" width=\"696\" height=\"392\" srcset=\"https:\/\/hojassueltas.es\/wp-content\/uploads\/2023\/10\/Ivonne_07-1024x576.jpg 1024w, https:\/\/hojassueltas.es\/wp-content\/uploads\/2023\/10\/Ivonne_07-300x169.jpg 300w, https:\/\/hojassueltas.es\/wp-content\/uploads\/2023\/10\/Ivonne_07-768x432.jpg 768w, https:\/\/hojassueltas.es\/wp-content\/uploads\/2023\/10\/Ivonne_07-150x84.jpg 150w, https:\/\/hojassueltas.es\/wp-content\/uploads\/2023\/10\/Ivonne_07-696x391.jpg 696w, https:\/\/hojassueltas.es\/wp-content\/uploads\/2023\/10\/Ivonne_07-1068x601.jpg 1068w, https:\/\/hojassueltas.es\/wp-content\/uploads\/2023\/10\/Ivonne_07.jpg 1250w\" sizes=\"auto, (max-width: 696px) 100vw, 696px\" \/><figcaption id=\"caption-attachment-7000\" class=\"wp-caption-text\">Ivonne S\u00e1nchez Barea<\/figcaption><\/figure>\n<p><img loading=\"lazy\" decoding=\"async\" class=\"alignnone wp-image-7002 size-large\" src=\"https:\/\/hojassueltas.es\/wp-content\/uploads\/2023\/10\/Ivonne_02-1-1024x576.jpg\" alt=\"\" width=\"696\" height=\"392\" srcset=\"https:\/\/hojassueltas.es\/wp-content\/uploads\/2023\/10\/Ivonne_02-1-1024x576.jpg 1024w, https:\/\/hojassueltas.es\/wp-content\/uploads\/2023\/10\/Ivonne_02-1-300x169.jpg 300w, https:\/\/hojassueltas.es\/wp-content\/uploads\/2023\/10\/Ivonne_02-1-768x432.jpg 768w, https:\/\/hojassueltas.es\/wp-content\/uploads\/2023\/10\/Ivonne_02-1-150x84.jpg 150w, https:\/\/hojassueltas.es\/wp-content\/uploads\/2023\/10\/Ivonne_02-1-696x391.jpg 696w, https:\/\/hojassueltas.es\/wp-content\/uploads\/2023\/10\/Ivonne_02-1-1068x601.jpg 1068w, https:\/\/hojassueltas.es\/wp-content\/uploads\/2023\/10\/Ivonne_02-1.jpg 1250w\" sizes=\"auto, (max-width: 696px) 100vw, 696px\" \/><\/p>\n<p>&nbsp;<\/p>\n<p style=\"text-align: center;\"><span style=\"font-size: 20px;\">\u00a0ENTREVISTA<\/span><\/p>\n<p><strong>Una autora que viaja con frecuencia a Madrid y a diversos pa\u00edses de Am\u00e9rica, \u00bfpor qu<\/strong><strong>\u00e9 <\/strong><strong>deposita su obra po<\/strong><strong>\u00e9<\/strong><strong>tica en <\/strong><strong>el Centro Art\u00edstico de Granada?<\/strong><\/p>\n<p style=\"text-align: justify;\">Dejar el resultado del sentir, pensar y trabajar desde la creatividad, creo que es un deber como creadora, poeta, mujer y pensadora. Este gesto altruista de entregar desde mi esencia a la sociedad y a las sociedades me llena de satisfacci\u00f3n. Desde el mismo amor con el que se concibi\u00f3, lo entrego al mundo. Son hijos del pensar, hijos del alma, y como hijos, son para la humanidad. La biblioteca municipal del pueblo en el que vivo tambi\u00e9n tiene en su fondo cultural ejemplares de toda obra escrita y alguna que otra antolog\u00eda en la que he participado. Recientemente don\u00e9 para el Centro de la Interpretaci\u00f3n de la Seda un vestido que yo misma me hice y pint\u00e9 en seda y con el que he recitado en tres ocasiones y entregu\u00e9 al patrimonio art\u00edstico en 2001 un \u00f3leo sobre lienzo de 130 x 98 cm. del a\u00f1o 1999.<strong>\u00a0<\/strong><\/p>\n<p><strong>\u00bfC\u00f3<\/strong><strong>mo surgi\u00f3 <\/strong><strong>la iniciativa de esta donaci\u00f3n tan interesante y tambi\u00e9n generosa?<\/strong><\/p>\n<p style=\"text-align: justify;\">Sencillamente al estar cerrando una prolifera etapa productiva en muchos de los sentidos, observ\u00e9 que a\u00fan hay personas que no conocen este quehacer y pensamiento, la poes\u00eda que surge a partir de la esencia y desde la experiencia, por lo que creo necesario que lugares emblem\u00e1ticos, con quienes he colaborado durante a\u00f1os, sus socios, junta directiva y miembros tengan acceso libre al quehacer. Lo ten\u00eda pensado en la d\u00e9cada pasada, pero quer\u00eda terminar la obra pendiente, obras literarias y art\u00edsticas que estaban proyectadas en mi mente desde hace d\u00e9cadas y que por distintos motivos no hab\u00eda podido construir, realizar, elaborar desde esos imaginativos mundos que me habitan. Ahora ya el c\u00edrculo o la espiral se abre hacia el mundo.<strong>\u00a0<\/strong><\/p>\n<p style=\"text-align: justify;\"><strong>Llevas muchos a\u00f1os dedicada a la poes\u00eda y otras artes, hacer <\/strong><strong>ese dep\u00f3<\/strong><strong>sito el 9 de octubre debe sin duda simbolizar algo. \u00bfSe trata de alg\u00fan aniversario o efem<\/strong><strong>\u00e9<\/strong><strong>ride especial para ti?<\/strong><\/p>\n<p style=\"text-align: justify;\">Llegu\u00e9 a Granada por primera vez en enero de 1968, m\u00e1s de medio siglo. A Granada siempre volv\u00ed por una u otra circunstancia, y el paso por el Centro Art\u00edstico fue una y otra vez un lugar al que considero emblem\u00e1tico, hist\u00f3ricamente y culturalmente un referente. Soy descendiente de llerenense (extreme\u00f1o) por parte de padre, conquistador y colonizador del ANTIGUO REINO DE LA NUEVA GRANADA. Estudie en el colegio biling\u00fce cuyo nombre era y es NUEVA GRANADA, y en Granada naci\u00f3 mi hijo mayor, me enamor\u00e9 dos veces de granadinos\u2026 por fin me instale aqu\u00ed hace casi un cuarto de siglo. Granada simboliza en mi interior: riqueza cultural, pensamiento de libertad, gentes con corazones calientes y valientes, los sentidos vibran con la belleza de esta tierra, su poes\u00eda, su m\u00fasica, costumbres arraigadas y as\u00ed puedo dirimir una largu\u00edsima lista.<\/p>\n<p>Suger\u00ed que esta entrega se realizase entorno a la fecha de conmemoraci\u00f3n de la Hispanidad (12 de octubre) dado la importancia y significaci\u00f3n de uni\u00f3n de culturas de ida y vuelta que significan tanto para m\u00ed.<\/p>\n<p style=\"text-align: justify;\"><strong>Cu\u00e9ntanos qu\u00e9 se siente al saberse parte ya de este legado del Centro Art\u00edstico para las generaciones venideras.<\/strong><\/p>\n<p style=\"text-align: justify;\">Siento que he cumplido con mi deber de creadora, de pensadora, de artista y poeta. Nac\u00ed para crear y seguramente para entregar al mundo esto que a trav\u00e9s m\u00eda me fluye como manantial. Ahora dejo las aguas en manos de quien con ellas quieran imaginar, como yo, esos otros y quiz\u00e1s mejores mundos &#8230; comunicativos y abiertos, pluriculturales, multidimensionales\u2026 etc.<\/p>\n<p style=\"text-align: justify;\"><strong>Siempre despliegas mucha actividad cultural en Espa\u00f1a y Am<\/strong><strong>\u00e9<\/strong><strong>rica. Seguro que est\u00e1s inmersa actualmente en nuevos proyectos, sola o con otros poetas o artistas.<\/strong><\/p>\n<p style=\"text-align: justify;\">Puedo empezar a hablar en pasado: he desplegado mucha actividad cultural sobre todo durante la d\u00e9cada 2010-2022. Ahora, y solo puntualmente, acepto participar en eventos en los que mi voz pueda sembrar y germinar en pensamientos, y mis im\u00e1genes despertar las multivisiones de esos mundos interiores que todas y todos poseemos. La pandemia, la edad y otras circunstancias personales, me recojo, me retraigo y con la misi\u00f3n cumplida, dejo a otras personas que abran sus propias sendas.<\/p>\n<p style=\"text-align: justify;\">Estoy comprometida con el Foro Internacional de Pensamiento y Cultura, iniciativa que ha surgido en Baza y a la que pertenecemos varios poetas y artistas de Espa\u00f1a, participo en el Festival de las Artes y poes\u00eda dentro de pocas semanas. Tengo pr\u00f3ximamente una participaci\u00f3n en Madrid como homenaje al poeta mexicano y premio Nobel Octavio Paz, invitada desde M\u00e9xico.<\/p>\n<p style=\"text-align: justify;\">En noviembre, participar\u00e9 en una exposici\u00f3n colectiva de pintura organizada por la Maison de France en Granada, y se presentar\u00e1 el segundo libro de denuncia en Badajoz, cuatro poetas en cuatro idiomas.<\/p>\n<p style=\"text-align: justify;\"><strong>S\u00e9 que eres una trabajadora incansable. \u00bf<\/strong><strong>Est\u00e1s preparando un nuevo libro?<\/strong><\/p>\n<p>Hay en proyecto un peque\u00f1o libro con trece poemas que ser\u00e1 traducido a otros idiomas y ser\u00e1 publicado a primeros de 2024. Otros proyectos internacionales est\u00e1n en el tintero, pero se realizar\u00e1n con calma.<strong>\u00a0<\/strong><\/p>\n<p style=\"text-align: justify;\"><strong>A nuestros lectores les gustar\u00e1 saber qu<\/strong><strong>\u00e9 escritores y artistas te han modelado como poeta y como pintora.<\/strong><\/p>\n<p style=\"text-align: justify;\">En pintura, el Par\u00eds de 1968. Por m\u00ed propio pie y sola, con apenas trece a\u00f1os, me iba los s\u00e1bados a visitar el museo de los impresionistas, por entonces en el Trocadero. Kandinsky, Picasso, Calder, Varo, Miguel \u00c1ngel y un largo etc. Lo que m\u00e1s me gusta de la pintura es poder abrir las compuertas a los imaginarios, considerando a los grandes maestros, son para el aprendizaje t\u00e9cnico y depurativo en formas.<\/p>\n<p style=\"text-align: justify;\">En cuanto a la poes\u00eda, he de recalcar que mi madre es poeta y ya en mi ni\u00f1ez se hac\u00edan tertulias po\u00e9ticas en casa los viernes y se me permit\u00eda estar presente hasta cierta hora, pudiendo educar mi o\u00eddo, y en la lectura de los cl\u00e1sicos y por supuesto en la poes\u00eda de Federico Garc\u00eda Lorca. Teniendo en cuenta que mi dormitorio era la biblioteca de la casa, ten\u00eda a mano y estaba rodeada de enciclopedias, libros especializados, libros de arte, etc. Poes\u00eda latinoamericana y americana, como la de Mistral y Neruda, la de Whiteman o Dickinson fueron marcando pasos prematuros para la expresi\u00f3n. Pensadores como Heisenberg, Hesse, Ilya Prigogine y otros me abrieron compuertas a otras dimensiones.<\/p>\n<p style=\"text-align: justify;\">El entrenamiento anal\u00edtico del pensamiento me ha sido moldeado desde ni\u00f1a en el colegio y por mi padre, m\u00e9dico psicoanalista. Junto al ingl\u00e9s, han sido herramientas b\u00e1sicas que me han ayudado a la hora de trabajar por cuenta ajena para sedes diplom\u00e1ticas.<\/p>\n<p style=\"text-align: justify;\">Me he permitido a m\u00ed misma darme la libertad total de creer en lo que puedo crear y me he comprometido toda la vida con temas espec\u00edficos: mujer, pensamiento; cosmos y naturaleza. Las t\u00e9cnicas las fui aprendiendo en el camino.<\/p>\n<p style=\"text-align: justify;\">Te modela la lectura, te modela la vida, te modela la experiencia, la vivencia, las sensibilidades, el conocer a otras culturas y he tenido much\u00edsima suerte de tratar, estudiar, comprender, convivir y trabajar para y con diferentes etnias, culturas, nacionalidades, etc. Todas las personas dejan estelas al paso por mi vida y es de ellas, de esas personas, de las que observando desde la peque\u00f1ez, desde la abstracci\u00f3n de lo que los lenguajes art\u00edsticos, artesanos e incluso gestuales o todas las significaciones verbales y sus m\u00faltiples interpretaciones, he podido como una esponja recoger, empaparme de tantas personas, sus conocimientos, sus culturas, sinti\u00e9ndome desde mi integridad b\u00e1sicamente ecum\u00e9nica, globalizada, universal o cosmopolita\u2026 como prefiera cada quien denominarlo.<\/p>\n<p><img loading=\"lazy\" decoding=\"async\" class=\"aligncenter wp-image-6996 size-large\" src=\"https:\/\/hojassueltas.es\/wp-content\/uploads\/2023\/10\/Ivonne_03-1024x576.jpg\" alt=\"\" width=\"696\" height=\"392\" srcset=\"https:\/\/hojassueltas.es\/wp-content\/uploads\/2023\/10\/Ivonne_03-1024x576.jpg 1024w, https:\/\/hojassueltas.es\/wp-content\/uploads\/2023\/10\/Ivonne_03-300x169.jpg 300w, https:\/\/hojassueltas.es\/wp-content\/uploads\/2023\/10\/Ivonne_03-768x432.jpg 768w, https:\/\/hojassueltas.es\/wp-content\/uploads\/2023\/10\/Ivonne_03-150x84.jpg 150w, https:\/\/hojassueltas.es\/wp-content\/uploads\/2023\/10\/Ivonne_03-696x391.jpg 696w, https:\/\/hojassueltas.es\/wp-content\/uploads\/2023\/10\/Ivonne_03-1068x601.jpg 1068w, https:\/\/hojassueltas.es\/wp-content\/uploads\/2023\/10\/Ivonne_03.jpg 1250w\" sizes=\"auto, (max-width: 696px) 100vw, 696px\" \/><\/p>\n<figure id=\"attachment_6997\" aria-describedby=\"caption-attachment-6997\" style=\"width: 696px\" class=\"wp-caption alignnone\"><img loading=\"lazy\" decoding=\"async\" class=\"wp-image-6997 size-large\" src=\"https:\/\/hojassueltas.es\/wp-content\/uploads\/2023\/10\/Ivonne_04-1024x576.jpg\" alt=\"\" width=\"696\" height=\"392\" srcset=\"https:\/\/hojassueltas.es\/wp-content\/uploads\/2023\/10\/Ivonne_04-1024x576.jpg 1024w, https:\/\/hojassueltas.es\/wp-content\/uploads\/2023\/10\/Ivonne_04-300x169.jpg 300w, https:\/\/hojassueltas.es\/wp-content\/uploads\/2023\/10\/Ivonne_04-768x432.jpg 768w, https:\/\/hojassueltas.es\/wp-content\/uploads\/2023\/10\/Ivonne_04-150x84.jpg 150w, https:\/\/hojassueltas.es\/wp-content\/uploads\/2023\/10\/Ivonne_04-696x391.jpg 696w, https:\/\/hojassueltas.es\/wp-content\/uploads\/2023\/10\/Ivonne_04-1068x601.jpg 1068w, https:\/\/hojassueltas.es\/wp-content\/uploads\/2023\/10\/Ivonne_04.jpg 1250w\" sizes=\"auto, (max-width: 696px) 100vw, 696px\" \/><figcaption id=\"caption-attachment-6997\" class=\"wp-caption-text\">Joaqu\u00edn Alfredo Abr\u00e1s -Presidente del Centro Art\u00edstico<\/figcaption><\/figure>\n<p><img loading=\"lazy\" decoding=\"async\" class=\"alignnone wp-image-6998 size-large\" src=\"https:\/\/hojassueltas.es\/wp-content\/uploads\/2023\/10\/Ivonne_05-1024x576.jpg\" alt=\"\" width=\"696\" height=\"392\" srcset=\"https:\/\/hojassueltas.es\/wp-content\/uploads\/2023\/10\/Ivonne_05-1024x576.jpg 1024w, https:\/\/hojassueltas.es\/wp-content\/uploads\/2023\/10\/Ivonne_05-300x169.jpg 300w, https:\/\/hojassueltas.es\/wp-content\/uploads\/2023\/10\/Ivonne_05-768x432.jpg 768w, https:\/\/hojassueltas.es\/wp-content\/uploads\/2023\/10\/Ivonne_05-150x84.jpg 150w, https:\/\/hojassueltas.es\/wp-content\/uploads\/2023\/10\/Ivonne_05-696x391.jpg 696w, https:\/\/hojassueltas.es\/wp-content\/uploads\/2023\/10\/Ivonne_05-1068x601.jpg 1068w, https:\/\/hojassueltas.es\/wp-content\/uploads\/2023\/10\/Ivonne_05.jpg 1250w\" sizes=\"auto, (max-width: 696px) 100vw, 696px\" \/><\/p>\n<p><img loading=\"lazy\" decoding=\"async\" class=\"aligncenter wp-image-6999 size-large\" src=\"https:\/\/hojassueltas.es\/wp-content\/uploads\/2023\/10\/Ivonne_06-1024x576.jpg\" alt=\"\" width=\"696\" height=\"392\" srcset=\"https:\/\/hojassueltas.es\/wp-content\/uploads\/2023\/10\/Ivonne_06-1024x576.jpg 1024w, https:\/\/hojassueltas.es\/wp-content\/uploads\/2023\/10\/Ivonne_06-300x169.jpg 300w, https:\/\/hojassueltas.es\/wp-content\/uploads\/2023\/10\/Ivonne_06-768x432.jpg 768w, https:\/\/hojassueltas.es\/wp-content\/uploads\/2023\/10\/Ivonne_06-150x84.jpg 150w, https:\/\/hojassueltas.es\/wp-content\/uploads\/2023\/10\/Ivonne_06-696x391.jpg 696w, https:\/\/hojassueltas.es\/wp-content\/uploads\/2023\/10\/Ivonne_06-1068x601.jpg 1068w, https:\/\/hojassueltas.es\/wp-content\/uploads\/2023\/10\/Ivonne_06.jpg 1250w\" sizes=\"auto, (max-width: 696px) 100vw, 696px\" \/><\/p>\n<p>&nbsp;<\/p>\n<p style=\"text-align: justify;\">\u00a9 Ana Morilla. Octubre 2023. Todos los derechos reservados.<\/p>\n","protected":false},"excerpt":{"rendered":"<p>Ivonne S\u00e1nchez Barea: \u201cDejar el resultado del sentir, pensar y trabajar desde la creatividad, es un deber como poeta, mujer y pensadora\u201d &nbsp; Con motivo de la donaci\u00f3n de sus libros al Centro Art\u00edstico, Literario y Cient\u00edfico de Granada, hablamos con la poeta y artista Ivonne S\u00e1nchez Barea. El acto ha tenido lugar el 9 [&hellip;]<\/p>\n","protected":false},"author":19,"featured_media":7007,"comment_status":"open","ping_status":"closed","sticky":false,"template":"","format":"standard","meta":{"footnotes":""},"categories":[1099,1760],"tags":[284,135],"class_list":{"0":"post-6992","1":"post","2":"type-post","3":"status-publish","4":"format-standard","5":"has-post-thumbnail","7":"category-autores","8":"category-entrevistas-autores","9":"tag-ana-morilla","10":"tag-ivonne-sanchez-barea"},"yoast_head":"<!-- This site is optimized with the Yoast SEO plugin v27.5 - https:\/\/yoast.com\/product\/yoast-seo-wordpress\/ -->\n<title>IVONNE S\u00c1NCHEZ-BAREA | HOJAS SUELTAS Peri\u00f3dico Cultural<\/title>\n<meta name=\"description\" content=\"Con motivo de la donaci\u00f3n de sus libros al Centro Art\u00edstico, Literario y Cient\u00edfico de Granada, hablamos con la poeta y artista Ivonne S\u00e1nchez Barea.\" \/>\n<meta name=\"robots\" content=\"index, follow, max-snippet:-1, max-image-preview:large, max-video-preview:-1\" \/>\n<link rel=\"canonical\" href=\"https:\/\/hojassueltas.es\/?p=6992\" \/>\n<meta property=\"og:locale\" content=\"es_ES\" \/>\n<meta property=\"og:type\" content=\"article\" \/>\n<meta property=\"og:title\" content=\"IVONNE S\u00c1NCHEZ-BAREA | HOJAS SUELTAS Peri\u00f3dico Cultural\" \/>\n<meta property=\"og:description\" content=\"Con motivo de la donaci\u00f3n de sus libros al Centro Art\u00edstico, Literario y Cient\u00edfico de Granada, hablamos con la poeta y artista Ivonne S\u00e1nchez Barea.\" \/>\n<meta property=\"og:url\" content=\"https:\/\/hojassueltas.es\/?p=6992\" \/>\n<meta property=\"og:site_name\" content=\"HOJAS SUELTAS Peri\u00f3dico Cultural\" \/>\n<meta property=\"article:published_time\" content=\"2023-10-09T22:00:42+00:00\" \/>\n<meta property=\"article:modified_time\" content=\"2025-12-11T15:14:53+00:00\" \/>\n<meta property=\"og:image\" content=\"https:\/\/hojassueltas.es\/wp-content\/uploads\/2023\/10\/Poeta-Ivonne-San-2_web-1.png\" \/>\n\t<meta property=\"og:image:width\" content=\"1050\" \/>\n\t<meta property=\"og:image:height\" content=\"610\" \/>\n\t<meta property=\"og:image:type\" content=\"image\/png\" \/>\n<meta name=\"author\" content=\"Ana Morilla Palacios\" \/>\n<meta name=\"twitter:card\" content=\"summary_large_image\" \/>\n<meta name=\"twitter:creator\" content=\"@HOJASSUELTAS22\" \/>\n<meta name=\"twitter:site\" content=\"@HOJASSUELTAS22\" \/>\n<meta name=\"twitter:label1\" content=\"Escrito por\" \/>\n\t<meta name=\"twitter:data1\" content=\"Ana Morilla Palacios\" \/>\n\t<meta name=\"twitter:label2\" content=\"Tiempo de lectura\" \/>\n\t<meta name=\"twitter:data2\" content=\"9 minutos\" \/>\n<script type=\"application\/ld+json\" class=\"yoast-schema-graph\">{\"@context\":\"https:\\\/\\\/schema.org\",\"@graph\":[{\"@type\":[\"Article\",\"BlogPosting\"],\"@id\":\"https:\\\/\\\/hojassueltas.es\\\/?p=6992#article\",\"isPartOf\":{\"@id\":\"https:\\\/\\\/hojassueltas.es\\\/?p=6992\"},\"author\":{\"name\":\"Ana Morilla Palacios\",\"@id\":\"https:\\\/\\\/hojassueltas.es\\\/#\\\/schema\\\/person\\\/0389067b4326cb39a47134847eb55133\"},\"headline\":\"IVONNE S\u00c1NCHEZ-BAREA\",\"datePublished\":\"2023-10-09T22:00:42+00:00\",\"dateModified\":\"2025-12-11T15:14:53+00:00\",\"mainEntityOfPage\":{\"@id\":\"https:\\\/\\\/hojassueltas.es\\\/?p=6992\"},\"wordCount\":1592,\"commentCount\":5,\"publisher\":{\"@id\":\"https:\\\/\\\/hojassueltas.es\\\/#organization\"},\"image\":{\"@id\":\"https:\\\/\\\/hojassueltas.es\\\/?p=6992#primaryimage\"},\"thumbnailUrl\":\"https:\\\/\\\/hojassueltas.es\\\/wp-content\\\/uploads\\\/2023\\\/10\\\/Poeta-Ivonne-San-2_web-1.png\",\"keywords\":[\"Ana Morilla\",\"Ivonne S\u00e1nchez Barea\"],\"articleSection\":[\"AUTORES Grupo\",\"Entrevistas\"],\"inLanguage\":\"es\",\"potentialAction\":[{\"@type\":\"CommentAction\",\"name\":\"Comment\",\"target\":[\"https:\\\/\\\/hojassueltas.es\\\/?p=6992#respond\"]}]},{\"@type\":\"WebPage\",\"@id\":\"https:\\\/\\\/hojassueltas.es\\\/?p=6992\",\"url\":\"https:\\\/\\\/hojassueltas.es\\\/?p=6992\",\"name\":\"IVONNE S\u00c1NCHEZ-BAREA | HOJAS SUELTAS Peri\u00f3dico Cultural\",\"isPartOf\":{\"@id\":\"https:\\\/\\\/hojassueltas.es\\\/#website\"},\"primaryImageOfPage\":{\"@id\":\"https:\\\/\\\/hojassueltas.es\\\/?p=6992#primaryimage\"},\"image\":{\"@id\":\"https:\\\/\\\/hojassueltas.es\\\/?p=6992#primaryimage\"},\"thumbnailUrl\":\"https:\\\/\\\/hojassueltas.es\\\/wp-content\\\/uploads\\\/2023\\\/10\\\/Poeta-Ivonne-San-2_web-1.png\",\"datePublished\":\"2023-10-09T22:00:42+00:00\",\"dateModified\":\"2025-12-11T15:14:53+00:00\",\"description\":\"Con motivo de la donaci\u00f3n de sus libros al Centro Art\u00edstico, Literario y Cient\u00edfico de Granada, hablamos con la poeta y artista Ivonne S\u00e1nchez Barea.\",\"breadcrumb\":{\"@id\":\"https:\\\/\\\/hojassueltas.es\\\/?p=6992#breadcrumb\"},\"inLanguage\":\"es\",\"potentialAction\":[{\"@type\":\"ReadAction\",\"target\":[\"https:\\\/\\\/hojassueltas.es\\\/?p=6992\"]}]},{\"@type\":\"ImageObject\",\"inLanguage\":\"es\",\"@id\":\"https:\\\/\\\/hojassueltas.es\\\/?p=6992#primaryimage\",\"url\":\"https:\\\/\\\/hojassueltas.es\\\/wp-content\\\/uploads\\\/2023\\\/10\\\/Poeta-Ivonne-San-2_web-1.png\",\"contentUrl\":\"https:\\\/\\\/hojassueltas.es\\\/wp-content\\\/uploads\\\/2023\\\/10\\\/Poeta-Ivonne-San-2_web-1.png\",\"width\":1050,\"height\":610},{\"@type\":\"BreadcrumbList\",\"@id\":\"https:\\\/\\\/hojassueltas.es\\\/?p=6992#breadcrumb\",\"itemListElement\":[{\"@type\":\"ListItem\",\"position\":1,\"name\":\"Portada\",\"item\":\"https:\\\/\\\/hojassueltas.es\\\/\"},{\"@type\":\"ListItem\",\"position\":2,\"name\":\"IVONNE S\u00c1NCHEZ-BAREA\"}]},{\"@type\":\"WebSite\",\"@id\":\"https:\\\/\\\/hojassueltas.es\\\/#website\",\"url\":\"https:\\\/\\\/hojassueltas.es\\\/\",\"name\":\"HojasSueltas.es\",\"description\":\"GRANADA - Peri\u00f3dico Cultural\",\"publisher\":{\"@id\":\"https:\\\/\\\/hojassueltas.es\\\/#organization\"},\"alternateName\":\"H.S. Periodico Cultural\",\"potentialAction\":[{\"@type\":\"SearchAction\",\"target\":{\"@type\":\"EntryPoint\",\"urlTemplate\":\"https:\\\/\\\/hojassueltas.es\\\/?s={search_term_string}\"},\"query-input\":{\"@type\":\"PropertyValueSpecification\",\"valueRequired\":true,\"valueName\":\"search_term_string\"}}],\"inLanguage\":\"es\"},{\"@type\":\"Organization\",\"@id\":\"https:\\\/\\\/hojassueltas.es\\\/#organization\",\"name\":\"HOJAS SUELTAS - Peri\u00f3dico Cultural\",\"alternateName\":\"HS - HOJAS SUELTAS Peri\u00f3dico Cultural\",\"url\":\"https:\\\/\\\/hojassueltas.es\\\/\",\"logo\":{\"@type\":\"ImageObject\",\"inLanguage\":\"es\",\"@id\":\"https:\\\/\\\/hojassueltas.es\\\/#\\\/schema\\\/logo\\\/image\\\/\",\"url\":\"https:\\\/\\\/hojassueltas.es\\\/wp-content\\\/uploads\\\/2025\\\/08\\\/Icono-HS_2.png\",\"contentUrl\":\"https:\\\/\\\/hojassueltas.es\\\/wp-content\\\/uploads\\\/2025\\\/08\\\/Icono-HS_2.png\",\"width\":500,\"height\":500,\"caption\":\"HOJAS SUELTAS - Peri\u00f3dico Cultural\"},\"image\":{\"@id\":\"https:\\\/\\\/hojassueltas.es\\\/#\\\/schema\\\/logo\\\/image\\\/\"},\"sameAs\":[\"https:\\\/\\\/x.com\\\/HOJASSUELTAS22\"]},{\"@type\":\"Person\",\"@id\":\"https:\\\/\\\/hojassueltas.es\\\/#\\\/schema\\\/person\\\/0389067b4326cb39a47134847eb55133\",\"name\":\"Ana Morilla Palacios\",\"image\":{\"@type\":\"ImageObject\",\"inLanguage\":\"es\",\"@id\":\"https:\\\/\\\/hojassueltas.es\\\/wp-content\\\/uploads\\\/2023\\\/02\\\/Ana-Morilla_web-96x96.jpg\",\"url\":\"https:\\\/\\\/hojassueltas.es\\\/wp-content\\\/uploads\\\/2023\\\/02\\\/Ana-Morilla_web-96x96.jpg\",\"contentUrl\":\"https:\\\/\\\/hojassueltas.es\\\/wp-content\\\/uploads\\\/2023\\\/02\\\/Ana-Morilla_web-96x96.jpg\",\"caption\":\"Ana Morilla Palacios\"},\"description\":\"Doctora en Teor\u00eda de la Literatura y del Arte y Literatura Comparada; m\u00e1ster en Estudios Literarios y Teatrales; DEA en Literatura Hispanoamericana y licenciada en Filolog\u00eda Hisp\u00e1nica. Dirigi\u00f3 la editorial Artificios y fue lectora y correctora para la editorial Traspi\u00e9s. Realiz\u00f3 un proyecto en el sello Dorothy (junto a la ilustradora Sabina Morante). Tambi\u00e9n es coach literario y profesora de talleres de escritura creativa.\",\"url\":\"https:\\\/\\\/hojassueltas.es\\\/?author=19\"}]}<\/script>\n<!-- \/ Yoast SEO plugin. -->","yoast_head_json":{"title":"IVONNE S\u00c1NCHEZ-BAREA | HOJAS SUELTAS Peri\u00f3dico Cultural","description":"Con motivo de la donaci\u00f3n de sus libros al Centro Art\u00edstico, Literario y Cient\u00edfico de Granada, hablamos con la poeta y artista Ivonne S\u00e1nchez Barea.","robots":{"index":"index","follow":"follow","max-snippet":"max-snippet:-1","max-image-preview":"max-image-preview:large","max-video-preview":"max-video-preview:-1"},"canonical":"https:\/\/hojassueltas.es\/?p=6992","og_locale":"es_ES","og_type":"article","og_title":"IVONNE S\u00c1NCHEZ-BAREA | HOJAS SUELTAS Peri\u00f3dico Cultural","og_description":"Con motivo de la donaci\u00f3n de sus libros al Centro Art\u00edstico, Literario y Cient\u00edfico de Granada, hablamos con la poeta y artista Ivonne S\u00e1nchez Barea.","og_url":"https:\/\/hojassueltas.es\/?p=6992","og_site_name":"HOJAS SUELTAS Peri\u00f3dico Cultural","article_published_time":"2023-10-09T22:00:42+00:00","article_modified_time":"2025-12-11T15:14:53+00:00","og_image":[{"width":1050,"height":610,"url":"https:\/\/hojassueltas.es\/wp-content\/uploads\/2023\/10\/Poeta-Ivonne-San-2_web-1.png","type":"image\/png"}],"author":"Ana Morilla Palacios","twitter_card":"summary_large_image","twitter_creator":"@HOJASSUELTAS22","twitter_site":"@HOJASSUELTAS22","twitter_misc":{"Escrito por":"Ana Morilla Palacios","Tiempo de lectura":"9 minutos"},"schema":{"@context":"https:\/\/schema.org","@graph":[{"@type":["Article","BlogPosting"],"@id":"https:\/\/hojassueltas.es\/?p=6992#article","isPartOf":{"@id":"https:\/\/hojassueltas.es\/?p=6992"},"author":{"name":"Ana Morilla Palacios","@id":"https:\/\/hojassueltas.es\/#\/schema\/person\/0389067b4326cb39a47134847eb55133"},"headline":"IVONNE S\u00c1NCHEZ-BAREA","datePublished":"2023-10-09T22:00:42+00:00","dateModified":"2025-12-11T15:14:53+00:00","mainEntityOfPage":{"@id":"https:\/\/hojassueltas.es\/?p=6992"},"wordCount":1592,"commentCount":5,"publisher":{"@id":"https:\/\/hojassueltas.es\/#organization"},"image":{"@id":"https:\/\/hojassueltas.es\/?p=6992#primaryimage"},"thumbnailUrl":"https:\/\/hojassueltas.es\/wp-content\/uploads\/2023\/10\/Poeta-Ivonne-San-2_web-1.png","keywords":["Ana Morilla","Ivonne S\u00e1nchez Barea"],"articleSection":["AUTORES Grupo","Entrevistas"],"inLanguage":"es","potentialAction":[{"@type":"CommentAction","name":"Comment","target":["https:\/\/hojassueltas.es\/?p=6992#respond"]}]},{"@type":"WebPage","@id":"https:\/\/hojassueltas.es\/?p=6992","url":"https:\/\/hojassueltas.es\/?p=6992","name":"IVONNE S\u00c1NCHEZ-BAREA | HOJAS SUELTAS Peri\u00f3dico Cultural","isPartOf":{"@id":"https:\/\/hojassueltas.es\/#website"},"primaryImageOfPage":{"@id":"https:\/\/hojassueltas.es\/?p=6992#primaryimage"},"image":{"@id":"https:\/\/hojassueltas.es\/?p=6992#primaryimage"},"thumbnailUrl":"https:\/\/hojassueltas.es\/wp-content\/uploads\/2023\/10\/Poeta-Ivonne-San-2_web-1.png","datePublished":"2023-10-09T22:00:42+00:00","dateModified":"2025-12-11T15:14:53+00:00","description":"Con motivo de la donaci\u00f3n de sus libros al Centro Art\u00edstico, Literario y Cient\u00edfico de Granada, hablamos con la poeta y artista Ivonne S\u00e1nchez Barea.","breadcrumb":{"@id":"https:\/\/hojassueltas.es\/?p=6992#breadcrumb"},"inLanguage":"es","potentialAction":[{"@type":"ReadAction","target":["https:\/\/hojassueltas.es\/?p=6992"]}]},{"@type":"ImageObject","inLanguage":"es","@id":"https:\/\/hojassueltas.es\/?p=6992#primaryimage","url":"https:\/\/hojassueltas.es\/wp-content\/uploads\/2023\/10\/Poeta-Ivonne-San-2_web-1.png","contentUrl":"https:\/\/hojassueltas.es\/wp-content\/uploads\/2023\/10\/Poeta-Ivonne-San-2_web-1.png","width":1050,"height":610},{"@type":"BreadcrumbList","@id":"https:\/\/hojassueltas.es\/?p=6992#breadcrumb","itemListElement":[{"@type":"ListItem","position":1,"name":"Portada","item":"https:\/\/hojassueltas.es\/"},{"@type":"ListItem","position":2,"name":"IVONNE S\u00c1NCHEZ-BAREA"}]},{"@type":"WebSite","@id":"https:\/\/hojassueltas.es\/#website","url":"https:\/\/hojassueltas.es\/","name":"HojasSueltas.es","description":"GRANADA - Peri\u00f3dico Cultural","publisher":{"@id":"https:\/\/hojassueltas.es\/#organization"},"alternateName":"H.S. Periodico Cultural","potentialAction":[{"@type":"SearchAction","target":{"@type":"EntryPoint","urlTemplate":"https:\/\/hojassueltas.es\/?s={search_term_string}"},"query-input":{"@type":"PropertyValueSpecification","valueRequired":true,"valueName":"search_term_string"}}],"inLanguage":"es"},{"@type":"Organization","@id":"https:\/\/hojassueltas.es\/#organization","name":"HOJAS SUELTAS - Peri\u00f3dico Cultural","alternateName":"HS - HOJAS SUELTAS Peri\u00f3dico Cultural","url":"https:\/\/hojassueltas.es\/","logo":{"@type":"ImageObject","inLanguage":"es","@id":"https:\/\/hojassueltas.es\/#\/schema\/logo\/image\/","url":"https:\/\/hojassueltas.es\/wp-content\/uploads\/2025\/08\/Icono-HS_2.png","contentUrl":"https:\/\/hojassueltas.es\/wp-content\/uploads\/2025\/08\/Icono-HS_2.png","width":500,"height":500,"caption":"HOJAS SUELTAS - Peri\u00f3dico Cultural"},"image":{"@id":"https:\/\/hojassueltas.es\/#\/schema\/logo\/image\/"},"sameAs":["https:\/\/x.com\/HOJASSUELTAS22"]},{"@type":"Person","@id":"https:\/\/hojassueltas.es\/#\/schema\/person\/0389067b4326cb39a47134847eb55133","name":"Ana Morilla Palacios","image":{"@type":"ImageObject","inLanguage":"es","@id":"https:\/\/hojassueltas.es\/wp-content\/uploads\/2023\/02\/Ana-Morilla_web-96x96.jpg","url":"https:\/\/hojassueltas.es\/wp-content\/uploads\/2023\/02\/Ana-Morilla_web-96x96.jpg","contentUrl":"https:\/\/hojassueltas.es\/wp-content\/uploads\/2023\/02\/Ana-Morilla_web-96x96.jpg","caption":"Ana Morilla Palacios"},"description":"Doctora en Teor\u00eda de la Literatura y del Arte y Literatura Comparada; m\u00e1ster en Estudios Literarios y Teatrales; DEA en Literatura Hispanoamericana y licenciada en Filolog\u00eda Hisp\u00e1nica. Dirigi\u00f3 la editorial Artificios y fue lectora y correctora para la editorial Traspi\u00e9s. Realiz\u00f3 un proyecto en el sello Dorothy (junto a la ilustradora Sabina Morante). Tambi\u00e9n es coach literario y profesora de talleres de escritura creativa.","url":"https:\/\/hojassueltas.es\/?author=19"}]}},"_links":{"self":[{"href":"https:\/\/hojassueltas.es\/index.php?rest_route=\/wp\/v2\/posts\/6992","targetHints":{"allow":["GET"]}}],"collection":[{"href":"https:\/\/hojassueltas.es\/index.php?rest_route=\/wp\/v2\/posts"}],"about":[{"href":"https:\/\/hojassueltas.es\/index.php?rest_route=\/wp\/v2\/types\/post"}],"author":[{"embeddable":true,"href":"https:\/\/hojassueltas.es\/index.php?rest_route=\/wp\/v2\/users\/19"}],"replies":[{"embeddable":true,"href":"https:\/\/hojassueltas.es\/index.php?rest_route=%2Fwp%2Fv2%2Fcomments&post=6992"}],"version-history":[{"count":4,"href":"https:\/\/hojassueltas.es\/index.php?rest_route=\/wp\/v2\/posts\/6992\/revisions"}],"predecessor-version":[{"id":7005,"href":"https:\/\/hojassueltas.es\/index.php?rest_route=\/wp\/v2\/posts\/6992\/revisions\/7005"}],"wp:featuredmedia":[{"embeddable":true,"href":"https:\/\/hojassueltas.es\/index.php?rest_route=\/wp\/v2\/media\/7007"}],"wp:attachment":[{"href":"https:\/\/hojassueltas.es\/index.php?rest_route=%2Fwp%2Fv2%2Fmedia&parent=6992"}],"wp:term":[{"taxonomy":"category","embeddable":true,"href":"https:\/\/hojassueltas.es\/index.php?rest_route=%2Fwp%2Fv2%2Fcategories&post=6992"},{"taxonomy":"post_tag","embeddable":true,"href":"https:\/\/hojassueltas.es\/index.php?rest_route=%2Fwp%2Fv2%2Ftags&post=6992"}],"curies":[{"name":"wp","href":"https:\/\/api.w.org\/{rel}","templated":true}]}}