{"id":6760,"date":"2025-03-28T00:00:13","date_gmt":"2025-03-27T23:00:13","guid":{"rendered":"https:\/\/hojassueltas.es\/?p=6760"},"modified":"2025-12-11T17:15:59","modified_gmt":"2025-12-11T15:15:59","slug":"maria-de-medicis-la-reina-maltratada","status":"publish","type":"post","link":"https:\/\/hojassueltas.es\/?p=6760","title":{"rendered":"Mar\u00eda de M\u00e9dicis, la reina maltratada"},"content":{"rendered":"<p>REPOSICI\u00d3N<\/p>\n<p id=\"viewer-1kl2t\" class=\"xVISr Y9Dpf bCMSCT OZy-3 lnyWN yMZv8w bCMSCT public-DraftStyleDefault-block-depth0 fixed-tab-size public-DraftStyleDefault-text-ltr\" style=\"text-align: justify;\"><span class=\"B2EFF public-DraftStyleDefault-ltr\">\u201cRogad a Dios que yo viva, porque si vengo a faltar vuestro hijo os maltratar\u00e1\u201d. Esas fueron las prof\u00e9ticas palabras del rey Enrique IV a su esposa Mar\u00eda de M\u00e9dicis antes de ser asesinado. Luis XIII orden\u00f3 encerrar y exiliar a su madre en dos ocasiones. Al final de su vida la que hab\u00eda sido reina de los franceses vivi\u00f3 arruinada y errante de corte en corte sin conseguir que su hijo la admitiera. Luis XIII solo permiti\u00f3 que Mar\u00eda de M\u00e9dicis regresara a Francia cad\u00e1ver, para darle sepultura en Saint-Denis.<\/span><\/p>\n<p id=\"viewer-7s0jk\" class=\"xVISr Y9Dpf bCMSCT OZy-3 lnyWN yMZv8w bCMSCT public-DraftStyleDefault-block-depth0 fixed-tab-size public-DraftStyleDefault-text-ltr\" style=\"text-align: justify;\"><span class=\"B2EFF public-DraftStyleDefault-ltr\">La relaci\u00f3n entre madre e hijo siempre estuvo empa\u00f1ada por una total falta de entendimiento. Luis era testarudo e intransigente, incompatible con Catalina, autoritaria y amante del poder, que no hab\u00eda querido retirarse tras la regencia, per\u00edodo en el que Luis hab\u00eda desarrollado hacia ella un odio que durar\u00eda toda la vida. El recuerdo de Mar\u00eda atorment\u00f3 al rey que cercano a su fin dijo que su mayor remordimiento era haber \u201cmaltratado a su madre\u201d.<\/span><\/p>\n<div id=\"viewer-en9cw\" class=\"QHjDE rzoRKE\">\n<div class=\"gO6aa y8JqQg y8JqQg flaqF\">\n<div class=\"Q6a5A\" tabindex=\"0\" role=\"button\" data-hook=\"imageViewer\">\n<div id=\"new-image1629\" class=\"vBPBf L9OMM XHhj0\" aria-label=\"Mar\u00eda de M\u00e9dicis, la reina maltratada por Luis XIII\"><img loading=\"lazy\" decoding=\"async\" class=\"alignleft\" src=\"https:\/\/static.wixstatic.com\/media\/0d881f_c0ab16a320bd4849a0dedeec7fcd84e1.jpg\/v1\/fill\/w_461,h_351,al_c,lg_1,q_80,enc_auto\/0d881f_c0ab16a320bd4849a0dedeec7fcd84e1.jpg\" alt=\"Mar\u00eda de M\u00e9dicis, la reina maltratada por Luis XIII\" width=\"386\" height=\"294\" data-pin-url=\"https:\/\/anamorillapalacios.wixsite.com\/historiagrata\/single-post\/2015\/07\/16\/mar\u00eda-de-m\u00e9dicis-la-reina-maltratada\" data-pin-media=\"https:\/\/static.wixstatic.com\/media\/0d881f_c0ab16a320bd4849a0dedeec7fcd84e1.jpg\/v1\/fill\/w_640,h_489,al_c,lg_1,q_80\/0d881f_c0ab16a320bd4849a0dedeec7fcd84e1.jpg\" data-load-done=\"\" \/><\/div>\n<div class=\"\"><span style=\"color: #111111; font-family: Roboto, sans-serif; font-size: 22px;\">Por amor al poder<\/span><\/div>\n<\/div>\n<\/div>\n<\/div>\n<div data-hook=\"rcv-block14\"><\/div>\n<p id=\"viewer-loq97\" class=\"xVISr Y9Dpf bCMSCT OZy-3 lnyWN yMZv8w bCMSCT public-DraftStyleDefault-block-depth0 fixed-tab-size public-DraftStyleDefault-text-ltr\" style=\"text-align: justify;\"><span class=\"B2EFF public-DraftStyleDefault-ltr\">El 17 de diciembre de 1600 Enrique IV contrajo matrimonio con Mar\u00eda de M\u00e9dicis, una florentina de veintisiete a\u00f1os. Para el rey era su segundo matrimonio tras anular el de su primera esposa, Margarita de Valois, mientras que la opulenta novia italiana no se hab\u00eda casado antes, a pesar de que para el est\u00e1ndar de la \u00e9poca ya era mayor. A los trece una monja visionaria le hab\u00eda anunciado que ser\u00eda reina de Francia y ella rechaz\u00f3 a todos sus pretendientes en espera de alcanzar su destino.<\/span><\/p>\n<p id=\"viewer-wl36q\" class=\"xVISr Y9Dpf bCMSCT OZy-3 lnyWN yMZv8w bCMSCT public-DraftStyleDefault-block-depth0 fixed-tab-size public-DraftStyleDefault-text-ltr\" style=\"text-align: justify;\"><span class=\"B2EFF public-DraftStyleDefault-ltr\">Mar\u00eda era hija de Francisco I de M\u00e9dicis, gran duque de la Toscana, y de la archiduquesa Juana de Austria, la hermana del emperador Fernando I, el hermano de Carlos V. Mar\u00eda era soberbia, egoc\u00e9ntrica y testaruda. Su astron\u00f3mica dote salvaba las deudas con la banca florentina que hab\u00eda contra\u00eddo Enrique IV, descendiente de una rama \u201csegundona\u201d que hab\u00eda \u201cheredado\u201d a los Valois. Como M\u00e9dicis cre\u00eda poder otorgar al pa\u00eds galo el esplendor renacentista italiano, y para ello llev\u00f3 consigo cuadros, telas, joyas, cristales, vajillas de oro y plata y otros objetos preciosos, se encontr\u00f3 un pa\u00eds que comenzaba a salir de d\u00e9cadas de guerras civiles y una corte en estado de abandono. Como Habsburgo, Mar\u00eda deseaba poner fin al conflicto entre Francia y el imperio. Como cat\u00f3lica se cre\u00eda investida de una sagrada misi\u00f3n: el papa Clemente VIII le hab\u00eda encargado impulsar la adopci\u00f3n de la normativa del Concilio de Trento en la Iglesia francesa, apoyar el regreso de los jesuitas y erradicar la herej\u00eda protestante.<\/span><\/p>\n<p class=\"xVISr Y9Dpf bCMSCT OZy-3 lnyWN yMZv8w bCMSCT public-DraftStyleDefault-block-depth0 fixed-tab-size public-DraftStyleDefault-text-ltr\" style=\"text-align: justify;\"><span class=\"B2EFF public-DraftStyleDefault-ltr\">Pero nada m\u00e1s alejado de la intenci\u00f3n de su marido, que no esperaba de ella un programa pol\u00edtico sino un hijo. Para Enrique IV los intereses de los Habsburgo eran inconciliables con los suyos y quer\u00eda defender la autonom\u00eda de la Iglesia francesa frente al papado. Nueve meses y diez d\u00edas despu\u00e9s de la noche de bodas dio a luz a un hijo var\u00f3n, el futuro Luis XIII. Todav\u00eda le dar\u00eda cinco hijos m\u00e1s. En cuanto al coraz\u00f3n del rey era de dominio p\u00fablico que lo hab\u00eda entregado a otras mujeres, pero la reina nunca acept\u00f3, en contra de lo que se esperaba de cualquier reina de su \u00e9poca, que el rey ten\u00eda favoritas y una prole ileg\u00edtima. Mar\u00eda de M\u00e9dicis, celosa por temperamento, hizo de su vida dom\u00e9stica un drama, amargando al rey, a sus hijos y todos cuantos estaban a su alrededor.<\/span><\/p>\n<p id=\"viewer-rw52v\" class=\"xVISr Y9Dpf bCMSCT OZy-3 lnyWN yMZv8w bCMSCT public-DraftStyleDefault-block-depth0 fixed-tab-size public-DraftStyleDefault-text-ltr\" style=\"text-align: justify;\"><span class=\"B2EFF public-DraftStyleDefault-ltr\">El 14 de mayo de 1610 Enrique IV fue asesinado por un cat\u00f3lico fan\u00e1tico llamado Ravaillac, que le hab\u00eda asestado una pu\u00f1alada en el coraz\u00f3n, y aunque fue conducido al Louvre el rey lleg\u00f3 cad\u00e1ver. Solo un d\u00eda antes Mar\u00eda hab\u00eda sido investida reina en la bas\u00edlica de Saint-Denis (donde ser\u00eda enterrada), hab\u00edan pasado diez a\u00f1os desde su boda en Florencia.<\/span><\/p>\n<p id=\"viewer-upuk7\" class=\"xVISr Y9Dpf bCMSCT OZy-3 lnyWN yMZv8w bCMSCT public-DraftStyleDefault-block-depth0 fixed-tab-size public-DraftStyleDefault-text-ltr\" style=\"text-align: justify;\"><span class=\"B2EFF public-DraftStyleDefault-ltr\">Ante el magnicidio, la reina se dej\u00f3 llevar por el p\u00e1nico: \u201c\u00a1Ay de m\u00ed, el rey ha muerto!\u201d, hasta que alguien le record\u00f3 que \u201cen Francia los reyes no mueren\u201d, y se\u00f1alando al delf\u00edn le dijo: \u201che aqu\u00ed el rey vivo\u201d. Luis XIII ten\u00eda nueve a\u00f1os.<\/span><\/p>\n<p id=\"viewer-e6fde\" class=\"xVISr Y9Dpf bCMSCT OZy-3 lnyWN yMZv8w bCMSCT public-DraftStyleDefault-block-depth0 fixed-tab-size public-DraftStyleDefault-text-ltr\" style=\"text-align: justify;\"><span class=\"B2EFF public-DraftStyleDefault-ltr\">Luis hab\u00eda disfrutado en su infancia del amor paterno, si bien Enrique IV nunca fue un marido fiel siempre fue un padre cari\u00f1oso que cuidaba de toda su prole leg\u00edtima e ileg\u00edtima. El difunto rey estaba muy unido al delf\u00edn, desde ni\u00f1o lo preparaba para su futuro papel, incluso lo llevaba con \u00e9l durante las sesiones del Consejo. Pero a la muerte de Enrique, Luis se encontr\u00f3 bajo el dominio de una madre distante y dura, centrada en la pol\u00edtica. El joven rey desarroll\u00f3 una personalidad recelosa, introvertida, melanc\u00f3lica y asc\u00e9tica, con terror al pecado y a la sexualidad que marcar\u00eda una complicada relaci\u00f3n con su esposa, Ana de Austria.<\/span><\/p>\n<div id=\"viewer-9kiy6\" class=\"QHjDE rzoRKE\">\n<div class=\"gO6aa y8JqQg y8JqQg flaqF\">\n<div class=\"Q6a5A\" tabindex=\"0\" role=\"button\" data-hook=\"imageViewer\">\n<div id=\"new-image1630\" class=\"vBPBf L9OMM XHhj0\" aria-label=\"Mar\u00eda de M\u00e9dicis y su hijo, el futuro rey Luis XIII\"><img loading=\"lazy\" decoding=\"async\" class=\"alignleft\" src=\"https:\/\/static.wixstatic.com\/media\/0d881f_efde7b24b4504d708220d1af58951945.jpg\/v1\/fill\/w_461,h_792,al_c,q_85,usm_0.66_1.00_0.01,enc_auto\/0d881f_efde7b24b4504d708220d1af58951945.jpg\" alt=\"Mar\u00eda de M\u00e9dicis y su hijo, el futuro rey Luis XIII\" width=\"365\" height=\"627\" data-pin-url=\"https:\/\/anamorillapalacios.wixsite.com\/historiagrata\/single-post\/2015\/07\/16\/mar\u00eda-de-m\u00e9dicis-la-reina-maltratada\" data-pin-media=\"https:\/\/static.wixstatic.com\/media\/0d881f_efde7b24b4504d708220d1af58951945.jpg\/v1\/fill\/w_465,h_800,al_c,q_85\/0d881f_efde7b24b4504d708220d1af58951945.jpg\" data-load-done=\"\" \/><\/div>\n<div class=\"\"><span style=\"color: #111111; font-family: Roboto, sans-serif; font-size: 22px;\">\u00a1Ahora soy rey!<\/span><\/div>\n<\/div>\n<\/div>\n<\/div>\n<div data-hook=\"rcv-block30\"><\/div>\n<p id=\"viewer-96o4t\" class=\"xVISr Y9Dpf bCMSCT OZy-3 lnyWN yMZv8w bCMSCT public-DraftStyleDefault-block-depth0 fixed-tab-size public-DraftStyleDefault-text-ltr\" style=\"text-align: justify;\"><span class=\"B2EFF public-DraftStyleDefault-ltr\">Mar\u00eda de M\u00e9dicis obtuvo el aval de los Estados Generales y del Parlamento para la regencia, pero no cuando lleg\u00f3 el momento no quiso entregar el poder, se olvid\u00f3 que su deber era poner al rey en estado de reinar, no reinar ella. As\u00ed que en 1617, a los quince a\u00f1os, Luis XIII se libr\u00f3 del yugo materno.<\/span><\/p>\n<p id=\"viewer-sl8xp\" class=\"xVISr Y9Dpf bCMSCT OZy-3 lnyWN yMZv8w bCMSCT public-DraftStyleDefault-block-depth0 fixed-tab-size public-DraftStyleDefault-text-ltr\" style=\"text-align: justify;\"><span class=\"B2EFF public-DraftStyleDefault-ltr\">A instigaci\u00f3n del duque de Luynes orden\u00f3 detener (m\u00e1s bien asesinar) al italiano Concino Concini, marqu\u00e9s de Ancre, mariscal y primer gentilhombre de c\u00e1mara del rey con funciones de primer ministro. Era el marido de Eleonora Galigai, \u00edntima amiga de la reina que la hab\u00eda tra\u00eddo consigo desde Florencia. Cuando el mariscal hizo un gesto que pod\u00eda ser interpretado como resistencia, la guardia del rey acab\u00f3 con \u00e9l. Luis XIII se asom\u00f3 a la ventana y grit\u00f3 a los soldados: \u201cGracias, gracias a todos vosotros! \u00a1Ahora soy rey!<\/span><\/p>\n<p id=\"viewer-in4ab\" class=\"xVISr Y9Dpf bCMSCT OZy-3 lnyWN yMZv8w bCMSCT public-DraftStyleDefault-block-depth0 fixed-tab-size public-DraftStyleDefault-text-ltr\" style=\"text-align: justify;\"><span class=\"B2EFF public-DraftStyleDefault-ltr\">A Eleonora le aguardaba un proceso farsa acusada de brujer\u00eda por el que fue condenada a muerte. La fortuna de la pareja fue confiscada en favor no del erario p\u00fablico sino del duque de Luynes.<\/span><\/p>\n<p id=\"viewer-22zm4\" class=\"xVISr Y9Dpf bCMSCT OZy-3 lnyWN yMZv8w bCMSCT public-DraftStyleDefault-block-depth0 fixed-tab-size public-DraftStyleDefault-text-ltr\" style=\"text-align: justify;\"><span class=\"B2EFF public-DraftStyleDefault-ltr\">Pero el objetivo del rey no solo era matar al matrimonio italiano sino desembarazarse de su propia madre. La reina recibi\u00f3 orden de exiliarse en el castillo de Blois. En sus tres a\u00f1os de exilio se erigi\u00f3 en v\u00edctima de la injusticia achacando la responsabilidad a Luynes y gan\u00e1ndose el favor de la opini\u00f3n p\u00fablica y de las cortes europeas. Huy\u00f3 de Blois, arm\u00f3 un ej\u00e9rcito y conspir\u00f3. El fantasma de una guerra civil por el conflicto entre madre e hijo plane\u00f3 sobre Francia.<\/span><\/p>\n<p id=\"viewer-eyrga\" class=\"xVISr Y9Dpf bCMSCT OZy-3 lnyWN yMZv8w bCMSCT public-DraftStyleDefault-block-depth0 fixed-tab-size public-DraftStyleDefault-text-ltr\" style=\"text-align: justify;\"><span class=\"B2EFF public-DraftStyleDefault-ltr\">Finalmente llegaron a un acuerdo y se reconciliaron por el tratado de Angers. \u201cAhora ya no os dejar\u00e9 escapar\u201d dijo el rey a la reina madre. \u201cNo tendr\u00e9is dificultad, porque estoy segura de que por un hijo como vos ser\u00e9 tratada siempre como una madre\u201d, contest\u00f3 ella. Convivieron diez a\u00f1os en aparente paz, pero cada uno pensaba que ten\u00eda al otro en su poder, gracias a la diplomacia de un servidor de la reina, el cardenal Armand-Jean du Plessis de Richelieu.<\/span><\/p>\n<h3 id=\"viewer-dwgpl\" class=\"DjYhe Y9Dpf OZy-3 lnyWN yMZv8w bCMSCT public-DraftStyleDefault-block-depth0 fixed-tab-size public-DraftStyleDefault-text-ltr\"><span class=\"B2EFF public-DraftStyleDefault-ltr\">Mar\u00eda de M\u00e9dicis vs. Richelieu<\/span><\/h3>\n<p id=\"viewer-e8nuw\" class=\"xVISr Y9Dpf bCMSCT OZy-3 _40ACk Ecq9kg bCMSCT public-DraftStyleDefault-block-depth0 fixed-tab-size public-DraftStyleDefault-text-ltr\" style=\"text-align: justify;\"><span class=\"B2EFF public-DraftStyleDefault-ltr\">Mar\u00eda de M\u00e9dicis hab\u00eda tomado como secretario al ambicioso prelado Richelieu, que hab\u00eda compartido su exilio y la hab\u00eda convencido para reconciliarse con su hijo. Buen conocedor del car\u00e1cter humano sab\u00eda como hacer entrar a ambos en raz\u00f3n. Sus buenas sugerencias pol\u00edticas le hicieron valedor del nombramiento de ministro por el rey a instancias de su madre. Mar\u00eda pensaba que Richelieu la serv\u00eda a ella, pero se equivocaba, el cardenal solo trabajaba para s\u00ed mismo y ya se hab\u00eda hecho indispensable para el rey.<\/span><\/p>\n<p id=\"viewer-wqp99\" class=\"xVISr Y9Dpf bCMSCT OZy-3 lnyWN yMZv8w bCMSCT public-DraftStyleDefault-block-depth0 fixed-tab-size public-DraftStyleDefault-text-ltr\" style=\"text-align: justify;\"><span class=\"B2EFF public-DraftStyleDefault-ltr\">Mar\u00eda de M\u00e9dicis ten\u00eda un programa pol\u00edtico: fidelidad a Roma y la Contrarreforma, mantener los lazos con los Habsburgo (Espa\u00f1a y Austria) y establecer la paz a escala escala europea superando los nacionalismos a trav\u00e9s de los valores cristianos, seg\u00fan las ideas del cardenal B\u00e9rulle y el partido devoto. Pero Richelieu ten\u00eda el suyo: oposici\u00f3n a la hegemon\u00eda Habsburgo empujando a Francia a una guerra contra Espa\u00f1a para evitar convertirse en un sat\u00e9lite del imperio. En 1630 la reina estaba convencida de que el cardenal no segu\u00eda su pol\u00edtica y pidi\u00f3 al rey la cabeza de Richelieu. Las h\u00e1biles maniobras del caldenal hicieron que el rey apostara por \u00e9l antes que por su madre.<\/span><\/p>\n<p id=\"viewer-j8hxv\" class=\"xVISr Y9Dpf bCMSCT OZy-3 lnyWN yMZv8w bCMSCT public-DraftStyleDefault-block-depth0 fixed-tab-size public-DraftStyleDefault-text-ltr\" style=\"text-align: justify;\"><span class=\"B2EFF public-DraftStyleDefault-ltr\">La reina, no solo no abandon\u00f3 la pol\u00edtica sino que abri\u00f3 una nueva disputa con su hijo e instig\u00f3 a Gast\u00f3n (el eterno segund\u00f3n siempre conspirando) a la revuelta contra su hermano el rey. En 1631 la reina madre recibi\u00f3 nuevamente orden de exilio pero ella decidi\u00f3 fugarse. Se refugi\u00f3 en el extranjero, buscando quien conspirara contra Richelieu sin conseguirlo, y pidi\u00f3 asilo a sus enemigos, lo que dio pie a Luis XIII a acusar a su propia madre de traici\u00f3n y confiscar sus bienes, dej\u00e1ndola sin liquidez.<\/span><\/p>\n<p id=\"viewer-qf5gf\" class=\"xVISr Y9Dpf bCMSCT OZy-3 lnyWN yMZv8w bCMSCT public-DraftStyleDefault-block-depth0 fixed-tab-size public-DraftStyleDefault-text-ltr\" style=\"text-align: justify;\"><span class=\"B2EFF public-DraftStyleDefault-ltr\">Mar\u00eda de M\u00e9dicis que era madre del rey de Francia, suegra del rey de Espa\u00f1a, del de Inglaterra y del duque de Saboya, se hab\u00eda convertido en un hu\u00e9sped inc\u00f3modo y carente de medios. Emprendi\u00f3 un peregrinaje por los Pa\u00edses Bajos, Holanda e Inglaterra y fue a morir en 1642 en Colonia, sola y llena de deudas, ten\u00eda sesenta y siete a\u00f1os. Su hijo nunca volvi\u00f3 a tener contacto con ella. A su muerte hizo repatriar el cad\u00e1ver y le dio sepultura en Saint-Denis, donde hab\u00eda sido coronada.<\/span><\/p>\n<p id=\"viewer-58bst\" class=\"xVISr Y9Dpf bCMSCT OZy-3 lnyWN yMZv8w bCMSCT public-DraftStyleDefault-block-depth0 fixed-tab-size public-DraftStyleDefault-text-ltr\" style=\"text-align: justify;\"><span class=\"B2EFF public-DraftStyleDefault-ltr\">Quiso la historia que en medio siglo hubiera en Francia dos reinas florentinas de la familia M\u00e9dicis que ejercieron la regencia de sus hijos: primero Catalina, la esposa de Enrique II, y despu\u00e9s su prima lejana Mar\u00eda. Ninguna de las dos fue amada por sus s\u00fabditos, que desconfiaban de sus camarillas italianas, pero el destino fue m\u00e1s cruel con Mar\u00eda de M\u00e9dicis pues no fue amada por su propio hijo. La biograf\u00eda real censur\u00f3 su memoria y los historiadores no le han deparado ninguna simpat\u00eda. Sus \u00e9xitos como regente y sus buenas intenciones (la paz al fin y al cabo aunque ella no fuera precisamente pac\u00edfica) quedaron anulados por no saber retirarse en su momento y ceder las riendas del poder a su hijo y sus ministros. Pero no se le puede negar su labor de mecenas, entre otros de Rubens a quien encarg\u00f3 un ciclo de lienzos para la decoraci\u00f3n del palacio de Luxemburgo en la Rive Gauche, que hab\u00eda hecho construir a imitaci\u00f3n del palacio Pitti de Florencia, haciendo entrar a Francia en el concierto de las artes europeas.<\/span><\/p>\n<p id=\"viewer-qt7hq\" class=\"xVISr Y9Dpf bCMSCT OZy-3 lnyWN yMZv8w bCMSCT public-DraftStyleDefault-block-depth0 fixed-tab-size public-DraftStyleDefault-text-ltr\" style=\"text-align: justify;\"><span class=\"B2EFF public-DraftStyleDefault-ltr\"><strong>Im\u00e1genes:\u00a0<\/strong><\/span><\/p>\n<p class=\"xVISr Y9Dpf bCMSCT OZy-3 lnyWN yMZv8w bCMSCT public-DraftStyleDefault-block-depth0 fixed-tab-size public-DraftStyleDefault-text-ltr\" style=\"text-align: justify;\"><span class=\"B2EFF public-DraftStyleDefault-ltr\">A partir del retrato de Mar\u00eda de M\u00e9dicis realizado por Alessandro Allori, S. XV, Kunsthistorisches Museum, Viena.<\/span><\/p>\n<p id=\"viewer-goti3\" class=\"xVISr Y9Dpf bCMSCT OZy-3 lnyWN yMZv8w bCMSCT public-DraftStyleDefault-block-depth0 fixed-tab-size public-DraftStyleDefault-text-ltr\" style=\"text-align: justify;\"><span class=\"B2EFF public-DraftStyleDefault-ltr\">A partir del retrato de Mar\u00eda de M\u00e9dici realizado por Frans Pourbus el Joven, ca. 1606, Museo de Bellas Artes de Bilbao.<\/span><\/p>\n<p id=\"viewer-21hva\" class=\"xVISr Y9Dpf bCMSCT OZy-3 lnyWN yMZv8w bCMSCT public-DraftStyleDefault-block-depth0 fixed-tab-size public-DraftStyleDefault-text-ltr\" style=\"text-align: justify;\"><span class=\"B2EFF public-DraftStyleDefault-ltr\">A partir de Mar\u00eda de M\u00e9dicis y su hijo Luis XIII realizado por Charles Martin, 1603, Museo de Bellas Artes de Blois.<\/span><\/p>\n<p id=\"viewer-rdohy\" class=\"xVISr Y9Dpf bCMSCT OZy-3 lnyWN yMZv8w bCMSCT public-DraftStyleDefault-block-depth0 fixed-tab-size public-DraftStyleDefault-text-ltr\"><span class=\"B2EFF public-DraftStyleDefault-ltr\"><strong>Para saber m\u00e1s<\/strong><\/span><\/p>\n<p id=\"viewer-n985d\" class=\"xVISr Y9Dpf bCMSCT OZy-3 lnyWN yMZv8w bCMSCT public-DraftStyleDefault-block-depth0 fixed-tab-size public-DraftStyleDefault-text-ltr\"><span class=\"B2EFF public-DraftStyleDefault-ltr\">Benedetta Craveri, <em>Amantes y reinas: el poder de las mujeres, <\/em>Madrid, 2006, Siruela.<\/span><\/p>\n<p><em><strong>\u00a9 Ana Morilla. Octubre 2023. Todos los derechos reservados.<\/strong><\/em><\/p>\n","protected":false},"excerpt":{"rendered":"<p>REPOSICI\u00d3N \u201cRogad a Dios que yo viva, porque si vengo a faltar vuestro hijo os maltratar\u00e1\u201d. Esas fueron las prof\u00e9ticas palabras del rey Enrique IV a su esposa Mar\u00eda de M\u00e9dicis antes de ser asesinado. Luis XIII orden\u00f3 encerrar y exiliar a su madre en dos ocasiones. Al final de su vida la que hab\u00eda [&hellip;]<\/p>\n","protected":false},"author":19,"featured_media":6761,"comment_status":"open","ping_status":"closed","sticky":false,"template":"","format":"standard","meta":{"footnotes":""},"categories":[2281],"tags":[284],"class_list":{"0":"post-6760","1":"post","2":"type-post","3":"status-publish","4":"format-standard","5":"has-post-thumbnail","7":"category-ensayos-historicos-2","8":"tag-ana-morilla"},"yoast_head":"<!-- This site is optimized with the Yoast SEO plugin v27.4 - https:\/\/yoast.com\/product\/yoast-seo-wordpress\/ -->\n<title>Mar\u00eda de M\u00e9dicis, la reina maltratada | HOJAS SUELTAS Peri\u00f3dico Cultural<\/title>\n<meta name=\"description\" content=\"HISTORIA GRATA, de Ana Morilla: Luis XIII orden\u00f3 encerrar y exiliar a su madre en dos ocasiones. Al final de su vida la que hab\u00eda sido reina de los franceses vivi\u00f3 arruinada\" \/>\n<meta name=\"robots\" content=\"index, follow, max-snippet:-1, max-image-preview:large, max-video-preview:-1\" \/>\n<link rel=\"canonical\" href=\"https:\/\/hojassueltas.es\/?p=6760\" \/>\n<meta property=\"og:locale\" content=\"es_ES\" \/>\n<meta property=\"og:type\" content=\"article\" \/>\n<meta property=\"og:title\" content=\"Mar\u00eda de M\u00e9dicis, la reina maltratada | HOJAS SUELTAS Peri\u00f3dico Cultural\" \/>\n<meta property=\"og:description\" content=\"HISTORIA GRATA, de Ana Morilla: Luis XIII orden\u00f3 encerrar y exiliar a su madre en dos ocasiones. Al final de su vida la que hab\u00eda sido reina de los franceses vivi\u00f3 arruinada\" \/>\n<meta property=\"og:url\" content=\"https:\/\/hojassueltas.es\/?p=6760\" \/>\n<meta property=\"og:site_name\" content=\"HOJAS SUELTAS Peri\u00f3dico Cultural\" \/>\n<meta property=\"article:published_time\" content=\"2025-03-27T23:00:13+00:00\" \/>\n<meta property=\"article:modified_time\" content=\"2025-12-11T15:15:59+00:00\" \/>\n<meta property=\"og:image\" content=\"https:\/\/hojassueltas.es\/wp-content\/uploads\/2023\/10\/AGORA-Maria-deMedicis_WEB.png\" \/>\n\t<meta property=\"og:image:width\" content=\"1050\" \/>\n\t<meta property=\"og:image:height\" content=\"610\" \/>\n\t<meta property=\"og:image:type\" content=\"image\/png\" \/>\n<meta name=\"author\" content=\"Ana Morilla Palacios\" \/>\n<meta name=\"twitter:card\" content=\"summary_large_image\" \/>\n<meta name=\"twitter:creator\" content=\"@HOJASSUELTAS22\" \/>\n<meta name=\"twitter:site\" content=\"@HOJASSUELTAS22\" \/>\n<meta name=\"twitter:label1\" content=\"Escrito por\" \/>\n\t<meta name=\"twitter:data1\" content=\"Ana Morilla Palacios\" \/>\n\t<meta name=\"twitter:label2\" content=\"Tiempo de lectura\" \/>\n\t<meta name=\"twitter:data2\" content=\"9 minutos\" \/>\n<script type=\"application\/ld+json\" class=\"yoast-schema-graph\">{\"@context\":\"https:\\\/\\\/schema.org\",\"@graph\":[{\"@type\":[\"Article\",\"BlogPosting\"],\"@id\":\"https:\\\/\\\/hojassueltas.es\\\/?p=6760#article\",\"isPartOf\":{\"@id\":\"https:\\\/\\\/hojassueltas.es\\\/?p=6760\"},\"author\":{\"name\":\"Ana Morilla Palacios\",\"@id\":\"https:\\\/\\\/hojassueltas.es\\\/#\\\/schema\\\/person\\\/0389067b4326cb39a47134847eb55133\"},\"headline\":\"Mar\u00eda de M\u00e9dicis, la reina maltratada\",\"datePublished\":\"2025-03-27T23:00:13+00:00\",\"dateModified\":\"2025-12-11T15:15:59+00:00\",\"mainEntityOfPage\":{\"@id\":\"https:\\\/\\\/hojassueltas.es\\\/?p=6760\"},\"wordCount\":1955,\"commentCount\":0,\"publisher\":{\"@id\":\"https:\\\/\\\/hojassueltas.es\\\/#organization\"},\"image\":{\"@id\":\"https:\\\/\\\/hojassueltas.es\\\/?p=6760#primaryimage\"},\"thumbnailUrl\":\"https:\\\/\\\/hojassueltas.es\\\/wp-content\\\/uploads\\\/2023\\\/10\\\/AGORA-Maria-deMedicis_WEB.png\",\"keywords\":[\"Ana Morilla\"],\"articleSection\":[\"ENSAYOS HIST\u00d3RICOS\"],\"inLanguage\":\"es\",\"potentialAction\":[{\"@type\":\"CommentAction\",\"name\":\"Comment\",\"target\":[\"https:\\\/\\\/hojassueltas.es\\\/?p=6760#respond\"]}]},{\"@type\":\"WebPage\",\"@id\":\"https:\\\/\\\/hojassueltas.es\\\/?p=6760\",\"url\":\"https:\\\/\\\/hojassueltas.es\\\/?p=6760\",\"name\":\"Mar\u00eda de M\u00e9dicis, la reina maltratada | HOJAS SUELTAS Peri\u00f3dico Cultural\",\"isPartOf\":{\"@id\":\"https:\\\/\\\/hojassueltas.es\\\/#website\"},\"primaryImageOfPage\":{\"@id\":\"https:\\\/\\\/hojassueltas.es\\\/?p=6760#primaryimage\"},\"image\":{\"@id\":\"https:\\\/\\\/hojassueltas.es\\\/?p=6760#primaryimage\"},\"thumbnailUrl\":\"https:\\\/\\\/hojassueltas.es\\\/wp-content\\\/uploads\\\/2023\\\/10\\\/AGORA-Maria-deMedicis_WEB.png\",\"datePublished\":\"2025-03-27T23:00:13+00:00\",\"dateModified\":\"2025-12-11T15:15:59+00:00\",\"description\":\"HISTORIA GRATA, de Ana Morilla: Luis XIII orden\u00f3 encerrar y exiliar a su madre en dos ocasiones. Al final de su vida la que hab\u00eda sido reina de los franceses vivi\u00f3 arruinada\",\"breadcrumb\":{\"@id\":\"https:\\\/\\\/hojassueltas.es\\\/?p=6760#breadcrumb\"},\"inLanguage\":\"es\",\"potentialAction\":[{\"@type\":\"ReadAction\",\"target\":[\"https:\\\/\\\/hojassueltas.es\\\/?p=6760\"]}]},{\"@type\":\"ImageObject\",\"inLanguage\":\"es\",\"@id\":\"https:\\\/\\\/hojassueltas.es\\\/?p=6760#primaryimage\",\"url\":\"https:\\\/\\\/hojassueltas.es\\\/wp-content\\\/uploads\\\/2023\\\/10\\\/AGORA-Maria-deMedicis_WEB.png\",\"contentUrl\":\"https:\\\/\\\/hojassueltas.es\\\/wp-content\\\/uploads\\\/2023\\\/10\\\/AGORA-Maria-deMedicis_WEB.png\",\"width\":1050,\"height\":610},{\"@type\":\"BreadcrumbList\",\"@id\":\"https:\\\/\\\/hojassueltas.es\\\/?p=6760#breadcrumb\",\"itemListElement\":[{\"@type\":\"ListItem\",\"position\":1,\"name\":\"Portada\",\"item\":\"https:\\\/\\\/hojassueltas.es\\\/\"},{\"@type\":\"ListItem\",\"position\":2,\"name\":\"Mar\u00eda de M\u00e9dicis, la reina maltratada\"}]},{\"@type\":\"WebSite\",\"@id\":\"https:\\\/\\\/hojassueltas.es\\\/#website\",\"url\":\"https:\\\/\\\/hojassueltas.es\\\/\",\"name\":\"HojasSueltas.es\",\"description\":\"GRANADA - Peri\u00f3dico Cultural\",\"publisher\":{\"@id\":\"https:\\\/\\\/hojassueltas.es\\\/#organization\"},\"alternateName\":\"H.S. Periodico Cultural\",\"potentialAction\":[{\"@type\":\"SearchAction\",\"target\":{\"@type\":\"EntryPoint\",\"urlTemplate\":\"https:\\\/\\\/hojassueltas.es\\\/?s={search_term_string}\"},\"query-input\":{\"@type\":\"PropertyValueSpecification\",\"valueRequired\":true,\"valueName\":\"search_term_string\"}}],\"inLanguage\":\"es\"},{\"@type\":\"Organization\",\"@id\":\"https:\\\/\\\/hojassueltas.es\\\/#organization\",\"name\":\"HOJAS SUELTAS - Peri\u00f3dico Cultural\",\"alternateName\":\"HS - HOJAS SUELTAS Peri\u00f3dico Cultural\",\"url\":\"https:\\\/\\\/hojassueltas.es\\\/\",\"logo\":{\"@type\":\"ImageObject\",\"inLanguage\":\"es\",\"@id\":\"https:\\\/\\\/hojassueltas.es\\\/#\\\/schema\\\/logo\\\/image\\\/\",\"url\":\"https:\\\/\\\/hojassueltas.es\\\/wp-content\\\/uploads\\\/2025\\\/08\\\/Icono-HS_2.png\",\"contentUrl\":\"https:\\\/\\\/hojassueltas.es\\\/wp-content\\\/uploads\\\/2025\\\/08\\\/Icono-HS_2.png\",\"width\":500,\"height\":500,\"caption\":\"HOJAS SUELTAS - Peri\u00f3dico Cultural\"},\"image\":{\"@id\":\"https:\\\/\\\/hojassueltas.es\\\/#\\\/schema\\\/logo\\\/image\\\/\"},\"sameAs\":[\"https:\\\/\\\/x.com\\\/HOJASSUELTAS22\"]},{\"@type\":\"Person\",\"@id\":\"https:\\\/\\\/hojassueltas.es\\\/#\\\/schema\\\/person\\\/0389067b4326cb39a47134847eb55133\",\"name\":\"Ana Morilla Palacios\",\"image\":{\"@type\":\"ImageObject\",\"inLanguage\":\"es\",\"@id\":\"https:\\\/\\\/hojassueltas.es\\\/wp-content\\\/uploads\\\/2023\\\/02\\\/Ana-Morilla_web-96x96.jpg\",\"url\":\"https:\\\/\\\/hojassueltas.es\\\/wp-content\\\/uploads\\\/2023\\\/02\\\/Ana-Morilla_web-96x96.jpg\",\"contentUrl\":\"https:\\\/\\\/hojassueltas.es\\\/wp-content\\\/uploads\\\/2023\\\/02\\\/Ana-Morilla_web-96x96.jpg\",\"caption\":\"Ana Morilla Palacios\"},\"description\":\"Doctora en Teor\u00eda de la Literatura y del Arte y Literatura Comparada; m\u00e1ster en Estudios Literarios y Teatrales; DEA en Literatura Hispanoamericana y licenciada en Filolog\u00eda Hisp\u00e1nica. Dirigi\u00f3 la editorial Artificios y fue lectora y correctora para la editorial Traspi\u00e9s. Realiz\u00f3 un proyecto en el sello Dorothy (junto a la ilustradora Sabina Morante). Tambi\u00e9n es coach literario y profesora de talleres de escritura creativa.\",\"url\":\"https:\\\/\\\/hojassueltas.es\\\/?author=19\"}]}<\/script>\n<!-- \/ Yoast SEO plugin. -->","yoast_head_json":{"title":"Mar\u00eda de M\u00e9dicis, la reina maltratada | HOJAS SUELTAS Peri\u00f3dico Cultural","description":"HISTORIA GRATA, de Ana Morilla: Luis XIII orden\u00f3 encerrar y exiliar a su madre en dos ocasiones. Al final de su vida la que hab\u00eda sido reina de los franceses vivi\u00f3 arruinada","robots":{"index":"index","follow":"follow","max-snippet":"max-snippet:-1","max-image-preview":"max-image-preview:large","max-video-preview":"max-video-preview:-1"},"canonical":"https:\/\/hojassueltas.es\/?p=6760","og_locale":"es_ES","og_type":"article","og_title":"Mar\u00eda de M\u00e9dicis, la reina maltratada | HOJAS SUELTAS Peri\u00f3dico Cultural","og_description":"HISTORIA GRATA, de Ana Morilla: Luis XIII orden\u00f3 encerrar y exiliar a su madre en dos ocasiones. Al final de su vida la que hab\u00eda sido reina de los franceses vivi\u00f3 arruinada","og_url":"https:\/\/hojassueltas.es\/?p=6760","og_site_name":"HOJAS SUELTAS Peri\u00f3dico Cultural","article_published_time":"2025-03-27T23:00:13+00:00","article_modified_time":"2025-12-11T15:15:59+00:00","og_image":[{"width":1050,"height":610,"url":"https:\/\/hojassueltas.es\/wp-content\/uploads\/2023\/10\/AGORA-Maria-deMedicis_WEB.png","type":"image\/png"}],"author":"Ana Morilla Palacios","twitter_card":"summary_large_image","twitter_creator":"@HOJASSUELTAS22","twitter_site":"@HOJASSUELTAS22","twitter_misc":{"Escrito por":"Ana Morilla Palacios","Tiempo de lectura":"9 minutos"},"schema":{"@context":"https:\/\/schema.org","@graph":[{"@type":["Article","BlogPosting"],"@id":"https:\/\/hojassueltas.es\/?p=6760#article","isPartOf":{"@id":"https:\/\/hojassueltas.es\/?p=6760"},"author":{"name":"Ana Morilla Palacios","@id":"https:\/\/hojassueltas.es\/#\/schema\/person\/0389067b4326cb39a47134847eb55133"},"headline":"Mar\u00eda de M\u00e9dicis, la reina maltratada","datePublished":"2025-03-27T23:00:13+00:00","dateModified":"2025-12-11T15:15:59+00:00","mainEntityOfPage":{"@id":"https:\/\/hojassueltas.es\/?p=6760"},"wordCount":1955,"commentCount":0,"publisher":{"@id":"https:\/\/hojassueltas.es\/#organization"},"image":{"@id":"https:\/\/hojassueltas.es\/?p=6760#primaryimage"},"thumbnailUrl":"https:\/\/hojassueltas.es\/wp-content\/uploads\/2023\/10\/AGORA-Maria-deMedicis_WEB.png","keywords":["Ana Morilla"],"articleSection":["ENSAYOS HIST\u00d3RICOS"],"inLanguage":"es","potentialAction":[{"@type":"CommentAction","name":"Comment","target":["https:\/\/hojassueltas.es\/?p=6760#respond"]}]},{"@type":"WebPage","@id":"https:\/\/hojassueltas.es\/?p=6760","url":"https:\/\/hojassueltas.es\/?p=6760","name":"Mar\u00eda de M\u00e9dicis, la reina maltratada | HOJAS SUELTAS Peri\u00f3dico Cultural","isPartOf":{"@id":"https:\/\/hojassueltas.es\/#website"},"primaryImageOfPage":{"@id":"https:\/\/hojassueltas.es\/?p=6760#primaryimage"},"image":{"@id":"https:\/\/hojassueltas.es\/?p=6760#primaryimage"},"thumbnailUrl":"https:\/\/hojassueltas.es\/wp-content\/uploads\/2023\/10\/AGORA-Maria-deMedicis_WEB.png","datePublished":"2025-03-27T23:00:13+00:00","dateModified":"2025-12-11T15:15:59+00:00","description":"HISTORIA GRATA, de Ana Morilla: Luis XIII orden\u00f3 encerrar y exiliar a su madre en dos ocasiones. Al final de su vida la que hab\u00eda sido reina de los franceses vivi\u00f3 arruinada","breadcrumb":{"@id":"https:\/\/hojassueltas.es\/?p=6760#breadcrumb"},"inLanguage":"es","potentialAction":[{"@type":"ReadAction","target":["https:\/\/hojassueltas.es\/?p=6760"]}]},{"@type":"ImageObject","inLanguage":"es","@id":"https:\/\/hojassueltas.es\/?p=6760#primaryimage","url":"https:\/\/hojassueltas.es\/wp-content\/uploads\/2023\/10\/AGORA-Maria-deMedicis_WEB.png","contentUrl":"https:\/\/hojassueltas.es\/wp-content\/uploads\/2023\/10\/AGORA-Maria-deMedicis_WEB.png","width":1050,"height":610},{"@type":"BreadcrumbList","@id":"https:\/\/hojassueltas.es\/?p=6760#breadcrumb","itemListElement":[{"@type":"ListItem","position":1,"name":"Portada","item":"https:\/\/hojassueltas.es\/"},{"@type":"ListItem","position":2,"name":"Mar\u00eda de M\u00e9dicis, la reina maltratada"}]},{"@type":"WebSite","@id":"https:\/\/hojassueltas.es\/#website","url":"https:\/\/hojassueltas.es\/","name":"HojasSueltas.es","description":"GRANADA - Peri\u00f3dico Cultural","publisher":{"@id":"https:\/\/hojassueltas.es\/#organization"},"alternateName":"H.S. Periodico Cultural","potentialAction":[{"@type":"SearchAction","target":{"@type":"EntryPoint","urlTemplate":"https:\/\/hojassueltas.es\/?s={search_term_string}"},"query-input":{"@type":"PropertyValueSpecification","valueRequired":true,"valueName":"search_term_string"}}],"inLanguage":"es"},{"@type":"Organization","@id":"https:\/\/hojassueltas.es\/#organization","name":"HOJAS SUELTAS - Peri\u00f3dico Cultural","alternateName":"HS - HOJAS SUELTAS Peri\u00f3dico Cultural","url":"https:\/\/hojassueltas.es\/","logo":{"@type":"ImageObject","inLanguage":"es","@id":"https:\/\/hojassueltas.es\/#\/schema\/logo\/image\/","url":"https:\/\/hojassueltas.es\/wp-content\/uploads\/2025\/08\/Icono-HS_2.png","contentUrl":"https:\/\/hojassueltas.es\/wp-content\/uploads\/2025\/08\/Icono-HS_2.png","width":500,"height":500,"caption":"HOJAS SUELTAS - Peri\u00f3dico Cultural"},"image":{"@id":"https:\/\/hojassueltas.es\/#\/schema\/logo\/image\/"},"sameAs":["https:\/\/x.com\/HOJASSUELTAS22"]},{"@type":"Person","@id":"https:\/\/hojassueltas.es\/#\/schema\/person\/0389067b4326cb39a47134847eb55133","name":"Ana Morilla Palacios","image":{"@type":"ImageObject","inLanguage":"es","@id":"https:\/\/hojassueltas.es\/wp-content\/uploads\/2023\/02\/Ana-Morilla_web-96x96.jpg","url":"https:\/\/hojassueltas.es\/wp-content\/uploads\/2023\/02\/Ana-Morilla_web-96x96.jpg","contentUrl":"https:\/\/hojassueltas.es\/wp-content\/uploads\/2023\/02\/Ana-Morilla_web-96x96.jpg","caption":"Ana Morilla Palacios"},"description":"Doctora en Teor\u00eda de la Literatura y del Arte y Literatura Comparada; m\u00e1ster en Estudios Literarios y Teatrales; DEA en Literatura Hispanoamericana y licenciada en Filolog\u00eda Hisp\u00e1nica. Dirigi\u00f3 la editorial Artificios y fue lectora y correctora para la editorial Traspi\u00e9s. Realiz\u00f3 un proyecto en el sello Dorothy (junto a la ilustradora Sabina Morante). Tambi\u00e9n es coach literario y profesora de talleres de escritura creativa.","url":"https:\/\/hojassueltas.es\/?author=19"}]}},"_links":{"self":[{"href":"https:\/\/hojassueltas.es\/index.php?rest_route=\/wp\/v2\/posts\/6760","targetHints":{"allow":["GET"]}}],"collection":[{"href":"https:\/\/hojassueltas.es\/index.php?rest_route=\/wp\/v2\/posts"}],"about":[{"href":"https:\/\/hojassueltas.es\/index.php?rest_route=\/wp\/v2\/types\/post"}],"author":[{"embeddable":true,"href":"https:\/\/hojassueltas.es\/index.php?rest_route=\/wp\/v2\/users\/19"}],"replies":[{"embeddable":true,"href":"https:\/\/hojassueltas.es\/index.php?rest_route=%2Fwp%2Fv2%2Fcomments&post=6760"}],"version-history":[{"count":3,"href":"https:\/\/hojassueltas.es\/index.php?rest_route=\/wp\/v2\/posts\/6760\/revisions"}],"predecessor-version":[{"id":18213,"href":"https:\/\/hojassueltas.es\/index.php?rest_route=\/wp\/v2\/posts\/6760\/revisions\/18213"}],"wp:featuredmedia":[{"embeddable":true,"href":"https:\/\/hojassueltas.es\/index.php?rest_route=\/wp\/v2\/media\/6761"}],"wp:attachment":[{"href":"https:\/\/hojassueltas.es\/index.php?rest_route=%2Fwp%2Fv2%2Fmedia&parent=6760"}],"wp:term":[{"taxonomy":"category","embeddable":true,"href":"https:\/\/hojassueltas.es\/index.php?rest_route=%2Fwp%2Fv2%2Fcategories&post=6760"},{"taxonomy":"post_tag","embeddable":true,"href":"https:\/\/hojassueltas.es\/index.php?rest_route=%2Fwp%2Fv2%2Ftags&post=6760"}],"curies":[{"name":"wp","href":"https:\/\/api.w.org\/{rel}","templated":true}]}}