{"id":6753,"date":"2025-03-14T00:00:03","date_gmt":"2025-03-13T23:00:03","guid":{"rendered":"https:\/\/hojassueltas.es\/?p=6753"},"modified":"2025-12-11T17:15:59","modified_gmt":"2025-12-11T15:15:59","slug":"la-primera-huelga-de-la-historia","status":"publish","type":"post","link":"https:\/\/hojassueltas.es\/?p=6753","title":{"rendered":"LA PRIMERA HUELGA DE LA HISTORIA"},"content":{"rendered":"<p>REPOSICI\u00d3N<\/p>\n<p id=\"viewer-c81yw\" class=\"xVISr Y9Dpf bCMSCT OZy-3 lnyWN yMZv8w bCMSCT public-DraftStyleDefault-block-depth0 fixed-tab-size public-DraftStyleDefault-text-ltr\" style=\"text-align: justify;\"><span class=\"B2EFF public-DraftStyleDefault-ltr\">El fara\u00f3n Rams\u00e9s III (<em>ca<\/em>. 1184-1153 a.C) fue el primer patr\u00f3n de la historia que sufr\u00edo una huelga de sus trabajadores. Fue all\u00e1 por el a\u00f1o 29 de su reinado y tuvo lugar en Deir El Medina entre los obreros que constru\u00edan las tumbas reales en el Valle de los Reyes y de las Reinas y que no hab\u00edan cobrado.<\/span><\/p>\n<p id=\"viewer-zhsmf\" class=\"xVISr Y9Dpf bCMSCT OZy-3 lnyWN yMZv8w bCMSCT public-DraftStyleDefault-block-depth0 fixed-tab-size public-DraftStyleDefault-text-ltr\" style=\"text-align: justify;\"><span class=\"B2EFF public-DraftStyleDefault-ltr\">Con Rams\u00e9s III se inici\u00f3 la decadencia de Egipto. Las guerras hab\u00edan sido permanentes durante su reinado, amenazado por todos los flancos: los libios al oeste, las tribus del norte que penetraban a trav\u00e9s del Delta, los guerreros mashaouash que se instalar\u00edan en Egipto por el oeste, y los nubios al sur. La administraci\u00f3n estaba corrompida, la corona se hab\u00eda empobrecido y las tierras productivas pertenec\u00edan en su mayor\u00eda a los templos. El hambre y el descontento social se propagaban y la administraci\u00f3n real, la encargada de pagar a los obreros los sueldos en especie, era incapaz de atender las necesidades del pueblo. En este contexto aparecen las primeras huelgas de la historia.<\/span><\/p>\n<p id=\"viewer-q2uyj\" class=\"xVISr Y9Dpf bCMSCT OZy-3 lnyWN yMZv8w bCMSCT public-DraftStyleDefault-block-depth0 fixed-tab-size public-DraftStyleDefault-text-ltr\" style=\"text-align: justify;\"><span class=\"B2EFF public-DraftStyleDefault-ltr\">El d\u00eda 10 del segundo mes de <em>peret<\/em> del a\u00f1o 29 del reinado del fara\u00f3n Rams\u00e9s III estall\u00f3 una importante revuelta entre los trabajadores de la ciudad obrera de Deir El Medina, en la ribera occidental de Tebas. Estos obreros eran los encargados de construir las tumbas del rey, sus reinas y los hijos reales en las necr\u00f3polis del Valle de los Reyes y del Valle de las Reinas. Se hab\u00edan producido retrasos en la entrega de los salarios de los obreros que cobraban en especie (cereales, aceite, cerveza y otras materias primas). El hambre se propag\u00f3 y las gentes de la ciudad acudieron al templo del rey, en Medinet Habu. La administraci\u00f3n local fue incapaz de atender a los obreros, pero esto solo era un reflejo de la situaci\u00f3n general del pa\u00eds. Los disturbios continuaron durante todo el reinado, que finaliz\u00f3 en el a\u00f1o 32 en que el fara\u00f3n fue asesinado por una conjura palaciega encabezada por una de sus esposas, la reina Tiy y su hijo Pen-ta-Ur.<\/span><\/p>\n<p>\u00a9 Ana Morilla. Octubre 2023. Todos los derechos reservados.<\/p>\n","protected":false},"excerpt":{"rendered":"<p>REPOSICI\u00d3N El fara\u00f3n Rams\u00e9s III (ca. 1184-1153 a.C) fue el primer patr\u00f3n de la historia que sufr\u00edo una huelga de sus trabajadores. Fue all\u00e1 por el a\u00f1o 29 de su reinado y tuvo lugar en Deir El Medina entre los obreros que constru\u00edan las tumbas reales en el Valle de los Reyes y de las [&hellip;]<\/p>\n","protected":false},"author":19,"featured_media":6754,"comment_status":"open","ping_status":"closed","sticky":false,"template":"","format":"standard","meta":{"footnotes":""},"categories":[2281],"tags":[284],"class_list":{"0":"post-6753","1":"post","2":"type-post","3":"status-publish","4":"format-standard","5":"has-post-thumbnail","7":"category-ensayos-historicos-2","8":"tag-ana-morilla"},"yoast_head":"<!-- This site is optimized with the Yoast SEO plugin v27.4 - https:\/\/yoast.com\/product\/yoast-seo-wordpress\/ -->\n<title>LA PRIMERA HUELGA DE LA HISTORIA | HOJAS SUELTAS Peri\u00f3dico Cultural<\/title>\n<meta name=\"description\" content=\"BLOG \u00abhISTORIA GRATA\u00bb Ana Morilla: El fara\u00f3n Rams\u00e9s III (ca. 1184-1153 a.C) fue el primer patr\u00f3n de la historia que sufr\u00edo una huelga de sus trabajadores. Fue all\u00e1 por el a\u00f1o 29 de su reinado\" \/>\n<meta name=\"robots\" content=\"index, follow, max-snippet:-1, max-image-preview:large, max-video-preview:-1\" \/>\n<link rel=\"canonical\" href=\"https:\/\/hojassueltas.es\/?p=6753\" \/>\n<meta property=\"og:locale\" content=\"es_ES\" \/>\n<meta property=\"og:type\" content=\"article\" \/>\n<meta property=\"og:title\" content=\"LA PRIMERA HUELGA DE LA HISTORIA | HOJAS SUELTAS Peri\u00f3dico Cultural\" \/>\n<meta property=\"og:description\" content=\"BLOG \u00abhISTORIA GRATA\u00bb Ana Morilla: El fara\u00f3n Rams\u00e9s III (ca. 1184-1153 a.C) fue el primer patr\u00f3n de la historia que sufr\u00edo una huelga de sus trabajadores. Fue all\u00e1 por el a\u00f1o 29 de su reinado\" \/>\n<meta property=\"og:url\" content=\"https:\/\/hojassueltas.es\/?p=6753\" \/>\n<meta property=\"og:site_name\" content=\"HOJAS SUELTAS Peri\u00f3dico Cultural\" \/>\n<meta property=\"article:published_time\" content=\"2025-03-13T23:00:03+00:00\" \/>\n<meta property=\"article:modified_time\" content=\"2025-12-11T15:15:59+00:00\" \/>\n<meta property=\"og:image\" content=\"https:\/\/hojassueltas.es\/wp-content\/uploads\/2023\/10\/AGORA-Hisotria-Grata_WEB.png\" \/>\n\t<meta property=\"og:image:width\" content=\"1050\" \/>\n\t<meta property=\"og:image:height\" content=\"610\" \/>\n\t<meta property=\"og:image:type\" content=\"image\/png\" \/>\n<meta name=\"author\" content=\"Ana Morilla Palacios\" \/>\n<meta name=\"twitter:card\" content=\"summary_large_image\" \/>\n<meta name=\"twitter:creator\" content=\"@HOJASSUELTAS22\" \/>\n<meta name=\"twitter:site\" content=\"@HOJASSUELTAS22\" \/>\n<meta name=\"twitter:label1\" content=\"Escrito por\" \/>\n\t<meta name=\"twitter:data1\" content=\"Ana Morilla Palacios\" \/>\n\t<meta name=\"twitter:label2\" content=\"Tiempo de lectura\" \/>\n\t<meta name=\"twitter:data2\" content=\"2 minutos\" \/>\n<script type=\"application\/ld+json\" class=\"yoast-schema-graph\">{\"@context\":\"https:\\\/\\\/schema.org\",\"@graph\":[{\"@type\":[\"Article\",\"BlogPosting\"],\"@id\":\"https:\\\/\\\/hojassueltas.es\\\/?p=6753#article\",\"isPartOf\":{\"@id\":\"https:\\\/\\\/hojassueltas.es\\\/?p=6753\"},\"author\":{\"name\":\"Ana Morilla Palacios\",\"@id\":\"https:\\\/\\\/hojassueltas.es\\\/#\\\/schema\\\/person\\\/0389067b4326cb39a47134847eb55133\"},\"headline\":\"LA PRIMERA HUELGA DE LA HISTORIA\",\"datePublished\":\"2025-03-13T23:00:03+00:00\",\"dateModified\":\"2025-12-11T15:15:59+00:00\",\"mainEntityOfPage\":{\"@id\":\"https:\\\/\\\/hojassueltas.es\\\/?p=6753\"},\"wordCount\":381,\"commentCount\":0,\"publisher\":{\"@id\":\"https:\\\/\\\/hojassueltas.es\\\/#organization\"},\"image\":{\"@id\":\"https:\\\/\\\/hojassueltas.es\\\/?p=6753#primaryimage\"},\"thumbnailUrl\":\"https:\\\/\\\/hojassueltas.es\\\/wp-content\\\/uploads\\\/2023\\\/10\\\/AGORA-Hisotria-Grata_WEB.png\",\"keywords\":[\"Ana Morilla\"],\"articleSection\":[\"ENSAYOS HIST\u00d3RICOS\"],\"inLanguage\":\"es\",\"potentialAction\":[{\"@type\":\"CommentAction\",\"name\":\"Comment\",\"target\":[\"https:\\\/\\\/hojassueltas.es\\\/?p=6753#respond\"]}]},{\"@type\":\"WebPage\",\"@id\":\"https:\\\/\\\/hojassueltas.es\\\/?p=6753\",\"url\":\"https:\\\/\\\/hojassueltas.es\\\/?p=6753\",\"name\":\"LA PRIMERA HUELGA DE LA HISTORIA | HOJAS SUELTAS Peri\u00f3dico Cultural\",\"isPartOf\":{\"@id\":\"https:\\\/\\\/hojassueltas.es\\\/#website\"},\"primaryImageOfPage\":{\"@id\":\"https:\\\/\\\/hojassueltas.es\\\/?p=6753#primaryimage\"},\"image\":{\"@id\":\"https:\\\/\\\/hojassueltas.es\\\/?p=6753#primaryimage\"},\"thumbnailUrl\":\"https:\\\/\\\/hojassueltas.es\\\/wp-content\\\/uploads\\\/2023\\\/10\\\/AGORA-Hisotria-Grata_WEB.png\",\"datePublished\":\"2025-03-13T23:00:03+00:00\",\"dateModified\":\"2025-12-11T15:15:59+00:00\",\"description\":\"BLOG \u00abhISTORIA GRATA\u00bb Ana Morilla: El fara\u00f3n Rams\u00e9s III (ca. 1184-1153 a.C) fue el primer patr\u00f3n de la historia que sufr\u00edo una huelga de sus trabajadores. Fue all\u00e1 por el a\u00f1o 29 de su reinado\",\"breadcrumb\":{\"@id\":\"https:\\\/\\\/hojassueltas.es\\\/?p=6753#breadcrumb\"},\"inLanguage\":\"es\",\"potentialAction\":[{\"@type\":\"ReadAction\",\"target\":[\"https:\\\/\\\/hojassueltas.es\\\/?p=6753\"]}]},{\"@type\":\"ImageObject\",\"inLanguage\":\"es\",\"@id\":\"https:\\\/\\\/hojassueltas.es\\\/?p=6753#primaryimage\",\"url\":\"https:\\\/\\\/hojassueltas.es\\\/wp-content\\\/uploads\\\/2023\\\/10\\\/AGORA-Hisotria-Grata_WEB.png\",\"contentUrl\":\"https:\\\/\\\/hojassueltas.es\\\/wp-content\\\/uploads\\\/2023\\\/10\\\/AGORA-Hisotria-Grata_WEB.png\",\"width\":1050,\"height\":610},{\"@type\":\"BreadcrumbList\",\"@id\":\"https:\\\/\\\/hojassueltas.es\\\/?p=6753#breadcrumb\",\"itemListElement\":[{\"@type\":\"ListItem\",\"position\":1,\"name\":\"Portada\",\"item\":\"https:\\\/\\\/hojassueltas.es\\\/\"},{\"@type\":\"ListItem\",\"position\":2,\"name\":\"LA PRIMERA HUELGA DE LA HISTORIA\"}]},{\"@type\":\"WebSite\",\"@id\":\"https:\\\/\\\/hojassueltas.es\\\/#website\",\"url\":\"https:\\\/\\\/hojassueltas.es\\\/\",\"name\":\"HojasSueltas.es\",\"description\":\"GRANADA - Peri\u00f3dico Cultural\",\"publisher\":{\"@id\":\"https:\\\/\\\/hojassueltas.es\\\/#organization\"},\"alternateName\":\"H.S. Periodico Cultural\",\"potentialAction\":[{\"@type\":\"SearchAction\",\"target\":{\"@type\":\"EntryPoint\",\"urlTemplate\":\"https:\\\/\\\/hojassueltas.es\\\/?s={search_term_string}\"},\"query-input\":{\"@type\":\"PropertyValueSpecification\",\"valueRequired\":true,\"valueName\":\"search_term_string\"}}],\"inLanguage\":\"es\"},{\"@type\":\"Organization\",\"@id\":\"https:\\\/\\\/hojassueltas.es\\\/#organization\",\"name\":\"HOJAS SUELTAS - Peri\u00f3dico Cultural\",\"alternateName\":\"HS - HOJAS SUELTAS Peri\u00f3dico Cultural\",\"url\":\"https:\\\/\\\/hojassueltas.es\\\/\",\"logo\":{\"@type\":\"ImageObject\",\"inLanguage\":\"es\",\"@id\":\"https:\\\/\\\/hojassueltas.es\\\/#\\\/schema\\\/logo\\\/image\\\/\",\"url\":\"https:\\\/\\\/hojassueltas.es\\\/wp-content\\\/uploads\\\/2025\\\/08\\\/Icono-HS_2.png\",\"contentUrl\":\"https:\\\/\\\/hojassueltas.es\\\/wp-content\\\/uploads\\\/2025\\\/08\\\/Icono-HS_2.png\",\"width\":500,\"height\":500,\"caption\":\"HOJAS SUELTAS - Peri\u00f3dico Cultural\"},\"image\":{\"@id\":\"https:\\\/\\\/hojassueltas.es\\\/#\\\/schema\\\/logo\\\/image\\\/\"},\"sameAs\":[\"https:\\\/\\\/x.com\\\/HOJASSUELTAS22\"]},{\"@type\":\"Person\",\"@id\":\"https:\\\/\\\/hojassueltas.es\\\/#\\\/schema\\\/person\\\/0389067b4326cb39a47134847eb55133\",\"name\":\"Ana Morilla Palacios\",\"image\":{\"@type\":\"ImageObject\",\"inLanguage\":\"es\",\"@id\":\"https:\\\/\\\/hojassueltas.es\\\/wp-content\\\/uploads\\\/2023\\\/02\\\/Ana-Morilla_web-96x96.jpg\",\"url\":\"https:\\\/\\\/hojassueltas.es\\\/wp-content\\\/uploads\\\/2023\\\/02\\\/Ana-Morilla_web-96x96.jpg\",\"contentUrl\":\"https:\\\/\\\/hojassueltas.es\\\/wp-content\\\/uploads\\\/2023\\\/02\\\/Ana-Morilla_web-96x96.jpg\",\"caption\":\"Ana Morilla Palacios\"},\"description\":\"Doctora en Teor\u00eda de la Literatura y del Arte y Literatura Comparada; m\u00e1ster en Estudios Literarios y Teatrales; DEA en Literatura Hispanoamericana y licenciada en Filolog\u00eda Hisp\u00e1nica. Dirigi\u00f3 la editorial Artificios y fue lectora y correctora para la editorial Traspi\u00e9s. Realiz\u00f3 un proyecto en el sello Dorothy (junto a la ilustradora Sabina Morante). Tambi\u00e9n es coach literario y profesora de talleres de escritura creativa.\",\"url\":\"https:\\\/\\\/hojassueltas.es\\\/?author=19\"}]}<\/script>\n<!-- \/ Yoast SEO plugin. -->","yoast_head_json":{"title":"LA PRIMERA HUELGA DE LA HISTORIA | HOJAS SUELTAS Peri\u00f3dico Cultural","description":"BLOG \u00abhISTORIA GRATA\u00bb Ana Morilla: El fara\u00f3n Rams\u00e9s III (ca. 1184-1153 a.C) fue el primer patr\u00f3n de la historia que sufr\u00edo una huelga de sus trabajadores. Fue all\u00e1 por el a\u00f1o 29 de su reinado","robots":{"index":"index","follow":"follow","max-snippet":"max-snippet:-1","max-image-preview":"max-image-preview:large","max-video-preview":"max-video-preview:-1"},"canonical":"https:\/\/hojassueltas.es\/?p=6753","og_locale":"es_ES","og_type":"article","og_title":"LA PRIMERA HUELGA DE LA HISTORIA | HOJAS SUELTAS Peri\u00f3dico Cultural","og_description":"BLOG \u00abhISTORIA GRATA\u00bb Ana Morilla: El fara\u00f3n Rams\u00e9s III (ca. 1184-1153 a.C) fue el primer patr\u00f3n de la historia que sufr\u00edo una huelga de sus trabajadores. Fue all\u00e1 por el a\u00f1o 29 de su reinado","og_url":"https:\/\/hojassueltas.es\/?p=6753","og_site_name":"HOJAS SUELTAS Peri\u00f3dico Cultural","article_published_time":"2025-03-13T23:00:03+00:00","article_modified_time":"2025-12-11T15:15:59+00:00","og_image":[{"width":1050,"height":610,"url":"https:\/\/hojassueltas.es\/wp-content\/uploads\/2023\/10\/AGORA-Hisotria-Grata_WEB.png","type":"image\/png"}],"author":"Ana Morilla Palacios","twitter_card":"summary_large_image","twitter_creator":"@HOJASSUELTAS22","twitter_site":"@HOJASSUELTAS22","twitter_misc":{"Escrito por":"Ana Morilla Palacios","Tiempo de lectura":"2 minutos"},"schema":{"@context":"https:\/\/schema.org","@graph":[{"@type":["Article","BlogPosting"],"@id":"https:\/\/hojassueltas.es\/?p=6753#article","isPartOf":{"@id":"https:\/\/hojassueltas.es\/?p=6753"},"author":{"name":"Ana Morilla Palacios","@id":"https:\/\/hojassueltas.es\/#\/schema\/person\/0389067b4326cb39a47134847eb55133"},"headline":"LA PRIMERA HUELGA DE LA HISTORIA","datePublished":"2025-03-13T23:00:03+00:00","dateModified":"2025-12-11T15:15:59+00:00","mainEntityOfPage":{"@id":"https:\/\/hojassueltas.es\/?p=6753"},"wordCount":381,"commentCount":0,"publisher":{"@id":"https:\/\/hojassueltas.es\/#organization"},"image":{"@id":"https:\/\/hojassueltas.es\/?p=6753#primaryimage"},"thumbnailUrl":"https:\/\/hojassueltas.es\/wp-content\/uploads\/2023\/10\/AGORA-Hisotria-Grata_WEB.png","keywords":["Ana Morilla"],"articleSection":["ENSAYOS HIST\u00d3RICOS"],"inLanguage":"es","potentialAction":[{"@type":"CommentAction","name":"Comment","target":["https:\/\/hojassueltas.es\/?p=6753#respond"]}]},{"@type":"WebPage","@id":"https:\/\/hojassueltas.es\/?p=6753","url":"https:\/\/hojassueltas.es\/?p=6753","name":"LA PRIMERA HUELGA DE LA HISTORIA | HOJAS SUELTAS Peri\u00f3dico Cultural","isPartOf":{"@id":"https:\/\/hojassueltas.es\/#website"},"primaryImageOfPage":{"@id":"https:\/\/hojassueltas.es\/?p=6753#primaryimage"},"image":{"@id":"https:\/\/hojassueltas.es\/?p=6753#primaryimage"},"thumbnailUrl":"https:\/\/hojassueltas.es\/wp-content\/uploads\/2023\/10\/AGORA-Hisotria-Grata_WEB.png","datePublished":"2025-03-13T23:00:03+00:00","dateModified":"2025-12-11T15:15:59+00:00","description":"BLOG \u00abhISTORIA GRATA\u00bb Ana Morilla: El fara\u00f3n Rams\u00e9s III (ca. 1184-1153 a.C) fue el primer patr\u00f3n de la historia que sufr\u00edo una huelga de sus trabajadores. Fue all\u00e1 por el a\u00f1o 29 de su reinado","breadcrumb":{"@id":"https:\/\/hojassueltas.es\/?p=6753#breadcrumb"},"inLanguage":"es","potentialAction":[{"@type":"ReadAction","target":["https:\/\/hojassueltas.es\/?p=6753"]}]},{"@type":"ImageObject","inLanguage":"es","@id":"https:\/\/hojassueltas.es\/?p=6753#primaryimage","url":"https:\/\/hojassueltas.es\/wp-content\/uploads\/2023\/10\/AGORA-Hisotria-Grata_WEB.png","contentUrl":"https:\/\/hojassueltas.es\/wp-content\/uploads\/2023\/10\/AGORA-Hisotria-Grata_WEB.png","width":1050,"height":610},{"@type":"BreadcrumbList","@id":"https:\/\/hojassueltas.es\/?p=6753#breadcrumb","itemListElement":[{"@type":"ListItem","position":1,"name":"Portada","item":"https:\/\/hojassueltas.es\/"},{"@type":"ListItem","position":2,"name":"LA PRIMERA HUELGA DE LA HISTORIA"}]},{"@type":"WebSite","@id":"https:\/\/hojassueltas.es\/#website","url":"https:\/\/hojassueltas.es\/","name":"HojasSueltas.es","description":"GRANADA - Peri\u00f3dico Cultural","publisher":{"@id":"https:\/\/hojassueltas.es\/#organization"},"alternateName":"H.S. Periodico Cultural","potentialAction":[{"@type":"SearchAction","target":{"@type":"EntryPoint","urlTemplate":"https:\/\/hojassueltas.es\/?s={search_term_string}"},"query-input":{"@type":"PropertyValueSpecification","valueRequired":true,"valueName":"search_term_string"}}],"inLanguage":"es"},{"@type":"Organization","@id":"https:\/\/hojassueltas.es\/#organization","name":"HOJAS SUELTAS - Peri\u00f3dico Cultural","alternateName":"HS - HOJAS SUELTAS Peri\u00f3dico Cultural","url":"https:\/\/hojassueltas.es\/","logo":{"@type":"ImageObject","inLanguage":"es","@id":"https:\/\/hojassueltas.es\/#\/schema\/logo\/image\/","url":"https:\/\/hojassueltas.es\/wp-content\/uploads\/2025\/08\/Icono-HS_2.png","contentUrl":"https:\/\/hojassueltas.es\/wp-content\/uploads\/2025\/08\/Icono-HS_2.png","width":500,"height":500,"caption":"HOJAS SUELTAS - Peri\u00f3dico Cultural"},"image":{"@id":"https:\/\/hojassueltas.es\/#\/schema\/logo\/image\/"},"sameAs":["https:\/\/x.com\/HOJASSUELTAS22"]},{"@type":"Person","@id":"https:\/\/hojassueltas.es\/#\/schema\/person\/0389067b4326cb39a47134847eb55133","name":"Ana Morilla Palacios","image":{"@type":"ImageObject","inLanguage":"es","@id":"https:\/\/hojassueltas.es\/wp-content\/uploads\/2023\/02\/Ana-Morilla_web-96x96.jpg","url":"https:\/\/hojassueltas.es\/wp-content\/uploads\/2023\/02\/Ana-Morilla_web-96x96.jpg","contentUrl":"https:\/\/hojassueltas.es\/wp-content\/uploads\/2023\/02\/Ana-Morilla_web-96x96.jpg","caption":"Ana Morilla Palacios"},"description":"Doctora en Teor\u00eda de la Literatura y del Arte y Literatura Comparada; m\u00e1ster en Estudios Literarios y Teatrales; DEA en Literatura Hispanoamericana y licenciada en Filolog\u00eda Hisp\u00e1nica. Dirigi\u00f3 la editorial Artificios y fue lectora y correctora para la editorial Traspi\u00e9s. Realiz\u00f3 un proyecto en el sello Dorothy (junto a la ilustradora Sabina Morante). Tambi\u00e9n es coach literario y profesora de talleres de escritura creativa.","url":"https:\/\/hojassueltas.es\/?author=19"}]}},"_links":{"self":[{"href":"https:\/\/hojassueltas.es\/index.php?rest_route=\/wp\/v2\/posts\/6753","targetHints":{"allow":["GET"]}}],"collection":[{"href":"https:\/\/hojassueltas.es\/index.php?rest_route=\/wp\/v2\/posts"}],"about":[{"href":"https:\/\/hojassueltas.es\/index.php?rest_route=\/wp\/v2\/types\/post"}],"author":[{"embeddable":true,"href":"https:\/\/hojassueltas.es\/index.php?rest_route=\/wp\/v2\/users\/19"}],"replies":[{"embeddable":true,"href":"https:\/\/hojassueltas.es\/index.php?rest_route=%2Fwp%2Fv2%2Fcomments&post=6753"}],"version-history":[{"count":3,"href":"https:\/\/hojassueltas.es\/index.php?rest_route=\/wp\/v2\/posts\/6753\/revisions"}],"predecessor-version":[{"id":18209,"href":"https:\/\/hojassueltas.es\/index.php?rest_route=\/wp\/v2\/posts\/6753\/revisions\/18209"}],"wp:featuredmedia":[{"embeddable":true,"href":"https:\/\/hojassueltas.es\/index.php?rest_route=\/wp\/v2\/media\/6754"}],"wp:attachment":[{"href":"https:\/\/hojassueltas.es\/index.php?rest_route=%2Fwp%2Fv2%2Fmedia&parent=6753"}],"wp:term":[{"taxonomy":"category","embeddable":true,"href":"https:\/\/hojassueltas.es\/index.php?rest_route=%2Fwp%2Fv2%2Fcategories&post=6753"},{"taxonomy":"post_tag","embeddable":true,"href":"https:\/\/hojassueltas.es\/index.php?rest_route=%2Fwp%2Fv2%2Ftags&post=6753"}],"curies":[{"name":"wp","href":"https:\/\/api.w.org\/{rel}","templated":true}]}}