{"id":6205,"date":"2023-09-12T00:01:53","date_gmt":"2023-09-11T22:01:53","guid":{"rendered":"https:\/\/hojassueltas.es\/?p=6205"},"modified":"2025-10-20T15:04:37","modified_gmt":"2025-10-20T13:04:37","slug":"luciernagas","status":"publish","type":"post","link":"https:\/\/hojassueltas.es\/?p=6205","title":{"rendered":"LUCI\u00c9RNAGAS"},"content":{"rendered":"<p><span style=\"font-family: impact, sans-serif; font-size: 20px;\">Ana Maria Matute &#8211;<\/span><\/p>\n<p style=\"text-align: justify;\">\u00c9rase una vez una ni\u00f1a que hab\u00eda nacido en una familia, digamos, bien de Barcelona. Sus padres la quer\u00edan mucho, a la ni\u00f1a no le faltaba de nada, pero estaban ambos muy ocupados: vida social, trabajo, asuntos importantes de mayores\u2026 As\u00ed que la ni\u00f1a, desde muy peque\u00f1a, pasaba el d\u00eda cuidada por manos mercenarias. Y las criadas, la cocinera, la tata, le contaban historias. Historias vascas, historias castellanas, que le gustaban much\u00edsimo, de ogros y brujas, de duendes y ojancos. Pronto se quedaron sin historias que contar, porque aquella ni\u00f1a no paraba de querer o\u00edr m\u00e1s y m\u00e1s, era como un pozo sin fondo a donde iban a parar los cuentos. As\u00ed que su padre empez\u00f3 a leerle historias de libros, historias de ni\u00f1os que no quieren crecer, historias de fantas\u00eda, de aventura. Pero, \u00bfqu\u00e9 es la fantas\u00eda para una ni\u00f1a, sino parte de la realidad? Ninguna ni\u00f1a de su edad se extra\u00f1ar\u00eda de encontrarse un duende debajo de la mesa de la cocina, las historias de los libros eran igual de reales que aquella mesa. As\u00ed que la ni\u00f1a empez\u00f3 a crear un mundo que le gustaba m\u00e1s que el que sus padres le pod\u00edan proporcionar.La ni\u00f1a miraba esas hormiguitas negras que hab\u00eda en los libros. All\u00ed estaban las historias escritas. Eso lo tengo que hacer yo, se dijo. As\u00ed que antes de saber su significado, empez\u00f3 a escribir, imitando esos garabatos tan peque\u00f1itos. Llenaba hojas y hojas, tantas como las de los libros que le le\u00edan, de peque\u00f1os regueritos de grafito. Fueron sus primeras historias, estaban all\u00ed contenidas, en un lenguaje que s\u00f3lo ella sab\u00eda interpretar. As\u00ed que con tres a\u00f1os ya sab\u00eda leer historias, y empez\u00f3 a escribirlas a los cinco en el idioma de los adultos. Pero aquel lenguaje de las hormiguitas negras siempre estuvo presente en sus historias.Su vida no era feliz. El colegio era muy estricto, eso era hace much\u00edsimo tiempo, cuando se pegaba a los ni\u00f1os si se portaban mal, y incluso si se portaban bien tambi\u00e9n. En la escuela, las Damas Negras se re\u00edan de su tartamudez, y la castigaban; incluso sus hermanos se re\u00edan de su defecto. Sus padres s\u00f3lo ten\u00edan tiempo de pedirle que se lavara las manos, que se cepillara los dientes, que se portara bien\u2026 y cuando se portaba mal, la encerraban en el cuarto oscuro. Pero a la ni\u00f1a no le asustaba el cuarto oscuro. All\u00ed le acompa\u00f1aban las hormiguitas negras, sus historias, y no se re\u00edan de ella. All\u00ed la ni\u00f1a s\u00ed era feliz, porque acurrucada en un rinc\u00f3n hac\u00eda lo que le daba la gana: iba de viaje a \u00c1frica, venc\u00eda una batalla campal, era rescatada por un pr\u00edncipe, pero un pr\u00edncipe feo, \u00bfeh? \u00bfEs que no hay pr\u00edncipes feos? Tiene que haberlos, las hormiguitas negras lo dicen. Se lo pasaba tan bien en el cuarto oscuro que a veces, para librarse de sus hermanos, hac\u00eda alguna fechor\u00eda\u2026 \u00a1para ser castigada! As\u00ed que era una ni\u00f1a mala, se lo dijo el duende del terr\u00f3n de az\u00facar, que cuando lo parti\u00f3, sali\u00f3 corriendo con un destello azul, dici\u00e9ndole: mala, mala, \u00a1eres mala! Y las ni\u00f1as malas escriben, porque desde luego no es lo que se espera que hagan las ni\u00f1as buenas.As\u00ed que escribi\u00f3, escribi\u00f3 como Peter Pan, huyendo de la crueldad de ser adulto, cambi\u00f3 el final de la Bella Durmiente, esquiv\u00f3 la estupidez de Caperucita Roja (\u00a1porque hay que ser tonta para confundir al lobo con tu abuela!) y pas\u00f3, como Alicia, ante todas esas cosas absurdas de los adultos, sin sentido, sin motivo\u2026 era la ni\u00f1a m\u00e1s rara del colegio. Hasta que lleg\u00f3 a la adolescencia. Ese periodo trist\u00edsimo, donde tiene que reconocer que aquellas hormiguitas no significaban nada, donde se ha de portar ya como una mujer. Y viene una guerra. No comprende lo que pasa dentro de su cuerpo, pero tampoco lo que pasa fuera. La ni\u00f1a, ya casi una mujer, est\u00e1 aturdida por tanto acontecimiento\u2026 pero la ni\u00f1a super\u00f3 ese trance, como muchos otros, se hizo mayor, una mayor rara, que escrib\u00eda Se hizo viejita, una anciana, y nunca abandon\u00f3 a las hormiguitas negras, ni a su infancia.<\/p>\n<p style=\"text-align: justify;\">Esa ni\u00f1a es Ana Mar\u00eda Matute.\u00a0<em>Luci\u00e9rnagas<\/em>\u00a0es una de sus primeras novelas, obra que para poder ser publicada sufri\u00f3 dr\u00e1sticos recortes por la censura. Matute nos dice que fue como una violaci\u00f3n.. La novela fue finalista del premio Nadal en 1949, tambi\u00e9npremio de la cr\u00edtica, pero no se public\u00f3 la versi\u00f3n autorizada hasta 1955 bajo el t\u00edtulo\u00a0<em>\u00c9sta es mi tierra<\/em>, terriblemente mutilada. La versi\u00f3n original de\u00a0<em>Luci\u00e9rnagas<\/em>\u00a0se publica en 1993, revisada por la autora.<\/p>\n<p style=\"text-align: justify;\">Los protagonistas de la historia son adolescentes, ni\u00f1os arrojados a la vida adulta por el estallido de la guerra civil, una ni\u00f1a, no banalmente llamada Soledad, de familia acomodada cuyo padre es perseguido por el gobierno republicano; su hermano Eduardo y una serie de ni\u00f1os, ladronzuelos y buscavidas, con su vida desbaratada por la guerra, que hacen lo posible para sobrevivir en una Barcelona acosada y bombardeada. Son a\u00f1os dif\u00edciles para la familia de Sol, pero ella encuentra que la soledad se puede compartir, que aunque la guerra destruya nuestro mundo, es posible resistir si se cuenta con el apoyo de otras personas, solas como ella. De alguna manera, es un canto a la amistad, al amor, a la fraternidad, ideales de la adolescencia, en contraposici\u00f3n a la familia, que ejemplifica la infancia.<\/p>\n<p style=\"text-align: justify;\">Matute considera la adolescencia un proceso tr\u00e1gico y triste, probablemente porque es el abandono definitivo de la infancia para muchas personas, y aquellas hormiguitas negras de su infancia son para la autora la raz\u00f3n de existir. Por eso la obra es terriblemente triste, y no puede acabar sino en una desgracia. Nos encontramos a la Matute hiperrealista, tremendista o simplemente real (estamos hablando de unos ni\u00f1os durante la guerra civil espa\u00f1ola), propia de sus primeras novelas, como\u00a0<em>Los soldados lloran de noche<\/em>. Y con una amargura y tristeza que abarca el libro de principio a fin. El mundo, seg\u00fan Matute, no tiene soluci\u00f3n, y no se siente orgullosa de pertenecer a la especie humana. Entre las miserias de los adultos, estos ni\u00f1os, que no las entienden, son breves luci\u00e9rnagas que brillan quedamente en la noche, son la \u00fanica esperanza que queda, porque se tienen a s\u00ed mismos. Est\u00e1n unidos por el sutil hilo plateado de la adolescencia, por la incomprensi\u00f3n compartida, por el mismo apesadumbrado sentir, embutidos en los trajes adultos del mundo cruel y asesino que sus padres les han creado.<\/p>\n<p style=\"text-align: justify;\">Ana Mar\u00eda Matute dice que ella se qued\u00f3 en los doce a\u00f1os. Son los a\u00f1os que tiene Sol en este libro, los a\u00f1os que ten\u00eda cuando pas\u00f3 la guerra civil por su vida. Es necesario leer esta novela, pues parece la clave para encontrar la explicaci\u00f3n a otros muchos libros suyos, no s\u00f3lo los realistas, sino tambi\u00e9n los fant\u00e1sticos o infantiles. Descarnada por su fiereza, sutil y tierna por el cuidado tratamiento de los pensamientos de los protagonistas, es una novela desconsolada y pesimista, pero bella y real, nunca angustiada.<\/p>\n<p><strong>\u00a9 Rafa. Septiembre 2023. Todos los derechos reservados.<\/strong> (Cicutadry)<\/p>\n","protected":false},"excerpt":{"rendered":"<p>Ana Maria Matute &#8211; \u00c9rase una vez una ni\u00f1a que hab\u00eda nacido en una familia, digamos, bien de Barcelona. Sus padres la quer\u00edan mucho, a la ni\u00f1a no le faltaba de nada, pero estaban ambos muy ocupados: vida social, trabajo, asuntos importantes de mayores\u2026 As\u00ed que la ni\u00f1a, desde muy peque\u00f1a, pasaba el d\u00eda cuidada [&hellip;]<\/p>\n","protected":false},"author":61,"featured_media":6206,"comment_status":"open","ping_status":"closed","sticky":false,"template":"","format":"standard","meta":{"footnotes":""},"categories":[74],"tags":[785,128,685],"class_list":{"0":"post-6205","1":"post","2":"type-post","3":"status-publish","4":"format-standard","5":"has-post-thumbnail","7":"category-resenas","8":"tag-ana-maria-matute","9":"tag-destino-editorial","10":"tag-rafa"},"yoast_head":"<!-- This site is optimized with the Yoast SEO plugin v27.5 - https:\/\/yoast.com\/product\/yoast-seo-wordpress\/ -->\n<title>LUCI\u00c9RNAGAS | HOJAS SUELTAS Peri\u00f3dico Cultural<\/title>\n<meta name=\"robots\" content=\"index, follow, max-snippet:-1, max-image-preview:large, max-video-preview:-1\" \/>\n<link rel=\"canonical\" href=\"https:\/\/hojassueltas.es\/?p=6205\" \/>\n<meta property=\"og:locale\" content=\"es_ES\" \/>\n<meta property=\"og:type\" content=\"article\" \/>\n<meta property=\"og:title\" content=\"LUCI\u00c9RNAGAS | HOJAS SUELTAS Peri\u00f3dico Cultural\" \/>\n<meta property=\"og:description\" content=\"Ana Maria Matute &#8211; \u00c9rase una vez una ni\u00f1a que hab\u00eda nacido en una familia, digamos, bien de Barcelona. Sus padres la quer\u00edan mucho, a la ni\u00f1a no le faltaba de nada, pero estaban ambos muy ocupados: vida social, trabajo, asuntos importantes de mayores\u2026 As\u00ed que la ni\u00f1a, desde muy peque\u00f1a, pasaba el d\u00eda cuidada [&hellip;]\" \/>\n<meta property=\"og:url\" content=\"https:\/\/hojassueltas.es\/?p=6205\" \/>\n<meta property=\"og:site_name\" content=\"HOJAS SUELTAS Peri\u00f3dico Cultural\" \/>\n<meta property=\"article:published_time\" content=\"2023-09-11T22:01:53+00:00\" \/>\n<meta property=\"article:modified_time\" content=\"2025-10-20T13:04:37+00:00\" \/>\n<meta property=\"og:image\" content=\"https:\/\/hojassueltas.es\/wp-content\/uploads\/2023\/09\/lUCERNAGAS-web.png\" \/>\n\t<meta property=\"og:image:width\" content=\"1050\" \/>\n\t<meta property=\"og:image:height\" content=\"610\" \/>\n\t<meta property=\"og:image:type\" content=\"image\/png\" \/>\n<meta name=\"author\" content=\"Rafa\" \/>\n<meta name=\"twitter:card\" content=\"summary_large_image\" \/>\n<meta name=\"twitter:creator\" content=\"@HOJASSUELTAS22\" \/>\n<meta name=\"twitter:site\" content=\"@HOJASSUELTAS22\" \/>\n<meta name=\"twitter:label1\" content=\"Escrito por\" \/>\n\t<meta name=\"twitter:data1\" content=\"Rafa\" \/>\n\t<meta name=\"twitter:label2\" content=\"Tiempo de lectura\" \/>\n\t<meta name=\"twitter:data2\" content=\"6 minutos\" \/>\n<script type=\"application\/ld+json\" class=\"yoast-schema-graph\">{\"@context\":\"https:\\\/\\\/schema.org\",\"@graph\":[{\"@type\":[\"Article\",\"BlogPosting\"],\"@id\":\"https:\\\/\\\/hojassueltas.es\\\/?p=6205#article\",\"isPartOf\":{\"@id\":\"https:\\\/\\\/hojassueltas.es\\\/?p=6205\"},\"author\":{\"name\":\"Rafa\",\"@id\":\"https:\\\/\\\/hojassueltas.es\\\/#\\\/schema\\\/person\\\/2364987f594eac96d95b5fda878397c1\"},\"headline\":\"LUCI\u00c9RNAGAS\",\"datePublished\":\"2023-09-11T22:01:53+00:00\",\"dateModified\":\"2025-10-20T13:04:37+00:00\",\"mainEntityOfPage\":{\"@id\":\"https:\\\/\\\/hojassueltas.es\\\/?p=6205\"},\"wordCount\":1280,\"commentCount\":0,\"publisher\":{\"@id\":\"https:\\\/\\\/hojassueltas.es\\\/#organization\"},\"image\":{\"@id\":\"https:\\\/\\\/hojassueltas.es\\\/?p=6205#primaryimage\"},\"thumbnailUrl\":\"https:\\\/\\\/hojassueltas.es\\\/wp-content\\\/uploads\\\/2023\\\/09\\\/lUCERNAGAS-web.png\",\"keywords\":[\"Ana Maria Matute\",\"Destino Editorial\",\"Rafa\"],\"articleSection\":[\"RESE\u00d1AS\"],\"inLanguage\":\"es\",\"potentialAction\":[{\"@type\":\"CommentAction\",\"name\":\"Comment\",\"target\":[\"https:\\\/\\\/hojassueltas.es\\\/?p=6205#respond\"]}]},{\"@type\":\"WebPage\",\"@id\":\"https:\\\/\\\/hojassueltas.es\\\/?p=6205\",\"url\":\"https:\\\/\\\/hojassueltas.es\\\/?p=6205\",\"name\":\"LUCI\u00c9RNAGAS | HOJAS SUELTAS Peri\u00f3dico Cultural\",\"isPartOf\":{\"@id\":\"https:\\\/\\\/hojassueltas.es\\\/#website\"},\"primaryImageOfPage\":{\"@id\":\"https:\\\/\\\/hojassueltas.es\\\/?p=6205#primaryimage\"},\"image\":{\"@id\":\"https:\\\/\\\/hojassueltas.es\\\/?p=6205#primaryimage\"},\"thumbnailUrl\":\"https:\\\/\\\/hojassueltas.es\\\/wp-content\\\/uploads\\\/2023\\\/09\\\/lUCERNAGAS-web.png\",\"datePublished\":\"2023-09-11T22:01:53+00:00\",\"dateModified\":\"2025-10-20T13:04:37+00:00\",\"breadcrumb\":{\"@id\":\"https:\\\/\\\/hojassueltas.es\\\/?p=6205#breadcrumb\"},\"inLanguage\":\"es\",\"potentialAction\":[{\"@type\":\"ReadAction\",\"target\":[\"https:\\\/\\\/hojassueltas.es\\\/?p=6205\"]}]},{\"@type\":\"ImageObject\",\"inLanguage\":\"es\",\"@id\":\"https:\\\/\\\/hojassueltas.es\\\/?p=6205#primaryimage\",\"url\":\"https:\\\/\\\/hojassueltas.es\\\/wp-content\\\/uploads\\\/2023\\\/09\\\/lUCERNAGAS-web.png\",\"contentUrl\":\"https:\\\/\\\/hojassueltas.es\\\/wp-content\\\/uploads\\\/2023\\\/09\\\/lUCERNAGAS-web.png\",\"width\":1050,\"height\":610},{\"@type\":\"BreadcrumbList\",\"@id\":\"https:\\\/\\\/hojassueltas.es\\\/?p=6205#breadcrumb\",\"itemListElement\":[{\"@type\":\"ListItem\",\"position\":1,\"name\":\"Portada\",\"item\":\"https:\\\/\\\/hojassueltas.es\\\/\"},{\"@type\":\"ListItem\",\"position\":2,\"name\":\"LUCI\u00c9RNAGAS\"}]},{\"@type\":\"WebSite\",\"@id\":\"https:\\\/\\\/hojassueltas.es\\\/#website\",\"url\":\"https:\\\/\\\/hojassueltas.es\\\/\",\"name\":\"HojasSueltas.es\",\"description\":\"GRANADA - Peri\u00f3dico Cultural\",\"publisher\":{\"@id\":\"https:\\\/\\\/hojassueltas.es\\\/#organization\"},\"alternateName\":\"H.S. Periodico Cultural\",\"potentialAction\":[{\"@type\":\"SearchAction\",\"target\":{\"@type\":\"EntryPoint\",\"urlTemplate\":\"https:\\\/\\\/hojassueltas.es\\\/?s={search_term_string}\"},\"query-input\":{\"@type\":\"PropertyValueSpecification\",\"valueRequired\":true,\"valueName\":\"search_term_string\"}}],\"inLanguage\":\"es\"},{\"@type\":\"Organization\",\"@id\":\"https:\\\/\\\/hojassueltas.es\\\/#organization\",\"name\":\"HOJAS SUELTAS - Peri\u00f3dico Cultural\",\"alternateName\":\"HS - HOJAS SUELTAS Peri\u00f3dico Cultural\",\"url\":\"https:\\\/\\\/hojassueltas.es\\\/\",\"logo\":{\"@type\":\"ImageObject\",\"inLanguage\":\"es\",\"@id\":\"https:\\\/\\\/hojassueltas.es\\\/#\\\/schema\\\/logo\\\/image\\\/\",\"url\":\"https:\\\/\\\/hojassueltas.es\\\/wp-content\\\/uploads\\\/2025\\\/08\\\/Icono-HS_2.png\",\"contentUrl\":\"https:\\\/\\\/hojassueltas.es\\\/wp-content\\\/uploads\\\/2025\\\/08\\\/Icono-HS_2.png\",\"width\":500,\"height\":500,\"caption\":\"HOJAS SUELTAS - Peri\u00f3dico Cultural\"},\"image\":{\"@id\":\"https:\\\/\\\/hojassueltas.es\\\/#\\\/schema\\\/logo\\\/image\\\/\"},\"sameAs\":[\"https:\\\/\\\/x.com\\\/HOJASSUELTAS22\"]},{\"@type\":\"Person\",\"@id\":\"https:\\\/\\\/hojassueltas.es\\\/#\\\/schema\\\/person\\\/2364987f594eac96d95b5fda878397c1\",\"name\":\"Rafa\",\"image\":{\"@type\":\"ImageObject\",\"inLanguage\":\"es\",\"@id\":\"https:\\\/\\\/hojassueltas.es\\\/wp-content\\\/uploads\\\/2023\\\/12\\\/Paco-Peso-perfil-96x96.png\",\"url\":\"https:\\\/\\\/hojassueltas.es\\\/wp-content\\\/uploads\\\/2023\\\/12\\\/Paco-Peso-perfil-96x96.png\",\"contentUrl\":\"https:\\\/\\\/hojassueltas.es\\\/wp-content\\\/uploads\\\/2023\\\/12\\\/Paco-Peso-perfil-96x96.png\",\"caption\":\"Rafa\"},\"url\":\"https:\\\/\\\/hojassueltas.es\\\/?author=61\"}]}<\/script>\n<!-- \/ Yoast SEO plugin. -->","yoast_head_json":{"title":"LUCI\u00c9RNAGAS | HOJAS SUELTAS Peri\u00f3dico Cultural","robots":{"index":"index","follow":"follow","max-snippet":"max-snippet:-1","max-image-preview":"max-image-preview:large","max-video-preview":"max-video-preview:-1"},"canonical":"https:\/\/hojassueltas.es\/?p=6205","og_locale":"es_ES","og_type":"article","og_title":"LUCI\u00c9RNAGAS | HOJAS SUELTAS Peri\u00f3dico Cultural","og_description":"Ana Maria Matute &#8211; \u00c9rase una vez una ni\u00f1a que hab\u00eda nacido en una familia, digamos, bien de Barcelona. Sus padres la quer\u00edan mucho, a la ni\u00f1a no le faltaba de nada, pero estaban ambos muy ocupados: vida social, trabajo, asuntos importantes de mayores\u2026 As\u00ed que la ni\u00f1a, desde muy peque\u00f1a, pasaba el d\u00eda cuidada [&hellip;]","og_url":"https:\/\/hojassueltas.es\/?p=6205","og_site_name":"HOJAS SUELTAS Peri\u00f3dico Cultural","article_published_time":"2023-09-11T22:01:53+00:00","article_modified_time":"2025-10-20T13:04:37+00:00","og_image":[{"width":1050,"height":610,"url":"https:\/\/hojassueltas.es\/wp-content\/uploads\/2023\/09\/lUCERNAGAS-web.png","type":"image\/png"}],"author":"Rafa","twitter_card":"summary_large_image","twitter_creator":"@HOJASSUELTAS22","twitter_site":"@HOJASSUELTAS22","twitter_misc":{"Escrito por":"Rafa","Tiempo de lectura":"6 minutos"},"schema":{"@context":"https:\/\/schema.org","@graph":[{"@type":["Article","BlogPosting"],"@id":"https:\/\/hojassueltas.es\/?p=6205#article","isPartOf":{"@id":"https:\/\/hojassueltas.es\/?p=6205"},"author":{"name":"Rafa","@id":"https:\/\/hojassueltas.es\/#\/schema\/person\/2364987f594eac96d95b5fda878397c1"},"headline":"LUCI\u00c9RNAGAS","datePublished":"2023-09-11T22:01:53+00:00","dateModified":"2025-10-20T13:04:37+00:00","mainEntityOfPage":{"@id":"https:\/\/hojassueltas.es\/?p=6205"},"wordCount":1280,"commentCount":0,"publisher":{"@id":"https:\/\/hojassueltas.es\/#organization"},"image":{"@id":"https:\/\/hojassueltas.es\/?p=6205#primaryimage"},"thumbnailUrl":"https:\/\/hojassueltas.es\/wp-content\/uploads\/2023\/09\/lUCERNAGAS-web.png","keywords":["Ana Maria Matute","Destino Editorial","Rafa"],"articleSection":["RESE\u00d1AS"],"inLanguage":"es","potentialAction":[{"@type":"CommentAction","name":"Comment","target":["https:\/\/hojassueltas.es\/?p=6205#respond"]}]},{"@type":"WebPage","@id":"https:\/\/hojassueltas.es\/?p=6205","url":"https:\/\/hojassueltas.es\/?p=6205","name":"LUCI\u00c9RNAGAS | HOJAS SUELTAS Peri\u00f3dico Cultural","isPartOf":{"@id":"https:\/\/hojassueltas.es\/#website"},"primaryImageOfPage":{"@id":"https:\/\/hojassueltas.es\/?p=6205#primaryimage"},"image":{"@id":"https:\/\/hojassueltas.es\/?p=6205#primaryimage"},"thumbnailUrl":"https:\/\/hojassueltas.es\/wp-content\/uploads\/2023\/09\/lUCERNAGAS-web.png","datePublished":"2023-09-11T22:01:53+00:00","dateModified":"2025-10-20T13:04:37+00:00","breadcrumb":{"@id":"https:\/\/hojassueltas.es\/?p=6205#breadcrumb"},"inLanguage":"es","potentialAction":[{"@type":"ReadAction","target":["https:\/\/hojassueltas.es\/?p=6205"]}]},{"@type":"ImageObject","inLanguage":"es","@id":"https:\/\/hojassueltas.es\/?p=6205#primaryimage","url":"https:\/\/hojassueltas.es\/wp-content\/uploads\/2023\/09\/lUCERNAGAS-web.png","contentUrl":"https:\/\/hojassueltas.es\/wp-content\/uploads\/2023\/09\/lUCERNAGAS-web.png","width":1050,"height":610},{"@type":"BreadcrumbList","@id":"https:\/\/hojassueltas.es\/?p=6205#breadcrumb","itemListElement":[{"@type":"ListItem","position":1,"name":"Portada","item":"https:\/\/hojassueltas.es\/"},{"@type":"ListItem","position":2,"name":"LUCI\u00c9RNAGAS"}]},{"@type":"WebSite","@id":"https:\/\/hojassueltas.es\/#website","url":"https:\/\/hojassueltas.es\/","name":"HojasSueltas.es","description":"GRANADA - Peri\u00f3dico Cultural","publisher":{"@id":"https:\/\/hojassueltas.es\/#organization"},"alternateName":"H.S. Periodico Cultural","potentialAction":[{"@type":"SearchAction","target":{"@type":"EntryPoint","urlTemplate":"https:\/\/hojassueltas.es\/?s={search_term_string}"},"query-input":{"@type":"PropertyValueSpecification","valueRequired":true,"valueName":"search_term_string"}}],"inLanguage":"es"},{"@type":"Organization","@id":"https:\/\/hojassueltas.es\/#organization","name":"HOJAS SUELTAS - Peri\u00f3dico Cultural","alternateName":"HS - HOJAS SUELTAS Peri\u00f3dico Cultural","url":"https:\/\/hojassueltas.es\/","logo":{"@type":"ImageObject","inLanguage":"es","@id":"https:\/\/hojassueltas.es\/#\/schema\/logo\/image\/","url":"https:\/\/hojassueltas.es\/wp-content\/uploads\/2025\/08\/Icono-HS_2.png","contentUrl":"https:\/\/hojassueltas.es\/wp-content\/uploads\/2025\/08\/Icono-HS_2.png","width":500,"height":500,"caption":"HOJAS SUELTAS - Peri\u00f3dico Cultural"},"image":{"@id":"https:\/\/hojassueltas.es\/#\/schema\/logo\/image\/"},"sameAs":["https:\/\/x.com\/HOJASSUELTAS22"]},{"@type":"Person","@id":"https:\/\/hojassueltas.es\/#\/schema\/person\/2364987f594eac96d95b5fda878397c1","name":"Rafa","image":{"@type":"ImageObject","inLanguage":"es","@id":"https:\/\/hojassueltas.es\/wp-content\/uploads\/2023\/12\/Paco-Peso-perfil-96x96.png","url":"https:\/\/hojassueltas.es\/wp-content\/uploads\/2023\/12\/Paco-Peso-perfil-96x96.png","contentUrl":"https:\/\/hojassueltas.es\/wp-content\/uploads\/2023\/12\/Paco-Peso-perfil-96x96.png","caption":"Rafa"},"url":"https:\/\/hojassueltas.es\/?author=61"}]}},"_links":{"self":[{"href":"https:\/\/hojassueltas.es\/index.php?rest_route=\/wp\/v2\/posts\/6205","targetHints":{"allow":["GET"]}}],"collection":[{"href":"https:\/\/hojassueltas.es\/index.php?rest_route=\/wp\/v2\/posts"}],"about":[{"href":"https:\/\/hojassueltas.es\/index.php?rest_route=\/wp\/v2\/types\/post"}],"author":[{"embeddable":true,"href":"https:\/\/hojassueltas.es\/index.php?rest_route=\/wp\/v2\/users\/61"}],"replies":[{"embeddable":true,"href":"https:\/\/hojassueltas.es\/index.php?rest_route=%2Fwp%2Fv2%2Fcomments&post=6205"}],"version-history":[{"count":1,"href":"https:\/\/hojassueltas.es\/index.php?rest_route=\/wp\/v2\/posts\/6205\/revisions"}],"predecessor-version":[{"id":6207,"href":"https:\/\/hojassueltas.es\/index.php?rest_route=\/wp\/v2\/posts\/6205\/revisions\/6207"}],"wp:featuredmedia":[{"embeddable":true,"href":"https:\/\/hojassueltas.es\/index.php?rest_route=\/wp\/v2\/media\/6206"}],"wp:attachment":[{"href":"https:\/\/hojassueltas.es\/index.php?rest_route=%2Fwp%2Fv2%2Fmedia&parent=6205"}],"wp:term":[{"taxonomy":"category","embeddable":true,"href":"https:\/\/hojassueltas.es\/index.php?rest_route=%2Fwp%2Fv2%2Fcategories&post=6205"},{"taxonomy":"post_tag","embeddable":true,"href":"https:\/\/hojassueltas.es\/index.php?rest_route=%2Fwp%2Fv2%2Ftags&post=6205"}],"curies":[{"name":"wp","href":"https:\/\/api.w.org\/{rel}","templated":true}]}}