{"id":6042,"date":"2025-02-21T00:00:12","date_gmt":"2025-02-20T23:00:12","guid":{"rendered":"https:\/\/hojassueltas.es\/?p=6042"},"modified":"2025-12-11T17:15:59","modified_gmt":"2025-12-11T15:15:59","slug":"maria-luisa-de-parma-la-reina-libertina-2","status":"publish","type":"post","link":"https:\/\/hojassueltas.es\/?p=6042","title":{"rendered":"Mar\u00eda Luisa de Parma: la reina libertina"},"content":{"rendered":"<p><span style=\"font-family: impact, sans-serif; font-size: 20px;\">REPOSICI\u00d3N<br \/>\n<\/span><\/p>\n<p id=\"viewer-zj30x\" class=\"xVISr Y9Dpf bCMSCT OZy-3 lnyWN yMZv8w bCMSCT public-DraftStyleDefault-block-depth0 fixed-tab-size public-DraftStyleDefault-text-ltr\" style=\"text-align: justify;\"><span class=\"B2EFF public-DraftStyleDefault-ltr\" style=\"font-family: verdana, geneva, sans-serif; font-size: 16px;\">Ninguna reina de Espa\u00f1a ha tenido tan mala prensa ni ha sido tan denostada por la historiograf\u00eda como la esposa de Carlos IV, calificada de \u201cninf\u00f3mana\u201d, \u201cprostituta\u201d y \u201cMesalina\u201d. Una leyenda negra que convierte a la italiana Mar\u00eda Luisa de Borb\u00f3n-Parma en \u201cbuscadora incansable de las sensaciones viriles de cuantos apuestos cortesanos la rodeaban y de los m\u00e1s granados guardias de corps\u201d.<\/span><\/p>\n<p id=\"viewer-9n5n2\" class=\"xVISr Y9Dpf bCMSCT OZy-3 lnyWN yMZv8w bCMSCT public-DraftStyleDefault-block-depth0 fixed-tab-size public-DraftStyleDefault-text-ltr\"><span class=\"B2EFF public-DraftStyleDefault-ltr\" style=\"font-family: verdana, geneva, sans-serif; font-size: 16px;\"><strong>\u201cLas princesas tambi\u00e9n pueden ser putas\u201d<\/strong><\/span><\/p>\n<p id=\"viewer-sbmr9\" class=\"xVISr Y9Dpf bCMSCT OZy-3 lnyWN yMZv8w bCMSCT public-DraftStyleDefault-block-depth0 fixed-tab-size public-DraftStyleDefault-text-ltr\" style=\"text-align: justify;\"><span class=\"B2EFF public-DraftStyleDefault-ltr\" style=\"font-family: verdana, geneva, sans-serif; font-size: 16px;\">Cuenta la leyenda que el futuro rey Carlos IV, cuando todav\u00eda era un joven pr\u00edncipe de Asturias, manifest\u00f3 a su padre (Carlos III) mientras hablaban sobre su prometida Mar\u00eda Luisa de Parma que esa muchacha \u201cjam\u00e1s cometer\u00eda adulterio\u201d, ya que \u00e9l \u00abera diferente de todos los hombres, que no pueden casarse con princesas sino con mujeres corrientes que les enga\u00f1an\u201d. El Buen Alcalde respondi\u00f3 tajante: \u201c\u00a1Hijo m\u00edo, pero qu\u00e9 imb\u00e9cil eres! \u00a1Las princesas tambi\u00e9n pueden ser putas!\u201d.<\/span><\/p>\n<p id=\"viewer-7l8td\" class=\"xVISr Y9Dpf bCMSCT OZy-3 lnyWN yMZv8w bCMSCT public-DraftStyleDefault-block-depth0 fixed-tab-size public-DraftStyleDefault-text-ltr\" style=\"text-align: justify;\"><span class=\"B2EFF public-DraftStyleDefault-ltr\" style=\"font-family: verdana, geneva, sans-serif; font-size: 16px;\">Mar\u00eda Luisa naci\u00f3 en Parma en 1751, hija de los duques de Parma, Felipe y Luisa Isabel, nieta por parte paterna de Felipe V de Espa\u00f1a e Isabel de Farnesio, y por la materna de Luis XV de Francia y Mar\u00eda Leszczynska. Era prima por tanto del que ser\u00eda su marido, Carlos IV. Definida por los histori\u00f3grafos como caprichosa y voluble, m\u00e1s bien alta, rubia y no especialmente agraciada. En 1765, a la tierna edad de catorce a\u00f1os, contrajo matrimonio con el entonces pr\u00edncipe de Asturias, un jovencito desgarbado, retra\u00eddo y de escasas luces seg\u00fan algunos historiadores.<\/span><\/p>\n<div id=\"viewer-zzegf\" class=\"QHjDE rzoRKE\">\n<div class=\"gO6aa y8JqQg y8JqQg flaqF\">\n<div class=\"Q6a5A\" tabindex=\"0\" role=\"button\" data-hook=\"imageViewer\">\n<div id=\"new-image822\" class=\"vBPBf L9OMM XHhj0\" aria-label=\"Mar\u00eda Luisa de Parma princesa de Asturias\"><span style=\"font-family: verdana, geneva, sans-serif; font-size: 16px;\"><img loading=\"lazy\" decoding=\"async\" class=\"alignleft\" src=\"https:\/\/static.wixstatic.com\/media\/0d881f_e75805b8b5ec4bbb8c8c82a238c55611.jpg\/v1\/fill\/w_461,h_645,al_c,q_80,usm_0.66_1.00_0.01,enc_auto\/0d881f_e75805b8b5ec4bbb8c8c82a238c55611.jpg\" alt=\"Mar\u00eda Luisa de Parma princesa de Asturias\" width=\"297\" height=\"416\" data-pin-url=\"https:\/\/anamorillapalacios.wixsite.com\/historiagrata\/single-post\/2015\/06\/25\/mar\u00eda-luisa-de-parma-la-reina-libertina\" data-pin-media=\"https:\/\/static.wixstatic.com\/media\/0d881f_e75805b8b5ec4bbb8c8c82a238c55611.jpg\/v1\/fill\/w_571,h_800,al_c,q_85\/0d881f_e75805b8b5ec4bbb8c8c82a238c55611.jpg\" data-load-done=\"\" \/><\/span><\/div>\n<div class=\"\" style=\"text-align: justify;\"><span style=\"font-family: verdana, geneva, sans-serif; font-size: 16px;\">La corte espa\u00f1ola en aquella etapa resultaba un tanto espartana, no brillaba por las fiestas, mascaradas o serenatas de que disfrutaba la corte de Parma en que Mar\u00eda Luisa se hab\u00eda educado, y que imitaba el estilo versallesco. Alejada, como su marido, de las cuestiones de Estado por deseo expreso de su suegro Carlos III (que recelaba de las posibles intrigas de alg\u00fan bando nobiliario escudado en su hijo y en su nuera), la princesa de Asturias se aburr\u00eda solemnemente y decidi\u00f3 organizar el t\u00edpico sal\u00f3n dieciochesco de moda en Europa, que reun\u00eda a arist\u00f3cratas y a cortesanos bajo el poder de las damas que pod\u00edan acceder a m\u00faltiples distracciones amparadas por la instituci\u00f3n del cortejo (una costumbre de la alta nobleza francesa e italiana que permit\u00eda a las damas casadas tener como acompa\u00f1antes a enamorados que la asisten, le regalan, la entretienen, comen y pasan el d\u00eda con ella con la aprobaci\u00f3n del marido). En estas reuniones sociales del \u201ccuarto de los pr\u00edncipes\u00bb destaca Diego Godoy, un guardia de Corps que al parecer tocaba la guitarra en aquellas veladas.<\/span><\/div>\n<\/div>\n<\/div>\n<\/div>\n<div data-hook=\"rcv-block16\"><\/div>\n<p id=\"viewer-ks00e\" class=\"xVISr Y9Dpf bCMSCT OZy-3 lnyWN yMZv8w bCMSCT public-DraftStyleDefault-block-depth0 fixed-tab-size public-DraftStyleDefault-text-ltr\" style=\"text-align: justify;\"><span class=\"B2EFF public-DraftStyleDefault-ltr\" style=\"font-family: verdana, geneva, sans-serif; font-size: 16px;\">El esc\u00e1ndalo recorre Madrid debido a la intimidad entre Mar\u00eda Luisa de Parma y el guardia \u201cguitarrista\u201d y los an\u00f3nimos llegan al mism\u00edsimo Carlos III. La princesa de Asturias aduce en su defensa que es \u201cel infundio de alg\u00fan malnacido\u201d. Por si acaso el rey aleja al tal Godoy de Madrid y el conde de Floridablanca, valido de su majestad a la saz\u00f3n, da carpetazo al asunto por \u201cimposible de demostrar\u201d. Los pr\u00edncipes de Asturias sospechan de una intriga contra ellos del partido nobiliario de Floridablanca, y se aproximan pol\u00edticamente al rival de este, el conde de Aranda.<\/span><\/p>\n<p id=\"viewer-b48k4\" class=\"xVISr Y9Dpf bCMSCT OZy-3 lnyWN yMZv8w bCMSCT public-DraftStyleDefault-block-depth0 fixed-tab-size public-DraftStyleDefault-text-ltr\" style=\"text-align: justify;\"><span class=\"B2EFF public-DraftStyleDefault-ltr\" style=\"font-family: verdana, geneva, sans-serif; font-size: 16px;\">Pero los cotilleos de la villa y corte no quedan ah\u00ed, otros amantes se achacan a la princesa: Juan Pignatelli (tambi\u00e9n guardia de Corps), Eugenio Portocarrero y Palafox -el conde de Teba-, y Agust\u00edn de Lancaster -el hijo del duque de Abrantes-.<\/span><\/p>\n<div id=\"viewer-h86tj\" class=\"QHjDE rzoRKE\">\n<div class=\"gO6aa y8JqQg y8JqQg UAgbc OXFdk4 OXFdk4\">\n<div class=\"Q6a5A\" tabindex=\"0\" role=\"button\" data-hook=\"imageViewer\">\n<div id=\"new-image823\" class=\"vBPBf L9OMM XHhj0\" aria-label=\"Carlos IV cuando era pr\u00edncipe de Asturias\"><span style=\"font-family: verdana, geneva, sans-serif; font-size: 16px;\"><img decoding=\"async\" class=\"alignleft\" src=\"https:\/\/static.wixstatic.com\/media\/0d881f_ac11dbaf8d75477693d37fee4e2d20f5.jpg\/v1\/fill\/w_280,h_396,al_c,q_80,usm_0.66_1.00_0.01,enc_auto\/0d881f_ac11dbaf8d75477693d37fee4e2d20f5.jpg\" alt=\"Carlos IV cuando era pr\u00edncipe de Asturias\" data-pin-url=\"https:\/\/anamorillapalacios.wixsite.com\/historiagrata\/single-post\/2015\/06\/25\/mar\u00eda-luisa-de-parma-la-reina-libertina\" data-pin-media=\"https:\/\/static.wixstatic.com\/media\/0d881f_ac11dbaf8d75477693d37fee4e2d20f5.jpg\/v1\/fill\/w_509,h_720,al_c,lg_1,q_85\/0d881f_ac11dbaf8d75477693d37fee4e2d20f5.jpg\" data-load-done=\"\" \/><\/span><\/div>\n<div class=\"\"><span style=\"font-family: verdana, geneva, sans-serif; font-size: 16px;\"><strong>Esc\u00e1ndalo en la corte madrile\u00f1a<\/strong><\/span><\/div>\n<\/div>\n<\/div>\n<\/div>\n<p id=\"viewer-ik6kd\" class=\"xVISr Y9Dpf bCMSCT OZy-3 lnyWN yMZv8w bCMSCT public-DraftStyleDefault-block-depth0 fixed-tab-size public-DraftStyleDefault-text-ltr\" style=\"text-align: justify;\"><span class=\"B2EFF public-DraftStyleDefault-ltr\" style=\"font-family: verdana, geneva, sans-serif; font-size: 16px;\">Ya reina, en un per\u00edodo pleno de acontecimientos hist\u00f3ricos, Mar\u00eda Luisa de Parma se convierte en una mujer influyente en la voluntad del soberano y con un indiscutible papel protagonista en la pol\u00edtica. Pero algunos bi\u00f3grafos dicen que se \u201cdistrae\u201d con otro guardia de corps con el mismo apellido que el primero: Manuel Godoy. Y del monarca, a su vez, dicen que siente \u201cinclinaci\u00f3n\u201d hacia el favorito de su esposa. La \u201cTrinidad en la tierra\u201d, comentan que llama la propia reina Mar\u00eda Luisa a esta sincera \u201camistad\u201d que dur\u00f3 toda la vida. Entre el pueblo circulan pasquines, canciones y burlas como la siguiente:<\/span><\/p>\n<div data-hook=\"rcv-block26\"><\/div>\n<p id=\"viewer-4a0lt\" class=\"xVISr Y9Dpf bCMSCT OZy-3 lnyWN yMZv8w bCMSCT public-DraftStyleDefault-block-depth0 fixed-tab-size public-DraftStyleDefault-text-ltr\" style=\"padding-left: 320px;\"><span style=\"font-family: verdana, geneva, sans-serif; font-size: 16px;\"><span class=\"B2EFF public-DraftStyleDefault-ltr\"><em>\u201c\u00bfPero qu\u00e9 admiraci\u00f3n le doy<br \/>\n<\/em><\/span><span class=\"B2EFF public-DraftStyleDefault-ltr\"><em> si la reina por su lujuria<br \/>\n<\/em><\/span><span class=\"B2EFF public-DraftStyleDefault-ltr\"><em>le enamor\u00f3: \u00a1oh, qu\u00e9 furia!<br \/>\n<\/em><\/span><span class=\"B2EFF public-DraftStyleDefault-ltr\"><em>\u00a0le sac\u00f3 del cuartel,<br \/>\n<\/em><\/span><span class=\"B2EFF public-DraftStyleDefault-ltr\"><em>para joderse con \u00e9l,<br \/>\n<\/em><\/span><span class=\"B2EFF public-DraftStyleDefault-ltr\"><em>se\u00f1or duque de la Alcudia? (Godoy)\u201d.<\/em><\/span><\/span><\/p>\n<p id=\"viewer-lz0ho\" class=\"xVISr Y9Dpf bCMSCT OZy-3 lnyWN yMZv8w bCMSCT public-DraftStyleDefault-block-depth0 fixed-tab-size public-DraftStyleDefault-text-ltr\" style=\"text-align: justify;\"><span class=\"B2EFF public-DraftStyleDefault-ltr\" style=\"font-family: verdana, geneva, sans-serif; font-size: 16px;\">Los historiadores se dividen en cuanto a la naturaleza de las relaciones entre Manuel Godoy y la reina, para unos es impensable que no se diera trato carnal entre Mar\u00eda Luisa y el guardia de corps en pleno ascenso social, para otros no est\u00e1 demostrado que existiera el <em>affaire<\/em>. Algunos, m\u00e1s atrevidos, insin\u00faan incluso una relaci\u00f3n de cariz homosexual entre el rey y el favorito, lo que otros califican como imposible. Lo \u00fanico cierto es que Godoy se convierte es uno de los hombres m\u00e1s ricos del pa\u00eds, en duque y grande de Espa\u00f1a, general\u00edsimo, ministro, Pr\u00edncipe de la Paz, miembro de la familia real y alteza seren\u00edsima.<\/span><\/p>\n<p id=\"viewer-ioihx\" class=\"xVISr Y9Dpf bCMSCT OZy-3 lnyWN yMZv8w bCMSCT public-DraftStyleDefault-block-depth0 fixed-tab-size public-DraftStyleDefault-text-ltr\" style=\"text-align: justify;\"><span class=\"B2EFF public-DraftStyleDefault-ltr\" style=\"font-family: verdana, geneva, sans-serif; font-size: 16px;\">Las maledicencias no cesan, un rumor atribuye a Mar\u00eda Luisa de Parma un ataque de histeria (del que el propio Manuel Godoy la rescata con una sonora y p\u00fablica bofetada) al saber que su amante ha entablado relaciones con Pepita Tud\u00f3. Despu\u00e9s se dice que la reina colma de regalos a las amigas de Godoy, incluso que es ella quien propicia el matrimonio del duque de la Alcudia con Mar\u00eda Teresa de Borb\u00f3n, condesa de Chinch\u00f3n y prima del rey. Pero no permanece la reina ociosa a decir de los maledicientes y aparece un nuevo amante en los rumores populares: Manuel Mallo, otro guardia de Corps de origen venezolano que obtiene el t\u00edtulo de mayordomo de semana y que alterna en el real lecho con el Pr\u00edncipe de la Paz.<\/span><\/p>\n<div id=\"viewer-eoqxq\" class=\"QHjDE rzoRKE\">\n<div class=\"gO6aa y8JqQg y8JqQg UAgbc OXFdk4 OXFdk4\">\n<div class=\"Q6a5A\" tabindex=\"0\" role=\"button\" data-hook=\"imageViewer\">\n<div id=\"new-image824\" class=\"vBPBf L9OMM XHhj0\" aria-label=\"Capricho 5 de Goya, Tal para cual, posible representaci\u00f3n de la reina y Godoy\"><span style=\"font-family: verdana, geneva, sans-serif; font-size: 16px;\"><img decoding=\"async\" class=\"alignleft\" src=\"https:\/\/static.wixstatic.com\/media\/0d881f_65605875886a4d46a9488a8ec5742788.jpg\/v1\/fill\/w_280,h_411,al_c,q_80,usm_0.66_1.00_0.01,enc_auto\/0d881f_65605875886a4d46a9488a8ec5742788.jpg\" alt=\"Capricho 5 de Goya, Tal para cual, posible representaci\u00f3n de la reina y Godoy\" data-pin-url=\"https:\/\/anamorillapalacios.wixsite.com\/historiagrata\/single-post\/2015\/06\/25\/mar\u00eda-luisa-de-parma-la-reina-libertina\" data-pin-media=\"https:\/\/static.wixstatic.com\/media\/0d881f_65605875886a4d46a9488a8ec5742788.jpg\/v1\/fill\/w_490,h_719,al_c,lg_1,q_80\/0d881f_65605875886a4d46a9488a8ec5742788.jpg\" data-load-done=\"\" \/><\/span><\/div>\n<div class=\"\"><span style=\"font-family: verdana, geneva, sans-serif; font-size: 16px;\"><strong>Revisando la historia<\/strong><\/span><\/div>\n<\/div>\n<\/div>\n<\/div>\n<div data-hook=\"rcv-block42\"><\/div>\n<p id=\"viewer-6eghg\" class=\"xVISr Y9Dpf bCMSCT OZy-3 lnyWN yMZv8w bCMSCT public-DraftStyleDefault-block-depth0 fixed-tab-size public-DraftStyleDefault-text-ltr\" style=\"text-align: justify;\"><span class=\"B2EFF public-DraftStyleDefault-ltr\" style=\"font-family: verdana, geneva, sans-serif; font-size: 16px;\">Seg\u00fan la historiograf\u00eda revisionista Mar\u00eda Luisa de Parma se convirti\u00f3 en blanco de los ataques dirigidos a Godoy y al soberano, que era visto como un hombre d\u00e9bil, ap\u00e1tico y arrastrado por los desmanes de su esposa, igual que Luis XVI en Francia. Siguiendo estas interpretaciones revisionistas la reina fue la v\u00edctima propiciatoria de la oposici\u00f3n, la facci\u00f3n de nobles desplazados por sus rivales en ascenso que canaliz\u00f3 sus ataques a trav\u00e9s de la reina. El rey no deb\u00eda tener tan cortas entendederas como manifiestan algunos si es cierto que dijo sobre los que ambicionaban puestos de relevancia aquello de que de \u00abcien pretendientes salen noventa y nueve enemigos y un ingrato\u201d.<\/span><\/p>\n<p id=\"viewer-n3i51\" class=\"xVISr Y9Dpf bCMSCT OZy-3 lnyWN yMZv8w bCMSCT public-DraftStyleDefault-block-depth0 fixed-tab-size public-DraftStyleDefault-text-ltr\" style=\"text-align: justify;\"><span class=\"B2EFF public-DraftStyleDefault-ltr\" style=\"font-family: verdana, geneva, sans-serif; font-size: 16px;\">Al partido de nobles intrigantes se une el recelo del clero cuando no la abierta enemistad; el descontento por la subida de impuestos frente a los dispendios de la corte; las frustraciones por los reveses militares; la mala situaci\u00f3n econ\u00f3mica; la hambruna, y las epidemias. Por no mencionar la habitual misoginia y la xenofobia t\u00edpica en Espa\u00f1a contra las soberanas extranjeras. La reina Mar\u00eda Luisa, por su parte, contraviene las convenciones vigentes, promociona y enriquece a su c\u00edrculo de confianza alimentado los rumores y echando m\u00e1s le\u00f1a al fuego. Recibe, despacha y asiste a reuniones del Consejo de Estado escapando del modelo dom\u00e9stico de esposa y madre requerido en una reina.<\/span><\/p>\n<p id=\"viewer-cmh75\" class=\"xVISr Y9Dpf bCMSCT OZy-3 lnyWN yMZv8w bCMSCT public-DraftStyleDefault-block-depth0 fixed-tab-size public-DraftStyleDefault-text-ltr\" style=\"text-align: justify;\"><span class=\"B2EFF public-DraftStyleDefault-ltr\" style=\"font-family: verdana, geneva, sans-serif; font-size: 16px;\">La pol\u00edtica europea se complic\u00f3 tras la ejecuci\u00f3n de Luis XVI, la legitimidad real qued\u00f3 herida de muerte. Siguiendo con la interpretaci\u00f3n revisionista la principal arma contra la monarqu\u00eda fue la supuesta \u201cbondad\u201d o \u201cnecedad\u201d del soberano y la \u201cinmoralidad\u201d de la reina, en la l\u00ednea de los libelos contra Mar\u00eda Antonieta a la que Mar\u00eda Luisa de Parma se considera similar. Adem\u00e1s, en Espa\u00f1a ya cund\u00eda el ejemplo de acusaciones de inmoralidad en las vilipendiadas Juana de Avis (la madre de Juana la Beltraneja), Isabel de Farnesio o B\u00e1rbara de Braganza. Para colmo, las imputaciones de infidelidad de Mar\u00eda Luisa de Parma provienen en parte del partido fernandino compuesto por miembros del gobierno, de los estamentos privilegiados y de la guardia real. El futuro Fernando VII financia los pasquines contra su madre, por lo que el propio Napole\u00f3n le hizo ver: \u201cV.A.R. no tiene otros derechos sino los que su madre le ha transmitido: si la causa (la de sustituir a Carlos IV) mancha su honor, V.A.R. destruye sus derechos\u201d.<\/span><\/p>\n<div id=\"viewer-ar8p7\" class=\"QHjDE rzoRKE\">\n<div class=\"gO6aa y8JqQg y8JqQg flaqF\">\n<div class=\"Q6a5A\" tabindex=\"0\" role=\"button\" data-hook=\"imageViewer\">\n<div id=\"new-image825\" class=\"vBPBf L9OMM XHhj0\" aria-label=\"Mar\u00eda Luisa de Parma reina de Espa\u00f1a\"><span style=\"font-family: verdana, geneva, sans-serif; font-size: 16px;\"><img loading=\"lazy\" decoding=\"async\" class=\"alignleft\" src=\"https:\/\/static.wixstatic.com\/media\/0d881f_32ffa6b3e21444c1823170a7f8f420d6.jpg\/v1\/fill\/w_461,h_750,al_c,q_80,usm_0.66_1.00_0.01,enc_auto\/0d881f_32ffa6b3e21444c1823170a7f8f420d6.jpg\" alt=\"Mar\u00eda Luisa de Parma reina de Espa\u00f1a\" width=\"312\" height=\"508\" data-pin-url=\"https:\/\/anamorillapalacios.wixsite.com\/historiagrata\/single-post\/2015\/06\/25\/mar\u00eda-luisa-de-parma-la-reina-libertina\" data-pin-media=\"https:\/\/static.wixstatic.com\/media\/0d881f_32ffa6b3e21444c1823170a7f8f420d6.jpg\/v1\/fill\/w_491,h_800,al_c,q_85\/0d881f_32ffa6b3e21444c1823170a7f8f420d6.jpg\" data-load-done=\"\" \/><\/span><\/div>\n<div class=\"\" style=\"text-align: justify;\"><span style=\"font-family: verdana, geneva, sans-serif; font-size: 16px;\">Pero la historia no se detiene. Carlos IV arresta al pr\u00edncipe de Asturias por conspiraci\u00f3n y Bonaparte mueve sus piezas en el gran tablero de Europa. Los acontecimientos se precipitan sobre Espa\u00f1a, el rey abdica en su hijo, el nefasto Fernando VII, y la familia real se traslada a Francia. Tiene lugar la guerra de Independencia. Una vez periclitada la estrella de Napole\u00f3n, Fernando VII es restituido en el trono. Los reyes em\u00e9ritos Carlos IV y Mar\u00eda Luisa se instalan en Roma, en el palacio Barberini, y con ellos el fiel Godoy. Cuando fallece Mar\u00eda Luisa de Parma en 1818 el favorito est\u00e1 a su lado. Y otro detalle, en su testamento Mar\u00eda Luisa le deja la totalidad de sus cuantiosos bienes, dicen que para compensar las p\u00e9rdidas que hab\u00eda sufrido este.<\/span><\/div>\n<\/div>\n<\/div>\n<\/div>\n<div data-hook=\"rcv-block53\"><\/div>\n<p id=\"viewer-w0p7u\" class=\"xVISr Y9Dpf bCMSCT OZy-3 lnyWN yMZv8w bCMSCT public-DraftStyleDefault-block-depth0 fixed-tab-size public-DraftStyleDefault-text-ltr\" style=\"text-align: justify;\"><span class=\"B2EFF public-DraftStyleDefault-ltr\" style=\"font-family: verdana, geneva, sans-serif; font-size: 16px;\">El exrey fallece dieciocho d\u00edas despu\u00e9s que su esposa. Godoy, casado con Pepita Tud\u00f3 una vez difunta la condesa de Chinch\u00f3n, se instal\u00f3 en Par\u00eds pero no fue muy afortunado. Fernando VII anul\u00f3 el testamento de su madre y la Tud\u00f3 volvi\u00f3 a Espa\u00f1a dej\u00e1ndolo abandonado (y seg\u00fan dicen algunos se llev\u00f3 el capital de su marido). El anta\u00f1o poderoso Manuel Godoy se vio obligado a vivir con una exigua pensi\u00f3n que le adjudic\u00f3 el rey de Francia. Godoy inici\u00f3 numerosos pleitos pero la restituci\u00f3n de los bienes no lleg\u00f3 nunca. El pr\u00edncipe de la Paz muri\u00f3 solo y arruinado.<\/span><\/p>\n<p id=\"viewer-2blij\" class=\"xVISr Y9Dpf bCMSCT OZy-3 lnyWN yMZv8w bCMSCT public-DraftStyleDefault-block-depth0 fixed-tab-size public-DraftStyleDefault-text-ltr\" style=\"text-align: justify;\"><span class=\"B2EFF public-DraftStyleDefault-ltr\" style=\"font-family: verdana, geneva, sans-serif; font-size: 16px;\">Entre 1771 y 1794 la reina Mar\u00eda Luisa de Parma fue madre de los infantes Carlos Clemente (que muri\u00f3 en la infancia), Carlota Joaquina, Mar\u00eda Luisa (que tambi\u00e9n muri\u00f3 ni\u00f1a), Mar\u00eda Amalia, Carlos Eusebio (muerto pronto), Mar\u00eda Luisa (en recuerdo de su hermana difunta), los gemelos Carlos Francisco y Felipe Francisco (muertos en la ni\u00f1ez), el futuro Fernando VII de nefasto recuerdo, Carlos Mar\u00eda Isidro, Mar\u00eda de la O Isabel, Mar\u00eda Teresa, Felipe Mar\u00eda y Francisco de Paula, adem\u00e1s de tener numerosos abortos. La paternidad de los dos \u00faltimos hijos, como m\u00ednimo, se atribuye a Manuel Godoy seg\u00fan los m\u00e1s maliciosos.<\/span><\/p>\n<p id=\"viewer-rtdm3\" class=\"xVISr Y9Dpf bCMSCT OZy-3 lnyWN yMZv8w bCMSCT public-DraftStyleDefault-block-depth0 fixed-tab-size public-DraftStyleDefault-text-ltr\"><span class=\"B2EFF public-DraftStyleDefault-ltr\" style=\"font-family: verdana, geneva, sans-serif; font-size: 16px;\"><strong>Para saber m\u00e1s<\/strong><\/span><\/p>\n<p id=\"viewer-iwro0\" class=\"xVISr Y9Dpf bCMSCT OZy-3 lnyWN yMZv8w bCMSCT public-DraftStyleDefault-block-depth0 fixed-tab-size public-DraftStyleDefault-text-ltr\"><span class=\"B2EFF public-DraftStyleDefault-ltr\" style=\"font-family: verdana, geneva, sans-serif; font-size: 16px;\">Antonio Calvo Maturana, \u201cCon tal que Godoy y la reina se diviertan: en torno a la virtud de Mar\u00eda Luisa de Parma y la legitimidad de Carlos IV, en <em>Historia y Pol\u00edtica<\/em>, n\u00fam. 31, Madrid, enero-junio 2014, p\u00e1gs. 81-112.<\/span><\/p>\n<p id=\"viewer-hi42l\" class=\"xVISr Y9Dpf bCMSCT OZy-3 lnyWN yMZv8w bCMSCT public-DraftStyleDefault-block-depth0 fixed-tab-size public-DraftStyleDefault-text-ltr\"><span class=\"B2EFF public-DraftStyleDefault-ltr\" style=\"font-family: verdana, geneva, sans-serif; font-size: 16px;\">Jos\u00e9 Antonio Vidal Sales,<em> Cr\u00f3nica \u00cdntima de las reinas de Espa\u00f1a<\/em>, Planeta, 2004.<\/span><\/p>\n<p id=\"viewer-9t0uk\" class=\"xVISr Y9Dpf bCMSCT OZy-3 lnyWN yMZv8w bCMSCT public-DraftStyleDefault-block-depth0 fixed-tab-size public-DraftStyleDefault-text-ltr\"><span class=\"B2EFF public-DraftStyleDefault-ltr\" style=\"font-family: verdana, geneva, sans-serif; font-size: 16px;\"><strong>Im\u00e1genes<\/strong><\/span><\/p>\n<p id=\"viewer-rfi8g\" class=\"xVISr Y9Dpf bCMSCT OZy-3 lnyWN yMZv8w bCMSCT public-DraftStyleDefault-block-depth0 fixed-tab-size public-DraftStyleDefault-text-ltr\" style=\"text-align: justify;\"><span class=\"B2EFF public-DraftStyleDefault-ltr\" style=\"font-family: verdana, geneva, sans-serif; font-size: 16px;\">A partir del \u00f3leo <em>Mar\u00eda Luisa de Parma princesa de Asturias<\/em>, muy favorecida por cierto, del pintor de la escuela alemana Anton Rafael Mengs, entre 1765-1769, Museo del Prado.<\/span><\/p>\n<p id=\"viewer-veazh\" class=\"xVISr Y9Dpf bCMSCT OZy-3 lnyWN yMZv8w bCMSCT public-DraftStyleDefault-block-depth0 fixed-tab-size public-DraftStyleDefault-text-ltr\" style=\"text-align: justify;\"><span class=\"B2EFF public-DraftStyleDefault-ltr\" style=\"font-family: verdana, geneva, sans-serif; font-size: 16px;\">A partir del \u00f3leo <em>Mar\u00eda Luisa de Parma princesa de Asturias,<\/em> de Anton Rafael Mengs, <em>ca.<\/em> 1765, Museo del Prado.<\/span><\/p>\n<p id=\"viewer-swt07\" class=\"xVISr Y9Dpf bCMSCT OZy-3 lnyWN yMZv8w bCMSCT public-DraftStyleDefault-block-depth0 fixed-tab-size public-DraftStyleDefault-text-ltr\" style=\"text-align: justify;\"><span class=\"B2EFF public-DraftStyleDefault-ltr\" style=\"font-family: verdana, geneva, sans-serif; font-size: 16px;\">A partir del retrato <em>Carlos IV pr\u00edncipe de Asturias,<\/em> de Anton Rafael Mengs, 1765, Museo del Prado.<\/span><\/p>\n<p id=\"viewer-39e2p\" class=\"xVISr Y9Dpf bCMSCT OZy-3 lnyWN yMZv8w bCMSCT public-DraftStyleDefault-block-depth0 fixed-tab-size public-DraftStyleDefault-text-ltr\" style=\"text-align: justify;\"><span class=\"B2EFF public-DraftStyleDefault-ltr\" style=\"font-family: verdana, geneva, sans-serif; font-size: 16px;\">A partir del grabado de Goya <em>Tal para cual<\/em>, se trata del n\u00famero 5 de la serie <em>Los caprichos<\/em>, 1799.<\/span><\/p>\n<p id=\"viewer-lizxp\" class=\"xVISr Y9Dpf bCMSCT OZy-3 lnyWN yMZv8w bCMSCT public-DraftStyleDefault-block-depth0 fixed-tab-size public-DraftStyleDefault-text-ltr\" style=\"text-align: justify;\"><span class=\"B2EFF public-DraftStyleDefault-ltr\" style=\"font-family: verdana, geneva, sans-serif; font-size: 16px;\">A partir del retrato <em>Mar\u00eda Luisa de Parma con mantilla<\/em>, de Francisco de Goya, 1799, Museo del Prado.<\/span><\/p>\n<p><span style=\"font-family: verdana, geneva, sans-serif; font-size: 16px;\">\u00a9 Ana Morilla. Septiembre 2023. Todos los derechos reservados.<\/span><\/p>\n","protected":false},"excerpt":{"rendered":"<p>REPOSICI\u00d3N Ninguna reina de Espa\u00f1a ha tenido tan mala prensa ni ha sido tan denostada por la historiograf\u00eda como la esposa de Carlos IV, calificada de \u201cninf\u00f3mana\u201d, \u201cprostituta\u201d y \u201cMesalina\u201d. Una leyenda negra que convierte a la italiana Mar\u00eda Luisa de Borb\u00f3n-Parma en \u201cbuscadora incansable de las sensaciones viriles de cuantos apuestos cortesanos la rodeaban [&hellip;]<\/p>\n","protected":false},"author":19,"featured_media":6043,"comment_status":"open","ping_status":"closed","sticky":false,"template":"","format":"standard","meta":{"footnotes":""},"categories":[2281],"tags":[284],"class_list":{"0":"post-6042","1":"post","2":"type-post","3":"status-publish","4":"format-standard","5":"has-post-thumbnail","7":"category-ensayos-historicos-2","8":"tag-ana-morilla"},"yoast_head":"<!-- This site is optimized with the Yoast SEO plugin v27.5 - https:\/\/yoast.com\/product\/yoast-seo-wordpress\/ -->\n<title>Mar\u00eda Luisa de Parma: la reina libertina | HOJAS SUELTAS Peri\u00f3dico Cultural<\/title>\n<meta name=\"robots\" content=\"index, follow, max-snippet:-1, max-image-preview:large, max-video-preview:-1\" \/>\n<link rel=\"canonical\" href=\"https:\/\/hojassueltas.es\/?p=6042\" \/>\n<meta property=\"og:locale\" content=\"es_ES\" \/>\n<meta property=\"og:type\" content=\"article\" \/>\n<meta property=\"og:title\" content=\"Mar\u00eda Luisa de Parma: la reina libertina | HOJAS SUELTAS Peri\u00f3dico Cultural\" \/>\n<meta property=\"og:description\" content=\"REPOSICI\u00d3N Ninguna reina de Espa\u00f1a ha tenido tan mala prensa ni ha sido tan denostada por la historiograf\u00eda como la esposa de Carlos IV, calificada de \u201cninf\u00f3mana\u201d, \u201cprostituta\u201d y \u201cMesalina\u201d. Una leyenda negra que convierte a la italiana Mar\u00eda Luisa de Borb\u00f3n-Parma en \u201cbuscadora incansable de las sensaciones viriles de cuantos apuestos cortesanos la rodeaban [&hellip;]\" \/>\n<meta property=\"og:url\" content=\"https:\/\/hojassueltas.es\/?p=6042\" \/>\n<meta property=\"og:site_name\" content=\"HOJAS SUELTAS Peri\u00f3dico Cultural\" \/>\n<meta property=\"article:published_time\" content=\"2025-02-20T23:00:12+00:00\" \/>\n<meta property=\"article:modified_time\" content=\"2025-12-11T15:15:59+00:00\" \/>\n<meta property=\"og:image\" content=\"https:\/\/hojassueltas.es\/wp-content\/uploads\/2023\/08\/MariaLuisa-de-Parma_web.png\" \/>\n\t<meta property=\"og:image:width\" content=\"1050\" \/>\n\t<meta property=\"og:image:height\" content=\"610\" \/>\n\t<meta property=\"og:image:type\" content=\"image\/png\" \/>\n<meta name=\"author\" content=\"Ana Morilla Palacios\" \/>\n<meta name=\"twitter:card\" content=\"summary_large_image\" \/>\n<meta name=\"twitter:creator\" content=\"@HOJASSUELTAS22\" \/>\n<meta name=\"twitter:site\" content=\"@HOJASSUELTAS22\" \/>\n<meta name=\"twitter:label1\" content=\"Escrito por\" \/>\n\t<meta name=\"twitter:data1\" content=\"Ana Morilla Palacios\" \/>\n\t<meta name=\"twitter:label2\" content=\"Tiempo de lectura\" \/>\n\t<meta name=\"twitter:data2\" content=\"10 minutos\" \/>\n<script type=\"application\/ld+json\" class=\"yoast-schema-graph\">{\"@context\":\"https:\\\/\\\/schema.org\",\"@graph\":[{\"@type\":[\"Article\",\"BlogPosting\"],\"@id\":\"https:\\\/\\\/hojassueltas.es\\\/?p=6042#article\",\"isPartOf\":{\"@id\":\"https:\\\/\\\/hojassueltas.es\\\/?p=6042\"},\"author\":{\"name\":\"Ana Morilla Palacios\",\"@id\":\"https:\\\/\\\/hojassueltas.es\\\/#\\\/schema\\\/person\\\/0389067b4326cb39a47134847eb55133\"},\"headline\":\"Mar\u00eda Luisa de Parma: la reina libertina\",\"datePublished\":\"2025-02-20T23:00:12+00:00\",\"dateModified\":\"2025-12-11T15:15:59+00:00\",\"mainEntityOfPage\":{\"@id\":\"https:\\\/\\\/hojassueltas.es\\\/?p=6042\"},\"wordCount\":1999,\"commentCount\":1,\"publisher\":{\"@id\":\"https:\\\/\\\/hojassueltas.es\\\/#organization\"},\"image\":{\"@id\":\"https:\\\/\\\/hojassueltas.es\\\/?p=6042#primaryimage\"},\"thumbnailUrl\":\"https:\\\/\\\/hojassueltas.es\\\/wp-content\\\/uploads\\\/2023\\\/08\\\/MariaLuisa-de-Parma_web.png\",\"keywords\":[\"Ana Morilla\"],\"articleSection\":[\"ENSAYOS HIST\u00d3RICOS\"],\"inLanguage\":\"es\",\"potentialAction\":[{\"@type\":\"CommentAction\",\"name\":\"Comment\",\"target\":[\"https:\\\/\\\/hojassueltas.es\\\/?p=6042#respond\"]}]},{\"@type\":\"WebPage\",\"@id\":\"https:\\\/\\\/hojassueltas.es\\\/?p=6042\",\"url\":\"https:\\\/\\\/hojassueltas.es\\\/?p=6042\",\"name\":\"Mar\u00eda Luisa de Parma: la reina libertina | HOJAS SUELTAS Peri\u00f3dico Cultural\",\"isPartOf\":{\"@id\":\"https:\\\/\\\/hojassueltas.es\\\/#website\"},\"primaryImageOfPage\":{\"@id\":\"https:\\\/\\\/hojassueltas.es\\\/?p=6042#primaryimage\"},\"image\":{\"@id\":\"https:\\\/\\\/hojassueltas.es\\\/?p=6042#primaryimage\"},\"thumbnailUrl\":\"https:\\\/\\\/hojassueltas.es\\\/wp-content\\\/uploads\\\/2023\\\/08\\\/MariaLuisa-de-Parma_web.png\",\"datePublished\":\"2025-02-20T23:00:12+00:00\",\"dateModified\":\"2025-12-11T15:15:59+00:00\",\"breadcrumb\":{\"@id\":\"https:\\\/\\\/hojassueltas.es\\\/?p=6042#breadcrumb\"},\"inLanguage\":\"es\",\"potentialAction\":[{\"@type\":\"ReadAction\",\"target\":[\"https:\\\/\\\/hojassueltas.es\\\/?p=6042\"]}]},{\"@type\":\"ImageObject\",\"inLanguage\":\"es\",\"@id\":\"https:\\\/\\\/hojassueltas.es\\\/?p=6042#primaryimage\",\"url\":\"https:\\\/\\\/hojassueltas.es\\\/wp-content\\\/uploads\\\/2023\\\/08\\\/MariaLuisa-de-Parma_web.png\",\"contentUrl\":\"https:\\\/\\\/hojassueltas.es\\\/wp-content\\\/uploads\\\/2023\\\/08\\\/MariaLuisa-de-Parma_web.png\",\"width\":1050,\"height\":610},{\"@type\":\"BreadcrumbList\",\"@id\":\"https:\\\/\\\/hojassueltas.es\\\/?p=6042#breadcrumb\",\"itemListElement\":[{\"@type\":\"ListItem\",\"position\":1,\"name\":\"Portada\",\"item\":\"https:\\\/\\\/hojassueltas.es\\\/\"},{\"@type\":\"ListItem\",\"position\":2,\"name\":\"Mar\u00eda Luisa de Parma: la reina libertina\"}]},{\"@type\":\"WebSite\",\"@id\":\"https:\\\/\\\/hojassueltas.es\\\/#website\",\"url\":\"https:\\\/\\\/hojassueltas.es\\\/\",\"name\":\"HojasSueltas.es\",\"description\":\"GRANADA - Peri\u00f3dico Cultural\",\"publisher\":{\"@id\":\"https:\\\/\\\/hojassueltas.es\\\/#organization\"},\"alternateName\":\"H.S. Periodico Cultural\",\"potentialAction\":[{\"@type\":\"SearchAction\",\"target\":{\"@type\":\"EntryPoint\",\"urlTemplate\":\"https:\\\/\\\/hojassueltas.es\\\/?s={search_term_string}\"},\"query-input\":{\"@type\":\"PropertyValueSpecification\",\"valueRequired\":true,\"valueName\":\"search_term_string\"}}],\"inLanguage\":\"es\"},{\"@type\":\"Organization\",\"@id\":\"https:\\\/\\\/hojassueltas.es\\\/#organization\",\"name\":\"HOJAS SUELTAS - Peri\u00f3dico Cultural\",\"alternateName\":\"HS - HOJAS SUELTAS Peri\u00f3dico Cultural\",\"url\":\"https:\\\/\\\/hojassueltas.es\\\/\",\"logo\":{\"@type\":\"ImageObject\",\"inLanguage\":\"es\",\"@id\":\"https:\\\/\\\/hojassueltas.es\\\/#\\\/schema\\\/logo\\\/image\\\/\",\"url\":\"https:\\\/\\\/hojassueltas.es\\\/wp-content\\\/uploads\\\/2025\\\/08\\\/Icono-HS_2.png\",\"contentUrl\":\"https:\\\/\\\/hojassueltas.es\\\/wp-content\\\/uploads\\\/2025\\\/08\\\/Icono-HS_2.png\",\"width\":500,\"height\":500,\"caption\":\"HOJAS SUELTAS - Peri\u00f3dico Cultural\"},\"image\":{\"@id\":\"https:\\\/\\\/hojassueltas.es\\\/#\\\/schema\\\/logo\\\/image\\\/\"},\"sameAs\":[\"https:\\\/\\\/x.com\\\/HOJASSUELTAS22\"]},{\"@type\":\"Person\",\"@id\":\"https:\\\/\\\/hojassueltas.es\\\/#\\\/schema\\\/person\\\/0389067b4326cb39a47134847eb55133\",\"name\":\"Ana Morilla Palacios\",\"image\":{\"@type\":\"ImageObject\",\"inLanguage\":\"es\",\"@id\":\"https:\\\/\\\/hojassueltas.es\\\/wp-content\\\/uploads\\\/2023\\\/02\\\/Ana-Morilla_web-96x96.jpg\",\"url\":\"https:\\\/\\\/hojassueltas.es\\\/wp-content\\\/uploads\\\/2023\\\/02\\\/Ana-Morilla_web-96x96.jpg\",\"contentUrl\":\"https:\\\/\\\/hojassueltas.es\\\/wp-content\\\/uploads\\\/2023\\\/02\\\/Ana-Morilla_web-96x96.jpg\",\"caption\":\"Ana Morilla Palacios\"},\"description\":\"Doctora en Teor\u00eda de la Literatura y del Arte y Literatura Comparada; m\u00e1ster en Estudios Literarios y Teatrales; DEA en Literatura Hispanoamericana y licenciada en Filolog\u00eda Hisp\u00e1nica. Dirigi\u00f3 la editorial Artificios y fue lectora y correctora para la editorial Traspi\u00e9s. Realiz\u00f3 un proyecto en el sello Dorothy (junto a la ilustradora Sabina Morante). Tambi\u00e9n es coach literario y profesora de talleres de escritura creativa.\",\"url\":\"https:\\\/\\\/hojassueltas.es\\\/?author=19\"}]}<\/script>\n<!-- \/ Yoast SEO plugin. -->","yoast_head_json":{"title":"Mar\u00eda Luisa de Parma: la reina libertina | HOJAS SUELTAS Peri\u00f3dico Cultural","robots":{"index":"index","follow":"follow","max-snippet":"max-snippet:-1","max-image-preview":"max-image-preview:large","max-video-preview":"max-video-preview:-1"},"canonical":"https:\/\/hojassueltas.es\/?p=6042","og_locale":"es_ES","og_type":"article","og_title":"Mar\u00eda Luisa de Parma: la reina libertina | HOJAS SUELTAS Peri\u00f3dico Cultural","og_description":"REPOSICI\u00d3N Ninguna reina de Espa\u00f1a ha tenido tan mala prensa ni ha sido tan denostada por la historiograf\u00eda como la esposa de Carlos IV, calificada de \u201cninf\u00f3mana\u201d, \u201cprostituta\u201d y \u201cMesalina\u201d. Una leyenda negra que convierte a la italiana Mar\u00eda Luisa de Borb\u00f3n-Parma en \u201cbuscadora incansable de las sensaciones viriles de cuantos apuestos cortesanos la rodeaban [&hellip;]","og_url":"https:\/\/hojassueltas.es\/?p=6042","og_site_name":"HOJAS SUELTAS Peri\u00f3dico Cultural","article_published_time":"2025-02-20T23:00:12+00:00","article_modified_time":"2025-12-11T15:15:59+00:00","og_image":[{"width":1050,"height":610,"url":"https:\/\/hojassueltas.es\/wp-content\/uploads\/2023\/08\/MariaLuisa-de-Parma_web.png","type":"image\/png"}],"author":"Ana Morilla Palacios","twitter_card":"summary_large_image","twitter_creator":"@HOJASSUELTAS22","twitter_site":"@HOJASSUELTAS22","twitter_misc":{"Escrito por":"Ana Morilla Palacios","Tiempo de lectura":"10 minutos"},"schema":{"@context":"https:\/\/schema.org","@graph":[{"@type":["Article","BlogPosting"],"@id":"https:\/\/hojassueltas.es\/?p=6042#article","isPartOf":{"@id":"https:\/\/hojassueltas.es\/?p=6042"},"author":{"name":"Ana Morilla Palacios","@id":"https:\/\/hojassueltas.es\/#\/schema\/person\/0389067b4326cb39a47134847eb55133"},"headline":"Mar\u00eda Luisa de Parma: la reina libertina","datePublished":"2025-02-20T23:00:12+00:00","dateModified":"2025-12-11T15:15:59+00:00","mainEntityOfPage":{"@id":"https:\/\/hojassueltas.es\/?p=6042"},"wordCount":1999,"commentCount":1,"publisher":{"@id":"https:\/\/hojassueltas.es\/#organization"},"image":{"@id":"https:\/\/hojassueltas.es\/?p=6042#primaryimage"},"thumbnailUrl":"https:\/\/hojassueltas.es\/wp-content\/uploads\/2023\/08\/MariaLuisa-de-Parma_web.png","keywords":["Ana Morilla"],"articleSection":["ENSAYOS HIST\u00d3RICOS"],"inLanguage":"es","potentialAction":[{"@type":"CommentAction","name":"Comment","target":["https:\/\/hojassueltas.es\/?p=6042#respond"]}]},{"@type":"WebPage","@id":"https:\/\/hojassueltas.es\/?p=6042","url":"https:\/\/hojassueltas.es\/?p=6042","name":"Mar\u00eda Luisa de Parma: la reina libertina | HOJAS SUELTAS Peri\u00f3dico Cultural","isPartOf":{"@id":"https:\/\/hojassueltas.es\/#website"},"primaryImageOfPage":{"@id":"https:\/\/hojassueltas.es\/?p=6042#primaryimage"},"image":{"@id":"https:\/\/hojassueltas.es\/?p=6042#primaryimage"},"thumbnailUrl":"https:\/\/hojassueltas.es\/wp-content\/uploads\/2023\/08\/MariaLuisa-de-Parma_web.png","datePublished":"2025-02-20T23:00:12+00:00","dateModified":"2025-12-11T15:15:59+00:00","breadcrumb":{"@id":"https:\/\/hojassueltas.es\/?p=6042#breadcrumb"},"inLanguage":"es","potentialAction":[{"@type":"ReadAction","target":["https:\/\/hojassueltas.es\/?p=6042"]}]},{"@type":"ImageObject","inLanguage":"es","@id":"https:\/\/hojassueltas.es\/?p=6042#primaryimage","url":"https:\/\/hojassueltas.es\/wp-content\/uploads\/2023\/08\/MariaLuisa-de-Parma_web.png","contentUrl":"https:\/\/hojassueltas.es\/wp-content\/uploads\/2023\/08\/MariaLuisa-de-Parma_web.png","width":1050,"height":610},{"@type":"BreadcrumbList","@id":"https:\/\/hojassueltas.es\/?p=6042#breadcrumb","itemListElement":[{"@type":"ListItem","position":1,"name":"Portada","item":"https:\/\/hojassueltas.es\/"},{"@type":"ListItem","position":2,"name":"Mar\u00eda Luisa de Parma: la reina libertina"}]},{"@type":"WebSite","@id":"https:\/\/hojassueltas.es\/#website","url":"https:\/\/hojassueltas.es\/","name":"HojasSueltas.es","description":"GRANADA - Peri\u00f3dico Cultural","publisher":{"@id":"https:\/\/hojassueltas.es\/#organization"},"alternateName":"H.S. Periodico Cultural","potentialAction":[{"@type":"SearchAction","target":{"@type":"EntryPoint","urlTemplate":"https:\/\/hojassueltas.es\/?s={search_term_string}"},"query-input":{"@type":"PropertyValueSpecification","valueRequired":true,"valueName":"search_term_string"}}],"inLanguage":"es"},{"@type":"Organization","@id":"https:\/\/hojassueltas.es\/#organization","name":"HOJAS SUELTAS - Peri\u00f3dico Cultural","alternateName":"HS - HOJAS SUELTAS Peri\u00f3dico Cultural","url":"https:\/\/hojassueltas.es\/","logo":{"@type":"ImageObject","inLanguage":"es","@id":"https:\/\/hojassueltas.es\/#\/schema\/logo\/image\/","url":"https:\/\/hojassueltas.es\/wp-content\/uploads\/2025\/08\/Icono-HS_2.png","contentUrl":"https:\/\/hojassueltas.es\/wp-content\/uploads\/2025\/08\/Icono-HS_2.png","width":500,"height":500,"caption":"HOJAS SUELTAS - Peri\u00f3dico Cultural"},"image":{"@id":"https:\/\/hojassueltas.es\/#\/schema\/logo\/image\/"},"sameAs":["https:\/\/x.com\/HOJASSUELTAS22"]},{"@type":"Person","@id":"https:\/\/hojassueltas.es\/#\/schema\/person\/0389067b4326cb39a47134847eb55133","name":"Ana Morilla Palacios","image":{"@type":"ImageObject","inLanguage":"es","@id":"https:\/\/hojassueltas.es\/wp-content\/uploads\/2023\/02\/Ana-Morilla_web-96x96.jpg","url":"https:\/\/hojassueltas.es\/wp-content\/uploads\/2023\/02\/Ana-Morilla_web-96x96.jpg","contentUrl":"https:\/\/hojassueltas.es\/wp-content\/uploads\/2023\/02\/Ana-Morilla_web-96x96.jpg","caption":"Ana Morilla Palacios"},"description":"Doctora en Teor\u00eda de la Literatura y del Arte y Literatura Comparada; m\u00e1ster en Estudios Literarios y Teatrales; DEA en Literatura Hispanoamericana y licenciada en Filolog\u00eda Hisp\u00e1nica. Dirigi\u00f3 la editorial Artificios y fue lectora y correctora para la editorial Traspi\u00e9s. Realiz\u00f3 un proyecto en el sello Dorothy (junto a la ilustradora Sabina Morante). Tambi\u00e9n es coach literario y profesora de talleres de escritura creativa.","url":"https:\/\/hojassueltas.es\/?author=19"}]}},"_links":{"self":[{"href":"https:\/\/hojassueltas.es\/index.php?rest_route=\/wp\/v2\/posts\/6042","targetHints":{"allow":["GET"]}}],"collection":[{"href":"https:\/\/hojassueltas.es\/index.php?rest_route=\/wp\/v2\/posts"}],"about":[{"href":"https:\/\/hojassueltas.es\/index.php?rest_route=\/wp\/v2\/types\/post"}],"author":[{"embeddable":true,"href":"https:\/\/hojassueltas.es\/index.php?rest_route=\/wp\/v2\/users\/19"}],"replies":[{"embeddable":true,"href":"https:\/\/hojassueltas.es\/index.php?rest_route=%2Fwp%2Fv2%2Fcomments&post=6042"}],"version-history":[{"count":2,"href":"https:\/\/hojassueltas.es\/index.php?rest_route=\/wp\/v2\/posts\/6042\/revisions"}],"predecessor-version":[{"id":17519,"href":"https:\/\/hojassueltas.es\/index.php?rest_route=\/wp\/v2\/posts\/6042\/revisions\/17519"}],"wp:featuredmedia":[{"embeddable":true,"href":"https:\/\/hojassueltas.es\/index.php?rest_route=\/wp\/v2\/media\/6043"}],"wp:attachment":[{"href":"https:\/\/hojassueltas.es\/index.php?rest_route=%2Fwp%2Fv2%2Fmedia&parent=6042"}],"wp:term":[{"taxonomy":"category","embeddable":true,"href":"https:\/\/hojassueltas.es\/index.php?rest_route=%2Fwp%2Fv2%2Fcategories&post=6042"},{"taxonomy":"post_tag","embeddable":true,"href":"https:\/\/hojassueltas.es\/index.php?rest_route=%2Fwp%2Fv2%2Ftags&post=6042"}],"curies":[{"name":"wp","href":"https:\/\/api.w.org\/{rel}","templated":true}]}}