{"id":590,"date":"2022-12-27T00:00:15","date_gmt":"2022-12-26T23:00:15","guid":{"rendered":"https:\/\/hojassueltas.aldoediciones.es\/?p=590"},"modified":"2025-12-05T13:36:41","modified_gmt":"2025-12-05T11:36:41","slug":"oda-a-un-arbol","status":"publish","type":"post","link":"https:\/\/hojassueltas.es\/?p=590","title":{"rendered":"Oda a un \u00e1rbol"},"content":{"rendered":"<p>&nbsp;<\/p>\n<p style=\"padding-left: 120px;\">Cuando las ra\u00edces son profundas,<\/p>\n<p style=\"padding-left: 120px;\">El tronco se expande, erguido.<\/p>\n<p style=\"padding-left: 120px;\">Puede torcerse, pero, aun as\u00ed, conoce su verticalidad.<\/p>\n<p style=\"padding-left: 120px;\">Ramas largas, con ilimitadas hojas,<\/p>\n<p style=\"padding-left: 120px;\">una por cada vivencia.<\/p>\n<p style=\"padding-left: 120px;\">Llenas de nervios, tan infinitos,<\/p>\n<p style=\"padding-left: 120px;\">como las gotas de lluvia que los hab\u00edan atravesado.<\/p>\n<p style=\"padding-left: 120px;\">Las hojas tambi\u00e9n muestran las heridas,<\/p>\n<p style=\"padding-left: 120px;\">como un proceso que pertenece a la vida.<\/p>\n<p style=\"padding-left: 120px;\">Con la sabidur\u00eda que da el pasar de los a\u00f1os,<\/p>\n<p style=\"padding-left: 120px;\">firmes, contemplando su alrededor,<\/p>\n<p style=\"padding-left: 120px;\">siempre en el ahora.<\/p>\n<p style=\"padding-left: 120px;\">Con la generosidad de compartir sus ramas<\/p>\n<p style=\"padding-left: 120px;\">con los p\u00e1jaros, en simbiosis.<\/p>\n<p style=\"padding-left: 120px;\">Un \u00e1rbol nunca se cuestiona si est\u00e1 en el lugar correcto;<\/p>\n<p style=\"padding-left: 120px;\">sabe que est\u00e1 exactamente donde debe estar.<\/p>\n<p style=\"padding-left: 120px;\">Su presencia es sencilla y humilde;<\/p>\n<p style=\"padding-left: 120px;\">sabe que en la simpleza radica la sabidur\u00eda.<\/p>\n<p style=\"padding-left: 120px;\">Se le reconoce por su templanza.<\/p>\n<p style=\"padding-left: 120px;\">Un \u00e1rbol siempre te cobija,<\/p>\n<p style=\"padding-left: 120px;\">no te juzga por quien eres.<\/p>\n<p style=\"padding-left: 120px;\">El abrazo de un \u00e1rbol,<\/p>\n<p style=\"padding-left: 120px;\">siempre est\u00e1 disponible.<\/p>\n<p>\u00a9 M. Mar Garc\u00eda-Diciembre 2022<br \/>\nCoach Transpersonal Hol\u00edstica<br \/>\nDirectora del Centro Alma y Tierra<br \/>\n<a href=\"http:\/\/www.almaytierra.com\">www.almaytierra.com<\/a><\/p>\n","protected":false},"excerpt":{"rendered":"<p>&nbsp; Cuando las ra\u00edces son profundas, El tronco se expande, erguido. Puede torcerse, pero, aun as\u00ed, conoce su verticalidad. Ramas largas, con ilimitadas hojas, una por cada vivencia. Llenas de nervios, tan infinitos, como las gotas de lluvia que los hab\u00edan atravesado. Las hojas tambi\u00e9n muestran las heridas, como un proceso que pertenece a la [&hellip;]<\/p>\n","protected":false},"author":6,"featured_media":591,"comment_status":"open","ping_status":"closed","sticky":false,"template":"","format":"standard","meta":{"footnotes":""},"categories":[2766],"tags":[97],"class_list":{"0":"post-590","1":"post","2":"type-post","3":"status-publish","4":"format-standard","5":"has-post-thumbnail","7":"category-reflexiones-colaboraciones","8":"tag-m-mar-garcia"},"yoast_head":"<!-- This site is optimized with the Yoast SEO plugin v27.5 - https:\/\/yoast.com\/product\/yoast-seo-wordpress\/ -->\n<title>Oda a un \u00e1rbol | HOJAS SUELTAS Peri\u00f3dico Cultural<\/title>\n<meta name=\"description\" content=\"Oda a un \u00e1rbol\" \/>\n<meta name=\"robots\" content=\"index, follow, max-snippet:-1, max-image-preview:large, max-video-preview:-1\" \/>\n<link rel=\"canonical\" href=\"https:\/\/hojassueltas.es\/?p=590\" \/>\n<meta property=\"og:locale\" content=\"es_ES\" \/>\n<meta property=\"og:type\" content=\"article\" \/>\n<meta property=\"og:title\" content=\"Oda a un \u00e1rbol | HOJAS SUELTAS Peri\u00f3dico Cultural\" \/>\n<meta property=\"og:description\" content=\"Oda a un \u00e1rbol\" \/>\n<meta property=\"og:url\" content=\"https:\/\/hojassueltas.es\/?p=590\" \/>\n<meta property=\"og:site_name\" content=\"HOJAS SUELTAS Peri\u00f3dico Cultural\" \/>\n<meta property=\"article:published_time\" content=\"2022-12-26T23:00:15+00:00\" \/>\n<meta property=\"article:modified_time\" content=\"2025-12-05T11:36:41+00:00\" \/>\n<meta property=\"og:image\" content=\"https:\/\/hojassueltas.es\/wp-content\/uploads\/2022\/12\/HS_oda-a-un-arbol_web.png\" \/>\n\t<meta property=\"og:image:width\" content=\"1050\" \/>\n\t<meta property=\"og:image:height\" content=\"610\" \/>\n\t<meta property=\"og:image:type\" content=\"image\/png\" \/>\n<meta name=\"author\" content=\"Mar\u00eda del Mar Garc\u00eda\" \/>\n<meta name=\"twitter:card\" content=\"summary_large_image\" \/>\n<meta name=\"twitter:creator\" content=\"@HOJASSUELTAS22\" \/>\n<meta name=\"twitter:site\" content=\"@HOJASSUELTAS22\" \/>\n<meta name=\"twitter:label1\" content=\"Escrito por\" \/>\n\t<meta name=\"twitter:data1\" content=\"Mar\u00eda del Mar Garc\u00eda\" \/>\n\t<meta name=\"twitter:label2\" content=\"Tiempo de lectura\" \/>\n\t<meta name=\"twitter:data2\" content=\"1 minuto\" \/>\n<script type=\"application\/ld+json\" class=\"yoast-schema-graph\">{\"@context\":\"https:\\\/\\\/schema.org\",\"@graph\":[{\"@type\":[\"Article\",\"BlogPosting\"],\"@id\":\"https:\\\/\\\/hojassueltas.es\\\/?p=590#article\",\"isPartOf\":{\"@id\":\"https:\\\/\\\/hojassueltas.es\\\/?p=590\"},\"author\":{\"name\":\"Mar\u00eda del Mar Garc\u00eda\",\"@id\":\"https:\\\/\\\/hojassueltas.es\\\/#\\\/schema\\\/person\\\/3bebed251cd272aebc76053ab7cc7147\"},\"headline\":\"Oda a un \u00e1rbol\",\"datePublished\":\"2022-12-26T23:00:15+00:00\",\"dateModified\":\"2025-12-05T11:36:41+00:00\",\"mainEntityOfPage\":{\"@id\":\"https:\\\/\\\/hojassueltas.es\\\/?p=590\"},\"wordCount\":171,\"commentCount\":0,\"publisher\":{\"@id\":\"https:\\\/\\\/hojassueltas.es\\\/#organization\"},\"image\":{\"@id\":\"https:\\\/\\\/hojassueltas.es\\\/?p=590#primaryimage\"},\"thumbnailUrl\":\"https:\\\/\\\/hojassueltas.es\\\/wp-content\\\/uploads\\\/2022\\\/12\\\/HS_oda-a-un-arbol_web.png\",\"keywords\":[\"Mar\u00eda del Mar Garcia\"],\"articleSection\":[\"REFLEXIONES\"],\"inLanguage\":\"es\",\"potentialAction\":[{\"@type\":\"CommentAction\",\"name\":\"Comment\",\"target\":[\"https:\\\/\\\/hojassueltas.es\\\/?p=590#respond\"]}]},{\"@type\":\"WebPage\",\"@id\":\"https:\\\/\\\/hojassueltas.es\\\/?p=590\",\"url\":\"https:\\\/\\\/hojassueltas.es\\\/?p=590\",\"name\":\"Oda a un \u00e1rbol | HOJAS SUELTAS Peri\u00f3dico Cultural\",\"isPartOf\":{\"@id\":\"https:\\\/\\\/hojassueltas.es\\\/#website\"},\"primaryImageOfPage\":{\"@id\":\"https:\\\/\\\/hojassueltas.es\\\/?p=590#primaryimage\"},\"image\":{\"@id\":\"https:\\\/\\\/hojassueltas.es\\\/?p=590#primaryimage\"},\"thumbnailUrl\":\"https:\\\/\\\/hojassueltas.es\\\/wp-content\\\/uploads\\\/2022\\\/12\\\/HS_oda-a-un-arbol_web.png\",\"datePublished\":\"2022-12-26T23:00:15+00:00\",\"dateModified\":\"2025-12-05T11:36:41+00:00\",\"description\":\"Oda a un \u00e1rbol\",\"breadcrumb\":{\"@id\":\"https:\\\/\\\/hojassueltas.es\\\/?p=590#breadcrumb\"},\"inLanguage\":\"es\",\"potentialAction\":[{\"@type\":\"ReadAction\",\"target\":[\"https:\\\/\\\/hojassueltas.es\\\/?p=590\"]}]},{\"@type\":\"ImageObject\",\"inLanguage\":\"es\",\"@id\":\"https:\\\/\\\/hojassueltas.es\\\/?p=590#primaryimage\",\"url\":\"https:\\\/\\\/hojassueltas.es\\\/wp-content\\\/uploads\\\/2022\\\/12\\\/HS_oda-a-un-arbol_web.png\",\"contentUrl\":\"https:\\\/\\\/hojassueltas.es\\\/wp-content\\\/uploads\\\/2022\\\/12\\\/HS_oda-a-un-arbol_web.png\",\"width\":1050,\"height\":610},{\"@type\":\"BreadcrumbList\",\"@id\":\"https:\\\/\\\/hojassueltas.es\\\/?p=590#breadcrumb\",\"itemListElement\":[{\"@type\":\"ListItem\",\"position\":1,\"name\":\"Portada\",\"item\":\"https:\\\/\\\/hojassueltas.es\\\/\"},{\"@type\":\"ListItem\",\"position\":2,\"name\":\"Oda a un \u00e1rbol\"}]},{\"@type\":\"WebSite\",\"@id\":\"https:\\\/\\\/hojassueltas.es\\\/#website\",\"url\":\"https:\\\/\\\/hojassueltas.es\\\/\",\"name\":\"HojasSueltas.es\",\"description\":\"GRANADA - Peri\u00f3dico Cultural\",\"publisher\":{\"@id\":\"https:\\\/\\\/hojassueltas.es\\\/#organization\"},\"alternateName\":\"H.S. Periodico Cultural\",\"potentialAction\":[{\"@type\":\"SearchAction\",\"target\":{\"@type\":\"EntryPoint\",\"urlTemplate\":\"https:\\\/\\\/hojassueltas.es\\\/?s={search_term_string}\"},\"query-input\":{\"@type\":\"PropertyValueSpecification\",\"valueRequired\":true,\"valueName\":\"search_term_string\"}}],\"inLanguage\":\"es\"},{\"@type\":\"Organization\",\"@id\":\"https:\\\/\\\/hojassueltas.es\\\/#organization\",\"name\":\"HOJAS SUELTAS - Peri\u00f3dico Cultural\",\"alternateName\":\"HS - HOJAS SUELTAS Peri\u00f3dico Cultural\",\"url\":\"https:\\\/\\\/hojassueltas.es\\\/\",\"logo\":{\"@type\":\"ImageObject\",\"inLanguage\":\"es\",\"@id\":\"https:\\\/\\\/hojassueltas.es\\\/#\\\/schema\\\/logo\\\/image\\\/\",\"url\":\"https:\\\/\\\/hojassueltas.es\\\/wp-content\\\/uploads\\\/2025\\\/08\\\/Icono-HS_2.png\",\"contentUrl\":\"https:\\\/\\\/hojassueltas.es\\\/wp-content\\\/uploads\\\/2025\\\/08\\\/Icono-HS_2.png\",\"width\":500,\"height\":500,\"caption\":\"HOJAS SUELTAS - Peri\u00f3dico Cultural\"},\"image\":{\"@id\":\"https:\\\/\\\/hojassueltas.es\\\/#\\\/schema\\\/logo\\\/image\\\/\"},\"sameAs\":[\"https:\\\/\\\/x.com\\\/HOJASSUELTAS22\"]},{\"@type\":\"Person\",\"@id\":\"https:\\\/\\\/hojassueltas.es\\\/#\\\/schema\\\/person\\\/3bebed251cd272aebc76053ab7cc7147\",\"name\":\"Mar\u00eda del Mar Garc\u00eda\",\"image\":{\"@type\":\"ImageObject\",\"inLanguage\":\"es\",\"@id\":\"https:\\\/\\\/hojassueltas.es\\\/wp-content\\\/uploads\\\/2022\\\/12\\\/Maria-del-Mar-96x96.jpeg\",\"url\":\"https:\\\/\\\/hojassueltas.es\\\/wp-content\\\/uploads\\\/2022\\\/12\\\/Maria-del-Mar-96x96.jpeg\",\"contentUrl\":\"https:\\\/\\\/hojassueltas.es\\\/wp-content\\\/uploads\\\/2022\\\/12\\\/Maria-del-Mar-96x96.jpeg\",\"caption\":\"Mar\u00eda del Mar Garc\u00eda\"},\"description\":\"Licenciada en Filolog\u00eda Inglesa. \u00c1vida lectora y eterna estudiante, apasionada del ser humano y la espiritualidad. Actualmente es Coach, especializada en lo transpersonal, sist\u00e9mico y energ\u00e9tico. Imparte formaciones, cursos de crecimiento personal, sesiones individuales y retiros. Regenta \\\"Alma y Tierra\\\", un Centro para el desarrollo humano. Mujer, so\u00f1adora y amante de la naturaleza .\",\"url\":\"https:\\\/\\\/hojassueltas.es\\\/?author=6\"}]}<\/script>\n<!-- \/ Yoast SEO plugin. -->","yoast_head_json":{"title":"Oda a un \u00e1rbol | HOJAS SUELTAS Peri\u00f3dico Cultural","description":"Oda a un \u00e1rbol","robots":{"index":"index","follow":"follow","max-snippet":"max-snippet:-1","max-image-preview":"max-image-preview:large","max-video-preview":"max-video-preview:-1"},"canonical":"https:\/\/hojassueltas.es\/?p=590","og_locale":"es_ES","og_type":"article","og_title":"Oda a un \u00e1rbol | HOJAS SUELTAS Peri\u00f3dico Cultural","og_description":"Oda a un \u00e1rbol","og_url":"https:\/\/hojassueltas.es\/?p=590","og_site_name":"HOJAS SUELTAS Peri\u00f3dico Cultural","article_published_time":"2022-12-26T23:00:15+00:00","article_modified_time":"2025-12-05T11:36:41+00:00","og_image":[{"width":1050,"height":610,"url":"https:\/\/hojassueltas.es\/wp-content\/uploads\/2022\/12\/HS_oda-a-un-arbol_web.png","type":"image\/png"}],"author":"Mar\u00eda del Mar Garc\u00eda","twitter_card":"summary_large_image","twitter_creator":"@HOJASSUELTAS22","twitter_site":"@HOJASSUELTAS22","twitter_misc":{"Escrito por":"Mar\u00eda del Mar Garc\u00eda","Tiempo de lectura":"1 minuto"},"schema":{"@context":"https:\/\/schema.org","@graph":[{"@type":["Article","BlogPosting"],"@id":"https:\/\/hojassueltas.es\/?p=590#article","isPartOf":{"@id":"https:\/\/hojassueltas.es\/?p=590"},"author":{"name":"Mar\u00eda del Mar Garc\u00eda","@id":"https:\/\/hojassueltas.es\/#\/schema\/person\/3bebed251cd272aebc76053ab7cc7147"},"headline":"Oda a un \u00e1rbol","datePublished":"2022-12-26T23:00:15+00:00","dateModified":"2025-12-05T11:36:41+00:00","mainEntityOfPage":{"@id":"https:\/\/hojassueltas.es\/?p=590"},"wordCount":171,"commentCount":0,"publisher":{"@id":"https:\/\/hojassueltas.es\/#organization"},"image":{"@id":"https:\/\/hojassueltas.es\/?p=590#primaryimage"},"thumbnailUrl":"https:\/\/hojassueltas.es\/wp-content\/uploads\/2022\/12\/HS_oda-a-un-arbol_web.png","keywords":["Mar\u00eda del Mar Garcia"],"articleSection":["REFLEXIONES"],"inLanguage":"es","potentialAction":[{"@type":"CommentAction","name":"Comment","target":["https:\/\/hojassueltas.es\/?p=590#respond"]}]},{"@type":"WebPage","@id":"https:\/\/hojassueltas.es\/?p=590","url":"https:\/\/hojassueltas.es\/?p=590","name":"Oda a un \u00e1rbol | HOJAS SUELTAS Peri\u00f3dico Cultural","isPartOf":{"@id":"https:\/\/hojassueltas.es\/#website"},"primaryImageOfPage":{"@id":"https:\/\/hojassueltas.es\/?p=590#primaryimage"},"image":{"@id":"https:\/\/hojassueltas.es\/?p=590#primaryimage"},"thumbnailUrl":"https:\/\/hojassueltas.es\/wp-content\/uploads\/2022\/12\/HS_oda-a-un-arbol_web.png","datePublished":"2022-12-26T23:00:15+00:00","dateModified":"2025-12-05T11:36:41+00:00","description":"Oda a un \u00e1rbol","breadcrumb":{"@id":"https:\/\/hojassueltas.es\/?p=590#breadcrumb"},"inLanguage":"es","potentialAction":[{"@type":"ReadAction","target":["https:\/\/hojassueltas.es\/?p=590"]}]},{"@type":"ImageObject","inLanguage":"es","@id":"https:\/\/hojassueltas.es\/?p=590#primaryimage","url":"https:\/\/hojassueltas.es\/wp-content\/uploads\/2022\/12\/HS_oda-a-un-arbol_web.png","contentUrl":"https:\/\/hojassueltas.es\/wp-content\/uploads\/2022\/12\/HS_oda-a-un-arbol_web.png","width":1050,"height":610},{"@type":"BreadcrumbList","@id":"https:\/\/hojassueltas.es\/?p=590#breadcrumb","itemListElement":[{"@type":"ListItem","position":1,"name":"Portada","item":"https:\/\/hojassueltas.es\/"},{"@type":"ListItem","position":2,"name":"Oda a un \u00e1rbol"}]},{"@type":"WebSite","@id":"https:\/\/hojassueltas.es\/#website","url":"https:\/\/hojassueltas.es\/","name":"HojasSueltas.es","description":"GRANADA - Peri\u00f3dico Cultural","publisher":{"@id":"https:\/\/hojassueltas.es\/#organization"},"alternateName":"H.S. Periodico Cultural","potentialAction":[{"@type":"SearchAction","target":{"@type":"EntryPoint","urlTemplate":"https:\/\/hojassueltas.es\/?s={search_term_string}"},"query-input":{"@type":"PropertyValueSpecification","valueRequired":true,"valueName":"search_term_string"}}],"inLanguage":"es"},{"@type":"Organization","@id":"https:\/\/hojassueltas.es\/#organization","name":"HOJAS SUELTAS - Peri\u00f3dico Cultural","alternateName":"HS - HOJAS SUELTAS Peri\u00f3dico Cultural","url":"https:\/\/hojassueltas.es\/","logo":{"@type":"ImageObject","inLanguage":"es","@id":"https:\/\/hojassueltas.es\/#\/schema\/logo\/image\/","url":"https:\/\/hojassueltas.es\/wp-content\/uploads\/2025\/08\/Icono-HS_2.png","contentUrl":"https:\/\/hojassueltas.es\/wp-content\/uploads\/2025\/08\/Icono-HS_2.png","width":500,"height":500,"caption":"HOJAS SUELTAS - Peri\u00f3dico Cultural"},"image":{"@id":"https:\/\/hojassueltas.es\/#\/schema\/logo\/image\/"},"sameAs":["https:\/\/x.com\/HOJASSUELTAS22"]},{"@type":"Person","@id":"https:\/\/hojassueltas.es\/#\/schema\/person\/3bebed251cd272aebc76053ab7cc7147","name":"Mar\u00eda del Mar Garc\u00eda","image":{"@type":"ImageObject","inLanguage":"es","@id":"https:\/\/hojassueltas.es\/wp-content\/uploads\/2022\/12\/Maria-del-Mar-96x96.jpeg","url":"https:\/\/hojassueltas.es\/wp-content\/uploads\/2022\/12\/Maria-del-Mar-96x96.jpeg","contentUrl":"https:\/\/hojassueltas.es\/wp-content\/uploads\/2022\/12\/Maria-del-Mar-96x96.jpeg","caption":"Mar\u00eda del Mar Garc\u00eda"},"description":"Licenciada en Filolog\u00eda Inglesa. \u00c1vida lectora y eterna estudiante, apasionada del ser humano y la espiritualidad. Actualmente es Coach, especializada en lo transpersonal, sist\u00e9mico y energ\u00e9tico. Imparte formaciones, cursos de crecimiento personal, sesiones individuales y retiros. Regenta \"Alma y Tierra\", un Centro para el desarrollo humano. Mujer, so\u00f1adora y amante de la naturaleza .","url":"https:\/\/hojassueltas.es\/?author=6"}]}},"_links":{"self":[{"href":"https:\/\/hojassueltas.es\/index.php?rest_route=\/wp\/v2\/posts\/590","targetHints":{"allow":["GET"]}}],"collection":[{"href":"https:\/\/hojassueltas.es\/index.php?rest_route=\/wp\/v2\/posts"}],"about":[{"href":"https:\/\/hojassueltas.es\/index.php?rest_route=\/wp\/v2\/types\/post"}],"author":[{"embeddable":true,"href":"https:\/\/hojassueltas.es\/index.php?rest_route=\/wp\/v2\/users\/6"}],"replies":[{"embeddable":true,"href":"https:\/\/hojassueltas.es\/index.php?rest_route=%2Fwp%2Fv2%2Fcomments&post=590"}],"version-history":[{"count":3,"href":"https:\/\/hojassueltas.es\/index.php?rest_route=\/wp\/v2\/posts\/590\/revisions"}],"predecessor-version":[{"id":602,"href":"https:\/\/hojassueltas.es\/index.php?rest_route=\/wp\/v2\/posts\/590\/revisions\/602"}],"wp:featuredmedia":[{"embeddable":true,"href":"https:\/\/hojassueltas.es\/index.php?rest_route=\/wp\/v2\/media\/591"}],"wp:attachment":[{"href":"https:\/\/hojassueltas.es\/index.php?rest_route=%2Fwp%2Fv2%2Fmedia&parent=590"}],"wp:term":[{"taxonomy":"category","embeddable":true,"href":"https:\/\/hojassueltas.es\/index.php?rest_route=%2Fwp%2Fv2%2Fcategories&post=590"},{"taxonomy":"post_tag","embeddable":true,"href":"https:\/\/hojassueltas.es\/index.php?rest_route=%2Fwp%2Fv2%2Ftags&post=590"}],"curies":[{"name":"wp","href":"https:\/\/api.w.org\/{rel}","templated":true}]}}