{"id":5747,"date":"2023-08-11T00:03:09","date_gmt":"2023-08-10T22:03:09","guid":{"rendered":"https:\/\/hojassueltas.es\/?p=5747"},"modified":"2025-10-18T11:11:47","modified_gmt":"2025-10-18T09:11:47","slug":"la-ciudad-de-la-piel-de-plata","status":"publish","type":"post","link":"https:\/\/hojassueltas.es\/?p=5747","title":{"rendered":"La ciudad de la piel de plata"},"content":{"rendered":"<h1><strong>LA CIUDAD DE LA PIEL DE PLATA<\/strong><\/h1>\n<p>\u2014 <span style=\"font-family: impact, sans-serif; font-size: 20px;\">F\u00e9lix G. Modro\u00f1o<\/span><\/p>\n<hr \/>\n<p style=\"text-align: justify;\">Alberto Cepeda regresa a Bilbao despu\u00e9s de un exilio de diez a\u00f1os al que se vio forzado por las amenazas de ETA a sus padres, unos de los miles de emigrantes que llegaron a Vizcaya en los a\u00f1os sesenta.<\/p>\n<p style=\"text-align: justify;\">En 1993, contratado por el estudio de ingenier\u00eda encargado de construir el museo Guggenheim, Alberto tendr\u00e1 que vencer sus miedos para enfrentarse a su amada ciudad, cuya vida sigue condicionada por el terrorismo. All\u00ed se encuentra con Izarbe Segurola, la hija de su jefe, de quien se enamora perdidamente, y que le revela un misterioso episodio del pasado de su familia relacionado con una ni\u00f1a robada durante la guerra civil, que Alberto decidir\u00e1 investigar.<\/p>\n<p style=\"text-align: justify;\"><strong>Una envolvente novela que nos lleva del Bilbao de los a\u00f1os sesenta hasta el inicio de su gran transformaci\u00f3n a finales de los a\u00f1os noventa con la inauguraci\u00f3n del Guggenheim, y que supone el cierre de la exitosa trilog\u00eda de Modro\u00f1o sobre la ciudad.<\/strong><\/p>\n<p>Autor:<\/p>\n<p style=\"text-align: justify;\"><strong>F\u00e9lix G. Modro\u00f1o<\/strong>\u00a0es un escritor vizca\u00edno, de or\u00edgenes zamoranos, afincado en Santander. Licenciado en Derecho por la Universidad de Salamanca, trabaj\u00f3 durante m\u00e1s de dos d\u00e9cadas en el sector financiero, que decidi\u00f3 abandonar para dedicarse en exclusiva a la literatura. Es autor de la saga detectivesca protagonizada por el doctor Z\u00fa\u00f1iga, as\u00ed como de la exitosa serie de novelas que homenajean a la ciudad de Bilbao:\u00a0<em>La ciudad de los ojos grises, La ciudad del alma dormida<\/em>\u00a0y este \u00faltimo libro,\u00a0<em>La ciudad de la piel de plata\u00a0<\/em>(Destino, 2023)<em>.<\/em>\u00a0En\u00a0<em>Sol de brujas<\/em>\u00a0(Destino, 2022) retom\u00f3 la novela negra, con la que ya destac\u00f3 en\u00a0<em>Secretos del Arenal<\/em>\u00a0al obtener el Premio Ateneo de Sevilla. Su obra se caracteriza por el mestizaje de g\u00e9neros, una cuidada ambientaci\u00f3n y el uso de una prosa evocadora, que le han valido el reconocimiento de los lectores.<\/p>\n<p>\u00a9 Destino<\/p>\n","protected":false},"excerpt":{"rendered":"<p>LA CIUDAD DE LA PIEL DE PLATA \u2014 F\u00e9lix G. Modro\u00f1o Alberto Cepeda regresa a Bilbao despu\u00e9s de un exilio de diez a\u00f1os al que se vio forzado por las amenazas de ETA a sus padres, unos de los miles de emigrantes que llegaron a Vizcaya en los a\u00f1os sesenta. En 1993, contratado por el [&hellip;]<\/p>\n","protected":false},"author":1,"featured_media":5757,"comment_status":"open","ping_status":"closed","sticky":false,"template":"","format":"standard","meta":{"footnotes":""},"categories":[1124],"tags":[128,737],"class_list":{"0":"post-5747","1":"post","2":"type-post","3":"status-publish","4":"format-standard","5":"has-post-thumbnail","7":"category-por-que-leer","8":"tag-destino-editorial","9":"tag-felix-g-modrono"},"yoast_head":"<!-- This site is optimized with the Yoast SEO plugin v27.5 - https:\/\/yoast.com\/product\/yoast-seo-wordpress\/ -->\n<title>La ciudad de la piel de plata | HOJAS SUELTAS Peri\u00f3dico Cultural<\/title>\n<meta name=\"robots\" content=\"index, follow, max-snippet:-1, max-image-preview:large, max-video-preview:-1\" \/>\n<link rel=\"canonical\" href=\"https:\/\/hojassueltas.es\/?p=5747\" \/>\n<meta property=\"og:locale\" content=\"es_ES\" \/>\n<meta property=\"og:type\" content=\"article\" \/>\n<meta property=\"og:title\" content=\"La ciudad de la piel de plata | HOJAS SUELTAS Peri\u00f3dico Cultural\" \/>\n<meta property=\"og:description\" content=\"LA CIUDAD DE LA PIEL DE PLATA \u2014 F\u00e9lix G. Modro\u00f1o Alberto Cepeda regresa a Bilbao despu\u00e9s de un exilio de diez a\u00f1os al que se vio forzado por las amenazas de ETA a sus padres, unos de los miles de emigrantes que llegaron a Vizcaya en los a\u00f1os sesenta. En 1993, contratado por el [&hellip;]\" \/>\n<meta property=\"og:url\" content=\"https:\/\/hojassueltas.es\/?p=5747\" \/>\n<meta property=\"og:site_name\" content=\"HOJAS SUELTAS Peri\u00f3dico Cultural\" \/>\n<meta property=\"article:published_time\" content=\"2023-08-10T22:03:09+00:00\" \/>\n<meta property=\"article:modified_time\" content=\"2025-10-18T09:11:47+00:00\" \/>\n<meta property=\"og:image\" content=\"https:\/\/hojassueltas.es\/wp-content\/uploads\/2023\/08\/La-ciudad-de-la-piel-_web.png\" \/>\n\t<meta property=\"og:image:width\" content=\"1050\" \/>\n\t<meta property=\"og:image:height\" content=\"610\" \/>\n\t<meta property=\"og:image:type\" content=\"image\/png\" \/>\n<meta name=\"author\" content=\"Redacci\u00f3n\" \/>\n<meta name=\"twitter:card\" content=\"summary_large_image\" \/>\n<meta name=\"twitter:creator\" content=\"@HOJASSUELTAS22\" \/>\n<meta name=\"twitter:site\" content=\"@HOJASSUELTAS22\" \/>\n<meta name=\"twitter:label1\" content=\"Escrito por\" \/>\n\t<meta name=\"twitter:data1\" content=\"Redacci\u00f3n\" \/>\n\t<meta name=\"twitter:label2\" content=\"Tiempo de lectura\" \/>\n\t<meta name=\"twitter:data2\" content=\"2 minutos\" \/>\n<script type=\"application\/ld+json\" class=\"yoast-schema-graph\">{\"@context\":\"https:\\\/\\\/schema.org\",\"@graph\":[{\"@type\":[\"Article\",\"BlogPosting\"],\"@id\":\"https:\\\/\\\/hojassueltas.es\\\/?p=5747#article\",\"isPartOf\":{\"@id\":\"https:\\\/\\\/hojassueltas.es\\\/?p=5747\"},\"author\":{\"name\":\"Redacci\u00f3n\",\"@id\":\"https:\\\/\\\/hojassueltas.es\\\/#\\\/schema\\\/person\\\/f232bbdb834c61c90aff2245daa401c0\"},\"headline\":\"La ciudad de la piel de plata\",\"datePublished\":\"2023-08-10T22:03:09+00:00\",\"dateModified\":\"2025-10-18T09:11:47+00:00\",\"mainEntityOfPage\":{\"@id\":\"https:\\\/\\\/hojassueltas.es\\\/?p=5747\"},\"wordCount\":340,\"commentCount\":0,\"publisher\":{\"@id\":\"https:\\\/\\\/hojassueltas.es\\\/#organization\"},\"image\":{\"@id\":\"https:\\\/\\\/hojassueltas.es\\\/?p=5747#primaryimage\"},\"thumbnailUrl\":\"https:\\\/\\\/hojassueltas.es\\\/wp-content\\\/uploads\\\/2023\\\/08\\\/La-ciudad-de-la-piel-_web.png\",\"keywords\":[\"Destino Editorial\",\"F\u00e9lix G. Modro\u00f1o\"],\"articleSection\":[\"POR QU\u00c9 LEER...\"],\"inLanguage\":\"es\",\"potentialAction\":[{\"@type\":\"CommentAction\",\"name\":\"Comment\",\"target\":[\"https:\\\/\\\/hojassueltas.es\\\/?p=5747#respond\"]}]},{\"@type\":\"WebPage\",\"@id\":\"https:\\\/\\\/hojassueltas.es\\\/?p=5747\",\"url\":\"https:\\\/\\\/hojassueltas.es\\\/?p=5747\",\"name\":\"La ciudad de la piel de plata | HOJAS SUELTAS Peri\u00f3dico Cultural\",\"isPartOf\":{\"@id\":\"https:\\\/\\\/hojassueltas.es\\\/#website\"},\"primaryImageOfPage\":{\"@id\":\"https:\\\/\\\/hojassueltas.es\\\/?p=5747#primaryimage\"},\"image\":{\"@id\":\"https:\\\/\\\/hojassueltas.es\\\/?p=5747#primaryimage\"},\"thumbnailUrl\":\"https:\\\/\\\/hojassueltas.es\\\/wp-content\\\/uploads\\\/2023\\\/08\\\/La-ciudad-de-la-piel-_web.png\",\"datePublished\":\"2023-08-10T22:03:09+00:00\",\"dateModified\":\"2025-10-18T09:11:47+00:00\",\"breadcrumb\":{\"@id\":\"https:\\\/\\\/hojassueltas.es\\\/?p=5747#breadcrumb\"},\"inLanguage\":\"es\",\"potentialAction\":[{\"@type\":\"ReadAction\",\"target\":[\"https:\\\/\\\/hojassueltas.es\\\/?p=5747\"]}]},{\"@type\":\"ImageObject\",\"inLanguage\":\"es\",\"@id\":\"https:\\\/\\\/hojassueltas.es\\\/?p=5747#primaryimage\",\"url\":\"https:\\\/\\\/hojassueltas.es\\\/wp-content\\\/uploads\\\/2023\\\/08\\\/La-ciudad-de-la-piel-_web.png\",\"contentUrl\":\"https:\\\/\\\/hojassueltas.es\\\/wp-content\\\/uploads\\\/2023\\\/08\\\/La-ciudad-de-la-piel-_web.png\",\"width\":1050,\"height\":610},{\"@type\":\"BreadcrumbList\",\"@id\":\"https:\\\/\\\/hojassueltas.es\\\/?p=5747#breadcrumb\",\"itemListElement\":[{\"@type\":\"ListItem\",\"position\":1,\"name\":\"Portada\",\"item\":\"https:\\\/\\\/hojassueltas.es\\\/\"},{\"@type\":\"ListItem\",\"position\":2,\"name\":\"La ciudad de la piel de plata\"}]},{\"@type\":\"WebSite\",\"@id\":\"https:\\\/\\\/hojassueltas.es\\\/#website\",\"url\":\"https:\\\/\\\/hojassueltas.es\\\/\",\"name\":\"HojasSueltas.es\",\"description\":\"GRANADA - Peri\u00f3dico Cultural\",\"publisher\":{\"@id\":\"https:\\\/\\\/hojassueltas.es\\\/#organization\"},\"alternateName\":\"H.S. Periodico Cultural\",\"potentialAction\":[{\"@type\":\"SearchAction\",\"target\":{\"@type\":\"EntryPoint\",\"urlTemplate\":\"https:\\\/\\\/hojassueltas.es\\\/?s={search_term_string}\"},\"query-input\":{\"@type\":\"PropertyValueSpecification\",\"valueRequired\":true,\"valueName\":\"search_term_string\"}}],\"inLanguage\":\"es\"},{\"@type\":\"Organization\",\"@id\":\"https:\\\/\\\/hojassueltas.es\\\/#organization\",\"name\":\"HOJAS SUELTAS - Peri\u00f3dico Cultural\",\"alternateName\":\"HS - HOJAS SUELTAS Peri\u00f3dico Cultural\",\"url\":\"https:\\\/\\\/hojassueltas.es\\\/\",\"logo\":{\"@type\":\"ImageObject\",\"inLanguage\":\"es\",\"@id\":\"https:\\\/\\\/hojassueltas.es\\\/#\\\/schema\\\/logo\\\/image\\\/\",\"url\":\"https:\\\/\\\/hojassueltas.es\\\/wp-content\\\/uploads\\\/2025\\\/08\\\/Icono-HS_2.png\",\"contentUrl\":\"https:\\\/\\\/hojassueltas.es\\\/wp-content\\\/uploads\\\/2025\\\/08\\\/Icono-HS_2.png\",\"width\":500,\"height\":500,\"caption\":\"HOJAS SUELTAS - Peri\u00f3dico Cultural\"},\"image\":{\"@id\":\"https:\\\/\\\/hojassueltas.es\\\/#\\\/schema\\\/logo\\\/image\\\/\"},\"sameAs\":[\"https:\\\/\\\/x.com\\\/HOJASSUELTAS22\"]},{\"@type\":\"Person\",\"@id\":\"https:\\\/\\\/hojassueltas.es\\\/#\\\/schema\\\/person\\\/f232bbdb834c61c90aff2245daa401c0\",\"name\":\"Redacci\u00f3n\",\"image\":{\"@type\":\"ImageObject\",\"inLanguage\":\"es\",\"@id\":\"https:\\\/\\\/hojassueltas.es\\\/wp-content\\\/uploads\\\/2026\\\/02\\\/Redaccion-2-96x96.png\",\"url\":\"https:\\\/\\\/hojassueltas.es\\\/wp-content\\\/uploads\\\/2026\\\/02\\\/Redaccion-2-96x96.png\",\"contentUrl\":\"https:\\\/\\\/hojassueltas.es\\\/wp-content\\\/uploads\\\/2026\\\/02\\\/Redaccion-2-96x96.png\",\"caption\":\"Redacci\u00f3n\"},\"description\":\"Redacci\u00f3n de HOJAS SUELTAS\",\"url\":\"https:\\\/\\\/hojassueltas.es\\\/?author=1\"}]}<\/script>\n<!-- \/ Yoast SEO plugin. -->","yoast_head_json":{"title":"La ciudad de la piel de plata | HOJAS SUELTAS Peri\u00f3dico Cultural","robots":{"index":"index","follow":"follow","max-snippet":"max-snippet:-1","max-image-preview":"max-image-preview:large","max-video-preview":"max-video-preview:-1"},"canonical":"https:\/\/hojassueltas.es\/?p=5747","og_locale":"es_ES","og_type":"article","og_title":"La ciudad de la piel de plata | HOJAS SUELTAS Peri\u00f3dico Cultural","og_description":"LA CIUDAD DE LA PIEL DE PLATA \u2014 F\u00e9lix G. Modro\u00f1o Alberto Cepeda regresa a Bilbao despu\u00e9s de un exilio de diez a\u00f1os al que se vio forzado por las amenazas de ETA a sus padres, unos de los miles de emigrantes que llegaron a Vizcaya en los a\u00f1os sesenta. En 1993, contratado por el [&hellip;]","og_url":"https:\/\/hojassueltas.es\/?p=5747","og_site_name":"HOJAS SUELTAS Peri\u00f3dico Cultural","article_published_time":"2023-08-10T22:03:09+00:00","article_modified_time":"2025-10-18T09:11:47+00:00","og_image":[{"width":1050,"height":610,"url":"https:\/\/hojassueltas.es\/wp-content\/uploads\/2023\/08\/La-ciudad-de-la-piel-_web.png","type":"image\/png"}],"author":"Redacci\u00f3n","twitter_card":"summary_large_image","twitter_creator":"@HOJASSUELTAS22","twitter_site":"@HOJASSUELTAS22","twitter_misc":{"Escrito por":"Redacci\u00f3n","Tiempo de lectura":"2 minutos"},"schema":{"@context":"https:\/\/schema.org","@graph":[{"@type":["Article","BlogPosting"],"@id":"https:\/\/hojassueltas.es\/?p=5747#article","isPartOf":{"@id":"https:\/\/hojassueltas.es\/?p=5747"},"author":{"name":"Redacci\u00f3n","@id":"https:\/\/hojassueltas.es\/#\/schema\/person\/f232bbdb834c61c90aff2245daa401c0"},"headline":"La ciudad de la piel de plata","datePublished":"2023-08-10T22:03:09+00:00","dateModified":"2025-10-18T09:11:47+00:00","mainEntityOfPage":{"@id":"https:\/\/hojassueltas.es\/?p=5747"},"wordCount":340,"commentCount":0,"publisher":{"@id":"https:\/\/hojassueltas.es\/#organization"},"image":{"@id":"https:\/\/hojassueltas.es\/?p=5747#primaryimage"},"thumbnailUrl":"https:\/\/hojassueltas.es\/wp-content\/uploads\/2023\/08\/La-ciudad-de-la-piel-_web.png","keywords":["Destino Editorial","F\u00e9lix G. Modro\u00f1o"],"articleSection":["POR QU\u00c9 LEER..."],"inLanguage":"es","potentialAction":[{"@type":"CommentAction","name":"Comment","target":["https:\/\/hojassueltas.es\/?p=5747#respond"]}]},{"@type":"WebPage","@id":"https:\/\/hojassueltas.es\/?p=5747","url":"https:\/\/hojassueltas.es\/?p=5747","name":"La ciudad de la piel de plata | HOJAS SUELTAS Peri\u00f3dico Cultural","isPartOf":{"@id":"https:\/\/hojassueltas.es\/#website"},"primaryImageOfPage":{"@id":"https:\/\/hojassueltas.es\/?p=5747#primaryimage"},"image":{"@id":"https:\/\/hojassueltas.es\/?p=5747#primaryimage"},"thumbnailUrl":"https:\/\/hojassueltas.es\/wp-content\/uploads\/2023\/08\/La-ciudad-de-la-piel-_web.png","datePublished":"2023-08-10T22:03:09+00:00","dateModified":"2025-10-18T09:11:47+00:00","breadcrumb":{"@id":"https:\/\/hojassueltas.es\/?p=5747#breadcrumb"},"inLanguage":"es","potentialAction":[{"@type":"ReadAction","target":["https:\/\/hojassueltas.es\/?p=5747"]}]},{"@type":"ImageObject","inLanguage":"es","@id":"https:\/\/hojassueltas.es\/?p=5747#primaryimage","url":"https:\/\/hojassueltas.es\/wp-content\/uploads\/2023\/08\/La-ciudad-de-la-piel-_web.png","contentUrl":"https:\/\/hojassueltas.es\/wp-content\/uploads\/2023\/08\/La-ciudad-de-la-piel-_web.png","width":1050,"height":610},{"@type":"BreadcrumbList","@id":"https:\/\/hojassueltas.es\/?p=5747#breadcrumb","itemListElement":[{"@type":"ListItem","position":1,"name":"Portada","item":"https:\/\/hojassueltas.es\/"},{"@type":"ListItem","position":2,"name":"La ciudad de la piel de plata"}]},{"@type":"WebSite","@id":"https:\/\/hojassueltas.es\/#website","url":"https:\/\/hojassueltas.es\/","name":"HojasSueltas.es","description":"GRANADA - Peri\u00f3dico Cultural","publisher":{"@id":"https:\/\/hojassueltas.es\/#organization"},"alternateName":"H.S. Periodico Cultural","potentialAction":[{"@type":"SearchAction","target":{"@type":"EntryPoint","urlTemplate":"https:\/\/hojassueltas.es\/?s={search_term_string}"},"query-input":{"@type":"PropertyValueSpecification","valueRequired":true,"valueName":"search_term_string"}}],"inLanguage":"es"},{"@type":"Organization","@id":"https:\/\/hojassueltas.es\/#organization","name":"HOJAS SUELTAS - Peri\u00f3dico Cultural","alternateName":"HS - HOJAS SUELTAS Peri\u00f3dico Cultural","url":"https:\/\/hojassueltas.es\/","logo":{"@type":"ImageObject","inLanguage":"es","@id":"https:\/\/hojassueltas.es\/#\/schema\/logo\/image\/","url":"https:\/\/hojassueltas.es\/wp-content\/uploads\/2025\/08\/Icono-HS_2.png","contentUrl":"https:\/\/hojassueltas.es\/wp-content\/uploads\/2025\/08\/Icono-HS_2.png","width":500,"height":500,"caption":"HOJAS SUELTAS - Peri\u00f3dico Cultural"},"image":{"@id":"https:\/\/hojassueltas.es\/#\/schema\/logo\/image\/"},"sameAs":["https:\/\/x.com\/HOJASSUELTAS22"]},{"@type":"Person","@id":"https:\/\/hojassueltas.es\/#\/schema\/person\/f232bbdb834c61c90aff2245daa401c0","name":"Redacci\u00f3n","image":{"@type":"ImageObject","inLanguage":"es","@id":"https:\/\/hojassueltas.es\/wp-content\/uploads\/2026\/02\/Redaccion-2-96x96.png","url":"https:\/\/hojassueltas.es\/wp-content\/uploads\/2026\/02\/Redaccion-2-96x96.png","contentUrl":"https:\/\/hojassueltas.es\/wp-content\/uploads\/2026\/02\/Redaccion-2-96x96.png","caption":"Redacci\u00f3n"},"description":"Redacci\u00f3n de HOJAS SUELTAS","url":"https:\/\/hojassueltas.es\/?author=1"}]}},"_links":{"self":[{"href":"https:\/\/hojassueltas.es\/index.php?rest_route=\/wp\/v2\/posts\/5747","targetHints":{"allow":["GET"]}}],"collection":[{"href":"https:\/\/hojassueltas.es\/index.php?rest_route=\/wp\/v2\/posts"}],"about":[{"href":"https:\/\/hojassueltas.es\/index.php?rest_route=\/wp\/v2\/types\/post"}],"author":[{"embeddable":true,"href":"https:\/\/hojassueltas.es\/index.php?rest_route=\/wp\/v2\/users\/1"}],"replies":[{"embeddable":true,"href":"https:\/\/hojassueltas.es\/index.php?rest_route=%2Fwp%2Fv2%2Fcomments&post=5747"}],"version-history":[{"count":1,"href":"https:\/\/hojassueltas.es\/index.php?rest_route=\/wp\/v2\/posts\/5747\/revisions"}],"predecessor-version":[{"id":5749,"href":"https:\/\/hojassueltas.es\/index.php?rest_route=\/wp\/v2\/posts\/5747\/revisions\/5749"}],"wp:featuredmedia":[{"embeddable":true,"href":"https:\/\/hojassueltas.es\/index.php?rest_route=\/wp\/v2\/media\/5757"}],"wp:attachment":[{"href":"https:\/\/hojassueltas.es\/index.php?rest_route=%2Fwp%2Fv2%2Fmedia&parent=5747"}],"wp:term":[{"taxonomy":"category","embeddable":true,"href":"https:\/\/hojassueltas.es\/index.php?rest_route=%2Fwp%2Fv2%2Fcategories&post=5747"},{"taxonomy":"post_tag","embeddable":true,"href":"https:\/\/hojassueltas.es\/index.php?rest_route=%2Fwp%2Fv2%2Ftags&post=5747"}],"curies":[{"name":"wp","href":"https:\/\/api.w.org\/{rel}","templated":true}]}}