{"id":5324,"date":"2023-07-03T00:03:39","date_gmt":"2023-07-02T22:03:39","guid":{"rendered":"https:\/\/hojassueltas.es\/?p=5324"},"modified":"2025-08-26T09:08:42","modified_gmt":"2025-08-26T08:08:42","slug":"semana-negra-de-gijon","status":"publish","type":"post","link":"https:\/\/hojassueltas.es\/?p=5324","title":{"rendered":"Semana Negra de Gij\u00f3n"},"content":{"rendered":"<h1><strong>SEMANA NEGRA DE GIJON<\/strong><\/h1>\n<hr \/>\n<h5>\u2014<strong><span style=\"color: #111111; font-family: Roboto, sans-serif; font-size: 16px;\">Periodistas y escritores en la XXXVI SN<\/span><\/strong><\/h5>\n<div class=\"entry-content\">\n<p style=\"text-align: justify;\">Entre el 7 y el 16 de julio un buen n\u00famero de periodistas que, adem\u00e1s de ser figuras reconocidas y prestigiosas en su trabajo, son escritores de novela, ensayo o libro cr\u00edtico estar\u00e1n presentando sus libros, debatiendo sobre temas de actualidad y firmando sus obras en la trig\u00e9sima sexta Semana Negra de Gij\u00f3n.<\/p>\n<p style=\"text-align: justify;\"><strong>Jes\u00fas Cintora<\/strong>\u00a0regresa con su libro\u00a0<em>No quieren que lo sepas<\/em>.\u00a0<strong>Marta Robles<\/strong>, colaboradora de La Raz\u00f3n y Atresmedia, presentar\u00e1 su \u00faltimo ensayo,\u00a0<em>Lo que la primavera hace con los cerezos<\/em>.<\/p>\n<p style=\"text-align: justify;\">La directora de P\u00fablico,\u00a0<strong>Ana Pardo de Vera<\/strong>, hablar\u00e1 a los lectores de su muy negra novela\u00a0<em>Chantaje a una jueza<\/em>.\u00a0<strong>Carlos Qu\u00edlez<\/strong>, periodista de La Sexta, nos hablar\u00e1 de esp\u00edas y blanqueo de dinero.<\/p>\n<p style=\"text-align: justify;\">Adem\u00e1s de presentar su primera novela,\u00a0<em>Hontoria<\/em>, el periodista de El Pa\u00eds\u00a0<strong>Juan Carlos Galindo<\/strong>\u00a0participar\u00e1 en la mesa redonda \u2018La libertad de expresi\u00f3n en tiempos de guerra\u2019, en la que tambi\u00e9n participar\u00e1n, entre otros, los periodistas y escritores\u00a0<strong>Luis Rendueles<\/strong>, autor del libro\u00a0<em>Los ratones de Dios<\/em>;\u00a0<strong>Cristina Fallar\u00e1s<\/strong>, finalista del Premio Espartaco de novela hist\u00f3rica con\u00a0<em>La loc<\/em>a;\u00a0<strong>Javier Valenzuela<\/strong>, autor de\u00a0<em>Demasiado para comprender<\/em>, y la periodista rusa\u00a0<strong>Inna Afinogenova<\/strong>.<\/p>\n<p style=\"text-align: justify;\">En la XXXVI Semana Negra de Gij\u00f3n.<\/p>\n<\/div>\n","protected":false},"excerpt":{"rendered":"<p>SEMANA NEGRA DE GIJON \u2014Periodistas y escritores en la XXXVI SN Entre el 7 y el 16 de julio un buen n\u00famero de periodistas que, adem\u00e1s de ser figuras reconocidas y prestigiosas en su trabajo, son escritores de novela, ensayo o libro cr\u00edtico estar\u00e1n presentando sus libros, debatiendo sobre temas de actualidad y firmando sus [&hellip;]<\/p>\n","protected":false},"author":1,"featured_media":5325,"comment_status":"open","ping_status":"closed","sticky":false,"template":"","format":"standard","meta":{"footnotes":""},"categories":[32],"tags":[411],"class_list":{"0":"post-5324","1":"post","2":"type-post","3":"status-publish","4":"format-standard","5":"has-post-thumbnail","7":"category-panorama-cultural","8":"tag-semana-negra-de-gijon"},"yoast_head":"<!-- This site is optimized with the Yoast SEO plugin v27.5 - https:\/\/yoast.com\/product\/yoast-seo-wordpress\/ -->\n<title>Semana Negra de Gij\u00f3n | HOJAS SUELTAS Peri\u00f3dico Cultural<\/title>\n<meta name=\"robots\" content=\"index, follow, max-snippet:-1, max-image-preview:large, max-video-preview:-1\" \/>\n<link rel=\"canonical\" href=\"https:\/\/hojassueltas.es\/?p=5324\" \/>\n<meta property=\"og:locale\" content=\"es_ES\" \/>\n<meta property=\"og:type\" content=\"article\" \/>\n<meta property=\"og:title\" content=\"Semana Negra de Gij\u00f3n | HOJAS SUELTAS Peri\u00f3dico Cultural\" \/>\n<meta property=\"og:description\" content=\"SEMANA NEGRA DE GIJON \u2014Periodistas y escritores en la XXXVI SN Entre el 7 y el 16 de julio un buen n\u00famero de periodistas que, adem\u00e1s de ser figuras reconocidas y prestigiosas en su trabajo, son escritores de novela, ensayo o libro cr\u00edtico estar\u00e1n presentando sus libros, debatiendo sobre temas de actualidad y firmando sus [&hellip;]\" \/>\n<meta property=\"og:url\" content=\"https:\/\/hojassueltas.es\/?p=5324\" \/>\n<meta property=\"og:site_name\" content=\"HOJAS SUELTAS Peri\u00f3dico Cultural\" \/>\n<meta property=\"article:published_time\" content=\"2023-07-02T22:03:39+00:00\" \/>\n<meta property=\"article:modified_time\" content=\"2025-08-26T08:08:42+00:00\" \/>\n<meta property=\"og:image\" content=\"https:\/\/hojassueltas.es\/wp-content\/uploads\/2023\/07\/SEMANA-NEGRA-DE-GIJON.png\" \/>\n\t<meta property=\"og:image:width\" content=\"1050\" \/>\n\t<meta property=\"og:image:height\" content=\"610\" \/>\n\t<meta property=\"og:image:type\" content=\"image\/png\" \/>\n<meta name=\"author\" content=\"Redacci\u00f3n\" \/>\n<meta name=\"twitter:card\" content=\"summary_large_image\" \/>\n<meta name=\"twitter:creator\" content=\"@HOJASSUELTAS22\" \/>\n<meta name=\"twitter:site\" content=\"@HOJASSUELTAS22\" \/>\n<meta name=\"twitter:label1\" content=\"Escrito por\" \/>\n\t<meta name=\"twitter:data1\" content=\"Redacci\u00f3n\" \/>\n\t<meta name=\"twitter:label2\" content=\"Tiempo de lectura\" \/>\n\t<meta name=\"twitter:data2\" content=\"1 minuto\" \/>\n<script type=\"application\/ld+json\" class=\"yoast-schema-graph\">{\"@context\":\"https:\\\/\\\/schema.org\",\"@graph\":[{\"@type\":[\"Article\",\"BlogPosting\"],\"@id\":\"https:\\\/\\\/hojassueltas.es\\\/?p=5324#article\",\"isPartOf\":{\"@id\":\"https:\\\/\\\/hojassueltas.es\\\/?p=5324\"},\"author\":{\"name\":\"Redacci\u00f3n\",\"@id\":\"https:\\\/\\\/hojassueltas.es\\\/#\\\/schema\\\/person\\\/f232bbdb834c61c90aff2245daa401c0\"},\"headline\":\"Semana Negra de Gij\u00f3n\",\"datePublished\":\"2023-07-02T22:03:39+00:00\",\"dateModified\":\"2025-08-26T08:08:42+00:00\",\"mainEntityOfPage\":{\"@id\":\"https:\\\/\\\/hojassueltas.es\\\/?p=5324\"},\"wordCount\":232,\"commentCount\":0,\"publisher\":{\"@id\":\"https:\\\/\\\/hojassueltas.es\\\/#organization\"},\"image\":{\"@id\":\"https:\\\/\\\/hojassueltas.es\\\/?p=5324#primaryimage\"},\"thumbnailUrl\":\"https:\\\/\\\/hojassueltas.es\\\/wp-content\\\/uploads\\\/2023\\\/07\\\/SEMANA-NEGRA-DE-GIJON.png\",\"keywords\":[\"Semana Negra de Gij\u00f3n\"],\"articleSection\":[\"PANORAMA CULTURAL\"],\"inLanguage\":\"es\",\"potentialAction\":[{\"@type\":\"CommentAction\",\"name\":\"Comment\",\"target\":[\"https:\\\/\\\/hojassueltas.es\\\/?p=5324#respond\"]}]},{\"@type\":\"WebPage\",\"@id\":\"https:\\\/\\\/hojassueltas.es\\\/?p=5324\",\"url\":\"https:\\\/\\\/hojassueltas.es\\\/?p=5324\",\"name\":\"Semana Negra de Gij\u00f3n | HOJAS SUELTAS Peri\u00f3dico Cultural\",\"isPartOf\":{\"@id\":\"https:\\\/\\\/hojassueltas.es\\\/#website\"},\"primaryImageOfPage\":{\"@id\":\"https:\\\/\\\/hojassueltas.es\\\/?p=5324#primaryimage\"},\"image\":{\"@id\":\"https:\\\/\\\/hojassueltas.es\\\/?p=5324#primaryimage\"},\"thumbnailUrl\":\"https:\\\/\\\/hojassueltas.es\\\/wp-content\\\/uploads\\\/2023\\\/07\\\/SEMANA-NEGRA-DE-GIJON.png\",\"datePublished\":\"2023-07-02T22:03:39+00:00\",\"dateModified\":\"2025-08-26T08:08:42+00:00\",\"breadcrumb\":{\"@id\":\"https:\\\/\\\/hojassueltas.es\\\/?p=5324#breadcrumb\"},\"inLanguage\":\"es\",\"potentialAction\":[{\"@type\":\"ReadAction\",\"target\":[\"https:\\\/\\\/hojassueltas.es\\\/?p=5324\"]}]},{\"@type\":\"ImageObject\",\"inLanguage\":\"es\",\"@id\":\"https:\\\/\\\/hojassueltas.es\\\/?p=5324#primaryimage\",\"url\":\"https:\\\/\\\/hojassueltas.es\\\/wp-content\\\/uploads\\\/2023\\\/07\\\/SEMANA-NEGRA-DE-GIJON.png\",\"contentUrl\":\"https:\\\/\\\/hojassueltas.es\\\/wp-content\\\/uploads\\\/2023\\\/07\\\/SEMANA-NEGRA-DE-GIJON.png\",\"width\":1050,\"height\":610},{\"@type\":\"BreadcrumbList\",\"@id\":\"https:\\\/\\\/hojassueltas.es\\\/?p=5324#breadcrumb\",\"itemListElement\":[{\"@type\":\"ListItem\",\"position\":1,\"name\":\"Portada\",\"item\":\"https:\\\/\\\/hojassueltas.es\\\/\"},{\"@type\":\"ListItem\",\"position\":2,\"name\":\"Semana Negra de Gij\u00f3n\"}]},{\"@type\":\"WebSite\",\"@id\":\"https:\\\/\\\/hojassueltas.es\\\/#website\",\"url\":\"https:\\\/\\\/hojassueltas.es\\\/\",\"name\":\"HojasSueltas.es\",\"description\":\"GRANADA - Peri\u00f3dico Cultural\",\"publisher\":{\"@id\":\"https:\\\/\\\/hojassueltas.es\\\/#organization\"},\"alternateName\":\"H.S. Periodico Cultural\",\"potentialAction\":[{\"@type\":\"SearchAction\",\"target\":{\"@type\":\"EntryPoint\",\"urlTemplate\":\"https:\\\/\\\/hojassueltas.es\\\/?s={search_term_string}\"},\"query-input\":{\"@type\":\"PropertyValueSpecification\",\"valueRequired\":true,\"valueName\":\"search_term_string\"}}],\"inLanguage\":\"es\"},{\"@type\":\"Organization\",\"@id\":\"https:\\\/\\\/hojassueltas.es\\\/#organization\",\"name\":\"HOJAS SUELTAS - Peri\u00f3dico Cultural\",\"alternateName\":\"HS - HOJAS SUELTAS Peri\u00f3dico Cultural\",\"url\":\"https:\\\/\\\/hojassueltas.es\\\/\",\"logo\":{\"@type\":\"ImageObject\",\"inLanguage\":\"es\",\"@id\":\"https:\\\/\\\/hojassueltas.es\\\/#\\\/schema\\\/logo\\\/image\\\/\",\"url\":\"https:\\\/\\\/hojassueltas.es\\\/wp-content\\\/uploads\\\/2025\\\/08\\\/Icono-HS_2.png\",\"contentUrl\":\"https:\\\/\\\/hojassueltas.es\\\/wp-content\\\/uploads\\\/2025\\\/08\\\/Icono-HS_2.png\",\"width\":500,\"height\":500,\"caption\":\"HOJAS SUELTAS - Peri\u00f3dico Cultural\"},\"image\":{\"@id\":\"https:\\\/\\\/hojassueltas.es\\\/#\\\/schema\\\/logo\\\/image\\\/\"},\"sameAs\":[\"https:\\\/\\\/x.com\\\/HOJASSUELTAS22\"]},{\"@type\":\"Person\",\"@id\":\"https:\\\/\\\/hojassueltas.es\\\/#\\\/schema\\\/person\\\/f232bbdb834c61c90aff2245daa401c0\",\"name\":\"Redacci\u00f3n\",\"image\":{\"@type\":\"ImageObject\",\"inLanguage\":\"es\",\"@id\":\"https:\\\/\\\/hojassueltas.es\\\/wp-content\\\/uploads\\\/2026\\\/02\\\/Redaccion-2-96x96.png\",\"url\":\"https:\\\/\\\/hojassueltas.es\\\/wp-content\\\/uploads\\\/2026\\\/02\\\/Redaccion-2-96x96.png\",\"contentUrl\":\"https:\\\/\\\/hojassueltas.es\\\/wp-content\\\/uploads\\\/2026\\\/02\\\/Redaccion-2-96x96.png\",\"caption\":\"Redacci\u00f3n\"},\"description\":\"Redacci\u00f3n de HOJAS SUELTAS\",\"url\":\"https:\\\/\\\/hojassueltas.es\\\/?author=1\"}]}<\/script>\n<!-- \/ Yoast SEO plugin. -->","yoast_head_json":{"title":"Semana Negra de Gij\u00f3n | HOJAS SUELTAS Peri\u00f3dico Cultural","robots":{"index":"index","follow":"follow","max-snippet":"max-snippet:-1","max-image-preview":"max-image-preview:large","max-video-preview":"max-video-preview:-1"},"canonical":"https:\/\/hojassueltas.es\/?p=5324","og_locale":"es_ES","og_type":"article","og_title":"Semana Negra de Gij\u00f3n | HOJAS SUELTAS Peri\u00f3dico Cultural","og_description":"SEMANA NEGRA DE GIJON \u2014Periodistas y escritores en la XXXVI SN Entre el 7 y el 16 de julio un buen n\u00famero de periodistas que, adem\u00e1s de ser figuras reconocidas y prestigiosas en su trabajo, son escritores de novela, ensayo o libro cr\u00edtico estar\u00e1n presentando sus libros, debatiendo sobre temas de actualidad y firmando sus [&hellip;]","og_url":"https:\/\/hojassueltas.es\/?p=5324","og_site_name":"HOJAS SUELTAS Peri\u00f3dico Cultural","article_published_time":"2023-07-02T22:03:39+00:00","article_modified_time":"2025-08-26T08:08:42+00:00","og_image":[{"width":1050,"height":610,"url":"https:\/\/hojassueltas.es\/wp-content\/uploads\/2023\/07\/SEMANA-NEGRA-DE-GIJON.png","type":"image\/png"}],"author":"Redacci\u00f3n","twitter_card":"summary_large_image","twitter_creator":"@HOJASSUELTAS22","twitter_site":"@HOJASSUELTAS22","twitter_misc":{"Escrito por":"Redacci\u00f3n","Tiempo de lectura":"1 minuto"},"schema":{"@context":"https:\/\/schema.org","@graph":[{"@type":["Article","BlogPosting"],"@id":"https:\/\/hojassueltas.es\/?p=5324#article","isPartOf":{"@id":"https:\/\/hojassueltas.es\/?p=5324"},"author":{"name":"Redacci\u00f3n","@id":"https:\/\/hojassueltas.es\/#\/schema\/person\/f232bbdb834c61c90aff2245daa401c0"},"headline":"Semana Negra de Gij\u00f3n","datePublished":"2023-07-02T22:03:39+00:00","dateModified":"2025-08-26T08:08:42+00:00","mainEntityOfPage":{"@id":"https:\/\/hojassueltas.es\/?p=5324"},"wordCount":232,"commentCount":0,"publisher":{"@id":"https:\/\/hojassueltas.es\/#organization"},"image":{"@id":"https:\/\/hojassueltas.es\/?p=5324#primaryimage"},"thumbnailUrl":"https:\/\/hojassueltas.es\/wp-content\/uploads\/2023\/07\/SEMANA-NEGRA-DE-GIJON.png","keywords":["Semana Negra de Gij\u00f3n"],"articleSection":["PANORAMA CULTURAL"],"inLanguage":"es","potentialAction":[{"@type":"CommentAction","name":"Comment","target":["https:\/\/hojassueltas.es\/?p=5324#respond"]}]},{"@type":"WebPage","@id":"https:\/\/hojassueltas.es\/?p=5324","url":"https:\/\/hojassueltas.es\/?p=5324","name":"Semana Negra de Gij\u00f3n | HOJAS SUELTAS Peri\u00f3dico Cultural","isPartOf":{"@id":"https:\/\/hojassueltas.es\/#website"},"primaryImageOfPage":{"@id":"https:\/\/hojassueltas.es\/?p=5324#primaryimage"},"image":{"@id":"https:\/\/hojassueltas.es\/?p=5324#primaryimage"},"thumbnailUrl":"https:\/\/hojassueltas.es\/wp-content\/uploads\/2023\/07\/SEMANA-NEGRA-DE-GIJON.png","datePublished":"2023-07-02T22:03:39+00:00","dateModified":"2025-08-26T08:08:42+00:00","breadcrumb":{"@id":"https:\/\/hojassueltas.es\/?p=5324#breadcrumb"},"inLanguage":"es","potentialAction":[{"@type":"ReadAction","target":["https:\/\/hojassueltas.es\/?p=5324"]}]},{"@type":"ImageObject","inLanguage":"es","@id":"https:\/\/hojassueltas.es\/?p=5324#primaryimage","url":"https:\/\/hojassueltas.es\/wp-content\/uploads\/2023\/07\/SEMANA-NEGRA-DE-GIJON.png","contentUrl":"https:\/\/hojassueltas.es\/wp-content\/uploads\/2023\/07\/SEMANA-NEGRA-DE-GIJON.png","width":1050,"height":610},{"@type":"BreadcrumbList","@id":"https:\/\/hojassueltas.es\/?p=5324#breadcrumb","itemListElement":[{"@type":"ListItem","position":1,"name":"Portada","item":"https:\/\/hojassueltas.es\/"},{"@type":"ListItem","position":2,"name":"Semana Negra de Gij\u00f3n"}]},{"@type":"WebSite","@id":"https:\/\/hojassueltas.es\/#website","url":"https:\/\/hojassueltas.es\/","name":"HojasSueltas.es","description":"GRANADA - Peri\u00f3dico Cultural","publisher":{"@id":"https:\/\/hojassueltas.es\/#organization"},"alternateName":"H.S. Periodico Cultural","potentialAction":[{"@type":"SearchAction","target":{"@type":"EntryPoint","urlTemplate":"https:\/\/hojassueltas.es\/?s={search_term_string}"},"query-input":{"@type":"PropertyValueSpecification","valueRequired":true,"valueName":"search_term_string"}}],"inLanguage":"es"},{"@type":"Organization","@id":"https:\/\/hojassueltas.es\/#organization","name":"HOJAS SUELTAS - Peri\u00f3dico Cultural","alternateName":"HS - HOJAS SUELTAS Peri\u00f3dico Cultural","url":"https:\/\/hojassueltas.es\/","logo":{"@type":"ImageObject","inLanguage":"es","@id":"https:\/\/hojassueltas.es\/#\/schema\/logo\/image\/","url":"https:\/\/hojassueltas.es\/wp-content\/uploads\/2025\/08\/Icono-HS_2.png","contentUrl":"https:\/\/hojassueltas.es\/wp-content\/uploads\/2025\/08\/Icono-HS_2.png","width":500,"height":500,"caption":"HOJAS SUELTAS - Peri\u00f3dico Cultural"},"image":{"@id":"https:\/\/hojassueltas.es\/#\/schema\/logo\/image\/"},"sameAs":["https:\/\/x.com\/HOJASSUELTAS22"]},{"@type":"Person","@id":"https:\/\/hojassueltas.es\/#\/schema\/person\/f232bbdb834c61c90aff2245daa401c0","name":"Redacci\u00f3n","image":{"@type":"ImageObject","inLanguage":"es","@id":"https:\/\/hojassueltas.es\/wp-content\/uploads\/2026\/02\/Redaccion-2-96x96.png","url":"https:\/\/hojassueltas.es\/wp-content\/uploads\/2026\/02\/Redaccion-2-96x96.png","contentUrl":"https:\/\/hojassueltas.es\/wp-content\/uploads\/2026\/02\/Redaccion-2-96x96.png","caption":"Redacci\u00f3n"},"description":"Redacci\u00f3n de HOJAS SUELTAS","url":"https:\/\/hojassueltas.es\/?author=1"}]}},"_links":{"self":[{"href":"https:\/\/hojassueltas.es\/index.php?rest_route=\/wp\/v2\/posts\/5324","targetHints":{"allow":["GET"]}}],"collection":[{"href":"https:\/\/hojassueltas.es\/index.php?rest_route=\/wp\/v2\/posts"}],"about":[{"href":"https:\/\/hojassueltas.es\/index.php?rest_route=\/wp\/v2\/types\/post"}],"author":[{"embeddable":true,"href":"https:\/\/hojassueltas.es\/index.php?rest_route=\/wp\/v2\/users\/1"}],"replies":[{"embeddable":true,"href":"https:\/\/hojassueltas.es\/index.php?rest_route=%2Fwp%2Fv2%2Fcomments&post=5324"}],"version-history":[{"count":1,"href":"https:\/\/hojassueltas.es\/index.php?rest_route=\/wp\/v2\/posts\/5324\/revisions"}],"predecessor-version":[{"id":5326,"href":"https:\/\/hojassueltas.es\/index.php?rest_route=\/wp\/v2\/posts\/5324\/revisions\/5326"}],"wp:featuredmedia":[{"embeddable":true,"href":"https:\/\/hojassueltas.es\/index.php?rest_route=\/wp\/v2\/media\/5325"}],"wp:attachment":[{"href":"https:\/\/hojassueltas.es\/index.php?rest_route=%2Fwp%2Fv2%2Fmedia&parent=5324"}],"wp:term":[{"taxonomy":"category","embeddable":true,"href":"https:\/\/hojassueltas.es\/index.php?rest_route=%2Fwp%2Fv2%2Fcategories&post=5324"},{"taxonomy":"post_tag","embeddable":true,"href":"https:\/\/hojassueltas.es\/index.php?rest_route=%2Fwp%2Fv2%2Ftags&post=5324"}],"curies":[{"name":"wp","href":"https:\/\/api.w.org\/{rel}","templated":true}]}}