{"id":4298,"date":"2023-05-27T00:02:29","date_gmt":"2023-05-26T22:02:29","guid":{"rendered":"https:\/\/hojassueltas.es\/?p=4298"},"modified":"2025-10-18T11:12:51","modified_gmt":"2025-10-18T09:12:51","slug":"nadie-encendia-las-lamparas","status":"publish","type":"post","link":"https:\/\/hojassueltas.es\/?p=4298","title":{"rendered":"Nadie encend\u00eda las l\u00e1mparas"},"content":{"rendered":"<h1><span style=\"font-size: 32px; font-family: verdana, geneva, sans-serif;\">Nadie encend\u00eda las l\u00e1mparas<\/span><\/h1>\n<hr \/>\n<p><span style=\"font-family: impact, sans-serif;\">Jos\u00e9 Luis Alvarado<\/span><\/p>\n<p style=\"text-align: justify;\">Los cuentos de\u00a0Felisberto Hern\u00e1ndez\u00a0(Montevideo 1902-1964) me han tra\u00eddo a la cabeza el t\u00edtulo de otro memorable libro de cuentos de\u00a0Juan Jos\u00e9 Mill\u00e1s: los objetos nos llaman. No hay duda de que los objetos gravitan sobre nuestras vidas, que viven una existencia gregaria pero importante que nos dificulta prescindir de ellos: un reloj, unos muebles, una peque\u00f1a figura, unas fotos, unas joyas. Cuando por cualquier desgracia los perdemos, sentimos que algo nuestro se nos ha ido, que esos objetos han vivido una vida paralela a la nuestra desde que los adquirimos, como si con su presencia quisieran decirnos que forman parte de nuestro ser, como si respiraran al mismo ritmo que nosotros.<\/p>\n<figure id=\"attachment_4300\" aria-describedby=\"caption-attachment-4300\" style=\"width: 179px\" class=\"wp-caption alignleft\"><img loading=\"lazy\" decoding=\"async\" class=\"wp-image-4300 size-medium\" src=\"https:\/\/hojassueltas.es\/wp-content\/uploads\/2023\/05\/Nadie-encendia-las-lamparas-179x300.jpg\" alt=\"\" width=\"179\" height=\"300\" \/><figcaption id=\"caption-attachment-4300\" class=\"wp-caption-text\">Editorial: RM<\/figcaption><\/figure>\n<p style=\"text-align: justify;\">Muchos de los diez cuentos que Felisberto Hern\u00e1ndez imagin\u00f3 en Nadie encend\u00eda las l\u00e1mparas (1947) est\u00e1n contados desde esa vida secreta de los objetos que a veces sospechamos pero no nos atrevemos a confesar. Ah\u00ed radica la originalidad de la narrativa del escritor uruguayo: en su excentricidad infrecuente, en su tem\u00e1tica extra\u00f1a e inclasificable, cuyo fondo lo constituye una materia vagorosa y casi inasible, descrita entre vacilaciones y tanteos que en lugar de confundir al lector, lo incitan a seguir leyendo.<\/p>\n<p style=\"text-align: justify;\">Quien se disponga a leer estos fascinantes cuentos tendr\u00e1 que abandonar todo sometimiento a f\u00f3rmulas literarias convencionales. Nos damos cuenta de ello al leer Menos Julia, donde un hombre invita a un amigo a su finca, donde dentro de un t\u00fanel, completamente a oscuras, hay dispuestos diversos objetos que deben adivinarse tan s\u00f3lo por el tacto: la piel de una calabaza, unos zapatitos de ni\u00f1o, una m\u00e1quina de escribir, una vejiga inflada, una caja de botines conteniendo un pollo pelado, objetos quiz\u00e1s f\u00e1ciles de descubrir con la ayuda de la yema de los dedos, pero que al protagonista le produce una aut\u00e9ntica devoci\u00f3n tocar todos los d\u00edas, porque el mayor placer es pensar en esos objetos y en los recuerdos inesperados que le deparan, en los pensamientos que s\u00fabitamente le asaltan al simple tacto, como confiesa en una ocasi\u00f3n: \u201c<em>Apenas empec\u00e9 a mover el cuerpo en la oscuridad me pareci\u00f3 que iba a tropezar con algo raro, que mi cuerpo empezar\u00eda a vivir de otra manera y que mi cabeza estaba a punto de comprender algo importante<\/em>\u201d.<\/p>\n<p style=\"text-align: justify;\">En otro cuento,\u00a0<em>La mujer parecida a m\u00ed<\/em>, se relata los recuerdos del protagonista cuando, durante un verano, tuvo la idea de que en el pasado hab\u00eda sido un caballo. Y as\u00ed, con un cuerpo de caballo, irrumpe de repente en una escena de teatro, junto a una muchacha que le toma cari\u00f1o y ordena que lo lleven a su casa. En aquel verano en el que fue caballo, ese hombre vivir\u00e1 una preciosa historia de amor, celos y muerte con la chica, que finalmente tiene que vivir el dilema de elegir entre su novio o el caballo.<\/p>\n<p style=\"text-align: justify;\">Felisberto Hern\u00e1ndez fue escritor y concertista de piano. Lo advertimos en algunos de estos cuentos, en los que el protagonista es un pianista que se encuentra envuelto en situaciones incomprensibles: durante un concierto, un gato se sube encima del piano cuando toca una determinada melod\u00eda que lleva el nombre de aquel gato; o el pianista es contratado por una mujer soltera para que le amenice las tardes en su casa, mientras ella hace sus labores, y poco a poco, sentando delante del instrumento, va descubriendo que en aquella casa hay muchos secretos escondidos, que la criada tiene un fuerte ascendente sobre todo lo que ocurre entre aquellas paredes, o que la mujer que lo ha contratado se retira todas las noches a su cuarto sin apenas comer y duerme el sue\u00f1o profundo de quien ha bebido hasta caer muerto.<\/p>\n<p style=\"text-align: justify;\">Y mientras tanto, en todos los cuentos, la presencia de los objetos es inquietante, hasta el punto de que parecen tener vida propia, como ese majestuoso balc\u00f3n donde una muchacha pasa las tardes enteras mirando hacia la calle y que sigilosamente va tomando aprecio, va entrecruzando su vida a la del balc\u00f3n, y tambi\u00e9n algo parecido al amor, que s\u00f3lo descubrimos demasiado tarde, cuando el balc\u00f3n se suicida, desplom\u00e1ndose sobre la calle, al advertir que su dama siente una cierta atracci\u00f3n por el pianista que viene a darle lecciones de m\u00fasica.<\/p>\n<p style=\"text-align: justify;\">Se establece un contacto m\u00e1gico con los objetos, que se vitalizan ofreciendo un misterio que encubre lo trivial o anodino, que adquieren una conciencia propia o atraen irresistiblemente la atenci\u00f3n sobre ellos, como ocurre con el acomodador que una noche descubre aterrado que sus ojos proyectan luz en la oscuridad, como una linterna en el interior de un cine. \u00bfC\u00f3mo podr\u00e1 aprovechar ese don inaudito una persona que desprecia a todos los que le dan propina en su trabajo, que se siente superior a los dem\u00e1s seres humanos? Pues mirando objetos en la oscuridad, pero no suyos, sino tendido en el suelo de una casa ajena, a la que accede por la noche amenazando al portero, esperando mientras contempla las extra\u00f1as vitrinas a que una muchacha bell\u00edsima y son\u00e1mbula pase por encima de \u00e9l y le deje como recuerdo un inolvidable perfume y el tacto suave del peinador sobre su cara.<\/p>\n<p style=\"text-align: justify;\">En todos los cuentos hay fuerzas oscuras que obligan a los protagonistas a contradecir lo posible, que los llevan a una dimensi\u00f3n conflictiva y desconcertante, inexplicable, donde conviven con sue\u00f1os y deseos irreductibles a toda forma de causalidad, que transgreden las normas de verosimilitud de un orden percibido como normal a trav\u00e9s de una escritura cuya ambivalencia se fundamenta en el nivel verbal, mediante una sutil alteraci\u00f3n del modo de presentar los hechos. Por eso, no es de extra\u00f1ar que algunos estudiosos consideren que los cuentos de Felisberto Hern\u00e1ndez tuvieron una fuerte influencia en la narrativa de Julio Cort\u00e1zar. Es posible, aunque a\u00fan es m\u00e1s cierto aquello que afirm\u00f3\u00a0Italo Calvino\u00a0sobre sus cuentos: \u201c<em>Felisberto Hern\u00e1ndez es un escritor que no se parece a nadie; a ninguno de los europeos y a ninguno de los latinoamericanos<\/em>\u201d.<\/p>\n<p><strong>\u00a9 Jos\u00e9 Luis Alvarado. Mayo 2023.<\/strong><\/p>\n<p><img loading=\"lazy\" decoding=\"async\" class=\"alignnone wp-image-3734 size-full\" src=\"https:\/\/hojassueltas.es\/wp-content\/uploads\/2023\/04\/Comentario-2_web.png\" alt=\"\" width=\"450\" height=\"85\" \/><\/p>\n","protected":false},"excerpt":{"rendered":"<p>Nadie encend\u00eda las l\u00e1mparas Jos\u00e9 Luis Alvarado Los cuentos de\u00a0Felisberto Hern\u00e1ndez\u00a0(Montevideo 1902-1964) me han tra\u00eddo a la cabeza el t\u00edtulo de otro memorable libro de cuentos de\u00a0Juan Jos\u00e9 Mill\u00e1s: los objetos nos llaman. No hay duda de que los objetos gravitan sobre nuestras vidas, que viven una existencia gregaria pero importante que nos dificulta prescindir [&hellip;]<\/p>\n","protected":false},"author":1,"featured_media":4301,"comment_status":"open","ping_status":"closed","sticky":false,"template":"","format":"standard","meta":{"footnotes":""},"categories":[1124],"tags":[544,162,545],"class_list":{"0":"post-4298","1":"post","2":"type-post","3":"status-publish","4":"format-standard","5":"has-post-thumbnail","7":"category-por-que-leer","8":"tag-felisberto-hernandez","9":"tag-jose-luis-alvarado","10":"tag-rm-editorial"},"yoast_head":"<!-- This site is optimized with the Yoast SEO plugin v27.4 - https:\/\/yoast.com\/product\/yoast-seo-wordpress\/ -->\n<title>Nadie encend\u00eda las l\u00e1mparas | HOJAS SUELTAS Peri\u00f3dico Cultural<\/title>\n<meta name=\"robots\" content=\"index, follow, max-snippet:-1, max-image-preview:large, max-video-preview:-1\" \/>\n<link rel=\"canonical\" href=\"https:\/\/hojassueltas.es\/?p=4298\" \/>\n<meta property=\"og:locale\" content=\"es_ES\" \/>\n<meta property=\"og:type\" content=\"article\" \/>\n<meta property=\"og:title\" content=\"Nadie encend\u00eda las l\u00e1mparas | HOJAS SUELTAS Peri\u00f3dico Cultural\" \/>\n<meta property=\"og:description\" content=\"Nadie encend\u00eda las l\u00e1mparas Jos\u00e9 Luis Alvarado Los cuentos de\u00a0Felisberto Hern\u00e1ndez\u00a0(Montevideo 1902-1964) me han tra\u00eddo a la cabeza el t\u00edtulo de otro memorable libro de cuentos de\u00a0Juan Jos\u00e9 Mill\u00e1s: los objetos nos llaman. No hay duda de que los objetos gravitan sobre nuestras vidas, que viven una existencia gregaria pero importante que nos dificulta prescindir [&hellip;]\" \/>\n<meta property=\"og:url\" content=\"https:\/\/hojassueltas.es\/?p=4298\" \/>\n<meta property=\"og:site_name\" content=\"HOJAS SUELTAS Peri\u00f3dico Cultural\" \/>\n<meta property=\"article:published_time\" content=\"2023-05-26T22:02:29+00:00\" \/>\n<meta property=\"article:modified_time\" content=\"2025-10-18T09:12:51+00:00\" \/>\n<meta property=\"og:image\" content=\"https:\/\/hojassueltas.es\/wp-content\/uploads\/2023\/05\/NADIE-encendia_web.png\" \/>\n\t<meta property=\"og:image:width\" content=\"1050\" \/>\n\t<meta property=\"og:image:height\" content=\"610\" \/>\n\t<meta property=\"og:image:type\" content=\"image\/png\" \/>\n<meta name=\"author\" content=\"Redacci\u00f3n\" \/>\n<meta name=\"twitter:card\" content=\"summary_large_image\" \/>\n<meta name=\"twitter:creator\" content=\"@HOJASSUELTAS22\" \/>\n<meta name=\"twitter:site\" content=\"@HOJASSUELTAS22\" \/>\n<meta name=\"twitter:label1\" content=\"Escrito por\" \/>\n\t<meta name=\"twitter:data1\" content=\"Redacci\u00f3n\" \/>\n\t<meta name=\"twitter:label2\" content=\"Tiempo de lectura\" \/>\n\t<meta name=\"twitter:data2\" content=\"6 minutos\" \/>\n<script type=\"application\/ld+json\" class=\"yoast-schema-graph\">{\"@context\":\"https:\\\/\\\/schema.org\",\"@graph\":[{\"@type\":[\"Article\",\"BlogPosting\"],\"@id\":\"https:\\\/\\\/hojassueltas.es\\\/?p=4298#article\",\"isPartOf\":{\"@id\":\"https:\\\/\\\/hojassueltas.es\\\/?p=4298\"},\"author\":{\"name\":\"Redacci\u00f3n\",\"@id\":\"https:\\\/\\\/hojassueltas.es\\\/#\\\/schema\\\/person\\\/f232bbdb834c61c90aff2245daa401c0\"},\"headline\":\"Nadie encend\u00eda las l\u00e1mparas\",\"datePublished\":\"2023-05-26T22:02:29+00:00\",\"dateModified\":\"2025-10-18T09:12:51+00:00\",\"mainEntityOfPage\":{\"@id\":\"https:\\\/\\\/hojassueltas.es\\\/?p=4298\"},\"wordCount\":1068,\"commentCount\":0,\"publisher\":{\"@id\":\"https:\\\/\\\/hojassueltas.es\\\/#organization\"},\"image\":{\"@id\":\"https:\\\/\\\/hojassueltas.es\\\/?p=4298#primaryimage\"},\"thumbnailUrl\":\"https:\\\/\\\/hojassueltas.es\\\/wp-content\\\/uploads\\\/2023\\\/05\\\/NADIE-encendia_web.png\",\"keywords\":[\"Felisberto Hern\u00e1ndez\",\"Jos\u00e9 Luis Alvarado\",\"RM Editorial\"],\"articleSection\":[\"POR QU\u00c9 LEER...\"],\"inLanguage\":\"es\",\"potentialAction\":[{\"@type\":\"CommentAction\",\"name\":\"Comment\",\"target\":[\"https:\\\/\\\/hojassueltas.es\\\/?p=4298#respond\"]}]},{\"@type\":\"WebPage\",\"@id\":\"https:\\\/\\\/hojassueltas.es\\\/?p=4298\",\"url\":\"https:\\\/\\\/hojassueltas.es\\\/?p=4298\",\"name\":\"Nadie encend\u00eda las l\u00e1mparas | HOJAS SUELTAS Peri\u00f3dico Cultural\",\"isPartOf\":{\"@id\":\"https:\\\/\\\/hojassueltas.es\\\/#website\"},\"primaryImageOfPage\":{\"@id\":\"https:\\\/\\\/hojassueltas.es\\\/?p=4298#primaryimage\"},\"image\":{\"@id\":\"https:\\\/\\\/hojassueltas.es\\\/?p=4298#primaryimage\"},\"thumbnailUrl\":\"https:\\\/\\\/hojassueltas.es\\\/wp-content\\\/uploads\\\/2023\\\/05\\\/NADIE-encendia_web.png\",\"datePublished\":\"2023-05-26T22:02:29+00:00\",\"dateModified\":\"2025-10-18T09:12:51+00:00\",\"breadcrumb\":{\"@id\":\"https:\\\/\\\/hojassueltas.es\\\/?p=4298#breadcrumb\"},\"inLanguage\":\"es\",\"potentialAction\":[{\"@type\":\"ReadAction\",\"target\":[\"https:\\\/\\\/hojassueltas.es\\\/?p=4298\"]}]},{\"@type\":\"ImageObject\",\"inLanguage\":\"es\",\"@id\":\"https:\\\/\\\/hojassueltas.es\\\/?p=4298#primaryimage\",\"url\":\"https:\\\/\\\/hojassueltas.es\\\/wp-content\\\/uploads\\\/2023\\\/05\\\/NADIE-encendia_web.png\",\"contentUrl\":\"https:\\\/\\\/hojassueltas.es\\\/wp-content\\\/uploads\\\/2023\\\/05\\\/NADIE-encendia_web.png\",\"width\":1050,\"height\":610},{\"@type\":\"BreadcrumbList\",\"@id\":\"https:\\\/\\\/hojassueltas.es\\\/?p=4298#breadcrumb\",\"itemListElement\":[{\"@type\":\"ListItem\",\"position\":1,\"name\":\"Portada\",\"item\":\"https:\\\/\\\/hojassueltas.es\\\/\"},{\"@type\":\"ListItem\",\"position\":2,\"name\":\"Nadie encend\u00eda las l\u00e1mparas\"}]},{\"@type\":\"WebSite\",\"@id\":\"https:\\\/\\\/hojassueltas.es\\\/#website\",\"url\":\"https:\\\/\\\/hojassueltas.es\\\/\",\"name\":\"HojasSueltas.es\",\"description\":\"GRANADA - Peri\u00f3dico Cultural\",\"publisher\":{\"@id\":\"https:\\\/\\\/hojassueltas.es\\\/#organization\"},\"alternateName\":\"H.S. Periodico Cultural\",\"potentialAction\":[{\"@type\":\"SearchAction\",\"target\":{\"@type\":\"EntryPoint\",\"urlTemplate\":\"https:\\\/\\\/hojassueltas.es\\\/?s={search_term_string}\"},\"query-input\":{\"@type\":\"PropertyValueSpecification\",\"valueRequired\":true,\"valueName\":\"search_term_string\"}}],\"inLanguage\":\"es\"},{\"@type\":\"Organization\",\"@id\":\"https:\\\/\\\/hojassueltas.es\\\/#organization\",\"name\":\"HOJAS SUELTAS - Peri\u00f3dico Cultural\",\"alternateName\":\"HS - HOJAS SUELTAS Peri\u00f3dico Cultural\",\"url\":\"https:\\\/\\\/hojassueltas.es\\\/\",\"logo\":{\"@type\":\"ImageObject\",\"inLanguage\":\"es\",\"@id\":\"https:\\\/\\\/hojassueltas.es\\\/#\\\/schema\\\/logo\\\/image\\\/\",\"url\":\"https:\\\/\\\/hojassueltas.es\\\/wp-content\\\/uploads\\\/2025\\\/08\\\/Icono-HS_2.png\",\"contentUrl\":\"https:\\\/\\\/hojassueltas.es\\\/wp-content\\\/uploads\\\/2025\\\/08\\\/Icono-HS_2.png\",\"width\":500,\"height\":500,\"caption\":\"HOJAS SUELTAS - Peri\u00f3dico Cultural\"},\"image\":{\"@id\":\"https:\\\/\\\/hojassueltas.es\\\/#\\\/schema\\\/logo\\\/image\\\/\"},\"sameAs\":[\"https:\\\/\\\/x.com\\\/HOJASSUELTAS22\"]},{\"@type\":\"Person\",\"@id\":\"https:\\\/\\\/hojassueltas.es\\\/#\\\/schema\\\/person\\\/f232bbdb834c61c90aff2245daa401c0\",\"name\":\"Redacci\u00f3n\",\"image\":{\"@type\":\"ImageObject\",\"inLanguage\":\"es\",\"@id\":\"https:\\\/\\\/hojassueltas.es\\\/wp-content\\\/uploads\\\/2026\\\/02\\\/Redaccion-2-96x96.png\",\"url\":\"https:\\\/\\\/hojassueltas.es\\\/wp-content\\\/uploads\\\/2026\\\/02\\\/Redaccion-2-96x96.png\",\"contentUrl\":\"https:\\\/\\\/hojassueltas.es\\\/wp-content\\\/uploads\\\/2026\\\/02\\\/Redaccion-2-96x96.png\",\"caption\":\"Redacci\u00f3n\"},\"description\":\"Redacci\u00f3n de HOJAS SUELTAS\",\"url\":\"https:\\\/\\\/hojassueltas.es\\\/?author=1\"}]}<\/script>\n<!-- \/ Yoast SEO plugin. -->","yoast_head_json":{"title":"Nadie encend\u00eda las l\u00e1mparas | HOJAS SUELTAS Peri\u00f3dico Cultural","robots":{"index":"index","follow":"follow","max-snippet":"max-snippet:-1","max-image-preview":"max-image-preview:large","max-video-preview":"max-video-preview:-1"},"canonical":"https:\/\/hojassueltas.es\/?p=4298","og_locale":"es_ES","og_type":"article","og_title":"Nadie encend\u00eda las l\u00e1mparas | HOJAS SUELTAS Peri\u00f3dico Cultural","og_description":"Nadie encend\u00eda las l\u00e1mparas Jos\u00e9 Luis Alvarado Los cuentos de\u00a0Felisberto Hern\u00e1ndez\u00a0(Montevideo 1902-1964) me han tra\u00eddo a la cabeza el t\u00edtulo de otro memorable libro de cuentos de\u00a0Juan Jos\u00e9 Mill\u00e1s: los objetos nos llaman. No hay duda de que los objetos gravitan sobre nuestras vidas, que viven una existencia gregaria pero importante que nos dificulta prescindir [&hellip;]","og_url":"https:\/\/hojassueltas.es\/?p=4298","og_site_name":"HOJAS SUELTAS Peri\u00f3dico Cultural","article_published_time":"2023-05-26T22:02:29+00:00","article_modified_time":"2025-10-18T09:12:51+00:00","og_image":[{"width":1050,"height":610,"url":"https:\/\/hojassueltas.es\/wp-content\/uploads\/2023\/05\/NADIE-encendia_web.png","type":"image\/png"}],"author":"Redacci\u00f3n","twitter_card":"summary_large_image","twitter_creator":"@HOJASSUELTAS22","twitter_site":"@HOJASSUELTAS22","twitter_misc":{"Escrito por":"Redacci\u00f3n","Tiempo de lectura":"6 minutos"},"schema":{"@context":"https:\/\/schema.org","@graph":[{"@type":["Article","BlogPosting"],"@id":"https:\/\/hojassueltas.es\/?p=4298#article","isPartOf":{"@id":"https:\/\/hojassueltas.es\/?p=4298"},"author":{"name":"Redacci\u00f3n","@id":"https:\/\/hojassueltas.es\/#\/schema\/person\/f232bbdb834c61c90aff2245daa401c0"},"headline":"Nadie encend\u00eda las l\u00e1mparas","datePublished":"2023-05-26T22:02:29+00:00","dateModified":"2025-10-18T09:12:51+00:00","mainEntityOfPage":{"@id":"https:\/\/hojassueltas.es\/?p=4298"},"wordCount":1068,"commentCount":0,"publisher":{"@id":"https:\/\/hojassueltas.es\/#organization"},"image":{"@id":"https:\/\/hojassueltas.es\/?p=4298#primaryimage"},"thumbnailUrl":"https:\/\/hojassueltas.es\/wp-content\/uploads\/2023\/05\/NADIE-encendia_web.png","keywords":["Felisberto Hern\u00e1ndez","Jos\u00e9 Luis Alvarado","RM Editorial"],"articleSection":["POR QU\u00c9 LEER..."],"inLanguage":"es","potentialAction":[{"@type":"CommentAction","name":"Comment","target":["https:\/\/hojassueltas.es\/?p=4298#respond"]}]},{"@type":"WebPage","@id":"https:\/\/hojassueltas.es\/?p=4298","url":"https:\/\/hojassueltas.es\/?p=4298","name":"Nadie encend\u00eda las l\u00e1mparas | HOJAS SUELTAS Peri\u00f3dico Cultural","isPartOf":{"@id":"https:\/\/hojassueltas.es\/#website"},"primaryImageOfPage":{"@id":"https:\/\/hojassueltas.es\/?p=4298#primaryimage"},"image":{"@id":"https:\/\/hojassueltas.es\/?p=4298#primaryimage"},"thumbnailUrl":"https:\/\/hojassueltas.es\/wp-content\/uploads\/2023\/05\/NADIE-encendia_web.png","datePublished":"2023-05-26T22:02:29+00:00","dateModified":"2025-10-18T09:12:51+00:00","breadcrumb":{"@id":"https:\/\/hojassueltas.es\/?p=4298#breadcrumb"},"inLanguage":"es","potentialAction":[{"@type":"ReadAction","target":["https:\/\/hojassueltas.es\/?p=4298"]}]},{"@type":"ImageObject","inLanguage":"es","@id":"https:\/\/hojassueltas.es\/?p=4298#primaryimage","url":"https:\/\/hojassueltas.es\/wp-content\/uploads\/2023\/05\/NADIE-encendia_web.png","contentUrl":"https:\/\/hojassueltas.es\/wp-content\/uploads\/2023\/05\/NADIE-encendia_web.png","width":1050,"height":610},{"@type":"BreadcrumbList","@id":"https:\/\/hojassueltas.es\/?p=4298#breadcrumb","itemListElement":[{"@type":"ListItem","position":1,"name":"Portada","item":"https:\/\/hojassueltas.es\/"},{"@type":"ListItem","position":2,"name":"Nadie encend\u00eda las l\u00e1mparas"}]},{"@type":"WebSite","@id":"https:\/\/hojassueltas.es\/#website","url":"https:\/\/hojassueltas.es\/","name":"HojasSueltas.es","description":"GRANADA - Peri\u00f3dico Cultural","publisher":{"@id":"https:\/\/hojassueltas.es\/#organization"},"alternateName":"H.S. Periodico Cultural","potentialAction":[{"@type":"SearchAction","target":{"@type":"EntryPoint","urlTemplate":"https:\/\/hojassueltas.es\/?s={search_term_string}"},"query-input":{"@type":"PropertyValueSpecification","valueRequired":true,"valueName":"search_term_string"}}],"inLanguage":"es"},{"@type":"Organization","@id":"https:\/\/hojassueltas.es\/#organization","name":"HOJAS SUELTAS - Peri\u00f3dico Cultural","alternateName":"HS - HOJAS SUELTAS Peri\u00f3dico Cultural","url":"https:\/\/hojassueltas.es\/","logo":{"@type":"ImageObject","inLanguage":"es","@id":"https:\/\/hojassueltas.es\/#\/schema\/logo\/image\/","url":"https:\/\/hojassueltas.es\/wp-content\/uploads\/2025\/08\/Icono-HS_2.png","contentUrl":"https:\/\/hojassueltas.es\/wp-content\/uploads\/2025\/08\/Icono-HS_2.png","width":500,"height":500,"caption":"HOJAS SUELTAS - Peri\u00f3dico Cultural"},"image":{"@id":"https:\/\/hojassueltas.es\/#\/schema\/logo\/image\/"},"sameAs":["https:\/\/x.com\/HOJASSUELTAS22"]},{"@type":"Person","@id":"https:\/\/hojassueltas.es\/#\/schema\/person\/f232bbdb834c61c90aff2245daa401c0","name":"Redacci\u00f3n","image":{"@type":"ImageObject","inLanguage":"es","@id":"https:\/\/hojassueltas.es\/wp-content\/uploads\/2026\/02\/Redaccion-2-96x96.png","url":"https:\/\/hojassueltas.es\/wp-content\/uploads\/2026\/02\/Redaccion-2-96x96.png","contentUrl":"https:\/\/hojassueltas.es\/wp-content\/uploads\/2026\/02\/Redaccion-2-96x96.png","caption":"Redacci\u00f3n"},"description":"Redacci\u00f3n de HOJAS SUELTAS","url":"https:\/\/hojassueltas.es\/?author=1"}]}},"_links":{"self":[{"href":"https:\/\/hojassueltas.es\/index.php?rest_route=\/wp\/v2\/posts\/4298","targetHints":{"allow":["GET"]}}],"collection":[{"href":"https:\/\/hojassueltas.es\/index.php?rest_route=\/wp\/v2\/posts"}],"about":[{"href":"https:\/\/hojassueltas.es\/index.php?rest_route=\/wp\/v2\/types\/post"}],"author":[{"embeddable":true,"href":"https:\/\/hojassueltas.es\/index.php?rest_route=\/wp\/v2\/users\/1"}],"replies":[{"embeddable":true,"href":"https:\/\/hojassueltas.es\/index.php?rest_route=%2Fwp%2Fv2%2Fcomments&post=4298"}],"version-history":[{"count":2,"href":"https:\/\/hojassueltas.es\/index.php?rest_route=\/wp\/v2\/posts\/4298\/revisions"}],"predecessor-version":[{"id":4302,"href":"https:\/\/hojassueltas.es\/index.php?rest_route=\/wp\/v2\/posts\/4298\/revisions\/4302"}],"wp:featuredmedia":[{"embeddable":true,"href":"https:\/\/hojassueltas.es\/index.php?rest_route=\/wp\/v2\/media\/4301"}],"wp:attachment":[{"href":"https:\/\/hojassueltas.es\/index.php?rest_route=%2Fwp%2Fv2%2Fmedia&parent=4298"}],"wp:term":[{"taxonomy":"category","embeddable":true,"href":"https:\/\/hojassueltas.es\/index.php?rest_route=%2Fwp%2Fv2%2Fcategories&post=4298"},{"taxonomy":"post_tag","embeddable":true,"href":"https:\/\/hojassueltas.es\/index.php?rest_route=%2Fwp%2Fv2%2Ftags&post=4298"}],"curies":[{"name":"wp","href":"https:\/\/api.w.org\/{rel}","templated":true}]}}