{"id":4147,"date":"2023-05-23T00:02:59","date_gmt":"2023-05-22T22:02:59","guid":{"rendered":"https:\/\/hojassueltas.es\/?p=4147"},"modified":"2025-10-18T11:12:51","modified_gmt":"2025-10-18T09:12:51","slug":"la-herencia-de-los-ferramonti","status":"publish","type":"post","link":"https:\/\/hojassueltas.es\/?p=4147","title":{"rendered":"La herencia de los Ferramonti"},"content":{"rendered":"<h1>La herencia de los Ferramonti<\/h1>\n<hr \/>\n<h4><strong>Gaetano Carlo Chelli<\/strong>. Traducci\u00f3n: Pepa Linares<\/h4>\n<figure id=\"attachment_4148\" aria-describedby=\"caption-attachment-4148\" style=\"width: 201px\" class=\"wp-caption alignright\"><img loading=\"lazy\" decoding=\"async\" class=\"wp-image-4148 size-medium\" src=\"https:\/\/hojassueltas.es\/wp-content\/uploads\/2023\/05\/La-herencia-Ferramonti-201x300.jpg\" alt=\"\" width=\"201\" height=\"300\" srcset=\"https:\/\/hojassueltas.es\/wp-content\/uploads\/2023\/05\/La-herencia-Ferramonti-201x300.jpg 201w, https:\/\/hojassueltas.es\/wp-content\/uploads\/2023\/05\/La-herencia-Ferramonti-150x224.jpg 150w, https:\/\/hojassueltas.es\/wp-content\/uploads\/2023\/05\/La-herencia-Ferramonti-300x447.jpg 300w, https:\/\/hojassueltas.es\/wp-content\/uploads\/2023\/05\/La-herencia-Ferramonti.jpg 302w\" sizes=\"auto, (max-width: 201px) 100vw, 201px\" \/><figcaption id=\"caption-attachment-4148\" class=\"wp-caption-text\">Editorial: ALBA ISBN: 978-84-9065-953-3<\/figcaption><\/figure>\n<p style=\"text-align: justify;\">Para Pier Paolo Pasolini, Gaetano Carlo Chelli era, \u00abdespu\u00e9s de Giovanni Verga y antes de Italo Svevo, el m\u00e1s grande narrador italiano del siglo XIX\u00bb. Redescubierto por Italo Calvino, considerado por algunos el Zola italiano, es hoy recordado sobre todo por esta novela,\u00a0<em>La herencia de los Ferramonti<\/em>\u00a0(1883), doblemente famosa por la adaptaci\u00f3n cinematogr\u00e1fica de Mauro Bolognini en 1976. En ella se describe el proceso de descomposici\u00f3n de una familia de la peque\u00f1a burgues\u00eda romana, cuyo cabeza de familia, un panadero que ha acumulado una fortuna, se rebela contra sus hijos tanto como ellos se rebelan contra \u00e9l. Harto de sus veleidades y disipaciones, desenga\u00f1ado al ver que ninguno quiere seguir con el negocio del \u00abarte blanco\u00bb, el viejo Gregorio Ferramonti los aparta de su lado y disfruta del insano placer de verlos torturarse bajo la amenaza de ser desheredados. Los hijos, por su parte, tambi\u00e9n est\u00e1n enemistados entre s\u00ed\u2026 hasta que la mujer de uno de ellos, Irene Carelli, \u00abuna flor delicada de modestia angelical\u00bb, decide poner orden en el caos: no solo consigue reconciliar a los hermanos, sino que poco a poco se va ganando la confianza y el favor del padre. Ahora bien, \u00bfes Irene el \u00e1ngel que aparenta o m\u00e1s bien una sirena, una \u00abastuta cazadora\u00bb? En el escabroso entramado que tiende entre los miembros de la familia, \u00bfrige el desinter\u00e9s o el c\u00e1lculo? Y las pasiones que desata \u00bfson aut\u00e9nticas o premeditadas? Chelli narra con maestr\u00eda, sirvi\u00e9ndose de un nutrido coro de voces, una historia que a\u00fana a la perfecci\u00f3n acci\u00f3n y psicolog\u00eda y de la cual puede decirse, sin temor al t\u00f3pico porque aqu\u00ed es verdad, que tiene un ritmo trepidante.<\/p>\n<p>El Autor:<\/p>\n<p style=\"text-align: justify;\"><strong>Gaetano Carlo Chelli<\/strong> naci\u00f3 en 1847 en Massa (Toscana), en una familia de la peque\u00f1a burgues\u00eda. Despu\u00e9s de estudiar en la escuela t\u00e9cnica de su ciudad, en 1866 se alist\u00f3 en el ej\u00e9rcito y, al licenciarse, obtuvo un empleo en\u00a0<em>L\u2019Apuano<\/em>, un bolet\u00edn oficial jur\u00eddico-administrativo de la provincia de Massa Carrara que lleg\u00f3 a dirigir y a convertir en un respetado peri\u00f3dico de actualidad; en \u00e9l public\u00f3 sus primeros cuentos. En 1874 se traslad\u00f3 a Roma, donde escribi\u00f3 su primera novela,\u00a0<em>Fabia<\/em>, que ver\u00eda publicada en 1876 en el diario\u00a0<em>L\u2019Opinione<\/em>. En 1878 consigue un puesto en la F\u00e1brica de Tabacos del Reino, que conservar\u00e1 hasta que en 1897 es ascendido a jefe de secci\u00f3n de segunda clase en el ministerio de Finanzas. En el diario\u00a0<em>Fanfulla<\/em>\u00a0ir\u00e1n apareciendo sus novelas\u00a0<em>Un\u2019avventura di teatro<\/em>\u00a0(1879),\u00a0<em>Un romanzo di donna<\/em>\u00a0(1880),\u00a0<em>Incompabilit\u00e0<\/em>\u00a0(1880) y\u00a0<em>La colpa di Bianca<\/em>\u00a0(1881). Colabor\u00f3 en la revista\u00a0<em>Cronaca Bizantina<\/em>\u00a0del influyente editor Angelo Sommaruga, que en 1883 publicar\u00eda en forma de libro\u00a0<em>La colpa de Bianca<\/em>\u00a0y tambi\u00e9n su nueva novela,\u00a0<em>La herencia de los Ferramonti<\/em>. Tras unos a\u00f1os de inactividad literaria, en 1902 public\u00f3 otra novela,\u00a0<em>L\u2019avventuriera<\/em>. Su obra fue, sin embargo, pronto olvidada y no se redescubri\u00f3 hasta la segunda mitad del siglo XX gracias al inter\u00e9s de notables figuras de la cultura como Italo Calvino, Pier Paolo Pasolini y el cr\u00edtico Roberto Bigazzi, que se ocup\u00f3 de la reedici\u00f3n en 1972 de\u00a0<em>La herencia de los Ferramonti<\/em>, la cual fue adaptada al cine por Mauro Bolognini con gran \u00e9xito en 1976. Chelli muri\u00f3 en Roma en 1904.<\/p>\n","protected":false},"excerpt":{"rendered":"<p>La herencia de los Ferramonti Gaetano Carlo Chelli. Traducci\u00f3n: Pepa Linares Para Pier Paolo Pasolini, Gaetano Carlo Chelli era, \u00abdespu\u00e9s de Giovanni Verga y antes de Italo Svevo, el m\u00e1s grande narrador italiano del siglo XIX\u00bb. Redescubierto por Italo Calvino, considerado por algunos el Zola italiano, es hoy recordado sobre todo por esta novela,\u00a0La herencia [&hellip;]<\/p>\n","protected":false},"author":1,"featured_media":4149,"comment_status":"open","ping_status":"closed","sticky":false,"template":"","format":"standard","meta":{"footnotes":""},"categories":[1124],"tags":[499,500,501],"class_list":{"0":"post-4147","1":"post","2":"type-post","3":"status-publish","4":"format-standard","5":"has-post-thumbnail","7":"category-por-que-leer","8":"tag-alba-editorial","9":"tag-gaetano-carlo-chelli","10":"tag-pepa-linares-traductora"},"yoast_head":"<!-- This site is optimized with the Yoast SEO plugin v27.5 - https:\/\/yoast.com\/product\/yoast-seo-wordpress\/ -->\n<title>La herencia de los Ferramonti | HOJAS SUELTAS Peri\u00f3dico Cultural<\/title>\n<meta name=\"description\" content=\"El proceso de descomposici\u00f3n de una familia de la peque\u00f1a burgues\u00eda romana, cuyo cabeza de familia, un panadero que ha acumulado una fortuna\" \/>\n<meta name=\"robots\" content=\"index, follow, max-snippet:-1, max-image-preview:large, max-video-preview:-1\" \/>\n<link rel=\"canonical\" href=\"https:\/\/hojassueltas.es\/?p=4147\" \/>\n<meta property=\"og:locale\" content=\"es_ES\" \/>\n<meta property=\"og:type\" content=\"article\" \/>\n<meta property=\"og:title\" content=\"La herencia de los Ferramonti | HOJAS SUELTAS Peri\u00f3dico Cultural\" \/>\n<meta property=\"og:description\" content=\"El proceso de descomposici\u00f3n de una familia de la peque\u00f1a burgues\u00eda romana, cuyo cabeza de familia, un panadero que ha acumulado una fortuna\" \/>\n<meta property=\"og:url\" content=\"https:\/\/hojassueltas.es\/?p=4147\" \/>\n<meta property=\"og:site_name\" content=\"HOJAS SUELTAS Peri\u00f3dico Cultural\" \/>\n<meta property=\"article:published_time\" content=\"2023-05-22T22:02:59+00:00\" \/>\n<meta property=\"article:modified_time\" content=\"2025-10-18T09:12:51+00:00\" \/>\n<meta property=\"og:image\" content=\"https:\/\/hojassueltas.es\/wp-content\/uploads\/2023\/05\/La-herencia_web.png\" \/>\n\t<meta property=\"og:image:width\" content=\"1050\" \/>\n\t<meta property=\"og:image:height\" content=\"610\" \/>\n\t<meta property=\"og:image:type\" content=\"image\/png\" \/>\n<meta name=\"author\" content=\"Redacci\u00f3n\" \/>\n<meta name=\"twitter:card\" content=\"summary_large_image\" \/>\n<meta name=\"twitter:creator\" content=\"@HOJASSUELTAS22\" \/>\n<meta name=\"twitter:site\" content=\"@HOJASSUELTAS22\" \/>\n<meta name=\"twitter:label1\" content=\"Escrito por\" \/>\n\t<meta name=\"twitter:data1\" content=\"Redacci\u00f3n\" \/>\n\t<meta name=\"twitter:label2\" content=\"Tiempo de lectura\" \/>\n\t<meta name=\"twitter:data2\" content=\"3 minutos\" \/>\n<script type=\"application\/ld+json\" class=\"yoast-schema-graph\">{\"@context\":\"https:\\\/\\\/schema.org\",\"@graph\":[{\"@type\":[\"Article\",\"BlogPosting\"],\"@id\":\"https:\\\/\\\/hojassueltas.es\\\/?p=4147#article\",\"isPartOf\":{\"@id\":\"https:\\\/\\\/hojassueltas.es\\\/?p=4147\"},\"author\":{\"name\":\"Redacci\u00f3n\",\"@id\":\"https:\\\/\\\/hojassueltas.es\\\/#\\\/schema\\\/person\\\/f232bbdb834c61c90aff2245daa401c0\"},\"headline\":\"La herencia de los Ferramonti\",\"datePublished\":\"2023-05-22T22:02:59+00:00\",\"dateModified\":\"2025-10-18T09:12:51+00:00\",\"mainEntityOfPage\":{\"@id\":\"https:\\\/\\\/hojassueltas.es\\\/?p=4147\"},\"wordCount\":602,\"commentCount\":0,\"publisher\":{\"@id\":\"https:\\\/\\\/hojassueltas.es\\\/#organization\"},\"image\":{\"@id\":\"https:\\\/\\\/hojassueltas.es\\\/?p=4147#primaryimage\"},\"thumbnailUrl\":\"https:\\\/\\\/hojassueltas.es\\\/wp-content\\\/uploads\\\/2023\\\/05\\\/La-herencia_web.png\",\"keywords\":[\"Alba Editorial\",\"Gaetano Carlo Chelli\",\"Pepa Linares (traductora)\"],\"articleSection\":[\"POR QU\u00c9 LEER...\"],\"inLanguage\":\"es\",\"potentialAction\":[{\"@type\":\"CommentAction\",\"name\":\"Comment\",\"target\":[\"https:\\\/\\\/hojassueltas.es\\\/?p=4147#respond\"]}]},{\"@type\":\"WebPage\",\"@id\":\"https:\\\/\\\/hojassueltas.es\\\/?p=4147\",\"url\":\"https:\\\/\\\/hojassueltas.es\\\/?p=4147\",\"name\":\"La herencia de los Ferramonti | HOJAS SUELTAS Peri\u00f3dico Cultural\",\"isPartOf\":{\"@id\":\"https:\\\/\\\/hojassueltas.es\\\/#website\"},\"primaryImageOfPage\":{\"@id\":\"https:\\\/\\\/hojassueltas.es\\\/?p=4147#primaryimage\"},\"image\":{\"@id\":\"https:\\\/\\\/hojassueltas.es\\\/?p=4147#primaryimage\"},\"thumbnailUrl\":\"https:\\\/\\\/hojassueltas.es\\\/wp-content\\\/uploads\\\/2023\\\/05\\\/La-herencia_web.png\",\"datePublished\":\"2023-05-22T22:02:59+00:00\",\"dateModified\":\"2025-10-18T09:12:51+00:00\",\"description\":\"El proceso de descomposici\u00f3n de una familia de la peque\u00f1a burgues\u00eda romana, cuyo cabeza de familia, un panadero que ha acumulado una fortuna\",\"breadcrumb\":{\"@id\":\"https:\\\/\\\/hojassueltas.es\\\/?p=4147#breadcrumb\"},\"inLanguage\":\"es\",\"potentialAction\":[{\"@type\":\"ReadAction\",\"target\":[\"https:\\\/\\\/hojassueltas.es\\\/?p=4147\"]}]},{\"@type\":\"ImageObject\",\"inLanguage\":\"es\",\"@id\":\"https:\\\/\\\/hojassueltas.es\\\/?p=4147#primaryimage\",\"url\":\"https:\\\/\\\/hojassueltas.es\\\/wp-content\\\/uploads\\\/2023\\\/05\\\/La-herencia_web.png\",\"contentUrl\":\"https:\\\/\\\/hojassueltas.es\\\/wp-content\\\/uploads\\\/2023\\\/05\\\/La-herencia_web.png\",\"width\":1050,\"height\":610},{\"@type\":\"BreadcrumbList\",\"@id\":\"https:\\\/\\\/hojassueltas.es\\\/?p=4147#breadcrumb\",\"itemListElement\":[{\"@type\":\"ListItem\",\"position\":1,\"name\":\"Portada\",\"item\":\"https:\\\/\\\/hojassueltas.es\\\/\"},{\"@type\":\"ListItem\",\"position\":2,\"name\":\"La herencia de los Ferramonti\"}]},{\"@type\":\"WebSite\",\"@id\":\"https:\\\/\\\/hojassueltas.es\\\/#website\",\"url\":\"https:\\\/\\\/hojassueltas.es\\\/\",\"name\":\"HojasSueltas.es\",\"description\":\"GRANADA - Peri\u00f3dico Cultural\",\"publisher\":{\"@id\":\"https:\\\/\\\/hojassueltas.es\\\/#organization\"},\"alternateName\":\"H.S. Periodico Cultural\",\"potentialAction\":[{\"@type\":\"SearchAction\",\"target\":{\"@type\":\"EntryPoint\",\"urlTemplate\":\"https:\\\/\\\/hojassueltas.es\\\/?s={search_term_string}\"},\"query-input\":{\"@type\":\"PropertyValueSpecification\",\"valueRequired\":true,\"valueName\":\"search_term_string\"}}],\"inLanguage\":\"es\"},{\"@type\":\"Organization\",\"@id\":\"https:\\\/\\\/hojassueltas.es\\\/#organization\",\"name\":\"HOJAS SUELTAS - Peri\u00f3dico Cultural\",\"alternateName\":\"HS - HOJAS SUELTAS Peri\u00f3dico Cultural\",\"url\":\"https:\\\/\\\/hojassueltas.es\\\/\",\"logo\":{\"@type\":\"ImageObject\",\"inLanguage\":\"es\",\"@id\":\"https:\\\/\\\/hojassueltas.es\\\/#\\\/schema\\\/logo\\\/image\\\/\",\"url\":\"https:\\\/\\\/hojassueltas.es\\\/wp-content\\\/uploads\\\/2025\\\/08\\\/Icono-HS_2.png\",\"contentUrl\":\"https:\\\/\\\/hojassueltas.es\\\/wp-content\\\/uploads\\\/2025\\\/08\\\/Icono-HS_2.png\",\"width\":500,\"height\":500,\"caption\":\"HOJAS SUELTAS - Peri\u00f3dico Cultural\"},\"image\":{\"@id\":\"https:\\\/\\\/hojassueltas.es\\\/#\\\/schema\\\/logo\\\/image\\\/\"},\"sameAs\":[\"https:\\\/\\\/x.com\\\/HOJASSUELTAS22\"]},{\"@type\":\"Person\",\"@id\":\"https:\\\/\\\/hojassueltas.es\\\/#\\\/schema\\\/person\\\/f232bbdb834c61c90aff2245daa401c0\",\"name\":\"Redacci\u00f3n\",\"image\":{\"@type\":\"ImageObject\",\"inLanguage\":\"es\",\"@id\":\"https:\\\/\\\/hojassueltas.es\\\/wp-content\\\/uploads\\\/2026\\\/02\\\/Redaccion-2-96x96.png\",\"url\":\"https:\\\/\\\/hojassueltas.es\\\/wp-content\\\/uploads\\\/2026\\\/02\\\/Redaccion-2-96x96.png\",\"contentUrl\":\"https:\\\/\\\/hojassueltas.es\\\/wp-content\\\/uploads\\\/2026\\\/02\\\/Redaccion-2-96x96.png\",\"caption\":\"Redacci\u00f3n\"},\"description\":\"Redacci\u00f3n de HOJAS SUELTAS\",\"url\":\"https:\\\/\\\/hojassueltas.es\\\/?author=1\"}]}<\/script>\n<!-- \/ Yoast SEO plugin. -->","yoast_head_json":{"title":"La herencia de los Ferramonti | HOJAS SUELTAS Peri\u00f3dico Cultural","description":"El proceso de descomposici\u00f3n de una familia de la peque\u00f1a burgues\u00eda romana, cuyo cabeza de familia, un panadero que ha acumulado una fortuna","robots":{"index":"index","follow":"follow","max-snippet":"max-snippet:-1","max-image-preview":"max-image-preview:large","max-video-preview":"max-video-preview:-1"},"canonical":"https:\/\/hojassueltas.es\/?p=4147","og_locale":"es_ES","og_type":"article","og_title":"La herencia de los Ferramonti | HOJAS SUELTAS Peri\u00f3dico Cultural","og_description":"El proceso de descomposici\u00f3n de una familia de la peque\u00f1a burgues\u00eda romana, cuyo cabeza de familia, un panadero que ha acumulado una fortuna","og_url":"https:\/\/hojassueltas.es\/?p=4147","og_site_name":"HOJAS SUELTAS Peri\u00f3dico Cultural","article_published_time":"2023-05-22T22:02:59+00:00","article_modified_time":"2025-10-18T09:12:51+00:00","og_image":[{"width":1050,"height":610,"url":"https:\/\/hojassueltas.es\/wp-content\/uploads\/2023\/05\/La-herencia_web.png","type":"image\/png"}],"author":"Redacci\u00f3n","twitter_card":"summary_large_image","twitter_creator":"@HOJASSUELTAS22","twitter_site":"@HOJASSUELTAS22","twitter_misc":{"Escrito por":"Redacci\u00f3n","Tiempo de lectura":"3 minutos"},"schema":{"@context":"https:\/\/schema.org","@graph":[{"@type":["Article","BlogPosting"],"@id":"https:\/\/hojassueltas.es\/?p=4147#article","isPartOf":{"@id":"https:\/\/hojassueltas.es\/?p=4147"},"author":{"name":"Redacci\u00f3n","@id":"https:\/\/hojassueltas.es\/#\/schema\/person\/f232bbdb834c61c90aff2245daa401c0"},"headline":"La herencia de los Ferramonti","datePublished":"2023-05-22T22:02:59+00:00","dateModified":"2025-10-18T09:12:51+00:00","mainEntityOfPage":{"@id":"https:\/\/hojassueltas.es\/?p=4147"},"wordCount":602,"commentCount":0,"publisher":{"@id":"https:\/\/hojassueltas.es\/#organization"},"image":{"@id":"https:\/\/hojassueltas.es\/?p=4147#primaryimage"},"thumbnailUrl":"https:\/\/hojassueltas.es\/wp-content\/uploads\/2023\/05\/La-herencia_web.png","keywords":["Alba Editorial","Gaetano Carlo Chelli","Pepa Linares (traductora)"],"articleSection":["POR QU\u00c9 LEER..."],"inLanguage":"es","potentialAction":[{"@type":"CommentAction","name":"Comment","target":["https:\/\/hojassueltas.es\/?p=4147#respond"]}]},{"@type":"WebPage","@id":"https:\/\/hojassueltas.es\/?p=4147","url":"https:\/\/hojassueltas.es\/?p=4147","name":"La herencia de los Ferramonti | HOJAS SUELTAS Peri\u00f3dico Cultural","isPartOf":{"@id":"https:\/\/hojassueltas.es\/#website"},"primaryImageOfPage":{"@id":"https:\/\/hojassueltas.es\/?p=4147#primaryimage"},"image":{"@id":"https:\/\/hojassueltas.es\/?p=4147#primaryimage"},"thumbnailUrl":"https:\/\/hojassueltas.es\/wp-content\/uploads\/2023\/05\/La-herencia_web.png","datePublished":"2023-05-22T22:02:59+00:00","dateModified":"2025-10-18T09:12:51+00:00","description":"El proceso de descomposici\u00f3n de una familia de la peque\u00f1a burgues\u00eda romana, cuyo cabeza de familia, un panadero que ha acumulado una fortuna","breadcrumb":{"@id":"https:\/\/hojassueltas.es\/?p=4147#breadcrumb"},"inLanguage":"es","potentialAction":[{"@type":"ReadAction","target":["https:\/\/hojassueltas.es\/?p=4147"]}]},{"@type":"ImageObject","inLanguage":"es","@id":"https:\/\/hojassueltas.es\/?p=4147#primaryimage","url":"https:\/\/hojassueltas.es\/wp-content\/uploads\/2023\/05\/La-herencia_web.png","contentUrl":"https:\/\/hojassueltas.es\/wp-content\/uploads\/2023\/05\/La-herencia_web.png","width":1050,"height":610},{"@type":"BreadcrumbList","@id":"https:\/\/hojassueltas.es\/?p=4147#breadcrumb","itemListElement":[{"@type":"ListItem","position":1,"name":"Portada","item":"https:\/\/hojassueltas.es\/"},{"@type":"ListItem","position":2,"name":"La herencia de los Ferramonti"}]},{"@type":"WebSite","@id":"https:\/\/hojassueltas.es\/#website","url":"https:\/\/hojassueltas.es\/","name":"HojasSueltas.es","description":"GRANADA - Peri\u00f3dico Cultural","publisher":{"@id":"https:\/\/hojassueltas.es\/#organization"},"alternateName":"H.S. Periodico Cultural","potentialAction":[{"@type":"SearchAction","target":{"@type":"EntryPoint","urlTemplate":"https:\/\/hojassueltas.es\/?s={search_term_string}"},"query-input":{"@type":"PropertyValueSpecification","valueRequired":true,"valueName":"search_term_string"}}],"inLanguage":"es"},{"@type":"Organization","@id":"https:\/\/hojassueltas.es\/#organization","name":"HOJAS SUELTAS - Peri\u00f3dico Cultural","alternateName":"HS - HOJAS SUELTAS Peri\u00f3dico Cultural","url":"https:\/\/hojassueltas.es\/","logo":{"@type":"ImageObject","inLanguage":"es","@id":"https:\/\/hojassueltas.es\/#\/schema\/logo\/image\/","url":"https:\/\/hojassueltas.es\/wp-content\/uploads\/2025\/08\/Icono-HS_2.png","contentUrl":"https:\/\/hojassueltas.es\/wp-content\/uploads\/2025\/08\/Icono-HS_2.png","width":500,"height":500,"caption":"HOJAS SUELTAS - Peri\u00f3dico Cultural"},"image":{"@id":"https:\/\/hojassueltas.es\/#\/schema\/logo\/image\/"},"sameAs":["https:\/\/x.com\/HOJASSUELTAS22"]},{"@type":"Person","@id":"https:\/\/hojassueltas.es\/#\/schema\/person\/f232bbdb834c61c90aff2245daa401c0","name":"Redacci\u00f3n","image":{"@type":"ImageObject","inLanguage":"es","@id":"https:\/\/hojassueltas.es\/wp-content\/uploads\/2026\/02\/Redaccion-2-96x96.png","url":"https:\/\/hojassueltas.es\/wp-content\/uploads\/2026\/02\/Redaccion-2-96x96.png","contentUrl":"https:\/\/hojassueltas.es\/wp-content\/uploads\/2026\/02\/Redaccion-2-96x96.png","caption":"Redacci\u00f3n"},"description":"Redacci\u00f3n de HOJAS SUELTAS","url":"https:\/\/hojassueltas.es\/?author=1"}]}},"_links":{"self":[{"href":"https:\/\/hojassueltas.es\/index.php?rest_route=\/wp\/v2\/posts\/4147","targetHints":{"allow":["GET"]}}],"collection":[{"href":"https:\/\/hojassueltas.es\/index.php?rest_route=\/wp\/v2\/posts"}],"about":[{"href":"https:\/\/hojassueltas.es\/index.php?rest_route=\/wp\/v2\/types\/post"}],"author":[{"embeddable":true,"href":"https:\/\/hojassueltas.es\/index.php?rest_route=\/wp\/v2\/users\/1"}],"replies":[{"embeddable":true,"href":"https:\/\/hojassueltas.es\/index.php?rest_route=%2Fwp%2Fv2%2Fcomments&post=4147"}],"version-history":[{"count":1,"href":"https:\/\/hojassueltas.es\/index.php?rest_route=\/wp\/v2\/posts\/4147\/revisions"}],"predecessor-version":[{"id":4150,"href":"https:\/\/hojassueltas.es\/index.php?rest_route=\/wp\/v2\/posts\/4147\/revisions\/4150"}],"wp:featuredmedia":[{"embeddable":true,"href":"https:\/\/hojassueltas.es\/index.php?rest_route=\/wp\/v2\/media\/4149"}],"wp:attachment":[{"href":"https:\/\/hojassueltas.es\/index.php?rest_route=%2Fwp%2Fv2%2Fmedia&parent=4147"}],"wp:term":[{"taxonomy":"category","embeddable":true,"href":"https:\/\/hojassueltas.es\/index.php?rest_route=%2Fwp%2Fv2%2Fcategories&post=4147"},{"taxonomy":"post_tag","embeddable":true,"href":"https:\/\/hojassueltas.es\/index.php?rest_route=%2Fwp%2Fv2%2Ftags&post=4147"}],"curies":[{"name":"wp","href":"https:\/\/api.w.org\/{rel}","templated":true}]}}