{"id":4073,"date":"2023-05-23T00:01:19","date_gmt":"2023-05-22T22:01:19","guid":{"rendered":"https:\/\/hojassueltas.es\/?p=4073"},"modified":"2025-03-12T17:27:47","modified_gmt":"2025-03-12T16:27:47","slug":"juan-madrid-munoz","status":"publish","type":"post","link":"https:\/\/hojassueltas.es\/?p=4073","title":{"rendered":"Juan Madrid Mu\u00f1oz"},"content":{"rendered":"<p style=\"text-align: justify;\">M\u00e1laga 1947<\/p>\n<p style=\"text-align: justify;\">Periodista, guionista, escritor. Licenciado en\u00a0Historia Contempor\u00e1nea\u00a0por la\u00a0Universidad de Salamanca. Considerado uno de los m\u00e1ximos exponentes de la\u00a0<i>nueva\u00a0novela negra\u00a0o urbana europea<\/i>. Su amplia obra ha sido traducida a diecis\u00e9is lenguas. Ejerce regularmente la docencia en instituciones de Espa\u00f1a, Francia, Italia, Argentina y Cuba, destacando entre otras la Escuela Internacional de Cine y TV de San Antonio de los Ba\u00f1os\u00a0en Cuba y\u00a0Hotel Kafka\u00a0de Madrid.<\/p>\n<p style=\"text-align: justify;\">Bibliograf\u00eda:<\/p>\n<p style=\"text-align: justify;\"><b>Serie de Toni Romano<\/b><\/p>\n<p style=\"text-align: justify;\">1.\u00a0<i>Un beso de amigo<\/i>, 1980. Sedmay.\u00a0 2.\u00a0<i>Las apariencias no enga\u00f1an<\/i>, 1982. Alianza.\u00a0 3.\u00a0<i>Regalo de la casa<\/i>, 1986. Alianza.\u00a04.\u00a0<i>Mujeres &amp; Mujeres<\/i>, 1995. Alianza.\u00a05.\u00a0<i>Cuentas pendientes<\/i>, 1995. Alianza.\u00a06.\u00a0<i>Grupo de noche<\/i>, Espasa-Calpe, 2003\u00a07.\u00a0<i>Adi\u00f3s, princesa<\/i>\u00a0,2008. Ediciones B.\u00a08.\u00a0<i>Bares nocturnos<\/i>\u00a0,2009. Alianza.<\/p>\n<p style=\"text-align: justify;\"><b>Serie\u00a0<i>Brigada Central<\/i><\/b><\/p>\n<p style=\"text-align: justify;\">01.\u00a0<i>Flores, el gitano<\/i>, Ediciones B, Barcelona, 1989\u00a0 02.\u00a0<i>S\u00f3lo para los amigos<\/i>, Espasa, 1989\u00a0 03.\u00a0<i>Vistas al mar<\/i>, Ediciones B, Barcelona, 1989\u00a004.\u00a0<i>\u00daltimo modelo<\/i>, Ediciones B, Barcelona, 1989\u00a0 05.\u00a0<i>Pies de plomo<\/i>, Ediciones B, Barcelona, 1989\u00a0 06.\u00a0<i>Asuntos de rutina<\/i>, Ediciones B, Barcelona, 1989\u00a007.\u00a0<i>Noche sin final<\/i>, Ediciones B, Barcelona, 1989\u00a0 08.\u00a0<i>El \u00e1ngel de la muerte<\/i>, Ediciones B, Barcelona, 1989\u00a0\u00a009.\u00a0<i>El cebo<\/i>, Ediciones B, Barcelona, 1989\u00a0\u00a010.\u00a0<i>Antig\u00fcedades<\/i>, Ediciones B, Barcelona, 1989\u00a0\u00a011.\u00a0<i>Desde el pasado<\/i>, Ediciones B, Barcelona, 1989\u00a0 12.\u00a0<i>Potitos<\/i>, Ediciones B, Barcelona, 1990\u00a013.\u00a0<i>El hombre del reloj<\/i>, Ediciones B, Barcelona, 1990\u00a014.\u00a0<i>Turno de noche<\/i>, Ediciones B, Barcelona, 1990<\/p>\n<p style=\"text-align: justify;\"><i><b>Brigada Central<\/b><\/i><\/p>\n<p style=\"text-align: justify;\">1.\u00a0<i>Flores, el gitano<\/i>, Ediciones B, Barcelona, 2010\u00a0 \u00a0 2.\u00a0<i>Asunto de rutina<\/i>, Ediciones B, Barcelona, 2011\u00a0\u00a03.\u00a0<i>El hombre del reloj<\/i>, Ediciones B, Barcelona, 2011<\/p>\n<p style=\"text-align: justify;\"><b>Otras novelas<\/b><\/p>\n<p style=\"text-align: justify;\"><i>Nada que hacer<\/i>, 1984. Seix Barral.\u00a0 \u00a0\u00a0<i>D\u00edas contados<\/i>, 1993. Alianza.\u00a0\u00a0<i>Viejos amores<\/i>, 1993. Ediciones B.\u00a0\u00a0<i>Malos tiempos<\/i>, 1995. Alianza.\u00a0<i>T\u00e1nger<\/i>, 1997. Acento.\u00a0\u00a0<i>Restos de carm\u00edn<\/i>, 1999. Espasa.\u00a0\u00a0<i>Gente bastante extra\u00f1a<\/i>, 2001. Espasa.\u00a0<i>P\u00e1jaro en mano<\/i>, 2007. Ediciones B.\u00a0<i>Los hombres mojados no temen la lluvia<\/i>, 2013. Alianza.\u00a0<i>Perros que duermen<\/i>, 2017. Alianza.\u00a0\u00a0<i>Gloria bendita<\/i>, 2020. Alianza.<\/p>\n<p style=\"text-align: justify;\"><b>Literatura juvenil y de aventuras<\/b><\/p>\n<p style=\"text-align: justify;\"><i>Hotel para\u00edso<\/i>, 1985. Anaya.\u00a0\u00a0<i>Cuartos oscuros<\/i>, 1993. SM.\u00a0\u00a0<i>Los ca\u00f1ones de Durango<\/i>, 1996. Alfaguara.\u00a0\u00a0<i>Los piratas del Ranghum<\/i>, 1996. Edeb\u00e9.\u00a0\u00a0<i>En el mar de China<\/i>, 1997. Alfaguara.\u00a0\u00a0<i>El fugitivo de Borneo<\/i>, 1998. Alfaguara.\u00a0\u00a0<i>El hijo de Sandok\u00e1n<\/i>, 2003. La Esfera de los Libros.\u00a0\u00a0<i>Los senderos del tigre<\/i>, 2005. Alfaguara.\u00a0<i>Huida al sur<\/i>, 2008. Edeb\u00e9.\u00a0<i>El rey del mar<\/i>, 2010. Edeb\u00e9.<\/p>\n<p style=\"text-align: justify;\"><b>Cuento<\/b><\/p>\n<p style=\"text-align: justify;\"><i>Un trabajo f\u00e1cil<\/i>, 1984. Laia.\u00a0 \u00a0\u00a0<i>Jungla<\/i>, 1988. Ediciones B\u00a0\u00a0<i>Cr\u00f3nicas del Madrid oscuro<\/i>, 1994. Aguilar.\u00a0\u00a0<i>Malos tiempos<\/i>, 1995. Alianza.\u00a0\u00a0<i>Cuentos completos<\/i>, 2009. Incluye\u00a0<i>Un trabajo f\u00e1cil<\/i>,\u00a0<i>Jungla<\/i>,\u00a0<i>Cr\u00f3nicas del Madrid oscuro<\/i>\u00a0y\u00a0<i>Malos tiempos<\/i>\u00a0m\u00e1s el relato\u00a0<i>Vidas criminales<\/i>. Ediciones B.\u00a0<i>Cuentos del asfalto<\/i>, 2006. Popular.<\/p>\n<p style=\"text-align: justify;\"><b>Ensayo y reportaje<\/b><\/p>\n<p style=\"text-align: justify;\"><i>La mano negra<\/i>, 1998. Temas de Hoy.\u00a0\u00a0<i>Amazonas: Un viaje imposible<\/i>, 2001. Espasa.<\/p>\n<p style=\"text-align: justify;\"><strong>Nota del Redactor:<\/strong><\/p>\n<p style=\"text-align: justify;\">Dada la amplisima informaci\u00f3n sobre el Autor, destacamos la correspondiente a los tres \u00faltimos a\u00f1os.<\/p>\n<h3 style=\"text-align: justify;\">V\u00cdDEOS<\/h3>\n<p style=\"text-align: justify;\"><iframe loading=\"lazy\" title=\"Rueda de prensa de &quot;Gloria bendita&quot; con Juan Madrid\" src=\"https:\/\/www.youtube.com\/embed\/R7mQBcEK_UQ?feature=oembed\" width=\"100%\" height=\"360\" frameborder=\"0\" allowfullscreen=\"allowfullscreen\" data-mce-fragment=\"1\"><\/iframe>\u00a0<iframe loading=\"lazy\" title=\"Los hombres mojados no temen la lluvia - Juan Madrid\" src=\"https:\/\/www.youtube.com\/embed\/cgxh9mtYz-4?feature=oembed\" width=\"100%\" height=\"360\" frameborder=\"0\" allowfullscreen=\"allowfullscreen\" data-mce-fragment=\"1\"><\/iframe>\u00a0<iframe loading=\"lazy\" title=\"Entrevista NyM a Juan Madrid: Premio Pepe Carvalho 2020\" src=\"https:\/\/www.youtube.com\/embed\/r5q5wkrOIk8?feature=oembed\" width=\"100%\" height=\"360\" frameborder=\"0\" allowfullscreen=\"allowfullscreen\" data-mce-fragment=\"1\"><\/iframe>\u00a0<iframe loading=\"lazy\" title=\"T\u00c1NGER de Juan Madrid\" src=\"https:\/\/www.youtube.com\/embed\/kUwxGU2mCbs?feature=oembed\" width=\"100%\" height=\"360\" frameborder=\"0\" allowfullscreen=\"allowfullscreen\" data-mce-fragment=\"1\"><\/iframe>\u00a0<iframe loading=\"lazy\" title=\"La trama en la novela, por Juan Madrid\" src=\"https:\/\/www.youtube.com\/embed\/z42bHHiIee4?feature=oembed\" width=\"100%\" height=\"360\" frameborder=\"0\" allowfullscreen=\"allowfullscreen\" data-mce-fragment=\"1\"><\/iframe><\/p>\n<h3 style=\"text-align: justify;\">RESE\u00d1AS:<\/h3>\n<p style=\"text-align: justify;\"><em><strong>Gloria Bendita:\u00a0\u00a0<\/strong><\/em><a href=\"https:\/\/laslecturasdeguillermo.wordpress.com\/2020\/12\/28\/gloria-bendita-de-juan-madrid\/\">Las lecturas de Guillermo\u00a0\u00a0\u00a0<\/a><\/p>\n<p>&nbsp;<\/p>\n<p style=\"text-align: justify;\"><em><strong>Perros que duermen.<\/strong><\/em><\/p>\n<p style=\"text-align: justify;\"><a href=\"https:\/\/letralia.com\/lecturas\/2020\/02\/15\/perros-que-duermen-de-juan-madrid\/\">Letralia<\/a><\/p>\n<p style=\"text-align: justify;\"><a href=\"https:\/\/www.moonmagazine.info\/perros-que-duermen-de-juan-madrid\/\">Moon Magazine<\/a><\/p>\n<p style=\"text-align: justify;\"><a href=\"http:\/\/www.elbuhoentrelibros.com\/2018\/02\/perros-que-duermen-juan-madrid.html\">El buho entre libros\u00a0<\/a><\/p>\n<p style=\"text-align: justify;\"><a href=\"https:\/\/revistacalibre38.com\/2017\/10\/11\/novela-perros-que-duermen-de-juan-madrid\/\">Calibre 38<\/a><\/p>\n<h3 style=\"text-align: justify;\">ENTREVISTAS:<\/h3>\n<p style=\"text-align: justify;\"><a href=\"https:\/\/www.granadahoy.com\/ocio\/Juan-Madrid-Gloria-Bendita_0_1516348929.html\">Gloria Bendita, su \u00faltima novela<\/a><\/p>\n<h3 style=\"text-align: justify;\">MEDIOS:<\/h3>\n<p style=\"text-align: justify;\"><a href=\"https:\/\/www.zendalibros.com\/gloria-bendita-de-juan-madrid\/\">Gloria bendita, de Juan Madrid<\/a><\/p>\n<p style=\"text-align: justify;\"><a href=\"https:\/\/www.abc.es\/cultura\/libros\/abci-juan-madrid-negra-novela-nuestro-tiempo-angustia-y-inseguridad-202002070201_noticia.html\">Juan Madrid: \u00abLa negra es la novela de nuestro tiempo, la de la angustia y la inseguridad\u00bb<\/a><\/p>\n<p style=\"text-align: justify;\"><a href=\"https:\/\/elcultural.com\/Juan-Madrid-La-buena-novela-negra-debe-molestar-a-alguien\">Juan Madrid: \u00abLa buena novela negra debe molestar a alguien\u00bb<\/a><\/p>\n<p style=\"text-align: justify;\"><a href=\"https:\/\/www.lamarea.com\/2021\/01\/19\/juan-madrid-cloacas-estado-gloria-bendita\/\">Juan Madrid: \u00abNo hay un solo agente que no supiera lo que hac\u00eda la polic\u00eda patri\u00f3tica\u00bb<\/a><\/p>\n<p style=\"text-align: justify;\"><a href=\"https:\/\/www.elperiodico.com\/es\/ocio-y-cultura\/20200206\/juan-madrid-premio-pepe-carvalho-7838517\">El autor recogi\u00f3 este jueves el galard\u00f3n Pepe Carvalho, que devuelve su figura a la actualidad<\/a><\/p>\n<p style=\"text-align: justify;\"><a href=\"https:\/\/www.europapress.es\/cultura\/libros-00132\/noticia-juan-madrid-vuelve-novela-gloria-bendita-ictus-espana-pais-siniestro-ladrones-20201103133350.html\">Juan Madrid vuelve con novela, \u2018Gloria bendita\u2019, tras un ictus: \u00abEspa\u00f1a es un pa\u00eds siniestro de ladrones\u00bb<\/a><\/p>\n<div class=\"addtoany_share_save_container addtoany_content addtoany_content_bottom\">\n<div class=\"a2a_kit a2a_kit_size_18 addtoany_list\" style=\"text-align: justify;\" data-a2a-url=\"https:\/\/elsayon.com\/autores-y-colaboradores__trashed\/juan-madrid\/\" data-a2a-title=\"Juan Madrid\"><\/div>\n<\/div>\n","protected":false},"excerpt":{"rendered":"<p>M\u00e1laga 1947 Periodista, guionista, escritor. Licenciado en\u00a0Historia Contempor\u00e1nea\u00a0por la\u00a0Universidad de Salamanca. Considerado uno de los m\u00e1ximos exponentes de la\u00a0nueva\u00a0novela negra\u00a0o urbana europea. Su amplia obra ha sido traducida a diecis\u00e9is lenguas. Ejerce regularmente la docencia en instituciones de Espa\u00f1a, Francia, Italia, Argentina y Cuba, destacando entre otras la Escuela Internacional de Cine y TV de [&hellip;]<\/p>\n","protected":false},"author":1,"featured_media":4075,"comment_status":"open","ping_status":"closed","sticky":false,"template":"","format":"standard","meta":{"footnotes":""},"categories":[2296],"tags":[304],"class_list":{"0":"post-4073","1":"post","2":"type-post","3":"status-publish","4":"format-standard","5":"has-post-thumbnail","7":"category-fichas-biobibliograficas","8":"tag-juan-madrid"},"yoast_head":"<!-- This site is optimized with the Yoast SEO plugin v27.5 - https:\/\/yoast.com\/product\/yoast-seo-wordpress\/ -->\n<title>Juan Madrid Mu\u00f1oz | HOJAS SUELTAS Peri\u00f3dico Cultural<\/title>\n<meta name=\"description\" content=\"Biobibliograf\u00eda del escritor Juan Madrid, uno de los padres de la novela negra en Espa\u00f1a\" \/>\n<meta name=\"robots\" content=\"index, follow, max-snippet:-1, max-image-preview:large, max-video-preview:-1\" \/>\n<link rel=\"canonical\" href=\"https:\/\/hojassueltas.es\/?p=4073\" \/>\n<meta property=\"og:locale\" content=\"es_ES\" \/>\n<meta property=\"og:type\" content=\"article\" \/>\n<meta property=\"og:title\" content=\"Juan Madrid Mu\u00f1oz | HOJAS SUELTAS Peri\u00f3dico Cultural\" \/>\n<meta property=\"og:description\" content=\"Biobibliograf\u00eda del escritor Juan Madrid, uno de los padres de la novela negra en Espa\u00f1a\" \/>\n<meta property=\"og:url\" content=\"https:\/\/hojassueltas.es\/?p=4073\" \/>\n<meta property=\"og:site_name\" content=\"HOJAS SUELTAS Peri\u00f3dico Cultural\" \/>\n<meta property=\"article:published_time\" content=\"2023-05-22T22:01:19+00:00\" \/>\n<meta property=\"article:modified_time\" content=\"2025-03-12T16:27:47+00:00\" \/>\n<meta property=\"og:image\" content=\"https:\/\/hojassueltas.es\/wp-content\/uploads\/2023\/05\/Juan-Madrid_web.png\" \/>\n\t<meta property=\"og:image:width\" content=\"1050\" \/>\n\t<meta property=\"og:image:height\" content=\"610\" \/>\n\t<meta property=\"og:image:type\" content=\"image\/png\" \/>\n<meta name=\"author\" content=\"Redacci\u00f3n\" \/>\n<meta name=\"twitter:card\" content=\"summary_large_image\" \/>\n<meta name=\"twitter:creator\" content=\"@HOJASSUELTAS22\" \/>\n<meta name=\"twitter:site\" content=\"@HOJASSUELTAS22\" \/>\n<meta name=\"twitter:label1\" content=\"Escrito por\" \/>\n\t<meta name=\"twitter:data1\" content=\"Redacci\u00f3n\" \/>\n\t<meta name=\"twitter:label2\" content=\"Tiempo de lectura\" \/>\n\t<meta name=\"twitter:data2\" content=\"3 minutos\" \/>\n<script type=\"application\/ld+json\" class=\"yoast-schema-graph\">{\"@context\":\"https:\\\/\\\/schema.org\",\"@graph\":[{\"@type\":[\"Article\",\"BlogPosting\"],\"@id\":\"https:\\\/\\\/hojassueltas.es\\\/?p=4073#article\",\"isPartOf\":{\"@id\":\"https:\\\/\\\/hojassueltas.es\\\/?p=4073\"},\"author\":{\"name\":\"Redacci\u00f3n\",\"@id\":\"https:\\\/\\\/hojassueltas.es\\\/#\\\/schema\\\/person\\\/f232bbdb834c61c90aff2245daa401c0\"},\"headline\":\"Juan Madrid Mu\u00f1oz\",\"datePublished\":\"2023-05-22T22:01:19+00:00\",\"dateModified\":\"2025-03-12T16:27:47+00:00\",\"mainEntityOfPage\":{\"@id\":\"https:\\\/\\\/hojassueltas.es\\\/?p=4073\"},\"wordCount\":535,\"commentCount\":0,\"publisher\":{\"@id\":\"https:\\\/\\\/hojassueltas.es\\\/#organization\"},\"image\":{\"@id\":\"https:\\\/\\\/hojassueltas.es\\\/?p=4073#primaryimage\"},\"thumbnailUrl\":\"https:\\\/\\\/hojassueltas.es\\\/wp-content\\\/uploads\\\/2023\\\/05\\\/Juan-Madrid_web.png\",\"keywords\":[\"Juan Madrid\"],\"articleSection\":[\"Fichas biobibliogr\u00e1ficas\"],\"inLanguage\":\"es\",\"potentialAction\":[{\"@type\":\"CommentAction\",\"name\":\"Comment\",\"target\":[\"https:\\\/\\\/hojassueltas.es\\\/?p=4073#respond\"]}]},{\"@type\":\"WebPage\",\"@id\":\"https:\\\/\\\/hojassueltas.es\\\/?p=4073\",\"url\":\"https:\\\/\\\/hojassueltas.es\\\/?p=4073\",\"name\":\"Juan Madrid Mu\u00f1oz | HOJAS SUELTAS Peri\u00f3dico Cultural\",\"isPartOf\":{\"@id\":\"https:\\\/\\\/hojassueltas.es\\\/#website\"},\"primaryImageOfPage\":{\"@id\":\"https:\\\/\\\/hojassueltas.es\\\/?p=4073#primaryimage\"},\"image\":{\"@id\":\"https:\\\/\\\/hojassueltas.es\\\/?p=4073#primaryimage\"},\"thumbnailUrl\":\"https:\\\/\\\/hojassueltas.es\\\/wp-content\\\/uploads\\\/2023\\\/05\\\/Juan-Madrid_web.png\",\"datePublished\":\"2023-05-22T22:01:19+00:00\",\"dateModified\":\"2025-03-12T16:27:47+00:00\",\"description\":\"Biobibliograf\u00eda del escritor Juan Madrid, uno de los padres de la novela negra en Espa\u00f1a\",\"breadcrumb\":{\"@id\":\"https:\\\/\\\/hojassueltas.es\\\/?p=4073#breadcrumb\"},\"inLanguage\":\"es\",\"potentialAction\":[{\"@type\":\"ReadAction\",\"target\":[\"https:\\\/\\\/hojassueltas.es\\\/?p=4073\"]}]},{\"@type\":\"ImageObject\",\"inLanguage\":\"es\",\"@id\":\"https:\\\/\\\/hojassueltas.es\\\/?p=4073#primaryimage\",\"url\":\"https:\\\/\\\/hojassueltas.es\\\/wp-content\\\/uploads\\\/2023\\\/05\\\/Juan-Madrid_web.png\",\"contentUrl\":\"https:\\\/\\\/hojassueltas.es\\\/wp-content\\\/uploads\\\/2023\\\/05\\\/Juan-Madrid_web.png\",\"width\":1050,\"height\":610},{\"@type\":\"BreadcrumbList\",\"@id\":\"https:\\\/\\\/hojassueltas.es\\\/?p=4073#breadcrumb\",\"itemListElement\":[{\"@type\":\"ListItem\",\"position\":1,\"name\":\"Portada\",\"item\":\"https:\\\/\\\/hojassueltas.es\\\/\"},{\"@type\":\"ListItem\",\"position\":2,\"name\":\"Juan Madrid Mu\u00f1oz\"}]},{\"@type\":\"WebSite\",\"@id\":\"https:\\\/\\\/hojassueltas.es\\\/#website\",\"url\":\"https:\\\/\\\/hojassueltas.es\\\/\",\"name\":\"HojasSueltas.es\",\"description\":\"GRANADA - Peri\u00f3dico Cultural\",\"publisher\":{\"@id\":\"https:\\\/\\\/hojassueltas.es\\\/#organization\"},\"alternateName\":\"H.S. Periodico Cultural\",\"potentialAction\":[{\"@type\":\"SearchAction\",\"target\":{\"@type\":\"EntryPoint\",\"urlTemplate\":\"https:\\\/\\\/hojassueltas.es\\\/?s={search_term_string}\"},\"query-input\":{\"@type\":\"PropertyValueSpecification\",\"valueRequired\":true,\"valueName\":\"search_term_string\"}}],\"inLanguage\":\"es\"},{\"@type\":\"Organization\",\"@id\":\"https:\\\/\\\/hojassueltas.es\\\/#organization\",\"name\":\"HOJAS SUELTAS - Peri\u00f3dico Cultural\",\"alternateName\":\"HS - HOJAS SUELTAS Peri\u00f3dico Cultural\",\"url\":\"https:\\\/\\\/hojassueltas.es\\\/\",\"logo\":{\"@type\":\"ImageObject\",\"inLanguage\":\"es\",\"@id\":\"https:\\\/\\\/hojassueltas.es\\\/#\\\/schema\\\/logo\\\/image\\\/\",\"url\":\"https:\\\/\\\/hojassueltas.es\\\/wp-content\\\/uploads\\\/2025\\\/08\\\/Icono-HS_2.png\",\"contentUrl\":\"https:\\\/\\\/hojassueltas.es\\\/wp-content\\\/uploads\\\/2025\\\/08\\\/Icono-HS_2.png\",\"width\":500,\"height\":500,\"caption\":\"HOJAS SUELTAS - Peri\u00f3dico Cultural\"},\"image\":{\"@id\":\"https:\\\/\\\/hojassueltas.es\\\/#\\\/schema\\\/logo\\\/image\\\/\"},\"sameAs\":[\"https:\\\/\\\/x.com\\\/HOJASSUELTAS22\"]},{\"@type\":\"Person\",\"@id\":\"https:\\\/\\\/hojassueltas.es\\\/#\\\/schema\\\/person\\\/f232bbdb834c61c90aff2245daa401c0\",\"name\":\"Redacci\u00f3n\",\"image\":{\"@type\":\"ImageObject\",\"inLanguage\":\"es\",\"@id\":\"https:\\\/\\\/hojassueltas.es\\\/wp-content\\\/uploads\\\/2026\\\/02\\\/Redaccion-2-96x96.png\",\"url\":\"https:\\\/\\\/hojassueltas.es\\\/wp-content\\\/uploads\\\/2026\\\/02\\\/Redaccion-2-96x96.png\",\"contentUrl\":\"https:\\\/\\\/hojassueltas.es\\\/wp-content\\\/uploads\\\/2026\\\/02\\\/Redaccion-2-96x96.png\",\"caption\":\"Redacci\u00f3n\"},\"description\":\"Redacci\u00f3n de HOJAS SUELTAS\",\"url\":\"https:\\\/\\\/hojassueltas.es\\\/?author=1\"}]}<\/script>\n<!-- \/ Yoast SEO plugin. -->","yoast_head_json":{"title":"Juan Madrid Mu\u00f1oz | HOJAS SUELTAS Peri\u00f3dico Cultural","description":"Biobibliograf\u00eda del escritor Juan Madrid, uno de los padres de la novela negra en Espa\u00f1a","robots":{"index":"index","follow":"follow","max-snippet":"max-snippet:-1","max-image-preview":"max-image-preview:large","max-video-preview":"max-video-preview:-1"},"canonical":"https:\/\/hojassueltas.es\/?p=4073","og_locale":"es_ES","og_type":"article","og_title":"Juan Madrid Mu\u00f1oz | HOJAS SUELTAS Peri\u00f3dico Cultural","og_description":"Biobibliograf\u00eda del escritor Juan Madrid, uno de los padres de la novela negra en Espa\u00f1a","og_url":"https:\/\/hojassueltas.es\/?p=4073","og_site_name":"HOJAS SUELTAS Peri\u00f3dico Cultural","article_published_time":"2023-05-22T22:01:19+00:00","article_modified_time":"2025-03-12T16:27:47+00:00","og_image":[{"width":1050,"height":610,"url":"https:\/\/hojassueltas.es\/wp-content\/uploads\/2023\/05\/Juan-Madrid_web.png","type":"image\/png"}],"author":"Redacci\u00f3n","twitter_card":"summary_large_image","twitter_creator":"@HOJASSUELTAS22","twitter_site":"@HOJASSUELTAS22","twitter_misc":{"Escrito por":"Redacci\u00f3n","Tiempo de lectura":"3 minutos"},"schema":{"@context":"https:\/\/schema.org","@graph":[{"@type":["Article","BlogPosting"],"@id":"https:\/\/hojassueltas.es\/?p=4073#article","isPartOf":{"@id":"https:\/\/hojassueltas.es\/?p=4073"},"author":{"name":"Redacci\u00f3n","@id":"https:\/\/hojassueltas.es\/#\/schema\/person\/f232bbdb834c61c90aff2245daa401c0"},"headline":"Juan Madrid Mu\u00f1oz","datePublished":"2023-05-22T22:01:19+00:00","dateModified":"2025-03-12T16:27:47+00:00","mainEntityOfPage":{"@id":"https:\/\/hojassueltas.es\/?p=4073"},"wordCount":535,"commentCount":0,"publisher":{"@id":"https:\/\/hojassueltas.es\/#organization"},"image":{"@id":"https:\/\/hojassueltas.es\/?p=4073#primaryimage"},"thumbnailUrl":"https:\/\/hojassueltas.es\/wp-content\/uploads\/2023\/05\/Juan-Madrid_web.png","keywords":["Juan Madrid"],"articleSection":["Fichas biobibliogr\u00e1ficas"],"inLanguage":"es","potentialAction":[{"@type":"CommentAction","name":"Comment","target":["https:\/\/hojassueltas.es\/?p=4073#respond"]}]},{"@type":"WebPage","@id":"https:\/\/hojassueltas.es\/?p=4073","url":"https:\/\/hojassueltas.es\/?p=4073","name":"Juan Madrid Mu\u00f1oz | HOJAS SUELTAS Peri\u00f3dico Cultural","isPartOf":{"@id":"https:\/\/hojassueltas.es\/#website"},"primaryImageOfPage":{"@id":"https:\/\/hojassueltas.es\/?p=4073#primaryimage"},"image":{"@id":"https:\/\/hojassueltas.es\/?p=4073#primaryimage"},"thumbnailUrl":"https:\/\/hojassueltas.es\/wp-content\/uploads\/2023\/05\/Juan-Madrid_web.png","datePublished":"2023-05-22T22:01:19+00:00","dateModified":"2025-03-12T16:27:47+00:00","description":"Biobibliograf\u00eda del escritor Juan Madrid, uno de los padres de la novela negra en Espa\u00f1a","breadcrumb":{"@id":"https:\/\/hojassueltas.es\/?p=4073#breadcrumb"},"inLanguage":"es","potentialAction":[{"@type":"ReadAction","target":["https:\/\/hojassueltas.es\/?p=4073"]}]},{"@type":"ImageObject","inLanguage":"es","@id":"https:\/\/hojassueltas.es\/?p=4073#primaryimage","url":"https:\/\/hojassueltas.es\/wp-content\/uploads\/2023\/05\/Juan-Madrid_web.png","contentUrl":"https:\/\/hojassueltas.es\/wp-content\/uploads\/2023\/05\/Juan-Madrid_web.png","width":1050,"height":610},{"@type":"BreadcrumbList","@id":"https:\/\/hojassueltas.es\/?p=4073#breadcrumb","itemListElement":[{"@type":"ListItem","position":1,"name":"Portada","item":"https:\/\/hojassueltas.es\/"},{"@type":"ListItem","position":2,"name":"Juan Madrid Mu\u00f1oz"}]},{"@type":"WebSite","@id":"https:\/\/hojassueltas.es\/#website","url":"https:\/\/hojassueltas.es\/","name":"HojasSueltas.es","description":"GRANADA - Peri\u00f3dico Cultural","publisher":{"@id":"https:\/\/hojassueltas.es\/#organization"},"alternateName":"H.S. Periodico Cultural","potentialAction":[{"@type":"SearchAction","target":{"@type":"EntryPoint","urlTemplate":"https:\/\/hojassueltas.es\/?s={search_term_string}"},"query-input":{"@type":"PropertyValueSpecification","valueRequired":true,"valueName":"search_term_string"}}],"inLanguage":"es"},{"@type":"Organization","@id":"https:\/\/hojassueltas.es\/#organization","name":"HOJAS SUELTAS - Peri\u00f3dico Cultural","alternateName":"HS - HOJAS SUELTAS Peri\u00f3dico Cultural","url":"https:\/\/hojassueltas.es\/","logo":{"@type":"ImageObject","inLanguage":"es","@id":"https:\/\/hojassueltas.es\/#\/schema\/logo\/image\/","url":"https:\/\/hojassueltas.es\/wp-content\/uploads\/2025\/08\/Icono-HS_2.png","contentUrl":"https:\/\/hojassueltas.es\/wp-content\/uploads\/2025\/08\/Icono-HS_2.png","width":500,"height":500,"caption":"HOJAS SUELTAS - Peri\u00f3dico Cultural"},"image":{"@id":"https:\/\/hojassueltas.es\/#\/schema\/logo\/image\/"},"sameAs":["https:\/\/x.com\/HOJASSUELTAS22"]},{"@type":"Person","@id":"https:\/\/hojassueltas.es\/#\/schema\/person\/f232bbdb834c61c90aff2245daa401c0","name":"Redacci\u00f3n","image":{"@type":"ImageObject","inLanguage":"es","@id":"https:\/\/hojassueltas.es\/wp-content\/uploads\/2026\/02\/Redaccion-2-96x96.png","url":"https:\/\/hojassueltas.es\/wp-content\/uploads\/2026\/02\/Redaccion-2-96x96.png","contentUrl":"https:\/\/hojassueltas.es\/wp-content\/uploads\/2026\/02\/Redaccion-2-96x96.png","caption":"Redacci\u00f3n"},"description":"Redacci\u00f3n de HOJAS SUELTAS","url":"https:\/\/hojassueltas.es\/?author=1"}]}},"_links":{"self":[{"href":"https:\/\/hojassueltas.es\/index.php?rest_route=\/wp\/v2\/posts\/4073","targetHints":{"allow":["GET"]}}],"collection":[{"href":"https:\/\/hojassueltas.es\/index.php?rest_route=\/wp\/v2\/posts"}],"about":[{"href":"https:\/\/hojassueltas.es\/index.php?rest_route=\/wp\/v2\/types\/post"}],"author":[{"embeddable":true,"href":"https:\/\/hojassueltas.es\/index.php?rest_route=\/wp\/v2\/users\/1"}],"replies":[{"embeddable":true,"href":"https:\/\/hojassueltas.es\/index.php?rest_route=%2Fwp%2Fv2%2Fcomments&post=4073"}],"version-history":[{"count":1,"href":"https:\/\/hojassueltas.es\/index.php?rest_route=\/wp\/v2\/posts\/4073\/revisions"}],"predecessor-version":[{"id":4074,"href":"https:\/\/hojassueltas.es\/index.php?rest_route=\/wp\/v2\/posts\/4073\/revisions\/4074"}],"wp:featuredmedia":[{"embeddable":true,"href":"https:\/\/hojassueltas.es\/index.php?rest_route=\/wp\/v2\/media\/4075"}],"wp:attachment":[{"href":"https:\/\/hojassueltas.es\/index.php?rest_route=%2Fwp%2Fv2%2Fmedia&parent=4073"}],"wp:term":[{"taxonomy":"category","embeddable":true,"href":"https:\/\/hojassueltas.es\/index.php?rest_route=%2Fwp%2Fv2%2Fcategories&post=4073"},{"taxonomy":"post_tag","embeddable":true,"href":"https:\/\/hojassueltas.es\/index.php?rest_route=%2Fwp%2Fv2%2Ftags&post=4073"}],"curies":[{"name":"wp","href":"https:\/\/api.w.org\/{rel}","templated":true}]}}