{"id":31154,"date":"2026-09-03T00:00:58","date_gmt":"2026-09-02T22:00:58","guid":{"rendered":"https:\/\/hojassueltas.es\/?p=31154"},"modified":"2026-09-03T18:22:19","modified_gmt":"2026-09-03T16:22:19","slug":"anos-luz-d-jacobo-garcia","status":"publish","type":"post","link":"https:\/\/hojassueltas.es\/?p=31154","title":{"rendered":"A\u00f1os luz, d Jacobo Garc\u00eda"},"content":{"rendered":"<p>\u00a9 ANAGRAMA<\/p>\n<p style=\"text-align: justify;\"><span style=\"font-family: georgia, palatino, serif; font-size: 20px;\"><em>A\u00f1os luz <\/em>recoge m\u00e1s de dos d\u00e9cadas de Jacobo Garc\u00eda como corresponsal en M\u00e9xico, Centroam\u00e9rica, Venezuela, Colombia o Hait\u00ed en medios como la Cope, <em>El Mundo<\/em>, Associated Press, <em>Clar\u00edn <\/em>o <em>El Pa\u00eds<\/em>. Este libro es una larga cr\u00f3nica de su trayectoria profesional, que se nutre de sus reportajes, las hojas no publicadas de su libreta, los debates en la redacci\u00f3n o las conversaciones con los colegas despu\u00e9s de intensas coberturas.<\/span><\/p>\n<p style=\"text-align: justify;\"><span style=\"font-family: georgia, palatino, serif; font-size: 20px;\">El autor, reportero infatigable y arriesgado, recorre algunos de los episodios m\u00e1s importantes de la historia reciente de Am\u00e9rica Latina a trav\u00e9s de los temas que aparecen una y otra vez en sus textos: violencia, autoritarismo, cambio clim\u00e1tico y desastres naturales, mujeres valientes y la fuerza de la cultura.<\/span><\/p>\n<p style=\"text-align: justify;\"><span style=\"font-family: georgia, palatino, serif; font-size: 20px;\">Por estas p\u00e1ginas desfilan personajes y lugares muy distintos: la c\u00e1rcel de Ciudad Ju\u00e1rez durante la entrevista a un sicario, las cabezas decapitadas lanzadas por el narco a una pista de baile en Michoac\u00e1n, el ascenso de Bukele en El Salvador, una visita de Pe\u00f1a Nieto a la Feria del Libro de Guadalajara, los 43 estudiantes mexicanos de Ayotzinapa, las tensiones entre Ch\u00e1vez y Uribe, o entrevistas a carism\u00e1ticas figuras como Chavela Vargas o Shakira.<\/span><\/p>\n<p style=\"text-align: justify;\"><span style=\"font-family: georgia, palatino, serif; font-size: 20px;\">Todas las historias de <em>A\u00f1os luz<\/em>, narradas con la fuerza y la credibilidad que otorga el gran capital period\u00edstico de Garc\u00eda, tienen un enfoque pol\u00edtico, pero no dogm\u00e1tico ni militante, y permiten observar realidades diversas de la mano de la chamana Mar\u00eda Sabina, las Patronas del tren de Veracruz, Jovenel Mo\u00efse, el presidente asesinado de Hait\u00ed, o los valientes periodistas locales. Una personal forma de narrar la actualidad de este siglo en Latinoam\u00e9rica, donde la noticia y la fuerza de la vida cotidiana se dan la mano en las mismas p\u00e1ginas.<\/span><\/p>\n<blockquote><p><a href=\"https:\/\/www.anagrama-ed.es\/autor\/garcia-jacobo-2949\">&gt; Sobre el Autor<\/a><\/p><\/blockquote>\n<p>Beatriz Caso &#8211; Punto y Seguido<\/p>\n","protected":false},"excerpt":{"rendered":"<p>\u00a9 ANAGRAMA A\u00f1os luz recoge m\u00e1s de dos d\u00e9cadas de Jacobo Garc\u00eda como corresponsal en M\u00e9xico, Centroam\u00e9rica, Venezuela, Colombia o Hait\u00ed en medios como la Cope, El Mundo, Associated Press, Clar\u00edn o El Pa\u00eds. Este libro es una larga cr\u00f3nica de su trayectoria profesional, que se nutre de sus reportajes, las hojas no publicadas de [&hellip;]<\/p>\n","protected":false},"author":93,"featured_media":31155,"comment_status":"closed","ping_status":"closed","sticky":false,"template":"","format":"standard","meta":{"footnotes":""},"categories":[2508],"tags":[10,4021],"class_list":["post-31154","post","type-post","status-publish","format-standard","has-post-thumbnail","category-escaparate-editorial","tag-anagrama-editorial","tag-jacobo-garcia"],"yoast_head":"<!-- This site is optimized with the Yoast SEO plugin v28.4 - https:\/\/yoast.com\/product\/yoast-seo-wordpress\/ -->\n<title>A\u00f1os luz, d Jacobo Garc\u00eda | 501_ESCAPARATE EDITORIAL | HOJAS SUELTAS<\/title>\n<meta name=\"description\" content=\"ESCAPARATE EDITORIAL Todas las historias de A\u00f1os luz, narradas con la fuerza y la credibilidad que otorga el gran capital period\u00edstico de Garc\u00eda, tienen un enfoque pol\u00edtico\" \/>\n<meta name=\"robots\" content=\"index, follow, max-snippet:-1, max-image-preview:large, max-video-preview:-1\" \/>\n<link rel=\"canonical\" href=\"https:\/\/hojassueltas.es\/?p=31154\" \/>\n<meta property=\"og:locale\" content=\"es_ES\" \/>\n<meta property=\"og:type\" content=\"article\" \/>\n<meta property=\"og:title\" content=\"A\u00f1os luz, d Jacobo Garc\u00eda | 501_ESCAPARATE EDITORIAL | HOJAS SUELTAS\" \/>\n<meta property=\"og:description\" content=\"ESCAPARATE EDITORIAL Todas las historias de A\u00f1os luz, narradas con la fuerza y la credibilidad que otorga el gran capital period\u00edstico de Garc\u00eda, tienen un enfoque pol\u00edtico\" \/>\n<meta property=\"og:url\" content=\"https:\/\/hojassueltas.es\/?p=31154\" \/>\n<meta property=\"og:site_name\" content=\"HOJAS SUELTAS\" \/>\n<meta property=\"article:published_time\" content=\"2026-09-02T22:00:58+00:00\" \/>\n<meta property=\"article:modified_time\" content=\"2026-09-03T16:22:19+00:00\" \/>\n<meta property=\"og:image\" content=\"https:\/\/hojassueltas.es\/wp-content\/uploads\/2026\/09\/501_Anos-Luz_HS.png\" \/>\n\t<meta property=\"og:image:width\" content=\"1536\" \/>\n\t<meta property=\"og:image:height\" content=\"1024\" \/>\n\t<meta property=\"og:image:type\" content=\"image\/png\" \/>\n<meta name=\"author\" content=\"Punto y Seguido - Beatriz Caso\" \/>\n<meta name=\"twitter:card\" content=\"summary_large_image\" \/>\n<meta name=\"twitter:creator\" content=\"@HOJASSUELTAS22\" \/>\n<meta name=\"twitter:site\" content=\"@HOJASSUELTAS22\" \/>\n<meta name=\"twitter:label1\" content=\"Escrito por\" \/>\n\t<meta name=\"twitter:data1\" content=\"Punto y Seguido - Beatriz Caso\" \/>\n\t<meta name=\"twitter:label2\" content=\"Tiempo de lectura\" \/>\n\t<meta name=\"twitter:data2\" content=\"2 minutos\" \/>\n<script type=\"application\/ld+json\" class=\"yoast-schema-graph\">{\"@context\":\"https:\\\/\\\/schema.org\",\"@graph\":[{\"@type\":[\"Article\",\"BlogPosting\"],\"@id\":\"https:\\\/\\\/hojassueltas.es\\\/?p=31154#article\",\"isPartOf\":{\"@id\":\"https:\\\/\\\/hojassueltas.es\\\/?p=31154\"},\"author\":{\"name\":\"Punto y Seguido - Beatriz Caso\",\"@id\":\"https:\\\/\\\/hojassueltas.es\\\/#\\\/schema\\\/person\\\/500f1cca52bc1720f164f55c1b4b616e\"},\"headline\":\"A\u00f1os luz, d Jacobo Garc\u00eda\",\"datePublished\":\"2026-09-02T22:00:58+00:00\",\"dateModified\":\"2026-09-03T16:22:19+00:00\",\"mainEntityOfPage\":{\"@id\":\"https:\\\/\\\/hojassueltas.es\\\/?p=31154\"},\"wordCount\":333,\"publisher\":{\"@id\":\"https:\\\/\\\/hojassueltas.es\\\/#organization\"},\"image\":{\"@id\":\"https:\\\/\\\/hojassueltas.es\\\/?p=31154#primaryimage\"},\"thumbnailUrl\":\"https:\\\/\\\/hojassueltas.es\\\/wp-content\\\/uploads\\\/2026\\\/09\\\/501_Anos-Luz_HS.png\",\"keywords\":[\"Anagrama Editorial\",\"Jacobo Garc\u00eda\"],\"articleSection\":[\"501_ESCAPARATE EDITORIAL\"],\"inLanguage\":\"es\"},{\"@type\":\"WebPage\",\"@id\":\"https:\\\/\\\/hojassueltas.es\\\/?p=31154\",\"url\":\"https:\\\/\\\/hojassueltas.es\\\/?p=31154\",\"name\":\"A\u00f1os luz, d Jacobo Garc\u00eda | 501_ESCAPARATE EDITORIAL | HOJAS SUELTAS\",\"isPartOf\":{\"@id\":\"https:\\\/\\\/hojassueltas.es\\\/#website\"},\"primaryImageOfPage\":{\"@id\":\"https:\\\/\\\/hojassueltas.es\\\/?p=31154#primaryimage\"},\"image\":{\"@id\":\"https:\\\/\\\/hojassueltas.es\\\/?p=31154#primaryimage\"},\"thumbnailUrl\":\"https:\\\/\\\/hojassueltas.es\\\/wp-content\\\/uploads\\\/2026\\\/09\\\/501_Anos-Luz_HS.png\",\"datePublished\":\"2026-09-02T22:00:58+00:00\",\"dateModified\":\"2026-09-03T16:22:19+00:00\",\"description\":\"ESCAPARATE EDITORIAL Todas las historias de A\u00f1os luz, narradas con la fuerza y la credibilidad que otorga el gran capital period\u00edstico de Garc\u00eda, tienen un enfoque pol\u00edtico\",\"breadcrumb\":{\"@id\":\"https:\\\/\\\/hojassueltas.es\\\/?p=31154#breadcrumb\"},\"inLanguage\":\"es\",\"potentialAction\":[{\"@type\":\"ReadAction\",\"target\":[\"https:\\\/\\\/hojassueltas.es\\\/?p=31154\"]}]},{\"@type\":\"ImageObject\",\"inLanguage\":\"es\",\"@id\":\"https:\\\/\\\/hojassueltas.es\\\/?p=31154#primaryimage\",\"url\":\"https:\\\/\\\/hojassueltas.es\\\/wp-content\\\/uploads\\\/2026\\\/09\\\/501_Anos-Luz_HS.png\",\"contentUrl\":\"https:\\\/\\\/hojassueltas.es\\\/wp-content\\\/uploads\\\/2026\\\/09\\\/501_Anos-Luz_HS.png\",\"width\":1536,\"height\":1024},{\"@type\":\"BreadcrumbList\",\"@id\":\"https:\\\/\\\/hojassueltas.es\\\/?p=31154#breadcrumb\",\"itemListElement\":[{\"@type\":\"ListItem\",\"position\":1,\"name\":\"Portada\",\"item\":\"https:\\\/\\\/hojassueltas.es\\\/\"},{\"@type\":\"ListItem\",\"position\":2,\"name\":\"A\u00f1os luz, d Jacobo Garc\u00eda\"}]},{\"@type\":\"WebSite\",\"@id\":\"https:\\\/\\\/hojassueltas.es\\\/#website\",\"url\":\"https:\\\/\\\/hojassueltas.es\\\/\",\"name\":\"HojasSueltas.es\",\"description\":\"Peri\u00f3dico Cultural\",\"publisher\":{\"@id\":\"https:\\\/\\\/hojassueltas.es\\\/#organization\"},\"alternateName\":\"H.S. Periodico Cultural\",\"potentialAction\":[{\"@type\":\"SearchAction\",\"target\":{\"@type\":\"EntryPoint\",\"urlTemplate\":\"https:\\\/\\\/hojassueltas.es\\\/?s={search_term_string}\"},\"query-input\":{\"@type\":\"PropertyValueSpecification\",\"valueRequired\":true,\"valueName\":\"search_term_string\"}}],\"inLanguage\":\"es\"},{\"@type\":\"Organization\",\"@id\":\"https:\\\/\\\/hojassueltas.es\\\/#organization\",\"name\":\"HOJAS SUELTAS - Peri\u00f3dico Cultural\",\"alternateName\":\"HS - HOJAS SUELTAS Peri\u00f3dico Cultural\",\"url\":\"https:\\\/\\\/hojassueltas.es\\\/\",\"logo\":{\"@type\":\"ImageObject\",\"inLanguage\":\"es\",\"@id\":\"https:\\\/\\\/hojassueltas.es\\\/#\\\/schema\\\/logo\\\/image\\\/\",\"url\":\"https:\\\/\\\/hojassueltas.es\\\/wp-content\\\/uploads\\\/2025\\\/08\\\/Icono-HS_2.png\",\"contentUrl\":\"https:\\\/\\\/hojassueltas.es\\\/wp-content\\\/uploads\\\/2025\\\/08\\\/Icono-HS_2.png\",\"width\":500,\"height\":500,\"caption\":\"HOJAS SUELTAS - Peri\u00f3dico Cultural\"},\"image\":{\"@id\":\"https:\\\/\\\/hojassueltas.es\\\/#\\\/schema\\\/logo\\\/image\\\/\"},\"sameAs\":[\"https:\\\/\\\/x.com\\\/HOJASSUELTAS22\"]},{\"@type\":\"Person\",\"@id\":\"https:\\\/\\\/hojassueltas.es\\\/#\\\/schema\\\/person\\\/500f1cca52bc1720f164f55c1b4b616e\",\"name\":\"Punto y Seguido - Beatriz Caso\",\"image\":{\"@type\":\"ImageObject\",\"inLanguage\":\"es\",\"@id\":\"https:\\\/\\\/hojassueltas.es\\\/wp-content\\\/uploads\\\/2026\\\/02\\\/Beatriz-Caso_2-96x96.png\",\"url\":\"https:\\\/\\\/hojassueltas.es\\\/wp-content\\\/uploads\\\/2026\\\/02\\\/Beatriz-Caso_2-96x96.png\",\"contentUrl\":\"https:\\\/\\\/hojassueltas.es\\\/wp-content\\\/uploads\\\/2026\\\/02\\\/Beatriz-Caso_2-96x96.png\",\"caption\":\"Punto y Seguido - Beatriz Caso\"},\"description\":\"Leonesa. Bibliotecaria. Master en Bibliotecoeconom\u00eda. Prefiere mantener oculta su dedicaci\u00f3n profesional actual, raz\u00f3n por la que usa el seud\u00f3nimo con que firma sus trabajos en Hojas Sueltas dentro del equipo Punto y Seguido.\",\"url\":\"https:\\\/\\\/hojassueltas.es\\\/?author=93\"}]}<\/script>\n<!-- \/ Yoast SEO plugin. -->","yoast_head_json":{"title":"A\u00f1os luz, d Jacobo Garc\u00eda | 501_ESCAPARATE EDITORIAL | HOJAS SUELTAS","description":"ESCAPARATE EDITORIAL Todas las historias de A\u00f1os luz, narradas con la fuerza y la credibilidad que otorga el gran capital period\u00edstico de Garc\u00eda, tienen un enfoque pol\u00edtico","robots":{"index":"index","follow":"follow","max-snippet":"max-snippet:-1","max-image-preview":"max-image-preview:large","max-video-preview":"max-video-preview:-1"},"canonical":"https:\/\/hojassueltas.es\/?p=31154","og_locale":"es_ES","og_type":"article","og_title":"A\u00f1os luz, d Jacobo Garc\u00eda | 501_ESCAPARATE EDITORIAL | HOJAS SUELTAS","og_description":"ESCAPARATE EDITORIAL Todas las historias de A\u00f1os luz, narradas con la fuerza y la credibilidad que otorga el gran capital period\u00edstico de Garc\u00eda, tienen un enfoque pol\u00edtico","og_url":"https:\/\/hojassueltas.es\/?p=31154","og_site_name":"HOJAS SUELTAS","article_published_time":"2026-09-02T22:00:58+00:00","article_modified_time":"2026-09-03T16:22:19+00:00","og_image":[{"width":1536,"height":1024,"url":"https:\/\/hojassueltas.es\/wp-content\/uploads\/2026\/09\/501_Anos-Luz_HS.png","type":"image\/png"}],"author":"Punto y Seguido - Beatriz Caso","twitter_card":"summary_large_image","twitter_creator":"@HOJASSUELTAS22","twitter_site":"@HOJASSUELTAS22","twitter_misc":{"Escrito por":"Punto y Seguido - Beatriz Caso","Tiempo de lectura":"2 minutos"},"schema":{"@context":"https:\/\/schema.org","@graph":[{"@type":["Article","BlogPosting"],"@id":"https:\/\/hojassueltas.es\/?p=31154#article","isPartOf":{"@id":"https:\/\/hojassueltas.es\/?p=31154"},"author":{"name":"Punto y Seguido - Beatriz Caso","@id":"https:\/\/hojassueltas.es\/#\/schema\/person\/500f1cca52bc1720f164f55c1b4b616e"},"headline":"A\u00f1os luz, d Jacobo Garc\u00eda","datePublished":"2026-09-02T22:00:58+00:00","dateModified":"2026-09-03T16:22:19+00:00","mainEntityOfPage":{"@id":"https:\/\/hojassueltas.es\/?p=31154"},"wordCount":333,"publisher":{"@id":"https:\/\/hojassueltas.es\/#organization"},"image":{"@id":"https:\/\/hojassueltas.es\/?p=31154#primaryimage"},"thumbnailUrl":"https:\/\/hojassueltas.es\/wp-content\/uploads\/2026\/09\/501_Anos-Luz_HS.png","keywords":["Anagrama Editorial","Jacobo Garc\u00eda"],"articleSection":["501_ESCAPARATE EDITORIAL"],"inLanguage":"es"},{"@type":"WebPage","@id":"https:\/\/hojassueltas.es\/?p=31154","url":"https:\/\/hojassueltas.es\/?p=31154","name":"A\u00f1os luz, d Jacobo Garc\u00eda | 501_ESCAPARATE EDITORIAL | HOJAS SUELTAS","isPartOf":{"@id":"https:\/\/hojassueltas.es\/#website"},"primaryImageOfPage":{"@id":"https:\/\/hojassueltas.es\/?p=31154#primaryimage"},"image":{"@id":"https:\/\/hojassueltas.es\/?p=31154#primaryimage"},"thumbnailUrl":"https:\/\/hojassueltas.es\/wp-content\/uploads\/2026\/09\/501_Anos-Luz_HS.png","datePublished":"2026-09-02T22:00:58+00:00","dateModified":"2026-09-03T16:22:19+00:00","description":"ESCAPARATE EDITORIAL Todas las historias de A\u00f1os luz, narradas con la fuerza y la credibilidad que otorga el gran capital period\u00edstico de Garc\u00eda, tienen un enfoque pol\u00edtico","breadcrumb":{"@id":"https:\/\/hojassueltas.es\/?p=31154#breadcrumb"},"inLanguage":"es","potentialAction":[{"@type":"ReadAction","target":["https:\/\/hojassueltas.es\/?p=31154"]}]},{"@type":"ImageObject","inLanguage":"es","@id":"https:\/\/hojassueltas.es\/?p=31154#primaryimage","url":"https:\/\/hojassueltas.es\/wp-content\/uploads\/2026\/09\/501_Anos-Luz_HS.png","contentUrl":"https:\/\/hojassueltas.es\/wp-content\/uploads\/2026\/09\/501_Anos-Luz_HS.png","width":1536,"height":1024},{"@type":"BreadcrumbList","@id":"https:\/\/hojassueltas.es\/?p=31154#breadcrumb","itemListElement":[{"@type":"ListItem","position":1,"name":"Portada","item":"https:\/\/hojassueltas.es\/"},{"@type":"ListItem","position":2,"name":"A\u00f1os luz, d Jacobo Garc\u00eda"}]},{"@type":"WebSite","@id":"https:\/\/hojassueltas.es\/#website","url":"https:\/\/hojassueltas.es\/","name":"HojasSueltas.es","description":"Peri\u00f3dico Cultural","publisher":{"@id":"https:\/\/hojassueltas.es\/#organization"},"alternateName":"H.S. Periodico Cultural","potentialAction":[{"@type":"SearchAction","target":{"@type":"EntryPoint","urlTemplate":"https:\/\/hojassueltas.es\/?s={search_term_string}"},"query-input":{"@type":"PropertyValueSpecification","valueRequired":true,"valueName":"search_term_string"}}],"inLanguage":"es"},{"@type":"Organization","@id":"https:\/\/hojassueltas.es\/#organization","name":"HOJAS SUELTAS - Peri\u00f3dico Cultural","alternateName":"HS - HOJAS SUELTAS Peri\u00f3dico Cultural","url":"https:\/\/hojassueltas.es\/","logo":{"@type":"ImageObject","inLanguage":"es","@id":"https:\/\/hojassueltas.es\/#\/schema\/logo\/image\/","url":"https:\/\/hojassueltas.es\/wp-content\/uploads\/2025\/08\/Icono-HS_2.png","contentUrl":"https:\/\/hojassueltas.es\/wp-content\/uploads\/2025\/08\/Icono-HS_2.png","width":500,"height":500,"caption":"HOJAS SUELTAS - Peri\u00f3dico Cultural"},"image":{"@id":"https:\/\/hojassueltas.es\/#\/schema\/logo\/image\/"},"sameAs":["https:\/\/x.com\/HOJASSUELTAS22"]},{"@type":"Person","@id":"https:\/\/hojassueltas.es\/#\/schema\/person\/500f1cca52bc1720f164f55c1b4b616e","name":"Punto y Seguido - Beatriz Caso","image":{"@type":"ImageObject","inLanguage":"es","@id":"https:\/\/hojassueltas.es\/wp-content\/uploads\/2026\/02\/Beatriz-Caso_2-96x96.png","url":"https:\/\/hojassueltas.es\/wp-content\/uploads\/2026\/02\/Beatriz-Caso_2-96x96.png","contentUrl":"https:\/\/hojassueltas.es\/wp-content\/uploads\/2026\/02\/Beatriz-Caso_2-96x96.png","caption":"Punto y Seguido - Beatriz Caso"},"description":"Leonesa. Bibliotecaria. Master en Bibliotecoeconom\u00eda. Prefiere mantener oculta su dedicaci\u00f3n profesional actual, raz\u00f3n por la que usa el seud\u00f3nimo con que firma sus trabajos en Hojas Sueltas dentro del equipo Punto y Seguido.","url":"https:\/\/hojassueltas.es\/?author=93"}]}},"_links":{"self":[{"href":"https:\/\/hojassueltas.es\/index.php?rest_route=\/wp\/v2\/posts\/31154","targetHints":{"allow":["GET"]}}],"collection":[{"href":"https:\/\/hojassueltas.es\/index.php?rest_route=\/wp\/v2\/posts"}],"about":[{"href":"https:\/\/hojassueltas.es\/index.php?rest_route=\/wp\/v2\/types\/post"}],"author":[{"embeddable":true,"href":"https:\/\/hojassueltas.es\/index.php?rest_route=\/wp\/v2\/users\/93"}],"replies":[{"embeddable":true,"href":"https:\/\/hojassueltas.es\/index.php?rest_route=%2Fwp%2Fv2%2Fcomments&post=31154"}],"version-history":[{"count":1,"href":"https:\/\/hojassueltas.es\/index.php?rest_route=\/wp\/v2\/posts\/31154\/revisions"}],"predecessor-version":[{"id":31156,"href":"https:\/\/hojassueltas.es\/index.php?rest_route=\/wp\/v2\/posts\/31154\/revisions\/31156"}],"wp:featuredmedia":[{"embeddable":true,"href":"https:\/\/hojassueltas.es\/index.php?rest_route=\/wp\/v2\/media\/31155"}],"wp:attachment":[{"href":"https:\/\/hojassueltas.es\/index.php?rest_route=%2Fwp%2Fv2%2Fmedia&parent=31154"}],"wp:term":[{"taxonomy":"category","embeddable":true,"href":"https:\/\/hojassueltas.es\/index.php?rest_route=%2Fwp%2Fv2%2Fcategories&post=31154"},{"taxonomy":"post_tag","embeddable":true,"href":"https:\/\/hojassueltas.es\/index.php?rest_route=%2Fwp%2Fv2%2Ftags&post=31154"}],"curies":[{"name":"wp","href":"https:\/\/api.w.org\/{rel}","templated":true}]}}