{"id":31151,"date":"2026-09-03T00:00:33","date_gmt":"2026-09-02T22:00:33","guid":{"rendered":"https:\/\/hojassueltas.es\/?p=31151"},"modified":"2026-09-03T09:23:34","modified_gmt":"2026-09-03T07:23:34","slug":"polonia-1980-1989-solidarnosc-y-el-poder-de-la-paciencia","status":"publish","type":"post","link":"https:\/\/hojassueltas.es\/?p=31151","title":{"rendered":"Polonia, 1980\u20131989: Solidarno\u015b\u0107 y el poder de la paciencia"},"content":{"rendered":"<h2>Del astillero de Gda\u0144sk a la Mesa Redonda: una d\u00e9cada de huelgas, clandestinidad y negociaci\u00f3n que debilit\u00f3 el monopolio pol\u00edtico del r\u00e9gimen comunista<\/h2>\n<p style=\"text-align: justify;\"><span style=\"font-family: georgia, palatino, serif; font-size: 20px;\">En agosto de 1980, una protesta obrera nacida en la costa b\u00e1ltica abri\u00f3 en Polonia un espacio civil que el Estado ya no pudo cerrar por completo. Solidarno\u015b\u0107 fue sindicato, movimiento social y escuela de ciudadan\u00eda. Su victoria no lleg\u00f3 de inmediato ni perteneci\u00f3 a un solo dirigente: necesit\u00f3 organizaci\u00f3n, refugios institucionales, resistencia clandestina y capacidad para negociar.<\/span><\/p>\n<h3 style=\"text-align: justify;\"><span style=\"font-family: georgia, palatino, serif; font-size: 20px;\">Una sociedad cansada de obedecer<\/span><\/h3>\n<p style=\"text-align: justify;\"><span style=\"font-family: georgia, palatino, serif; font-size: 20px;\">La Rep\u00fablica Popular de Polonia atravesaba una grave crisis econ\u00f3mica, marcada por la deuda exterior, la escasez y las subidas del precio de los alimentos. Las protestas de 1970 en la costa b\u00e1ltica y las de Radom y Ursus en 1976 hab\u00edan dejado muertos, detenidos y despedidos. De aquellas experiencias surgieron redes como el Comit\u00e9 de Defensa de los Obreros, que acerc\u00f3 a trabajadores e intelectuales y ense\u00f1\u00f3 a documentar la represi\u00f3n, proporcionar asistencia jur\u00eddica y difundir informaci\u00f3n al margen de la censura.<\/span><\/p>\n<h3 style=\"text-align: justify;\"><span style=\"font-family: georgia, palatino, serif; font-size: 20px;\">Del astillero al pa\u00eds<\/span><\/h3>\n<p style=\"text-align: justify;\"><span style=\"font-family: georgia, palatino, serif; font-size: 20px;\">El 14 de agosto de 1980 comenz\u00f3 una huelga en el astillero Lenin de Gda\u0144sk. El conflicto fue favorecido por el malestar general y desencadenado por el despido de la veterana activista Anna Walentynowicz. Lech Wa\u0142\u0119sa encabez\u00f3 el Comit\u00e9 Interempresarial de Huelga, que evit\u00f3 reducir la protesta a las mejoras salariales del astillero y la mantuvo en solidaridad con otras f\u00e1bricas.<\/span><\/p>\n<p style=\"text-align: justify;\"><span style=\"font-family: georgia, palatino, serif; font-size: 20px;\">Sus 21 reivindicaciones un\u00edan necesidades materiales y libertades p\u00fablicas: sindicatos independientes, derecho de huelga, limitaci\u00f3n de la censura y liberaci\u00f3n de presos pol\u00edticos. El Acuerdo de Gda\u0144sk, firmado el 31 de agosto, oblig\u00f3 al Gobierno a aceptar buena parte de ellas. Las tablas donde fueron escritas, incorporadas en 2003 al <span style=\"color: #993300;\"><a style=\"color: #993300;\" href=\"https:\/\/www.unesco.org\/en\/memory-world\/twenty-one-demands-gdansk-august-1980-birth-solidarity-trades-union-massive-social-movement\">Registro Memoria del Mundo de la Unesco<\/a><\/span>, documentan el instante en que una reclamaci\u00f3n laboral se convirti\u00f3 en impugnaci\u00f3n c\u00edvica del monopolio comunista.<\/span><\/p>\n<h3 style=\"text-align: justify;\"><span style=\"font-family: georgia, palatino, serif; font-size: 20px;\">M\u00e1s que un sindicato<\/span><\/h3>\n<p style=\"text-align: justify;\"><span style=\"font-family: georgia, palatino, serif; font-size: 20px;\">En v\u00edsperas de la ley marcial, Solidarno\u015b\u0107 reun\u00eda alrededor de diez millones de afiliados entre unos doce millones de asalariados, seg\u00fan el <a href=\"https:\/\/ecs.gda.pl\/en\/how-did-solidarnosc-solidarity-come-to-be\/\"><span style=\"color: #993300;\">Centro Europeo de Solidaridad<\/span><\/a>. Su fuerza proced\u00eda de esa amplitud: trabajadores, t\u00e9cnicos, profesores, estudiantes e intelectuales encontraron un lenguaje compartido. El movimiento no pretend\u00eda inicialmente conquistar el Gobierno, pero su existencia demostraba que la sociedad pod\u00eda organizarse y representarse sin tutela estatal.<\/span><\/p>\n<p style=\"text-align: justify;\"><span style=\"font-family: georgia, palatino, serif; font-size: 20px;\">La Iglesia cat\u00f3lica proporcion\u00f3 espacios relativamente protegidos, asistencia material y mediadores. La elecci\u00f3n de Juan Pablo II y su visita a Polonia en 1979 reforzaron la confianza colectiva. Sin embargo, la jerarqu\u00eda eclesi\u00e1stica no dirigi\u00f3 Solidarno\u015b\u0107. Defendi\u00f3 derechos sociales, pero pidi\u00f3 moderaci\u00f3n por temor a la violencia y a una intervenci\u00f3n sovi\u00e9tica. Una <span style=\"color: #993300;\"><a style=\"color: #993300;\" href=\"https:\/\/1989.rrchnm.org\/exhibits\/roman-catholic-church\/sources\/4.html\">carta del Episcopado de marzo de 1981<\/a> <\/span>revela esa posici\u00f3n: respaldo a una mayor justicia social, unido a la recomendaci\u00f3n de avanzar con prudencia.<\/span><\/p>\n<h3 style=\"text-align: justify;\"><span style=\"font-family: georgia, palatino, serif; font-size: 20px;\">Represi\u00f3n y clandestinidad<\/span><\/h3>\n<p style=\"text-align: justify;\"><span style=\"font-family: georgia, palatino, serif; font-size: 20px;\">En la madrugada del 13 de diciembre de 1981, el general Wojciech Jaruzelski impuso la ley marcial. Miles de opositores fueron internados, las comunicaciones quedaron intervenidas y las huelgas fueron sofocadas. En la mina Wujek, el 16 de diciembre, las fuerzas policiales mataron a nueve mineros. Solidarno\u015b\u0107 fue suspendida y posteriormente ilegalizada; la ley marcial se mantuvo hasta julio de 1983. El <a href=\"https:\/\/eng.ipn.gov.pl\/en\/brief-history-of-poland\/collected-content\/9083,COLLECTED-CONTENT-Martial-Law-in-Poland-19811983.html\"><span style=\"color: #993300;\">Instituto de la Memoria Nacional<\/span><\/a> conserva documentaci\u00f3n sobre aquellas medidas represivas.<\/span><\/p>\n<p style=\"text-align: justify;\"><span style=\"font-family: georgia, palatino, serif; font-size: 20px;\">La organizaci\u00f3n p\u00fablica fue desmantelada, pero sobrevivieron sus v\u00ednculos. Imprentas clandestinas, parroquias, colectas y redes de mensajeros sostuvieron una esfera informativa propia. Las mujeres desempe\u00f1aron una funci\u00f3n decisiva, durante mucho tiempo relegada en el relato. Activistas como Helena \u0141uczywo y Joanna Szcz\u0119sna mantuvieron la prensa clandestina, especialmente el semanario <em>Tygodnik Mazowsze<\/em>, como document\u00f3 Shana Penn. La paciencia fue disciplina organizativa, no pasividad.<\/span><\/p>\n<h3 style=\"text-align: justify;\"><span style=\"font-family: georgia, palatino, serif; font-size: 20px;\">La negociaci\u00f3n posible<\/span><\/h3>\n<p style=\"text-align: justify;\"><span style=\"font-family: georgia, palatino, serif; font-size: 20px;\">El deterioro econ\u00f3mico y las huelgas de 1988 convencieron al Gobierno de que la coerci\u00f3n no bastaba para recuperar la estabilidad. Entre el 6 de febrero y el 5 de abril de 1989, representantes del r\u00e9gimen y de la oposici\u00f3n celebraron las conversaciones de la Mesa Redonda. Solidarno\u015b\u0107 recuper\u00f3 la legalidad y fueron convocadas elecciones parcialmente libres.<\/span><\/p>\n<p style=\"text-align: justify;\"><span style=\"font-family: georgia, palatino, serif; font-size: 20px;\">En los comicios del 4 y el 18 de junio, sus candidatos obtuvieron los 161 esca\u00f1os del Sejm sometidos a competencia y 99 de los 100 del Senado, seg\u00fan la <span style=\"color: #993300;\"><a style=\"color: #993300;\" href=\"https:\/\/enrs.eu\/news\/polish-legislative-elections-of-1989\">Red Europea Memoria y Solidaridad<\/a><\/span>. En agosto, Tadeusz Mazowiecki fue designado jefe del Gobierno.<\/span><\/p>\n<p style=\"text-align: justify;\"><span style=\"font-family: georgia, palatino, serif; font-size: 20px;\">El r\u00e9gimen no cay\u00f3 por una sola huelga ni por la voluntad de un \u00fanico h\u00e9roe. Lleg\u00f3 exhausto a la negociaci\u00f3n despu\u00e9s de una d\u00e9cada durante la cual la sociedad hab\u00eda creado instituciones, memoria y confianza fuera del Estado. Solidarno\u015b\u0107 convirti\u00f3 el tiempo en una forma de poder: supo replegarse sin desaparecer y negociar cuando el adversario ya no pod\u00eda gobernar como antes.<\/span><\/p>\n<h3 style=\"text-align: justify;\"><span style=\"font-family: georgia, palatino, serif; font-size: 14px;\">Fuentes y referencias<\/span><\/h3>\n<ul style=\"text-align: justify;\">\n<li><span style=\"font-family: georgia, palatino, serif; font-size: 14px;\">Centro Europeo de Solidaridad: <em>How Did Solidarno\u015b\u0107 Come To Be?<\/em><\/span><\/li>\n<li><span style=\"font-family: georgia, palatino, serif; font-size: 14px;\">Unesco, Registro Memoria del Mundo: <em>Twenty-One Demands, Gda\u0144sk, August 1980<\/em>.<\/span><\/li>\n<li><span style=\"font-family: georgia, palatino, serif; font-size: 14px;\">Instituto de la Memoria Nacional: <em>Martial Law in Poland, 1981\u20131983<\/em>.<\/span><\/li>\n<li><span style=\"font-family: georgia, palatino, serif; font-size: 14px;\">Episcopado polaco: carta pastoral del 11 de marzo de 1981, edici\u00f3n del Roy Rosenzweig Center for History and New Media.<\/span><\/li>\n<li><span style=\"font-family: georgia, palatino, serif; font-size: 14px;\">Penn, Shana: <em>Solidarity\u2019s Secret: The Women Who Defeated Communism in Poland<\/em>. University of Michigan Press, 2005.<\/span><\/li>\n<li><span style=\"font-family: georgia, palatino, serif; font-size: 20px;\"><span style=\"font-size: 14px;\">Red Europea Memoria y Solidaridad: <em>Polish Legislative Elections of 1989<\/em><\/span>.<\/span><\/li>\n<\/ul>\n<p style=\"text-align: justify;\"><strong>Valent\u00edn Castro<\/strong><\/p>\n","protected":false},"excerpt":{"rendered":"<p>Del astillero de Gda\u0144sk a la Mesa Redonda: una d\u00e9cada de huelgas, clandestinidad y negociaci\u00f3n que debilit\u00f3 el monopolio pol\u00edtico del r\u00e9gimen comunista En agosto de 1980, una protesta obrera nacida en la costa b\u00e1ltica abri\u00f3 en Polonia un espacio civil que el Estado ya no pudo cerrar por completo. Solidarno\u015b\u0107 fue sindicato, movimiento social [&hellip;]<\/p>\n","protected":false},"author":62,"featured_media":31152,"comment_status":"closed","ping_status":"closed","sticky":false,"template":"","format":"standard","meta":{"footnotes":""},"categories":[3551],"tags":[4019,4020,3445,4017,4018,4016],"class_list":["post-31151","post","type-post","status-publish","format-standard","has-post-thumbnail","category-secuencias-historicas","tag-resistencia-civil","tag-caida-del-comunismo","tag-guerra-fria","tag-historia-de-polonia","tag-lech-walesa","tag-solidarnosc"],"yoast_head":"<!-- This site is optimized with the Yoast SEO plugin v28.4 - https:\/\/yoast.com\/product\/yoast-seo-wordpress\/ -->\n<title>Polonia, 1980\u20131989: Solidarno\u015b\u0107 y el poder de la paciencia | 304-Secuencias hist\u00f3ricas | HOJAS SUELTAS<\/title>\n<meta name=\"description\" content=\"Entre Gda\u0144sk y la Mesa Redonda, Solidarno\u015b\u0107 convirti\u00f3 la huelga, la resistencia civil y la negociaci\u00f3n en una v\u00eda para erosionar el r\u00e9gimen polaco.\" \/>\n<meta name=\"robots\" content=\"index, follow, max-snippet:-1, max-image-preview:large, max-video-preview:-1\" \/>\n<link rel=\"canonical\" href=\"https:\/\/hojassueltas.es\/?p=31151\" \/>\n<meta property=\"og:locale\" content=\"es_ES\" \/>\n<meta property=\"og:type\" content=\"article\" \/>\n<meta property=\"og:title\" content=\"Polonia, 1980\u20131989: Solidarno\u015b\u0107 y el poder de la paciencia | 304-Secuencias hist\u00f3ricas | HOJAS SUELTAS\" \/>\n<meta property=\"og:description\" content=\"Entre Gda\u0144sk y la Mesa Redonda, Solidarno\u015b\u0107 convirti\u00f3 la huelga, la resistencia civil y la negociaci\u00f3n en una v\u00eda para erosionar el r\u00e9gimen polaco.\" \/>\n<meta property=\"og:url\" content=\"https:\/\/hojassueltas.es\/?p=31151\" \/>\n<meta property=\"og:site_name\" content=\"HOJAS SUELTAS\" \/>\n<meta property=\"article:published_time\" content=\"2026-09-02T22:00:33+00:00\" \/>\n<meta property=\"article:modified_time\" content=\"2026-09-03T07:23:34+00:00\" \/>\n<meta property=\"og:image\" content=\"https:\/\/hojassueltas.es\/wp-content\/uploads\/2026\/09\/304_Solidarnosc_H.S-915x610.png\" \/>\n\t<meta property=\"og:image:width\" content=\"915\" \/>\n\t<meta property=\"og:image:height\" content=\"610\" \/>\n\t<meta property=\"og:image:type\" content=\"image\/png\" \/>\n<meta name=\"author\" content=\"Valent\u00edn Castro\" \/>\n<meta name=\"twitter:card\" content=\"summary_large_image\" \/>\n<meta name=\"twitter:creator\" content=\"@HOJASSUELTAS22\" \/>\n<meta name=\"twitter:site\" content=\"@HOJASSUELTAS22\" \/>\n<meta name=\"twitter:label1\" content=\"Escrito por\" \/>\n\t<meta name=\"twitter:data1\" content=\"Valent\u00edn Castro\" \/>\n\t<meta name=\"twitter:label2\" content=\"Tiempo de lectura\" \/>\n\t<meta name=\"twitter:data2\" content=\"5 minutos\" \/>\n<script type=\"application\/ld+json\" class=\"yoast-schema-graph\">{\"@context\":\"https:\\\/\\\/schema.org\",\"@graph\":[{\"@type\":[\"Article\",\"BlogPosting\"],\"@id\":\"https:\\\/\\\/hojassueltas.es\\\/?p=31151#article\",\"isPartOf\":{\"@id\":\"https:\\\/\\\/hojassueltas.es\\\/?p=31151\"},\"author\":{\"name\":\"Valent\u00edn Castro\",\"@id\":\"https:\\\/\\\/hojassueltas.es\\\/#\\\/schema\\\/person\\\/69b100dc9b45a00e61d055b63d4278e9\"},\"headline\":\"Polonia, 1980\u20131989: Solidarno\u015b\u0107 y el poder de la paciencia\",\"datePublished\":\"2026-09-02T22:00:33+00:00\",\"dateModified\":\"2026-09-03T07:23:34+00:00\",\"mainEntityOfPage\":{\"@id\":\"https:\\\/\\\/hojassueltas.es\\\/?p=31151\"},\"wordCount\":888,\"publisher\":{\"@id\":\"https:\\\/\\\/hojassueltas.es\\\/#organization\"},\"image\":{\"@id\":\"https:\\\/\\\/hojassueltas.es\\\/?p=31151#primaryimage\"},\"thumbnailUrl\":\"https:\\\/\\\/hojassueltas.es\\\/wp-content\\\/uploads\\\/2026\\\/09\\\/304_Solidarnosc_H.S.png\",\"keywords\":[\".resistencia civil\",\"ca\u00edda del comunismo.\",\"Guerra Fr\u00eda\",\"Historia de Polonia\",\"Lech Wa\u0142\u0119sa\",\"Solidarno\u015b\u0107\"],\"articleSection\":[\"304-Secuencias hist\u00f3ricas\"],\"inLanguage\":\"es\"},{\"@type\":\"WebPage\",\"@id\":\"https:\\\/\\\/hojassueltas.es\\\/?p=31151\",\"url\":\"https:\\\/\\\/hojassueltas.es\\\/?p=31151\",\"name\":\"Polonia, 1980\u20131989: Solidarno\u015b\u0107 y el poder de la paciencia | 304-Secuencias hist\u00f3ricas | HOJAS SUELTAS\",\"isPartOf\":{\"@id\":\"https:\\\/\\\/hojassueltas.es\\\/#website\"},\"primaryImageOfPage\":{\"@id\":\"https:\\\/\\\/hojassueltas.es\\\/?p=31151#primaryimage\"},\"image\":{\"@id\":\"https:\\\/\\\/hojassueltas.es\\\/?p=31151#primaryimage\"},\"thumbnailUrl\":\"https:\\\/\\\/hojassueltas.es\\\/wp-content\\\/uploads\\\/2026\\\/09\\\/304_Solidarnosc_H.S.png\",\"datePublished\":\"2026-09-02T22:00:33+00:00\",\"dateModified\":\"2026-09-03T07:23:34+00:00\",\"description\":\"Entre Gda\u0144sk y la Mesa Redonda, Solidarno\u015b\u0107 convirti\u00f3 la huelga, la resistencia civil y la negociaci\u00f3n en una v\u00eda para erosionar el r\u00e9gimen polaco.\",\"breadcrumb\":{\"@id\":\"https:\\\/\\\/hojassueltas.es\\\/?p=31151#breadcrumb\"},\"inLanguage\":\"es\",\"potentialAction\":[{\"@type\":\"ReadAction\",\"target\":[\"https:\\\/\\\/hojassueltas.es\\\/?p=31151\"]}]},{\"@type\":\"ImageObject\",\"inLanguage\":\"es\",\"@id\":\"https:\\\/\\\/hojassueltas.es\\\/?p=31151#primaryimage\",\"url\":\"https:\\\/\\\/hojassueltas.es\\\/wp-content\\\/uploads\\\/2026\\\/09\\\/304_Solidarnosc_H.S.png\",\"contentUrl\":\"https:\\\/\\\/hojassueltas.es\\\/wp-content\\\/uploads\\\/2026\\\/09\\\/304_Solidarnosc_H.S.png\",\"width\":1920,\"height\":1280},{\"@type\":\"BreadcrumbList\",\"@id\":\"https:\\\/\\\/hojassueltas.es\\\/?p=31151#breadcrumb\",\"itemListElement\":[{\"@type\":\"ListItem\",\"position\":1,\"name\":\"Portada\",\"item\":\"https:\\\/\\\/hojassueltas.es\\\/\"},{\"@type\":\"ListItem\",\"position\":2,\"name\":\"Polonia, 1980\u20131989: Solidarno\u015b\u0107 y el poder de la paciencia\"}]},{\"@type\":\"WebSite\",\"@id\":\"https:\\\/\\\/hojassueltas.es\\\/#website\",\"url\":\"https:\\\/\\\/hojassueltas.es\\\/\",\"name\":\"HojasSueltas.es\",\"description\":\"Peri\u00f3dico Cultural\",\"publisher\":{\"@id\":\"https:\\\/\\\/hojassueltas.es\\\/#organization\"},\"alternateName\":\"H.S. Periodico Cultural\",\"potentialAction\":[{\"@type\":\"SearchAction\",\"target\":{\"@type\":\"EntryPoint\",\"urlTemplate\":\"https:\\\/\\\/hojassueltas.es\\\/?s={search_term_string}\"},\"query-input\":{\"@type\":\"PropertyValueSpecification\",\"valueRequired\":true,\"valueName\":\"search_term_string\"}}],\"inLanguage\":\"es\"},{\"@type\":\"Organization\",\"@id\":\"https:\\\/\\\/hojassueltas.es\\\/#organization\",\"name\":\"HOJAS SUELTAS - Peri\u00f3dico Cultural\",\"alternateName\":\"HS - HOJAS SUELTAS Peri\u00f3dico Cultural\",\"url\":\"https:\\\/\\\/hojassueltas.es\\\/\",\"logo\":{\"@type\":\"ImageObject\",\"inLanguage\":\"es\",\"@id\":\"https:\\\/\\\/hojassueltas.es\\\/#\\\/schema\\\/logo\\\/image\\\/\",\"url\":\"https:\\\/\\\/hojassueltas.es\\\/wp-content\\\/uploads\\\/2025\\\/08\\\/Icono-HS_2.png\",\"contentUrl\":\"https:\\\/\\\/hojassueltas.es\\\/wp-content\\\/uploads\\\/2025\\\/08\\\/Icono-HS_2.png\",\"width\":500,\"height\":500,\"caption\":\"HOJAS SUELTAS - Peri\u00f3dico Cultural\"},\"image\":{\"@id\":\"https:\\\/\\\/hojassueltas.es\\\/#\\\/schema\\\/logo\\\/image\\\/\"},\"sameAs\":[\"https:\\\/\\\/x.com\\\/HOJASSUELTAS22\"]},{\"@type\":\"Person\",\"@id\":\"https:\\\/\\\/hojassueltas.es\\\/#\\\/schema\\\/person\\\/69b100dc9b45a00e61d055b63d4278e9\",\"name\":\"Valent\u00edn Castro\",\"image\":{\"@type\":\"ImageObject\",\"inLanguage\":\"es\",\"@id\":\"https:\\\/\\\/hojassueltas.es\\\/wp-content\\\/uploads\\\/2025\\\/11\\\/Valentin-Castro-2025-96x96.png\",\"url\":\"https:\\\/\\\/hojassueltas.es\\\/wp-content\\\/uploads\\\/2025\\\/11\\\/Valentin-Castro-2025-96x96.png\",\"contentUrl\":\"https:\\\/\\\/hojassueltas.es\\\/wp-content\\\/uploads\\\/2025\\\/11\\\/Valentin-Castro-2025-96x96.png\",\"caption\":\"Valent\u00edn Castro\"},\"description\":\"Naci\u00f3 en una aldea de A Coru\u00f1a. Emigra con sus padres a M\u00e9jico. Licenciado en Comunicaci\u00f3n y Periodismo por la Universidad Nacional Aut\u00f3noma de M\u00e9xico. Licenciado en Geograf\u00eda e Historia por la Universidad Complutense de Madrid. Vive en Madrid, publica art\u00edculos y ensayos en diversos medios de comunicaci\u00f3n mejicanos y espa\u00f1oles bajo varios seud\u00f3nimos. Actualmente prepara una saga con personajes nacidos durante la ocupaci\u00f3n de M\u00e9xico por Hern\u00e1n Cort\u00e9s. Sus art\u00edculos y ensayos son efectistas, en ocasiones c\u00e1ustico, y muy cr\u00edtico. ES Redactor Jefe de Hojas Sueltas, dedicando su tiempo libre a escribir art\u00edculos con especial dedicaci\u00f3n a la literatura y la historia.\",\"url\":\"https:\\\/\\\/hojassueltas.es\\\/?author=62\"}]}<\/script>\n<!-- \/ Yoast SEO plugin. -->","yoast_head_json":{"title":"Polonia, 1980\u20131989: Solidarno\u015b\u0107 y el poder de la paciencia | 304-Secuencias hist\u00f3ricas | HOJAS SUELTAS","description":"Entre Gda\u0144sk y la Mesa Redonda, Solidarno\u015b\u0107 convirti\u00f3 la huelga, la resistencia civil y la negociaci\u00f3n en una v\u00eda para erosionar el r\u00e9gimen polaco.","robots":{"index":"index","follow":"follow","max-snippet":"max-snippet:-1","max-image-preview":"max-image-preview:large","max-video-preview":"max-video-preview:-1"},"canonical":"https:\/\/hojassueltas.es\/?p=31151","og_locale":"es_ES","og_type":"article","og_title":"Polonia, 1980\u20131989: Solidarno\u015b\u0107 y el poder de la paciencia | 304-Secuencias hist\u00f3ricas | HOJAS SUELTAS","og_description":"Entre Gda\u0144sk y la Mesa Redonda, Solidarno\u015b\u0107 convirti\u00f3 la huelga, la resistencia civil y la negociaci\u00f3n en una v\u00eda para erosionar el r\u00e9gimen polaco.","og_url":"https:\/\/hojassueltas.es\/?p=31151","og_site_name":"HOJAS SUELTAS","article_published_time":"2026-09-02T22:00:33+00:00","article_modified_time":"2026-09-03T07:23:34+00:00","og_image":[{"width":915,"height":610,"url":"https:\/\/hojassueltas.es\/wp-content\/uploads\/2026\/09\/304_Solidarnosc_H.S-915x610.png","type":"image\/png"}],"author":"Valent\u00edn Castro","twitter_card":"summary_large_image","twitter_creator":"@HOJASSUELTAS22","twitter_site":"@HOJASSUELTAS22","twitter_misc":{"Escrito por":"Valent\u00edn Castro","Tiempo de lectura":"5 minutos"},"schema":{"@context":"https:\/\/schema.org","@graph":[{"@type":["Article","BlogPosting"],"@id":"https:\/\/hojassueltas.es\/?p=31151#article","isPartOf":{"@id":"https:\/\/hojassueltas.es\/?p=31151"},"author":{"name":"Valent\u00edn Castro","@id":"https:\/\/hojassueltas.es\/#\/schema\/person\/69b100dc9b45a00e61d055b63d4278e9"},"headline":"Polonia, 1980\u20131989: Solidarno\u015b\u0107 y el poder de la paciencia","datePublished":"2026-09-02T22:00:33+00:00","dateModified":"2026-09-03T07:23:34+00:00","mainEntityOfPage":{"@id":"https:\/\/hojassueltas.es\/?p=31151"},"wordCount":888,"publisher":{"@id":"https:\/\/hojassueltas.es\/#organization"},"image":{"@id":"https:\/\/hojassueltas.es\/?p=31151#primaryimage"},"thumbnailUrl":"https:\/\/hojassueltas.es\/wp-content\/uploads\/2026\/09\/304_Solidarnosc_H.S.png","keywords":[".resistencia civil","ca\u00edda del comunismo.","Guerra Fr\u00eda","Historia de Polonia","Lech Wa\u0142\u0119sa","Solidarno\u015b\u0107"],"articleSection":["304-Secuencias hist\u00f3ricas"],"inLanguage":"es"},{"@type":"WebPage","@id":"https:\/\/hojassueltas.es\/?p=31151","url":"https:\/\/hojassueltas.es\/?p=31151","name":"Polonia, 1980\u20131989: Solidarno\u015b\u0107 y el poder de la paciencia | 304-Secuencias hist\u00f3ricas | HOJAS SUELTAS","isPartOf":{"@id":"https:\/\/hojassueltas.es\/#website"},"primaryImageOfPage":{"@id":"https:\/\/hojassueltas.es\/?p=31151#primaryimage"},"image":{"@id":"https:\/\/hojassueltas.es\/?p=31151#primaryimage"},"thumbnailUrl":"https:\/\/hojassueltas.es\/wp-content\/uploads\/2026\/09\/304_Solidarnosc_H.S.png","datePublished":"2026-09-02T22:00:33+00:00","dateModified":"2026-09-03T07:23:34+00:00","description":"Entre Gda\u0144sk y la Mesa Redonda, Solidarno\u015b\u0107 convirti\u00f3 la huelga, la resistencia civil y la negociaci\u00f3n en una v\u00eda para erosionar el r\u00e9gimen polaco.","breadcrumb":{"@id":"https:\/\/hojassueltas.es\/?p=31151#breadcrumb"},"inLanguage":"es","potentialAction":[{"@type":"ReadAction","target":["https:\/\/hojassueltas.es\/?p=31151"]}]},{"@type":"ImageObject","inLanguage":"es","@id":"https:\/\/hojassueltas.es\/?p=31151#primaryimage","url":"https:\/\/hojassueltas.es\/wp-content\/uploads\/2026\/09\/304_Solidarnosc_H.S.png","contentUrl":"https:\/\/hojassueltas.es\/wp-content\/uploads\/2026\/09\/304_Solidarnosc_H.S.png","width":1920,"height":1280},{"@type":"BreadcrumbList","@id":"https:\/\/hojassueltas.es\/?p=31151#breadcrumb","itemListElement":[{"@type":"ListItem","position":1,"name":"Portada","item":"https:\/\/hojassueltas.es\/"},{"@type":"ListItem","position":2,"name":"Polonia, 1980\u20131989: Solidarno\u015b\u0107 y el poder de la paciencia"}]},{"@type":"WebSite","@id":"https:\/\/hojassueltas.es\/#website","url":"https:\/\/hojassueltas.es\/","name":"HojasSueltas.es","description":"Peri\u00f3dico Cultural","publisher":{"@id":"https:\/\/hojassueltas.es\/#organization"},"alternateName":"H.S. Periodico Cultural","potentialAction":[{"@type":"SearchAction","target":{"@type":"EntryPoint","urlTemplate":"https:\/\/hojassueltas.es\/?s={search_term_string}"},"query-input":{"@type":"PropertyValueSpecification","valueRequired":true,"valueName":"search_term_string"}}],"inLanguage":"es"},{"@type":"Organization","@id":"https:\/\/hojassueltas.es\/#organization","name":"HOJAS SUELTAS - Peri\u00f3dico Cultural","alternateName":"HS - HOJAS SUELTAS Peri\u00f3dico Cultural","url":"https:\/\/hojassueltas.es\/","logo":{"@type":"ImageObject","inLanguage":"es","@id":"https:\/\/hojassueltas.es\/#\/schema\/logo\/image\/","url":"https:\/\/hojassueltas.es\/wp-content\/uploads\/2025\/08\/Icono-HS_2.png","contentUrl":"https:\/\/hojassueltas.es\/wp-content\/uploads\/2025\/08\/Icono-HS_2.png","width":500,"height":500,"caption":"HOJAS SUELTAS - Peri\u00f3dico Cultural"},"image":{"@id":"https:\/\/hojassueltas.es\/#\/schema\/logo\/image\/"},"sameAs":["https:\/\/x.com\/HOJASSUELTAS22"]},{"@type":"Person","@id":"https:\/\/hojassueltas.es\/#\/schema\/person\/69b100dc9b45a00e61d055b63d4278e9","name":"Valent\u00edn Castro","image":{"@type":"ImageObject","inLanguage":"es","@id":"https:\/\/hojassueltas.es\/wp-content\/uploads\/2025\/11\/Valentin-Castro-2025-96x96.png","url":"https:\/\/hojassueltas.es\/wp-content\/uploads\/2025\/11\/Valentin-Castro-2025-96x96.png","contentUrl":"https:\/\/hojassueltas.es\/wp-content\/uploads\/2025\/11\/Valentin-Castro-2025-96x96.png","caption":"Valent\u00edn Castro"},"description":"Naci\u00f3 en una aldea de A Coru\u00f1a. Emigra con sus padres a M\u00e9jico. Licenciado en Comunicaci\u00f3n y Periodismo por la Universidad Nacional Aut\u00f3noma de M\u00e9xico. Licenciado en Geograf\u00eda e Historia por la Universidad Complutense de Madrid. Vive en Madrid, publica art\u00edculos y ensayos en diversos medios de comunicaci\u00f3n mejicanos y espa\u00f1oles bajo varios seud\u00f3nimos. Actualmente prepara una saga con personajes nacidos durante la ocupaci\u00f3n de M\u00e9xico por Hern\u00e1n Cort\u00e9s. Sus art\u00edculos y ensayos son efectistas, en ocasiones c\u00e1ustico, y muy cr\u00edtico. ES Redactor Jefe de Hojas Sueltas, dedicando su tiempo libre a escribir art\u00edculos con especial dedicaci\u00f3n a la literatura y la historia.","url":"https:\/\/hojassueltas.es\/?author=62"}]}},"_links":{"self":[{"href":"https:\/\/hojassueltas.es\/index.php?rest_route=\/wp\/v2\/posts\/31151","targetHints":{"allow":["GET"]}}],"collection":[{"href":"https:\/\/hojassueltas.es\/index.php?rest_route=\/wp\/v2\/posts"}],"about":[{"href":"https:\/\/hojassueltas.es\/index.php?rest_route=\/wp\/v2\/types\/post"}],"author":[{"embeddable":true,"href":"https:\/\/hojassueltas.es\/index.php?rest_route=\/wp\/v2\/users\/62"}],"replies":[{"embeddable":true,"href":"https:\/\/hojassueltas.es\/index.php?rest_route=%2Fwp%2Fv2%2Fcomments&post=31151"}],"version-history":[{"count":1,"href":"https:\/\/hojassueltas.es\/index.php?rest_route=\/wp\/v2\/posts\/31151\/revisions"}],"predecessor-version":[{"id":31153,"href":"https:\/\/hojassueltas.es\/index.php?rest_route=\/wp\/v2\/posts\/31151\/revisions\/31153"}],"wp:featuredmedia":[{"embeddable":true,"href":"https:\/\/hojassueltas.es\/index.php?rest_route=\/wp\/v2\/media\/31152"}],"wp:attachment":[{"href":"https:\/\/hojassueltas.es\/index.php?rest_route=%2Fwp%2Fv2%2Fmedia&parent=31151"}],"wp:term":[{"taxonomy":"category","embeddable":true,"href":"https:\/\/hojassueltas.es\/index.php?rest_route=%2Fwp%2Fv2%2Fcategories&post=31151"},{"taxonomy":"post_tag","embeddable":true,"href":"https:\/\/hojassueltas.es\/index.php?rest_route=%2Fwp%2Fv2%2Ftags&post=31151"}],"curies":[{"name":"wp","href":"https:\/\/api.w.org\/{rel}","templated":true}]}}