{"id":31147,"date":"2026-09-03T00:00:07","date_gmt":"2026-09-02T22:00:07","guid":{"rendered":"https:\/\/hojassueltas.es\/?p=31147"},"modified":"2026-09-03T08:59:31","modified_gmt":"2026-09-03T06:59:31","slug":"los-contendientes-de-leipzig","status":"publish","type":"post","link":"https:\/\/hojassueltas.es\/?p=31147","title":{"rendered":"Los contendientes de Leipzig"},"content":{"rendered":"<div class=\"col-72 flt\">\n<p>\u00a9 MUSEO DEL PRADO<\/p>\n<p>\u00a9Los contendientes de Leipzig\u201d evoca uno de los episodios m\u00e1s c\u00e9lebres de la historia de la m\u00fasica: la sucesi\u00f3n de Johann Kuhnau como Thomaskantor de Leipzig en 1723. Telemann, primer candidato, Graupner, elegido inicialmente pero retenido por su mecenas, y Bach, finalmente nombrado para el cargo, protagonizan un singular recorrido por tres personalidades musicales de extraordinaria talla. Sus obras revelan la riqueza y diversidad del Barroco alem\u00e1n y permiten redescubrir una historia en la que el devenir de la m\u00fasica europea pudo haber tomado un rumbo muy distinto.<\/p>\n<\/div>\n<div class=\"col-25 frt\">\n<div class=\"botonera\">\n<div class=\"venta-entradas disabled\"><a href=\"https:\/\/www.museodelprado.es\/actualidad\/actividad\/los-contendientes-de-leipzig\/66464ede-ca10-4edd-bd63-2e45ff67572b?utm_campaign=Bolet%C3%ADn%20Educaci%C3%B3n%20-%20Actividades%20Did%C3%A1cticas&amp;utm_medium=email&amp;_hsenc=p2ANqtz-8kZcGcw52KmH8tkD2udKoHUwA-OsebK7vgI0wKHrhLpwZSBMQ1Adl5bhQetSDVVI7bEYLKvAa1mo7iDXyrb6_tXWjKevfxnp4OjgC9f0lc7vpTmlY&amp;_hsmi=144651175&amp;utm_content=144651175&amp;utm_source=hs_email#\"><span style=\"color: #993300;\"><strong>Comprar entradas<\/strong><\/span><\/a><\/div>\n<p class=\"fechainsc\">Disponible a partir del 07\/09\/2026<\/p>\n<\/div>\n<h3>Programa<\/h3>\n<div class=\"exp-cont-text\">\n<dl>\n<dt><strong>G. P. Telemann<\/strong> (1681-1767)<\/dt>\n<dd><em>Concerto Polonois, <\/em> TWV 43:G7<\/dd>\n<dd><em>Dolce<\/em><\/dd>\n<dd><em>Allegro<\/em><\/dd>\n<dd><em>Largo<\/em><\/dd>\n<dd><em>Allegro<\/em><\/dd>\n<dt><strong>G. P. Telemann<\/strong> (1681-1767)<\/dt>\n<dd><em>Concierto en la menor para flauta de pico y viola da gamba, <\/em>TWV 52:a1<\/dd>\n<dd><em>Grave<\/em><\/dd>\n<dd><em>Allegro<\/em><\/dd>\n<dd><em>Dolce<\/em><\/dd>\n<dd><em>Allegro<\/em><\/dd>\n<dd>Ana Pay\u00e1 Ram\u00edrez, flauta de pico<\/dd>\n<dd>Arturo de las Casas Escolar, viola da gamba<\/dd>\n<dt><strong>CH. Graupner<\/strong> (1683-1760)<\/dt>\n<dd><em>Ouverture GWV 473<\/em><\/dd>\n<dt><strong>J.S. Bach<\/strong> (1685-1750)<\/dt>\n<dd><em>Concierto para clave en la mayor, <\/em>BWV 1055<\/dd>\n<dd><em>Allegro<\/em><\/dd>\n<dd><em>Larghetto<\/em><\/dd>\n<dd><em>Allegro ma non tanto<\/em><\/dd>\n<dd>Jaime Mart\u00edn Garc\u00e9s, clave<\/dd>\n<\/dl>\n<p><strong>Directora:<\/strong> Elvira Mart\u00ednez Gabald\u00f3n<\/p>\n<\/div>\n<p>PILAR SANTISTEBAN &#8211; Punto y Seguido<\/p>\n<div class=\"relacionados\"><\/div>\n<\/div>\n<div class=\"fe-logotipos\"><\/div>\n","protected":false},"excerpt":{"rendered":"<p>\u00a9 MUSEO DEL PRADO \u00a9Los contendientes de Leipzig\u201d evoca uno de los episodios m\u00e1s c\u00e9lebres de la historia de la m\u00fasica: la sucesi\u00f3n de Johann Kuhnau como Thomaskantor de Leipzig en 1723. Telemann, primer candidato, Graupner, elegido inicialmente pero retenido por su mecenas, y Bach, finalmente nombrado para el cargo, protagonizan un singular recorrido por [&hellip;]<\/p>\n","protected":false},"author":95,"featured_media":31148,"comment_status":"closed","ping_status":"closed","sticky":false,"template":"","format":"standard","meta":{"footnotes":""},"categories":[3550],"tags":[3453],"class_list":["post-31147","post","type-post","status-publish","format-standard","has-post-thumbnail","category-agenda-cultural","tag-pilar-sanatisteban"],"yoast_head":"<!-- This site is optimized with the Yoast SEO plugin v28.4 - https:\/\/yoast.com\/product\/yoast-seo-wordpress\/ -->\n<title>Los contendientes de Leipzig | 301_Agenda cultural | HOJAS SUELTAS<\/title>\n<meta name=\"description\" content=\"\u201cLos contendientes de Leipzig\u201d evoca uno de los episodios m\u00e1s c\u00e9lebres de la historia de la m\u00fasica: la sucesi\u00f3n de Johann Kuhnau como Thomaskantor de Leipzig en 1723.\" \/>\n<meta name=\"robots\" content=\"index, follow, max-snippet:-1, max-image-preview:large, max-video-preview:-1\" \/>\n<link rel=\"canonical\" href=\"https:\/\/hojassueltas.es\/?p=31147\" \/>\n<meta property=\"og:locale\" content=\"es_ES\" \/>\n<meta property=\"og:type\" content=\"article\" \/>\n<meta property=\"og:title\" content=\"Los contendientes de Leipzig | 301_Agenda cultural | HOJAS SUELTAS\" \/>\n<meta property=\"og:description\" content=\"\u201cLos contendientes de Leipzig\u201d evoca uno de los episodios m\u00e1s c\u00e9lebres de la historia de la m\u00fasica: la sucesi\u00f3n de Johann Kuhnau como Thomaskantor de Leipzig en 1723.\" \/>\n<meta property=\"og:url\" content=\"https:\/\/hojassueltas.es\/?p=31147\" \/>\n<meta property=\"og:site_name\" content=\"HOJAS SUELTAS\" \/>\n<meta property=\"article:published_time\" content=\"2026-09-02T22:00:07+00:00\" \/>\n<meta property=\"article:modified_time\" content=\"2026-09-03T06:59:31+00:00\" \/>\n<meta property=\"og:image\" content=\"https:\/\/hojassueltas.es\/wp-content\/uploads\/2026\/09\/302_Agenda-Cultural-2_H.S.png\" \/>\n\t<meta property=\"og:image:width\" content=\"1536\" \/>\n\t<meta property=\"og:image:height\" content=\"1024\" \/>\n\t<meta property=\"og:image:type\" content=\"image\/png\" \/>\n<meta name=\"author\" content=\"Punto y Seguido - Pilar Santisteban\" \/>\n<meta name=\"twitter:card\" content=\"summary_large_image\" \/>\n<meta name=\"twitter:creator\" content=\"@HOJASSUELTAS22\" \/>\n<meta name=\"twitter:site\" content=\"@HOJASSUELTAS22\" \/>\n<meta name=\"twitter:label1\" content=\"Escrito por\" \/>\n\t<meta name=\"twitter:data1\" content=\"Punto y Seguido - Pilar Santisteban\" \/>\n\t<meta name=\"twitter:label2\" content=\"Tiempo de lectura\" \/>\n\t<meta name=\"twitter:data2\" content=\"2 minutos\" \/>\n<script type=\"application\/ld+json\" class=\"yoast-schema-graph\">{\"@context\":\"https:\\\/\\\/schema.org\",\"@graph\":[{\"@type\":[\"Article\",\"BlogPosting\"],\"@id\":\"https:\\\/\\\/hojassueltas.es\\\/?p=31147#article\",\"isPartOf\":{\"@id\":\"https:\\\/\\\/hojassueltas.es\\\/?p=31147\"},\"author\":{\"name\":\"Punto y Seguido - Pilar Santisteban\",\"@id\":\"https:\\\/\\\/hojassueltas.es\\\/#\\\/schema\\\/person\\\/9e73b75874998dd9b093c599d194f858\"},\"headline\":\"Los contendientes de Leipzig\",\"datePublished\":\"2026-09-02T22:00:07+00:00\",\"dateModified\":\"2026-09-03T06:59:31+00:00\",\"mainEntityOfPage\":{\"@id\":\"https:\\\/\\\/hojassueltas.es\\\/?p=31147\"},\"wordCount\":196,\"publisher\":{\"@id\":\"https:\\\/\\\/hojassueltas.es\\\/#organization\"},\"image\":{\"@id\":\"https:\\\/\\\/hojassueltas.es\\\/?p=31147#primaryimage\"},\"thumbnailUrl\":\"https:\\\/\\\/hojassueltas.es\\\/wp-content\\\/uploads\\\/2026\\\/09\\\/302_Agenda-Cultural-2_H.S.png\",\"keywords\":[\"Pilar Sanatisteban\"],\"articleSection\":[\"301_Agenda cultural\"],\"inLanguage\":\"es\"},{\"@type\":\"WebPage\",\"@id\":\"https:\\\/\\\/hojassueltas.es\\\/?p=31147\",\"url\":\"https:\\\/\\\/hojassueltas.es\\\/?p=31147\",\"name\":\"Los contendientes de Leipzig | 301_Agenda cultural | HOJAS SUELTAS\",\"isPartOf\":{\"@id\":\"https:\\\/\\\/hojassueltas.es\\\/#website\"},\"primaryImageOfPage\":{\"@id\":\"https:\\\/\\\/hojassueltas.es\\\/?p=31147#primaryimage\"},\"image\":{\"@id\":\"https:\\\/\\\/hojassueltas.es\\\/?p=31147#primaryimage\"},\"thumbnailUrl\":\"https:\\\/\\\/hojassueltas.es\\\/wp-content\\\/uploads\\\/2026\\\/09\\\/302_Agenda-Cultural-2_H.S.png\",\"datePublished\":\"2026-09-02T22:00:07+00:00\",\"dateModified\":\"2026-09-03T06:59:31+00:00\",\"description\":\"\u201cLos contendientes de Leipzig\u201d evoca uno de los episodios m\u00e1s c\u00e9lebres de la historia de la m\u00fasica: la sucesi\u00f3n de Johann Kuhnau como Thomaskantor de Leipzig en 1723.\",\"breadcrumb\":{\"@id\":\"https:\\\/\\\/hojassueltas.es\\\/?p=31147#breadcrumb\"},\"inLanguage\":\"es\",\"potentialAction\":[{\"@type\":\"ReadAction\",\"target\":[\"https:\\\/\\\/hojassueltas.es\\\/?p=31147\"]}]},{\"@type\":\"ImageObject\",\"inLanguage\":\"es\",\"@id\":\"https:\\\/\\\/hojassueltas.es\\\/?p=31147#primaryimage\",\"url\":\"https:\\\/\\\/hojassueltas.es\\\/wp-content\\\/uploads\\\/2026\\\/09\\\/302_Agenda-Cultural-2_H.S.png\",\"contentUrl\":\"https:\\\/\\\/hojassueltas.es\\\/wp-content\\\/uploads\\\/2026\\\/09\\\/302_Agenda-Cultural-2_H.S.png\",\"width\":1536,\"height\":1024},{\"@type\":\"BreadcrumbList\",\"@id\":\"https:\\\/\\\/hojassueltas.es\\\/?p=31147#breadcrumb\",\"itemListElement\":[{\"@type\":\"ListItem\",\"position\":1,\"name\":\"Portada\",\"item\":\"https:\\\/\\\/hojassueltas.es\\\/\"},{\"@type\":\"ListItem\",\"position\":2,\"name\":\"Los contendientes de Leipzig\"}]},{\"@type\":\"WebSite\",\"@id\":\"https:\\\/\\\/hojassueltas.es\\\/#website\",\"url\":\"https:\\\/\\\/hojassueltas.es\\\/\",\"name\":\"HojasSueltas.es\",\"description\":\"Peri\u00f3dico Cultural\",\"publisher\":{\"@id\":\"https:\\\/\\\/hojassueltas.es\\\/#organization\"},\"alternateName\":\"H.S. Periodico Cultural\",\"potentialAction\":[{\"@type\":\"SearchAction\",\"target\":{\"@type\":\"EntryPoint\",\"urlTemplate\":\"https:\\\/\\\/hojassueltas.es\\\/?s={search_term_string}\"},\"query-input\":{\"@type\":\"PropertyValueSpecification\",\"valueRequired\":true,\"valueName\":\"search_term_string\"}}],\"inLanguage\":\"es\"},{\"@type\":\"Organization\",\"@id\":\"https:\\\/\\\/hojassueltas.es\\\/#organization\",\"name\":\"HOJAS SUELTAS - Peri\u00f3dico Cultural\",\"alternateName\":\"HS - HOJAS SUELTAS Peri\u00f3dico Cultural\",\"url\":\"https:\\\/\\\/hojassueltas.es\\\/\",\"logo\":{\"@type\":\"ImageObject\",\"inLanguage\":\"es\",\"@id\":\"https:\\\/\\\/hojassueltas.es\\\/#\\\/schema\\\/logo\\\/image\\\/\",\"url\":\"https:\\\/\\\/hojassueltas.es\\\/wp-content\\\/uploads\\\/2025\\\/08\\\/Icono-HS_2.png\",\"contentUrl\":\"https:\\\/\\\/hojassueltas.es\\\/wp-content\\\/uploads\\\/2025\\\/08\\\/Icono-HS_2.png\",\"width\":500,\"height\":500,\"caption\":\"HOJAS SUELTAS - Peri\u00f3dico Cultural\"},\"image\":{\"@id\":\"https:\\\/\\\/hojassueltas.es\\\/#\\\/schema\\\/logo\\\/image\\\/\"},\"sameAs\":[\"https:\\\/\\\/x.com\\\/HOJASSUELTAS22\"]},{\"@type\":\"Person\",\"@id\":\"https:\\\/\\\/hojassueltas.es\\\/#\\\/schema\\\/person\\\/9e73b75874998dd9b093c599d194f858\",\"name\":\"Punto y Seguido - Pilar Santisteban\",\"image\":{\"@type\":\"ImageObject\",\"inLanguage\":\"es\",\"@id\":\"https:\\\/\\\/hojassueltas.es\\\/wp-content\\\/uploads\\\/2026\\\/02\\\/Pilar-Santisteban_3-96x96.png\",\"url\":\"https:\\\/\\\/hojassueltas.es\\\/wp-content\\\/uploads\\\/2026\\\/02\\\/Pilar-Santisteban_3-96x96.png\",\"contentUrl\":\"https:\\\/\\\/hojassueltas.es\\\/wp-content\\\/uploads\\\/2026\\\/02\\\/Pilar-Santisteban_3-96x96.png\",\"caption\":\"Punto y Seguido - Pilar Santisteban\"},\"description\":\"Salmantina. Licenciada en Filosof\u00eda y Letras. Filolog\u00eda Hispanica. Se define como raton de biblioteca. Su labor profesionarl se inscribe en actividades de ense\u00f1anza, promueve cursos y talleres literarios. Redactora en el equipo de Punto y Seguido de Hojas Sueltas\",\"url\":\"https:\\\/\\\/hojassueltas.es\\\/?author=95\"}]}<\/script>\n<!-- \/ Yoast SEO plugin. -->","yoast_head_json":{"title":"Los contendientes de Leipzig | 301_Agenda cultural | HOJAS SUELTAS","description":"\u201cLos contendientes de Leipzig\u201d evoca uno de los episodios m\u00e1s c\u00e9lebres de la historia de la m\u00fasica: la sucesi\u00f3n de Johann Kuhnau como Thomaskantor de Leipzig en 1723.","robots":{"index":"index","follow":"follow","max-snippet":"max-snippet:-1","max-image-preview":"max-image-preview:large","max-video-preview":"max-video-preview:-1"},"canonical":"https:\/\/hojassueltas.es\/?p=31147","og_locale":"es_ES","og_type":"article","og_title":"Los contendientes de Leipzig | 301_Agenda cultural | HOJAS SUELTAS","og_description":"\u201cLos contendientes de Leipzig\u201d evoca uno de los episodios m\u00e1s c\u00e9lebres de la historia de la m\u00fasica: la sucesi\u00f3n de Johann Kuhnau como Thomaskantor de Leipzig en 1723.","og_url":"https:\/\/hojassueltas.es\/?p=31147","og_site_name":"HOJAS SUELTAS","article_published_time":"2026-09-02T22:00:07+00:00","article_modified_time":"2026-09-03T06:59:31+00:00","og_image":[{"width":1536,"height":1024,"url":"https:\/\/hojassueltas.es\/wp-content\/uploads\/2026\/09\/302_Agenda-Cultural-2_H.S.png","type":"image\/png"}],"author":"Punto y Seguido - Pilar Santisteban","twitter_card":"summary_large_image","twitter_creator":"@HOJASSUELTAS22","twitter_site":"@HOJASSUELTAS22","twitter_misc":{"Escrito por":"Punto y Seguido - Pilar Santisteban","Tiempo de lectura":"2 minutos"},"schema":{"@context":"https:\/\/schema.org","@graph":[{"@type":["Article","BlogPosting"],"@id":"https:\/\/hojassueltas.es\/?p=31147#article","isPartOf":{"@id":"https:\/\/hojassueltas.es\/?p=31147"},"author":{"name":"Punto y Seguido - Pilar Santisteban","@id":"https:\/\/hojassueltas.es\/#\/schema\/person\/9e73b75874998dd9b093c599d194f858"},"headline":"Los contendientes de Leipzig","datePublished":"2026-09-02T22:00:07+00:00","dateModified":"2026-09-03T06:59:31+00:00","mainEntityOfPage":{"@id":"https:\/\/hojassueltas.es\/?p=31147"},"wordCount":196,"publisher":{"@id":"https:\/\/hojassueltas.es\/#organization"},"image":{"@id":"https:\/\/hojassueltas.es\/?p=31147#primaryimage"},"thumbnailUrl":"https:\/\/hojassueltas.es\/wp-content\/uploads\/2026\/09\/302_Agenda-Cultural-2_H.S.png","keywords":["Pilar Sanatisteban"],"articleSection":["301_Agenda cultural"],"inLanguage":"es"},{"@type":"WebPage","@id":"https:\/\/hojassueltas.es\/?p=31147","url":"https:\/\/hojassueltas.es\/?p=31147","name":"Los contendientes de Leipzig | 301_Agenda cultural | HOJAS SUELTAS","isPartOf":{"@id":"https:\/\/hojassueltas.es\/#website"},"primaryImageOfPage":{"@id":"https:\/\/hojassueltas.es\/?p=31147#primaryimage"},"image":{"@id":"https:\/\/hojassueltas.es\/?p=31147#primaryimage"},"thumbnailUrl":"https:\/\/hojassueltas.es\/wp-content\/uploads\/2026\/09\/302_Agenda-Cultural-2_H.S.png","datePublished":"2026-09-02T22:00:07+00:00","dateModified":"2026-09-03T06:59:31+00:00","description":"\u201cLos contendientes de Leipzig\u201d evoca uno de los episodios m\u00e1s c\u00e9lebres de la historia de la m\u00fasica: la sucesi\u00f3n de Johann Kuhnau como Thomaskantor de Leipzig en 1723.","breadcrumb":{"@id":"https:\/\/hojassueltas.es\/?p=31147#breadcrumb"},"inLanguage":"es","potentialAction":[{"@type":"ReadAction","target":["https:\/\/hojassueltas.es\/?p=31147"]}]},{"@type":"ImageObject","inLanguage":"es","@id":"https:\/\/hojassueltas.es\/?p=31147#primaryimage","url":"https:\/\/hojassueltas.es\/wp-content\/uploads\/2026\/09\/302_Agenda-Cultural-2_H.S.png","contentUrl":"https:\/\/hojassueltas.es\/wp-content\/uploads\/2026\/09\/302_Agenda-Cultural-2_H.S.png","width":1536,"height":1024},{"@type":"BreadcrumbList","@id":"https:\/\/hojassueltas.es\/?p=31147#breadcrumb","itemListElement":[{"@type":"ListItem","position":1,"name":"Portada","item":"https:\/\/hojassueltas.es\/"},{"@type":"ListItem","position":2,"name":"Los contendientes de Leipzig"}]},{"@type":"WebSite","@id":"https:\/\/hojassueltas.es\/#website","url":"https:\/\/hojassueltas.es\/","name":"HojasSueltas.es","description":"Peri\u00f3dico Cultural","publisher":{"@id":"https:\/\/hojassueltas.es\/#organization"},"alternateName":"H.S. Periodico Cultural","potentialAction":[{"@type":"SearchAction","target":{"@type":"EntryPoint","urlTemplate":"https:\/\/hojassueltas.es\/?s={search_term_string}"},"query-input":{"@type":"PropertyValueSpecification","valueRequired":true,"valueName":"search_term_string"}}],"inLanguage":"es"},{"@type":"Organization","@id":"https:\/\/hojassueltas.es\/#organization","name":"HOJAS SUELTAS - Peri\u00f3dico Cultural","alternateName":"HS - HOJAS SUELTAS Peri\u00f3dico Cultural","url":"https:\/\/hojassueltas.es\/","logo":{"@type":"ImageObject","inLanguage":"es","@id":"https:\/\/hojassueltas.es\/#\/schema\/logo\/image\/","url":"https:\/\/hojassueltas.es\/wp-content\/uploads\/2025\/08\/Icono-HS_2.png","contentUrl":"https:\/\/hojassueltas.es\/wp-content\/uploads\/2025\/08\/Icono-HS_2.png","width":500,"height":500,"caption":"HOJAS SUELTAS - Peri\u00f3dico Cultural"},"image":{"@id":"https:\/\/hojassueltas.es\/#\/schema\/logo\/image\/"},"sameAs":["https:\/\/x.com\/HOJASSUELTAS22"]},{"@type":"Person","@id":"https:\/\/hojassueltas.es\/#\/schema\/person\/9e73b75874998dd9b093c599d194f858","name":"Punto y Seguido - Pilar Santisteban","image":{"@type":"ImageObject","inLanguage":"es","@id":"https:\/\/hojassueltas.es\/wp-content\/uploads\/2026\/02\/Pilar-Santisteban_3-96x96.png","url":"https:\/\/hojassueltas.es\/wp-content\/uploads\/2026\/02\/Pilar-Santisteban_3-96x96.png","contentUrl":"https:\/\/hojassueltas.es\/wp-content\/uploads\/2026\/02\/Pilar-Santisteban_3-96x96.png","caption":"Punto y Seguido - Pilar Santisteban"},"description":"Salmantina. Licenciada en Filosof\u00eda y Letras. Filolog\u00eda Hispanica. Se define como raton de biblioteca. Su labor profesionarl se inscribe en actividades de ense\u00f1anza, promueve cursos y talleres literarios. Redactora en el equipo de Punto y Seguido de Hojas Sueltas","url":"https:\/\/hojassueltas.es\/?author=95"}]}},"_links":{"self":[{"href":"https:\/\/hojassueltas.es\/index.php?rest_route=\/wp\/v2\/posts\/31147","targetHints":{"allow":["GET"]}}],"collection":[{"href":"https:\/\/hojassueltas.es\/index.php?rest_route=\/wp\/v2\/posts"}],"about":[{"href":"https:\/\/hojassueltas.es\/index.php?rest_route=\/wp\/v2\/types\/post"}],"author":[{"embeddable":true,"href":"https:\/\/hojassueltas.es\/index.php?rest_route=\/wp\/v2\/users\/95"}],"replies":[{"embeddable":true,"href":"https:\/\/hojassueltas.es\/index.php?rest_route=%2Fwp%2Fv2%2Fcomments&post=31147"}],"version-history":[{"count":1,"href":"https:\/\/hojassueltas.es\/index.php?rest_route=\/wp\/v2\/posts\/31147\/revisions"}],"predecessor-version":[{"id":31149,"href":"https:\/\/hojassueltas.es\/index.php?rest_route=\/wp\/v2\/posts\/31147\/revisions\/31149"}],"wp:featuredmedia":[{"embeddable":true,"href":"https:\/\/hojassueltas.es\/index.php?rest_route=\/wp\/v2\/media\/31148"}],"wp:attachment":[{"href":"https:\/\/hojassueltas.es\/index.php?rest_route=%2Fwp%2Fv2%2Fmedia&parent=31147"}],"wp:term":[{"taxonomy":"category","embeddable":true,"href":"https:\/\/hojassueltas.es\/index.php?rest_route=%2Fwp%2Fv2%2Fcategories&post=31147"},{"taxonomy":"post_tag","embeddable":true,"href":"https:\/\/hojassueltas.es\/index.php?rest_route=%2Fwp%2Fv2%2Ftags&post=31147"}],"curies":[{"name":"wp","href":"https:\/\/api.w.org\/{rel}","templated":true}]}}