{"id":31134,"date":"2026-09-02T00:00:01","date_gmt":"2026-09-01T22:00:01","guid":{"rendered":"https:\/\/hojassueltas.es\/?p=31134"},"modified":"2026-09-02T11:56:49","modified_gmt":"2026-09-02T09:56:49","slug":"la-orquesta-filarmonica-de-gran-canaria-se-suma-al-675o-aniversario-de-la-ciudad-de-telde","status":"publish","type":"post","link":"https:\/\/hojassueltas.es\/?p=31134","title":{"rendered":"La Orquesta Filarm\u00f3nica de Gran Canaria  se suma al 675\u00ba aniversario de la Ciudad de Telde"},"content":{"rendered":"<p style=\"text-align: justify;\"><span style=\"font-family: georgia, palatino, serif; font-size: 20px;\">La <strong>Orquesta Filarm\u00f3nica de Gran Canaria<\/strong> se suma a las celebraciones del <strong>675\u00ba aniversario de la Ciudad de Telde<\/strong> con el concierto extraordinario \u201cSonidos de Am\u00e9rica\u201d. Bajo la direcci\u00f3n del maestro venezolano <strong>Cristian V\u00e1squez<\/strong>, esta cita que tendr\u00e1 como escenario el <strong>Auditorio Jos\u00e9 V\u00e9lez del Parque Urbano de San Juan<\/strong> permitir\u00e1 al p\u00fablico disfrutar de la enorme riqueza de colores y ritmos de la m\u00fasica del continente americano a trav\u00e9s de un vibrante programa sinf\u00f3nico.<\/span><\/p>\n<p><span style=\"font-family: georgia, palatino, serif; font-size: 20px;\">Este viaje traza una ruta directa por el mapa del continente, deteni\u00e9ndose en tres grandes focos de creaci\u00f3n: <strong>Venezuela, Argentina y M\u00e9xico.<\/strong> El recorrido nos lleva de la calidez de <em>De mi tierra<\/em>, del venezolano <strong>Giancarlo Castro<\/strong>, a la fuerza indomable de la pampa argentina a trav\u00e9s de las danzas del ballet <em>Estancia<\/em> de <strong>Alberto Ginastera.<\/strong> Desde all\u00ed hacemos escala en M\u00e9xico, con un espectacular abanico sonoro que transita del misticismo de sus ra\u00edces ind\u00edgenas con la <em>Sinfon\u00eda India<\/em> de <strong>Carlos Ch\u00e1vez<\/strong> y <em>Sensemay\u00e1<\/em> de <strong>Silvestre Revueltas<\/strong>, a la luminosidad del <em>Huapango<\/em> de <strong>Jos\u00e9 Pablo Moncayo<\/strong> y la energ\u00eda festiva del <em>Danz\u00f3n n.\u00ba 8<\/em> de<strong> Arturo M\u00e1rquez<\/strong>, <em>Mariachitl\u00e1n<\/em> de <strong>Juan Pablo Contreras<\/strong> y <em>Antr\u00f3polis<\/em> de <strong>Gabriela Ortiz<\/strong>. Ser\u00e1 una ocasi\u00f3n inmejorable para vivir de cerca la m\u00fasica con la <strong>Orquesta Filarm\u00f3nica de Gran Canaria, <em>la Orquesta de tu Isla<\/em><\/strong>, que quiere compartir este aniversario tan especial con toda la ciudadan\u00eda de Telde.<\/span><\/p>\n<p><span style=\"font-family: georgia, palatino, serif; font-size: 20px;\">Entrada libre hasta completar aforo.<\/span><\/p>\n<h2 id=\"Program\" class=\"secondary-font bold text-m text-blue\"><span style=\"font-family: georgia, palatino, serif; font-size: 20px;\">Programa<\/span><\/h2>\n<div class=\"semi-bold text-xm\">\n<p><span style=\"font-family: georgia, palatino, serif; font-size: 20px;\">Giancarlo Castro D\u00b4Addona De mi Tierra<\/span><\/p>\n<p><span style=\"font-family: georgia, palatino, serif; font-size: 20px;\">Arturo M\u00e1rquez Danz\u00f3n n.\u00ba 8<\/span><\/p>\n<p><span style=\"font-family: georgia, palatino, serif; font-size: 20px;\">Juan Pablo Contreras Mariachitl\u00e1n<\/span><\/p>\n<p><span style=\"font-family: georgia, palatino, serif; font-size: 20px;\">Carlos Ch\u00e1vez Sinfon\u00eda n.\u00ba 2 \u201cSinfon\u00eda India\u201d<\/span><\/p>\n<p><span style=\"font-family: georgia, palatino, serif; font-size: 20px;\">Silvestre Revueltas Sensemay\u00e1<\/span><\/p>\n<p><span style=\"font-family: georgia, palatino, serif; font-size: 20px;\">Jos\u00e9 Pablo Moncayo Huapango<\/span><\/p>\n<p><span style=\"font-family: georgia, palatino, serif; font-size: 20px;\">Alberto Ginastera Estancia: Cuatro danzas<\/span><\/p>\n<p><span style=\"font-family: georgia, palatino, serif; font-size: 20px;\">Gabriela Ortiz Antr\u00f3polis<\/span><\/p>\n<p><span style=\"font-family: georgia, palatino, serif; font-size: 20px;\"><strong>\u00a9 ORQUESTA FILARM\u00d3NICA DE GRAN CANARIA<\/strong><\/span><\/p>\n<p><strong><span style=\"font-family: georgia, palatino, serif; font-size: 20px;\">Andr\u00e9s L\u00f3pez &#8211; Punto y Seguido<\/span><\/strong><\/p>\n<\/div>\n","protected":false},"excerpt":{"rendered":"<p>La Orquesta Filarm\u00f3nica de Gran Canaria se suma a las celebraciones del 675\u00ba aniversario de la Ciudad de Telde con el concierto extraordinario \u201cSonidos de Am\u00e9rica\u201d. Bajo la direcci\u00f3n del maestro venezolano Cristian V\u00e1squez, esta cita que tendr\u00e1 como escenario el Auditorio Jos\u00e9 V\u00e9lez del Parque Urbano de San Juan permitir\u00e1 al p\u00fablico disfrutar de [&hellip;]<\/p>\n","protected":false},"author":92,"featured_media":31136,"comment_status":"closed","ping_status":"closed","sticky":false,"template":"","format":"standard","meta":{"footnotes":""},"categories":[3550],"tags":[2710],"class_list":["post-31134","post","type-post","status-publish","format-standard","has-post-thumbnail","category-agenda-cultural","tag-orquesta-filarmonica-de-gran-canaria"],"yoast_head":"<!-- This site is optimized with the Yoast SEO plugin v28.4 - https:\/\/yoast.com\/product\/yoast-seo-wordpress\/ -->\n<title>La Orquesta Filarm\u00f3nica de Gran Canaria se suma al 675\u00ba aniversario de la Ciudad de Telde | 301_Agenda cultural | HOJAS SUELTAS<\/title>\n<meta name=\"description\" content=\"AGENDA CULTURAL La Orquesta Filarm\u00f3nica de Gran Canaria se suma a las celebraciones del 675\u00ba aniversario de la Ciudad de Telde con el concierto extraordinario \u201cSonidos de Am\u00e9rica\u201d\" \/>\n<meta name=\"robots\" content=\"index, follow, max-snippet:-1, max-image-preview:large, max-video-preview:-1\" \/>\n<link rel=\"canonical\" href=\"https:\/\/hojassueltas.es\/?p=31134\" \/>\n<meta property=\"og:locale\" content=\"es_ES\" \/>\n<meta property=\"og:type\" content=\"article\" \/>\n<meta property=\"og:title\" content=\"La Orquesta Filarm\u00f3nica de Gran Canaria se suma al 675\u00ba aniversario de la Ciudad de Telde | 301_Agenda cultural | HOJAS SUELTAS\" \/>\n<meta property=\"og:description\" content=\"AGENDA CULTURAL La Orquesta Filarm\u00f3nica de Gran Canaria se suma a las celebraciones del 675\u00ba aniversario de la Ciudad de Telde con el concierto extraordinario \u201cSonidos de Am\u00e9rica\u201d\" \/>\n<meta property=\"og:url\" content=\"https:\/\/hojassueltas.es\/?p=31134\" \/>\n<meta property=\"og:site_name\" content=\"HOJAS SUELTAS\" \/>\n<meta property=\"article:published_time\" content=\"2026-09-01T22:00:01+00:00\" \/>\n<meta property=\"article:modified_time\" content=\"2026-09-02T09:56:49+00:00\" \/>\n<meta property=\"og:image\" content=\"https:\/\/hojassueltas.es\/wp-content\/uploads\/2026\/09\/301-oFgc_HS-915x610.png\" \/>\n\t<meta property=\"og:image:width\" content=\"915\" \/>\n\t<meta property=\"og:image:height\" content=\"610\" \/>\n\t<meta property=\"og:image:type\" content=\"image\/png\" \/>\n<meta name=\"author\" content=\"Punto y Seguido - Andr\u00e9s L\u00f3pez\" \/>\n<meta name=\"twitter:card\" content=\"summary_large_image\" \/>\n<meta name=\"twitter:creator\" content=\"@HOJASSUELTAS22\" \/>\n<meta name=\"twitter:site\" content=\"@HOJASSUELTAS22\" \/>\n<meta name=\"twitter:label1\" content=\"Escrito por\" \/>\n\t<meta name=\"twitter:data1\" content=\"Punto y Seguido - Andr\u00e9s L\u00f3pez\" \/>\n\t<meta name=\"twitter:label2\" content=\"Tiempo de lectura\" \/>\n\t<meta name=\"twitter:data2\" content=\"2 minutos\" \/>\n<script type=\"application\/ld+json\" class=\"yoast-schema-graph\">{\"@context\":\"https:\\\/\\\/schema.org\",\"@graph\":[{\"@type\":[\"Article\",\"BlogPosting\"],\"@id\":\"https:\\\/\\\/hojassueltas.es\\\/?p=31134#article\",\"isPartOf\":{\"@id\":\"https:\\\/\\\/hojassueltas.es\\\/?p=31134\"},\"author\":{\"name\":\"Punto y Seguido - Andr\u00e9s L\u00f3pez\",\"@id\":\"https:\\\/\\\/hojassueltas.es\\\/#\\\/schema\\\/person\\\/ac1996cc775b56daf7c72c58f4cb880a\"},\"headline\":\"La Orquesta Filarm\u00f3nica de Gran Canaria se suma al 675\u00ba aniversario de la Ciudad de Telde\",\"datePublished\":\"2026-09-01T22:00:01+00:00\",\"dateModified\":\"2026-09-02T09:56:49+00:00\",\"mainEntityOfPage\":{\"@id\":\"https:\\\/\\\/hojassueltas.es\\\/?p=31134\"},\"wordCount\":331,\"publisher\":{\"@id\":\"https:\\\/\\\/hojassueltas.es\\\/#organization\"},\"image\":{\"@id\":\"https:\\\/\\\/hojassueltas.es\\\/?p=31134#primaryimage\"},\"thumbnailUrl\":\"https:\\\/\\\/hojassueltas.es\\\/wp-content\\\/uploads\\\/2026\\\/09\\\/301-oFgc_HS.png\",\"keywords\":[\"Orquesta Fil\u00e1rmonica de Gran Canaria\"],\"articleSection\":[\"301_Agenda cultural\"],\"inLanguage\":\"es\"},{\"@type\":\"WebPage\",\"@id\":\"https:\\\/\\\/hojassueltas.es\\\/?p=31134\",\"url\":\"https:\\\/\\\/hojassueltas.es\\\/?p=31134\",\"name\":\"La Orquesta Filarm\u00f3nica de Gran Canaria se suma al 675\u00ba aniversario de la Ciudad de Telde | 301_Agenda cultural | HOJAS SUELTAS\",\"isPartOf\":{\"@id\":\"https:\\\/\\\/hojassueltas.es\\\/#website\"},\"primaryImageOfPage\":{\"@id\":\"https:\\\/\\\/hojassueltas.es\\\/?p=31134#primaryimage\"},\"image\":{\"@id\":\"https:\\\/\\\/hojassueltas.es\\\/?p=31134#primaryimage\"},\"thumbnailUrl\":\"https:\\\/\\\/hojassueltas.es\\\/wp-content\\\/uploads\\\/2026\\\/09\\\/301-oFgc_HS.png\",\"datePublished\":\"2026-09-01T22:00:01+00:00\",\"dateModified\":\"2026-09-02T09:56:49+00:00\",\"description\":\"AGENDA CULTURAL La Orquesta Filarm\u00f3nica de Gran Canaria se suma a las celebraciones del 675\u00ba aniversario de la Ciudad de Telde con el concierto extraordinario \u201cSonidos de Am\u00e9rica\u201d\",\"breadcrumb\":{\"@id\":\"https:\\\/\\\/hojassueltas.es\\\/?p=31134#breadcrumb\"},\"inLanguage\":\"es\",\"potentialAction\":[{\"@type\":\"ReadAction\",\"target\":[\"https:\\\/\\\/hojassueltas.es\\\/?p=31134\"]}]},{\"@type\":\"ImageObject\",\"inLanguage\":\"es\",\"@id\":\"https:\\\/\\\/hojassueltas.es\\\/?p=31134#primaryimage\",\"url\":\"https:\\\/\\\/hojassueltas.es\\\/wp-content\\\/uploads\\\/2026\\\/09\\\/301-oFgc_HS.png\",\"contentUrl\":\"https:\\\/\\\/hojassueltas.es\\\/wp-content\\\/uploads\\\/2026\\\/09\\\/301-oFgc_HS.png\",\"width\":1536,\"height\":1024},{\"@type\":\"BreadcrumbList\",\"@id\":\"https:\\\/\\\/hojassueltas.es\\\/?p=31134#breadcrumb\",\"itemListElement\":[{\"@type\":\"ListItem\",\"position\":1,\"name\":\"Portada\",\"item\":\"https:\\\/\\\/hojassueltas.es\\\/\"},{\"@type\":\"ListItem\",\"position\":2,\"name\":\"La Orquesta Filarm\u00f3nica de Gran Canaria se suma al 675\u00ba aniversario de la Ciudad de Telde\"}]},{\"@type\":\"WebSite\",\"@id\":\"https:\\\/\\\/hojassueltas.es\\\/#website\",\"url\":\"https:\\\/\\\/hojassueltas.es\\\/\",\"name\":\"HojasSueltas.es\",\"description\":\"Peri\u00f3dico Cultural\",\"publisher\":{\"@id\":\"https:\\\/\\\/hojassueltas.es\\\/#organization\"},\"alternateName\":\"H.S. Periodico Cultural\",\"potentialAction\":[{\"@type\":\"SearchAction\",\"target\":{\"@type\":\"EntryPoint\",\"urlTemplate\":\"https:\\\/\\\/hojassueltas.es\\\/?s={search_term_string}\"},\"query-input\":{\"@type\":\"PropertyValueSpecification\",\"valueRequired\":true,\"valueName\":\"search_term_string\"}}],\"inLanguage\":\"es\"},{\"@type\":\"Organization\",\"@id\":\"https:\\\/\\\/hojassueltas.es\\\/#organization\",\"name\":\"HOJAS SUELTAS - Peri\u00f3dico Cultural\",\"alternateName\":\"HS - HOJAS SUELTAS Peri\u00f3dico Cultural\",\"url\":\"https:\\\/\\\/hojassueltas.es\\\/\",\"logo\":{\"@type\":\"ImageObject\",\"inLanguage\":\"es\",\"@id\":\"https:\\\/\\\/hojassueltas.es\\\/#\\\/schema\\\/logo\\\/image\\\/\",\"url\":\"https:\\\/\\\/hojassueltas.es\\\/wp-content\\\/uploads\\\/2025\\\/08\\\/Icono-HS_2.png\",\"contentUrl\":\"https:\\\/\\\/hojassueltas.es\\\/wp-content\\\/uploads\\\/2025\\\/08\\\/Icono-HS_2.png\",\"width\":500,\"height\":500,\"caption\":\"HOJAS SUELTAS - Peri\u00f3dico Cultural\"},\"image\":{\"@id\":\"https:\\\/\\\/hojassueltas.es\\\/#\\\/schema\\\/logo\\\/image\\\/\"},\"sameAs\":[\"https:\\\/\\\/x.com\\\/HOJASSUELTAS22\"]},{\"@type\":\"Person\",\"@id\":\"https:\\\/\\\/hojassueltas.es\\\/#\\\/schema\\\/person\\\/ac1996cc775b56daf7c72c58f4cb880a\",\"name\":\"Punto y Seguido - Andr\u00e9s L\u00f3pez\",\"image\":{\"@type\":\"ImageObject\",\"inLanguage\":\"es\",\"@id\":\"https:\\\/\\\/hojassueltas.es\\\/wp-content\\\/uploads\\\/2026\\\/02\\\/Hombre-jugando-con-su-perro-96x96.png\",\"url\":\"https:\\\/\\\/hojassueltas.es\\\/wp-content\\\/uploads\\\/2026\\\/02\\\/Hombre-jugando-con-su-perro-96x96.png\",\"contentUrl\":\"https:\\\/\\\/hojassueltas.es\\\/wp-content\\\/uploads\\\/2026\\\/02\\\/Hombre-jugando-con-su-perro-96x96.png\",\"caption\":\"Punto y Seguido - Andr\u00e9s L\u00f3pez\"},\"description\":\"Andr\u00e9s L\u00f3pez Carrascosa, 63 a\u00f1os. Madrile\u00f1o. Periodista investigador. Especializado en historia contempor\u00e1nea. Suele dar conferencias a grupos de lectura. Actualmente vive alejado de la gran ciudad en una poblaci\u00f3n cercana a Madrid capital. Su tiempo libre lo dedica a la lectura, aunque sigue investigando libremente. Es seguidor de Nieves Concostrina a quien escucha con deleite sus cr\u00f3nicas en una cadena de radio. Forma parte del equipo redactor Punto y Seguido en Hojas Sueltas\",\"url\":\"https:\\\/\\\/hojassueltas.es\\\/?author=92\"}]}<\/script>\n<!-- \/ Yoast SEO plugin. -->","yoast_head_json":{"title":"La Orquesta Filarm\u00f3nica de Gran Canaria se suma al 675\u00ba aniversario de la Ciudad de Telde | 301_Agenda cultural | HOJAS SUELTAS","description":"AGENDA CULTURAL La Orquesta Filarm\u00f3nica de Gran Canaria se suma a las celebraciones del 675\u00ba aniversario de la Ciudad de Telde con el concierto extraordinario \u201cSonidos de Am\u00e9rica\u201d","robots":{"index":"index","follow":"follow","max-snippet":"max-snippet:-1","max-image-preview":"max-image-preview:large","max-video-preview":"max-video-preview:-1"},"canonical":"https:\/\/hojassueltas.es\/?p=31134","og_locale":"es_ES","og_type":"article","og_title":"La Orquesta Filarm\u00f3nica de Gran Canaria se suma al 675\u00ba aniversario de la Ciudad de Telde | 301_Agenda cultural | HOJAS SUELTAS","og_description":"AGENDA CULTURAL La Orquesta Filarm\u00f3nica de Gran Canaria se suma a las celebraciones del 675\u00ba aniversario de la Ciudad de Telde con el concierto extraordinario \u201cSonidos de Am\u00e9rica\u201d","og_url":"https:\/\/hojassueltas.es\/?p=31134","og_site_name":"HOJAS SUELTAS","article_published_time":"2026-09-01T22:00:01+00:00","article_modified_time":"2026-09-02T09:56:49+00:00","og_image":[{"width":915,"height":610,"url":"https:\/\/hojassueltas.es\/wp-content\/uploads\/2026\/09\/301-oFgc_HS-915x610.png","type":"image\/png"}],"author":"Punto y Seguido - Andr\u00e9s L\u00f3pez","twitter_card":"summary_large_image","twitter_creator":"@HOJASSUELTAS22","twitter_site":"@HOJASSUELTAS22","twitter_misc":{"Escrito por":"Punto y Seguido - Andr\u00e9s L\u00f3pez","Tiempo de lectura":"2 minutos"},"schema":{"@context":"https:\/\/schema.org","@graph":[{"@type":["Article","BlogPosting"],"@id":"https:\/\/hojassueltas.es\/?p=31134#article","isPartOf":{"@id":"https:\/\/hojassueltas.es\/?p=31134"},"author":{"name":"Punto y Seguido - Andr\u00e9s L\u00f3pez","@id":"https:\/\/hojassueltas.es\/#\/schema\/person\/ac1996cc775b56daf7c72c58f4cb880a"},"headline":"La Orquesta Filarm\u00f3nica de Gran Canaria se suma al 675\u00ba aniversario de la Ciudad de Telde","datePublished":"2026-09-01T22:00:01+00:00","dateModified":"2026-09-02T09:56:49+00:00","mainEntityOfPage":{"@id":"https:\/\/hojassueltas.es\/?p=31134"},"wordCount":331,"publisher":{"@id":"https:\/\/hojassueltas.es\/#organization"},"image":{"@id":"https:\/\/hojassueltas.es\/?p=31134#primaryimage"},"thumbnailUrl":"https:\/\/hojassueltas.es\/wp-content\/uploads\/2026\/09\/301-oFgc_HS.png","keywords":["Orquesta Fil\u00e1rmonica de Gran Canaria"],"articleSection":["301_Agenda cultural"],"inLanguage":"es"},{"@type":"WebPage","@id":"https:\/\/hojassueltas.es\/?p=31134","url":"https:\/\/hojassueltas.es\/?p=31134","name":"La Orquesta Filarm\u00f3nica de Gran Canaria se suma al 675\u00ba aniversario de la Ciudad de Telde | 301_Agenda cultural | HOJAS SUELTAS","isPartOf":{"@id":"https:\/\/hojassueltas.es\/#website"},"primaryImageOfPage":{"@id":"https:\/\/hojassueltas.es\/?p=31134#primaryimage"},"image":{"@id":"https:\/\/hojassueltas.es\/?p=31134#primaryimage"},"thumbnailUrl":"https:\/\/hojassueltas.es\/wp-content\/uploads\/2026\/09\/301-oFgc_HS.png","datePublished":"2026-09-01T22:00:01+00:00","dateModified":"2026-09-02T09:56:49+00:00","description":"AGENDA CULTURAL La Orquesta Filarm\u00f3nica de Gran Canaria se suma a las celebraciones del 675\u00ba aniversario de la Ciudad de Telde con el concierto extraordinario \u201cSonidos de Am\u00e9rica\u201d","breadcrumb":{"@id":"https:\/\/hojassueltas.es\/?p=31134#breadcrumb"},"inLanguage":"es","potentialAction":[{"@type":"ReadAction","target":["https:\/\/hojassueltas.es\/?p=31134"]}]},{"@type":"ImageObject","inLanguage":"es","@id":"https:\/\/hojassueltas.es\/?p=31134#primaryimage","url":"https:\/\/hojassueltas.es\/wp-content\/uploads\/2026\/09\/301-oFgc_HS.png","contentUrl":"https:\/\/hojassueltas.es\/wp-content\/uploads\/2026\/09\/301-oFgc_HS.png","width":1536,"height":1024},{"@type":"BreadcrumbList","@id":"https:\/\/hojassueltas.es\/?p=31134#breadcrumb","itemListElement":[{"@type":"ListItem","position":1,"name":"Portada","item":"https:\/\/hojassueltas.es\/"},{"@type":"ListItem","position":2,"name":"La Orquesta Filarm\u00f3nica de Gran Canaria se suma al 675\u00ba aniversario de la Ciudad de Telde"}]},{"@type":"WebSite","@id":"https:\/\/hojassueltas.es\/#website","url":"https:\/\/hojassueltas.es\/","name":"HojasSueltas.es","description":"Peri\u00f3dico Cultural","publisher":{"@id":"https:\/\/hojassueltas.es\/#organization"},"alternateName":"H.S. Periodico Cultural","potentialAction":[{"@type":"SearchAction","target":{"@type":"EntryPoint","urlTemplate":"https:\/\/hojassueltas.es\/?s={search_term_string}"},"query-input":{"@type":"PropertyValueSpecification","valueRequired":true,"valueName":"search_term_string"}}],"inLanguage":"es"},{"@type":"Organization","@id":"https:\/\/hojassueltas.es\/#organization","name":"HOJAS SUELTAS - Peri\u00f3dico Cultural","alternateName":"HS - HOJAS SUELTAS Peri\u00f3dico Cultural","url":"https:\/\/hojassueltas.es\/","logo":{"@type":"ImageObject","inLanguage":"es","@id":"https:\/\/hojassueltas.es\/#\/schema\/logo\/image\/","url":"https:\/\/hojassueltas.es\/wp-content\/uploads\/2025\/08\/Icono-HS_2.png","contentUrl":"https:\/\/hojassueltas.es\/wp-content\/uploads\/2025\/08\/Icono-HS_2.png","width":500,"height":500,"caption":"HOJAS SUELTAS - Peri\u00f3dico Cultural"},"image":{"@id":"https:\/\/hojassueltas.es\/#\/schema\/logo\/image\/"},"sameAs":["https:\/\/x.com\/HOJASSUELTAS22"]},{"@type":"Person","@id":"https:\/\/hojassueltas.es\/#\/schema\/person\/ac1996cc775b56daf7c72c58f4cb880a","name":"Punto y Seguido - Andr\u00e9s L\u00f3pez","image":{"@type":"ImageObject","inLanguage":"es","@id":"https:\/\/hojassueltas.es\/wp-content\/uploads\/2026\/02\/Hombre-jugando-con-su-perro-96x96.png","url":"https:\/\/hojassueltas.es\/wp-content\/uploads\/2026\/02\/Hombre-jugando-con-su-perro-96x96.png","contentUrl":"https:\/\/hojassueltas.es\/wp-content\/uploads\/2026\/02\/Hombre-jugando-con-su-perro-96x96.png","caption":"Punto y Seguido - Andr\u00e9s L\u00f3pez"},"description":"Andr\u00e9s L\u00f3pez Carrascosa, 63 a\u00f1os. Madrile\u00f1o. Periodista investigador. Especializado en historia contempor\u00e1nea. Suele dar conferencias a grupos de lectura. Actualmente vive alejado de la gran ciudad en una poblaci\u00f3n cercana a Madrid capital. Su tiempo libre lo dedica a la lectura, aunque sigue investigando libremente. Es seguidor de Nieves Concostrina a quien escucha con deleite sus cr\u00f3nicas en una cadena de radio. Forma parte del equipo redactor Punto y Seguido en Hojas Sueltas","url":"https:\/\/hojassueltas.es\/?author=92"}]}},"_links":{"self":[{"href":"https:\/\/hojassueltas.es\/index.php?rest_route=\/wp\/v2\/posts\/31134","targetHints":{"allow":["GET"]}}],"collection":[{"href":"https:\/\/hojassueltas.es\/index.php?rest_route=\/wp\/v2\/posts"}],"about":[{"href":"https:\/\/hojassueltas.es\/index.php?rest_route=\/wp\/v2\/types\/post"}],"author":[{"embeddable":true,"href":"https:\/\/hojassueltas.es\/index.php?rest_route=\/wp\/v2\/users\/92"}],"replies":[{"embeddable":true,"href":"https:\/\/hojassueltas.es\/index.php?rest_route=%2Fwp%2Fv2%2Fcomments&post=31134"}],"version-history":[{"count":2,"href":"https:\/\/hojassueltas.es\/index.php?rest_route=\/wp\/v2\/posts\/31134\/revisions"}],"predecessor-version":[{"id":31138,"href":"https:\/\/hojassueltas.es\/index.php?rest_route=\/wp\/v2\/posts\/31134\/revisions\/31138"}],"wp:featuredmedia":[{"embeddable":true,"href":"https:\/\/hojassueltas.es\/index.php?rest_route=\/wp\/v2\/media\/31136"}],"wp:attachment":[{"href":"https:\/\/hojassueltas.es\/index.php?rest_route=%2Fwp%2Fv2%2Fmedia&parent=31134"}],"wp:term":[{"taxonomy":"category","embeddable":true,"href":"https:\/\/hojassueltas.es\/index.php?rest_route=%2Fwp%2Fv2%2Fcategories&post=31134"},{"taxonomy":"post_tag","embeddable":true,"href":"https:\/\/hojassueltas.es\/index.php?rest_route=%2Fwp%2Fv2%2Ftags&post=31134"}],"curies":[{"name":"wp","href":"https:\/\/api.w.org\/{rel}","templated":true}]}}