{"id":31121,"date":"2026-09-01T00:00:33","date_gmt":"2026-08-31T22:00:33","guid":{"rendered":"https:\/\/hojassueltas.es\/?p=31121"},"modified":"2026-09-01T17:46:00","modified_gmt":"2026-09-01T15:46:00","slug":"se-reforestan-terrenos-no-se-reforestan-arboles","status":"publish","type":"post","link":"https:\/\/hojassueltas.es\/?p=31121","title":{"rendered":"Se reforestan terrenos, no se reforestan \u00e1rboles"},"content":{"rendered":"<p style=\"text-align: justify;\"><span style=\"font-family: georgia, palatino, serif; font-size: 20px;\">El verbo <strong><em>reforestar<\/em> se aplica a terrenos o \u00e1reas<\/strong>, por lo que no es adecuado decir que <em>se reforestan \u00e1rboles<\/em>.<span id=\"more-164193\"><\/span><\/span><\/p>\n<p style=\"text-align: justify;\"><span style=\"font-family: georgia, palatino, serif; font-size: 20px;\">Pese a ello, en las noticias se leen ocasionalmente frases como \u00abCuautitl\u00e1n Izcalli logra reforestar m\u00e1s de 7000 \u00e1rboles en 56 zonas estrat\u00e9gicas del municipio\u00bb, \u00abSedea busca reforestar 500\u2009000 \u00e1rboles en 2026\u00bb o \u00abProyectan reforestar alrededor de 4500 \u00e1rboles en espacios p\u00fablicos\u00bb.<\/span><\/p>\n<p style=\"text-align: justify;\"><span style=\"font-family: georgia, palatino, serif; font-size: 20px;\">De acuerdo con el <em>Diccionario de la lengua espa\u00f1ola<\/em>, <strong><em>reforestar<\/em><\/strong> significa <strong>\u2018repoblar un terreno con plantas forestales\u2019<\/strong>, por lo que<strong> lo reforestado<\/strong> (el complemento directo)<strong> es un \u00e1rea o una zona, pero no los \u00e1rboles o las plantas<\/strong>. As\u00ed, lo indicado es decir que <em>alguien reforesta una zona<\/em> <em><b>(con \u00e1rboles)<\/b><\/em>.<\/span><\/p>\n<p style=\"text-align: justify;\"><span style=\"font-family: georgia, palatino, serif; font-size: 20px;\">Otra opci\u00f3n posible para evitar ese uso inadecuado del verbo es <strong>sustituirlo por <em>plantar<\/em> o <em>replantar<\/em><\/strong>, seg\u00fan el contexto.<\/span><\/p>\n<p style=\"text-align: justify;\"><span style=\"font-family: georgia, palatino, serif; font-size: 20px;\">De esta forma, en los casos anteriores, lo recomendable habr\u00eda sido escribir, por ejemplo, \u00abCuautitl\u00e1n Izcalli logra reforestar 56 zonas estrat\u00e9gicas del municipio con m\u00e1s de 7000 \u00e1rboles\u00bb, \u00abSedea busca plantar 500\u2009000 \u00e1rboles en 2026\u00bb y \u00abProyectan plantar alrededor de 4500 \u00e1rboles en espacios p\u00fablicos\u00bb.<\/span><\/p>\n<p>\u00a9 FUND\u00c9U<\/p>\n<p>ROBERTO FERN\u00c1NDEZ &#8211; Punto y Seguido<\/p>\n","protected":false},"excerpt":{"rendered":"<p>El verbo reforestar se aplica a terrenos o \u00e1reas, por lo que no es adecuado decir que se reforestan \u00e1rboles. Pese a ello, en las noticias se leen ocasionalmente frases como \u00abCuautitl\u00e1n Izcalli logra reforestar m\u00e1s de 7000 \u00e1rboles en 56 zonas estrat\u00e9gicas del municipio\u00bb, \u00abSedea busca reforestar 500\u2009000 \u00e1rboles en 2026\u00bb o \u00abProyectan reforestar [&hellip;]<\/p>\n","protected":false},"author":97,"featured_media":31066,"comment_status":"closed","ping_status":"closed","sticky":false,"template":"","format":"standard","meta":{"footnotes":""},"categories":[2015],"tags":[2406],"class_list":["post-31121","post","type-post","status-publish","format-standard","has-post-thumbnail","category-aclaraciones-del-idioma","tag-fundeu"],"yoast_head":"<!-- This site is optimized with the Yoast SEO plugin v28.4 - https:\/\/yoast.com\/product\/yoast-seo-wordpress\/ -->\n<title>Se reforestan terrenos, no se reforestan \u00e1rboles | 403-ACLARACIONES DEL IDIOMA | HOJAS SUELTAS<\/title>\n<meta name=\"description\" content=\"ACLARACIONES DEL IDIOMA = El verbo reforestar se aplica a terrenos o \u00e1reas, por lo que no es adecuado decir que se reforestan \u00e1rboles.\" \/>\n<meta name=\"robots\" content=\"index, follow, max-snippet:-1, max-image-preview:large, max-video-preview:-1\" \/>\n<link rel=\"canonical\" href=\"https:\/\/hojassueltas.es\/?p=31121\" \/>\n<meta property=\"og:locale\" content=\"es_ES\" \/>\n<meta property=\"og:type\" content=\"article\" \/>\n<meta property=\"og:title\" content=\"Se reforestan terrenos, no se reforestan \u00e1rboles | 403-ACLARACIONES DEL IDIOMA | HOJAS SUELTAS\" \/>\n<meta property=\"og:description\" content=\"ACLARACIONES DEL IDIOMA = El verbo reforestar se aplica a terrenos o \u00e1reas, por lo que no es adecuado decir que se reforestan \u00e1rboles.\" \/>\n<meta property=\"og:url\" content=\"https:\/\/hojassueltas.es\/?p=31121\" \/>\n<meta property=\"og:site_name\" content=\"HOJAS SUELTAS\" \/>\n<meta property=\"article:published_time\" content=\"2026-08-31T22:00:33+00:00\" \/>\n<meta property=\"article:modified_time\" content=\"2026-09-01T15:46:00+00:00\" \/>\n<meta property=\"og:image\" content=\"https:\/\/hojassueltas.es\/wp-content\/uploads\/2026\/08\/403_Aclaraciones-del-idioma_HS-915x610.png\" \/>\n\t<meta property=\"og:image:width\" content=\"915\" \/>\n\t<meta property=\"og:image:height\" content=\"610\" \/>\n\t<meta property=\"og:image:type\" content=\"image\/png\" \/>\n<meta name=\"author\" content=\"Punto y Seguido - Roberto Fern\u00e1ndez\" \/>\n<meta name=\"twitter:card\" content=\"summary_large_image\" \/>\n<meta name=\"twitter:creator\" content=\"@HOJASSUELTAS22\" \/>\n<meta name=\"twitter:site\" content=\"@HOJASSUELTAS22\" \/>\n<meta name=\"twitter:label1\" content=\"Escrito por\" \/>\n\t<meta name=\"twitter:data1\" content=\"Punto y Seguido - Roberto Fern\u00e1ndez\" \/>\n\t<meta name=\"twitter:label2\" content=\"Tiempo de lectura\" \/>\n\t<meta name=\"twitter:data2\" content=\"2 minutos\" \/>\n<script type=\"application\/ld+json\" class=\"yoast-schema-graph\">{\"@context\":\"https:\\\/\\\/schema.org\",\"@graph\":[{\"@type\":[\"Article\",\"BlogPosting\"],\"@id\":\"https:\\\/\\\/hojassueltas.es\\\/?p=31121#article\",\"isPartOf\":{\"@id\":\"https:\\\/\\\/hojassueltas.es\\\/?p=31121\"},\"author\":{\"name\":\"Punto y Seguido - Roberto Fern\u00e1ndez\",\"@id\":\"https:\\\/\\\/hojassueltas.es\\\/#\\\/schema\\\/person\\\/9da123a86757231ec42f724b10340ce9\"},\"headline\":\"Se reforestan terrenos, no se reforestan \u00e1rboles\",\"datePublished\":\"2026-08-31T22:00:33+00:00\",\"dateModified\":\"2026-09-01T15:46:00+00:00\",\"mainEntityOfPage\":{\"@id\":\"https:\\\/\\\/hojassueltas.es\\\/?p=31121\"},\"wordCount\":194,\"publisher\":{\"@id\":\"https:\\\/\\\/hojassueltas.es\\\/#organization\"},\"image\":{\"@id\":\"https:\\\/\\\/hojassueltas.es\\\/?p=31121#primaryimage\"},\"thumbnailUrl\":\"https:\\\/\\\/hojassueltas.es\\\/wp-content\\\/uploads\\\/2026\\\/08\\\/403_Aclaraciones-del-idioma_HS.png\",\"keywords\":[\"Fund\u00e9u\"],\"articleSection\":[\"403-ACLARACIONES DEL IDIOMA\"],\"inLanguage\":\"es\"},{\"@type\":\"WebPage\",\"@id\":\"https:\\\/\\\/hojassueltas.es\\\/?p=31121\",\"url\":\"https:\\\/\\\/hojassueltas.es\\\/?p=31121\",\"name\":\"Se reforestan terrenos, no se reforestan \u00e1rboles | 403-ACLARACIONES DEL IDIOMA | HOJAS SUELTAS\",\"isPartOf\":{\"@id\":\"https:\\\/\\\/hojassueltas.es\\\/#website\"},\"primaryImageOfPage\":{\"@id\":\"https:\\\/\\\/hojassueltas.es\\\/?p=31121#primaryimage\"},\"image\":{\"@id\":\"https:\\\/\\\/hojassueltas.es\\\/?p=31121#primaryimage\"},\"thumbnailUrl\":\"https:\\\/\\\/hojassueltas.es\\\/wp-content\\\/uploads\\\/2026\\\/08\\\/403_Aclaraciones-del-idioma_HS.png\",\"datePublished\":\"2026-08-31T22:00:33+00:00\",\"dateModified\":\"2026-09-01T15:46:00+00:00\",\"description\":\"ACLARACIONES DEL IDIOMA = El verbo reforestar se aplica a terrenos o \u00e1reas, por lo que no es adecuado decir que se reforestan \u00e1rboles.\",\"breadcrumb\":{\"@id\":\"https:\\\/\\\/hojassueltas.es\\\/?p=31121#breadcrumb\"},\"inLanguage\":\"es\",\"potentialAction\":[{\"@type\":\"ReadAction\",\"target\":[\"https:\\\/\\\/hojassueltas.es\\\/?p=31121\"]}]},{\"@type\":\"ImageObject\",\"inLanguage\":\"es\",\"@id\":\"https:\\\/\\\/hojassueltas.es\\\/?p=31121#primaryimage\",\"url\":\"https:\\\/\\\/hojassueltas.es\\\/wp-content\\\/uploads\\\/2026\\\/08\\\/403_Aclaraciones-del-idioma_HS.png\",\"contentUrl\":\"https:\\\/\\\/hojassueltas.es\\\/wp-content\\\/uploads\\\/2026\\\/08\\\/403_Aclaraciones-del-idioma_HS.png\",\"width\":1920,\"height\":1280},{\"@type\":\"BreadcrumbList\",\"@id\":\"https:\\\/\\\/hojassueltas.es\\\/?p=31121#breadcrumb\",\"itemListElement\":[{\"@type\":\"ListItem\",\"position\":1,\"name\":\"Portada\",\"item\":\"https:\\\/\\\/hojassueltas.es\\\/\"},{\"@type\":\"ListItem\",\"position\":2,\"name\":\"Se reforestan terrenos, no se reforestan \u00e1rboles\"}]},{\"@type\":\"WebSite\",\"@id\":\"https:\\\/\\\/hojassueltas.es\\\/#website\",\"url\":\"https:\\\/\\\/hojassueltas.es\\\/\",\"name\":\"HojasSueltas.es\",\"description\":\"Peri\u00f3dico Cultural\",\"publisher\":{\"@id\":\"https:\\\/\\\/hojassueltas.es\\\/#organization\"},\"alternateName\":\"H.S. Periodico Cultural\",\"potentialAction\":[{\"@type\":\"SearchAction\",\"target\":{\"@type\":\"EntryPoint\",\"urlTemplate\":\"https:\\\/\\\/hojassueltas.es\\\/?s={search_term_string}\"},\"query-input\":{\"@type\":\"PropertyValueSpecification\",\"valueRequired\":true,\"valueName\":\"search_term_string\"}}],\"inLanguage\":\"es\"},{\"@type\":\"Organization\",\"@id\":\"https:\\\/\\\/hojassueltas.es\\\/#organization\",\"name\":\"HOJAS SUELTAS - Peri\u00f3dico Cultural\",\"alternateName\":\"HS - HOJAS SUELTAS Peri\u00f3dico Cultural\",\"url\":\"https:\\\/\\\/hojassueltas.es\\\/\",\"logo\":{\"@type\":\"ImageObject\",\"inLanguage\":\"es\",\"@id\":\"https:\\\/\\\/hojassueltas.es\\\/#\\\/schema\\\/logo\\\/image\\\/\",\"url\":\"https:\\\/\\\/hojassueltas.es\\\/wp-content\\\/uploads\\\/2025\\\/08\\\/Icono-HS_2.png\",\"contentUrl\":\"https:\\\/\\\/hojassueltas.es\\\/wp-content\\\/uploads\\\/2025\\\/08\\\/Icono-HS_2.png\",\"width\":500,\"height\":500,\"caption\":\"HOJAS SUELTAS - Peri\u00f3dico Cultural\"},\"image\":{\"@id\":\"https:\\\/\\\/hojassueltas.es\\\/#\\\/schema\\\/logo\\\/image\\\/\"},\"sameAs\":[\"https:\\\/\\\/x.com\\\/HOJASSUELTAS22\"]},{\"@type\":\"Person\",\"@id\":\"https:\\\/\\\/hojassueltas.es\\\/#\\\/schema\\\/person\\\/9da123a86757231ec42f724b10340ce9\",\"name\":\"Punto y Seguido - Roberto Fern\u00e1ndez\",\"image\":{\"@type\":\"ImageObject\",\"inLanguage\":\"es\",\"@id\":\"https:\\\/\\\/hojassueltas.es\\\/wp-content\\\/uploads\\\/2026\\\/05\\\/Roberto-en-la-redaccion-con-Shanghai-96x96.png\",\"url\":\"https:\\\/\\\/hojassueltas.es\\\/wp-content\\\/uploads\\\/2026\\\/05\\\/Roberto-en-la-redaccion-con-Shanghai-96x96.png\",\"contentUrl\":\"https:\\\/\\\/hojassueltas.es\\\/wp-content\\\/uploads\\\/2026\\\/05\\\/Roberto-en-la-redaccion-con-Shanghai-96x96.png\",\"caption\":\"Punto y Seguido - Roberto Fern\u00e1ndez\"},\"description\":\"Zaragozano. Licenciado en Ciencias de la Comunicaci\u00f3n. Actualmente desarrolla su profesi\u00f3n en una agencia de noticias a, espera escalar con los a\u00f1os,. Su deseo es alcanzar una corresponsal\u00eda en Asia.\",\"url\":\"https:\\\/\\\/hojassueltas.es\\\/?author=97\"}]}<\/script>\n<!-- \/ Yoast SEO plugin. -->","yoast_head_json":{"title":"Se reforestan terrenos, no se reforestan \u00e1rboles | 403-ACLARACIONES DEL IDIOMA | HOJAS SUELTAS","description":"ACLARACIONES DEL IDIOMA = El verbo reforestar se aplica a terrenos o \u00e1reas, por lo que no es adecuado decir que se reforestan \u00e1rboles.","robots":{"index":"index","follow":"follow","max-snippet":"max-snippet:-1","max-image-preview":"max-image-preview:large","max-video-preview":"max-video-preview:-1"},"canonical":"https:\/\/hojassueltas.es\/?p=31121","og_locale":"es_ES","og_type":"article","og_title":"Se reforestan terrenos, no se reforestan \u00e1rboles | 403-ACLARACIONES DEL IDIOMA | HOJAS SUELTAS","og_description":"ACLARACIONES DEL IDIOMA = El verbo reforestar se aplica a terrenos o \u00e1reas, por lo que no es adecuado decir que se reforestan \u00e1rboles.","og_url":"https:\/\/hojassueltas.es\/?p=31121","og_site_name":"HOJAS SUELTAS","article_published_time":"2026-08-31T22:00:33+00:00","article_modified_time":"2026-09-01T15:46:00+00:00","og_image":[{"width":915,"height":610,"url":"https:\/\/hojassueltas.es\/wp-content\/uploads\/2026\/08\/403_Aclaraciones-del-idioma_HS-915x610.png","type":"image\/png"}],"author":"Punto y Seguido - Roberto Fern\u00e1ndez","twitter_card":"summary_large_image","twitter_creator":"@HOJASSUELTAS22","twitter_site":"@HOJASSUELTAS22","twitter_misc":{"Escrito por":"Punto y Seguido - Roberto Fern\u00e1ndez","Tiempo de lectura":"2 minutos"},"schema":{"@context":"https:\/\/schema.org","@graph":[{"@type":["Article","BlogPosting"],"@id":"https:\/\/hojassueltas.es\/?p=31121#article","isPartOf":{"@id":"https:\/\/hojassueltas.es\/?p=31121"},"author":{"name":"Punto y Seguido - Roberto Fern\u00e1ndez","@id":"https:\/\/hojassueltas.es\/#\/schema\/person\/9da123a86757231ec42f724b10340ce9"},"headline":"Se reforestan terrenos, no se reforestan \u00e1rboles","datePublished":"2026-08-31T22:00:33+00:00","dateModified":"2026-09-01T15:46:00+00:00","mainEntityOfPage":{"@id":"https:\/\/hojassueltas.es\/?p=31121"},"wordCount":194,"publisher":{"@id":"https:\/\/hojassueltas.es\/#organization"},"image":{"@id":"https:\/\/hojassueltas.es\/?p=31121#primaryimage"},"thumbnailUrl":"https:\/\/hojassueltas.es\/wp-content\/uploads\/2026\/08\/403_Aclaraciones-del-idioma_HS.png","keywords":["Fund\u00e9u"],"articleSection":["403-ACLARACIONES DEL IDIOMA"],"inLanguage":"es"},{"@type":"WebPage","@id":"https:\/\/hojassueltas.es\/?p=31121","url":"https:\/\/hojassueltas.es\/?p=31121","name":"Se reforestan terrenos, no se reforestan \u00e1rboles | 403-ACLARACIONES DEL IDIOMA | HOJAS SUELTAS","isPartOf":{"@id":"https:\/\/hojassueltas.es\/#website"},"primaryImageOfPage":{"@id":"https:\/\/hojassueltas.es\/?p=31121#primaryimage"},"image":{"@id":"https:\/\/hojassueltas.es\/?p=31121#primaryimage"},"thumbnailUrl":"https:\/\/hojassueltas.es\/wp-content\/uploads\/2026\/08\/403_Aclaraciones-del-idioma_HS.png","datePublished":"2026-08-31T22:00:33+00:00","dateModified":"2026-09-01T15:46:00+00:00","description":"ACLARACIONES DEL IDIOMA = El verbo reforestar se aplica a terrenos o \u00e1reas, por lo que no es adecuado decir que se reforestan \u00e1rboles.","breadcrumb":{"@id":"https:\/\/hojassueltas.es\/?p=31121#breadcrumb"},"inLanguage":"es","potentialAction":[{"@type":"ReadAction","target":["https:\/\/hojassueltas.es\/?p=31121"]}]},{"@type":"ImageObject","inLanguage":"es","@id":"https:\/\/hojassueltas.es\/?p=31121#primaryimage","url":"https:\/\/hojassueltas.es\/wp-content\/uploads\/2026\/08\/403_Aclaraciones-del-idioma_HS.png","contentUrl":"https:\/\/hojassueltas.es\/wp-content\/uploads\/2026\/08\/403_Aclaraciones-del-idioma_HS.png","width":1920,"height":1280},{"@type":"BreadcrumbList","@id":"https:\/\/hojassueltas.es\/?p=31121#breadcrumb","itemListElement":[{"@type":"ListItem","position":1,"name":"Portada","item":"https:\/\/hojassueltas.es\/"},{"@type":"ListItem","position":2,"name":"Se reforestan terrenos, no se reforestan \u00e1rboles"}]},{"@type":"WebSite","@id":"https:\/\/hojassueltas.es\/#website","url":"https:\/\/hojassueltas.es\/","name":"HojasSueltas.es","description":"Peri\u00f3dico Cultural","publisher":{"@id":"https:\/\/hojassueltas.es\/#organization"},"alternateName":"H.S. Periodico Cultural","potentialAction":[{"@type":"SearchAction","target":{"@type":"EntryPoint","urlTemplate":"https:\/\/hojassueltas.es\/?s={search_term_string}"},"query-input":{"@type":"PropertyValueSpecification","valueRequired":true,"valueName":"search_term_string"}}],"inLanguage":"es"},{"@type":"Organization","@id":"https:\/\/hojassueltas.es\/#organization","name":"HOJAS SUELTAS - Peri\u00f3dico Cultural","alternateName":"HS - HOJAS SUELTAS Peri\u00f3dico Cultural","url":"https:\/\/hojassueltas.es\/","logo":{"@type":"ImageObject","inLanguage":"es","@id":"https:\/\/hojassueltas.es\/#\/schema\/logo\/image\/","url":"https:\/\/hojassueltas.es\/wp-content\/uploads\/2025\/08\/Icono-HS_2.png","contentUrl":"https:\/\/hojassueltas.es\/wp-content\/uploads\/2025\/08\/Icono-HS_2.png","width":500,"height":500,"caption":"HOJAS SUELTAS - Peri\u00f3dico Cultural"},"image":{"@id":"https:\/\/hojassueltas.es\/#\/schema\/logo\/image\/"},"sameAs":["https:\/\/x.com\/HOJASSUELTAS22"]},{"@type":"Person","@id":"https:\/\/hojassueltas.es\/#\/schema\/person\/9da123a86757231ec42f724b10340ce9","name":"Punto y Seguido - Roberto Fern\u00e1ndez","image":{"@type":"ImageObject","inLanguage":"es","@id":"https:\/\/hojassueltas.es\/wp-content\/uploads\/2026\/05\/Roberto-en-la-redaccion-con-Shanghai-96x96.png","url":"https:\/\/hojassueltas.es\/wp-content\/uploads\/2026\/05\/Roberto-en-la-redaccion-con-Shanghai-96x96.png","contentUrl":"https:\/\/hojassueltas.es\/wp-content\/uploads\/2026\/05\/Roberto-en-la-redaccion-con-Shanghai-96x96.png","caption":"Punto y Seguido - Roberto Fern\u00e1ndez"},"description":"Zaragozano. Licenciado en Ciencias de la Comunicaci\u00f3n. Actualmente desarrolla su profesi\u00f3n en una agencia de noticias a, espera escalar con los a\u00f1os,. Su deseo es alcanzar una corresponsal\u00eda en Asia.","url":"https:\/\/hojassueltas.es\/?author=97"}]}},"_links":{"self":[{"href":"https:\/\/hojassueltas.es\/index.php?rest_route=\/wp\/v2\/posts\/31121","targetHints":{"allow":["GET"]}}],"collection":[{"href":"https:\/\/hojassueltas.es\/index.php?rest_route=\/wp\/v2\/posts"}],"about":[{"href":"https:\/\/hojassueltas.es\/index.php?rest_route=\/wp\/v2\/types\/post"}],"author":[{"embeddable":true,"href":"https:\/\/hojassueltas.es\/index.php?rest_route=\/wp\/v2\/users\/97"}],"replies":[{"embeddable":true,"href":"https:\/\/hojassueltas.es\/index.php?rest_route=%2Fwp%2Fv2%2Fcomments&post=31121"}],"version-history":[{"count":1,"href":"https:\/\/hojassueltas.es\/index.php?rest_route=\/wp\/v2\/posts\/31121\/revisions"}],"predecessor-version":[{"id":31122,"href":"https:\/\/hojassueltas.es\/index.php?rest_route=\/wp\/v2\/posts\/31121\/revisions\/31122"}],"wp:featuredmedia":[{"embeddable":true,"href":"https:\/\/hojassueltas.es\/index.php?rest_route=\/wp\/v2\/media\/31066"}],"wp:attachment":[{"href":"https:\/\/hojassueltas.es\/index.php?rest_route=%2Fwp%2Fv2%2Fmedia&parent=31121"}],"wp:term":[{"taxonomy":"category","embeddable":true,"href":"https:\/\/hojassueltas.es\/index.php?rest_route=%2Fwp%2Fv2%2Fcategories&post=31121"},{"taxonomy":"post_tag","embeddable":true,"href":"https:\/\/hojassueltas.es\/index.php?rest_route=%2Fwp%2Fv2%2Ftags&post=31121"}],"curies":[{"name":"wp","href":"https:\/\/api.w.org\/{rel}","templated":true}]}}