{"id":31116,"date":"2026-09-01T00:00:05","date_gmt":"2026-08-31T22:00:05","guid":{"rendered":"https:\/\/hojassueltas.es\/?p=31116"},"modified":"2026-09-01T17:35:29","modified_gmt":"2026-09-01T15:35:29","slug":"ii-encuentros-de-literatura-de-naturaleza-y-patrimonio","status":"publish","type":"post","link":"https:\/\/hojassueltas.es\/?p=31116","title":{"rendered":"II Encuentros de literatura de naturaleza y patrimonio"},"content":{"rendered":"<p style=\"text-align: justify;\" align=\"center\"><strong>REMITIDO.<\/strong><\/p>\n<p class=\"western\" align=\"center\"><span style=\"font-family: Calibri, sans-serif;\"><span style=\"font-size: small;\"><span style=\"font-family: Arial, sans-serif;\"><i><b>Organizados por la Asociaci\u00f3n Altabaca, el Club de Lectura<\/b><\/i><\/span><\/span><\/span><\/p>\n<p class=\"western\" align=\"center\"><span style=\"font-family: Arial, sans-serif;\"><span style=\"font-size: small;\"><i><b>Letra de Naturaleza, la artista visual Carmen Sigler y la escritora<\/b><\/i><\/span><\/span><\/p>\n<p class=\"western\" align=\"center\"><span style=\"font-family: Arial, sans-serif;\"><span style=\"font-size: small;\"><i><b>Lola Callej\u00f3n, LETRA DE NATURALEZA, II ENCUENTROS DE<\/b><\/i><\/span><\/span><\/p>\n<p class=\"western\" align=\"center\"><span style=\"font-family: Arial, sans-serif;\"><span style=\"font-size: small;\"><i><b>LITERATURA DE NATURALEZA Y PATRIMONIO, se<\/b><\/i><\/span><\/span><\/p>\n<p class=\"western\" align=\"center\"><span style=\"font-family: Arial, sans-serif;\"><span style=\"font-size: small;\"><i><b>celebrar\u00e1n del 7 al 13 de septiembre en el centro de Granada y<\/b><\/i><\/span><\/span><\/p>\n<p class=\"western\" align=\"center\"><span style=\"font-family: Arial, sans-serif;\"><span style=\"font-size: small;\"><i><b>los barrios del Sacromonte y Albayz\u00edn. Autores como Jorge<\/b><\/i><\/span><\/span><\/p>\n<p class=\"western\" align=\"center\"><span style=\"font-family: Arial, sans-serif;\"><span style=\"font-size: small;\"><i><b>Riechmann, Isabel Mart\u00edn o Joaqu\u00edn Ara\u00fajo (entre otros)<\/b><\/i><\/span><\/span><\/p>\n<p class=\"western\" align=\"center\"><span style=\"font-family: Arial, sans-serif;\"><span style=\"font-size: small;\"><i><b>desarrollar\u00e1n una mirada ecocr\u00edtica desde los m\u00e1rgenes\u201d.<\/b><\/i><\/span><\/span><\/p>\n<p class=\"western\" style=\"text-align: justify;\"><span style=\"font-family: georgia, palatino, serif; font-size: 20px;\">Frente al desapego por los ecosistemas y las emergencias ambientales que nos\u00a0acechan, LETRA DE NATURALEZA nace de la necesidad de restablecer nuestros\u00a0v\u00ednculos con la naturaleza, y el territorio que habitamos, a trav\u00e9s de narrativas y\u00a0acciones que pongan en el centro el mundo de lo vivo. La literatura de naturaleza\u00a0puede ayudar a generar estos puentes y, en este sentido, puede ayudar a educar\u00a0para la sostenibilidad.<\/span><\/p>\n<p class=\"western\" style=\"text-align: justify;\"><span style=\"font-family: georgia, palatino, serif; font-size: 20px;\">Granada tiene un gran legado, tanto natural como cultural-hist\u00f3rico, y un contexto\u00a0donde confluyen todos estos valores patrimoniales: rodeada de monta\u00f1as,\u00a0atravesada por varios r\u00edos y afluentes que introducen un trozo de naturaleza en la\u00a0trama urbana, modelado su paisaje por el agua, acompa\u00f1ada por una depresi\u00f3n\u00a0f\u00e9rtil (la vega), visitada a lo largo de la historia por distintas culturas que dejaron\u00a0su huella y su impronta\u2026 Es por todo ello que planteamos los II ENCUENTROS\u00a0<\/span><\/p>\n<p style=\"text-align: center;\"><img loading=\"lazy\" decoding=\"async\" class=\"aligncenter wp-image-31118 size-full\" src=\"https:\/\/hojassueltas.es\/wp-content\/uploads\/2026\/09\/cartel-IMG-20260719-WA0006.jpg\" alt=\"\" width=\"900\" height=\"1600\" srcset=\"https:\/\/hojassueltas.es\/wp-content\/uploads\/2026\/09\/cartel-IMG-20260719-WA0006.jpg 900w, https:\/\/hojassueltas.es\/wp-content\/uploads\/2026\/09\/cartel-IMG-20260719-WA0006-169x300.jpg 169w, https:\/\/hojassueltas.es\/wp-content\/uploads\/2026\/09\/cartel-IMG-20260719-WA0006-343x610.jpg 343w, https:\/\/hojassueltas.es\/wp-content\/uploads\/2026\/09\/cartel-IMG-20260719-WA0006-768x1365.jpg 768w, https:\/\/hojassueltas.es\/wp-content\/uploads\/2026\/09\/cartel-IMG-20260719-WA0006-864x1536.jpg 864w, https:\/\/hojassueltas.es\/wp-content\/uploads\/2026\/09\/cartel-IMG-20260719-WA0006-150x267.jpg 150w, https:\/\/hojassueltas.es\/wp-content\/uploads\/2026\/09\/cartel-IMG-20260719-WA0006-300x533.jpg 300w, https:\/\/hojassueltas.es\/wp-content\/uploads\/2026\/09\/cartel-IMG-20260719-WA0006-696x1237.jpg 696w\" sizes=\"auto, (max-width: 900px) 100vw, 900px\" \/><\/p>\n<p class=\"western\" style=\"text-align: justify;\"><span style=\"font-family: georgia, palatino, serif; font-size: 20px;\">DE LITERATURA DE NATURALEZA Y PATRIMONIO, brindando este espacio\u00a0nuevo en nuestra ciudad donde la literatura de naturaleza se vaya consolidando\u00a0y dando continuidad a lo ya realizado en los I Encuentros (2025), pero con la\u00a0intenci\u00f3n de ampliar el \u00e1rea de actuaci\u00f3n y la poblaci\u00f3n diana.<\/span><\/p>\n<p class=\"western\" style=\"text-align: justify;\"><span style=\"font-family: georgia, palatino, serif; font-size: 20px;\">En consonancia con lo anterior, nos parece importante diversificar los formatos. As\u00ed, confluir\u00e1n distintos g\u00e9neros: poes\u00eda, ensayo-divulgaci\u00f3n cient\u00edfica o lenguaje visual.\u00a0 Y donde convivir\u00e1n diversas est\u00e9ticas literarias, metodolog\u00edas y experiencias sociales, con el objetivo de llegar a un p\u00fablico amplio, sin olvidar necesidades inclusivas. En esta l\u00ednea, LETRA DE NATURALEZA ofrecer\u00e1 distintas actividades: itinerarios por el entorno\u00a0de tem\u00e1tica h\u00edbrida (literarios, sensitivos-perceptuales, biol\u00f3gicos-bot\u00e1nicos, geol\u00f3gicos e hist\u00f3ricos), talleres, exposiciones de fotograf\u00eda cient\u00edfica y poes\u00eda\u00a0dirigida a institutos y p\u00fablico en general o recitales ecopo\u00e9ticos. Igualmente, habr\u00e1 conferencias, intervenciones art\u00edsticas, proyecciones de videoarte e ilustraci\u00f3n de\u00a0naturaleza. Espacios, todos ellos, donde abordar diversas tem\u00e1ticas que permitan\u00a0una\u00a0<b>mirada ecocr\u00edtica en los m\u00e1rgenes<\/b>. Tambi\u00e9n habr\u00e1 un stand con exposici\u00f3n\u00a0de libros.<\/span><\/p>\n<p class=\"western\" style=\"text-align: justify;\"><span style=\"font-family: georgia, palatino, serif; font-size: 20px;\">Colaboran con estos encuentros: Ayuntamiento de Granada, Granada 2031,\u00a0Fundaci\u00f3n Unicaja, Diputaci\u00f3n de Granada, Centro de Instrumentaci\u00f3n Cient\u00edficaUGR, CSIC, Carmen de la Victoria, Palacio de los Condes de Gabia, Asociaci\u00f3n\u00a0Juvenil Urban Green Club, Museo Cuevas del Sacromonte, Huerto Alegre, Secretos\u00a0de Granada, \u00c1rboles Contra el Cambio Clim\u00e1tico, Raro de Luna, Transversal y\u00a0Librer\u00edas Picasso.<\/span><\/p>\n<p class=\"western\" style=\"text-align: justify;\"><span style=\"font-family: georgia, palatino, serif; font-size: 20px;\">OTRAS ACTIVIDADES DERIVADAS\u00a0<\/span><\/p>\n<p class=\"western\" style=\"text-align: justify;\"><span style=\"font-family: georgia, palatino, serif; font-size: 20px;\">-Letra de Naturaleza. Club de lectura de literatura de naturaleza permanente todo el a\u00f1o,\u00a0<\/span><span style=\"font-family: georgia, palatino, serif; font-size: 20px;\">perteneciente a la Red de Lecturas Verdes del CENEAM (coordinados por RECIDA). Lugar:\u00a0<\/span><\/p>\n<p class=\"western\" style=\"text-align: justify;\"><span style=\"font-family: georgia, palatino, serif; font-size: 20px;\">Librer\u00eda Picasso (Granada). Coordina: Lola Callej\u00f3n.<\/span><\/p>\n<p class=\"western\" style=\"text-align: justify;\"><span style=\"font-family: georgia, palatino, serif; font-size: 20px;\">-Repoblaci\u00f3n y plantaci\u00f3n de especies aut\u00f3ctonas en distintas fechas. Colectivo:\u00a0<\/span><\/p>\n<p class=\"western\" style=\"text-align: justify;\"><span style=\"font-family: georgia, palatino, serif; font-size: 20px;\">\u00c1rboles Contra el Cambio Clim\u00e1tico.<\/span><\/p>\n<p class=\"western\" style=\"text-align: justify;\"><span style=\"font-family: georgia, palatino, serif; font-size: 20px;\">-Exposici\u00f3n: \u201cLa belleza po\u00e9tica de lo micro\u201d. Dirigida a institutos y p\u00fablico en general.\u00a0<\/span><\/p>\n<p class=\"western\" style=\"text-align: justify;\"><span style=\"font-family: georgia, palatino, serif; font-size: 20px;\">Lugar: Centro C\u00edvico Marqu\u00e9s de Mond\u00e9jar, del 8 al 17 de septiembre.<\/span><\/p>\n<p class=\"western\" style=\"text-align: justify;\"><span style=\"font-family: georgia, palatino, serif; font-size: 20px;\">Organizan: Club de Lectura LETRA DE NATURALEZA y Centro de Instrumentaci\u00f3n Cient\u00edfica ((UGR).<\/span><\/p>\n<p><a href=\"https:\/\/hojassueltas.es\/wp-content\/uploads\/2026\/09\/cartel-letra-natura_09.pdf\"><span style=\"font-size: 24px;\">cartel letra natura_09<\/span><\/a><\/p>\n<p><strong>\u00a9 Lola Callej\u00f3n<\/strong><\/p>\n<p class=\"western\" style=\"text-align: justify;\">\n","protected":false},"excerpt":{"rendered":"<p>REMITIDO. Organizados por la Asociaci\u00f3n Altabaca, el Club de Lectura Letra de Naturaleza, la artista visual Carmen Sigler y la escritora Lola Callej\u00f3n, LETRA DE NATURALEZA, II ENCUENTROS DE LITERATURA DE NATURALEZA Y PATRIMONIO, se celebrar\u00e1n del 7 al 13 de septiembre en el centro de Granada y los barrios del Sacromonte y Albayz\u00edn. Autores [&hellip;]<\/p>\n","protected":false},"author":56,"featured_media":31119,"comment_status":"closed","ping_status":"closed","sticky":false,"template":"","format":"standard","meta":{"footnotes":""},"categories":[3550],"tags":[4011,955],"class_list":["post-31116","post","type-post","status-publish","format-standard","has-post-thumbnail","category-agenda-cultural","tag-ii-encuentros-de-liteeratura-y-naturaleza","tag-lola-callejon"],"yoast_head":"<!-- This site is optimized with the Yoast SEO plugin v28.4 - https:\/\/yoast.com\/product\/yoast-seo-wordpress\/ -->\n<title>II Encuentros de literatura de naturaleza y patrimonio | 301_Agenda cultural | HOJAS SUELTAS<\/title>\n<meta name=\"description\" content=\"AGENDA CULTURAL Organizados por la Asociaci\u00f3n Altabaca, el Club de LecturaLetra de Naturaleza, la artista visual Carmen Sigler y la escritoraLola Callej\u00f3n, LETRA DE NATURALEZA, II ENCUENTROS DELITERATURA DE NATURALEZA Y PATRIMONIO\" \/>\n<meta name=\"robots\" content=\"index, follow, max-snippet:-1, max-image-preview:large, max-video-preview:-1\" \/>\n<link rel=\"canonical\" href=\"https:\/\/hojassueltas.es\/?p=31116\" \/>\n<meta property=\"og:locale\" content=\"es_ES\" \/>\n<meta property=\"og:type\" content=\"article\" \/>\n<meta property=\"og:title\" content=\"II Encuentros de literatura de naturaleza y patrimonio | 301_Agenda cultural | HOJAS SUELTAS\" \/>\n<meta property=\"og:description\" content=\"AGENDA CULTURAL Organizados por la Asociaci\u00f3n Altabaca, el Club de LecturaLetra de Naturaleza, la artista visual Carmen Sigler y la escritoraLola Callej\u00f3n, LETRA DE NATURALEZA, II ENCUENTROS DELITERATURA DE NATURALEZA Y PATRIMONIO\" \/>\n<meta property=\"og:url\" content=\"https:\/\/hojassueltas.es\/?p=31116\" \/>\n<meta property=\"og:site_name\" content=\"HOJAS SUELTAS\" \/>\n<meta property=\"article:published_time\" content=\"2026-08-31T22:00:05+00:00\" \/>\n<meta property=\"article:modified_time\" content=\"2026-09-01T15:35:29+00:00\" \/>\n<meta property=\"og:image\" content=\"https:\/\/hojassueltas.es\/wp-content\/uploads\/2026\/09\/301-II-Encuenetros_HS-915x610.png\" \/>\n\t<meta property=\"og:image:width\" content=\"915\" \/>\n\t<meta property=\"og:image:height\" content=\"610\" \/>\n\t<meta property=\"og:image:type\" content=\"image\/png\" \/>\n<meta name=\"author\" content=\"Lola Callej\u00f3n Aci\u00e9n\" \/>\n<meta name=\"twitter:card\" content=\"summary_large_image\" \/>\n<meta name=\"twitter:creator\" content=\"@HOJASSUELTAS22\" \/>\n<meta name=\"twitter:site\" content=\"@HOJASSUELTAS22\" \/>\n<meta name=\"twitter:label1\" content=\"Escrito por\" \/>\n\t<meta name=\"twitter:data1\" content=\"Lola Callej\u00f3n Aci\u00e9n\" \/>\n\t<meta name=\"twitter:label2\" content=\"Tiempo de lectura\" \/>\n\t<meta name=\"twitter:data2\" content=\"3 minutos\" \/>\n<script type=\"application\/ld+json\" class=\"yoast-schema-graph\">{\"@context\":\"https:\\\/\\\/schema.org\",\"@graph\":[{\"@type\":[\"Article\",\"BlogPosting\"],\"@id\":\"https:\\\/\\\/hojassueltas.es\\\/?p=31116#article\",\"isPartOf\":{\"@id\":\"https:\\\/\\\/hojassueltas.es\\\/?p=31116\"},\"author\":{\"name\":\"Lola Callej\u00f3n Aci\u00e9n\",\"@id\":\"https:\\\/\\\/hojassueltas.es\\\/#\\\/schema\\\/person\\\/4be183267eaebfdeee39ba9280459766\"},\"headline\":\"II Encuentros de literatura de naturaleza y patrimonio\",\"datePublished\":\"2026-08-31T22:00:05+00:00\",\"dateModified\":\"2026-09-01T15:35:29+00:00\",\"mainEntityOfPage\":{\"@id\":\"https:\\\/\\\/hojassueltas.es\\\/?p=31116\"},\"wordCount\":606,\"publisher\":{\"@id\":\"https:\\\/\\\/hojassueltas.es\\\/#organization\"},\"image\":{\"@id\":\"https:\\\/\\\/hojassueltas.es\\\/?p=31116#primaryimage\"},\"thumbnailUrl\":\"https:\\\/\\\/hojassueltas.es\\\/wp-content\\\/uploads\\\/2026\\\/09\\\/301-II-Encuenetros_HS.png\",\"keywords\":[\"II encuentros de liteeratura y naturaleza\",\"Lola Callej\u00f3n\"],\"articleSection\":[\"301_Agenda cultural\"],\"inLanguage\":\"es\"},{\"@type\":\"WebPage\",\"@id\":\"https:\\\/\\\/hojassueltas.es\\\/?p=31116\",\"url\":\"https:\\\/\\\/hojassueltas.es\\\/?p=31116\",\"name\":\"II Encuentros de literatura de naturaleza y patrimonio | 301_Agenda cultural | HOJAS SUELTAS\",\"isPartOf\":{\"@id\":\"https:\\\/\\\/hojassueltas.es\\\/#website\"},\"primaryImageOfPage\":{\"@id\":\"https:\\\/\\\/hojassueltas.es\\\/?p=31116#primaryimage\"},\"image\":{\"@id\":\"https:\\\/\\\/hojassueltas.es\\\/?p=31116#primaryimage\"},\"thumbnailUrl\":\"https:\\\/\\\/hojassueltas.es\\\/wp-content\\\/uploads\\\/2026\\\/09\\\/301-II-Encuenetros_HS.png\",\"datePublished\":\"2026-08-31T22:00:05+00:00\",\"dateModified\":\"2026-09-01T15:35:29+00:00\",\"description\":\"AGENDA CULTURAL Organizados por la Asociaci\u00f3n Altabaca, el Club de LecturaLetra de Naturaleza, la artista visual Carmen Sigler y la escritoraLola Callej\u00f3n, LETRA DE NATURALEZA, II ENCUENTROS DELITERATURA DE NATURALEZA Y PATRIMONIO\",\"breadcrumb\":{\"@id\":\"https:\\\/\\\/hojassueltas.es\\\/?p=31116#breadcrumb\"},\"inLanguage\":\"es\",\"potentialAction\":[{\"@type\":\"ReadAction\",\"target\":[\"https:\\\/\\\/hojassueltas.es\\\/?p=31116\"]}]},{\"@type\":\"ImageObject\",\"inLanguage\":\"es\",\"@id\":\"https:\\\/\\\/hojassueltas.es\\\/?p=31116#primaryimage\",\"url\":\"https:\\\/\\\/hojassueltas.es\\\/wp-content\\\/uploads\\\/2026\\\/09\\\/301-II-Encuenetros_HS.png\",\"contentUrl\":\"https:\\\/\\\/hojassueltas.es\\\/wp-content\\\/uploads\\\/2026\\\/09\\\/301-II-Encuenetros_HS.png\",\"width\":1536,\"height\":1024},{\"@type\":\"BreadcrumbList\",\"@id\":\"https:\\\/\\\/hojassueltas.es\\\/?p=31116#breadcrumb\",\"itemListElement\":[{\"@type\":\"ListItem\",\"position\":1,\"name\":\"Portada\",\"item\":\"https:\\\/\\\/hojassueltas.es\\\/\"},{\"@type\":\"ListItem\",\"position\":2,\"name\":\"II Encuentros de literatura de naturaleza y patrimonio\"}]},{\"@type\":\"WebSite\",\"@id\":\"https:\\\/\\\/hojassueltas.es\\\/#website\",\"url\":\"https:\\\/\\\/hojassueltas.es\\\/\",\"name\":\"HojasSueltas.es\",\"description\":\"Peri\u00f3dico Cultural\",\"publisher\":{\"@id\":\"https:\\\/\\\/hojassueltas.es\\\/#organization\"},\"alternateName\":\"H.S. Periodico Cultural\",\"potentialAction\":[{\"@type\":\"SearchAction\",\"target\":{\"@type\":\"EntryPoint\",\"urlTemplate\":\"https:\\\/\\\/hojassueltas.es\\\/?s={search_term_string}\"},\"query-input\":{\"@type\":\"PropertyValueSpecification\",\"valueRequired\":true,\"valueName\":\"search_term_string\"}}],\"inLanguage\":\"es\"},{\"@type\":\"Organization\",\"@id\":\"https:\\\/\\\/hojassueltas.es\\\/#organization\",\"name\":\"HOJAS SUELTAS - Peri\u00f3dico Cultural\",\"alternateName\":\"HS - HOJAS SUELTAS Peri\u00f3dico Cultural\",\"url\":\"https:\\\/\\\/hojassueltas.es\\\/\",\"logo\":{\"@type\":\"ImageObject\",\"inLanguage\":\"es\",\"@id\":\"https:\\\/\\\/hojassueltas.es\\\/#\\\/schema\\\/logo\\\/image\\\/\",\"url\":\"https:\\\/\\\/hojassueltas.es\\\/wp-content\\\/uploads\\\/2025\\\/08\\\/Icono-HS_2.png\",\"contentUrl\":\"https:\\\/\\\/hojassueltas.es\\\/wp-content\\\/uploads\\\/2025\\\/08\\\/Icono-HS_2.png\",\"width\":500,\"height\":500,\"caption\":\"HOJAS SUELTAS - Peri\u00f3dico Cultural\"},\"image\":{\"@id\":\"https:\\\/\\\/hojassueltas.es\\\/#\\\/schema\\\/logo\\\/image\\\/\"},\"sameAs\":[\"https:\\\/\\\/x.com\\\/HOJASSUELTAS22\"]},{\"@type\":\"Person\",\"@id\":\"https:\\\/\\\/hojassueltas.es\\\/#\\\/schema\\\/person\\\/4be183267eaebfdeee39ba9280459766\",\"name\":\"Lola Callej\u00f3n Aci\u00e9n\",\"image\":{\"@type\":\"ImageObject\",\"inLanguage\":\"es\",\"@id\":\"https:\\\/\\\/hojassueltas.es\\\/wp-content\\\/uploads\\\/2023\\\/10\\\/Lola-callejon_web-96x96.jpg\",\"url\":\"https:\\\/\\\/hojassueltas.es\\\/wp-content\\\/uploads\\\/2023\\\/10\\\/Lola-callejon_web-96x96.jpg\",\"contentUrl\":\"https:\\\/\\\/hojassueltas.es\\\/wp-content\\\/uploads\\\/2023\\\/10\\\/Lola-callejon_web-96x96.jpg\",\"caption\":\"Lola Callej\u00f3n Aci\u00e9n\"},\"description\":\"Es licenciada en Ciencias Biol\u00f3gicas. M\u00e1ster en Educaci\u00f3n Ambiental y Desarrollo Sostenible y Especialista Universitaria en Educaci\u00f3n Ambiental y Globalizaci\u00f3n: Educar para un Desarrollo Sostenible Global y Local. Actualmente es profesora en Granada, en centro p\u00fablico de la Junta de Andaluc\u00eda. Especialidad: Interpretaci\u00f3n y Educaci\u00f3n Ambiental. Ha publicado numerosos poemarios, as\u00ed como diversos libros y trabajos de investigaci\u00f3n medioambientales. Ha participado en diferentes encuentros y recitales po\u00e9ticos, entre los que destacamos: Quej\u00edo. Grito de mujer. C\u00f3rdoba. D\u00eda Mundial de la Poes\u00eda. Granada Ciudad de Literatura Unesco. Amanecer en la Alcazaba. Almer\u00eda. Voces del Extremo. Moguer (Huelva).\",\"sameAs\":[\"https:\\\/\\\/www.lolacallejonacien.es\\\/\"],\"url\":\"https:\\\/\\\/hojassueltas.es\\\/?author=56\"}]}<\/script>\n<!-- \/ Yoast SEO plugin. -->","yoast_head_json":{"title":"II Encuentros de literatura de naturaleza y patrimonio | 301_Agenda cultural | HOJAS SUELTAS","description":"AGENDA CULTURAL Organizados por la Asociaci\u00f3n Altabaca, el Club de LecturaLetra de Naturaleza, la artista visual Carmen Sigler y la escritoraLola Callej\u00f3n, LETRA DE NATURALEZA, II ENCUENTROS DELITERATURA DE NATURALEZA Y PATRIMONIO","robots":{"index":"index","follow":"follow","max-snippet":"max-snippet:-1","max-image-preview":"max-image-preview:large","max-video-preview":"max-video-preview:-1"},"canonical":"https:\/\/hojassueltas.es\/?p=31116","og_locale":"es_ES","og_type":"article","og_title":"II Encuentros de literatura de naturaleza y patrimonio | 301_Agenda cultural | HOJAS SUELTAS","og_description":"AGENDA CULTURAL Organizados por la Asociaci\u00f3n Altabaca, el Club de LecturaLetra de Naturaleza, la artista visual Carmen Sigler y la escritoraLola Callej\u00f3n, LETRA DE NATURALEZA, II ENCUENTROS DELITERATURA DE NATURALEZA Y PATRIMONIO","og_url":"https:\/\/hojassueltas.es\/?p=31116","og_site_name":"HOJAS SUELTAS","article_published_time":"2026-08-31T22:00:05+00:00","article_modified_time":"2026-09-01T15:35:29+00:00","og_image":[{"width":915,"height":610,"url":"https:\/\/hojassueltas.es\/wp-content\/uploads\/2026\/09\/301-II-Encuenetros_HS-915x610.png","type":"image\/png"}],"author":"Lola Callej\u00f3n Aci\u00e9n","twitter_card":"summary_large_image","twitter_creator":"@HOJASSUELTAS22","twitter_site":"@HOJASSUELTAS22","twitter_misc":{"Escrito por":"Lola Callej\u00f3n Aci\u00e9n","Tiempo de lectura":"3 minutos"},"schema":{"@context":"https:\/\/schema.org","@graph":[{"@type":["Article","BlogPosting"],"@id":"https:\/\/hojassueltas.es\/?p=31116#article","isPartOf":{"@id":"https:\/\/hojassueltas.es\/?p=31116"},"author":{"name":"Lola Callej\u00f3n Aci\u00e9n","@id":"https:\/\/hojassueltas.es\/#\/schema\/person\/4be183267eaebfdeee39ba9280459766"},"headline":"II Encuentros de literatura de naturaleza y patrimonio","datePublished":"2026-08-31T22:00:05+00:00","dateModified":"2026-09-01T15:35:29+00:00","mainEntityOfPage":{"@id":"https:\/\/hojassueltas.es\/?p=31116"},"wordCount":606,"publisher":{"@id":"https:\/\/hojassueltas.es\/#organization"},"image":{"@id":"https:\/\/hojassueltas.es\/?p=31116#primaryimage"},"thumbnailUrl":"https:\/\/hojassueltas.es\/wp-content\/uploads\/2026\/09\/301-II-Encuenetros_HS.png","keywords":["II encuentros de liteeratura y naturaleza","Lola Callej\u00f3n"],"articleSection":["301_Agenda cultural"],"inLanguage":"es"},{"@type":"WebPage","@id":"https:\/\/hojassueltas.es\/?p=31116","url":"https:\/\/hojassueltas.es\/?p=31116","name":"II Encuentros de literatura de naturaleza y patrimonio | 301_Agenda cultural | HOJAS SUELTAS","isPartOf":{"@id":"https:\/\/hojassueltas.es\/#website"},"primaryImageOfPage":{"@id":"https:\/\/hojassueltas.es\/?p=31116#primaryimage"},"image":{"@id":"https:\/\/hojassueltas.es\/?p=31116#primaryimage"},"thumbnailUrl":"https:\/\/hojassueltas.es\/wp-content\/uploads\/2026\/09\/301-II-Encuenetros_HS.png","datePublished":"2026-08-31T22:00:05+00:00","dateModified":"2026-09-01T15:35:29+00:00","description":"AGENDA CULTURAL Organizados por la Asociaci\u00f3n Altabaca, el Club de LecturaLetra de Naturaleza, la artista visual Carmen Sigler y la escritoraLola Callej\u00f3n, LETRA DE NATURALEZA, II ENCUENTROS DELITERATURA DE NATURALEZA Y PATRIMONIO","breadcrumb":{"@id":"https:\/\/hojassueltas.es\/?p=31116#breadcrumb"},"inLanguage":"es","potentialAction":[{"@type":"ReadAction","target":["https:\/\/hojassueltas.es\/?p=31116"]}]},{"@type":"ImageObject","inLanguage":"es","@id":"https:\/\/hojassueltas.es\/?p=31116#primaryimage","url":"https:\/\/hojassueltas.es\/wp-content\/uploads\/2026\/09\/301-II-Encuenetros_HS.png","contentUrl":"https:\/\/hojassueltas.es\/wp-content\/uploads\/2026\/09\/301-II-Encuenetros_HS.png","width":1536,"height":1024},{"@type":"BreadcrumbList","@id":"https:\/\/hojassueltas.es\/?p=31116#breadcrumb","itemListElement":[{"@type":"ListItem","position":1,"name":"Portada","item":"https:\/\/hojassueltas.es\/"},{"@type":"ListItem","position":2,"name":"II Encuentros de literatura de naturaleza y patrimonio"}]},{"@type":"WebSite","@id":"https:\/\/hojassueltas.es\/#website","url":"https:\/\/hojassueltas.es\/","name":"HojasSueltas.es","description":"Peri\u00f3dico Cultural","publisher":{"@id":"https:\/\/hojassueltas.es\/#organization"},"alternateName":"H.S. Periodico Cultural","potentialAction":[{"@type":"SearchAction","target":{"@type":"EntryPoint","urlTemplate":"https:\/\/hojassueltas.es\/?s={search_term_string}"},"query-input":{"@type":"PropertyValueSpecification","valueRequired":true,"valueName":"search_term_string"}}],"inLanguage":"es"},{"@type":"Organization","@id":"https:\/\/hojassueltas.es\/#organization","name":"HOJAS SUELTAS - Peri\u00f3dico Cultural","alternateName":"HS - HOJAS SUELTAS Peri\u00f3dico Cultural","url":"https:\/\/hojassueltas.es\/","logo":{"@type":"ImageObject","inLanguage":"es","@id":"https:\/\/hojassueltas.es\/#\/schema\/logo\/image\/","url":"https:\/\/hojassueltas.es\/wp-content\/uploads\/2025\/08\/Icono-HS_2.png","contentUrl":"https:\/\/hojassueltas.es\/wp-content\/uploads\/2025\/08\/Icono-HS_2.png","width":500,"height":500,"caption":"HOJAS SUELTAS - Peri\u00f3dico Cultural"},"image":{"@id":"https:\/\/hojassueltas.es\/#\/schema\/logo\/image\/"},"sameAs":["https:\/\/x.com\/HOJASSUELTAS22"]},{"@type":"Person","@id":"https:\/\/hojassueltas.es\/#\/schema\/person\/4be183267eaebfdeee39ba9280459766","name":"Lola Callej\u00f3n Aci\u00e9n","image":{"@type":"ImageObject","inLanguage":"es","@id":"https:\/\/hojassueltas.es\/wp-content\/uploads\/2023\/10\/Lola-callejon_web-96x96.jpg","url":"https:\/\/hojassueltas.es\/wp-content\/uploads\/2023\/10\/Lola-callejon_web-96x96.jpg","contentUrl":"https:\/\/hojassueltas.es\/wp-content\/uploads\/2023\/10\/Lola-callejon_web-96x96.jpg","caption":"Lola Callej\u00f3n Aci\u00e9n"},"description":"Es licenciada en Ciencias Biol\u00f3gicas. M\u00e1ster en Educaci\u00f3n Ambiental y Desarrollo Sostenible y Especialista Universitaria en Educaci\u00f3n Ambiental y Globalizaci\u00f3n: Educar para un Desarrollo Sostenible Global y Local. Actualmente es profesora en Granada, en centro p\u00fablico de la Junta de Andaluc\u00eda. Especialidad: Interpretaci\u00f3n y Educaci\u00f3n Ambiental. Ha publicado numerosos poemarios, as\u00ed como diversos libros y trabajos de investigaci\u00f3n medioambientales. Ha participado en diferentes encuentros y recitales po\u00e9ticos, entre los que destacamos: Quej\u00edo. Grito de mujer. C\u00f3rdoba. D\u00eda Mundial de la Poes\u00eda. Granada Ciudad de Literatura Unesco. Amanecer en la Alcazaba. Almer\u00eda. Voces del Extremo. Moguer (Huelva).","sameAs":["https:\/\/www.lolacallejonacien.es\/"],"url":"https:\/\/hojassueltas.es\/?author=56"}]}},"_links":{"self":[{"href":"https:\/\/hojassueltas.es\/index.php?rest_route=\/wp\/v2\/posts\/31116","targetHints":{"allow":["GET"]}}],"collection":[{"href":"https:\/\/hojassueltas.es\/index.php?rest_route=\/wp\/v2\/posts"}],"about":[{"href":"https:\/\/hojassueltas.es\/index.php?rest_route=\/wp\/v2\/types\/post"}],"author":[{"embeddable":true,"href":"https:\/\/hojassueltas.es\/index.php?rest_route=\/wp\/v2\/users\/56"}],"replies":[{"embeddable":true,"href":"https:\/\/hojassueltas.es\/index.php?rest_route=%2Fwp%2Fv2%2Fcomments&post=31116"}],"version-history":[{"count":1,"href":"https:\/\/hojassueltas.es\/index.php?rest_route=\/wp\/v2\/posts\/31116\/revisions"}],"predecessor-version":[{"id":31120,"href":"https:\/\/hojassueltas.es\/index.php?rest_route=\/wp\/v2\/posts\/31116\/revisions\/31120"}],"wp:featuredmedia":[{"embeddable":true,"href":"https:\/\/hojassueltas.es\/index.php?rest_route=\/wp\/v2\/media\/31119"}],"wp:attachment":[{"href":"https:\/\/hojassueltas.es\/index.php?rest_route=%2Fwp%2Fv2%2Fmedia&parent=31116"}],"wp:term":[{"taxonomy":"category","embeddable":true,"href":"https:\/\/hojassueltas.es\/index.php?rest_route=%2Fwp%2Fv2%2Fcategories&post=31116"},{"taxonomy":"post_tag","embeddable":true,"href":"https:\/\/hojassueltas.es\/index.php?rest_route=%2Fwp%2Fv2%2Ftags&post=31116"}],"curies":[{"name":"wp","href":"https:\/\/api.w.org\/{rel}","templated":true}]}}