{"id":31096,"date":"2026-08-31T00:00:42","date_gmt":"2026-08-30T22:00:42","guid":{"rendered":"https:\/\/hojassueltas.es\/?p=31096"},"modified":"2026-08-31T12:45:47","modified_gmt":"2026-08-31T10:45:47","slug":"agenda-cultural-internacional-semana-31-agosto-a-6-septiembre-2026","status":"publish","type":"post","link":"https:\/\/hojassueltas.es\/?p=31096","title":{"rendered":"Agenda cultural internacional. Semana 31 agosto a 6 septiembre 2026"},"content":{"rendered":"<p style=\"text-align: justify;\" align=\"justify\"><span style=\"font-family: Georgia Pro, serif;\"><span style=\"font-size: large;\">El comienzo de septiembre desplaza el centro de gravedad cultural hacia los festivales de oto\u00f1o. La 83\u00aa Mostra de Venecia abre la temporada cinematogr\u00e1fica internacional; Quer\u00e9taro, Ciudad del Cabo, Mosc\u00fa y Oporto re\u00fanen a editores, autores y lectores; y varias citas musicales y esc\u00e9nicas plantean modelos de cooperaci\u00f3n, circulaci\u00f3n territorial y acceso gratuito.<\/span><\/span><\/p>\n<p style=\"text-align: justify;\" align=\"justify\"><span style=\"font-family: Georgia Pro, serif;\"><span style=\"font-size: large;\">Espa\u00f1a destaca por la gira de la Orquesta del Festival de Bayreuth, la extensi\u00f3n rural del Festival MUTE de teatro gestual y la clausura de diversas exposiciones estivales. En pol\u00edtica cultural sobresalen la apertura de una convocatoria europea para la movilidad de las artes esc\u00e9nicas, la discusi\u00f3n sobre el patrimonio resistente al cambio clim\u00e1tico y la necesidad de proteger la libertad editorial.<\/span><\/span><\/p>\n<p style=\"text-align: justify;\" align=\"justify\"><span style=\"font-family: Georgia Pro, serif;\"><span style=\"font-size: large;\">La secci\u00f3n negativa resulta especialmente dura: la muerte de Yayoi Kusama, Dolly Parton y Tim Curry coincide con el cierre de una librer\u00eda independiente de Hong Kong sometida a presi\u00f3n pol\u00edtica y con la demolici\u00f3n de un controvertido conjunto cultural en Tiflis.<\/span><\/span><\/p>\n<hr \/>\n<h2 class=\"western\" align=\"justify\"><strong><span style=\"font-family: Georgia Pro, serif; color: #008000;\"><span style=\"font-size: large;\">Libros y edici\u00f3n<\/span><\/span><\/strong><\/h2>\n<p align=\"justify\"><strong><span style=\"font-family: Georgia Pro, serif;\"><span style=\"font-size: large;\">Quer\u00e9taro convierte la conversaci\u00f3n literaria en proyecto comunitario<\/span><\/span><\/strong><\/p>\n<p align=\"justify\"><span style=\"font-family: Georgia Pro, serif;\"><span style=\"font-size: large;\"><em>Santiago de Quer\u00e9taro, M\u00e9xico<\/em> <\/span><\/span><\/p>\n<p align=\"justify\"><span style=\"font-family: Georgia Pro, serif;\"><span style=\"font-size: large;\">La und\u00e9cima edici\u00f3n del Hay Festival Quer\u00e9taro se celebra del 4 al 6 de septiembre con m\u00e1s de cien participantes y una programaci\u00f3n que combina literatura, periodismo, ciencia, pensamiento y cultura digital. Entre los invitados figuran Kiran Desai, Mar\u00eda Due\u00f1as y Emiliano Monge. Las actividades se extienden a universidades y a los municipios de Col\u00f3n y Huimilpan, con entradas de precio reducido y numerosos actos gratuitos.<\/span><\/span><\/p>\n<p align=\"justify\"><strong><span style=\"font-family: Georgia Pro, serif;\"><span style=\"font-size: large;\">Open Book devuelve a Ciudad del Cabo los debates de la literatura africana<\/span><\/span><\/strong><\/p>\n<p align=\"justify\"><span style=\"font-family: Georgia Pro, serif;\"><span style=\"font-size: large;\"><em>Ciudad del Cabo, Sud\u00e1frica<\/em> <\/span><\/span><\/p>\n<p align=\"justify\"><span style=\"font-family: Georgia Pro, serif;\"><span style=\"font-size: large;\">Open Book Festival desarrolla del 4 al 6 de septiembre una programaci\u00f3n centrada en autores africanos, edici\u00f3n independiente, traducci\u00f3n, memoria, desigualdad y libertad de expresi\u00f3n. La cita se ha consolidado como uno de los espacios literarios m\u00e1s atentos a las voces del continente y a su relaci\u00f3n con las di\u00e1sporas.<\/span><\/span><\/p>\n<p align=\"justify\"><strong><span style=\"font-family: Georgia Pro, serif;\"><span style=\"font-size: large;\">Oporto clausura una feria del libro concebida como acontecimiento ciudadano<\/span><\/span><\/strong><\/p>\n<p align=\"justify\"><span style=\"font-family: Georgia Pro, serif;\"><span style=\"font-size: large;\"><em>Oporto, Portugal<\/em> <\/span><\/span><\/p>\n<p align=\"justify\"><span style=\"font-family: Georgia Pro, serif;\"><span style=\"font-size: large;\">La Feria del Libro de Oporto concluye el 6 de septiembre en los jardines del Palacio de Cristal. Su programa supera las doscientas actividades e integra presentaciones, conversaciones, talleres, cine y diecisiete conciertos gratuitos. La edici\u00f3n rinde homenaje a la poeta portuguesa In\u00eas Louren\u00e7o.<\/span><\/span><\/p>\n<p align=\"justify\"><strong><span style=\"font-family: Georgia Pro, serif;\"><span style=\"font-size: large;\">Palencia combina feria del libro, artesan\u00eda y cultura callejera<\/span><\/span><\/strong><\/p>\n<p align=\"justify\"><span style=\"font-family: Georgia Pro, serif;\"><span style=\"font-size: large;\"><em>Palencia, Espa\u00f1a<\/em> <\/span><\/span><\/p>\n<p align=\"justify\"><span style=\"font-family: Georgia Pro, serif;\"><span style=\"font-size: large;\">La programaci\u00f3n de San Antol\u00edn incorpora desde el 31 de agosto una feria de artesan\u00eda y del libro, junto con la Muestra de Artistas de Calle y un festival internacional de folclore. La convivencia entre comercio librero, fiesta popular y espect\u00e1culos permite que los libros salgan del recinto especializado y ocupen el centro urbano.<\/span><\/span><\/p>\n<hr \/>\n<h2 class=\"western\" align=\"justify\"><span style=\"font-family: Georgia Pro, serif; color: #008000;\"><span style=\"font-size: large;\">Artes pl\u00e1sticas, museos y patrimonio<\/span><\/span><\/h2>\n<p align=\"justify\"><strong><span style=\"font-family: Georgia Pro, serif;\"><span style=\"font-size: large;\">Par\u00eds despide la exposici\u00f3n dedicada al taller y la memoria de Delacroix<\/span><\/span><\/strong><\/p>\n<p align=\"justify\"><span style=\"font-family: Georgia Pro, serif;\"><span style=\"font-size: large;\"><em>Par\u00eds, Francia<\/em> <\/span><\/span><\/p>\n<p align=\"justify\"><span style=\"font-family: Georgia Pro, serif;\"><span style=\"font-size: large;\">El Museo Nacional Eug\u00e8ne-Delacroix clausura el 6 de septiembre una exposici\u00f3n concebida alrededor de la relaci\u00f3n entre el artista, su lugar de trabajo y la posterior transformaci\u00f3n del estudio en museo. La muestra invita a considerar c\u00f3mo la conservaci\u00f3n de un espacio creativo condiciona la interpretaci\u00f3n de la obra.<\/span><\/span><\/p>\n<p align=\"justify\"><strong><span style=\"font-family: Georgia Pro, serif;\"><span style=\"font-size: large;\">El Museo Picasso de Par\u00eds cierra la muestra de Henry Taylor<\/span><\/span><\/strong><\/p>\n<p align=\"justify\"><span style=\"font-family: georgia, palatino, serif; font-size: 20px;\"><em>Par\u00eds, Francia<\/em><\/span><\/p>\n<p align=\"justify\"><span style=\"font-family: Georgia Pro, serif;\"><span style=\"font-size: large;\">La exposici\u00f3n dedicada al artista estadounidense Henry Taylor podr\u00e1 visitarse hasta el 6 de septiembre. Sus retratos y escenas sociales convierten la pintura figurativa en una forma de archivo de la vida afroamericana, la desigualdad, la amistad y la experiencia urbana.<\/span><\/span><\/p>\n<p align=\"justify\"><strong><span style=\"font-family: Georgia Pro, serif;\"><span style=\"font-size: large;\">Madrid clausura una exposici\u00f3n inmersiva construida con aire<\/span><\/span><\/strong><\/p>\n<p align=\"justify\"><span style=\"font-family: Georgia Pro, serif;\"><span style=\"font-size: large;\"><em>Madrid, Espa\u00f1a<\/em> <\/span><\/span><\/p>\n<p align=\"justify\"><em><span style=\"font-family: Georgia Pro, serif;\"><span style=\"font-size: large;\">Eupho\u044fia. Art is in the Air<\/span><\/span><\/em><span style=\"font-family: Georgia Pro, serif;\"><span style=\"font-size: large;\"> finaliza el 6 de septiembre en el escenario de Puerta del \u00c1ngel. La propuesta utiliza estructuras hinchables y ambientes envolventes para convertir el aire en materia art\u00edstica, dentro de una tendencia internacional que aproxima exposici\u00f3n, instalaci\u00f3n y entretenimiento.<\/span><\/span><\/p>\n<p align=\"justify\"><strong><span style=\"font-family: Georgia Pro, serif;\"><span style=\"font-size: large;\">La pintura espa\u00f1ola viaja a Texas a trav\u00e9s de los museos madrile\u00f1os<\/span><\/span><\/strong><\/p>\n<p align=\"justify\"><em><span style=\"font-family: Georgia Pro, serif;\"><span style=\"font-size: large;\">San Antonio, Estados Unidos<\/span><\/span><\/em><\/p>\n<p align=\"justify\"><span style=\"font-family: Georgia Pro, serif;\"><span style=\"font-size: large;\">El Museo de Arte de San Antonio mantiene abierta una exposici\u00f3n con m\u00e1s de cuarenta obras procedentes, en su mayor\u00eda, de instituciones de Madrid. El recorrido abarca cerca de cinco siglos, desde finales del XV hasta los inicios del XX, y presenta al p\u00fablico estadounidense piezas raramente expuestas fuera de Espa\u00f1a.<\/span><\/span><\/p>\n<p align=\"justify\"><strong><span style=\"font-family: Georgia Pro, serif;\"><span style=\"font-size: large;\">La Bienal de Venecia entra en una semana marcada por la relaci\u00f3n entre arte y geopol\u00edtica<\/span><\/span><\/strong><\/p>\n<p align=\"justify\"><span style=\"font-family: Georgia Pro, serif;\"><span style=\"font-size: large;\"><em>Venecia, Italia<\/em> <\/span><\/span><\/p>\n<p align=\"justify\"><span style=\"font-family: Georgia Pro, serif;\"><span style=\"font-size: large;\">La Exposici\u00f3n Internacional de Arte contin\u00faa abierta mientras la llegada de la Mostra de Cine multiplica la atenci\u00f3n sobre Venecia. La participaci\u00f3n rusa y la amenaza de retirada de fondos europeos mantienen abierto el debate sobre autonom\u00eda art\u00edstica, sanciones, propaganda y responsabilidad institucional.<\/span><\/span><\/p>\n<hr \/>\n<h2 class=\"western\" align=\"justify\"><span style=\"font-family: Georgia Pro, serif; color: #008000;\"><span style=\"font-size: large;\">M\u00fasica y artes esc\u00e9nicas<\/span><\/span><\/h2>\n<p align=\"justify\"><strong><span style=\"font-family: Georgia Pro, serif;\"><span style=\"font-size: large;\">La Orquesta del Festival de Bayreuth concluye su gira espa\u00f1ola<\/span><\/span><\/strong><\/p>\n<p align=\"justify\"><span style=\"font-family: Georgia Pro, serif;\"><span style=\"font-size: large;\">La formaci\u00f3n vinculada al festival wagneriano desarrolla hasta el 6 de septiembre una gira por Espa\u00f1a. La salida de la orquesta de su sede hist\u00f3rica ofrece una oportunidad excepcional para observar c\u00f3mo una instituci\u00f3n fuertemente identificada con un teatro, una ac\u00fastica y una tradici\u00f3n se adapta a otros escenarios.<\/span><\/span><\/p>\n<p align=\"justify\"><strong><span style=\"font-family: Georgia Pro, serif;\"><span style=\"font-size: large;\">MUTE lleva el teatro gestual a once municipios de La Rioja<\/span><\/span><\/strong><\/p>\n<p align=\"justify\"><span style=\"font-family: Georgia Pro, serif;\"><span style=\"font-size: large;\"><em>Logro\u00f1o y once municipios de La Rioja, Espa\u00f1a<\/em> <\/span><\/span><\/p>\n<p align=\"justify\"><span style=\"font-family: Georgia Pro, serif;\"><span style=\"font-size: large;\">La tercera edici\u00f3n del Festival MUTE concluye el 6 de septiembre despu\u00e9s de combinar funciones en Logro\u00f1o con una extensi\u00f3n rural gratuita. Circo, clown, t\u00edteres, danza y creaci\u00f3n visual reivindican el gesto y el silencio como lenguajes capaces de atravesar edades e idiomas.<\/span><\/span><\/p>\n<p align=\"justify\"><strong><span style=\"font-family: Georgia Pro, serif;\"><span style=\"font-size: large;\">Varna celebra cien a\u00f1os de festival con una reflexi\u00f3n sobre la cooperaci\u00f3n europea<\/span><\/span><\/strong><\/p>\n<p align=\"justify\"><span style=\"font-family: Georgia Pro, serif;\"><span style=\"font-size: large;\"><em>Varna, Bulgaria<\/em> <\/span><\/span><\/p>\n<p align=\"justify\"><span style=\"font-family: Georgia Pro, serif;\"><span style=\"font-size: large;\">Del 4 al 6 de septiembre, el Festival Internacional de M\u00fasica Varna Summer acoge el Foro Denis de Rougemont. Responsables de festivales europeos abordar\u00e1n colaboraci\u00f3n, coproducci\u00f3n, movilidad art\u00edstica y construcci\u00f3n de redes internacionales en el centenario de la ciudad b\u00falgara.<\/span><\/span><\/p>\n<p align=\"justify\"><strong><span style=\"font-family: Georgia Pro, serif;\"><span style=\"font-size: large;\">Musikfest Berlin abre septiembre con una programaci\u00f3n orquestal internacional<\/span><\/span><\/strong><\/p>\n<p align=\"justify\"><span style=\"font-family: Georgia Pro, serif;\"><span style=\"font-size: large;\"><em>Berl\u00edn, Alemania<\/em> <\/span><\/span><\/p>\n<p align=\"justify\"><span style=\"font-family: Georgia Pro, serif;\"><span style=\"font-size: large;\">El festival berlin\u00e9s contin\u00faa durante la semana con orquestas, conjuntos especializados y programas que relacionan el repertorio hist\u00f3rico con la creaci\u00f3n contempor\u00e1nea. Su modelo funciona tambi\u00e9n como apertura simb\u00f3lica de la temporada musical alemana.<\/span><\/span><\/p>\n<hr \/>\n<h2 class=\"western\" align=\"justify\"><span style=\"font-family: Georgia Pro, serif; color: #008000;\"><span style=\"font-size: large;\">Cine, audiovisual y cultura digital<\/span><\/span><\/h2>\n<p align=\"justify\"><strong><span style=\"font-family: Georgia Pro, serif;\"><span style=\"font-size: large;\">Venecia abre la 83.\u00aa Mostra Internacional de Cine<\/span><\/span><\/strong><\/p>\n<p align=\"justify\"><span style=\"font-family: Georgia Pro, serif;\"><span style=\"font-size: large;\"><em>Venecia, Italia<\/em> <\/span><\/span><\/p>\n<p align=\"justify\"><span style=\"font-family: Georgia Pro, serif;\"><span style=\"font-size: large;\">El festival comienza el 2 de septiembre y se prolongar\u00e1 hasta el d\u00eda 12. La selecci\u00f3n re\u00fane grandes producciones, cinematograf\u00edas de autor, restauraciones y trabajos experimentales. Venecia vuelve a funcionar como plataforma de lanzamiento para la temporada internacional de premios y como punto de encuentro entre creaci\u00f3n e industria.<\/span><\/span><\/p>\n<h3 class=\"western\" align=\"justify\"><strong><span style=\"font-family: Georgia Pro, serif;\"><span style=\"font-size: large;\">Toronto abre al p\u00fablico la venta de entradas de su pr\u00f3xima edici\u00f3n<\/span><\/span><\/strong><\/h3>\n<p align=\"justify\"><span style=\"font-family: Georgia Pro, serif;\"><span style=\"font-size: large;\"><em>Toronto, Canad\u00e1<\/em> <\/span><\/span><\/p>\n<p align=\"justify\"><span style=\"font-family: Georgia Pro, serif;\"><span style=\"font-size: large;\">El 31 de agosto comienza la venta general de entradas para el Festival Internacional de Cine de Toronto, que se celebrar\u00e1 del 10 al 20 de septiembre. Aunque las proyecciones quedan fuera de esta semana, la apertura de taquilla determina el acceso del p\u00fablico a uno de los grandes festivales internacionales.<\/span><\/span><\/p>\n<p align=\"justify\"><strong><span style=\"font-family: Georgia Pro, serif;\"><span style=\"font-size: large;\">Tur\u00edn cierra la convocatoria internacional de su 44.\u00ba festival<\/span><\/span><\/strong><\/p>\n<p align=\"justify\"><span style=\"font-family: Georgia Pro, serif;\"><span style=\"font-size: large;\"><em>Tur\u00edn, Italia<\/em> <\/span><\/span><\/p>\n<p align=\"justify\"><span style=\"font-family: Georgia Pro, serif;\"><span style=\"font-size: large;\">El 6 de septiembre finaliza el plazo para presentar pel\u00edculas al Festival de Cine de Tur\u00edn. La convocatoria constituye una noticia industrial relevante para productores y cineastas independientes, especialmente para obras que buscan una primera plataforma europea.<\/span><\/span><\/p>\n<p align=\"justify\"><strong><span style=\"font-family: Georgia Pro, serif;\"><span style=\"font-size: large;\">Perform Europe abre una nueva convocatoria para la circulaci\u00f3n esc\u00e9nica<\/span><\/span><\/strong><\/p>\n<p align=\"justify\"><span style=\"font-family: Georgia Pro, serif;\"><span style=\"font-size: large;\"><em>Uni\u00f3n Europea<\/em> <\/span><\/span><\/p>\n<p align=\"justify\"><span style=\"font-family: Georgia Pro, serif;\"><span style=\"font-size: large;\">El 1 de septiembre se abre una convocatoria destinada a impulsar proyectos de artes esc\u00e9nicas basados en colaboraci\u00f3n internacional, participaci\u00f3n y modelos de gira m\u00e1s sostenibles. La iniciativa busca corregir las dificultades de movilidad de las compa\u00f1\u00edas peque\u00f1as y favorecer relaciones duraderas entre productores y territorios.<\/span><\/span><\/p>\n<p align=\"justify\"><strong><span style=\"font-family: Georgia Pro, serif;\"><span style=\"font-size: large;\">Las ayudas europeas sit\u00faan el patrimonio y las industrias culturales dentro de la investigaci\u00f3n<\/span><\/span><\/strong><\/p>\n<p align=\"justify\"><span style=\"font-family: Georgia Pro, serif;\"><span style=\"font-size: large;\">Permanece abierta hasta el 23 de septiembre la convocatoria de Horizonte Europa dedicada al patrimonio cultural y las industrias creativas. Financia investigaci\u00f3n sobre innovaci\u00f3n sostenible, pertenencia europea, conservaci\u00f3n y relaci\u00f3n entre cultura, ciudadan\u00eda y sectores econ\u00f3micos.<\/span><\/span><\/p>\n<p align=\"justify\">Funtes diversas<\/p>\n<p align=\"justify\"><strong>VALENTIN CASTRO<\/strong><\/p>\n","protected":false},"excerpt":{"rendered":"<p>El comienzo de septiembre desplaza el centro de gravedad cultural hacia los festivales de oto\u00f1o. La 83\u00aa Mostra de Venecia abre la temporada cinematogr\u00e1fica internacional; Quer\u00e9taro, Ciudad del Cabo, Mosc\u00fa y Oporto re\u00fanen a editores, autores y lectores; y varias citas musicales y esc\u00e9nicas plantean modelos de cooperaci\u00f3n, circulaci\u00f3n territorial y acceso gratuito. Espa\u00f1a destaca [&hellip;]<\/p>\n","protected":false},"author":62,"featured_media":30829,"comment_status":"closed","ping_status":"closed","sticky":false,"template":"","format":"standard","meta":{"footnotes":""},"categories":[3550],"tags":[4002,4006,3997,3996,3993,4004,4003,4000,3991,3994,3995,4001,3999,3992,3998,4005],"class_list":["post-31096","post","type-post","status-publish","format-standard","has-post-thumbnail","category-agenda-cultural","tag-83-a-mostra-internacional-de-cine-de-venecia","tag-ayudas-europeas-a-industrias-culturales","tag-bienal-de-venecia","tag-euphoia","tag-feria-del-libro-de-palencia","tag-festival-de-cine-de-turin","tag-festival-internacional-de-cine-de-toronto","tag-festival-internacional-de-musica-varna-summer","tag-hay-festival-queretaro","tag-museo-nacional-eugene-delacroix","tag-museo-picasso-de-paris","tag-musikfest-berlin","tag-mute","tag-open-book-festival","tag-orquesta-del-festival-de-bayreuth","tag-perform-europe"],"yoast_head":"<!-- This site is optimized with the Yoast SEO plugin v28.4 - https:\/\/yoast.com\/product\/yoast-seo-wordpress\/ -->\n<title>Agenda cultural internacional. Semana 31 agosto a 6 septiembre 2026 | HOJAS SUELTAS<\/title>\n<meta name=\"description\" content=\"PANORAMA CULTURAL Actividades y eeventos del 31 agosto al 6 de setiembre\" \/>\n<meta name=\"robots\" content=\"index, follow, max-snippet:-1, max-image-preview:large, max-video-preview:-1\" \/>\n<link rel=\"canonical\" href=\"https:\/\/hojassueltas.es\/?p=31096\" \/>\n<meta property=\"og:locale\" content=\"es_ES\" \/>\n<meta property=\"og:type\" content=\"article\" \/>\n<meta property=\"og:title\" content=\"Agenda cultural internacional. Semana 31 agosto a 6 septiembre 2026 | HOJAS SUELTAS\" \/>\n<meta property=\"og:description\" content=\"PANORAMA CULTURAL Actividades y eeventos del 31 agosto al 6 de setiembre\" \/>\n<meta property=\"og:url\" content=\"https:\/\/hojassueltas.es\/?p=31096\" \/>\n<meta property=\"og:site_name\" content=\"HOJAS SUELTAS\" \/>\n<meta property=\"article:published_time\" content=\"2026-08-30T22:00:42+00:00\" \/>\n<meta property=\"article:modified_time\" content=\"2026-08-31T10:45:47+00:00\" \/>\n<meta property=\"og:image\" content=\"https:\/\/hojassueltas.es\/wp-content\/uploads\/2026\/08\/PANORAMA-CUTURAL_H.S.png\" \/>\n\t<meta property=\"og:image:width\" content=\"1250\" \/>\n\t<meta property=\"og:image:height\" content=\"833\" \/>\n\t<meta property=\"og:image:type\" content=\"image\/png\" \/>\n<meta name=\"author\" content=\"Valent\u00edn Castro\" \/>\n<meta name=\"twitter:card\" content=\"summary_large_image\" \/>\n<meta name=\"twitter:creator\" content=\"@HOJASSUELTAS22\" \/>\n<meta name=\"twitter:site\" content=\"@HOJASSUELTAS22\" \/>\n<meta name=\"twitter:label1\" content=\"Escrito por\" \/>\n\t<meta name=\"twitter:data1\" content=\"Valent\u00edn Castro\" \/>\n\t<meta name=\"twitter:label2\" content=\"Tiempo de lectura\" \/>\n\t<meta name=\"twitter:data2\" content=\"6 minutos\" \/>\n<script type=\"application\/ld+json\" class=\"yoast-schema-graph\">{\"@context\":\"https:\\\/\\\/schema.org\",\"@graph\":[{\"@type\":[\"Article\",\"BlogPosting\"],\"@id\":\"https:\\\/\\\/hojassueltas.es\\\/?p=31096#article\",\"isPartOf\":{\"@id\":\"https:\\\/\\\/hojassueltas.es\\\/?p=31096\"},\"author\":{\"name\":\"Valent\u00edn Castro\",\"@id\":\"https:\\\/\\\/hojassueltas.es\\\/#\\\/schema\\\/person\\\/69b100dc9b45a00e61d055b63d4278e9\"},\"headline\":\"Agenda cultural internacional. Semana 31 agosto a 6 septiembre 2026\",\"datePublished\":\"2026-08-30T22:00:42+00:00\",\"dateModified\":\"2026-08-31T10:45:47+00:00\",\"mainEntityOfPage\":{\"@id\":\"https:\\\/\\\/hojassueltas.es\\\/?p=31096\"},\"wordCount\":1377,\"publisher\":{\"@id\":\"https:\\\/\\\/hojassueltas.es\\\/#organization\"},\"image\":{\"@id\":\"https:\\\/\\\/hojassueltas.es\\\/?p=31096#primaryimage\"},\"thumbnailUrl\":\"https:\\\/\\\/hojassueltas.es\\\/wp-content\\\/uploads\\\/2026\\\/08\\\/PANORAMA-CUTURAL_H.S.png\",\"keywords\":[\"83.\u00aa Mostra Internacional de Cine de Venecia\",\"ayudas europeas a industrias culturales\",\"Bienal de Venecia\",\"Eupho\u044fia.\",\"Feria del libro de Palencia\",\"Festival de Cine de Tur\u00edn.\",\"Festival Internacional de Cine de Toronto\",\"Festival Internacional de M\u00fasica Varna Summer\",\"Hay Festival Quer\u00e9taro\",\"Museo Nacional Eug\u00e8ne-Delacroix\",\"Museo Picasso de Par\u00eds\",\"Musikfest Berlin\",\"MUTE\",\"Open Book Festival\",\"Orquesta del Festival de Bayreuth\",\"Perform Europe\"],\"articleSection\":[\"301_Agenda cultural\"],\"inLanguage\":\"es\"},{\"@type\":\"WebPage\",\"@id\":\"https:\\\/\\\/hojassueltas.es\\\/?p=31096\",\"url\":\"https:\\\/\\\/hojassueltas.es\\\/?p=31096\",\"name\":\"Agenda cultural internacional. Semana 31 agosto a 6 septiembre 2026 | HOJAS SUELTAS\",\"isPartOf\":{\"@id\":\"https:\\\/\\\/hojassueltas.es\\\/#website\"},\"primaryImageOfPage\":{\"@id\":\"https:\\\/\\\/hojassueltas.es\\\/?p=31096#primaryimage\"},\"image\":{\"@id\":\"https:\\\/\\\/hojassueltas.es\\\/?p=31096#primaryimage\"},\"thumbnailUrl\":\"https:\\\/\\\/hojassueltas.es\\\/wp-content\\\/uploads\\\/2026\\\/08\\\/PANORAMA-CUTURAL_H.S.png\",\"datePublished\":\"2026-08-30T22:00:42+00:00\",\"dateModified\":\"2026-08-31T10:45:47+00:00\",\"description\":\"PANORAMA CULTURAL Actividades y eeventos del 31 agosto al 6 de setiembre\",\"breadcrumb\":{\"@id\":\"https:\\\/\\\/hojassueltas.es\\\/?p=31096#breadcrumb\"},\"inLanguage\":\"es\",\"potentialAction\":[{\"@type\":\"ReadAction\",\"target\":[\"https:\\\/\\\/hojassueltas.es\\\/?p=31096\"]}]},{\"@type\":\"ImageObject\",\"inLanguage\":\"es\",\"@id\":\"https:\\\/\\\/hojassueltas.es\\\/?p=31096#primaryimage\",\"url\":\"https:\\\/\\\/hojassueltas.es\\\/wp-content\\\/uploads\\\/2026\\\/08\\\/PANORAMA-CUTURAL_H.S.png\",\"contentUrl\":\"https:\\\/\\\/hojassueltas.es\\\/wp-content\\\/uploads\\\/2026\\\/08\\\/PANORAMA-CUTURAL_H.S.png\",\"width\":1250,\"height\":833},{\"@type\":\"BreadcrumbList\",\"@id\":\"https:\\\/\\\/hojassueltas.es\\\/?p=31096#breadcrumb\",\"itemListElement\":[{\"@type\":\"ListItem\",\"position\":1,\"name\":\"Portada\",\"item\":\"https:\\\/\\\/hojassueltas.es\\\/\"},{\"@type\":\"ListItem\",\"position\":2,\"name\":\"Agenda cultural internacional. Semana 31 agosto a 6 septiembre 2026\"}]},{\"@type\":\"WebSite\",\"@id\":\"https:\\\/\\\/hojassueltas.es\\\/#website\",\"url\":\"https:\\\/\\\/hojassueltas.es\\\/\",\"name\":\"HojasSueltas.es\",\"description\":\"Peri\u00f3dico Cultural\",\"publisher\":{\"@id\":\"https:\\\/\\\/hojassueltas.es\\\/#organization\"},\"alternateName\":\"H.S. Periodico Cultural\",\"potentialAction\":[{\"@type\":\"SearchAction\",\"target\":{\"@type\":\"EntryPoint\",\"urlTemplate\":\"https:\\\/\\\/hojassueltas.es\\\/?s={search_term_string}\"},\"query-input\":{\"@type\":\"PropertyValueSpecification\",\"valueRequired\":true,\"valueName\":\"search_term_string\"}}],\"inLanguage\":\"es\"},{\"@type\":\"Organization\",\"@id\":\"https:\\\/\\\/hojassueltas.es\\\/#organization\",\"name\":\"HOJAS SUELTAS - Peri\u00f3dico Cultural\",\"alternateName\":\"HS - HOJAS SUELTAS Peri\u00f3dico Cultural\",\"url\":\"https:\\\/\\\/hojassueltas.es\\\/\",\"logo\":{\"@type\":\"ImageObject\",\"inLanguage\":\"es\",\"@id\":\"https:\\\/\\\/hojassueltas.es\\\/#\\\/schema\\\/logo\\\/image\\\/\",\"url\":\"https:\\\/\\\/hojassueltas.es\\\/wp-content\\\/uploads\\\/2025\\\/08\\\/Icono-HS_2.png\",\"contentUrl\":\"https:\\\/\\\/hojassueltas.es\\\/wp-content\\\/uploads\\\/2025\\\/08\\\/Icono-HS_2.png\",\"width\":500,\"height\":500,\"caption\":\"HOJAS SUELTAS - Peri\u00f3dico Cultural\"},\"image\":{\"@id\":\"https:\\\/\\\/hojassueltas.es\\\/#\\\/schema\\\/logo\\\/image\\\/\"},\"sameAs\":[\"https:\\\/\\\/x.com\\\/HOJASSUELTAS22\"]},{\"@type\":\"Person\",\"@id\":\"https:\\\/\\\/hojassueltas.es\\\/#\\\/schema\\\/person\\\/69b100dc9b45a00e61d055b63d4278e9\",\"name\":\"Valent\u00edn Castro\",\"image\":{\"@type\":\"ImageObject\",\"inLanguage\":\"es\",\"@id\":\"https:\\\/\\\/hojassueltas.es\\\/wp-content\\\/uploads\\\/2025\\\/11\\\/Valentin-Castro-2025-96x96.png\",\"url\":\"https:\\\/\\\/hojassueltas.es\\\/wp-content\\\/uploads\\\/2025\\\/11\\\/Valentin-Castro-2025-96x96.png\",\"contentUrl\":\"https:\\\/\\\/hojassueltas.es\\\/wp-content\\\/uploads\\\/2025\\\/11\\\/Valentin-Castro-2025-96x96.png\",\"caption\":\"Valent\u00edn Castro\"},\"description\":\"Naci\u00f3 en una aldea de A Coru\u00f1a. Emigra con sus padres a M\u00e9jico. Licenciado en Comunicaci\u00f3n y Periodismo por la Universidad Nacional Aut\u00f3noma de M\u00e9xico. Licenciado en Geograf\u00eda e Historia por la Universidad Complutense de Madrid. Vive en Madrid, publica art\u00edculos y ensayos en diversos medios de comunicaci\u00f3n mejicanos y espa\u00f1oles bajo varios seud\u00f3nimos. Actualmente prepara una saga con personajes nacidos durante la ocupaci\u00f3n de M\u00e9xico por Hern\u00e1n Cort\u00e9s. Sus art\u00edculos y ensayos son efectistas, en ocasiones c\u00e1ustico, y muy cr\u00edtico. ES Redactor Jefe de Hojas Sueltas, dedicando su tiempo libre a escribir art\u00edculos con especial dedicaci\u00f3n a la literatura y la historia.\",\"url\":\"https:\\\/\\\/hojassueltas.es\\\/?author=62\"}]}<\/script>\n<!-- \/ Yoast SEO plugin. -->","yoast_head_json":{"title":"Agenda cultural internacional. Semana 31 agosto a 6 septiembre 2026 | HOJAS SUELTAS","description":"PANORAMA CULTURAL Actividades y eeventos del 31 agosto al 6 de setiembre","robots":{"index":"index","follow":"follow","max-snippet":"max-snippet:-1","max-image-preview":"max-image-preview:large","max-video-preview":"max-video-preview:-1"},"canonical":"https:\/\/hojassueltas.es\/?p=31096","og_locale":"es_ES","og_type":"article","og_title":"Agenda cultural internacional. Semana 31 agosto a 6 septiembre 2026 | HOJAS SUELTAS","og_description":"PANORAMA CULTURAL Actividades y eeventos del 31 agosto al 6 de setiembre","og_url":"https:\/\/hojassueltas.es\/?p=31096","og_site_name":"HOJAS SUELTAS","article_published_time":"2026-08-30T22:00:42+00:00","article_modified_time":"2026-08-31T10:45:47+00:00","og_image":[{"width":1250,"height":833,"url":"https:\/\/hojassueltas.es\/wp-content\/uploads\/2026\/08\/PANORAMA-CUTURAL_H.S.png","type":"image\/png"}],"author":"Valent\u00edn Castro","twitter_card":"summary_large_image","twitter_creator":"@HOJASSUELTAS22","twitter_site":"@HOJASSUELTAS22","twitter_misc":{"Escrito por":"Valent\u00edn Castro","Tiempo de lectura":"6 minutos"},"schema":{"@context":"https:\/\/schema.org","@graph":[{"@type":["Article","BlogPosting"],"@id":"https:\/\/hojassueltas.es\/?p=31096#article","isPartOf":{"@id":"https:\/\/hojassueltas.es\/?p=31096"},"author":{"name":"Valent\u00edn Castro","@id":"https:\/\/hojassueltas.es\/#\/schema\/person\/69b100dc9b45a00e61d055b63d4278e9"},"headline":"Agenda cultural internacional. Semana 31 agosto a 6 septiembre 2026","datePublished":"2026-08-30T22:00:42+00:00","dateModified":"2026-08-31T10:45:47+00:00","mainEntityOfPage":{"@id":"https:\/\/hojassueltas.es\/?p=31096"},"wordCount":1377,"publisher":{"@id":"https:\/\/hojassueltas.es\/#organization"},"image":{"@id":"https:\/\/hojassueltas.es\/?p=31096#primaryimage"},"thumbnailUrl":"https:\/\/hojassueltas.es\/wp-content\/uploads\/2026\/08\/PANORAMA-CUTURAL_H.S.png","keywords":["83.\u00aa Mostra Internacional de Cine de Venecia","ayudas europeas a industrias culturales","Bienal de Venecia","Eupho\u044fia.","Feria del libro de Palencia","Festival de Cine de Tur\u00edn.","Festival Internacional de Cine de Toronto","Festival Internacional de M\u00fasica Varna Summer","Hay Festival Quer\u00e9taro","Museo Nacional Eug\u00e8ne-Delacroix","Museo Picasso de Par\u00eds","Musikfest Berlin","MUTE","Open Book Festival","Orquesta del Festival de Bayreuth","Perform Europe"],"articleSection":["301_Agenda cultural"],"inLanguage":"es"},{"@type":"WebPage","@id":"https:\/\/hojassueltas.es\/?p=31096","url":"https:\/\/hojassueltas.es\/?p=31096","name":"Agenda cultural internacional. Semana 31 agosto a 6 septiembre 2026 | HOJAS SUELTAS","isPartOf":{"@id":"https:\/\/hojassueltas.es\/#website"},"primaryImageOfPage":{"@id":"https:\/\/hojassueltas.es\/?p=31096#primaryimage"},"image":{"@id":"https:\/\/hojassueltas.es\/?p=31096#primaryimage"},"thumbnailUrl":"https:\/\/hojassueltas.es\/wp-content\/uploads\/2026\/08\/PANORAMA-CUTURAL_H.S.png","datePublished":"2026-08-30T22:00:42+00:00","dateModified":"2026-08-31T10:45:47+00:00","description":"PANORAMA CULTURAL Actividades y eeventos del 31 agosto al 6 de setiembre","breadcrumb":{"@id":"https:\/\/hojassueltas.es\/?p=31096#breadcrumb"},"inLanguage":"es","potentialAction":[{"@type":"ReadAction","target":["https:\/\/hojassueltas.es\/?p=31096"]}]},{"@type":"ImageObject","inLanguage":"es","@id":"https:\/\/hojassueltas.es\/?p=31096#primaryimage","url":"https:\/\/hojassueltas.es\/wp-content\/uploads\/2026\/08\/PANORAMA-CUTURAL_H.S.png","contentUrl":"https:\/\/hojassueltas.es\/wp-content\/uploads\/2026\/08\/PANORAMA-CUTURAL_H.S.png","width":1250,"height":833},{"@type":"BreadcrumbList","@id":"https:\/\/hojassueltas.es\/?p=31096#breadcrumb","itemListElement":[{"@type":"ListItem","position":1,"name":"Portada","item":"https:\/\/hojassueltas.es\/"},{"@type":"ListItem","position":2,"name":"Agenda cultural internacional. Semana 31 agosto a 6 septiembre 2026"}]},{"@type":"WebSite","@id":"https:\/\/hojassueltas.es\/#website","url":"https:\/\/hojassueltas.es\/","name":"HojasSueltas.es","description":"Peri\u00f3dico Cultural","publisher":{"@id":"https:\/\/hojassueltas.es\/#organization"},"alternateName":"H.S. Periodico Cultural","potentialAction":[{"@type":"SearchAction","target":{"@type":"EntryPoint","urlTemplate":"https:\/\/hojassueltas.es\/?s={search_term_string}"},"query-input":{"@type":"PropertyValueSpecification","valueRequired":true,"valueName":"search_term_string"}}],"inLanguage":"es"},{"@type":"Organization","@id":"https:\/\/hojassueltas.es\/#organization","name":"HOJAS SUELTAS - Peri\u00f3dico Cultural","alternateName":"HS - HOJAS SUELTAS Peri\u00f3dico Cultural","url":"https:\/\/hojassueltas.es\/","logo":{"@type":"ImageObject","inLanguage":"es","@id":"https:\/\/hojassueltas.es\/#\/schema\/logo\/image\/","url":"https:\/\/hojassueltas.es\/wp-content\/uploads\/2025\/08\/Icono-HS_2.png","contentUrl":"https:\/\/hojassueltas.es\/wp-content\/uploads\/2025\/08\/Icono-HS_2.png","width":500,"height":500,"caption":"HOJAS SUELTAS - Peri\u00f3dico Cultural"},"image":{"@id":"https:\/\/hojassueltas.es\/#\/schema\/logo\/image\/"},"sameAs":["https:\/\/x.com\/HOJASSUELTAS22"]},{"@type":"Person","@id":"https:\/\/hojassueltas.es\/#\/schema\/person\/69b100dc9b45a00e61d055b63d4278e9","name":"Valent\u00edn Castro","image":{"@type":"ImageObject","inLanguage":"es","@id":"https:\/\/hojassueltas.es\/wp-content\/uploads\/2025\/11\/Valentin-Castro-2025-96x96.png","url":"https:\/\/hojassueltas.es\/wp-content\/uploads\/2025\/11\/Valentin-Castro-2025-96x96.png","contentUrl":"https:\/\/hojassueltas.es\/wp-content\/uploads\/2025\/11\/Valentin-Castro-2025-96x96.png","caption":"Valent\u00edn Castro"},"description":"Naci\u00f3 en una aldea de A Coru\u00f1a. Emigra con sus padres a M\u00e9jico. Licenciado en Comunicaci\u00f3n y Periodismo por la Universidad Nacional Aut\u00f3noma de M\u00e9xico. Licenciado en Geograf\u00eda e Historia por la Universidad Complutense de Madrid. Vive en Madrid, publica art\u00edculos y ensayos en diversos medios de comunicaci\u00f3n mejicanos y espa\u00f1oles bajo varios seud\u00f3nimos. Actualmente prepara una saga con personajes nacidos durante la ocupaci\u00f3n de M\u00e9xico por Hern\u00e1n Cort\u00e9s. Sus art\u00edculos y ensayos son efectistas, en ocasiones c\u00e1ustico, y muy cr\u00edtico. ES Redactor Jefe de Hojas Sueltas, dedicando su tiempo libre a escribir art\u00edculos con especial dedicaci\u00f3n a la literatura y la historia.","url":"https:\/\/hojassueltas.es\/?author=62"}]}},"_links":{"self":[{"href":"https:\/\/hojassueltas.es\/index.php?rest_route=\/wp\/v2\/posts\/31096","targetHints":{"allow":["GET"]}}],"collection":[{"href":"https:\/\/hojassueltas.es\/index.php?rest_route=\/wp\/v2\/posts"}],"about":[{"href":"https:\/\/hojassueltas.es\/index.php?rest_route=\/wp\/v2\/types\/post"}],"author":[{"embeddable":true,"href":"https:\/\/hojassueltas.es\/index.php?rest_route=\/wp\/v2\/users\/62"}],"replies":[{"embeddable":true,"href":"https:\/\/hojassueltas.es\/index.php?rest_route=%2Fwp%2Fv2%2Fcomments&post=31096"}],"version-history":[{"count":3,"href":"https:\/\/hojassueltas.es\/index.php?rest_route=\/wp\/v2\/posts\/31096\/revisions"}],"predecessor-version":[{"id":31099,"href":"https:\/\/hojassueltas.es\/index.php?rest_route=\/wp\/v2\/posts\/31096\/revisions\/31099"}],"wp:featuredmedia":[{"embeddable":true,"href":"https:\/\/hojassueltas.es\/index.php?rest_route=\/wp\/v2\/media\/30829"}],"wp:attachment":[{"href":"https:\/\/hojassueltas.es\/index.php?rest_route=%2Fwp%2Fv2%2Fmedia&parent=31096"}],"wp:term":[{"taxonomy":"category","embeddable":true,"href":"https:\/\/hojassueltas.es\/index.php?rest_route=%2Fwp%2Fv2%2Fcategories&post=31096"},{"taxonomy":"post_tag","embeddable":true,"href":"https:\/\/hojassueltas.es\/index.php?rest_route=%2Fwp%2Fv2%2Ftags&post=31096"}],"curies":[{"name":"wp","href":"https:\/\/api.w.org\/{rel}","templated":true}]}}