{"id":31047,"date":"2026-08-26T00:00:22","date_gmt":"2026-08-25T22:00:22","guid":{"rendered":"https:\/\/hojassueltas.es\/?p=31047"},"modified":"2026-08-26T16:24:08","modified_gmt":"2026-08-26T14:24:08","slug":"muere-a-los-83-anos-peter-nadas-una-de-las-grandes-voces-de-la-literatura-europea-contemporanea","status":"publish","type":"post","link":"https:\/\/hojassueltas.es\/?p=31047","title":{"rendered":"Muere a los 83 a\u00f1os P\u00e9ter N\u00e1das, una de las grandes voces de la literatura europea contempor\u00e1nea"},"content":{"rendered":"<h2>El escritor h\u00fangaro, cuyo nombre aparec\u00eda regularmente en las quinielas del Nobel de Literatura, falleci\u00f3 este 26 de agosto en su domicilio de Gombosszeg. Su obra convirti\u00f3 la memoria, el cuerpo y la historia centroeuropea en materia de una narrativa exigente y profundamente personal.<\/h2>\n<p style=\"text-align: justify;\"><span style=\"font-family: georgia, palatino, serif; font-size: 20px;\">El escritor, dramaturgo, ensayista y fot\u00f3grafo h\u00fangaro <strong>P\u00e9ter N\u00e1das<\/strong> ha fallecido este mi\u00e9rcoles, 26 de agosto de 2026, a los 83 a\u00f1os, en su domicilio de Gombosszeg, al oeste de Hungr\u00eda. La noticia fue comunicada por su familia a trav\u00e9s de los canales oficiales del autor. (<a title=\"Nemzeti H\u00edr\u00fcgyn\u00f6ks\u00e9g - Meghalt N\u00e1das P\u00e9ter \u00edr\u00f3\" href=\"https:\/\/mti.hu\/hirek\/2026\/08\/26\/meghalt-nadas-peter-iro-0?utm_source=chatgpt.com\"><span style=\"color: #993300;\">mti.hu<\/span><\/a>)<\/span><\/p>\n<p style=\"text-align: justify;\"><span style=\"font-family: georgia, palatino, serif; font-size: 20px;\">Nacido en Budapest en 1942, N\u00e1das fue una de las figuras centrales de la narrativa europea de las \u00faltimas d\u00e9cadas. Antes de dedicarse plenamente a la literatura trabaj\u00f3 como fot\u00f3grafo y periodista, experiencias que dejaron huella en una escritura caracterizada por la precisi\u00f3n de la mirada y por una minuciosa exploraci\u00f3n de la memoria individual y colectiva.<\/span><\/p>\n<p style=\"text-align: justify;\"><span style=\"font-family: georgia, palatino, serif; font-size: 20px;\">Entre sus obras fundamentales figuran <em>El final de una saga<\/em>, <em>Libro del recuerdo<\/em> e <em>Historias paralelas<\/em>, esta \u00faltima culminada tras casi veinte a\u00f1os de trabajo. En ellas abord\u00f3 el peso de la historia europea del siglo XX, el comunismo, el fascismo, la identidad, el deseo y las relaciones humanas mediante estructuras narrativas complejas y una extraordinaria atenci\u00f3n a la conciencia y al cuerpo. (<span style=\"color: #993300;\"><a style=\"color: #993300;\" title=\"P\u00e9ter N\u00e1das, giant of contemporary Hungarian literature, dies aged 83 | Euronews\" href=\"https:\/\/www.euronews.com\/culture\/2026\/08\/26\/peter-nadas-giant-of-contemporary-hungarian-literature-dies-aged-83?utm_source=chatgpt.com\">euronews<\/a>)<\/span><\/span><\/p>\n<p style=\"text-align: justify;\"><span style=\"font-family: georgia, palatino, serif; font-size: 20px;\">Su nombre apareci\u00f3 durante a\u00f1os entre los favoritos de cr\u00edticos, editores y medios internacionales para recibir el <strong>Premio Nobel de Literatura<\/strong>. Conviene precisar, sin embargo, que las candidaturas oficiales al Nobel permanecen secretas durante cincuenta a\u00f1os: hablar de N\u00e1das como \u201ccandidato\u201d responde, por tanto, a su presencia recurrente en las quinielas literarias y no a una confirmaci\u00f3n p\u00fablica de la Academia Sueca. <span style=\"color: #993300;\">(<a style=\"color: #993300;\" title=\"P\u00e9ter N\u00e1das, giant of contemporary Hungarian literature, dies aged 83 | Euronews\" href=\"https:\/\/www.euronews.com\/culture\/2026\/08\/26\/peter-nadas-giant-of-contemporary-hungarian-literature-dies-aged-83?utm_source=chatgpt.com\">euronews<\/a>)<\/span><\/span><\/p>\n<p style=\"text-align: justify;\"><span style=\"font-family: georgia, palatino, serif; font-size: 20px;\">En Espa\u00f1a, parte de su obra ha sido publicada por Seix Barral y, m\u00e1s recientemente, por Temporal, que recuper\u00f3 t\u00edtulos como <em>La propia muerte<\/em>, <em>Melancol\u00eda<\/em> y <em>Almanaque<\/em>. <span style=\"color: #993300;\">(<a style=\"color: #993300;\" title=\"Libro del recuerdo - Peter Nadas -5% en libros | Fnac\" href=\"https:\/\/www.fnac.es\/a833516\/Peter-Nadas-Libro-del-recuerdo?utm_source=chatgpt.com\">Fnac<\/a>)<\/span><\/span><\/p>\n<p style=\"text-align: justify;\"><span style=\"font-family: georgia, palatino, serif; font-size: 20px;\">La muerte de N\u00e1das supone la desaparici\u00f3n de uno de los escritores que con mayor ambici\u00f3n intentaron narrar la relaci\u00f3n entre intimidad e historia. Su literatura, poco complaciente y deliberadamente exigente, queda como una de las grandes indagaciones europeas sobre c\u00f3mo los acontecimientos pol\u00edticos terminan inscritos en la memoria, en la familia y en el propio cuerpo.<\/span><\/p>\n<p><strong>PUNTO Y SEGUIDO. Andr\u00e9s L\u00f3pez<\/strong><\/p>\n","protected":false},"excerpt":{"rendered":"<p>El escritor h\u00fangaro, cuyo nombre aparec\u00eda regularmente en las quinielas del Nobel de Literatura, falleci\u00f3 este 26 de agosto en su domicilio de Gombosszeg. Su obra convirti\u00f3 la memoria, el cuerpo y la historia centroeuropea en materia de una narrativa exigente y profundamente personal. El escritor, dramaturgo, ensayista y fot\u00f3grafo h\u00fangaro P\u00e9ter N\u00e1das ha fallecido [&hellip;]<\/p>\n","protected":false},"author":92,"featured_media":31048,"comment_status":"closed","ping_status":"closed","sticky":false,"template":"","format":"standard","meta":{"footnotes":""},"categories":[3873],"tags":[3979],"class_list":["post-31047","post","type-post","status-publish","format-standard","has-post-thumbnail","category-305_noticias-que-no-nos-gustaria-leer","tag-peteer-nadas"],"yoast_head":"<!-- This site is optimized with the Yoast SEO plugin v28.4 - https:\/\/yoast.com\/product\/yoast-seo-wordpress\/ -->\n<title>Muere a los 83 a\u00f1os P\u00e9ter N\u00e1das, una de las grandes voces de la literatura europea contempor\u00e1nea | 305_Noticias que no nos gustar\u00eda leer | HOJAS SUELTAS<\/title>\n<meta name=\"description\" content=\"OBITUARIO: Muere a los 83 a\u00f1os P\u00e9ter N\u00e1das, Escritor h\u00fangaro\" \/>\n<meta name=\"robots\" content=\"index, follow, max-snippet:-1, max-image-preview:large, max-video-preview:-1\" \/>\n<link rel=\"canonical\" href=\"https:\/\/hojassueltas.es\/?p=31047\" \/>\n<meta property=\"og:locale\" content=\"es_ES\" \/>\n<meta property=\"og:type\" content=\"article\" \/>\n<meta property=\"og:title\" content=\"Muere a los 83 a\u00f1os P\u00e9ter N\u00e1das, una de las grandes voces de la literatura europea contempor\u00e1nea | 305_Noticias que no nos gustar\u00eda leer | HOJAS SUELTAS\" \/>\n<meta property=\"og:description\" content=\"OBITUARIO: Muere a los 83 a\u00f1os P\u00e9ter N\u00e1das, Escritor h\u00fangaro\" \/>\n<meta property=\"og:url\" content=\"https:\/\/hojassueltas.es\/?p=31047\" \/>\n<meta property=\"og:site_name\" content=\"HOJAS SUELTAS\" \/>\n<meta property=\"article:published_time\" content=\"2026-08-25T22:00:22+00:00\" \/>\n<meta property=\"article:modified_time\" content=\"2026-08-26T14:24:08+00:00\" \/>\n<meta property=\"og:image\" content=\"https:\/\/hojassueltas.es\/wp-content\/uploads\/2026\/08\/305_peter-Nadas_HS.png\" \/>\n\t<meta property=\"og:image:width\" content=\"1920\" \/>\n\t<meta property=\"og:image:height\" content=\"1280\" \/>\n\t<meta property=\"og:image:type\" content=\"image\/png\" \/>\n<meta name=\"author\" content=\"Punto y Seguido - Andr\u00e9s L\u00f3pez\" \/>\n<meta name=\"twitter:card\" content=\"summary_large_image\" \/>\n<meta name=\"twitter:creator\" content=\"@HOJASSUELTAS22\" \/>\n<meta name=\"twitter:site\" content=\"@HOJASSUELTAS22\" \/>\n<meta name=\"twitter:label1\" content=\"Escrito por\" \/>\n\t<meta name=\"twitter:data1\" content=\"Punto y Seguido - Andr\u00e9s L\u00f3pez\" \/>\n\t<meta name=\"twitter:label2\" content=\"Tiempo de lectura\" \/>\n\t<meta name=\"twitter:data2\" content=\"2 minutos\" \/>\n<script type=\"application\/ld+json\" class=\"yoast-schema-graph\">{\"@context\":\"https:\\\/\\\/schema.org\",\"@graph\":[{\"@type\":[\"Article\",\"BlogPosting\"],\"@id\":\"https:\\\/\\\/hojassueltas.es\\\/?p=31047#article\",\"isPartOf\":{\"@id\":\"https:\\\/\\\/hojassueltas.es\\\/?p=31047\"},\"author\":{\"name\":\"Punto y Seguido - Andr\u00e9s L\u00f3pez\",\"@id\":\"https:\\\/\\\/hojassueltas.es\\\/#\\\/schema\\\/person\\\/ac1996cc775b56daf7c72c58f4cb880a\"},\"headline\":\"Muere a los 83 a\u00f1os P\u00e9ter N\u00e1das, una de las grandes voces de la literatura europea contempor\u00e1nea\",\"datePublished\":\"2026-08-25T22:00:22+00:00\",\"dateModified\":\"2026-08-26T14:24:08+00:00\",\"mainEntityOfPage\":{\"@id\":\"https:\\\/\\\/hojassueltas.es\\\/?p=31047\"},\"wordCount\":416,\"publisher\":{\"@id\":\"https:\\\/\\\/hojassueltas.es\\\/#organization\"},\"image\":{\"@id\":\"https:\\\/\\\/hojassueltas.es\\\/?p=31047#primaryimage\"},\"thumbnailUrl\":\"https:\\\/\\\/hojassueltas.es\\\/wp-content\\\/uploads\\\/2026\\\/08\\\/305_peter-Nadas_HS.png\",\"keywords\":[\"Peteer Nadas\"],\"articleSection\":[\"305_Noticias que no nos gustar\u00eda leer\"],\"inLanguage\":\"es\"},{\"@type\":\"WebPage\",\"@id\":\"https:\\\/\\\/hojassueltas.es\\\/?p=31047\",\"url\":\"https:\\\/\\\/hojassueltas.es\\\/?p=31047\",\"name\":\"Muere a los 83 a\u00f1os P\u00e9ter N\u00e1das, una de las grandes voces de la literatura europea contempor\u00e1nea | 305_Noticias que no nos gustar\u00eda leer | HOJAS SUELTAS\",\"isPartOf\":{\"@id\":\"https:\\\/\\\/hojassueltas.es\\\/#website\"},\"primaryImageOfPage\":{\"@id\":\"https:\\\/\\\/hojassueltas.es\\\/?p=31047#primaryimage\"},\"image\":{\"@id\":\"https:\\\/\\\/hojassueltas.es\\\/?p=31047#primaryimage\"},\"thumbnailUrl\":\"https:\\\/\\\/hojassueltas.es\\\/wp-content\\\/uploads\\\/2026\\\/08\\\/305_peter-Nadas_HS.png\",\"datePublished\":\"2026-08-25T22:00:22+00:00\",\"dateModified\":\"2026-08-26T14:24:08+00:00\",\"description\":\"OBITUARIO: Muere a los 83 a\u00f1os P\u00e9ter N\u00e1das, Escritor h\u00fangaro\",\"breadcrumb\":{\"@id\":\"https:\\\/\\\/hojassueltas.es\\\/?p=31047#breadcrumb\"},\"inLanguage\":\"es\",\"potentialAction\":[{\"@type\":\"ReadAction\",\"target\":[\"https:\\\/\\\/hojassueltas.es\\\/?p=31047\"]}]},{\"@type\":\"ImageObject\",\"inLanguage\":\"es\",\"@id\":\"https:\\\/\\\/hojassueltas.es\\\/?p=31047#primaryimage\",\"url\":\"https:\\\/\\\/hojassueltas.es\\\/wp-content\\\/uploads\\\/2026\\\/08\\\/305_peter-Nadas_HS.png\",\"contentUrl\":\"https:\\\/\\\/hojassueltas.es\\\/wp-content\\\/uploads\\\/2026\\\/08\\\/305_peter-Nadas_HS.png\",\"width\":1920,\"height\":1280},{\"@type\":\"BreadcrumbList\",\"@id\":\"https:\\\/\\\/hojassueltas.es\\\/?p=31047#breadcrumb\",\"itemListElement\":[{\"@type\":\"ListItem\",\"position\":1,\"name\":\"Portada\",\"item\":\"https:\\\/\\\/hojassueltas.es\\\/\"},{\"@type\":\"ListItem\",\"position\":2,\"name\":\"Muere a los 83 a\u00f1os P\u00e9ter N\u00e1das, una de las grandes voces de la literatura europea contempor\u00e1nea\"}]},{\"@type\":\"WebSite\",\"@id\":\"https:\\\/\\\/hojassueltas.es\\\/#website\",\"url\":\"https:\\\/\\\/hojassueltas.es\\\/\",\"name\":\"HojasSueltas.es\",\"description\":\"Peri\u00f3dico Cultural\",\"publisher\":{\"@id\":\"https:\\\/\\\/hojassueltas.es\\\/#organization\"},\"alternateName\":\"H.S. Periodico Cultural\",\"potentialAction\":[{\"@type\":\"SearchAction\",\"target\":{\"@type\":\"EntryPoint\",\"urlTemplate\":\"https:\\\/\\\/hojassueltas.es\\\/?s={search_term_string}\"},\"query-input\":{\"@type\":\"PropertyValueSpecification\",\"valueRequired\":true,\"valueName\":\"search_term_string\"}}],\"inLanguage\":\"es\"},{\"@type\":\"Organization\",\"@id\":\"https:\\\/\\\/hojassueltas.es\\\/#organization\",\"name\":\"HOJAS SUELTAS - Peri\u00f3dico Cultural\",\"alternateName\":\"HS - HOJAS SUELTAS Peri\u00f3dico Cultural\",\"url\":\"https:\\\/\\\/hojassueltas.es\\\/\",\"logo\":{\"@type\":\"ImageObject\",\"inLanguage\":\"es\",\"@id\":\"https:\\\/\\\/hojassueltas.es\\\/#\\\/schema\\\/logo\\\/image\\\/\",\"url\":\"https:\\\/\\\/hojassueltas.es\\\/wp-content\\\/uploads\\\/2025\\\/08\\\/Icono-HS_2.png\",\"contentUrl\":\"https:\\\/\\\/hojassueltas.es\\\/wp-content\\\/uploads\\\/2025\\\/08\\\/Icono-HS_2.png\",\"width\":500,\"height\":500,\"caption\":\"HOJAS SUELTAS - Peri\u00f3dico Cultural\"},\"image\":{\"@id\":\"https:\\\/\\\/hojassueltas.es\\\/#\\\/schema\\\/logo\\\/image\\\/\"},\"sameAs\":[\"https:\\\/\\\/x.com\\\/HOJASSUELTAS22\"]},{\"@type\":\"Person\",\"@id\":\"https:\\\/\\\/hojassueltas.es\\\/#\\\/schema\\\/person\\\/ac1996cc775b56daf7c72c58f4cb880a\",\"name\":\"Punto y Seguido - Andr\u00e9s L\u00f3pez\",\"image\":{\"@type\":\"ImageObject\",\"inLanguage\":\"es\",\"@id\":\"https:\\\/\\\/hojassueltas.es\\\/wp-content\\\/uploads\\\/2026\\\/02\\\/Hombre-jugando-con-su-perro-96x96.png\",\"url\":\"https:\\\/\\\/hojassueltas.es\\\/wp-content\\\/uploads\\\/2026\\\/02\\\/Hombre-jugando-con-su-perro-96x96.png\",\"contentUrl\":\"https:\\\/\\\/hojassueltas.es\\\/wp-content\\\/uploads\\\/2026\\\/02\\\/Hombre-jugando-con-su-perro-96x96.png\",\"caption\":\"Punto y Seguido - Andr\u00e9s L\u00f3pez\"},\"description\":\"Andr\u00e9s L\u00f3pez Carrascosa, 63 a\u00f1os. Madrile\u00f1o. Periodista investigador. Especializado en historia contempor\u00e1nea. Suele dar conferencias a grupos de lectura. Actualmente vive alejado de la gran ciudad en una poblaci\u00f3n cercana a Madrid capital. Su tiempo libre lo dedica a la lectura, aunque sigue investigando libremente. Es seguidor de Nieves Concostrina a quien escucha con deleite sus cr\u00f3nicas en una cadena de radio. Forma parte del equipo redactor Punto y Seguido en Hojas Sueltas\",\"url\":\"https:\\\/\\\/hojassueltas.es\\\/?author=92\"}]}<\/script>\n<!-- \/ Yoast SEO plugin. -->","yoast_head_json":{"title":"Muere a los 83 a\u00f1os P\u00e9ter N\u00e1das, una de las grandes voces de la literatura europea contempor\u00e1nea | 305_Noticias que no nos gustar\u00eda leer | HOJAS SUELTAS","description":"OBITUARIO: Muere a los 83 a\u00f1os P\u00e9ter N\u00e1das, Escritor h\u00fangaro","robots":{"index":"index","follow":"follow","max-snippet":"max-snippet:-1","max-image-preview":"max-image-preview:large","max-video-preview":"max-video-preview:-1"},"canonical":"https:\/\/hojassueltas.es\/?p=31047","og_locale":"es_ES","og_type":"article","og_title":"Muere a los 83 a\u00f1os P\u00e9ter N\u00e1das, una de las grandes voces de la literatura europea contempor\u00e1nea | 305_Noticias que no nos gustar\u00eda leer | HOJAS SUELTAS","og_description":"OBITUARIO: Muere a los 83 a\u00f1os P\u00e9ter N\u00e1das, Escritor h\u00fangaro","og_url":"https:\/\/hojassueltas.es\/?p=31047","og_site_name":"HOJAS SUELTAS","article_published_time":"2026-08-25T22:00:22+00:00","article_modified_time":"2026-08-26T14:24:08+00:00","og_image":[{"width":1920,"height":1280,"url":"https:\/\/hojassueltas.es\/wp-content\/uploads\/2026\/08\/305_peter-Nadas_HS.png","type":"image\/png"}],"author":"Punto y Seguido - Andr\u00e9s L\u00f3pez","twitter_card":"summary_large_image","twitter_creator":"@HOJASSUELTAS22","twitter_site":"@HOJASSUELTAS22","twitter_misc":{"Escrito por":"Punto y Seguido - Andr\u00e9s L\u00f3pez","Tiempo de lectura":"2 minutos"},"schema":{"@context":"https:\/\/schema.org","@graph":[{"@type":["Article","BlogPosting"],"@id":"https:\/\/hojassueltas.es\/?p=31047#article","isPartOf":{"@id":"https:\/\/hojassueltas.es\/?p=31047"},"author":{"name":"Punto y Seguido - Andr\u00e9s L\u00f3pez","@id":"https:\/\/hojassueltas.es\/#\/schema\/person\/ac1996cc775b56daf7c72c58f4cb880a"},"headline":"Muere a los 83 a\u00f1os P\u00e9ter N\u00e1das, una de las grandes voces de la literatura europea contempor\u00e1nea","datePublished":"2026-08-25T22:00:22+00:00","dateModified":"2026-08-26T14:24:08+00:00","mainEntityOfPage":{"@id":"https:\/\/hojassueltas.es\/?p=31047"},"wordCount":416,"publisher":{"@id":"https:\/\/hojassueltas.es\/#organization"},"image":{"@id":"https:\/\/hojassueltas.es\/?p=31047#primaryimage"},"thumbnailUrl":"https:\/\/hojassueltas.es\/wp-content\/uploads\/2026\/08\/305_peter-Nadas_HS.png","keywords":["Peteer Nadas"],"articleSection":["305_Noticias que no nos gustar\u00eda leer"],"inLanguage":"es"},{"@type":"WebPage","@id":"https:\/\/hojassueltas.es\/?p=31047","url":"https:\/\/hojassueltas.es\/?p=31047","name":"Muere a los 83 a\u00f1os P\u00e9ter N\u00e1das, una de las grandes voces de la literatura europea contempor\u00e1nea | 305_Noticias que no nos gustar\u00eda leer | HOJAS SUELTAS","isPartOf":{"@id":"https:\/\/hojassueltas.es\/#website"},"primaryImageOfPage":{"@id":"https:\/\/hojassueltas.es\/?p=31047#primaryimage"},"image":{"@id":"https:\/\/hojassueltas.es\/?p=31047#primaryimage"},"thumbnailUrl":"https:\/\/hojassueltas.es\/wp-content\/uploads\/2026\/08\/305_peter-Nadas_HS.png","datePublished":"2026-08-25T22:00:22+00:00","dateModified":"2026-08-26T14:24:08+00:00","description":"OBITUARIO: Muere a los 83 a\u00f1os P\u00e9ter N\u00e1das, Escritor h\u00fangaro","breadcrumb":{"@id":"https:\/\/hojassueltas.es\/?p=31047#breadcrumb"},"inLanguage":"es","potentialAction":[{"@type":"ReadAction","target":["https:\/\/hojassueltas.es\/?p=31047"]}]},{"@type":"ImageObject","inLanguage":"es","@id":"https:\/\/hojassueltas.es\/?p=31047#primaryimage","url":"https:\/\/hojassueltas.es\/wp-content\/uploads\/2026\/08\/305_peter-Nadas_HS.png","contentUrl":"https:\/\/hojassueltas.es\/wp-content\/uploads\/2026\/08\/305_peter-Nadas_HS.png","width":1920,"height":1280},{"@type":"BreadcrumbList","@id":"https:\/\/hojassueltas.es\/?p=31047#breadcrumb","itemListElement":[{"@type":"ListItem","position":1,"name":"Portada","item":"https:\/\/hojassueltas.es\/"},{"@type":"ListItem","position":2,"name":"Muere a los 83 a\u00f1os P\u00e9ter N\u00e1das, una de las grandes voces de la literatura europea contempor\u00e1nea"}]},{"@type":"WebSite","@id":"https:\/\/hojassueltas.es\/#website","url":"https:\/\/hojassueltas.es\/","name":"HojasSueltas.es","description":"Peri\u00f3dico Cultural","publisher":{"@id":"https:\/\/hojassueltas.es\/#organization"},"alternateName":"H.S. Periodico Cultural","potentialAction":[{"@type":"SearchAction","target":{"@type":"EntryPoint","urlTemplate":"https:\/\/hojassueltas.es\/?s={search_term_string}"},"query-input":{"@type":"PropertyValueSpecification","valueRequired":true,"valueName":"search_term_string"}}],"inLanguage":"es"},{"@type":"Organization","@id":"https:\/\/hojassueltas.es\/#organization","name":"HOJAS SUELTAS - Peri\u00f3dico Cultural","alternateName":"HS - HOJAS SUELTAS Peri\u00f3dico Cultural","url":"https:\/\/hojassueltas.es\/","logo":{"@type":"ImageObject","inLanguage":"es","@id":"https:\/\/hojassueltas.es\/#\/schema\/logo\/image\/","url":"https:\/\/hojassueltas.es\/wp-content\/uploads\/2025\/08\/Icono-HS_2.png","contentUrl":"https:\/\/hojassueltas.es\/wp-content\/uploads\/2025\/08\/Icono-HS_2.png","width":500,"height":500,"caption":"HOJAS SUELTAS - Peri\u00f3dico Cultural"},"image":{"@id":"https:\/\/hojassueltas.es\/#\/schema\/logo\/image\/"},"sameAs":["https:\/\/x.com\/HOJASSUELTAS22"]},{"@type":"Person","@id":"https:\/\/hojassueltas.es\/#\/schema\/person\/ac1996cc775b56daf7c72c58f4cb880a","name":"Punto y Seguido - Andr\u00e9s L\u00f3pez","image":{"@type":"ImageObject","inLanguage":"es","@id":"https:\/\/hojassueltas.es\/wp-content\/uploads\/2026\/02\/Hombre-jugando-con-su-perro-96x96.png","url":"https:\/\/hojassueltas.es\/wp-content\/uploads\/2026\/02\/Hombre-jugando-con-su-perro-96x96.png","contentUrl":"https:\/\/hojassueltas.es\/wp-content\/uploads\/2026\/02\/Hombre-jugando-con-su-perro-96x96.png","caption":"Punto y Seguido - Andr\u00e9s L\u00f3pez"},"description":"Andr\u00e9s L\u00f3pez Carrascosa, 63 a\u00f1os. Madrile\u00f1o. Periodista investigador. Especializado en historia contempor\u00e1nea. Suele dar conferencias a grupos de lectura. Actualmente vive alejado de la gran ciudad en una poblaci\u00f3n cercana a Madrid capital. Su tiempo libre lo dedica a la lectura, aunque sigue investigando libremente. Es seguidor de Nieves Concostrina a quien escucha con deleite sus cr\u00f3nicas en una cadena de radio. Forma parte del equipo redactor Punto y Seguido en Hojas Sueltas","url":"https:\/\/hojassueltas.es\/?author=92"}]}},"_links":{"self":[{"href":"https:\/\/hojassueltas.es\/index.php?rest_route=\/wp\/v2\/posts\/31047","targetHints":{"allow":["GET"]}}],"collection":[{"href":"https:\/\/hojassueltas.es\/index.php?rest_route=\/wp\/v2\/posts"}],"about":[{"href":"https:\/\/hojassueltas.es\/index.php?rest_route=\/wp\/v2\/types\/post"}],"author":[{"embeddable":true,"href":"https:\/\/hojassueltas.es\/index.php?rest_route=\/wp\/v2\/users\/92"}],"replies":[{"embeddable":true,"href":"https:\/\/hojassueltas.es\/index.php?rest_route=%2Fwp%2Fv2%2Fcomments&post=31047"}],"version-history":[{"count":1,"href":"https:\/\/hojassueltas.es\/index.php?rest_route=\/wp\/v2\/posts\/31047\/revisions"}],"predecessor-version":[{"id":31049,"href":"https:\/\/hojassueltas.es\/index.php?rest_route=\/wp\/v2\/posts\/31047\/revisions\/31049"}],"wp:featuredmedia":[{"embeddable":true,"href":"https:\/\/hojassueltas.es\/index.php?rest_route=\/wp\/v2\/media\/31048"}],"wp:attachment":[{"href":"https:\/\/hojassueltas.es\/index.php?rest_route=%2Fwp%2Fv2%2Fmedia&parent=31047"}],"wp:term":[{"taxonomy":"category","embeddable":true,"href":"https:\/\/hojassueltas.es\/index.php?rest_route=%2Fwp%2Fv2%2Fcategories&post=31047"},{"taxonomy":"post_tag","embeddable":true,"href":"https:\/\/hojassueltas.es\/index.php?rest_route=%2Fwp%2Fv2%2Ftags&post=31047"}],"curies":[{"name":"wp","href":"https:\/\/api.w.org\/{rel}","templated":true}]}}