{"id":31030,"date":"2026-08-25T00:00:28","date_gmt":"2026-08-24T22:00:28","guid":{"rendered":"https:\/\/hojassueltas.es\/?p=31030"},"modified":"2026-08-25T10:06:26","modified_gmt":"2026-08-25T08:06:26","slug":"avance-cultural-europeo-semana-del-24-al-30-de-agosto-de-2026","status":"publish","type":"post","link":"https:\/\/hojassueltas.es\/?p=31030","title":{"rendered":"Avance cultural europeo . Semana del 24 al 30 de agosto de 2026"},"content":{"rendered":"<p align=\"justify\"><span style=\"font-family: georgia, palatino, serif; font-size: 20px;\">La \u00faltima semana de agosto concentra varios cierres de temporada y algunas citas de gran capacidad movilizadora. En Espa\u00f1a, el Festival de M\u00e9rida concluye con <em>Las nueve musas<\/em>, Villena celebra la d\u00e9cima edici\u00f3n de HOP! y Barcelona recupera <em>La corte de Fara\u00f3n<\/em>, mientras el Festival Celestina convierte La Puebla de Montalb\u00e1n en escenario de la obra de Fernando de Rojas.<\/span><\/p>\n<p align=\"justify\"><span style=\"font-size: 20px; font-family: georgia, palatino, serif;\">En Europa destacan la clausura de los festivales de Edimburgo, el comienzo del Festival George Enescu de Bucarest, la Noche de los Museos de Berl\u00edn y Gamescom, que vuelve a situar el videojuego en la intersecci\u00f3n entre cultura, tecnolog\u00eda e industria. Las pol\u00edticas de acceso, descentralizaci\u00f3n y sostenibilidad aparecen como asuntos transversales: desde la programaci\u00f3n esc\u00e9nica rural de Navarra hasta la sustituci\u00f3n de fuegos artificiales por drones ante el riesgo de incendios.<\/span><\/p>\n<p align=\"justify\"><span style=\"font-size: 20px; font-family: georgia, palatino, serif;\">Entre los acontecimientos negativos sobresalen la disputa por el reparto de la nueva tasa tur\u00edstica de Edimburgo, la retirada de un artista de varios festivales por saturaci\u00f3n profesional y los fallecimientos de dos figuras vinculadas a la conservaci\u00f3n muse\u00edstica y la producci\u00f3n cultural televisiva.<\/span><\/p>\n<hr \/>\n<h2 class=\"western\"><span style=\"font-family: georgia, palatino, serif; font-size: 20px;\"><strong>Libros<\/strong><\/span><\/h2>\n<p align=\"justify\"><span style=\"font-family: georgia, palatino, serif; font-size: 20px;\"><strong>El Festival Internacional del Libro de Edimburgo entra en su semana final<\/strong><\/span><\/p>\n<p align=\"justify\"><span style=\"font-size: 20px; font-family: georgia, palatino, serif;\">Edimburgo. Reino Unido<\/span><\/p>\n<p align=\"justify\"><span style=\"font-family: georgia, palatino, serif; font-size: 20px;\">El festival afronta sus \u00faltimas siete jornadas con una programaci\u00f3n integrada en una edici\u00f3n de diecis\u00e9is d\u00edas, unos 600 actos y escritores procedentes de 41 pa\u00edses. Su lema, <em>Changing Your Mind<\/em>, propone examinar c\u00f3mo los libros, la informaci\u00f3n y el debate p\u00fablico pueden modificar opiniones en sociedades crecientemente polarizadas. Entre las sesiones previstas figura la conversaci\u00f3n del 25 de agosto con John Grisham sobre su trayectoria y la relaci\u00f3n entre literatura popular, derecho e industria editorial.<\/span><\/p>\n<p align=\"justify\"><span style=\"font-family: georgia, palatino, serif; font-size: 20px;\"><strong>Malta dedica una semana al di\u00e1logo entre literaturas mediterr\u00e1neas<\/strong><\/span><\/p>\n<p align=\"justify\"><span style=\"font-size: 20px; font-family: georgia, palatino, serif;\">La Valeta, Malta <\/span><\/p>\n<p align=\"justify\"><span style=\"font-size: 20px; font-family: georgia, palatino, serif;\">El Malta Mediterranean Literature Festival se desarrolla del 24 al 30 de agosto con lecturas, conversaciones, traducciones, talleres y encuentros entre escritores de distintas orillas del Mediterr\u00e1neo. La cita se distingue por evitar una concepci\u00f3n meramente nacional de la literatura y por prestar atenci\u00f3n a las lenguas minoritarias, la migraci\u00f3n y las relaciones culturales entre Europa, el norte de \u00c1frica y Oriente Pr\u00f3ximo.<\/span><\/p>\n<p align=\"justify\"><span style=\"font-family: georgia, palatino, serif; font-size: 20px;\"><strong>La Puebla de Montalb\u00e1n convierte <em>La Celestina<\/em> en patrimonio vivo<\/strong><\/span><\/p>\n<p align=\"justify\"><span style=\"font-size: 20px; font-family: georgia, palatino, serif;\">El Festival Celestina \u2014 La Espa\u00f1a de Rojas contin\u00faa hasta el 30 de agosto con representaciones teatrales, visitas, recreaciones, actividades literarias y propuestas desarrolladas en calles, plazas, cuevas y edificios hist\u00f3ricos. El proyecto vincula la obra atribuida a Fernando de Rojas con el lugar de nacimiento del autor y con el paisaje social y cultural en el que se gest\u00f3.<\/span><\/p>\n<p align=\"justify\"><span style=\"font-size: 20px; font-family: georgia, palatino, serif;\">La Puebla de Montalb\u00e1n, (Toledo)\u00a0 Espa\u00f1a<\/span><\/p>\n<h2 class=\"PDq2pG_selectionAnchorContainer\" style=\"text-align: justify;\" data-section-id=\"1l3tbn1\" data-start=\"0\" data-end=\"46\"><span style=\"font-family: georgia, palatino, serif; font-size: 20px;\"><strong>Reaparece la primera novela de \u00c9ric Rohmer<\/strong><\/span><\/h2>\n<p><span style=\"font-family: georgia, palatino, serif; font-size: 20px;\">Par\u00eds &#8211; Francia\u00a0<\/span><\/p>\n<p style=\"text-align: justify;\" data-start=\"48\" data-end=\"560\"><span style=\"font-family: georgia, palatino, serif; font-size: 20px;\">Casi ocho d\u00e9cadas despu\u00e9s de su publicaci\u00f3n original, vuelve a las librer\u00edas <em data-start=\"125\" data-end=\"136\">\u00c9lisabeth<\/em>, la primera y pr\u00e1cticamente desconocida novela de \u00c9ric Rohmer. El futuro director de <em data-start=\"222\" data-end=\"241\">Mi noche con Maud<\/em>, <em data-start=\"243\" data-end=\"264\">La rodilla de Clara<\/em> y <em data-start=\"267\" data-end=\"288\">Pauline en la playa<\/em> la escribi\u00f3 durante la Segunda Guerra Mundial, antes de incorporarse plenamente a la cr\u00edtica y la creaci\u00f3n cinematogr\u00e1ficas. La public\u00f3 en 1946 bajo el seud\u00f3nimo de Gilbert Cordier; todav\u00eda firmaba con su nombre verdadero, Maurice Sch\u00e9rer, algunos de sus primeros textos.<\/span><\/p>\n<p style=\"text-align: justify;\" data-start=\"562\" data-end=\"1124\"><span style=\"font-family: georgia, palatino, serif; font-size: 20px;\">La novela pas\u00f3 casi inadvertida y permaneci\u00f3 fuera de circulaci\u00f3n durante d\u00e9cadas. Su recuperaci\u00f3n en lengua inglesa permite ahora examinar los comienzos literarios de un cineasta que conceder\u00eda una importancia decisiva a la palabra, los razonamientos sentimentales y las peque\u00f1as contradicciones del comportamiento. <em data-start=\"879\" data-end=\"890\">\u00c9lisabeth<\/em> narra las relaciones de un grupo de j\u00f3venes en la Francia anterior a la guerra y se detiene especialmente en el deseo, los celos, las vacilaciones amorosas y la distancia entre lo que los personajes sienten, dicen y finalmente hacen.<\/span><\/p>\n<p style=\"text-align: justify;\" data-start=\"1126\" data-end=\"1625\"><span style=\"font-family: georgia, palatino, serif; font-size: 20px;\">No se trata todav\u00eda del Rohmer formalmente depurado de sus grandes ciclos cinematogr\u00e1ficos. La narraci\u00f3n conserva cierta rigidez y una voluntad literaria m\u00e1s visible que la aparente espontaneidad de sus pel\u00edculas. Sin embargo, ya aparecen algunos de los elementos que definir\u00edan su obra: personajes que interpretan constantemente sus propias emociones, conversaciones capaces de alterar una relaci\u00f3n y dilemas morales cuya importancia reside menos en su desenlace que en el proceso de justificaci\u00f3n.<\/span><\/p>\n<p style=\"text-align: justify;\" data-start=\"1627\" data-end=\"1907\"><span style=\"font-family: georgia, palatino, serif; font-size: 20px;\">La reedici\u00f3n posee, por ello, un inter\u00e9s superior al de la simple curiosidad bibliogr\u00e1fica. Permite observar c\u00f3mo un universo cinematogr\u00e1fico comienza a formarse dentro de una novela y c\u00f3mo Rohmer traslad\u00f3 posteriormente al cine una concepci\u00f3n profundamente literaria del di\u00e1logo.<\/span><\/p>\n<p style=\"text-align: justify;\" data-start=\"1627\" data-end=\"1907\"><span style=\"font-size: 20px; font-family: georgia, palatino, serif;\">La recuperaci\u00f3n ofrece la oportunidad de estudiar las obras narrativas de los cineastas europeos y la continuidad entre literatura, conversaci\u00f3n, conducta y puesta en escena.<\/span><\/p>\n<p align=\"justify\"><span style=\"font-family: georgia, palatino, serif; font-size: 20px;\"><strong>Quemados se presenta en dos localidades c\u00e1ntabras<\/strong><\/span><\/p>\n<p align=\"justify\"><span style=\"font-size: 20px; font-family: georgia, palatino, serif;\">Santo\u00f1a y Laredo, (Cantabria) Espa\u00f1a<\/span><\/p>\n<p align=\"justify\"><span style=\"font-family: georgia, palatino, serif; font-size: 20px;\">La agenda editorial de la semana incluye dos presentaciones consecutivas de <em>Quemados<\/em>: el 24 de agosto en el Ayuntamiento de Santo\u00f1a y el d\u00eda 25 en la Casa de Cultura Doctor Velasco de Laredo. La doble convocatoria ofrece un ejemplo de circulaci\u00f3n territorial del libro fuera de las grandes capitales y del papel que desempe\u00f1an los ayuntamientos y casas de cultura en la promoci\u00f3n de autores.<\/span><\/p>\n<hr \/>\n<h2 class=\"western\" align=\"justify\"><span style=\"font-family: georgia, palatino, serif; font-size: 20px;\"><strong>Artes pl\u00e1sticas, museos y patrimonio<\/strong><\/span><\/h2>\n<p align=\"justify\"><span style=\"font-family: georgia, palatino, serif; font-size: 20px;\"><strong>Setenta y cinco museos participan en la Noche de los Museos de Berl\u00edn<\/strong><\/span><\/p>\n<p align=\"justify\"><span style=\"font-size: 20px; font-family: georgia, palatino, serif;\">Berl\u00edn, Alemania <\/span><\/p>\n<p align=\"justify\"><span style=\"font-size: 20px; font-family: georgia, palatino, serif;\">El 29 de agosto, 75 museos y centros expositivos de Berl\u00edn permanecer\u00e1n abiertos entre las seis de la tarde y las dos de la madrugada. Una \u00fanica entrada permitir\u00e1 acceder a colecciones, instalaciones, talleres, conversaciones con artistas y visitas breves. La iniciativa convierte temporalmente el conjunto de la ciudad en una red muse\u00edstica conectada.<\/span><\/p>\n<p align=\"justify\"><span style=\"font-family: georgia, palatino, serif; font-size: 20px;\"><strong>The Light inicia su primera semana completa en Durham<\/strong><\/span><\/p>\n<p align=\"justify\"><span style=\"font-size: 20px; font-family: georgia, palatino, serif;\">Durham, Reino Unido <\/span><\/p>\n<p align=\"justify\"><span style=\"font-size: 20px; font-family: georgia, palatino, serif;\">El nuevo centro The Light, resultado de la rehabilitaci\u00f3n del antiguo museo de la Infanter\u00eda Ligera de Durham, afronta su primera semana completa de funcionamiento. La reforma, valorada en 17 millones de libras, combina memoria militar y arte contempor\u00e1neo, con obras de Tracey Emin, Steve McQueen, Olafur Eliasson, Dan Flavin y F\u00e9lix Gonz\u00e1lez-Torres.<\/span><\/p>\n<p align=\"justify\"><span style=\"font-family: georgia, palatino, serif; font-size: 20px;\"><strong>Pedro Cano recorre los teatros antiguos desde M\u00e9rida<\/strong><\/span><\/p>\n<p align=\"justify\"><span style=\"font-family: georgia, palatino, serif; font-size: 20px;\">La exposici\u00f3n <em>Teatros<\/em>, abierta hasta el 31 de agosto, presenta diecis\u00e9is acuarelas de gran formato dedicadas a escenarios arqueol\u00f3gicos griegos y romanos visitados por Pedro Cano durante m\u00e1s de treinta a\u00f1os. La muestra enlaza la experiencia viajera del artista con el propio car\u00e1cter monumental del Festival de Teatro Cl\u00e1sico de M\u00e9rida<\/span><\/p>\n<p align=\"justify\"><span style=\"font-size: 20px; font-family: georgia, palatino, serif;\">M\u00e9rida, (Extremadura) Espa\u00f1a<\/span><\/p>\n<hr \/>\n<p align=\"justify\"><span style=\"font-family: georgia, palatino, serif; font-size: 20px;\"><strong>M\u00fasica\u00a0<\/strong>y artes esc\u00e9nicas<\/span><\/p>\n<p align=\"justify\"><span style=\"font-family: georgia, palatino, serif; font-size: 20px;\"><strong>Las nueve musas clausura el Festival de M\u00e9rida<\/strong><\/span><\/p>\n<p align=\"justify\"><span style=\"font-size: 20px; font-family: georgia, palatino, serif;\">M\u00e9rida, (Extremadura) Espa\u00f1a <\/span><\/p>\n<p align=\"justify\"><span style=\"font-family: georgia, palatino, serif; font-size: 20px;\">Del 26 al 30 de agosto, el Teatro Mar\u00eda Luisa acoge <em>Las nueve musas<\/em>, de X\u00e8nia Reguant, Ricard Reguant y Ferran Gonz\u00e1lez. La producci\u00f3n cierra la programaci\u00f3n de la 72.\u00aa edici\u00f3n del Festival Internacional de Teatro Cl\u00e1sico y recupera las figuras mitol\u00f3gicas asociadas a la poes\u00eda, la historia, la m\u00fasica, la danza y las artes.<\/span><\/p>\n<p align=\"justify\"><span style=\"font-family: georgia, palatino, serif; font-size: 20px;\"><strong>HOP! celebra diez a\u00f1os llevando circo y teatro a las calles de Villena<\/strong><\/span><\/p>\n<p align=\"justify\"><span style=\"font-size: 20px; font-family: georgia, palatino, serif;\">Villena, (Alicante) Espa\u00f1a <\/span><\/p>\n<p align=\"justify\"><span style=\"font-size: 20px; font-family: georgia, palatino, serif;\">El Festival HOP! desarrolla hasta el 28 de agosto su d\u00e9cima edici\u00f3n con circo contempor\u00e1neo, clown, teatro gestual, danza urbana y espect\u00e1culos itinerantes. Participan compa\u00f1\u00edas de diferentes comunidades espa\u00f1olas y de Francia, con una programaci\u00f3n gratuita distribuida entre la plaza de toros, el recinto ferial, el Parque del Mercado y las calles de la localidad.<\/span><\/p>\n<p align=\"justify\"><span style=\"font-family: georgia, palatino, serif; font-size: 20px;\"><strong>La m\u00fasica de c\u00e1mara regresa a los paisajes de los Dolomitas<\/strong><\/span><\/p>\n<p align=\"justify\"><span style=\"font-size: 20px; font-family: georgia, palatino, serif;\">Trentino y los Dolomitas, Italia <\/span><\/p>\n<p align=\"justify\"><span style=\"font-family: georgia, palatino, serif; font-size: 20px;\">El festival <em>I Suoni delle Dolomiti<\/em> comienza esta semana con conciertos programados en refugios, praderas y espacios de monta\u00f1a. Los int\u00e9rpretes y parte del p\u00fablico acceden a pie a los escenarios, lo que convierte el desplazamiento y la escucha del paisaje en elementos esenciales de la experiencia.<\/span><\/p>\n<hr \/>\n<p align=\"justify\"><span style=\"font-family: georgia, palatino, serif; font-size: 20px;\">Cine<\/span><\/p>\n<p align=\"justify\"><span style=\"font-family: georgia, palatino, serif; font-size: 20px;\"><strong>Venecia abre la venta y reserva de entradas para su 83.\u00aa edici\u00f3n<\/strong><\/span><\/p>\n<p align=\"justify\"><span style=\"font-size: 20px; font-family: georgia, palatino, serif;\">Venecia, Italia <\/span><\/p>\n<p align=\"justify\"><span style=\"font-family: georgia, palatino, serif; font-size: 20px;\">La Bienal activa el 24 de agosto nueva disponibilidad de entradas y el d\u00eda 27 las reservas en l\u00ednea para acreditados. Aunque el festival comenzar\u00e1 el 2 de septiembre, la semana ser\u00e1 decisiva para el acceso del p\u00fablico y la organizaci\u00f3n profesional. La competici\u00f3n contar\u00e1 con participaci\u00f3n espa\u00f1ola en <em>Bunker<\/em>, protagonizada por Pen\u00e9lope Cruz y Javier Bardem, y en la nueva pel\u00edcula de Nanni Moretti.<\/span><\/p>\n<hr \/>\n<p align=\"justify\"><span style=\"font-family: georgia, palatino, serif; font-size: 20px;\">Pol\u00edtica cultural<\/span><\/p>\n<p align=\"justify\"><span style=\"font-family: georgia, palatino, serif; font-size: 20px;\"><strong>Navarra concluye un programa de artes esc\u00e9nicas contra la despoblaci\u00f3n<\/strong><\/span><\/p>\n<p align=\"justify\"><span style=\"font-family: georgia, palatino, serif; font-size: 20px;\">Navarra.\u00a0 Espa\u00f1a<\/span><\/p>\n<p align=\"justify\"><span style=\"font-family: georgia, palatino, serif; font-size: 20px;\"><em>Con los pies en las nubes<\/em> finaliza el 30 de agosto despu\u00e9s de haber llevado teatro, circo, danza y magia a diecis\u00e9is enclaves navarros, entre ellos monasterios, iglesias, castillos y espacios naturales. Participan dieciocho compa\u00f1\u00edas de la comunidad y las funciones son gratuitas.<\/span><\/p>\n<p align=\"justify\"><span style=\"font-family: georgia, palatino, serif; font-size: 20px;\"><strong>Sierra de Yeguas sustituye los fuegos artificiales por drones<\/strong><\/span><\/p>\n<p align=\"justify\"><span style=\"font-family: georgia, palatino, serif; font-size: 20px;\">Sierra de Yeguas (Malada) Espa\u00f1a<\/span><\/p>\n<p align=\"justify\"><span style=\"font-size: 20px; font-family: georgia, palatino, serif;\">Las fiestas de San Bartolom\u00e9 culminan el 24 de agosto con una exhibici\u00f3n de 200 drones en lugar del habitual espect\u00e1culo pirot\u00e9cnico. El Ayuntamiento justifica la decisi\u00f3n por el riesgo de incendios y por la necesidad de reducir el impacto ac\u00fastico sobre personas sensibles y animales.<\/span><\/p>\n<p align=\"justify\"><span style=\"font-family: georgia, palatino, serif; font-size: 20px;\"><strong>Las bibliotecas reclaman reconocimiento como infraestructura europea\u00a0<\/strong><\/span><\/p>\n<p align=\"justify\"><span style=\"font-family: georgia, palatino, serif; font-size: 20px;\">Bruselas . B\u00e9lgica<\/span><\/p>\n<p align=\"justify\"><span style=\"font-size: 20px; font-family: georgia, palatino, serif;\">Un informe difundido por Creatives Unite sostiene que las bibliotecas p\u00fablicas contin\u00faan insuficientemente reconocidas en las pol\u00edticas europeas. Propone financiaci\u00f3n estable, mejores datos comparables, inversi\u00f3n en personal y edificios accesibles, y una inclusi\u00f3n expl\u00edcita en los programas Creative Europe, Erasmus+, Horizon Europe y el futuro AgoraEU.<\/span><\/p>\n<p align=\"justify\"><strong>PUNTO Y SEGUIDO. Pilar Santisteban<\/strong><\/p>\n","protected":false},"excerpt":{"rendered":"<p>La \u00faltima semana de agosto concentra varios cierres de temporada y algunas citas de gran capacidad movilizadora. En Espa\u00f1a, el Festival de M\u00e9rida concluye con Las nueve musas, Villena celebra la d\u00e9cima edici\u00f3n de HOP! y Barcelona recupera La corte de Fara\u00f3n, mientras el Festival Celestina convierte La Puebla de Montalb\u00e1n en escenario de la [&hellip;]<\/p>\n","protected":false},"author":95,"featured_media":30829,"comment_status":"closed","ping_status":"closed","sticky":false,"template":"","format":"standard","meta":{"footnotes":""},"categories":[3550],"tags":[],"class_list":["post-31030","post","type-post","status-publish","format-standard","has-post-thumbnail","category-agenda-cultural"],"yoast_head":"<!-- This site is optimized with the Yoast SEO plugin v28.4 - https:\/\/yoast.com\/product\/yoast-seo-wordpress\/ -->\n<title>Avance cultural europeo . Semana del 24 al 30 de agosto de 2026 | 301_Agenda cultural | HOJAS SUELTAS<\/title>\n<meta name=\"description\" content=\"PANORAMA CULTUTAL Semana actual 24 al 30 de agosto\" \/>\n<meta name=\"robots\" content=\"index, follow, max-snippet:-1, max-image-preview:large, max-video-preview:-1\" \/>\n<link rel=\"canonical\" href=\"https:\/\/hojassueltas.es\/?p=31030\" \/>\n<meta property=\"og:locale\" content=\"es_ES\" \/>\n<meta property=\"og:type\" content=\"article\" \/>\n<meta property=\"og:title\" content=\"Avance cultural europeo . Semana del 24 al 30 de agosto de 2026 | 301_Agenda cultural | HOJAS SUELTAS\" \/>\n<meta property=\"og:description\" content=\"PANORAMA CULTUTAL Semana actual 24 al 30 de agosto\" \/>\n<meta property=\"og:url\" content=\"https:\/\/hojassueltas.es\/?p=31030\" \/>\n<meta property=\"og:site_name\" content=\"HOJAS SUELTAS\" \/>\n<meta property=\"article:published_time\" content=\"2026-08-24T22:00:28+00:00\" \/>\n<meta property=\"article:modified_time\" content=\"2026-08-25T08:06:26+00:00\" \/>\n<meta property=\"og:image\" content=\"https:\/\/hojassueltas.es\/wp-content\/uploads\/2026\/08\/PANORAMA-CUTURAL_H.S.png\" \/>\n\t<meta property=\"og:image:width\" content=\"1250\" \/>\n\t<meta property=\"og:image:height\" content=\"833\" \/>\n\t<meta property=\"og:image:type\" content=\"image\/png\" \/>\n<meta name=\"author\" content=\"Punto y Seguido - Pilar Santisteban\" \/>\n<meta name=\"twitter:card\" content=\"summary_large_image\" \/>\n<meta name=\"twitter:creator\" content=\"@HOJASSUELTAS22\" \/>\n<meta name=\"twitter:site\" content=\"@HOJASSUELTAS22\" \/>\n<meta name=\"twitter:label1\" content=\"Escrito por\" \/>\n\t<meta name=\"twitter:data1\" content=\"Punto y Seguido - Pilar Santisteban\" \/>\n\t<meta name=\"twitter:label2\" content=\"Tiempo de lectura\" \/>\n\t<meta name=\"twitter:data2\" content=\"7 minutos\" \/>\n<script type=\"application\/ld+json\" class=\"yoast-schema-graph\">{\"@context\":\"https:\\\/\\\/schema.org\",\"@graph\":[{\"@type\":[\"Article\",\"BlogPosting\"],\"@id\":\"https:\\\/\\\/hojassueltas.es\\\/?p=31030#article\",\"isPartOf\":{\"@id\":\"https:\\\/\\\/hojassueltas.es\\\/?p=31030\"},\"author\":{\"name\":\"Punto y Seguido - Pilar Santisteban\",\"@id\":\"https:\\\/\\\/hojassueltas.es\\\/#\\\/schema\\\/person\\\/9e73b75874998dd9b093c599d194f858\"},\"headline\":\"Avance cultural europeo . Semana del 24 al 30 de agosto de 2026\",\"datePublished\":\"2026-08-24T22:00:28+00:00\",\"dateModified\":\"2026-08-25T08:06:26+00:00\",\"mainEntityOfPage\":{\"@id\":\"https:\\\/\\\/hojassueltas.es\\\/?p=31030\"},\"wordCount\":1622,\"publisher\":{\"@id\":\"https:\\\/\\\/hojassueltas.es\\\/#organization\"},\"image\":{\"@id\":\"https:\\\/\\\/hojassueltas.es\\\/?p=31030#primaryimage\"},\"thumbnailUrl\":\"https:\\\/\\\/hojassueltas.es\\\/wp-content\\\/uploads\\\/2026\\\/08\\\/PANORAMA-CUTURAL_H.S.png\",\"articleSection\":[\"301_Agenda cultural\"],\"inLanguage\":\"es\"},{\"@type\":\"WebPage\",\"@id\":\"https:\\\/\\\/hojassueltas.es\\\/?p=31030\",\"url\":\"https:\\\/\\\/hojassueltas.es\\\/?p=31030\",\"name\":\"Avance cultural europeo . Semana del 24 al 30 de agosto de 2026 | 301_Agenda cultural | HOJAS SUELTAS\",\"isPartOf\":{\"@id\":\"https:\\\/\\\/hojassueltas.es\\\/#website\"},\"primaryImageOfPage\":{\"@id\":\"https:\\\/\\\/hojassueltas.es\\\/?p=31030#primaryimage\"},\"image\":{\"@id\":\"https:\\\/\\\/hojassueltas.es\\\/?p=31030#primaryimage\"},\"thumbnailUrl\":\"https:\\\/\\\/hojassueltas.es\\\/wp-content\\\/uploads\\\/2026\\\/08\\\/PANORAMA-CUTURAL_H.S.png\",\"datePublished\":\"2026-08-24T22:00:28+00:00\",\"dateModified\":\"2026-08-25T08:06:26+00:00\",\"description\":\"PANORAMA CULTUTAL Semana actual 24 al 30 de agosto\",\"breadcrumb\":{\"@id\":\"https:\\\/\\\/hojassueltas.es\\\/?p=31030#breadcrumb\"},\"inLanguage\":\"es\",\"potentialAction\":[{\"@type\":\"ReadAction\",\"target\":[\"https:\\\/\\\/hojassueltas.es\\\/?p=31030\"]}]},{\"@type\":\"ImageObject\",\"inLanguage\":\"es\",\"@id\":\"https:\\\/\\\/hojassueltas.es\\\/?p=31030#primaryimage\",\"url\":\"https:\\\/\\\/hojassueltas.es\\\/wp-content\\\/uploads\\\/2026\\\/08\\\/PANORAMA-CUTURAL_H.S.png\",\"contentUrl\":\"https:\\\/\\\/hojassueltas.es\\\/wp-content\\\/uploads\\\/2026\\\/08\\\/PANORAMA-CUTURAL_H.S.png\",\"width\":1250,\"height\":833},{\"@type\":\"BreadcrumbList\",\"@id\":\"https:\\\/\\\/hojassueltas.es\\\/?p=31030#breadcrumb\",\"itemListElement\":[{\"@type\":\"ListItem\",\"position\":1,\"name\":\"Portada\",\"item\":\"https:\\\/\\\/hojassueltas.es\\\/\"},{\"@type\":\"ListItem\",\"position\":2,\"name\":\"Avance cultural europeo . Semana del 24 al 30 de agosto de 2026\"}]},{\"@type\":\"WebSite\",\"@id\":\"https:\\\/\\\/hojassueltas.es\\\/#website\",\"url\":\"https:\\\/\\\/hojassueltas.es\\\/\",\"name\":\"HojasSueltas.es\",\"description\":\"Peri\u00f3dico Cultural\",\"publisher\":{\"@id\":\"https:\\\/\\\/hojassueltas.es\\\/#organization\"},\"alternateName\":\"H.S. Periodico Cultural\",\"potentialAction\":[{\"@type\":\"SearchAction\",\"target\":{\"@type\":\"EntryPoint\",\"urlTemplate\":\"https:\\\/\\\/hojassueltas.es\\\/?s={search_term_string}\"},\"query-input\":{\"@type\":\"PropertyValueSpecification\",\"valueRequired\":true,\"valueName\":\"search_term_string\"}}],\"inLanguage\":\"es\"},{\"@type\":\"Organization\",\"@id\":\"https:\\\/\\\/hojassueltas.es\\\/#organization\",\"name\":\"HOJAS SUELTAS - Peri\u00f3dico Cultural\",\"alternateName\":\"HS - HOJAS SUELTAS Peri\u00f3dico Cultural\",\"url\":\"https:\\\/\\\/hojassueltas.es\\\/\",\"logo\":{\"@type\":\"ImageObject\",\"inLanguage\":\"es\",\"@id\":\"https:\\\/\\\/hojassueltas.es\\\/#\\\/schema\\\/logo\\\/image\\\/\",\"url\":\"https:\\\/\\\/hojassueltas.es\\\/wp-content\\\/uploads\\\/2025\\\/08\\\/Icono-HS_2.png\",\"contentUrl\":\"https:\\\/\\\/hojassueltas.es\\\/wp-content\\\/uploads\\\/2025\\\/08\\\/Icono-HS_2.png\",\"width\":500,\"height\":500,\"caption\":\"HOJAS SUELTAS - Peri\u00f3dico Cultural\"},\"image\":{\"@id\":\"https:\\\/\\\/hojassueltas.es\\\/#\\\/schema\\\/logo\\\/image\\\/\"},\"sameAs\":[\"https:\\\/\\\/x.com\\\/HOJASSUELTAS22\"]},{\"@type\":\"Person\",\"@id\":\"https:\\\/\\\/hojassueltas.es\\\/#\\\/schema\\\/person\\\/9e73b75874998dd9b093c599d194f858\",\"name\":\"Punto y Seguido - Pilar Santisteban\",\"image\":{\"@type\":\"ImageObject\",\"inLanguage\":\"es\",\"@id\":\"https:\\\/\\\/hojassueltas.es\\\/wp-content\\\/uploads\\\/2026\\\/02\\\/Pilar-Santisteban_3-96x96.png\",\"url\":\"https:\\\/\\\/hojassueltas.es\\\/wp-content\\\/uploads\\\/2026\\\/02\\\/Pilar-Santisteban_3-96x96.png\",\"contentUrl\":\"https:\\\/\\\/hojassueltas.es\\\/wp-content\\\/uploads\\\/2026\\\/02\\\/Pilar-Santisteban_3-96x96.png\",\"caption\":\"Punto y Seguido - Pilar Santisteban\"},\"description\":\"Salmantina. Licenciada en Filosof\u00eda y Letras. Filolog\u00eda Hispanica. Se define como raton de biblioteca. Su labor profesionarl se inscribe en actividades de ense\u00f1anza, promueve cursos y talleres literarios. Redactora en el equipo de Punto y Seguido de Hojas Sueltas\",\"url\":\"https:\\\/\\\/hojassueltas.es\\\/?author=95\"}]}<\/script>\n<!-- \/ Yoast SEO plugin. -->","yoast_head_json":{"title":"Avance cultural europeo . Semana del 24 al 30 de agosto de 2026 | 301_Agenda cultural | HOJAS SUELTAS","description":"PANORAMA CULTUTAL Semana actual 24 al 30 de agosto","robots":{"index":"index","follow":"follow","max-snippet":"max-snippet:-1","max-image-preview":"max-image-preview:large","max-video-preview":"max-video-preview:-1"},"canonical":"https:\/\/hojassueltas.es\/?p=31030","og_locale":"es_ES","og_type":"article","og_title":"Avance cultural europeo . Semana del 24 al 30 de agosto de 2026 | 301_Agenda cultural | HOJAS SUELTAS","og_description":"PANORAMA CULTUTAL Semana actual 24 al 30 de agosto","og_url":"https:\/\/hojassueltas.es\/?p=31030","og_site_name":"HOJAS SUELTAS","article_published_time":"2026-08-24T22:00:28+00:00","article_modified_time":"2026-08-25T08:06:26+00:00","og_image":[{"width":1250,"height":833,"url":"https:\/\/hojassueltas.es\/wp-content\/uploads\/2026\/08\/PANORAMA-CUTURAL_H.S.png","type":"image\/png"}],"author":"Punto y Seguido - Pilar Santisteban","twitter_card":"summary_large_image","twitter_creator":"@HOJASSUELTAS22","twitter_site":"@HOJASSUELTAS22","twitter_misc":{"Escrito por":"Punto y Seguido - Pilar Santisteban","Tiempo de lectura":"7 minutos"},"schema":{"@context":"https:\/\/schema.org","@graph":[{"@type":["Article","BlogPosting"],"@id":"https:\/\/hojassueltas.es\/?p=31030#article","isPartOf":{"@id":"https:\/\/hojassueltas.es\/?p=31030"},"author":{"name":"Punto y Seguido - Pilar Santisteban","@id":"https:\/\/hojassueltas.es\/#\/schema\/person\/9e73b75874998dd9b093c599d194f858"},"headline":"Avance cultural europeo . Semana del 24 al 30 de agosto de 2026","datePublished":"2026-08-24T22:00:28+00:00","dateModified":"2026-08-25T08:06:26+00:00","mainEntityOfPage":{"@id":"https:\/\/hojassueltas.es\/?p=31030"},"wordCount":1622,"publisher":{"@id":"https:\/\/hojassueltas.es\/#organization"},"image":{"@id":"https:\/\/hojassueltas.es\/?p=31030#primaryimage"},"thumbnailUrl":"https:\/\/hojassueltas.es\/wp-content\/uploads\/2026\/08\/PANORAMA-CUTURAL_H.S.png","articleSection":["301_Agenda cultural"],"inLanguage":"es"},{"@type":"WebPage","@id":"https:\/\/hojassueltas.es\/?p=31030","url":"https:\/\/hojassueltas.es\/?p=31030","name":"Avance cultural europeo . Semana del 24 al 30 de agosto de 2026 | 301_Agenda cultural | HOJAS SUELTAS","isPartOf":{"@id":"https:\/\/hojassueltas.es\/#website"},"primaryImageOfPage":{"@id":"https:\/\/hojassueltas.es\/?p=31030#primaryimage"},"image":{"@id":"https:\/\/hojassueltas.es\/?p=31030#primaryimage"},"thumbnailUrl":"https:\/\/hojassueltas.es\/wp-content\/uploads\/2026\/08\/PANORAMA-CUTURAL_H.S.png","datePublished":"2026-08-24T22:00:28+00:00","dateModified":"2026-08-25T08:06:26+00:00","description":"PANORAMA CULTUTAL Semana actual 24 al 30 de agosto","breadcrumb":{"@id":"https:\/\/hojassueltas.es\/?p=31030#breadcrumb"},"inLanguage":"es","potentialAction":[{"@type":"ReadAction","target":["https:\/\/hojassueltas.es\/?p=31030"]}]},{"@type":"ImageObject","inLanguage":"es","@id":"https:\/\/hojassueltas.es\/?p=31030#primaryimage","url":"https:\/\/hojassueltas.es\/wp-content\/uploads\/2026\/08\/PANORAMA-CUTURAL_H.S.png","contentUrl":"https:\/\/hojassueltas.es\/wp-content\/uploads\/2026\/08\/PANORAMA-CUTURAL_H.S.png","width":1250,"height":833},{"@type":"BreadcrumbList","@id":"https:\/\/hojassueltas.es\/?p=31030#breadcrumb","itemListElement":[{"@type":"ListItem","position":1,"name":"Portada","item":"https:\/\/hojassueltas.es\/"},{"@type":"ListItem","position":2,"name":"Avance cultural europeo . Semana del 24 al 30 de agosto de 2026"}]},{"@type":"WebSite","@id":"https:\/\/hojassueltas.es\/#website","url":"https:\/\/hojassueltas.es\/","name":"HojasSueltas.es","description":"Peri\u00f3dico Cultural","publisher":{"@id":"https:\/\/hojassueltas.es\/#organization"},"alternateName":"H.S. Periodico Cultural","potentialAction":[{"@type":"SearchAction","target":{"@type":"EntryPoint","urlTemplate":"https:\/\/hojassueltas.es\/?s={search_term_string}"},"query-input":{"@type":"PropertyValueSpecification","valueRequired":true,"valueName":"search_term_string"}}],"inLanguage":"es"},{"@type":"Organization","@id":"https:\/\/hojassueltas.es\/#organization","name":"HOJAS SUELTAS - Peri\u00f3dico Cultural","alternateName":"HS - HOJAS SUELTAS Peri\u00f3dico Cultural","url":"https:\/\/hojassueltas.es\/","logo":{"@type":"ImageObject","inLanguage":"es","@id":"https:\/\/hojassueltas.es\/#\/schema\/logo\/image\/","url":"https:\/\/hojassueltas.es\/wp-content\/uploads\/2025\/08\/Icono-HS_2.png","contentUrl":"https:\/\/hojassueltas.es\/wp-content\/uploads\/2025\/08\/Icono-HS_2.png","width":500,"height":500,"caption":"HOJAS SUELTAS - Peri\u00f3dico Cultural"},"image":{"@id":"https:\/\/hojassueltas.es\/#\/schema\/logo\/image\/"},"sameAs":["https:\/\/x.com\/HOJASSUELTAS22"]},{"@type":"Person","@id":"https:\/\/hojassueltas.es\/#\/schema\/person\/9e73b75874998dd9b093c599d194f858","name":"Punto y Seguido - Pilar Santisteban","image":{"@type":"ImageObject","inLanguage":"es","@id":"https:\/\/hojassueltas.es\/wp-content\/uploads\/2026\/02\/Pilar-Santisteban_3-96x96.png","url":"https:\/\/hojassueltas.es\/wp-content\/uploads\/2026\/02\/Pilar-Santisteban_3-96x96.png","contentUrl":"https:\/\/hojassueltas.es\/wp-content\/uploads\/2026\/02\/Pilar-Santisteban_3-96x96.png","caption":"Punto y Seguido - Pilar Santisteban"},"description":"Salmantina. Licenciada en Filosof\u00eda y Letras. Filolog\u00eda Hispanica. Se define como raton de biblioteca. Su labor profesionarl se inscribe en actividades de ense\u00f1anza, promueve cursos y talleres literarios. Redactora en el equipo de Punto y Seguido de Hojas Sueltas","url":"https:\/\/hojassueltas.es\/?author=95"}]}},"_links":{"self":[{"href":"https:\/\/hojassueltas.es\/index.php?rest_route=\/wp\/v2\/posts\/31030","targetHints":{"allow":["GET"]}}],"collection":[{"href":"https:\/\/hojassueltas.es\/index.php?rest_route=\/wp\/v2\/posts"}],"about":[{"href":"https:\/\/hojassueltas.es\/index.php?rest_route=\/wp\/v2\/types\/post"}],"author":[{"embeddable":true,"href":"https:\/\/hojassueltas.es\/index.php?rest_route=\/wp\/v2\/users\/95"}],"replies":[{"embeddable":true,"href":"https:\/\/hojassueltas.es\/index.php?rest_route=%2Fwp%2Fv2%2Fcomments&post=31030"}],"version-history":[{"count":2,"href":"https:\/\/hojassueltas.es\/index.php?rest_route=\/wp\/v2\/posts\/31030\/revisions"}],"predecessor-version":[{"id":31032,"href":"https:\/\/hojassueltas.es\/index.php?rest_route=\/wp\/v2\/posts\/31030\/revisions\/31032"}],"wp:featuredmedia":[{"embeddable":true,"href":"https:\/\/hojassueltas.es\/index.php?rest_route=\/wp\/v2\/media\/30829"}],"wp:attachment":[{"href":"https:\/\/hojassueltas.es\/index.php?rest_route=%2Fwp%2Fv2%2Fmedia&parent=31030"}],"wp:term":[{"taxonomy":"category","embeddable":true,"href":"https:\/\/hojassueltas.es\/index.php?rest_route=%2Fwp%2Fv2%2Fcategories&post=31030"},{"taxonomy":"post_tag","embeddable":true,"href":"https:\/\/hojassueltas.es\/index.php?rest_route=%2Fwp%2Fv2%2Ftags&post=31030"}],"curies":[{"name":"wp","href":"https:\/\/api.w.org\/{rel}","templated":true}]}}