{"id":31020,"date":"2026-08-24T00:00:44","date_gmt":"2026-08-23T22:00:44","guid":{"rendered":"https:\/\/hojassueltas.es\/?p=31020"},"modified":"2026-08-23T21:34:23","modified_gmt":"2026-08-23T19:34:23","slug":"federico-garcia-lorca-noventa-anos-despues-el-crimen-que-no-pudo-clausurar-su-obra","status":"publish","type":"post","link":"https:\/\/hojassueltas.es\/?p=31020","title":{"rendered":"Federico Garc\u00eda Lorca, noventa a\u00f1os despu\u00e9s: el crimen que no pudo clausurar su obra"},"content":{"rendered":"<h1 class=\"western\" align=\"justify\"><strong><span style=\"font-family: Georgia Pro, serif;\"><span style=\"font-size: large;\">El aniversario del asesinato del poeta obliga a recordar la violencia que lo mat\u00f3, pero tambi\u00e9n a rescatarlo de una leyenda que a veces ha terminado por ocultar la radical modernidad de su literatura<\/span><\/span><\/strong><\/h1>\n<p align=\"justify\"><span style=\"font-family: Georgia Pro, serif;\"><span style=\"font-size: large;\">Hay conmemoraciones que corren el riesgo de convertirse en ceremonias tranquilizadoras: se depositan flores, se recitan unos versos y la historia vuelve a quedar a oscuras. El 90.\u00ba aniversario del asesinato de Federico Garc\u00eda Lorca exige algo m\u00e1s. El autor de <\/span><\/span><em><span style=\"font-family: Georgia Pro, serif;\"><span style=\"font-size: large;\">Poeta en Nueva York<\/span><\/span><\/em><span style=\"font-family: Georgia Pro, serif;\"><span style=\"font-size: large;\"> y <\/span><\/span><em><span style=\"font-family: Georgia Pro, serif;\"><span style=\"font-size: large;\">La casa de Bernarda Alba<\/span><\/span><\/em><span style=\"font-family: Georgia Pro, serif;\"><span style=\"font-size: large;\"> no muri\u00f3 a causa de una desgracia inevitable de la guerra: fue detenido por los sublevados <\/span><\/span><span style=\"font-family: Georgia Pro, serif;\"><span style=\"font-size: large;\">golpistas<\/span><\/span><span style=\"font-family: Georgia Pro, serif;\"><span style=\"font-size: large;\">, puesto bajo la autoridad del Gobierno Civil de Granada y ejecutado sin juicio.<\/span><\/span><\/p>\n<p align=\"justify\"><span style=\"font-family: Georgia Pro, serif;\"><span style=\"font-size: large;\">Pero Lorca tampoco puede quedar reducido al hombre conducido hacia la muerte por la carretera de V\u00edznar a Alfacar. Ten\u00eda treinta y ocho a\u00f1os y su asesinato interrumpi\u00f3 una obra capaz de reunir la canci\u00f3n popular y la audacia vanguardista, el teatro cl\u00e1sico y la crisis del sujeto moderno. La memoria solo ser\u00e1 justa si devuelve al poeta su complejidad.<\/span><\/span><\/p>\n<p align=\"justify\"><span style=\"font-family: Georgia Pro, serif;\"><span style=\"font-size: large;\">La conmemoraci\u00f3n se fija habitualmente el 18 de agosto de 1936. Sin embargo, no existe completa certeza sobre el momento exacto. La Biblioteca Virtual Miguel de Cervantes recoge la hip\u00f3tesis m\u00e1s aceptada por Ian Gibson: Lorca habr\u00eda sido fusilado antes del amanecer del d\u00eda 18. La incertidumbre afecta a la fecha precisa, al piquete y al lugar del enterramiento; no a la naturaleza del crimen.<\/span><\/span><\/p>\n<p align=\"justify\"><span style=\"font-family: Georgia Pro, serif;\"><span style=\"font-size: large;\">El 16 de agosto fue detenido en la casa de la familia Rosales, donde se hab\u00eda refugiado. Luis Rosales era amigo suyo y varios de sus hermanos estaban vinculados a Falange, pero no pudieron protegerlo. Ram\u00f3n Ruiz Alonso, antiguo diputado de la CEDA, particip\u00f3 decisivamente en el arresto. Lorca fue trasladado al Gobierno Civil, uno de los centros de la represi\u00f3n contra los partidarios reales de la Rep\u00fablica. Despu\u00e9s lo condujeron hacia V\u00edznar y Alfacar, donde fue asesinado.<\/span><\/span><\/p>\n<p align=\"justify\"><span style=\"font-family: Georgia Pro, serif;\"><span style=\"font-size: large;\">La f\u00f3rmula inscrita en documentos oficiales \u2014fallecido \u00aba consecuencia de heridas producidas por hecho de guerra\u00bb\u2014 no fue una imprecisi\u00f3n inocente. En Granada, tomada por los militares sublevados en julio de 1936, el poeta no cay\u00f3 en combate. La investigaci\u00f3n hist\u00f3rica sit\u00faa su muerte dentro de la violencia organizada contra republicanos, sindicalistas, maestros, intelectuales y otros adversarios.<\/span><\/span><\/p>\n<h2 class=\"western\" align=\"justify\"><span style=\"font-family: Georgia Pro, serif;\"><span style=\"font-size: large;\">Las razones de un asesinato<\/span><\/span><\/h2>\n<p align=\"justify\"><span style=\"font-family: Georgia Pro, serif;\"><span style=\"font-size: large;\">La pregunta por qu\u00e9 mataron a Lorca ha producido testimonios contradictorios y explicaciones simplificadoras. En el crimen confluyeron la hostilidad pol\u00edtica, los odios de la derecha granadina, su cercan\u00eda a republicanos como Fernando de los R\u00edos, su visibilidad p\u00fablica y la persecuci\u00f3n de su homosexualidad. Las rencillas locales pudieron influir, pero no explican que fuera arrestado, encerrado en una dependencia oficial y sacado de all\u00ed por fuerzas de los sublevados.<\/span><\/span><\/p>\n<p align=\"justify\"><span style=\"font-family: Georgia Pro, serif;\"><span style=\"font-size: large;\">Lorca no fue dirigente de partido, pero presentarlo como un artista ajeno a la vida p\u00fablica es falsearlo. Apoy\u00f3 iniciativas de la Rep\u00fablica, firm\u00f3 manifiestos contra el fascismo y dirigi\u00f3 La Barraca, el teatro universitario que llev\u00f3 a los pueblos obras de Cervantes, Lope de Vega o Calder\u00f3n. Su concepci\u00f3n social del teatro resultaba incompatible con la cultura autoritaria que comenzaba a imponerse.<\/span><\/span><\/p>\n<p align=\"justify\"><span style=\"font-family: Georgia Pro, serif;\"><span style=\"font-size: large;\">El informe redactado en 1965 por la Jefatura Superior de Polic\u00eda de Granada, documento del propio aparato golpista franquista, lo calificaba de socialista, mas\u00f3n y homosexual, y admit\u00eda que hab\u00eda sido sacado del Gobierno Civil y \u00abpasado por las armas\u00bb. Su pertenencia a la masoner\u00eda no ha sido probada; lo significativo es el cat\u00e1logo de acusaciones con el que la dictadura justificaba la eliminaci\u00f3n del diferente.<\/span><\/span><\/p>\n<p align=\"justify\"><span style=\"font-family: Georgia Pro, serif;\"><span style=\"font-size: large;\">El asesinato transform\u00f3 a Lorca en s\u00edmbolo universal de la barbarie fascista. Antonio Machado comprendi\u00f3 muy pronto el alcance del crimen en \u00abEl crimen fue en Granada\u00bb. Sin embargo, el s\u00edmbolo puede devorar la obra cuando cada aparici\u00f3n de la luna, la sangre o el cuchillo se interpreta como una profec\u00eda de agosto de 1936. La muerte es esencial en Lorca porque su po\u00e9tica enfrenta el deseo con las normas, el tiempo y la vigilancia colectiva. En el <\/span><\/span><em><span style=\"font-family: Georgia Pro, serif;\"><span style=\"font-size: large;\">Romancero gitano<\/span><\/span><\/em><span style=\"font-family: Georgia Pro, serif;\"><span style=\"font-size: large;\">, la violencia revela el conflicto entre libertad y autoridad. <\/span><\/span><em><span style=\"font-family: Georgia Pro, serif;\"><span style=\"font-size: large;\">Poeta en Nueva York<\/span><\/span><\/em><span style=\"font-family: Georgia Pro, serif;\"><span style=\"font-size: large;\"> denuncia una modernidad que convierte la vida en mercanc\u00eda. En <\/span><\/span><em><span style=\"font-family: Georgia Pro, serif;\"><span style=\"font-size: large;\">Bodas de sangre<\/span><\/span><\/em><span style=\"font-family: Georgia Pro, serif;\"><span style=\"font-size: large;\">, <\/span><\/span><em><span style=\"font-family: Georgia Pro, serif;\"><span style=\"font-size: large;\">Yerma<\/span><\/span><\/em><span style=\"font-family: Georgia Pro, serif;\"><span style=\"font-size: large;\"> y <\/span><\/span><em><span style=\"font-family: Georgia Pro, serif;\"><span style=\"font-size: large;\">La casa de Bernarda Alba<\/span><\/span><\/em><span style=\"font-family: Georgia Pro, serif;\"><span style=\"font-size: large;\">, el orden social entra en los cuerpos y vuelve tr\u00e1gico aquello que no admite.<\/span><\/span><\/p>\n<p align=\"justify\"><span style=\"font-family: Georgia Pro, serif;\"><span style=\"font-size: large;\">Su lugar en la Generaci\u00f3n del 27 procede de esa capacidad para cruzar tradiciones. Lorca escucha el romance, la nana, el cante jondo y la l\u00edrica de los Siglos de Oro; a la vez, dialoga con el surrealismo, el cine, la pintura y las rupturas europeas. Lo popular no es en \u00e9l una pieza de museo, ni la vanguardia un juego minoritario: ambos se vuelven m\u00fasica, cuerpo y escenario.<\/span><\/span><\/p>\n<p align=\"justify\"><span style=\"font-family: Georgia Pro, serif;\"><span style=\"font-size: large;\">El 27 fue una constelaci\u00f3n de amistades, revistas, proyectos y desacuerdos, no una escuela con programa \u00fanico. Lorca aport\u00f3 una extraordinaria conciencia esc\u00e9nica: escrib\u00eda para la voz, el gesto y una comunidad reunida ante el poema. Poeta y dramaturgo, fue tambi\u00e9n pianista, dibujante, conferenciante y director teatral. Su literatura pide ser escuchada y encarnada.<\/span><\/span><\/p>\n<p align=\"justify\"><span style=\"font-family: Georgia Pro, serif;\"><span style=\"font-size: large;\">En junio de 1936 hab\u00eda terminado <\/span><\/span><em><span style=\"font-family: Georgia Pro, serif;\"><span style=\"font-size: large;\">La casa de Bernarda Alba<\/span><\/span><\/em><span style=\"font-family: Georgia Pro, serif;\"><span style=\"font-size: large;\">. Tambi\u00e9n hab\u00eda ensanchado los l\u00edmites del teatro con <\/span><\/span><em><span style=\"font-family: Georgia Pro, serif;\"><span style=\"font-size: large;\">El p\u00fablico<\/span><\/span><\/em><span style=\"font-family: Georgia Pro, serif;\"><span style=\"font-size: large;\"> y <\/span><\/span><em><span style=\"font-family: Georgia Pro, serif;\"><span style=\"font-size: large;\">As\u00ed que pasen cinco a\u00f1os<\/span><\/span><\/em><span style=\"font-family: Georgia Pro, serif;\"><span style=\"font-size: large;\">. Los <\/span><\/span><em><span style=\"font-family: Georgia Pro, serif;\"><span style=\"font-size: large;\">Sonetos del amor oscuro<\/span><\/span><\/em><span style=\"font-family: Georgia Pro, serif;\"><span style=\"font-size: large;\">, conocidos plenamente mucho despu\u00e9s, revelaron hasta qu\u00e9 punto su poes\u00eda amorosa hab\u00eda sido le\u00edda bajo silencios relacionados con su homosexualidad. El asesinato tambi\u00e9n alter\u00f3 la recepci\u00f3n de su obra. Mientras algunos t\u00edtulos se publicaban o representaban tarde, la censura franquista administr\u00f3 una imagen parcial del autor. Pod\u00eda admirarse al poeta folcl\u00f3rico y evitarse al intelectual republicano, al dramaturgo sexualmente perturbador o al hombre cuya muerte compromet\u00eda a los vencedores. Por eso no basta afirmar que Lorca \u00absigue vivo\u00bb. Hay que preguntarse qu\u00e9 Lorca mantenemos vivo: \u00bfel de las estampas andaluzas desactivadas, el m\u00e1rtir abstracto o el creador que puso en escena el deseo femenino, la violencia de la honra, la soledad homosexual, el racismo y la desigualdad?<\/span><\/span><\/p>\n<p align=\"justify\"><span style=\"font-family: Georgia Pro, serif;\"><span style=\"font-size: large;\">Los restos de Lorca no han sido localizados. Las excavaciones de 2009 en el parque de Alfacar descartaron el lugar se\u00f1alado durante a\u00f1os junto a un olivo, y otras b\u00fasquedas tampoco resolvieron el enigma. Esa ausencia posee una dimensi\u00f3n colectiva: Lorca fue uno entre miles de asesinados y desaparecidos por la represi\u00f3n franquista.<\/span><\/span><\/p>\n<p align=\"justify\"><span style=\"font-family: Georgia Pro, serif;\"><span style=\"font-size: large;\">El homenaje celebrado por la Diputaci\u00f3n de Granada en Alfacar por el 90.\u00ba aniversario reuni\u00f3 su nombre con el de todas las v\u00edctimas de la Guerra Civil. La celebridad del poeta puede iluminar las fosas, pero no establecer jerarqu\u00edas entre los muertos. Recordarlo significa recordar tambi\u00e9n al maestro Di\u00f3scoro Galindo, a los banderilleros Francisco Galad\u00ed y Joaqu\u00edn Arcollas \u2014identificados tradicionalmente como sus compa\u00f1eros de ejecuci\u00f3n\u2014 y a quienes no dejaron una obra capaz de defender su nombre.<\/span><\/span><\/p>\n<p align=\"justify\"><span style=\"font-family: Georgia Pro, serif;\"><span style=\"font-size: large;\">En agosto de 2026, la Asociaci\u00f3n para la Recuperaci\u00f3n de la Memoria Hist\u00f3rica reclam\u00f3 la desclasificaci\u00f3n de toda la documentaci\u00f3n estatal sobre el asesinato. Mientras persistan archivos cerrados, fosas sin identificar y eufemismos p\u00fablicos, la memoria de Lorca seguir\u00e1 planteando una responsabilidad democr\u00e1tica.<\/span><\/span><\/p>\n<h2 class=\"western\" align=\"justify\"><span style=\"font-family: Georgia Pro, serif;\"><span style=\"font-size: large;\">Noventa a\u00f1os despu\u00e9s<\/span><\/span><\/h2>\n<p align=\"justify\"><span style=\"font-family: Georgia Pro, serif;\"><span style=\"font-size: large;\">La mejor conmemoraci\u00f3n comienza por la precisi\u00f3n: Federico Garc\u00eda Lorca <b>no \u00abfalleci\u00f3\u00bb <\/b>en agosto de 1936; <b>fue asesinado.<\/b> Contin\u00faa con la lectura: fue uno de los escritores que m\u00e1s profundamente transformaron la poes\u00eda y el teatro europeos del siglo XX. Y culmina con una pregunta: qu\u00e9 parte de su libertad est\u00e9tica, sexual y pol\u00edtica aceptamos sin convertirla en adorno.<\/span><\/span><\/p>\n<p align=\"justify\"><span style=\"font-family: Georgia Pro, serif;\"><span style=\"font-size: large;\">Los homenajes cumplen su funci\u00f3n cuando nos devuelven a los libros y, desde ellos, a la historia. Lorca necesita lectores capaces de o\u00edr la alegr\u00eda junto al dolor y la ra\u00edz popular junto a la experimentaci\u00f3n. Noventa a\u00f1os despu\u00e9s, nombrar a sus asesinos no disminuye al poeta; leer \u00fanicamente su asesinato, s\u00ed. Su obra contin\u00faa interrogando el deseo, la autoridad y el miedo. El crimen quiso imponerle silencio. La literatura contin\u00faa desobedeci\u00e9ndolo.<\/span><\/span><\/p>\n<h2 class=\"western\" align=\"justify\"><span style=\"font-family: Georgia Pro, serif; font-size: 16px;\">Fuentes y referencias<\/span><\/h2>\n<ul>\n<li>\n<p align=\"justify\"><span style=\"font-family: Georgia Pro, serif; font-size: 16px;\"><a href=\"https:\/\/www.cervantesvirtual.com\/portales\/federico_garcia_lorca\/biografia\/\"><span style=\"color: #993300;\">Biblioteca Virtual Miguel de Cervantes, \u00abBiograf\u00eda de Federico Garc\u00eda Lorca\u00bb<\/span><\/a><span style=\"color: #993300;\">.<\/span><\/span><\/p>\n<\/li>\n<li>\n<p align=\"justify\"><span style=\"font-family: Georgia Pro, serif; font-size: 16px;\"><a href=\"https:\/\/www.bne.es\/es\/autores\/garcia-lorca-federico\"><span style=\"color: #993300;\">Biblioteca Nacional de Espa\u00f1a, ficha de autoridad y fondos de Federico Garc\u00eda Lorca<\/span><\/a><span style=\"color: #993300;\">.<\/span><\/span><\/p>\n<\/li>\n<li>\n<p align=\"justify\"><span style=\"font-size: 16px;\"><span style=\"font-family: Georgia Pro, serif;\"><a href=\"https:\/\/produccioncientifica.ugr.es\/documentos\/618f58af9ff8c939aacc48b1\"><span style=\"color: #993300;\">Miguel \u00c1ngel del Arco Blanco, \u00abUn espacio para rescatar del olvido: la Facultad de Derecho y el asesinato de Federico Garc\u00eda Lorca\u00bb<\/span><\/a>, <\/span><em><span style=\"font-family: Georgia Pro, serif;\">Revista del Centro de Estudios Hist\u00f3ricos de Granada y su Reino<\/span><\/em><span style=\"font-family: Georgia Pro, serif;\">, n.\u00ba 31, 2019.<\/span><\/span><\/p>\n<\/li>\n<li>\n<p align=\"justify\"><span style=\"font-family: Georgia Pro, serif; font-size: 16px;\"><a href=\"https:\/\/www.dipgra.es\/comunicacion\/comunicacion-y-prensa\/noticias\/Alba-Molina-pondra-musica-al-homenaje-de-la-Diputacion-a-Lorca-en-el-90-aniversario-de-su-asesinato\/\"><span style=\"color: #993300;\">Diputaci\u00f3n de Granada y Patronato Cultural Federico Garc\u00eda Lorca, documentaci\u00f3n del homenaje celebrado en Alfacar por el 90.\u00ba aniversario<\/span><\/a>, agosto de 2026.<\/span><\/p>\n<\/li>\n<li>\n<p align=\"justify\"><span style=\"font-family: Georgia Pro, serif; font-size: 16px;\"><a href=\"https:\/\/www.rtve.es\/noticias\/20150423\/informe-policial-1965-prueba-asesinato-lorca-por-mason-practicas-homosexuales\/1134650.shtml\"><span style=\"color: #993300;\">Informe de la Jefatura Superior de Polic\u00eda de Granada, \u00abAntecedentes del poeta Federico Garc\u00eda Lorca\u00bb, 9 de julio de 1965<\/span><\/a><span style=\"color: #993300;\">,<\/span> difundido p\u00fablicamente en 2015.<\/span><\/p>\n<\/li>\n<li>\n<p align=\"justify\"><span style=\"font-size: 16px;\"><span style=\"font-family: Georgia Pro, serif;\">Agust\u00edn Pen\u00f3n, <\/span><em><span style=\"font-family: Georgia Pro, serif;\">Miedo, olvido y fantas\u00eda. Cr\u00f3nica de la investigaci\u00f3n de Agust\u00edn Pen\u00f3n sobre Federico Garc\u00eda Lorca<\/span><\/em><span style=\"font-family: Georgia Pro, serif;\">, edici\u00f3n de Marta Osorio, Comares, 2001.<\/span><\/span><\/p>\n<\/li>\n<li>\n<p align=\"justify\"><span style=\"font-size: 16px;\"><span style=\"font-family: Georgia Pro, serif;\">Ian Gibson, <\/span><em><span style=\"font-family: Georgia Pro, serif;\">El asesinato de Garc\u00eda Lorca<\/span><\/em><span style=\"font-family: Georgia Pro, serif;\">, Plaza &amp; Jan\u00e9s, 1996.<\/span><\/span><\/p>\n<\/li>\n<li>\n<p align=\"justify\"><span style=\"font-size: 16px;\"><span style=\"font-family: Georgia Pro, serif;\">Miguel Caballero P\u00e9rez, <\/span><em><span style=\"font-family: Georgia Pro, serif;\">Las trece \u00faltimas horas en la vida de Garc\u00eda Lorca<\/span><\/em><span style=\"font-family: Georgia Pro, serif;\">, La Esfera de los Libros, 2011.<\/span><\/span><\/p>\n<\/li>\n<li>\n<p align=\"justify\"><span style=\"font-size: 16px;\"><span style=\"font-family: Georgia Pro, serif;\">Paul Preston, <\/span><em><span style=\"font-family: Georgia Pro, serif;\">El holocausto espa\u00f1ol. Odio y exterminio en la Guerra Civil y despu\u00e9s<\/span><\/em><span style=\"font-family: Georgia Pro, serif;\">, Debate, 2011.<\/span><\/span><\/p>\n<\/li>\n<\/ul>\n<p>PUNTO Y SEGUIDO &#8211; Pilar Santisteban<\/p>\n","protected":false},"excerpt":{"rendered":"<p>El aniversario del asesinato del poeta obliga a recordar la violencia que lo mat\u00f3, pero tambi\u00e9n a rescatarlo de una leyenda que a veces ha terminado por ocultar la radical modernidad de su literatura Hay conmemoraciones que corren el riesgo de convertirse en ceremonias tranquilizadoras: se depositan flores, se recitan unos versos y la historia [&hellip;]<\/p>\n","protected":false},"author":95,"featured_media":31021,"comment_status":"closed","ping_status":"closed","sticky":false,"template":"","format":"standard","meta":{"footnotes":""},"categories":[3522,3537],"tags":[3966,42,2894,2922,3280,2906],"class_list":["post-31020","post","type-post","status-publish","format-standard","has-post-thumbnail","category-en-portada","category-cien-anos-de-la-generacion-del-27","tag-asesinato-de-lorca","tag-federico-garcia-lorca","tag-guerra-civil-espanola","tag-poesia-espanola"],"yoast_head":"<!-- This site is optimized with the Yoast SEO plugin v28.4 - https:\/\/yoast.com\/product\/yoast-seo-wordpress\/ -->\n<title>Federico Garc\u00eda Lorca, noventa a\u00f1os despu\u00e9s: el crimen que no pudo clausurar su obra | 201-CIEN A\u00d1OS DE LA GENERACI\u00d3N DEL 27 | HOJAS SUELTAS<\/title>\n<meta name=\"description\" content=\"Noventa a\u00f1os despu\u00e9s de su asesinato, recordamos a Federico Garc\u00eda Lorca, su lugar en la Generaci\u00f3n del 27 y la memoria todav\u00eda abierta del crimen.\" \/>\n<meta name=\"robots\" content=\"index, follow, max-snippet:-1, max-image-preview:large, max-video-preview:-1\" \/>\n<link rel=\"canonical\" href=\"https:\/\/hojassueltas.es\/?p=31020\" \/>\n<meta property=\"og:locale\" content=\"es_ES\" \/>\n<meta property=\"og:type\" content=\"article\" \/>\n<meta property=\"og:title\" content=\"Federico Garc\u00eda Lorca, noventa a\u00f1os despu\u00e9s: el crimen que no pudo clausurar su obra | 201-CIEN A\u00d1OS DE LA GENERACI\u00d3N DEL 27 | HOJAS SUELTAS\" \/>\n<meta property=\"og:description\" content=\"Noventa a\u00f1os despu\u00e9s de su asesinato, recordamos a Federico Garc\u00eda Lorca, su lugar en la Generaci\u00f3n del 27 y la memoria todav\u00eda abierta del crimen.\" \/>\n<meta property=\"og:url\" content=\"https:\/\/hojassueltas.es\/?p=31020\" \/>\n<meta property=\"og:site_name\" content=\"HOJAS SUELTAS\" \/>\n<meta property=\"article:published_time\" content=\"2026-08-23T22:00:44+00:00\" \/>\n<meta property=\"og:image\" content=\"https:\/\/hojassueltas.es\/wp-content\/uploads\/2026\/08\/201_lORCA_HS-915x610.png\" \/>\n\t<meta property=\"og:image:width\" content=\"915\" \/>\n\t<meta property=\"og:image:height\" content=\"610\" \/>\n\t<meta property=\"og:image:type\" content=\"image\/png\" \/>\n<meta name=\"author\" content=\"Punto y Seguido - Pilar Santisteban\" \/>\n<meta name=\"twitter:card\" content=\"summary_large_image\" \/>\n<meta name=\"twitter:creator\" content=\"@HOJASSUELTAS22\" \/>\n<meta name=\"twitter:site\" content=\"@HOJASSUELTAS22\" \/>\n<meta name=\"twitter:label1\" content=\"Escrito por\" \/>\n\t<meta name=\"twitter:data1\" content=\"Punto y Seguido - Pilar Santisteban\" \/>\n\t<meta name=\"twitter:label2\" content=\"Tiempo de lectura\" \/>\n\t<meta name=\"twitter:data2\" content=\"7 minutos\" \/>\n<script type=\"application\/ld+json\" class=\"yoast-schema-graph\">{\"@context\":\"https:\\\/\\\/schema.org\",\"@graph\":[{\"@type\":[\"Article\",\"BlogPosting\"],\"@id\":\"https:\\\/\\\/hojassueltas.es\\\/?p=31020#article\",\"isPartOf\":{\"@id\":\"https:\\\/\\\/hojassueltas.es\\\/?p=31020\"},\"author\":{\"name\":\"Punto y Seguido - Pilar Santisteban\",\"@id\":\"https:\\\/\\\/hojassueltas.es\\\/#\\\/schema\\\/person\\\/9e73b75874998dd9b093c599d194f858\"},\"headline\":\"Federico Garc\u00eda Lorca, noventa a\u00f1os despu\u00e9s: el crimen que no pudo clausurar su obra\",\"datePublished\":\"2026-08-23T22:00:44+00:00\",\"mainEntityOfPage\":{\"@id\":\"https:\\\/\\\/hojassueltas.es\\\/?p=31020\"},\"wordCount\":1597,\"publisher\":{\"@id\":\"https:\\\/\\\/hojassueltas.es\\\/#organization\"},\"image\":{\"@id\":\"https:\\\/\\\/hojassueltas.es\\\/?p=31020#primaryimage\"},\"thumbnailUrl\":\"https:\\\/\\\/hojassueltas.es\\\/wp-content\\\/uploads\\\/2026\\\/08\\\/201_lORCA_HS.png\",\"keywords\":[\"asesinato de Lorca\",\"Federico Garc\u00eda Lorca\",\"generacion-del-27\",\"Guerra Civil Espa\u00f1ola\",\"memoria hist\u00f3rica\",\"poes\u00eda espa\u00f1ola\"],\"articleSection\":[\"*EN PORTADA\",\"201-CIEN A\u00d1OS DE LA GENERACI\u00d3N DEL 27\"],\"inLanguage\":\"es\"},{\"@type\":\"WebPage\",\"@id\":\"https:\\\/\\\/hojassueltas.es\\\/?p=31020\",\"url\":\"https:\\\/\\\/hojassueltas.es\\\/?p=31020\",\"name\":\"Federico Garc\u00eda Lorca, noventa a\u00f1os despu\u00e9s: el crimen que no pudo clausurar su obra | 201-CIEN A\u00d1OS DE LA GENERACI\u00d3N DEL 27 | HOJAS SUELTAS\",\"isPartOf\":{\"@id\":\"https:\\\/\\\/hojassueltas.es\\\/#website\"},\"primaryImageOfPage\":{\"@id\":\"https:\\\/\\\/hojassueltas.es\\\/?p=31020#primaryimage\"},\"image\":{\"@id\":\"https:\\\/\\\/hojassueltas.es\\\/?p=31020#primaryimage\"},\"thumbnailUrl\":\"https:\\\/\\\/hojassueltas.es\\\/wp-content\\\/uploads\\\/2026\\\/08\\\/201_lORCA_HS.png\",\"datePublished\":\"2026-08-23T22:00:44+00:00\",\"description\":\"Noventa a\u00f1os despu\u00e9s de su asesinato, recordamos a Federico Garc\u00eda Lorca, su lugar en la Generaci\u00f3n del 27 y la memoria todav\u00eda abierta del crimen.\",\"breadcrumb\":{\"@id\":\"https:\\\/\\\/hojassueltas.es\\\/?p=31020#breadcrumb\"},\"inLanguage\":\"es\",\"potentialAction\":[{\"@type\":\"ReadAction\",\"target\":[\"https:\\\/\\\/hojassueltas.es\\\/?p=31020\"]}]},{\"@type\":\"ImageObject\",\"inLanguage\":\"es\",\"@id\":\"https:\\\/\\\/hojassueltas.es\\\/?p=31020#primaryimage\",\"url\":\"https:\\\/\\\/hojassueltas.es\\\/wp-content\\\/uploads\\\/2026\\\/08\\\/201_lORCA_HS.png\",\"contentUrl\":\"https:\\\/\\\/hojassueltas.es\\\/wp-content\\\/uploads\\\/2026\\\/08\\\/201_lORCA_HS.png\",\"width\":1920,\"height\":1280},{\"@type\":\"BreadcrumbList\",\"@id\":\"https:\\\/\\\/hojassueltas.es\\\/?p=31020#breadcrumb\",\"itemListElement\":[{\"@type\":\"ListItem\",\"position\":1,\"name\":\"Portada\",\"item\":\"https:\\\/\\\/hojassueltas.es\\\/\"},{\"@type\":\"ListItem\",\"position\":2,\"name\":\"Federico Garc\u00eda Lorca, noventa a\u00f1os despu\u00e9s: el crimen que no pudo clausurar su obra\"}]},{\"@type\":\"WebSite\",\"@id\":\"https:\\\/\\\/hojassueltas.es\\\/#website\",\"url\":\"https:\\\/\\\/hojassueltas.es\\\/\",\"name\":\"HojasSueltas.es\",\"description\":\"Peri\u00f3dico Cultural\",\"publisher\":{\"@id\":\"https:\\\/\\\/hojassueltas.es\\\/#organization\"},\"alternateName\":\"H.S. Periodico Cultural\",\"potentialAction\":[{\"@type\":\"SearchAction\",\"target\":{\"@type\":\"EntryPoint\",\"urlTemplate\":\"https:\\\/\\\/hojassueltas.es\\\/?s={search_term_string}\"},\"query-input\":{\"@type\":\"PropertyValueSpecification\",\"valueRequired\":true,\"valueName\":\"search_term_string\"}}],\"inLanguage\":\"es\"},{\"@type\":\"Organization\",\"@id\":\"https:\\\/\\\/hojassueltas.es\\\/#organization\",\"name\":\"HOJAS SUELTAS - Peri\u00f3dico Cultural\",\"alternateName\":\"HS - HOJAS SUELTAS Peri\u00f3dico Cultural\",\"url\":\"https:\\\/\\\/hojassueltas.es\\\/\",\"logo\":{\"@type\":\"ImageObject\",\"inLanguage\":\"es\",\"@id\":\"https:\\\/\\\/hojassueltas.es\\\/#\\\/schema\\\/logo\\\/image\\\/\",\"url\":\"https:\\\/\\\/hojassueltas.es\\\/wp-content\\\/uploads\\\/2025\\\/08\\\/Icono-HS_2.png\",\"contentUrl\":\"https:\\\/\\\/hojassueltas.es\\\/wp-content\\\/uploads\\\/2025\\\/08\\\/Icono-HS_2.png\",\"width\":500,\"height\":500,\"caption\":\"HOJAS SUELTAS - Peri\u00f3dico Cultural\"},\"image\":{\"@id\":\"https:\\\/\\\/hojassueltas.es\\\/#\\\/schema\\\/logo\\\/image\\\/\"},\"sameAs\":[\"https:\\\/\\\/x.com\\\/HOJASSUELTAS22\"]},{\"@type\":\"Person\",\"@id\":\"https:\\\/\\\/hojassueltas.es\\\/#\\\/schema\\\/person\\\/9e73b75874998dd9b093c599d194f858\",\"name\":\"Punto y Seguido - Pilar Santisteban\",\"image\":{\"@type\":\"ImageObject\",\"inLanguage\":\"es\",\"@id\":\"https:\\\/\\\/hojassueltas.es\\\/wp-content\\\/uploads\\\/2026\\\/02\\\/Pilar-Santisteban_3-96x96.png\",\"url\":\"https:\\\/\\\/hojassueltas.es\\\/wp-content\\\/uploads\\\/2026\\\/02\\\/Pilar-Santisteban_3-96x96.png\",\"contentUrl\":\"https:\\\/\\\/hojassueltas.es\\\/wp-content\\\/uploads\\\/2026\\\/02\\\/Pilar-Santisteban_3-96x96.png\",\"caption\":\"Punto y Seguido - Pilar Santisteban\"},\"description\":\"Salmantina. Licenciada en Filosof\u00eda y Letras. Filolog\u00eda Hispanica. Se define como raton de biblioteca. Su labor profesionarl se inscribe en actividades de ense\u00f1anza, promueve cursos y talleres literarios. Redactora en el equipo de Punto y Seguido de Hojas Sueltas\",\"url\":\"https:\\\/\\\/hojassueltas.es\\\/?author=95\"}]}<\/script>\n<!-- \/ Yoast SEO plugin. -->","yoast_head_json":{"title":"Federico Garc\u00eda Lorca, noventa a\u00f1os despu\u00e9s: el crimen que no pudo clausurar su obra | 201-CIEN A\u00d1OS DE LA GENERACI\u00d3N DEL 27 | HOJAS SUELTAS","description":"Noventa a\u00f1os despu\u00e9s de su asesinato, recordamos a Federico Garc\u00eda Lorca, su lugar en la Generaci\u00f3n del 27 y la memoria todav\u00eda abierta del crimen.","robots":{"index":"index","follow":"follow","max-snippet":"max-snippet:-1","max-image-preview":"max-image-preview:large","max-video-preview":"max-video-preview:-1"},"canonical":"https:\/\/hojassueltas.es\/?p=31020","og_locale":"es_ES","og_type":"article","og_title":"Federico Garc\u00eda Lorca, noventa a\u00f1os despu\u00e9s: el crimen que no pudo clausurar su obra | 201-CIEN A\u00d1OS DE LA GENERACI\u00d3N DEL 27 | HOJAS SUELTAS","og_description":"Noventa a\u00f1os despu\u00e9s de su asesinato, recordamos a Federico Garc\u00eda Lorca, su lugar en la Generaci\u00f3n del 27 y la memoria todav\u00eda abierta del crimen.","og_url":"https:\/\/hojassueltas.es\/?p=31020","og_site_name":"HOJAS SUELTAS","article_published_time":"2026-08-23T22:00:44+00:00","og_image":[{"width":915,"height":610,"url":"https:\/\/hojassueltas.es\/wp-content\/uploads\/2026\/08\/201_lORCA_HS-915x610.png","type":"image\/png"}],"author":"Punto y Seguido - Pilar Santisteban","twitter_card":"summary_large_image","twitter_creator":"@HOJASSUELTAS22","twitter_site":"@HOJASSUELTAS22","twitter_misc":{"Escrito por":"Punto y Seguido - Pilar Santisteban","Tiempo de lectura":"7 minutos"},"schema":{"@context":"https:\/\/schema.org","@graph":[{"@type":["Article","BlogPosting"],"@id":"https:\/\/hojassueltas.es\/?p=31020#article","isPartOf":{"@id":"https:\/\/hojassueltas.es\/?p=31020"},"author":{"name":"Punto y Seguido - Pilar Santisteban","@id":"https:\/\/hojassueltas.es\/#\/schema\/person\/9e73b75874998dd9b093c599d194f858"},"headline":"Federico Garc\u00eda Lorca, noventa a\u00f1os despu\u00e9s: el crimen que no pudo clausurar su obra","datePublished":"2026-08-23T22:00:44+00:00","mainEntityOfPage":{"@id":"https:\/\/hojassueltas.es\/?p=31020"},"wordCount":1597,"publisher":{"@id":"https:\/\/hojassueltas.es\/#organization"},"image":{"@id":"https:\/\/hojassueltas.es\/?p=31020#primaryimage"},"thumbnailUrl":"https:\/\/hojassueltas.es\/wp-content\/uploads\/2026\/08\/201_lORCA_HS.png","keywords":["asesinato de Lorca","Federico Garc\u00eda Lorca","generacion-del-27","Guerra Civil Espa\u00f1ola","memoria hist\u00f3rica","poes\u00eda espa\u00f1ola"],"articleSection":["*EN PORTADA","201-CIEN A\u00d1OS DE LA GENERACI\u00d3N DEL 27"],"inLanguage":"es"},{"@type":"WebPage","@id":"https:\/\/hojassueltas.es\/?p=31020","url":"https:\/\/hojassueltas.es\/?p=31020","name":"Federico Garc\u00eda Lorca, noventa a\u00f1os despu\u00e9s: el crimen que no pudo clausurar su obra | 201-CIEN A\u00d1OS DE LA GENERACI\u00d3N DEL 27 | HOJAS SUELTAS","isPartOf":{"@id":"https:\/\/hojassueltas.es\/#website"},"primaryImageOfPage":{"@id":"https:\/\/hojassueltas.es\/?p=31020#primaryimage"},"image":{"@id":"https:\/\/hojassueltas.es\/?p=31020#primaryimage"},"thumbnailUrl":"https:\/\/hojassueltas.es\/wp-content\/uploads\/2026\/08\/201_lORCA_HS.png","datePublished":"2026-08-23T22:00:44+00:00","description":"Noventa a\u00f1os despu\u00e9s de su asesinato, recordamos a Federico Garc\u00eda Lorca, su lugar en la Generaci\u00f3n del 27 y la memoria todav\u00eda abierta del crimen.","breadcrumb":{"@id":"https:\/\/hojassueltas.es\/?p=31020#breadcrumb"},"inLanguage":"es","potentialAction":[{"@type":"ReadAction","target":["https:\/\/hojassueltas.es\/?p=31020"]}]},{"@type":"ImageObject","inLanguage":"es","@id":"https:\/\/hojassueltas.es\/?p=31020#primaryimage","url":"https:\/\/hojassueltas.es\/wp-content\/uploads\/2026\/08\/201_lORCA_HS.png","contentUrl":"https:\/\/hojassueltas.es\/wp-content\/uploads\/2026\/08\/201_lORCA_HS.png","width":1920,"height":1280},{"@type":"BreadcrumbList","@id":"https:\/\/hojassueltas.es\/?p=31020#breadcrumb","itemListElement":[{"@type":"ListItem","position":1,"name":"Portada","item":"https:\/\/hojassueltas.es\/"},{"@type":"ListItem","position":2,"name":"Federico Garc\u00eda Lorca, noventa a\u00f1os despu\u00e9s: el crimen que no pudo clausurar su obra"}]},{"@type":"WebSite","@id":"https:\/\/hojassueltas.es\/#website","url":"https:\/\/hojassueltas.es\/","name":"HojasSueltas.es","description":"Peri\u00f3dico Cultural","publisher":{"@id":"https:\/\/hojassueltas.es\/#organization"},"alternateName":"H.S. Periodico Cultural","potentialAction":[{"@type":"SearchAction","target":{"@type":"EntryPoint","urlTemplate":"https:\/\/hojassueltas.es\/?s={search_term_string}"},"query-input":{"@type":"PropertyValueSpecification","valueRequired":true,"valueName":"search_term_string"}}],"inLanguage":"es"},{"@type":"Organization","@id":"https:\/\/hojassueltas.es\/#organization","name":"HOJAS SUELTAS - Peri\u00f3dico Cultural","alternateName":"HS - HOJAS SUELTAS Peri\u00f3dico Cultural","url":"https:\/\/hojassueltas.es\/","logo":{"@type":"ImageObject","inLanguage":"es","@id":"https:\/\/hojassueltas.es\/#\/schema\/logo\/image\/","url":"https:\/\/hojassueltas.es\/wp-content\/uploads\/2025\/08\/Icono-HS_2.png","contentUrl":"https:\/\/hojassueltas.es\/wp-content\/uploads\/2025\/08\/Icono-HS_2.png","width":500,"height":500,"caption":"HOJAS SUELTAS - Peri\u00f3dico Cultural"},"image":{"@id":"https:\/\/hojassueltas.es\/#\/schema\/logo\/image\/"},"sameAs":["https:\/\/x.com\/HOJASSUELTAS22"]},{"@type":"Person","@id":"https:\/\/hojassueltas.es\/#\/schema\/person\/9e73b75874998dd9b093c599d194f858","name":"Punto y Seguido - Pilar Santisteban","image":{"@type":"ImageObject","inLanguage":"es","@id":"https:\/\/hojassueltas.es\/wp-content\/uploads\/2026\/02\/Pilar-Santisteban_3-96x96.png","url":"https:\/\/hojassueltas.es\/wp-content\/uploads\/2026\/02\/Pilar-Santisteban_3-96x96.png","contentUrl":"https:\/\/hojassueltas.es\/wp-content\/uploads\/2026\/02\/Pilar-Santisteban_3-96x96.png","caption":"Punto y Seguido - Pilar Santisteban"},"description":"Salmantina. Licenciada en Filosof\u00eda y Letras. Filolog\u00eda Hispanica. Se define como raton de biblioteca. Su labor profesionarl se inscribe en actividades de ense\u00f1anza, promueve cursos y talleres literarios. Redactora en el equipo de Punto y Seguido de Hojas Sueltas","url":"https:\/\/hojassueltas.es\/?author=95"}]}},"_links":{"self":[{"href":"https:\/\/hojassueltas.es\/index.php?rest_route=\/wp\/v2\/posts\/31020","targetHints":{"allow":["GET"]}}],"collection":[{"href":"https:\/\/hojassueltas.es\/index.php?rest_route=\/wp\/v2\/posts"}],"about":[{"href":"https:\/\/hojassueltas.es\/index.php?rest_route=\/wp\/v2\/types\/post"}],"author":[{"embeddable":true,"href":"https:\/\/hojassueltas.es\/index.php?rest_route=\/wp\/v2\/users\/95"}],"replies":[{"embeddable":true,"href":"https:\/\/hojassueltas.es\/index.php?rest_route=%2Fwp%2Fv2%2Fcomments&post=31020"}],"version-history":[{"count":1,"href":"https:\/\/hojassueltas.es\/index.php?rest_route=\/wp\/v2\/posts\/31020\/revisions"}],"predecessor-version":[{"id":31022,"href":"https:\/\/hojassueltas.es\/index.php?rest_route=\/wp\/v2\/posts\/31020\/revisions\/31022"}],"wp:featuredmedia":[{"embeddable":true,"href":"https:\/\/hojassueltas.es\/index.php?rest_route=\/wp\/v2\/media\/31021"}],"wp:attachment":[{"href":"https:\/\/hojassueltas.es\/index.php?rest_route=%2Fwp%2Fv2%2Fmedia&parent=31020"}],"wp:term":[{"taxonomy":"category","embeddable":true,"href":"https:\/\/hojassueltas.es\/index.php?rest_route=%2Fwp%2Fv2%2Fcategories&post=31020"},{"taxonomy":"post_tag","embeddable":true,"href":"https:\/\/hojassueltas.es\/index.php?rest_route=%2Fwp%2Fv2%2Ftags&post=31020"}],"curies":[{"name":"wp","href":"https:\/\/api.w.org\/{rel}","templated":true}]}}