{"id":30955,"date":"2026-08-19T00:00:22","date_gmt":"2026-08-18T22:00:22","guid":{"rendered":"https:\/\/hojassueltas.es\/?p=30955"},"modified":"2026-08-23T20:55:43","modified_gmt":"2026-08-23T18:55:43","slug":"el-gran-frio-de-rosa-ribas-y-sabine-hofmann-6","status":"publish","type":"post","link":"https:\/\/hojassueltas.es\/?p=30955","title":{"rendered":"El gran fr\u00edo, de Rosa Ribas y Sabine Hofmann [6]"},"content":{"rendered":"<h2 class=\"western\" align=\"justify\"><span style=\"font-family: Georgia, serif;\"><span style=\"font-size: large;\">Rosa Ribas y Sabine Hofmann convierten la Espa\u00f1a rural de 1956 en un territorio dominado por el caciquismo, la superstici\u00f3n y el silencio<\/span><\/span><\/h2>\n<p align=\"justify\"><span style=\"font-family: Georgia, serif;\"><span style=\"font-size: large;\">En <\/span><\/span><em><span style=\"font-family: Georgia, serif;\"><span style=\"font-size: large;\">El gran fr\u00edo<\/span><\/span><\/em><span style=\"font-family: Georgia, serif;\"><span style=\"font-size: large;\">, segunda entrega de la trilog\u00eda protagonizada por la periodista Ana Mart\u00ed, Rosa Ribas y Sabine Hofmann abandonan la Barcelona urbana de <\/span><\/span><em><span style=\"font-family: Georgia, serif;\"><span style=\"font-size: large;\">Don de lenguas<\/span><\/span><\/em><span style=\"font-family: Georgia, serif;\"><span style=\"font-size: large;\"> para adentrarse en un peque\u00f1o pueblo del Maestrazgo aragon\u00e9s. El desplazamiento no es meramente geogr\u00e1fico: supone pasar de la vigilancia visible de las instituciones franquistas a una forma de sometimiento m\u00e1s \u00edntima, asentada en el miedo, la dependencia y la aceptaci\u00f3n colectiva del abuso.<\/span><\/span><\/p>\n<p align=\"justify\"><span style=\"font-family: Georgia, serif;\"><span style=\"font-size: large;\">La novela se sit\u00faa en febrero de 1956, durante una de las olas de fr\u00edo m\u00e1s intensas del siglo XX en Espa\u00f1a. El dato hist\u00f3rico no funciona como una simple referencia ambiental. Aquel mes registr\u00f3 temperaturas excepcionalmente bajas, nevadas persistentes e interrupciones de las comunicaciones. Ribas y Hofmann aprovechan esta realidad para construir un espacio cerrado en el que nadie puede entrar ni salir con facilidad.<\/span><\/span><\/p>\n<p align=\"justify\"><span style=\"font-family: Georgia, serif;\"><span style=\"font-size: large;\">Ana Mart\u00ed llega a Las Torres para informar sobre Isabelita, una ni\u00f1a a la que supuestamente han aparecido los estigmas de la Pasi\u00f3n. El cura y el alcalde ven en el fen\u00f3meno una oportunidad para atraer peregrinos y sacar al pueblo de su anonimato. La noticia re\u00fane todos los ingredientes del periodismo de sucesos: religi\u00f3n, infancia, misterio y emoci\u00f3n popular. Sin embargo, la reportera comprende pronto que la pretendida santidad es apenas la superficie de una realidad mucho m\u00e1s turbia.<\/span><\/span><\/p>\n<p align=\"justify\"><span style=\"font-family: Georgia, serif;\"><span style=\"font-size: large;\">El traslado al mundo rural permite a las autoras explorar otra dimensi\u00f3n de la dictadura. En Barcelona, la censura se ejerce desde los despachos, las redacciones y las comisar\u00edas. En Las Torres, el control se encuentra repartido entre el alcalde, el sacerdote, la Guardia Civil y el propietario de las tierras. Todos los vecinos saben qui\u00e9n posee la autoridad y cu\u00e1les pueden ser las consecuencias de contrariarla.<\/span><\/span><\/p>\n<p align=\"justify\"><span style=\"font-family: Georgia, serif;\"><span style=\"font-size: large;\"><a href=\"https:\/\/hojassueltas.es\/?page_id=1745\"><img loading=\"lazy\" decoding=\"async\" class=\"alignright wp-image-30728 size-medium\" src=\"https:\/\/hojassueltas.es\/wp-content\/uploads\/2026\/08\/Publicidad-MODULO-5-Robapaginas-200x300.png\" alt=\"\" width=\"200\" height=\"300\" srcset=\"https:\/\/hojassueltas.es\/wp-content\/uploads\/2026\/08\/Publicidad-MODULO-5-Robapaginas-200x300.png 200w, https:\/\/hojassueltas.es\/wp-content\/uploads\/2026\/08\/Publicidad-MODULO-5-Robapaginas-407x610.png 407w, https:\/\/hojassueltas.es\/wp-content\/uploads\/2026\/08\/Publicidad-MODULO-5-Robapaginas-768x1152.png 768w, https:\/\/hojassueltas.es\/wp-content\/uploads\/2026\/08\/Publicidad-MODULO-5-Robapaginas-150x225.png 150w, https:\/\/hojassueltas.es\/wp-content\/uploads\/2026\/08\/Publicidad-MODULO-5-Robapaginas-300x450.png 300w, https:\/\/hojassueltas.es\/wp-content\/uploads\/2026\/08\/Publicidad-MODULO-5-Robapaginas-696x1044.png 696w, https:\/\/hojassueltas.es\/wp-content\/uploads\/2026\/08\/Publicidad-MODULO-5-Robapaginas.png 1024w\" sizes=\"auto, (max-width: 200px) 100vw, 200px\" \/><\/a>La nieve cubre caminos, borra huellas y reduce el horizonte. No embellece el paisaje: lo vuelve amenazador. El fr\u00edo penetra en las casas, condiciona los movimientos y aumenta la sensaci\u00f3n de indefensi\u00f3n. Las propias autoras explicaron que buscaban crear una atm\u00f3sfera asfixiante que pudiera leerse como met\u00e1fora de la Espa\u00f1a franquista. El encierro meteorol\u00f3gico reproduce as\u00ed otro aislamiento, m\u00e1s profundo: el de una comunidad apartada del conocimiento y sometida a sus jerarqu\u00edas tradicionales.\u00a0<\/span><\/span><span style=\"font-family: Georgia, serif;\"><span style=\"font-size: large;\">Este tratamiento del paisaje aproxima la novela al <\/span><\/span><em><span style=\"font-family: Georgia, serif;\"><span style=\"font-size: large;\">noir<\/span><\/span><\/em><span style=\"font-family: Georgia, serif;\"><span style=\"font-size: large;\"> rural. El crimen ya no nace del anonimato de las grandes ciudades, sino de una sociedad donde todos se conocen y, precisamente por ello, todos callan. La proximidad no genera solidaridad, sino vigilancia. Cada vecino conoce una parte de la verdad, pero tambi\u00e9n sabe cu\u00e1nto puede perder si decide contarla.<\/span><\/span><\/p>\n<p align=\"justify\"><span style=\"font-family: Georgia, serif;\"><span style=\"font-size: large;\">La superstici\u00f3n tampoco aparece como una peculiaridad pintoresca. Es una herramienta de dominaci\u00f3n. La exaltaci\u00f3n de la \u201csantita\u201d permite que los responsables del pueblo transformen la credulidad colectiva en prestigio, obediencia y eventual provecho econ\u00f3mico. Ribas y Hofmann no ridiculizan la fe, pero s\u00ed muestran el modo en que puede ser manipulada cuando se combina con la ignorancia, la necesidad y la ausencia de una informaci\u00f3n libre.<\/span><\/span><\/p>\n<p align=\"justify\"><span style=\"font-family: Georgia, serif;\"><span style=\"font-size: large;\">Ana no es una investigadora profesional ni una hero\u00edna liberada de las limitaciones de su tiempo. Es una mujer que intenta ejercer el periodismo en un \u00e1mbito masculino y bajo una dictadura que vigila tanto lo que se publica como la identidad de quien lo escribe. Despu\u00e9s de los acontecimientos de <\/span><\/span><em><span style=\"font-family: Georgia, serif;\"><span style=\"font-size: large;\">Don de lenguas<\/span><\/span><\/em><span style=\"font-family: Georgia, serif;\"><span style=\"font-size: large;\">, ha tenido que abandonar <\/span><\/span><em><span style=\"font-family: Georgia, serif;\"><span style=\"font-size: large;\">La Vanguardia<\/span><\/span><\/em><span style=\"font-family: Georgia, serif;\"><span style=\"font-size: large;\"> y trabaja para el semanario de sucesos <\/span><\/span><em><span style=\"font-family: Georgia, serif;\"><span style=\"font-size: large;\">El Caso<\/span><\/span><\/em><span style=\"font-family: Georgia, serif;\"><span style=\"font-size: large;\">, ocult\u00e1ndose tras una firma masculina.\u00a0<\/span><\/span><span style=\"font-family: Georgia, serif;\"><span style=\"font-size: large;\">Esta fragilidad profesional constituye una de las mayores virtudes del personaje. Ana investiga porque sabe escuchar, observar las contradicciones y reconocer aquello que no encaja en el relato oficial. Pero su acceso a la verdad no garantiza que pueda publicarla. Lleva el censor incorporado a su pensamiento y conoce los eufemismos necesarios para atravesar los filtros de la prensa franquista.<\/span><\/span><\/p>\n<p align=\"justify\"><span style=\"font-family: Georgia, serif;\"><span style=\"font-size: large;\">La investigaci\u00f3n se convierte, por tanto, en una reflexi\u00f3n sobre los l\u00edmites del periodismo. Descubrir no basta. Hace falta disponer de un lenguaje capaz de transmitir lo averiguado y de un medio que permita hacerlo. Cuando esas condiciones no existen, el periodista queda atrapado entre la responsabilidad de saber y la imposibilidad de contar.<\/span><\/span><\/p>\n<p align=\"justify\"><span style=\"font-family: Georgia, serif;\"><span style=\"font-size: large;\">Ribas y Hofmann modificaron para esta novela el procedimiento seguido en <\/span><\/span><em><span style=\"font-family: Georgia, serif;\"><span style=\"font-size: large;\">Don de lenguas<\/span><\/span><\/em><span style=\"font-family: Georgia, serif;\"><span style=\"font-size: large;\">. La planificaci\u00f3n y la revisi\u00f3n continuaron siendo conjuntas, pero Rosa Ribas asumi\u00f3 la mayor parte de la redacci\u00f3n, mientras Sabine Hofmann intervino en determinados cap\u00edtulos y en el an\u00e1lisis cr\u00edtico del manuscrito. El resultado mantiene una notable unidad de tono.\u00a0<\/span><\/span><span style=\"font-family: Georgia, serif;\"><span style=\"font-size: large;\">La prosa es limpia, sobria y contenida. Las autoras evitan convertir la documentaci\u00f3n hist\u00f3rica en exhibici\u00f3n y permiten que la \u00e9poca aparezca a trav\u00e9s de los di\u00e1logos, las ropas, los alimentos, las viviendas, las relaciones laborales y los silencios. Cada personaje se define tanto por lo que dice como por lo que evita nombrar.\u00a0<\/span><\/span><span style=\"font-family: Georgia, serif;\"><span style=\"font-size: large;\">El suspense avanza mediante una administraci\u00f3n paciente de la informaci\u00f3n. La novela no depende de una sucesi\u00f3n constante de sobresaltos, sino de la creciente sospecha de que el pueblo entero protege algo. Los testimonios parciales, las hostilidades y los recuerdos incompletos forman una red que Ana debe interpretar sin saber en qui\u00e9n puede confiar.<\/span><\/span><\/p>\n<h2 class=\"western\" align=\"justify\"><span style=\"font-family: Georgia, serif;\"><span style=\"font-size: large;\">Lectura cr\u00edtica<\/span><\/span><\/h2>\n<p align=\"justify\"><em><span style=\"font-family: Georgia, serif;\"><span style=\"font-size: large;\">El gran fr\u00edo<\/span><\/span><\/em><span style=\"font-family: Georgia, serif;\"><span style=\"font-size: large;\"> es m\u00e1s convincente como novela negra de car\u00e1cter social que como simple intriga sobre unos supuestos estigmas. Su principal logro reside en mostrar que la violencia no necesita permanecer oculta cuando el poder ha conseguido que una comunidad la considere inevitable. El verdadero enigma no consiste \u00fanicamente en averiguar qu\u00e9 ocurri\u00f3, sino en comprender por qu\u00e9 tantos vecinos han aprendido a convivir con lo intolerable.\u00a0<\/span><\/span><span style=\"font-family: Georgia, serif;\"><span style=\"font-size: large;\">Algunos personajes vinculados a las autoridades responden deliberadamente a figuras reconocibles de la Espa\u00f1a rural \u2014el cacique, el alcalde, el cura\u2014 y pueden resultar menos complejos que Ana o que los habitantes situados en los m\u00e1rgenes. Sin embargo, esa concentraci\u00f3n de poderes ayuda a representar la estructura cerrada de la comunidad. La novela no afirma que todos sean igualmente culpables, pero s\u00ed examina los distintos grados de responsabilidad: actuar, consentir, beneficiarse o guardar silencio.<\/span><\/span><\/p>\n<p align=\"justify\"><span style=\"font-family: Georgia, serif;\"><span style=\"font-size: large;\">Aunque puede leerse de forma independiente, conviene comenzar por <\/span><\/span><em><span style=\"font-family: Georgia, serif;\"><span style=\"font-size: large;\">Don de lenguas<\/span><\/span><\/em><span style=\"font-family: Georgia, serif;\"><span style=\"font-size: large;\">, donde se presentan Ana Mart\u00ed, su entorno familiar y las dificultades de una periodista en la Barcelona de 1952. <\/span><\/span><em><span style=\"font-family: Georgia, serif;\"><span style=\"font-size: large;\">El gran fr\u00edo<\/span><\/span><\/em><span style=\"font-family: Georgia, serif;\"><span style=\"font-size: large;\"> constituye despu\u00e9s la entrega m\u00e1s sombr\u00eda y claustrof\u00f3bica de la serie. <\/span><\/span><em><span style=\"font-family: Georgia, serif;\"><span style=\"font-size: large;\">Azul marino<\/span><\/span><\/em><span style=\"font-family: Georgia, serif;\"><span style=\"font-size: large;\">, ambientada en 1959, cierra el recorrido por una d\u00e9cada en la que el r\u00e9gimen comienza a modificar su apariencia sin renunciar a sus mecanismos de control.<\/span><\/span><\/p>\n<p align=\"justify\"><span style=\"font-family: Georgia, serif;\"><span style=\"font-size: large;\">Ribas y Hofmann utilizan el g\u00e9nero negro para iluminar las zonas que la historia oficial prefiri\u00f3 mantener en sombra. En <\/span><\/span><em><span style=\"font-family: Georgia, serif;\"><span style=\"font-size: large;\">El gran fr\u00edo<\/span><\/span><\/em><span style=\"font-family: Georgia, serif;\"><span style=\"font-size: large;\">, la nieve no purifica ni oculta por completo: conserva las huellas de una sociedad en la que la verdad resulta peligrosa y el silencio se ha convertido en una forma cotidiana de supervivencia.<\/span><\/span><\/p>\n<h3 class=\"western\" align=\"justify\"><span style=\"font-family: Georgia, serif; font-size: 16px;\">Fuentes\u00a0<\/span><\/h3>\n<ul>\n<li>\n<p align=\"justify\"><span style=\"font-size: 16px;\"><span style=\"font-family: Georgia, serif;\">Rosa Ribas y Sabine Hofmann, <\/span><em><span style=\"font-family: Georgia, serif;\">El gran fr\u00edo<\/span><\/em><span style=\"font-family: Georgia, serif;\">, Ediciones Siruela, 2014. <a href=\"https:\/\/www.siruela.com\/catalogo.php?id_libro=2485\"><span style=\"color: #993300;\">Ficha editorial de Siruela<\/span><\/a><span style=\"color: #993300;\">.<\/span><\/span><\/span><\/p>\n<\/li>\n<li>\n<p align=\"justify\"><span style=\"font-size: 16px;\"><span style=\"font-family: Georgia, serif;\">Laura de Andr\u00e9s, <a href=\"https:\/\/leerencasodeincendio.wordpress.com\/2014\/11\/03\/entrevista-con-rosa-ribas-y-sabine-hofmann-autoras-de-el-gran-frio\/\"><span style=\"color: #993300;\">\u00abEntrevista con Rosa Ribas y Sabine Hofmann, autoras de <\/span><\/a><\/span><span style=\"color: #993300;\"><a style=\"color: #993300;\" href=\"https:\/\/leerencasodeincendio.wordpress.com\/2014\/11\/03\/entrevista-con-rosa-ribas-y-sabine-hofmann-autoras-de-el-gran-frio\/\"><em><span style=\"font-family: Georgia, serif;\">El gran fr\u00edo<\/span><\/em><span style=\"font-family: Georgia, serif;\">\u00bb<\/span><\/a><\/span><span style=\"font-family: Georgia, serif;\">, <\/span><em><span style=\"font-family: Georgia, serif;\">Leer en caso de incendio<\/span><\/em><span style=\"font-family: Georgia, serif;\">.<\/span><\/span><\/p>\n<\/li>\n<li>\n<p align=\"justify\"><span style=\"font-size: 16px;\"><span style=\"font-family: Georgia, serif;\">Juan Carlos Galindo, <a href=\"https:\/\/elpais.com\/cultura\/2015\/10\/22\/actualidad\/1445534731_974086.html\"><span style=\"color: #993300;\">\u00abRibas y Hofmann: historia de un m\u00e9todo literario suicida y valiente\u00bb<\/span><\/a>, <\/span><em><span style=\"font-family: Georgia, serif;\">El Pa\u00eds<\/span><\/em><span style=\"font-family: Georgia, serif;\">.<\/span><\/span><\/p>\n<\/li>\n<li>\n<p align=\"justify\"><span style=\"font-family: Georgia, serif; font-size: 16px;\">Elena Nieto Dom\u00ednguez, <a href=\"https:\/\/www.academia.edu\/70791602\/El_mestizaje_en_la_novela_negra_el_caso_de_Rosa_Ribas_y_Sabine_Hofmann\"><span style=\"color: #993300;\">\u00abEl mestizaje en la novela negra: el caso de Rosa Ribas y Sabine Hofmann\u00bb<\/span><\/a>, Universidad de Salamanca.<\/span><\/p>\n<\/li>\n<li>\n<p align=\"justify\"><span style=\"font-family: Georgia, serif; font-size: 16px;\">Jos\u00e9 Miguel Vi\u00f1as, <span style=\"color: #993300;\"><a style=\"color: #993300;\" href=\"https:\/\/repositorio.aemet.es\/bitstream\/20.500.11765\/2564\/1\/TyC_2006_12_01.pdf\">\u00abCincuentenario del gran fr\u00edo de febrero del 56\u00bb<\/a><\/span>, repositorio de la Agencia Estatal de Meteorolog\u00eda.<\/span><\/p>\n<\/li>\n<\/ul>\n<p>PUNTO Y SEGUIDO &#8211; MARCOS G\u00d3MEZ PUERTAS<\/p>\n","protected":false},"excerpt":{"rendered":"<p>Rosa Ribas y Sabine Hofmann convierten la Espa\u00f1a rural de 1956 en un territorio dominado por el caciquismo, la superstici\u00f3n y el silencio En El gran fr\u00edo, segunda entrega de la trilog\u00eda protagonizada por la periodista Ana Mart\u00ed, Rosa Ribas y Sabine Hofmann abandonan la Barcelona urbana de Don de lenguas para adentrarse en un [&hellip;]<\/p>\n","protected":false},"author":94,"featured_media":30956,"comment_status":"closed","ping_status":"closed","sticky":false,"template":"","format":"standard","meta":{"footnotes":""},"categories":[2158],"tags":[3951,3949,3952,3309,520,3950],"class_list":["post-30955","post","type-post","status-publish","format-standard","has-post-thumbnail","category-maestros-de-la-novela-negra","tag-ana-marti","tag-novela-negra-espanola","tag-rosa-ribas","tag-sabine-hofmann"],"yoast_head":"<!-- This site is optimized with the Yoast SEO plugin v28.4 - https:\/\/yoast.com\/product\/yoast-seo-wordpress\/ -->\n<title>El gran fr\u00edo, de Rosa Ribas y Sabine Hofmann [6] | 506-MAESTROS DE LA NOVELA NEGRA | HOJAS SUELTAS<\/title>\n<meta name=\"description\" content=\"Rese\u00f1a de El gran fr\u00edo, de Rosa Ribas y Sabine Hofmann: novela negra, periodismo y miedo en la Espa\u00f1a rural y franquista de 1956.\" \/>\n<meta name=\"robots\" content=\"index, follow, max-snippet:-1, max-image-preview:large, max-video-preview:-1\" \/>\n<link rel=\"canonical\" href=\"https:\/\/hojassueltas.es\/?p=30955\" \/>\n<meta property=\"og:locale\" content=\"es_ES\" \/>\n<meta property=\"og:type\" content=\"article\" \/>\n<meta property=\"og:title\" content=\"El gran fr\u00edo, de Rosa Ribas y Sabine Hofmann [6] | 506-MAESTROS DE LA NOVELA NEGRA | HOJAS SUELTAS\" \/>\n<meta property=\"og:description\" content=\"Rese\u00f1a de El gran fr\u00edo, de Rosa Ribas y Sabine Hofmann: novela negra, periodismo y miedo en la Espa\u00f1a rural y franquista de 1956.\" \/>\n<meta property=\"og:url\" content=\"https:\/\/hojassueltas.es\/?p=30955\" \/>\n<meta property=\"og:site_name\" content=\"HOJAS SUELTAS\" \/>\n<meta property=\"article:published_time\" content=\"2026-08-18T22:00:22+00:00\" \/>\n<meta property=\"article:modified_time\" content=\"2026-08-23T18:55:43+00:00\" \/>\n<meta property=\"og:image\" content=\"https:\/\/hojassueltas.es\/wp-content\/uploads\/2026\/08\/0506_l-gran-frio-_HS-915x610.png\" \/>\n\t<meta property=\"og:image:width\" content=\"915\" \/>\n\t<meta property=\"og:image:height\" content=\"610\" \/>\n\t<meta property=\"og:image:type\" content=\"image\/png\" \/>\n<meta name=\"author\" content=\"Punto y Seguido - Marcos G\u00f3mez-Puertas\" \/>\n<meta name=\"twitter:card\" content=\"summary_large_image\" \/>\n<meta name=\"twitter:creator\" content=\"@HOJASSUELTAS22\" \/>\n<meta name=\"twitter:site\" content=\"@HOJASSUELTAS22\" \/>\n<meta name=\"twitter:label1\" content=\"Escrito por\" \/>\n\t<meta name=\"twitter:data1\" content=\"Punto y Seguido - Marcos G\u00f3mez-Puertas\" \/>\n\t<meta name=\"twitter:label2\" content=\"Tiempo de lectura\" \/>\n\t<meta name=\"twitter:data2\" content=\"7 minutos\" \/>\n<script type=\"application\/ld+json\" class=\"yoast-schema-graph\">{\"@context\":\"https:\\\/\\\/schema.org\",\"@graph\":[{\"@type\":[\"Article\",\"BlogPosting\"],\"@id\":\"https:\\\/\\\/hojassueltas.es\\\/?p=30955#article\",\"isPartOf\":{\"@id\":\"https:\\\/\\\/hojassueltas.es\\\/?p=30955\"},\"author\":{\"name\":\"Punto y Seguido - Marcos G\u00f3mez-Puertas\",\"@id\":\"https:\\\/\\\/hojassueltas.es\\\/#\\\/schema\\\/person\\\/74898c937e096a898bdf112cf2f94879\"},\"headline\":\"El gran fr\u00edo, de Rosa Ribas y Sabine Hofmann [6]\",\"datePublished\":\"2026-08-18T22:00:22+00:00\",\"dateModified\":\"2026-08-23T18:55:43+00:00\",\"mainEntityOfPage\":{\"@id\":\"https:\\\/\\\/hojassueltas.es\\\/?p=30955\"},\"wordCount\":1319,\"publisher\":{\"@id\":\"https:\\\/\\\/hojassueltas.es\\\/#organization\"},\"image\":{\"@id\":\"https:\\\/\\\/hojassueltas.es\\\/?p=30955#primaryimage\"},\"thumbnailUrl\":\"https:\\\/\\\/hojassueltas.es\\\/wp-content\\\/uploads\\\/2026\\\/08\\\/0506_l-gran-frio-_HS.png\",\"keywords\":[\"Ana Mart\u00ed\",\"El gran fr\u00edo\",\"Espa\u00f1a rural franquista\",\"novela negra espa\u00f1ola\",\"Rosa Ribas\",\"Sabine Hofmann\"],\"articleSection\":[\"506-MAESTROS DE LA NOVELA NEGRA\"],\"inLanguage\":\"es\"},{\"@type\":\"WebPage\",\"@id\":\"https:\\\/\\\/hojassueltas.es\\\/?p=30955\",\"url\":\"https:\\\/\\\/hojassueltas.es\\\/?p=30955\",\"name\":\"El gran fr\u00edo, de Rosa Ribas y Sabine Hofmann [6] | 506-MAESTROS DE LA NOVELA NEGRA | HOJAS SUELTAS\",\"isPartOf\":{\"@id\":\"https:\\\/\\\/hojassueltas.es\\\/#website\"},\"primaryImageOfPage\":{\"@id\":\"https:\\\/\\\/hojassueltas.es\\\/?p=30955#primaryimage\"},\"image\":{\"@id\":\"https:\\\/\\\/hojassueltas.es\\\/?p=30955#primaryimage\"},\"thumbnailUrl\":\"https:\\\/\\\/hojassueltas.es\\\/wp-content\\\/uploads\\\/2026\\\/08\\\/0506_l-gran-frio-_HS.png\",\"datePublished\":\"2026-08-18T22:00:22+00:00\",\"dateModified\":\"2026-08-23T18:55:43+00:00\",\"description\":\"Rese\u00f1a de El gran fr\u00edo, de Rosa Ribas y Sabine Hofmann: novela negra, periodismo y miedo en la Espa\u00f1a rural y franquista de 1956.\",\"breadcrumb\":{\"@id\":\"https:\\\/\\\/hojassueltas.es\\\/?p=30955#breadcrumb\"},\"inLanguage\":\"es\",\"potentialAction\":[{\"@type\":\"ReadAction\",\"target\":[\"https:\\\/\\\/hojassueltas.es\\\/?p=30955\"]}]},{\"@type\":\"ImageObject\",\"inLanguage\":\"es\",\"@id\":\"https:\\\/\\\/hojassueltas.es\\\/?p=30955#primaryimage\",\"url\":\"https:\\\/\\\/hojassueltas.es\\\/wp-content\\\/uploads\\\/2026\\\/08\\\/0506_l-gran-frio-_HS.png\",\"contentUrl\":\"https:\\\/\\\/hojassueltas.es\\\/wp-content\\\/uploads\\\/2026\\\/08\\\/0506_l-gran-frio-_HS.png\",\"width\":1536,\"height\":1024},{\"@type\":\"BreadcrumbList\",\"@id\":\"https:\\\/\\\/hojassueltas.es\\\/?p=30955#breadcrumb\",\"itemListElement\":[{\"@type\":\"ListItem\",\"position\":1,\"name\":\"Portada\",\"item\":\"https:\\\/\\\/hojassueltas.es\\\/\"},{\"@type\":\"ListItem\",\"position\":2,\"name\":\"El gran fr\u00edo, de Rosa Ribas y Sabine Hofmann [6]\"}]},{\"@type\":\"WebSite\",\"@id\":\"https:\\\/\\\/hojassueltas.es\\\/#website\",\"url\":\"https:\\\/\\\/hojassueltas.es\\\/\",\"name\":\"HojasSueltas.es\",\"description\":\"Peri\u00f3dico Cultural\",\"publisher\":{\"@id\":\"https:\\\/\\\/hojassueltas.es\\\/#organization\"},\"alternateName\":\"H.S. Periodico Cultural\",\"potentialAction\":[{\"@type\":\"SearchAction\",\"target\":{\"@type\":\"EntryPoint\",\"urlTemplate\":\"https:\\\/\\\/hojassueltas.es\\\/?s={search_term_string}\"},\"query-input\":{\"@type\":\"PropertyValueSpecification\",\"valueRequired\":true,\"valueName\":\"search_term_string\"}}],\"inLanguage\":\"es\"},{\"@type\":\"Organization\",\"@id\":\"https:\\\/\\\/hojassueltas.es\\\/#organization\",\"name\":\"HOJAS SUELTAS - Peri\u00f3dico Cultural\",\"alternateName\":\"HS - HOJAS SUELTAS Peri\u00f3dico Cultural\",\"url\":\"https:\\\/\\\/hojassueltas.es\\\/\",\"logo\":{\"@type\":\"ImageObject\",\"inLanguage\":\"es\",\"@id\":\"https:\\\/\\\/hojassueltas.es\\\/#\\\/schema\\\/logo\\\/image\\\/\",\"url\":\"https:\\\/\\\/hojassueltas.es\\\/wp-content\\\/uploads\\\/2025\\\/08\\\/Icono-HS_2.png\",\"contentUrl\":\"https:\\\/\\\/hojassueltas.es\\\/wp-content\\\/uploads\\\/2025\\\/08\\\/Icono-HS_2.png\",\"width\":500,\"height\":500,\"caption\":\"HOJAS SUELTAS - Peri\u00f3dico Cultural\"},\"image\":{\"@id\":\"https:\\\/\\\/hojassueltas.es\\\/#\\\/schema\\\/logo\\\/image\\\/\"},\"sameAs\":[\"https:\\\/\\\/x.com\\\/HOJASSUELTAS22\"]},{\"@type\":\"Person\",\"@id\":\"https:\\\/\\\/hojassueltas.es\\\/#\\\/schema\\\/person\\\/74898c937e096a898bdf112cf2f94879\",\"name\":\"Punto y Seguido - Marcos G\u00f3mez-Puertas\",\"image\":{\"@type\":\"ImageObject\",\"inLanguage\":\"es\",\"@id\":\"https:\\\/\\\/hojassueltas.es\\\/wp-content\\\/uploads\\\/2026\\\/02\\\/Marcos-Gomez-Puertas_3-96x96.png\",\"url\":\"https:\\\/\\\/hojassueltas.es\\\/wp-content\\\/uploads\\\/2026\\\/02\\\/Marcos-Gomez-Puertas_3-96x96.png\",\"contentUrl\":\"https:\\\/\\\/hojassueltas.es\\\/wp-content\\\/uploads\\\/2026\\\/02\\\/Marcos-Gomez-Puertas_3-96x96.png\",\"caption\":\"Punto y Seguido - Marcos G\u00f3mez-Puertas\"},\"description\":\"Toledano. Psicologo. Escritor bajo seud\u00f3nimo de novelas de g\u00e9nero negro y suspense. Asiste, cuando su profesi\u00f3n se lo permite, a festivales noir. Lector apasionado, rese\u00f1a novelas de vez en cuando.\",\"url\":\"https:\\\/\\\/hojassueltas.es\\\/?author=94\"}]}<\/script>\n<!-- \/ Yoast SEO plugin. -->","yoast_head_json":{"title":"El gran fr\u00edo, de Rosa Ribas y Sabine Hofmann [6] | 506-MAESTROS DE LA NOVELA NEGRA | HOJAS SUELTAS","description":"Rese\u00f1a de El gran fr\u00edo, de Rosa Ribas y Sabine Hofmann: novela negra, periodismo y miedo en la Espa\u00f1a rural y franquista de 1956.","robots":{"index":"index","follow":"follow","max-snippet":"max-snippet:-1","max-image-preview":"max-image-preview:large","max-video-preview":"max-video-preview:-1"},"canonical":"https:\/\/hojassueltas.es\/?p=30955","og_locale":"es_ES","og_type":"article","og_title":"El gran fr\u00edo, de Rosa Ribas y Sabine Hofmann [6] | 506-MAESTROS DE LA NOVELA NEGRA | HOJAS SUELTAS","og_description":"Rese\u00f1a de El gran fr\u00edo, de Rosa Ribas y Sabine Hofmann: novela negra, periodismo y miedo en la Espa\u00f1a rural y franquista de 1956.","og_url":"https:\/\/hojassueltas.es\/?p=30955","og_site_name":"HOJAS SUELTAS","article_published_time":"2026-08-18T22:00:22+00:00","article_modified_time":"2026-08-23T18:55:43+00:00","og_image":[{"width":915,"height":610,"url":"https:\/\/hojassueltas.es\/wp-content\/uploads\/2026\/08\/0506_l-gran-frio-_HS-915x610.png","type":"image\/png"}],"author":"Punto y Seguido - Marcos G\u00f3mez-Puertas","twitter_card":"summary_large_image","twitter_creator":"@HOJASSUELTAS22","twitter_site":"@HOJASSUELTAS22","twitter_misc":{"Escrito por":"Punto y Seguido - Marcos G\u00f3mez-Puertas","Tiempo de lectura":"7 minutos"},"schema":{"@context":"https:\/\/schema.org","@graph":[{"@type":["Article","BlogPosting"],"@id":"https:\/\/hojassueltas.es\/?p=30955#article","isPartOf":{"@id":"https:\/\/hojassueltas.es\/?p=30955"},"author":{"name":"Punto y Seguido - Marcos G\u00f3mez-Puertas","@id":"https:\/\/hojassueltas.es\/#\/schema\/person\/74898c937e096a898bdf112cf2f94879"},"headline":"El gran fr\u00edo, de Rosa Ribas y Sabine Hofmann [6]","datePublished":"2026-08-18T22:00:22+00:00","dateModified":"2026-08-23T18:55:43+00:00","mainEntityOfPage":{"@id":"https:\/\/hojassueltas.es\/?p=30955"},"wordCount":1319,"publisher":{"@id":"https:\/\/hojassueltas.es\/#organization"},"image":{"@id":"https:\/\/hojassueltas.es\/?p=30955#primaryimage"},"thumbnailUrl":"https:\/\/hojassueltas.es\/wp-content\/uploads\/2026\/08\/0506_l-gran-frio-_HS.png","keywords":["Ana Mart\u00ed","El gran fr\u00edo","Espa\u00f1a rural franquista","novela negra espa\u00f1ola","Rosa Ribas","Sabine Hofmann"],"articleSection":["506-MAESTROS DE LA NOVELA NEGRA"],"inLanguage":"es"},{"@type":"WebPage","@id":"https:\/\/hojassueltas.es\/?p=30955","url":"https:\/\/hojassueltas.es\/?p=30955","name":"El gran fr\u00edo, de Rosa Ribas y Sabine Hofmann [6] | 506-MAESTROS DE LA NOVELA NEGRA | HOJAS SUELTAS","isPartOf":{"@id":"https:\/\/hojassueltas.es\/#website"},"primaryImageOfPage":{"@id":"https:\/\/hojassueltas.es\/?p=30955#primaryimage"},"image":{"@id":"https:\/\/hojassueltas.es\/?p=30955#primaryimage"},"thumbnailUrl":"https:\/\/hojassueltas.es\/wp-content\/uploads\/2026\/08\/0506_l-gran-frio-_HS.png","datePublished":"2026-08-18T22:00:22+00:00","dateModified":"2026-08-23T18:55:43+00:00","description":"Rese\u00f1a de El gran fr\u00edo, de Rosa Ribas y Sabine Hofmann: novela negra, periodismo y miedo en la Espa\u00f1a rural y franquista de 1956.","breadcrumb":{"@id":"https:\/\/hojassueltas.es\/?p=30955#breadcrumb"},"inLanguage":"es","potentialAction":[{"@type":"ReadAction","target":["https:\/\/hojassueltas.es\/?p=30955"]}]},{"@type":"ImageObject","inLanguage":"es","@id":"https:\/\/hojassueltas.es\/?p=30955#primaryimage","url":"https:\/\/hojassueltas.es\/wp-content\/uploads\/2026\/08\/0506_l-gran-frio-_HS.png","contentUrl":"https:\/\/hojassueltas.es\/wp-content\/uploads\/2026\/08\/0506_l-gran-frio-_HS.png","width":1536,"height":1024},{"@type":"BreadcrumbList","@id":"https:\/\/hojassueltas.es\/?p=30955#breadcrumb","itemListElement":[{"@type":"ListItem","position":1,"name":"Portada","item":"https:\/\/hojassueltas.es\/"},{"@type":"ListItem","position":2,"name":"El gran fr\u00edo, de Rosa Ribas y Sabine Hofmann [6]"}]},{"@type":"WebSite","@id":"https:\/\/hojassueltas.es\/#website","url":"https:\/\/hojassueltas.es\/","name":"HojasSueltas.es","description":"Peri\u00f3dico Cultural","publisher":{"@id":"https:\/\/hojassueltas.es\/#organization"},"alternateName":"H.S. Periodico Cultural","potentialAction":[{"@type":"SearchAction","target":{"@type":"EntryPoint","urlTemplate":"https:\/\/hojassueltas.es\/?s={search_term_string}"},"query-input":{"@type":"PropertyValueSpecification","valueRequired":true,"valueName":"search_term_string"}}],"inLanguage":"es"},{"@type":"Organization","@id":"https:\/\/hojassueltas.es\/#organization","name":"HOJAS SUELTAS - Peri\u00f3dico Cultural","alternateName":"HS - HOJAS SUELTAS Peri\u00f3dico Cultural","url":"https:\/\/hojassueltas.es\/","logo":{"@type":"ImageObject","inLanguage":"es","@id":"https:\/\/hojassueltas.es\/#\/schema\/logo\/image\/","url":"https:\/\/hojassueltas.es\/wp-content\/uploads\/2025\/08\/Icono-HS_2.png","contentUrl":"https:\/\/hojassueltas.es\/wp-content\/uploads\/2025\/08\/Icono-HS_2.png","width":500,"height":500,"caption":"HOJAS SUELTAS - Peri\u00f3dico Cultural"},"image":{"@id":"https:\/\/hojassueltas.es\/#\/schema\/logo\/image\/"},"sameAs":["https:\/\/x.com\/HOJASSUELTAS22"]},{"@type":"Person","@id":"https:\/\/hojassueltas.es\/#\/schema\/person\/74898c937e096a898bdf112cf2f94879","name":"Punto y Seguido - Marcos G\u00f3mez-Puertas","image":{"@type":"ImageObject","inLanguage":"es","@id":"https:\/\/hojassueltas.es\/wp-content\/uploads\/2026\/02\/Marcos-Gomez-Puertas_3-96x96.png","url":"https:\/\/hojassueltas.es\/wp-content\/uploads\/2026\/02\/Marcos-Gomez-Puertas_3-96x96.png","contentUrl":"https:\/\/hojassueltas.es\/wp-content\/uploads\/2026\/02\/Marcos-Gomez-Puertas_3-96x96.png","caption":"Punto y Seguido - Marcos G\u00f3mez-Puertas"},"description":"Toledano. Psicologo. Escritor bajo seud\u00f3nimo de novelas de g\u00e9nero negro y suspense. Asiste, cuando su profesi\u00f3n se lo permite, a festivales noir. Lector apasionado, rese\u00f1a novelas de vez en cuando.","url":"https:\/\/hojassueltas.es\/?author=94"}]}},"_links":{"self":[{"href":"https:\/\/hojassueltas.es\/index.php?rest_route=\/wp\/v2\/posts\/30955","targetHints":{"allow":["GET"]}}],"collection":[{"href":"https:\/\/hojassueltas.es\/index.php?rest_route=\/wp\/v2\/posts"}],"about":[{"href":"https:\/\/hojassueltas.es\/index.php?rest_route=\/wp\/v2\/types\/post"}],"author":[{"embeddable":true,"href":"https:\/\/hojassueltas.es\/index.php?rest_route=\/wp\/v2\/users\/94"}],"replies":[{"embeddable":true,"href":"https:\/\/hojassueltas.es\/index.php?rest_route=%2Fwp%2Fv2%2Fcomments&post=30955"}],"version-history":[{"count":3,"href":"https:\/\/hojassueltas.es\/index.php?rest_route=\/wp\/v2\/posts\/30955\/revisions"}],"predecessor-version":[{"id":30959,"href":"https:\/\/hojassueltas.es\/index.php?rest_route=\/wp\/v2\/posts\/30955\/revisions\/30959"}],"wp:featuredmedia":[{"embeddable":true,"href":"https:\/\/hojassueltas.es\/index.php?rest_route=\/wp\/v2\/media\/30956"}],"wp:attachment":[{"href":"https:\/\/hojassueltas.es\/index.php?rest_route=%2Fwp%2Fv2%2Fmedia&parent=30955"}],"wp:term":[{"taxonomy":"category","embeddable":true,"href":"https:\/\/hojassueltas.es\/index.php?rest_route=%2Fwp%2Fv2%2Fcategories&post=30955"},{"taxonomy":"post_tag","embeddable":true,"href":"https:\/\/hojassueltas.es\/index.php?rest_route=%2Fwp%2Fv2%2Ftags&post=30955"}],"curies":[{"name":"wp","href":"https:\/\/api.w.org\/{rel}","templated":true}]}}