{"id":30932,"date":"2026-08-18T00:00:51","date_gmt":"2026-08-17T22:00:51","guid":{"rendered":"https:\/\/hojassueltas.es\/?p=30932"},"modified":"2026-08-17T17:33:59","modified_gmt":"2026-08-17T15:33:59","slug":"los-incendios-obligan-a-evacuar-restos-reales-y-obras-de-san-juan-de-la-pena","status":"publish","type":"post","link":"https:\/\/hojassueltas.es\/?p=30932","title":{"rendered":"Los incendios obligan a evacuar restos reales y obras de San Juan de la Pe\u00f1a"},"content":{"rendered":"<p style=\"text-align: justify;\" data-start=\"82\" data-end=\"557\"><span style=\"font-family: georgia, palatino, serif; font-size: 20px;\">El avance de los incendios forestales en Arag\u00f3n oblig\u00f3 a ejecutar una operaci\u00f3n de emergencia para proteger algunos de los bienes hist\u00f3ricos conservados en el Real Monasterio de San Juan de la Pe\u00f1a, uno de los conjuntos patrimoniales m\u00e1s significativos de la Edad Media espa\u00f1ola. Ante la proximidad de las llamas, las autoridades trasladaron preventivamente los restos de tres monarcas aragoneses del siglo XI, varias pinturas y diferentes piezas textiles de valor hist\u00f3rico.<\/span><\/p>\n<p style=\"text-align: justify;\" data-start=\"559\" data-end=\"1034\"><span style=\"font-family: georgia, palatino, serif; font-size: 20px;\">Los bienes fueron evacuados al Museo de Huesca, situado a unos ochenta kil\u00f3metros del monasterio, donde quedaron depositados bajo condiciones de conservaci\u00f3n y seguridad adecuadas. En la intervenci\u00f3n participaron t\u00e9cnicos de patrimonio, miembros de las fuerzas de seguridad y efectivos de la Unidad Militar de Emergencias. La operaci\u00f3n tuvo que realizarse con rapidez, pero tambi\u00e9n con las precauciones exigidas para manipular restos humanos y objetos especialmente fr\u00e1giles.<\/span><\/p>\n<p style=\"text-align: justify;\" data-start=\"1036\" data-end=\"1468\"><span style=\"font-family: georgia, palatino, serif; font-size: 20px;\">Entre los materiales trasladados figuraban vestiduras ceremoniales pertenecientes a un conde del siglo XVIII y diversas obras pict\u00f3ricas. La evacuaci\u00f3n de los restos reales posee, adem\u00e1s, una especial relevancia simb\u00f3lica. San Juan de la Pe\u00f1a est\u00e1 estrechamente vinculado a los or\u00edgenes del Reino de Arag\u00f3n y alberga un pante\u00f3n en el que recibieron sepultura monarcas, nobles y miembros destacados de la sociedad medieval aragonesa.<\/span><\/p>\n<p style=\"text-align: justify;\" data-start=\"1470\" data-end=\"1837\"><span style=\"font-family: georgia, palatino, serif; font-size: 20px;\">En el momento de la intervenci\u00f3n, el incendio hab\u00eda quemado m\u00e1s de 9.000 hect\u00e1reas y provocado la evacuaci\u00f3n de diecis\u00e9is localidades. Aunque el monasterio no hab\u00eda sufrido da\u00f1os directos cuando se orden\u00f3 el traslado, las altas temperaturas, el viento y la dificultad para controlar el per\u00edmetro aconsejaron no esperar a que el fuego alcanzara el conjunto monumental.<\/span><\/p>\n<p style=\"text-align: justify;\" data-start=\"1839\" data-end=\"2462\"><span style=\"font-family: georgia, palatino, serif; font-size: 20px;\">El episodio demuestra que la emergencia clim\u00e1tica constituye tambi\u00e9n una amenaza creciente para el patrimonio cultural. Monasterios, archivos, iglesias, yacimientos y museos rurales pueden quedar expuestos en pocas horas a situaciones para las que no siempre existen recursos suficientes. La evacuaci\u00f3n de San Juan de la Pe\u00f1a evit\u00f3 una posible p\u00e9rdida irreparable, pero plantea una cuesti\u00f3n de mayor alcance: si los bienes culturales situados en zonas de alto riesgo disponen de inventarios actualizados, protocolos practicados, embalajes de emergencia y equipos preparados para actuar antes de que resulte demasiado tarde.<\/span><\/p>\n<p data-start=\"1839\" data-end=\"2462\"><strong>PUNTO Y SEGUIDO. Roberto Fern\u00e1ndez<\/strong><\/p>\n","protected":false},"excerpt":{"rendered":"<p>El avance de los incendios forestales en Arag\u00f3n oblig\u00f3 a ejecutar una operaci\u00f3n de emergencia para proteger algunos de los bienes hist\u00f3ricos conservados en el Real Monasterio de San Juan de la Pe\u00f1a, uno de los conjuntos patrimoniales m\u00e1s significativos de la Edad Media espa\u00f1ola. Ante la proximidad de las llamas, las autoridades trasladaron preventivamente [&hellip;]<\/p>\n","protected":false},"author":97,"featured_media":30680,"comment_status":"closed","ping_status":"closed","sticky":false,"template":"","format":"standard","meta":{"footnotes":""},"categories":[3873],"tags":[3940,3941],"class_list":["post-30932","post","type-post","status-publish","format-standard","has-post-thumbnail","category-305_noticias-que-no-nos-gustaria-leer","tag-incendio","tag-san-juan-de-la-pena"],"yoast_head":"<!-- This site is optimized with the Yoast SEO plugin v28.4 - https:\/\/yoast.com\/product\/yoast-seo-wordpress\/ -->\n<title>Los incendios obligan a evacuar restos reales y obras de San Juan de la Pe\u00f1a | 305_Noticias que no nos gustar\u00eda leer | HOJAS SUELTAS<\/title>\n<meta name=\"description\" content=\"NOTICIAS QUE NO NOS GUSTAR\u00cdA LEER El episodio demuestra que la emergencia clim\u00e1tica constituye tambi\u00e9n una amenaza creciente para el patrimonio cultural. Monasterios, archivos, iglesias, yacimientos y museos rurales\" \/>\n<meta name=\"robots\" content=\"index, follow, max-snippet:-1, max-image-preview:large, max-video-preview:-1\" \/>\n<link rel=\"canonical\" href=\"https:\/\/hojassueltas.es\/?p=30932\" \/>\n<meta property=\"og:locale\" content=\"es_ES\" \/>\n<meta property=\"og:type\" content=\"article\" \/>\n<meta property=\"og:title\" content=\"Los incendios obligan a evacuar restos reales y obras de San Juan de la Pe\u00f1a | 305_Noticias que no nos gustar\u00eda leer | HOJAS SUELTAS\" \/>\n<meta property=\"og:description\" content=\"NOTICIAS QUE NO NOS GUSTAR\u00cdA LEER El episodio demuestra que la emergencia clim\u00e1tica constituye tambi\u00e9n una amenaza creciente para el patrimonio cultural. Monasterios, archivos, iglesias, yacimientos y museos rurales\" \/>\n<meta property=\"og:url\" content=\"https:\/\/hojassueltas.es\/?p=30932\" \/>\n<meta property=\"og:site_name\" content=\"HOJAS SUELTAS\" \/>\n<meta property=\"article:published_time\" content=\"2026-08-17T22:00:51+00:00\" \/>\n<meta property=\"og:image\" content=\"https:\/\/hojassueltas.es\/wp-content\/uploads\/2026\/08\/305_NOTICIAS-QUE-NO-NOS._H.S.png\" \/>\n\t<meta property=\"og:image:width\" content=\"1000\" \/>\n\t<meta property=\"og:image:height\" content=\"563\" \/>\n\t<meta property=\"og:image:type\" content=\"image\/png\" \/>\n<meta name=\"author\" content=\"Punto y Seguido - Roberto Fern\u00e1ndez\" \/>\n<meta name=\"twitter:card\" content=\"summary_large_image\" \/>\n<meta name=\"twitter:creator\" content=\"@HOJASSUELTAS22\" \/>\n<meta name=\"twitter:site\" content=\"@HOJASSUELTAS22\" \/>\n<meta name=\"twitter:label1\" content=\"Escrito por\" \/>\n\t<meta name=\"twitter:data1\" content=\"Punto y Seguido - Roberto Fern\u00e1ndez\" \/>\n\t<meta name=\"twitter:label2\" content=\"Tiempo de lectura\" \/>\n\t<meta name=\"twitter:data2\" content=\"2 minutos\" \/>\n<script type=\"application\/ld+json\" class=\"yoast-schema-graph\">{\"@context\":\"https:\\\/\\\/schema.org\",\"@graph\":[{\"@type\":[\"Article\",\"BlogPosting\"],\"@id\":\"https:\\\/\\\/hojassueltas.es\\\/?p=30932#article\",\"isPartOf\":{\"@id\":\"https:\\\/\\\/hojassueltas.es\\\/?p=30932\"},\"author\":{\"name\":\"Punto y Seguido - Roberto Fern\u00e1ndez\",\"@id\":\"https:\\\/\\\/hojassueltas.es\\\/#\\\/schema\\\/person\\\/9da123a86757231ec42f724b10340ce9\"},\"headline\":\"Los incendios obligan a evacuar restos reales y obras de San Juan de la Pe\u00f1a\",\"datePublished\":\"2026-08-17T22:00:51+00:00\",\"mainEntityOfPage\":{\"@id\":\"https:\\\/\\\/hojassueltas.es\\\/?p=30932\"},\"wordCount\":408,\"publisher\":{\"@id\":\"https:\\\/\\\/hojassueltas.es\\\/#organization\"},\"image\":{\"@id\":\"https:\\\/\\\/hojassueltas.es\\\/?p=30932#primaryimage\"},\"thumbnailUrl\":\"https:\\\/\\\/hojassueltas.es\\\/wp-content\\\/uploads\\\/2026\\\/08\\\/305_NOTICIAS-QUE-NO-NOS._H.S.png\",\"keywords\":[\"Incendio\",\"San Juan de la Pe\u00f1a\"],\"articleSection\":[\"305_Noticias que no nos gustar\u00eda leer\"],\"inLanguage\":\"es\"},{\"@type\":\"WebPage\",\"@id\":\"https:\\\/\\\/hojassueltas.es\\\/?p=30932\",\"url\":\"https:\\\/\\\/hojassueltas.es\\\/?p=30932\",\"name\":\"Los incendios obligan a evacuar restos reales y obras de San Juan de la Pe\u00f1a | 305_Noticias que no nos gustar\u00eda leer | HOJAS SUELTAS\",\"isPartOf\":{\"@id\":\"https:\\\/\\\/hojassueltas.es\\\/#website\"},\"primaryImageOfPage\":{\"@id\":\"https:\\\/\\\/hojassueltas.es\\\/?p=30932#primaryimage\"},\"image\":{\"@id\":\"https:\\\/\\\/hojassueltas.es\\\/?p=30932#primaryimage\"},\"thumbnailUrl\":\"https:\\\/\\\/hojassueltas.es\\\/wp-content\\\/uploads\\\/2026\\\/08\\\/305_NOTICIAS-QUE-NO-NOS._H.S.png\",\"datePublished\":\"2026-08-17T22:00:51+00:00\",\"description\":\"NOTICIAS QUE NO NOS GUSTAR\u00cdA LEER El episodio demuestra que la emergencia clim\u00e1tica constituye tambi\u00e9n una amenaza creciente para el patrimonio cultural. Monasterios, archivos, iglesias, yacimientos y museos rurales\",\"breadcrumb\":{\"@id\":\"https:\\\/\\\/hojassueltas.es\\\/?p=30932#breadcrumb\"},\"inLanguage\":\"es\",\"potentialAction\":[{\"@type\":\"ReadAction\",\"target\":[\"https:\\\/\\\/hojassueltas.es\\\/?p=30932\"]}]},{\"@type\":\"ImageObject\",\"inLanguage\":\"es\",\"@id\":\"https:\\\/\\\/hojassueltas.es\\\/?p=30932#primaryimage\",\"url\":\"https:\\\/\\\/hojassueltas.es\\\/wp-content\\\/uploads\\\/2026\\\/08\\\/305_NOTICIAS-QUE-NO-NOS._H.S.png\",\"contentUrl\":\"https:\\\/\\\/hojassueltas.es\\\/wp-content\\\/uploads\\\/2026\\\/08\\\/305_NOTICIAS-QUE-NO-NOS._H.S.png\",\"width\":1000,\"height\":563},{\"@type\":\"BreadcrumbList\",\"@id\":\"https:\\\/\\\/hojassueltas.es\\\/?p=30932#breadcrumb\",\"itemListElement\":[{\"@type\":\"ListItem\",\"position\":1,\"name\":\"Portada\",\"item\":\"https:\\\/\\\/hojassueltas.es\\\/\"},{\"@type\":\"ListItem\",\"position\":2,\"name\":\"Los incendios obligan a evacuar restos reales y obras de San Juan de la Pe\u00f1a\"}]},{\"@type\":\"WebSite\",\"@id\":\"https:\\\/\\\/hojassueltas.es\\\/#website\",\"url\":\"https:\\\/\\\/hojassueltas.es\\\/\",\"name\":\"HojasSueltas.es\",\"description\":\"Peri\u00f3dico Cultural\",\"publisher\":{\"@id\":\"https:\\\/\\\/hojassueltas.es\\\/#organization\"},\"alternateName\":\"H.S. Periodico Cultural\",\"potentialAction\":[{\"@type\":\"SearchAction\",\"target\":{\"@type\":\"EntryPoint\",\"urlTemplate\":\"https:\\\/\\\/hojassueltas.es\\\/?s={search_term_string}\"},\"query-input\":{\"@type\":\"PropertyValueSpecification\",\"valueRequired\":true,\"valueName\":\"search_term_string\"}}],\"inLanguage\":\"es\"},{\"@type\":\"Organization\",\"@id\":\"https:\\\/\\\/hojassueltas.es\\\/#organization\",\"name\":\"HOJAS SUELTAS - Peri\u00f3dico Cultural\",\"alternateName\":\"HS - HOJAS SUELTAS Peri\u00f3dico Cultural\",\"url\":\"https:\\\/\\\/hojassueltas.es\\\/\",\"logo\":{\"@type\":\"ImageObject\",\"inLanguage\":\"es\",\"@id\":\"https:\\\/\\\/hojassueltas.es\\\/#\\\/schema\\\/logo\\\/image\\\/\",\"url\":\"https:\\\/\\\/hojassueltas.es\\\/wp-content\\\/uploads\\\/2025\\\/08\\\/Icono-HS_2.png\",\"contentUrl\":\"https:\\\/\\\/hojassueltas.es\\\/wp-content\\\/uploads\\\/2025\\\/08\\\/Icono-HS_2.png\",\"width\":500,\"height\":500,\"caption\":\"HOJAS SUELTAS - Peri\u00f3dico Cultural\"},\"image\":{\"@id\":\"https:\\\/\\\/hojassueltas.es\\\/#\\\/schema\\\/logo\\\/image\\\/\"},\"sameAs\":[\"https:\\\/\\\/x.com\\\/HOJASSUELTAS22\"]},{\"@type\":\"Person\",\"@id\":\"https:\\\/\\\/hojassueltas.es\\\/#\\\/schema\\\/person\\\/9da123a86757231ec42f724b10340ce9\",\"name\":\"Punto y Seguido - Roberto Fern\u00e1ndez\",\"image\":{\"@type\":\"ImageObject\",\"inLanguage\":\"es\",\"@id\":\"https:\\\/\\\/hojassueltas.es\\\/wp-content\\\/uploads\\\/2026\\\/05\\\/Roberto-en-la-redaccion-con-Shanghai-96x96.png\",\"url\":\"https:\\\/\\\/hojassueltas.es\\\/wp-content\\\/uploads\\\/2026\\\/05\\\/Roberto-en-la-redaccion-con-Shanghai-96x96.png\",\"contentUrl\":\"https:\\\/\\\/hojassueltas.es\\\/wp-content\\\/uploads\\\/2026\\\/05\\\/Roberto-en-la-redaccion-con-Shanghai-96x96.png\",\"caption\":\"Punto y Seguido - Roberto Fern\u00e1ndez\"},\"description\":\"Zaragozano. Licenciado en Ciencias de la Comunicaci\u00f3n. Actualmente desarrolla su profesi\u00f3n en una agencia de noticias a, espera escalar con los a\u00f1os,. Su deseo es alcanzar una corresponsal\u00eda en Asia.\",\"url\":\"https:\\\/\\\/hojassueltas.es\\\/?author=97\"}]}<\/script>\n<!-- \/ Yoast SEO plugin. -->","yoast_head_json":{"title":"Los incendios obligan a evacuar restos reales y obras de San Juan de la Pe\u00f1a | 305_Noticias que no nos gustar\u00eda leer | HOJAS SUELTAS","description":"NOTICIAS QUE NO NOS GUSTAR\u00cdA LEER El episodio demuestra que la emergencia clim\u00e1tica constituye tambi\u00e9n una amenaza creciente para el patrimonio cultural. Monasterios, archivos, iglesias, yacimientos y museos rurales","robots":{"index":"index","follow":"follow","max-snippet":"max-snippet:-1","max-image-preview":"max-image-preview:large","max-video-preview":"max-video-preview:-1"},"canonical":"https:\/\/hojassueltas.es\/?p=30932","og_locale":"es_ES","og_type":"article","og_title":"Los incendios obligan a evacuar restos reales y obras de San Juan de la Pe\u00f1a | 305_Noticias que no nos gustar\u00eda leer | HOJAS SUELTAS","og_description":"NOTICIAS QUE NO NOS GUSTAR\u00cdA LEER El episodio demuestra que la emergencia clim\u00e1tica constituye tambi\u00e9n una amenaza creciente para el patrimonio cultural. Monasterios, archivos, iglesias, yacimientos y museos rurales","og_url":"https:\/\/hojassueltas.es\/?p=30932","og_site_name":"HOJAS SUELTAS","article_published_time":"2026-08-17T22:00:51+00:00","og_image":[{"width":1000,"height":563,"url":"https:\/\/hojassueltas.es\/wp-content\/uploads\/2026\/08\/305_NOTICIAS-QUE-NO-NOS._H.S.png","type":"image\/png"}],"author":"Punto y Seguido - Roberto Fern\u00e1ndez","twitter_card":"summary_large_image","twitter_creator":"@HOJASSUELTAS22","twitter_site":"@HOJASSUELTAS22","twitter_misc":{"Escrito por":"Punto y Seguido - Roberto Fern\u00e1ndez","Tiempo de lectura":"2 minutos"},"schema":{"@context":"https:\/\/schema.org","@graph":[{"@type":["Article","BlogPosting"],"@id":"https:\/\/hojassueltas.es\/?p=30932#article","isPartOf":{"@id":"https:\/\/hojassueltas.es\/?p=30932"},"author":{"name":"Punto y Seguido - Roberto Fern\u00e1ndez","@id":"https:\/\/hojassueltas.es\/#\/schema\/person\/9da123a86757231ec42f724b10340ce9"},"headline":"Los incendios obligan a evacuar restos reales y obras de San Juan de la Pe\u00f1a","datePublished":"2026-08-17T22:00:51+00:00","mainEntityOfPage":{"@id":"https:\/\/hojassueltas.es\/?p=30932"},"wordCount":408,"publisher":{"@id":"https:\/\/hojassueltas.es\/#organization"},"image":{"@id":"https:\/\/hojassueltas.es\/?p=30932#primaryimage"},"thumbnailUrl":"https:\/\/hojassueltas.es\/wp-content\/uploads\/2026\/08\/305_NOTICIAS-QUE-NO-NOS._H.S.png","keywords":["Incendio","San Juan de la Pe\u00f1a"],"articleSection":["305_Noticias que no nos gustar\u00eda leer"],"inLanguage":"es"},{"@type":"WebPage","@id":"https:\/\/hojassueltas.es\/?p=30932","url":"https:\/\/hojassueltas.es\/?p=30932","name":"Los incendios obligan a evacuar restos reales y obras de San Juan de la Pe\u00f1a | 305_Noticias que no nos gustar\u00eda leer | HOJAS SUELTAS","isPartOf":{"@id":"https:\/\/hojassueltas.es\/#website"},"primaryImageOfPage":{"@id":"https:\/\/hojassueltas.es\/?p=30932#primaryimage"},"image":{"@id":"https:\/\/hojassueltas.es\/?p=30932#primaryimage"},"thumbnailUrl":"https:\/\/hojassueltas.es\/wp-content\/uploads\/2026\/08\/305_NOTICIAS-QUE-NO-NOS._H.S.png","datePublished":"2026-08-17T22:00:51+00:00","description":"NOTICIAS QUE NO NOS GUSTAR\u00cdA LEER El episodio demuestra que la emergencia clim\u00e1tica constituye tambi\u00e9n una amenaza creciente para el patrimonio cultural. Monasterios, archivos, iglesias, yacimientos y museos rurales","breadcrumb":{"@id":"https:\/\/hojassueltas.es\/?p=30932#breadcrumb"},"inLanguage":"es","potentialAction":[{"@type":"ReadAction","target":["https:\/\/hojassueltas.es\/?p=30932"]}]},{"@type":"ImageObject","inLanguage":"es","@id":"https:\/\/hojassueltas.es\/?p=30932#primaryimage","url":"https:\/\/hojassueltas.es\/wp-content\/uploads\/2026\/08\/305_NOTICIAS-QUE-NO-NOS._H.S.png","contentUrl":"https:\/\/hojassueltas.es\/wp-content\/uploads\/2026\/08\/305_NOTICIAS-QUE-NO-NOS._H.S.png","width":1000,"height":563},{"@type":"BreadcrumbList","@id":"https:\/\/hojassueltas.es\/?p=30932#breadcrumb","itemListElement":[{"@type":"ListItem","position":1,"name":"Portada","item":"https:\/\/hojassueltas.es\/"},{"@type":"ListItem","position":2,"name":"Los incendios obligan a evacuar restos reales y obras de San Juan de la Pe\u00f1a"}]},{"@type":"WebSite","@id":"https:\/\/hojassueltas.es\/#website","url":"https:\/\/hojassueltas.es\/","name":"HojasSueltas.es","description":"Peri\u00f3dico Cultural","publisher":{"@id":"https:\/\/hojassueltas.es\/#organization"},"alternateName":"H.S. Periodico Cultural","potentialAction":[{"@type":"SearchAction","target":{"@type":"EntryPoint","urlTemplate":"https:\/\/hojassueltas.es\/?s={search_term_string}"},"query-input":{"@type":"PropertyValueSpecification","valueRequired":true,"valueName":"search_term_string"}}],"inLanguage":"es"},{"@type":"Organization","@id":"https:\/\/hojassueltas.es\/#organization","name":"HOJAS SUELTAS - Peri\u00f3dico Cultural","alternateName":"HS - HOJAS SUELTAS Peri\u00f3dico Cultural","url":"https:\/\/hojassueltas.es\/","logo":{"@type":"ImageObject","inLanguage":"es","@id":"https:\/\/hojassueltas.es\/#\/schema\/logo\/image\/","url":"https:\/\/hojassueltas.es\/wp-content\/uploads\/2025\/08\/Icono-HS_2.png","contentUrl":"https:\/\/hojassueltas.es\/wp-content\/uploads\/2025\/08\/Icono-HS_2.png","width":500,"height":500,"caption":"HOJAS SUELTAS - Peri\u00f3dico Cultural"},"image":{"@id":"https:\/\/hojassueltas.es\/#\/schema\/logo\/image\/"},"sameAs":["https:\/\/x.com\/HOJASSUELTAS22"]},{"@type":"Person","@id":"https:\/\/hojassueltas.es\/#\/schema\/person\/9da123a86757231ec42f724b10340ce9","name":"Punto y Seguido - Roberto Fern\u00e1ndez","image":{"@type":"ImageObject","inLanguage":"es","@id":"https:\/\/hojassueltas.es\/wp-content\/uploads\/2026\/05\/Roberto-en-la-redaccion-con-Shanghai-96x96.png","url":"https:\/\/hojassueltas.es\/wp-content\/uploads\/2026\/05\/Roberto-en-la-redaccion-con-Shanghai-96x96.png","contentUrl":"https:\/\/hojassueltas.es\/wp-content\/uploads\/2026\/05\/Roberto-en-la-redaccion-con-Shanghai-96x96.png","caption":"Punto y Seguido - Roberto Fern\u00e1ndez"},"description":"Zaragozano. Licenciado en Ciencias de la Comunicaci\u00f3n. Actualmente desarrolla su profesi\u00f3n en una agencia de noticias a, espera escalar con los a\u00f1os,. Su deseo es alcanzar una corresponsal\u00eda en Asia.","url":"https:\/\/hojassueltas.es\/?author=97"}]}},"_links":{"self":[{"href":"https:\/\/hojassueltas.es\/index.php?rest_route=\/wp\/v2\/posts\/30932","targetHints":{"allow":["GET"]}}],"collection":[{"href":"https:\/\/hojassueltas.es\/index.php?rest_route=\/wp\/v2\/posts"}],"about":[{"href":"https:\/\/hojassueltas.es\/index.php?rest_route=\/wp\/v2\/types\/post"}],"author":[{"embeddable":true,"href":"https:\/\/hojassueltas.es\/index.php?rest_route=\/wp\/v2\/users\/97"}],"replies":[{"embeddable":true,"href":"https:\/\/hojassueltas.es\/index.php?rest_route=%2Fwp%2Fv2%2Fcomments&post=30932"}],"version-history":[{"count":1,"href":"https:\/\/hojassueltas.es\/index.php?rest_route=\/wp\/v2\/posts\/30932\/revisions"}],"predecessor-version":[{"id":30933,"href":"https:\/\/hojassueltas.es\/index.php?rest_route=\/wp\/v2\/posts\/30932\/revisions\/30933"}],"wp:featuredmedia":[{"embeddable":true,"href":"https:\/\/hojassueltas.es\/index.php?rest_route=\/wp\/v2\/media\/30680"}],"wp:attachment":[{"href":"https:\/\/hojassueltas.es\/index.php?rest_route=%2Fwp%2Fv2%2Fmedia&parent=30932"}],"wp:term":[{"taxonomy":"category","embeddable":true,"href":"https:\/\/hojassueltas.es\/index.php?rest_route=%2Fwp%2Fv2%2Fcategories&post=30932"},{"taxonomy":"post_tag","embeddable":true,"href":"https:\/\/hojassueltas.es\/index.php?rest_route=%2Fwp%2Fv2%2Ftags&post=30932"}],"curies":[{"name":"wp","href":"https:\/\/api.w.org\/{rel}","templated":true}]}}