{"id":30929,"date":"2026-08-17T00:00:09","date_gmt":"2026-08-16T22:00:09","guid":{"rendered":"https:\/\/hojassueltas.es\/?p=30929"},"modified":"2026-08-23T20:55:43","modified_gmt":"2026-08-23T18:55:43","slug":"el-prestamo-digital-europeo-cambia-de-dueno","status":"publish","type":"post","link":"https:\/\/hojassueltas.es\/?p=30929","title":{"rendered":"El pr\u00e9stamo digital europeo cambia de due\u00f1o"},"content":{"rendered":"<p align=\"justify\"><strong><span style=\"font-family: Cambria Math, serif;\"><span style=\"font-size: large;\">La adquisici\u00f3n de Divibib, empresa responsable de Onleihe, por la estadounidense OverDrive promete una plataforma m\u00e1s amplia y eficaz. Tambi\u00e9n plantea preguntas ineludibles sobre privacidad, autonom\u00eda bibliotecaria, diversidad cultural, licencias y dependencia tecnol\u00f3gica.<\/span><\/span><\/strong><\/p>\n<p align=\"justify\"><span style=\"font-family: Cambria Math, serif;\"><span style=\"font-size: large;\">El pr\u00e9stamo digital suele presentarse como una prolongaci\u00f3n natural de la biblioteca p\u00fablica: el mismo servicio, trasladado a una pantalla. Sin embargo, entre el lector y el libro ya no se encuentran \u00fanicamente la biblioteca, el cat\u00e1logo y el personal bibliotecario. Intervienen plataformas tecnol\u00f3gicas, sistemas de identificaci\u00f3n, licencias temporales, mecanismos de protecci\u00f3n, servidores remotos y algoritmos que ordenan la oferta. Por eso, cuando una de esas plataformas cambia de propietario, no estamos ante una operaci\u00f3n empresarial cualquiera. Cambia una parte de la infraestructura mediante la cual los ciudadanos acceden a la cultura.<\/span><\/span><\/p>\n<p align=\"justify\"><span style=\"font-family: Cambria Math, serif;\"><span style=\"font-size: large;\">El 11 de agosto de 2026, OverDrive anunci\u00f3 la adquisici\u00f3n de divibib GmbH, filial del grupo alem\u00e1n ekz y responsable de Onleihe, uno de los principales servicios de pr\u00e9stamo digital de las bibliotecas p\u00fablicas de Alemania, Austria, Suiza y otras comunidades germanohablantes. La operaci\u00f3n prev\u00e9 que las bibliotecas y los usuarios de Onleihe migren progresivamente a Libby, la aplicaci\u00f3n de lectura de OverDrive. La compa\u00f1\u00eda asegura que se mantendr\u00e1n la sede de Reutlingen, los equipos de atenci\u00f3n local y la continuidad del servicio durante la transici\u00f3n. Tambi\u00e9n promete reunir en una sola plataforma los cat\u00e1logos alemanes e internacionales de ambas empresas. El anuncio oficial no comunica, sin embargo, el precio de la operaci\u00f3n ni establece un calendario completo para la migraci\u00f3n.<\/span><\/span><\/p>\n<p align=\"justify\"><span style=\"font-family: Cambria Math, serif;\"><span style=\"font-size: large;\">La adquisici\u00f3n afecta de manera inmediata al espacio germanohablante, no al conjunto de las bibliotecas espa\u00f1olas. Su importancia europea es, no obstante, indudable. Onleihe funciona desde 2007 y ha tejido durante casi dos d\u00e9cadas relaciones con bibliotecas, consorcios regionales, editoriales y lectores. OverDrive, por su parte, ya trabaja con m\u00e1s de seiscientas instituciones en Alemania, Austria y Suiza y afirma haber gestionado all\u00ed cerca de diez millones de pr\u00e9stamos digitales durante 2025. La uni\u00f3n concentra en un mismo proveedor una parte considerable del acceso bibliotecario digital en la regi\u00f3n.<\/span><\/span><\/p>\n<p align=\"justify\"><span style=\"font-family: Cambria Math, serif;\"><span style=\"font-size: large;\">Conviene evitar dos reacciones apresuradas. La primera consistir\u00eda en celebrar la operaci\u00f3n como si una aplicaci\u00f3n m\u00e1s c\u00f3moda resolviera por s\u00ed sola los problemas del pr\u00e9stamo electr\u00f3nico. La segunda, en considerar inevitable que la adquisici\u00f3n perjudique a bibliotecas y lectores. Ninguna de las dos posiciones est\u00e1 suficientemente justificada.\u00a0<\/span><\/span><span style=\"font-family: Cambria Math, serif;\"><span style=\"font-size: large;\">Libby dispone de una interfaz generalmente bien valorada, permite reunir carn\u00e9s de distintas bibliotecas, sincronizar la lectura y escuchar audiolibros con relativa sencillez. La integraci\u00f3n puede reducir duplicidades t\u00e9cnicas, ampliar la oferta internacional y facilitar el acceso a personas poco familiarizadas con los procedimientos del pr\u00e9stamo digital. La escala de OverDrive tambi\u00e9n puede aportar capacidad de desarrollo, seguridad y mantenimiento que resultar\u00eda costosa para un operador de menor tama\u00f1o.\u00a0<\/span><\/span><span style=\"font-family: Cambria Math, serif;\"><span style=\"font-size: large;\">Pero la escala no es neutral. Una plataforma que re\u00fane tecnolog\u00eda, distribuci\u00f3n, estad\u00edsticas de uso, gesti\u00f3n de licencias, sistemas de recomendaci\u00f3n y relaciones con los editores adquiere una posici\u00f3n dif\u00edcil de sustituir. Cuanto m\u00e1s sencilla resulte para el usuario, m\u00e1s compleja puede ser para una biblioteca la posibilidad de abandonarla. La comodidad inmediata no debe ocultar el coste futuro de la dependencia.<\/span><\/span><\/p>\n<p align=\"justify\"><span style=\"font-family: Cambria Math, serif;\"><span style=\"font-size: large;\">OverDrive pertenece desde 2020 a la firma de inversi\u00f3n KKR. Este hecho no desacredita por s\u00ed mismo el servicio ni permite anticipar decisiones perjudiciales, pero modifica el marco de responsabilidad: una infraestructura cultural sostenida con fondos p\u00fablicos queda vinculada a una empresa privada estadounidense respaldada por capital de inversi\u00f3n. Las bibliotecas deben valorar, por tanto, no solo la calidad actual de Libby, sino su capacidad de conservar autonom\u00eda ante futuros cambios de precios, licencias, pol\u00edticas de datos o estrategia empresarial.<\/span><\/span><\/p>\n<p align=\"justify\"><span style=\"font-family: Cambria Math, serif;\"><span style=\"font-size: large;\">La confidencialidad lectora forma parte de la libertad intelectual. Conocer qu\u00e9 libros consulta una persona, qu\u00e9 pasajes subraya, cu\u00e1nto tarda en leerlos o qu\u00e9 asuntos busca permite deducir intereses pol\u00edticos, religiosos, profesionales, m\u00e9dicos o \u00edntimos. Una biblioteca no puede tratar esos datos como si fueran simples m\u00e9tricas comerciales.\u00a0<\/span><\/span><span style=\"font-family: Cambria Math, serif;\"><span style=\"font-size: large;\">La <a href=\"https:\/\/about.libbyapp.com\/policies\/privacy-statement\"><span style=\"color: #993300;\">declaraci\u00f3n de privacidad de Libby<\/span><\/a> afirma que la aplicaci\u00f3n no vende informaci\u00f3n personal, no utiliza los datos identificativos para publicidad de terceros y no comparte el historial de pr\u00e9stamo. Al mismo tiempo, reconoce que puede almacenar la direcci\u00f3n IP, las credenciales bibliotecarias necesarias, el historial de pr\u00e9stamos, el progreso de lectura, los marcadores, los subrayados y las notas para prestar y sincronizar el servicio. Tambi\u00e9n incorpora modelos de inteligencia artificial generativa para ofrecer recomendaciones a petici\u00f3n del usuario, aunque asegura que no les facilita datos identificativos ni informaci\u00f3n sobre su actividad en Libby.<\/span><\/span><\/p>\n<p align=\"justify\"><span style=\"font-family: Cambria Math, serif;\"><span style=\"font-size: large;\">El punto m\u00e1s delicado aparece en el <a href=\"https:\/\/www.overdrive.com\/policies\/privacy-policy\"><span style=\"color: #993300;\">aviso europeo de privacidad de OverDrive<\/span><\/a><span style=\"color: #993300;\">.<\/span> La empresa identifica como responsable del tratamiento a OverDrive Inc., domiciliada en Ohio, y se\u00f1ala que utiliza proveedores de nube como AWS y Azure, establecidos en Estados Unidos. A\u00f1ade que no ofrece la posibilidad de alojar esos datos en otra ubicaci\u00f3n. Esto no supone autom\u00e1ticamente un incumplimiento del Reglamento General de Protecci\u00f3n de Datos, pero obliga a las bibliotecas a examinar las transferencias internacionales, las garant\u00edas contractuales, los plazos de conservaci\u00f3n y el acceso de los proveedores.\u00a0<\/span><\/span><span style=\"font-family: Cambria Math, serif;\"><span style=\"font-size: large;\">Antes de la migraci\u00f3n deber\u00eda publicarse una evaluaci\u00f3n de impacto sobre la protecci\u00f3n de datos. Los lectores necesitan saber qu\u00e9 informaci\u00f3n se trasladar\u00e1 desde Onleihe, qu\u00e9 historiales desaparecer\u00e1n o se conservar\u00e1n, d\u00f3nde ser\u00e1n tratados, durante cu\u00e1nto tiempo y con qu\u00e9 procedimientos podr\u00e1n solicitar su eliminaci\u00f3n. Tambi\u00e9n debe existir una modalidad de uso basada en la m\u00ednima identificaci\u00f3n posible, sin que la aceptaci\u00f3n de funciones de personalizaci\u00f3n sea condici\u00f3n para acceder al pr\u00e9stamo p\u00fablico.<\/span><\/span><\/p>\n<p align=\"justify\"><span style=\"font-family: Cambria Math, serif;\"><span style=\"font-size: large;\">La promesa de un cat\u00e1logo combinado resulta atractiva. M\u00e1s t\u00edtulos, idiomas y formatos pueden mejorar el servicio. Sin embargo, el tama\u00f1o de una colecci\u00f3n no determina por s\u00ed solo su diversidad. Un cat\u00e1logo puede contener miles de obras locales y hacerlas pr\u00e1cticamente invisibles mediante el orden de los resultados, las recomendaciones autom\u00e1ticas, las campa\u00f1as destacadas o una clasificaci\u00f3n pensada para mercados de mayor tama\u00f1o.\u00a0<\/span><\/span><span style=\"font-family: Cambria Math, serif;\"><span style=\"font-size: large;\">Las bibliotecas no son escaparates pasivos. Seleccionan, contextualizan, preservan y relacionan los libros con una comunidad concreta. En sus fondos deben encontrar espacio las editoriales independientes, los autores regionales, las lenguas minoritarias, la producci\u00f3n acad\u00e9mica local y las obras de circulaci\u00f3n modesta que ninguna l\u00f3gica de consumo masivo situar\u00eda en primer plano.<\/span><\/span><\/p>\n<p align=\"justify\"><span style=\"font-family: Cambria Math, serif;\"><span style=\"font-size: large;\">La migraci\u00f3n a Libby tendr\u00e1 que garantizar que cada biblioteca conserve la capacidad de decidir qu\u00e9 compra, qu\u00e9 destaca y c\u00f3mo organiza sus colecciones. Los criterios de recomendaci\u00f3n deber\u00edan ser comprensibles y permitir la intervenci\u00f3n del personal bibliotecario. La incorporaci\u00f3n de inteligencia artificial no puede convertir el historial de popularidad en \u00e1rbitro de la relevancia cultural. Una plataforma global debe adaptarse al cat\u00e1logo local, no obligar al cat\u00e1logo local a comportarse como un mercado global.\u00a0<\/span><\/span><span style=\"font-family: Cambria Math, serif;\"><span style=\"font-size: large;\">En el mundo impreso, una biblioteca compra un ejemplar y lo incorpora a su patrimonio. En el entorno digital, con frecuencia adquiere una licencia sometida a l\u00edmites de tiempo, n\u00famero de pr\u00e9stamos o modalidades de acceso. El propio mercado de OverDrive contempla f\u00f3rmulas como un ejemplar para un usuario, acceso medido, uso simult\u00e1neo o pago por pr\u00e9stamo. La biblioteca no siempre posee el archivo ni puede trasladarlo libremente a otro sistema.<\/span><\/span><\/p>\n<p align=\"justify\"><span style=\"font-family: Cambria Math, serif;\"><span style=\"font-size: large;\">Por ello, la cuesti\u00f3n principal no es solo cu\u00e1ntos t\u00edtulos ofrecer\u00e1 la plataforma unificada, sino bajo qu\u00e9 condiciones. Debe aclararse si todas las licencias contratadas por las bibliotecas de Onleihe conservar\u00e1n su duraci\u00f3n, n\u00famero de usos y precio; qu\u00e9 suceder\u00e1 con las reservas, listas, registros y presupuestos ya comprometidos; y si los fondos podr\u00e1n trasladarse a otro proveedor en caso de finalizar el contrato.\u00a0<\/span><\/span><span style=\"font-family: Cambria Math, serif;\"><span style=\"font-size: large;\">Sin portabilidad efectiva, cada inversi\u00f3n aumenta el coste de salida y fortalece el encierro tecnol\u00f3gico. Los contratos p\u00fablicos deber\u00edan exigir la exportaci\u00f3n de cat\u00e1logos, metadatos, estad\u00edsticas y configuraciones en formatos interoperables; interfaces abiertas para comunicarse con los sistemas bibliotecarios; continuidad de las licencias adquiridas; y un plan de reversibilidad que permita cambiar de plataforma sin perder colecciones ni interrumpir el servicio.<\/span><\/span><\/p>\n<h2 class=\"western\" align=\"justify\"><span style=\"font-family: Cambria Math, serif;\"><span style=\"font-size: large;\">Lo que Europa debe exigir<\/span><\/span><\/h2>\n<p align=\"justify\"><span style=\"font-family: Cambria Math, serif;\"><span style=\"font-size: large;\">Desde HOJAS SUELTAS consideramos que esta adquisici\u00f3n debe examinarse con serenidad, pero tambi\u00e9n con vigilancia. Las bibliotecas y las administraciones europeas deber\u00edan exigir, antes de completar la migraci\u00f3n, cinco garant\u00edas fundamentales: transparencia contractual y tarifaria; protecci\u00f3n reforzada de los datos de lectura; conservaci\u00f3n de las licencias y de las inversiones realizadas; autonom\u00eda para construir y presentar los cat\u00e1logos locales; e interoperabilidad suficiente para evitar que la salida del proveedor resulte t\u00e9cnica o econ\u00f3micamente imposible.\u00a0<\/span><\/span><span style=\"font-family: Cambria Math, serif;\"><span style=\"font-size: large;\">Tambi\u00e9n ser\u00eda razonable establecer una supervisi\u00f3n independiente durante la transici\u00f3n, con representaci\u00f3n de bibliotecas, asociaciones profesionales, autoridades de protecci\u00f3n de datos, editores y usuarios. Las incidencias, modificaciones de precios, desapariciones de t\u00edtulos y cambios en la pol\u00edtica de privacidad deber\u00edan publicarse de forma comprensible.<\/span><\/span><\/p>\n<p align=\"justify\"><span style=\"font-family: Cambria Math, serif;\"><span style=\"font-size: large;\">El debate no consiste en enfrentar tecnolog\u00eda estadounidense y cultura europea mediante un reflejo defensivo. Consiste en decidir qui\u00e9n gobierna una infraestructura financiada por instituciones p\u00fablicas y destinada a ejercer un derecho cultural. Europa necesita empresas capaces de innovar, pero tambi\u00e9n normas, contratos y alternativas que impidan entregar a un solo intermediario las llaves del acceso digital.<\/span><\/span><\/p>\n<p align=\"justify\"><span style=\"font-family: Cambria Math, serif;\"><span style=\"font-size: large;\">Una biblioteca puede contratar una plataforma; no debe cederle su criterio, sus lectores ni la memoria de sus colecciones. El pr\u00e9stamo digital europeo cambia de due\u00f1o. Lo que no puede cambiar de due\u00f1o es su finalidad p\u00fablica.<\/span><\/span><\/p>\n<p align=\"justify\"><strong>\u00a9 Valent\u00edn Castro<\/strong><\/p>\n","protected":false},"excerpt":{"rendered":"<p>La adquisici\u00f3n de Divibib, empresa responsable de Onleihe, por la estadounidense OverDrive promete una plataforma m\u00e1s amplia y eficaz. Tambi\u00e9n plantea preguntas ineludibles sobre privacidad, autonom\u00eda bibliotecaria, diversidad cultural, licencias y dependencia tecnol\u00f3gica. El pr\u00e9stamo digital suele presentarse como una prolongaci\u00f3n natural de la biblioteca p\u00fablica: el mismo servicio, trasladado a una pantalla. Sin embargo, [&hellip;]<\/p>\n","protected":false},"author":62,"featured_media":30931,"comment_status":"closed","ping_status":"closed","sticky":false,"template":"","format":"standard","meta":{"footnotes":""},"categories":[2223],"tags":[3938,3939,1458],"class_list":["post-30929","post","type-post","status-publish","format-standard","has-post-thumbnail","category-editorial","tag-bibliotecas-europeas","tag-fondos-de-inversion","tag-valentin-castro"],"yoast_head":"<!-- This site is optimized with the Yoast SEO plugin v28.4 - https:\/\/yoast.com\/product\/yoast-seo-wordpress\/ -->\n<title>El pr\u00e9stamo digital europeo cambia de due\u00f1o | 101-Editorial | HOJAS SUELTAS<\/title>\n<meta name=\"description\" content=\"EDITORIAL HS : Una biblioteca puede contratar una plataforma; no debe cederle su criterio, sus lectores ni la memoria de sus colecciones. El pr\u00e9stamo digital europeo cambia de due\u00f1o.\" \/>\n<meta name=\"robots\" content=\"index, follow, max-snippet:-1, max-image-preview:large, max-video-preview:-1\" \/>\n<link rel=\"canonical\" href=\"https:\/\/hojassueltas.es\/?p=30929\" \/>\n<meta property=\"og:locale\" content=\"es_ES\" \/>\n<meta property=\"og:type\" content=\"article\" \/>\n<meta property=\"og:title\" content=\"El pr\u00e9stamo digital europeo cambia de due\u00f1o | 101-Editorial | HOJAS SUELTAS\" \/>\n<meta property=\"og:description\" content=\"EDITORIAL HS : Una biblioteca puede contratar una plataforma; no debe cederle su criterio, sus lectores ni la memoria de sus colecciones. El pr\u00e9stamo digital europeo cambia de due\u00f1o.\" \/>\n<meta property=\"og:url\" content=\"https:\/\/hojassueltas.es\/?p=30929\" \/>\n<meta property=\"og:site_name\" content=\"HOJAS SUELTAS\" \/>\n<meta property=\"article:published_time\" content=\"2026-08-16T22:00:09+00:00\" \/>\n<meta property=\"article:modified_time\" content=\"2026-08-23T18:55:43+00:00\" \/>\n<meta property=\"og:image\" content=\"https:\/\/hojassueltas.es\/wp-content\/uploads\/2026\/08\/101_Editorial-bibliotecas_H.S-915x610.png\" \/>\n\t<meta property=\"og:image:width\" content=\"915\" \/>\n\t<meta property=\"og:image:height\" content=\"610\" \/>\n\t<meta property=\"og:image:type\" content=\"image\/png\" \/>\n<meta name=\"author\" content=\"Valent\u00edn Castro\" \/>\n<meta name=\"twitter:card\" content=\"summary_large_image\" \/>\n<meta name=\"twitter:creator\" content=\"@HOJASSUELTAS22\" \/>\n<meta name=\"twitter:site\" content=\"@HOJASSUELTAS22\" \/>\n<meta name=\"twitter:label1\" content=\"Escrito por\" \/>\n\t<meta name=\"twitter:data1\" content=\"Valent\u00edn Castro\" \/>\n\t<meta name=\"twitter:label2\" content=\"Tiempo de lectura\" \/>\n\t<meta name=\"twitter:data2\" content=\"8 minutos\" \/>\n<script type=\"application\/ld+json\" class=\"yoast-schema-graph\">{\"@context\":\"https:\\\/\\\/schema.org\",\"@graph\":[{\"@type\":[\"Article\",\"BlogPosting\"],\"@id\":\"https:\\\/\\\/hojassueltas.es\\\/?p=30929#article\",\"isPartOf\":{\"@id\":\"https:\\\/\\\/hojassueltas.es\\\/?p=30929\"},\"author\":{\"name\":\"Valent\u00edn Castro\",\"@id\":\"https:\\\/\\\/hojassueltas.es\\\/#\\\/schema\\\/person\\\/69b100dc9b45a00e61d055b63d4278e9\"},\"headline\":\"El pr\u00e9stamo digital europeo cambia de due\u00f1o\",\"datePublished\":\"2026-08-16T22:00:09+00:00\",\"dateModified\":\"2026-08-23T18:55:43+00:00\",\"mainEntityOfPage\":{\"@id\":\"https:\\\/\\\/hojassueltas.es\\\/?p=30929\"},\"wordCount\":1687,\"publisher\":{\"@id\":\"https:\\\/\\\/hojassueltas.es\\\/#organization\"},\"image\":{\"@id\":\"https:\\\/\\\/hojassueltas.es\\\/?p=30929#primaryimage\"},\"thumbnailUrl\":\"https:\\\/\\\/hojassueltas.es\\\/wp-content\\\/uploads\\\/2026\\\/08\\\/101_Editorial-bibliotecas_H.S.png\",\"keywords\":[\"BIbliotecas europeas\",\"Fondos de inversi\u00f3n\",\"Valent\u00edn Castro\"],\"articleSection\":[\"101-Editorial\"],\"inLanguage\":\"es\"},{\"@type\":\"WebPage\",\"@id\":\"https:\\\/\\\/hojassueltas.es\\\/?p=30929\",\"url\":\"https:\\\/\\\/hojassueltas.es\\\/?p=30929\",\"name\":\"El pr\u00e9stamo digital europeo cambia de due\u00f1o | 101-Editorial | HOJAS SUELTAS\",\"isPartOf\":{\"@id\":\"https:\\\/\\\/hojassueltas.es\\\/#website\"},\"primaryImageOfPage\":{\"@id\":\"https:\\\/\\\/hojassueltas.es\\\/?p=30929#primaryimage\"},\"image\":{\"@id\":\"https:\\\/\\\/hojassueltas.es\\\/?p=30929#primaryimage\"},\"thumbnailUrl\":\"https:\\\/\\\/hojassueltas.es\\\/wp-content\\\/uploads\\\/2026\\\/08\\\/101_Editorial-bibliotecas_H.S.png\",\"datePublished\":\"2026-08-16T22:00:09+00:00\",\"dateModified\":\"2026-08-23T18:55:43+00:00\",\"description\":\"EDITORIAL HS : Una biblioteca puede contratar una plataforma; no debe cederle su criterio, sus lectores ni la memoria de sus colecciones. El pr\u00e9stamo digital europeo cambia de due\u00f1o.\",\"breadcrumb\":{\"@id\":\"https:\\\/\\\/hojassueltas.es\\\/?p=30929#breadcrumb\"},\"inLanguage\":\"es\",\"potentialAction\":[{\"@type\":\"ReadAction\",\"target\":[\"https:\\\/\\\/hojassueltas.es\\\/?p=30929\"]}]},{\"@type\":\"ImageObject\",\"inLanguage\":\"es\",\"@id\":\"https:\\\/\\\/hojassueltas.es\\\/?p=30929#primaryimage\",\"url\":\"https:\\\/\\\/hojassueltas.es\\\/wp-content\\\/uploads\\\/2026\\\/08\\\/101_Editorial-bibliotecas_H.S.png\",\"contentUrl\":\"https:\\\/\\\/hojassueltas.es\\\/wp-content\\\/uploads\\\/2026\\\/08\\\/101_Editorial-bibliotecas_H.S.png\",\"width\":1920,\"height\":1280},{\"@type\":\"BreadcrumbList\",\"@id\":\"https:\\\/\\\/hojassueltas.es\\\/?p=30929#breadcrumb\",\"itemListElement\":[{\"@type\":\"ListItem\",\"position\":1,\"name\":\"Portada\",\"item\":\"https:\\\/\\\/hojassueltas.es\\\/\"},{\"@type\":\"ListItem\",\"position\":2,\"name\":\"El pr\u00e9stamo digital europeo cambia de due\u00f1o\"}]},{\"@type\":\"WebSite\",\"@id\":\"https:\\\/\\\/hojassueltas.es\\\/#website\",\"url\":\"https:\\\/\\\/hojassueltas.es\\\/\",\"name\":\"HojasSueltas.es\",\"description\":\"Peri\u00f3dico Cultural\",\"publisher\":{\"@id\":\"https:\\\/\\\/hojassueltas.es\\\/#organization\"},\"alternateName\":\"H.S. Periodico Cultural\",\"potentialAction\":[{\"@type\":\"SearchAction\",\"target\":{\"@type\":\"EntryPoint\",\"urlTemplate\":\"https:\\\/\\\/hojassueltas.es\\\/?s={search_term_string}\"},\"query-input\":{\"@type\":\"PropertyValueSpecification\",\"valueRequired\":true,\"valueName\":\"search_term_string\"}}],\"inLanguage\":\"es\"},{\"@type\":\"Organization\",\"@id\":\"https:\\\/\\\/hojassueltas.es\\\/#organization\",\"name\":\"HOJAS SUELTAS - Peri\u00f3dico Cultural\",\"alternateName\":\"HS - HOJAS SUELTAS Peri\u00f3dico Cultural\",\"url\":\"https:\\\/\\\/hojassueltas.es\\\/\",\"logo\":{\"@type\":\"ImageObject\",\"inLanguage\":\"es\",\"@id\":\"https:\\\/\\\/hojassueltas.es\\\/#\\\/schema\\\/logo\\\/image\\\/\",\"url\":\"https:\\\/\\\/hojassueltas.es\\\/wp-content\\\/uploads\\\/2025\\\/08\\\/Icono-HS_2.png\",\"contentUrl\":\"https:\\\/\\\/hojassueltas.es\\\/wp-content\\\/uploads\\\/2025\\\/08\\\/Icono-HS_2.png\",\"width\":500,\"height\":500,\"caption\":\"HOJAS SUELTAS - Peri\u00f3dico Cultural\"},\"image\":{\"@id\":\"https:\\\/\\\/hojassueltas.es\\\/#\\\/schema\\\/logo\\\/image\\\/\"},\"sameAs\":[\"https:\\\/\\\/x.com\\\/HOJASSUELTAS22\"]},{\"@type\":\"Person\",\"@id\":\"https:\\\/\\\/hojassueltas.es\\\/#\\\/schema\\\/person\\\/69b100dc9b45a00e61d055b63d4278e9\",\"name\":\"Valent\u00edn Castro\",\"image\":{\"@type\":\"ImageObject\",\"inLanguage\":\"es\",\"@id\":\"https:\\\/\\\/hojassueltas.es\\\/wp-content\\\/uploads\\\/2025\\\/11\\\/Valentin-Castro-2025-96x96.png\",\"url\":\"https:\\\/\\\/hojassueltas.es\\\/wp-content\\\/uploads\\\/2025\\\/11\\\/Valentin-Castro-2025-96x96.png\",\"contentUrl\":\"https:\\\/\\\/hojassueltas.es\\\/wp-content\\\/uploads\\\/2025\\\/11\\\/Valentin-Castro-2025-96x96.png\",\"caption\":\"Valent\u00edn Castro\"},\"description\":\"Naci\u00f3 en una aldea de A Coru\u00f1a. Emigra con sus padres a M\u00e9jico. Licenciado en Comunicaci\u00f3n y Periodismo por la Universidad Nacional Aut\u00f3noma de M\u00e9xico. Licenciado en Geograf\u00eda e Historia por la Universidad Complutense de Madrid. Vive en Madrid, publica art\u00edculos y ensayos en diversos medios de comunicaci\u00f3n mejicanos y espa\u00f1oles bajo varios seud\u00f3nimos. Actualmente prepara una saga con personajes nacidos durante la ocupaci\u00f3n de M\u00e9xico por Hern\u00e1n Cort\u00e9s. Sus art\u00edculos y ensayos son efectistas, en ocasiones c\u00e1ustico, y muy cr\u00edtico. ES Redactor Jefe de Hojas Sueltas, dedicando su tiempo libre a escribir art\u00edculos con especial dedicaci\u00f3n a la literatura y la historia.\",\"url\":\"https:\\\/\\\/hojassueltas.es\\\/?author=62\"}]}<\/script>\n<!-- \/ Yoast SEO plugin. -->","yoast_head_json":{"title":"El pr\u00e9stamo digital europeo cambia de due\u00f1o | 101-Editorial | HOJAS SUELTAS","description":"EDITORIAL HS : Una biblioteca puede contratar una plataforma; no debe cederle su criterio, sus lectores ni la memoria de sus colecciones. El pr\u00e9stamo digital europeo cambia de due\u00f1o.","robots":{"index":"index","follow":"follow","max-snippet":"max-snippet:-1","max-image-preview":"max-image-preview:large","max-video-preview":"max-video-preview:-1"},"canonical":"https:\/\/hojassueltas.es\/?p=30929","og_locale":"es_ES","og_type":"article","og_title":"El pr\u00e9stamo digital europeo cambia de due\u00f1o | 101-Editorial | HOJAS SUELTAS","og_description":"EDITORIAL HS : Una biblioteca puede contratar una plataforma; no debe cederle su criterio, sus lectores ni la memoria de sus colecciones. El pr\u00e9stamo digital europeo cambia de due\u00f1o.","og_url":"https:\/\/hojassueltas.es\/?p=30929","og_site_name":"HOJAS SUELTAS","article_published_time":"2026-08-16T22:00:09+00:00","article_modified_time":"2026-08-23T18:55:43+00:00","og_image":[{"width":915,"height":610,"url":"https:\/\/hojassueltas.es\/wp-content\/uploads\/2026\/08\/101_Editorial-bibliotecas_H.S-915x610.png","type":"image\/png"}],"author":"Valent\u00edn Castro","twitter_card":"summary_large_image","twitter_creator":"@HOJASSUELTAS22","twitter_site":"@HOJASSUELTAS22","twitter_misc":{"Escrito por":"Valent\u00edn Castro","Tiempo de lectura":"8 minutos"},"schema":{"@context":"https:\/\/schema.org","@graph":[{"@type":["Article","BlogPosting"],"@id":"https:\/\/hojassueltas.es\/?p=30929#article","isPartOf":{"@id":"https:\/\/hojassueltas.es\/?p=30929"},"author":{"name":"Valent\u00edn Castro","@id":"https:\/\/hojassueltas.es\/#\/schema\/person\/69b100dc9b45a00e61d055b63d4278e9"},"headline":"El pr\u00e9stamo digital europeo cambia de due\u00f1o","datePublished":"2026-08-16T22:00:09+00:00","dateModified":"2026-08-23T18:55:43+00:00","mainEntityOfPage":{"@id":"https:\/\/hojassueltas.es\/?p=30929"},"wordCount":1687,"publisher":{"@id":"https:\/\/hojassueltas.es\/#organization"},"image":{"@id":"https:\/\/hojassueltas.es\/?p=30929#primaryimage"},"thumbnailUrl":"https:\/\/hojassueltas.es\/wp-content\/uploads\/2026\/08\/101_Editorial-bibliotecas_H.S.png","keywords":["BIbliotecas europeas","Fondos de inversi\u00f3n","Valent\u00edn Castro"],"articleSection":["101-Editorial"],"inLanguage":"es"},{"@type":"WebPage","@id":"https:\/\/hojassueltas.es\/?p=30929","url":"https:\/\/hojassueltas.es\/?p=30929","name":"El pr\u00e9stamo digital europeo cambia de due\u00f1o | 101-Editorial | HOJAS SUELTAS","isPartOf":{"@id":"https:\/\/hojassueltas.es\/#website"},"primaryImageOfPage":{"@id":"https:\/\/hojassueltas.es\/?p=30929#primaryimage"},"image":{"@id":"https:\/\/hojassueltas.es\/?p=30929#primaryimage"},"thumbnailUrl":"https:\/\/hojassueltas.es\/wp-content\/uploads\/2026\/08\/101_Editorial-bibliotecas_H.S.png","datePublished":"2026-08-16T22:00:09+00:00","dateModified":"2026-08-23T18:55:43+00:00","description":"EDITORIAL HS : Una biblioteca puede contratar una plataforma; no debe cederle su criterio, sus lectores ni la memoria de sus colecciones. El pr\u00e9stamo digital europeo cambia de due\u00f1o.","breadcrumb":{"@id":"https:\/\/hojassueltas.es\/?p=30929#breadcrumb"},"inLanguage":"es","potentialAction":[{"@type":"ReadAction","target":["https:\/\/hojassueltas.es\/?p=30929"]}]},{"@type":"ImageObject","inLanguage":"es","@id":"https:\/\/hojassueltas.es\/?p=30929#primaryimage","url":"https:\/\/hojassueltas.es\/wp-content\/uploads\/2026\/08\/101_Editorial-bibliotecas_H.S.png","contentUrl":"https:\/\/hojassueltas.es\/wp-content\/uploads\/2026\/08\/101_Editorial-bibliotecas_H.S.png","width":1920,"height":1280},{"@type":"BreadcrumbList","@id":"https:\/\/hojassueltas.es\/?p=30929#breadcrumb","itemListElement":[{"@type":"ListItem","position":1,"name":"Portada","item":"https:\/\/hojassueltas.es\/"},{"@type":"ListItem","position":2,"name":"El pr\u00e9stamo digital europeo cambia de due\u00f1o"}]},{"@type":"WebSite","@id":"https:\/\/hojassueltas.es\/#website","url":"https:\/\/hojassueltas.es\/","name":"HojasSueltas.es","description":"Peri\u00f3dico Cultural","publisher":{"@id":"https:\/\/hojassueltas.es\/#organization"},"alternateName":"H.S. Periodico Cultural","potentialAction":[{"@type":"SearchAction","target":{"@type":"EntryPoint","urlTemplate":"https:\/\/hojassueltas.es\/?s={search_term_string}"},"query-input":{"@type":"PropertyValueSpecification","valueRequired":true,"valueName":"search_term_string"}}],"inLanguage":"es"},{"@type":"Organization","@id":"https:\/\/hojassueltas.es\/#organization","name":"HOJAS SUELTAS - Peri\u00f3dico Cultural","alternateName":"HS - HOJAS SUELTAS Peri\u00f3dico Cultural","url":"https:\/\/hojassueltas.es\/","logo":{"@type":"ImageObject","inLanguage":"es","@id":"https:\/\/hojassueltas.es\/#\/schema\/logo\/image\/","url":"https:\/\/hojassueltas.es\/wp-content\/uploads\/2025\/08\/Icono-HS_2.png","contentUrl":"https:\/\/hojassueltas.es\/wp-content\/uploads\/2025\/08\/Icono-HS_2.png","width":500,"height":500,"caption":"HOJAS SUELTAS - Peri\u00f3dico Cultural"},"image":{"@id":"https:\/\/hojassueltas.es\/#\/schema\/logo\/image\/"},"sameAs":["https:\/\/x.com\/HOJASSUELTAS22"]},{"@type":"Person","@id":"https:\/\/hojassueltas.es\/#\/schema\/person\/69b100dc9b45a00e61d055b63d4278e9","name":"Valent\u00edn Castro","image":{"@type":"ImageObject","inLanguage":"es","@id":"https:\/\/hojassueltas.es\/wp-content\/uploads\/2025\/11\/Valentin-Castro-2025-96x96.png","url":"https:\/\/hojassueltas.es\/wp-content\/uploads\/2025\/11\/Valentin-Castro-2025-96x96.png","contentUrl":"https:\/\/hojassueltas.es\/wp-content\/uploads\/2025\/11\/Valentin-Castro-2025-96x96.png","caption":"Valent\u00edn Castro"},"description":"Naci\u00f3 en una aldea de A Coru\u00f1a. Emigra con sus padres a M\u00e9jico. Licenciado en Comunicaci\u00f3n y Periodismo por la Universidad Nacional Aut\u00f3noma de M\u00e9xico. Licenciado en Geograf\u00eda e Historia por la Universidad Complutense de Madrid. Vive en Madrid, publica art\u00edculos y ensayos en diversos medios de comunicaci\u00f3n mejicanos y espa\u00f1oles bajo varios seud\u00f3nimos. Actualmente prepara una saga con personajes nacidos durante la ocupaci\u00f3n de M\u00e9xico por Hern\u00e1n Cort\u00e9s. Sus art\u00edculos y ensayos son efectistas, en ocasiones c\u00e1ustico, y muy cr\u00edtico. ES Redactor Jefe de Hojas Sueltas, dedicando su tiempo libre a escribir art\u00edculos con especial dedicaci\u00f3n a la literatura y la historia.","url":"https:\/\/hojassueltas.es\/?author=62"}]}},"_links":{"self":[{"href":"https:\/\/hojassueltas.es\/index.php?rest_route=\/wp\/v2\/posts\/30929","targetHints":{"allow":["GET"]}}],"collection":[{"href":"https:\/\/hojassueltas.es\/index.php?rest_route=\/wp\/v2\/posts"}],"about":[{"href":"https:\/\/hojassueltas.es\/index.php?rest_route=\/wp\/v2\/types\/post"}],"author":[{"embeddable":true,"href":"https:\/\/hojassueltas.es\/index.php?rest_route=\/wp\/v2\/users\/62"}],"replies":[{"embeddable":true,"href":"https:\/\/hojassueltas.es\/index.php?rest_route=%2Fwp%2Fv2%2Fcomments&post=30929"}],"version-history":[{"count":1,"href":"https:\/\/hojassueltas.es\/index.php?rest_route=\/wp\/v2\/posts\/30929\/revisions"}],"predecessor-version":[{"id":30930,"href":"https:\/\/hojassueltas.es\/index.php?rest_route=\/wp\/v2\/posts\/30929\/revisions\/30930"}],"wp:featuredmedia":[{"embeddable":true,"href":"https:\/\/hojassueltas.es\/index.php?rest_route=\/wp\/v2\/media\/30931"}],"wp:attachment":[{"href":"https:\/\/hojassueltas.es\/index.php?rest_route=%2Fwp%2Fv2%2Fmedia&parent=30929"}],"wp:term":[{"taxonomy":"category","embeddable":true,"href":"https:\/\/hojassueltas.es\/index.php?rest_route=%2Fwp%2Fv2%2Fcategories&post=30929"},{"taxonomy":"post_tag","embeddable":true,"href":"https:\/\/hojassueltas.es\/index.php?rest_route=%2Fwp%2Fv2%2Ftags&post=30929"}],"curies":[{"name":"wp","href":"https:\/\/api.w.org\/{rel}","templated":true}]}}