{"id":30916,"date":"2026-08-17T00:00:52","date_gmt":"2026-08-16T22:00:52","guid":{"rendered":"https:\/\/hojassueltas.es\/?p=30916"},"modified":"2026-08-17T10:01:46","modified_gmt":"2026-08-17T08:01:46","slug":"parorama-cultural-semana-10-al-16-de-agosto","status":"publish","type":"post","link":"https:\/\/hojassueltas.es\/?p=30916","title":{"rendered":"Parorama cultural europeo:  Semana 10 al 16 de agosto"},"content":{"rendered":"<h2 class=\"western\" align=\"justify\"><span style=\"font-family: Georgia Pro, serif;\"><span style=\"font-size: large;\">Sumario <\/span><\/span><\/h2>\n<p align=\"justify\"><span style=\"font-family: Georgia Pro, serif;\"><span style=\"font-size: large;\">La semana cultural europea estuvo marcada por cuatro asuntos dominantes. En Espa\u00f1a, el eclipse total de sol del 12 de agosto se convirti\u00f3 tambi\u00e9n en acontecimiento cultural, con propuestas musicales y comunitarias, mientras los incendios obligaban a activar protocolos extraordinarios para proteger el patrimonio aragon\u00e9s. Los festivales mantuvieron su funci\u00f3n como espacios de relectura del canon: M\u00e9rida revis\u00f3 el mito de Fedra y Edimburgo reuni\u00f3 propuestas sobre Bacon, Shakespeare, Brecht, la di\u00e1spora y las tradiciones populares.<\/span><\/span><\/p>\n<p align=\"justify\"><span style=\"font-family: Georgia Pro, serif;\"><span style=\"font-size: large;\">En el \u00e1mbito audiovisual, Locarno cerr\u00f3 su edici\u00f3n con un palmar\u00e9s favorable al cine rumano y a las coproducciones europeas, al tiempo que Sarajevo inauguraba una programaci\u00f3n concebida como plataforma para las cinematograf\u00edas de los Balcanes. En libros y edici\u00f3n destacaron la concentraci\u00f3n de las plataformas de pr\u00e9stamo digital, el premio Arthur C. Clarke y nuevas iniciativas europeas de circulaci\u00f3n intercultural.<\/span><\/span><\/p>\n<p align=\"justify\"><span style=\"font-family: Georgia Pro, serif;\"><span style=\"font-size: large;\">La cara m\u00e1s negativa fue especialmente grave: el robo de cuatro pinturas de Antonello da Messina, la destrucci\u00f3n de una parte sustancial de la producci\u00f3n editorial ucraniana, la censura de libros LGTBIQ+ en Rusia y la constataci\u00f3n de que la precariedad contin\u00faa condicionando el empleo muse\u00edstico europeo.<\/span><\/span><\/p>\n<hr \/>\n<p><strong><span style=\"font-family: Georgia Pro, serif;\"><span style=\"font-size: large;\">La esperanza clim\u00e1tica gana el premio Arthur C. Clarke<\/span><\/span><\/strong><\/p>\n<p><span style=\"font-family: Georgia Pro, serif;\"><span style=\"font-size: large;\">Londres, Reino Unido<\/span><\/span><\/p>\n<p style=\"text-align: justify;\"><span style=\"font-family: Georgia Pro, serif;\"><span style=\"font-size: large;\">E. J. Swift obtuvo el premio Arthur C. Clarke de ciencia ficci\u00f3n por <\/span><\/span><em><span style=\"font-family: Georgia Pro, serif;\"><span style=\"font-size: large;\">When There Are Wolves Again<\/span><\/span><\/em><span style=\"font-family: Georgia Pro, serif;\"><span style=\"font-size: large;\">, novela ambientada en una Gran Breta\u00f1a futura y centrada en la restauraci\u00f3n ecol\u00f3gica, el activismo clim\u00e1tico y la posibilidad de una recuperaci\u00f3n despu\u00e9s de la cat\u00e1strofe. La obra fue escogida entre un r\u00e9cord de 132 candidaturas presentadas por 52 editoriales y autores independientes brit\u00e1nicos.<\/span><\/span><\/p>\n<p style=\"text-align: justify;\"><span style=\"font-family: georgia, palatino, serif;\"><strong><span style=\"font-size: 20px;\">Lectura:<\/span> \u00a0<\/strong><\/span><span style=\"font-family: Georgia Pro, serif;\"><span style=\"font-size: large;\">permite analizar el desplazamiento de la narrativa clim\u00e1tica europea desde la distop\u00eda paralizante hacia la imaginaci\u00f3n reparadora y el concepto de esperanza a largo plazo.<\/span><\/span><\/p>\n<hr \/>\n<p><strong><span style=\"font-family: Georgia Pro, serif;\"><span style=\"font-size: large;\">Una novela gr\u00e1fica francesa ser\u00e1 preservada en la Luna<\/span><\/span><\/strong><\/p>\n<p><span style=\"font-family: Georgia Pro, serif;\"><span style=\"font-size: large;\">Par\u00eds, Francia<\/span><\/span><\/p>\n<p style=\"text-align: justify;\"><span style=\"font-family: Georgia Pro, serif;\"><span style=\"font-size: large;\"><a href=\"https:\/\/hojassueltas.es\/?page_id=1745\"><img loading=\"lazy\" decoding=\"async\" class=\"alignleft wp-image-30728 size-medium\" src=\"https:\/\/hojassueltas.es\/wp-content\/uploads\/2026\/08\/Publicidad-MODULO-5-Robapaginas-200x300.png\" alt=\"\" width=\"200\" height=\"300\" srcset=\"https:\/\/hojassueltas.es\/wp-content\/uploads\/2026\/08\/Publicidad-MODULO-5-Robapaginas-200x300.png 200w, https:\/\/hojassueltas.es\/wp-content\/uploads\/2026\/08\/Publicidad-MODULO-5-Robapaginas-407x610.png 407w, https:\/\/hojassueltas.es\/wp-content\/uploads\/2026\/08\/Publicidad-MODULO-5-Robapaginas-768x1152.png 768w, https:\/\/hojassueltas.es\/wp-content\/uploads\/2026\/08\/Publicidad-MODULO-5-Robapaginas-150x225.png 150w, https:\/\/hojassueltas.es\/wp-content\/uploads\/2026\/08\/Publicidad-MODULO-5-Robapaginas-300x450.png 300w, https:\/\/hojassueltas.es\/wp-content\/uploads\/2026\/08\/Publicidad-MODULO-5-Robapaginas-696x1044.png 696w, https:\/\/hojassueltas.es\/wp-content\/uploads\/2026\/08\/Publicidad-MODULO-5-Robapaginas.png 1024w\" sizes=\"auto, (max-width: 200px) 100vw, 200px\" \/><\/a>Albin Michel anunci\u00f3 que <\/span><\/span><em><span style=\"font-family: Georgia Pro, serif;\"><span style=\"font-size: large;\">Astro Allan, une odyss\u00e9e interstellaire<\/span><\/span><\/em><span style=\"font-family: Georgia Pro, serif;\"><span style=\"font-size: large;\">, de Allan Petre y Meidelev, ser\u00e1 micrograbada en uno de los discos de zafiro del proyecto Sanctuary on the Moon. La c\u00e1psula cultural, respaldada por organismos cient\u00edficos y culturales, pretende trasladar a la superficie lunar una selecci\u00f3n de obras y testimonios humanos.<\/span><\/span><\/p>\n<p style=\"text-align: justify;\"><strong><span style=\"font-family: Georgia Pro, serif;\"><span style=\"font-size: large;\">Lectura: <\/span><\/span><\/strong><span style=\"font-family: Georgia Pro, serif;\"><span style=\"font-size: large;\">discutir la tensi\u00f3n entre conservaci\u00f3n, promoci\u00f3n editorial y simbolismo tecnol\u00f3gico: qui\u00e9n decide qu\u00e9 fragmentos de la cultura escrita representan a la humanidad.<\/span><\/span><\/p>\n<hr \/>\n<p><strong><span style=\"font-family: Georgia Pro, serif;\"><span style=\"font-size: large;\">Deborah Levy devuelve a Gertrude Stein al debate contempor\u00e1neo<\/span><\/span><\/strong><\/p>\n<p><span style=\"font-family: Georgia Pro, serif;\"><span style=\"font-size: large;\">Londres, Reino Unido<\/span><\/span><\/p>\n<p style=\"text-align: justify;\"><span style=\"font-family: Georgia Pro, serif;\"><span style=\"font-size: large;\">Una lectura cr\u00edtica de <\/span><\/span><em><span style=\"font-family: Georgia Pro, serif;\"><span style=\"font-size: large;\">My Year in Paris with Gertrude Stein<\/span><\/span><\/em><span style=\"font-family: Georgia Pro, serif;\"><span style=\"font-size: large;\"> examin\u00f3 c\u00f3mo Deborah Levy convierte a la escritora, coleccionista y anfitriona de la vanguardia parisina en punto de partida para hablar de creaci\u00f3n femenina, migraci\u00f3n, vida intelectual y memoria art\u00edstica. La cr\u00edtica se\u00f1ala, sin embargo, que la novela ofrece una imagen deliberadamente parcial de Stein.<\/span><\/span><\/p>\n<p style=\"text-align: justify;\"><strong><span style=\"font-family: Georgia Pro, serif;\"><span style=\"font-size: large;\">Lectura:<\/span><\/span><\/strong><span style=\"font-family: Georgia Pro, serif;\"><span style=\"font-size: large;\"> propone una reflexi\u00f3n sobre la frontera entre biograf\u00eda, apropiaci\u00f3n literaria y reescritura feminista de las vanguardias.<\/span><\/span><\/p>\n<hr \/>\n<p><strong><span style=\"font-family: Georgia Pro, serif;\"><span style=\"font-size: large;\">Italia recupera tres obras robadas de Renoir, C\u00e9zanne y Matisse<\/span><\/span><\/strong><\/p>\n<p><span style=\"font-family: Georgia Pro, serif;\"><span style=\"font-size: large;\">Parma, Italia<\/span><\/span><\/p>\n<p style=\"text-align: justify;\"><span style=\"font-family: Georgia Pro, serif;\"><span style=\"font-size: large;\">La polic\u00eda italiana recuper\u00f3 tres pinturas atribuidas a Pierre-Auguste Renoir, Paul C\u00e9zanne y Henri Matisse que hab\u00edan sido sustra\u00eddas de un museo pr\u00f3ximo a Parma. La operaci\u00f3n volvi\u00f3 a poner de relieve la cooperaci\u00f3n entre fiscal\u00edas, cuerpos especializados y registros internacionales frente al tr\u00e1fico il\u00edcito de arte.<\/span><\/span><\/p>\n<hr \/>\n<p><strong><span style=\"font-family: Georgia Pro, serif;\"><span style=\"font-size: large;\">Una obra in\u00e9dita refuerza el lugar de Lavinia Fontana en la historia del arte<\/span><\/span><\/strong><\/p>\n<p><span style=\"font-family: Georgia Pro, serif;\"><span style=\"font-size: large;\">Madrid, Espa\u00f1a<\/span><\/span><\/p>\n<p style=\"text-align: justify;\"><span style=\"font-family: Georgia Pro, serif;\"><span style=\"font-size: large;\">El historiador Enrico Maria dal Pozzolo present\u00f3 nuevas investigaciones sobre la producci\u00f3n er\u00f3tica de Lavinia Fontana, una de las primeras pintoras profesionales europeas. Entre las piezas estudiadas figura una obra in\u00e9dita sobre pizarra con tres mujeres desnudas. La investigaci\u00f3n tambi\u00e9n recupera la importancia de <\/span><\/span><em><span style=\"font-family: Georgia Pro, serif;\"><span style=\"font-size: large;\">Marte y Venus<\/span><\/span><\/em><span style=\"font-family: Georgia Pro, serif;\"><span style=\"font-size: large;\">, conservada en el Palacio de Liria de Madrid.<\/span><\/span><\/p>\n<hr \/>\n<p><strong><span style=\"font-family: Georgia Pro, serif;\"><span style=\"font-size: large;\">Tilda Swinton y Olivier Saillard transforman la exposici\u00f3n de moda en arte vivo<\/span><\/span><\/strong><\/p>\n<p><span style=\"font-family: Georgia Pro, serif;\"><span style=\"font-size: large;\">Bilbao, Espa\u00f1a<\/span><\/span><\/p>\n<p style=\"text-align: justify;\"><span style=\"font-family: Georgia Pro, serif;\"><span style=\"font-size: large;\">Un reportaje examin\u00f3 m\u00e1s de una d\u00e9cada de colaboraci\u00f3n entre Swinton y Saillard, responsables de \u201cexposiciones vivas\u201d donde prendas, recuerdos, movimiento y narraci\u00f3n sustituyen la disposici\u00f3n convencional de maniqu\u00edes y vitrinas. Entre sus pr\u00f3ximos proyectos figura <\/span><\/span><em><span style=\"font-family: Georgia Pro, serif;\"><span style=\"font-size: large;\">House of Gestures<\/span><\/span><\/em><span style=\"font-family: Georgia Pro, serif;\"><span style=\"font-size: large;\">, vinculado al Museo Guggenheim Bilbao.<\/span><\/span><\/p>\n<hr \/>\n<p style=\"text-align: justify;\"><strong><span style=\"font-family: Georgia Pro, serif;\"><span style=\"font-size: large;\">M\u00e9rida concede a Fedra una \u201csegunda oportunidad\u201d<\/span><\/span><\/strong><\/p>\n<p><span style=\"font-family: Georgia Pro, serif;\"><span style=\"font-size: large;\">M\u00e9rida, Espa\u00f1a<\/span><\/span><\/p>\n<p style=\"text-align: justify;\"><em><span style=\"font-family: Georgia Pro, serif;\"><span style=\"font-size: large;\">Fedra en los infiernos<\/span><\/span><\/em><span style=\"font-family: Georgia Pro, serif;\"><span style=\"font-size: large;\">, con Lydia Bosch y direcci\u00f3n de Luis Luque, lleg\u00f3 al Festival Internacional de Teatro Cl\u00e1sico de M\u00e9rida. El montaje revisa el mito desde la responsabilidad, el deseo y la posibilidad de que una mujer definida hist\u00f3ricamente por su pasi\u00f3n prohibida recupere el control de su relato.<\/span><\/span><\/p>\n<hr \/>\n<p style=\"text-align: justify;\"><strong><span style=\"font-family: Georgia Pro, serif;\"><span style=\"font-size: large;\">Francis Bacon y George Dyer regresan al escenario desde el archivo<\/span><\/span><\/strong><\/p>\n<p><span style=\"font-family: Georgia Pro, serif;\"><span style=\"font-size: large;\">Edimburgo, Reino Unido<\/span><\/span><\/p>\n<p style=\"text-align: justify;\"><span style=\"font-family: Georgia Pro, serif;\"><span style=\"font-size: large;\">La obra <\/span><\/span><em><span style=\"font-family: Georgia Pro, serif;\"><span style=\"font-size: large;\">Buggers<\/span><\/span><\/em><span style=\"font-family: Georgia Pro, serif;\"><span style=\"font-size: large;\">, presentada en el Fringe de Edimburgo, reconstruy\u00f3 la relaci\u00f3n entre Francis Bacon y George Dyer mediante materiales documentales y una dramaturgia concentrada en el deseo, la dependencia y el desequilibrio de poder.<\/span><\/span><\/p>\n<hr \/>\n<p style=\"text-align: justify;\"><strong><em><span style=\"font-family: Georgia Pro, serif;\"><span style=\"font-size: large;\">Objet a<\/span><\/span><\/em><span style=\"font-family: Georgia Pro, serif;\"><span style=\"font-size: large;\"> lleva participaci\u00f3n espa\u00f1ola a la competici\u00f3n de Locarno<\/span><\/span><\/strong><\/p>\n<p><span style=\"font-family: Georgia Pro, serif;\"><span style=\"font-size: large;\">Locarno, Suiza<\/span><\/span><\/p>\n<p style=\"text-align: justify;\"><span style=\"font-family: Georgia Pro, serif;\"><span style=\"font-size: large;\">La pel\u00edcula de Ann Oren tuvo su estreno mundial en el concurso internacional de Locarno. La coproducci\u00f3n, con participaci\u00f3n espa\u00f1ola, prolonga la exploraci\u00f3n de Oren sobre cuerpo, tecnolog\u00eda, identidad y formas de percepci\u00f3n contempor\u00e1neas.<\/span><\/span><\/p>\n<hr \/>\n<p style=\"text-align: justify;\"><strong><span style=\"font-family: Georgia Pro, serif;\"><span style=\"font-size: large;\">Una biblioteca espa\u00f1ola figura entre las premiadas por la IFLA<\/span><\/span><\/strong><\/p>\n<p><span style=\"font-family: Georgia Pro, serif;\"><span style=\"font-size: large;\">Espa\u00f1a; anuncio efectuado en el congreso internacional de Corea del Sur<\/span><\/span><\/p>\n<p class=\"PDq2pG_selectionAnchorContainer\" style=\"text-align: justify;\" data-start=\"71\" data-end=\"601\"><span style=\"font-family: georgia, palatino, serif; font-size: 20px;\">El Centro de Documentaci\u00f3n y Recursos para la Educaci\u00f3n Ambiental de Cantabria (CEDREAC), situado en Torrelavega y dependiente del Centro de Investigaci\u00f3n del Medio Ambiente del Gobierno de Cantabria, obtuvo reconocimiento internacional por su proyecto <em data-start=\"324\" data-end=\"400\">Small Library, Big Engine: CEDREAC\u2019s Circle of Environment &amp; Participation<\/em>. La iniciativa fue seleccionada entre las finalistas del Premio IFLA Biblioteca Verde 2026, cuyos resultados se presentaron durante el Congreso Mundial de Bibliotecas e Informaci\u00f3n celebrado en Busan.<\/span><\/p>\n<p style=\"text-align: justify;\" data-start=\"603\" data-end=\"1112\"><span style=\"font-family: georgia, palatino, serif; font-size: 20px;\">El CEDREAC compiti\u00f3 en la categor\u00eda dedicada a proyectos bibliotecarios sostenibles, junto a iniciativas de Brasil, Corea del Sur y Singapur. Su candidatura fue valorada por demostrar que una biblioteca especializada y de dimensiones reducidas puede actuar como centro dinamizador de la educaci\u00f3n ambiental. M\u00e1s all\u00e1 de conservar y facilitar documentos, la instituci\u00f3n c\u00e1ntabra conecta publicaciones, recursos pedag\u00f3gicos, asociaciones, docentes y ciudadan\u00eda mediante actividades de formaci\u00f3n y participaci\u00f3n.<\/span><\/p>\n<p style=\"text-align: justify;\" data-start=\"1114\" data-end=\"1659\"><span style=\"font-family: georgia, palatino, serif; font-size: 20px;\">El reconocimiento resulta especialmente significativo porque cuestiona la identificaci\u00f3n de la innovaci\u00f3n bibliotecaria con los grandes edificios, las inversiones tecnol\u00f3gicas elevadas o las redes urbanas de gran escala. El modelo del CEDREAC parte de una estructura modesta, pero multiplica su influencia a trav\u00e9s de la cooperaci\u00f3n institucional, el conocimiento especializado y la relaci\u00f3n continuada con su comunidad. La biblioteca aparece as\u00ed como mediadora entre la informaci\u00f3n cient\u00edfica y la acci\u00f3n cotidiana frente a la crisis clim\u00e1tica.<\/span><\/p>\n<p style=\"text-align: justify;\" data-start=\"1661\" data-end=\"2112\"><span style=\"font-family: georgia, palatino, serif; font-size: 20px;\">La distinci\u00f3n tambi\u00e9n confirma una transformaci\u00f3n m\u00e1s amplia: las bibliotecas contempor\u00e1neas ya no pueden entenderse \u00fanicamente como dep\u00f3sitos de libros. Son espacios de aprendizaje, alfabetizaci\u00f3n ambiental y digital, encuentro ciudadano y construcci\u00f3n de redes locales. En este sentido, el proyecto c\u00e1ntabro ofrece un modelo trasladable a otras bibliotecas espa\u00f1olas, especialmente a aquellas que trabajan en ciudades peque\u00f1as o territorios rurales.<\/span><\/p>\n<hr \/>\n<p><strong><span style=\"font-family: Georgia Pro, serif;\"><span style=\"font-size: large;\">Los cr\u00edticos teatrales debaten su funci\u00f3n en la era de las redes<\/span><\/span><\/strong><\/p>\n<p><span style=\"font-family: Georgia Pro, serif;\"><span style=\"font-size: large;\">Edimburgo, Reino Unido<\/span><\/span><\/p>\n<p style=\"text-align: justify;\"><span style=\"font-family: Georgia Pro, serif;\"><span style=\"font-size: large;\">La cobertura del Fringe reabri\u00f3 la discusi\u00f3n sobre el poder de la cr\u00edtica, las acusaciones de elitismo y el efecto que una rese\u00f1a puede producir en espect\u00e1culos de presupuestos reducidos. La proliferaci\u00f3n de prescriptores digitales no ha eliminado la cr\u00edtica profesional, pero s\u00ed ha fragmentado su autoridad.<\/span><\/span><\/p>\n<hr \/>\n<p style=\"text-align: justify;\" data-start=\"2114\" data-end=\"2351\">Fuentes: Prensa internacional de los paises citados<\/p>\n<p data-start=\"2114\" data-end=\"2351\"><strong>PUNTO Y SEGUIDO. Pilar Santisteban<\/strong><\/p>\n","protected":false},"excerpt":{"rendered":"<p>Sumario La semana cultural europea estuvo marcada por cuatro asuntos dominantes. En Espa\u00f1a, el eclipse total de sol del 12 de agosto se convirti\u00f3 tambi\u00e9n en acontecimiento cultural, con propuestas musicales y comunitarias, mientras los incendios obligaban a activar protocolos extraordinarios para proteger el patrimonio aragon\u00e9s. Los festivales mantuvieron su funci\u00f3n como espacios de relectura [&hellip;]<\/p>\n","protected":false},"author":95,"featured_media":30829,"comment_status":"closed","ping_status":"closed","sticky":false,"template":"","format":"standard","meta":{"footnotes":""},"categories":[3550],"tags":[3936,3930,3935,3933,3932,3931,3219,3934],"class_list":["post-30916","post","type-post","status-publish","format-standard","has-post-thumbnail","category-agenda-cultural","tag-ageenda-cultural","tag-albin-michel","tag-cantabria","tag-cedreac","tag-deborah-levy","tag-e-j-swift","tag-gertrude-stein","tag-torrelavega"],"yoast_head":"<!-- This site is optimized with the Yoast SEO plugin v28.4 - https:\/\/yoast.com\/product\/yoast-seo-wordpress\/ -->\n<title>Parorama cultural europeo: Semana 10 al 16 de agosto | 301_Agenda cultural | HOJAS SUELTAS<\/title>\n<meta name=\"description\" content=\"PANORAMA CULTURAL EUROPEO: Algunas noticias culturales de diversos sectores cuturales\" \/>\n<meta name=\"robots\" content=\"index, follow, max-snippet:-1, max-image-preview:large, max-video-preview:-1\" \/>\n<link rel=\"canonical\" href=\"https:\/\/hojassueltas.es\/?p=30916\" \/>\n<meta property=\"og:locale\" content=\"es_ES\" \/>\n<meta property=\"og:type\" content=\"article\" \/>\n<meta property=\"og:title\" content=\"Parorama cultural europeo: Semana 10 al 16 de agosto | 301_Agenda cultural | HOJAS SUELTAS\" \/>\n<meta property=\"og:description\" content=\"PANORAMA CULTURAL EUROPEO: Algunas noticias culturales de diversos sectores cuturales\" \/>\n<meta property=\"og:url\" content=\"https:\/\/hojassueltas.es\/?p=30916\" \/>\n<meta property=\"og:site_name\" content=\"HOJAS SUELTAS\" \/>\n<meta property=\"article:published_time\" content=\"2026-08-16T22:00:52+00:00\" \/>\n<meta property=\"article:modified_time\" content=\"2026-08-17T08:01:46+00:00\" \/>\n<meta property=\"og:image\" content=\"https:\/\/hojassueltas.es\/wp-content\/uploads\/2026\/08\/PANORAMA-CUTURAL_H.S.png\" \/>\n\t<meta property=\"og:image:width\" content=\"1250\" \/>\n\t<meta property=\"og:image:height\" content=\"833\" \/>\n\t<meta property=\"og:image:type\" content=\"image\/png\" \/>\n<meta name=\"author\" content=\"Punto y Seguido - Pilar Santisteban\" \/>\n<meta name=\"twitter:card\" content=\"summary_large_image\" \/>\n<meta name=\"twitter:creator\" content=\"@HOJASSUELTAS22\" \/>\n<meta name=\"twitter:site\" content=\"@HOJASSUELTAS22\" \/>\n<meta name=\"twitter:label1\" content=\"Escrito por\" \/>\n\t<meta name=\"twitter:data1\" content=\"Punto y Seguido - Pilar Santisteban\" \/>\n\t<meta name=\"twitter:label2\" content=\"Tiempo de lectura\" \/>\n\t<meta name=\"twitter:data2\" content=\"6 minutos\" \/>\n<script type=\"application\/ld+json\" class=\"yoast-schema-graph\">{\"@context\":\"https:\\\/\\\/schema.org\",\"@graph\":[{\"@type\":[\"Article\",\"BlogPosting\"],\"@id\":\"https:\\\/\\\/hojassueltas.es\\\/?p=30916#article\",\"isPartOf\":{\"@id\":\"https:\\\/\\\/hojassueltas.es\\\/?p=30916\"},\"author\":{\"name\":\"Punto y Seguido - Pilar Santisteban\",\"@id\":\"https:\\\/\\\/hojassueltas.es\\\/#\\\/schema\\\/person\\\/9e73b75874998dd9b093c599d194f858\"},\"headline\":\"Parorama cultural europeo: Semana 10 al 16 de agosto\",\"datePublished\":\"2026-08-16T22:00:52+00:00\",\"dateModified\":\"2026-08-17T08:01:46+00:00\",\"mainEntityOfPage\":{\"@id\":\"https:\\\/\\\/hojassueltas.es\\\/?p=30916\"},\"wordCount\":1321,\"publisher\":{\"@id\":\"https:\\\/\\\/hojassueltas.es\\\/#organization\"},\"image\":{\"@id\":\"https:\\\/\\\/hojassueltas.es\\\/?p=30916#primaryimage\"},\"thumbnailUrl\":\"https:\\\/\\\/hojassueltas.es\\\/wp-content\\\/uploads\\\/2026\\\/08\\\/PANORAMA-CUTURAL_H.S.png\",\"keywords\":[\"Ageenda cultural\",\"Albin Michel\",\"Cantabria\",\"CEDREAC\",\"Deborah Levy\",\"E. J. Swift\",\"Gertrude Stein\",\"Torrelavega\"],\"articleSection\":[\"301_Agenda cultural\"],\"inLanguage\":\"es\"},{\"@type\":\"WebPage\",\"@id\":\"https:\\\/\\\/hojassueltas.es\\\/?p=30916\",\"url\":\"https:\\\/\\\/hojassueltas.es\\\/?p=30916\",\"name\":\"Parorama cultural europeo: Semana 10 al 16 de agosto | 301_Agenda cultural | HOJAS SUELTAS\",\"isPartOf\":{\"@id\":\"https:\\\/\\\/hojassueltas.es\\\/#website\"},\"primaryImageOfPage\":{\"@id\":\"https:\\\/\\\/hojassueltas.es\\\/?p=30916#primaryimage\"},\"image\":{\"@id\":\"https:\\\/\\\/hojassueltas.es\\\/?p=30916#primaryimage\"},\"thumbnailUrl\":\"https:\\\/\\\/hojassueltas.es\\\/wp-content\\\/uploads\\\/2026\\\/08\\\/PANORAMA-CUTURAL_H.S.png\",\"datePublished\":\"2026-08-16T22:00:52+00:00\",\"dateModified\":\"2026-08-17T08:01:46+00:00\",\"description\":\"PANORAMA CULTURAL EUROPEO: Algunas noticias culturales de diversos sectores cuturales\",\"breadcrumb\":{\"@id\":\"https:\\\/\\\/hojassueltas.es\\\/?p=30916#breadcrumb\"},\"inLanguage\":\"es\",\"potentialAction\":[{\"@type\":\"ReadAction\",\"target\":[\"https:\\\/\\\/hojassueltas.es\\\/?p=30916\"]}]},{\"@type\":\"ImageObject\",\"inLanguage\":\"es\",\"@id\":\"https:\\\/\\\/hojassueltas.es\\\/?p=30916#primaryimage\",\"url\":\"https:\\\/\\\/hojassueltas.es\\\/wp-content\\\/uploads\\\/2026\\\/08\\\/PANORAMA-CUTURAL_H.S.png\",\"contentUrl\":\"https:\\\/\\\/hojassueltas.es\\\/wp-content\\\/uploads\\\/2026\\\/08\\\/PANORAMA-CUTURAL_H.S.png\",\"width\":1250,\"height\":833},{\"@type\":\"BreadcrumbList\",\"@id\":\"https:\\\/\\\/hojassueltas.es\\\/?p=30916#breadcrumb\",\"itemListElement\":[{\"@type\":\"ListItem\",\"position\":1,\"name\":\"Portada\",\"item\":\"https:\\\/\\\/hojassueltas.es\\\/\"},{\"@type\":\"ListItem\",\"position\":2,\"name\":\"Parorama cultural europeo: Semana 10 al 16 de agosto\"}]},{\"@type\":\"WebSite\",\"@id\":\"https:\\\/\\\/hojassueltas.es\\\/#website\",\"url\":\"https:\\\/\\\/hojassueltas.es\\\/\",\"name\":\"HojasSueltas.es\",\"description\":\"Peri\u00f3dico Cultural\",\"publisher\":{\"@id\":\"https:\\\/\\\/hojassueltas.es\\\/#organization\"},\"alternateName\":\"H.S. Periodico Cultural\",\"potentialAction\":[{\"@type\":\"SearchAction\",\"target\":{\"@type\":\"EntryPoint\",\"urlTemplate\":\"https:\\\/\\\/hojassueltas.es\\\/?s={search_term_string}\"},\"query-input\":{\"@type\":\"PropertyValueSpecification\",\"valueRequired\":true,\"valueName\":\"search_term_string\"}}],\"inLanguage\":\"es\"},{\"@type\":\"Organization\",\"@id\":\"https:\\\/\\\/hojassueltas.es\\\/#organization\",\"name\":\"HOJAS SUELTAS - Peri\u00f3dico Cultural\",\"alternateName\":\"HS - HOJAS SUELTAS Peri\u00f3dico Cultural\",\"url\":\"https:\\\/\\\/hojassueltas.es\\\/\",\"logo\":{\"@type\":\"ImageObject\",\"inLanguage\":\"es\",\"@id\":\"https:\\\/\\\/hojassueltas.es\\\/#\\\/schema\\\/logo\\\/image\\\/\",\"url\":\"https:\\\/\\\/hojassueltas.es\\\/wp-content\\\/uploads\\\/2025\\\/08\\\/Icono-HS_2.png\",\"contentUrl\":\"https:\\\/\\\/hojassueltas.es\\\/wp-content\\\/uploads\\\/2025\\\/08\\\/Icono-HS_2.png\",\"width\":500,\"height\":500,\"caption\":\"HOJAS SUELTAS - Peri\u00f3dico Cultural\"},\"image\":{\"@id\":\"https:\\\/\\\/hojassueltas.es\\\/#\\\/schema\\\/logo\\\/image\\\/\"},\"sameAs\":[\"https:\\\/\\\/x.com\\\/HOJASSUELTAS22\"]},{\"@type\":\"Person\",\"@id\":\"https:\\\/\\\/hojassueltas.es\\\/#\\\/schema\\\/person\\\/9e73b75874998dd9b093c599d194f858\",\"name\":\"Punto y Seguido - Pilar Santisteban\",\"image\":{\"@type\":\"ImageObject\",\"inLanguage\":\"es\",\"@id\":\"https:\\\/\\\/hojassueltas.es\\\/wp-content\\\/uploads\\\/2026\\\/02\\\/Pilar-Santisteban_3-96x96.png\",\"url\":\"https:\\\/\\\/hojassueltas.es\\\/wp-content\\\/uploads\\\/2026\\\/02\\\/Pilar-Santisteban_3-96x96.png\",\"contentUrl\":\"https:\\\/\\\/hojassueltas.es\\\/wp-content\\\/uploads\\\/2026\\\/02\\\/Pilar-Santisteban_3-96x96.png\",\"caption\":\"Punto y Seguido - Pilar Santisteban\"},\"description\":\"Salmantina. Licenciada en Filosof\u00eda y Letras. Filolog\u00eda Hispanica. Se define como raton de biblioteca. Su labor profesionarl se inscribe en actividades de ense\u00f1anza, promueve cursos y talleres literarios. Redactora en el equipo de Punto y Seguido de Hojas Sueltas\",\"url\":\"https:\\\/\\\/hojassueltas.es\\\/?author=95\"}]}<\/script>\n<!-- \/ Yoast SEO plugin. -->","yoast_head_json":{"title":"Parorama cultural europeo: Semana 10 al 16 de agosto | 301_Agenda cultural | HOJAS SUELTAS","description":"PANORAMA CULTURAL EUROPEO: Algunas noticias culturales de diversos sectores cuturales","robots":{"index":"index","follow":"follow","max-snippet":"max-snippet:-1","max-image-preview":"max-image-preview:large","max-video-preview":"max-video-preview:-1"},"canonical":"https:\/\/hojassueltas.es\/?p=30916","og_locale":"es_ES","og_type":"article","og_title":"Parorama cultural europeo: Semana 10 al 16 de agosto | 301_Agenda cultural | HOJAS SUELTAS","og_description":"PANORAMA CULTURAL EUROPEO: Algunas noticias culturales de diversos sectores cuturales","og_url":"https:\/\/hojassueltas.es\/?p=30916","og_site_name":"HOJAS SUELTAS","article_published_time":"2026-08-16T22:00:52+00:00","article_modified_time":"2026-08-17T08:01:46+00:00","og_image":[{"width":1250,"height":833,"url":"https:\/\/hojassueltas.es\/wp-content\/uploads\/2026\/08\/PANORAMA-CUTURAL_H.S.png","type":"image\/png"}],"author":"Punto y Seguido - Pilar Santisteban","twitter_card":"summary_large_image","twitter_creator":"@HOJASSUELTAS22","twitter_site":"@HOJASSUELTAS22","twitter_misc":{"Escrito por":"Punto y Seguido - Pilar Santisteban","Tiempo de lectura":"6 minutos"},"schema":{"@context":"https:\/\/schema.org","@graph":[{"@type":["Article","BlogPosting"],"@id":"https:\/\/hojassueltas.es\/?p=30916#article","isPartOf":{"@id":"https:\/\/hojassueltas.es\/?p=30916"},"author":{"name":"Punto y Seguido - Pilar Santisteban","@id":"https:\/\/hojassueltas.es\/#\/schema\/person\/9e73b75874998dd9b093c599d194f858"},"headline":"Parorama cultural europeo: Semana 10 al 16 de agosto","datePublished":"2026-08-16T22:00:52+00:00","dateModified":"2026-08-17T08:01:46+00:00","mainEntityOfPage":{"@id":"https:\/\/hojassueltas.es\/?p=30916"},"wordCount":1321,"publisher":{"@id":"https:\/\/hojassueltas.es\/#organization"},"image":{"@id":"https:\/\/hojassueltas.es\/?p=30916#primaryimage"},"thumbnailUrl":"https:\/\/hojassueltas.es\/wp-content\/uploads\/2026\/08\/PANORAMA-CUTURAL_H.S.png","keywords":["Ageenda cultural","Albin Michel","Cantabria","CEDREAC","Deborah Levy","E. J. Swift","Gertrude Stein","Torrelavega"],"articleSection":["301_Agenda cultural"],"inLanguage":"es"},{"@type":"WebPage","@id":"https:\/\/hojassueltas.es\/?p=30916","url":"https:\/\/hojassueltas.es\/?p=30916","name":"Parorama cultural europeo: Semana 10 al 16 de agosto | 301_Agenda cultural | HOJAS SUELTAS","isPartOf":{"@id":"https:\/\/hojassueltas.es\/#website"},"primaryImageOfPage":{"@id":"https:\/\/hojassueltas.es\/?p=30916#primaryimage"},"image":{"@id":"https:\/\/hojassueltas.es\/?p=30916#primaryimage"},"thumbnailUrl":"https:\/\/hojassueltas.es\/wp-content\/uploads\/2026\/08\/PANORAMA-CUTURAL_H.S.png","datePublished":"2026-08-16T22:00:52+00:00","dateModified":"2026-08-17T08:01:46+00:00","description":"PANORAMA CULTURAL EUROPEO: Algunas noticias culturales de diversos sectores cuturales","breadcrumb":{"@id":"https:\/\/hojassueltas.es\/?p=30916#breadcrumb"},"inLanguage":"es","potentialAction":[{"@type":"ReadAction","target":["https:\/\/hojassueltas.es\/?p=30916"]}]},{"@type":"ImageObject","inLanguage":"es","@id":"https:\/\/hojassueltas.es\/?p=30916#primaryimage","url":"https:\/\/hojassueltas.es\/wp-content\/uploads\/2026\/08\/PANORAMA-CUTURAL_H.S.png","contentUrl":"https:\/\/hojassueltas.es\/wp-content\/uploads\/2026\/08\/PANORAMA-CUTURAL_H.S.png","width":1250,"height":833},{"@type":"BreadcrumbList","@id":"https:\/\/hojassueltas.es\/?p=30916#breadcrumb","itemListElement":[{"@type":"ListItem","position":1,"name":"Portada","item":"https:\/\/hojassueltas.es\/"},{"@type":"ListItem","position":2,"name":"Parorama cultural europeo: Semana 10 al 16 de agosto"}]},{"@type":"WebSite","@id":"https:\/\/hojassueltas.es\/#website","url":"https:\/\/hojassueltas.es\/","name":"HojasSueltas.es","description":"Peri\u00f3dico Cultural","publisher":{"@id":"https:\/\/hojassueltas.es\/#organization"},"alternateName":"H.S. Periodico Cultural","potentialAction":[{"@type":"SearchAction","target":{"@type":"EntryPoint","urlTemplate":"https:\/\/hojassueltas.es\/?s={search_term_string}"},"query-input":{"@type":"PropertyValueSpecification","valueRequired":true,"valueName":"search_term_string"}}],"inLanguage":"es"},{"@type":"Organization","@id":"https:\/\/hojassueltas.es\/#organization","name":"HOJAS SUELTAS - Peri\u00f3dico Cultural","alternateName":"HS - HOJAS SUELTAS Peri\u00f3dico Cultural","url":"https:\/\/hojassueltas.es\/","logo":{"@type":"ImageObject","inLanguage":"es","@id":"https:\/\/hojassueltas.es\/#\/schema\/logo\/image\/","url":"https:\/\/hojassueltas.es\/wp-content\/uploads\/2025\/08\/Icono-HS_2.png","contentUrl":"https:\/\/hojassueltas.es\/wp-content\/uploads\/2025\/08\/Icono-HS_2.png","width":500,"height":500,"caption":"HOJAS SUELTAS - Peri\u00f3dico Cultural"},"image":{"@id":"https:\/\/hojassueltas.es\/#\/schema\/logo\/image\/"},"sameAs":["https:\/\/x.com\/HOJASSUELTAS22"]},{"@type":"Person","@id":"https:\/\/hojassueltas.es\/#\/schema\/person\/9e73b75874998dd9b093c599d194f858","name":"Punto y Seguido - Pilar Santisteban","image":{"@type":"ImageObject","inLanguage":"es","@id":"https:\/\/hojassueltas.es\/wp-content\/uploads\/2026\/02\/Pilar-Santisteban_3-96x96.png","url":"https:\/\/hojassueltas.es\/wp-content\/uploads\/2026\/02\/Pilar-Santisteban_3-96x96.png","contentUrl":"https:\/\/hojassueltas.es\/wp-content\/uploads\/2026\/02\/Pilar-Santisteban_3-96x96.png","caption":"Punto y Seguido - Pilar Santisteban"},"description":"Salmantina. Licenciada en Filosof\u00eda y Letras. Filolog\u00eda Hispanica. Se define como raton de biblioteca. Su labor profesionarl se inscribe en actividades de ense\u00f1anza, promueve cursos y talleres literarios. Redactora en el equipo de Punto y Seguido de Hojas Sueltas","url":"https:\/\/hojassueltas.es\/?author=95"}]}},"_links":{"self":[{"href":"https:\/\/hojassueltas.es\/index.php?rest_route=\/wp\/v2\/posts\/30916","targetHints":{"allow":["GET"]}}],"collection":[{"href":"https:\/\/hojassueltas.es\/index.php?rest_route=\/wp\/v2\/posts"}],"about":[{"href":"https:\/\/hojassueltas.es\/index.php?rest_route=\/wp\/v2\/types\/post"}],"author":[{"embeddable":true,"href":"https:\/\/hojassueltas.es\/index.php?rest_route=\/wp\/v2\/users\/95"}],"replies":[{"embeddable":true,"href":"https:\/\/hojassueltas.es\/index.php?rest_route=%2Fwp%2Fv2%2Fcomments&post=30916"}],"version-history":[{"count":4,"href":"https:\/\/hojassueltas.es\/index.php?rest_route=\/wp\/v2\/posts\/30916\/revisions"}],"predecessor-version":[{"id":30920,"href":"https:\/\/hojassueltas.es\/index.php?rest_route=\/wp\/v2\/posts\/30916\/revisions\/30920"}],"wp:featuredmedia":[{"embeddable":true,"href":"https:\/\/hojassueltas.es\/index.php?rest_route=\/wp\/v2\/media\/30829"}],"wp:attachment":[{"href":"https:\/\/hojassueltas.es\/index.php?rest_route=%2Fwp%2Fv2%2Fmedia&parent=30916"}],"wp:term":[{"taxonomy":"category","embeddable":true,"href":"https:\/\/hojassueltas.es\/index.php?rest_route=%2Fwp%2Fv2%2Fcategories&post=30916"},{"taxonomy":"post_tag","embeddable":true,"href":"https:\/\/hojassueltas.es\/index.php?rest_route=%2Fwp%2Fv2%2Ftags&post=30916"}],"curies":[{"name":"wp","href":"https:\/\/api.w.org\/{rel}","templated":true}]}}