{"id":30913,"date":"2026-08-17T00:00:02","date_gmt":"2026-08-16T22:00:02","guid":{"rendered":"https:\/\/hojassueltas.es\/?p=30913"},"modified":"2026-08-17T10:34:41","modified_gmt":"2026-08-17T08:34:41","slug":"las-academias-y-el-deseo-de-ordenar-la-lengua","status":"publish","type":"post","link":"https:\/\/hojassueltas.es\/?p=30913","title":{"rendered":"Las academias y el deseo de ordenar la lengua"},"content":{"rendered":"<h2 class=\"western\" align=\"justify\"><strong><span style=\"font-size: large;\">La fundaci\u00f3n de la Real Academia Espa\u00f1ola convirti\u00f3 el estudio del idioma en una empresa colectiva, pero tambi\u00e9n otorg\u00f3 a una minor\u00eda el poder de decidir qu\u00e9 usos merec\u00edan reconocimiento<\/span><\/strong><\/h2>\n<p align=\"justify\"><span style=\"font-size: 20px; font-family: georgia, palatino, serif;\">En el Madrid de 1713, un grupo de eruditos comenz\u00f3 a reunirse en la casa de Juan Manuel Fern\u00e1ndez Pacheco, marqu\u00e9s de Villena. Su prop\u00f3sito no era crear la lengua espa\u00f1ola, que pose\u00eda ya una extensa tradici\u00f3n literaria, sino ordenar sus palabras, documentar sus usos y reducir la diversidad ortogr\u00e1fica. Aquel proyecto produjo diccionarios, gram\u00e1ticas y normas comunes; tambi\u00e9n abri\u00f3 una discusi\u00f3n todav\u00eda vigente: qui\u00e9n posee autoridad sobre un idioma que pertenece a quienes lo hablan.<\/span><\/p>\n<p align=\"justify\"><span style=\"font-size: 20px; font-family: georgia, palatino, serif;\">Tras varias reuniones preparatorias celebradas en junio, el 6 de julio de 1713 tuvo lugar en la residencia madrile\u00f1a del marqu\u00e9s de Villena la primera junta oficial de la nueva corporaci\u00f3n. Los estatutos posteriores se\u00f1alaron que aquel d\u00eda se inscribieron los ocho acad\u00e9micos fundadores. El primer libro de actas conservado comienza, sin embargo, el 3 de agosto, fecha que durante mucho tiempo se tom\u00f3 como inicio de la actividad acad\u00e9mica.<\/span><\/p>\n<p align=\"justify\"><span style=\"font-size: 20px; font-family: georgia, palatino, serif;\">La instituci\u00f3n naci\u00f3 como una iniciativa particular. En agosto, Fern\u00e1ndez Pacheco solicit\u00f3 la protecci\u00f3n de Felipe V. El rey la concedi\u00f3 mediante una c\u00e9dula expedida en El Pardo el 3 de octubre de 1714. La Academia qued\u00f3 as\u00ed bajo el \u00abamparo y Real Protecci\u00f3n\u00bb de la Corona y sus miembros recibieron los privilegios correspondientes a los criados de la Casa Real. La regulaci\u00f3n del idioma adquir\u00eda una autoridad vinculada directamente al poder mon\u00e1rquico. <a href=\"https:\/\/www.rae.es\/la-institucion\/historia\"><span style=\"color: #993300;\">La documentaci\u00f3n institucional permite distinguir entre la fundaci\u00f3n de 1713 y su reconocimiento oficial en 1714<\/span><\/a><span style=\"color: #993300;\">.<\/span><\/span><\/p>\n<h2 class=\"western\" align=\"justify\"><span style=\"font-size: 20px; font-family: georgia, palatino, serif;\"><a href=\"https:\/\/hojassueltas.es\/?page_id=1745\"><img loading=\"lazy\" decoding=\"async\" class=\"alignleft wp-image-30728 size-medium\" src=\"https:\/\/hojassueltas.es\/wp-content\/uploads\/2026\/08\/Publicidad-MODULO-5-Robapaginas-200x300.png\" alt=\"\" width=\"200\" height=\"300\" srcset=\"https:\/\/hojassueltas.es\/wp-content\/uploads\/2026\/08\/Publicidad-MODULO-5-Robapaginas-200x300.png 200w, https:\/\/hojassueltas.es\/wp-content\/uploads\/2026\/08\/Publicidad-MODULO-5-Robapaginas-407x610.png 407w, https:\/\/hojassueltas.es\/wp-content\/uploads\/2026\/08\/Publicidad-MODULO-5-Robapaginas-768x1152.png 768w, https:\/\/hojassueltas.es\/wp-content\/uploads\/2026\/08\/Publicidad-MODULO-5-Robapaginas-150x225.png 150w, https:\/\/hojassueltas.es\/wp-content\/uploads\/2026\/08\/Publicidad-MODULO-5-Robapaginas-300x450.png 300w, https:\/\/hojassueltas.es\/wp-content\/uploads\/2026\/08\/Publicidad-MODULO-5-Robapaginas-696x1044.png 696w, https:\/\/hojassueltas.es\/wp-content\/uploads\/2026\/08\/Publicidad-MODULO-5-Robapaginas.png 1024w\" sizes=\"auto, (max-width: 200px) 100vw, 200px\" \/><\/a>Antes de la Academia<\/span><\/h2>\n<p align=\"justify\"><span style=\"font-family: georgia, palatino, serif; font-size: 20px;\">El castellano no carec\u00eda de instrumentos ling\u00fc\u00edsticos. Antonio de Nebrija hab\u00eda publicado en 1492 su <em>Gram\u00e1tica de la lengua castellana<\/em>, y Sebasti\u00e1n de Covarrubias, el <em>Tesoro de la lengua castellana o espa\u00f1ola<\/em> en 1611. Tampoco faltaban ortograf\u00edas, vocabularios y tratados particulares. Lo que no exist\u00eda era una instituci\u00f3n estable encargada de reunir esos saberes y convertirlos en una referencia com\u00fan.<\/span><\/p>\n<p align=\"justify\"><span style=\"font-size: 20px; font-family: georgia, palatino, serif;\">La imprenta hab\u00eda ampliado la circulaci\u00f3n de los textos, pero tambi\u00e9n hac\u00eda visibles las vacilaciones ortogr\u00e1ficas y las diferencias entre autores, regiones e impresores. En una monarqu\u00eda extendida por varios continentes, compartir criterios escritos ten\u00eda utilidad educativa, editorial, administrativa y diplom\u00e1tica.<\/span><\/p>\n<h2 class=\"western\" align=\"justify\"><span style=\"font-size: 20px; font-family: georgia, palatino, serif;\">Modelos europeos y trabajo colectivo<\/span><\/h2>\n<p align=\"justify\"><span style=\"font-family: georgia, palatino, serif; font-size: 20px;\">La iniciativa segu\u00eda modelos anteriores. La Accademia della Crusca, fundada en Florencia en 1583, hab\u00eda publicado su <em>Vocabolario<\/em> en 1612. La Academia Francesa, reconocida por Luis XIII en 1635, concluy\u00f3 la primera edici\u00f3n de su diccionario en 1694. Ambas mostraban que una lengua vern\u00e1cula pod\u00eda recibir un tratamiento institucional semejante al reservado durante siglos al lat\u00edn. La Academia espa\u00f1ola lleg\u00f3 incluso a solicitar informaci\u00f3n y estatutos a la corporaci\u00f3n florentina. <a href=\"https:\/\/revistas.rae.es\/brae\/article\/view\/577\/1057\"><span style=\"color: #993300;\">La relaci\u00f3n documental entre ambas instituciones ha sido estudiada a partir de los manuscritos conservados<\/span><\/a><span style=\"color: #993300;\">.<\/span><\/span><\/p>\n<p align=\"justify\"><span style=\"font-family: georgia, palatino, serif; font-size: 20px;\">El marqu\u00e9s de Villena impuls\u00f3 el proyecto, pero no trabaj\u00f3 solo. Entre los primeros acad\u00e9micos hubo historiadores, religiosos, bibliotecarios reales, juristas y hombres pr\u00f3ximos a los <em>novatores<\/em>, defensores de la renovaci\u00f3n cient\u00edfica e intelectual. La empresa dependi\u00f3 del reparto de letras, la lectura de libros, la elaboraci\u00f3n de fichas y la discusi\u00f3n colectiva de cada definici\u00f3n.<\/span><\/p>\n<p align=\"justify\"><span style=\"font-family: georgia, palatino, serif; font-size: 20px;\">La primera gran tarea fue el <em>Diccionario de la lengua castellana<\/em>, conocido como <em>Diccionario de autoridades<\/em>. Sus seis tomos aparecieron entre 1726 y 1739. Las palabras no se presentaban \u00fanicamente acompa\u00f1adas de una definici\u00f3n: inclu\u00edan pasajes de escritores que acreditaban su empleo. Cervantes, Quevedo, Lope de Vega y otros autores proporcionaban ejemplos, aunque tambi\u00e9n se recog\u00edan refranes y expresiones de uso extendido. <a href=\"https:\/\/www.rae.es\/obras-academicas\/diccionarios\/diccionario-de-autoridades-0\"><span style=\"color: #993300;\">La obra fue el primer gran repertorio acad\u00e9mico del espa\u00f1ol sustentado en testimonios textuales<\/span><\/a><span style=\"color: #993300;\">.<\/span><\/span><\/p>\n<p align=\"justify\"><span style=\"font-size: 20px; font-family: georgia, palatino, serif;\">El procedimiento encerraba una doble operaci\u00f3n. Por una parte, documentaba la lengua mediante ejemplos; por otra, seleccionaba qu\u00e9 escritores pod\u00edan actuar como autoridades. El diccionario describ\u00eda un patrimonio verbal, pero al mismo tiempo constru\u00eda un canon.<\/span><\/p>\n<p align=\"justify\"><span style=\"font-family: georgia, palatino, serif; font-size: 20px;\">A este repertorio siguieron la <em>Orthograph\u00eda espa\u00f1ola<\/em> de 1741 y la primera <em>Gram\u00e1tica de la lengua castellana<\/em> de 1771. Las tres obras proporcionaron instrumentos duraderos a impresores, docentes, escritores y lectores. No eliminaron de inmediato las variantes, pero favorecieron una creciente uniformidad en la lengua escrita.<\/span><\/p>\n<p align=\"justify\"><span style=\"font-size: 20px; font-family: georgia, palatino, serif;\">Los estatutos de 1715 declaraban que el fin de la Academia era \u00abcultivar y fijar la pureza y elegancia de la lengua castellana\u00bb. Ese deseo qued\u00f3 representado en el lema elegido aquel mismo a\u00f1o: \u00abLimpia, fija y da esplendor\u00bb.\u00a0<\/span><span style=\"font-size: 20px; font-family: georgia, palatino, serif;\">Sin embargo, ninguna instituci\u00f3n puede inmovilizar un idioma. Las palabras nacen, cambian de significado, viajan entre territorios y desaparecen con independencia de los acuerdos acad\u00e9micos. La Academia pod\u00eda seleccionar, registrar y recomendar; no pod\u00eda impedir que el uso modificase la lengua.\u00a0<\/span><span style=\"font-size: 20px; font-family: georgia, palatino, serif;\">Su influencia procedi\u00f3 menos de una capacidad legal para imponer palabras que del prestigio alcanzado por sus publicaciones. El diccionario termin\u00f3 convirti\u00e9ndose para buena parte de la sociedad en una frontera simb\u00f3lica entre lo correcto y lo incorrecto, aunque la ausencia de una voz nunca signific\u00f3 necesariamente que esa palabra no existiera.<\/span><\/p>\n<p align=\"justify\"><span style=\"font-size: 20px; font-family: georgia, palatino, serif;\">La primera Academia representaba un espacio masculino, culto, cortesano y pr\u00f3ximo a la Corona. Las mujeres, pese a participar en tertulias y en la vida literaria, quedaron fuera de las plazas ordinarias. Mar\u00eda Isidra de Guzm\u00e1n fue admitida como acad\u00e9mica honoraria en 1784, pero hubo que esperar hasta 1978 para que Carmen Conde fuera elegida primera acad\u00e9mica de n\u00famero; ingres\u00f3 al a\u00f1o siguiente. <a href=\"https:\/\/www.rae.es\/academico\/carmen-conde-abellan\"><span style=\"color: #993300;\">La propia historia institucional acredita la prolongaci\u00f3n de esta exclusi\u00f3n<\/span><\/a><span style=\"color: #993300;\">.<\/span><\/span><\/p>\n<p align=\"justify\"><span style=\"font-size: 20px; font-family: georgia, palatino, serif;\">Tambi\u00e9n resultaba limitada su representaci\u00f3n territorial. La lengua regulada era el castellano, no el conjunto de lenguas habladas en Espa\u00f1a. Las variedades regionales y americanas aparecieron en sus obras de manera desigual, sometidas con frecuencia al criterio elaborado desde Madrid. La creaci\u00f3n de una norma com\u00fan facilit\u00f3 la comunicaci\u00f3n escrita, pero pudo convertir las hablas populares o perif\u00e9ricas en formas consideradas inferiores.<\/span><\/p>\n<p align=\"justify\"><span style=\"font-size: 20px; font-family: georgia, palatino, serif;\">El principal logro de aquellas reuniones fue transformar la observaci\u00f3n de la lengua en una tarea continuada, colectiva y documentada. La Academia ayud\u00f3 a estabilizar la ortograf\u00eda, facilit\u00f3 la ense\u00f1anza y cre\u00f3 obras de consulta capaces de atravesar generaciones. Pero su historia demuestra tambi\u00e9n que toda norma ling\u00fc\u00edstica contiene decisiones culturales: determina qu\u00e9 se conserva, qu\u00e9 se recomienda y qu\u00e9 permanece fuera.<\/span><\/p>\n<p align=\"justify\"><span style=\"font-size: 20px; font-family: georgia, palatino, serif;\">La fundaci\u00f3n en M\u00e9xico, en 1951, de la Asociaci\u00f3n de Academias de la Lengua Espa\u00f1ola inici\u00f3 una lenta correcci\u00f3n del antiguo centralismo. Actualmente re\u00fane veintitr\u00e9s corporaciones de Espa\u00f1a, Am\u00e9rica, Filipinas y Guinea Ecuatorial, y las principales obras acad\u00e9micas se presentan como trabajos panhisp\u00e1nicos. <a href=\"https:\/\/www.rae.es\/la-institucion\/politica-panhispanica\/historia-y-cronologia\"><span style=\"color: #993300;\">La evoluci\u00f3n hacia esa colaboraci\u00f3n no se consolid\u00f3 hasta el siglo XX<\/span><\/a><span style=\"color: #993300;\">.<\/span><\/span><\/p>\n<p align=\"justify\"><span style=\"font-size: 20px; font-family: georgia, palatino, serif;\">La reuni\u00f3n de 1713 no entreg\u00f3 la lengua a sus hablantes: ya les pertenec\u00eda. Lo que cre\u00f3 fue una autoridad especializada para estudiarla y proponer acuerdos. Su legitimidad depende desde entonces de un equilibrio dif\u00edcil: ordenar sin confundir orden con obediencia, reconocer el uso sin ignorar la diversidad y recordar que ninguna academia habla antes que la sociedad.<\/span><\/p>\n<h2 class=\"western\" align=\"justify\"><span style=\"font-size: 16px; font-family: georgia, palatino, serif;\">Fuentes y referencias<\/span><\/h2>\n<ul>\n<li>\n<p align=\"justify\"><span style=\"font-size: 16px;\">Real Academia Espa\u00f1ola: <a href=\"https:\/\/www.rae.es\/la-institucion\/historia\"><span style=\"color: #993300;\">Historia de la instituci\u00f3n<\/span><\/a><span style=\"color: #993300;\">.<\/span><\/span><\/p>\n<\/li>\n<li>\n<p align=\"justify\"><span style=\"font-size: 16px;\">Real Academia Espa\u00f1ola: <span style=\"color: #993300;\"><em><a style=\"color: #993300;\" href=\"https:\/\/www.rae.es\/obras-academicas\/diccionarios\/diccionario-de-autoridades-0\">Diccionario de autoridades<\/a><\/em>.<\/span><\/span><\/p>\n<\/li>\n<li>\n<p align=\"justify\"><span style=\"font-size: 16px;\">Real Academia Espa\u00f1ola: <a href=\"https:\/\/www.rae.es\/obras-academicas\/obras-literarias-e-historicas\/gramatica-de-la-lengua-castellana\"><em><span style=\"color: #993300;\">Gram\u00e1tica de la lengua castellana<\/span><\/em><span style=\"color: #993300;\">, 1771<\/span><\/a><span style=\"color: #993300;\">.<\/span><\/span><\/p>\n<\/li>\n<li>\n<p align=\"justify\"><span style=\"font-size: 16px;\">Accademia della Crusca: <a href=\"https:\/\/accademiadellacrusca.it\/en\/contenuti\/introduction\/7497\"><span style=\"color: #993300;\">Historia y actividad de la instituci\u00f3n<\/span><\/a><span style=\"color: #993300;\">.<\/span><\/span><\/p>\n<\/li>\n<li>\n<p align=\"justify\"><span style=\"font-size: 16px;\">Acad\u00e9mie fran\u00e7aise: <a href=\"https:\/\/www.academie-francaise.fr\/linstitution\/lhistoire\"><span style=\"color: #993300;\">Historia de la Academia<\/span><\/a><span style=\"color: #993300;\">.<\/span><\/span><\/p>\n<\/li>\n<li>\n<p align=\"justify\"><span style=\"font-size: 16px;\">Zamora Vicente, Alonso: <em>Historia de la Real Academia Espa\u00f1ola<\/em>. RAE\u2013Fundaci\u00f3n Mar\u00eda Cristina Masaveu Peterson, 2015.<\/span><\/p>\n<\/li>\n<li>\n<p align=\"justify\"><span style=\"font-size: 16px;\">Garc\u00eda de la Concha, V\u00edctor: <em>La Real Academia Espa\u00f1ola. Vida e historia<\/em>. Espasa, 2014.<\/span><\/p>\n<\/li>\n<li>\n<p align=\"justify\"><span style=\"font-size: 16px;\">Fries, Dagmar: <em>\u00abLimpia, fija y da esplendor\u00bb. La Real Academia Espa\u00f1ola ante el uso de la lengua<\/em>. SGEL, 1989.<\/span><\/p>\n<\/li>\n<li>\n<p align=\"justify\"><span style=\"font-size: 16px;\">Egido, Aurora: <em>El \u00e1rbitro de las lenguas. Anotaciones sobre la norma y el uso en la Real Academia Espa\u00f1ola<\/em>. C\u00e1tedra, 2021.<\/span><\/p>\n<\/li>\n<\/ul>\n<p align=\"justify\"><span style=\"font-size: 16px;\"><strong>Etiquetas:<\/strong> Real Academia Espa\u00f1ola, historia de la lengua, Diccionario de autoridades, norma ling\u00fc\u00edstica, academias europeas, pol\u00edtica cultural<\/span><\/p>\n<p align=\"justify\"><span style=\"font-size: 16px;\"><strong>Meta descripci\u00f3n:<\/strong> La fundaci\u00f3n de la Real Academia Espa\u00f1ola y la relaci\u00f3n hist\u00f3rica entre norma, uso com\u00fan, autoridad institucional, diversidad ling\u00fc\u00edstica y poder.<\/span><\/p>\n<p align=\"justify\">Punto y Seguido. BEATRIZ CASO<\/p>\n","protected":false},"excerpt":{"rendered":"<p>La fundaci\u00f3n de la Real Academia Espa\u00f1ola convirti\u00f3 el estudio del idioma en una empresa colectiva, pero tambi\u00e9n otorg\u00f3 a una minor\u00eda el poder de decidir qu\u00e9 usos merec\u00edan reconocimiento En el Madrid de 1713, un grupo de eruditos comenz\u00f3 a reunirse en la casa de Juan Manuel Fern\u00e1ndez Pacheco, marqu\u00e9s de Villena. Su prop\u00f3sito [&hellip;]<\/p>\n","protected":false},"author":93,"featured_media":30924,"comment_status":"closed","ping_status":"closed","sticky":false,"template":"","format":"standard","meta":{"footnotes":""},"categories":[2580],"tags":[3929,3927,3926,3928,3772,3925],"class_list":["post-30913","post","type-post","status-publish","format-standard","has-post-thumbnail","category-escenas-de-la-historia-cultural","tag-academias-europeas","tag-diccionario-de-autoridades","tag-historia-de-la-lengua","tag-norma-linguistica","tag-real-academia-espanola"],"yoast_head":"<!-- This site is optimized with the Yoast SEO plugin v28.4 - https:\/\/yoast.com\/product\/yoast-seo-wordpress\/ -->\n<title>Las academias y el deseo de ordenar la lengua | 204-Escenas de la historia cultural | HOJAS SUELTAS<\/title>\n<meta name=\"description\" content=\"La fundaci\u00f3n de la Real Academia Espa\u00f1ola y la relaci\u00f3n hist\u00f3rica entre norma, uso com\u00fan, autoridad institucional, diversidad ling\u00fc\u00edstica y poder.\" \/>\n<meta name=\"robots\" content=\"index, follow, max-snippet:-1, max-image-preview:large, max-video-preview:-1\" \/>\n<link rel=\"canonical\" href=\"https:\/\/hojassueltas.es\/?p=30913\" \/>\n<meta property=\"og:locale\" content=\"es_ES\" \/>\n<meta property=\"og:type\" content=\"article\" \/>\n<meta property=\"og:title\" content=\"Las academias y el deseo de ordenar la lengua | 204-Escenas de la historia cultural | HOJAS SUELTAS\" \/>\n<meta property=\"og:description\" content=\"La fundaci\u00f3n de la Real Academia Espa\u00f1ola y la relaci\u00f3n hist\u00f3rica entre norma, uso com\u00fan, autoridad institucional, diversidad ling\u00fc\u00edstica y poder.\" \/>\n<meta property=\"og:url\" content=\"https:\/\/hojassueltas.es\/?p=30913\" \/>\n<meta property=\"og:site_name\" content=\"HOJAS SUELTAS\" \/>\n<meta property=\"article:published_time\" content=\"2026-08-16T22:00:02+00:00\" \/>\n<meta property=\"article:modified_time\" content=\"2026-08-17T08:34:41+00:00\" \/>\n<meta property=\"og:image\" content=\"https:\/\/hojassueltas.es\/wp-content\/uploads\/2026\/08\/204_Academia-de-Lengua_H.S-915x610.png\" \/>\n\t<meta property=\"og:image:width\" content=\"915\" \/>\n\t<meta property=\"og:image:height\" content=\"610\" \/>\n\t<meta property=\"og:image:type\" content=\"image\/png\" \/>\n<meta name=\"author\" content=\"Punto y Seguido - Beatriz Caso\" \/>\n<meta name=\"twitter:card\" content=\"summary_large_image\" \/>\n<meta name=\"twitter:creator\" content=\"@HOJASSUELTAS22\" \/>\n<meta name=\"twitter:site\" content=\"@HOJASSUELTAS22\" \/>\n<meta name=\"twitter:label1\" content=\"Escrito por\" \/>\n\t<meta name=\"twitter:data1\" content=\"Punto y Seguido - Beatriz Caso\" \/>\n\t<meta name=\"twitter:label2\" content=\"Tiempo de lectura\" \/>\n\t<meta name=\"twitter:data2\" content=\"7 minutos\" \/>\n<script type=\"application\/ld+json\" class=\"yoast-schema-graph\">{\"@context\":\"https:\\\/\\\/schema.org\",\"@graph\":[{\"@type\":[\"Article\",\"BlogPosting\"],\"@id\":\"https:\\\/\\\/hojassueltas.es\\\/?p=30913#article\",\"isPartOf\":{\"@id\":\"https:\\\/\\\/hojassueltas.es\\\/?p=30913\"},\"author\":{\"name\":\"Punto y Seguido - Beatriz Caso\",\"@id\":\"https:\\\/\\\/hojassueltas.es\\\/#\\\/schema\\\/person\\\/500f1cca52bc1720f164f55c1b4b616e\"},\"headline\":\"Las academias y el deseo de ordenar la lengua\",\"datePublished\":\"2026-08-16T22:00:02+00:00\",\"dateModified\":\"2026-08-17T08:34:41+00:00\",\"mainEntityOfPage\":{\"@id\":\"https:\\\/\\\/hojassueltas.es\\\/?p=30913\"},\"wordCount\":1407,\"publisher\":{\"@id\":\"https:\\\/\\\/hojassueltas.es\\\/#organization\"},\"image\":{\"@id\":\"https:\\\/\\\/hojassueltas.es\\\/?p=30913#primaryimage\"},\"thumbnailUrl\":\"https:\\\/\\\/hojassueltas.es\\\/wp-content\\\/uploads\\\/2026\\\/08\\\/204_Academia-de-Lengua_H.S.png\",\"keywords\":[\"academias europeas\",\"Diccionario de autoridades\",\"historia de la lengua\",\"norma ling\u00fc\u00edstica\",\"pol\u00edtica cultural\",\"Real Academia Espa\u00f1ola\"],\"articleSection\":[\"204-Escenas de la historia cultural\"],\"inLanguage\":\"es\"},{\"@type\":\"WebPage\",\"@id\":\"https:\\\/\\\/hojassueltas.es\\\/?p=30913\",\"url\":\"https:\\\/\\\/hojassueltas.es\\\/?p=30913\",\"name\":\"Las academias y el deseo de ordenar la lengua | 204-Escenas de la historia cultural | HOJAS SUELTAS\",\"isPartOf\":{\"@id\":\"https:\\\/\\\/hojassueltas.es\\\/#website\"},\"primaryImageOfPage\":{\"@id\":\"https:\\\/\\\/hojassueltas.es\\\/?p=30913#primaryimage\"},\"image\":{\"@id\":\"https:\\\/\\\/hojassueltas.es\\\/?p=30913#primaryimage\"},\"thumbnailUrl\":\"https:\\\/\\\/hojassueltas.es\\\/wp-content\\\/uploads\\\/2026\\\/08\\\/204_Academia-de-Lengua_H.S.png\",\"datePublished\":\"2026-08-16T22:00:02+00:00\",\"dateModified\":\"2026-08-17T08:34:41+00:00\",\"description\":\"La fundaci\u00f3n de la Real Academia Espa\u00f1ola y la relaci\u00f3n hist\u00f3rica entre norma, uso com\u00fan, autoridad institucional, diversidad ling\u00fc\u00edstica y poder.\",\"breadcrumb\":{\"@id\":\"https:\\\/\\\/hojassueltas.es\\\/?p=30913#breadcrumb\"},\"inLanguage\":\"es\",\"potentialAction\":[{\"@type\":\"ReadAction\",\"target\":[\"https:\\\/\\\/hojassueltas.es\\\/?p=30913\"]}]},{\"@type\":\"ImageObject\",\"inLanguage\":\"es\",\"@id\":\"https:\\\/\\\/hojassueltas.es\\\/?p=30913#primaryimage\",\"url\":\"https:\\\/\\\/hojassueltas.es\\\/wp-content\\\/uploads\\\/2026\\\/08\\\/204_Academia-de-Lengua_H.S.png\",\"contentUrl\":\"https:\\\/\\\/hojassueltas.es\\\/wp-content\\\/uploads\\\/2026\\\/08\\\/204_Academia-de-Lengua_H.S.png\",\"width\":1920,\"height\":1280},{\"@type\":\"BreadcrumbList\",\"@id\":\"https:\\\/\\\/hojassueltas.es\\\/?p=30913#breadcrumb\",\"itemListElement\":[{\"@type\":\"ListItem\",\"position\":1,\"name\":\"Portada\",\"item\":\"https:\\\/\\\/hojassueltas.es\\\/\"},{\"@type\":\"ListItem\",\"position\":2,\"name\":\"Las academias y el deseo de ordenar la lengua\"}]},{\"@type\":\"WebSite\",\"@id\":\"https:\\\/\\\/hojassueltas.es\\\/#website\",\"url\":\"https:\\\/\\\/hojassueltas.es\\\/\",\"name\":\"HojasSueltas.es\",\"description\":\"Peri\u00f3dico Cultural\",\"publisher\":{\"@id\":\"https:\\\/\\\/hojassueltas.es\\\/#organization\"},\"alternateName\":\"H.S. Periodico Cultural\",\"potentialAction\":[{\"@type\":\"SearchAction\",\"target\":{\"@type\":\"EntryPoint\",\"urlTemplate\":\"https:\\\/\\\/hojassueltas.es\\\/?s={search_term_string}\"},\"query-input\":{\"@type\":\"PropertyValueSpecification\",\"valueRequired\":true,\"valueName\":\"search_term_string\"}}],\"inLanguage\":\"es\"},{\"@type\":\"Organization\",\"@id\":\"https:\\\/\\\/hojassueltas.es\\\/#organization\",\"name\":\"HOJAS SUELTAS - Peri\u00f3dico Cultural\",\"alternateName\":\"HS - HOJAS SUELTAS Peri\u00f3dico Cultural\",\"url\":\"https:\\\/\\\/hojassueltas.es\\\/\",\"logo\":{\"@type\":\"ImageObject\",\"inLanguage\":\"es\",\"@id\":\"https:\\\/\\\/hojassueltas.es\\\/#\\\/schema\\\/logo\\\/image\\\/\",\"url\":\"https:\\\/\\\/hojassueltas.es\\\/wp-content\\\/uploads\\\/2025\\\/08\\\/Icono-HS_2.png\",\"contentUrl\":\"https:\\\/\\\/hojassueltas.es\\\/wp-content\\\/uploads\\\/2025\\\/08\\\/Icono-HS_2.png\",\"width\":500,\"height\":500,\"caption\":\"HOJAS SUELTAS - Peri\u00f3dico Cultural\"},\"image\":{\"@id\":\"https:\\\/\\\/hojassueltas.es\\\/#\\\/schema\\\/logo\\\/image\\\/\"},\"sameAs\":[\"https:\\\/\\\/x.com\\\/HOJASSUELTAS22\"]},{\"@type\":\"Person\",\"@id\":\"https:\\\/\\\/hojassueltas.es\\\/#\\\/schema\\\/person\\\/500f1cca52bc1720f164f55c1b4b616e\",\"name\":\"Punto y Seguido - Beatriz Caso\",\"image\":{\"@type\":\"ImageObject\",\"inLanguage\":\"es\",\"@id\":\"https:\\\/\\\/hojassueltas.es\\\/wp-content\\\/uploads\\\/2026\\\/02\\\/Beatriz-Caso_2-96x96.png\",\"url\":\"https:\\\/\\\/hojassueltas.es\\\/wp-content\\\/uploads\\\/2026\\\/02\\\/Beatriz-Caso_2-96x96.png\",\"contentUrl\":\"https:\\\/\\\/hojassueltas.es\\\/wp-content\\\/uploads\\\/2026\\\/02\\\/Beatriz-Caso_2-96x96.png\",\"caption\":\"Punto y Seguido - Beatriz Caso\"},\"description\":\"Leonesa. Bibliotecaria. Master en Bibliotecoeconom\u00eda. Prefiere mantener oculta su dedicaci\u00f3n profesional actual, raz\u00f3n por la que usa el seud\u00f3nimo con que firma sus trabajos en Hojas Sueltas dentro del equipo Punto y Seguido.\",\"url\":\"https:\\\/\\\/hojassueltas.es\\\/?author=93\"}]}<\/script>\n<!-- \/ Yoast SEO plugin. -->","yoast_head_json":{"title":"Las academias y el deseo de ordenar la lengua | 204-Escenas de la historia cultural | HOJAS SUELTAS","description":"La fundaci\u00f3n de la Real Academia Espa\u00f1ola y la relaci\u00f3n hist\u00f3rica entre norma, uso com\u00fan, autoridad institucional, diversidad ling\u00fc\u00edstica y poder.","robots":{"index":"index","follow":"follow","max-snippet":"max-snippet:-1","max-image-preview":"max-image-preview:large","max-video-preview":"max-video-preview:-1"},"canonical":"https:\/\/hojassueltas.es\/?p=30913","og_locale":"es_ES","og_type":"article","og_title":"Las academias y el deseo de ordenar la lengua | 204-Escenas de la historia cultural | HOJAS SUELTAS","og_description":"La fundaci\u00f3n de la Real Academia Espa\u00f1ola y la relaci\u00f3n hist\u00f3rica entre norma, uso com\u00fan, autoridad institucional, diversidad ling\u00fc\u00edstica y poder.","og_url":"https:\/\/hojassueltas.es\/?p=30913","og_site_name":"HOJAS SUELTAS","article_published_time":"2026-08-16T22:00:02+00:00","article_modified_time":"2026-08-17T08:34:41+00:00","og_image":[{"width":915,"height":610,"url":"https:\/\/hojassueltas.es\/wp-content\/uploads\/2026\/08\/204_Academia-de-Lengua_H.S-915x610.png","type":"image\/png"}],"author":"Punto y Seguido - Beatriz Caso","twitter_card":"summary_large_image","twitter_creator":"@HOJASSUELTAS22","twitter_site":"@HOJASSUELTAS22","twitter_misc":{"Escrito por":"Punto y Seguido - Beatriz Caso","Tiempo de lectura":"7 minutos"},"schema":{"@context":"https:\/\/schema.org","@graph":[{"@type":["Article","BlogPosting"],"@id":"https:\/\/hojassueltas.es\/?p=30913#article","isPartOf":{"@id":"https:\/\/hojassueltas.es\/?p=30913"},"author":{"name":"Punto y Seguido - Beatriz Caso","@id":"https:\/\/hojassueltas.es\/#\/schema\/person\/500f1cca52bc1720f164f55c1b4b616e"},"headline":"Las academias y el deseo de ordenar la lengua","datePublished":"2026-08-16T22:00:02+00:00","dateModified":"2026-08-17T08:34:41+00:00","mainEntityOfPage":{"@id":"https:\/\/hojassueltas.es\/?p=30913"},"wordCount":1407,"publisher":{"@id":"https:\/\/hojassueltas.es\/#organization"},"image":{"@id":"https:\/\/hojassueltas.es\/?p=30913#primaryimage"},"thumbnailUrl":"https:\/\/hojassueltas.es\/wp-content\/uploads\/2026\/08\/204_Academia-de-Lengua_H.S.png","keywords":["academias europeas","Diccionario de autoridades","historia de la lengua","norma ling\u00fc\u00edstica","pol\u00edtica cultural","Real Academia Espa\u00f1ola"],"articleSection":["204-Escenas de la historia cultural"],"inLanguage":"es"},{"@type":"WebPage","@id":"https:\/\/hojassueltas.es\/?p=30913","url":"https:\/\/hojassueltas.es\/?p=30913","name":"Las academias y el deseo de ordenar la lengua | 204-Escenas de la historia cultural | HOJAS SUELTAS","isPartOf":{"@id":"https:\/\/hojassueltas.es\/#website"},"primaryImageOfPage":{"@id":"https:\/\/hojassueltas.es\/?p=30913#primaryimage"},"image":{"@id":"https:\/\/hojassueltas.es\/?p=30913#primaryimage"},"thumbnailUrl":"https:\/\/hojassueltas.es\/wp-content\/uploads\/2026\/08\/204_Academia-de-Lengua_H.S.png","datePublished":"2026-08-16T22:00:02+00:00","dateModified":"2026-08-17T08:34:41+00:00","description":"La fundaci\u00f3n de la Real Academia Espa\u00f1ola y la relaci\u00f3n hist\u00f3rica entre norma, uso com\u00fan, autoridad institucional, diversidad ling\u00fc\u00edstica y poder.","breadcrumb":{"@id":"https:\/\/hojassueltas.es\/?p=30913#breadcrumb"},"inLanguage":"es","potentialAction":[{"@type":"ReadAction","target":["https:\/\/hojassueltas.es\/?p=30913"]}]},{"@type":"ImageObject","inLanguage":"es","@id":"https:\/\/hojassueltas.es\/?p=30913#primaryimage","url":"https:\/\/hojassueltas.es\/wp-content\/uploads\/2026\/08\/204_Academia-de-Lengua_H.S.png","contentUrl":"https:\/\/hojassueltas.es\/wp-content\/uploads\/2026\/08\/204_Academia-de-Lengua_H.S.png","width":1920,"height":1280},{"@type":"BreadcrumbList","@id":"https:\/\/hojassueltas.es\/?p=30913#breadcrumb","itemListElement":[{"@type":"ListItem","position":1,"name":"Portada","item":"https:\/\/hojassueltas.es\/"},{"@type":"ListItem","position":2,"name":"Las academias y el deseo de ordenar la lengua"}]},{"@type":"WebSite","@id":"https:\/\/hojassueltas.es\/#website","url":"https:\/\/hojassueltas.es\/","name":"HojasSueltas.es","description":"Peri\u00f3dico Cultural","publisher":{"@id":"https:\/\/hojassueltas.es\/#organization"},"alternateName":"H.S. Periodico Cultural","potentialAction":[{"@type":"SearchAction","target":{"@type":"EntryPoint","urlTemplate":"https:\/\/hojassueltas.es\/?s={search_term_string}"},"query-input":{"@type":"PropertyValueSpecification","valueRequired":true,"valueName":"search_term_string"}}],"inLanguage":"es"},{"@type":"Organization","@id":"https:\/\/hojassueltas.es\/#organization","name":"HOJAS SUELTAS - Peri\u00f3dico Cultural","alternateName":"HS - HOJAS SUELTAS Peri\u00f3dico Cultural","url":"https:\/\/hojassueltas.es\/","logo":{"@type":"ImageObject","inLanguage":"es","@id":"https:\/\/hojassueltas.es\/#\/schema\/logo\/image\/","url":"https:\/\/hojassueltas.es\/wp-content\/uploads\/2025\/08\/Icono-HS_2.png","contentUrl":"https:\/\/hojassueltas.es\/wp-content\/uploads\/2025\/08\/Icono-HS_2.png","width":500,"height":500,"caption":"HOJAS SUELTAS - Peri\u00f3dico Cultural"},"image":{"@id":"https:\/\/hojassueltas.es\/#\/schema\/logo\/image\/"},"sameAs":["https:\/\/x.com\/HOJASSUELTAS22"]},{"@type":"Person","@id":"https:\/\/hojassueltas.es\/#\/schema\/person\/500f1cca52bc1720f164f55c1b4b616e","name":"Punto y Seguido - Beatriz Caso","image":{"@type":"ImageObject","inLanguage":"es","@id":"https:\/\/hojassueltas.es\/wp-content\/uploads\/2026\/02\/Beatriz-Caso_2-96x96.png","url":"https:\/\/hojassueltas.es\/wp-content\/uploads\/2026\/02\/Beatriz-Caso_2-96x96.png","contentUrl":"https:\/\/hojassueltas.es\/wp-content\/uploads\/2026\/02\/Beatriz-Caso_2-96x96.png","caption":"Punto y Seguido - Beatriz Caso"},"description":"Leonesa. Bibliotecaria. Master en Bibliotecoeconom\u00eda. Prefiere mantener oculta su dedicaci\u00f3n profesional actual, raz\u00f3n por la que usa el seud\u00f3nimo con que firma sus trabajos en Hojas Sueltas dentro del equipo Punto y Seguido.","url":"https:\/\/hojassueltas.es\/?author=93"}]}},"_links":{"self":[{"href":"https:\/\/hojassueltas.es\/index.php?rest_route=\/wp\/v2\/posts\/30913","targetHints":{"allow":["GET"]}}],"collection":[{"href":"https:\/\/hojassueltas.es\/index.php?rest_route=\/wp\/v2\/posts"}],"about":[{"href":"https:\/\/hojassueltas.es\/index.php?rest_route=\/wp\/v2\/types\/post"}],"author":[{"embeddable":true,"href":"https:\/\/hojassueltas.es\/index.php?rest_route=\/wp\/v2\/users\/93"}],"replies":[{"embeddable":true,"href":"https:\/\/hojassueltas.es\/index.php?rest_route=%2Fwp%2Fv2%2Fcomments&post=30913"}],"version-history":[{"count":3,"href":"https:\/\/hojassueltas.es\/index.php?rest_route=\/wp\/v2\/posts\/30913\/revisions"}],"predecessor-version":[{"id":30927,"href":"https:\/\/hojassueltas.es\/index.php?rest_route=\/wp\/v2\/posts\/30913\/revisions\/30927"}],"wp:featuredmedia":[{"embeddable":true,"href":"https:\/\/hojassueltas.es\/index.php?rest_route=\/wp\/v2\/media\/30924"}],"wp:attachment":[{"href":"https:\/\/hojassueltas.es\/index.php?rest_route=%2Fwp%2Fv2%2Fmedia&parent=30913"}],"wp:term":[{"taxonomy":"category","embeddable":true,"href":"https:\/\/hojassueltas.es\/index.php?rest_route=%2Fwp%2Fv2%2Fcategories&post=30913"},{"taxonomy":"post_tag","embeddable":true,"href":"https:\/\/hojassueltas.es\/index.php?rest_route=%2Fwp%2Fv2%2Ftags&post=30913"}],"curies":[{"name":"wp","href":"https:\/\/api.w.org\/{rel}","templated":true}]}}