{"id":30894,"date":"2026-08-15T00:00:25","date_gmt":"2026-08-14T22:00:25","guid":{"rendered":"https:\/\/hojassueltas.es\/?p=30894"},"modified":"2026-08-29T11:19:30","modified_gmt":"2026-08-29T09:19:30","slug":"irresponsables","status":"publish","type":"post","link":"https:\/\/hojassueltas.es\/?p=30894","title":{"rendered":"Irresponsables"},"content":{"rendered":"<p class=\"western\" lang=\"en-US\" style=\"text-align: right;\" align=\"left\"><em><span style=\"font-family: Georgia, serif;\"><span style=\"font-size: large;\">La poes\u00eda es la esperanza de los que no tienen esperanza. (Ra\u00fal Zurita)<\/span><\/span><\/em><\/p>\n<p class=\"western\" lang=\"en-US\"><span style=\"font-family: Georgia, serif;\"><span style=\"font-size: large;\">Luchamos por lo imposible<\/span><\/span><\/p>\n<p class=\"western\" lang=\"en-US\"><span style=\"font-family: Georgia, serif;\"><span style=\"font-size: large;\">as\u00ed que no nos exij\u00e1is proezas milagros<\/span><\/span><\/p>\n<p class=\"western\" lang=\"en-US\"><span style=\"font-family: Georgia, serif;\"><span style=\"font-size: large;\">ni siquiera resultados<\/span><\/span><\/p>\n<p class=\"western\" lang=\"en-US\"><span style=\"font-family: Georgia, serif;\"><span style=\"font-size: large;\">a veces ni nosotros mismos nos lo creemos<\/span><\/span><\/p>\n<p class=\"western\" lang=\"en-US\"><span style=\"font-family: Georgia, serif;\"><span style=\"font-size: large;\">no nos exij\u00e1is nada<\/span><\/span><\/p>\n<p class=\"western\" lang=\"en-US\"><span style=\"font-family: Georgia, serif;\"><span style=\"font-size: large;\">y mucho menos dignidad<\/span><\/span><\/p>\n<p class=\"western\" lang=\"en-US\"><span style=\"font-family: Georgia, serif;\"><span style=\"font-size: large;\">si nos tenemos que arrastrar nos arrastraremos<\/span><\/span><\/p>\n<p class=\"western\" lang=\"en-US\"><span style=\"font-family: Georgia, serif;\"><span style=\"font-size: large;\">hasta jugaremos sucio<\/span><\/span><\/p>\n<p class=\"western\" lang=\"en-US\"><span style=\"font-family: Georgia, serif;\"><span style=\"font-size: large;\">ya os lo he dicho: perseguimos imposibles<\/span><\/span><\/p>\n<p class=\"western\" lang=\"en-US\"><span style=\"font-family: Georgia, serif;\"><span style=\"font-size: large;\">tenemos que aprovechar las pocas oportunidades que tenemos<\/span><\/span><\/p>\n<p class=\"western\" lang=\"en-US\"><span style=\"font-family: Georgia, serif;\"><span style=\"font-size: large;\">las pocas que nos dej\u00e1is <\/span><\/span><\/p>\n<p class=\"western\" lang=\"en-US\"><span style=\"font-family: Georgia, serif;\"><span style=\"font-size: large;\">vivimos en la cuerda floja<\/span><\/span><\/p>\n<p class=\"western\" lang=\"en-US\"><span style=\"font-family: Georgia, serif;\"><span style=\"font-size: large;\">somos m\u00e1s malabaristas que h\u00e9roes<\/span><\/span><\/p>\n<p class=\"western\" lang=\"en-US\"><span style=\"font-family: Georgia, serif;\"><span style=\"font-size: large;\">m\u00e1s buscavidas que habilidosos<\/span><\/span><\/p>\n<p class=\"western\" lang=\"en-US\"><span style=\"font-family: Georgia, serif;\"><span style=\"font-size: large;\">pura supervivencia<\/span><\/span><\/p>\n<p class=\"western\" lang=\"en-US\"><span style=\"font-family: Georgia, serif;\"><span style=\"font-size: large;\">y a veces hasta lo conseguimos<\/span><\/span><\/p>\n<p class=\"western\" lang=\"en-US\"><span style=\"font-family: Georgia, serif;\"><span style=\"font-size: large;\">pero no nos lo tomamos muy en serio<\/span><\/span><\/p>\n<p class=\"western\" lang=\"en-US\"><span style=\"font-family: Georgia, serif;\"><span style=\"font-size: large;\">es la \u00fanica forma de no hacernos <\/span><\/span><\/p>\n<p class=\"western\" lang=\"en-US\"><span style=\"font-family: Georgia, serif;\"><span style=\"font-size: large;\">la vida <\/span><\/span><\/p>\n<p class=\"western\" lang=\"en-US\"><span style=\"font-family: Georgia, serif;\"><span style=\"font-size: large;\">a nosotros mismos<\/span><\/span><\/p>\n<p class=\"western\" lang=\"en-US\"><span style=\"font-family: Georgia, serif;\"><span style=\"font-size: large;\">imposible.<\/span><\/span><\/p>\n<p lang=\"en-US\"><strong>\u00a9 Jos\u00e9 Pastor Gonz\u00e1lez. Todos los derechos reservados.<\/strong><\/p>\n","protected":false},"excerpt":{"rendered":"<p>La poes\u00eda es la esperanza de los que no tienen esperanza. (Ra\u00fal Zurita) Luchamos por lo imposible as\u00ed que no nos exij\u00e1is proezas milagros ni siquiera resultados a veces ni nosotros mismos nos lo creemos no nos exij\u00e1is nada y mucho menos dignidad si nos tenemos que arrastrar nos arrastraremos hasta jugaremos sucio ya os [&hellip;]<\/p>\n","protected":false},"author":87,"featured_media":30707,"comment_status":"closed","ping_status":"closed","sticky":false,"template":"","format":"standard","meta":{"footnotes":""},"categories":[2452],"tags":[2436],"class_list":["post-30894","post","type-post","status-publish","format-standard","has-post-thumbnail","category-poesia","tag-jose-pastor-gonzalez"],"yoast_head":"<!-- This site is optimized with the Yoast SEO plugin v28.4 - https:\/\/yoast.com\/product\/yoast-seo-wordpress\/ -->\n<title>Irresponsables | 606_POES\u00cdA | HOJAS SUELTAS<\/title>\n<meta name=\"description\" content=\"POES\u00cdA. Jos\u00e9 Pastor Gonzalez, anima con sus poemas a la reflexi\u00f3n\" \/>\n<meta name=\"robots\" content=\"index, follow, max-snippet:-1, max-image-preview:large, max-video-preview:-1\" \/>\n<link rel=\"canonical\" href=\"https:\/\/hojassueltas.es\/?p=30894\" \/>\n<meta property=\"og:locale\" content=\"es_ES\" \/>\n<meta property=\"og:type\" content=\"article\" \/>\n<meta property=\"og:title\" content=\"Irresponsables | 606_POES\u00cdA | HOJAS SUELTAS\" \/>\n<meta property=\"og:description\" content=\"POES\u00cdA. Jos\u00e9 Pastor Gonzalez, anima con sus poemas a la reflexi\u00f3n\" \/>\n<meta property=\"og:url\" content=\"https:\/\/hojassueltas.es\/?p=30894\" \/>\n<meta property=\"og:site_name\" content=\"HOJAS SUELTAS\" \/>\n<meta property=\"article:published_time\" content=\"2026-08-14T22:00:25+00:00\" \/>\n<meta property=\"article:modified_time\" content=\"2026-08-29T09:19:30+00:00\" \/>\n<meta property=\"og:image\" content=\"https:\/\/hojassueltas.es\/wp-content\/uploads\/2026\/08\/606_POESIA_H.S.png\" \/>\n\t<meta property=\"og:image:width\" content=\"1000\" \/>\n\t<meta property=\"og:image:height\" content=\"563\" \/>\n\t<meta property=\"og:image:type\" content=\"image\/png\" \/>\n<meta name=\"author\" content=\"Jose Pastor Gonz\u00e1lez\" \/>\n<meta name=\"twitter:card\" content=\"summary_large_image\" \/>\n<meta name=\"twitter:creator\" content=\"@HOJASSUELTAS22\" \/>\n<meta name=\"twitter:site\" content=\"@HOJASSUELTAS22\" \/>\n<meta name=\"twitter:label1\" content=\"Escrito por\" \/>\n\t<meta name=\"twitter:data1\" content=\"Jose Pastor Gonz\u00e1lez\" \/>\n\t<meta name=\"twitter:label2\" content=\"Tiempo de lectura\" \/>\n\t<meta name=\"twitter:data2\" content=\"1 minuto\" \/>\n<script type=\"application\/ld+json\" class=\"yoast-schema-graph\">{\"@context\":\"https:\\\/\\\/schema.org\",\"@graph\":[{\"@type\":[\"Article\",\"BlogPosting\"],\"@id\":\"https:\\\/\\\/hojassueltas.es\\\/?p=30894#article\",\"isPartOf\":{\"@id\":\"https:\\\/\\\/hojassueltas.es\\\/?p=30894\"},\"author\":{\"name\":\"Jose Pastor Gonz\u00e1lez\",\"@id\":\"https:\\\/\\\/hojassueltas.es\\\/#\\\/schema\\\/person\\\/363f32070546410001e269f766668041\"},\"headline\":\"Irresponsables\",\"datePublished\":\"2026-08-14T22:00:25+00:00\",\"dateModified\":\"2026-08-29T09:19:30+00:00\",\"mainEntityOfPage\":{\"@id\":\"https:\\\/\\\/hojassueltas.es\\\/?p=30894\"},\"wordCount\":133,\"publisher\":{\"@id\":\"https:\\\/\\\/hojassueltas.es\\\/#organization\"},\"image\":{\"@id\":\"https:\\\/\\\/hojassueltas.es\\\/?p=30894#primaryimage\"},\"thumbnailUrl\":\"https:\\\/\\\/hojassueltas.es\\\/wp-content\\\/uploads\\\/2026\\\/08\\\/606_POESIA_H.S.png\",\"keywords\":[\"Jos\u00e9 Pastor Gonz\u00e1lez\"],\"articleSection\":[\"606_POES\u00cdA\"],\"inLanguage\":\"es\"},{\"@type\":\"WebPage\",\"@id\":\"https:\\\/\\\/hojassueltas.es\\\/?p=30894\",\"url\":\"https:\\\/\\\/hojassueltas.es\\\/?p=30894\",\"name\":\"Irresponsables | 606_POES\u00cdA | HOJAS SUELTAS\",\"isPartOf\":{\"@id\":\"https:\\\/\\\/hojassueltas.es\\\/#website\"},\"primaryImageOfPage\":{\"@id\":\"https:\\\/\\\/hojassueltas.es\\\/?p=30894#primaryimage\"},\"image\":{\"@id\":\"https:\\\/\\\/hojassueltas.es\\\/?p=30894#primaryimage\"},\"thumbnailUrl\":\"https:\\\/\\\/hojassueltas.es\\\/wp-content\\\/uploads\\\/2026\\\/08\\\/606_POESIA_H.S.png\",\"datePublished\":\"2026-08-14T22:00:25+00:00\",\"dateModified\":\"2026-08-29T09:19:30+00:00\",\"description\":\"POES\u00cdA. Jos\u00e9 Pastor Gonzalez, anima con sus poemas a la reflexi\u00f3n\",\"breadcrumb\":{\"@id\":\"https:\\\/\\\/hojassueltas.es\\\/?p=30894#breadcrumb\"},\"inLanguage\":\"es\",\"potentialAction\":[{\"@type\":\"ReadAction\",\"target\":[\"https:\\\/\\\/hojassueltas.es\\\/?p=30894\"]}]},{\"@type\":\"ImageObject\",\"inLanguage\":\"es\",\"@id\":\"https:\\\/\\\/hojassueltas.es\\\/?p=30894#primaryimage\",\"url\":\"https:\\\/\\\/hojassueltas.es\\\/wp-content\\\/uploads\\\/2026\\\/08\\\/606_POESIA_H.S.png\",\"contentUrl\":\"https:\\\/\\\/hojassueltas.es\\\/wp-content\\\/uploads\\\/2026\\\/08\\\/606_POESIA_H.S.png\",\"width\":1000,\"height\":563},{\"@type\":\"BreadcrumbList\",\"@id\":\"https:\\\/\\\/hojassueltas.es\\\/?p=30894#breadcrumb\",\"itemListElement\":[{\"@type\":\"ListItem\",\"position\":1,\"name\":\"Portada\",\"item\":\"https:\\\/\\\/hojassueltas.es\\\/\"},{\"@type\":\"ListItem\",\"position\":2,\"name\":\"Irresponsables\"}]},{\"@type\":\"WebSite\",\"@id\":\"https:\\\/\\\/hojassueltas.es\\\/#website\",\"url\":\"https:\\\/\\\/hojassueltas.es\\\/\",\"name\":\"HojasSueltas.es\",\"description\":\"Peri\u00f3dico Cultural\",\"publisher\":{\"@id\":\"https:\\\/\\\/hojassueltas.es\\\/#organization\"},\"alternateName\":\"H.S. Periodico Cultural\",\"potentialAction\":[{\"@type\":\"SearchAction\",\"target\":{\"@type\":\"EntryPoint\",\"urlTemplate\":\"https:\\\/\\\/hojassueltas.es\\\/?s={search_term_string}\"},\"query-input\":{\"@type\":\"PropertyValueSpecification\",\"valueRequired\":true,\"valueName\":\"search_term_string\"}}],\"inLanguage\":\"es\"},{\"@type\":\"Organization\",\"@id\":\"https:\\\/\\\/hojassueltas.es\\\/#organization\",\"name\":\"HOJAS SUELTAS - Peri\u00f3dico Cultural\",\"alternateName\":\"HS - HOJAS SUELTAS Peri\u00f3dico Cultural\",\"url\":\"https:\\\/\\\/hojassueltas.es\\\/\",\"logo\":{\"@type\":\"ImageObject\",\"inLanguage\":\"es\",\"@id\":\"https:\\\/\\\/hojassueltas.es\\\/#\\\/schema\\\/logo\\\/image\\\/\",\"url\":\"https:\\\/\\\/hojassueltas.es\\\/wp-content\\\/uploads\\\/2025\\\/08\\\/Icono-HS_2.png\",\"contentUrl\":\"https:\\\/\\\/hojassueltas.es\\\/wp-content\\\/uploads\\\/2025\\\/08\\\/Icono-HS_2.png\",\"width\":500,\"height\":500,\"caption\":\"HOJAS SUELTAS - Peri\u00f3dico Cultural\"},\"image\":{\"@id\":\"https:\\\/\\\/hojassueltas.es\\\/#\\\/schema\\\/logo\\\/image\\\/\"},\"sameAs\":[\"https:\\\/\\\/x.com\\\/HOJASSUELTAS22\"]},{\"@type\":\"Person\",\"@id\":\"https:\\\/\\\/hojassueltas.es\\\/#\\\/schema\\\/person\\\/363f32070546410001e269f766668041\",\"name\":\"Jose Pastor Gonz\u00e1lez\",\"image\":{\"@type\":\"ImageObject\",\"inLanguage\":\"es\",\"@id\":\"https:\\\/\\\/hojassueltas.es\\\/wp-content\\\/uploads\\\/2026\\\/01\\\/Jose-Pastor-Gonzalez-96x96.png\",\"url\":\"https:\\\/\\\/hojassueltas.es\\\/wp-content\\\/uploads\\\/2026\\\/01\\\/Jose-Pastor-Gonzalez-96x96.png\",\"contentUrl\":\"https:\\\/\\\/hojassueltas.es\\\/wp-content\\\/uploads\\\/2026\\\/01\\\/Jose-Pastor-Gonzalez-96x96.png\",\"caption\":\"Jose Pastor Gonz\u00e1lez\"},\"description\":\"Vive en alg\u00fan lugar de la Alpujarra granadina. Autor de los libros de poes\u00eda \u201cCuidado con el perro\u201d (Ediciones Raro, 2009), \u201cEl ruido de los cuerpos al caer\u201d (Editorial Groenlandia, 2012), \u201calguien tiene que limpiar la mierda\u201d (Ediciones RaRo, 2013), \u201cCuadernos de veredas\u201d (Piedra Papel, Libros, 2016), \u201cCuando los trenes paraban en todas las estaciones\u201d (Vers\u00e1tiles, 2020), \u201cAlmanaque. Cosas que pasan en los pueblos que no ver\u00e9is en las ciudades\u201d (Ediciones Fantasma, 2022), \u201cVolver a la tierra\u201d (Rasmia Ediciones, 2023) y \u201ccartograf\u00eda de la derrota\u201d (\u00c9ditions az\u2019art atelier, 2025). Sus poemas han aparecido en la antolog\u00eda Negra Flama. Poes\u00eda antagonista en el estado espa\u00f1ol (CNT-AIT), en la revista de poes\u00eda La Tormenta (Calumnia Editorial) y en la colecci\u00f3n literatura de kiosko (Ediciones RaRo). Colabora, semanalmente, en el Peri\u00f3dico Irreverentes y mantiene el blog: librosyaguardientes.wordpress.com\",\"url\":\"https:\\\/\\\/hojassueltas.es\\\/?author=87\"}]}<\/script>\n<!-- \/ Yoast SEO plugin. -->","yoast_head_json":{"title":"Irresponsables | 606_POES\u00cdA | HOJAS SUELTAS","description":"POES\u00cdA. Jos\u00e9 Pastor Gonzalez, anima con sus poemas a la reflexi\u00f3n","robots":{"index":"index","follow":"follow","max-snippet":"max-snippet:-1","max-image-preview":"max-image-preview:large","max-video-preview":"max-video-preview:-1"},"canonical":"https:\/\/hojassueltas.es\/?p=30894","og_locale":"es_ES","og_type":"article","og_title":"Irresponsables | 606_POES\u00cdA | HOJAS SUELTAS","og_description":"POES\u00cdA. Jos\u00e9 Pastor Gonzalez, anima con sus poemas a la reflexi\u00f3n","og_url":"https:\/\/hojassueltas.es\/?p=30894","og_site_name":"HOJAS SUELTAS","article_published_time":"2026-08-14T22:00:25+00:00","article_modified_time":"2026-08-29T09:19:30+00:00","og_image":[{"width":1000,"height":563,"url":"https:\/\/hojassueltas.es\/wp-content\/uploads\/2026\/08\/606_POESIA_H.S.png","type":"image\/png"}],"author":"Jose Pastor Gonz\u00e1lez","twitter_card":"summary_large_image","twitter_creator":"@HOJASSUELTAS22","twitter_site":"@HOJASSUELTAS22","twitter_misc":{"Escrito por":"Jose Pastor Gonz\u00e1lez","Tiempo de lectura":"1 minuto"},"schema":{"@context":"https:\/\/schema.org","@graph":[{"@type":["Article","BlogPosting"],"@id":"https:\/\/hojassueltas.es\/?p=30894#article","isPartOf":{"@id":"https:\/\/hojassueltas.es\/?p=30894"},"author":{"name":"Jose Pastor Gonz\u00e1lez","@id":"https:\/\/hojassueltas.es\/#\/schema\/person\/363f32070546410001e269f766668041"},"headline":"Irresponsables","datePublished":"2026-08-14T22:00:25+00:00","dateModified":"2026-08-29T09:19:30+00:00","mainEntityOfPage":{"@id":"https:\/\/hojassueltas.es\/?p=30894"},"wordCount":133,"publisher":{"@id":"https:\/\/hojassueltas.es\/#organization"},"image":{"@id":"https:\/\/hojassueltas.es\/?p=30894#primaryimage"},"thumbnailUrl":"https:\/\/hojassueltas.es\/wp-content\/uploads\/2026\/08\/606_POESIA_H.S.png","keywords":["Jos\u00e9 Pastor Gonz\u00e1lez"],"articleSection":["606_POES\u00cdA"],"inLanguage":"es"},{"@type":"WebPage","@id":"https:\/\/hojassueltas.es\/?p=30894","url":"https:\/\/hojassueltas.es\/?p=30894","name":"Irresponsables | 606_POES\u00cdA | HOJAS SUELTAS","isPartOf":{"@id":"https:\/\/hojassueltas.es\/#website"},"primaryImageOfPage":{"@id":"https:\/\/hojassueltas.es\/?p=30894#primaryimage"},"image":{"@id":"https:\/\/hojassueltas.es\/?p=30894#primaryimage"},"thumbnailUrl":"https:\/\/hojassueltas.es\/wp-content\/uploads\/2026\/08\/606_POESIA_H.S.png","datePublished":"2026-08-14T22:00:25+00:00","dateModified":"2026-08-29T09:19:30+00:00","description":"POES\u00cdA. Jos\u00e9 Pastor Gonzalez, anima con sus poemas a la reflexi\u00f3n","breadcrumb":{"@id":"https:\/\/hojassueltas.es\/?p=30894#breadcrumb"},"inLanguage":"es","potentialAction":[{"@type":"ReadAction","target":["https:\/\/hojassueltas.es\/?p=30894"]}]},{"@type":"ImageObject","inLanguage":"es","@id":"https:\/\/hojassueltas.es\/?p=30894#primaryimage","url":"https:\/\/hojassueltas.es\/wp-content\/uploads\/2026\/08\/606_POESIA_H.S.png","contentUrl":"https:\/\/hojassueltas.es\/wp-content\/uploads\/2026\/08\/606_POESIA_H.S.png","width":1000,"height":563},{"@type":"BreadcrumbList","@id":"https:\/\/hojassueltas.es\/?p=30894#breadcrumb","itemListElement":[{"@type":"ListItem","position":1,"name":"Portada","item":"https:\/\/hojassueltas.es\/"},{"@type":"ListItem","position":2,"name":"Irresponsables"}]},{"@type":"WebSite","@id":"https:\/\/hojassueltas.es\/#website","url":"https:\/\/hojassueltas.es\/","name":"HojasSueltas.es","description":"Peri\u00f3dico Cultural","publisher":{"@id":"https:\/\/hojassueltas.es\/#organization"},"alternateName":"H.S. Periodico Cultural","potentialAction":[{"@type":"SearchAction","target":{"@type":"EntryPoint","urlTemplate":"https:\/\/hojassueltas.es\/?s={search_term_string}"},"query-input":{"@type":"PropertyValueSpecification","valueRequired":true,"valueName":"search_term_string"}}],"inLanguage":"es"},{"@type":"Organization","@id":"https:\/\/hojassueltas.es\/#organization","name":"HOJAS SUELTAS - Peri\u00f3dico Cultural","alternateName":"HS - HOJAS SUELTAS Peri\u00f3dico Cultural","url":"https:\/\/hojassueltas.es\/","logo":{"@type":"ImageObject","inLanguage":"es","@id":"https:\/\/hojassueltas.es\/#\/schema\/logo\/image\/","url":"https:\/\/hojassueltas.es\/wp-content\/uploads\/2025\/08\/Icono-HS_2.png","contentUrl":"https:\/\/hojassueltas.es\/wp-content\/uploads\/2025\/08\/Icono-HS_2.png","width":500,"height":500,"caption":"HOJAS SUELTAS - Peri\u00f3dico Cultural"},"image":{"@id":"https:\/\/hojassueltas.es\/#\/schema\/logo\/image\/"},"sameAs":["https:\/\/x.com\/HOJASSUELTAS22"]},{"@type":"Person","@id":"https:\/\/hojassueltas.es\/#\/schema\/person\/363f32070546410001e269f766668041","name":"Jose Pastor Gonz\u00e1lez","image":{"@type":"ImageObject","inLanguage":"es","@id":"https:\/\/hojassueltas.es\/wp-content\/uploads\/2026\/01\/Jose-Pastor-Gonzalez-96x96.png","url":"https:\/\/hojassueltas.es\/wp-content\/uploads\/2026\/01\/Jose-Pastor-Gonzalez-96x96.png","contentUrl":"https:\/\/hojassueltas.es\/wp-content\/uploads\/2026\/01\/Jose-Pastor-Gonzalez-96x96.png","caption":"Jose Pastor Gonz\u00e1lez"},"description":"Vive en alg\u00fan lugar de la Alpujarra granadina. Autor de los libros de poes\u00eda \u201cCuidado con el perro\u201d (Ediciones Raro, 2009), \u201cEl ruido de los cuerpos al caer\u201d (Editorial Groenlandia, 2012), \u201calguien tiene que limpiar la mierda\u201d (Ediciones RaRo, 2013), \u201cCuadernos de veredas\u201d (Piedra Papel, Libros, 2016), \u201cCuando los trenes paraban en todas las estaciones\u201d (Vers\u00e1tiles, 2020), \u201cAlmanaque. Cosas que pasan en los pueblos que no ver\u00e9is en las ciudades\u201d (Ediciones Fantasma, 2022), \u201cVolver a la tierra\u201d (Rasmia Ediciones, 2023) y \u201ccartograf\u00eda de la derrota\u201d (\u00c9ditions az\u2019art atelier, 2025). Sus poemas han aparecido en la antolog\u00eda Negra Flama. Poes\u00eda antagonista en el estado espa\u00f1ol (CNT-AIT), en la revista de poes\u00eda La Tormenta (Calumnia Editorial) y en la colecci\u00f3n literatura de kiosko (Ediciones RaRo). Colabora, semanalmente, en el Peri\u00f3dico Irreverentes y mantiene el blog: librosyaguardientes.wordpress.com","url":"https:\/\/hojassueltas.es\/?author=87"}]}},"_links":{"self":[{"href":"https:\/\/hojassueltas.es\/index.php?rest_route=\/wp\/v2\/posts\/30894","targetHints":{"allow":["GET"]}}],"collection":[{"href":"https:\/\/hojassueltas.es\/index.php?rest_route=\/wp\/v2\/posts"}],"about":[{"href":"https:\/\/hojassueltas.es\/index.php?rest_route=\/wp\/v2\/types\/post"}],"author":[{"embeddable":true,"href":"https:\/\/hojassueltas.es\/index.php?rest_route=\/wp\/v2\/users\/87"}],"replies":[{"embeddable":true,"href":"https:\/\/hojassueltas.es\/index.php?rest_route=%2Fwp%2Fv2%2Fcomments&post=30894"}],"version-history":[{"count":2,"href":"https:\/\/hojassueltas.es\/index.php?rest_route=\/wp\/v2\/posts\/30894\/revisions"}],"predecessor-version":[{"id":30896,"href":"https:\/\/hojassueltas.es\/index.php?rest_route=\/wp\/v2\/posts\/30894\/revisions\/30896"}],"wp:featuredmedia":[{"embeddable":true,"href":"https:\/\/hojassueltas.es\/index.php?rest_route=\/wp\/v2\/media\/30707"}],"wp:attachment":[{"href":"https:\/\/hojassueltas.es\/index.php?rest_route=%2Fwp%2Fv2%2Fmedia&parent=30894"}],"wp:term":[{"taxonomy":"category","embeddable":true,"href":"https:\/\/hojassueltas.es\/index.php?rest_route=%2Fwp%2Fv2%2Fcategories&post=30894"},{"taxonomy":"post_tag","embeddable":true,"href":"https:\/\/hojassueltas.es\/index.php?rest_route=%2Fwp%2Fv2%2Ftags&post=30894"}],"curies":[{"name":"wp","href":"https:\/\/api.w.org\/{rel}","templated":true}]}}