{"id":30872,"date":"2026-08-13T00:00:49","date_gmt":"2026-08-12T22:00:49","guid":{"rendered":"https:\/\/hojassueltas.es\/?p=30872"},"modified":"2026-08-12T11:24:06","modified_gmt":"2026-08-12T09:24:06","slug":"san-santo-y-santa-mayusculas-y-minusculas","status":"publish","type":"post","link":"https:\/\/hojassueltas.es\/?p=30872","title":{"rendered":"San, santo y santa, may\u00fasculas y min\u00fasculas"},"content":{"rendered":"<p style=\"text-align: justify;\"><span style=\"font-family: georgia, palatino, serif; font-size: 20px;\">Los tratamientos <em>san<\/em>, <em>santo<\/em> y <em>santa<\/em>, cuando no forman parte de un nombre propio, se escriben con min\u00fascula.<span id=\"more-257434\"><\/span><\/span><\/p>\n<p style=\"text-align: justify;\"><span style=\"font-family: georgia, palatino, serif; font-size: 20px;\">Sin embargo, pueden encontrarse ejemplos como estos en los medios de comunicaci\u00f3n: \u00abEl papa Le\u00f3n XIV visita As\u00eds, la tierra de San Francisco\u00bb, \u00abAs\u00ed era el verdadero rostro de Santa Teresa de Jes\u00fas\u00bb o \u00abLa vida de Santa Laura Montoya llega a las librer\u00edas con la novela <em>La mujer que abraz\u00f3 la selva<\/em>\u00bb.<\/span><\/p>\n<p style=\"text-align: justify;\"><span style=\"font-family: georgia, palatino, serif; font-size: 20px;\">La <em>Ortograf\u00eda de la lengua espa\u00f1ola<\/em> indica que <strong>los tratamientos<\/strong>, que son apelativos que se usan para dirigirse o para aludir a una persona, <strong>se escriben con min\u00fascula<\/strong> inicial, ya que son adjetivos o nombres comunes. As\u00ed, no es apropiado escribir los antenombres (es decir, aquellos tratamientos que siempre se anteponen al nombre propio), como <strong><em>san<\/em>, <em>santo\/a<\/em>, <em>don<\/em>, <em>do\u00f1a<\/em>\u2026<\/strong>, con may\u00fascula.<\/span><\/p>\n<p style=\"text-align: justify;\"><span style=\"font-family: georgia, palatino, serif; font-size: 20px;\">De esta forma, en los ejemplos iniciales, lo adecuado habr\u00eda sido escribir \u00abEl papa Le\u00f3n XIV visita As\u00eds, la tierra de san Francisco\u00bb, \u00abAs\u00ed era el verdadero rostro de santa Teresa de Jes\u00fas\u00bb y \u00abLa vida de santa Laura Montoya llega a las librer\u00edas con la novela <em>La mujer que abraz\u00f3 la selva<\/em>\u00bb.<\/span><\/p>\n<p style=\"text-align: justify;\"><span style=\"font-family: georgia, palatino, serif; font-size: 20px;\">En cambio, la obra antes mencionada se\u00f1ala que estos t\u00e9rminos<strong> s\u00ed se escriben con may\u00fascula cuando<\/strong> no funcionan como tratamientos, sino que <strong>forman parte de un nombre propio<\/strong>, como puede ser un top\u00f3nimo, el nombre de un monumento o de una festividad; por ejemplo: \u00abVivi\u00f3 dos a\u00f1os en San Francisco\u00bb, \u00abNos vemos en la plaza de Santa Catarina\u00bb o \u00abEmpieza el veranillo de San Miguel\u00bb.<\/span><\/p>\n<p style=\"text-align: justify;\"><span style=\"font-family: georgia, palatino, serif; font-size: 20px;\">Tambi\u00e9n van <strong>con may\u00fascula las abreviaturas<\/strong> de estas voces:<\/span><em><span style=\"font-family: georgia, palatino, serif; font-size: 20px;\"> S. Francisco, Sta. <\/span>Teresa<\/em>, <em>Sto. Tom\u00e1s<\/em>\u2026<\/p>\n<p style=\"text-align: justify;\"><span style=\"font-family: georgia, palatino, serif; font-size: 20px;\">Por \u00faltimo, se recuerda que el tratamiento <em>san<\/em> se escribe sin tilde, pues los monos\u00edlabos no se acent\u00faan, salvo aquellos a los que les corresponde la tilde diacr\u00edtica.<\/span><\/p>\n<p>\u00a9 FUND\u00c9U<\/p>\n<p>PUNTO Y SEGUIDO.\u00a0Roberto Fern\u00e1ndez<\/p>\n","protected":false},"excerpt":{"rendered":"<p>Los tratamientos san, santo y santa, cuando no forman parte de un nombre propio, se escriben con min\u00fascula. Sin embargo, pueden encontrarse ejemplos como estos en los medios de comunicaci\u00f3n: \u00abEl papa Le\u00f3n XIV visita As\u00eds, la tierra de San Francisco\u00bb, \u00abAs\u00ed era el verdadero rostro de Santa Teresa de Jes\u00fas\u00bb o \u00abLa vida de [&hellip;]<\/p>\n","protected":false},"author":97,"featured_media":30652,"comment_status":"closed","ping_status":"closed","sticky":false,"template":"","format":"standard","meta":{"footnotes":""},"categories":[2015],"tags":[2406],"class_list":["post-30872","post","type-post","status-publish","format-standard","has-post-thumbnail","category-aclaraciones-del-idioma","tag-fundeu"],"yoast_head":"<!-- This site is optimized with the Yoast SEO plugin v28.4 - https:\/\/yoast.com\/product\/yoast-seo-wordpress\/ -->\n<title>San, santo y santa, may\u00fasculas y min\u00fasculas | 403-ACLARACIONES DEL IDIOMA | HOJAS SUELTAS<\/title>\n<meta name=\"description\" content=\"ACLARACIONES DEL IDIOMA Los tratamientos san, santo y santa, cuando no forman parte de un nombre propio, se escriben con min\u00fascula.\" \/>\n<meta name=\"robots\" content=\"index, follow, max-snippet:-1, max-image-preview:large, max-video-preview:-1\" \/>\n<link rel=\"canonical\" href=\"https:\/\/hojassueltas.es\/?p=30872\" \/>\n<meta property=\"og:locale\" content=\"es_ES\" \/>\n<meta property=\"og:type\" content=\"article\" \/>\n<meta property=\"og:title\" content=\"San, santo y santa, may\u00fasculas y min\u00fasculas | 403-ACLARACIONES DEL IDIOMA | HOJAS SUELTAS\" \/>\n<meta property=\"og:description\" content=\"ACLARACIONES DEL IDIOMA Los tratamientos san, santo y santa, cuando no forman parte de un nombre propio, se escriben con min\u00fascula.\" \/>\n<meta property=\"og:url\" content=\"https:\/\/hojassueltas.es\/?p=30872\" \/>\n<meta property=\"og:site_name\" content=\"HOJAS SUELTAS\" \/>\n<meta property=\"article:published_time\" content=\"2026-08-12T22:00:49+00:00\" \/>\n<meta property=\"og:image\" content=\"https:\/\/hojassueltas.es\/wp-content\/uploads\/2026\/08\/403_Aclaraciones-dle-idioma_H.S.png\" \/>\n\t<meta property=\"og:image:width\" content=\"1000\" \/>\n\t<meta property=\"og:image:height\" content=\"563\" \/>\n\t<meta property=\"og:image:type\" content=\"image\/png\" \/>\n<meta name=\"author\" content=\"Punto y Seguido - Roberto Fern\u00e1ndez\" \/>\n<meta name=\"twitter:card\" content=\"summary_large_image\" \/>\n<meta name=\"twitter:creator\" content=\"@HOJASSUELTAS22\" \/>\n<meta name=\"twitter:site\" content=\"@HOJASSUELTAS22\" \/>\n<meta name=\"twitter:label1\" content=\"Escrito por\" \/>\n\t<meta name=\"twitter:data1\" content=\"Punto y Seguido - Roberto Fern\u00e1ndez\" \/>\n\t<meta name=\"twitter:label2\" content=\"Tiempo de lectura\" \/>\n\t<meta name=\"twitter:data2\" content=\"2 minutos\" \/>\n<script type=\"application\/ld+json\" class=\"yoast-schema-graph\">{\"@context\":\"https:\\\/\\\/schema.org\",\"@graph\":[{\"@type\":[\"Article\",\"BlogPosting\"],\"@id\":\"https:\\\/\\\/hojassueltas.es\\\/?p=30872#article\",\"isPartOf\":{\"@id\":\"https:\\\/\\\/hojassueltas.es\\\/?p=30872\"},\"author\":{\"name\":\"Punto y Seguido - Roberto Fern\u00e1ndez\",\"@id\":\"https:\\\/\\\/hojassueltas.es\\\/#\\\/schema\\\/person\\\/9da123a86757231ec42f724b10340ce9\"},\"headline\":\"San, santo y santa, may\u00fasculas y min\u00fasculas\",\"datePublished\":\"2026-08-12T22:00:49+00:00\",\"mainEntityOfPage\":{\"@id\":\"https:\\\/\\\/hojassueltas.es\\\/?p=30872\"},\"wordCount\":338,\"publisher\":{\"@id\":\"https:\\\/\\\/hojassueltas.es\\\/#organization\"},\"image\":{\"@id\":\"https:\\\/\\\/hojassueltas.es\\\/?p=30872#primaryimage\"},\"thumbnailUrl\":\"https:\\\/\\\/hojassueltas.es\\\/wp-content\\\/uploads\\\/2026\\\/08\\\/403_Aclaraciones-dle-idioma_H.S.png\",\"keywords\":[\"Fund\u00e9u\"],\"articleSection\":[\"403-ACLARACIONES DEL IDIOMA\"],\"inLanguage\":\"es\"},{\"@type\":\"WebPage\",\"@id\":\"https:\\\/\\\/hojassueltas.es\\\/?p=30872\",\"url\":\"https:\\\/\\\/hojassueltas.es\\\/?p=30872\",\"name\":\"San, santo y santa, may\u00fasculas y min\u00fasculas | 403-ACLARACIONES DEL IDIOMA | HOJAS SUELTAS\",\"isPartOf\":{\"@id\":\"https:\\\/\\\/hojassueltas.es\\\/#website\"},\"primaryImageOfPage\":{\"@id\":\"https:\\\/\\\/hojassueltas.es\\\/?p=30872#primaryimage\"},\"image\":{\"@id\":\"https:\\\/\\\/hojassueltas.es\\\/?p=30872#primaryimage\"},\"thumbnailUrl\":\"https:\\\/\\\/hojassueltas.es\\\/wp-content\\\/uploads\\\/2026\\\/08\\\/403_Aclaraciones-dle-idioma_H.S.png\",\"datePublished\":\"2026-08-12T22:00:49+00:00\",\"description\":\"ACLARACIONES DEL IDIOMA Los tratamientos san, santo y santa, cuando no forman parte de un nombre propio, se escriben con min\u00fascula.\",\"breadcrumb\":{\"@id\":\"https:\\\/\\\/hojassueltas.es\\\/?p=30872#breadcrumb\"},\"inLanguage\":\"es\",\"potentialAction\":[{\"@type\":\"ReadAction\",\"target\":[\"https:\\\/\\\/hojassueltas.es\\\/?p=30872\"]}]},{\"@type\":\"ImageObject\",\"inLanguage\":\"es\",\"@id\":\"https:\\\/\\\/hojassueltas.es\\\/?p=30872#primaryimage\",\"url\":\"https:\\\/\\\/hojassueltas.es\\\/wp-content\\\/uploads\\\/2026\\\/08\\\/403_Aclaraciones-dle-idioma_H.S.png\",\"contentUrl\":\"https:\\\/\\\/hojassueltas.es\\\/wp-content\\\/uploads\\\/2026\\\/08\\\/403_Aclaraciones-dle-idioma_H.S.png\",\"width\":1000,\"height\":563},{\"@type\":\"BreadcrumbList\",\"@id\":\"https:\\\/\\\/hojassueltas.es\\\/?p=30872#breadcrumb\",\"itemListElement\":[{\"@type\":\"ListItem\",\"position\":1,\"name\":\"Portada\",\"item\":\"https:\\\/\\\/hojassueltas.es\\\/\"},{\"@type\":\"ListItem\",\"position\":2,\"name\":\"San, santo y santa, may\u00fasculas y min\u00fasculas\"}]},{\"@type\":\"WebSite\",\"@id\":\"https:\\\/\\\/hojassueltas.es\\\/#website\",\"url\":\"https:\\\/\\\/hojassueltas.es\\\/\",\"name\":\"HojasSueltas.es\",\"description\":\"Peri\u00f3dico Cultural\",\"publisher\":{\"@id\":\"https:\\\/\\\/hojassueltas.es\\\/#organization\"},\"alternateName\":\"H.S. Periodico Cultural\",\"potentialAction\":[{\"@type\":\"SearchAction\",\"target\":{\"@type\":\"EntryPoint\",\"urlTemplate\":\"https:\\\/\\\/hojassueltas.es\\\/?s={search_term_string}\"},\"query-input\":{\"@type\":\"PropertyValueSpecification\",\"valueRequired\":true,\"valueName\":\"search_term_string\"}}],\"inLanguage\":\"es\"},{\"@type\":\"Organization\",\"@id\":\"https:\\\/\\\/hojassueltas.es\\\/#organization\",\"name\":\"HOJAS SUELTAS - Peri\u00f3dico Cultural\",\"alternateName\":\"HS - HOJAS SUELTAS Peri\u00f3dico Cultural\",\"url\":\"https:\\\/\\\/hojassueltas.es\\\/\",\"logo\":{\"@type\":\"ImageObject\",\"inLanguage\":\"es\",\"@id\":\"https:\\\/\\\/hojassueltas.es\\\/#\\\/schema\\\/logo\\\/image\\\/\",\"url\":\"https:\\\/\\\/hojassueltas.es\\\/wp-content\\\/uploads\\\/2025\\\/08\\\/Icono-HS_2.png\",\"contentUrl\":\"https:\\\/\\\/hojassueltas.es\\\/wp-content\\\/uploads\\\/2025\\\/08\\\/Icono-HS_2.png\",\"width\":500,\"height\":500,\"caption\":\"HOJAS SUELTAS - Peri\u00f3dico Cultural\"},\"image\":{\"@id\":\"https:\\\/\\\/hojassueltas.es\\\/#\\\/schema\\\/logo\\\/image\\\/\"},\"sameAs\":[\"https:\\\/\\\/x.com\\\/HOJASSUELTAS22\"]},{\"@type\":\"Person\",\"@id\":\"https:\\\/\\\/hojassueltas.es\\\/#\\\/schema\\\/person\\\/9da123a86757231ec42f724b10340ce9\",\"name\":\"Punto y Seguido - Roberto Fern\u00e1ndez\",\"image\":{\"@type\":\"ImageObject\",\"inLanguage\":\"es\",\"@id\":\"https:\\\/\\\/hojassueltas.es\\\/wp-content\\\/uploads\\\/2026\\\/05\\\/Roberto-en-la-redaccion-con-Shanghai-96x96.png\",\"url\":\"https:\\\/\\\/hojassueltas.es\\\/wp-content\\\/uploads\\\/2026\\\/05\\\/Roberto-en-la-redaccion-con-Shanghai-96x96.png\",\"contentUrl\":\"https:\\\/\\\/hojassueltas.es\\\/wp-content\\\/uploads\\\/2026\\\/05\\\/Roberto-en-la-redaccion-con-Shanghai-96x96.png\",\"caption\":\"Punto y Seguido - Roberto Fern\u00e1ndez\"},\"description\":\"Zaragozano. Licenciado en Ciencias de la Comunicaci\u00f3n. Actualmente desarrolla su profesi\u00f3n en una agencia de noticias a, espera escalar con los a\u00f1os,. Su deseo es alcanzar una corresponsal\u00eda en Asia.\",\"url\":\"https:\\\/\\\/hojassueltas.es\\\/?author=97\"}]}<\/script>\n<!-- \/ Yoast SEO plugin. -->","yoast_head_json":{"title":"San, santo y santa, may\u00fasculas y min\u00fasculas | 403-ACLARACIONES DEL IDIOMA | HOJAS SUELTAS","description":"ACLARACIONES DEL IDIOMA Los tratamientos san, santo y santa, cuando no forman parte de un nombre propio, se escriben con min\u00fascula.","robots":{"index":"index","follow":"follow","max-snippet":"max-snippet:-1","max-image-preview":"max-image-preview:large","max-video-preview":"max-video-preview:-1"},"canonical":"https:\/\/hojassueltas.es\/?p=30872","og_locale":"es_ES","og_type":"article","og_title":"San, santo y santa, may\u00fasculas y min\u00fasculas | 403-ACLARACIONES DEL IDIOMA | HOJAS SUELTAS","og_description":"ACLARACIONES DEL IDIOMA Los tratamientos san, santo y santa, cuando no forman parte de un nombre propio, se escriben con min\u00fascula.","og_url":"https:\/\/hojassueltas.es\/?p=30872","og_site_name":"HOJAS SUELTAS","article_published_time":"2026-08-12T22:00:49+00:00","og_image":[{"width":1000,"height":563,"url":"https:\/\/hojassueltas.es\/wp-content\/uploads\/2026\/08\/403_Aclaraciones-dle-idioma_H.S.png","type":"image\/png"}],"author":"Punto y Seguido - Roberto Fern\u00e1ndez","twitter_card":"summary_large_image","twitter_creator":"@HOJASSUELTAS22","twitter_site":"@HOJASSUELTAS22","twitter_misc":{"Escrito por":"Punto y Seguido - Roberto Fern\u00e1ndez","Tiempo de lectura":"2 minutos"},"schema":{"@context":"https:\/\/schema.org","@graph":[{"@type":["Article","BlogPosting"],"@id":"https:\/\/hojassueltas.es\/?p=30872#article","isPartOf":{"@id":"https:\/\/hojassueltas.es\/?p=30872"},"author":{"name":"Punto y Seguido - Roberto Fern\u00e1ndez","@id":"https:\/\/hojassueltas.es\/#\/schema\/person\/9da123a86757231ec42f724b10340ce9"},"headline":"San, santo y santa, may\u00fasculas y min\u00fasculas","datePublished":"2026-08-12T22:00:49+00:00","mainEntityOfPage":{"@id":"https:\/\/hojassueltas.es\/?p=30872"},"wordCount":338,"publisher":{"@id":"https:\/\/hojassueltas.es\/#organization"},"image":{"@id":"https:\/\/hojassueltas.es\/?p=30872#primaryimage"},"thumbnailUrl":"https:\/\/hojassueltas.es\/wp-content\/uploads\/2026\/08\/403_Aclaraciones-dle-idioma_H.S.png","keywords":["Fund\u00e9u"],"articleSection":["403-ACLARACIONES DEL IDIOMA"],"inLanguage":"es"},{"@type":"WebPage","@id":"https:\/\/hojassueltas.es\/?p=30872","url":"https:\/\/hojassueltas.es\/?p=30872","name":"San, santo y santa, may\u00fasculas y min\u00fasculas | 403-ACLARACIONES DEL IDIOMA | HOJAS SUELTAS","isPartOf":{"@id":"https:\/\/hojassueltas.es\/#website"},"primaryImageOfPage":{"@id":"https:\/\/hojassueltas.es\/?p=30872#primaryimage"},"image":{"@id":"https:\/\/hojassueltas.es\/?p=30872#primaryimage"},"thumbnailUrl":"https:\/\/hojassueltas.es\/wp-content\/uploads\/2026\/08\/403_Aclaraciones-dle-idioma_H.S.png","datePublished":"2026-08-12T22:00:49+00:00","description":"ACLARACIONES DEL IDIOMA Los tratamientos san, santo y santa, cuando no forman parte de un nombre propio, se escriben con min\u00fascula.","breadcrumb":{"@id":"https:\/\/hojassueltas.es\/?p=30872#breadcrumb"},"inLanguage":"es","potentialAction":[{"@type":"ReadAction","target":["https:\/\/hojassueltas.es\/?p=30872"]}]},{"@type":"ImageObject","inLanguage":"es","@id":"https:\/\/hojassueltas.es\/?p=30872#primaryimage","url":"https:\/\/hojassueltas.es\/wp-content\/uploads\/2026\/08\/403_Aclaraciones-dle-idioma_H.S.png","contentUrl":"https:\/\/hojassueltas.es\/wp-content\/uploads\/2026\/08\/403_Aclaraciones-dle-idioma_H.S.png","width":1000,"height":563},{"@type":"BreadcrumbList","@id":"https:\/\/hojassueltas.es\/?p=30872#breadcrumb","itemListElement":[{"@type":"ListItem","position":1,"name":"Portada","item":"https:\/\/hojassueltas.es\/"},{"@type":"ListItem","position":2,"name":"San, santo y santa, may\u00fasculas y min\u00fasculas"}]},{"@type":"WebSite","@id":"https:\/\/hojassueltas.es\/#website","url":"https:\/\/hojassueltas.es\/","name":"HojasSueltas.es","description":"Peri\u00f3dico Cultural","publisher":{"@id":"https:\/\/hojassueltas.es\/#organization"},"alternateName":"H.S. Periodico Cultural","potentialAction":[{"@type":"SearchAction","target":{"@type":"EntryPoint","urlTemplate":"https:\/\/hojassueltas.es\/?s={search_term_string}"},"query-input":{"@type":"PropertyValueSpecification","valueRequired":true,"valueName":"search_term_string"}}],"inLanguage":"es"},{"@type":"Organization","@id":"https:\/\/hojassueltas.es\/#organization","name":"HOJAS SUELTAS - Peri\u00f3dico Cultural","alternateName":"HS - HOJAS SUELTAS Peri\u00f3dico Cultural","url":"https:\/\/hojassueltas.es\/","logo":{"@type":"ImageObject","inLanguage":"es","@id":"https:\/\/hojassueltas.es\/#\/schema\/logo\/image\/","url":"https:\/\/hojassueltas.es\/wp-content\/uploads\/2025\/08\/Icono-HS_2.png","contentUrl":"https:\/\/hojassueltas.es\/wp-content\/uploads\/2025\/08\/Icono-HS_2.png","width":500,"height":500,"caption":"HOJAS SUELTAS - Peri\u00f3dico Cultural"},"image":{"@id":"https:\/\/hojassueltas.es\/#\/schema\/logo\/image\/"},"sameAs":["https:\/\/x.com\/HOJASSUELTAS22"]},{"@type":"Person","@id":"https:\/\/hojassueltas.es\/#\/schema\/person\/9da123a86757231ec42f724b10340ce9","name":"Punto y Seguido - Roberto Fern\u00e1ndez","image":{"@type":"ImageObject","inLanguage":"es","@id":"https:\/\/hojassueltas.es\/wp-content\/uploads\/2026\/05\/Roberto-en-la-redaccion-con-Shanghai-96x96.png","url":"https:\/\/hojassueltas.es\/wp-content\/uploads\/2026\/05\/Roberto-en-la-redaccion-con-Shanghai-96x96.png","contentUrl":"https:\/\/hojassueltas.es\/wp-content\/uploads\/2026\/05\/Roberto-en-la-redaccion-con-Shanghai-96x96.png","caption":"Punto y Seguido - Roberto Fern\u00e1ndez"},"description":"Zaragozano. Licenciado en Ciencias de la Comunicaci\u00f3n. Actualmente desarrolla su profesi\u00f3n en una agencia de noticias a, espera escalar con los a\u00f1os,. Su deseo es alcanzar una corresponsal\u00eda en Asia.","url":"https:\/\/hojassueltas.es\/?author=97"}]}},"_links":{"self":[{"href":"https:\/\/hojassueltas.es\/index.php?rest_route=\/wp\/v2\/posts\/30872","targetHints":{"allow":["GET"]}}],"collection":[{"href":"https:\/\/hojassueltas.es\/index.php?rest_route=\/wp\/v2\/posts"}],"about":[{"href":"https:\/\/hojassueltas.es\/index.php?rest_route=\/wp\/v2\/types\/post"}],"author":[{"embeddable":true,"href":"https:\/\/hojassueltas.es\/index.php?rest_route=\/wp\/v2\/users\/97"}],"replies":[{"embeddable":true,"href":"https:\/\/hojassueltas.es\/index.php?rest_route=%2Fwp%2Fv2%2Fcomments&post=30872"}],"version-history":[{"count":1,"href":"https:\/\/hojassueltas.es\/index.php?rest_route=\/wp\/v2\/posts\/30872\/revisions"}],"predecessor-version":[{"id":30873,"href":"https:\/\/hojassueltas.es\/index.php?rest_route=\/wp\/v2\/posts\/30872\/revisions\/30873"}],"wp:featuredmedia":[{"embeddable":true,"href":"https:\/\/hojassueltas.es\/index.php?rest_route=\/wp\/v2\/media\/30652"}],"wp:attachment":[{"href":"https:\/\/hojassueltas.es\/index.php?rest_route=%2Fwp%2Fv2%2Fmedia&parent=30872"}],"wp:term":[{"taxonomy":"category","embeddable":true,"href":"https:\/\/hojassueltas.es\/index.php?rest_route=%2Fwp%2Fv2%2Fcategories&post=30872"},{"taxonomy":"post_tag","embeddable":true,"href":"https:\/\/hojassueltas.es\/index.php?rest_route=%2Fwp%2Fv2%2Ftags&post=30872"}],"curies":[{"name":"wp","href":"https:\/\/api.w.org\/{rel}","templated":true}]}}