{"id":30871,"date":"2026-08-13T00:00:46","date_gmt":"2026-08-12T22:00:46","guid":{"rendered":"https:\/\/hojassueltas.es\/?p=30871"},"modified":"2026-08-17T16:43:57","modified_gmt":"2026-08-17T14:43:57","slug":"lepanto-1571-la-batalla-convertida-en-literatura","status":"publish","type":"post","link":"https:\/\/hojassueltas.es\/?p=30871","title":{"rendered":"Lepanto, 1571: la batalla convertida en literatura"},"content":{"rendered":"<h2 class=\"western\" style=\"text-align: justify;\"><span style=\"font-family: georgia, palatino, serif;\">La victoria de la Santa Liga trascendi\u00f3 el golfo de Patras gracias a cr\u00f3nicas, poemas, pinturas y relaciones impresas. Cervantes, herido durante el combate, convirti\u00f3 su participaci\u00f3n en una parte esencial de su identidad p\u00fablica.<\/span><\/h2>\n<p style=\"text-align: justify;\"><span style=\"font-family: georgia, palatino, serif; font-size: 20px;\">El 7 de octubre de 1571, una gran batalla naval enfrent\u00f3 a la armada otomana con la flota de la Santa Liga cerca de la entrada del golfo de Corinto, en aguas del golfo de Patras. Aunque ha pasado a la historia con el nombre de Lepanto \u2014la actual N\u00e1fpacto\u2014, el combate no se libr\u00f3 frente a la ciudad. La victoria aliada fue inmediata; su transformaci\u00f3n en relato heroico comenz\u00f3 poco despu\u00e9s.<\/span><\/p>\n<p style=\"text-align: justify;\"><span style=\"font-family: georgia, palatino, serif; font-size: 20px;\">La expansi\u00f3n otomana por el Mediterr\u00e1neo oriental y la conquista de Chipre, posesi\u00f3n de la Rep\u00fablica de Venecia, favorecieron la formaci\u00f3n de la Santa Liga en mayo de 1571. La coalici\u00f3n, impulsada por el papa P\u00edo V, reuni\u00f3 a la Monarqu\u00eda Hisp\u00e1nica, Venecia, los Estados Pontificios y otros territorios cat\u00f3licos. El mando recay\u00f3 en don Juan de Austria, hermanastro de Felipe II.<\/span><\/p>\n<p style=\"text-align: justify;\"><span style=\"font-family: georgia, palatino, serif; font-size: 20px;\">La batalla enfrent\u00f3 a centenares de galeras y galeazas en un combate que se decidi\u00f3 mediante la artiller\u00eda, los abordajes y la lucha de los soldados embarcados. La derrota otomana fue severa: numerosas naves fueron hundidas o capturadas y miles de cautivos cristianos empleados como remeros recuperaron la libertad. El triunfo quebr\u00f3 la imagen de invulnerabilidad de la armada del sult\u00e1n, pero no elimin\u00f3 su poder mar\u00edtimo.<\/span><\/p>\n<p style=\"text-align: justify;\"><span style=\"font-family: georgia, palatino, serif; font-size: 20px;\">Conviene corregir, por tanto, una interpretaci\u00f3n posterior: Lepanto no puso fin al Imperio otomano ni decidi\u00f3 por s\u00ed sola el dominio del Mediterr\u00e1neo. Constantinopla reconstruy\u00f3 su flota con rapidez; Chipre permaneci\u00f3 bajo control otomano y Venecia firm\u00f3 la paz en 1573. Su alcance pol\u00edtico y territorial fue menor que su repercusi\u00f3n simb\u00f3lica.<\/span><\/p>\n<p style=\"text-align: justify;\"><span style=\"font-family: georgia, palatino, serif; font-size: 20px;\">La victoria se difundi\u00f3 mediante relaciones de sucesos, pliegos, sermones, grabados, mapas, medallas, pinturas y celebraciones religiosas. Venecia, uno de los grandes centros impresores europeos, produjo con rapidez representaciones de las formaciones navales y del desarrollo del combate. Muchas se presentaban como im\u00e1genes fieles, aunque combinaban informaci\u00f3n militar, convenciones art\u00edsticas y propaganda confesional.<\/span><\/p>\n<p style=\"text-align: justify;\"><span style=\"font-family: georgia, palatino, serif; font-size: 20px;\">En Espa\u00f1a, Fernando de Herrera public\u00f3 en 1572 la <em>Relaci\u00f3n de la guerra de Chipre y suceso de la batalla naval de Lepanto<\/em>. Su obra no se limitaba a ordenar los acontecimientos: interpretaba la victoria dentro de una historia providencial. D\u00e9cadas despu\u00e9s, Lope de Vega llev\u00f3 el episodio al teatro en <em>La Santa Liga<\/em>. La poes\u00eda, la pintura y la escena convirtieron una alianza fr\u00e1gil, formada por potencias con intereses diferentes, en una empresa colectiva de la cristiandad.<\/span><\/p>\n<p style=\"text-align: justify;\"><span style=\"font-family: georgia, palatino, serif; font-size: 20px;\">Tambi\u00e9n la corte de Felipe II se apropi\u00f3 de aquel lenguaje. En <em>Felipe II ofreciendo al cielo al infante don Fernando<\/em>, Tiziano relacion\u00f3 la victoria de Lepanto con el nacimiento del heredero, ambos ocurridos en 1571. La historia militar quedaba as\u00ed integrada en una representaci\u00f3n din\u00e1stica y religiosa del poder.<\/span><\/p>\n<p style=\"text-align: justify;\"><span style=\"font-family: georgia, palatino, serif; font-size: 20px;\">Entre los soldados embarcados en la galera <em>Marquesa<\/em> se encontraba Miguel de Cervantes. La documentaci\u00f3n posterior se\u00f1ala que combati\u00f3 en el lugar del esquife y recibi\u00f3 dos arcabuzazos en el pecho y otro en la mano izquierda. No perdi\u00f3 la mano, como puede sugerir el sobrenombre de \u00abmanco de Lepanto\u00bb, pero qued\u00f3 disminuida su movilidad.<\/span><\/p>\n<p style=\"text-align: justify;\"><span style=\"font-family: georgia, palatino, serif; font-size: 20px;\">La participaci\u00f3n est\u00e1 respaldada por testimonios recogidos en la <em>Informaci\u00f3n de Argel<\/em> de 1580. No pertenece, por tanto, a la leyenda. Distinta es la interpretaci\u00f3n heroica que el propio escritor construy\u00f3 sobre ella. En el pr\u00f3logo de las <em>Novelas ejemplares<\/em> afirm\u00f3 que ten\u00eda aquella herida \u00abpor hermosa\u00bb por haberla recibido en la ocasi\u00f3n m\u00e1s memorable de los siglos. En el pr\u00f3logo de la segunda parte del <em>Quijote<\/em> volvi\u00f3 a defender su manquedad como consecuencia de \u00abla m\u00e1s alta ocasi\u00f3n\u00bb conocida.<\/span><\/p>\n<p style=\"text-align: justify;\"><span style=\"font-family: georgia, palatino, serif; font-size: 20px;\">Cervantes transform\u00f3 as\u00ed una lesi\u00f3n en credencial moral y literaria. Resulta revelador que el escritor que desmont\u00f3 tantas fantas\u00edas caballerescas emplease un lenguaje casi \u00e9pico al recordar su experiencia militar. Lepanto fue para \u00e9l un hecho vivido, pero tambi\u00e9n una forma de presentarse ante sus lectores: soldado antes que autor, testigo antes que narrador.<\/span><\/p>\n<p style=\"text-align: justify;\"><span style=\"font-family: georgia, palatino, serif; font-size: 20px;\">La permanencia de la batalla no se explica \u00fanicamente por su resultado naval. Cr\u00f3nicas, im\u00e1genes y obras literarias seleccionaron sus significados y construyeron sus h\u00e9roes. Lepanto demuestra que una victoria puede terminar en unas horas, mientras su interpretaci\u00f3n contin\u00faa combati\u00e9ndose durante siglos.<\/span><\/p>\n<h3 class=\"western\" style=\"text-align: justify;\"><span style=\"font-family: georgia, palatino, serif;\">Fuentes y referencias<\/span><\/h3>\n<ul>\n<li style=\"text-align: justify;\"><span style=\"font-family: georgia, palatino, serif;\">Miguel de Cervantes, <a href=\"https:\/\/www.cervantesvirtual.com\/obra-visor\/informacion-general-de-miguel-de-cervantes-saavedra-y-representacion-de-sus-meritos-y-servicios-sobre-que-se-le-haga-merced-atento-a-las-causas-que-se-refieren-de-uno-de-los-oficios-que-pide-vacantes-en-indias--0\/html\/000d1e28-82b2-11df-acc7-002185ce6064_4.html\"><em>Informaci\u00f3n hecha en Argel<\/em>, 1580<\/a>.<\/span><\/li>\n<li style=\"text-align: justify;\"><span style=\"font-family: georgia, palatino, serif;\">Miguel de Cervantes, <a href=\"https:\/\/www.cervantesvirtual.com\/obra-visor\/novelas-ejemplares--0\/html\/ff32b242-82b1-11df-acc7-002185ce6064_5.html\">pr\u00f3logo de <em>Novelas ejemplares<\/em>, 1613<\/a>.<\/span><\/li>\n<li style=\"text-align: justify;\"><span style=\"font-family: georgia, palatino, serif;\">Miguel de Cervantes, <span style=\"color: #993300;\"><a style=\"color: #993300;\" href=\"https:\/\/cvc.cervantes.es\/literatura\/clasicos\/quijote\/edicion\/parte2\/prologo_al_lector\/default.htm\">pr\u00f3logo de la segunda parte del <em>Quijote<\/em>, 1615<\/a>.<\/span><\/span><\/li>\n<li style=\"text-align: justify;\"><span style=\"font-family: georgia, palatino, serif;\">Fernando de Herrera, <em><a href=\"https:\/\/www.cervantesvirtual.com\/obra\/relacion-de-la-guerra-de-cipre-y-suceso-de-la-batalla-naval-de-lepanto\/\"><span style=\"color: #993300;\">Relaci\u00f3n de la guerra de Chipre y suceso de la batalla naval de Lepanto<\/span><\/a><\/em><span style=\"color: #993300;\">.<\/span><\/span><\/li>\n<li style=\"text-align: justify;\"><span style=\"font-family: georgia, palatino, serif;\">Archivo Hist\u00f3rico de la Nobleza, <span style=\"color: #993300;\"><a style=\"color: #993300;\" href=\"https:\/\/www.cultura.gob.es\/cultura\/areas\/archivos\/mc\/archivos\/nhn\/destacados\/documentos-destacados\/lepanto.html\">\u00abLa batalla de Lepanto\u00bb<\/a>.<\/span><\/span><\/li>\n<li style=\"text-align: justify;\"><span style=\"font-family: georgia, palatino, serif;\">Olga Andreia Sambrian, <a href=\"https:\/\/publicaciones.unirioja.es\/ojs\/index.php\/cif\/article\/view\/5084\"><span style=\"color: #993300;\">\u00abLa batalla de Lepanto: una imagen cultural desde la historia hasta la literatura espa\u00f1ola\u00bb<\/span><\/a><span style=\"color: #993300;\">.<\/span><\/span><\/li>\n<li>\n<p style=\"text-align: justify;\"><span style=\"font-family: georgia, palatino, serif;\">Museo Nacional del Prado,<span style=\"color: #993300;\"> <em><a style=\"color: #993300;\" href=\"https:\/\/www.museodelprado.es\/coleccion\/obra-de-arte\/felipe-ii-ofreciendo-al-cielo-al-infante-don\/d1f2bea9-0d59-495e-9fb5-6efe7762798d\">Felipe II ofreciendo al cielo al infante don Fernando<\/a><\/em>.<\/span><\/span><\/p>\n<\/li>\n<\/ul>\n<p><strong>\u00a9 Valent\u00edn Castro<\/strong><\/p>\n","protected":false},"excerpt":{"rendered":"<p>La victoria de la Santa Liga trascendi\u00f3 el golfo de Patras gracias a cr\u00f3nicas, poemas, pinturas y relaciones impresas. Cervantes, herido durante el combate, convirti\u00f3 su participaci\u00f3n en una parte esencial de su identidad p\u00fablica. El 7 de octubre de 1571, una gran batalla naval enfrent\u00f3 a la armada otomana con la flota de la [&hellip;]<\/p>\n","protected":false},"author":62,"featured_media":30874,"comment_status":"closed","ping_status":"closed","sticky":false,"template":"","format":"standard","meta":{"footnotes":""},"categories":[3551],"tags":[3917,3919,2908,445,3920,3918],"class_list":["post-30871","post","type-post","status-publish","format-standard","has-post-thumbnail","category-secuencias-historicas","tag-batalla-de-lepanto","tag-literatura-espanola","tag-miguel-de-cervantes","tag-propaganda-europea","tag-santa-liga"],"yoast_head":"<!-- This site is optimized with the Yoast SEO plugin v28.4 - https:\/\/yoast.com\/product\/yoast-seo-wordpress\/ -->\n<title>Lepanto, 1571: la batalla convertida en literatura | HOJAS SUELTAS<\/title>\n<meta name=\"robots\" content=\"index, follow, max-snippet:-1, max-image-preview:large, max-video-preview:-1\" \/>\n<link rel=\"canonical\" href=\"https:\/\/hojassueltas.es\/?p=30871\" \/>\n<meta property=\"og:locale\" content=\"es_ES\" \/>\n<meta property=\"og:type\" content=\"article\" \/>\n<meta property=\"og:title\" content=\"Lepanto, 1571: la batalla convertida en literatura | HOJAS SUELTAS\" \/>\n<meta property=\"og:description\" content=\"La victoria de la Santa Liga trascendi\u00f3 el golfo de Patras gracias a cr\u00f3nicas, poemas, pinturas y relaciones impresas. Cervantes, herido durante el combate, convirti\u00f3 su participaci\u00f3n en una parte esencial de su identidad p\u00fablica. El 7 de octubre de 1571, una gran batalla naval enfrent\u00f3 a la armada otomana con la flota de la [&hellip;]\" \/>\n<meta property=\"og:url\" content=\"https:\/\/hojassueltas.es\/?p=30871\" \/>\n<meta property=\"og:site_name\" content=\"HOJAS SUELTAS\" \/>\n<meta property=\"article:published_time\" content=\"2026-08-12T22:00:46+00:00\" \/>\n<meta property=\"article:modified_time\" content=\"2026-08-17T14:43:57+00:00\" \/>\n<meta property=\"og:image\" content=\"https:\/\/hojassueltas.es\/wp-content\/uploads\/2026\/08\/304_10-Lepanto_H.S-915x610.png\" \/>\n\t<meta property=\"og:image:width\" content=\"915\" \/>\n\t<meta property=\"og:image:height\" content=\"610\" \/>\n\t<meta property=\"og:image:type\" content=\"image\/png\" \/>\n<meta name=\"author\" content=\"Valent\u00edn Castro\" \/>\n<meta name=\"twitter:card\" content=\"summary_large_image\" \/>\n<meta name=\"twitter:creator\" content=\"@HOJASSUELTAS22\" \/>\n<meta name=\"twitter:site\" content=\"@HOJASSUELTAS22\" \/>\n<meta name=\"twitter:label1\" content=\"Escrito por\" \/>\n\t<meta name=\"twitter:data1\" content=\"Valent\u00edn Castro\" \/>\n\t<meta name=\"twitter:label2\" content=\"Tiempo de lectura\" \/>\n\t<meta name=\"twitter:data2\" content=\"4 minutos\" \/>\n<script type=\"application\/ld+json\" class=\"yoast-schema-graph\">{\"@context\":\"https:\\\/\\\/schema.org\",\"@graph\":[{\"@type\":[\"Article\",\"BlogPosting\"],\"@id\":\"https:\\\/\\\/hojassueltas.es\\\/?p=30871#article\",\"isPartOf\":{\"@id\":\"https:\\\/\\\/hojassueltas.es\\\/?p=30871\"},\"author\":{\"name\":\"Valent\u00edn Castro\",\"@id\":\"https:\\\/\\\/hojassueltas.es\\\/#\\\/schema\\\/person\\\/69b100dc9b45a00e61d055b63d4278e9\"},\"headline\":\"Lepanto, 1571: la batalla convertida en literatura\",\"datePublished\":\"2026-08-12T22:00:46+00:00\",\"dateModified\":\"2026-08-17T14:43:57+00:00\",\"mainEntityOfPage\":{\"@id\":\"https:\\\/\\\/hojassueltas.es\\\/?p=30871\"},\"wordCount\":848,\"publisher\":{\"@id\":\"https:\\\/\\\/hojassueltas.es\\\/#organization\"},\"image\":{\"@id\":\"https:\\\/\\\/hojassueltas.es\\\/?p=30871#primaryimage\"},\"thumbnailUrl\":\"https:\\\/\\\/hojassueltas.es\\\/wp-content\\\/uploads\\\/2026\\\/08\\\/304_10-Lepanto_H.S.png\",\"keywords\":[\"Batalla de Lepanto\",\"Imperio otomano\",\"literatura espa\u00f1ola\",\"Miguel de Cervantes\",\"propaganda europea\",\"Santa Liga\"],\"articleSection\":[\"304-Secuencias hist\u00f3ricas\"],\"inLanguage\":\"es\"},{\"@type\":\"WebPage\",\"@id\":\"https:\\\/\\\/hojassueltas.es\\\/?p=30871\",\"url\":\"https:\\\/\\\/hojassueltas.es\\\/?p=30871\",\"name\":\"Lepanto, 1571: la batalla convertida en literatura | HOJAS SUELTAS\",\"isPartOf\":{\"@id\":\"https:\\\/\\\/hojassueltas.es\\\/#website\"},\"primaryImageOfPage\":{\"@id\":\"https:\\\/\\\/hojassueltas.es\\\/?p=30871#primaryimage\"},\"image\":{\"@id\":\"https:\\\/\\\/hojassueltas.es\\\/?p=30871#primaryimage\"},\"thumbnailUrl\":\"https:\\\/\\\/hojassueltas.es\\\/wp-content\\\/uploads\\\/2026\\\/08\\\/304_10-Lepanto_H.S.png\",\"datePublished\":\"2026-08-12T22:00:46+00:00\",\"dateModified\":\"2026-08-17T14:43:57+00:00\",\"breadcrumb\":{\"@id\":\"https:\\\/\\\/hojassueltas.es\\\/?p=30871#breadcrumb\"},\"inLanguage\":\"es\",\"potentialAction\":[{\"@type\":\"ReadAction\",\"target\":[\"https:\\\/\\\/hojassueltas.es\\\/?p=30871\"]}]},{\"@type\":\"ImageObject\",\"inLanguage\":\"es\",\"@id\":\"https:\\\/\\\/hojassueltas.es\\\/?p=30871#primaryimage\",\"url\":\"https:\\\/\\\/hojassueltas.es\\\/wp-content\\\/uploads\\\/2026\\\/08\\\/304_10-Lepanto_H.S.png\",\"contentUrl\":\"https:\\\/\\\/hojassueltas.es\\\/wp-content\\\/uploads\\\/2026\\\/08\\\/304_10-Lepanto_H.S.png\",\"width\":1920,\"height\":1280},{\"@type\":\"BreadcrumbList\",\"@id\":\"https:\\\/\\\/hojassueltas.es\\\/?p=30871#breadcrumb\",\"itemListElement\":[{\"@type\":\"ListItem\",\"position\":1,\"name\":\"Portada\",\"item\":\"https:\\\/\\\/hojassueltas.es\\\/\"},{\"@type\":\"ListItem\",\"position\":2,\"name\":\"Lepanto, 1571: la batalla convertida en literatura\"}]},{\"@type\":\"WebSite\",\"@id\":\"https:\\\/\\\/hojassueltas.es\\\/#website\",\"url\":\"https:\\\/\\\/hojassueltas.es\\\/\",\"name\":\"HojasSueltas.es\",\"description\":\"Peri\u00f3dico Cultural\",\"publisher\":{\"@id\":\"https:\\\/\\\/hojassueltas.es\\\/#organization\"},\"alternateName\":\"H.S. Periodico Cultural\",\"potentialAction\":[{\"@type\":\"SearchAction\",\"target\":{\"@type\":\"EntryPoint\",\"urlTemplate\":\"https:\\\/\\\/hojassueltas.es\\\/?s={search_term_string}\"},\"query-input\":{\"@type\":\"PropertyValueSpecification\",\"valueRequired\":true,\"valueName\":\"search_term_string\"}}],\"inLanguage\":\"es\"},{\"@type\":\"Organization\",\"@id\":\"https:\\\/\\\/hojassueltas.es\\\/#organization\",\"name\":\"HOJAS SUELTAS - Peri\u00f3dico Cultural\",\"alternateName\":\"HS - HOJAS SUELTAS Peri\u00f3dico Cultural\",\"url\":\"https:\\\/\\\/hojassueltas.es\\\/\",\"logo\":{\"@type\":\"ImageObject\",\"inLanguage\":\"es\",\"@id\":\"https:\\\/\\\/hojassueltas.es\\\/#\\\/schema\\\/logo\\\/image\\\/\",\"url\":\"https:\\\/\\\/hojassueltas.es\\\/wp-content\\\/uploads\\\/2025\\\/08\\\/Icono-HS_2.png\",\"contentUrl\":\"https:\\\/\\\/hojassueltas.es\\\/wp-content\\\/uploads\\\/2025\\\/08\\\/Icono-HS_2.png\",\"width\":500,\"height\":500,\"caption\":\"HOJAS SUELTAS - Peri\u00f3dico Cultural\"},\"image\":{\"@id\":\"https:\\\/\\\/hojassueltas.es\\\/#\\\/schema\\\/logo\\\/image\\\/\"},\"sameAs\":[\"https:\\\/\\\/x.com\\\/HOJASSUELTAS22\"]},{\"@type\":\"Person\",\"@id\":\"https:\\\/\\\/hojassueltas.es\\\/#\\\/schema\\\/person\\\/69b100dc9b45a00e61d055b63d4278e9\",\"name\":\"Valent\u00edn Castro\",\"image\":{\"@type\":\"ImageObject\",\"inLanguage\":\"es\",\"@id\":\"https:\\\/\\\/hojassueltas.es\\\/wp-content\\\/uploads\\\/2025\\\/11\\\/Valentin-Castro-2025-96x96.png\",\"url\":\"https:\\\/\\\/hojassueltas.es\\\/wp-content\\\/uploads\\\/2025\\\/11\\\/Valentin-Castro-2025-96x96.png\",\"contentUrl\":\"https:\\\/\\\/hojassueltas.es\\\/wp-content\\\/uploads\\\/2025\\\/11\\\/Valentin-Castro-2025-96x96.png\",\"caption\":\"Valent\u00edn Castro\"},\"description\":\"Naci\u00f3 en una aldea de A Coru\u00f1a. Emigra con sus padres a M\u00e9jico. Licenciado en Comunicaci\u00f3n y Periodismo por la Universidad Nacional Aut\u00f3noma de M\u00e9xico. Licenciado en Geograf\u00eda e Historia por la Universidad Complutense de Madrid. Vive en Madrid, publica art\u00edculos y ensayos en diversos medios de comunicaci\u00f3n mejicanos y espa\u00f1oles bajo varios seud\u00f3nimos. Actualmente prepara una saga con personajes nacidos durante la ocupaci\u00f3n de M\u00e9xico por Hern\u00e1n Cort\u00e9s. Sus art\u00edculos y ensayos son efectistas, en ocasiones c\u00e1ustico, y muy cr\u00edtico. ES Redactor Jefe de Hojas Sueltas, dedicando su tiempo libre a escribir art\u00edculos con especial dedicaci\u00f3n a la literatura y la historia.\",\"url\":\"https:\\\/\\\/hojassueltas.es\\\/?author=62\"}]}<\/script>\n<!-- \/ Yoast SEO plugin. -->","yoast_head_json":{"title":"Lepanto, 1571: la batalla convertida en literatura | HOJAS SUELTAS","robots":{"index":"index","follow":"follow","max-snippet":"max-snippet:-1","max-image-preview":"max-image-preview:large","max-video-preview":"max-video-preview:-1"},"canonical":"https:\/\/hojassueltas.es\/?p=30871","og_locale":"es_ES","og_type":"article","og_title":"Lepanto, 1571: la batalla convertida en literatura | HOJAS SUELTAS","og_description":"La victoria de la Santa Liga trascendi\u00f3 el golfo de Patras gracias a cr\u00f3nicas, poemas, pinturas y relaciones impresas. Cervantes, herido durante el combate, convirti\u00f3 su participaci\u00f3n en una parte esencial de su identidad p\u00fablica. El 7 de octubre de 1571, una gran batalla naval enfrent\u00f3 a la armada otomana con la flota de la [&hellip;]","og_url":"https:\/\/hojassueltas.es\/?p=30871","og_site_name":"HOJAS SUELTAS","article_published_time":"2026-08-12T22:00:46+00:00","article_modified_time":"2026-08-17T14:43:57+00:00","og_image":[{"width":915,"height":610,"url":"https:\/\/hojassueltas.es\/wp-content\/uploads\/2026\/08\/304_10-Lepanto_H.S-915x610.png","type":"image\/png"}],"author":"Valent\u00edn Castro","twitter_card":"summary_large_image","twitter_creator":"@HOJASSUELTAS22","twitter_site":"@HOJASSUELTAS22","twitter_misc":{"Escrito por":"Valent\u00edn Castro","Tiempo de lectura":"4 minutos"},"schema":{"@context":"https:\/\/schema.org","@graph":[{"@type":["Article","BlogPosting"],"@id":"https:\/\/hojassueltas.es\/?p=30871#article","isPartOf":{"@id":"https:\/\/hojassueltas.es\/?p=30871"},"author":{"name":"Valent\u00edn Castro","@id":"https:\/\/hojassueltas.es\/#\/schema\/person\/69b100dc9b45a00e61d055b63d4278e9"},"headline":"Lepanto, 1571: la batalla convertida en literatura","datePublished":"2026-08-12T22:00:46+00:00","dateModified":"2026-08-17T14:43:57+00:00","mainEntityOfPage":{"@id":"https:\/\/hojassueltas.es\/?p=30871"},"wordCount":848,"publisher":{"@id":"https:\/\/hojassueltas.es\/#organization"},"image":{"@id":"https:\/\/hojassueltas.es\/?p=30871#primaryimage"},"thumbnailUrl":"https:\/\/hojassueltas.es\/wp-content\/uploads\/2026\/08\/304_10-Lepanto_H.S.png","keywords":["Batalla de Lepanto","Imperio otomano","literatura espa\u00f1ola","Miguel de Cervantes","propaganda europea","Santa Liga"],"articleSection":["304-Secuencias hist\u00f3ricas"],"inLanguage":"es"},{"@type":"WebPage","@id":"https:\/\/hojassueltas.es\/?p=30871","url":"https:\/\/hojassueltas.es\/?p=30871","name":"Lepanto, 1571: la batalla convertida en literatura | HOJAS SUELTAS","isPartOf":{"@id":"https:\/\/hojassueltas.es\/#website"},"primaryImageOfPage":{"@id":"https:\/\/hojassueltas.es\/?p=30871#primaryimage"},"image":{"@id":"https:\/\/hojassueltas.es\/?p=30871#primaryimage"},"thumbnailUrl":"https:\/\/hojassueltas.es\/wp-content\/uploads\/2026\/08\/304_10-Lepanto_H.S.png","datePublished":"2026-08-12T22:00:46+00:00","dateModified":"2026-08-17T14:43:57+00:00","breadcrumb":{"@id":"https:\/\/hojassueltas.es\/?p=30871#breadcrumb"},"inLanguage":"es","potentialAction":[{"@type":"ReadAction","target":["https:\/\/hojassueltas.es\/?p=30871"]}]},{"@type":"ImageObject","inLanguage":"es","@id":"https:\/\/hojassueltas.es\/?p=30871#primaryimage","url":"https:\/\/hojassueltas.es\/wp-content\/uploads\/2026\/08\/304_10-Lepanto_H.S.png","contentUrl":"https:\/\/hojassueltas.es\/wp-content\/uploads\/2026\/08\/304_10-Lepanto_H.S.png","width":1920,"height":1280},{"@type":"BreadcrumbList","@id":"https:\/\/hojassueltas.es\/?p=30871#breadcrumb","itemListElement":[{"@type":"ListItem","position":1,"name":"Portada","item":"https:\/\/hojassueltas.es\/"},{"@type":"ListItem","position":2,"name":"Lepanto, 1571: la batalla convertida en literatura"}]},{"@type":"WebSite","@id":"https:\/\/hojassueltas.es\/#website","url":"https:\/\/hojassueltas.es\/","name":"HojasSueltas.es","description":"Peri\u00f3dico Cultural","publisher":{"@id":"https:\/\/hojassueltas.es\/#organization"},"alternateName":"H.S. Periodico Cultural","potentialAction":[{"@type":"SearchAction","target":{"@type":"EntryPoint","urlTemplate":"https:\/\/hojassueltas.es\/?s={search_term_string}"},"query-input":{"@type":"PropertyValueSpecification","valueRequired":true,"valueName":"search_term_string"}}],"inLanguage":"es"},{"@type":"Organization","@id":"https:\/\/hojassueltas.es\/#organization","name":"HOJAS SUELTAS - Peri\u00f3dico Cultural","alternateName":"HS - HOJAS SUELTAS Peri\u00f3dico Cultural","url":"https:\/\/hojassueltas.es\/","logo":{"@type":"ImageObject","inLanguage":"es","@id":"https:\/\/hojassueltas.es\/#\/schema\/logo\/image\/","url":"https:\/\/hojassueltas.es\/wp-content\/uploads\/2025\/08\/Icono-HS_2.png","contentUrl":"https:\/\/hojassueltas.es\/wp-content\/uploads\/2025\/08\/Icono-HS_2.png","width":500,"height":500,"caption":"HOJAS SUELTAS - Peri\u00f3dico Cultural"},"image":{"@id":"https:\/\/hojassueltas.es\/#\/schema\/logo\/image\/"},"sameAs":["https:\/\/x.com\/HOJASSUELTAS22"]},{"@type":"Person","@id":"https:\/\/hojassueltas.es\/#\/schema\/person\/69b100dc9b45a00e61d055b63d4278e9","name":"Valent\u00edn Castro","image":{"@type":"ImageObject","inLanguage":"es","@id":"https:\/\/hojassueltas.es\/wp-content\/uploads\/2025\/11\/Valentin-Castro-2025-96x96.png","url":"https:\/\/hojassueltas.es\/wp-content\/uploads\/2025\/11\/Valentin-Castro-2025-96x96.png","contentUrl":"https:\/\/hojassueltas.es\/wp-content\/uploads\/2025\/11\/Valentin-Castro-2025-96x96.png","caption":"Valent\u00edn Castro"},"description":"Naci\u00f3 en una aldea de A Coru\u00f1a. Emigra con sus padres a M\u00e9jico. Licenciado en Comunicaci\u00f3n y Periodismo por la Universidad Nacional Aut\u00f3noma de M\u00e9xico. Licenciado en Geograf\u00eda e Historia por la Universidad Complutense de Madrid. Vive en Madrid, publica art\u00edculos y ensayos en diversos medios de comunicaci\u00f3n mejicanos y espa\u00f1oles bajo varios seud\u00f3nimos. Actualmente prepara una saga con personajes nacidos durante la ocupaci\u00f3n de M\u00e9xico por Hern\u00e1n Cort\u00e9s. Sus art\u00edculos y ensayos son efectistas, en ocasiones c\u00e1ustico, y muy cr\u00edtico. ES Redactor Jefe de Hojas Sueltas, dedicando su tiempo libre a escribir art\u00edculos con especial dedicaci\u00f3n a la literatura y la historia.","url":"https:\/\/hojassueltas.es\/?author=62"}]}},"_links":{"self":[{"href":"https:\/\/hojassueltas.es\/index.php?rest_route=\/wp\/v2\/posts\/30871","targetHints":{"allow":["GET"]}}],"collection":[{"href":"https:\/\/hojassueltas.es\/index.php?rest_route=\/wp\/v2\/posts"}],"about":[{"href":"https:\/\/hojassueltas.es\/index.php?rest_route=\/wp\/v2\/types\/post"}],"author":[{"embeddable":true,"href":"https:\/\/hojassueltas.es\/index.php?rest_route=\/wp\/v2\/users\/62"}],"replies":[{"embeddable":true,"href":"https:\/\/hojassueltas.es\/index.php?rest_route=%2Fwp%2Fv2%2Fcomments&post=30871"}],"version-history":[{"count":1,"href":"https:\/\/hojassueltas.es\/index.php?rest_route=\/wp\/v2\/posts\/30871\/revisions"}],"predecessor-version":[{"id":30875,"href":"https:\/\/hojassueltas.es\/index.php?rest_route=\/wp\/v2\/posts\/30871\/revisions\/30875"}],"wp:featuredmedia":[{"embeddable":true,"href":"https:\/\/hojassueltas.es\/index.php?rest_route=\/wp\/v2\/media\/30874"}],"wp:attachment":[{"href":"https:\/\/hojassueltas.es\/index.php?rest_route=%2Fwp%2Fv2%2Fmedia&parent=30871"}],"wp:term":[{"taxonomy":"category","embeddable":true,"href":"https:\/\/hojassueltas.es\/index.php?rest_route=%2Fwp%2Fv2%2Fcategories&post=30871"},{"taxonomy":"post_tag","embeddable":true,"href":"https:\/\/hojassueltas.es\/index.php?rest_route=%2Fwp%2Fv2%2Ftags&post=30871"}],"curies":[{"name":"wp","href":"https:\/\/api.w.org\/{rel}","templated":true}]}}