{"id":30859,"date":"2026-08-12T00:00:15","date_gmt":"2026-08-11T22:00:15","guid":{"rendered":"https:\/\/hojassueltas.es\/?p=30859"},"modified":"2026-08-11T12:19:04","modified_gmt":"2026-08-11T10:19:04","slug":"el-corazon-helado-de-almudena-grandes","status":"publish","type":"post","link":"https:\/\/hojassueltas.es\/?p=30859","title":{"rendered":"El coraz\u00f3n helado, de Almudena Grandes"},"content":{"rendered":"<h1><span style=\"font-family: georgia, palatino, serif; font-size: 20px;\">ARCHIVOS Y ESPECTROS &#8211; Espa\u00f1a contempor\u00e1nea<\/span><\/h1>\n<h1 class=\"western\">La herencia bajo el hielo<\/h1>\n<h2 class=\"western\">La memoria familiar como genealog\u00eda pol\u00edtica de la Espa\u00f1a contempor\u00e1nea<\/h2>\n<p align=\"justify\"><span style=\"font-family: Georgia Pro, serif;\"><span style=\"font-size: large;\">\u00bfQu\u00e9 reciben los hijos cuando heredan un apellido, una fortuna y una versi\u00f3n cuidadosamente abreviada de sus or\u00edgenes? <\/span><\/span><em><span style=\"font-family: Georgia Pro, serif;\"><span style=\"font-size: large;\">El coraz\u00f3n helado<\/span><\/span><\/em><span style=\"font-family: Georgia Pro, serif;\"><span style=\"font-size: large;\"> convierte esa pregunta en el centro de una vasta indagaci\u00f3n narrativa. Almudena Grandes no presenta el pasado como un dep\u00f3sito clausurado, sino como una fuerza que contin\u00faa repartiendo bienestar, culpa, ignorancia y desposesi\u00f3n. En esta novela, la familia es el primer archivo pol\u00edtico y tambi\u00e9n el lugar donde mejor se advierten sus tachaduras.<\/span><\/span><\/p>\n<p align=\"justify\"><span style=\"font-family: Georgia Pro, serif;\"><span style=\"font-size: large;\">La muerte de Julio Carri\u00f3n abre la novela y, con ella, un archivo que nadie hab\u00eda declarado como tal. El entierro de febrero de 2005, la aparici\u00f3n de una desconocida y las vacilaciones de \u00c1lvaro convierten el duelo en una escena de lectura. El cad\u00e1ver no cierra una vida: obliga a interpretar sus restos. La herencia, las fotograf\u00edas, los relatos incompletos y el origen impreciso del patrimonio familiar adquieren la condici\u00f3n de indicios.<\/span><\/span><\/p>\n<p align=\"justify\"><span style=\"font-family: Georgia Pro, serif;\"><span style=\"font-size: large;\">Frente a \u00c1lvaro se sit\u00faa Raquel Fern\u00e1ndez Perea, descendiente de republicanos exiliados en Francia. Ha preguntado y conoce las experiencias de sus mayores. Sin embargo, tambi\u00e9n en su memoria existe una zona opaca, asociada a una visita que hizo de ni\u00f1a con su abuelo. Grandes evita as\u00ed una oposici\u00f3n c\u00f3moda entre quienes ignoran y quienes recuerdan. Ninguna genealog\u00eda est\u00e1 completa: unas lagunas proceden del dolor y el desarraigo; otras protegen el prestigio y la continuidad de los vencedores.<\/span><\/span><\/p>\n<p align=\"justify\"><span style=\"font-family: Georgia Pro, serif;\"><span style=\"font-size: large;\">El archivo no est\u00e1 formado principalmente por documentos reproducidos, sino por voces, recuerdos, fotograf\u00edas, casas, objetos y desplazamientos entre Madrid y Francia. A ellos se a\u00f1aden materiales hist\u00f3ricos transformados por la ficci\u00f3n: la Guerra Civil, el exilio republicano, la Divisi\u00f3n Azul, la posguerra y la Transici\u00f3n. Grandes se nutri\u00f3 de memorias an\u00f3nimas, testimonios orales, estudios y episodios reales adaptados libremente. La obra no es un testimonio directo, sino una construcci\u00f3n novelesca con voluntad testimonial: los personajes son ficticios; las condiciones que determinan sus vidas pertenecen a la experiencia hist\u00f3rica espa\u00f1ola.<\/span><\/span><\/p>\n<p align=\"justify\"><span style=\"font-family: Georgia Pro, serif;\"><span style=\"font-size: large;\">La amplitud de <\/span><\/span><em><span style=\"font-family: Georgia Pro, serif;\"><span style=\"font-size: large;\">El coraz\u00f3n helado<\/span><\/span><\/em><span style=\"font-family: Georgia Pro, serif;\"><span style=\"font-size: large;\"> responde a una elecci\u00f3n est\u00e9tica y pol\u00edtica. Sus tres partes \u2014\u00abEl coraz\u00f3n\u00bb, \u00abEl hielo\u00bb y \u00abEl coraz\u00f3n helado\u00bb\u2014 alternan dos procedimientos. En los cap\u00edtulos impares, \u00c1lvaro habla en primera persona desde la incertidumbre del presente. En los pares, una narraci\u00f3n omnisciente reconstruye las trayectorias de Raquel y sus antepasados.<\/span><\/span><\/p>\n<p align=\"justify\"><span style=\"font-family: Georgia Pro, serif;\"><span style=\"font-size: large;\">La alternancia expresa dos formas desiguales de acceso al pasado. \u00c1lvaro avanza mediante sospechas y contradicciones; el lector recibe fragmentos de una historia que corrige lo que \u00e9l cree saber. Se produce as\u00ed una iron\u00eda dolorosa: el personaje habita las consecuencias de unos hechos cuya explicaci\u00f3n desconoce. Su presente est\u00e1 construido por el pasado antes de que su conciencia pueda alcanzarlo.<\/span><\/span><\/p>\n<p align=\"justify\"><span style=\"font-family: Georgia Pro, serif;\"><span style=\"font-size: large;\">Grandes adopta una arquitectura heredera de la novela realista y de la tradici\u00f3n galdosiana: sagas familiares, numerosos personajes y conexiones entre vida privada e historia colectiva. El montaje temporal aplaza datos, repite escenas desde otros \u00e1ngulos y permite que un detalle dom\u00e9stico adquiera significado pol\u00edtico. El archivo se organiza ante el lector a medida que el relato establece correspondencias.<\/span><\/span><\/p>\n<p align=\"justify\"><span style=\"font-family: Georgia Pro, serif;\"><span style=\"font-size: large;\">Esta ambici\u00f3n tiene un coste. La voluntad explicativa reduce a veces la incertidumbre y acerca la novela al alegato. Ciertos personajes parecen representar actitudes sociales ante la memoria. Incluso esa tendencia forma parte del proyecto: Grandes construye un mapa moral de la Espa\u00f1a que lleg\u00f3 al siglo XXI sin esclarecer la procedencia de sus silencios ni de algunas fortunas.<\/span><\/span><\/p>\n<p align=\"justify\"><span style=\"font-family: Georgia Pro, serif;\"><span style=\"font-size: large;\">\u00c1lvaro no investiga por curiosidad erudita. Busca saber qu\u00e9 parte de la vida de su padre contin\u00faa dentro de la suya. Su conflicto nace cuando comprende que la identidad moral no queda aislada de las condiciones materiales heredadas. Puede no ser responsable de los actos anteriores a su nacimiento, pero s\u00ed debe decidir qu\u00e9 hace con sus consecuencias. La genealog\u00eda se vuelve pol\u00edtica precisamente ah\u00ed: cuando el apellido, la casa y el patrimonio dejan de ser datos privados y revelan su relaci\u00f3n con un determinado reparto hist\u00f3rico del poder.<\/span><\/span><\/p>\n<p align=\"justify\"><span style=\"font-family: Georgia Pro, serif;\"><span style=\"font-size: large;\">Raquel ocupa una posici\u00f3n distinta. Su familia ha conservado una memoria m\u00e1s expl\u00edcita porque el exilio convirti\u00f3 la narraci\u00f3n en forma de pertenencia. Contar permiti\u00f3 mantener una patria perdida y dar continuidad a quienes hab\u00edan sido expulsados de la historia oficial. Pero esa memoria tambi\u00e9n asigna tareas: Raquel recibe conocimiento, una deuda y una manera de interpretar a la otra familia. Recordar puede liberar, pero tambi\u00e9n fijar un mandato.<\/span><\/span><\/p>\n<p align=\"justify\"><span style=\"font-family: Georgia Pro, serif;\"><span style=\"font-size: large;\">La atracci\u00f3n entre \u00c1lvaro y Raquel introduce el deseo en el interior del archivo. No conviene leer su relaci\u00f3n como una reconciliaci\u00f3n sentimental de \u00ablas dos Espa\u00f1as\u00bb, f\u00f3rmula que simplificar\u00eda el conflicto y equiparar\u00eda experiencias hist\u00f3ricas muy diferentes. El amor no borra el expolio, el exilio ni la mentira. Funciona, m\u00e1s bien, como una fuerza que impide mantener las genealog\u00edas separadas. Cada uno se convierte para el otro en una presencia intolerable y necesaria: el rostro contempor\u00e1neo de una historia que la familia hab\u00eda aprendido a contar sin interlocutores.<\/span><\/span><\/p>\n<p align=\"justify\"><span style=\"font-family: Georgia Pro, serif;\"><span style=\"font-size: large;\">Los hermanos de \u00c1lvaro ampl\u00edan la cartograf\u00eda. La adhesi\u00f3n, la indiferencia, el temor a saber o la disposici\u00f3n a asumir el coste del conocimiento representan respuestas reconocibles en la sociedad espa\u00f1ola. El recurso aporta claridad, aunque subordine a veces la complejidad individual a la funci\u00f3n simb\u00f3lica. \u00c1lvaro conserva mayor espesor: conocer la verdad no le permite dejar de ser hijo de su padre.<\/span><\/span><\/p>\n<h3 class=\"western\" align=\"justify\"><span style=\"font-family: Georgia Pro, serif;\"><span style=\"font-size: large;\">Lenguaje y atm\u00f3sfera.-\u00a0<\/span><\/span><span style=\"font-family: Georgia Pro, serif;\"><span style=\"font-size: large;\">La prosa combina impulso narrativo, minuciosidad realista e intensidad emocional. Los di\u00e1logos sostienen la intimidad, mientras las repeticiones y asociaciones sensoriales enlazan \u00e9pocas. El fr\u00edo domina: fr\u00edo f\u00edsico del exilio y la intemperie; fr\u00edo moral del miedo, la conveniencia y el silencio; hielo que conserva aquello que parec\u00eda muerto, pero impide tocarlo sin dolor.<\/span><\/span><\/h3>\n<p align=\"justify\"><span style=\"font-family: Georgia Pro, serif;\"><span style=\"font-size: large;\">Frente a \u00e9l aparecen el cuerpo, el deseo, las casas y el calor de los v\u00ednculos. La historia se incorpora mediante sensaciones que permanecen en la memoria familiar. Madrid tampoco es mero escenario: sus barrios, viviendas y transformaciones muestran capas hist\u00f3ricas que el presente pretende separar. En los espacios del exilio, Espa\u00f1a contin\u00faa como conversaci\u00f3n, nostalgia y promesa de regreso.<\/span><\/span><\/p>\n<p align=\"justify\"><span style=\"font-family: Georgia Pro, serif;\"><span style=\"font-size: large;\">La abundancia verbal, que constituye una de las fuerzas del libro, puede resultar tambi\u00e9n excesiva. Grandes insiste, explica y conduce la emoci\u00f3n con una firmeza que deja menos espacio a la ambig\u00fcedad que otras novelas de la memoria. Sin embargo, esa acumulaci\u00f3n produce un efecto coherente: la verdad familiar no surge de una revelaci\u00f3n aislada, sino de la sedimentaci\u00f3n de vidas, decisiones y relatos parciales.<\/span><\/span><\/p>\n<p align=\"justify\"><span style=\"font-family: Georgia Pro, serif;\"><span style=\"font-size: large;\">Publicada en 2007, cuando la memoria hist\u00f3rica hab\u00eda adquirido nueva visibilidad p\u00fablica, la novela intervino abiertamente en el debate. No adopta una neutralidad equidistante: distingue entre la legalidad republicana y el golpe militar, entre quienes padecieron el exilio y quienes prosperaron bajo la dictadura. No convierte en impecables a todos los vencidos, pero rechaza que la complejidad humana borre la desigualdad hist\u00f3rica.<\/span><\/span><\/p>\n<p align=\"justify\"><span style=\"font-family: Georgia Pro, serif;\"><span style=\"font-size: large;\">Su pregunta \u00e9tica m\u00e1s inc\u00f3moda afecta a los descendientes. \u00bfPuede heredarse una culpa? La novela sugiere que no, si por culpa entendemos responsabilidad penal o participaci\u00f3n directa. Lo que s\u00ed se hereda es una posici\u00f3n: bienes, oportunidades, silencios \u00fatiles, relatos familiares y desconocimientos que rara vez son inocentes. \u00c1lvaro no est\u00e1 obligado a responder por la conducta de Julio Carri\u00f3n, pero la verdad le exige revisar la normalidad de la que se ha beneficiado.<\/span><\/span><\/p>\n<p align=\"justify\"><span style=\"font-family: Georgia Pro, serif;\"><span style=\"font-size: large;\">Tambi\u00e9n debe preguntarse qui\u00e9n posee el sufrimiento narrado. Al transformar testimonios y episodios hist\u00f3ricos en una saga sentimental, Grandes vuelve legible una experiencia colectiva. El riesgo consiste en ordenar demasiado el da\u00f1o o hacer que la pasi\u00f3n privada prometa una reparaci\u00f3n que la historia no ofrece. El conocimiento modifica a los vivos, pero no devuelve a los muertos ni deshace el despojo.<\/span><\/span><\/p>\n<p align=\"justify\"><span style=\"font-family: Georgia Pro, serif;\"><span style=\"font-size: large;\">En el mapa de \u00abArchivos y espectros\u00bb, <\/span><\/span><em><span style=\"font-family: Georgia Pro, serif;\"><span style=\"font-size: large;\">El coraz\u00f3n helado<\/span><\/span><\/em><span style=\"font-family: Georgia Pro, serif;\"><span style=\"font-size: large;\"> ocupa el lugar de una obra que convierte la genealog\u00eda en prueba material. Dialoga con las narraciones del exilio y con las novelas sobre la transmisi\u00f3n intergeneracional del trauma, pero a\u00f1ade una cuesti\u00f3n especialmente incisiva: la memoria no solo pervive en heridas y ausencias; tambi\u00e9n puede quedar incorporada a una empresa, una vivienda, un apellido respetable y una prosperidad considerada natural.<\/span><\/span><\/p>\n<p align=\"justify\"><span style=\"font-family: Georgia Pro, serif;\"><span style=\"font-size: large;\">La gran aportaci\u00f3n de <\/span><\/span><em><span style=\"font-family: Georgia Pro, serif;\"><span style=\"font-size: large;\">El coraz\u00f3n helado<\/span><\/span><\/em><span style=\"font-family: Georgia Pro, serif;\"><span style=\"font-size: large;\"> consiste en mostrar que el pasado familiar no se limita a explicar qui\u00e9nes somos: tambi\u00e9n revela desde qu\u00e9 lugar hemos podido llegar a serlo. Almudena Grandes conserva las voces del exilio, altera la aparente inocencia de la herencia y devuelve al presente aquello que la intimidad hab\u00eda protegido de la discusi\u00f3n p\u00fablica. Bajo el hielo no espera una verdad capaz de reconciliarlo todo, sino una obligaci\u00f3n m\u00e1s modesta y m\u00e1s dif\u00edcil: mirar de frente la procedencia de lo recibido y decidir qu\u00e9 hacer con ello.<\/span><\/span><\/p>\n<p align=\"justify\">PUNTO Y SEGUIDO. Pilar Santisteban<\/p>\n","protected":false},"excerpt":{"rendered":"<p>ARCHIVOS Y ESPECTROS &#8211; Espa\u00f1a contempor\u00e1nea La herencia bajo el hielo La memoria familiar como genealog\u00eda pol\u00edtica de la Espa\u00f1a contempor\u00e1nea \u00bfQu\u00e9 reciben los hijos cuando heredan un apellido, una fortuna y una versi\u00f3n cuidadosamente abreviada de sus or\u00edgenes? El coraz\u00f3n helado convierte esa pregunta en el centro de una vasta indagaci\u00f3n narrativa. Almudena Grandes [&hellip;]<\/p>\n","protected":false},"author":95,"featured_media":30861,"comment_status":"closed","ping_status":"closed","sticky":false,"template":"","format":"standard","meta":{"footnotes":""},"categories":[2568],"tags":[1204,3912,3913,2922,3280,3288,99],"class_list":["post-30859","post","type-post","status-publish","format-standard","has-post-thumbnail","category-atlas-literario","tag-almudena-grandes","tag-el-corazon-helado","tag-guerra-civil-espanola","tag-narrativa-espanola-contemporanea","tag-tusquets-editores"],"yoast_head":"<!-- This site is optimized with the Yoast SEO plugin v28.4 - https:\/\/yoast.com\/product\/yoast-seo-wordpress\/ -->\n<title>El coraz\u00f3n helado, de Almudena Grandes | 504-ATLAS LITERARIO | HOJAS SUELTAS<\/title>\n<meta name=\"description\" content=\"An\u00e1lisis de El coraz\u00f3n helado, de Almudena Grandes: memoria familiar, herencia pol\u00edtica y silencios de la Guerra Civil en la Espa\u00f1a contempor\u00e1nea\" \/>\n<meta name=\"robots\" content=\"index, follow, max-snippet:-1, max-image-preview:large, max-video-preview:-1\" \/>\n<link rel=\"canonical\" href=\"https:\/\/hojassueltas.es\/?p=30859\" \/>\n<meta property=\"og:locale\" content=\"es_ES\" \/>\n<meta property=\"og:type\" content=\"article\" \/>\n<meta property=\"og:title\" content=\"El coraz\u00f3n helado, de Almudena Grandes | 504-ATLAS LITERARIO | HOJAS SUELTAS\" \/>\n<meta property=\"og:description\" content=\"An\u00e1lisis de El coraz\u00f3n helado, de Almudena Grandes: memoria familiar, herencia pol\u00edtica y silencios de la Guerra Civil en la Espa\u00f1a contempor\u00e1nea\" \/>\n<meta property=\"og:url\" content=\"https:\/\/hojassueltas.es\/?p=30859\" \/>\n<meta property=\"og:site_name\" content=\"HOJAS SUELTAS\" \/>\n<meta property=\"article:published_time\" content=\"2026-08-11T22:00:15+00:00\" \/>\n<meta property=\"og:image\" content=\"https:\/\/hojassueltas.es\/wp-content\/uploads\/2026\/08\/504-el-corazon-helado_sH.S-916x610.png\" \/>\n\t<meta property=\"og:image:width\" content=\"916\" \/>\n\t<meta property=\"og:image:height\" content=\"610\" \/>\n\t<meta property=\"og:image:type\" content=\"image\/png\" \/>\n<meta name=\"author\" content=\"Punto y Seguido - Pilar Santisteban\" \/>\n<meta name=\"twitter:card\" content=\"summary_large_image\" \/>\n<meta name=\"twitter:creator\" content=\"@HOJASSUELTAS22\" \/>\n<meta name=\"twitter:site\" content=\"@HOJASSUELTAS22\" \/>\n<meta name=\"twitter:label1\" content=\"Escrito por\" \/>\n\t<meta name=\"twitter:data1\" content=\"Punto y Seguido - Pilar Santisteban\" \/>\n\t<meta name=\"twitter:label2\" content=\"Tiempo de lectura\" \/>\n\t<meta name=\"twitter:data2\" content=\"7 minutos\" \/>\n<script type=\"application\/ld+json\" class=\"yoast-schema-graph\">{\"@context\":\"https:\\\/\\\/schema.org\",\"@graph\":[{\"@type\":[\"Article\",\"BlogPosting\"],\"@id\":\"https:\\\/\\\/hojassueltas.es\\\/?p=30859#article\",\"isPartOf\":{\"@id\":\"https:\\\/\\\/hojassueltas.es\\\/?p=30859\"},\"author\":{\"name\":\"Punto y Seguido - Pilar Santisteban\",\"@id\":\"https:\\\/\\\/hojassueltas.es\\\/#\\\/schema\\\/person\\\/9e73b75874998dd9b093c599d194f858\"},\"headline\":\"El coraz\u00f3n helado, de Almudena Grandes\",\"datePublished\":\"2026-08-11T22:00:15+00:00\",\"mainEntityOfPage\":{\"@id\":\"https:\\\/\\\/hojassueltas.es\\\/?p=30859\"},\"wordCount\":1568,\"publisher\":{\"@id\":\"https:\\\/\\\/hojassueltas.es\\\/#organization\"},\"image\":{\"@id\":\"https:\\\/\\\/hojassueltas.es\\\/?p=30859#primaryimage\"},\"thumbnailUrl\":\"https:\\\/\\\/hojassueltas.es\\\/wp-content\\\/uploads\\\/2026\\\/08\\\/504-el-corazon-helado_sH.S.png\",\"keywords\":[\"Almudena Grandes\",\"El coraz\u00f3n helado\",\"exilio republicano\",\"Guerra Civil Espa\u00f1ola\",\"memoria hist\u00f3rica\",\"narrativa espa\u00f1ola contempor\u00e1nea\",\"Tusquets Editores\"],\"articleSection\":[\"504-ATLAS LITERARIO\"],\"inLanguage\":\"es\"},{\"@type\":\"WebPage\",\"@id\":\"https:\\\/\\\/hojassueltas.es\\\/?p=30859\",\"url\":\"https:\\\/\\\/hojassueltas.es\\\/?p=30859\",\"name\":\"El coraz\u00f3n helado, de Almudena Grandes | 504-ATLAS LITERARIO | HOJAS SUELTAS\",\"isPartOf\":{\"@id\":\"https:\\\/\\\/hojassueltas.es\\\/#website\"},\"primaryImageOfPage\":{\"@id\":\"https:\\\/\\\/hojassueltas.es\\\/?p=30859#primaryimage\"},\"image\":{\"@id\":\"https:\\\/\\\/hojassueltas.es\\\/?p=30859#primaryimage\"},\"thumbnailUrl\":\"https:\\\/\\\/hojassueltas.es\\\/wp-content\\\/uploads\\\/2026\\\/08\\\/504-el-corazon-helado_sH.S.png\",\"datePublished\":\"2026-08-11T22:00:15+00:00\",\"description\":\"An\u00e1lisis de El coraz\u00f3n helado, de Almudena Grandes: memoria familiar, herencia pol\u00edtica y silencios de la Guerra Civil en la Espa\u00f1a contempor\u00e1nea\",\"breadcrumb\":{\"@id\":\"https:\\\/\\\/hojassueltas.es\\\/?p=30859#breadcrumb\"},\"inLanguage\":\"es\",\"potentialAction\":[{\"@type\":\"ReadAction\",\"target\":[\"https:\\\/\\\/hojassueltas.es\\\/?p=30859\"]}]},{\"@type\":\"ImageObject\",\"inLanguage\":\"es\",\"@id\":\"https:\\\/\\\/hojassueltas.es\\\/?p=30859#primaryimage\",\"url\":\"https:\\\/\\\/hojassueltas.es\\\/wp-content\\\/uploads\\\/2026\\\/08\\\/504-el-corazon-helado_sH.S.png\",\"contentUrl\":\"https:\\\/\\\/hojassueltas.es\\\/wp-content\\\/uploads\\\/2026\\\/08\\\/504-el-corazon-helado_sH.S.png\",\"width\":1920,\"height\":1278},{\"@type\":\"BreadcrumbList\",\"@id\":\"https:\\\/\\\/hojassueltas.es\\\/?p=30859#breadcrumb\",\"itemListElement\":[{\"@type\":\"ListItem\",\"position\":1,\"name\":\"Portada\",\"item\":\"https:\\\/\\\/hojassueltas.es\\\/\"},{\"@type\":\"ListItem\",\"position\":2,\"name\":\"El coraz\u00f3n helado, de Almudena Grandes\"}]},{\"@type\":\"WebSite\",\"@id\":\"https:\\\/\\\/hojassueltas.es\\\/#website\",\"url\":\"https:\\\/\\\/hojassueltas.es\\\/\",\"name\":\"HojasSueltas.es\",\"description\":\"Peri\u00f3dico Cultural\",\"publisher\":{\"@id\":\"https:\\\/\\\/hojassueltas.es\\\/#organization\"},\"alternateName\":\"H.S. Periodico Cultural\",\"potentialAction\":[{\"@type\":\"SearchAction\",\"target\":{\"@type\":\"EntryPoint\",\"urlTemplate\":\"https:\\\/\\\/hojassueltas.es\\\/?s={search_term_string}\"},\"query-input\":{\"@type\":\"PropertyValueSpecification\",\"valueRequired\":true,\"valueName\":\"search_term_string\"}}],\"inLanguage\":\"es\"},{\"@type\":\"Organization\",\"@id\":\"https:\\\/\\\/hojassueltas.es\\\/#organization\",\"name\":\"HOJAS SUELTAS - Peri\u00f3dico Cultural\",\"alternateName\":\"HS - HOJAS SUELTAS Peri\u00f3dico Cultural\",\"url\":\"https:\\\/\\\/hojassueltas.es\\\/\",\"logo\":{\"@type\":\"ImageObject\",\"inLanguage\":\"es\",\"@id\":\"https:\\\/\\\/hojassueltas.es\\\/#\\\/schema\\\/logo\\\/image\\\/\",\"url\":\"https:\\\/\\\/hojassueltas.es\\\/wp-content\\\/uploads\\\/2025\\\/08\\\/Icono-HS_2.png\",\"contentUrl\":\"https:\\\/\\\/hojassueltas.es\\\/wp-content\\\/uploads\\\/2025\\\/08\\\/Icono-HS_2.png\",\"width\":500,\"height\":500,\"caption\":\"HOJAS SUELTAS - Peri\u00f3dico Cultural\"},\"image\":{\"@id\":\"https:\\\/\\\/hojassueltas.es\\\/#\\\/schema\\\/logo\\\/image\\\/\"},\"sameAs\":[\"https:\\\/\\\/x.com\\\/HOJASSUELTAS22\"]},{\"@type\":\"Person\",\"@id\":\"https:\\\/\\\/hojassueltas.es\\\/#\\\/schema\\\/person\\\/9e73b75874998dd9b093c599d194f858\",\"name\":\"Punto y Seguido - Pilar Santisteban\",\"image\":{\"@type\":\"ImageObject\",\"inLanguage\":\"es\",\"@id\":\"https:\\\/\\\/hojassueltas.es\\\/wp-content\\\/uploads\\\/2026\\\/02\\\/Pilar-Santisteban_3-96x96.png\",\"url\":\"https:\\\/\\\/hojassueltas.es\\\/wp-content\\\/uploads\\\/2026\\\/02\\\/Pilar-Santisteban_3-96x96.png\",\"contentUrl\":\"https:\\\/\\\/hojassueltas.es\\\/wp-content\\\/uploads\\\/2026\\\/02\\\/Pilar-Santisteban_3-96x96.png\",\"caption\":\"Punto y Seguido - Pilar Santisteban\"},\"description\":\"Salmantina. Licenciada en Filosof\u00eda y Letras. Filolog\u00eda Hispanica. Se define como raton de biblioteca. Su labor profesionarl se inscribe en actividades de ense\u00f1anza, promueve cursos y talleres literarios. Redactora en el equipo de Punto y Seguido de Hojas Sueltas\",\"url\":\"https:\\\/\\\/hojassueltas.es\\\/?author=95\"}]}<\/script>\n<!-- \/ Yoast SEO plugin. -->","yoast_head_json":{"title":"El coraz\u00f3n helado, de Almudena Grandes | 504-ATLAS LITERARIO | HOJAS SUELTAS","description":"An\u00e1lisis de El coraz\u00f3n helado, de Almudena Grandes: memoria familiar, herencia pol\u00edtica y silencios de la Guerra Civil en la Espa\u00f1a contempor\u00e1nea","robots":{"index":"index","follow":"follow","max-snippet":"max-snippet:-1","max-image-preview":"max-image-preview:large","max-video-preview":"max-video-preview:-1"},"canonical":"https:\/\/hojassueltas.es\/?p=30859","og_locale":"es_ES","og_type":"article","og_title":"El coraz\u00f3n helado, de Almudena Grandes | 504-ATLAS LITERARIO | HOJAS SUELTAS","og_description":"An\u00e1lisis de El coraz\u00f3n helado, de Almudena Grandes: memoria familiar, herencia pol\u00edtica y silencios de la Guerra Civil en la Espa\u00f1a contempor\u00e1nea","og_url":"https:\/\/hojassueltas.es\/?p=30859","og_site_name":"HOJAS SUELTAS","article_published_time":"2026-08-11T22:00:15+00:00","og_image":[{"width":916,"height":610,"url":"https:\/\/hojassueltas.es\/wp-content\/uploads\/2026\/08\/504-el-corazon-helado_sH.S-916x610.png","type":"image\/png"}],"author":"Punto y Seguido - Pilar Santisteban","twitter_card":"summary_large_image","twitter_creator":"@HOJASSUELTAS22","twitter_site":"@HOJASSUELTAS22","twitter_misc":{"Escrito por":"Punto y Seguido - Pilar Santisteban","Tiempo de lectura":"7 minutos"},"schema":{"@context":"https:\/\/schema.org","@graph":[{"@type":["Article","BlogPosting"],"@id":"https:\/\/hojassueltas.es\/?p=30859#article","isPartOf":{"@id":"https:\/\/hojassueltas.es\/?p=30859"},"author":{"name":"Punto y Seguido - Pilar Santisteban","@id":"https:\/\/hojassueltas.es\/#\/schema\/person\/9e73b75874998dd9b093c599d194f858"},"headline":"El coraz\u00f3n helado, de Almudena Grandes","datePublished":"2026-08-11T22:00:15+00:00","mainEntityOfPage":{"@id":"https:\/\/hojassueltas.es\/?p=30859"},"wordCount":1568,"publisher":{"@id":"https:\/\/hojassueltas.es\/#organization"},"image":{"@id":"https:\/\/hojassueltas.es\/?p=30859#primaryimage"},"thumbnailUrl":"https:\/\/hojassueltas.es\/wp-content\/uploads\/2026\/08\/504-el-corazon-helado_sH.S.png","keywords":["Almudena Grandes","El coraz\u00f3n helado","exilio republicano","Guerra Civil Espa\u00f1ola","memoria hist\u00f3rica","narrativa espa\u00f1ola contempor\u00e1nea","Tusquets Editores"],"articleSection":["504-ATLAS LITERARIO"],"inLanguage":"es"},{"@type":"WebPage","@id":"https:\/\/hojassueltas.es\/?p=30859","url":"https:\/\/hojassueltas.es\/?p=30859","name":"El coraz\u00f3n helado, de Almudena Grandes | 504-ATLAS LITERARIO | HOJAS SUELTAS","isPartOf":{"@id":"https:\/\/hojassueltas.es\/#website"},"primaryImageOfPage":{"@id":"https:\/\/hojassueltas.es\/?p=30859#primaryimage"},"image":{"@id":"https:\/\/hojassueltas.es\/?p=30859#primaryimage"},"thumbnailUrl":"https:\/\/hojassueltas.es\/wp-content\/uploads\/2026\/08\/504-el-corazon-helado_sH.S.png","datePublished":"2026-08-11T22:00:15+00:00","description":"An\u00e1lisis de El coraz\u00f3n helado, de Almudena Grandes: memoria familiar, herencia pol\u00edtica y silencios de la Guerra Civil en la Espa\u00f1a contempor\u00e1nea","breadcrumb":{"@id":"https:\/\/hojassueltas.es\/?p=30859#breadcrumb"},"inLanguage":"es","potentialAction":[{"@type":"ReadAction","target":["https:\/\/hojassueltas.es\/?p=30859"]}]},{"@type":"ImageObject","inLanguage":"es","@id":"https:\/\/hojassueltas.es\/?p=30859#primaryimage","url":"https:\/\/hojassueltas.es\/wp-content\/uploads\/2026\/08\/504-el-corazon-helado_sH.S.png","contentUrl":"https:\/\/hojassueltas.es\/wp-content\/uploads\/2026\/08\/504-el-corazon-helado_sH.S.png","width":1920,"height":1278},{"@type":"BreadcrumbList","@id":"https:\/\/hojassueltas.es\/?p=30859#breadcrumb","itemListElement":[{"@type":"ListItem","position":1,"name":"Portada","item":"https:\/\/hojassueltas.es\/"},{"@type":"ListItem","position":2,"name":"El coraz\u00f3n helado, de Almudena Grandes"}]},{"@type":"WebSite","@id":"https:\/\/hojassueltas.es\/#website","url":"https:\/\/hojassueltas.es\/","name":"HojasSueltas.es","description":"Peri\u00f3dico Cultural","publisher":{"@id":"https:\/\/hojassueltas.es\/#organization"},"alternateName":"H.S. Periodico Cultural","potentialAction":[{"@type":"SearchAction","target":{"@type":"EntryPoint","urlTemplate":"https:\/\/hojassueltas.es\/?s={search_term_string}"},"query-input":{"@type":"PropertyValueSpecification","valueRequired":true,"valueName":"search_term_string"}}],"inLanguage":"es"},{"@type":"Organization","@id":"https:\/\/hojassueltas.es\/#organization","name":"HOJAS SUELTAS - Peri\u00f3dico Cultural","alternateName":"HS - HOJAS SUELTAS Peri\u00f3dico Cultural","url":"https:\/\/hojassueltas.es\/","logo":{"@type":"ImageObject","inLanguage":"es","@id":"https:\/\/hojassueltas.es\/#\/schema\/logo\/image\/","url":"https:\/\/hojassueltas.es\/wp-content\/uploads\/2025\/08\/Icono-HS_2.png","contentUrl":"https:\/\/hojassueltas.es\/wp-content\/uploads\/2025\/08\/Icono-HS_2.png","width":500,"height":500,"caption":"HOJAS SUELTAS - Peri\u00f3dico Cultural"},"image":{"@id":"https:\/\/hojassueltas.es\/#\/schema\/logo\/image\/"},"sameAs":["https:\/\/x.com\/HOJASSUELTAS22"]},{"@type":"Person","@id":"https:\/\/hojassueltas.es\/#\/schema\/person\/9e73b75874998dd9b093c599d194f858","name":"Punto y Seguido - Pilar Santisteban","image":{"@type":"ImageObject","inLanguage":"es","@id":"https:\/\/hojassueltas.es\/wp-content\/uploads\/2026\/02\/Pilar-Santisteban_3-96x96.png","url":"https:\/\/hojassueltas.es\/wp-content\/uploads\/2026\/02\/Pilar-Santisteban_3-96x96.png","contentUrl":"https:\/\/hojassueltas.es\/wp-content\/uploads\/2026\/02\/Pilar-Santisteban_3-96x96.png","caption":"Punto y Seguido - Pilar Santisteban"},"description":"Salmantina. Licenciada en Filosof\u00eda y Letras. Filolog\u00eda Hispanica. Se define como raton de biblioteca. Su labor profesionarl se inscribe en actividades de ense\u00f1anza, promueve cursos y talleres literarios. Redactora en el equipo de Punto y Seguido de Hojas Sueltas","url":"https:\/\/hojassueltas.es\/?author=95"}]}},"_links":{"self":[{"href":"https:\/\/hojassueltas.es\/index.php?rest_route=\/wp\/v2\/posts\/30859","targetHints":{"allow":["GET"]}}],"collection":[{"href":"https:\/\/hojassueltas.es\/index.php?rest_route=\/wp\/v2\/posts"}],"about":[{"href":"https:\/\/hojassueltas.es\/index.php?rest_route=\/wp\/v2\/types\/post"}],"author":[{"embeddable":true,"href":"https:\/\/hojassueltas.es\/index.php?rest_route=\/wp\/v2\/users\/95"}],"replies":[{"embeddable":true,"href":"https:\/\/hojassueltas.es\/index.php?rest_route=%2Fwp%2Fv2%2Fcomments&post=30859"}],"version-history":[{"count":1,"href":"https:\/\/hojassueltas.es\/index.php?rest_route=\/wp\/v2\/posts\/30859\/revisions"}],"predecessor-version":[{"id":30860,"href":"https:\/\/hojassueltas.es\/index.php?rest_route=\/wp\/v2\/posts\/30859\/revisions\/30860"}],"wp:featuredmedia":[{"embeddable":true,"href":"https:\/\/hojassueltas.es\/index.php?rest_route=\/wp\/v2\/media\/30861"}],"wp:attachment":[{"href":"https:\/\/hojassueltas.es\/index.php?rest_route=%2Fwp%2Fv2%2Fmedia&parent=30859"}],"wp:term":[{"taxonomy":"category","embeddable":true,"href":"https:\/\/hojassueltas.es\/index.php?rest_route=%2Fwp%2Fv2%2Fcategories&post=30859"},{"taxonomy":"post_tag","embeddable":true,"href":"https:\/\/hojassueltas.es\/index.php?rest_route=%2Fwp%2Fv2%2Ftags&post=30859"}],"curies":[{"name":"wp","href":"https:\/\/api.w.org\/{rel}","templated":true}]}}