{"id":30841,"date":"2026-08-13T00:00:44","date_gmt":"2026-08-12T22:00:44","guid":{"rendered":"https:\/\/hojassueltas.es\/?p=30841"},"modified":"2026-08-10T12:18:50","modified_gmt":"2026-08-10T10:18:50","slug":"panorama-cultural-semana-3-al-9-de-agosto-2026-politica-cultural-instituciones-y-tendencias","status":"publish","type":"post","link":"https:\/\/hojassueltas.es\/?p=30841","title":{"rendered":"Panorama cultural semana 3 al 9 de agosto 2026 \u2013 Pol\u00edtica cultural, instituciones y tendencias"},"content":{"rendered":"<h2 class=\"western\"><span style=\"font-family: georgia, palatino, serif;\">La National Gallery incorpora una asamblea ciudadana<\/span><\/h2>\n<p><span style=\"font-family: georgia, palatino, serif; font-size: 20px;\">Cincuenta personas seleccionadas por sorteo participan en NG Citizens. La iniciativa cuenta con un presupuesto estimado de 250.000 libras durante cinco a\u00f1os.<\/span><\/p>\n<ul>\n<li><span style=\"font-family: georgia, palatino, serif; font-size: 20px;\"><strong>Fecha del acontecimiento:<\/strong> proyecto iniciado en 2025; controversia presupuestaria publicada el 4-8-2026.<\/span><\/li>\n<li><span style=\"font-family: georgia, palatino, serif; font-size: 20px;\"><strong>Fecha de publicaci\u00f3n:<\/strong> 4-8-2026.<\/span><\/li>\n<li><span style=\"font-family: georgia, palatino, serif; font-size: 20px;\"><strong>Ciudad y pa\u00eds:<\/strong> Londres, Reino Unido.<\/span><\/li>\n<\/ul>\n<h2 class=\"western\"><span style=\"font-family: georgia, palatino, serif;\">Ochenta a\u00f1os de financiaci\u00f3n p\u00fablica brit\u00e1nica reabren el debate sobre el Arts Council<\/span><\/h2>\n<p><span style=\"font-family: georgia, palatino, serif; font-size: 20px;\">El aniversario dio lugar a una defensa de la financiaci\u00f3n cultural como herramienta de reconstrucci\u00f3n, acceso y cohesi\u00f3n social, despu\u00e9s de a\u00f1os de recortes y controversias.<\/span><\/p>\n<ul>\n<li><span style=\"font-family: georgia, palatino, serif; font-size: 20px;\"><strong>Fecha del acontecimiento:<\/strong> 80.\u00ba aniversario analizado el 4-8-2026.<\/span><\/li>\n<li><span style=\"font-family: georgia, palatino, serif; font-size: 20px;\"><strong>Fecha de publicaci\u00f3n:<\/strong> 4-8-2026.<\/span><\/li>\n<li><span style=\"font-family: georgia, palatino, serif; font-size: 20px;\"><strong>Ciudad y pa\u00eds:<\/strong> Londres, Reino Unido.<\/span><\/li>\n<\/ul>\n<h2 class=\"western\"><span style=\"font-family: georgia, palatino, serif;\">El Tapiz de Bayeux se plantea como precedente para los m\u00e1rmoles del Parten\u00f3n<\/span><\/h2>\n<p><span style=\"font-family: georgia, palatino, serif; font-size: 20px;\">La f\u00f3rmula de pr\u00e9stamo prolongado podr\u00eda facilitar un acuerdo brit\u00e1nico-griego sin resolver inicialmente el conflicto sobre la propiedad jur\u00eddica de las esculturas.<\/span><\/p>\n<ul>\n<li><span style=\"font-family: georgia, palatino, serif; font-size: 20px;\"><strong>Fecha del acontecimiento:<\/strong> an\u00e1lisis publicado el 9-8-2026.<\/span><\/li>\n<li><span style=\"font-family: georgia, palatino, serif; font-size: 20px;\"><strong>Fecha de publicaci\u00f3n:<\/strong> 9-8-2026.<\/span><\/li>\n<li><span style=\"font-family: georgia, palatino, serif; font-size: 20px;\"><strong>Ciudad y pa\u00eds:<\/strong> Londres, Reino Unido; implicaciones para Francia y Grecia.<\/span><\/li>\n<\/ul>\n<h2 class=\"western\"><span style=\"font-family: georgia, palatino, serif;\">Las matr\u00edculas amenazan la diversidad de la Academia de Amberes<\/span><\/h2>\n<p><span style=\"font-family: georgia, palatino, serif; font-size: 20px;\">La exposici\u00f3n <em>Looks, Looks, Looks<\/em> celebra la influencia internacional de la escuela de moda, pero el aumento de los costes para estudiantes extranjeros plantea dudas sobre su futura apertura.<\/span><\/p>\n<ul>\n<li><span style=\"font-family: georgia, palatino, serif; font-size: 20px;\"><strong>Fecha del acontecimiento:<\/strong> situaci\u00f3n analizada el 6-8-2026.<\/span><\/li>\n<li><span style=\"font-family: georgia, palatino, serif; font-size: 20px;\"><strong>Fecha de publicaci\u00f3n:<\/strong> 6-8-2026.<\/span><\/li>\n<li><span style=\"font-family: georgia, palatino, serif; font-size: 20px;\"><strong>Ciudad y pa\u00eds:<\/strong> Amberes, B\u00e9lgica.<\/span><\/li>\n<\/ul>\n<h2 class=\"western\"><span style=\"font-family: georgia, palatino, serif;\">Francia celebra m\u00e1s de quinientas actividades de divulgaci\u00f3n astron\u00f3mica<\/span><\/h2>\n<p><span style=\"font-family: georgia, palatino, serif; font-size: 20px;\">Las Noches de las Estrellas reunieron observaci\u00f3n, educaci\u00f3n cient\u00edfica y debate sobre contaminaci\u00f3n lum\u00ednica y proliferaci\u00f3n de sat\u00e9lites.<\/span><\/p>\n<ul>\n<li><span style=\"font-family: georgia, palatino, serif; font-size: 20px;\"><strong>Fecha del acontecimiento:<\/strong> 7 al 9-8-2026.<\/span><\/li>\n<li><span style=\"font-family: georgia, palatino, serif; font-size: 20px;\"><strong>Fecha de publicaci\u00f3n:<\/strong> 7-8-2026.<\/span><\/li>\n<li><span style=\"font-family: georgia, palatino, serif; font-size: 20px;\"><strong>Ciudad y pa\u00eds:<\/strong> Par\u00eds y numerosas localidades de Francia.<\/span><\/li>\n<\/ul>\n<p>PUNTO Y SEGUIDO. Pilar Santisteban<\/p>\n","protected":false},"excerpt":{"rendered":"<p>La National Gallery incorpora una asamblea ciudadana Cincuenta personas seleccionadas por sorteo participan en NG Citizens. La iniciativa cuenta con un presupuesto estimado de 250.000 libras durante cinco a\u00f1os. Fecha del acontecimiento: proyecto iniciado en 2025; controversia presupuestaria publicada el 4-8-2026. Fecha de publicaci\u00f3n: 4-8-2026. Ciudad y pa\u00eds: Londres, Reino Unido. Ochenta a\u00f1os de financiaci\u00f3n [&hellip;]<\/p>\n","protected":false},"author":95,"featured_media":30829,"comment_status":"closed","ping_status":"closed","sticky":false,"template":"","format":"standard","meta":{"footnotes":""},"categories":[3550],"tags":[3908,3772],"class_list":["post-30841","post","type-post","status-publish","format-standard","has-post-thumbnail","category-agenda-cultural","tag-instituciones-y-tendencias","tag-politica-cultural"],"yoast_head":"<!-- This site is optimized with the Yoast SEO plugin v28.4 - https:\/\/yoast.com\/product\/yoast-seo-wordpress\/ -->\n<title>Panorama cultural semana 3 al 9 de agosto 2026 \u2013 Pol\u00edtica cultural, instituciones y tendencias | 301_Agenda cultural | HOJAS SUELTAS<\/title>\n<meta name=\"description\" content=\"PANORAMA CULTURAL Actividades realizadas en la semana 3 al 9 de agosto\" \/>\n<meta name=\"robots\" content=\"index, follow, max-snippet:-1, max-image-preview:large, max-video-preview:-1\" \/>\n<link rel=\"canonical\" href=\"https:\/\/hojassueltas.es\/?p=30841\" \/>\n<meta property=\"og:locale\" content=\"es_ES\" \/>\n<meta property=\"og:type\" content=\"article\" \/>\n<meta property=\"og:title\" content=\"Panorama cultural semana 3 al 9 de agosto 2026 \u2013 Pol\u00edtica cultural, instituciones y tendencias | 301_Agenda cultural | HOJAS SUELTAS\" \/>\n<meta property=\"og:description\" content=\"PANORAMA CULTURAL Actividades realizadas en la semana 3 al 9 de agosto\" \/>\n<meta property=\"og:url\" content=\"https:\/\/hojassueltas.es\/?p=30841\" \/>\n<meta property=\"og:site_name\" content=\"HOJAS SUELTAS\" \/>\n<meta property=\"article:published_time\" content=\"2026-08-12T22:00:44+00:00\" \/>\n<meta property=\"og:image\" content=\"https:\/\/hojassueltas.es\/wp-content\/uploads\/2026\/08\/PANORAMA-CUTURAL_H.S.png\" \/>\n\t<meta property=\"og:image:width\" content=\"1250\" \/>\n\t<meta property=\"og:image:height\" content=\"833\" \/>\n\t<meta property=\"og:image:type\" content=\"image\/png\" \/>\n<meta name=\"author\" content=\"Punto y Seguido - Pilar Santisteban\" \/>\n<meta name=\"twitter:card\" content=\"summary_large_image\" \/>\n<meta name=\"twitter:creator\" content=\"@HOJASSUELTAS22\" \/>\n<meta name=\"twitter:site\" content=\"@HOJASSUELTAS22\" \/>\n<meta name=\"twitter:label1\" content=\"Escrito por\" \/>\n\t<meta name=\"twitter:data1\" content=\"Punto y Seguido - Pilar Santisteban\" \/>\n\t<meta name=\"twitter:label2\" content=\"Tiempo de lectura\" \/>\n\t<meta name=\"twitter:data2\" content=\"2 minutos\" \/>\n<script type=\"application\/ld+json\" class=\"yoast-schema-graph\">{\"@context\":\"https:\\\/\\\/schema.org\",\"@graph\":[{\"@type\":[\"Article\",\"BlogPosting\"],\"@id\":\"https:\\\/\\\/hojassueltas.es\\\/?p=30841#article\",\"isPartOf\":{\"@id\":\"https:\\\/\\\/hojassueltas.es\\\/?p=30841\"},\"author\":{\"name\":\"Punto y Seguido - Pilar Santisteban\",\"@id\":\"https:\\\/\\\/hojassueltas.es\\\/#\\\/schema\\\/person\\\/9e73b75874998dd9b093c599d194f858\"},\"headline\":\"Panorama cultural semana 3 al 9 de agosto 2026 \u2013 Pol\u00edtica cultural, instituciones y tendencias\",\"datePublished\":\"2026-08-12T22:00:44+00:00\",\"mainEntityOfPage\":{\"@id\":\"https:\\\/\\\/hojassueltas.es\\\/?p=30841\"},\"wordCount\":332,\"publisher\":{\"@id\":\"https:\\\/\\\/hojassueltas.es\\\/#organization\"},\"image\":{\"@id\":\"https:\\\/\\\/hojassueltas.es\\\/?p=30841#primaryimage\"},\"thumbnailUrl\":\"https:\\\/\\\/hojassueltas.es\\\/wp-content\\\/uploads\\\/2026\\\/08\\\/PANORAMA-CUTURAL_H.S.png\",\"keywords\":[\"instituciones y tendencias\",\"pol\u00edtica cultural\"],\"articleSection\":[\"301_Agenda cultural\"],\"inLanguage\":\"es\"},{\"@type\":\"WebPage\",\"@id\":\"https:\\\/\\\/hojassueltas.es\\\/?p=30841\",\"url\":\"https:\\\/\\\/hojassueltas.es\\\/?p=30841\",\"name\":\"Panorama cultural semana 3 al 9 de agosto 2026 \u2013 Pol\u00edtica cultural, instituciones y tendencias | 301_Agenda cultural | HOJAS SUELTAS\",\"isPartOf\":{\"@id\":\"https:\\\/\\\/hojassueltas.es\\\/#website\"},\"primaryImageOfPage\":{\"@id\":\"https:\\\/\\\/hojassueltas.es\\\/?p=30841#primaryimage\"},\"image\":{\"@id\":\"https:\\\/\\\/hojassueltas.es\\\/?p=30841#primaryimage\"},\"thumbnailUrl\":\"https:\\\/\\\/hojassueltas.es\\\/wp-content\\\/uploads\\\/2026\\\/08\\\/PANORAMA-CUTURAL_H.S.png\",\"datePublished\":\"2026-08-12T22:00:44+00:00\",\"description\":\"PANORAMA CULTURAL Actividades realizadas en la semana 3 al 9 de agosto\",\"breadcrumb\":{\"@id\":\"https:\\\/\\\/hojassueltas.es\\\/?p=30841#breadcrumb\"},\"inLanguage\":\"es\",\"potentialAction\":[{\"@type\":\"ReadAction\",\"target\":[\"https:\\\/\\\/hojassueltas.es\\\/?p=30841\"]}]},{\"@type\":\"ImageObject\",\"inLanguage\":\"es\",\"@id\":\"https:\\\/\\\/hojassueltas.es\\\/?p=30841#primaryimage\",\"url\":\"https:\\\/\\\/hojassueltas.es\\\/wp-content\\\/uploads\\\/2026\\\/08\\\/PANORAMA-CUTURAL_H.S.png\",\"contentUrl\":\"https:\\\/\\\/hojassueltas.es\\\/wp-content\\\/uploads\\\/2026\\\/08\\\/PANORAMA-CUTURAL_H.S.png\",\"width\":1250,\"height\":833},{\"@type\":\"BreadcrumbList\",\"@id\":\"https:\\\/\\\/hojassueltas.es\\\/?p=30841#breadcrumb\",\"itemListElement\":[{\"@type\":\"ListItem\",\"position\":1,\"name\":\"Portada\",\"item\":\"https:\\\/\\\/hojassueltas.es\\\/\"},{\"@type\":\"ListItem\",\"position\":2,\"name\":\"Panorama cultural semana 3 al 9 de agosto 2026 \u2013 Pol\u00edtica cultural, instituciones y tendencias\"}]},{\"@type\":\"WebSite\",\"@id\":\"https:\\\/\\\/hojassueltas.es\\\/#website\",\"url\":\"https:\\\/\\\/hojassueltas.es\\\/\",\"name\":\"HojasSueltas.es\",\"description\":\"Peri\u00f3dico Cultural\",\"publisher\":{\"@id\":\"https:\\\/\\\/hojassueltas.es\\\/#organization\"},\"alternateName\":\"H.S. Periodico Cultural\",\"potentialAction\":[{\"@type\":\"SearchAction\",\"target\":{\"@type\":\"EntryPoint\",\"urlTemplate\":\"https:\\\/\\\/hojassueltas.es\\\/?s={search_term_string}\"},\"query-input\":{\"@type\":\"PropertyValueSpecification\",\"valueRequired\":true,\"valueName\":\"search_term_string\"}}],\"inLanguage\":\"es\"},{\"@type\":\"Organization\",\"@id\":\"https:\\\/\\\/hojassueltas.es\\\/#organization\",\"name\":\"HOJAS SUELTAS - Peri\u00f3dico Cultural\",\"alternateName\":\"HS - HOJAS SUELTAS Peri\u00f3dico Cultural\",\"url\":\"https:\\\/\\\/hojassueltas.es\\\/\",\"logo\":{\"@type\":\"ImageObject\",\"inLanguage\":\"es\",\"@id\":\"https:\\\/\\\/hojassueltas.es\\\/#\\\/schema\\\/logo\\\/image\\\/\",\"url\":\"https:\\\/\\\/hojassueltas.es\\\/wp-content\\\/uploads\\\/2025\\\/08\\\/Icono-HS_2.png\",\"contentUrl\":\"https:\\\/\\\/hojassueltas.es\\\/wp-content\\\/uploads\\\/2025\\\/08\\\/Icono-HS_2.png\",\"width\":500,\"height\":500,\"caption\":\"HOJAS SUELTAS - Peri\u00f3dico Cultural\"},\"image\":{\"@id\":\"https:\\\/\\\/hojassueltas.es\\\/#\\\/schema\\\/logo\\\/image\\\/\"},\"sameAs\":[\"https:\\\/\\\/x.com\\\/HOJASSUELTAS22\"]},{\"@type\":\"Person\",\"@id\":\"https:\\\/\\\/hojassueltas.es\\\/#\\\/schema\\\/person\\\/9e73b75874998dd9b093c599d194f858\",\"name\":\"Punto y Seguido - Pilar Santisteban\",\"image\":{\"@type\":\"ImageObject\",\"inLanguage\":\"es\",\"@id\":\"https:\\\/\\\/hojassueltas.es\\\/wp-content\\\/uploads\\\/2026\\\/02\\\/Pilar-Santisteban_3-96x96.png\",\"url\":\"https:\\\/\\\/hojassueltas.es\\\/wp-content\\\/uploads\\\/2026\\\/02\\\/Pilar-Santisteban_3-96x96.png\",\"contentUrl\":\"https:\\\/\\\/hojassueltas.es\\\/wp-content\\\/uploads\\\/2026\\\/02\\\/Pilar-Santisteban_3-96x96.png\",\"caption\":\"Punto y Seguido - Pilar Santisteban\"},\"description\":\"Salmantina. Licenciada en Filosof\u00eda y Letras. Filolog\u00eda Hispanica. Se define como raton de biblioteca. Su labor profesionarl se inscribe en actividades de ense\u00f1anza, promueve cursos y talleres literarios. Redactora en el equipo de Punto y Seguido de Hojas Sueltas\",\"url\":\"https:\\\/\\\/hojassueltas.es\\\/?author=95\"}]}<\/script>\n<!-- \/ Yoast SEO plugin. -->","yoast_head_json":{"title":"Panorama cultural semana 3 al 9 de agosto 2026 \u2013 Pol\u00edtica cultural, instituciones y tendencias | 301_Agenda cultural | HOJAS SUELTAS","description":"PANORAMA CULTURAL Actividades realizadas en la semana 3 al 9 de agosto","robots":{"index":"index","follow":"follow","max-snippet":"max-snippet:-1","max-image-preview":"max-image-preview:large","max-video-preview":"max-video-preview:-1"},"canonical":"https:\/\/hojassueltas.es\/?p=30841","og_locale":"es_ES","og_type":"article","og_title":"Panorama cultural semana 3 al 9 de agosto 2026 \u2013 Pol\u00edtica cultural, instituciones y tendencias | 301_Agenda cultural | HOJAS SUELTAS","og_description":"PANORAMA CULTURAL Actividades realizadas en la semana 3 al 9 de agosto","og_url":"https:\/\/hojassueltas.es\/?p=30841","og_site_name":"HOJAS SUELTAS","article_published_time":"2026-08-12T22:00:44+00:00","og_image":[{"width":1250,"height":833,"url":"https:\/\/hojassueltas.es\/wp-content\/uploads\/2026\/08\/PANORAMA-CUTURAL_H.S.png","type":"image\/png"}],"author":"Punto y Seguido - Pilar Santisteban","twitter_card":"summary_large_image","twitter_creator":"@HOJASSUELTAS22","twitter_site":"@HOJASSUELTAS22","twitter_misc":{"Escrito por":"Punto y Seguido - Pilar Santisteban","Tiempo de lectura":"2 minutos"},"schema":{"@context":"https:\/\/schema.org","@graph":[{"@type":["Article","BlogPosting"],"@id":"https:\/\/hojassueltas.es\/?p=30841#article","isPartOf":{"@id":"https:\/\/hojassueltas.es\/?p=30841"},"author":{"name":"Punto y Seguido - Pilar Santisteban","@id":"https:\/\/hojassueltas.es\/#\/schema\/person\/9e73b75874998dd9b093c599d194f858"},"headline":"Panorama cultural semana 3 al 9 de agosto 2026 \u2013 Pol\u00edtica cultural, instituciones y tendencias","datePublished":"2026-08-12T22:00:44+00:00","mainEntityOfPage":{"@id":"https:\/\/hojassueltas.es\/?p=30841"},"wordCount":332,"publisher":{"@id":"https:\/\/hojassueltas.es\/#organization"},"image":{"@id":"https:\/\/hojassueltas.es\/?p=30841#primaryimage"},"thumbnailUrl":"https:\/\/hojassueltas.es\/wp-content\/uploads\/2026\/08\/PANORAMA-CUTURAL_H.S.png","keywords":["instituciones y tendencias","pol\u00edtica cultural"],"articleSection":["301_Agenda cultural"],"inLanguage":"es"},{"@type":"WebPage","@id":"https:\/\/hojassueltas.es\/?p=30841","url":"https:\/\/hojassueltas.es\/?p=30841","name":"Panorama cultural semana 3 al 9 de agosto 2026 \u2013 Pol\u00edtica cultural, instituciones y tendencias | 301_Agenda cultural | HOJAS SUELTAS","isPartOf":{"@id":"https:\/\/hojassueltas.es\/#website"},"primaryImageOfPage":{"@id":"https:\/\/hojassueltas.es\/?p=30841#primaryimage"},"image":{"@id":"https:\/\/hojassueltas.es\/?p=30841#primaryimage"},"thumbnailUrl":"https:\/\/hojassueltas.es\/wp-content\/uploads\/2026\/08\/PANORAMA-CUTURAL_H.S.png","datePublished":"2026-08-12T22:00:44+00:00","description":"PANORAMA CULTURAL Actividades realizadas en la semana 3 al 9 de agosto","breadcrumb":{"@id":"https:\/\/hojassueltas.es\/?p=30841#breadcrumb"},"inLanguage":"es","potentialAction":[{"@type":"ReadAction","target":["https:\/\/hojassueltas.es\/?p=30841"]}]},{"@type":"ImageObject","inLanguage":"es","@id":"https:\/\/hojassueltas.es\/?p=30841#primaryimage","url":"https:\/\/hojassueltas.es\/wp-content\/uploads\/2026\/08\/PANORAMA-CUTURAL_H.S.png","contentUrl":"https:\/\/hojassueltas.es\/wp-content\/uploads\/2026\/08\/PANORAMA-CUTURAL_H.S.png","width":1250,"height":833},{"@type":"BreadcrumbList","@id":"https:\/\/hojassueltas.es\/?p=30841#breadcrumb","itemListElement":[{"@type":"ListItem","position":1,"name":"Portada","item":"https:\/\/hojassueltas.es\/"},{"@type":"ListItem","position":2,"name":"Panorama cultural semana 3 al 9 de agosto 2026 \u2013 Pol\u00edtica cultural, instituciones y tendencias"}]},{"@type":"WebSite","@id":"https:\/\/hojassueltas.es\/#website","url":"https:\/\/hojassueltas.es\/","name":"HojasSueltas.es","description":"Peri\u00f3dico Cultural","publisher":{"@id":"https:\/\/hojassueltas.es\/#organization"},"alternateName":"H.S. Periodico Cultural","potentialAction":[{"@type":"SearchAction","target":{"@type":"EntryPoint","urlTemplate":"https:\/\/hojassueltas.es\/?s={search_term_string}"},"query-input":{"@type":"PropertyValueSpecification","valueRequired":true,"valueName":"search_term_string"}}],"inLanguage":"es"},{"@type":"Organization","@id":"https:\/\/hojassueltas.es\/#organization","name":"HOJAS SUELTAS - Peri\u00f3dico Cultural","alternateName":"HS - HOJAS SUELTAS Peri\u00f3dico Cultural","url":"https:\/\/hojassueltas.es\/","logo":{"@type":"ImageObject","inLanguage":"es","@id":"https:\/\/hojassueltas.es\/#\/schema\/logo\/image\/","url":"https:\/\/hojassueltas.es\/wp-content\/uploads\/2025\/08\/Icono-HS_2.png","contentUrl":"https:\/\/hojassueltas.es\/wp-content\/uploads\/2025\/08\/Icono-HS_2.png","width":500,"height":500,"caption":"HOJAS SUELTAS - Peri\u00f3dico Cultural"},"image":{"@id":"https:\/\/hojassueltas.es\/#\/schema\/logo\/image\/"},"sameAs":["https:\/\/x.com\/HOJASSUELTAS22"]},{"@type":"Person","@id":"https:\/\/hojassueltas.es\/#\/schema\/person\/9e73b75874998dd9b093c599d194f858","name":"Punto y Seguido - Pilar Santisteban","image":{"@type":"ImageObject","inLanguage":"es","@id":"https:\/\/hojassueltas.es\/wp-content\/uploads\/2026\/02\/Pilar-Santisteban_3-96x96.png","url":"https:\/\/hojassueltas.es\/wp-content\/uploads\/2026\/02\/Pilar-Santisteban_3-96x96.png","contentUrl":"https:\/\/hojassueltas.es\/wp-content\/uploads\/2026\/02\/Pilar-Santisteban_3-96x96.png","caption":"Punto y Seguido - Pilar Santisteban"},"description":"Salmantina. Licenciada en Filosof\u00eda y Letras. Filolog\u00eda Hispanica. Se define como raton de biblioteca. Su labor profesionarl se inscribe en actividades de ense\u00f1anza, promueve cursos y talleres literarios. Redactora en el equipo de Punto y Seguido de Hojas Sueltas","url":"https:\/\/hojassueltas.es\/?author=95"}]}},"_links":{"self":[{"href":"https:\/\/hojassueltas.es\/index.php?rest_route=\/wp\/v2\/posts\/30841","targetHints":{"allow":["GET"]}}],"collection":[{"href":"https:\/\/hojassueltas.es\/index.php?rest_route=\/wp\/v2\/posts"}],"about":[{"href":"https:\/\/hojassueltas.es\/index.php?rest_route=\/wp\/v2\/types\/post"}],"author":[{"embeddable":true,"href":"https:\/\/hojassueltas.es\/index.php?rest_route=\/wp\/v2\/users\/95"}],"replies":[{"embeddable":true,"href":"https:\/\/hojassueltas.es\/index.php?rest_route=%2Fwp%2Fv2%2Fcomments&post=30841"}],"version-history":[{"count":1,"href":"https:\/\/hojassueltas.es\/index.php?rest_route=\/wp\/v2\/posts\/30841\/revisions"}],"predecessor-version":[{"id":30842,"href":"https:\/\/hojassueltas.es\/index.php?rest_route=\/wp\/v2\/posts\/30841\/revisions\/30842"}],"wp:featuredmedia":[{"embeddable":true,"href":"https:\/\/hojassueltas.es\/index.php?rest_route=\/wp\/v2\/media\/30829"}],"wp:attachment":[{"href":"https:\/\/hojassueltas.es\/index.php?rest_route=%2Fwp%2Fv2%2Fmedia&parent=30841"}],"wp:term":[{"taxonomy":"category","embeddable":true,"href":"https:\/\/hojassueltas.es\/index.php?rest_route=%2Fwp%2Fv2%2Fcategories&post=30841"},{"taxonomy":"post_tag","embeddable":true,"href":"https:\/\/hojassueltas.es\/index.php?rest_route=%2Fwp%2Fv2%2Ftags&post=30841"}],"curies":[{"name":"wp","href":"https:\/\/api.w.org\/{rel}","templated":true}]}}