{"id":30836,"date":"2026-08-12T00:00:45","date_gmt":"2026-08-11T22:00:45","guid":{"rendered":"https:\/\/hojassueltas.es\/?p=30836"},"modified":"2026-08-10T12:14:23","modified_gmt":"2026-08-10T10:14:23","slug":"panorama-cultural-semana-3-al-9-de-agosto-2026-musica-y-artes-escenicas","status":"publish","type":"post","link":"https:\/\/hojassueltas.es\/?p=30836","title":{"rendered":"Panorama cultural semana 3 al 9 de agosto 2026 \u2013 M\u00fasica y artes esc\u00e9nicas"},"content":{"rendered":"<h2 class=\"western\"><strong><span style=\"font-family: georgia, palatino, serif; font-size: 20px;\">El Festival Camino de Santiago relaciona a Dowland con el Barroco espa\u00f1ol<\/span><\/strong><\/h2>\n<p><span style=\"font-family: georgia, palatino, serif; font-size: 20px;\">El D\u00fao Orpheo ofreci\u00f3 un programa conmemorativo del cuarto centenario de la muerte de John Dowland, estableciendo correspondencias entre el repertorio ingl\u00e9s y la m\u00fasica espa\u00f1ola.<\/span><\/p>\n<ul>\n<li><span style=\"font-family: georgia, palatino, serif; font-size: 20px;\"><strong>Fecha de publicaci\u00f3n:<\/strong> 3-8-2026.<\/span><\/li>\n<li><span style=\"font-family: georgia, palatino, serif; font-size: 20px;\"><strong>Ciudad y pa\u00eds:<\/strong> Tamarite de Litera, Espa\u00f1a.<\/span><br \/>\n<hr \/>\n<p>&nbsp;<\/li>\n<\/ul>\n<h2 class=\"western\"><strong><span style=\"font-family: georgia, palatino, serif; font-size: 20px;\"><em>Querida Agatha Christie<\/em> concluye su gira tras 112 representaciones<\/span><\/strong><\/h2>\n<p><span style=\"font-family: georgia, palatino, serif; font-size: 20px;\">La obra protagonizada por Carmen Morales y Juan Meseguer cerr\u00f3 su recorrido despu\u00e9s de pasar por 84 ciudades y reunir alrededor de 35.000 espectadores.<\/span><\/p>\n<ul>\n<li><span style=\"font-family: georgia, palatino, serif; font-size: 20px;\"><strong>Fecha de publicaci\u00f3n:<\/strong> 5-8-2026.<\/span><\/li>\n<li><span style=\"font-family: georgia, palatino, serif; font-size: 20px;\"><strong>Ciudad y pa\u00eds:<\/strong> Madrid, Espa\u00f1a.<\/span><br \/>\n<hr \/>\n<\/li>\n<\/ul>\n<h2 class=\"western\"><strong><span style=\"font-family: georgia, palatino, serif; font-size: 20px;\">Salzburgo enfrenta espect\u00e1culo visual y fidelidad a las obras<\/span><\/strong><\/h2>\n<p><span style=\"font-family: georgia, palatino, serif; font-size: 20px;\">La cr\u00f3nica contrapuso <em>Il viaggio a Reims<\/em>, <em>Ariadne auf Naxos<\/em> y una versi\u00f3n teatral de <em>Fausto<\/em>. La recepci\u00f3n fue especialmente cr\u00edtica con las intervenciones esc\u00e9nicas que se impon\u00edan sobre el sentido dram\u00e1tico original.<\/span><\/p>\n<ul>\n<li><span style=\"font-family: georgia, palatino, serif; font-size: 20px;\"><strong>Fecha de publicaci\u00f3n:<\/strong> 7-8-2026.<\/span><\/li>\n<li><span style=\"font-family: georgia, palatino, serif; font-size: 20px;\"><strong>Ciudad y pa\u00eds:<\/strong> Salzburgo, Austria.<\/span><br \/>\n<hr \/>\n<\/li>\n<\/ul>\n<h2 class=\"western\"><span style=\"font-family: georgia, palatino, serif; font-size: 20px;\">\u00a0<strong>El Fringe de Edimburgo mantiene una programaci\u00f3n transnacional<\/strong><\/span><\/h2>\n<p><span style=\"font-family: georgia, palatino, serif; font-size: 20px;\">Circo palestino, danza brasile\u00f1a, comedia asi\u00e1tico-australiana y revisiones de Shakespeare figuraron entre las propuestas destacadas. La diversidad convive con los altos costes de alojamiento y participaci\u00f3n.<\/span><\/p>\n<ul>\n<li><span style=\"font-family: georgia, palatino, serif; font-size: 20px;\"><strong>Fecha de publicaci\u00f3n:<\/strong> 9-8-2026.<\/span><\/li>\n<li><span style=\"font-family: georgia, palatino, serif; font-size: 20px;\"><span style=\"font-family: georgia, palatino, serif; font-size: 20px;\"><strong>Ciudad y pa\u00eds:<\/strong> Edimburgo, Reino Unido.<\/span><\/span><br \/>\n<hr \/>\n<\/li>\n<\/ul>\n<h2 class=\"western\"><span style=\"font-family: georgia, palatino, serif;\"><em>Hostile<\/em> convierte la incomunicaci\u00f3n en teatro f\u00edsico<\/span><\/h2>\n<p><span style=\"font-family: georgia, palatino, serif; font-size: 20px;\">La compa\u00f1\u00eda francesa Les Deux Mondes present\u00f3 una obra sin palabras que combina mimo, movimiento y recursos del payaso para representar extranjer\u00eda, desconcierto y aislamiento.<\/span><\/p>\n<ul>\n<li><span style=\"font-family: georgia, palatino, serif; font-size: 20px;\"><strong>Fecha de publicaci\u00f3n:<\/strong> 9-8-2026.<\/span><\/li>\n<li><span style=\"font-family: georgia, palatino, serif; font-size: 20px;\"><strong>Ciudad y pa\u00eds:<\/strong> Edimburgo, Reino Unido; compa\u00f1\u00eda francesa.<\/span><br \/>\n<hr \/>\n<p><strong>PUNTO Y SEGUIDO &#8211; Pilar Santisteban<\/strong><\/li>\n<\/ul>\n","protected":false},"excerpt":{"rendered":"<p>El Festival Camino de Santiago relaciona a Dowland con el Barroco espa\u00f1ol El D\u00fao Orpheo ofreci\u00f3 un programa conmemorativo del cuarto centenario de la muerte de John Dowland, estableciendo correspondencias entre el repertorio ingl\u00e9s y la m\u00fasica espa\u00f1ola. Fecha de publicaci\u00f3n: 3-8-2026. Ciudad y pa\u00eds: Tamarite de Litera, Espa\u00f1a. &nbsp; Querida Agatha Christie concluye su [&hellip;]<\/p>\n","protected":false},"author":95,"featured_media":30829,"comment_status":"closed","ping_status":"closed","sticky":false,"template":"","format":"standard","meta":{"footnotes":""},"categories":[3550],"tags":[],"class_list":["post-30836","post","type-post","status-publish","format-standard","has-post-thumbnail","category-agenda-cultural"],"yoast_head":"<!-- This site is optimized with the Yoast SEO plugin v28.4 - https:\/\/yoast.com\/product\/yoast-seo-wordpress\/ -->\n<title>Panorama cultural semana 3 al 9 de agosto 2026 \u2013 M\u00fasica y artes esc\u00e9nicas | 301_Agenda cultural | HOJAS SUELTAS<\/title>\n<meta name=\"description\" content=\"PANORAMA CULTURAL semana 3 al 9 de agosto relativo a M\u00fasica y artes esc\u00e9nicas\" \/>\n<meta name=\"robots\" content=\"index, follow, max-snippet:-1, max-image-preview:large, max-video-preview:-1\" \/>\n<link rel=\"canonical\" href=\"https:\/\/hojassueltas.es\/?p=30836\" \/>\n<meta property=\"og:locale\" content=\"es_ES\" \/>\n<meta property=\"og:type\" content=\"article\" \/>\n<meta property=\"og:title\" content=\"Panorama cultural semana 3 al 9 de agosto 2026 \u2013 M\u00fasica y artes esc\u00e9nicas | 301_Agenda cultural | HOJAS SUELTAS\" \/>\n<meta property=\"og:description\" content=\"PANORAMA CULTURAL semana 3 al 9 de agosto relativo a M\u00fasica y artes esc\u00e9nicas\" \/>\n<meta property=\"og:url\" content=\"https:\/\/hojassueltas.es\/?p=30836\" \/>\n<meta property=\"og:site_name\" content=\"HOJAS SUELTAS\" \/>\n<meta property=\"article:published_time\" content=\"2026-08-11T22:00:45+00:00\" \/>\n<meta property=\"og:image\" content=\"https:\/\/hojassueltas.es\/wp-content\/uploads\/2026\/08\/PANORAMA-CUTURAL_H.S.png\" \/>\n\t<meta property=\"og:image:width\" content=\"1250\" \/>\n\t<meta property=\"og:image:height\" content=\"833\" \/>\n\t<meta property=\"og:image:type\" content=\"image\/png\" \/>\n<meta name=\"author\" content=\"Punto y Seguido - Pilar Santisteban\" \/>\n<meta name=\"twitter:card\" content=\"summary_large_image\" \/>\n<meta name=\"twitter:creator\" content=\"@HOJASSUELTAS22\" \/>\n<meta name=\"twitter:site\" content=\"@HOJASSUELTAS22\" \/>\n<meta name=\"twitter:label1\" content=\"Escrito por\" \/>\n\t<meta name=\"twitter:data1\" content=\"Punto y Seguido - Pilar Santisteban\" \/>\n\t<meta name=\"twitter:label2\" content=\"Tiempo de lectura\" \/>\n\t<meta name=\"twitter:data2\" content=\"2 minutos\" \/>\n<script type=\"application\/ld+json\" class=\"yoast-schema-graph\">{\"@context\":\"https:\\\/\\\/schema.org\",\"@graph\":[{\"@type\":[\"Article\",\"BlogPosting\"],\"@id\":\"https:\\\/\\\/hojassueltas.es\\\/?p=30836#article\",\"isPartOf\":{\"@id\":\"https:\\\/\\\/hojassueltas.es\\\/?p=30836\"},\"author\":{\"name\":\"Punto y Seguido - Pilar Santisteban\",\"@id\":\"https:\\\/\\\/hojassueltas.es\\\/#\\\/schema\\\/person\\\/9e73b75874998dd9b093c599d194f858\"},\"headline\":\"Panorama cultural semana 3 al 9 de agosto 2026 \u2013 M\u00fasica y artes esc\u00e9nicas\",\"datePublished\":\"2026-08-11T22:00:45+00:00\",\"mainEntityOfPage\":{\"@id\":\"https:\\\/\\\/hojassueltas.es\\\/?p=30836\"},\"wordCount\":286,\"publisher\":{\"@id\":\"https:\\\/\\\/hojassueltas.es\\\/#organization\"},\"image\":{\"@id\":\"https:\\\/\\\/hojassueltas.es\\\/?p=30836#primaryimage\"},\"thumbnailUrl\":\"https:\\\/\\\/hojassueltas.es\\\/wp-content\\\/uploads\\\/2026\\\/08\\\/PANORAMA-CUTURAL_H.S.png\",\"articleSection\":[\"301_Agenda cultural\"],\"inLanguage\":\"es\"},{\"@type\":\"WebPage\",\"@id\":\"https:\\\/\\\/hojassueltas.es\\\/?p=30836\",\"url\":\"https:\\\/\\\/hojassueltas.es\\\/?p=30836\",\"name\":\"Panorama cultural semana 3 al 9 de agosto 2026 \u2013 M\u00fasica y artes esc\u00e9nicas | 301_Agenda cultural | HOJAS SUELTAS\",\"isPartOf\":{\"@id\":\"https:\\\/\\\/hojassueltas.es\\\/#website\"},\"primaryImageOfPage\":{\"@id\":\"https:\\\/\\\/hojassueltas.es\\\/?p=30836#primaryimage\"},\"image\":{\"@id\":\"https:\\\/\\\/hojassueltas.es\\\/?p=30836#primaryimage\"},\"thumbnailUrl\":\"https:\\\/\\\/hojassueltas.es\\\/wp-content\\\/uploads\\\/2026\\\/08\\\/PANORAMA-CUTURAL_H.S.png\",\"datePublished\":\"2026-08-11T22:00:45+00:00\",\"description\":\"PANORAMA CULTURAL semana 3 al 9 de agosto relativo a M\u00fasica y artes esc\u00e9nicas\",\"breadcrumb\":{\"@id\":\"https:\\\/\\\/hojassueltas.es\\\/?p=30836#breadcrumb\"},\"inLanguage\":\"es\",\"potentialAction\":[{\"@type\":\"ReadAction\",\"target\":[\"https:\\\/\\\/hojassueltas.es\\\/?p=30836\"]}]},{\"@type\":\"ImageObject\",\"inLanguage\":\"es\",\"@id\":\"https:\\\/\\\/hojassueltas.es\\\/?p=30836#primaryimage\",\"url\":\"https:\\\/\\\/hojassueltas.es\\\/wp-content\\\/uploads\\\/2026\\\/08\\\/PANORAMA-CUTURAL_H.S.png\",\"contentUrl\":\"https:\\\/\\\/hojassueltas.es\\\/wp-content\\\/uploads\\\/2026\\\/08\\\/PANORAMA-CUTURAL_H.S.png\",\"width\":1250,\"height\":833},{\"@type\":\"BreadcrumbList\",\"@id\":\"https:\\\/\\\/hojassueltas.es\\\/?p=30836#breadcrumb\",\"itemListElement\":[{\"@type\":\"ListItem\",\"position\":1,\"name\":\"Portada\",\"item\":\"https:\\\/\\\/hojassueltas.es\\\/\"},{\"@type\":\"ListItem\",\"position\":2,\"name\":\"Panorama cultural semana 3 al 9 de agosto 2026 \u2013 M\u00fasica y artes esc\u00e9nicas\"}]},{\"@type\":\"WebSite\",\"@id\":\"https:\\\/\\\/hojassueltas.es\\\/#website\",\"url\":\"https:\\\/\\\/hojassueltas.es\\\/\",\"name\":\"HojasSueltas.es\",\"description\":\"Peri\u00f3dico Cultural\",\"publisher\":{\"@id\":\"https:\\\/\\\/hojassueltas.es\\\/#organization\"},\"alternateName\":\"H.S. Periodico Cultural\",\"potentialAction\":[{\"@type\":\"SearchAction\",\"target\":{\"@type\":\"EntryPoint\",\"urlTemplate\":\"https:\\\/\\\/hojassueltas.es\\\/?s={search_term_string}\"},\"query-input\":{\"@type\":\"PropertyValueSpecification\",\"valueRequired\":true,\"valueName\":\"search_term_string\"}}],\"inLanguage\":\"es\"},{\"@type\":\"Organization\",\"@id\":\"https:\\\/\\\/hojassueltas.es\\\/#organization\",\"name\":\"HOJAS SUELTAS - Peri\u00f3dico Cultural\",\"alternateName\":\"HS - HOJAS SUELTAS Peri\u00f3dico Cultural\",\"url\":\"https:\\\/\\\/hojassueltas.es\\\/\",\"logo\":{\"@type\":\"ImageObject\",\"inLanguage\":\"es\",\"@id\":\"https:\\\/\\\/hojassueltas.es\\\/#\\\/schema\\\/logo\\\/image\\\/\",\"url\":\"https:\\\/\\\/hojassueltas.es\\\/wp-content\\\/uploads\\\/2025\\\/08\\\/Icono-HS_2.png\",\"contentUrl\":\"https:\\\/\\\/hojassueltas.es\\\/wp-content\\\/uploads\\\/2025\\\/08\\\/Icono-HS_2.png\",\"width\":500,\"height\":500,\"caption\":\"HOJAS SUELTAS - Peri\u00f3dico Cultural\"},\"image\":{\"@id\":\"https:\\\/\\\/hojassueltas.es\\\/#\\\/schema\\\/logo\\\/image\\\/\"},\"sameAs\":[\"https:\\\/\\\/x.com\\\/HOJASSUELTAS22\"]},{\"@type\":\"Person\",\"@id\":\"https:\\\/\\\/hojassueltas.es\\\/#\\\/schema\\\/person\\\/9e73b75874998dd9b093c599d194f858\",\"name\":\"Punto y Seguido - Pilar Santisteban\",\"image\":{\"@type\":\"ImageObject\",\"inLanguage\":\"es\",\"@id\":\"https:\\\/\\\/hojassueltas.es\\\/wp-content\\\/uploads\\\/2026\\\/02\\\/Pilar-Santisteban_3-96x96.png\",\"url\":\"https:\\\/\\\/hojassueltas.es\\\/wp-content\\\/uploads\\\/2026\\\/02\\\/Pilar-Santisteban_3-96x96.png\",\"contentUrl\":\"https:\\\/\\\/hojassueltas.es\\\/wp-content\\\/uploads\\\/2026\\\/02\\\/Pilar-Santisteban_3-96x96.png\",\"caption\":\"Punto y Seguido - Pilar Santisteban\"},\"description\":\"Salmantina. Licenciada en Filosof\u00eda y Letras. Filolog\u00eda Hispanica. Se define como raton de biblioteca. Su labor profesionarl se inscribe en actividades de ense\u00f1anza, promueve cursos y talleres literarios. Redactora en el equipo de Punto y Seguido de Hojas Sueltas\",\"url\":\"https:\\\/\\\/hojassueltas.es\\\/?author=95\"}]}<\/script>\n<!-- \/ Yoast SEO plugin. -->","yoast_head_json":{"title":"Panorama cultural semana 3 al 9 de agosto 2026 \u2013 M\u00fasica y artes esc\u00e9nicas | 301_Agenda cultural | HOJAS SUELTAS","description":"PANORAMA CULTURAL semana 3 al 9 de agosto relativo a M\u00fasica y artes esc\u00e9nicas","robots":{"index":"index","follow":"follow","max-snippet":"max-snippet:-1","max-image-preview":"max-image-preview:large","max-video-preview":"max-video-preview:-1"},"canonical":"https:\/\/hojassueltas.es\/?p=30836","og_locale":"es_ES","og_type":"article","og_title":"Panorama cultural semana 3 al 9 de agosto 2026 \u2013 M\u00fasica y artes esc\u00e9nicas | 301_Agenda cultural | HOJAS SUELTAS","og_description":"PANORAMA CULTURAL semana 3 al 9 de agosto relativo a M\u00fasica y artes esc\u00e9nicas","og_url":"https:\/\/hojassueltas.es\/?p=30836","og_site_name":"HOJAS SUELTAS","article_published_time":"2026-08-11T22:00:45+00:00","og_image":[{"width":1250,"height":833,"url":"https:\/\/hojassueltas.es\/wp-content\/uploads\/2026\/08\/PANORAMA-CUTURAL_H.S.png","type":"image\/png"}],"author":"Punto y Seguido - Pilar Santisteban","twitter_card":"summary_large_image","twitter_creator":"@HOJASSUELTAS22","twitter_site":"@HOJASSUELTAS22","twitter_misc":{"Escrito por":"Punto y Seguido - Pilar Santisteban","Tiempo de lectura":"2 minutos"},"schema":{"@context":"https:\/\/schema.org","@graph":[{"@type":["Article","BlogPosting"],"@id":"https:\/\/hojassueltas.es\/?p=30836#article","isPartOf":{"@id":"https:\/\/hojassueltas.es\/?p=30836"},"author":{"name":"Punto y Seguido - Pilar Santisteban","@id":"https:\/\/hojassueltas.es\/#\/schema\/person\/9e73b75874998dd9b093c599d194f858"},"headline":"Panorama cultural semana 3 al 9 de agosto 2026 \u2013 M\u00fasica y artes esc\u00e9nicas","datePublished":"2026-08-11T22:00:45+00:00","mainEntityOfPage":{"@id":"https:\/\/hojassueltas.es\/?p=30836"},"wordCount":286,"publisher":{"@id":"https:\/\/hojassueltas.es\/#organization"},"image":{"@id":"https:\/\/hojassueltas.es\/?p=30836#primaryimage"},"thumbnailUrl":"https:\/\/hojassueltas.es\/wp-content\/uploads\/2026\/08\/PANORAMA-CUTURAL_H.S.png","articleSection":["301_Agenda cultural"],"inLanguage":"es"},{"@type":"WebPage","@id":"https:\/\/hojassueltas.es\/?p=30836","url":"https:\/\/hojassueltas.es\/?p=30836","name":"Panorama cultural semana 3 al 9 de agosto 2026 \u2013 M\u00fasica y artes esc\u00e9nicas | 301_Agenda cultural | HOJAS SUELTAS","isPartOf":{"@id":"https:\/\/hojassueltas.es\/#website"},"primaryImageOfPage":{"@id":"https:\/\/hojassueltas.es\/?p=30836#primaryimage"},"image":{"@id":"https:\/\/hojassueltas.es\/?p=30836#primaryimage"},"thumbnailUrl":"https:\/\/hojassueltas.es\/wp-content\/uploads\/2026\/08\/PANORAMA-CUTURAL_H.S.png","datePublished":"2026-08-11T22:00:45+00:00","description":"PANORAMA CULTURAL semana 3 al 9 de agosto relativo a M\u00fasica y artes esc\u00e9nicas","breadcrumb":{"@id":"https:\/\/hojassueltas.es\/?p=30836#breadcrumb"},"inLanguage":"es","potentialAction":[{"@type":"ReadAction","target":["https:\/\/hojassueltas.es\/?p=30836"]}]},{"@type":"ImageObject","inLanguage":"es","@id":"https:\/\/hojassueltas.es\/?p=30836#primaryimage","url":"https:\/\/hojassueltas.es\/wp-content\/uploads\/2026\/08\/PANORAMA-CUTURAL_H.S.png","contentUrl":"https:\/\/hojassueltas.es\/wp-content\/uploads\/2026\/08\/PANORAMA-CUTURAL_H.S.png","width":1250,"height":833},{"@type":"BreadcrumbList","@id":"https:\/\/hojassueltas.es\/?p=30836#breadcrumb","itemListElement":[{"@type":"ListItem","position":1,"name":"Portada","item":"https:\/\/hojassueltas.es\/"},{"@type":"ListItem","position":2,"name":"Panorama cultural semana 3 al 9 de agosto 2026 \u2013 M\u00fasica y artes esc\u00e9nicas"}]},{"@type":"WebSite","@id":"https:\/\/hojassueltas.es\/#website","url":"https:\/\/hojassueltas.es\/","name":"HojasSueltas.es","description":"Peri\u00f3dico Cultural","publisher":{"@id":"https:\/\/hojassueltas.es\/#organization"},"alternateName":"H.S. Periodico Cultural","potentialAction":[{"@type":"SearchAction","target":{"@type":"EntryPoint","urlTemplate":"https:\/\/hojassueltas.es\/?s={search_term_string}"},"query-input":{"@type":"PropertyValueSpecification","valueRequired":true,"valueName":"search_term_string"}}],"inLanguage":"es"},{"@type":"Organization","@id":"https:\/\/hojassueltas.es\/#organization","name":"HOJAS SUELTAS - Peri\u00f3dico Cultural","alternateName":"HS - HOJAS SUELTAS Peri\u00f3dico Cultural","url":"https:\/\/hojassueltas.es\/","logo":{"@type":"ImageObject","inLanguage":"es","@id":"https:\/\/hojassueltas.es\/#\/schema\/logo\/image\/","url":"https:\/\/hojassueltas.es\/wp-content\/uploads\/2025\/08\/Icono-HS_2.png","contentUrl":"https:\/\/hojassueltas.es\/wp-content\/uploads\/2025\/08\/Icono-HS_2.png","width":500,"height":500,"caption":"HOJAS SUELTAS - Peri\u00f3dico Cultural"},"image":{"@id":"https:\/\/hojassueltas.es\/#\/schema\/logo\/image\/"},"sameAs":["https:\/\/x.com\/HOJASSUELTAS22"]},{"@type":"Person","@id":"https:\/\/hojassueltas.es\/#\/schema\/person\/9e73b75874998dd9b093c599d194f858","name":"Punto y Seguido - Pilar Santisteban","image":{"@type":"ImageObject","inLanguage":"es","@id":"https:\/\/hojassueltas.es\/wp-content\/uploads\/2026\/02\/Pilar-Santisteban_3-96x96.png","url":"https:\/\/hojassueltas.es\/wp-content\/uploads\/2026\/02\/Pilar-Santisteban_3-96x96.png","contentUrl":"https:\/\/hojassueltas.es\/wp-content\/uploads\/2026\/02\/Pilar-Santisteban_3-96x96.png","caption":"Punto y Seguido - Pilar Santisteban"},"description":"Salmantina. Licenciada en Filosof\u00eda y Letras. Filolog\u00eda Hispanica. Se define como raton de biblioteca. Su labor profesionarl se inscribe en actividades de ense\u00f1anza, promueve cursos y talleres literarios. Redactora en el equipo de Punto y Seguido de Hojas Sueltas","url":"https:\/\/hojassueltas.es\/?author=95"}]}},"_links":{"self":[{"href":"https:\/\/hojassueltas.es\/index.php?rest_route=\/wp\/v2\/posts\/30836","targetHints":{"allow":["GET"]}}],"collection":[{"href":"https:\/\/hojassueltas.es\/index.php?rest_route=\/wp\/v2\/posts"}],"about":[{"href":"https:\/\/hojassueltas.es\/index.php?rest_route=\/wp\/v2\/types\/post"}],"author":[{"embeddable":true,"href":"https:\/\/hojassueltas.es\/index.php?rest_route=\/wp\/v2\/users\/95"}],"replies":[{"embeddable":true,"href":"https:\/\/hojassueltas.es\/index.php?rest_route=%2Fwp%2Fv2%2Fcomments&post=30836"}],"version-history":[{"count":3,"href":"https:\/\/hojassueltas.es\/index.php?rest_route=\/wp\/v2\/posts\/30836\/revisions"}],"predecessor-version":[{"id":30839,"href":"https:\/\/hojassueltas.es\/index.php?rest_route=\/wp\/v2\/posts\/30836\/revisions\/30839"}],"wp:featuredmedia":[{"embeddable":true,"href":"https:\/\/hojassueltas.es\/index.php?rest_route=\/wp\/v2\/media\/30829"}],"wp:attachment":[{"href":"https:\/\/hojassueltas.es\/index.php?rest_route=%2Fwp%2Fv2%2Fmedia&parent=30836"}],"wp:term":[{"taxonomy":"category","embeddable":true,"href":"https:\/\/hojassueltas.es\/index.php?rest_route=%2Fwp%2Fv2%2Fcategories&post=30836"},{"taxonomy":"post_tag","embeddable":true,"href":"https:\/\/hojassueltas.es\/index.php?rest_route=%2Fwp%2Fv2%2Ftags&post=30836"}],"curies":[{"name":"wp","href":"https:\/\/api.w.org\/{rel}","templated":true}]}}