{"id":29239,"date":"2026-05-03T00:00:14","date_gmt":"2026-05-02T22:00:14","guid":{"rendered":"https:\/\/hojassueltas.es\/?p=29239"},"modified":"2026-05-03T09:18:45","modified_gmt":"2026-05-03T07:18:45","slug":"don-quijote-de-la-mancha-segunda-parte-capitulos-lxxiii-y-lxxiv-final-de-la-obra","status":"publish","type":"post","link":"https:\/\/hojassueltas.es\/?p=29239","title":{"rendered":"Don Quijote de la Mancha &#8211; Segunda parte, Cap\u00edtulos LXXIII y LXXIV &#8211; Final de la Obra"},"content":{"rendered":"<p style=\"text-align: justify;\" data-start=\"67\" data-end=\"256\"><span style=\"font-size: 20px;\">Desde el 20 de enero de 2025, <em data-start=\"97\" data-end=\"112\">Hojas Sueltas<\/em> ha venido publicando, semana a semana, la obra cumbre del \u00abPr\u00edncipe de los Ingenios\u00bb, Miguel de Cervantes Saavedra: <em data-start=\"229\" data-end=\"255\">Don Quijote de la Mancha<\/em>.<\/span><\/p>\n<p style=\"text-align: justify;\" data-start=\"258\" data-end=\"511\"><span style=\"font-size: 20px;\">Con la entrega de dos cap\u00edtulos semanales, hemos querido ofrecer a nuestros lectores y seguidores la oportunidad de leer \u2014o releer\u2014 esta insigne obra de la literatura universal, en un gesto de homenaje a su autor y a la vigencia inagotable de su legado.<\/span><\/p>\n<p style=\"text-align: justify;\" data-start=\"513\" data-end=\"718\" data-is-last-node=\"\" data-is-only-node=\"\"><span style=\"font-size: 20px;\">Hoy culmina este recorrido cervantino, que ha sido, para <em data-start=\"570\" data-end=\"585\">Hojas Sueltas<\/em>, una forma de celebrar la palabra, la imaginaci\u00f3n y la grandeza de una novela que sigue dialogando con cada \u00e9poca y con cada lector.<\/span><\/p>\n<p data-start=\"513\" data-end=\"718\" data-is-last-node=\"\" data-is-only-node=\"\"><span style=\"font-family: georgia, palatino, serif; font-size: 20px;\">Gracias por seguirnos y leernos.<\/span><\/p>\n<p data-start=\"513\" data-end=\"718\" data-is-last-node=\"\" data-is-only-node=\"\"><span style=\"font-family: georgia, palatino, serif; font-size: 20px;\">Anxo do Rego<br \/>\n<\/span>Director de HOJAS SUELTAS<\/p>\n<hr \/>\n<h3 style=\"text-align: justify;\"><span style=\"font-family: georgia, palatino, serif; font-size: 20px;\">Cap\u00edtulo LXXIII. De los ag\u00fceros que tuvo don Quijote al entrar de su aldea, con otros sucesos que adornan y acreditan esta grande historia<\/span><\/h3>\n<p style=\"text-align: justify;\"><span style=\"font-family: georgia, palatino, serif; font-size: 20px;\">A la entrada del cual, seg\u00fan dice Cide Hamete, vio don Quijote que en las eras del lugar estaban ri\u00f1endo dos mochachos, y el uno dijo al otro:<\/span><\/p>\n<p style=\"text-align: justify;\"><span style=\"font-family: georgia, palatino, serif; font-size: 20px;\">\u2014 No te canses Periquillo, que no la has de ver en todos los d\u00edas de tu vida.<\/span><\/p>\n<p style=\"text-align: justify;\"><span style=\"font-family: georgia, palatino, serif; font-size: 20px;\">Oy\u00f3lo don Quijote, y dijo a Sancho:<\/span><\/p>\n<p style=\"text-align: justify;\"><span style=\"font-family: georgia, palatino, serif; font-size: 20px;\">\u2014 \u00bfNo adviertes, amigo, lo que aquel mochacho ha dicho: \u00bbno la has de ver en todos los d\u00edas de tu vida\u00bb?<\/span><\/p>\n<p style=\"text-align: justify;\"><span style=\"font-family: georgia, palatino, serif; font-size: 20px;\">\u2014 Pues bien, \u00bfqu\u00e9 importa \u2014respondi\u00f3 Sancho\u2014 que haya dicho eso el mochacho?<\/span><\/p>\n<p style=\"text-align: justify;\"><span style=\"font-family: georgia, palatino, serif; font-size: 20px;\">\u2014 \u00bfQu\u00e9? \u2014replic\u00f3 don Quijote\u2014. \u00bfNo vees t\u00fa que, aplicando aquella palabra a mi intenci\u00f3n, quiere significar que no tengo de ver m\u00e1s a Dulcinea?<\/span><\/p>\n<p style=\"text-align: justify;\"><span style=\"font-family: georgia, palatino, serif; font-size: 20px;\">Quer\u00edale responder Sancho, cuando se lo estorb\u00f3 ver que por aquella campa\u00f1a ven\u00eda huyendo una liebre, seguida de muchos galgos y cazadores, la cual, temerosa, se vino a recoger y a agazapar debajo de los pies del rucio. Cogi\u00f3la Sancho a mano salva y present\u00f3sela a don Quijote, el cual estaba diciendo:<\/span><\/p>\n<p style=\"text-align: justify;\"><span style=\"font-family: georgia, palatino, serif; font-size: 20px;\">\u2014 Malum signum! Malum signum! Liebre huye, galgos la siguen: \u00a1Dulcinea no parece!<\/span><\/p>\n<p style=\"text-align: justify;\"><span style=\"font-family: georgia, palatino, serif; font-size: 20px;\">\u2014 Estra\u00f1o es vuesa merced \u2014dijo Sancho\u2014. Presupongamos que esta liebre es Dulcinea del Toboso y estos galgos que la persiguen son los malandrines encantadores que la transformaron en labradora: ella huye, yo la cojo y la pongo en poder de vuesa merced, que la tiene en sus brazos y la regala: \u00bfqu\u00e9 mala se\u00f1al es \u00e9sta, ni qu\u00e9 mal ag\u00fcero se puede tomar de aqu\u00ed?<\/span><\/p>\n<p style=\"text-align: justify;\"><span style=\"font-family: georgia, palatino, serif; font-size: 20px;\">Los dos mochachos de la pendencia se llegaron a ver la liebre, y al uno dellos pregunt\u00f3 Sancho que por qu\u00e9 re\u00f1\u00edan. Y fuele respondido por el que hab\u00eda dicho \u00bbno la ver\u00e1s m\u00e1s en toda tu vida\u00bb, que \u00e9l hab\u00eda tomado al otro mochacho una jaula de grillos, la cual no pensaba volv\u00e9rsela en toda su vida. Sac\u00f3 Sancho cuatro cuartos de la faltriquera y di\u00f3selos al mochacho por la jaula, y p\u00fasosela en las manos a don Quijote, diciendo:<\/span><\/p>\n<p style=\"text-align: justify;\"><span style=\"font-family: georgia, palatino, serif; font-size: 20px;\">\u2014 He aqu\u00ed, se\u00f1or, rompidos y desbaratados estos ag\u00fceros, que no tienen que ver m\u00e1s con nuestros sucesos, seg\u00fan que yo imagino, aunque tonto, que con las nubes de anta\u00f1o. Y si no me acuerdo mal, he o\u00eddo decir al cura de nuestro pueblo que no es de personas cristianas ni discretas mirar en estas ni\u00f1er\u00edas; y aun vuesa merced mismo me lo dijo los d\u00edas pasados, d\u00e1ndome a entender que eran tontos todos aquellos cristianos que miraban en ag\u00fceros. Y no es menester hacer hincapi\u00e9 en esto, sino pasemos adelante y entremos en nuestra aldea.<\/span><\/p>\n<p style=\"text-align: justify;\"><span style=\"font-family: georgia, palatino, serif; font-size: 20px;\">Llegaron los cazadores, pidieron su liebre, y di\u00f3sela don Quijote; pasaron adelante, y, a la entrada del pueblo, toparon en un pradecillo rezando al cura y al bachiller Carrasco. Y es de saber que Sancho Panza hab\u00eda echado sobre el rucio y sobre el l\u00edo de las armas, para que sirviese de repostero, la t\u00fanica de bocac\u00ed, pintada de llamas de fuego que le vistieron en el castillo del duque la noche que volvi\u00f3 en s\u00ed Altisidora. Acomod\u00f3le tambi\u00e9n la coroza en la cabeza, que fue la m\u00e1s nueva transformaci\u00f3n y adorno con que se vio jam\u00e1s jumento en el mundo.<\/span><\/p>\n<p style=\"text-align: justify;\"><span style=\"font-family: georgia, palatino, serif; font-size: 20px;\">Fueron luego conocidos los dos del cura y del bachiller, que se vinieron a ellos con los brazos abiertos. Ape\u00f3se don Quijote y abraz\u00f3los estrechamente; y los mochachos, que son linces no escusados, divisaron la coroza del jumento y acudieron a verle, y dec\u00edan unos a otros:<\/span><\/p>\n<p style=\"text-align: justify;\"><span style=\"font-family: georgia, palatino, serif; font-size: 20px;\">\u2014 Venid, mochachos, y ver\u00e9is el asno de Sancho Panza m\u00e1s gal\u00e1n que Mingo, y la bestia de don Quijote m\u00e1s flaca hoy que el primer d\u00eda.<\/span><\/p>\n<p style=\"text-align: justify;\"><span style=\"font-family: georgia, palatino, serif; font-size: 20px;\">Finalmente, rodeados de mochachos y acompa\u00f1ados del cura y del bachiller, entraron en el pueblo, y se fueron a casa de don Quijote, y hallaron a la puerta della al ama y a su sobrina, a quien ya hab\u00edan llegado las nuevas de su venida. Ni m\u00e1s ni menos se las hab\u00edan dado a Teresa Panza, mujer de Sancho, la cual, desgre\u00f1ada y medio desnuda, trayendo de la mano a Sanchica, su hija, acudi\u00f3 a ver a su marido; y, vi\u00e9ndole no tan bien adeli\u00f1ado como ella se pensaba que hab\u00eda de estar un gobernador, le dijo:<\/span><\/p>\n<p style=\"text-align: justify;\"><span style=\"font-family: georgia, palatino, serif; font-size: 20px;\">\u2014 \u00bfC\u00f3mo ven\u00eds as\u00ed, marido m\u00edo, que me parece que ven\u00eds a pie y despeado, y m\u00e1s tra\u00e9is semejanza de desgobernado que de gobernador?<\/span><\/p>\n<p style=\"text-align: justify;\"><span style=\"font-family: georgia, palatino, serif; font-size: 20px;\">\u2014 Calla, Teresa \u2014respondi\u00f3 Sancho\u2014, que muchas veces donde hay estacas no hay tocinos, y v\u00e1monos a nuestra casa, que all\u00e1 oir\u00e1s maravillas. Dineros traigo, que es lo que importa, ganados por mi industria y sin da\u00f1o de nadie.<\/span><\/p>\n<p style=\"text-align: justify;\"><span style=\"font-family: georgia, palatino, serif; font-size: 20px;\">\u2014 Traed vos dinero, mi buen marido \u2014dijo Teresa\u2014, y sean ganados por aqu\u00ed o por all\u00ed, que, comoquiera que los hay\u00e1is ganado, no habr\u00e9is hecho usanza nueva en el mundo.<\/span><\/p>\n<p style=\"text-align: justify;\"><span style=\"font-family: georgia, palatino, serif; font-size: 20px;\">Abraz\u00f3 Sanchica a su padre, y pregunt\u00f3le si tra\u00eda algo, que le estaba esperando como el agua de mayo; y, asi\u00e9ndole de un lado del cinto, y su mujer de la mano, tirando su hija al rucio, se fueron a su casa, dejando a don Quijote en la suya, en poder de su sobrina y de su ama, y en compa\u00f1\u00eda del cura y del bachiller.<\/span><\/p>\n<p style=\"text-align: justify;\"><span style=\"font-family: georgia, palatino, serif; font-size: 20px;\">Don Quijote, sin guardar t\u00e9rminos ni horas, en aquel mismo punto se apart\u00f3 a solas con el bachiller y el cura, y en breves razones les cont\u00f3 su vencimiento, y la obligaci\u00f3n en que hab\u00eda quedado de no salir de su aldea en un a\u00f1o, la cual pensaba guardar al pie de la letra, sin traspasarla en un \u00e1tomo, bien as\u00ed como caballero andante, obligado por la puntualidad y orden de la andante caballer\u00eda, y que ten\u00eda pensado de hacerse aquel a\u00f1o pastor, y entretenerse en la soledad de los campos, donde a rienda suelta pod\u00eda dar vado a sus amorosos pensamientos, ejercit\u00e1ndose en el pastoral y virtuoso ejercicio; y que les suplicaba, si no ten\u00edan mucho que hacer y no estaban impedidos en negocios m\u00e1s importantes, quisiesen ser sus compa\u00f1eros; que \u00e9l comprar\u00eda ovejas y ganado suficiente que les diese nombre de pastores; y que les hac\u00eda saber que lo m\u00e1s principal de aquel negocio estaba hecho, porque les ten\u00eda puestos los nombres, que les vendr\u00edan como de molde. D\u00edjole el cura que los dijese. Respondi\u00f3 don Quijote que \u00e9l se hab\u00eda de llamar el pastor Quijotiz; y el bachiller, el pastor Carrasc\u00f3n; y el cura, el pastor Curambro; y Sancho Panza, el pastor Pancino.<\/span><\/p>\n<p style=\"text-align: justify;\"><span style=\"font-family: georgia, palatino, serif; font-size: 20px;\">Pasm\u00e1ronse todos de ver la nueva locura de don Quijote; pero, porque no se les fuese otra vez del pueblo a sus caballer\u00edas, esperando que en aquel a\u00f1o podr\u00eda ser curado, concedieron con su nueva intenci\u00f3n, y aprobaron por discreta su locura, ofreci\u00e9ndosele por compa\u00f1eros en su ejercicio.<\/span><\/p>\n<p style=\"text-align: justify;\"><span style=\"font-family: georgia, palatino, serif; font-size: 20px;\">\u2014 Y m\u00e1s \u2014dijo Sans\u00f3n Carrasco\u2014, que, como ya todo el mundo sabe, yo soy celeb\u00e9rrimo poeta y a cada paso compondr\u00e9 versos pastoriles, o cortesanos, o como m\u00e1s me viniere a cuento, para que nos entretengamos por esos andurriales donde habemos de andar; y lo que m\u00e1s es menester, se\u00f1ores m\u00edos, es que cada uno escoja el nombre de la pastora que piensa celebrar en sus versos, y que no dejemos \u00e1rbol, por duro que sea, donde no la retule y grabe su nombre, como es uso y costumbre de los enamorados pastores.<\/span><\/p>\n<p style=\"text-align: justify;\"><span style=\"font-family: georgia, palatino, serif; font-size: 20px;\">\u2014 Eso est\u00e1 de molde \u2014respondi\u00f3 don Quijote\u2014, puesto que yo estoy libre de buscar nombre de pastora fingida, pues est\u00e1 ah\u00ed la sin par Dulcinea del Toboso, gloria de estas riberas, adorno de estos prados, sustento de la hermosura, nata de los donaires, y, finalmente, sujeto sobre quien puede asentar bien toda alabanza, por hip\u00e9rbole que sea.<\/span><\/p>\n<p style=\"text-align: justify;\"><span style=\"font-family: georgia, palatino, serif; font-size: 20px;\">\u2014 As\u00ed es verdad \u2014dijo el cura\u2014, pero nosotros buscaremos por ah\u00ed pastoras ma\u00f1eruelas, que si no nos cuadraren, nos esquinen.<\/span><\/p>\n<p style=\"text-align: justify;\"><span style=\"font-family: georgia, palatino, serif; font-size: 20px;\">A lo que a\u00f1adi\u00f3 Sans\u00f3n Carrasco:<\/span><\/p>\n<p style=\"text-align: justify;\"><span style=\"font-family: georgia, palatino, serif; font-size: 20px;\">\u2014 Y cuando faltaren, dar\u00e9mosles los nombres de las estampadas e impresas, de quien est\u00e1 lleno el mundo: F\u00edlidas, Amarilis, Dianas, Fl\u00e9ridas, Galateas y Belisardas; que, pues las venden en las plazas, bien las podemos comprar nosotros y tenerlas por nuestras. Si mi dama, o, por mejor decir, mi pastora, por ventura se llamare Ana, la celebrar\u00e9 debajo del nombre de Anarda; y si Francisca, la llamar\u00e9 yo Francenia; y si Luc\u00eda, Lucinda, que todo se sale all\u00e1; y Sancho Panza, si es que ha de entrar en esta cofadr\u00eda, podr\u00e1 celebrar a su mujer Teresa Panza con nombre de Teresaina.<\/span><\/p>\n<p style=\"text-align: justify;\"><span style=\"font-family: georgia, palatino, serif; font-size: 20px;\">Ri\u00f3se don Quijote de la aplicaci\u00f3n del nombre, y el cura le alab\u00f3 infinito su honesta y honrada resoluci\u00f3n, y se ofreci\u00f3 de nuevo a hacerle compa\u00f1\u00eda todo el tiempo que le vacase de atender a sus forzosas obligaciones. Con esto, se despidieron d\u00e9l, y le rogaron y aconsejaron tuviese cuenta con su salud, con regalarse lo que fuese bueno.<\/span><\/p>\n<p style=\"text-align: justify;\"><span style=\"font-family: georgia, palatino, serif; font-size: 20px;\">Quiso la suerte que su sobrina y el ama oyeron la pl\u00e1tica de los tres; y, as\u00ed como se fueron, se entraron entrambas con don Quijote, y la sobrina le dijo:<\/span><\/p>\n<p style=\"text-align: justify;\"><span style=\"font-family: georgia, palatino, serif; font-size: 20px;\">\u2014 \u00bfQu\u00e9 es esto, se\u00f1or t\u00edo? \u00bfAhora que pens\u00e1bamos nosotras que vuestra merced volv\u00eda a reducirse en su casa, y pasar en ella una vida quieta y honrada, se quiere meter en nuevos laberintos, haci\u00e9ndose<\/span><\/p>\n<p class=\"verse\" style=\"text-align: justify;\"><span style=\"font-family: georgia, palatino, serif; font-size: 20px;\">Pastorcillo, t\u00fa que vienes,<\/span><br \/>\n<span style=\"font-family: georgia, palatino, serif; font-size: 20px;\">pastorcico, t\u00fa que vas?<\/span><\/p>\n<p style=\"text-align: justify;\"><span style=\"font-family: georgia, palatino, serif; font-size: 20px;\">Pues en verdad que est\u00e1 ya duro el alcacel para zampo\u00f1as.<\/span><\/p>\n<p style=\"text-align: justify;\"><span style=\"font-family: georgia, palatino, serif; font-size: 20px;\">A lo que a\u00f1adi\u00f3 el ama:<\/span><\/p>\n<p style=\"text-align: justify;\"><span style=\"font-family: georgia, palatino, serif; font-size: 20px;\">Y \u00bfpodr\u00e1 vuestra merced pasar en el campo las siestas del verano, los serenos del invierno, el aullido de los lobos? No, por cierto, que \u00e9ste es ejercicio y oficio de hombres robustos, curtidos y criados para tal ministerio casi desde las fajas y mantillas. Aun, mal por mal, mejor es ser caballero andante que pastor. Mire, se\u00f1or, tome mi consejo, que no se le doy sobre estar harta de pan y vino, sino en ayunas, y sobre cincuenta a\u00f1os que tengo de edad: est\u00e9se en su casa, atienda a su hacienda, confiese a menudo, favorezca a los pobres, y sobre mi \u00e1nima si mal le fuere.<\/span><\/p>\n<p style=\"text-align: justify;\"><span style=\"font-family: georgia, palatino, serif; font-size: 20px;\">\u2014 Callad, hijas \u2014les respondi\u00f3 don Quijote\u2014, que yo s\u00e9 bien lo que me cumple. Llevadme al lecho, que me parece que no estoy muy bueno, y tened por cierto que, ahora sea caballero andante o pastor por andar, no dejar\u00e9 siempre de acudir a lo que hubi\u00e9redes menester, como lo ver\u00e9is por la obra.<\/span><\/p>\n<p style=\"text-align: justify;\"><span style=\"font-family: georgia, palatino, serif; font-size: 20px;\">Y las buenas hijas \u2014que lo eran sin duda ama y sobrina\u2014 le llevaron a la cama, donde le dieron de comer y regalaron lo posible.<\/span><\/p>\n<h3 style=\"text-align: justify;\"><a id=\"id_2_lxxiv\"><\/a><span style=\"font-family: georgia, palatino, serif; font-size: 20px;\">Cap\u00edtulo LXXIV. De c\u00f3mo don Quijote cay\u00f3 malo, y del testamento que hizo, y su muerte<\/span><\/h3>\n<p style=\"text-align: justify;\"><span style=\"font-family: georgia, palatino, serif; font-size: 20px;\">Como las cosas humanas no sean eternas, yendo siempre en declinaci\u00f3n de sus principios hasta llegar a su \u00faltimo fin, especialmente las vidas de los hombres, y como la de don Quijote no tuviese privilegio del cielo para detener el curso de la suya, lleg\u00f3 su fin y acabamiento cuando \u00e9l menos lo pensaba; porque, o ya fuese de la melancol\u00eda que le causaba el verse vencido, o ya por la disposici\u00f3n del cielo, que as\u00ed lo ordenaba, se le arraig\u00f3 una calentura que le tuvo seis d\u00edas en la cama, en los cuales fue visitado muchas veces del cura, del bachiller y del barbero, sus amigos, sin quit\u00e1rsele de la cabecera Sancho Panza, su buen escudero.<\/span><\/p>\n<p style=\"text-align: justify;\"><span style=\"font-family: georgia, palatino, serif; font-size: 20px;\">\u00c9stos, creyendo que la pesadumbre de verse vencido y de no ver cumplido su deseo en la libertad y desencanto de Dulcinea le ten\u00eda de aquella suerte, por todas las v\u00edas posibles procuraban alegrarle, dici\u00e9ndole el bachiller que se animase y levantase, para comenzar su pastoral ejercicio, para el cual ten\u00eda ya compuesta una \u00e9cloga, que mal a\u00f1o para cuantas Sanazaro hab\u00eda compuesto, y que ya ten\u00eda comprados de su propio dinero dos famosos perros para guardar el ganado: el uno llamado Barcino, y el otro Butr\u00f3n, que se los hab\u00eda vendido un ganadero del Quintanar. Pero no por esto dejaba don Quijote sus tristezas.<\/span><\/p>\n<p style=\"text-align: justify;\"><span style=\"font-family: georgia, palatino, serif; font-size: 20px;\">Llamaron sus amigos al m\u00e9dico, tom\u00f3le el pulso, y no le content\u00f3 mucho, y dijo que, por s\u00ed o por no, atendiese a la salud de su alma, porque la del cuerpo corr\u00eda peligro. Oy\u00f3lo don Quijote con \u00e1nimo sosegado, pero no lo oyeron as\u00ed su ama, su sobrina y su escudero, los cuales comenzaron a llorar tiernamente, como si ya le tuvieran muerto delante. Fue el parecer del m\u00e9dico que melancol\u00edas y desabrimientos le acababan. Rog\u00f3 don Quijote que le dejasen solo, porque quer\u00eda dormir un poco. Hici\u00e9ronlo as\u00ed y durmi\u00f3 de un tir\u00f3n, como dicen, m\u00e1s de seis horas; tanto, que pensaron el ama y la sobrina que se hab\u00eda de quedar en el sue\u00f1o. Despert\u00f3 al cabo del tiempo dicho, y, dando una gran voz, dijo:<\/span><\/p>\n<p style=\"text-align: justify;\"><span style=\"font-family: georgia, palatino, serif; font-size: 20px;\">\u2014 \u00a1Bendito sea el poderoso Dios, que tanto bien me ha hecho! En fin, sus misericordias no tienen l\u00edmite, ni las abrevian ni impiden los pecados de los hombres.<\/span><\/p>\n<p style=\"text-align: justify;\"><span style=\"font-family: georgia, palatino, serif; font-size: 20px;\">Estuvo atenta la sobrina a las razones del t\u00edo, y pareci\u00e9ronle m\u00e1s concertadas que \u00e9l sol\u00eda decirlas, a lo menos, en aquella enfermedad, y pregunt\u00f3le:<\/span><\/p>\n<p style=\"text-align: justify;\"><span style=\"font-family: georgia, palatino, serif; font-size: 20px;\">\u2014 \u00bfQu\u00e9 es lo que vuestra merced dice, se\u00f1or? \u00bfTenemos algo de nuevo? \u00bfQu\u00e9 misericordias son \u00e9stas, o qu\u00e9 pecados de los hombres?<\/span><\/p>\n<p style=\"text-align: justify;\"><span style=\"font-family: georgia, palatino, serif; font-size: 20px;\">\u2014 Las misericordias \u2014respondi\u00f3 don Quijote\u2014, sobrina, son las que en este instante ha usado Dios conmigo, a quien, como dije, no las impiden mis pecados. Yo tengo juicio ya, libre y claro, sin las sombras caliginosas de la ignorancia, que sobre \u00e9l me pusieron mi amarga y continua leyenda de los detestables libros de las caballer\u00edas. Ya conozco sus disparates y sus embelecos, y no me pesa sino que este desenga\u00f1o ha llegado tan tarde, que no me deja tiempo para hacer alguna recompensa, leyendo otros que sean luz del alma. Yo me siento, sobrina, a punto de muerte; querr\u00eda hacerla de tal modo, que diese a entender que no hab\u00eda sido mi vida tan mala que dejase renombre de loco, que, puesto que lo he sido, no querr\u00eda confirmar esta verdad en mi muerte. Ll\u00e1mame, amiga, a mis buenos amigos: el cura, al bachiller Sans\u00f3n Carrasco y a maese Nicol\u00e1s, el barbero, que quiero confesarme y hacer mi testamento.<\/span><\/p>\n<p style=\"text-align: justify;\"><span style=\"font-family: georgia, palatino, serif; font-size: 20px;\">Pero de este trabajo se escus\u00f3 la sobrina con la entrada de los tres. Apenas los vio don Quijote, cuando dijo:<\/span><\/p>\n<p style=\"text-align: justify;\"><span style=\"font-family: georgia, palatino, serif; font-size: 20px;\">\u2014 Dadme albricias, buenos se\u00f1ores, de que ya yo no soy don Quijote de la Mancha, sino Alonso Quijano, a quien mis costumbres me dieron renombre de Bueno. Ya soy enemigo de Amad\u00eds de Gaula y de toda la infinita caterva de su linaje, ya me son odiosas todas las historias profanas del andante caballer\u00eda, ya conozco mi necedad y el peligro en que me pusieron haberlas le\u00eddo, ya, por misericordia de Dios, escarmentando en cabeza propia, las abomino.<\/span><\/p>\n<p style=\"text-align: justify;\"><span style=\"font-family: georgia, palatino, serif; font-size: 20px;\">Cuando esto le oyeron decir los tres, creyeron, sin duda, que alguna nueva locura le hab\u00eda tomado. Y Sans\u00f3n le dijo:<\/span><\/p>\n<p style=\"text-align: justify;\"><span style=\"font-family: georgia, palatino, serif; font-size: 20px;\">\u2014 \u00bfAhora, se\u00f1or don Quijote, que tenemos nueva que est\u00e1 desencantada la se\u00f1ora Dulcinea, sale vuestra merced con eso? Y \u00bfagora que estamos tan a pique de ser pastores, para pasar cantando la vida, como unos pr\u00edncipes, quiere vuesa merced hacerse ermita\u00f1o? Calle, por su vida, vuelva en s\u00ed, y d\u00e9jese de cuentos.<\/span><\/p>\n<p style=\"text-align: justify;\"><span style=\"font-family: georgia, palatino, serif; font-size: 20px;\">\u2014 Los de hasta aqu\u00ed \u2014replic\u00f3 don Quijote\u2014, que han sido verdaderos en mi da\u00f1o, los ha de volver mi muerte, con ayuda del cielo, en mi provecho. Yo, se\u00f1ores, siento que me voy muriendo a toda priesa; d\u00e9jense burlas aparte, y tra\u00edganme un confesor que me confiese y un escribano que haga mi testamento, que en tales trances como \u00e9ste no se ha de burlar el hombre con el alma; y as\u00ed, suplico que, en tanto que el se\u00f1or cura me confiesa, vayan por el escribano.<\/span><\/p>\n<p style=\"text-align: justify;\"><span style=\"font-family: georgia, palatino, serif; font-size: 20px;\">Mir\u00e1ronse unos a otros, admirados de las razones de don Quijote, y, aunque en duda, le quisieron creer; y una de las se\u00f1ales por donde conjeturaron se mor\u00eda fue el haber vuelto con tanta facilidad de loco a cuerdo, porque a las ya dichas razones a\u00f1adi\u00f3 otras muchas tan bien dichas, tan cristianas y con tanto concierto, que del todo les vino a quitar la duda, y a creer que estaba cuerdo.<\/span><\/p>\n<p style=\"text-align: justify;\"><span style=\"font-family: georgia, palatino, serif; font-size: 20px;\">Hizo salir la gente el cura, y qued\u00f3se solo con \u00e9l, y confes\u00f3le.<\/span><\/p>\n<p style=\"text-align: justify;\"><span style=\"font-family: georgia, palatino, serif; font-size: 20px;\">El bachiller fue por el escribano, y de all\u00ed a poco volvi\u00f3 con \u00e9l y con Sancho Panza; el cual Sancho, que ya sab\u00eda por nuevas del bachiller en qu\u00e9 estado estaba su se\u00f1or, hallando a la ama y a la sobrina llorosas, comenz\u00f3 a hacer pucheros y a derramar l\u00e1grimas. Acab\u00f3se la confesi\u00f3n, y sali\u00f3 el cura, diciendo:<\/span><\/p>\n<p style=\"text-align: justify;\"><span style=\"font-family: georgia, palatino, serif; font-size: 20px;\">\u2014 Verdaderamente se muere, y verdaderamente est\u00e1 cuerdo Alonso Quijano el Bueno; bien podemos entrar para que haga su testamento.<\/span><\/p>\n<p style=\"text-align: justify;\"><span style=\"font-family: georgia, palatino, serif; font-size: 20px;\">Estas nuevas dieron un terrible empuj\u00f3n a los ojos pre\u00f1ados de ama, sobrina y de Sancho Panza, su buen escudero, de tal manera, que los hizo reventar las l\u00e1grimas de los ojos y mil profundos suspiros del pecho; porque, verdaderamente, como alguna vez se ha dicho, en tanto que don Quijote fue Alonso Quijano el Bueno, a secas, y en tanto que fue don Quijote de la Mancha, fue siempre de apacible condici\u00f3n y de agradable trato, y por esto no s\u00f3lo era bien querido de los de su casa, sino de todos cuantos le conoc\u00edan.<\/span><\/p>\n<p style=\"text-align: justify;\"><span style=\"font-family: georgia, palatino, serif; font-size: 20px;\">Entr\u00f3 el escribano con los dem\u00e1s, y, despu\u00e9s de haber hecho la cabeza del testamento y ordenado su alma don Quijote, con todas aquellas circunstancias cristianas que se requieren, llegando a las mandas, dijo:<\/span><\/p>\n<p style=\"text-align: justify;\"><span style=\"font-family: georgia, palatino, serif; font-size: 20px;\">\u2014 \u00cdtem, es mi voluntad que de ciertos dineros que Sancho Panza, a quien en mi locura hice mi escudero, tiene, que, porque ha habido entre \u00e9l y m\u00ed ciertas cuentas, y dares y tomares, quiero que no se le haga cargo dellos, ni se le pida cuenta alguna, sino que si sobrare alguno, despu\u00e9s de haberse pagado de lo que le debo, el restante sea suyo, que ser\u00e1 bien poco, y buen provecho le haga; y, si como estando yo loco fui parte para darle el gobierno de la \u00ednsula, pudiera agora, estando cuerdo, darle el de un reino, se le diera, porque la sencillez de su condici\u00f3n y fidelidad de su trato lo merece.<\/span><\/p>\n<p style=\"text-align: justify;\"><span style=\"font-family: georgia, palatino, serif; font-size: 20px;\">Y, volvi\u00e9ndose a Sancho, le dijo:<\/span><\/p>\n<p style=\"text-align: justify;\"><span style=\"font-family: georgia, palatino, serif; font-size: 20px;\">\u2014 Perd\u00f3name, amigo, de la ocasi\u00f3n que te he dado de parecer loco como yo, haci\u00e9ndote caer en el error en que yo he ca\u00eddo, de que hubo y hay caballeros andantes en el mundo.<\/span><\/p>\n<p style=\"text-align: justify;\"><span style=\"font-family: georgia, palatino, serif; font-size: 20px;\">\u2014 \u00a1Ay! \u2014respondi\u00f3 Sancho, llorando\u2014: no se muera vuestra merced, se\u00f1or m\u00edo, sino tome mi consejo y viva muchos a\u00f1os, porque la mayor locura que puede hacer un hombre en esta vida es dejarse morir, sin m\u00e1s ni m\u00e1s, sin que nadie le mate, ni otras manos le acaben que las de la melancol\u00eda. Mire no sea perezoso, sino lev\u00e1ntese desa cama, y v\u00e1monos al campo vestidos de pastores, como tenemos concertado: quiz\u00e1 tras de alguna mata hallaremos a la se\u00f1ora do\u00f1a Dulcinea desencantada, que no haya m\u00e1s que ver. Si es que se muere de pesar de verse vencido, \u00e9cheme a m\u00ed la culpa, diciendo que por haber yo cinchado mal a Rocinante le derribaron; cuanto m\u00e1s, que vuestra merced habr\u00e1 visto en sus libros de caballer\u00edas ser cosa ordinaria derribarse unos caballeros a otros, y el que es vencido hoy ser vencedor ma\u00f1ana.<\/span><\/p>\n<p style=\"text-align: justify;\"><span style=\"font-family: georgia, palatino, serif; font-size: 20px;\">\u2014 As\u00ed es \u2014dijo Sans\u00f3n\u2014, y el buen Sancho Panza est\u00e1 muy en la verdad destos casos.<\/span><\/p>\n<p style=\"text-align: justify;\"><span style=\"font-family: georgia, palatino, serif; font-size: 20px;\">\u2014 Se\u00f1ores \u2014dijo don Quijote\u2014, v\u00e1monos poco a poco, pues ya en los nidos de anta\u00f1o no hay p\u00e1jaros hoga\u00f1o: yo fui loco, y ya soy cuerdo; fui don Quijote de la Mancha, y soy agora, como he dicho, Alonso Quijano el Bueno. Pueda con vuestras mercedes mi arrepentimiento y mi verdad volverme a la estimaci\u00f3n que de m\u00ed se ten\u00eda, y prosiga adelante el se\u00f1or escribano.<\/span><\/p>\n<p style=\"text-align: justify;\"><span style=\"font-family: georgia, palatino, serif; font-size: 20px;\">\u00bb\u00cdtem, mando toda mi hacienda, a puerta cerrada, a Antonia Quijana, mi sobrina, que est\u00e1 presente, habiendo sacado primero de lo m\u00e1s bien parado della lo que fuere menester para cumplir las mandas que dejo hechas; y la primera satisfaci\u00f3n que se haga quiero que sea pagar el salario que debo del tiempo que mi ama me ha servido, y m\u00e1s veinte ducados para un vestido. Dejo por mis albaceas al se\u00f1or cura y al se\u00f1or bachiller Sans\u00f3n Carrasco, que est\u00e1n presentes.<\/span><\/p>\n<p style=\"text-align: justify;\"><span style=\"font-family: georgia, palatino, serif; font-size: 20px;\">\u00bb\u00cdtem, es mi voluntad que si Antonia Quijana, mi sobrina, quisiere casarse, se case con hombre de quien primero se haya hecho informaci\u00f3n que no sabe qu\u00e9 cosas sean libros de caballer\u00edas; y, en caso que se averiguare que lo sabe, y, con todo eso, mi sobrina quisiere casarse con \u00e9l, y se casare, pierda todo lo que le he mandado, lo cual puedan mis albaceas distribuir en obras p\u00edas a su voluntad.<\/span><\/p>\n<p style=\"text-align: justify;\"><span style=\"font-family: georgia, palatino, serif; font-size: 20px;\">\u00bb\u00cdtem, suplico a los dichos se\u00f1ores mis albaceas que si la buena suerte les trujere a conocer al autor que dicen que compuso una historia que anda por ah\u00ed con el t\u00edtulo de Segunda parte de las haza\u00f1as de don Quijote de la Mancha, de mi parte le pidan, cuan encarecidamente ser pueda, perdone la ocasi\u00f3n que sin yo pensarlo le di de haber escrito tantos y tan grandes disparates como en ella escribe, porque parto desta vida con escr\u00fapulo de haberle dado motivo para escribirlos.<\/span><\/p>\n<p style=\"text-align: justify;\"><span style=\"font-family: georgia, palatino, serif; font-size: 20px;\">Cerr\u00f3 con esto el testamento, y, tom\u00e1ndole un desmayo, se tendi\u00f3 de largo a largo en la cama. Alborot\u00e1ronse todos y acudieron a su remedio, y en tres d\u00edas que vivi\u00f3 despu\u00e9s deste donde hizo el testamento, se desmayaba muy a menudo. Andaba la casa alborotada; pero, con todo, com\u00eda la sobrina, brindaba el ama, y se regocijaba Sancho Panza; que esto del heredar algo borra o templa en el heredero la memoria de la pena que es raz\u00f3n que deje el muerto.<\/span><\/p>\n<p style=\"text-align: justify;\"><span style=\"font-family: georgia, palatino, serif; font-size: 20px;\">En fin, lleg\u00f3 el \u00faltimo de don Quijote, despu\u00e9s de recebidos todos los sacramentos, y despu\u00e9s de haber abominado con muchas y eficaces razones de los libros de caballer\u00edas. Hall\u00f3se el escribano presente, y dijo que nunca hab\u00eda le\u00eddo en ning\u00fan libro de caballer\u00edas que alg\u00fan caballero andante hubiese muerto en su lecho tan sosegadamente y tan cristiano como don Quijote; el cual, entre compasiones y l\u00e1grimas de los que all\u00ed se hallaron, dio su esp\u00edritu: quiero decir que se muri\u00f3.<\/span><\/p>\n<p style=\"text-align: justify;\"><span style=\"font-family: georgia, palatino, serif; font-size: 20px;\">Viendo lo cual el cura, pidi\u00f3 al escribano le diese por testimonio como Alonso Quijano el Bueno, llamado com\u00fanmente don Quijote de la Mancha, hab\u00eda pasado desta presente vida y muerto naturalmente; y que el tal testimonio ped\u00eda para quitar la ocasi\u00f3n de alg\u00fan otro autor que Cide Hamete Benengeli le resucitase falsamente, y hiciese inacabables historias de sus haza\u00f1as.<\/span><\/p>\n<p style=\"text-align: justify;\"><span style=\"font-family: georgia, palatino, serif; font-size: 20px;\">Este fin tuvo el Ingenioso Hidalgo de la Mancha, cuyo lugar no quiso poner Cide Hamete puntualmente, por dejar que todas las villas y lugares de la Mancha contendiesen entre s\u00ed por ahij\u00e1rsele y ten\u00e9rsele por suyo, como contendieron las siete ciudades de Grecia por Homero.<\/span><\/p>\n<p style=\"text-align: justify;\"><span style=\"font-family: georgia, palatino, serif; font-size: 20px;\">D\u00e9janse de poner aqu\u00ed los llantos de Sancho, sobrina y ama de don Quijote, los nuevos epitafios de su sepultura, aunque Sans\u00f3n Carrasco le puso \u00e9ste:<\/span><\/p>\n<p class=\"verse\" style=\"text-align: justify; padding-left: 120px;\"><span style=\"font-family: georgia, palatino, serif; font-size: 20px;\">Yace aqu\u00ed el Hidalgo fuerte<\/span><br \/>\n<span style=\"font-family: georgia, palatino, serif; font-size: 20px;\">que a tanto estremo lleg\u00f3<\/span><br \/>\n<span style=\"font-family: georgia, palatino, serif; font-size: 20px;\">de valiente, que se advierte<\/span><br \/>\n<span style=\"font-family: georgia, palatino, serif; font-size: 20px;\">que la muerte no triunf\u00f3<\/span><br \/>\n<span style=\"font-family: georgia, palatino, serif; font-size: 20px;\">de su vida con su muerte.<\/span><br \/>\n<span style=\"font-family: georgia, palatino, serif; font-size: 20px;\">Tuvo a todo el mundo en poco;<\/span><br \/>\n<span style=\"font-family: georgia, palatino, serif; font-size: 20px;\">fue el espantajo y el coco<\/span><br \/>\n<span style=\"font-family: georgia, palatino, serif; font-size: 20px;\">del mundo, en tal coyuntura,<\/span><br \/>\n<span style=\"font-family: georgia, palatino, serif; font-size: 20px;\">que acredit\u00f3 su ventura<\/span><br \/>\n<span style=\"font-family: georgia, palatino, serif; font-size: 20px;\">morir cuerdo y vivir loco.<\/span><\/p>\n<p style=\"text-align: justify;\"><span style=\"font-family: georgia, palatino, serif; font-size: 20px;\">Y el prudent\u00edsimo Cide Hamete dijo a su pluma:<\/span><\/p>\n<p style=\"text-align: justify;\"><span style=\"font-family: georgia, palatino, serif; font-size: 20px;\">\u2014 Aqu\u00ed quedar\u00e1s, colgada desta espetera y deste hilo de alambre, ni s\u00e9 si bien cortada o mal tajada p\u00e9\u00f1ola m\u00eda, adonde vivir\u00e1s luengos siglos, si presuntuosos y malandrines historiadores no te descuelgan para profanarte. Pero, antes que a ti lleguen, les puedes advertir, y decirles en el mejor modo que pudieres:<\/span><\/p>\n<p class=\"verse\" style=\"text-align: justify; padding-left: 120px;\"><span style=\"font-family: georgia, palatino, serif; font-size: 20px;\">\u00bb\u00a1Tate, tate, folloncicos!<\/span><br \/>\n<span style=\"font-family: georgia, palatino, serif; font-size: 20px;\">De ninguno sea tocada;<\/span><br \/>\n<span style=\"font-family: georgia, palatino, serif; font-size: 20px;\">porque esta impresa, buen rey,<\/span><br \/>\n<span style=\"font-family: georgia, palatino, serif; font-size: 20px;\">para m\u00ed estaba guardada.<\/span><\/p>\n<p style=\"text-align: justify;\"><span style=\"font-family: georgia, palatino, serif; font-size: 20px;\">Para m\u00ed sola naci\u00f3 don Quijote, y yo para \u00e9l; \u00e9l supo obrar y yo escribir; solos los dos somos para en uno, a despecho y pesar del escritor fingido y tordesillesco que se atrevi\u00f3, o se ha de atrever, a escribir con pluma de avestruz grosera y mal deli\u00f1ada las haza\u00f1as de mi valeroso caballero, porque no es carga de sus hombros ni asunto de su resfriado ingenio; a quien advertir\u00e1s, si acaso llegas a conocerle, que deje reposar en la sepultura los cansados y ya podridos huesos de don Quijote, y no le quiera llevar, contra todos los fueros de la muerte, a Castilla la Vieja, haci\u00e9ndole salir de la fuesa donde real y verdaderamente yace tendido de largo a largo, imposibilitado de hacer tercera jornada y salida nueva; que, para hacer burla de tantas como hicieron tantos andantes caballeros, bastan las dos que \u00e9l hizo, tan a gusto y benepl\u00e1cito de las gentes a cuya noticia llegaron, as\u00ed en \u00e9stos como en los estra\u00f1os reinos\u00bb. Y con esto cumplir\u00e1s con tu cristiana profesi\u00f3n, aconsejando bien a quien mal te quiere, y yo quedar\u00e9 satisfecho y ufano de haber sido el primero que goz\u00f3 el fruto de sus escritos enteramente, como deseaba, pues no ha sido otro mi deseo que poner en aborrecimiento de los hombres las fingidas y disparatadas historias de los libros de caballer\u00edas, que, por las de mi verdadero don Quijote, van ya tropezando, y han de caer del todo, sin duda alguna. Vale.<\/span><\/p>\n<p style=\"text-align: center;\"><span style=\"font-family: georgia, palatino, serif; font-size: 24px;\">Fin<\/span><\/p>\n<p>REDACCI\u00d3N<\/p>\n<p>Puede leerse en su totalidad todos los cap\u00edtulos pulsando <a href=\"https:\/\/hojassueltas.es\/?cat=2176\"><span style=\"font-size: 24px;\"><strong>aqu\u00ed<\/strong><\/span><\/a><\/p>\n<p style=\"text-align: justify;\" data-start=\"513\" data-end=\"718\" data-is-last-node=\"\" data-is-only-node=\"\">\n","protected":false},"excerpt":{"rendered":"<p>Desde el 20 de enero de 2025, Hojas Sueltas ha venido publicando, semana a semana, la obra cumbre del \u00abPr\u00edncipe de los Ingenios\u00bb, Miguel de Cervantes Saavedra: Don Quijote de la Mancha. Con la entrega de dos cap\u00edtulos semanales, hemos querido ofrecer a nuestros lectores y seguidores la oportunidad de leer \u2014o releer\u2014 esta insigne [&hellip;]<\/p>\n","protected":false},"author":1,"featured_media":22490,"comment_status":"open","ping_status":"closed","sticky":false,"template":"","format":"standard","meta":{"footnotes":""},"categories":[2176],"tags":[445],"class_list":{"0":"post-29239","1":"post","2":"type-post","3":"status-publish","4":"format-standard","5":"has-post-thumbnail","7":"category-don-quijote-de-la-mancha","8":"tag-miguel-de-cervantes"},"yoast_head":"<!-- This site is optimized with the Yoast SEO plugin v27.5 - https:\/\/yoast.com\/product\/yoast-seo-wordpress\/ -->\n<title>Don Quijote de la Mancha - Segunda parte, Cap\u00edtulos LXXIII y LXXIV - Final de la Obra | HOJAS SUELTAS Peri\u00f3dico Cultural<\/title>\n<meta name=\"robots\" content=\"index, follow, max-snippet:-1, max-image-preview:large, max-video-preview:-1\" \/>\n<link rel=\"canonical\" href=\"https:\/\/hojassueltas.es\/?p=29239\" \/>\n<meta property=\"og:locale\" content=\"es_ES\" \/>\n<meta property=\"og:type\" content=\"article\" \/>\n<meta property=\"og:title\" content=\"Don Quijote de la Mancha - Segunda parte, Cap\u00edtulos LXXIII y LXXIV - Final de la Obra | HOJAS SUELTAS Peri\u00f3dico Cultural\" \/>\n<meta property=\"og:description\" content=\"Desde el 20 de enero de 2025, Hojas Sueltas ha venido publicando, semana a semana, la obra cumbre del \u00abPr\u00edncipe de los Ingenios\u00bb, Miguel de Cervantes Saavedra: Don Quijote de la Mancha. Con la entrega de dos cap\u00edtulos semanales, hemos querido ofrecer a nuestros lectores y seguidores la oportunidad de leer \u2014o releer\u2014 esta insigne [&hellip;]\" \/>\n<meta property=\"og:url\" content=\"https:\/\/hojassueltas.es\/?p=29239\" \/>\n<meta property=\"og:site_name\" content=\"HOJAS SUELTAS Peri\u00f3dico Cultural\" \/>\n<meta property=\"article:published_time\" content=\"2026-05-02T22:00:14+00:00\" \/>\n<meta property=\"article:modified_time\" content=\"2026-05-03T07:18:45+00:00\" \/>\n<meta property=\"og:image\" content=\"https:\/\/hojassueltas.es\/wp-content\/uploads\/2025\/08\/Don-Quijote-de-La-Mancha_H.S.png\" \/>\n\t<meta property=\"og:image:width\" content=\"550\" \/>\n\t<meta property=\"og:image:height\" content=\"750\" \/>\n\t<meta property=\"og:image:type\" content=\"image\/png\" \/>\n<meta name=\"author\" content=\"Redacci\u00f3n\" \/>\n<meta name=\"twitter:card\" content=\"summary_large_image\" \/>\n<meta name=\"twitter:creator\" content=\"@HOJASSUELTAS22\" \/>\n<meta name=\"twitter:site\" content=\"@HOJASSUELTAS22\" \/>\n<meta name=\"twitter:label1\" content=\"Escrito por\" \/>\n\t<meta name=\"twitter:data1\" content=\"Redacci\u00f3n\" \/>\n\t<meta name=\"twitter:label2\" content=\"Tiempo de lectura\" \/>\n\t<meta name=\"twitter:data2\" content=\"21 minutos\" \/>\n<script type=\"application\/ld+json\" class=\"yoast-schema-graph\">{\"@context\":\"https:\\\/\\\/schema.org\",\"@graph\":[{\"@type\":[\"Article\",\"BlogPosting\"],\"@id\":\"https:\\\/\\\/hojassueltas.es\\\/?p=29239#article\",\"isPartOf\":{\"@id\":\"https:\\\/\\\/hojassueltas.es\\\/?p=29239\"},\"author\":{\"name\":\"Redacci\u00f3n\",\"@id\":\"https:\\\/\\\/hojassueltas.es\\\/#\\\/schema\\\/person\\\/f232bbdb834c61c90aff2245daa401c0\"},\"headline\":\"Don Quijote de la Mancha &#8211; Segunda parte, Cap\u00edtulos LXXIII y LXXIV &#8211; Final de la Obra\",\"datePublished\":\"2026-05-02T22:00:14+00:00\",\"dateModified\":\"2026-05-03T07:18:45+00:00\",\"mainEntityOfPage\":{\"@id\":\"https:\\\/\\\/hojassueltas.es\\\/?p=29239\"},\"wordCount\":4639,\"commentCount\":0,\"publisher\":{\"@id\":\"https:\\\/\\\/hojassueltas.es\\\/#organization\"},\"image\":{\"@id\":\"https:\\\/\\\/hojassueltas.es\\\/?p=29239#primaryimage\"},\"thumbnailUrl\":\"https:\\\/\\\/hojassueltas.es\\\/wp-content\\\/uploads\\\/2025\\\/08\\\/Don-Quijote-de-La-Mancha_H.S.png\",\"keywords\":[\"Miguel de Cervantes\"],\"articleSection\":[\"Don Quijote de La Mancha\"],\"inLanguage\":\"es\",\"potentialAction\":[{\"@type\":\"CommentAction\",\"name\":\"Comment\",\"target\":[\"https:\\\/\\\/hojassueltas.es\\\/?p=29239#respond\"]}]},{\"@type\":\"WebPage\",\"@id\":\"https:\\\/\\\/hojassueltas.es\\\/?p=29239\",\"url\":\"https:\\\/\\\/hojassueltas.es\\\/?p=29239\",\"name\":\"Don Quijote de la Mancha - Segunda parte, Cap\u00edtulos LXXIII y LXXIV - Final de la Obra | HOJAS SUELTAS Peri\u00f3dico Cultural\",\"isPartOf\":{\"@id\":\"https:\\\/\\\/hojassueltas.es\\\/#website\"},\"primaryImageOfPage\":{\"@id\":\"https:\\\/\\\/hojassueltas.es\\\/?p=29239#primaryimage\"},\"image\":{\"@id\":\"https:\\\/\\\/hojassueltas.es\\\/?p=29239#primaryimage\"},\"thumbnailUrl\":\"https:\\\/\\\/hojassueltas.es\\\/wp-content\\\/uploads\\\/2025\\\/08\\\/Don-Quijote-de-La-Mancha_H.S.png\",\"datePublished\":\"2026-05-02T22:00:14+00:00\",\"dateModified\":\"2026-05-03T07:18:45+00:00\",\"breadcrumb\":{\"@id\":\"https:\\\/\\\/hojassueltas.es\\\/?p=29239#breadcrumb\"},\"inLanguage\":\"es\",\"potentialAction\":[{\"@type\":\"ReadAction\",\"target\":[\"https:\\\/\\\/hojassueltas.es\\\/?p=29239\"]}]},{\"@type\":\"ImageObject\",\"inLanguage\":\"es\",\"@id\":\"https:\\\/\\\/hojassueltas.es\\\/?p=29239#primaryimage\",\"url\":\"https:\\\/\\\/hojassueltas.es\\\/wp-content\\\/uploads\\\/2025\\\/08\\\/Don-Quijote-de-La-Mancha_H.S.png\",\"contentUrl\":\"https:\\\/\\\/hojassueltas.es\\\/wp-content\\\/uploads\\\/2025\\\/08\\\/Don-Quijote-de-La-Mancha_H.S.png\",\"width\":550,\"height\":750},{\"@type\":\"BreadcrumbList\",\"@id\":\"https:\\\/\\\/hojassueltas.es\\\/?p=29239#breadcrumb\",\"itemListElement\":[{\"@type\":\"ListItem\",\"position\":1,\"name\":\"Portada\",\"item\":\"https:\\\/\\\/hojassueltas.es\\\/\"},{\"@type\":\"ListItem\",\"position\":2,\"name\":\"Don Quijote de la Mancha &#8211; Segunda parte, Cap\u00edtulos LXXIII y LXXIV &#8211; Final de la Obra\"}]},{\"@type\":\"WebSite\",\"@id\":\"https:\\\/\\\/hojassueltas.es\\\/#website\",\"url\":\"https:\\\/\\\/hojassueltas.es\\\/\",\"name\":\"HojasSueltas.es\",\"description\":\"GRANADA - Peri\u00f3dico Cultural\",\"publisher\":{\"@id\":\"https:\\\/\\\/hojassueltas.es\\\/#organization\"},\"alternateName\":\"H.S. Periodico Cultural\",\"potentialAction\":[{\"@type\":\"SearchAction\",\"target\":{\"@type\":\"EntryPoint\",\"urlTemplate\":\"https:\\\/\\\/hojassueltas.es\\\/?s={search_term_string}\"},\"query-input\":{\"@type\":\"PropertyValueSpecification\",\"valueRequired\":true,\"valueName\":\"search_term_string\"}}],\"inLanguage\":\"es\"},{\"@type\":\"Organization\",\"@id\":\"https:\\\/\\\/hojassueltas.es\\\/#organization\",\"name\":\"HOJAS SUELTAS - Peri\u00f3dico Cultural\",\"alternateName\":\"HS - HOJAS SUELTAS Peri\u00f3dico Cultural\",\"url\":\"https:\\\/\\\/hojassueltas.es\\\/\",\"logo\":{\"@type\":\"ImageObject\",\"inLanguage\":\"es\",\"@id\":\"https:\\\/\\\/hojassueltas.es\\\/#\\\/schema\\\/logo\\\/image\\\/\",\"url\":\"https:\\\/\\\/hojassueltas.es\\\/wp-content\\\/uploads\\\/2025\\\/08\\\/Icono-HS_2.png\",\"contentUrl\":\"https:\\\/\\\/hojassueltas.es\\\/wp-content\\\/uploads\\\/2025\\\/08\\\/Icono-HS_2.png\",\"width\":500,\"height\":500,\"caption\":\"HOJAS SUELTAS - Peri\u00f3dico Cultural\"},\"image\":{\"@id\":\"https:\\\/\\\/hojassueltas.es\\\/#\\\/schema\\\/logo\\\/image\\\/\"},\"sameAs\":[\"https:\\\/\\\/x.com\\\/HOJASSUELTAS22\"]},{\"@type\":\"Person\",\"@id\":\"https:\\\/\\\/hojassueltas.es\\\/#\\\/schema\\\/person\\\/f232bbdb834c61c90aff2245daa401c0\",\"name\":\"Redacci\u00f3n\",\"image\":{\"@type\":\"ImageObject\",\"inLanguage\":\"es\",\"@id\":\"https:\\\/\\\/hojassueltas.es\\\/wp-content\\\/uploads\\\/2026\\\/02\\\/Redaccion-2-96x96.png\",\"url\":\"https:\\\/\\\/hojassueltas.es\\\/wp-content\\\/uploads\\\/2026\\\/02\\\/Redaccion-2-96x96.png\",\"contentUrl\":\"https:\\\/\\\/hojassueltas.es\\\/wp-content\\\/uploads\\\/2026\\\/02\\\/Redaccion-2-96x96.png\",\"caption\":\"Redacci\u00f3n\"},\"description\":\"Redacci\u00f3n de HOJAS SUELTAS\",\"url\":\"https:\\\/\\\/hojassueltas.es\\\/?author=1\"}]}<\/script>\n<!-- \/ Yoast SEO plugin. -->","yoast_head_json":{"title":"Don Quijote de la Mancha - Segunda parte, Cap\u00edtulos LXXIII y LXXIV - Final de la Obra | HOJAS SUELTAS Peri\u00f3dico Cultural","robots":{"index":"index","follow":"follow","max-snippet":"max-snippet:-1","max-image-preview":"max-image-preview:large","max-video-preview":"max-video-preview:-1"},"canonical":"https:\/\/hojassueltas.es\/?p=29239","og_locale":"es_ES","og_type":"article","og_title":"Don Quijote de la Mancha - Segunda parte, Cap\u00edtulos LXXIII y LXXIV - Final de la Obra | HOJAS SUELTAS Peri\u00f3dico Cultural","og_description":"Desde el 20 de enero de 2025, Hojas Sueltas ha venido publicando, semana a semana, la obra cumbre del \u00abPr\u00edncipe de los Ingenios\u00bb, Miguel de Cervantes Saavedra: Don Quijote de la Mancha. Con la entrega de dos cap\u00edtulos semanales, hemos querido ofrecer a nuestros lectores y seguidores la oportunidad de leer \u2014o releer\u2014 esta insigne [&hellip;]","og_url":"https:\/\/hojassueltas.es\/?p=29239","og_site_name":"HOJAS SUELTAS Peri\u00f3dico Cultural","article_published_time":"2026-05-02T22:00:14+00:00","article_modified_time":"2026-05-03T07:18:45+00:00","og_image":[{"width":550,"height":750,"url":"https:\/\/hojassueltas.es\/wp-content\/uploads\/2025\/08\/Don-Quijote-de-La-Mancha_H.S.png","type":"image\/png"}],"author":"Redacci\u00f3n","twitter_card":"summary_large_image","twitter_creator":"@HOJASSUELTAS22","twitter_site":"@HOJASSUELTAS22","twitter_misc":{"Escrito por":"Redacci\u00f3n","Tiempo de lectura":"21 minutos"},"schema":{"@context":"https:\/\/schema.org","@graph":[{"@type":["Article","BlogPosting"],"@id":"https:\/\/hojassueltas.es\/?p=29239#article","isPartOf":{"@id":"https:\/\/hojassueltas.es\/?p=29239"},"author":{"name":"Redacci\u00f3n","@id":"https:\/\/hojassueltas.es\/#\/schema\/person\/f232bbdb834c61c90aff2245daa401c0"},"headline":"Don Quijote de la Mancha &#8211; Segunda parte, Cap\u00edtulos LXXIII y LXXIV &#8211; Final de la Obra","datePublished":"2026-05-02T22:00:14+00:00","dateModified":"2026-05-03T07:18:45+00:00","mainEntityOfPage":{"@id":"https:\/\/hojassueltas.es\/?p=29239"},"wordCount":4639,"commentCount":0,"publisher":{"@id":"https:\/\/hojassueltas.es\/#organization"},"image":{"@id":"https:\/\/hojassueltas.es\/?p=29239#primaryimage"},"thumbnailUrl":"https:\/\/hojassueltas.es\/wp-content\/uploads\/2025\/08\/Don-Quijote-de-La-Mancha_H.S.png","keywords":["Miguel de Cervantes"],"articleSection":["Don Quijote de La Mancha"],"inLanguage":"es","potentialAction":[{"@type":"CommentAction","name":"Comment","target":["https:\/\/hojassueltas.es\/?p=29239#respond"]}]},{"@type":"WebPage","@id":"https:\/\/hojassueltas.es\/?p=29239","url":"https:\/\/hojassueltas.es\/?p=29239","name":"Don Quijote de la Mancha - Segunda parte, Cap\u00edtulos LXXIII y LXXIV - Final de la Obra | HOJAS SUELTAS Peri\u00f3dico Cultural","isPartOf":{"@id":"https:\/\/hojassueltas.es\/#website"},"primaryImageOfPage":{"@id":"https:\/\/hojassueltas.es\/?p=29239#primaryimage"},"image":{"@id":"https:\/\/hojassueltas.es\/?p=29239#primaryimage"},"thumbnailUrl":"https:\/\/hojassueltas.es\/wp-content\/uploads\/2025\/08\/Don-Quijote-de-La-Mancha_H.S.png","datePublished":"2026-05-02T22:00:14+00:00","dateModified":"2026-05-03T07:18:45+00:00","breadcrumb":{"@id":"https:\/\/hojassueltas.es\/?p=29239#breadcrumb"},"inLanguage":"es","potentialAction":[{"@type":"ReadAction","target":["https:\/\/hojassueltas.es\/?p=29239"]}]},{"@type":"ImageObject","inLanguage":"es","@id":"https:\/\/hojassueltas.es\/?p=29239#primaryimage","url":"https:\/\/hojassueltas.es\/wp-content\/uploads\/2025\/08\/Don-Quijote-de-La-Mancha_H.S.png","contentUrl":"https:\/\/hojassueltas.es\/wp-content\/uploads\/2025\/08\/Don-Quijote-de-La-Mancha_H.S.png","width":550,"height":750},{"@type":"BreadcrumbList","@id":"https:\/\/hojassueltas.es\/?p=29239#breadcrumb","itemListElement":[{"@type":"ListItem","position":1,"name":"Portada","item":"https:\/\/hojassueltas.es\/"},{"@type":"ListItem","position":2,"name":"Don Quijote de la Mancha &#8211; Segunda parte, Cap\u00edtulos LXXIII y LXXIV &#8211; Final de la Obra"}]},{"@type":"WebSite","@id":"https:\/\/hojassueltas.es\/#website","url":"https:\/\/hojassueltas.es\/","name":"HojasSueltas.es","description":"GRANADA - Peri\u00f3dico Cultural","publisher":{"@id":"https:\/\/hojassueltas.es\/#organization"},"alternateName":"H.S. Periodico Cultural","potentialAction":[{"@type":"SearchAction","target":{"@type":"EntryPoint","urlTemplate":"https:\/\/hojassueltas.es\/?s={search_term_string}"},"query-input":{"@type":"PropertyValueSpecification","valueRequired":true,"valueName":"search_term_string"}}],"inLanguage":"es"},{"@type":"Organization","@id":"https:\/\/hojassueltas.es\/#organization","name":"HOJAS SUELTAS - Peri\u00f3dico Cultural","alternateName":"HS - HOJAS SUELTAS Peri\u00f3dico Cultural","url":"https:\/\/hojassueltas.es\/","logo":{"@type":"ImageObject","inLanguage":"es","@id":"https:\/\/hojassueltas.es\/#\/schema\/logo\/image\/","url":"https:\/\/hojassueltas.es\/wp-content\/uploads\/2025\/08\/Icono-HS_2.png","contentUrl":"https:\/\/hojassueltas.es\/wp-content\/uploads\/2025\/08\/Icono-HS_2.png","width":500,"height":500,"caption":"HOJAS SUELTAS - Peri\u00f3dico Cultural"},"image":{"@id":"https:\/\/hojassueltas.es\/#\/schema\/logo\/image\/"},"sameAs":["https:\/\/x.com\/HOJASSUELTAS22"]},{"@type":"Person","@id":"https:\/\/hojassueltas.es\/#\/schema\/person\/f232bbdb834c61c90aff2245daa401c0","name":"Redacci\u00f3n","image":{"@type":"ImageObject","inLanguage":"es","@id":"https:\/\/hojassueltas.es\/wp-content\/uploads\/2026\/02\/Redaccion-2-96x96.png","url":"https:\/\/hojassueltas.es\/wp-content\/uploads\/2026\/02\/Redaccion-2-96x96.png","contentUrl":"https:\/\/hojassueltas.es\/wp-content\/uploads\/2026\/02\/Redaccion-2-96x96.png","caption":"Redacci\u00f3n"},"description":"Redacci\u00f3n de HOJAS SUELTAS","url":"https:\/\/hojassueltas.es\/?author=1"}]}},"_links":{"self":[{"href":"https:\/\/hojassueltas.es\/index.php?rest_route=\/wp\/v2\/posts\/29239","targetHints":{"allow":["GET"]}}],"collection":[{"href":"https:\/\/hojassueltas.es\/index.php?rest_route=\/wp\/v2\/posts"}],"about":[{"href":"https:\/\/hojassueltas.es\/index.php?rest_route=\/wp\/v2\/types\/post"}],"author":[{"embeddable":true,"href":"https:\/\/hojassueltas.es\/index.php?rest_route=\/wp\/v2\/users\/1"}],"replies":[{"embeddable":true,"href":"https:\/\/hojassueltas.es\/index.php?rest_route=%2Fwp%2Fv2%2Fcomments&post=29239"}],"version-history":[{"count":2,"href":"https:\/\/hojassueltas.es\/index.php?rest_route=\/wp\/v2\/posts\/29239\/revisions"}],"predecessor-version":[{"id":29241,"href":"https:\/\/hojassueltas.es\/index.php?rest_route=\/wp\/v2\/posts\/29239\/revisions\/29241"}],"wp:featuredmedia":[{"embeddable":true,"href":"https:\/\/hojassueltas.es\/index.php?rest_route=\/wp\/v2\/media\/22490"}],"wp:attachment":[{"href":"https:\/\/hojassueltas.es\/index.php?rest_route=%2Fwp%2Fv2%2Fmedia&parent=29239"}],"wp:term":[{"taxonomy":"category","embeddable":true,"href":"https:\/\/hojassueltas.es\/index.php?rest_route=%2Fwp%2Fv2%2Fcategories&post=29239"},{"taxonomy":"post_tag","embeddable":true,"href":"https:\/\/hojassueltas.es\/index.php?rest_route=%2Fwp%2Fv2%2Ftags&post=29239"}],"curies":[{"name":"wp","href":"https:\/\/api.w.org\/{rel}","templated":true}]}}