{"id":29204,"date":"2026-04-30T00:00:19","date_gmt":"2026-04-29T22:00:19","guid":{"rendered":"https:\/\/hojassueltas.es\/?p=29204"},"modified":"2026-04-30T11:52:45","modified_gmt":"2026-04-30T09:52:45","slug":"blanca-andreu-la-intensidad-que-no-quiso-administrarse","status":"publish","type":"post","link":"https:\/\/hojassueltas.es\/?p=29204","title":{"rendered":"Blanca Andreu, la intensidad que no quiso administrarse"},"content":{"rendered":"<p align=\"justify\"><span style=\"font-size: 20px; font-family: georgia, palatino, serif;\">A Blanca Andreu se la suele recordar, cuando se la recuerda, como una irrupci\u00f3n. Naci\u00f3 en La Coru\u00f1a en 1959, aunque su infancia y formaci\u00f3n quedaron ligadas tambi\u00e9n a Orihuela, ciudad de resonancias inevitables para cualquier lector de poes\u00eda espa\u00f1ola por la sombra de Miguel Hern\u00e1ndez. Esa doble pertenencia \u2014el norte h\u00famedo y la luz levantina, el margen y el mito\u2014 no explica por s\u00ed sola su escritura, pero ayuda a entender una sensibilidad hecha de desplazamientos, de im\u00e1genes que no buscan asentarse en un paisaje estable sino atravesarlo.<\/span><\/p>\n<p align=\"justify\"><span style=\"font-size: 20px; font-family: georgia, palatino, serif;\">Su entrada en la poes\u00eda espa\u00f1ola fue fulgurante. En 1980 obtuvo el premio Adon\u00e1is con <em>De una ni\u00f1a de provincias que se vino a vivir en un Chagall<\/em>, libro publicado al a\u00f1o siguiente y convertido pronto en una se\u00f1al de cambio. En una escena dominada todav\u00eda por la resaca de los nov\u00edsimos, por la cultura como artificio brillante y por una transici\u00f3n literaria que empezaba a buscar otros tonos, Andreu apareci\u00f3 con una voz distinta: menos calculada en su culturalismo, m\u00e1s visionaria, m\u00e1s corporal, m\u00e1s dispuesta al riesgo. Aquel t\u00edtulo, tan largo y tan deliberadamente extra\u00f1o, ya anunciaba una po\u00e9tica: la provincia como origen desplazado, la infancia como territorio perturbador y Chagall como espacio de vuelo, color, desorden y metamorfosis.<\/span><\/p>\n<p align=\"justify\"><span style=\"font-size: 20px; font-family: georgia, palatino, serif;\">No me interesa leer a Andreu como una an\u00e9cdota generacional. Ser\u00eda injusto reducirla a \u201cla poeta de los ochenta\u201d o a una etiqueta de juventud. Su obra no es solo el testimonio de una \u00e9poca; es, sobre todo, la tentativa de sostener una intensidad l\u00edrica cuando el mercado literario y la conversaci\u00f3n p\u00fablica empezaban a premiar otros gestos: la claridad narrativa, la iron\u00eda reconocible, la normalizaci\u00f3n sentimental. Andreu escribi\u00f3 desde otro lugar. Su poes\u00eda no pide permiso para ser opaca, pero tampoco cultiva la oscuridad como una pose. M\u00e1s bien trabaja con una l\u00f3gica de la imagen que procede por asociaci\u00f3n, fulgor y quiebro.<\/span><\/p>\n<p align=\"justify\"><span style=\"font-size: 20px; font-family: georgia, palatino, serif;\">En <em>De una ni\u00f1a de provincias que se vino a vivir en un Chagall<\/em>, la voz po\u00e9tica parece hablar desde una adolescencia simb\u00f3lica, no biogr\u00e1fica. Hay una subjetividad que se abre paso entre colores violentos, animales, cuerpos, visiones religiosas, restos de cuento y materiales surrealistas. El poema no avanza por argumento, sino por combusti\u00f3n. Su estructura responde a una sintaxis de la aparici\u00f3n: una imagen convoca otra, y esa cadena produce un sentido emocional antes que explicativo. La lectura no se apoya en una transparencia inmediata, sino en una m\u00fasica interior, en una manera de nombrar que convierte el mundo en algo inestable.<\/span><\/p>\n<p align=\"justify\"><span style=\"font-size: 20px; font-family: georgia, palatino, serif;\">Ah\u00ed reside una de sus aportaciones formales m\u00e1s valiosas. Andreu no usa el surrealismo como decoraci\u00f3n. En sus mejores poemas, la imagen no embellece una idea previa: es la propia forma del pensamiento. El lenguaje se vuelve una materia que respira, se contamina, se desborda. Frente a cierta poes\u00eda de la experiencia que, pocos a\u00f1os despu\u00e9s, impondr\u00eda un tono conversacional y urbano, Andreu defend\u00eda una imaginaci\u00f3n menos domesticada. Su voz era nocturna, pl\u00e1stica, a veces febril, pero nunca gratuita. Hab\u00eda en ella una conciencia aguda de la herida y del deseo, una percepci\u00f3n de la identidad como algo fr\u00e1gil, teatral y cambiante.<\/span><\/p>\n<p align=\"justify\"><span style=\"font-size: 20px; font-family: georgia, palatino, serif;\">Despu\u00e9s vendr\u00edan libros como <em>B\u00e1culo de Babel<\/em> (1982), <em>Capit\u00e1n Elphistone<\/em> (1988), <em>El sue\u00f1o oscuro<\/em> (1994) y <em>La tierra transparente<\/em> (2002). La publicaci\u00f3n de su obra reunida en <em>Los archivos griegos<\/em> permiti\u00f3 ver mejor la continuidad de un itinerario que, le\u00eddo con calma, no se limita al fogonazo inicial. En esos libros se advierte una tensi\u00f3n entre la exuberancia verbal y una b\u00fasqueda creciente de depuraci\u00f3n. La poeta que hab\u00eda entrado en escena con un imaginario casi pict\u00f3rico no abandona la intensidad, pero la somete a una respiraci\u00f3n distinta. La palabra se hace menos torrencial en algunos momentos, m\u00e1s meditativa, aunque conserva esa cualidad suya de extra\u00f1eza.<\/span><\/p>\n<p align=\"justify\"><span style=\"font-size: 20px; font-family: georgia, palatino, serif;\">El contexto importa. La Espa\u00f1a de los a\u00f1os ochenta viv\u00eda una euforia cultural comprensible tras d\u00e9cadas de dictadura: apertura, experimentaci\u00f3n, deseo de modernidad, reordenaci\u00f3n de los lenguajes p\u00fablicos. Pero tambi\u00e9n comenzaba a formarse una nueva administraci\u00f3n del gusto. La cultura de la Transici\u00f3n y de la posmodernidad temprana aceptaba la rareza cuando era celebrable, joven, novedosa; resultaba menos paciente cuando esa rareza no se convert\u00eda en marca d\u00f3cil o en presencia continuada en los escaparates. En ese punto, Andreu qued\u00f3 en una posici\u00f3n inc\u00f3moda. Fue demasiado visible al principio y demasiado poco acomodaticia despu\u00e9s.<\/span><\/p>\n<p align=\"justify\"><span style=\"font-size: 20px; font-family: georgia, palatino, serif;\">Las razones de su relativo olvido son literarias, pero tambi\u00e9n institucionales. En primer lugar, la poes\u00eda espa\u00f1ola de las d\u00e9cadas posteriores tendi\u00f3 a ordenar su relato alrededor de corrientes m\u00e1s f\u00e1ciles de explicar: la poes\u00eda de la experiencia, los realismos meditativos, las escrituras del yo urbano, la recuperaci\u00f3n de una dicci\u00f3n comunicativa. En ese mapa, una obra como la de Andreu, heredera de ciertas vanguardias, del simbolismo, de la imaginaci\u00f3n visionaria y de una sensibilidad casi alucinada, no encajaba con comodidad. No era una autora menor: era una autora dif\u00edcil de archivar.<\/span><\/p>\n<p align=\"justify\"><span style=\"font-size: 20px; font-family: georgia, palatino, serif;\">En segundo lugar, pes\u00f3 la l\u00f3gica de la aparici\u00f3n fulgurante. A muchos escritores se les perdona una evoluci\u00f3n discreta; a quienes han debutado como revelaci\u00f3n se les exige repetir el milagro. Andreu carg\u00f3 con la lectura de su primer libro como si aquel premio Adon\u00e1is hubiera sido una jaula. La cr\u00edtica, que a veces confunde fidelidad con repetici\u00f3n, no siempre supo acompa\u00f1ar sus desplazamientos. Y el lector medio, cuando la industria deja de se\u00f1alar un nombre, rara vez dispone de instrumentos para seguirlo por su cuenta.<\/span><\/p>\n<p align=\"justify\"><span style=\"font-size: 20px; font-family: georgia, palatino, serif;\">Tambi\u00e9n hay una cuesti\u00f3n de g\u00e9nero que conviene no esquivar. La historia literaria espa\u00f1ola ha tratado a menudo a las mujeres poetas como episodios de sensibilidad antes que como arquitectas de lenguaje. A las autoras se las ha le\u00eddo con frecuencia desde la biograf\u00eda, la juventud, la rareza temperamental o el encanto de una voz \u201cdistinta\u201d, categor\u00edas que pueden parecer elogiosas pero acaban desactivando su inteligencia formal. En el caso de Andreu, la imagen de poeta joven y visionaria pudo volverse contra ella: se celebr\u00f3 el fen\u00f3meno y se atendi\u00f3 menos a la obra.<\/span><\/p>\n<p align=\"justify\"><span style=\"font-size: 20px; font-family: georgia, palatino, serif;\">No dir\u00eda, sin embargo, que Blanca Andreu est\u00e9 olvidada en un sentido absoluto. Su nombre sigue circulando entre lectores atentos de poes\u00eda espa\u00f1ola contempor\u00e1nea. Pero s\u00ed est\u00e1 fuera del foco editorial y medi\u00e1tico que merecer\u00eda. No ocupa el lugar que le corresponde en el relato com\u00fan de la poes\u00eda reciente. Su caso obliga a preguntarse c\u00f3mo construimos la memoria literaria: qu\u00e9 voces repetimos, cu\u00e1les dejamos en una penumbra c\u00f3moda, qu\u00e9 po\u00e9ticas nos parecen \u00fatiles para explicar una \u00e9poca y cu\u00e1les preferimos considerar anomal\u00edas.<\/span><\/p>\n<p align=\"justify\"><span style=\"font-size: 20px; font-family: georgia, palatino, serif;\">Mi lectura es que Andreu representa una resistencia frente a la normalizaci\u00f3n de la experiencia. Su poes\u00eda sostiene que la vida interior no siempre habla en prosa clara, que el deseo y el miedo no se dejan traducir sin p\u00e9rdida, que la imaginaci\u00f3n puede ser una forma de conocimiento y no un adorno. En tiempos de escritura plana, su obra recuerda que el poema tambi\u00e9n puede ser un espacio de desobediencia perceptiva. No porque renuncie al mundo, sino porque se niega a aceptarlo en su versi\u00f3n m\u00e1s legible.<\/span><\/p>\n<p align=\"justify\"><span style=\"font-size: 20px; font-family: georgia, palatino, serif;\">Su legado est\u00e1 ah\u00ed: en haber abierto una grieta por la que entraron otras formas de decir el yo, menos narrativas, menos confesionales en sentido estrecho, m\u00e1s atentas a la potencia aut\u00f3noma de la imagen. Tambi\u00e9n en haber demostrado que la tradici\u00f3n visionaria espa\u00f1ola \u2014de San Juan de la Cruz a las vanguardias, de Juan Eduardo Cirlot a ciertas voces posteriores\u2014 pod\u00eda reaparecer en plena modernidad democr\u00e1tica sin convertirse en museo. Andreu no escribe contra su tiempo, sino desde una zona de su tiempo que el relato dominante no supo conservar bien.<\/span><\/p>\n<p align=\"justify\"><span style=\"font-size: large;\"><span style=\"font-family: georgia, palatino, serif; font-size: 20px;\">Releerla hoy no deber\u00eda ser un gesto nost\u00e1lgico. Es una tarea pendiente de la actual sociedad cultural espa\u00f1ola: devolver a sus libros una conversaci\u00f3n cr\u00edtica que no los reduzca al deslumbramiento inicial ni a la rareza biogr\u00e1fica. Conviene volver a <em>De una ni\u00f1a de provincias que se vino a vivir en un Chagall<\/em>, s\u00ed, pero tambi\u00e9n a <em>B\u00e1culo de Babel<\/em>, <em>Capit\u00e1n Elphistone<\/em>, <em>El sue\u00f1o oscuro<\/em>, <em>La tierra transparente<\/em> y <em>Los archivos griegos<\/em>. Como apoyo al lector, pueden servir las antolog\u00edas de poes\u00eda espa\u00f1ola contempor\u00e1nea que revisan los a\u00f1os ochenta, los estudios sobre el premio Adon\u00e1is y las lecturas cr\u00edticas dedicadas a la poes\u00eda escrita por mujeres en la Espa\u00f1a democr\u00e1tica. Ah\u00ed, entre el archivo y la relectura, Blanca Andreu deja de ser una aparici\u00f3n del pasado y vuelve a ser lo que nunca dej\u00f3 de ser: una poeta necesaria<\/span>.<\/span><\/p>\n<p align=\"justify\"><strong>PUNTO Y SEGUIDO &#8211; Susana Di\u00e9guez<\/strong><\/p>\n","protected":false},"excerpt":{"rendered":"<p>A Blanca Andreu se la suele recordar, cuando se la recuerda, como una irrupci\u00f3n. Naci\u00f3 en La Coru\u00f1a en 1959, aunque su infancia y formaci\u00f3n quedaron ligadas tambi\u00e9n a Orihuela, ciudad de resonancias inevitables para cualquier lector de poes\u00eda espa\u00f1ola por la sombra de Miguel Hern\u00e1ndez. Esa doble pertenencia \u2014el norte h\u00famedo y la luz [&hellip;]<\/p>\n","protected":false},"author":96,"featured_media":29205,"comment_status":"open","ping_status":"closed","sticky":false,"template":"","format":"standard","meta":{"footnotes":""},"categories":[2557],"tags":[3274,3360,3363,3361,3298,3362],"class_list":{"0":"post-29204","1":"post","2":"type-post","3":"status-publish","4":"format-standard","5":"has-post-thumbnail","7":"category-rescates-literarios","8":"tag-autores-olvidados","10":"tag-literatura-espanola-reciente","12":"tag-poesia-espanola-contemporanea","13":"tag-premio-adonais"},"yoast_head":"<!-- This site is optimized with the Yoast SEO plugin v27.5 - https:\/\/yoast.com\/product\/yoast-seo-wordpress\/ -->\n<title>Blanca Andreu, la intensidad que no quiso administrarse | Autores olvidados | HOJAS SUELTAS Peri\u00f3dico Cultural<\/title>\n<meta name=\"description\" content=\"AUTORES OLVIDADOS = Releerla hoy no deber\u00eda ser un gesto nost\u00e1lgico. Es una tarea pendiente de la actual sociedad cultural espa\u00f1ola: devolver a sus libros una conversaci\u00f3n cr\u00edtica\" \/>\n<meta name=\"robots\" content=\"index, follow, max-snippet:-1, max-image-preview:large, max-video-preview:-1\" \/>\n<link rel=\"canonical\" href=\"https:\/\/hojassueltas.es\/?p=29204\" \/>\n<meta property=\"og:locale\" content=\"es_ES\" \/>\n<meta property=\"og:type\" content=\"article\" \/>\n<meta property=\"og:title\" content=\"Blanca Andreu, la intensidad que no quiso administrarse | Autores olvidados | HOJAS SUELTAS Peri\u00f3dico Cultural\" \/>\n<meta property=\"og:description\" content=\"AUTORES OLVIDADOS = Releerla hoy no deber\u00eda ser un gesto nost\u00e1lgico. Es una tarea pendiente de la actual sociedad cultural espa\u00f1ola: devolver a sus libros una conversaci\u00f3n cr\u00edtica\" \/>\n<meta property=\"og:url\" content=\"https:\/\/hojassueltas.es\/?p=29204\" \/>\n<meta property=\"og:site_name\" content=\"HOJAS SUELTAS Peri\u00f3dico Cultural\" \/>\n<meta property=\"article:published_time\" content=\"2026-04-29T22:00:19+00:00\" \/>\n<meta property=\"article:modified_time\" content=\"2026-04-30T09:52:45+00:00\" \/>\n<meta property=\"og:image\" content=\"https:\/\/hojassueltas.es\/wp-content\/uploads\/2026\/04\/Blanca-Andreu_HS.png\" \/>\n\t<meta property=\"og:image:width\" content=\"1536\" \/>\n\t<meta property=\"og:image:height\" content=\"1024\" \/>\n\t<meta property=\"og:image:type\" content=\"image\/png\" \/>\n<meta name=\"author\" content=\"Punto y Seguido - Susana Di\u00e9guez\" \/>\n<meta name=\"twitter:card\" content=\"summary_large_image\" \/>\n<meta name=\"twitter:creator\" content=\"@HOJASSUELTAS22\" \/>\n<meta name=\"twitter:site\" content=\"@HOJASSUELTAS22\" \/>\n<meta name=\"twitter:label1\" content=\"Escrito por\" \/>\n\t<meta name=\"twitter:data1\" content=\"Punto y Seguido - Susana Di\u00e9guez\" \/>\n\t<meta name=\"twitter:label2\" content=\"Tiempo de lectura\" \/>\n\t<meta name=\"twitter:data2\" content=\"7 minutos\" \/>\n<script type=\"application\/ld+json\" class=\"yoast-schema-graph\">{\"@context\":\"https:\\\/\\\/schema.org\",\"@graph\":[{\"@type\":[\"Article\",\"BlogPosting\"],\"@id\":\"https:\\\/\\\/hojassueltas.es\\\/?p=29204#article\",\"isPartOf\":{\"@id\":\"https:\\\/\\\/hojassueltas.es\\\/?p=29204\"},\"author\":{\"name\":\"Punto y Seguido - Susana Di\u00e9guez\",\"@id\":\"https:\\\/\\\/hojassueltas.es\\\/#\\\/schema\\\/person\\\/0cc721d1681d3b691885d6bdbe2ad009\"},\"headline\":\"Blanca Andreu, la intensidad que no quiso administrarse\",\"datePublished\":\"2026-04-29T22:00:19+00:00\",\"dateModified\":\"2026-04-30T09:52:45+00:00\",\"mainEntityOfPage\":{\"@id\":\"https:\\\/\\\/hojassueltas.es\\\/?p=29204\"},\"wordCount\":1563,\"commentCount\":0,\"publisher\":{\"@id\":\"https:\\\/\\\/hojassueltas.es\\\/#organization\"},\"image\":{\"@id\":\"https:\\\/\\\/hojassueltas.es\\\/?p=29204#primaryimage\"},\"thumbnailUrl\":\"https:\\\/\\\/hojassueltas.es\\\/wp-content\\\/uploads\\\/2026\\\/04\\\/Blanca-Andreu_HS.png\",\"keywords\":[\"autores olvidados\",\"Blanca Andreu\",\"literatura espa\u00f1ola reciente-\",\"poes\u00eda de los a\u00f1os ochenta\",\"poes\u00eda espa\u00f1ola contempor\u00e1nea\",\"premio Adon\u00e1is\"],\"articleSection\":[\"Autores olvidados\"],\"inLanguage\":\"es\",\"potentialAction\":[{\"@type\":\"CommentAction\",\"name\":\"Comment\",\"target\":[\"https:\\\/\\\/hojassueltas.es\\\/?p=29204#respond\"]}]},{\"@type\":\"WebPage\",\"@id\":\"https:\\\/\\\/hojassueltas.es\\\/?p=29204\",\"url\":\"https:\\\/\\\/hojassueltas.es\\\/?p=29204\",\"name\":\"Blanca Andreu, la intensidad que no quiso administrarse | Autores olvidados | HOJAS SUELTAS Peri\u00f3dico Cultural\",\"isPartOf\":{\"@id\":\"https:\\\/\\\/hojassueltas.es\\\/#website\"},\"primaryImageOfPage\":{\"@id\":\"https:\\\/\\\/hojassueltas.es\\\/?p=29204#primaryimage\"},\"image\":{\"@id\":\"https:\\\/\\\/hojassueltas.es\\\/?p=29204#primaryimage\"},\"thumbnailUrl\":\"https:\\\/\\\/hojassueltas.es\\\/wp-content\\\/uploads\\\/2026\\\/04\\\/Blanca-Andreu_HS.png\",\"datePublished\":\"2026-04-29T22:00:19+00:00\",\"dateModified\":\"2026-04-30T09:52:45+00:00\",\"description\":\"AUTORES OLVIDADOS = Releerla hoy no deber\u00eda ser un gesto nost\u00e1lgico. Es una tarea pendiente de la actual sociedad cultural espa\u00f1ola: devolver a sus libros una conversaci\u00f3n cr\u00edtica\",\"breadcrumb\":{\"@id\":\"https:\\\/\\\/hojassueltas.es\\\/?p=29204#breadcrumb\"},\"inLanguage\":\"es\",\"potentialAction\":[{\"@type\":\"ReadAction\",\"target\":[\"https:\\\/\\\/hojassueltas.es\\\/?p=29204\"]}]},{\"@type\":\"ImageObject\",\"inLanguage\":\"es\",\"@id\":\"https:\\\/\\\/hojassueltas.es\\\/?p=29204#primaryimage\",\"url\":\"https:\\\/\\\/hojassueltas.es\\\/wp-content\\\/uploads\\\/2026\\\/04\\\/Blanca-Andreu_HS.png\",\"contentUrl\":\"https:\\\/\\\/hojassueltas.es\\\/wp-content\\\/uploads\\\/2026\\\/04\\\/Blanca-Andreu_HS.png\",\"width\":1536,\"height\":1024},{\"@type\":\"BreadcrumbList\",\"@id\":\"https:\\\/\\\/hojassueltas.es\\\/?p=29204#breadcrumb\",\"itemListElement\":[{\"@type\":\"ListItem\",\"position\":1,\"name\":\"Portada\",\"item\":\"https:\\\/\\\/hojassueltas.es\\\/\"},{\"@type\":\"ListItem\",\"position\":2,\"name\":\"Blanca Andreu, la intensidad que no quiso administrarse\"}]},{\"@type\":\"WebSite\",\"@id\":\"https:\\\/\\\/hojassueltas.es\\\/#website\",\"url\":\"https:\\\/\\\/hojassueltas.es\\\/\",\"name\":\"HojasSueltas.es\",\"description\":\"GRANADA - Peri\u00f3dico Cultural\",\"publisher\":{\"@id\":\"https:\\\/\\\/hojassueltas.es\\\/#organization\"},\"alternateName\":\"H.S. Periodico Cultural\",\"potentialAction\":[{\"@type\":\"SearchAction\",\"target\":{\"@type\":\"EntryPoint\",\"urlTemplate\":\"https:\\\/\\\/hojassueltas.es\\\/?s={search_term_string}\"},\"query-input\":{\"@type\":\"PropertyValueSpecification\",\"valueRequired\":true,\"valueName\":\"search_term_string\"}}],\"inLanguage\":\"es\"},{\"@type\":\"Organization\",\"@id\":\"https:\\\/\\\/hojassueltas.es\\\/#organization\",\"name\":\"HOJAS SUELTAS - Peri\u00f3dico Cultural\",\"alternateName\":\"HS - HOJAS SUELTAS Peri\u00f3dico Cultural\",\"url\":\"https:\\\/\\\/hojassueltas.es\\\/\",\"logo\":{\"@type\":\"ImageObject\",\"inLanguage\":\"es\",\"@id\":\"https:\\\/\\\/hojassueltas.es\\\/#\\\/schema\\\/logo\\\/image\\\/\",\"url\":\"https:\\\/\\\/hojassueltas.es\\\/wp-content\\\/uploads\\\/2025\\\/08\\\/Icono-HS_2.png\",\"contentUrl\":\"https:\\\/\\\/hojassueltas.es\\\/wp-content\\\/uploads\\\/2025\\\/08\\\/Icono-HS_2.png\",\"width\":500,\"height\":500,\"caption\":\"HOJAS SUELTAS - Peri\u00f3dico Cultural\"},\"image\":{\"@id\":\"https:\\\/\\\/hojassueltas.es\\\/#\\\/schema\\\/logo\\\/image\\\/\"},\"sameAs\":[\"https:\\\/\\\/x.com\\\/HOJASSUELTAS22\"]},{\"@type\":\"Person\",\"@id\":\"https:\\\/\\\/hojassueltas.es\\\/#\\\/schema\\\/person\\\/0cc721d1681d3b691885d6bdbe2ad009\",\"name\":\"Punto y Seguido - Susana Di\u00e9guez\",\"image\":{\"@type\":\"ImageObject\",\"inLanguage\":\"es\",\"@id\":\"https:\\\/\\\/hojassueltas.es\\\/wp-content\\\/uploads\\\/2026\\\/02\\\/Retrato-familiar-en-casa-de-Susana-96x96.png\",\"url\":\"https:\\\/\\\/hojassueltas.es\\\/wp-content\\\/uploads\\\/2026\\\/02\\\/Retrato-familiar-en-casa-de-Susana-96x96.png\",\"contentUrl\":\"https:\\\/\\\/hojassueltas.es\\\/wp-content\\\/uploads\\\/2026\\\/02\\\/Retrato-familiar-en-casa-de-Susana-96x96.png\",\"caption\":\"Punto y Seguido - Susana Di\u00e9guez\"},\"url\":\"https:\\\/\\\/hojassueltas.es\\\/?author=96\"}]}<\/script>\n<!-- \/ Yoast SEO plugin. -->","yoast_head_json":{"title":"Blanca Andreu, la intensidad que no quiso administrarse | Autores olvidados | HOJAS SUELTAS Peri\u00f3dico Cultural","description":"AUTORES OLVIDADOS = Releerla hoy no deber\u00eda ser un gesto nost\u00e1lgico. Es una tarea pendiente de la actual sociedad cultural espa\u00f1ola: devolver a sus libros una conversaci\u00f3n cr\u00edtica","robots":{"index":"index","follow":"follow","max-snippet":"max-snippet:-1","max-image-preview":"max-image-preview:large","max-video-preview":"max-video-preview:-1"},"canonical":"https:\/\/hojassueltas.es\/?p=29204","og_locale":"es_ES","og_type":"article","og_title":"Blanca Andreu, la intensidad que no quiso administrarse | Autores olvidados | HOJAS SUELTAS Peri\u00f3dico Cultural","og_description":"AUTORES OLVIDADOS = Releerla hoy no deber\u00eda ser un gesto nost\u00e1lgico. Es una tarea pendiente de la actual sociedad cultural espa\u00f1ola: devolver a sus libros una conversaci\u00f3n cr\u00edtica","og_url":"https:\/\/hojassueltas.es\/?p=29204","og_site_name":"HOJAS SUELTAS Peri\u00f3dico Cultural","article_published_time":"2026-04-29T22:00:19+00:00","article_modified_time":"2026-04-30T09:52:45+00:00","og_image":[{"width":1536,"height":1024,"url":"https:\/\/hojassueltas.es\/wp-content\/uploads\/2026\/04\/Blanca-Andreu_HS.png","type":"image\/png"}],"author":"Punto y Seguido - Susana Di\u00e9guez","twitter_card":"summary_large_image","twitter_creator":"@HOJASSUELTAS22","twitter_site":"@HOJASSUELTAS22","twitter_misc":{"Escrito por":"Punto y Seguido - Susana Di\u00e9guez","Tiempo de lectura":"7 minutos"},"schema":{"@context":"https:\/\/schema.org","@graph":[{"@type":["Article","BlogPosting"],"@id":"https:\/\/hojassueltas.es\/?p=29204#article","isPartOf":{"@id":"https:\/\/hojassueltas.es\/?p=29204"},"author":{"name":"Punto y Seguido - Susana Di\u00e9guez","@id":"https:\/\/hojassueltas.es\/#\/schema\/person\/0cc721d1681d3b691885d6bdbe2ad009"},"headline":"Blanca Andreu, la intensidad que no quiso administrarse","datePublished":"2026-04-29T22:00:19+00:00","dateModified":"2026-04-30T09:52:45+00:00","mainEntityOfPage":{"@id":"https:\/\/hojassueltas.es\/?p=29204"},"wordCount":1563,"commentCount":0,"publisher":{"@id":"https:\/\/hojassueltas.es\/#organization"},"image":{"@id":"https:\/\/hojassueltas.es\/?p=29204#primaryimage"},"thumbnailUrl":"https:\/\/hojassueltas.es\/wp-content\/uploads\/2026\/04\/Blanca-Andreu_HS.png","keywords":["autores olvidados","Blanca Andreu","literatura espa\u00f1ola reciente-","poes\u00eda de los a\u00f1os ochenta","poes\u00eda espa\u00f1ola contempor\u00e1nea","premio Adon\u00e1is"],"articleSection":["Autores olvidados"],"inLanguage":"es","potentialAction":[{"@type":"CommentAction","name":"Comment","target":["https:\/\/hojassueltas.es\/?p=29204#respond"]}]},{"@type":"WebPage","@id":"https:\/\/hojassueltas.es\/?p=29204","url":"https:\/\/hojassueltas.es\/?p=29204","name":"Blanca Andreu, la intensidad que no quiso administrarse | Autores olvidados | HOJAS SUELTAS Peri\u00f3dico Cultural","isPartOf":{"@id":"https:\/\/hojassueltas.es\/#website"},"primaryImageOfPage":{"@id":"https:\/\/hojassueltas.es\/?p=29204#primaryimage"},"image":{"@id":"https:\/\/hojassueltas.es\/?p=29204#primaryimage"},"thumbnailUrl":"https:\/\/hojassueltas.es\/wp-content\/uploads\/2026\/04\/Blanca-Andreu_HS.png","datePublished":"2026-04-29T22:00:19+00:00","dateModified":"2026-04-30T09:52:45+00:00","description":"AUTORES OLVIDADOS = Releerla hoy no deber\u00eda ser un gesto nost\u00e1lgico. Es una tarea pendiente de la actual sociedad cultural espa\u00f1ola: devolver a sus libros una conversaci\u00f3n cr\u00edtica","breadcrumb":{"@id":"https:\/\/hojassueltas.es\/?p=29204#breadcrumb"},"inLanguage":"es","potentialAction":[{"@type":"ReadAction","target":["https:\/\/hojassueltas.es\/?p=29204"]}]},{"@type":"ImageObject","inLanguage":"es","@id":"https:\/\/hojassueltas.es\/?p=29204#primaryimage","url":"https:\/\/hojassueltas.es\/wp-content\/uploads\/2026\/04\/Blanca-Andreu_HS.png","contentUrl":"https:\/\/hojassueltas.es\/wp-content\/uploads\/2026\/04\/Blanca-Andreu_HS.png","width":1536,"height":1024},{"@type":"BreadcrumbList","@id":"https:\/\/hojassueltas.es\/?p=29204#breadcrumb","itemListElement":[{"@type":"ListItem","position":1,"name":"Portada","item":"https:\/\/hojassueltas.es\/"},{"@type":"ListItem","position":2,"name":"Blanca Andreu, la intensidad que no quiso administrarse"}]},{"@type":"WebSite","@id":"https:\/\/hojassueltas.es\/#website","url":"https:\/\/hojassueltas.es\/","name":"HojasSueltas.es","description":"GRANADA - Peri\u00f3dico Cultural","publisher":{"@id":"https:\/\/hojassueltas.es\/#organization"},"alternateName":"H.S. Periodico Cultural","potentialAction":[{"@type":"SearchAction","target":{"@type":"EntryPoint","urlTemplate":"https:\/\/hojassueltas.es\/?s={search_term_string}"},"query-input":{"@type":"PropertyValueSpecification","valueRequired":true,"valueName":"search_term_string"}}],"inLanguage":"es"},{"@type":"Organization","@id":"https:\/\/hojassueltas.es\/#organization","name":"HOJAS SUELTAS - Peri\u00f3dico Cultural","alternateName":"HS - HOJAS SUELTAS Peri\u00f3dico Cultural","url":"https:\/\/hojassueltas.es\/","logo":{"@type":"ImageObject","inLanguage":"es","@id":"https:\/\/hojassueltas.es\/#\/schema\/logo\/image\/","url":"https:\/\/hojassueltas.es\/wp-content\/uploads\/2025\/08\/Icono-HS_2.png","contentUrl":"https:\/\/hojassueltas.es\/wp-content\/uploads\/2025\/08\/Icono-HS_2.png","width":500,"height":500,"caption":"HOJAS SUELTAS - Peri\u00f3dico Cultural"},"image":{"@id":"https:\/\/hojassueltas.es\/#\/schema\/logo\/image\/"},"sameAs":["https:\/\/x.com\/HOJASSUELTAS22"]},{"@type":"Person","@id":"https:\/\/hojassueltas.es\/#\/schema\/person\/0cc721d1681d3b691885d6bdbe2ad009","name":"Punto y Seguido - Susana Di\u00e9guez","image":{"@type":"ImageObject","inLanguage":"es","@id":"https:\/\/hojassueltas.es\/wp-content\/uploads\/2026\/02\/Retrato-familiar-en-casa-de-Susana-96x96.png","url":"https:\/\/hojassueltas.es\/wp-content\/uploads\/2026\/02\/Retrato-familiar-en-casa-de-Susana-96x96.png","contentUrl":"https:\/\/hojassueltas.es\/wp-content\/uploads\/2026\/02\/Retrato-familiar-en-casa-de-Susana-96x96.png","caption":"Punto y Seguido - Susana Di\u00e9guez"},"url":"https:\/\/hojassueltas.es\/?author=96"}]}},"_links":{"self":[{"href":"https:\/\/hojassueltas.es\/index.php?rest_route=\/wp\/v2\/posts\/29204","targetHints":{"allow":["GET"]}}],"collection":[{"href":"https:\/\/hojassueltas.es\/index.php?rest_route=\/wp\/v2\/posts"}],"about":[{"href":"https:\/\/hojassueltas.es\/index.php?rest_route=\/wp\/v2\/types\/post"}],"author":[{"embeddable":true,"href":"https:\/\/hojassueltas.es\/index.php?rest_route=\/wp\/v2\/users\/96"}],"replies":[{"embeddable":true,"href":"https:\/\/hojassueltas.es\/index.php?rest_route=%2Fwp%2Fv2%2Fcomments&post=29204"}],"version-history":[{"count":1,"href":"https:\/\/hojassueltas.es\/index.php?rest_route=\/wp\/v2\/posts\/29204\/revisions"}],"predecessor-version":[{"id":29206,"href":"https:\/\/hojassueltas.es\/index.php?rest_route=\/wp\/v2\/posts\/29204\/revisions\/29206"}],"wp:featuredmedia":[{"embeddable":true,"href":"https:\/\/hojassueltas.es\/index.php?rest_route=\/wp\/v2\/media\/29205"}],"wp:attachment":[{"href":"https:\/\/hojassueltas.es\/index.php?rest_route=%2Fwp%2Fv2%2Fmedia&parent=29204"}],"wp:term":[{"taxonomy":"category","embeddable":true,"href":"https:\/\/hojassueltas.es\/index.php?rest_route=%2Fwp%2Fv2%2Fcategories&post=29204"},{"taxonomy":"post_tag","embeddable":true,"href":"https:\/\/hojassueltas.es\/index.php?rest_route=%2Fwp%2Fv2%2Ftags&post=29204"}],"curies":[{"name":"wp","href":"https:\/\/api.w.org\/{rel}","templated":true}]}}