{"id":29195,"date":"2026-05-02T00:00:22","date_gmt":"2026-05-01T22:00:22","guid":{"rendered":"https:\/\/hojassueltas.es\/?p=29195"},"modified":"2026-04-29T12:20:31","modified_gmt":"2026-04-29T10:20:31","slug":"un-millon-de-gotas-de-victor-del-arbol","status":"publish","type":"post","link":"https:\/\/hojassueltas.es\/?p=29195","title":{"rendered":"Un mill\u00f3n de gotas, de V\u00edctor del \u00c1rbol"},"content":{"rendered":"<p align=\"justify\"><span style=\"font-family: georgia, palatino, serif; font-size: 20px;\">Hay novelas que no avanzan tanto por lo que cuentan como por la presi\u00f3n que ejercen sobre aquello que parec\u00eda ya cerrado. <em>Un mill\u00f3n de gotas<\/em>, de V\u00edctor del \u00c1rbol, pertenece a esa zona de la narrativa contempor\u00e1nea donde el pasado no funciona como decorado ni como explicaci\u00f3n c\u00f3moda, sino como una materia activa, corrosiva, capaz de alterar cada gesto del presente. Lo que me interesa de esta novela no es su maquinaria argumental, eficaz y sostenida, sino el modo en que esa maquinaria obliga al lector a preguntarse qu\u00e9 hacemos con la culpa cuando deja de ser individual y se convierte en herencia.<\/span><\/p>\n<p align=\"justify\"><span style=\"font-family: georgia, palatino, serif; font-size: 20px;\">El motivo t\u00e9cnico que sostiene el libro es, a mi juicio, la tensi\u00f3n entre investigaci\u00f3n y excavaci\u00f3n. La novela parece organizada en torno a una pesquisa, pero su verdadero movimiento no consiste en descubrir qui\u00e9n hizo qu\u00e9, sino en desenterrar capas de sentido. Del \u00c1rbol utiliza los mecanismos del g\u00e9nero negro \u2014el crimen, la sospecha, la pesquisa, la violencia como s\u00edntoma\u2014 para llevarlos hacia un territorio m\u00e1s amplio: el de la memoria familiar, la derrota pol\u00edtica, la supervivencia moral y la transmisi\u00f3n del da\u00f1o. La intriga existe, desde luego, pero no se agota en s\u00ed misma. Funciona como una herramienta de perforaci\u00f3n. La estructura responde a esa l\u00f3gica. <em>Un mill\u00f3n de gotas<\/em> no se despliega de manera lineal ni busca la comodidad de una progresi\u00f3n transparente. Est\u00e1 construida sobre desplazamientos temporales, regresos, cruces de historias y revelaciones que no solo modifican la informaci\u00f3n disponible, sino tambi\u00e9n la posici\u00f3n \u00e9tica desde la que leemos. Este procedimiento podr\u00eda haber ca\u00eddo f\u00e1cilmente en el artificio, pero Del \u00c1rbol lo utiliza con una intenci\u00f3n clara: mostrar que la verdad nunca aparece entera, que siempre llega fragmentada, contaminada por la memoria, por el miedo, por la verg\u00fcenza o por el deseo de justificar lo irreparable.<\/span><\/p>\n<p align=\"justify\"><span style=\"font-family: georgia, palatino, serif; font-size: 20px;\">Ese uso de la estructura me parece uno de los aciertos centrales de la novela. La fragmentaci\u00f3n no es un adorno formal, sino una forma de pensar el trauma. Los personajes no recuerdan para comprenderse mejor; recuerdan porque algo los acorrala. La memoria, aqu\u00ed, no es una facultad serena, sino una fuerza que irrumpe. De ah\u00ed que la novela avance con una sensaci\u00f3n de amenaza constante, incluso cuando no hay violencia expl\u00edcita en la p\u00e1gina. Lo inquietante no procede solo de los hechos, sino de la certeza de que cada vida contiene un subsuelo que puede abrirse en cualquier momento. La voz narrativa trabaja en esa misma direcci\u00f3n. Del \u00c1rbol alterna perspectivas y administra la informaci\u00f3n con pulso de narrador consciente del poder moral del suspense. No se limita a ocultar datos para producir efecto, sino que dosifica la mirada sobre los personajes para evitar que el lector pueda instalarse demasiado pronto en una interpretaci\u00f3n c\u00f3moda. Hay algo deliberadamente inc\u00f3modo en esa estrategia: cuando creemos haber entendido a alguien, la novela nos obliga a desplazar el juicio. No absuelve, pero tampoco simplifica. Esa resistencia a la simplificaci\u00f3n es una de sus virtudes.<\/span><\/p>\n<p align=\"justify\"><span style=\"font-family: georgia, palatino, serif; font-size: 20px;\">El lenguaje de Del \u00c1rbol tiene una intensidad reconocible. Es un estilo de frases cargadas, a veces \u00e1speras, donde la emoci\u00f3n no se disimula bajo una falsa neutralidad. En ocasiones, esa intensidad roza el exceso, y quiz\u00e1 ah\u00ed se encuentre tambi\u00e9n uno de los riesgos del libro: la novela quiere llevar cada conflicto hasta su punto de m\u00e1xima temperatura. Sin embargo, ese impulso no me parece gratuito. Forma parte de una po\u00e9tica narrativa en la que la violencia hist\u00f3rica, la violencia familiar y la violencia \u00edntima se reflejan unas en otras. La prosa no observa desde lejos; se implica, se mancha, se deja afectar por lo que narra.<\/span><\/p>\n<p align=\"justify\"><span style=\"font-family: georgia, palatino, serif; font-size: 20px;\">Conviene situar la novela en un contexto literario espa\u00f1ol donde el g\u00e9nero negro ha dejado hace tiempo de ser \u00fanicamente una f\u00f3rmula de entretenimiento. En las \u00faltimas d\u00e9cadas, una parte importante de nuestra narrativa criminal ha servido para explorar las zonas opacas de la sociedad: corrupci\u00f3n, desigualdad, abusos de poder, memoria hist\u00f3rica, heridas familiares. Del \u00c1rbol participa de esa tradici\u00f3n, pero introduce una dimensi\u00f3n particularmente moral. No le basta con denunciar un sistema ni con retratar un ambiente degradado. Le interesa algo m\u00e1s dif\u00edcil: examinar c\u00f3mo una persona puede llegar a convivir con lo que ha hecho, con lo que call\u00f3 o con lo que hered\u00f3 sin pedirlo. En ese sentido, <em>Un mill\u00f3n de gotas<\/em> se aleja del simple relato de venganza. La venganza aparece como una posibilidad narrativa, incluso como una tentaci\u00f3n emocional, pero la novela no se conforma con ella. Al contrario, la somete a desgaste. \u00bfQu\u00e9 repara realmente la violencia? \u00bfQu\u00e9 queda despu\u00e9s de ajustar cuentas? \u00bfPuede una v\u00edctima convertirse en verdugo sin perder el derecho a ser mirada como v\u00edctima? Estas preguntas atraviesan el libro sin necesidad de formularse de manera expl\u00edcita. Del \u00c1rbol entiende que la literatura no tiene por qu\u00e9 dictar sentencia; puede, y quiz\u00e1 debe, complicar el juicio.<\/span><\/p>\n<p align=\"justify\"><span style=\"font-family: georgia, palatino, serif; font-size: 20px;\">La familia ocupa aqu\u00ed un lugar fundamental. No como refugio, sino como espacio donde se concentran las deudas, los silencios y las formas m\u00e1s persistentes de dominio. Los v\u00ednculos familiares no aparecen idealizados: son estructuras de afecto, s\u00ed, pero tambi\u00e9n de manipulaci\u00f3n, dependencia y miedo. La novela muestra con eficacia c\u00f3mo ciertas lealtades pueden convertirse en c\u00e1rceles, y c\u00f3mo determinadas figuras de autoridad prolongan su influencia mucho m\u00e1s all\u00e1 de lo visible. Hay personajes que no necesitan estar siempre presentes para imponer su sombra; basta con que los dem\u00e1s hayan aprendido a vivir bajo ella.<\/span><\/p>\n<p align=\"justify\"><span style=\"font-family: georgia, palatino, serif; font-size: 20px;\">Tambi\u00e9n me parece relevante la relaci\u00f3n que la obra establece con la historia del siglo XX. Del \u00c1rbol no utiliza el pasado pol\u00edtico como simple tel\u00f3n de fondo, sino como origen de fracturas que siguen actuando en el presente. La experiencia de la represi\u00f3n, el exilio, la derrota o la militancia no aparece convertida en estampa, sino en una memoria da\u00f1ada que condiciona cuerpos, decisiones y descendencias. En este punto, la novela dialoga con una preocupaci\u00f3n muy presente en la narrativa espa\u00f1ola contempor\u00e1nea: la dificultad de cerrar una historia colectiva cuando sus consecuencias siguen encarnadas en biograf\u00edas concretas. Lo m\u00e1s interesante es que Del \u00c1rbol no separa la historia p\u00fablica de la vida privada. Esa divisi\u00f3n, tan c\u00f3moda para ordenar los relatos, se revela falsa. Las grandes violencias acaban entrando en las casas, en las conversaciones interrumpidas, en la educaci\u00f3n sentimental de los hijos, en la manera de amar o de desconfiar. <em>Un mill\u00f3n de gotas<\/em> se construye sobre esa contaminaci\u00f3n entre lo \u00edntimo y lo hist\u00f3rico. Por eso su ambici\u00f3n no reside solo en la amplitud temporal o en la acumulaci\u00f3n de tramas, sino en la voluntad de mostrar que ninguna vida se explica del todo desde s\u00ed misma.<\/span><\/p>\n<p align=\"justify\"><span style=\"font-family: georgia, palatino, serif; font-size: 20px;\">Como lector, encuentro en la novela una pregunta persistente: hasta qu\u00e9 punto somos responsables de aquello que desconocemos, pero de lo que nos beneficiamos o que nos constituye. No hablo de una responsabilidad jur\u00eddica, sino moral. La novela se mueve en ese terreno inestable donde la ignorancia ya no sirve como coartada, pero el conocimiento tampoco garantiza redenci\u00f3n. Sus personajes descubren demasiado tarde que la verdad puede liberar algunas cosas y destruir otras. Esa ambivalencia impide que el libro se convierta en una narraci\u00f3n edificante. No es una novela fr\u00eda ni contenida. Tampoco pretende serlo. Su fuerza est\u00e1 en esa mezcla de pulsi\u00f3n narrativa, densidad emocional y conciencia \u00e9tica. Puede discutirse su tendencia al dramatismo, incluso cierta inclinaci\u00f3n a llevar los destinos personales hacia formas extremas del dolor. Pero ser\u00eda injusto reducirla a ello. Lo que permanece, m\u00e1s all\u00e1 del engranaje de la intriga, es una reflexi\u00f3n sobre la persistencia del da\u00f1o y sobre la fragilidad de cualquier identidad construida sobre silencios.<\/span><\/p>\n<p align=\"justify\"><span style=\"font-family: georgia, palatino, serif; font-size: 20px;\">Yo leer\u00eda <em>Un mill\u00f3n de gotas<\/em> como una novela sobre la imposibilidad de separar justicia y memoria sin empobrecer ambas. Del \u00c1rbol no ofrece una salida limpia, ni una reconciliaci\u00f3n tranquilizadora, ni una verdad final que ordene el caos. Propone, m\u00e1s bien, una hip\u00f3tesis inc\u00f3moda: quiz\u00e1 toda investigaci\u00f3n profunda no busque descubrir a los culpables, sino averiguar qu\u00e9 parte de nosotros estaba ya implicada antes de saberlo.<\/span><\/p>\n<p align=\"justify\"><strong>\u00a9 Anxo do Rego para VENTANA DE ENSAYO CR\u00cdTICO<\/strong><\/p>\n","protected":false},"excerpt":{"rendered":"<p>Hay novelas que no avanzan tanto por lo que cuentan como por la presi\u00f3n que ejercen sobre aquello que parec\u00eda ya cerrado. Un mill\u00f3n de gotas, de V\u00edctor del \u00c1rbol, pertenece a esa zona de la narrativa contempor\u00e1nea donde el pasado no funciona como decorado ni como explicaci\u00f3n c\u00f3moda, sino como una materia activa, corrosiva, [&hellip;]<\/p>\n","protected":false},"author":18,"featured_media":29196,"comment_status":"open","ping_status":"closed","sticky":false,"template":"","format":"standard","meta":{"footnotes":""},"categories":[2792],"tags":[128,3359,3358,3309,3186,3357,229],"class_list":{"0":"post-29195","1":"post","2":"type-post","3":"status-publish","4":"format-standard","5":"has-post-thumbnail","7":"category-ventana-de-ensayo-critico","8":"tag-destino-editorial","11":"tag-novela-negra-espanola","12":"tag-resena-literaria","13":"tag-un-millon-de-gotas","14":"tag-victor-del-arbol"},"yoast_head":"<!-- This site is optimized with the Yoast SEO plugin v27.5 - https:\/\/yoast.com\/product\/yoast-seo-wordpress\/ -->\n<title>Un mill\u00f3n de gotas, de V\u00edctor del \u00c1rbol | VENTANA de ENSAYO CR\u00cdTICO | HOJAS SUELTAS Peri\u00f3dico Cultural<\/title>\n<meta name=\"description\" content=\"VENTANA DE ENSAYO CR\u00cdTICO Una novela sobre la imposibilidad de separar justicia y memoria sin empobrecer ambas. Del \u00c1rbol no ofrece una salida limpia, ni una reconciliaci\u00f3n tranquilizadora,\" \/>\n<meta name=\"robots\" content=\"index, follow, max-snippet:-1, max-image-preview:large, max-video-preview:-1\" \/>\n<link rel=\"canonical\" href=\"https:\/\/hojassueltas.es\/?p=29195\" \/>\n<meta property=\"og:locale\" content=\"es_ES\" \/>\n<meta property=\"og:type\" content=\"article\" \/>\n<meta property=\"og:title\" content=\"Un mill\u00f3n de gotas, de V\u00edctor del \u00c1rbol | VENTANA de ENSAYO CR\u00cdTICO | HOJAS SUELTAS Peri\u00f3dico Cultural\" \/>\n<meta property=\"og:description\" content=\"VENTANA DE ENSAYO CR\u00cdTICO Una novela sobre la imposibilidad de separar justicia y memoria sin empobrecer ambas. Del \u00c1rbol no ofrece una salida limpia, ni una reconciliaci\u00f3n tranquilizadora,\" \/>\n<meta property=\"og:url\" content=\"https:\/\/hojassueltas.es\/?p=29195\" \/>\n<meta property=\"og:site_name\" content=\"HOJAS SUELTAS Peri\u00f3dico Cultural\" \/>\n<meta property=\"article:author\" content=\"https:\/\/www.facebook.com\/anxodoregoescritor\/\" \/>\n<meta property=\"article:published_time\" content=\"2026-05-01T22:00:22+00:00\" \/>\n<meta property=\"og:image\" content=\"https:\/\/hojassueltas.es\/wp-content\/uploads\/2026\/04\/Un-millon-de-gotas_H.S.png\" \/>\n\t<meta property=\"og:image:width\" content=\"1920\" \/>\n\t<meta property=\"og:image:height\" content=\"1280\" \/>\n\t<meta property=\"og:image:type\" content=\"image\/png\" \/>\n<meta name=\"author\" content=\"Anxo do Rego\" \/>\n<meta name=\"twitter:card\" content=\"summary_large_image\" \/>\n<meta name=\"twitter:creator\" content=\"@HOJASSUELTAS22\" \/>\n<meta name=\"twitter:site\" content=\"@HOJASSUELTAS22\" \/>\n<meta name=\"twitter:label1\" content=\"Escrito por\" \/>\n\t<meta name=\"twitter:data1\" content=\"Anxo do Rego\" \/>\n\t<meta name=\"twitter:label2\" content=\"Tiempo de lectura\" \/>\n\t<meta name=\"twitter:data2\" content=\"7 minutos\" \/>\n<script type=\"application\/ld+json\" class=\"yoast-schema-graph\">{\"@context\":\"https:\\\/\\\/schema.org\",\"@graph\":[{\"@type\":[\"Article\",\"BlogPosting\"],\"@id\":\"https:\\\/\\\/hojassueltas.es\\\/?p=29195#article\",\"isPartOf\":{\"@id\":\"https:\\\/\\\/hojassueltas.es\\\/?p=29195\"},\"author\":{\"name\":\"Anxo do Rego\",\"@id\":\"https:\\\/\\\/hojassueltas.es\\\/#\\\/schema\\\/person\\\/cc93a1a1f7825a6e1d2c9bddd471a87c\"},\"headline\":\"Un mill\u00f3n de gotas, de V\u00edctor del \u00c1rbol\",\"datePublished\":\"2026-05-01T22:00:22+00:00\",\"mainEntityOfPage\":{\"@id\":\"https:\\\/\\\/hojassueltas.es\\\/?p=29195\"},\"wordCount\":1460,\"commentCount\":0,\"publisher\":{\"@id\":\"https:\\\/\\\/hojassueltas.es\\\/#organization\"},\"image\":{\"@id\":\"https:\\\/\\\/hojassueltas.es\\\/?p=29195#primaryimage\"},\"thumbnailUrl\":\"https:\\\/\\\/hojassueltas.es\\\/wp-content\\\/uploads\\\/2026\\\/04\\\/Un-millon-de-gotas_H.S.png\",\"keywords\":[\"Destino Editorial\",\"memoria y culpa\",\"narrativa contempor\u00e1nea espa\u00f1ola\",\"novela negra espa\u00f1ola\",\"rese\u00f1a literaria\",\"Un mill\u00f3n de gotas\",\"V\u00edctor del \u00c1rbol\"],\"articleSection\":[\"VENTANA de ENSAYO CR\u00cdTICO\"],\"inLanguage\":\"es\",\"potentialAction\":[{\"@type\":\"CommentAction\",\"name\":\"Comment\",\"target\":[\"https:\\\/\\\/hojassueltas.es\\\/?p=29195#respond\"]}]},{\"@type\":\"WebPage\",\"@id\":\"https:\\\/\\\/hojassueltas.es\\\/?p=29195\",\"url\":\"https:\\\/\\\/hojassueltas.es\\\/?p=29195\",\"name\":\"Un mill\u00f3n de gotas, de V\u00edctor del \u00c1rbol | VENTANA de ENSAYO CR\u00cdTICO | HOJAS SUELTAS Peri\u00f3dico Cultural\",\"isPartOf\":{\"@id\":\"https:\\\/\\\/hojassueltas.es\\\/#website\"},\"primaryImageOfPage\":{\"@id\":\"https:\\\/\\\/hojassueltas.es\\\/?p=29195#primaryimage\"},\"image\":{\"@id\":\"https:\\\/\\\/hojassueltas.es\\\/?p=29195#primaryimage\"},\"thumbnailUrl\":\"https:\\\/\\\/hojassueltas.es\\\/wp-content\\\/uploads\\\/2026\\\/04\\\/Un-millon-de-gotas_H.S.png\",\"datePublished\":\"2026-05-01T22:00:22+00:00\",\"description\":\"VENTANA DE ENSAYO CR\u00cdTICO Una novela sobre la imposibilidad de separar justicia y memoria sin empobrecer ambas. Del \u00c1rbol no ofrece una salida limpia, ni una reconciliaci\u00f3n tranquilizadora,\",\"breadcrumb\":{\"@id\":\"https:\\\/\\\/hojassueltas.es\\\/?p=29195#breadcrumb\"},\"inLanguage\":\"es\",\"potentialAction\":[{\"@type\":\"ReadAction\",\"target\":[\"https:\\\/\\\/hojassueltas.es\\\/?p=29195\"]}]},{\"@type\":\"ImageObject\",\"inLanguage\":\"es\",\"@id\":\"https:\\\/\\\/hojassueltas.es\\\/?p=29195#primaryimage\",\"url\":\"https:\\\/\\\/hojassueltas.es\\\/wp-content\\\/uploads\\\/2026\\\/04\\\/Un-millon-de-gotas_H.S.png\",\"contentUrl\":\"https:\\\/\\\/hojassueltas.es\\\/wp-content\\\/uploads\\\/2026\\\/04\\\/Un-millon-de-gotas_H.S.png\",\"width\":1920,\"height\":1280},{\"@type\":\"BreadcrumbList\",\"@id\":\"https:\\\/\\\/hojassueltas.es\\\/?p=29195#breadcrumb\",\"itemListElement\":[{\"@type\":\"ListItem\",\"position\":1,\"name\":\"Portada\",\"item\":\"https:\\\/\\\/hojassueltas.es\\\/\"},{\"@type\":\"ListItem\",\"position\":2,\"name\":\"Un mill\u00f3n de gotas, de V\u00edctor del \u00c1rbol\"}]},{\"@type\":\"WebSite\",\"@id\":\"https:\\\/\\\/hojassueltas.es\\\/#website\",\"url\":\"https:\\\/\\\/hojassueltas.es\\\/\",\"name\":\"HojasSueltas.es\",\"description\":\"GRANADA - Peri\u00f3dico Cultural\",\"publisher\":{\"@id\":\"https:\\\/\\\/hojassueltas.es\\\/#organization\"},\"alternateName\":\"H.S. Periodico Cultural\",\"potentialAction\":[{\"@type\":\"SearchAction\",\"target\":{\"@type\":\"EntryPoint\",\"urlTemplate\":\"https:\\\/\\\/hojassueltas.es\\\/?s={search_term_string}\"},\"query-input\":{\"@type\":\"PropertyValueSpecification\",\"valueRequired\":true,\"valueName\":\"search_term_string\"}}],\"inLanguage\":\"es\"},{\"@type\":\"Organization\",\"@id\":\"https:\\\/\\\/hojassueltas.es\\\/#organization\",\"name\":\"HOJAS SUELTAS - Peri\u00f3dico Cultural\",\"alternateName\":\"HS - HOJAS SUELTAS Peri\u00f3dico Cultural\",\"url\":\"https:\\\/\\\/hojassueltas.es\\\/\",\"logo\":{\"@type\":\"ImageObject\",\"inLanguage\":\"es\",\"@id\":\"https:\\\/\\\/hojassueltas.es\\\/#\\\/schema\\\/logo\\\/image\\\/\",\"url\":\"https:\\\/\\\/hojassueltas.es\\\/wp-content\\\/uploads\\\/2025\\\/08\\\/Icono-HS_2.png\",\"contentUrl\":\"https:\\\/\\\/hojassueltas.es\\\/wp-content\\\/uploads\\\/2025\\\/08\\\/Icono-HS_2.png\",\"width\":500,\"height\":500,\"caption\":\"HOJAS SUELTAS - Peri\u00f3dico Cultural\"},\"image\":{\"@id\":\"https:\\\/\\\/hojassueltas.es\\\/#\\\/schema\\\/logo\\\/image\\\/\"},\"sameAs\":[\"https:\\\/\\\/x.com\\\/HOJASSUELTAS22\"]},{\"@type\":\"Person\",\"@id\":\"https:\\\/\\\/hojassueltas.es\\\/#\\\/schema\\\/person\\\/cc93a1a1f7825a6e1d2c9bddd471a87c\",\"name\":\"Anxo do Rego\",\"image\":{\"@type\":\"ImageObject\",\"inLanguage\":\"es\",\"@id\":\"https:\\\/\\\/hojassueltas.es\\\/wp-content\\\/uploads\\\/2025\\\/02\\\/Anxo-do-Rego_2025-96x96.jpg\",\"url\":\"https:\\\/\\\/hojassueltas.es\\\/wp-content\\\/uploads\\\/2025\\\/02\\\/Anxo-do-Rego_2025-96x96.jpg\",\"contentUrl\":\"https:\\\/\\\/hojassueltas.es\\\/wp-content\\\/uploads\\\/2025\\\/02\\\/Anxo-do-Rego_2025-96x96.jpg\",\"caption\":\"Anxo do Rego\"},\"description\":\"Narrador. Fundador, director y editor de la extinta editorial PG Ediciones. Actualmente asesora y colabora en las editoriales: Editorial Skytale y Aldo Ediciones, del Grupo Editorial Regina Exlibris. Director y redactor del diario cultural Hojas Sueltas. Fundador en 2014 de una de las primeras revistas digitales del g\u00e9nero negro y policial \u00abSolo Novela Negra\u00bb. Participa en numerosas instituciones culturales. Su narrativa se sustenta principalmente en la novela polic\u00edaca con diecis\u00e9is t\u00edtulos del comisario del CNP, Roberto H.C. como protagonista, aunque realiza incursiones en otros g\u00e9neros literarios, tales como la ficci\u00f3n hist\u00f3rica, ciencia ficci\u00f3n, suspense y sentimentales. Mantiene su creatividad literaria con novelas, relatos, art\u00edculos, rese\u00f1as literarias y ensayos.\",\"sameAs\":[\"https:\\\/\\\/anxodorego.com\\\/\",\"https:\\\/\\\/www.facebook.com\\\/anxodoregoescritor\\\/\"],\"url\":\"https:\\\/\\\/hojassueltas.es\\\/?author=18\"}]}<\/script>\n<!-- \/ Yoast SEO plugin. -->","yoast_head_json":{"title":"Un mill\u00f3n de gotas, de V\u00edctor del \u00c1rbol | VENTANA de ENSAYO CR\u00cdTICO | HOJAS SUELTAS Peri\u00f3dico Cultural","description":"VENTANA DE ENSAYO CR\u00cdTICO Una novela sobre la imposibilidad de separar justicia y memoria sin empobrecer ambas. Del \u00c1rbol no ofrece una salida limpia, ni una reconciliaci\u00f3n tranquilizadora,","robots":{"index":"index","follow":"follow","max-snippet":"max-snippet:-1","max-image-preview":"max-image-preview:large","max-video-preview":"max-video-preview:-1"},"canonical":"https:\/\/hojassueltas.es\/?p=29195","og_locale":"es_ES","og_type":"article","og_title":"Un mill\u00f3n de gotas, de V\u00edctor del \u00c1rbol | VENTANA de ENSAYO CR\u00cdTICO | HOJAS SUELTAS Peri\u00f3dico Cultural","og_description":"VENTANA DE ENSAYO CR\u00cdTICO Una novela sobre la imposibilidad de separar justicia y memoria sin empobrecer ambas. Del \u00c1rbol no ofrece una salida limpia, ni una reconciliaci\u00f3n tranquilizadora,","og_url":"https:\/\/hojassueltas.es\/?p=29195","og_site_name":"HOJAS SUELTAS Peri\u00f3dico Cultural","article_author":"https:\/\/www.facebook.com\/anxodoregoescritor\/","article_published_time":"2026-05-01T22:00:22+00:00","og_image":[{"width":1920,"height":1280,"url":"https:\/\/hojassueltas.es\/wp-content\/uploads\/2026\/04\/Un-millon-de-gotas_H.S.png","type":"image\/png"}],"author":"Anxo do Rego","twitter_card":"summary_large_image","twitter_creator":"@HOJASSUELTAS22","twitter_site":"@HOJASSUELTAS22","twitter_misc":{"Escrito por":"Anxo do Rego","Tiempo de lectura":"7 minutos"},"schema":{"@context":"https:\/\/schema.org","@graph":[{"@type":["Article","BlogPosting"],"@id":"https:\/\/hojassueltas.es\/?p=29195#article","isPartOf":{"@id":"https:\/\/hojassueltas.es\/?p=29195"},"author":{"name":"Anxo do Rego","@id":"https:\/\/hojassueltas.es\/#\/schema\/person\/cc93a1a1f7825a6e1d2c9bddd471a87c"},"headline":"Un mill\u00f3n de gotas, de V\u00edctor del \u00c1rbol","datePublished":"2026-05-01T22:00:22+00:00","mainEntityOfPage":{"@id":"https:\/\/hojassueltas.es\/?p=29195"},"wordCount":1460,"commentCount":0,"publisher":{"@id":"https:\/\/hojassueltas.es\/#organization"},"image":{"@id":"https:\/\/hojassueltas.es\/?p=29195#primaryimage"},"thumbnailUrl":"https:\/\/hojassueltas.es\/wp-content\/uploads\/2026\/04\/Un-millon-de-gotas_H.S.png","keywords":["Destino Editorial","memoria y culpa","narrativa contempor\u00e1nea espa\u00f1ola","novela negra espa\u00f1ola","rese\u00f1a literaria","Un mill\u00f3n de gotas","V\u00edctor del \u00c1rbol"],"articleSection":["VENTANA de ENSAYO CR\u00cdTICO"],"inLanguage":"es","potentialAction":[{"@type":"CommentAction","name":"Comment","target":["https:\/\/hojassueltas.es\/?p=29195#respond"]}]},{"@type":"WebPage","@id":"https:\/\/hojassueltas.es\/?p=29195","url":"https:\/\/hojassueltas.es\/?p=29195","name":"Un mill\u00f3n de gotas, de V\u00edctor del \u00c1rbol | VENTANA de ENSAYO CR\u00cdTICO | HOJAS SUELTAS Peri\u00f3dico Cultural","isPartOf":{"@id":"https:\/\/hojassueltas.es\/#website"},"primaryImageOfPage":{"@id":"https:\/\/hojassueltas.es\/?p=29195#primaryimage"},"image":{"@id":"https:\/\/hojassueltas.es\/?p=29195#primaryimage"},"thumbnailUrl":"https:\/\/hojassueltas.es\/wp-content\/uploads\/2026\/04\/Un-millon-de-gotas_H.S.png","datePublished":"2026-05-01T22:00:22+00:00","description":"VENTANA DE ENSAYO CR\u00cdTICO Una novela sobre la imposibilidad de separar justicia y memoria sin empobrecer ambas. Del \u00c1rbol no ofrece una salida limpia, ni una reconciliaci\u00f3n tranquilizadora,","breadcrumb":{"@id":"https:\/\/hojassueltas.es\/?p=29195#breadcrumb"},"inLanguage":"es","potentialAction":[{"@type":"ReadAction","target":["https:\/\/hojassueltas.es\/?p=29195"]}]},{"@type":"ImageObject","inLanguage":"es","@id":"https:\/\/hojassueltas.es\/?p=29195#primaryimage","url":"https:\/\/hojassueltas.es\/wp-content\/uploads\/2026\/04\/Un-millon-de-gotas_H.S.png","contentUrl":"https:\/\/hojassueltas.es\/wp-content\/uploads\/2026\/04\/Un-millon-de-gotas_H.S.png","width":1920,"height":1280},{"@type":"BreadcrumbList","@id":"https:\/\/hojassueltas.es\/?p=29195#breadcrumb","itemListElement":[{"@type":"ListItem","position":1,"name":"Portada","item":"https:\/\/hojassueltas.es\/"},{"@type":"ListItem","position":2,"name":"Un mill\u00f3n de gotas, de V\u00edctor del \u00c1rbol"}]},{"@type":"WebSite","@id":"https:\/\/hojassueltas.es\/#website","url":"https:\/\/hojassueltas.es\/","name":"HojasSueltas.es","description":"GRANADA - Peri\u00f3dico Cultural","publisher":{"@id":"https:\/\/hojassueltas.es\/#organization"},"alternateName":"H.S. Periodico Cultural","potentialAction":[{"@type":"SearchAction","target":{"@type":"EntryPoint","urlTemplate":"https:\/\/hojassueltas.es\/?s={search_term_string}"},"query-input":{"@type":"PropertyValueSpecification","valueRequired":true,"valueName":"search_term_string"}}],"inLanguage":"es"},{"@type":"Organization","@id":"https:\/\/hojassueltas.es\/#organization","name":"HOJAS SUELTAS - Peri\u00f3dico Cultural","alternateName":"HS - HOJAS SUELTAS Peri\u00f3dico Cultural","url":"https:\/\/hojassueltas.es\/","logo":{"@type":"ImageObject","inLanguage":"es","@id":"https:\/\/hojassueltas.es\/#\/schema\/logo\/image\/","url":"https:\/\/hojassueltas.es\/wp-content\/uploads\/2025\/08\/Icono-HS_2.png","contentUrl":"https:\/\/hojassueltas.es\/wp-content\/uploads\/2025\/08\/Icono-HS_2.png","width":500,"height":500,"caption":"HOJAS SUELTAS - Peri\u00f3dico Cultural"},"image":{"@id":"https:\/\/hojassueltas.es\/#\/schema\/logo\/image\/"},"sameAs":["https:\/\/x.com\/HOJASSUELTAS22"]},{"@type":"Person","@id":"https:\/\/hojassueltas.es\/#\/schema\/person\/cc93a1a1f7825a6e1d2c9bddd471a87c","name":"Anxo do Rego","image":{"@type":"ImageObject","inLanguage":"es","@id":"https:\/\/hojassueltas.es\/wp-content\/uploads\/2025\/02\/Anxo-do-Rego_2025-96x96.jpg","url":"https:\/\/hojassueltas.es\/wp-content\/uploads\/2025\/02\/Anxo-do-Rego_2025-96x96.jpg","contentUrl":"https:\/\/hojassueltas.es\/wp-content\/uploads\/2025\/02\/Anxo-do-Rego_2025-96x96.jpg","caption":"Anxo do Rego"},"description":"Narrador. Fundador, director y editor de la extinta editorial PG Ediciones. Actualmente asesora y colabora en las editoriales: Editorial Skytale y Aldo Ediciones, del Grupo Editorial Regina Exlibris. Director y redactor del diario cultural Hojas Sueltas. Fundador en 2014 de una de las primeras revistas digitales del g\u00e9nero negro y policial \u00abSolo Novela Negra\u00bb. Participa en numerosas instituciones culturales. Su narrativa se sustenta principalmente en la novela polic\u00edaca con diecis\u00e9is t\u00edtulos del comisario del CNP, Roberto H.C. como protagonista, aunque realiza incursiones en otros g\u00e9neros literarios, tales como la ficci\u00f3n hist\u00f3rica, ciencia ficci\u00f3n, suspense y sentimentales. Mantiene su creatividad literaria con novelas, relatos, art\u00edculos, rese\u00f1as literarias y ensayos.","sameAs":["https:\/\/anxodorego.com\/","https:\/\/www.facebook.com\/anxodoregoescritor\/"],"url":"https:\/\/hojassueltas.es\/?author=18"}]}},"_links":{"self":[{"href":"https:\/\/hojassueltas.es\/index.php?rest_route=\/wp\/v2\/posts\/29195","targetHints":{"allow":["GET"]}}],"collection":[{"href":"https:\/\/hojassueltas.es\/index.php?rest_route=\/wp\/v2\/posts"}],"about":[{"href":"https:\/\/hojassueltas.es\/index.php?rest_route=\/wp\/v2\/types\/post"}],"author":[{"embeddable":true,"href":"https:\/\/hojassueltas.es\/index.php?rest_route=\/wp\/v2\/users\/18"}],"replies":[{"embeddable":true,"href":"https:\/\/hojassueltas.es\/index.php?rest_route=%2Fwp%2Fv2%2Fcomments&post=29195"}],"version-history":[{"count":1,"href":"https:\/\/hojassueltas.es\/index.php?rest_route=\/wp\/v2\/posts\/29195\/revisions"}],"predecessor-version":[{"id":29197,"href":"https:\/\/hojassueltas.es\/index.php?rest_route=\/wp\/v2\/posts\/29195\/revisions\/29197"}],"wp:featuredmedia":[{"embeddable":true,"href":"https:\/\/hojassueltas.es\/index.php?rest_route=\/wp\/v2\/media\/29196"}],"wp:attachment":[{"href":"https:\/\/hojassueltas.es\/index.php?rest_route=%2Fwp%2Fv2%2Fmedia&parent=29195"}],"wp:term":[{"taxonomy":"category","embeddable":true,"href":"https:\/\/hojassueltas.es\/index.php?rest_route=%2Fwp%2Fv2%2Fcategories&post=29195"},{"taxonomy":"post_tag","embeddable":true,"href":"https:\/\/hojassueltas.es\/index.php?rest_route=%2Fwp%2Fv2%2Ftags&post=29195"}],"curies":[{"name":"wp","href":"https:\/\/api.w.org\/{rel}","templated":true}]}}