{"id":29176,"date":"2026-04-29T00:00:13","date_gmt":"2026-04-28T22:00:13","guid":{"rendered":"https:\/\/hojassueltas.es\/?p=29176"},"modified":"2026-04-28T19:21:33","modified_gmt":"2026-04-28T17:21:33","slug":"a-medianoche-paso-lo-peor","status":"publish","type":"post","link":"https:\/\/hojassueltas.es\/?p=29176","title":{"rendered":"A medianoche pas\u00f3 lo peor"},"content":{"rendered":"<p style=\"text-align: justify;\"><span style=\"font-family: georgia, palatino, serif; font-size: 20px;\">Un ni\u00f1o de cuatro a\u00f1os, travieso y despierto, llamado Luis, ten\u00eda una costumbre muy peculiar: ponerse los zapatos nuevos de paseo de su padre.<\/span><\/p>\n<p style=\"text-align: justify;\"><span style=\"font-family: georgia, palatino, serif; font-size: 20px;\">Una noche fr\u00eda de invierno, mientras la nieve ca\u00eda sobre la solitaria calle, su padre, harto de que los zapatos desaparecieran como por arte de magia del zapatero, tuvo una idea brillante: los colg\u00f3 en la l\u00e1mpara de pie del sal\u00f3n, junto a la ventana.<\/span><\/p>\n<p style=\"text-align: justify;\"><span style=\"font-family: georgia, palatino, serif; font-size: 20px;\">A medianoche, mientras sus padres dorm\u00edan pl\u00e1cidamente, Luis se levant\u00f3 sigilosamente, se acerc\u00f3 a la l\u00e1mpara\u2026 y, una vez m\u00e1s, intent\u00f3 hacerse con los zapatos.<\/span><\/p>\n<p style=\"text-align: justify;\"><span style=\"font-family: georgia, palatino, serif; font-size: 20px;\">De pronto, un ruido estrepitoso despert\u00f3 a don Zacar\u00edas:<\/span><\/p>\n<p style=\"text-align: justify;\"><span style=\"font-family: georgia, palatino, serif; font-size: 20px;\">\u2014\u00bfQu\u00e9 pasa? \u00bfQu\u00e9 es eso? \u00a1No\u2026! \u00a1Un ladr\u00f3n!<\/span><\/p>\n<p style=\"text-align: justify;\"><span style=\"font-family: georgia, palatino, serif; font-size: 20px;\">Armado de valor, sali\u00f3 del dormitorio a oscuras y recorri\u00f3 la casa en busca del intruso.<\/span><\/p>\n<p style=\"text-align: justify;\"><span style=\"font-family: georgia, palatino, serif; font-size: 20px;\">Al pasar frente al sal\u00f3n, se encontr\u00f3 con una escena ins\u00f3lita: su hijo colgando de la l\u00e1mpara, iluminado como si fuera una luz en medio de la noche.<\/span><\/p>\n<p style=\"text-align: justify;\"><span style=\"font-family: georgia, palatino, serif; font-size: 20px;\">Alarmado, y con media sonrisa, exclam\u00f3:<\/span><\/p>\n<p style=\"text-align: justify;\"><span style=\"font-family: georgia, palatino, serif; font-size: 20px;\">\u2014\u00a1Pero, Luisito! \u00bfQu\u00e9 te ha ocurrido? \u00bfC\u00f3mo es posible que\u2026? \u00a1Tranquilo! \u00a1Ya te apago! \u00a1Aguanta un poquito! <\/span><\/p>\n<p style=\"text-align: justify;\"><span style=\"font-family: georgia, palatino, serif; font-size: 20px;\">Intent\u00f3 apagarlo:<\/span><\/p>\n<p style=\"text-align: justify;\"><span style=\"font-family: georgia, palatino, serif; font-size: 20px;\">primero la cabeza\u2026 pero no se apagaba.<\/span><\/p>\n<p style=\"text-align: justify;\"><span style=\"font-family: georgia, palatino, serif; font-size: 20px;\">Luego tir\u00f3 de las orejas\u2026 nada.<\/span><\/p>\n<p style=\"text-align: justify;\"><span style=\"font-family: georgia, palatino, serif; font-size: 20px;\">Le aplast\u00f3 la nariz\u2026 tampoco.<\/span><\/p>\n<p style=\"text-align: justify;\"><span style=\"font-family: georgia, palatino, serif; font-size: 20px;\">Le apret\u00f3 el ombligo\u2026 sin \u00e9xito.<\/span><\/p>\n<p style=\"text-align: justify;\"><span style=\"font-family: georgia, palatino, serif; font-size: 20px;\">Por fin, le quit\u00f3 los zapatos\u2026 y lo consigui\u00f3.<\/span><\/p>\n<p style=\"text-align: justify;\"><span style=\"font-family: georgia, palatino, serif; font-size: 20px;\">\u00a1Se apag\u00f3!<\/span><\/p>\n<p style=\"text-align: justify;\"><span style=\"font-family: georgia, palatino, serif; font-size: 20px;\"><strong>MORALEJA:<\/strong><\/span><\/p>\n<p><span style=\"font-family: georgia, palatino, serif; font-size: 20px;\">A veces, lo que brilla en los ni\u00f1os no es la l\u00e1mpara\u2026 es la insistencia. Y por m\u00e1s que los adultos escondan las cosas, los peque\u00f1os siempre encuentran la forma de encender su propia travesura.<\/span><\/p>\n<p>\u00a9 ANIKA<\/p>\n","protected":false},"excerpt":{"rendered":"<p>Un ni\u00f1o de cuatro a\u00f1os, travieso y despierto, llamado Luis, ten\u00eda una costumbre muy peculiar: ponerse los zapatos nuevos de paseo de su padre. Una noche fr\u00eda de invierno, mientras la nieve ca\u00eda sobre la solitaria calle, su padre, harto de que los zapatos desaparecieran como por arte de magia del zapatero, tuvo una idea [&hellip;]<\/p>\n","protected":false},"author":86,"featured_media":26657,"comment_status":"open","ping_status":"closed","sticky":false,"template":"","format":"standard","meta":{"footnotes":""},"categories":[2766],"tags":[2731],"class_list":{"0":"post-29176","1":"post","2":"type-post","3":"status-publish","4":"format-standard","5":"has-post-thumbnail","7":"category-reflexiones-colaboraciones","8":"tag-anika"},"yoast_head":"<!-- This site is optimized with the Yoast SEO plugin v27.5 - https:\/\/yoast.com\/product\/yoast-seo-wordpress\/ -->\n<title>A medianoche pas\u00f3 lo peor | REFLEXIONES | HOJAS SUELTAS Peri\u00f3dico Cultural<\/title>\n<meta name=\"description\" content=\"REFLEXIONES de Anika\" \/>\n<meta name=\"robots\" content=\"index, follow, max-snippet:-1, max-image-preview:large, max-video-preview:-1\" \/>\n<link rel=\"canonical\" href=\"https:\/\/hojassueltas.es\/?p=29176\" \/>\n<meta property=\"og:locale\" content=\"es_ES\" \/>\n<meta property=\"og:type\" content=\"article\" \/>\n<meta property=\"og:title\" content=\"A medianoche pas\u00f3 lo peor | REFLEXIONES | HOJAS SUELTAS Peri\u00f3dico Cultural\" \/>\n<meta property=\"og:description\" content=\"REFLEXIONES de Anika\" \/>\n<meta property=\"og:url\" content=\"https:\/\/hojassueltas.es\/?p=29176\" \/>\n<meta property=\"og:site_name\" content=\"HOJAS SUELTAS Peri\u00f3dico Cultural\" \/>\n<meta property=\"article:published_time\" content=\"2026-04-28T22:00:13+00:00\" \/>\n<meta property=\"og:image\" content=\"https:\/\/hojassueltas.es\/wp-content\/uploads\/2026\/01\/RELATOS-Y-REFLEXIONES_h.s.1-915x610.png\" \/>\n\t<meta property=\"og:image:width\" content=\"915\" \/>\n\t<meta property=\"og:image:height\" content=\"610\" \/>\n\t<meta property=\"og:image:type\" content=\"image\/png\" \/>\n<meta name=\"author\" content=\"Anika\" \/>\n<meta name=\"twitter:card\" content=\"summary_large_image\" \/>\n<meta name=\"twitter:creator\" content=\"@HOJASSUELTAS22\" \/>\n<meta name=\"twitter:site\" content=\"@HOJASSUELTAS22\" \/>\n<meta name=\"twitter:label1\" content=\"Escrito por\" \/>\n\t<meta name=\"twitter:data1\" content=\"Anika\" \/>\n\t<meta name=\"twitter:label2\" content=\"Tiempo de lectura\" \/>\n\t<meta name=\"twitter:data2\" content=\"2 minutos\" \/>\n<script type=\"application\/ld+json\" class=\"yoast-schema-graph\">{\"@context\":\"https:\\\/\\\/schema.org\",\"@graph\":[{\"@type\":[\"Article\",\"BlogPosting\"],\"@id\":\"https:\\\/\\\/hojassueltas.es\\\/?p=29176#article\",\"isPartOf\":{\"@id\":\"https:\\\/\\\/hojassueltas.es\\\/?p=29176\"},\"author\":{\"name\":\"Anika\",\"@id\":\"https:\\\/\\\/hojassueltas.es\\\/#\\\/schema\\\/person\\\/3ec9e8fe1b129564c070a96580df6ea9\"},\"headline\":\"A medianoche pas\u00f3 lo peor\",\"datePublished\":\"2026-04-28T22:00:13+00:00\",\"mainEntityOfPage\":{\"@id\":\"https:\\\/\\\/hojassueltas.es\\\/?p=29176\"},\"wordCount\":278,\"commentCount\":0,\"publisher\":{\"@id\":\"https:\\\/\\\/hojassueltas.es\\\/#organization\"},\"image\":{\"@id\":\"https:\\\/\\\/hojassueltas.es\\\/?p=29176#primaryimage\"},\"thumbnailUrl\":\"https:\\\/\\\/hojassueltas.es\\\/wp-content\\\/uploads\\\/2026\\\/01\\\/RELATOS-Y-REFLEXIONES_h.s.1.png\",\"keywords\":[\"Anika\"],\"articleSection\":[\"REFLEXIONES\"],\"inLanguage\":\"es\",\"potentialAction\":[{\"@type\":\"CommentAction\",\"name\":\"Comment\",\"target\":[\"https:\\\/\\\/hojassueltas.es\\\/?p=29176#respond\"]}]},{\"@type\":\"WebPage\",\"@id\":\"https:\\\/\\\/hojassueltas.es\\\/?p=29176\",\"url\":\"https:\\\/\\\/hojassueltas.es\\\/?p=29176\",\"name\":\"A medianoche pas\u00f3 lo peor | REFLEXIONES | HOJAS SUELTAS Peri\u00f3dico Cultural\",\"isPartOf\":{\"@id\":\"https:\\\/\\\/hojassueltas.es\\\/#website\"},\"primaryImageOfPage\":{\"@id\":\"https:\\\/\\\/hojassueltas.es\\\/?p=29176#primaryimage\"},\"image\":{\"@id\":\"https:\\\/\\\/hojassueltas.es\\\/?p=29176#primaryimage\"},\"thumbnailUrl\":\"https:\\\/\\\/hojassueltas.es\\\/wp-content\\\/uploads\\\/2026\\\/01\\\/RELATOS-Y-REFLEXIONES_h.s.1.png\",\"datePublished\":\"2026-04-28T22:00:13+00:00\",\"description\":\"REFLEXIONES de Anika\",\"breadcrumb\":{\"@id\":\"https:\\\/\\\/hojassueltas.es\\\/?p=29176#breadcrumb\"},\"inLanguage\":\"es\",\"potentialAction\":[{\"@type\":\"ReadAction\",\"target\":[\"https:\\\/\\\/hojassueltas.es\\\/?p=29176\"]}]},{\"@type\":\"ImageObject\",\"inLanguage\":\"es\",\"@id\":\"https:\\\/\\\/hojassueltas.es\\\/?p=29176#primaryimage\",\"url\":\"https:\\\/\\\/hojassueltas.es\\\/wp-content\\\/uploads\\\/2026\\\/01\\\/RELATOS-Y-REFLEXIONES_h.s.1.png\",\"contentUrl\":\"https:\\\/\\\/hojassueltas.es\\\/wp-content\\\/uploads\\\/2026\\\/01\\\/RELATOS-Y-REFLEXIONES_h.s.1.png\",\"width\":1920,\"height\":1280},{\"@type\":\"BreadcrumbList\",\"@id\":\"https:\\\/\\\/hojassueltas.es\\\/?p=29176#breadcrumb\",\"itemListElement\":[{\"@type\":\"ListItem\",\"position\":1,\"name\":\"Portada\",\"item\":\"https:\\\/\\\/hojassueltas.es\\\/\"},{\"@type\":\"ListItem\",\"position\":2,\"name\":\"A medianoche pas\u00f3 lo peor\"}]},{\"@type\":\"WebSite\",\"@id\":\"https:\\\/\\\/hojassueltas.es\\\/#website\",\"url\":\"https:\\\/\\\/hojassueltas.es\\\/\",\"name\":\"HojasSueltas.es\",\"description\":\"GRANADA - Peri\u00f3dico Cultural\",\"publisher\":{\"@id\":\"https:\\\/\\\/hojassueltas.es\\\/#organization\"},\"alternateName\":\"H.S. Periodico Cultural\",\"potentialAction\":[{\"@type\":\"SearchAction\",\"target\":{\"@type\":\"EntryPoint\",\"urlTemplate\":\"https:\\\/\\\/hojassueltas.es\\\/?s={search_term_string}\"},\"query-input\":{\"@type\":\"PropertyValueSpecification\",\"valueRequired\":true,\"valueName\":\"search_term_string\"}}],\"inLanguage\":\"es\"},{\"@type\":\"Organization\",\"@id\":\"https:\\\/\\\/hojassueltas.es\\\/#organization\",\"name\":\"HOJAS SUELTAS - Peri\u00f3dico Cultural\",\"alternateName\":\"HS - HOJAS SUELTAS Peri\u00f3dico Cultural\",\"url\":\"https:\\\/\\\/hojassueltas.es\\\/\",\"logo\":{\"@type\":\"ImageObject\",\"inLanguage\":\"es\",\"@id\":\"https:\\\/\\\/hojassueltas.es\\\/#\\\/schema\\\/logo\\\/image\\\/\",\"url\":\"https:\\\/\\\/hojassueltas.es\\\/wp-content\\\/uploads\\\/2025\\\/08\\\/Icono-HS_2.png\",\"contentUrl\":\"https:\\\/\\\/hojassueltas.es\\\/wp-content\\\/uploads\\\/2025\\\/08\\\/Icono-HS_2.png\",\"width\":500,\"height\":500,\"caption\":\"HOJAS SUELTAS - Peri\u00f3dico Cultural\"},\"image\":{\"@id\":\"https:\\\/\\\/hojassueltas.es\\\/#\\\/schema\\\/logo\\\/image\\\/\"},\"sameAs\":[\"https:\\\/\\\/x.com\\\/HOJASSUELTAS22\"]},{\"@type\":\"Person\",\"@id\":\"https:\\\/\\\/hojassueltas.es\\\/#\\\/schema\\\/person\\\/3ec9e8fe1b129564c070a96580df6ea9\",\"name\":\"Anika\",\"image\":{\"@type\":\"ImageObject\",\"inLanguage\":\"es\",\"@id\":\"https:\\\/\\\/hojassueltas.es\\\/wp-content\\\/uploads\\\/2025\\\/04\\\/Ana-Cachinego_2-periodico-96x96.jpg\",\"url\":\"https:\\\/\\\/hojassueltas.es\\\/wp-content\\\/uploads\\\/2025\\\/04\\\/Ana-Cachinego_2-periodico-96x96.jpg\",\"contentUrl\":\"https:\\\/\\\/hojassueltas.es\\\/wp-content\\\/uploads\\\/2025\\\/04\\\/Ana-Cachinego_2-periodico-96x96.jpg\",\"caption\":\"Anika\"},\"description\":\"Anika, escritora invidente, naci\u00f3 en And\u00fajar (Ja\u00e9n) el 16 de febrero de 1962. Hija de un militar y de una ama de casa dedicada a sus labores. Es la mayor de dos hermanas. Curs\u00f3 estudios primarios, la antigua EGB, bachillerato y carrera universitaria, diplom\u00e1ndose en Magisterio en la especialidad de humanidades. Ana, una autora incansable en el oficio de escribir, inici\u00f3 sus primeros pasos en la lectura de tebeos, cuentos y libros de grandes escritores hasta que un d\u00eda, animada y tras descubrir su pasi\u00f3n por la escritura, cae en sus manos un importante material literario para iniciarse en el arte de escribir. En 2002 public\u00f3 su primer libro de relatos infantiles-juveniles titulado \u201cLas aventuras de Carol\u201d, sigui\u00f3 otra publicaci\u00f3n en 2017 con la obra \u201cAventuras salvajes\u201d, con buena acogida en los medios de comunicaci\u00f3n, y dos obras m\u00e1s en 2021 en formato digital, \u201cEn los ojos de un ni\u00f1o\u201d y \\\"Rous Rose\u201d. Y en 2023, un libro de poes\u00edas titulado \\\"A trav\u00e9s de mi espacio\\\".\",\"url\":\"https:\\\/\\\/hojassueltas.es\\\/?author=86\"}]}<\/script>\n<!-- \/ Yoast SEO plugin. -->","yoast_head_json":{"title":"A medianoche pas\u00f3 lo peor | REFLEXIONES | HOJAS SUELTAS Peri\u00f3dico Cultural","description":"REFLEXIONES de Anika","robots":{"index":"index","follow":"follow","max-snippet":"max-snippet:-1","max-image-preview":"max-image-preview:large","max-video-preview":"max-video-preview:-1"},"canonical":"https:\/\/hojassueltas.es\/?p=29176","og_locale":"es_ES","og_type":"article","og_title":"A medianoche pas\u00f3 lo peor | REFLEXIONES | HOJAS SUELTAS Peri\u00f3dico Cultural","og_description":"REFLEXIONES de Anika","og_url":"https:\/\/hojassueltas.es\/?p=29176","og_site_name":"HOJAS SUELTAS Peri\u00f3dico Cultural","article_published_time":"2026-04-28T22:00:13+00:00","og_image":[{"width":915,"height":610,"url":"https:\/\/hojassueltas.es\/wp-content\/uploads\/2026\/01\/RELATOS-Y-REFLEXIONES_h.s.1-915x610.png","type":"image\/png"}],"author":"Anika","twitter_card":"summary_large_image","twitter_creator":"@HOJASSUELTAS22","twitter_site":"@HOJASSUELTAS22","twitter_misc":{"Escrito por":"Anika","Tiempo de lectura":"2 minutos"},"schema":{"@context":"https:\/\/schema.org","@graph":[{"@type":["Article","BlogPosting"],"@id":"https:\/\/hojassueltas.es\/?p=29176#article","isPartOf":{"@id":"https:\/\/hojassueltas.es\/?p=29176"},"author":{"name":"Anika","@id":"https:\/\/hojassueltas.es\/#\/schema\/person\/3ec9e8fe1b129564c070a96580df6ea9"},"headline":"A medianoche pas\u00f3 lo peor","datePublished":"2026-04-28T22:00:13+00:00","mainEntityOfPage":{"@id":"https:\/\/hojassueltas.es\/?p=29176"},"wordCount":278,"commentCount":0,"publisher":{"@id":"https:\/\/hojassueltas.es\/#organization"},"image":{"@id":"https:\/\/hojassueltas.es\/?p=29176#primaryimage"},"thumbnailUrl":"https:\/\/hojassueltas.es\/wp-content\/uploads\/2026\/01\/RELATOS-Y-REFLEXIONES_h.s.1.png","keywords":["Anika"],"articleSection":["REFLEXIONES"],"inLanguage":"es","potentialAction":[{"@type":"CommentAction","name":"Comment","target":["https:\/\/hojassueltas.es\/?p=29176#respond"]}]},{"@type":"WebPage","@id":"https:\/\/hojassueltas.es\/?p=29176","url":"https:\/\/hojassueltas.es\/?p=29176","name":"A medianoche pas\u00f3 lo peor | REFLEXIONES | HOJAS SUELTAS Peri\u00f3dico Cultural","isPartOf":{"@id":"https:\/\/hojassueltas.es\/#website"},"primaryImageOfPage":{"@id":"https:\/\/hojassueltas.es\/?p=29176#primaryimage"},"image":{"@id":"https:\/\/hojassueltas.es\/?p=29176#primaryimage"},"thumbnailUrl":"https:\/\/hojassueltas.es\/wp-content\/uploads\/2026\/01\/RELATOS-Y-REFLEXIONES_h.s.1.png","datePublished":"2026-04-28T22:00:13+00:00","description":"REFLEXIONES de Anika","breadcrumb":{"@id":"https:\/\/hojassueltas.es\/?p=29176#breadcrumb"},"inLanguage":"es","potentialAction":[{"@type":"ReadAction","target":["https:\/\/hojassueltas.es\/?p=29176"]}]},{"@type":"ImageObject","inLanguage":"es","@id":"https:\/\/hojassueltas.es\/?p=29176#primaryimage","url":"https:\/\/hojassueltas.es\/wp-content\/uploads\/2026\/01\/RELATOS-Y-REFLEXIONES_h.s.1.png","contentUrl":"https:\/\/hojassueltas.es\/wp-content\/uploads\/2026\/01\/RELATOS-Y-REFLEXIONES_h.s.1.png","width":1920,"height":1280},{"@type":"BreadcrumbList","@id":"https:\/\/hojassueltas.es\/?p=29176#breadcrumb","itemListElement":[{"@type":"ListItem","position":1,"name":"Portada","item":"https:\/\/hojassueltas.es\/"},{"@type":"ListItem","position":2,"name":"A medianoche pas\u00f3 lo peor"}]},{"@type":"WebSite","@id":"https:\/\/hojassueltas.es\/#website","url":"https:\/\/hojassueltas.es\/","name":"HojasSueltas.es","description":"GRANADA - Peri\u00f3dico Cultural","publisher":{"@id":"https:\/\/hojassueltas.es\/#organization"},"alternateName":"H.S. Periodico Cultural","potentialAction":[{"@type":"SearchAction","target":{"@type":"EntryPoint","urlTemplate":"https:\/\/hojassueltas.es\/?s={search_term_string}"},"query-input":{"@type":"PropertyValueSpecification","valueRequired":true,"valueName":"search_term_string"}}],"inLanguage":"es"},{"@type":"Organization","@id":"https:\/\/hojassueltas.es\/#organization","name":"HOJAS SUELTAS - Peri\u00f3dico Cultural","alternateName":"HS - HOJAS SUELTAS Peri\u00f3dico Cultural","url":"https:\/\/hojassueltas.es\/","logo":{"@type":"ImageObject","inLanguage":"es","@id":"https:\/\/hojassueltas.es\/#\/schema\/logo\/image\/","url":"https:\/\/hojassueltas.es\/wp-content\/uploads\/2025\/08\/Icono-HS_2.png","contentUrl":"https:\/\/hojassueltas.es\/wp-content\/uploads\/2025\/08\/Icono-HS_2.png","width":500,"height":500,"caption":"HOJAS SUELTAS - Peri\u00f3dico Cultural"},"image":{"@id":"https:\/\/hojassueltas.es\/#\/schema\/logo\/image\/"},"sameAs":["https:\/\/x.com\/HOJASSUELTAS22"]},{"@type":"Person","@id":"https:\/\/hojassueltas.es\/#\/schema\/person\/3ec9e8fe1b129564c070a96580df6ea9","name":"Anika","image":{"@type":"ImageObject","inLanguage":"es","@id":"https:\/\/hojassueltas.es\/wp-content\/uploads\/2025\/04\/Ana-Cachinego_2-periodico-96x96.jpg","url":"https:\/\/hojassueltas.es\/wp-content\/uploads\/2025\/04\/Ana-Cachinego_2-periodico-96x96.jpg","contentUrl":"https:\/\/hojassueltas.es\/wp-content\/uploads\/2025\/04\/Ana-Cachinego_2-periodico-96x96.jpg","caption":"Anika"},"description":"Anika, escritora invidente, naci\u00f3 en And\u00fajar (Ja\u00e9n) el 16 de febrero de 1962. Hija de un militar y de una ama de casa dedicada a sus labores. Es la mayor de dos hermanas. Curs\u00f3 estudios primarios, la antigua EGB, bachillerato y carrera universitaria, diplom\u00e1ndose en Magisterio en la especialidad de humanidades. Ana, una autora incansable en el oficio de escribir, inici\u00f3 sus primeros pasos en la lectura de tebeos, cuentos y libros de grandes escritores hasta que un d\u00eda, animada y tras descubrir su pasi\u00f3n por la escritura, cae en sus manos un importante material literario para iniciarse en el arte de escribir. En 2002 public\u00f3 su primer libro de relatos infantiles-juveniles titulado \u201cLas aventuras de Carol\u201d, sigui\u00f3 otra publicaci\u00f3n en 2017 con la obra \u201cAventuras salvajes\u201d, con buena acogida en los medios de comunicaci\u00f3n, y dos obras m\u00e1s en 2021 en formato digital, \u201cEn los ojos de un ni\u00f1o\u201d y \"Rous Rose\u201d. Y en 2023, un libro de poes\u00edas titulado \"A trav\u00e9s de mi espacio\".","url":"https:\/\/hojassueltas.es\/?author=86"}]}},"_links":{"self":[{"href":"https:\/\/hojassueltas.es\/index.php?rest_route=\/wp\/v2\/posts\/29176","targetHints":{"allow":["GET"]}}],"collection":[{"href":"https:\/\/hojassueltas.es\/index.php?rest_route=\/wp\/v2\/posts"}],"about":[{"href":"https:\/\/hojassueltas.es\/index.php?rest_route=\/wp\/v2\/types\/post"}],"author":[{"embeddable":true,"href":"https:\/\/hojassueltas.es\/index.php?rest_route=\/wp\/v2\/users\/86"}],"replies":[{"embeddable":true,"href":"https:\/\/hojassueltas.es\/index.php?rest_route=%2Fwp%2Fv2%2Fcomments&post=29176"}],"version-history":[{"count":1,"href":"https:\/\/hojassueltas.es\/index.php?rest_route=\/wp\/v2\/posts\/29176\/revisions"}],"predecessor-version":[{"id":29177,"href":"https:\/\/hojassueltas.es\/index.php?rest_route=\/wp\/v2\/posts\/29176\/revisions\/29177"}],"wp:featuredmedia":[{"embeddable":true,"href":"https:\/\/hojassueltas.es\/index.php?rest_route=\/wp\/v2\/media\/26657"}],"wp:attachment":[{"href":"https:\/\/hojassueltas.es\/index.php?rest_route=%2Fwp%2Fv2%2Fmedia&parent=29176"}],"wp:term":[{"taxonomy":"category","embeddable":true,"href":"https:\/\/hojassueltas.es\/index.php?rest_route=%2Fwp%2Fv2%2Fcategories&post=29176"},{"taxonomy":"post_tag","embeddable":true,"href":"https:\/\/hojassueltas.es\/index.php?rest_route=%2Fwp%2Fv2%2Ftags&post=29176"}],"curies":[{"name":"wp","href":"https:\/\/api.w.org\/{rel}","templated":true}]}}