{"id":29167,"date":"2026-04-29T00:00:38","date_gmt":"2026-04-28T22:00:38","guid":{"rendered":"https:\/\/hojassueltas.es\/?p=29167"},"modified":"2026-04-28T15:54:24","modified_gmt":"2026-04-28T13:54:24","slug":"los-bravos-de-jesus-fernandez-santos","status":"publish","type":"post","link":"https:\/\/hojassueltas.es\/?p=29167","title":{"rendered":"Los bravos, de Jes\u00fas Fern\u00e1ndez Santos"},"content":{"rendered":"<p align=\"justify\"><span style=\"font-family: georgia, palatino, serif; font-size: 20px;\"><em>Hay novelas que no regresan porque hayan envejecido bien, sino porque nunca terminaron de ser le\u00eddas en toda su incomodidad. Los bravos, primera novela de Jes\u00fas Fern\u00e1ndez Santos, pertenece a esa clase de libros. Publicada en 1954, en plena posguerra, se ha citado a menudo como una de las obras precursoras del realismo social espa\u00f1ol. La etiqueta es \u00fatil, pero tambi\u00e9n puede reducirla. Porque lo que Fern\u00e1ndez Santos hace aqu\u00ed no es \u00fanicamente retratar una situaci\u00f3n de miseria rural, ni levantar acta de una Espa\u00f1a atrasada y sometida. Su verdadero acierto consiste en mostrar c\u00f3mo una comunidad entera puede quedar atrapada en una forma de obediencia que ya casi no necesita explicarse.<\/em><\/span><\/p>\n<p align=\"justify\"><span style=\"font-size: 20px; font-family: georgia, palatino, serif;\">La novela se sit\u00faa en una aldea de la monta\u00f1a leonesa a finales de los a\u00f1os cuarenta. El lugar aparece marcado por la pobreza, el aislamiento y una sensaci\u00f3n de vida suspendida. La llegada de dos forasteros, un m\u00e9dico y un viajante, altera levemente ese orden cerrado. No se trata de una irrupci\u00f3n espectacular, sino de una presencia que permite mirar el pueblo desde otro \u00e1ngulo. A trav\u00e9s de ellos, y de una amplia galer\u00eda de personajes, el lector va descubriendo la dependencia de los vecinos respecto a un cacique viejo y enfermo, cuya autoridad no se sostiene solo en la fuerza, sino tambi\u00e9n en la costumbre, el miedo y la falta de alternativas.<\/span><\/p>\n<p align=\"justify\"><span style=\"font-size: 20px; font-family: georgia, palatino, serif;\">El argumento, contado as\u00ed, parece sencillo. Un pueblo, dos reci\u00e9n llegados, una red de sumisiones. Pero la fuerza de <em>Los bravos<\/em> est\u00e1 en su manera de avanzar sin convertir la denuncia en consigna. Fern\u00e1ndez Santos no organiza la novela alrededor de un h\u00e9roe ni de una peripecia dominante. Prefiere una estructura coral, fragmentaria, casi cinematogr\u00e1fica, donde las escenas se suceden como planos de un territorio moral. El protagonismo recae en la aldea: en sus rutinas, en sus silencios, en sus peque\u00f1as tensiones, en esa mezcla de resignaci\u00f3n y vigilancia que define la vida colectiva.<\/span><\/p>\n<p align=\"justify\"><span style=\"font-size: 20px; font-family: georgia, palatino, serif;\">La voz narrativa mantiene una distancia precisa. No parece juzgar desde fuera ni compadecer desde arriba. Observa, selecciona, deja hablar a los gestos. Esa contenci\u00f3n es esencial. El narrador no necesita explicar continuamente la injusticia porque la injusticia est\u00e1 incrustada en la disposici\u00f3n misma de las relaciones. Se percibe en qui\u00e9n manda, en qui\u00e9n espera, en qui\u00e9n calla, en qui\u00e9n calcula cada palabra antes de pronunciarla. La novela conf\u00eda en la inteligencia del lector y evita convertir a sus personajes en simples representantes de una tesis.<\/span><\/p>\n<p align=\"justify\"><span style=\"font-size: 20px; font-family: georgia, palatino, serif;\">Tambi\u00e9n el lenguaje participa de esa \u00e9tica de la sobriedad. La prosa de Fern\u00e1ndez Santos es seca, directa, sin adornos innecesarios. Esa aparente sencillez no debe confundirse con pobreza estil\u00edstica. Al contrario: la econom\u00eda verbal permite que cada escena conserve una tensi\u00f3n soterrada. Hay una voluntad de depuraci\u00f3n que aproxima la novela al cine y al reportaje literario, pero sin renunciar a una densidad propiamente novelesca. Lo importante no es describir mucho, sino hacer visible lo justo: una calle, una conversaci\u00f3n, un cuerpo enfermo, una espera, una amenaza apenas formulada.<\/span><\/p>\n<p align=\"justify\"><span style=\"font-size: 20px; font-family: georgia, palatino, serif;\">En el panorama de la narrativa espa\u00f1ola de los a\u00f1os cincuenta, <em>Los bravos<\/em> dialoga con la voluntad de salir del ensimismamiento existencial de la d\u00e9cada anterior y mirar de frente las condiciones materiales de la vida espa\u00f1ola. Sin embargo, su realismo no se limita a reproducir un ambiente. La novela entiende que la pobreza no es solo escasez econ\u00f3mica: es tambi\u00e9n reducci\u00f3n del horizonte, estrechamiento de la imaginaci\u00f3n, deterioro de la confianza. En ese sentido, su lectura \u00e9tica sigue siendo poderosa. No pregunta \u00fanicamente qui\u00e9n oprime, sino c\u00f3mo una comunidad aprende a vivir dentro de la opresi\u00f3n.<\/span><\/p>\n<p align=\"justify\"><span style=\"font-size: 20px; font-family: georgia, palatino, serif;\">El cacique viejo y enfermo resulta, por eso, una figura especialmente significativa. Su decadencia f\u00edsica no implica el final de su poder. Al contrario, permite ver hasta qu\u00e9 punto ese poder se ha independizado del cuerpo que lo encarna. La autoridad persiste porque se ha vuelto estructura, h\u00e1bito, reflejo. Los vecinos no obedecen solo a un hombre; obedecen a un orden que ha organizado sus vidas durante demasiado tiempo. Ah\u00ed se encuentra una de las lecturas m\u00e1s f\u00e9rtiles de la novela: <em>Los bravos<\/em> muestra el poder cuando ya no necesita exhibirse para ser obedecido.<\/span><\/p>\n<p align=\"justify\"><span style=\"font-size: 20px; font-family: georgia, palatino, serif;\">Le\u00edda hoy, la obra permite revisar tambi\u00e9n ciertos relatos sobre el mundo rural espa\u00f1ol. No hay aqu\u00ed nostalgia ni idealizaci\u00f3n. La aldea no aparece como refugio moral frente a la ciudad, sino como espacio de abandono hist\u00f3rico, precariedad y dependencia. Fern\u00e1ndez Santos no embellece la dureza ni la convierte en postal. Su mirada es m\u00e1s inc\u00f3moda porque se resiste a simplificar: hay v\u00edctimas, s\u00ed, pero tambi\u00e9n inercias compartidas; hay injusticia, pero tambi\u00e9n cansancio; hay deseo de cambio, pero no siempre energ\u00eda suficiente para sostenerlo.<\/span><\/p>\n<h2 class=\"western\" align=\"justify\"><span style=\"font-size: 20px; font-family: georgia, palatino, serif;\">Motivo del rescate<\/span><\/h2>\n<p align=\"justify\"><span style=\"font-size: 20px; font-family: georgia, palatino, serif;\"><em>Los bravos<\/em> merece volver a circular porque ayuda a leer el realismo espa\u00f1ol sin reducirlo a documento social.Su aportaci\u00f3n t\u00e9cnica est\u00e1 en la estructura coral, en el montaje de escenas y en una prosa que hace de la sobriedad una forma de conocimiento.<br \/>\nSu valor \u00e9tico reside en mostrar la dominaci\u00f3n sin convertirla en proclama ni a los personajes en s\u00edmbolos planos.Su importancia hist\u00f3rica est\u00e1 en fijar una posguerra rural marcada por el caciquismo, el miedo y la intemperie material.<br \/>\nAl desaparecer parcialmente del radar, se perdi\u00f3 una pieza clave para entender la transici\u00f3n hacia el realismo social de los cincuenta.Tambi\u00e9n qued\u00f3 oscurecida una manera de narrar donde el pueblo entero ocupa el lugar del protagonista.<br \/>\nEl lector contempor\u00e1neo puede encontrar aqu\u00ed una reflexi\u00f3n sobre la obediencia, la pobreza y la persistencia de poderes aparentemente agotados.<br \/>\nNo es una novela complaciente: su vigencia nace precisamente de su aspereza.<\/span><\/p>\n<p align=\"justify\"><span style=\"font-size: 20px; font-family: georgia, palatino, serif;\">La hip\u00f3tesis de lectura queda abierta: quiz\u00e1 <em>Los bravos<\/em> no trate solo de una aldea sometida, sino de una comunidad que ha confundido supervivencia con renuncia. Releerla hoy permite preguntarse cu\u00e1nto tiempo permanece activo un poder cuando quienes lo padecen han aprendido a anticipar sus \u00f3rdenes. En esa zona incierta, entre miedo y costumbre, la novela sigue respirando.<\/span><\/p>\n<p align=\"justify\">PUNTO Y SEGUIDO . Susana Di\u00e9guez<\/p>\n","protected":false},"excerpt":{"rendered":"<p>Hay novelas que no regresan porque hayan envejecido bien, sino porque nunca terminaron de ser le\u00eddas en toda su incomodidad. Los bravos, primera novela de Jes\u00fas Fern\u00e1ndez Santos, pertenece a esa clase de libros. Publicada en 1954, en plena posguerra, se ha citado a menudo como una de las obras precursoras del realismo social espa\u00f1ol. [&hellip;]<\/p>\n","protected":false},"author":96,"featured_media":29168,"comment_status":"open","ping_status":"closed","sticky":false,"template":"","format":"standard","meta":{"footnotes":""},"categories":[2604],"tags":[3342,3343,3341,3259,3037,3344],"class_list":{"0":"post-29167","1":"post","2":"type-post","3":"status-publish","4":"format-standard","5":"has-post-thumbnail","7":"category-titulos-rescatados","8":"tag-jesus-fernandez-santos","10":"tag-narrativa-espanola","11":"tag-posguerra","12":"tag-realismo-social","13":"tag-titulos-rescatados"},"yoast_head":"<!-- This site is optimized with the Yoast SEO plugin v27.5 - https:\/\/yoast.com\/product\/yoast-seo-wordpress\/ -->\n<title>Los bravos, de Jes\u00fas Fern\u00e1ndez Santos | T\u00cdTULOS RESCATADOS | HOJAS SUELTAS Peri\u00f3dico Cultural<\/title>\n<meta name=\"description\" content=\"TITULOS RESCATADOS =\" \/>\n<meta name=\"robots\" content=\"index, follow, max-snippet:-1, max-image-preview:large, max-video-preview:-1\" \/>\n<link rel=\"canonical\" href=\"https:\/\/hojassueltas.es\/?p=29167\" \/>\n<meta property=\"og:locale\" content=\"es_ES\" \/>\n<meta property=\"og:type\" content=\"article\" \/>\n<meta property=\"og:title\" content=\"Los bravos, de Jes\u00fas Fern\u00e1ndez Santos | T\u00cdTULOS RESCATADOS | HOJAS SUELTAS Peri\u00f3dico Cultural\" \/>\n<meta property=\"og:description\" content=\"TITULOS RESCATADOS =\" \/>\n<meta property=\"og:url\" content=\"https:\/\/hojassueltas.es\/?p=29167\" \/>\n<meta property=\"og:site_name\" content=\"HOJAS SUELTAS Peri\u00f3dico Cultural\" \/>\n<meta property=\"article:published_time\" content=\"2026-04-28T22:00:38+00:00\" \/>\n<meta property=\"og:image\" content=\"https:\/\/hojassueltas.es\/wp-content\/uploads\/2026\/04\/Los-Bravos_-H.S.png\" \/>\n\t<meta property=\"og:image:width\" content=\"1536\" \/>\n\t<meta property=\"og:image:height\" content=\"1024\" \/>\n\t<meta property=\"og:image:type\" content=\"image\/png\" \/>\n<meta name=\"author\" content=\"Punto y Seguido - Susana Di\u00e9guez\" \/>\n<meta name=\"twitter:card\" content=\"summary_large_image\" \/>\n<meta name=\"twitter:creator\" content=\"@HOJASSUELTAS22\" \/>\n<meta name=\"twitter:site\" content=\"@HOJASSUELTAS22\" \/>\n<meta name=\"twitter:label1\" content=\"Escrito por\" \/>\n\t<meta name=\"twitter:data1\" content=\"Punto y Seguido - Susana Di\u00e9guez\" \/>\n\t<meta name=\"twitter:label2\" content=\"Tiempo de lectura\" \/>\n\t<meta name=\"twitter:data2\" content=\"5 minutos\" \/>\n<script type=\"application\/ld+json\" class=\"yoast-schema-graph\">{\"@context\":\"https:\\\/\\\/schema.org\",\"@graph\":[{\"@type\":[\"Article\",\"BlogPosting\"],\"@id\":\"https:\\\/\\\/hojassueltas.es\\\/?p=29167#article\",\"isPartOf\":{\"@id\":\"https:\\\/\\\/hojassueltas.es\\\/?p=29167\"},\"author\":{\"name\":\"Punto y Seguido - Susana Di\u00e9guez\",\"@id\":\"https:\\\/\\\/hojassueltas.es\\\/#\\\/schema\\\/person\\\/0cc721d1681d3b691885d6bdbe2ad009\"},\"headline\":\"Los bravos, de Jes\u00fas Fern\u00e1ndez Santos\",\"datePublished\":\"2026-04-28T22:00:38+00:00\",\"mainEntityOfPage\":{\"@id\":\"https:\\\/\\\/hojassueltas.es\\\/?p=29167\"},\"wordCount\":1073,\"commentCount\":0,\"publisher\":{\"@id\":\"https:\\\/\\\/hojassueltas.es\\\/#organization\"},\"image\":{\"@id\":\"https:\\\/\\\/hojassueltas.es\\\/?p=29167#primaryimage\"},\"thumbnailUrl\":\"https:\\\/\\\/hojassueltas.es\\\/wp-content\\\/uploads\\\/2026\\\/04\\\/Los-Bravos_-H.S.png\",\"keywords\":[\"Jes\u00fas Fern\u00e1ndez Santos\",\"mundo rural\",\"narrativa espa\u00f1ola\",\"posguerra\",\"realismo social\",\"t\u00edtulos rescatados\"],\"articleSection\":[\"T\u00cdTULOS RESCATADOS\"],\"inLanguage\":\"es\",\"potentialAction\":[{\"@type\":\"CommentAction\",\"name\":\"Comment\",\"target\":[\"https:\\\/\\\/hojassueltas.es\\\/?p=29167#respond\"]}]},{\"@type\":\"WebPage\",\"@id\":\"https:\\\/\\\/hojassueltas.es\\\/?p=29167\",\"url\":\"https:\\\/\\\/hojassueltas.es\\\/?p=29167\",\"name\":\"Los bravos, de Jes\u00fas Fern\u00e1ndez Santos | T\u00cdTULOS RESCATADOS | HOJAS SUELTAS Peri\u00f3dico Cultural\",\"isPartOf\":{\"@id\":\"https:\\\/\\\/hojassueltas.es\\\/#website\"},\"primaryImageOfPage\":{\"@id\":\"https:\\\/\\\/hojassueltas.es\\\/?p=29167#primaryimage\"},\"image\":{\"@id\":\"https:\\\/\\\/hojassueltas.es\\\/?p=29167#primaryimage\"},\"thumbnailUrl\":\"https:\\\/\\\/hojassueltas.es\\\/wp-content\\\/uploads\\\/2026\\\/04\\\/Los-Bravos_-H.S.png\",\"datePublished\":\"2026-04-28T22:00:38+00:00\",\"description\":\"TITULOS RESCATADOS =\",\"breadcrumb\":{\"@id\":\"https:\\\/\\\/hojassueltas.es\\\/?p=29167#breadcrumb\"},\"inLanguage\":\"es\",\"potentialAction\":[{\"@type\":\"ReadAction\",\"target\":[\"https:\\\/\\\/hojassueltas.es\\\/?p=29167\"]}]},{\"@type\":\"ImageObject\",\"inLanguage\":\"es\",\"@id\":\"https:\\\/\\\/hojassueltas.es\\\/?p=29167#primaryimage\",\"url\":\"https:\\\/\\\/hojassueltas.es\\\/wp-content\\\/uploads\\\/2026\\\/04\\\/Los-Bravos_-H.S.png\",\"contentUrl\":\"https:\\\/\\\/hojassueltas.es\\\/wp-content\\\/uploads\\\/2026\\\/04\\\/Los-Bravos_-H.S.png\",\"width\":1536,\"height\":1024},{\"@type\":\"BreadcrumbList\",\"@id\":\"https:\\\/\\\/hojassueltas.es\\\/?p=29167#breadcrumb\",\"itemListElement\":[{\"@type\":\"ListItem\",\"position\":1,\"name\":\"Portada\",\"item\":\"https:\\\/\\\/hojassueltas.es\\\/\"},{\"@type\":\"ListItem\",\"position\":2,\"name\":\"Los bravos, de Jes\u00fas Fern\u00e1ndez Santos\"}]},{\"@type\":\"WebSite\",\"@id\":\"https:\\\/\\\/hojassueltas.es\\\/#website\",\"url\":\"https:\\\/\\\/hojassueltas.es\\\/\",\"name\":\"HojasSueltas.es\",\"description\":\"GRANADA - Peri\u00f3dico Cultural\",\"publisher\":{\"@id\":\"https:\\\/\\\/hojassueltas.es\\\/#organization\"},\"alternateName\":\"H.S. Periodico Cultural\",\"potentialAction\":[{\"@type\":\"SearchAction\",\"target\":{\"@type\":\"EntryPoint\",\"urlTemplate\":\"https:\\\/\\\/hojassueltas.es\\\/?s={search_term_string}\"},\"query-input\":{\"@type\":\"PropertyValueSpecification\",\"valueRequired\":true,\"valueName\":\"search_term_string\"}}],\"inLanguage\":\"es\"},{\"@type\":\"Organization\",\"@id\":\"https:\\\/\\\/hojassueltas.es\\\/#organization\",\"name\":\"HOJAS SUELTAS - Peri\u00f3dico Cultural\",\"alternateName\":\"HS - HOJAS SUELTAS Peri\u00f3dico Cultural\",\"url\":\"https:\\\/\\\/hojassueltas.es\\\/\",\"logo\":{\"@type\":\"ImageObject\",\"inLanguage\":\"es\",\"@id\":\"https:\\\/\\\/hojassueltas.es\\\/#\\\/schema\\\/logo\\\/image\\\/\",\"url\":\"https:\\\/\\\/hojassueltas.es\\\/wp-content\\\/uploads\\\/2025\\\/08\\\/Icono-HS_2.png\",\"contentUrl\":\"https:\\\/\\\/hojassueltas.es\\\/wp-content\\\/uploads\\\/2025\\\/08\\\/Icono-HS_2.png\",\"width\":500,\"height\":500,\"caption\":\"HOJAS SUELTAS - Peri\u00f3dico Cultural\"},\"image\":{\"@id\":\"https:\\\/\\\/hojassueltas.es\\\/#\\\/schema\\\/logo\\\/image\\\/\"},\"sameAs\":[\"https:\\\/\\\/x.com\\\/HOJASSUELTAS22\"]},{\"@type\":\"Person\",\"@id\":\"https:\\\/\\\/hojassueltas.es\\\/#\\\/schema\\\/person\\\/0cc721d1681d3b691885d6bdbe2ad009\",\"name\":\"Punto y Seguido - Susana Di\u00e9guez\",\"image\":{\"@type\":\"ImageObject\",\"inLanguage\":\"es\",\"@id\":\"https:\\\/\\\/hojassueltas.es\\\/wp-content\\\/uploads\\\/2026\\\/02\\\/Retrato-familiar-en-casa-de-Susana-96x96.png\",\"url\":\"https:\\\/\\\/hojassueltas.es\\\/wp-content\\\/uploads\\\/2026\\\/02\\\/Retrato-familiar-en-casa-de-Susana-96x96.png\",\"contentUrl\":\"https:\\\/\\\/hojassueltas.es\\\/wp-content\\\/uploads\\\/2026\\\/02\\\/Retrato-familiar-en-casa-de-Susana-96x96.png\",\"caption\":\"Punto y Seguido - Susana Di\u00e9guez\"},\"url\":\"https:\\\/\\\/hojassueltas.es\\\/?author=96\"}]}<\/script>\n<!-- \/ Yoast SEO plugin. -->","yoast_head_json":{"title":"Los bravos, de Jes\u00fas Fern\u00e1ndez Santos | T\u00cdTULOS RESCATADOS | HOJAS SUELTAS Peri\u00f3dico Cultural","description":"TITULOS RESCATADOS =","robots":{"index":"index","follow":"follow","max-snippet":"max-snippet:-1","max-image-preview":"max-image-preview:large","max-video-preview":"max-video-preview:-1"},"canonical":"https:\/\/hojassueltas.es\/?p=29167","og_locale":"es_ES","og_type":"article","og_title":"Los bravos, de Jes\u00fas Fern\u00e1ndez Santos | T\u00cdTULOS RESCATADOS | HOJAS SUELTAS Peri\u00f3dico Cultural","og_description":"TITULOS RESCATADOS =","og_url":"https:\/\/hojassueltas.es\/?p=29167","og_site_name":"HOJAS SUELTAS Peri\u00f3dico Cultural","article_published_time":"2026-04-28T22:00:38+00:00","og_image":[{"width":1536,"height":1024,"url":"https:\/\/hojassueltas.es\/wp-content\/uploads\/2026\/04\/Los-Bravos_-H.S.png","type":"image\/png"}],"author":"Punto y Seguido - Susana Di\u00e9guez","twitter_card":"summary_large_image","twitter_creator":"@HOJASSUELTAS22","twitter_site":"@HOJASSUELTAS22","twitter_misc":{"Escrito por":"Punto y Seguido - Susana Di\u00e9guez","Tiempo de lectura":"5 minutos"},"schema":{"@context":"https:\/\/schema.org","@graph":[{"@type":["Article","BlogPosting"],"@id":"https:\/\/hojassueltas.es\/?p=29167#article","isPartOf":{"@id":"https:\/\/hojassueltas.es\/?p=29167"},"author":{"name":"Punto y Seguido - Susana Di\u00e9guez","@id":"https:\/\/hojassueltas.es\/#\/schema\/person\/0cc721d1681d3b691885d6bdbe2ad009"},"headline":"Los bravos, de Jes\u00fas Fern\u00e1ndez Santos","datePublished":"2026-04-28T22:00:38+00:00","mainEntityOfPage":{"@id":"https:\/\/hojassueltas.es\/?p=29167"},"wordCount":1073,"commentCount":0,"publisher":{"@id":"https:\/\/hojassueltas.es\/#organization"},"image":{"@id":"https:\/\/hojassueltas.es\/?p=29167#primaryimage"},"thumbnailUrl":"https:\/\/hojassueltas.es\/wp-content\/uploads\/2026\/04\/Los-Bravos_-H.S.png","keywords":["Jes\u00fas Fern\u00e1ndez Santos","mundo rural","narrativa espa\u00f1ola","posguerra","realismo social","t\u00edtulos rescatados"],"articleSection":["T\u00cdTULOS RESCATADOS"],"inLanguage":"es","potentialAction":[{"@type":"CommentAction","name":"Comment","target":["https:\/\/hojassueltas.es\/?p=29167#respond"]}]},{"@type":"WebPage","@id":"https:\/\/hojassueltas.es\/?p=29167","url":"https:\/\/hojassueltas.es\/?p=29167","name":"Los bravos, de Jes\u00fas Fern\u00e1ndez Santos | T\u00cdTULOS RESCATADOS | HOJAS SUELTAS Peri\u00f3dico Cultural","isPartOf":{"@id":"https:\/\/hojassueltas.es\/#website"},"primaryImageOfPage":{"@id":"https:\/\/hojassueltas.es\/?p=29167#primaryimage"},"image":{"@id":"https:\/\/hojassueltas.es\/?p=29167#primaryimage"},"thumbnailUrl":"https:\/\/hojassueltas.es\/wp-content\/uploads\/2026\/04\/Los-Bravos_-H.S.png","datePublished":"2026-04-28T22:00:38+00:00","description":"TITULOS RESCATADOS =","breadcrumb":{"@id":"https:\/\/hojassueltas.es\/?p=29167#breadcrumb"},"inLanguage":"es","potentialAction":[{"@type":"ReadAction","target":["https:\/\/hojassueltas.es\/?p=29167"]}]},{"@type":"ImageObject","inLanguage":"es","@id":"https:\/\/hojassueltas.es\/?p=29167#primaryimage","url":"https:\/\/hojassueltas.es\/wp-content\/uploads\/2026\/04\/Los-Bravos_-H.S.png","contentUrl":"https:\/\/hojassueltas.es\/wp-content\/uploads\/2026\/04\/Los-Bravos_-H.S.png","width":1536,"height":1024},{"@type":"BreadcrumbList","@id":"https:\/\/hojassueltas.es\/?p=29167#breadcrumb","itemListElement":[{"@type":"ListItem","position":1,"name":"Portada","item":"https:\/\/hojassueltas.es\/"},{"@type":"ListItem","position":2,"name":"Los bravos, de Jes\u00fas Fern\u00e1ndez Santos"}]},{"@type":"WebSite","@id":"https:\/\/hojassueltas.es\/#website","url":"https:\/\/hojassueltas.es\/","name":"HojasSueltas.es","description":"GRANADA - Peri\u00f3dico Cultural","publisher":{"@id":"https:\/\/hojassueltas.es\/#organization"},"alternateName":"H.S. Periodico Cultural","potentialAction":[{"@type":"SearchAction","target":{"@type":"EntryPoint","urlTemplate":"https:\/\/hojassueltas.es\/?s={search_term_string}"},"query-input":{"@type":"PropertyValueSpecification","valueRequired":true,"valueName":"search_term_string"}}],"inLanguage":"es"},{"@type":"Organization","@id":"https:\/\/hojassueltas.es\/#organization","name":"HOJAS SUELTAS - Peri\u00f3dico Cultural","alternateName":"HS - HOJAS SUELTAS Peri\u00f3dico Cultural","url":"https:\/\/hojassueltas.es\/","logo":{"@type":"ImageObject","inLanguage":"es","@id":"https:\/\/hojassueltas.es\/#\/schema\/logo\/image\/","url":"https:\/\/hojassueltas.es\/wp-content\/uploads\/2025\/08\/Icono-HS_2.png","contentUrl":"https:\/\/hojassueltas.es\/wp-content\/uploads\/2025\/08\/Icono-HS_2.png","width":500,"height":500,"caption":"HOJAS SUELTAS - Peri\u00f3dico Cultural"},"image":{"@id":"https:\/\/hojassueltas.es\/#\/schema\/logo\/image\/"},"sameAs":["https:\/\/x.com\/HOJASSUELTAS22"]},{"@type":"Person","@id":"https:\/\/hojassueltas.es\/#\/schema\/person\/0cc721d1681d3b691885d6bdbe2ad009","name":"Punto y Seguido - Susana Di\u00e9guez","image":{"@type":"ImageObject","inLanguage":"es","@id":"https:\/\/hojassueltas.es\/wp-content\/uploads\/2026\/02\/Retrato-familiar-en-casa-de-Susana-96x96.png","url":"https:\/\/hojassueltas.es\/wp-content\/uploads\/2026\/02\/Retrato-familiar-en-casa-de-Susana-96x96.png","contentUrl":"https:\/\/hojassueltas.es\/wp-content\/uploads\/2026\/02\/Retrato-familiar-en-casa-de-Susana-96x96.png","caption":"Punto y Seguido - Susana Di\u00e9guez"},"url":"https:\/\/hojassueltas.es\/?author=96"}]}},"_links":{"self":[{"href":"https:\/\/hojassueltas.es\/index.php?rest_route=\/wp\/v2\/posts\/29167","targetHints":{"allow":["GET"]}}],"collection":[{"href":"https:\/\/hojassueltas.es\/index.php?rest_route=\/wp\/v2\/posts"}],"about":[{"href":"https:\/\/hojassueltas.es\/index.php?rest_route=\/wp\/v2\/types\/post"}],"author":[{"embeddable":true,"href":"https:\/\/hojassueltas.es\/index.php?rest_route=\/wp\/v2\/users\/96"}],"replies":[{"embeddable":true,"href":"https:\/\/hojassueltas.es\/index.php?rest_route=%2Fwp%2Fv2%2Fcomments&post=29167"}],"version-history":[{"count":1,"href":"https:\/\/hojassueltas.es\/index.php?rest_route=\/wp\/v2\/posts\/29167\/revisions"}],"predecessor-version":[{"id":29169,"href":"https:\/\/hojassueltas.es\/index.php?rest_route=\/wp\/v2\/posts\/29167\/revisions\/29169"}],"wp:featuredmedia":[{"embeddable":true,"href":"https:\/\/hojassueltas.es\/index.php?rest_route=\/wp\/v2\/media\/29168"}],"wp:attachment":[{"href":"https:\/\/hojassueltas.es\/index.php?rest_route=%2Fwp%2Fv2%2Fmedia&parent=29167"}],"wp:term":[{"taxonomy":"category","embeddable":true,"href":"https:\/\/hojassueltas.es\/index.php?rest_route=%2Fwp%2Fv2%2Fcategories&post=29167"},{"taxonomy":"post_tag","embeddable":true,"href":"https:\/\/hojassueltas.es\/index.php?rest_route=%2Fwp%2Fv2%2Ftags&post=29167"}],"curies":[{"name":"wp","href":"https:\/\/api.w.org\/{rel}","templated":true}]}}